{"id":22885,"date":"2020-02-12T14:27:01","date_gmt":"2020-02-12T13:27:01","guid":{"rendered":"http:\/\/dorogimedence.hu\/?p=22885"},"modified":"2020-02-12T14:27:12","modified_gmt":"2020-02-12T13:27:12","slug":"ilyen-lesz-a-tour-de-hongrie-utvonala","status":"publish","type":"post","link":"https:\/\/dorogimedence.hu\/index.php\/2020\/02\/12\/ilyen-lesz-a-tour-de-hongrie-utvonala\/","title":{"rendered":"Ilyen lesz a Tour De Hongrie \u00fatvonala"},"content":{"rendered":"<p><strong>Debrecenb\u0151l indul \u00e9s Esztergomban fejez\u0151dik be id\u00e9n a Tour de Hongrie orsz\u00e1g\u00fati ker\u00e9kp\u00e1ros k\u00f6rverseny.<\/strong><\/p>\n<p>Az \u00fatvonal szerdai bemutat\u00f3j\u00e1n kider\u00fclt, a c\u00edvisv\u00e1rosb\u00f3l indul\u00f3 174 kilom\u00e9teres els\u0151 etap Hajd\u00faszoboszl\u00f3n \u00e9r v\u00e9get. Ezt a 182 kilom\u00e9teres Karcag-Ny\u00edregyh\u00e1za \u00e9s a 171 kilom\u00e9teres S\u00e1rospatak-Kazincbarcika szakasz k\u00f6veti, majd k\u00f6vetkezik a kir\u00e1lyetap, amelyen a Miskolcr\u00f3l rajtol\u00f3 mez\u0151ny 178 kilom\u00e9tert megt\u00e9ve a K\u00e9kestet\u0151n \u00e9r c\u00e9lba. A z\u00e1r\u00f3szakasz Esztergomb\u00f3l indul, majd 156 kilom\u00e9ter ut\u00e1n ott is z\u00e1rul \u00fagy, hogy a mez\u0151ny n\u00e9gy k\u00f6rt tesz meg, amely mag\u00e1ban foglalja a dobog\u00f3k\u0151i emelked\u0151t.<\/p>\n<p>Szab\u00f3 T\u00fcnde sport\u00e9rt felel\u0151s \u00e1llamtitk\u00e1r kifejtette, a versenyen minden \u00e9vben egyre er\u0151sebb mez\u0151ny indul, \u00edgy sz\u00ednvonal\u00e1ban egyre jobban megk\u00f6zel\u00edti a vil\u00e1g nagy k\u00f6rversenyeit. &#8222;M\u00e1ra olyan esem\u00e9nny\u00e9 v\u00e1lt, amely \u00e9vr\u0151l \u00e9vre szintet l\u00e9p, ismerts\u00e9ge kin\u00f6vi a r\u00e9gi\u00f3nkat is, ez\u00fattal m\u00e1r a vil\u00e1g legnagyobb ker\u00e9kp\u00e1ros esem\u00e9nyeinek meghat\u00e1roz\u00f3 szerepl\u0151i m\u00e9retik meg magukat a Tour de Hongrie-n&#8221; &#8211; mondta Szab\u00f3 T\u00fcnde, aki kiemelte, a Giro d&#8217;Italia rajtja \u00e9s a Tour de Hongrie is remek lehet\u0151s\u00e9g &#8222;csod\u00e1latos orsz\u00e1gunk \u00e9s v\u00e1rosaink bemutat\u00e1s\u00e1ra&#8221;.<\/p>\n<p>Az \u00e1llamtitk\u00e1r kijelentette, a korm\u00e1ny a sporton bel\u00fcl is kiemelt figyelmet ford\u00edt a ker\u00e9kp\u00e1rsportra, amely kiv\u00e1l\u00f3 lehet\u0151s\u00e9g a sport n\u00e9pszer\u0171s\u00edt\u00e9s\u00e9re \u00e9s az akt\u00edv \u00e9letm\u00f3d, a mindennapos mozg\u00e1s fontoss\u00e1g\u00e1nak hangs\u00falyoz\u00e1s\u00e1ra. &#8222;Kor\u00e1bban egyetlen World Tour-csapat sem indult el Magyarorsz\u00e1gon ker\u00e9kp\u00e1rversenyen, \u00e1m megt\u00f6rt\u00e9nt a lehetetlen: vil\u00e1gszt\u00e1rok \u00e9rkeznek az idei esztend\u0151ben&#8221; &#8211; fogalmazott R\u00e9v\u00e9sz M\u00e1riusz. Az akt\u00edv Magyarorsz\u00e1g\u00e9rt felel\u0151s korm\u00e1nybiztos szerint elk\u00e9peszt\u0151 verseny v\u00e1rhat\u00f3.<\/p>\n<p>R\u00e9v\u00e9sz arr\u00f3l sz\u00e1molt be, hogy 11 olyan csapat lesz, amely az olasz \u00e9s a magyar k\u00f6rversenyen is r\u00e9szt vesz. Hozz\u00e1tette, ut\u00f3bbin nyolc-nyolc World Tour- \u00e9s prokontinent\u00e1lis ist\u00e1ll\u00f3 lesz a mez\u0151nyben. &#8222;R\u00f3zsasz\u00ednben l\u00e1tom a magyar ker\u00e9kp\u00e1rsport j\u00f6v\u0151j\u00e9t&#8221; &#8211; fogalmazott R\u00e9v\u00e9sz M\u00e1riusz, aki azt is hangs\u00falyozta, hogy nemcsak erre az \u00e9vre, hanem j\u00f6v\u0151re is ilyen szinten szeretn\u00e9k megszervezni a viadalt, illetve az is c\u00e9l, hogy n\u00e9h\u00e1ny \u00e9ven bel\u00fcl el\u0151bb kontinent\u00e1lis, majd prokontinent\u00e1lis csapat legyen Magyarorsz\u00e1gon.<\/p>\n<p>A m\u00e1jus 13. \u00e9s 17. k\u00f6z\u00f6tt sorra ker\u00fcl\u0151 magyar k\u00f6rversenyen \u00f6sszesen 861 kilom\u00e9ter lek\u00fczd\u00e9se v\u00e1r a mez\u0151nyre, amely minden eddigin\u00e9l er\u0151sebb lesz. Ennek egyik oka, hogy a Tour de Hongrie k\u00e9t nappal azt k\u00f6vet\u0151en rajtol, hogy Magyarorsz\u00e1gon rendezik m\u00e1jus 9. \u00e9s 11. k\u00f6z\u00f6tt a Giro d&#8217;Italia els\u0151 h\u00e1rom szakasz\u00e1t, \u00edgy az am\u00fagy is Magyarorsz\u00e1gon tart\u00f3zkod\u00f3 World Tour-csapatok sz\u00edvesen neveztek a magyar k\u00f6rversenyre is.<\/p>\n<p>Tavaly n\u00e9gy prokontinent\u00e1lis ist\u00e1ll\u00f3 vett r\u00e9szt a viadalon, id\u00e9n ebb\u0151l a kateg\u00f3ri\u00e1b\u00f3l eddig m\u00e1r \u00f6t csapat jelezte indul\u00e1si sz\u00e1nd\u00e9k\u00e1t, ak\u00e1rcsak az \u00e9lvonalat jelent\u0151 World Tourb\u00f3l. A sport\u00e1g cs\u00facskateg\u00f3ri\u00e1j\u00e1b\u00f3l m\u00e1r biztosan ott lesz a mez\u0151nyben az Asztana, a Trek-Segafredo, a Mitchelton-Scott, a Jumbo-Visma \u00e9s a CCC. Ut\u00f3bbinak Valter Attila szem\u00e9ly\u00e9ben magyar kerekese is van, de v\u00e1rhat\u00f3an \u0151 a Gir\u00f3n jut sz\u00f3hoz.<\/p>\n<p>Princzinger P\u00e9ter, a Magyar Ker\u00e9kp\u00e1ros Sz\u00f6vets\u00e9g (MKSZ) eln\u00f6ke elmondta, Magyarorsz\u00e1gon \u00e9vi 150 ker\u00e9kp\u00e1rversenyt rendeznek, k\u00f6z\u00fcl\u00fck a koronagy\u00e9m\u00e1nt a Tour de Hongrie, amely a legfontosabb \u00e9s legnagyobb hazai viadal. &#8222;A magyar k\u00f6rversenyt m\u00e1r csak a legnagyobb viadalok m\u00e9rc\u00e9j\u00e9vel tudjuk m\u00e9rni, \u00e9s meg is felel ennek. Vil\u00e1gszt\u00e1rokat vonultat fel, \u00e9s olyan szakmai sz\u00ednvonalat k\u00e9pvisel, amelyre joggal lehet\u00fcnk b\u00fcszk\u00e9k&#8221; &#8211; fogalmazott a sportvezet\u0151, aki kit\u00e9rt arra is, hogy mostanra m\u00e1r t\u00f6bb szak\u00e1gban felkapaszkodtak a magyar ker\u00e9kp\u00e1rosok a vil\u00e1g \u00e9lvonal\u00e1hoz.<\/p>\n<p>Eisenkrammer K\u00e1roly, a Tour de Hongrie f\u0151szervez\u0151je el\u00e1rulta, a mez\u0151ny er\u0151ss\u00e9ge magasra teszi a l\u00e9cet, kiemelt c\u00e9l a World Tour-csapatok kiszolg\u00e1l\u00e1sa, illetve a nagy \u00e9rdekl\u0151d\u00e9s miatt az eredetileg tervezett h\u00faszr\u00f3l huszonegyre emelt\u00e9k az egy\u00fcttesek sz\u00e1m\u00e1t.<\/p>\n<p>Sz\u00e9kely D\u00e1vid, az M4 Sport csatornaigazgat\u00f3ja arr\u00f3l besz\u00e9lt, hogy a k\u00f6zm\u00e9dia m\u00e1r harmadik \u00e9vben sug\u00e1rozza a magyar k\u00f6rversenyt, a telev\u00edzi\u00f3s k\u00f6zvet\u00edt\u00e9sen pedig k\u00f6zel sz\u00e1zan dolgoznak. Mint mondta, az \u00e9l\u0151 k\u00f6zvet\u00edt\u00e9ssel \u00e9s az \u00f6sszefoglal\u00f3kkal t\u00f6bb mint sz\u00e1z orsz\u00e1gba biztosan eljut a Tour de Hongrie.<\/p>\n<p><strong>A 2020-as Tour de Hongrie programja:<\/strong><br \/>\n1. szakasz, m\u00e1jus 13., szerda: Debrecen-Hajd\u00faszoboszl\u00f3, 174 km<br \/>\n2. szakasz, m\u00e1jus 14., cs\u00fct\u00f6rt\u00f6k: Karcag-Ny\u00edregyh\u00e1za, 182 km<br \/>\n3. szakasz, m\u00e1jus 15., p\u00e9ntek: S\u00e1rospatak-Kazincbarcika, 171 km<br \/>\n4. szakasz, m\u00e1jus 16., szombat: Miskolc-Gy\u00f6ngy\u00f6s-K\u00e9kestet\u0151, 178 km<br \/>\n5. szakasz, m\u00e1jus 17., vas\u00e1rnap: Esztergom-Esztergom, 156<\/p>\n<p><strong>Az \u00fatvonal r\u00e9szletes bemutat\u00f3ja <a href=\"https:\/\/dorogimedence.hu\/feltolt\/tdh-sajtoanyag.pdf\" target=\"_blank\" rel=\"noopener noreferrer\"><span style=\"text-decoration: underline; color: #0000ff;\">ide kattintva<\/span><\/a> t\u00f6lthet\u0151 le!<\/strong><\/p>\n<p><em>Forr\u00e1s: MTI<\/em><\/p>\n","protected":false},"excerpt":{"rendered":"<p>Debrecenb\u0151l indul \u00e9s Esztergomban fejez\u0151dik be id\u00e9n a Tour de Hongrie orsz\u00e1g\u00fati ker\u00e9kp\u00e1ros k\u00f6rverseny. Az \u00fatvonal szerdai bemutat\u00f3j\u00e1n kider\u00fclt, a c\u00edvisv\u00e1rosb\u00f3l indul\u00f3 174 kilom\u00e9teres els\u0151 etap Hajd\u00faszoboszl\u00f3n \u00e9r v\u00e9get. Ezt a 182 kilom\u00e9teres Karcag-Ny\u00edregyh\u00e1za \u00e9s a 171 kilom\u00e9teres S\u00e1rospatak-Kazincbarcika szakasz k\u00f6veti, majd k\u00f6vetkezik a kir\u00e1lyetap, amelyen a Miskolcr\u00f3l rajtol\u00f3 mez\u0151ny 178 kilom\u00e9tert megt\u00e9ve a K\u00e9kestet\u0151n<\/p>\n","protected":false},"author":1,"featured_media":22886,"comment_status":"closed","ping_status":"closed","sticky":false,"template":"","format":"standard","meta":{"ngg_post_thumbnail":0,"footnotes":""},"categories":[38,3,5],"tags":[42,134,1182,16,4714],"class_list":{"0":"post-22885","1":"post","2":"type-post","3":"status-publish","4":"format-standard","5":"has-post-thumbnail","7":"category-esztergom","8":"category-hirek","9":"category-sport","10":"tag-esztergom","11":"tag-kerekpar","12":"tag-kerekparozas","13":"tag-sport","14":"tag-tour-de-hongire"},"yoast_head":"<!-- This site is optimized with the Yoast SEO plugin v27.4 - https:\/\/yoast.com\/product\/yoast-seo-wordpress\/ -->\n<title>Ilyen lesz a Tour De Hongrie \u00fatvonala<\/title>\n<meta name=\"robots\" content=\"index, follow, max-snippet:-1, max-image-preview:large, max-video-preview:-1\" \/>\n<link rel=\"canonical\" href=\"https:\/\/dorogimedence.hu\/index.php\/2020\/02\/12\/ilyen-lesz-a-tour-de-hongrie-utvonala\/\" class=\"yoast-seo-meta-tag\" \/>\n<meta property=\"og:locale\" content=\"hu_HU\" class=\"yoast-seo-meta-tag\" \/>\n<meta property=\"og:type\" content=\"article\" class=\"yoast-seo-meta-tag\" \/>\n<meta property=\"og:title\" content=\"Ilyen lesz a Tour De Hongrie \u00fatvonala\" class=\"yoast-seo-meta-tag\" \/>\n<meta property=\"og:description\" content=\"Debrecenb\u0151l indul \u00e9s Esztergomban fejez\u0151dik be id\u00e9n a Tour de Hongrie orsz\u00e1g\u00fati ker\u00e9kp\u00e1ros k\u00f6rverseny. Az \u00fatvonal szerdai bemutat\u00f3j\u00e1n kider\u00fclt, a c\u00edvisv\u00e1rosb\u00f3l indul\u00f3 174 kilom\u00e9teres els\u0151 etap Hajd\u00faszoboszl\u00f3n \u00e9r v\u00e9get. Ezt a 182 kilom\u00e9teres Karcag-Ny\u00edregyh\u00e1za \u00e9s a 171 kilom\u00e9teres S\u00e1rospatak-Kazincbarcika szakasz k\u00f6veti, majd k\u00f6vetkezik a kir\u00e1lyetap, amelyen a Miskolcr\u00f3l rajtol\u00f3 mez\u0151ny 178 kilom\u00e9tert megt\u00e9ve a K\u00e9kestet\u0151n\" class=\"yoast-seo-meta-tag\" \/>\n<meta property=\"og:url\" content=\"https:\/\/dorogimedence.hu\/index.php\/2020\/02\/12\/ilyen-lesz-a-tour-de-hongrie-utvonala\/\" class=\"yoast-seo-meta-tag\" \/>\n<meta property=\"og:site_name\" content=\"Dorogi-medence Region\u00e1lis H\u00edrport\u00e1l\" class=\"yoast-seo-meta-tag\" \/>\n<meta property=\"article:publisher\" content=\"https:\/\/www.facebook.com\/dorogimedence\/\" class=\"yoast-seo-meta-tag\" \/>\n<meta property=\"article:published_time\" content=\"2020-02-12T13:27:01+00:00\" class=\"yoast-seo-meta-tag\" \/>\n<meta property=\"article:modified_time\" content=\"2020-02-12T13:27:12+00:00\" class=\"yoast-seo-meta-tag\" \/>\n<meta property=\"og:image\" content=\"https:\/\/i0.wp.com\/dorogimedence.hu\/wp-content\/uploads\/2020\/02\/tour-de-hongire.jpg?fit=670%2C365&ssl=1\" class=\"yoast-seo-meta-tag\" \/>\n\t<meta property=\"og:image:width\" content=\"670\" class=\"yoast-seo-meta-tag\" \/>\n\t<meta property=\"og:image:height\" content=\"365\" class=\"yoast-seo-meta-tag\" \/>\n\t<meta property=\"og:image:type\" content=\"image\/jpeg\" class=\"yoast-seo-meta-tag\" \/>\n<meta name=\"author\" content=\"dorogimedence.hu\" class=\"yoast-seo-meta-tag\" \/>\n<meta name=\"twitter:card\" content=\"summary_large_image\" class=\"yoast-seo-meta-tag\" \/>\n<meta name=\"twitter:label1\" content=\"Szerz\u0151:\" class=\"yoast-seo-meta-tag\" \/>\n\t<meta name=\"twitter:data1\" content=\"dorogimedence.hu\" class=\"yoast-seo-meta-tag\" \/>\n\t<meta name=\"twitter:label2\" content=\"Becs\u00fclt olvas\u00e1si id\u0151\" class=\"yoast-seo-meta-tag\" \/>\n\t<meta name=\"twitter:data2\" content=\"5 perc\" class=\"yoast-seo-meta-tag\" \/>\n<script type=\"application\/ld+json\" class=\"yoast-schema-graph\">{\"@context\":\"https:\\\/\\\/schema.org\",\"@graph\":[{\"@type\":\"Article\",\"@id\":\"https:\\\/\\\/dorogimedence.hu\\\/index.php\\\/2020\\\/02\\\/12\\\/ilyen-lesz-a-tour-de-hongrie-utvonala\\\/#article\",\"isPartOf\":{\"@id\":\"https:\\\/\\\/dorogimedence.hu\\\/index.php\\\/2020\\\/02\\\/12\\\/ilyen-lesz-a-tour-de-hongrie-utvonala\\\/\"},\"author\":{\"name\":\"dorogimedence.hu\",\"@id\":\"https:\\\/\\\/dorogimedence.hu\\\/#\\\/schema\\\/person\\\/ce6091eeb7e95ecdc87890d6aa8e0fd4\"},\"headline\":\"Ilyen lesz a Tour De Hongrie \u00fatvonala\",\"datePublished\":\"2020-02-12T13:27:01+00:00\",\"dateModified\":\"2020-02-12T13:27:12+00:00\",\"mainEntityOfPage\":{\"@id\":\"https:\\\/\\\/dorogimedence.hu\\\/index.php\\\/2020\\\/02\\\/12\\\/ilyen-lesz-a-tour-de-hongrie-utvonala\\\/\"},\"wordCount\":919,\"publisher\":{\"@id\":\"https:\\\/\\\/dorogimedence.hu\\\/#organization\"},\"image\":{\"@id\":\"https:\\\/\\\/dorogimedence.hu\\\/index.php\\\/2020\\\/02\\\/12\\\/ilyen-lesz-a-tour-de-hongrie-utvonala\\\/#primaryimage\"},\"thumbnailUrl\":\"https:\\\/\\\/dorogimedence.hu\\\/wp-content\\\/uploads\\\/2020\\\/02\\\/tour-de-hongire.jpg\",\"keywords\":[\"esztergom\",\"ker\u00e9kp\u00e1r\",\"ker\u00e9kp\u00e1roz\u00e1s\",\"sport\",\"Tour De Hongire\"],\"articleSection\":[\"Esztergom\",\"H\u00edrek\",\"Sport\"],\"inLanguage\":\"hu\"},{\"@type\":\"WebPage\",\"@id\":\"https:\\\/\\\/dorogimedence.hu\\\/index.php\\\/2020\\\/02\\\/12\\\/ilyen-lesz-a-tour-de-hongrie-utvonala\\\/\",\"url\":\"https:\\\/\\\/dorogimedence.hu\\\/index.php\\\/2020\\\/02\\\/12\\\/ilyen-lesz-a-tour-de-hongrie-utvonala\\\/\",\"name\":\"Ilyen lesz a Tour De Hongrie \u00fatvonala\",\"isPartOf\":{\"@id\":\"https:\\\/\\\/dorogimedence.hu\\\/#website\"},\"primaryImageOfPage\":{\"@id\":\"https:\\\/\\\/dorogimedence.hu\\\/index.php\\\/2020\\\/02\\\/12\\\/ilyen-lesz-a-tour-de-hongrie-utvonala\\\/#primaryimage\"},\"image\":{\"@id\":\"https:\\\/\\\/dorogimedence.hu\\\/index.php\\\/2020\\\/02\\\/12\\\/ilyen-lesz-a-tour-de-hongrie-utvonala\\\/#primaryimage\"},\"thumbnailUrl\":\"https:\\\/\\\/dorogimedence.hu\\\/wp-content\\\/uploads\\\/2020\\\/02\\\/tour-de-hongire.jpg\",\"datePublished\":\"2020-02-12T13:27:01+00:00\",\"dateModified\":\"2020-02-12T13:27:12+00:00\",\"breadcrumb\":{\"@id\":\"https:\\\/\\\/dorogimedence.hu\\\/index.php\\\/2020\\\/02\\\/12\\\/ilyen-lesz-a-tour-de-hongrie-utvonala\\\/#breadcrumb\"},\"inLanguage\":\"hu\",\"potentialAction\":[{\"@type\":\"ReadAction\",\"target\":[\"https:\\\/\\\/dorogimedence.hu\\\/index.php\\\/2020\\\/02\\\/12\\\/ilyen-lesz-a-tour-de-hongrie-utvonala\\\/\"]}]},{\"@type\":\"ImageObject\",\"inLanguage\":\"hu\",\"@id\":\"https:\\\/\\\/dorogimedence.hu\\\/index.php\\\/2020\\\/02\\\/12\\\/ilyen-lesz-a-tour-de-hongrie-utvonala\\\/#primaryimage\",\"url\":\"https:\\\/\\\/dorogimedence.hu\\\/wp-content\\\/uploads\\\/2020\\\/02\\\/tour-de-hongire.jpg\",\"contentUrl\":\"https:\\\/\\\/dorogimedence.hu\\\/wp-content\\\/uploads\\\/2020\\\/02\\\/tour-de-hongire.jpg\",\"width\":670,\"height\":365},{\"@type\":\"BreadcrumbList\",\"@id\":\"https:\\\/\\\/dorogimedence.hu\\\/index.php\\\/2020\\\/02\\\/12\\\/ilyen-lesz-a-tour-de-hongrie-utvonala\\\/#breadcrumb\",\"itemListElement\":[{\"@type\":\"ListItem\",\"position\":1,\"name\":\"Kezd\u0151lap\",\"item\":\"https:\\\/\\\/dorogimedence.hu\\\/\"},{\"@type\":\"ListItem\",\"position\":2,\"name\":\"Ilyen lesz a Tour De Hongrie \u00fatvonala\"}]},{\"@type\":\"WebSite\",\"@id\":\"https:\\\/\\\/dorogimedence.hu\\\/#website\",\"url\":\"https:\\\/\\\/dorogimedence.hu\\\/\",\"name\":\"Dorogi-medence Region\u00e1lis H\u00edrport\u00e1l\",\"description\":\"Dorog, Keszt\u00f6lc, Le\u00e1nyv\u00e1r, Piliscs\u00e9v, Tokod, Tokodalt\u00e1r\u00f3, Csolnok, Esztergom-kertv\u00e1ros: h\u00edrek, programok\",\"publisher\":{\"@id\":\"https:\\\/\\\/dorogimedence.hu\\\/#organization\"},\"potentialAction\":[{\"@type\":\"SearchAction\",\"target\":{\"@type\":\"EntryPoint\",\"urlTemplate\":\"https:\\\/\\\/dorogimedence.hu\\\/?s={search_term_string}\"},\"query-input\":{\"@type\":\"PropertyValueSpecification\",\"valueRequired\":true,\"valueName\":\"search_term_string\"}}],\"inLanguage\":\"hu\"},{\"@type\":\"Organization\",\"@id\":\"https:\\\/\\\/dorogimedence.hu\\\/#organization\",\"name\":\"Dorogi-medence Region\u00e1lis H\u00edrport\u00e1l\",\"url\":\"https:\\\/\\\/dorogimedence.hu\\\/\",\"logo\":{\"@type\":\"ImageObject\",\"inLanguage\":\"hu\",\"@id\":\"https:\\\/\\\/dorogimedence.hu\\\/#\\\/schema\\\/logo\\\/image\\\/\",\"url\":\"https:\\\/\\\/dorogimedence.hu\\\/wp-content\\\/uploads\\\/2021\\\/04\\\/logo-feher-600.png\",\"contentUrl\":\"https:\\\/\\\/dorogimedence.hu\\\/wp-content\\\/uploads\\\/2021\\\/04\\\/logo-feher-600.png\",\"width\":600,\"height\":100,\"caption\":\"Dorogi-medence Region\u00e1lis H\u00edrport\u00e1l\"},\"image\":{\"@id\":\"https:\\\/\\\/dorogimedence.hu\\\/#\\\/schema\\\/logo\\\/image\\\/\"},\"sameAs\":[\"https:\\\/\\\/www.facebook.com\\\/dorogimedence\\\/\"]},{\"@type\":\"Person\",\"@id\":\"https:\\\/\\\/dorogimedence.hu\\\/#\\\/schema\\\/person\\\/ce6091eeb7e95ecdc87890d6aa8e0fd4\",\"name\":\"dorogimedence.hu\",\"image\":{\"@type\":\"ImageObject\",\"inLanguage\":\"hu\",\"@id\":\"\\\/\\\/www.gravatar.com\\\/avatar\\\/d8d45f8901aadff40a4af72c0b826f1d?s=96&#038;r=g&#038;d=mm\",\"url\":\"\\\/\\\/www.gravatar.com\\\/avatar\\\/d8d45f8901aadff40a4af72c0b826f1d?s=96&#038;r=g&#038;d=mm\",\"contentUrl\":\"\\\/\\\/www.gravatar.com\\\/avatar\\\/d8d45f8901aadff40a4af72c0b826f1d?s=96&#038;r=g&#038;d=mm\",\"caption\":\"dorogimedence.hu\"}}]}<\/script>\n<!-- \/ Yoast SEO plugin. -->","yoast_head_json":{"title":"Ilyen lesz a Tour De Hongrie \u00fatvonala","robots":{"index":"index","follow":"follow","max-snippet":"max-snippet:-1","max-image-preview":"max-image-preview:large","max-video-preview":"max-video-preview:-1"},"canonical":"https:\/\/dorogimedence.hu\/index.php\/2020\/02\/12\/ilyen-lesz-a-tour-de-hongrie-utvonala\/","og_locale":"hu_HU","og_type":"article","og_title":"Ilyen lesz a Tour De Hongrie \u00fatvonala","og_description":"Debrecenb\u0151l indul \u00e9s Esztergomban fejez\u0151dik be id\u00e9n a Tour de Hongrie orsz\u00e1g\u00fati ker\u00e9kp\u00e1ros k\u00f6rverseny. Az \u00fatvonal szerdai bemutat\u00f3j\u00e1n kider\u00fclt, a c\u00edvisv\u00e1rosb\u00f3l indul\u00f3 174 kilom\u00e9teres els\u0151 etap Hajd\u00faszoboszl\u00f3n \u00e9r v\u00e9get. Ezt a 182 kilom\u00e9teres Karcag-Ny\u00edregyh\u00e1za \u00e9s a 171 kilom\u00e9teres S\u00e1rospatak-Kazincbarcika szakasz k\u00f6veti, majd k\u00f6vetkezik a kir\u00e1lyetap, amelyen a Miskolcr\u00f3l rajtol\u00f3 mez\u0151ny 178 kilom\u00e9tert megt\u00e9ve a K\u00e9kestet\u0151n","og_url":"https:\/\/dorogimedence.hu\/index.php\/2020\/02\/12\/ilyen-lesz-a-tour-de-hongrie-utvonala\/","og_site_name":"Dorogi-medence Region\u00e1lis H\u00edrport\u00e1l","article_publisher":"https:\/\/www.facebook.com\/dorogimedence\/","article_published_time":"2020-02-12T13:27:01+00:00","article_modified_time":"2020-02-12T13:27:12+00:00","og_image":[{"width":670,"height":365,"url":"https:\/\/i0.wp.com\/dorogimedence.hu\/wp-content\/uploads\/2020\/02\/tour-de-hongire.jpg?fit=670%2C365&ssl=1","type":"image\/jpeg"}],"author":"dorogimedence.hu","twitter_card":"summary_large_image","twitter_misc":{"Szerz\u0151:":"dorogimedence.hu","Becs\u00fclt olvas\u00e1si id\u0151":"5 perc"},"schema":{"@context":"https:\/\/schema.org","@graph":[{"@type":"Article","@id":"https:\/\/dorogimedence.hu\/index.php\/2020\/02\/12\/ilyen-lesz-a-tour-de-hongrie-utvonala\/#article","isPartOf":{"@id":"https:\/\/dorogimedence.hu\/index.php\/2020\/02\/12\/ilyen-lesz-a-tour-de-hongrie-utvonala\/"},"author":{"name":"dorogimedence.hu","@id":"https:\/\/dorogimedence.hu\/#\/schema\/person\/ce6091eeb7e95ecdc87890d6aa8e0fd4"},"headline":"Ilyen lesz a Tour De Hongrie \u00fatvonala","datePublished":"2020-02-12T13:27:01+00:00","dateModified":"2020-02-12T13:27:12+00:00","mainEntityOfPage":{"@id":"https:\/\/dorogimedence.hu\/index.php\/2020\/02\/12\/ilyen-lesz-a-tour-de-hongrie-utvonala\/"},"wordCount":919,"publisher":{"@id":"https:\/\/dorogimedence.hu\/#organization"},"image":{"@id":"https:\/\/dorogimedence.hu\/index.php\/2020\/02\/12\/ilyen-lesz-a-tour-de-hongrie-utvonala\/#primaryimage"},"thumbnailUrl":"https:\/\/dorogimedence.hu\/wp-content\/uploads\/2020\/02\/tour-de-hongire.jpg","keywords":["esztergom","ker\u00e9kp\u00e1r","ker\u00e9kp\u00e1roz\u00e1s","sport","Tour De Hongire"],"articleSection":["Esztergom","H\u00edrek","Sport"],"inLanguage":"hu"},{"@type":"WebPage","@id":"https:\/\/dorogimedence.hu\/index.php\/2020\/02\/12\/ilyen-lesz-a-tour-de-hongrie-utvonala\/","url":"https:\/\/dorogimedence.hu\/index.php\/2020\/02\/12\/ilyen-lesz-a-tour-de-hongrie-utvonala\/","name":"Ilyen lesz a Tour De Hongrie \u00fatvonala","isPartOf":{"@id":"https:\/\/dorogimedence.hu\/#website"},"primaryImageOfPage":{"@id":"https:\/\/dorogimedence.hu\/index.php\/2020\/02\/12\/ilyen-lesz-a-tour-de-hongrie-utvonala\/#primaryimage"},"image":{"@id":"https:\/\/dorogimedence.hu\/index.php\/2020\/02\/12\/ilyen-lesz-a-tour-de-hongrie-utvonala\/#primaryimage"},"thumbnailUrl":"https:\/\/dorogimedence.hu\/wp-content\/uploads\/2020\/02\/tour-de-hongire.jpg","datePublished":"2020-02-12T13:27:01+00:00","dateModified":"2020-02-12T13:27:12+00:00","breadcrumb":{"@id":"https:\/\/dorogimedence.hu\/index.php\/2020\/02\/12\/ilyen-lesz-a-tour-de-hongrie-utvonala\/#breadcrumb"},"inLanguage":"hu","potentialAction":[{"@type":"ReadAction","target":["https:\/\/dorogimedence.hu\/index.php\/2020\/02\/12\/ilyen-lesz-a-tour-de-hongrie-utvonala\/"]}]},{"@type":"ImageObject","inLanguage":"hu","@id":"https:\/\/dorogimedence.hu\/index.php\/2020\/02\/12\/ilyen-lesz-a-tour-de-hongrie-utvonala\/#primaryimage","url":"https:\/\/dorogimedence.hu\/wp-content\/uploads\/2020\/02\/tour-de-hongire.jpg","contentUrl":"https:\/\/dorogimedence.hu\/wp-content\/uploads\/2020\/02\/tour-de-hongire.jpg","width":670,"height":365},{"@type":"BreadcrumbList","@id":"https:\/\/dorogimedence.hu\/index.php\/2020\/02\/12\/ilyen-lesz-a-tour-de-hongrie-utvonala\/#breadcrumb","itemListElement":[{"@type":"ListItem","position":1,"name":"Kezd\u0151lap","item":"https:\/\/dorogimedence.hu\/"},{"@type":"ListItem","position":2,"name":"Ilyen lesz a Tour De Hongrie \u00fatvonala"}]},{"@type":"WebSite","@id":"https:\/\/dorogimedence.hu\/#website","url":"https:\/\/dorogimedence.hu\/","name":"Dorogi-medence Region\u00e1lis H\u00edrport\u00e1l","description":"Dorog, Keszt\u00f6lc, Le\u00e1nyv\u00e1r, Piliscs\u00e9v, Tokod, Tokodalt\u00e1r\u00f3, Csolnok, Esztergom-kertv\u00e1ros: h\u00edrek, programok","publisher":{"@id":"https:\/\/dorogimedence.hu\/#organization"},"potentialAction":[{"@type":"SearchAction","target":{"@type":"EntryPoint","urlTemplate":"https:\/\/dorogimedence.hu\/?s={search_term_string}"},"query-input":{"@type":"PropertyValueSpecification","valueRequired":true,"valueName":"search_term_string"}}],"inLanguage":"hu"},{"@type":"Organization","@id":"https:\/\/dorogimedence.hu\/#organization","name":"Dorogi-medence Region\u00e1lis H\u00edrport\u00e1l","url":"https:\/\/dorogimedence.hu\/","logo":{"@type":"ImageObject","inLanguage":"hu","@id":"https:\/\/dorogimedence.hu\/#\/schema\/logo\/image\/","url":"https:\/\/dorogimedence.hu\/wp-content\/uploads\/2021\/04\/logo-feher-600.png","contentUrl":"https:\/\/dorogimedence.hu\/wp-content\/uploads\/2021\/04\/logo-feher-600.png","width":600,"height":100,"caption":"Dorogi-medence Region\u00e1lis H\u00edrport\u00e1l"},"image":{"@id":"https:\/\/dorogimedence.hu\/#\/schema\/logo\/image\/"},"sameAs":["https:\/\/www.facebook.com\/dorogimedence\/"]},{"@type":"Person","@id":"https:\/\/dorogimedence.hu\/#\/schema\/person\/ce6091eeb7e95ecdc87890d6aa8e0fd4","name":"dorogimedence.hu","image":{"@type":"ImageObject","inLanguage":"hu","@id":"\/\/www.gravatar.com\/avatar\/d8d45f8901aadff40a4af72c0b826f1d?s=96&#038;r=g&#038;d=mm","url":"\/\/www.gravatar.com\/avatar\/d8d45f8901aadff40a4af72c0b826f1d?s=96&#038;r=g&#038;d=mm","contentUrl":"\/\/www.gravatar.com\/avatar\/d8d45f8901aadff40a4af72c0b826f1d?s=96&#038;r=g&#038;d=mm","caption":"dorogimedence.hu"}}]}},"_links":{"self":[{"href":"https:\/\/dorogimedence.hu\/index.php\/wp-json\/wp\/v2\/posts\/22885","targetHints":{"allow":["GET"]}}],"collection":[{"href":"https:\/\/dorogimedence.hu\/index.php\/wp-json\/wp\/v2\/posts"}],"about":[{"href":"https:\/\/dorogimedence.hu\/index.php\/wp-json\/wp\/v2\/types\/post"}],"author":[{"embeddable":true,"href":"https:\/\/dorogimedence.hu\/index.php\/wp-json\/wp\/v2\/users\/1"}],"replies":[{"embeddable":true,"href":"https:\/\/dorogimedence.hu\/index.php\/wp-json\/wp\/v2\/comments?post=22885"}],"version-history":[{"count":0,"href":"https:\/\/dorogimedence.hu\/index.php\/wp-json\/wp\/v2\/posts\/22885\/revisions"}],"wp:featuredmedia":[{"embeddable":true,"href":"https:\/\/dorogimedence.hu\/index.php\/wp-json\/wp\/v2\/media\/22886"}],"wp:attachment":[{"href":"https:\/\/dorogimedence.hu\/index.php\/wp-json\/wp\/v2\/media?parent=22885"}],"wp:term":[{"taxonomy":"category","embeddable":true,"href":"https:\/\/dorogimedence.hu\/index.php\/wp-json\/wp\/v2\/categories?post=22885"},{"taxonomy":"post_tag","embeddable":true,"href":"https:\/\/dorogimedence.hu\/index.php\/wp-json\/wp\/v2\/tags?post=22885"}],"curies":[{"name":"wp","href":"https:\/\/api.w.org\/{rel}","templated":true}]}}