{"id":22715,"date":"2020-02-04T16:43:14","date_gmt":"2020-02-04T15:43:14","guid":{"rendered":"http:\/\/dorogimedence.hu\/?p=22715"},"modified":"2020-02-04T16:43:36","modified_gmt":"2020-02-04T15:43:36","slug":"most-a-dorogi-szakrendelonek-segitett-a-baumit","status":"publish","type":"post","link":"https:\/\/dorogimedence.hu\/index.php\/2020\/02\/04\/most-a-dorogi-szakrendelonek-segitett-a-baumit\/","title":{"rendered":"Most a dorogi szakrendel\u0151nek seg\u00edtett a Baumit"},"content":{"rendered":"<p><strong>A Baumit Kft. motorosan mozgathat\u00f3 r\u00f6ntgen asztalt adom\u00e1nyozott a Vaszary Kolos Alap\u00edtv\u00e1nynak, amely a dorogi r\u00f6ntgen oszt\u00e1lyon ker\u00fclt elhelyez\u00e9sre.<\/strong><\/p>\n<p>A berendez\u00e9st 2020. febru\u00e1r 4-\u00e9n, kedden adt\u00e1k \u00e1t az esztergomi Vaszary Kolos K\u00f3rh\u00e1z dorogi szakrendel\u0151j\u00e9nek r\u00f6ntgen oszt\u00e1ly\u00e1n. Az \u00e1tad\u00f3\u00fcnneps\u00e9gen dr. Kan\u00e1sz G\u00e1bor, f\u0151igazgat\u00f3 f\u0151orvos elmondta, hogy a folyamatos korszer\u0171s\u00edt\u00e9s \u00e9rdek\u00e9ben tavaly egy \u00faj r\u00f6ntgen g\u00e9ppel b\u0151v\u00edtett\u00e9k a dorogi szakrendel\u00e9st. A betegek mozgat\u00e1sa azonban eddig k\u00e9zi er\u0151vel t\u00f6rt\u00e9nt, ami neh\u00e9zkes a mozg\u00e1sszervi gondokkal k\u00fczd\u0151knek \u00e9s a k\u00f3rh\u00e1zi dolgoz\u00f3knak is. Erre ny\u00fajt megold\u00e1st a motoros r\u00f6ntgen asztal, ami a Baumit Kft. adom\u00e1ny\u00e1nak k\u00f6sz\u00f6nhet\u0151en id\u00e9n febru\u00e1rt\u00f3l m\u00e1r az int\u00e9zm\u00e9ny rendelkez\u00e9s\u00e9re \u00e1ll. Besz\u00e9d\u00e9ben kit\u00e9rt arra is, hogy a k\u00f3rh\u00e1z sz\u00e1m\u00e1ra nagyon fontosak a polg\u00e1ri \u00e9s c\u00e9ges megmozdul\u00e1sok, ezzel mindig valami pluszt kapnak, ami nem csak a k\u00f3rh\u00e1z dolgoz\u00f3inak, hanem a betegeknek is seg\u00edts\u00e9get jelent.<\/p>\n<p><img fetchpriority=\"high\" decoding=\"async\" class=\"alignnone size-full wp-image-22717\" src=\"https:\/\/dorogimedence.hu\/wp-content\/uploads\/2020\/02\/baumit-korhaz-02.jpg\" alt=\"\" width=\"670\" height=\"447\" srcset=\"https:\/\/dorogimedence.hu\/wp-content\/uploads\/2020\/02\/baumit-korhaz-02.jpg 670w, https:\/\/dorogimedence.hu\/wp-content\/uploads\/2020\/02\/baumit-korhaz-02-300x200.jpg 300w, https:\/\/dorogimedence.hu\/wp-content\/uploads\/2020\/02\/baumit-korhaz-02-589x392.jpg 589w, https:\/\/dorogimedence.hu\/wp-content\/uploads\/2020\/02\/baumit-korhaz-02-272x182.jpg 272w\" sizes=\"(max-width: 670px) 100vw, 670px\" \/><\/p>\n<p>Illy G\u00e1bor, a Baumit Kft. \u00fcgyvezet\u0151je elmondta, hogy a v\u00e1llalkoz\u00e1s 340 munkav\u00e1llal\u00f3j\u00e1b\u00f3l 140 Dorogon dolgozik. \u0150k maguk \u00e9s csal\u00e1djaik egy\u00e9rtelm\u0171en \u00e9rintettek abban, hogy egy dorogi eg\u00e9szs\u00e9g\u00fcgyi int\u00e9zm\u00e9ny milyen szolg\u00e1ltat\u00e1sokat tud ny\u00fajtani. A mostani nagyon szerencs\u00e9s helyzet volt, mert pont akkor botlottunk bele ebbe a t\u00f6rt\u00e9netbe, amikor a sz\u00fcks\u00e9g az kellett, hogy seg\u00edtsen, hiszen a berendez\u00e9sre egy gy\u0171jt\u00e9st szerveztek, ami nem biztos, hogy megval\u00f3sult volna a seg\u00edts\u00e9g\u00fcnk n\u00e9lk\u00fcl \u2013 tette hozz\u00e1.<\/p>\n<p><img decoding=\"async\" class=\"alignnone size-full wp-image-22718\" src=\"https:\/\/dorogimedence.hu\/wp-content\/uploads\/2020\/02\/baumit-korhaz-03.jpg\" alt=\"\" width=\"670\" height=\"447\" srcset=\"https:\/\/dorogimedence.hu\/wp-content\/uploads\/2020\/02\/baumit-korhaz-03.jpg 670w, https:\/\/dorogimedence.hu\/wp-content\/uploads\/2020\/02\/baumit-korhaz-03-300x200.jpg 300w, https:\/\/dorogimedence.hu\/wp-content\/uploads\/2020\/02\/baumit-korhaz-03-589x392.jpg 589w, https:\/\/dorogimedence.hu\/wp-content\/uploads\/2020\/02\/baumit-korhaz-03-272x182.jpg 272w\" sizes=\"(max-width: 670px) 100vw, 670px\" \/><\/p>\n<p>Amikor az egyik munkat\u00e1rsunk \u00e9szrevette a gy\u0171jt\u00e9st \u00e9s jelezte a vezet\u0151s\u00e9g fel\u00e9, \u00fagy gondoltuk, hogy seg\u00edten\u00fcnk kell \u00e9s megv\u00e1s\u00e1roltuk 1,3 milli\u00f3 forint\u00e9rt a m\u00e1r eml\u00edtett motoros r\u00f6ntgen asztalt \u2013 folytatta a v\u00e1llalat \u00fcgyvezet\u0151je. De kit\u00e9rt arra is, hogy kor\u00e1bban is seg\u00edtettek m\u00e1r az int\u00e9zm\u00e9nynek, hiszen a dorogi ment\u0151\u00e1llom\u00e1s fel\u00faj\u00edt\u00e1sa sor\u00e1n az \u00e9p\u00edt\u0151, burkol\u00f3 \u00e9s szigetel\u0151anyagokat ingyen biztos\u00edtott\u00e1k. Hamarosan pedig folytat\u00f3dhat az iskolamosd\u00f3 fel\u00faj\u00edt\u00e1si program is. A Baumit Kft. az ut\u00f3bbi \u00e9vekben Dorogon az E\u00f6tv\u00f6s iskol\u00e1ban, a Zr\u00ednyi iskol\u00e1ban, legut\u00f3bb pedig a Zsigmondy gimn\u00e1ziumban \u00faj\u00edtotta fel a vizes blokkokat.<\/p>\n<p><img decoding=\"async\" class=\"alignnone size-full wp-image-22719\" src=\"https:\/\/dorogimedence.hu\/wp-content\/uploads\/2020\/02\/baumit-korhaz-04.jpg\" alt=\"\" width=\"670\" height=\"447\" srcset=\"https:\/\/dorogimedence.hu\/wp-content\/uploads\/2020\/02\/baumit-korhaz-04.jpg 670w, https:\/\/dorogimedence.hu\/wp-content\/uploads\/2020\/02\/baumit-korhaz-04-300x200.jpg 300w, https:\/\/dorogimedence.hu\/wp-content\/uploads\/2020\/02\/baumit-korhaz-04-589x392.jpg 589w, https:\/\/dorogimedence.hu\/wp-content\/uploads\/2020\/02\/baumit-korhaz-04-272x182.jpg 272w\" sizes=\"(max-width: 670px) 100vw, 670px\" \/><\/p>\n","protected":false},"excerpt":{"rendered":"<p>A Baumit Kft. motorosan mozgathat\u00f3 r\u00f6ntgen asztalt adom\u00e1nyozott a Vaszary Kolos Alap\u00edtv\u00e1nynak, amely a dorogi r\u00f6ntgen oszt\u00e1lyon ker\u00fclt elhelyez\u00e9sre. A berendez\u00e9st 2020. febru\u00e1r 4-\u00e9n, kedden adt\u00e1k \u00e1t az esztergomi Vaszary Kolos K\u00f3rh\u00e1z dorogi szakrendel\u0151j\u00e9nek r\u00f6ntgen oszt\u00e1ly\u00e1n. Az \u00e1tad\u00f3\u00fcnneps\u00e9gen dr. Kan\u00e1sz G\u00e1bor, f\u0151igazgat\u00f3 f\u0151orvos elmondta, hogy a folyamatos korszer\u0171s\u00edt\u00e9s \u00e9rdek\u00e9ben tavaly egy \u00faj r\u00f6ntgen g\u00e9ppel b\u0151v\u00edtett\u00e9k<\/p>\n","protected":false},"author":1,"featured_media":22716,"comment_status":"closed","ping_status":"closed","sticky":false,"template":"","format":"standard","meta":{"ngg_post_thumbnail":0,"footnotes":""},"categories":[2,3],"tags":[800,3198,15,4698,4699],"class_list":{"0":"post-22715","1":"post","2":"type-post","3":"status-publish","4":"format-standard","5":"has-post-thumbnail","7":"category-dorog","8":"category-hirek","9":"tag-baumit","10":"tag-baumit-kft","11":"tag-dorog","12":"tag-rontgen","13":"tag-szakrendeles"},"yoast_head":"<!-- This site is optimized with the Yoast SEO plugin v27.4 - https:\/\/yoast.com\/product\/yoast-seo-wordpress\/ -->\n<title>Most a dorogi szakrendel\u0151nek seg\u00edtett a Baumit<\/title>\n<meta name=\"robots\" content=\"index, follow, max-snippet:-1, max-image-preview:large, max-video-preview:-1\" \/>\n<link rel=\"canonical\" href=\"https:\/\/dorogimedence.hu\/index.php\/2020\/02\/04\/most-a-dorogi-szakrendelonek-segitett-a-baumit\/\" class=\"yoast-seo-meta-tag\" \/>\n<meta property=\"og:locale\" content=\"hu_HU\" class=\"yoast-seo-meta-tag\" \/>\n<meta property=\"og:type\" content=\"article\" class=\"yoast-seo-meta-tag\" \/>\n<meta property=\"og:title\" content=\"Most a dorogi szakrendel\u0151nek seg\u00edtett a Baumit\" class=\"yoast-seo-meta-tag\" \/>\n<meta property=\"og:description\" content=\"A Baumit Kft. motorosan mozgathat\u00f3 r\u00f6ntgen asztalt adom\u00e1nyozott a Vaszary Kolos Alap\u00edtv\u00e1nynak, amely a dorogi r\u00f6ntgen oszt\u00e1lyon ker\u00fclt elhelyez\u00e9sre. A berendez\u00e9st 2020. febru\u00e1r 4-\u00e9n, kedden adt\u00e1k \u00e1t az esztergomi Vaszary Kolos K\u00f3rh\u00e1z dorogi szakrendel\u0151j\u00e9nek r\u00f6ntgen oszt\u00e1ly\u00e1n. Az \u00e1tad\u00f3\u00fcnneps\u00e9gen dr. Kan\u00e1sz G\u00e1bor, f\u0151igazgat\u00f3 f\u0151orvos elmondta, hogy a folyamatos korszer\u0171s\u00edt\u00e9s \u00e9rdek\u00e9ben tavaly egy \u00faj r\u00f6ntgen g\u00e9ppel b\u0151v\u00edtett\u00e9k\" class=\"yoast-seo-meta-tag\" \/>\n<meta property=\"og:url\" content=\"https:\/\/dorogimedence.hu\/index.php\/2020\/02\/04\/most-a-dorogi-szakrendelonek-segitett-a-baumit\/\" class=\"yoast-seo-meta-tag\" \/>\n<meta property=\"og:site_name\" content=\"Dorogi-medence Region\u00e1lis H\u00edrport\u00e1l\" class=\"yoast-seo-meta-tag\" \/>\n<meta property=\"article:publisher\" content=\"https:\/\/www.facebook.com\/dorogimedence\/\" class=\"yoast-seo-meta-tag\" \/>\n<meta property=\"article:published_time\" content=\"2020-02-04T15:43:14+00:00\" class=\"yoast-seo-meta-tag\" \/>\n<meta property=\"article:modified_time\" content=\"2020-02-04T15:43:36+00:00\" class=\"yoast-seo-meta-tag\" \/>\n<meta property=\"og:image\" content=\"https:\/\/i0.wp.com\/dorogimedence.hu\/wp-content\/uploads\/2020\/02\/baumit-korhaz-01.jpg?fit=670%2C365&ssl=1\" class=\"yoast-seo-meta-tag\" \/>\n\t<meta property=\"og:image:width\" content=\"670\" class=\"yoast-seo-meta-tag\" \/>\n\t<meta property=\"og:image:height\" content=\"365\" class=\"yoast-seo-meta-tag\" \/>\n\t<meta property=\"og:image:type\" content=\"image\/jpeg\" class=\"yoast-seo-meta-tag\" \/>\n<meta name=\"author\" content=\"dorogimedence.hu\" class=\"yoast-seo-meta-tag\" \/>\n<meta name=\"twitter:card\" content=\"summary_large_image\" class=\"yoast-seo-meta-tag\" \/>\n<meta name=\"twitter:label1\" content=\"Szerz\u0151:\" class=\"yoast-seo-meta-tag\" \/>\n\t<meta name=\"twitter:data1\" content=\"dorogimedence.hu\" class=\"yoast-seo-meta-tag\" \/>\n\t<meta name=\"twitter:label2\" content=\"Becs\u00fclt olvas\u00e1si id\u0151\" class=\"yoast-seo-meta-tag\" \/>\n\t<meta name=\"twitter:data2\" content=\"2 perc\" class=\"yoast-seo-meta-tag\" \/>\n<script type=\"application\/ld+json\" class=\"yoast-schema-graph\">{\"@context\":\"https:\\\/\\\/schema.org\",\"@graph\":[{\"@type\":\"Article\",\"@id\":\"https:\\\/\\\/dorogimedence.hu\\\/index.php\\\/2020\\\/02\\\/04\\\/most-a-dorogi-szakrendelonek-segitett-a-baumit\\\/#article\",\"isPartOf\":{\"@id\":\"https:\\\/\\\/dorogimedence.hu\\\/index.php\\\/2020\\\/02\\\/04\\\/most-a-dorogi-szakrendelonek-segitett-a-baumit\\\/\"},\"author\":{\"name\":\"dorogimedence.hu\",\"@id\":\"https:\\\/\\\/dorogimedence.hu\\\/#\\\/schema\\\/person\\\/ce6091eeb7e95ecdc87890d6aa8e0fd4\"},\"headline\":\"Most a dorogi szakrendel\u0151nek seg\u00edtett a Baumit\",\"datePublished\":\"2020-02-04T15:43:14+00:00\",\"dateModified\":\"2020-02-04T15:43:36+00:00\",\"mainEntityOfPage\":{\"@id\":\"https:\\\/\\\/dorogimedence.hu\\\/index.php\\\/2020\\\/02\\\/04\\\/most-a-dorogi-szakrendelonek-segitett-a-baumit\\\/\"},\"wordCount\":446,\"publisher\":{\"@id\":\"https:\\\/\\\/dorogimedence.hu\\\/#organization\"},\"image\":{\"@id\":\"https:\\\/\\\/dorogimedence.hu\\\/index.php\\\/2020\\\/02\\\/04\\\/most-a-dorogi-szakrendelonek-segitett-a-baumit\\\/#primaryimage\"},\"thumbnailUrl\":\"https:\\\/\\\/dorogimedence.hu\\\/wp-content\\\/uploads\\\/2020\\\/02\\\/baumit-korhaz-01.jpg\",\"keywords\":[\"Baumit\",\"Baumit Kft.\",\"Dorog\",\"r\u00f6ntgen\",\"szakrendel\u00e9s\"],\"articleSection\":[\"Dorog\",\"H\u00edrek\"],\"inLanguage\":\"hu\"},{\"@type\":\"WebPage\",\"@id\":\"https:\\\/\\\/dorogimedence.hu\\\/index.php\\\/2020\\\/02\\\/04\\\/most-a-dorogi-szakrendelonek-segitett-a-baumit\\\/\",\"url\":\"https:\\\/\\\/dorogimedence.hu\\\/index.php\\\/2020\\\/02\\\/04\\\/most-a-dorogi-szakrendelonek-segitett-a-baumit\\\/\",\"name\":\"Most a dorogi szakrendel\u0151nek seg\u00edtett a Baumit\",\"isPartOf\":{\"@id\":\"https:\\\/\\\/dorogimedence.hu\\\/#website\"},\"primaryImageOfPage\":{\"@id\":\"https:\\\/\\\/dorogimedence.hu\\\/index.php\\\/2020\\\/02\\\/04\\\/most-a-dorogi-szakrendelonek-segitett-a-baumit\\\/#primaryimage\"},\"image\":{\"@id\":\"https:\\\/\\\/dorogimedence.hu\\\/index.php\\\/2020\\\/02\\\/04\\\/most-a-dorogi-szakrendelonek-segitett-a-baumit\\\/#primaryimage\"},\"thumbnailUrl\":\"https:\\\/\\\/dorogimedence.hu\\\/wp-content\\\/uploads\\\/2020\\\/02\\\/baumit-korhaz-01.jpg\",\"datePublished\":\"2020-02-04T15:43:14+00:00\",\"dateModified\":\"2020-02-04T15:43:36+00:00\",\"breadcrumb\":{\"@id\":\"https:\\\/\\\/dorogimedence.hu\\\/index.php\\\/2020\\\/02\\\/04\\\/most-a-dorogi-szakrendelonek-segitett-a-baumit\\\/#breadcrumb\"},\"inLanguage\":\"hu\",\"potentialAction\":[{\"@type\":\"ReadAction\",\"target\":[\"https:\\\/\\\/dorogimedence.hu\\\/index.php\\\/2020\\\/02\\\/04\\\/most-a-dorogi-szakrendelonek-segitett-a-baumit\\\/\"]}]},{\"@type\":\"ImageObject\",\"inLanguage\":\"hu\",\"@id\":\"https:\\\/\\\/dorogimedence.hu\\\/index.php\\\/2020\\\/02\\\/04\\\/most-a-dorogi-szakrendelonek-segitett-a-baumit\\\/#primaryimage\",\"url\":\"https:\\\/\\\/dorogimedence.hu\\\/wp-content\\\/uploads\\\/2020\\\/02\\\/baumit-korhaz-01.jpg\",\"contentUrl\":\"https:\\\/\\\/dorogimedence.hu\\\/wp-content\\\/uploads\\\/2020\\\/02\\\/baumit-korhaz-01.jpg\",\"width\":670,\"height\":365},{\"@type\":\"BreadcrumbList\",\"@id\":\"https:\\\/\\\/dorogimedence.hu\\\/index.php\\\/2020\\\/02\\\/04\\\/most-a-dorogi-szakrendelonek-segitett-a-baumit\\\/#breadcrumb\",\"itemListElement\":[{\"@type\":\"ListItem\",\"position\":1,\"name\":\"Kezd\u0151lap\",\"item\":\"https:\\\/\\\/dorogimedence.hu\\\/\"},{\"@type\":\"ListItem\",\"position\":2,\"name\":\"Most a dorogi szakrendel\u0151nek seg\u00edtett a Baumit\"}]},{\"@type\":\"WebSite\",\"@id\":\"https:\\\/\\\/dorogimedence.hu\\\/#website\",\"url\":\"https:\\\/\\\/dorogimedence.hu\\\/\",\"name\":\"Dorogi-medence Region\u00e1lis H\u00edrport\u00e1l\",\"description\":\"Dorog, Keszt\u00f6lc, Le\u00e1nyv\u00e1r, Piliscs\u00e9v, Tokod, Tokodalt\u00e1r\u00f3, Csolnok, Esztergom-kertv\u00e1ros: h\u00edrek, programok\",\"publisher\":{\"@id\":\"https:\\\/\\\/dorogimedence.hu\\\/#organization\"},\"potentialAction\":[{\"@type\":\"SearchAction\",\"target\":{\"@type\":\"EntryPoint\",\"urlTemplate\":\"https:\\\/\\\/dorogimedence.hu\\\/?s={search_term_string}\"},\"query-input\":{\"@type\":\"PropertyValueSpecification\",\"valueRequired\":true,\"valueName\":\"search_term_string\"}}],\"inLanguage\":\"hu\"},{\"@type\":\"Organization\",\"@id\":\"https:\\\/\\\/dorogimedence.hu\\\/#organization\",\"name\":\"Dorogi-medence Region\u00e1lis H\u00edrport\u00e1l\",\"url\":\"https:\\\/\\\/dorogimedence.hu\\\/\",\"logo\":{\"@type\":\"ImageObject\",\"inLanguage\":\"hu\",\"@id\":\"https:\\\/\\\/dorogimedence.hu\\\/#\\\/schema\\\/logo\\\/image\\\/\",\"url\":\"https:\\\/\\\/dorogimedence.hu\\\/wp-content\\\/uploads\\\/2021\\\/04\\\/logo-feher-600.png\",\"contentUrl\":\"https:\\\/\\\/dorogimedence.hu\\\/wp-content\\\/uploads\\\/2021\\\/04\\\/logo-feher-600.png\",\"width\":600,\"height\":100,\"caption\":\"Dorogi-medence Region\u00e1lis H\u00edrport\u00e1l\"},\"image\":{\"@id\":\"https:\\\/\\\/dorogimedence.hu\\\/#\\\/schema\\\/logo\\\/image\\\/\"},\"sameAs\":[\"https:\\\/\\\/www.facebook.com\\\/dorogimedence\\\/\"]},{\"@type\":\"Person\",\"@id\":\"https:\\\/\\\/dorogimedence.hu\\\/#\\\/schema\\\/person\\\/ce6091eeb7e95ecdc87890d6aa8e0fd4\",\"name\":\"dorogimedence.hu\",\"image\":{\"@type\":\"ImageObject\",\"inLanguage\":\"hu\",\"@id\":\"\\\/\\\/www.gravatar.com\\\/avatar\\\/d8d45f8901aadff40a4af72c0b826f1d?s=96&#038;r=g&#038;d=mm\",\"url\":\"\\\/\\\/www.gravatar.com\\\/avatar\\\/d8d45f8901aadff40a4af72c0b826f1d?s=96&#038;r=g&#038;d=mm\",\"contentUrl\":\"\\\/\\\/www.gravatar.com\\\/avatar\\\/d8d45f8901aadff40a4af72c0b826f1d?s=96&#038;r=g&#038;d=mm\",\"caption\":\"dorogimedence.hu\"}}]}<\/script>\n<!-- \/ Yoast SEO plugin. -->","yoast_head_json":{"title":"Most a dorogi szakrendel\u0151nek seg\u00edtett a Baumit","robots":{"index":"index","follow":"follow","max-snippet":"max-snippet:-1","max-image-preview":"max-image-preview:large","max-video-preview":"max-video-preview:-1"},"canonical":"https:\/\/dorogimedence.hu\/index.php\/2020\/02\/04\/most-a-dorogi-szakrendelonek-segitett-a-baumit\/","og_locale":"hu_HU","og_type":"article","og_title":"Most a dorogi szakrendel\u0151nek seg\u00edtett a Baumit","og_description":"A Baumit Kft. motorosan mozgathat\u00f3 r\u00f6ntgen asztalt adom\u00e1nyozott a Vaszary Kolos Alap\u00edtv\u00e1nynak, amely a dorogi r\u00f6ntgen oszt\u00e1lyon ker\u00fclt elhelyez\u00e9sre. A berendez\u00e9st 2020. febru\u00e1r 4-\u00e9n, kedden adt\u00e1k \u00e1t az esztergomi Vaszary Kolos K\u00f3rh\u00e1z dorogi szakrendel\u0151j\u00e9nek r\u00f6ntgen oszt\u00e1ly\u00e1n. Az \u00e1tad\u00f3\u00fcnneps\u00e9gen dr. Kan\u00e1sz G\u00e1bor, f\u0151igazgat\u00f3 f\u0151orvos elmondta, hogy a folyamatos korszer\u0171s\u00edt\u00e9s \u00e9rdek\u00e9ben tavaly egy \u00faj r\u00f6ntgen g\u00e9ppel b\u0151v\u00edtett\u00e9k","og_url":"https:\/\/dorogimedence.hu\/index.php\/2020\/02\/04\/most-a-dorogi-szakrendelonek-segitett-a-baumit\/","og_site_name":"Dorogi-medence Region\u00e1lis H\u00edrport\u00e1l","article_publisher":"https:\/\/www.facebook.com\/dorogimedence\/","article_published_time":"2020-02-04T15:43:14+00:00","article_modified_time":"2020-02-04T15:43:36+00:00","og_image":[{"width":670,"height":365,"url":"https:\/\/i0.wp.com\/dorogimedence.hu\/wp-content\/uploads\/2020\/02\/baumit-korhaz-01.jpg?fit=670%2C365&ssl=1","type":"image\/jpeg"}],"author":"dorogimedence.hu","twitter_card":"summary_large_image","twitter_misc":{"Szerz\u0151:":"dorogimedence.hu","Becs\u00fclt olvas\u00e1si id\u0151":"2 perc"},"schema":{"@context":"https:\/\/schema.org","@graph":[{"@type":"Article","@id":"https:\/\/dorogimedence.hu\/index.php\/2020\/02\/04\/most-a-dorogi-szakrendelonek-segitett-a-baumit\/#article","isPartOf":{"@id":"https:\/\/dorogimedence.hu\/index.php\/2020\/02\/04\/most-a-dorogi-szakrendelonek-segitett-a-baumit\/"},"author":{"name":"dorogimedence.hu","@id":"https:\/\/dorogimedence.hu\/#\/schema\/person\/ce6091eeb7e95ecdc87890d6aa8e0fd4"},"headline":"Most a dorogi szakrendel\u0151nek seg\u00edtett a Baumit","datePublished":"2020-02-04T15:43:14+00:00","dateModified":"2020-02-04T15:43:36+00:00","mainEntityOfPage":{"@id":"https:\/\/dorogimedence.hu\/index.php\/2020\/02\/04\/most-a-dorogi-szakrendelonek-segitett-a-baumit\/"},"wordCount":446,"publisher":{"@id":"https:\/\/dorogimedence.hu\/#organization"},"image":{"@id":"https:\/\/dorogimedence.hu\/index.php\/2020\/02\/04\/most-a-dorogi-szakrendelonek-segitett-a-baumit\/#primaryimage"},"thumbnailUrl":"https:\/\/dorogimedence.hu\/wp-content\/uploads\/2020\/02\/baumit-korhaz-01.jpg","keywords":["Baumit","Baumit Kft.","Dorog","r\u00f6ntgen","szakrendel\u00e9s"],"articleSection":["Dorog","H\u00edrek"],"inLanguage":"hu"},{"@type":"WebPage","@id":"https:\/\/dorogimedence.hu\/index.php\/2020\/02\/04\/most-a-dorogi-szakrendelonek-segitett-a-baumit\/","url":"https:\/\/dorogimedence.hu\/index.php\/2020\/02\/04\/most-a-dorogi-szakrendelonek-segitett-a-baumit\/","name":"Most a dorogi szakrendel\u0151nek seg\u00edtett a Baumit","isPartOf":{"@id":"https:\/\/dorogimedence.hu\/#website"},"primaryImageOfPage":{"@id":"https:\/\/dorogimedence.hu\/index.php\/2020\/02\/04\/most-a-dorogi-szakrendelonek-segitett-a-baumit\/#primaryimage"},"image":{"@id":"https:\/\/dorogimedence.hu\/index.php\/2020\/02\/04\/most-a-dorogi-szakrendelonek-segitett-a-baumit\/#primaryimage"},"thumbnailUrl":"https:\/\/dorogimedence.hu\/wp-content\/uploads\/2020\/02\/baumit-korhaz-01.jpg","datePublished":"2020-02-04T15:43:14+00:00","dateModified":"2020-02-04T15:43:36+00:00","breadcrumb":{"@id":"https:\/\/dorogimedence.hu\/index.php\/2020\/02\/04\/most-a-dorogi-szakrendelonek-segitett-a-baumit\/#breadcrumb"},"inLanguage":"hu","potentialAction":[{"@type":"ReadAction","target":["https:\/\/dorogimedence.hu\/index.php\/2020\/02\/04\/most-a-dorogi-szakrendelonek-segitett-a-baumit\/"]}]},{"@type":"ImageObject","inLanguage":"hu","@id":"https:\/\/dorogimedence.hu\/index.php\/2020\/02\/04\/most-a-dorogi-szakrendelonek-segitett-a-baumit\/#primaryimage","url":"https:\/\/dorogimedence.hu\/wp-content\/uploads\/2020\/02\/baumit-korhaz-01.jpg","contentUrl":"https:\/\/dorogimedence.hu\/wp-content\/uploads\/2020\/02\/baumit-korhaz-01.jpg","width":670,"height":365},{"@type":"BreadcrumbList","@id":"https:\/\/dorogimedence.hu\/index.php\/2020\/02\/04\/most-a-dorogi-szakrendelonek-segitett-a-baumit\/#breadcrumb","itemListElement":[{"@type":"ListItem","position":1,"name":"Kezd\u0151lap","item":"https:\/\/dorogimedence.hu\/"},{"@type":"ListItem","position":2,"name":"Most a dorogi szakrendel\u0151nek seg\u00edtett a Baumit"}]},{"@type":"WebSite","@id":"https:\/\/dorogimedence.hu\/#website","url":"https:\/\/dorogimedence.hu\/","name":"Dorogi-medence Region\u00e1lis H\u00edrport\u00e1l","description":"Dorog, Keszt\u00f6lc, Le\u00e1nyv\u00e1r, Piliscs\u00e9v, Tokod, Tokodalt\u00e1r\u00f3, Csolnok, Esztergom-kertv\u00e1ros: h\u00edrek, programok","publisher":{"@id":"https:\/\/dorogimedence.hu\/#organization"},"potentialAction":[{"@type":"SearchAction","target":{"@type":"EntryPoint","urlTemplate":"https:\/\/dorogimedence.hu\/?s={search_term_string}"},"query-input":{"@type":"PropertyValueSpecification","valueRequired":true,"valueName":"search_term_string"}}],"inLanguage":"hu"},{"@type":"Organization","@id":"https:\/\/dorogimedence.hu\/#organization","name":"Dorogi-medence Region\u00e1lis H\u00edrport\u00e1l","url":"https:\/\/dorogimedence.hu\/","logo":{"@type":"ImageObject","inLanguage":"hu","@id":"https:\/\/dorogimedence.hu\/#\/schema\/logo\/image\/","url":"https:\/\/dorogimedence.hu\/wp-content\/uploads\/2021\/04\/logo-feher-600.png","contentUrl":"https:\/\/dorogimedence.hu\/wp-content\/uploads\/2021\/04\/logo-feher-600.png","width":600,"height":100,"caption":"Dorogi-medence Region\u00e1lis H\u00edrport\u00e1l"},"image":{"@id":"https:\/\/dorogimedence.hu\/#\/schema\/logo\/image\/"},"sameAs":["https:\/\/www.facebook.com\/dorogimedence\/"]},{"@type":"Person","@id":"https:\/\/dorogimedence.hu\/#\/schema\/person\/ce6091eeb7e95ecdc87890d6aa8e0fd4","name":"dorogimedence.hu","image":{"@type":"ImageObject","inLanguage":"hu","@id":"\/\/www.gravatar.com\/avatar\/d8d45f8901aadff40a4af72c0b826f1d?s=96&#038;r=g&#038;d=mm","url":"\/\/www.gravatar.com\/avatar\/d8d45f8901aadff40a4af72c0b826f1d?s=96&#038;r=g&#038;d=mm","contentUrl":"\/\/www.gravatar.com\/avatar\/d8d45f8901aadff40a4af72c0b826f1d?s=96&#038;r=g&#038;d=mm","caption":"dorogimedence.hu"}}]}},"_links":{"self":[{"href":"https:\/\/dorogimedence.hu\/index.php\/wp-json\/wp\/v2\/posts\/22715","targetHints":{"allow":["GET"]}}],"collection":[{"href":"https:\/\/dorogimedence.hu\/index.php\/wp-json\/wp\/v2\/posts"}],"about":[{"href":"https:\/\/dorogimedence.hu\/index.php\/wp-json\/wp\/v2\/types\/post"}],"author":[{"embeddable":true,"href":"https:\/\/dorogimedence.hu\/index.php\/wp-json\/wp\/v2\/users\/1"}],"replies":[{"embeddable":true,"href":"https:\/\/dorogimedence.hu\/index.php\/wp-json\/wp\/v2\/comments?post=22715"}],"version-history":[{"count":0,"href":"https:\/\/dorogimedence.hu\/index.php\/wp-json\/wp\/v2\/posts\/22715\/revisions"}],"wp:featuredmedia":[{"embeddable":true,"href":"https:\/\/dorogimedence.hu\/index.php\/wp-json\/wp\/v2\/media\/22716"}],"wp:attachment":[{"href":"https:\/\/dorogimedence.hu\/index.php\/wp-json\/wp\/v2\/media?parent=22715"}],"wp:term":[{"taxonomy":"category","embeddable":true,"href":"https:\/\/dorogimedence.hu\/index.php\/wp-json\/wp\/v2\/categories?post=22715"},{"taxonomy":"post_tag","embeddable":true,"href":"https:\/\/dorogimedence.hu\/index.php\/wp-json\/wp\/v2\/tags?post=22715"}],"curies":[{"name":"wp","href":"https:\/\/api.w.org\/{rel}","templated":true}]}}