{"id":22603,"date":"2020-01-30T16:32:45","date_gmt":"2020-01-30T15:32:45","guid":{"rendered":"http:\/\/dorogimedence.hu\/?p=22603"},"modified":"2020-01-30T16:34:01","modified_gmt":"2020-01-30T15:34:01","slug":"meg-akarta-olni-mert-az-apjat-feljelentette","status":"publish","type":"post","link":"https:\/\/dorogimedence.hu\/index.php\/2020\/01\/30\/meg-akarta-olni-mert-az-apjat-feljelentette\/","title":{"rendered":"Meg akarta \u00f6lni, mert az apj\u00e1t feljelentette"},"content":{"rendered":"<div class=\"item_introtext\">\n<p><strong>El\u0151zetes letart\u00f3ztat\u00e1sba ker\u00fclt az a t\u00f6bbsz\u00f6r\u00f6sen visszaes\u0151 f\u00e9rfi, aki a l\u00e1batlani s\u00e9rtettet gyilkoss\u00e1ggal fenyegette, mert az apj\u00e1t feljelentette.<\/strong><\/p>\n<\/div>\n<div class=\"item_fulltext\">\n<p>Az elk\u00f6vet\u0151 a megalapozott a gyan\u00fa szerint 2020. janu\u00e1r 27-\u00e9t megel\u0151z\u0151 h\u00e9t egyik napj\u00e1n, 22 \u00f3r\u00e1t k\u00f6vet\u0151 id\u0151ben megjelent a l\u00e1batlani s\u00e9rtett otthona el\u0151tt, ahol kiab\u00e1lt, ord\u00edtozott \u00e9s f\u00e9lelemkelt\u00e9s c\u00e9lj\u00e1b\u00f3l szem\u00e9ly elleni er\u0151szakos cselekm\u00e9nnyel, meg\u00f6l\u00e9ssel fenyegette meg a s\u00e9rtettet \u00e9s a feles\u00e9g\u00e9t, ha az apj\u00e1nak valami baja lesz.<\/p>\n<p>A gyan\u00fas\u00edtott a s\u00e9rtetteket az\u00e9rt fenyegette meg, mert a s\u00e9rtett f\u00e9rfi feljelent\u00e9se alapj\u00e1n indult elj\u00e1r\u00e1s a gyan\u00fas\u00edtott apja ellen, aki abban az \u00fcgyben a v\u00e1diratot a b\u00edr\u00f3s\u00e1gt\u00f3l megkapta.<\/p>\n<p>A f\u00e9rfi t\u00f6bbsz\u00f6r\u00f6sen visszaes\u0151, h\u00e1rom tov\u00e1bbi nyomoz\u00e1s van folyamatban vele szemben er\u0151szakkal, \u00e9jjel elk\u00f6vetett mag\u00e1nlaks\u00e9rt\u00e9s b\u0171ntette, szem\u00e9ly elleni er\u0151szakos cselekm\u00e9nnyel fenyegetve elk\u00f6vetett zaklat\u00e1s v\u00e9ts\u00e9ge miatt, volt \u00e9lett\u00e1rs s\u00e9relm\u00e9re elk\u00f6vetett zaklat\u00e1s b\u0171ntette, testi s\u00e9rt\u00e9s b\u0171ntette, valamint l\u0151fegyverrel vissza\u00e9l\u00e9s b\u0171ntette miatt.<\/p>\n<p>Az Esztergomi J\u00e1r\u00e1si \u00dcgy\u00e9szs\u00e9g ind\u00edtv\u00e1nya szerint megalapozottan felteleh\u0151, hogy a gyan\u00fas\u00edtott szabadl\u00e1bon hagy\u00e1sa eset\u00e9n szabads\u00e1gveszt\u00e9ssel b\u00fcntetend\u0151 \u00fajabb b\u0171ncselekm\u00e9nyt k\u00f6vetne el, valamint a bizony\u00edt\u00e1st vesz\u00e9lyeztetn\u00e9.<\/p>\n<p>Az Esztergomi J\u00e1r\u00e1sb\u00edr\u00f3s\u00e1g az \u00fcgy\u00e9szs\u00e9g ind\u00edtv\u00e1nya alapj\u00e1n az elk\u00f6vet\u0151 letart\u00f3ztat\u00e1s\u00e1t egy h\u00f3napra elrendelte.<\/p>\n<p><em>Kom\u00e1rom-Esztergom Megyei F\u0151\u00fcgy\u00e9szs\u00e9g Sajt\u00f3<\/em><\/p>\n<\/div>\n","protected":false},"excerpt":{"rendered":"<p>El\u0151zetes letart\u00f3ztat\u00e1sba ker\u00fclt az a t\u00f6bbsz\u00f6r\u00f6sen visszaes\u0151 f\u00e9rfi, aki a l\u00e1batlani s\u00e9rtettet gyilkoss\u00e1ggal fenyegette, mert az apj\u00e1t feljelentette. Az elk\u00f6vet\u0151 a megalapozott a gyan\u00fa szerint 2020. janu\u00e1r 27-\u00e9t megel\u0151z\u0151 h\u00e9t egyik napj\u00e1n, 22 \u00f3r\u00e1t k\u00f6vet\u0151 id\u0151ben megjelent a l\u00e1batlani s\u00e9rtett otthona el\u0151tt, ahol kiab\u00e1lt, ord\u00edtozott \u00e9s f\u00e9lelemkelt\u00e9s c\u00e9lj\u00e1b\u00f3l szem\u00e9ly elleni er\u0151szakos cselekm\u00e9nnyel, meg\u00f6l\u00e9ssel fenyegette meg<\/p>\n","protected":false},"author":1,"featured_media":0,"comment_status":"closed","ping_status":"closed","sticky":false,"template":"","format":"standard","meta":{"ngg_post_thumbnail":0,"footnotes":""},"categories":[3,39],"tags":[1042,1404,489,61,326,1102],"class_list":{"0":"post-22603","1":"post","2":"type-post","3":"status-publish","4":"format-standard","6":"category-hirek","7":"category-kek-hirek","8":"tag-birosag","9":"tag-fenyegetes","10":"tag-labatlan","11":"tag-rendorsegi-hirek","12":"tag-ugyeszseg","13":"tag-zaklatas"},"yoast_head":"<!-- This site is optimized with the Yoast SEO plugin v27.4 - https:\/\/yoast.com\/product\/yoast-seo-wordpress\/ -->\n<title>Meg akarta \u00f6lni, mert az apj\u00e1t feljelentette<\/title>\n<meta name=\"robots\" content=\"index, follow, max-snippet:-1, max-image-preview:large, max-video-preview:-1\" \/>\n<link rel=\"canonical\" href=\"https:\/\/dorogimedence.hu\/index.php\/2020\/01\/30\/meg-akarta-olni-mert-az-apjat-feljelentette\/\" class=\"yoast-seo-meta-tag\" \/>\n<meta property=\"og:locale\" content=\"hu_HU\" class=\"yoast-seo-meta-tag\" \/>\n<meta property=\"og:type\" content=\"article\" class=\"yoast-seo-meta-tag\" \/>\n<meta property=\"og:title\" content=\"Meg akarta \u00f6lni, mert az apj\u00e1t feljelentette\" class=\"yoast-seo-meta-tag\" \/>\n<meta property=\"og:description\" content=\"El\u0151zetes letart\u00f3ztat\u00e1sba ker\u00fclt az a t\u00f6bbsz\u00f6r\u00f6sen visszaes\u0151 f\u00e9rfi, aki a l\u00e1batlani s\u00e9rtettet gyilkoss\u00e1ggal fenyegette, mert az apj\u00e1t feljelentette. Az elk\u00f6vet\u0151 a megalapozott a gyan\u00fa szerint 2020. janu\u00e1r 27-\u00e9t megel\u0151z\u0151 h\u00e9t egyik napj\u00e1n, 22 \u00f3r\u00e1t k\u00f6vet\u0151 id\u0151ben megjelent a l\u00e1batlani s\u00e9rtett otthona el\u0151tt, ahol kiab\u00e1lt, ord\u00edtozott \u00e9s f\u00e9lelemkelt\u00e9s c\u00e9lj\u00e1b\u00f3l szem\u00e9ly elleni er\u0151szakos cselekm\u00e9nnyel, meg\u00f6l\u00e9ssel fenyegette meg\" class=\"yoast-seo-meta-tag\" \/>\n<meta property=\"og:url\" content=\"https:\/\/dorogimedence.hu\/index.php\/2020\/01\/30\/meg-akarta-olni-mert-az-apjat-feljelentette\/\" class=\"yoast-seo-meta-tag\" \/>\n<meta property=\"og:site_name\" content=\"Dorogi-medence Region\u00e1lis H\u00edrport\u00e1l\" class=\"yoast-seo-meta-tag\" \/>\n<meta property=\"article:publisher\" content=\"https:\/\/www.facebook.com\/dorogimedence\/\" class=\"yoast-seo-meta-tag\" \/>\n<meta property=\"article:published_time\" content=\"2020-01-30T15:32:45+00:00\" class=\"yoast-seo-meta-tag\" \/>\n<meta property=\"article:modified_time\" content=\"2020-01-30T15:34:01+00:00\" class=\"yoast-seo-meta-tag\" \/>\n<meta property=\"og:image\" content=\"https:\/\/i0.wp.com\/dorogimedence.hu\/wp-content\/uploads\/2017\/07\/birosag-01.jpg?fit=670%2C365&ssl=1\" class=\"yoast-seo-meta-tag\" \/>\n\t<meta property=\"og:image:width\" content=\"670\" class=\"yoast-seo-meta-tag\" \/>\n\t<meta property=\"og:image:height\" content=\"365\" class=\"yoast-seo-meta-tag\" \/>\n\t<meta property=\"og:image:type\" content=\"image\/jpeg\" class=\"yoast-seo-meta-tag\" \/>\n<meta name=\"author\" content=\"dorogimedence.hu\" class=\"yoast-seo-meta-tag\" \/>\n<meta name=\"twitter:card\" content=\"summary_large_image\" class=\"yoast-seo-meta-tag\" \/>\n<meta name=\"twitter:label1\" content=\"Szerz\u0151:\" class=\"yoast-seo-meta-tag\" \/>\n\t<meta name=\"twitter:data1\" content=\"dorogimedence.hu\" class=\"yoast-seo-meta-tag\" \/>\n\t<meta name=\"twitter:label2\" content=\"Becs\u00fclt olvas\u00e1si id\u0151\" class=\"yoast-seo-meta-tag\" \/>\n\t<meta name=\"twitter:data2\" content=\"2 perc\" class=\"yoast-seo-meta-tag\" \/>\n<script type=\"application\/ld+json\" class=\"yoast-schema-graph\">{\"@context\":\"https:\\\/\\\/schema.org\",\"@graph\":[{\"@type\":\"Article\",\"@id\":\"https:\\\/\\\/dorogimedence.hu\\\/index.php\\\/2020\\\/01\\\/30\\\/meg-akarta-olni-mert-az-apjat-feljelentette\\\/#article\",\"isPartOf\":{\"@id\":\"https:\\\/\\\/dorogimedence.hu\\\/index.php\\\/2020\\\/01\\\/30\\\/meg-akarta-olni-mert-az-apjat-feljelentette\\\/\"},\"author\":{\"name\":\"dorogimedence.hu\",\"@id\":\"https:\\\/\\\/dorogimedence.hu\\\/#\\\/schema\\\/person\\\/ce6091eeb7e95ecdc87890d6aa8e0fd4\"},\"headline\":\"Meg akarta \u00f6lni, mert az apj\u00e1t feljelentette\",\"datePublished\":\"2020-01-30T15:32:45+00:00\",\"dateModified\":\"2020-01-30T15:34:01+00:00\",\"mainEntityOfPage\":{\"@id\":\"https:\\\/\\\/dorogimedence.hu\\\/index.php\\\/2020\\\/01\\\/30\\\/meg-akarta-olni-mert-az-apjat-feljelentette\\\/\"},\"wordCount\":309,\"publisher\":{\"@id\":\"https:\\\/\\\/dorogimedence.hu\\\/#organization\"},\"keywords\":[\"b\u00edr\u00f3s\u00e1g\",\"fenyeget\u00e9s\",\"L\u00e1batlan\",\"rend\u0151rs\u00e9gi h\u00edrek\",\"\u00fcgy\u00e9szs\u00e9g\",\"zaklat\u00e1s\"],\"articleSection\":[\"H\u00edrek\",\"K\u00e9k h\u00edrek\"],\"inLanguage\":\"hu\"},{\"@type\":\"WebPage\",\"@id\":\"https:\\\/\\\/dorogimedence.hu\\\/index.php\\\/2020\\\/01\\\/30\\\/meg-akarta-olni-mert-az-apjat-feljelentette\\\/\",\"url\":\"https:\\\/\\\/dorogimedence.hu\\\/index.php\\\/2020\\\/01\\\/30\\\/meg-akarta-olni-mert-az-apjat-feljelentette\\\/\",\"name\":\"Meg akarta \u00f6lni, mert az apj\u00e1t feljelentette\",\"isPartOf\":{\"@id\":\"https:\\\/\\\/dorogimedence.hu\\\/#website\"},\"datePublished\":\"2020-01-30T15:32:45+00:00\",\"dateModified\":\"2020-01-30T15:34:01+00:00\",\"breadcrumb\":{\"@id\":\"https:\\\/\\\/dorogimedence.hu\\\/index.php\\\/2020\\\/01\\\/30\\\/meg-akarta-olni-mert-az-apjat-feljelentette\\\/#breadcrumb\"},\"inLanguage\":\"hu\",\"potentialAction\":[{\"@type\":\"ReadAction\",\"target\":[\"https:\\\/\\\/dorogimedence.hu\\\/index.php\\\/2020\\\/01\\\/30\\\/meg-akarta-olni-mert-az-apjat-feljelentette\\\/\"]}]},{\"@type\":\"BreadcrumbList\",\"@id\":\"https:\\\/\\\/dorogimedence.hu\\\/index.php\\\/2020\\\/01\\\/30\\\/meg-akarta-olni-mert-az-apjat-feljelentette\\\/#breadcrumb\",\"itemListElement\":[{\"@type\":\"ListItem\",\"position\":1,\"name\":\"Kezd\u0151lap\",\"item\":\"https:\\\/\\\/dorogimedence.hu\\\/\"},{\"@type\":\"ListItem\",\"position\":2,\"name\":\"Meg akarta \u00f6lni, mert az apj\u00e1t feljelentette\"}]},{\"@type\":\"WebSite\",\"@id\":\"https:\\\/\\\/dorogimedence.hu\\\/#website\",\"url\":\"https:\\\/\\\/dorogimedence.hu\\\/\",\"name\":\"Dorogi-medence Region\u00e1lis H\u00edrport\u00e1l\",\"description\":\"Dorog, Keszt\u00f6lc, Le\u00e1nyv\u00e1r, Piliscs\u00e9v, Tokod, Tokodalt\u00e1r\u00f3, Csolnok, Esztergom-kertv\u00e1ros: h\u00edrek, programok\",\"publisher\":{\"@id\":\"https:\\\/\\\/dorogimedence.hu\\\/#organization\"},\"potentialAction\":[{\"@type\":\"SearchAction\",\"target\":{\"@type\":\"EntryPoint\",\"urlTemplate\":\"https:\\\/\\\/dorogimedence.hu\\\/?s={search_term_string}\"},\"query-input\":{\"@type\":\"PropertyValueSpecification\",\"valueRequired\":true,\"valueName\":\"search_term_string\"}}],\"inLanguage\":\"hu\"},{\"@type\":\"Organization\",\"@id\":\"https:\\\/\\\/dorogimedence.hu\\\/#organization\",\"name\":\"Dorogi-medence Region\u00e1lis H\u00edrport\u00e1l\",\"url\":\"https:\\\/\\\/dorogimedence.hu\\\/\",\"logo\":{\"@type\":\"ImageObject\",\"inLanguage\":\"hu\",\"@id\":\"https:\\\/\\\/dorogimedence.hu\\\/#\\\/schema\\\/logo\\\/image\\\/\",\"url\":\"https:\\\/\\\/dorogimedence.hu\\\/wp-content\\\/uploads\\\/2021\\\/04\\\/logo-feher-600.png\",\"contentUrl\":\"https:\\\/\\\/dorogimedence.hu\\\/wp-content\\\/uploads\\\/2021\\\/04\\\/logo-feher-600.png\",\"width\":600,\"height\":100,\"caption\":\"Dorogi-medence Region\u00e1lis H\u00edrport\u00e1l\"},\"image\":{\"@id\":\"https:\\\/\\\/dorogimedence.hu\\\/#\\\/schema\\\/logo\\\/image\\\/\"},\"sameAs\":[\"https:\\\/\\\/www.facebook.com\\\/dorogimedence\\\/\"]},{\"@type\":\"Person\",\"@id\":\"https:\\\/\\\/dorogimedence.hu\\\/#\\\/schema\\\/person\\\/ce6091eeb7e95ecdc87890d6aa8e0fd4\",\"name\":\"dorogimedence.hu\",\"image\":{\"@type\":\"ImageObject\",\"inLanguage\":\"hu\",\"@id\":\"\\\/\\\/www.gravatar.com\\\/avatar\\\/d8d45f8901aadff40a4af72c0b826f1d?s=96&#038;r=g&#038;d=mm\",\"url\":\"\\\/\\\/www.gravatar.com\\\/avatar\\\/d8d45f8901aadff40a4af72c0b826f1d?s=96&#038;r=g&#038;d=mm\",\"contentUrl\":\"\\\/\\\/www.gravatar.com\\\/avatar\\\/d8d45f8901aadff40a4af72c0b826f1d?s=96&#038;r=g&#038;d=mm\",\"caption\":\"dorogimedence.hu\"}}]}<\/script>\n<!-- \/ Yoast SEO plugin. -->","yoast_head_json":{"title":"Meg akarta \u00f6lni, mert az apj\u00e1t feljelentette","robots":{"index":"index","follow":"follow","max-snippet":"max-snippet:-1","max-image-preview":"max-image-preview:large","max-video-preview":"max-video-preview:-1"},"canonical":"https:\/\/dorogimedence.hu\/index.php\/2020\/01\/30\/meg-akarta-olni-mert-az-apjat-feljelentette\/","og_locale":"hu_HU","og_type":"article","og_title":"Meg akarta \u00f6lni, mert az apj\u00e1t feljelentette","og_description":"El\u0151zetes letart\u00f3ztat\u00e1sba ker\u00fclt az a t\u00f6bbsz\u00f6r\u00f6sen visszaes\u0151 f\u00e9rfi, aki a l\u00e1batlani s\u00e9rtettet gyilkoss\u00e1ggal fenyegette, mert az apj\u00e1t feljelentette. Az elk\u00f6vet\u0151 a megalapozott a gyan\u00fa szerint 2020. janu\u00e1r 27-\u00e9t megel\u0151z\u0151 h\u00e9t egyik napj\u00e1n, 22 \u00f3r\u00e1t k\u00f6vet\u0151 id\u0151ben megjelent a l\u00e1batlani s\u00e9rtett otthona el\u0151tt, ahol kiab\u00e1lt, ord\u00edtozott \u00e9s f\u00e9lelemkelt\u00e9s c\u00e9lj\u00e1b\u00f3l szem\u00e9ly elleni er\u0151szakos cselekm\u00e9nnyel, meg\u00f6l\u00e9ssel fenyegette meg","og_url":"https:\/\/dorogimedence.hu\/index.php\/2020\/01\/30\/meg-akarta-olni-mert-az-apjat-feljelentette\/","og_site_name":"Dorogi-medence Region\u00e1lis H\u00edrport\u00e1l","article_publisher":"https:\/\/www.facebook.com\/dorogimedence\/","article_published_time":"2020-01-30T15:32:45+00:00","article_modified_time":"2020-01-30T15:34:01+00:00","og_image":[{"width":670,"height":365,"url":"https:\/\/i0.wp.com\/dorogimedence.hu\/wp-content\/uploads\/2017\/07\/birosag-01.jpg?fit=670%2C365&ssl=1","type":"image\/jpeg"}],"author":"dorogimedence.hu","twitter_card":"summary_large_image","twitter_misc":{"Szerz\u0151:":"dorogimedence.hu","Becs\u00fclt olvas\u00e1si id\u0151":"2 perc"},"schema":{"@context":"https:\/\/schema.org","@graph":[{"@type":"Article","@id":"https:\/\/dorogimedence.hu\/index.php\/2020\/01\/30\/meg-akarta-olni-mert-az-apjat-feljelentette\/#article","isPartOf":{"@id":"https:\/\/dorogimedence.hu\/index.php\/2020\/01\/30\/meg-akarta-olni-mert-az-apjat-feljelentette\/"},"author":{"name":"dorogimedence.hu","@id":"https:\/\/dorogimedence.hu\/#\/schema\/person\/ce6091eeb7e95ecdc87890d6aa8e0fd4"},"headline":"Meg akarta \u00f6lni, mert az apj\u00e1t feljelentette","datePublished":"2020-01-30T15:32:45+00:00","dateModified":"2020-01-30T15:34:01+00:00","mainEntityOfPage":{"@id":"https:\/\/dorogimedence.hu\/index.php\/2020\/01\/30\/meg-akarta-olni-mert-az-apjat-feljelentette\/"},"wordCount":309,"publisher":{"@id":"https:\/\/dorogimedence.hu\/#organization"},"keywords":["b\u00edr\u00f3s\u00e1g","fenyeget\u00e9s","L\u00e1batlan","rend\u0151rs\u00e9gi h\u00edrek","\u00fcgy\u00e9szs\u00e9g","zaklat\u00e1s"],"articleSection":["H\u00edrek","K\u00e9k h\u00edrek"],"inLanguage":"hu"},{"@type":"WebPage","@id":"https:\/\/dorogimedence.hu\/index.php\/2020\/01\/30\/meg-akarta-olni-mert-az-apjat-feljelentette\/","url":"https:\/\/dorogimedence.hu\/index.php\/2020\/01\/30\/meg-akarta-olni-mert-az-apjat-feljelentette\/","name":"Meg akarta \u00f6lni, mert az apj\u00e1t feljelentette","isPartOf":{"@id":"https:\/\/dorogimedence.hu\/#website"},"datePublished":"2020-01-30T15:32:45+00:00","dateModified":"2020-01-30T15:34:01+00:00","breadcrumb":{"@id":"https:\/\/dorogimedence.hu\/index.php\/2020\/01\/30\/meg-akarta-olni-mert-az-apjat-feljelentette\/#breadcrumb"},"inLanguage":"hu","potentialAction":[{"@type":"ReadAction","target":["https:\/\/dorogimedence.hu\/index.php\/2020\/01\/30\/meg-akarta-olni-mert-az-apjat-feljelentette\/"]}]},{"@type":"BreadcrumbList","@id":"https:\/\/dorogimedence.hu\/index.php\/2020\/01\/30\/meg-akarta-olni-mert-az-apjat-feljelentette\/#breadcrumb","itemListElement":[{"@type":"ListItem","position":1,"name":"Kezd\u0151lap","item":"https:\/\/dorogimedence.hu\/"},{"@type":"ListItem","position":2,"name":"Meg akarta \u00f6lni, mert az apj\u00e1t feljelentette"}]},{"@type":"WebSite","@id":"https:\/\/dorogimedence.hu\/#website","url":"https:\/\/dorogimedence.hu\/","name":"Dorogi-medence Region\u00e1lis H\u00edrport\u00e1l","description":"Dorog, Keszt\u00f6lc, Le\u00e1nyv\u00e1r, Piliscs\u00e9v, Tokod, Tokodalt\u00e1r\u00f3, Csolnok, Esztergom-kertv\u00e1ros: h\u00edrek, programok","publisher":{"@id":"https:\/\/dorogimedence.hu\/#organization"},"potentialAction":[{"@type":"SearchAction","target":{"@type":"EntryPoint","urlTemplate":"https:\/\/dorogimedence.hu\/?s={search_term_string}"},"query-input":{"@type":"PropertyValueSpecification","valueRequired":true,"valueName":"search_term_string"}}],"inLanguage":"hu"},{"@type":"Organization","@id":"https:\/\/dorogimedence.hu\/#organization","name":"Dorogi-medence Region\u00e1lis H\u00edrport\u00e1l","url":"https:\/\/dorogimedence.hu\/","logo":{"@type":"ImageObject","inLanguage":"hu","@id":"https:\/\/dorogimedence.hu\/#\/schema\/logo\/image\/","url":"https:\/\/dorogimedence.hu\/wp-content\/uploads\/2021\/04\/logo-feher-600.png","contentUrl":"https:\/\/dorogimedence.hu\/wp-content\/uploads\/2021\/04\/logo-feher-600.png","width":600,"height":100,"caption":"Dorogi-medence Region\u00e1lis H\u00edrport\u00e1l"},"image":{"@id":"https:\/\/dorogimedence.hu\/#\/schema\/logo\/image\/"},"sameAs":["https:\/\/www.facebook.com\/dorogimedence\/"]},{"@type":"Person","@id":"https:\/\/dorogimedence.hu\/#\/schema\/person\/ce6091eeb7e95ecdc87890d6aa8e0fd4","name":"dorogimedence.hu","image":{"@type":"ImageObject","inLanguage":"hu","@id":"\/\/www.gravatar.com\/avatar\/d8d45f8901aadff40a4af72c0b826f1d?s=96&#038;r=g&#038;d=mm","url":"\/\/www.gravatar.com\/avatar\/d8d45f8901aadff40a4af72c0b826f1d?s=96&#038;r=g&#038;d=mm","contentUrl":"\/\/www.gravatar.com\/avatar\/d8d45f8901aadff40a4af72c0b826f1d?s=96&#038;r=g&#038;d=mm","caption":"dorogimedence.hu"}}]}},"_links":{"self":[{"href":"https:\/\/dorogimedence.hu\/index.php\/wp-json\/wp\/v2\/posts\/22603","targetHints":{"allow":["GET"]}}],"collection":[{"href":"https:\/\/dorogimedence.hu\/index.php\/wp-json\/wp\/v2\/posts"}],"about":[{"href":"https:\/\/dorogimedence.hu\/index.php\/wp-json\/wp\/v2\/types\/post"}],"author":[{"embeddable":true,"href":"https:\/\/dorogimedence.hu\/index.php\/wp-json\/wp\/v2\/users\/1"}],"replies":[{"embeddable":true,"href":"https:\/\/dorogimedence.hu\/index.php\/wp-json\/wp\/v2\/comments?post=22603"}],"version-history":[{"count":0,"href":"https:\/\/dorogimedence.hu\/index.php\/wp-json\/wp\/v2\/posts\/22603\/revisions"}],"wp:attachment":[{"href":"https:\/\/dorogimedence.hu\/index.php\/wp-json\/wp\/v2\/media?parent=22603"}],"wp:term":[{"taxonomy":"category","embeddable":true,"href":"https:\/\/dorogimedence.hu\/index.php\/wp-json\/wp\/v2\/categories?post=22603"},{"taxonomy":"post_tag","embeddable":true,"href":"https:\/\/dorogimedence.hu\/index.php\/wp-json\/wp\/v2\/tags?post=22603"}],"curies":[{"name":"wp","href":"https:\/\/api.w.org\/{rel}","templated":true}]}}