{"id":22586,"date":"2020-01-30T09:18:49","date_gmt":"2020-01-30T08:18:49","guid":{"rendered":"http:\/\/dorogimedence.hu\/?p=22586"},"modified":"2020-01-30T09:18:56","modified_gmt":"2020-01-30T08:18:56","slug":"szinlelt-szexualis-ajanlatot-kovetoen-raboltak-ki-a-sertetteket","status":"publish","type":"post","link":"https:\/\/dorogimedence.hu\/index.php\/2020\/01\/30\/szinlelt-szexualis-ajanlatot-kovetoen-raboltak-ki-a-sertetteket\/","title":{"rendered":"Sz\u00ednlelt szexu\u00e1lis aj\u00e1nlatot k\u00f6vet\u0151en rabolt\u00e1k ki a s\u00e9rtetteket"},"content":{"rendered":"<p><strong>Az Esztergomi J\u00e1r\u00e1si \u00dcgy\u00e9szs\u00e9g a csoportosan elk\u00f6vetett rabl\u00e1s b\u0171ntette miatt indult \u00fcgyben k\u00e9t f\u00e9rfi \u00e9s egy n\u0151 letart\u00f3ztat\u00e1s\u00e1nak hosszabb\u00edt\u00e1s\u00e1ra tett ind\u00edtv\u00e1nyt, amely szerint a h\u00e1rom elk\u00f6vet\u0151 hajnali \u00f3r\u00e1kban k\u00e9t f\u00e9rfit\u00f3l er\u0151szakkal vette el az \u00e9rt\u00e9keit.<\/strong><\/p>\n<p>Az elk\u00f6vet\u0151k 2019. okt\u00f3ber 8-\u00e1n egy esztergomi s\u00f6r\u00f6z\u0151ben a s\u00e9rtettek bizalm\u00e1ba f\u00e9rk\u0151ztek, mert \u00e9szrevett\u00e9k, hogy az egyik s\u00e9rtett nagyobb mennyis\u00e9g\u0171 k\u00e9szp\u00e9nzt tart mag\u00e1n\u00e1l.<\/p>\n<p>Az elk\u00f6vet\u0151k \u00e9s a s\u00e9rtettek a s\u00f6r\u00f6z\u0151b\u0151l egy m\u00e1sik b\u00e1rba mentek, ahol tov\u00e1bb folytatt\u00e1k az italoz\u00e1st, v\u00e9g\u00fcl \u00e9jf\u00e9l ut\u00e1n a s\u00e9rtettek elk\u00f6sz\u00f6ntek, \u00e9s a b\u00e1rb\u00f3l elindultak. Az elk\u00f6vet\u0151k a s\u00e9rtettek ut\u00e1n mentek, a k\u00e9t f\u00e9rfi gyan\u00fas\u00edtott kiss\u00e9 lemaradt, hogy a s\u00e9rtettek ne vegy\u00e9k \u0151ket \u00e9szre, mialatt a n\u0151 utol\u00e9rte s\u00e9rtetteket, akiknek szexu\u00e1lis kapcsolatra aj\u00e1nlkozott.<\/p>\n<p>A helysz\u00ednen ekkor megjelent a k\u00e9t f\u00e9rfi gyan\u00fas\u00edtott, akik sz\u00ednleg sz\u00e1mon k\u00e9rt\u00e9k a s\u00e9rtetteket, hogy mi\u00e9rt \u00f6lelgett\u00e9k a n\u0151t. Az egyik f\u00e9rfi \u00f6k\u00f6llel t\u00f6bbsz\u00f6r meg\u00fct\u00f6tte az egyik s\u00e9rtettet, a f\u00f6ldre r\u00e1ntva is b\u00e1ntalmazta, mik\u00f6zben a n\u0151 kivett a s\u00e9rtett nadr\u00e1gja zseb\u00e9b\u0151l 200.000,- Ft-ot. A f\u00f6ldre r\u00e1ntott s\u00e9rtett a m\u00e1sik zseb\u00e9ben t\u00e1rolt 93.000,- Ft-j\u00e1t kivette \u00e9s a sz\u00e1j\u00e1ba tette, hogy ezzel megakad\u00e1lyozza annak elv\u00e9tel\u00e9t, de a n\u0151 a s\u00e9rtett sz\u00e1j\u00e1b\u00f3l is megk\u00eds\u00e9relte kit\u00e9pni a p\u00e9nzt.&nbsp; Ezut\u00e1n a n\u0151 is b\u00e1ntalmazta a f\u00f6ld\u00f6n l\u00e9v\u0151 s\u00e9rtettet. Ezzel egyidej\u0171leg a m\u00e1sik f\u00e9rfi gyan\u00fas\u00edtott a m\u00e1sik s\u00e9rtettet a f\u00f6ldre nyomta, ott lefogta, \u00e9s a s\u00e9rtett nadr\u00e1gja zseb\u00e9b\u0151l kivette a 340.000,- Ft \u00e9rt\u00e9k\u0171 mobil telefonj\u00e1t \u00e9s azt a saj\u00e1t zseb\u00e9be tette.<\/p>\n<p>Az \u00fcgy\u00e9szs\u00e9g ind\u00edtv\u00e1ny\u00e1ra a nyomoz\u00e1si b\u00edr\u00f3 2019. okt\u00f3ber 11. napj\u00e1n rendelte el a h\u00e1rom elk\u00f6vet\u0151 letart\u00f3ztat\u00e1s\u00e1t, mert megalapozottan feltehet\u0151, hogy a bizony\u00edt\u00e1st vesz\u00e9lyeztetn\u00e9k, valamint a b\u00fcntet\u0151elj\u00e1r\u00e1sban el\u00e9rhetetlenn\u00e9 v\u00e1ln\u00e1nak. A letart\u00f3ztat\u00e1s hat\u00e1ridej\u00e9t a b\u00edr\u00f3s\u00e1g legut\u00f3bb 2020. febru\u00e1r 11. napj\u00e1ig hosszabb\u00edtotta meg.<\/p>\n<p>Az \u00fcgy\u00e9szs\u00e9g ind\u00edtv\u00e1nyozta a k\u00e9t f\u00e9rfi \u00e9s a n\u0151 letart\u00f3ztat\u00e1s\u00e1nak \u00fajabb kett\u0151 h\u00f3nappal, v\u00e1ltozatlan okokb\u00f3l t\u00f6rt\u00e9n\u0151 meghosszabb\u00edt\u00e1s\u00e1t.<\/p>\n<p><strong><em>Kom\u00e1rom-Esztergom Megyei F\u0151\u00fcgy\u00e9szs\u00e9g<\/em><\/strong><\/p>\n","protected":false},"excerpt":{"rendered":"<p>Az Esztergomi J\u00e1r\u00e1si \u00dcgy\u00e9szs\u00e9g a csoportosan elk\u00f6vetett rabl\u00e1s b\u0171ntette miatt indult \u00fcgyben k\u00e9t f\u00e9rfi \u00e9s egy n\u0151 letart\u00f3ztat\u00e1s\u00e1nak hosszabb\u00edt\u00e1s\u00e1ra tett ind\u00edtv\u00e1nyt, amely szerint a h\u00e1rom elk\u00f6vet\u0151 hajnali \u00f3r\u00e1kban k\u00e9t f\u00e9rfit\u00f3l er\u0151szakkal vette el az \u00e9rt\u00e9keit. Az elk\u00f6vet\u0151k 2019. okt\u00f3ber 8-\u00e1n egy esztergomi s\u00f6r\u00f6z\u0151ben a s\u00e9rtettek bizalm\u00e1ba f\u00e9rk\u0151ztek, mert \u00e9szrevett\u00e9k, hogy az egyik s\u00e9rtett nagyobb mennyis\u00e9g\u0171<\/p>\n","protected":false},"author":1,"featured_media":0,"comment_status":"closed","ping_status":"closed","sticky":false,"template":"","format":"standard","meta":{"ngg_post_thumbnail":0,"footnotes":""},"categories":[38,3,39],"tags":[1042,42,61,326],"class_list":{"0":"post-22586","1":"post","2":"type-post","3":"status-publish","4":"format-standard","6":"category-esztergom","7":"category-hirek","8":"category-kek-hirek","9":"tag-birosag","10":"tag-esztergom","11":"tag-rendorsegi-hirek","12":"tag-ugyeszseg"},"yoast_head":"<!-- This site is optimized with the Yoast SEO plugin v27.4 - https:\/\/yoast.com\/product\/yoast-seo-wordpress\/ -->\n<title>Sz\u00ednlelt szexu\u00e1lis aj\u00e1nlatot k\u00f6vet\u0151en rabolt\u00e1k ki a s\u00e9rtetteket<\/title>\n<meta name=\"robots\" content=\"index, follow, max-snippet:-1, max-image-preview:large, max-video-preview:-1\" \/>\n<link rel=\"canonical\" href=\"https:\/\/dorogimedence.hu\/index.php\/2020\/01\/30\/szinlelt-szexualis-ajanlatot-kovetoen-raboltak-ki-a-sertetteket\/\" class=\"yoast-seo-meta-tag\" \/>\n<meta property=\"og:locale\" content=\"hu_HU\" class=\"yoast-seo-meta-tag\" \/>\n<meta property=\"og:type\" content=\"article\" class=\"yoast-seo-meta-tag\" \/>\n<meta property=\"og:title\" content=\"Sz\u00ednlelt szexu\u00e1lis aj\u00e1nlatot k\u00f6vet\u0151en rabolt\u00e1k ki a s\u00e9rtetteket\" class=\"yoast-seo-meta-tag\" \/>\n<meta property=\"og:description\" content=\"Az Esztergomi J\u00e1r\u00e1si \u00dcgy\u00e9szs\u00e9g a csoportosan elk\u00f6vetett rabl\u00e1s b\u0171ntette miatt indult \u00fcgyben k\u00e9t f\u00e9rfi \u00e9s egy n\u0151 letart\u00f3ztat\u00e1s\u00e1nak hosszabb\u00edt\u00e1s\u00e1ra tett ind\u00edtv\u00e1nyt, amely szerint a h\u00e1rom elk\u00f6vet\u0151 hajnali \u00f3r\u00e1kban k\u00e9t f\u00e9rfit\u00f3l er\u0151szakkal vette el az \u00e9rt\u00e9keit. Az elk\u00f6vet\u0151k 2019. okt\u00f3ber 8-\u00e1n egy esztergomi s\u00f6r\u00f6z\u0151ben a s\u00e9rtettek bizalm\u00e1ba f\u00e9rk\u0151ztek, mert \u00e9szrevett\u00e9k, hogy az egyik s\u00e9rtett nagyobb mennyis\u00e9g\u0171\" class=\"yoast-seo-meta-tag\" \/>\n<meta property=\"og:url\" content=\"https:\/\/dorogimedence.hu\/index.php\/2020\/01\/30\/szinlelt-szexualis-ajanlatot-kovetoen-raboltak-ki-a-sertetteket\/\" class=\"yoast-seo-meta-tag\" \/>\n<meta property=\"og:site_name\" content=\"Dorogi-medence Region\u00e1lis H\u00edrport\u00e1l\" class=\"yoast-seo-meta-tag\" \/>\n<meta property=\"article:publisher\" content=\"https:\/\/www.facebook.com\/dorogimedence\/\" class=\"yoast-seo-meta-tag\" \/>\n<meta property=\"article:published_time\" content=\"2020-01-30T08:18:49+00:00\" class=\"yoast-seo-meta-tag\" \/>\n<meta property=\"article:modified_time\" content=\"2020-01-30T08:18:56+00:00\" class=\"yoast-seo-meta-tag\" \/>\n<meta property=\"og:image\" content=\"https:\/\/i0.wp.com\/dorogimedence.hu\/wp-content\/uploads\/2017\/06\/birosag.jpg?fit=670%2C365&ssl=1\" class=\"yoast-seo-meta-tag\" \/>\n\t<meta property=\"og:image:width\" content=\"670\" class=\"yoast-seo-meta-tag\" \/>\n\t<meta property=\"og:image:height\" content=\"365\" class=\"yoast-seo-meta-tag\" \/>\n\t<meta property=\"og:image:type\" content=\"image\/jpeg\" class=\"yoast-seo-meta-tag\" \/>\n<meta name=\"author\" content=\"dorogimedence.hu\" class=\"yoast-seo-meta-tag\" \/>\n<meta name=\"twitter:card\" content=\"summary_large_image\" class=\"yoast-seo-meta-tag\" \/>\n<meta name=\"twitter:label1\" content=\"Szerz\u0151:\" class=\"yoast-seo-meta-tag\" \/>\n\t<meta name=\"twitter:data1\" content=\"dorogimedence.hu\" class=\"yoast-seo-meta-tag\" \/>\n\t<meta name=\"twitter:label2\" content=\"Becs\u00fclt olvas\u00e1si id\u0151\" class=\"yoast-seo-meta-tag\" \/>\n\t<meta name=\"twitter:data2\" content=\"2 perc\" class=\"yoast-seo-meta-tag\" \/>\n<script type=\"application\/ld+json\" class=\"yoast-schema-graph\">{\"@context\":\"https:\\\/\\\/schema.org\",\"@graph\":[{\"@type\":\"Article\",\"@id\":\"https:\\\/\\\/dorogimedence.hu\\\/index.php\\\/2020\\\/01\\\/30\\\/szinlelt-szexualis-ajanlatot-kovetoen-raboltak-ki-a-sertetteket\\\/#article\",\"isPartOf\":{\"@id\":\"https:\\\/\\\/dorogimedence.hu\\\/index.php\\\/2020\\\/01\\\/30\\\/szinlelt-szexualis-ajanlatot-kovetoen-raboltak-ki-a-sertetteket\\\/\"},\"author\":{\"name\":\"dorogimedence.hu\",\"@id\":\"https:\\\/\\\/dorogimedence.hu\\\/#\\\/schema\\\/person\\\/ce6091eeb7e95ecdc87890d6aa8e0fd4\"},\"headline\":\"Sz\u00ednlelt szexu\u00e1lis aj\u00e1nlatot k\u00f6vet\u0151en rabolt\u00e1k ki a s\u00e9rtetteket\",\"datePublished\":\"2020-01-30T08:18:49+00:00\",\"dateModified\":\"2020-01-30T08:18:56+00:00\",\"mainEntityOfPage\":{\"@id\":\"https:\\\/\\\/dorogimedence.hu\\\/index.php\\\/2020\\\/01\\\/30\\\/szinlelt-szexualis-ajanlatot-kovetoen-raboltak-ki-a-sertetteket\\\/\"},\"wordCount\":503,\"publisher\":{\"@id\":\"https:\\\/\\\/dorogimedence.hu\\\/#organization\"},\"keywords\":[\"b\u00edr\u00f3s\u00e1g\",\"esztergom\",\"rend\u0151rs\u00e9gi h\u00edrek\",\"\u00fcgy\u00e9szs\u00e9g\"],\"articleSection\":[\"Esztergom\",\"H\u00edrek\",\"K\u00e9k h\u00edrek\"],\"inLanguage\":\"hu\"},{\"@type\":\"WebPage\",\"@id\":\"https:\\\/\\\/dorogimedence.hu\\\/index.php\\\/2020\\\/01\\\/30\\\/szinlelt-szexualis-ajanlatot-kovetoen-raboltak-ki-a-sertetteket\\\/\",\"url\":\"https:\\\/\\\/dorogimedence.hu\\\/index.php\\\/2020\\\/01\\\/30\\\/szinlelt-szexualis-ajanlatot-kovetoen-raboltak-ki-a-sertetteket\\\/\",\"name\":\"Sz\u00ednlelt szexu\u00e1lis aj\u00e1nlatot k\u00f6vet\u0151en rabolt\u00e1k ki a s\u00e9rtetteket\",\"isPartOf\":{\"@id\":\"https:\\\/\\\/dorogimedence.hu\\\/#website\"},\"datePublished\":\"2020-01-30T08:18:49+00:00\",\"dateModified\":\"2020-01-30T08:18:56+00:00\",\"breadcrumb\":{\"@id\":\"https:\\\/\\\/dorogimedence.hu\\\/index.php\\\/2020\\\/01\\\/30\\\/szinlelt-szexualis-ajanlatot-kovetoen-raboltak-ki-a-sertetteket\\\/#breadcrumb\"},\"inLanguage\":\"hu\",\"potentialAction\":[{\"@type\":\"ReadAction\",\"target\":[\"https:\\\/\\\/dorogimedence.hu\\\/index.php\\\/2020\\\/01\\\/30\\\/szinlelt-szexualis-ajanlatot-kovetoen-raboltak-ki-a-sertetteket\\\/\"]}]},{\"@type\":\"BreadcrumbList\",\"@id\":\"https:\\\/\\\/dorogimedence.hu\\\/index.php\\\/2020\\\/01\\\/30\\\/szinlelt-szexualis-ajanlatot-kovetoen-raboltak-ki-a-sertetteket\\\/#breadcrumb\",\"itemListElement\":[{\"@type\":\"ListItem\",\"position\":1,\"name\":\"Kezd\u0151lap\",\"item\":\"https:\\\/\\\/dorogimedence.hu\\\/\"},{\"@type\":\"ListItem\",\"position\":2,\"name\":\"Sz\u00ednlelt szexu\u00e1lis aj\u00e1nlatot k\u00f6vet\u0151en rabolt\u00e1k ki a s\u00e9rtetteket\"}]},{\"@type\":\"WebSite\",\"@id\":\"https:\\\/\\\/dorogimedence.hu\\\/#website\",\"url\":\"https:\\\/\\\/dorogimedence.hu\\\/\",\"name\":\"Dorogi-medence Region\u00e1lis H\u00edrport\u00e1l\",\"description\":\"Dorog, Keszt\u00f6lc, Le\u00e1nyv\u00e1r, Piliscs\u00e9v, Tokod, Tokodalt\u00e1r\u00f3, Csolnok, Esztergom-kertv\u00e1ros: h\u00edrek, programok\",\"publisher\":{\"@id\":\"https:\\\/\\\/dorogimedence.hu\\\/#organization\"},\"potentialAction\":[{\"@type\":\"SearchAction\",\"target\":{\"@type\":\"EntryPoint\",\"urlTemplate\":\"https:\\\/\\\/dorogimedence.hu\\\/?s={search_term_string}\"},\"query-input\":{\"@type\":\"PropertyValueSpecification\",\"valueRequired\":true,\"valueName\":\"search_term_string\"}}],\"inLanguage\":\"hu\"},{\"@type\":\"Organization\",\"@id\":\"https:\\\/\\\/dorogimedence.hu\\\/#organization\",\"name\":\"Dorogi-medence Region\u00e1lis H\u00edrport\u00e1l\",\"url\":\"https:\\\/\\\/dorogimedence.hu\\\/\",\"logo\":{\"@type\":\"ImageObject\",\"inLanguage\":\"hu\",\"@id\":\"https:\\\/\\\/dorogimedence.hu\\\/#\\\/schema\\\/logo\\\/image\\\/\",\"url\":\"https:\\\/\\\/dorogimedence.hu\\\/wp-content\\\/uploads\\\/2021\\\/04\\\/logo-feher-600.png\",\"contentUrl\":\"https:\\\/\\\/dorogimedence.hu\\\/wp-content\\\/uploads\\\/2021\\\/04\\\/logo-feher-600.png\",\"width\":600,\"height\":100,\"caption\":\"Dorogi-medence Region\u00e1lis H\u00edrport\u00e1l\"},\"image\":{\"@id\":\"https:\\\/\\\/dorogimedence.hu\\\/#\\\/schema\\\/logo\\\/image\\\/\"},\"sameAs\":[\"https:\\\/\\\/www.facebook.com\\\/dorogimedence\\\/\"]},{\"@type\":\"Person\",\"@id\":\"https:\\\/\\\/dorogimedence.hu\\\/#\\\/schema\\\/person\\\/ce6091eeb7e95ecdc87890d6aa8e0fd4\",\"name\":\"dorogimedence.hu\",\"image\":{\"@type\":\"ImageObject\",\"inLanguage\":\"hu\",\"@id\":\"\\\/\\\/www.gravatar.com\\\/avatar\\\/d8d45f8901aadff40a4af72c0b826f1d?s=96&#038;r=g&#038;d=mm\",\"url\":\"\\\/\\\/www.gravatar.com\\\/avatar\\\/d8d45f8901aadff40a4af72c0b826f1d?s=96&#038;r=g&#038;d=mm\",\"contentUrl\":\"\\\/\\\/www.gravatar.com\\\/avatar\\\/d8d45f8901aadff40a4af72c0b826f1d?s=96&#038;r=g&#038;d=mm\",\"caption\":\"dorogimedence.hu\"}}]}<\/script>\n<!-- \/ Yoast SEO plugin. -->","yoast_head_json":{"title":"Sz\u00ednlelt szexu\u00e1lis aj\u00e1nlatot k\u00f6vet\u0151en rabolt\u00e1k ki a s\u00e9rtetteket","robots":{"index":"index","follow":"follow","max-snippet":"max-snippet:-1","max-image-preview":"max-image-preview:large","max-video-preview":"max-video-preview:-1"},"canonical":"https:\/\/dorogimedence.hu\/index.php\/2020\/01\/30\/szinlelt-szexualis-ajanlatot-kovetoen-raboltak-ki-a-sertetteket\/","og_locale":"hu_HU","og_type":"article","og_title":"Sz\u00ednlelt szexu\u00e1lis aj\u00e1nlatot k\u00f6vet\u0151en rabolt\u00e1k ki a s\u00e9rtetteket","og_description":"Az Esztergomi J\u00e1r\u00e1si \u00dcgy\u00e9szs\u00e9g a csoportosan elk\u00f6vetett rabl\u00e1s b\u0171ntette miatt indult \u00fcgyben k\u00e9t f\u00e9rfi \u00e9s egy n\u0151 letart\u00f3ztat\u00e1s\u00e1nak hosszabb\u00edt\u00e1s\u00e1ra tett ind\u00edtv\u00e1nyt, amely szerint a h\u00e1rom elk\u00f6vet\u0151 hajnali \u00f3r\u00e1kban k\u00e9t f\u00e9rfit\u00f3l er\u0151szakkal vette el az \u00e9rt\u00e9keit. Az elk\u00f6vet\u0151k 2019. okt\u00f3ber 8-\u00e1n egy esztergomi s\u00f6r\u00f6z\u0151ben a s\u00e9rtettek bizalm\u00e1ba f\u00e9rk\u0151ztek, mert \u00e9szrevett\u00e9k, hogy az egyik s\u00e9rtett nagyobb mennyis\u00e9g\u0171","og_url":"https:\/\/dorogimedence.hu\/index.php\/2020\/01\/30\/szinlelt-szexualis-ajanlatot-kovetoen-raboltak-ki-a-sertetteket\/","og_site_name":"Dorogi-medence Region\u00e1lis H\u00edrport\u00e1l","article_publisher":"https:\/\/www.facebook.com\/dorogimedence\/","article_published_time":"2020-01-30T08:18:49+00:00","article_modified_time":"2020-01-30T08:18:56+00:00","og_image":[{"width":670,"height":365,"url":"https:\/\/i0.wp.com\/dorogimedence.hu\/wp-content\/uploads\/2017\/06\/birosag.jpg?fit=670%2C365&ssl=1","type":"image\/jpeg"}],"author":"dorogimedence.hu","twitter_card":"summary_large_image","twitter_misc":{"Szerz\u0151:":"dorogimedence.hu","Becs\u00fclt olvas\u00e1si id\u0151":"2 perc"},"schema":{"@context":"https:\/\/schema.org","@graph":[{"@type":"Article","@id":"https:\/\/dorogimedence.hu\/index.php\/2020\/01\/30\/szinlelt-szexualis-ajanlatot-kovetoen-raboltak-ki-a-sertetteket\/#article","isPartOf":{"@id":"https:\/\/dorogimedence.hu\/index.php\/2020\/01\/30\/szinlelt-szexualis-ajanlatot-kovetoen-raboltak-ki-a-sertetteket\/"},"author":{"name":"dorogimedence.hu","@id":"https:\/\/dorogimedence.hu\/#\/schema\/person\/ce6091eeb7e95ecdc87890d6aa8e0fd4"},"headline":"Sz\u00ednlelt szexu\u00e1lis aj\u00e1nlatot k\u00f6vet\u0151en rabolt\u00e1k ki a s\u00e9rtetteket","datePublished":"2020-01-30T08:18:49+00:00","dateModified":"2020-01-30T08:18:56+00:00","mainEntityOfPage":{"@id":"https:\/\/dorogimedence.hu\/index.php\/2020\/01\/30\/szinlelt-szexualis-ajanlatot-kovetoen-raboltak-ki-a-sertetteket\/"},"wordCount":503,"publisher":{"@id":"https:\/\/dorogimedence.hu\/#organization"},"keywords":["b\u00edr\u00f3s\u00e1g","esztergom","rend\u0151rs\u00e9gi h\u00edrek","\u00fcgy\u00e9szs\u00e9g"],"articleSection":["Esztergom","H\u00edrek","K\u00e9k h\u00edrek"],"inLanguage":"hu"},{"@type":"WebPage","@id":"https:\/\/dorogimedence.hu\/index.php\/2020\/01\/30\/szinlelt-szexualis-ajanlatot-kovetoen-raboltak-ki-a-sertetteket\/","url":"https:\/\/dorogimedence.hu\/index.php\/2020\/01\/30\/szinlelt-szexualis-ajanlatot-kovetoen-raboltak-ki-a-sertetteket\/","name":"Sz\u00ednlelt szexu\u00e1lis aj\u00e1nlatot k\u00f6vet\u0151en rabolt\u00e1k ki a s\u00e9rtetteket","isPartOf":{"@id":"https:\/\/dorogimedence.hu\/#website"},"datePublished":"2020-01-30T08:18:49+00:00","dateModified":"2020-01-30T08:18:56+00:00","breadcrumb":{"@id":"https:\/\/dorogimedence.hu\/index.php\/2020\/01\/30\/szinlelt-szexualis-ajanlatot-kovetoen-raboltak-ki-a-sertetteket\/#breadcrumb"},"inLanguage":"hu","potentialAction":[{"@type":"ReadAction","target":["https:\/\/dorogimedence.hu\/index.php\/2020\/01\/30\/szinlelt-szexualis-ajanlatot-kovetoen-raboltak-ki-a-sertetteket\/"]}]},{"@type":"BreadcrumbList","@id":"https:\/\/dorogimedence.hu\/index.php\/2020\/01\/30\/szinlelt-szexualis-ajanlatot-kovetoen-raboltak-ki-a-sertetteket\/#breadcrumb","itemListElement":[{"@type":"ListItem","position":1,"name":"Kezd\u0151lap","item":"https:\/\/dorogimedence.hu\/"},{"@type":"ListItem","position":2,"name":"Sz\u00ednlelt szexu\u00e1lis aj\u00e1nlatot k\u00f6vet\u0151en rabolt\u00e1k ki a s\u00e9rtetteket"}]},{"@type":"WebSite","@id":"https:\/\/dorogimedence.hu\/#website","url":"https:\/\/dorogimedence.hu\/","name":"Dorogi-medence Region\u00e1lis H\u00edrport\u00e1l","description":"Dorog, Keszt\u00f6lc, Le\u00e1nyv\u00e1r, Piliscs\u00e9v, Tokod, Tokodalt\u00e1r\u00f3, Csolnok, Esztergom-kertv\u00e1ros: h\u00edrek, programok","publisher":{"@id":"https:\/\/dorogimedence.hu\/#organization"},"potentialAction":[{"@type":"SearchAction","target":{"@type":"EntryPoint","urlTemplate":"https:\/\/dorogimedence.hu\/?s={search_term_string}"},"query-input":{"@type":"PropertyValueSpecification","valueRequired":true,"valueName":"search_term_string"}}],"inLanguage":"hu"},{"@type":"Organization","@id":"https:\/\/dorogimedence.hu\/#organization","name":"Dorogi-medence Region\u00e1lis H\u00edrport\u00e1l","url":"https:\/\/dorogimedence.hu\/","logo":{"@type":"ImageObject","inLanguage":"hu","@id":"https:\/\/dorogimedence.hu\/#\/schema\/logo\/image\/","url":"https:\/\/dorogimedence.hu\/wp-content\/uploads\/2021\/04\/logo-feher-600.png","contentUrl":"https:\/\/dorogimedence.hu\/wp-content\/uploads\/2021\/04\/logo-feher-600.png","width":600,"height":100,"caption":"Dorogi-medence Region\u00e1lis H\u00edrport\u00e1l"},"image":{"@id":"https:\/\/dorogimedence.hu\/#\/schema\/logo\/image\/"},"sameAs":["https:\/\/www.facebook.com\/dorogimedence\/"]},{"@type":"Person","@id":"https:\/\/dorogimedence.hu\/#\/schema\/person\/ce6091eeb7e95ecdc87890d6aa8e0fd4","name":"dorogimedence.hu","image":{"@type":"ImageObject","inLanguage":"hu","@id":"\/\/www.gravatar.com\/avatar\/d8d45f8901aadff40a4af72c0b826f1d?s=96&#038;r=g&#038;d=mm","url":"\/\/www.gravatar.com\/avatar\/d8d45f8901aadff40a4af72c0b826f1d?s=96&#038;r=g&#038;d=mm","contentUrl":"\/\/www.gravatar.com\/avatar\/d8d45f8901aadff40a4af72c0b826f1d?s=96&#038;r=g&#038;d=mm","caption":"dorogimedence.hu"}}]}},"_links":{"self":[{"href":"https:\/\/dorogimedence.hu\/index.php\/wp-json\/wp\/v2\/posts\/22586","targetHints":{"allow":["GET"]}}],"collection":[{"href":"https:\/\/dorogimedence.hu\/index.php\/wp-json\/wp\/v2\/posts"}],"about":[{"href":"https:\/\/dorogimedence.hu\/index.php\/wp-json\/wp\/v2\/types\/post"}],"author":[{"embeddable":true,"href":"https:\/\/dorogimedence.hu\/index.php\/wp-json\/wp\/v2\/users\/1"}],"replies":[{"embeddable":true,"href":"https:\/\/dorogimedence.hu\/index.php\/wp-json\/wp\/v2\/comments?post=22586"}],"version-history":[{"count":0,"href":"https:\/\/dorogimedence.hu\/index.php\/wp-json\/wp\/v2\/posts\/22586\/revisions"}],"wp:attachment":[{"href":"https:\/\/dorogimedence.hu\/index.php\/wp-json\/wp\/v2\/media?parent=22586"}],"wp:term":[{"taxonomy":"category","embeddable":true,"href":"https:\/\/dorogimedence.hu\/index.php\/wp-json\/wp\/v2\/categories?post=22586"},{"taxonomy":"post_tag","embeddable":true,"href":"https:\/\/dorogimedence.hu\/index.php\/wp-json\/wp\/v2\/tags?post=22586"}],"curies":[{"name":"wp","href":"https:\/\/api.w.org\/{rel}","templated":true}]}}