{"id":2244,"date":"2017-04-10T17:29:32","date_gmt":"2017-04-10T15:29:32","guid":{"rendered":"http:\/\/dorogimedence.hu\/?p=2244"},"modified":"2017-04-10T17:29:32","modified_gmt":"2017-04-10T15:29:32","slug":"nebih-jo-tanacsok-sonka-es-tojasvasarlashoz","status":"publish","type":"post","link":"https:\/\/dorogimedence.hu\/index.php\/2017\/04\/10\/nebih-jo-tanacsok-sonka-es-tojasvasarlashoz\/","title":{"rendered":"N\u00c9BIH: j\u00f3 tan\u00e1csok sonka- \u00e9s toj\u00e1sv\u00e1s\u00e1rl\u00e1shoz"},"content":{"rendered":"<p class=\"lead\"><strong>A sonka \u00e9s a toj\u00e1s egyar\u00e1nt el\u0151kel\u0151 helyet foglal el a h\u00fasv\u00e9ti \u00fcnnepi asztalon. A Nemzeti \u00c9lelmiszerl\u00e1nc-biztons\u00e1gi Hivatal (N\u00c9BIH) \u00f6sszegy\u0171jt\u00f6tte a k\u00e9t n\u00e9pszer\u0171 term\u00e9kkel kapcsolatos legfontosabb tudnival\u00f3kat, valamint, hogy mire figyelj\u00fcnk v\u00e1s\u00e1rl\u00e1skor.<\/strong><\/p>\n<p>A sonk\u00e1k k\u00f6z\u00f6tt megk\u00fcl\u00f6nb\u00f6ztetj\u00fck a nyers, a h\u0151kezelt, valamint a form\u00e1ban vagy b\u00e9lben h\u0151kezelt sonk\u00e1k alcsoportj\u00e1t. Emellett k\u00fcl\u00f6n kateg\u00f3ri\u00e1t k\u00e9pez a parasztsonka. Valamennyi term\u00e9k min\u0151s\u00e9gi k\u00f6vetelm\u00e9nyeit a Magyar \u00c9lelmiszerk\u00f6nyv szab\u00e1lyozza. \u201eH\u00fasv\u00e9ti sonka\u201d alatt a nyers sonk\u00e1kat, a h\u0151kezelt sonk\u00e1kat \u00e9s a parasztsonk\u00e1t \u00e9rtj\u00fck.<\/p>\n<p>V\u00e1s\u00e1rl\u00e1skor \u00e9rdemes alaposan tanulm\u00e1nyozni a jel\u00f6l\u00e9st, ami egy\u00e9rtelm\u0171en megmutatja, hogy milyen t\u00edpus\u00fa \u00e9s min\u0151s\u00e9g\u0171 term\u00e9kkel van dolgunk. A c\u00edmk\u00e9n a nyers sonk\u00e1k eset\u00e9ben a \u201enyers sonka\u201d, a h\u0151kezelt sonk\u00e1k eset\u00e9ben \u201ef\u0151tt sonka\u201d vagy \u201es\u00fclt sonka\u201d alapmegnevez\u00e9st olvashatjuk.<\/p>\n<p>Szint\u00e9n \u00e9rdemes figyelni, hogy hagyom\u00e1nyos p\u00e1col\u00e1ssal, vagy gyorsp\u00e1col\u00e1ssal k\u00e9sz\u00fclt-e a term\u00e9k, valamint, hogy a jel\u00f6l\u00e9sen a \u201ef\u00fcst\u00f6lt\u201d vagy a \u201ef\u00fcst\u00f6lt \u00edz\u0171\u201d kifejez\u00e9s szerepel-e. Ut\u00f3bbin\u00e1l ugyanis \u2013 a kem\u00e9nyfa \u00e9get\u00e9se vagy a f\u00fcstaroma l\u00e9gt\u00e9rbe p\u00e1rologtat\u00e1sa helyett \u2013 k\u00f6zvetlen\u00fcl juttatj\u00e1k az arom\u00e1t a h\u00fask\u00e9sz\u00edtm\u00e9nybe. A hagyom\u00e1nyos p\u00e1colt, f\u00fcst\u00f6lt sonka \u00edz-\u00e9lm\u00e9nyt keres\u0151knek nem javasolt a \u201egyorsp\u00e1colt\u201d \u00e9s \u201ef\u00fcst\u00f6lt \u00edz\u0171\u201d jelz\u0151vel ell\u00e1tott term\u00e9kek v\u00e1laszt\u00e1sa.<\/p>\n<p>V\u00e1s\u00e1rl\u00e1sn\u00e1l, a lej\u00e1rati id\u0151 mellett, \u00e9rdemes ellen\u0151rizni, hogy a sonka ne legyen t\u00fal kem\u00e9ny vagy besz\u00e1radt, valamint fontos, hogy a term\u00e9k \u2013 nyom\u00e1s n\u00e9lk\u00fcl \u2013 ne engedjen levet. Ker\u00fclj\u00fck az alkalmi \u00e1rusokat \u00e9s csak megb\u00edzhat\u00f3, leg\u00e1lis helyr\u0151l v\u00e1s\u00e1roljunk. Csomagolatlan, \u00fagynevezett l\u00e9dig term\u00e9kek eset\u00e9n ezekr\u0151l az inform\u00e1ci\u00f3kr\u00f3l a forgalmaz\u00f3t\u00f3l k\u00e9rhet\u00fcnk t\u00e1j\u00e9koztat\u00e1st.<\/p>\n<p>2017. augusztus 1-j\u00e9t\u0151l kell k\u00f6telez\u0151en alkalmazni a Magyar \u00c9lelmiszerk\u00f6nyv m\u00f3dos\u00edt\u00e1s\u00e1t, amely a sonk\u00e1kra vonatkoz\u00f3an is tartalmaz v\u00e1ltoztat\u00e1sokat, p\u00e9ld\u00e1ul baromfi mellb\u0151l \u00e9s combb\u00f3l nem lehet h\u0151kezelt sonk\u00e1t k\u00e9sz\u00edteni. Tov\u00e1bbi v\u00e1ltoz\u00e1s, hogy \u00faj csoportok lesznek (parasztlapocka \u00e9s sz\u00e1r\u00edtott nyers sonka); valamint, hogy t\u00f6bb min\u0151s\u00e9gi param\u00e9tert is szigor\u00edtottak, cs\u00f6kken p\u00e9ld\u00e1ul a maxim\u00e1lis s\u00f3tartalom. Szint\u00e9n fontos \u00faj\u00edt\u00e1s lesz, hogy a f\u00fcstaroma l\u00e9gt\u00e9rbe t\u00f6rt\u00e9n\u0151 p\u00e1rologtat\u00e1s\u00e1val f\u00fcst\u00f6lt term\u00e9ket nem lehet majd \u201ef\u00fcst\u00f6lt\u201d-nek nevezni. Helyette a \u201efoly\u00e9kony f\u00fcsttel f\u00fcst\u00f6lt\u2026\u201d vagy \u201ef\u00fcstoldattal f\u00fcst\u00f6lt\u2026\u201d jelz\u0151t kell haszn\u00e1lni.<\/p>\n<p>Toj\u00e1sv\u00e1s\u00e1rl\u00e1skor fontos, hogy csak tiszta, friss, \u00e9p toj\u00e1st vegy\u00fcnk. A toj\u00e1s doboz\u00e1n ellen\u0151rizz\u00fck a min\u0151s\u00e9g-meg\u0151rz\u00e9si id\u0151 lej\u00e1rat\u00e1nak d\u00e1tum\u00e1t, k\u00f6zeli lej\u00e1rati idej\u0171 term\u00e9k eset\u00e9n gondoljuk \u00e1t, mikor, mire szeretn\u00e9nk felhaszn\u00e1lni a toj\u00e1st.<\/p>\n<p>A toj\u00e1sokon szerepl\u0151 k\u00f3d els\u0151 sz\u00e1mjele a tart\u00e1si technol\u00f3gi\u00e1ra utal (0-biotart\u00e1s,1-szabad tart\u00e1s, 2-m\u00e9lyalmos \u00e9s 3-ketreces technol\u00f3gi\u00e1b\u00f3l sz\u00e1rmazik), amit a sz\u00e1rmaz\u00e1si orsz\u00e1g bet\u0171jele \u00e9s a termel\u0151 t\u00edzjegy\u0171 regisztr\u00e1ci\u00f3s sz\u00e1ma k\u00f6vet. A kistermel\u0151k jel\u00f6l\u00e9s n\u00e9lk\u00fcl \u00e1rus\u00edthatnak a helyi piacokon, t\u0151l\u00fck sz\u00f3ban k\u00e9rhet\u00fcnk t\u00e1j\u00e9koztat\u00e1st.<\/p>\n<p>Az \u00fczletekben a toj\u00e1st t\u00e1lc\u00e1r\u00f3l hagyom\u00e1nyos kiszolg\u00e1l\u00e1ssal vagy \u00f6nkiszolg\u00e1l\u00e1ssal is lehet \u00e1rus\u00edtani. Ilyen \u00e1rus\u00edt\u00e1si m\u00f3dok eset\u00e9n felt\u0171n\u0151 helyen kihelyezett feliraton t\u00e1j\u00e9koztatni kell a v\u00e1s\u00e1rl\u00f3kat a k\u00f6vetkez\u0151 inform\u00e1ci\u00f3kr\u00f3l: a toj\u00e1scsomagol\u00f3 k\u00f6zpont azonos\u00edt\u00f3 sz\u00e1ma, a min\u0151s\u00e9g-meg\u0151rz\u00e9si id\u0151 lej\u00e1rat\u00e1nak d\u00e1tuma, valamint a megfelel\u0151 t\u00e1rol\u00e1sra vonatkoz\u00f3 aj\u00e1nl\u00e1sok.<\/p>\n<p>Az \u00fcnnepekhez (is) k\u00f6t\u0151d\u0151 tov\u00e1bbi hasznos \u00e9lelmiszerbiztons\u00e1gi tan\u00e1csokat olvashatnak a N\u00c9BIH \u00c9telt csak okosan kamp\u00e1ny\u00e1nak weboldal\u00e1n: <a href=\"http:\/\/www.eteltcsakokosan.hu\/\">www.eteltcsakokosan.hu<\/a>.<\/p>\n<p><em>Forr\u00e1s: portal.nebih.gov.hu<\/em><\/p>\n","protected":false},"excerpt":{"rendered":"<p>A sonka \u00e9s a toj\u00e1s egyar\u00e1nt el\u0151kel\u0151 helyet foglal el a h\u00fasv\u00e9ti \u00fcnnepi asztalon. A Nemzeti \u00c9lelmiszerl\u00e1nc-biztons\u00e1gi Hivatal (N\u00c9BIH) \u00f6sszegy\u0171jt\u00f6tte a k\u00e9t n\u00e9pszer\u0171 term\u00e9kkel kapcsolatos legfontosabb tudnival\u00f3kat, valamint, hogy mire figyelj\u00fcnk v\u00e1s\u00e1rl\u00e1skor. A sonk\u00e1k k\u00f6z\u00f6tt megk\u00fcl\u00f6nb\u00f6ztetj\u00fck a nyers, a h\u0151kezelt, valamint a form\u00e1ban vagy b\u00e9lben h\u0151kezelt sonk\u00e1k alcsoportj\u00e1t. Emellett k\u00fcl\u00f6n kateg\u00f3ri\u00e1t k\u00e9pez a parasztsonka. Valamennyi<\/p>\n","protected":false},"author":1,"featured_media":2245,"comment_status":"closed","ping_status":"closed","sticky":false,"template":"","format":"standard","meta":{"ngg_post_thumbnail":0,"footnotes":""},"categories":[3],"tags":[77,440,757,755,756],"class_list":{"0":"post-2244","1":"post","2":"type-post","3":"status-publish","4":"format-standard","5":"has-post-thumbnail","7":"category-hirek","8":"tag-felhivas","9":"tag-husvet","10":"tag-nebih","11":"tag-sonka","12":"tag-tojas"},"yoast_head":"<!-- This site is optimized with the Yoast SEO plugin v27.4 - https:\/\/yoast.com\/product\/yoast-seo-wordpress\/ -->\n<title>N\u00c9BIH: j\u00f3 tan\u00e1csok sonka- \u00e9s toj\u00e1sv\u00e1s\u00e1rl\u00e1shoz<\/title>\n<meta name=\"robots\" content=\"index, follow, max-snippet:-1, max-image-preview:large, max-video-preview:-1\" \/>\n<link rel=\"canonical\" href=\"https:\/\/dorogimedence.hu\/index.php\/2017\/04\/10\/nebih-jo-tanacsok-sonka-es-tojasvasarlashoz\/\" class=\"yoast-seo-meta-tag\" \/>\n<meta property=\"og:locale\" content=\"hu_HU\" class=\"yoast-seo-meta-tag\" \/>\n<meta property=\"og:type\" content=\"article\" class=\"yoast-seo-meta-tag\" \/>\n<meta property=\"og:title\" content=\"N\u00c9BIH: j\u00f3 tan\u00e1csok sonka- \u00e9s toj\u00e1sv\u00e1s\u00e1rl\u00e1shoz\" class=\"yoast-seo-meta-tag\" \/>\n<meta property=\"og:description\" content=\"A sonka \u00e9s a toj\u00e1s egyar\u00e1nt el\u0151kel\u0151 helyet foglal el a h\u00fasv\u00e9ti \u00fcnnepi asztalon. A Nemzeti \u00c9lelmiszerl\u00e1nc-biztons\u00e1gi Hivatal (N\u00c9BIH) \u00f6sszegy\u0171jt\u00f6tte a k\u00e9t n\u00e9pszer\u0171 term\u00e9kkel kapcsolatos legfontosabb tudnival\u00f3kat, valamint, hogy mire figyelj\u00fcnk v\u00e1s\u00e1rl\u00e1skor. A sonk\u00e1k k\u00f6z\u00f6tt megk\u00fcl\u00f6nb\u00f6ztetj\u00fck a nyers, a h\u0151kezelt, valamint a form\u00e1ban vagy b\u00e9lben h\u0151kezelt sonk\u00e1k alcsoportj\u00e1t. Emellett k\u00fcl\u00f6n kateg\u00f3ri\u00e1t k\u00e9pez a parasztsonka. Valamennyi\" class=\"yoast-seo-meta-tag\" \/>\n<meta property=\"og:url\" content=\"https:\/\/dorogimedence.hu\/index.php\/2017\/04\/10\/nebih-jo-tanacsok-sonka-es-tojasvasarlashoz\/\" class=\"yoast-seo-meta-tag\" \/>\n<meta property=\"og:site_name\" content=\"Dorogi-medence Region\u00e1lis H\u00edrport\u00e1l\" class=\"yoast-seo-meta-tag\" \/>\n<meta property=\"article:publisher\" content=\"https:\/\/www.facebook.com\/dorogimedence\/\" class=\"yoast-seo-meta-tag\" \/>\n<meta property=\"article:published_time\" content=\"2017-04-10T15:29:32+00:00\" class=\"yoast-seo-meta-tag\" \/>\n<meta property=\"og:image\" content=\"https:\/\/i0.wp.com\/dorogimedence.hu\/wp-content\/uploads\/2017\/04\/husveti-sonka-tojas.jpg?fit=670%2C365&ssl=1\" class=\"yoast-seo-meta-tag\" \/>\n\t<meta property=\"og:image:width\" content=\"670\" class=\"yoast-seo-meta-tag\" \/>\n\t<meta property=\"og:image:height\" content=\"365\" class=\"yoast-seo-meta-tag\" \/>\n\t<meta property=\"og:image:type\" content=\"image\/jpeg\" class=\"yoast-seo-meta-tag\" \/>\n<meta name=\"author\" content=\"dorogimedence.hu\" class=\"yoast-seo-meta-tag\" \/>\n<meta name=\"twitter:card\" content=\"summary_large_image\" class=\"yoast-seo-meta-tag\" \/>\n<meta name=\"twitter:label1\" content=\"Szerz\u0151:\" class=\"yoast-seo-meta-tag\" \/>\n\t<meta name=\"twitter:data1\" content=\"dorogimedence.hu\" class=\"yoast-seo-meta-tag\" \/>\n\t<meta name=\"twitter:label2\" content=\"Becs\u00fclt olvas\u00e1si id\u0151\" class=\"yoast-seo-meta-tag\" \/>\n\t<meta name=\"twitter:data2\" content=\"4 perc\" class=\"yoast-seo-meta-tag\" \/>\n<script type=\"application\/ld+json\" class=\"yoast-schema-graph\">{\"@context\":\"https:\\\/\\\/schema.org\",\"@graph\":[{\"@type\":\"Article\",\"@id\":\"https:\\\/\\\/dorogimedence.hu\\\/index.php\\\/2017\\\/04\\\/10\\\/nebih-jo-tanacsok-sonka-es-tojasvasarlashoz\\\/#article\",\"isPartOf\":{\"@id\":\"https:\\\/\\\/dorogimedence.hu\\\/index.php\\\/2017\\\/04\\\/10\\\/nebih-jo-tanacsok-sonka-es-tojasvasarlashoz\\\/\"},\"author\":{\"name\":\"dorogimedence.hu\",\"@id\":\"https:\\\/\\\/dorogimedence.hu\\\/#\\\/schema\\\/person\\\/ce6091eeb7e95ecdc87890d6aa8e0fd4\"},\"headline\":\"N\u00c9BIH: j\u00f3 tan\u00e1csok sonka- \u00e9s toj\u00e1sv\u00e1s\u00e1rl\u00e1shoz\",\"datePublished\":\"2017-04-10T15:29:32+00:00\",\"mainEntityOfPage\":{\"@id\":\"https:\\\/\\\/dorogimedence.hu\\\/index.php\\\/2017\\\/04\\\/10\\\/nebih-jo-tanacsok-sonka-es-tojasvasarlashoz\\\/\"},\"wordCount\":773,\"publisher\":{\"@id\":\"https:\\\/\\\/dorogimedence.hu\\\/#organization\"},\"image\":{\"@id\":\"https:\\\/\\\/dorogimedence.hu\\\/index.php\\\/2017\\\/04\\\/10\\\/nebih-jo-tanacsok-sonka-es-tojasvasarlashoz\\\/#primaryimage\"},\"thumbnailUrl\":\"https:\\\/\\\/dorogimedence.hu\\\/wp-content\\\/uploads\\\/2017\\\/04\\\/husveti-sonka-tojas.jpg\",\"keywords\":[\"felh\u00edv\u00e1s\",\"h\u00fasv\u00e9t\",\"n\u00e9bih\",\"sonka\",\"toj\u00e1s\"],\"articleSection\":[\"H\u00edrek\"],\"inLanguage\":\"hu\"},{\"@type\":\"WebPage\",\"@id\":\"https:\\\/\\\/dorogimedence.hu\\\/index.php\\\/2017\\\/04\\\/10\\\/nebih-jo-tanacsok-sonka-es-tojasvasarlashoz\\\/\",\"url\":\"https:\\\/\\\/dorogimedence.hu\\\/index.php\\\/2017\\\/04\\\/10\\\/nebih-jo-tanacsok-sonka-es-tojasvasarlashoz\\\/\",\"name\":\"N\u00c9BIH: j\u00f3 tan\u00e1csok sonka- \u00e9s toj\u00e1sv\u00e1s\u00e1rl\u00e1shoz\",\"isPartOf\":{\"@id\":\"https:\\\/\\\/dorogimedence.hu\\\/#website\"},\"primaryImageOfPage\":{\"@id\":\"https:\\\/\\\/dorogimedence.hu\\\/index.php\\\/2017\\\/04\\\/10\\\/nebih-jo-tanacsok-sonka-es-tojasvasarlashoz\\\/#primaryimage\"},\"image\":{\"@id\":\"https:\\\/\\\/dorogimedence.hu\\\/index.php\\\/2017\\\/04\\\/10\\\/nebih-jo-tanacsok-sonka-es-tojasvasarlashoz\\\/#primaryimage\"},\"thumbnailUrl\":\"https:\\\/\\\/dorogimedence.hu\\\/wp-content\\\/uploads\\\/2017\\\/04\\\/husveti-sonka-tojas.jpg\",\"datePublished\":\"2017-04-10T15:29:32+00:00\",\"breadcrumb\":{\"@id\":\"https:\\\/\\\/dorogimedence.hu\\\/index.php\\\/2017\\\/04\\\/10\\\/nebih-jo-tanacsok-sonka-es-tojasvasarlashoz\\\/#breadcrumb\"},\"inLanguage\":\"hu\",\"potentialAction\":[{\"@type\":\"ReadAction\",\"target\":[\"https:\\\/\\\/dorogimedence.hu\\\/index.php\\\/2017\\\/04\\\/10\\\/nebih-jo-tanacsok-sonka-es-tojasvasarlashoz\\\/\"]}]},{\"@type\":\"ImageObject\",\"inLanguage\":\"hu\",\"@id\":\"https:\\\/\\\/dorogimedence.hu\\\/index.php\\\/2017\\\/04\\\/10\\\/nebih-jo-tanacsok-sonka-es-tojasvasarlashoz\\\/#primaryimage\",\"url\":\"https:\\\/\\\/dorogimedence.hu\\\/wp-content\\\/uploads\\\/2017\\\/04\\\/husveti-sonka-tojas.jpg\",\"contentUrl\":\"https:\\\/\\\/dorogimedence.hu\\\/wp-content\\\/uploads\\\/2017\\\/04\\\/husveti-sonka-tojas.jpg\",\"width\":670,\"height\":365},{\"@type\":\"BreadcrumbList\",\"@id\":\"https:\\\/\\\/dorogimedence.hu\\\/index.php\\\/2017\\\/04\\\/10\\\/nebih-jo-tanacsok-sonka-es-tojasvasarlashoz\\\/#breadcrumb\",\"itemListElement\":[{\"@type\":\"ListItem\",\"position\":1,\"name\":\"Kezd\u0151lap\",\"item\":\"https:\\\/\\\/dorogimedence.hu\\\/\"},{\"@type\":\"ListItem\",\"position\":2,\"name\":\"N\u00c9BIH: j\u00f3 tan\u00e1csok sonka- \u00e9s toj\u00e1sv\u00e1s\u00e1rl\u00e1shoz\"}]},{\"@type\":\"WebSite\",\"@id\":\"https:\\\/\\\/dorogimedence.hu\\\/#website\",\"url\":\"https:\\\/\\\/dorogimedence.hu\\\/\",\"name\":\"Dorogi-medence Region\u00e1lis H\u00edrport\u00e1l\",\"description\":\"Dorog, Keszt\u00f6lc, Le\u00e1nyv\u00e1r, Piliscs\u00e9v, Tokod, Tokodalt\u00e1r\u00f3, Csolnok, Esztergom-kertv\u00e1ros: h\u00edrek, programok\",\"publisher\":{\"@id\":\"https:\\\/\\\/dorogimedence.hu\\\/#organization\"},\"potentialAction\":[{\"@type\":\"SearchAction\",\"target\":{\"@type\":\"EntryPoint\",\"urlTemplate\":\"https:\\\/\\\/dorogimedence.hu\\\/?s={search_term_string}\"},\"query-input\":{\"@type\":\"PropertyValueSpecification\",\"valueRequired\":true,\"valueName\":\"search_term_string\"}}],\"inLanguage\":\"hu\"},{\"@type\":\"Organization\",\"@id\":\"https:\\\/\\\/dorogimedence.hu\\\/#organization\",\"name\":\"Dorogi-medence Region\u00e1lis H\u00edrport\u00e1l\",\"url\":\"https:\\\/\\\/dorogimedence.hu\\\/\",\"logo\":{\"@type\":\"ImageObject\",\"inLanguage\":\"hu\",\"@id\":\"https:\\\/\\\/dorogimedence.hu\\\/#\\\/schema\\\/logo\\\/image\\\/\",\"url\":\"https:\\\/\\\/dorogimedence.hu\\\/wp-content\\\/uploads\\\/2021\\\/04\\\/logo-feher-600.png\",\"contentUrl\":\"https:\\\/\\\/dorogimedence.hu\\\/wp-content\\\/uploads\\\/2021\\\/04\\\/logo-feher-600.png\",\"width\":600,\"height\":100,\"caption\":\"Dorogi-medence Region\u00e1lis H\u00edrport\u00e1l\"},\"image\":{\"@id\":\"https:\\\/\\\/dorogimedence.hu\\\/#\\\/schema\\\/logo\\\/image\\\/\"},\"sameAs\":[\"https:\\\/\\\/www.facebook.com\\\/dorogimedence\\\/\"]},{\"@type\":\"Person\",\"@id\":\"https:\\\/\\\/dorogimedence.hu\\\/#\\\/schema\\\/person\\\/ce6091eeb7e95ecdc87890d6aa8e0fd4\",\"name\":\"dorogimedence.hu\",\"image\":{\"@type\":\"ImageObject\",\"inLanguage\":\"hu\",\"@id\":\"\\\/\\\/www.gravatar.com\\\/avatar\\\/d8d45f8901aadff40a4af72c0b826f1d?s=96&#038;r=g&#038;d=mm\",\"url\":\"\\\/\\\/www.gravatar.com\\\/avatar\\\/d8d45f8901aadff40a4af72c0b826f1d?s=96&#038;r=g&#038;d=mm\",\"contentUrl\":\"\\\/\\\/www.gravatar.com\\\/avatar\\\/d8d45f8901aadff40a4af72c0b826f1d?s=96&#038;r=g&#038;d=mm\",\"caption\":\"dorogimedence.hu\"}}]}<\/script>\n<!-- \/ Yoast SEO plugin. -->","yoast_head_json":{"title":"N\u00c9BIH: j\u00f3 tan\u00e1csok sonka- \u00e9s toj\u00e1sv\u00e1s\u00e1rl\u00e1shoz","robots":{"index":"index","follow":"follow","max-snippet":"max-snippet:-1","max-image-preview":"max-image-preview:large","max-video-preview":"max-video-preview:-1"},"canonical":"https:\/\/dorogimedence.hu\/index.php\/2017\/04\/10\/nebih-jo-tanacsok-sonka-es-tojasvasarlashoz\/","og_locale":"hu_HU","og_type":"article","og_title":"N\u00c9BIH: j\u00f3 tan\u00e1csok sonka- \u00e9s toj\u00e1sv\u00e1s\u00e1rl\u00e1shoz","og_description":"A sonka \u00e9s a toj\u00e1s egyar\u00e1nt el\u0151kel\u0151 helyet foglal el a h\u00fasv\u00e9ti \u00fcnnepi asztalon. A Nemzeti \u00c9lelmiszerl\u00e1nc-biztons\u00e1gi Hivatal (N\u00c9BIH) \u00f6sszegy\u0171jt\u00f6tte a k\u00e9t n\u00e9pszer\u0171 term\u00e9kkel kapcsolatos legfontosabb tudnival\u00f3kat, valamint, hogy mire figyelj\u00fcnk v\u00e1s\u00e1rl\u00e1skor. A sonk\u00e1k k\u00f6z\u00f6tt megk\u00fcl\u00f6nb\u00f6ztetj\u00fck a nyers, a h\u0151kezelt, valamint a form\u00e1ban vagy b\u00e9lben h\u0151kezelt sonk\u00e1k alcsoportj\u00e1t. Emellett k\u00fcl\u00f6n kateg\u00f3ri\u00e1t k\u00e9pez a parasztsonka. Valamennyi","og_url":"https:\/\/dorogimedence.hu\/index.php\/2017\/04\/10\/nebih-jo-tanacsok-sonka-es-tojasvasarlashoz\/","og_site_name":"Dorogi-medence Region\u00e1lis H\u00edrport\u00e1l","article_publisher":"https:\/\/www.facebook.com\/dorogimedence\/","article_published_time":"2017-04-10T15:29:32+00:00","og_image":[{"width":670,"height":365,"url":"https:\/\/i0.wp.com\/dorogimedence.hu\/wp-content\/uploads\/2017\/04\/husveti-sonka-tojas.jpg?fit=670%2C365&ssl=1","type":"image\/jpeg"}],"author":"dorogimedence.hu","twitter_card":"summary_large_image","twitter_misc":{"Szerz\u0151:":"dorogimedence.hu","Becs\u00fclt olvas\u00e1si id\u0151":"4 perc"},"schema":{"@context":"https:\/\/schema.org","@graph":[{"@type":"Article","@id":"https:\/\/dorogimedence.hu\/index.php\/2017\/04\/10\/nebih-jo-tanacsok-sonka-es-tojasvasarlashoz\/#article","isPartOf":{"@id":"https:\/\/dorogimedence.hu\/index.php\/2017\/04\/10\/nebih-jo-tanacsok-sonka-es-tojasvasarlashoz\/"},"author":{"name":"dorogimedence.hu","@id":"https:\/\/dorogimedence.hu\/#\/schema\/person\/ce6091eeb7e95ecdc87890d6aa8e0fd4"},"headline":"N\u00c9BIH: j\u00f3 tan\u00e1csok sonka- \u00e9s toj\u00e1sv\u00e1s\u00e1rl\u00e1shoz","datePublished":"2017-04-10T15:29:32+00:00","mainEntityOfPage":{"@id":"https:\/\/dorogimedence.hu\/index.php\/2017\/04\/10\/nebih-jo-tanacsok-sonka-es-tojasvasarlashoz\/"},"wordCount":773,"publisher":{"@id":"https:\/\/dorogimedence.hu\/#organization"},"image":{"@id":"https:\/\/dorogimedence.hu\/index.php\/2017\/04\/10\/nebih-jo-tanacsok-sonka-es-tojasvasarlashoz\/#primaryimage"},"thumbnailUrl":"https:\/\/dorogimedence.hu\/wp-content\/uploads\/2017\/04\/husveti-sonka-tojas.jpg","keywords":["felh\u00edv\u00e1s","h\u00fasv\u00e9t","n\u00e9bih","sonka","toj\u00e1s"],"articleSection":["H\u00edrek"],"inLanguage":"hu"},{"@type":"WebPage","@id":"https:\/\/dorogimedence.hu\/index.php\/2017\/04\/10\/nebih-jo-tanacsok-sonka-es-tojasvasarlashoz\/","url":"https:\/\/dorogimedence.hu\/index.php\/2017\/04\/10\/nebih-jo-tanacsok-sonka-es-tojasvasarlashoz\/","name":"N\u00c9BIH: j\u00f3 tan\u00e1csok sonka- \u00e9s toj\u00e1sv\u00e1s\u00e1rl\u00e1shoz","isPartOf":{"@id":"https:\/\/dorogimedence.hu\/#website"},"primaryImageOfPage":{"@id":"https:\/\/dorogimedence.hu\/index.php\/2017\/04\/10\/nebih-jo-tanacsok-sonka-es-tojasvasarlashoz\/#primaryimage"},"image":{"@id":"https:\/\/dorogimedence.hu\/index.php\/2017\/04\/10\/nebih-jo-tanacsok-sonka-es-tojasvasarlashoz\/#primaryimage"},"thumbnailUrl":"https:\/\/dorogimedence.hu\/wp-content\/uploads\/2017\/04\/husveti-sonka-tojas.jpg","datePublished":"2017-04-10T15:29:32+00:00","breadcrumb":{"@id":"https:\/\/dorogimedence.hu\/index.php\/2017\/04\/10\/nebih-jo-tanacsok-sonka-es-tojasvasarlashoz\/#breadcrumb"},"inLanguage":"hu","potentialAction":[{"@type":"ReadAction","target":["https:\/\/dorogimedence.hu\/index.php\/2017\/04\/10\/nebih-jo-tanacsok-sonka-es-tojasvasarlashoz\/"]}]},{"@type":"ImageObject","inLanguage":"hu","@id":"https:\/\/dorogimedence.hu\/index.php\/2017\/04\/10\/nebih-jo-tanacsok-sonka-es-tojasvasarlashoz\/#primaryimage","url":"https:\/\/dorogimedence.hu\/wp-content\/uploads\/2017\/04\/husveti-sonka-tojas.jpg","contentUrl":"https:\/\/dorogimedence.hu\/wp-content\/uploads\/2017\/04\/husveti-sonka-tojas.jpg","width":670,"height":365},{"@type":"BreadcrumbList","@id":"https:\/\/dorogimedence.hu\/index.php\/2017\/04\/10\/nebih-jo-tanacsok-sonka-es-tojasvasarlashoz\/#breadcrumb","itemListElement":[{"@type":"ListItem","position":1,"name":"Kezd\u0151lap","item":"https:\/\/dorogimedence.hu\/"},{"@type":"ListItem","position":2,"name":"N\u00c9BIH: j\u00f3 tan\u00e1csok sonka- \u00e9s toj\u00e1sv\u00e1s\u00e1rl\u00e1shoz"}]},{"@type":"WebSite","@id":"https:\/\/dorogimedence.hu\/#website","url":"https:\/\/dorogimedence.hu\/","name":"Dorogi-medence Region\u00e1lis H\u00edrport\u00e1l","description":"Dorog, Keszt\u00f6lc, Le\u00e1nyv\u00e1r, Piliscs\u00e9v, Tokod, Tokodalt\u00e1r\u00f3, Csolnok, Esztergom-kertv\u00e1ros: h\u00edrek, programok","publisher":{"@id":"https:\/\/dorogimedence.hu\/#organization"},"potentialAction":[{"@type":"SearchAction","target":{"@type":"EntryPoint","urlTemplate":"https:\/\/dorogimedence.hu\/?s={search_term_string}"},"query-input":{"@type":"PropertyValueSpecification","valueRequired":true,"valueName":"search_term_string"}}],"inLanguage":"hu"},{"@type":"Organization","@id":"https:\/\/dorogimedence.hu\/#organization","name":"Dorogi-medence Region\u00e1lis H\u00edrport\u00e1l","url":"https:\/\/dorogimedence.hu\/","logo":{"@type":"ImageObject","inLanguage":"hu","@id":"https:\/\/dorogimedence.hu\/#\/schema\/logo\/image\/","url":"https:\/\/dorogimedence.hu\/wp-content\/uploads\/2021\/04\/logo-feher-600.png","contentUrl":"https:\/\/dorogimedence.hu\/wp-content\/uploads\/2021\/04\/logo-feher-600.png","width":600,"height":100,"caption":"Dorogi-medence Region\u00e1lis H\u00edrport\u00e1l"},"image":{"@id":"https:\/\/dorogimedence.hu\/#\/schema\/logo\/image\/"},"sameAs":["https:\/\/www.facebook.com\/dorogimedence\/"]},{"@type":"Person","@id":"https:\/\/dorogimedence.hu\/#\/schema\/person\/ce6091eeb7e95ecdc87890d6aa8e0fd4","name":"dorogimedence.hu","image":{"@type":"ImageObject","inLanguage":"hu","@id":"\/\/www.gravatar.com\/avatar\/d8d45f8901aadff40a4af72c0b826f1d?s=96&#038;r=g&#038;d=mm","url":"\/\/www.gravatar.com\/avatar\/d8d45f8901aadff40a4af72c0b826f1d?s=96&#038;r=g&#038;d=mm","contentUrl":"\/\/www.gravatar.com\/avatar\/d8d45f8901aadff40a4af72c0b826f1d?s=96&#038;r=g&#038;d=mm","caption":"dorogimedence.hu"}}]}},"_links":{"self":[{"href":"https:\/\/dorogimedence.hu\/index.php\/wp-json\/wp\/v2\/posts\/2244","targetHints":{"allow":["GET"]}}],"collection":[{"href":"https:\/\/dorogimedence.hu\/index.php\/wp-json\/wp\/v2\/posts"}],"about":[{"href":"https:\/\/dorogimedence.hu\/index.php\/wp-json\/wp\/v2\/types\/post"}],"author":[{"embeddable":true,"href":"https:\/\/dorogimedence.hu\/index.php\/wp-json\/wp\/v2\/users\/1"}],"replies":[{"embeddable":true,"href":"https:\/\/dorogimedence.hu\/index.php\/wp-json\/wp\/v2\/comments?post=2244"}],"version-history":[{"count":0,"href":"https:\/\/dorogimedence.hu\/index.php\/wp-json\/wp\/v2\/posts\/2244\/revisions"}],"wp:featuredmedia":[{"embeddable":true,"href":"https:\/\/dorogimedence.hu\/index.php\/wp-json\/wp\/v2\/media\/2245"}],"wp:attachment":[{"href":"https:\/\/dorogimedence.hu\/index.php\/wp-json\/wp\/v2\/media?parent=2244"}],"wp:term":[{"taxonomy":"category","embeddable":true,"href":"https:\/\/dorogimedence.hu\/index.php\/wp-json\/wp\/v2\/categories?post=2244"},{"taxonomy":"post_tag","embeddable":true,"href":"https:\/\/dorogimedence.hu\/index.php\/wp-json\/wp\/v2\/tags?post=2244"}],"curies":[{"name":"wp","href":"https:\/\/api.w.org\/{rel}","templated":true}]}}