{"id":22363,"date":"2020-01-21T11:56:57","date_gmt":"2020-01-21T10:56:57","guid":{"rendered":"http:\/\/dorogimedence.hu\/?p=22363"},"modified":"2020-01-21T11:57:11","modified_gmt":"2020-01-21T10:57:11","slug":"ismet-jotekony-celokra-szavazhatunk-a-tesco-aruhazakban-2","status":"publish","type":"post","link":"https:\/\/dorogimedence.hu\/index.php\/2020\/01\/21\/ismet-jotekony-celokra-szavazhatunk-a-tesco-aruhazakban-2\/","title":{"rendered":"Ism\u00e9t j\u00f3t\u00e9kony c\u00e9lokra szavazhatunk a Tesco \u00e1ruh\u00e1zakban!"},"content":{"rendered":"<p><strong>Elindult a szavaz\u00e1s a Tesco \u201e\u00d6n v\u00e1laszt, mi seg\u00edt\u00fcnk\u201d p\u00e1ly\u00e1zati programj\u00e1ban. A v\u00e1s\u00e1rl\u00f3k janu\u00e1r 20. \u00e9s febru\u00e1r 16. k\u00f6z\u00f6tt tehetik le voksukat orsz\u00e1gosan 183 civil szervezetre, akiknek \u00f6sszesen 42 milli\u00f3 700 ezer forintot adom\u00e1nyoz a Tesco, \u00edgy t\u00e1mogatva a helyi k\u00f6z\u00f6ss\u00e9gek sz\u00e1m\u00e1ra fontos projekteket.<\/strong><\/p>\n<p>A szervezetek, a szavazatok sz\u00e1m\u00e1nak ar\u00e1ny\u00e1ban 400, 200 vagy 100 ezer forint \u00f6sszeg\u0171 t\u00e1mogat\u00e1st nyerhetnek.<\/p>\n<p><strong><em>A 46-os k\u00f6rzetben (esztergomi \u00e9s dorogi \u00e1ruh\u00e1zban) a k\u00f6vetkez\u0151 kezdem\u00e9nyez\u00e9sekre szavazhatnak:<\/em><\/strong><\/p>\n<p><strong>Hat\u00e1rtalan Sz\u00edv Alap\u00edtv\u00e1ny \u2013 Esztergom &#8211; Megel\u0151z\u00e9s, sz\u0171r\u00e9sek a k\u00f6z\u00f6ss\u00e9g \u00e9p\u00edt\u00e9sben: <\/strong>\u201eIntenz\u00edv prevenci\u00f3s programunkban a h\u00e1tr\u00e1nyos helyzet\u0171, m\u00e9ly szeg\u00e9nys\u00e9gben \u00e9l\u0151 csal\u00e1dok r\u00e9sz\u00e9re szervez\u00fcnk k\u00fcl\u00f6nb\u00f6z\u0151 sz\u0171r\u0151vizsg\u00e1latokat, eg\u00e9szs\u00e9g\u00fcgyi m\u00e9r\u00e9seket, tan\u00e1csad\u00e1sokat. Ingyenes el\u0151ad\u00e1sok \u00e9s gyakorlati foglalkoz\u00e1sok sor\u00e1n szeretn\u00e9nk felh\u00edvni a figyelmet az eg\u00e9szs\u00e9ges \u00e9letm\u00f3d fontoss\u00e1g\u00e1ra. K\u00e9rj\u00fck, szavazat\u00e1val t\u00e1mogasson benn\u00fcnket!\u201d<\/p>\n<p><strong>\u201eFokr\u00f3l-Fokra\u201d a Fogyat\u00e9kos gyermekek Nevel\u00e9s\u00e9\u00e9rt \u00e9s Oktat\u00e1s\u00e1\u00e9rt Alap\u00edtv\u00e1ny \u2013 Esztergom &#8211; J\u00e1tszva fejl\u0151d\u00fcnk! &#8211; fejleszt\u0151 j\u00e1t\u00e9kok, eszk\u00f6z\u00f6k fogyat\u00e9kkal \u00e9l\u0151 \u00f3vod\u00e1sainknak:<\/strong> \u201eFogyat\u00e9kkal \u00e9l\u0151 \u00f3vod\u00e1saink kiegyens\u00falyozottabb, eredm\u00e9nyesebb fejl\u0151d\u00e9s\u00e9t szeretn\u00e9nk el\u0151seg\u00edteni a megfelel\u0151 k\u00f6rnyezetet \u00e9s eszk\u00f6z\u00f6k biztos\u00edt\u00e1s\u00e1val. A szenzoros szob\u00e1ban t\u00f6bb ir\u00e1nyb\u00f3l stimul\u00e1ln\u00e1nk a gyermekek \u00e9rz\u00e9kszerveit, a mozg\u00e1sfejleszt\u00e9s speci\u00e1lis sporteszk\u00f6z\u00f6k (trambulin, egyens\u00falyfejleszt\u0151 j\u00e1t\u00e9kok, csepphinta) beszerz\u00e9s\u00e9vel val\u00f3sulhatna meg &#8211; az \u00f6n szavazat\u00e1val.\u201d<\/p>\n<p><strong>Esztergomi F\u00e9nysug\u00e1r Oktat\u00e1si \u00e9s Nevel\u00e9si Alap\u00edtv\u00e1ny \u2013 Esztergom &#8211; K\u00eds\u00e9rletezz\u00fcnk! &#8211; a tanul\u00e1s \u00e9lm\u00e9nyszer\u0171v\u00e9 t\u00e9tele: <\/strong>\u201eMindannyiunk \u00e9rdeke az oktat\u00e1s fejleszt\u00e9se, hiszen a j\u00f6v\u0151 gener\u00e1ci\u00f3ja ker\u00fcl ki az iskol\u00e1k falai k\u00f6z\u00fcl. Szeretn\u00e9nk a d\u00e1koknak korunkban hasznos\u00edthat\u00f3 tud\u00e1st \u00e1tadni, tanul\u00e1sukat \u00e9lm\u00e9nyszer\u0171v\u00e9 tenni. A projekt sor\u00e1n megv\u00e1s\u00e1rolhat\u00f3 fizikai eszk\u00f6zk\u00e9szletekkel \u00e9s programozhat\u00f3 robotokkal a gyerekek j\u00e1tszva ker\u00fclnek k\u00f6zel a digit\u00e1lis, m\u00e9rn\u00f6ki gondolkod\u00e1sm\u00f3dhoz, mik\u00f6zben ismereteik b\u0151v\u00fcln\u00e9nek.\u201d<\/p>\n<div class=\"video-container\"><iframe src=\"https:\/\/www.youtube.com\/embed\/gpztMKjGeNg\" allowfullscreen=\"allowfullscreen\" width=\"560\" height=\"315\" frameborder=\"0\"><\/iframe><\/div>\n<p>Az \u00e9rdekl\u0151d\u0151k a zsetongy\u0171jt\u0151 pontokon az adott k\u00f6rzetben tov\u00e1bbjut\u00f3 helyi szervezetekr\u0151l \u00e9s kezdem\u00e9nyez\u00e9seikr\u0151l is tal\u00e1lnak inform\u00e1ci\u00f3t, illetve a program weboldal\u00e1n (<span style=\"color: #0000ff;\"><strong><u><a style=\"color: #0000ff;\" href=\"http:\/\/www.tesco.hu\/kozosseg\" target=\"_blank\" rel=\"noopener noreferrer\">www.tesco.hu\/kozosseg<\/a><\/u><\/strong><\/span>) is k\u00f6vethet\u0151 a szavaz\u00e1sban r\u00e9sztvev\u0151 szervezetek list\u00e1ja, valamint a szavazatok \u00e1ll\u00e1sa. Az \u00e1ruh\u00e1zl\u00e1nc a szavaz\u00e1s lez\u00e1r\u00e1sa ut\u00e1n, 2020. m\u00e1rcius\u00e1ban hirdet eredm\u00e9nyt.<\/p>\n<p><em>Fot\u00f3, forr\u00e1s: tesco.hu<\/em><\/p>\n","protected":false},"excerpt":{"rendered":"<p>Elindult a szavaz\u00e1s a Tesco \u201e\u00d6n v\u00e1laszt, mi seg\u00edt\u00fcnk\u201d p\u00e1ly\u00e1zati programj\u00e1ban. A v\u00e1s\u00e1rl\u00f3k janu\u00e1r 20. \u00e9s febru\u00e1r 16. k\u00f6z\u00f6tt tehetik le voksukat orsz\u00e1gosan 183 civil szervezetre, akiknek \u00f6sszesen 42 milli\u00f3 700 ezer forintot adom\u00e1nyoz a Tesco, \u00edgy t\u00e1mogatva a helyi k\u00f6z\u00f6ss\u00e9gek sz\u00e1m\u00e1ra fontos projekteket. A szervezetek, a szavazatok sz\u00e1m\u00e1nak ar\u00e1ny\u00e1ban 400, 200 vagy 100 ezer<\/p>\n","protected":false},"author":1,"featured_media":22364,"comment_status":"closed","ping_status":"closed","sticky":false,"template":"","format":"standard","meta":{"ngg_post_thumbnail":0,"footnotes":""},"categories":[2,38,3],"tags":[1887,15,42,498,2557],"class_list":{"0":"post-22363","1":"post","2":"type-post","3":"status-publish","4":"format-standard","5":"has-post-thumbnail","7":"category-dorog","8":"category-esztergom","9":"category-hirek","10":"tag-adomany","11":"tag-dorog","12":"tag-esztergom","13":"tag-gyujtes","14":"tag-tesco"},"yoast_head":"<!-- This site is optimized with the Yoast SEO plugin v27.5 - https:\/\/yoast.com\/product\/yoast-seo-wordpress\/ -->\n<title>Ism\u00e9t j\u00f3t\u00e9kony c\u00e9lokra szavazhatunk a Tesco \u00e1ruh\u00e1zakban!<\/title>\n<meta name=\"robots\" content=\"index, follow, max-snippet:-1, max-image-preview:large, max-video-preview:-1\" \/>\n<link rel=\"canonical\" href=\"https:\/\/dorogimedence.hu\/index.php\/2020\/01\/21\/ismet-jotekony-celokra-szavazhatunk-a-tesco-aruhazakban-2\/\" class=\"yoast-seo-meta-tag\" \/>\n<meta property=\"og:locale\" content=\"hu_HU\" class=\"yoast-seo-meta-tag\" \/>\n<meta property=\"og:type\" content=\"article\" class=\"yoast-seo-meta-tag\" \/>\n<meta property=\"og:title\" content=\"Ism\u00e9t j\u00f3t\u00e9kony c\u00e9lokra szavazhatunk a Tesco \u00e1ruh\u00e1zakban!\" class=\"yoast-seo-meta-tag\" \/>\n<meta property=\"og:description\" content=\"Elindult a szavaz\u00e1s a Tesco \u201e\u00d6n v\u00e1laszt, mi seg\u00edt\u00fcnk\u201d p\u00e1ly\u00e1zati programj\u00e1ban. A v\u00e1s\u00e1rl\u00f3k janu\u00e1r 20. \u00e9s febru\u00e1r 16. k\u00f6z\u00f6tt tehetik le voksukat orsz\u00e1gosan 183 civil szervezetre, akiknek \u00f6sszesen 42 milli\u00f3 700 ezer forintot adom\u00e1nyoz a Tesco, \u00edgy t\u00e1mogatva a helyi k\u00f6z\u00f6ss\u00e9gek sz\u00e1m\u00e1ra fontos projekteket. A szervezetek, a szavazatok sz\u00e1m\u00e1nak ar\u00e1ny\u00e1ban 400, 200 vagy 100 ezer\" class=\"yoast-seo-meta-tag\" \/>\n<meta property=\"og:url\" content=\"https:\/\/dorogimedence.hu\/index.php\/2020\/01\/21\/ismet-jotekony-celokra-szavazhatunk-a-tesco-aruhazakban-2\/\" class=\"yoast-seo-meta-tag\" \/>\n<meta property=\"og:site_name\" content=\"Dorogi-medence Region\u00e1lis H\u00edrport\u00e1l\" class=\"yoast-seo-meta-tag\" \/>\n<meta property=\"article:publisher\" content=\"https:\/\/www.facebook.com\/dorogimedence\/\" class=\"yoast-seo-meta-tag\" \/>\n<meta property=\"article:published_time\" content=\"2020-01-21T10:56:57+00:00\" class=\"yoast-seo-meta-tag\" \/>\n<meta property=\"article:modified_time\" content=\"2020-01-21T10:57:11+00:00\" class=\"yoast-seo-meta-tag\" \/>\n<meta property=\"og:image\" content=\"https:\/\/i0.wp.com\/dorogimedence.hu\/wp-content\/uploads\/2020\/01\/tesco-zseton-02.jpg?fit=670%2C365&ssl=1\" class=\"yoast-seo-meta-tag\" \/>\n\t<meta property=\"og:image:width\" content=\"670\" class=\"yoast-seo-meta-tag\" \/>\n\t<meta property=\"og:image:height\" content=\"365\" class=\"yoast-seo-meta-tag\" \/>\n\t<meta property=\"og:image:type\" content=\"image\/jpeg\" class=\"yoast-seo-meta-tag\" \/>\n<meta name=\"author\" content=\"dorogimedence.hu\" class=\"yoast-seo-meta-tag\" \/>\n<meta name=\"twitter:card\" content=\"summary_large_image\" class=\"yoast-seo-meta-tag\" \/>\n<meta name=\"twitter:label1\" content=\"Szerz\u0151:\" class=\"yoast-seo-meta-tag\" \/>\n\t<meta name=\"twitter:data1\" content=\"dorogimedence.hu\" class=\"yoast-seo-meta-tag\" \/>\n\t<meta name=\"twitter:label2\" content=\"Becs\u00fclt olvas\u00e1si id\u0151\" class=\"yoast-seo-meta-tag\" \/>\n\t<meta name=\"twitter:data2\" content=\"2 perc\" class=\"yoast-seo-meta-tag\" \/>\n<script type=\"application\/ld+json\" class=\"yoast-schema-graph\">{\"@context\":\"https:\\\/\\\/schema.org\",\"@graph\":[{\"@type\":\"Article\",\"@id\":\"https:\\\/\\\/dorogimedence.hu\\\/index.php\\\/2020\\\/01\\\/21\\\/ismet-jotekony-celokra-szavazhatunk-a-tesco-aruhazakban-2\\\/#article\",\"isPartOf\":{\"@id\":\"https:\\\/\\\/dorogimedence.hu\\\/index.php\\\/2020\\\/01\\\/21\\\/ismet-jotekony-celokra-szavazhatunk-a-tesco-aruhazakban-2\\\/\"},\"author\":{\"name\":\"dorogimedence.hu\",\"@id\":\"https:\\\/\\\/dorogimedence.hu\\\/#\\\/schema\\\/person\\\/ce6091eeb7e95ecdc87890d6aa8e0fd4\"},\"headline\":\"Ism\u00e9t j\u00f3t\u00e9kony c\u00e9lokra szavazhatunk a Tesco \u00e1ruh\u00e1zakban!\",\"datePublished\":\"2020-01-21T10:56:57+00:00\",\"dateModified\":\"2020-01-21T10:57:11+00:00\",\"mainEntityOfPage\":{\"@id\":\"https:\\\/\\\/dorogimedence.hu\\\/index.php\\\/2020\\\/01\\\/21\\\/ismet-jotekony-celokra-szavazhatunk-a-tesco-aruhazakban-2\\\/\"},\"wordCount\":496,\"publisher\":{\"@id\":\"https:\\\/\\\/dorogimedence.hu\\\/#organization\"},\"image\":{\"@id\":\"https:\\\/\\\/dorogimedence.hu\\\/index.php\\\/2020\\\/01\\\/21\\\/ismet-jotekony-celokra-szavazhatunk-a-tesco-aruhazakban-2\\\/#primaryimage\"},\"thumbnailUrl\":\"https:\\\/\\\/dorogimedence.hu\\\/wp-content\\\/uploads\\\/2020\\\/01\\\/tesco-zseton-02.jpg\",\"keywords\":[\"adom\u00e1ny\",\"Dorog\",\"esztergom\",\"gy\u0171jt\u00e9s\",\"TESCO\"],\"articleSection\":[\"Dorog\",\"Esztergom\",\"H\u00edrek\"],\"inLanguage\":\"hu\"},{\"@type\":\"WebPage\",\"@id\":\"https:\\\/\\\/dorogimedence.hu\\\/index.php\\\/2020\\\/01\\\/21\\\/ismet-jotekony-celokra-szavazhatunk-a-tesco-aruhazakban-2\\\/\",\"url\":\"https:\\\/\\\/dorogimedence.hu\\\/index.php\\\/2020\\\/01\\\/21\\\/ismet-jotekony-celokra-szavazhatunk-a-tesco-aruhazakban-2\\\/\",\"name\":\"Ism\u00e9t j\u00f3t\u00e9kony c\u00e9lokra szavazhatunk a Tesco \u00e1ruh\u00e1zakban!\",\"isPartOf\":{\"@id\":\"https:\\\/\\\/dorogimedence.hu\\\/#website\"},\"primaryImageOfPage\":{\"@id\":\"https:\\\/\\\/dorogimedence.hu\\\/index.php\\\/2020\\\/01\\\/21\\\/ismet-jotekony-celokra-szavazhatunk-a-tesco-aruhazakban-2\\\/#primaryimage\"},\"image\":{\"@id\":\"https:\\\/\\\/dorogimedence.hu\\\/index.php\\\/2020\\\/01\\\/21\\\/ismet-jotekony-celokra-szavazhatunk-a-tesco-aruhazakban-2\\\/#primaryimage\"},\"thumbnailUrl\":\"https:\\\/\\\/dorogimedence.hu\\\/wp-content\\\/uploads\\\/2020\\\/01\\\/tesco-zseton-02.jpg\",\"datePublished\":\"2020-01-21T10:56:57+00:00\",\"dateModified\":\"2020-01-21T10:57:11+00:00\",\"breadcrumb\":{\"@id\":\"https:\\\/\\\/dorogimedence.hu\\\/index.php\\\/2020\\\/01\\\/21\\\/ismet-jotekony-celokra-szavazhatunk-a-tesco-aruhazakban-2\\\/#breadcrumb\"},\"inLanguage\":\"hu\",\"potentialAction\":[{\"@type\":\"ReadAction\",\"target\":[\"https:\\\/\\\/dorogimedence.hu\\\/index.php\\\/2020\\\/01\\\/21\\\/ismet-jotekony-celokra-szavazhatunk-a-tesco-aruhazakban-2\\\/\"]}]},{\"@type\":\"ImageObject\",\"inLanguage\":\"hu\",\"@id\":\"https:\\\/\\\/dorogimedence.hu\\\/index.php\\\/2020\\\/01\\\/21\\\/ismet-jotekony-celokra-szavazhatunk-a-tesco-aruhazakban-2\\\/#primaryimage\",\"url\":\"https:\\\/\\\/dorogimedence.hu\\\/wp-content\\\/uploads\\\/2020\\\/01\\\/tesco-zseton-02.jpg\",\"contentUrl\":\"https:\\\/\\\/dorogimedence.hu\\\/wp-content\\\/uploads\\\/2020\\\/01\\\/tesco-zseton-02.jpg\",\"width\":670,\"height\":365},{\"@type\":\"BreadcrumbList\",\"@id\":\"https:\\\/\\\/dorogimedence.hu\\\/index.php\\\/2020\\\/01\\\/21\\\/ismet-jotekony-celokra-szavazhatunk-a-tesco-aruhazakban-2\\\/#breadcrumb\",\"itemListElement\":[{\"@type\":\"ListItem\",\"position\":1,\"name\":\"Kezd\u0151lap\",\"item\":\"https:\\\/\\\/dorogimedence.hu\\\/\"},{\"@type\":\"ListItem\",\"position\":2,\"name\":\"Ism\u00e9t j\u00f3t\u00e9kony c\u00e9lokra szavazhatunk a Tesco \u00e1ruh\u00e1zakban!\"}]},{\"@type\":\"WebSite\",\"@id\":\"https:\\\/\\\/dorogimedence.hu\\\/#website\",\"url\":\"https:\\\/\\\/dorogimedence.hu\\\/\",\"name\":\"Dorogi-medence Region\u00e1lis H\u00edrport\u00e1l\",\"description\":\"Dorog, Keszt\u00f6lc, Le\u00e1nyv\u00e1r, Piliscs\u00e9v, Tokod, Tokodalt\u00e1r\u00f3, Csolnok, Esztergom-kertv\u00e1ros: h\u00edrek, programok\",\"publisher\":{\"@id\":\"https:\\\/\\\/dorogimedence.hu\\\/#organization\"},\"potentialAction\":[{\"@type\":\"SearchAction\",\"target\":{\"@type\":\"EntryPoint\",\"urlTemplate\":\"https:\\\/\\\/dorogimedence.hu\\\/?s={search_term_string}\"},\"query-input\":{\"@type\":\"PropertyValueSpecification\",\"valueRequired\":true,\"valueName\":\"search_term_string\"}}],\"inLanguage\":\"hu\"},{\"@type\":\"Organization\",\"@id\":\"https:\\\/\\\/dorogimedence.hu\\\/#organization\",\"name\":\"Dorogi-medence Region\u00e1lis H\u00edrport\u00e1l\",\"url\":\"https:\\\/\\\/dorogimedence.hu\\\/\",\"logo\":{\"@type\":\"ImageObject\",\"inLanguage\":\"hu\",\"@id\":\"https:\\\/\\\/dorogimedence.hu\\\/#\\\/schema\\\/logo\\\/image\\\/\",\"url\":\"https:\\\/\\\/dorogimedence.hu\\\/wp-content\\\/uploads\\\/2021\\\/04\\\/logo-feher-600.png\",\"contentUrl\":\"https:\\\/\\\/dorogimedence.hu\\\/wp-content\\\/uploads\\\/2021\\\/04\\\/logo-feher-600.png\",\"width\":600,\"height\":100,\"caption\":\"Dorogi-medence Region\u00e1lis H\u00edrport\u00e1l\"},\"image\":{\"@id\":\"https:\\\/\\\/dorogimedence.hu\\\/#\\\/schema\\\/logo\\\/image\\\/\"},\"sameAs\":[\"https:\\\/\\\/www.facebook.com\\\/dorogimedence\\\/\"]},{\"@type\":\"Person\",\"@id\":\"https:\\\/\\\/dorogimedence.hu\\\/#\\\/schema\\\/person\\\/ce6091eeb7e95ecdc87890d6aa8e0fd4\",\"name\":\"dorogimedence.hu\",\"image\":{\"@type\":\"ImageObject\",\"inLanguage\":\"hu\",\"@id\":\"\\\/\\\/www.gravatar.com\\\/avatar\\\/d8d45f8901aadff40a4af72c0b826f1d?s=96&#038;r=g&#038;d=mm\",\"url\":\"\\\/\\\/www.gravatar.com\\\/avatar\\\/d8d45f8901aadff40a4af72c0b826f1d?s=96&#038;r=g&#038;d=mm\",\"contentUrl\":\"\\\/\\\/www.gravatar.com\\\/avatar\\\/d8d45f8901aadff40a4af72c0b826f1d?s=96&#038;r=g&#038;d=mm\",\"caption\":\"dorogimedence.hu\"}}]}<\/script>\n<!-- \/ Yoast SEO plugin. -->","yoast_head_json":{"title":"Ism\u00e9t j\u00f3t\u00e9kony c\u00e9lokra szavazhatunk a Tesco \u00e1ruh\u00e1zakban!","robots":{"index":"index","follow":"follow","max-snippet":"max-snippet:-1","max-image-preview":"max-image-preview:large","max-video-preview":"max-video-preview:-1"},"canonical":"https:\/\/dorogimedence.hu\/index.php\/2020\/01\/21\/ismet-jotekony-celokra-szavazhatunk-a-tesco-aruhazakban-2\/","og_locale":"hu_HU","og_type":"article","og_title":"Ism\u00e9t j\u00f3t\u00e9kony c\u00e9lokra szavazhatunk a Tesco \u00e1ruh\u00e1zakban!","og_description":"Elindult a szavaz\u00e1s a Tesco \u201e\u00d6n v\u00e1laszt, mi seg\u00edt\u00fcnk\u201d p\u00e1ly\u00e1zati programj\u00e1ban. A v\u00e1s\u00e1rl\u00f3k janu\u00e1r 20. \u00e9s febru\u00e1r 16. k\u00f6z\u00f6tt tehetik le voksukat orsz\u00e1gosan 183 civil szervezetre, akiknek \u00f6sszesen 42 milli\u00f3 700 ezer forintot adom\u00e1nyoz a Tesco, \u00edgy t\u00e1mogatva a helyi k\u00f6z\u00f6ss\u00e9gek sz\u00e1m\u00e1ra fontos projekteket. A szervezetek, a szavazatok sz\u00e1m\u00e1nak ar\u00e1ny\u00e1ban 400, 200 vagy 100 ezer","og_url":"https:\/\/dorogimedence.hu\/index.php\/2020\/01\/21\/ismet-jotekony-celokra-szavazhatunk-a-tesco-aruhazakban-2\/","og_site_name":"Dorogi-medence Region\u00e1lis H\u00edrport\u00e1l","article_publisher":"https:\/\/www.facebook.com\/dorogimedence\/","article_published_time":"2020-01-21T10:56:57+00:00","article_modified_time":"2020-01-21T10:57:11+00:00","og_image":[{"width":670,"height":365,"url":"https:\/\/i0.wp.com\/dorogimedence.hu\/wp-content\/uploads\/2020\/01\/tesco-zseton-02.jpg?fit=670%2C365&ssl=1","type":"image\/jpeg"}],"author":"dorogimedence.hu","twitter_card":"summary_large_image","twitter_misc":{"Szerz\u0151:":"dorogimedence.hu","Becs\u00fclt olvas\u00e1si id\u0151":"2 perc"},"schema":{"@context":"https:\/\/schema.org","@graph":[{"@type":"Article","@id":"https:\/\/dorogimedence.hu\/index.php\/2020\/01\/21\/ismet-jotekony-celokra-szavazhatunk-a-tesco-aruhazakban-2\/#article","isPartOf":{"@id":"https:\/\/dorogimedence.hu\/index.php\/2020\/01\/21\/ismet-jotekony-celokra-szavazhatunk-a-tesco-aruhazakban-2\/"},"author":{"name":"dorogimedence.hu","@id":"https:\/\/dorogimedence.hu\/#\/schema\/person\/ce6091eeb7e95ecdc87890d6aa8e0fd4"},"headline":"Ism\u00e9t j\u00f3t\u00e9kony c\u00e9lokra szavazhatunk a Tesco \u00e1ruh\u00e1zakban!","datePublished":"2020-01-21T10:56:57+00:00","dateModified":"2020-01-21T10:57:11+00:00","mainEntityOfPage":{"@id":"https:\/\/dorogimedence.hu\/index.php\/2020\/01\/21\/ismet-jotekony-celokra-szavazhatunk-a-tesco-aruhazakban-2\/"},"wordCount":496,"publisher":{"@id":"https:\/\/dorogimedence.hu\/#organization"},"image":{"@id":"https:\/\/dorogimedence.hu\/index.php\/2020\/01\/21\/ismet-jotekony-celokra-szavazhatunk-a-tesco-aruhazakban-2\/#primaryimage"},"thumbnailUrl":"https:\/\/dorogimedence.hu\/wp-content\/uploads\/2020\/01\/tesco-zseton-02.jpg","keywords":["adom\u00e1ny","Dorog","esztergom","gy\u0171jt\u00e9s","TESCO"],"articleSection":["Dorog","Esztergom","H\u00edrek"],"inLanguage":"hu"},{"@type":"WebPage","@id":"https:\/\/dorogimedence.hu\/index.php\/2020\/01\/21\/ismet-jotekony-celokra-szavazhatunk-a-tesco-aruhazakban-2\/","url":"https:\/\/dorogimedence.hu\/index.php\/2020\/01\/21\/ismet-jotekony-celokra-szavazhatunk-a-tesco-aruhazakban-2\/","name":"Ism\u00e9t j\u00f3t\u00e9kony c\u00e9lokra szavazhatunk a Tesco \u00e1ruh\u00e1zakban!","isPartOf":{"@id":"https:\/\/dorogimedence.hu\/#website"},"primaryImageOfPage":{"@id":"https:\/\/dorogimedence.hu\/index.php\/2020\/01\/21\/ismet-jotekony-celokra-szavazhatunk-a-tesco-aruhazakban-2\/#primaryimage"},"image":{"@id":"https:\/\/dorogimedence.hu\/index.php\/2020\/01\/21\/ismet-jotekony-celokra-szavazhatunk-a-tesco-aruhazakban-2\/#primaryimage"},"thumbnailUrl":"https:\/\/dorogimedence.hu\/wp-content\/uploads\/2020\/01\/tesco-zseton-02.jpg","datePublished":"2020-01-21T10:56:57+00:00","dateModified":"2020-01-21T10:57:11+00:00","breadcrumb":{"@id":"https:\/\/dorogimedence.hu\/index.php\/2020\/01\/21\/ismet-jotekony-celokra-szavazhatunk-a-tesco-aruhazakban-2\/#breadcrumb"},"inLanguage":"hu","potentialAction":[{"@type":"ReadAction","target":["https:\/\/dorogimedence.hu\/index.php\/2020\/01\/21\/ismet-jotekony-celokra-szavazhatunk-a-tesco-aruhazakban-2\/"]}]},{"@type":"ImageObject","inLanguage":"hu","@id":"https:\/\/dorogimedence.hu\/index.php\/2020\/01\/21\/ismet-jotekony-celokra-szavazhatunk-a-tesco-aruhazakban-2\/#primaryimage","url":"https:\/\/dorogimedence.hu\/wp-content\/uploads\/2020\/01\/tesco-zseton-02.jpg","contentUrl":"https:\/\/dorogimedence.hu\/wp-content\/uploads\/2020\/01\/tesco-zseton-02.jpg","width":670,"height":365},{"@type":"BreadcrumbList","@id":"https:\/\/dorogimedence.hu\/index.php\/2020\/01\/21\/ismet-jotekony-celokra-szavazhatunk-a-tesco-aruhazakban-2\/#breadcrumb","itemListElement":[{"@type":"ListItem","position":1,"name":"Kezd\u0151lap","item":"https:\/\/dorogimedence.hu\/"},{"@type":"ListItem","position":2,"name":"Ism\u00e9t j\u00f3t\u00e9kony c\u00e9lokra szavazhatunk a Tesco \u00e1ruh\u00e1zakban!"}]},{"@type":"WebSite","@id":"https:\/\/dorogimedence.hu\/#website","url":"https:\/\/dorogimedence.hu\/","name":"Dorogi-medence Region\u00e1lis H\u00edrport\u00e1l","description":"Dorog, Keszt\u00f6lc, Le\u00e1nyv\u00e1r, Piliscs\u00e9v, Tokod, Tokodalt\u00e1r\u00f3, Csolnok, Esztergom-kertv\u00e1ros: h\u00edrek, programok","publisher":{"@id":"https:\/\/dorogimedence.hu\/#organization"},"potentialAction":[{"@type":"SearchAction","target":{"@type":"EntryPoint","urlTemplate":"https:\/\/dorogimedence.hu\/?s={search_term_string}"},"query-input":{"@type":"PropertyValueSpecification","valueRequired":true,"valueName":"search_term_string"}}],"inLanguage":"hu"},{"@type":"Organization","@id":"https:\/\/dorogimedence.hu\/#organization","name":"Dorogi-medence Region\u00e1lis H\u00edrport\u00e1l","url":"https:\/\/dorogimedence.hu\/","logo":{"@type":"ImageObject","inLanguage":"hu","@id":"https:\/\/dorogimedence.hu\/#\/schema\/logo\/image\/","url":"https:\/\/dorogimedence.hu\/wp-content\/uploads\/2021\/04\/logo-feher-600.png","contentUrl":"https:\/\/dorogimedence.hu\/wp-content\/uploads\/2021\/04\/logo-feher-600.png","width":600,"height":100,"caption":"Dorogi-medence Region\u00e1lis H\u00edrport\u00e1l"},"image":{"@id":"https:\/\/dorogimedence.hu\/#\/schema\/logo\/image\/"},"sameAs":["https:\/\/www.facebook.com\/dorogimedence\/"]},{"@type":"Person","@id":"https:\/\/dorogimedence.hu\/#\/schema\/person\/ce6091eeb7e95ecdc87890d6aa8e0fd4","name":"dorogimedence.hu","image":{"@type":"ImageObject","inLanguage":"hu","@id":"\/\/www.gravatar.com\/avatar\/d8d45f8901aadff40a4af72c0b826f1d?s=96&#038;r=g&#038;d=mm","url":"\/\/www.gravatar.com\/avatar\/d8d45f8901aadff40a4af72c0b826f1d?s=96&#038;r=g&#038;d=mm","contentUrl":"\/\/www.gravatar.com\/avatar\/d8d45f8901aadff40a4af72c0b826f1d?s=96&#038;r=g&#038;d=mm","caption":"dorogimedence.hu"}}]}},"_links":{"self":[{"href":"https:\/\/dorogimedence.hu\/index.php\/wp-json\/wp\/v2\/posts\/22363","targetHints":{"allow":["GET"]}}],"collection":[{"href":"https:\/\/dorogimedence.hu\/index.php\/wp-json\/wp\/v2\/posts"}],"about":[{"href":"https:\/\/dorogimedence.hu\/index.php\/wp-json\/wp\/v2\/types\/post"}],"author":[{"embeddable":true,"href":"https:\/\/dorogimedence.hu\/index.php\/wp-json\/wp\/v2\/users\/1"}],"replies":[{"embeddable":true,"href":"https:\/\/dorogimedence.hu\/index.php\/wp-json\/wp\/v2\/comments?post=22363"}],"version-history":[{"count":0,"href":"https:\/\/dorogimedence.hu\/index.php\/wp-json\/wp\/v2\/posts\/22363\/revisions"}],"wp:featuredmedia":[{"embeddable":true,"href":"https:\/\/dorogimedence.hu\/index.php\/wp-json\/wp\/v2\/media\/22364"}],"wp:attachment":[{"href":"https:\/\/dorogimedence.hu\/index.php\/wp-json\/wp\/v2\/media?parent=22363"}],"wp:term":[{"taxonomy":"category","embeddable":true,"href":"https:\/\/dorogimedence.hu\/index.php\/wp-json\/wp\/v2\/categories?post=22363"},{"taxonomy":"post_tag","embeddable":true,"href":"https:\/\/dorogimedence.hu\/index.php\/wp-json\/wp\/v2\/tags?post=22363"}],"curies":[{"name":"wp","href":"https:\/\/api.w.org\/{rel}","templated":true}]}}