{"id":2209,"date":"2017-04-08T11:39:06","date_gmt":"2017-04-08T09:39:06","guid":{"rendered":"http:\/\/dorogimedence.hu\/?p=2209"},"modified":"2017-04-08T11:39:06","modified_gmt":"2017-04-08T09:39:06","slug":"az-eleteert-kuzdott-vegul-legyozte-a-rakot-a-2-eves-esztergomi-lany","status":"publish","type":"post","link":"https:\/\/dorogimedence.hu\/index.php\/2017\/04\/08\/az-eleteert-kuzdott-vegul-legyozte-a-rakot-a-2-eves-esztergomi-lany\/","title":{"rendered":"Az \u00e9let\u00e9\u00e9rt k\u00fczd\u00f6tt, v\u00e9g\u00fcl legy\u0151zte a r\u00e1kot a 2 \u00e9ves esztergomi l\u00e1ny"},"content":{"rendered":"<p><strong>Lampel Lencsi, b\u00e1r a szeme nevet\u0151s, kicsit r\u00f6videbb a haja, kevesebbet mozog \u00e9s t\u00f6bbet is \u00fccs\u00f6r\u00f6g, mint k\u00e9t\u00e9ves kort\u00e1rsai. De ez nem csoda: a t\u00fcnd\u00e9ri kisl\u00e1ny az elm\u00falt egy \u00e9vben heroikus k\u00fczdelmet folytatott az \u00e9let\u00e9\u00e9rt a gyilkos k\u00f3r, a r\u00e1k ellen <\/strong><em>&#8211; <span style=\"color: #0000ff;\"><a style=\"color: #0000ff;\" href=\"http:\/\/www.blikk.hu\/aktualis\/belfold\/az-eleteert-kuzdott-vegul-legyozte-a-rakot-a-2-eves-lencsi\/xpmj5ws?utm_source=hirstart&amp;utm_medium=hirstart&amp;utm_campaign=hirstart\" target=\"_blank\"><span style=\"text-decoration: underline;\">\u00edrja a Blikk<\/span><\/a><\/span>.<\/em><\/p>\n<p>\u2013 Egy m\u00e1jusi d\u00e9lut\u00e1non kezd\u0151d\u00f6tt, amikor a nagymama \u00e9szrevett egy dudort a kisl\u00e1nyom karj\u00e1n \u2013 eml\u00e9kezett Orsolya, Lencsi \u00e9desanyja. \u2013 <strong>Azt hitt\u00fck, cs\u00edp\u00e9s miatti allergi\u00e1s reakci\u00f3, \u00e9s bement\u00fcnk az \u00fcgyeletre.<\/strong> Megn\u00e9zt\u00e9k, m\u00e1snap m\u00e1r a T\u0171zolt\u00f3 Utcai Gyermekklinika onkol\u00f3gus\u00e1val besz\u00e9lgett\u00fcnk. A daganat irt\u00f3zatos \u00fctemben n\u0151tt.<\/p>\n<p class=\"hyphenate\">\u2013<strong> Reg\u00adgel \u00e9s este k\u00f6z\u00f6tt is szemmel lehetett l\u00e1tni a k\u00fcl\u00f6nbs\u00e9get.<\/strong> Egy h\u00e9t alatt, am\u00edg kivizsg\u00e1lt\u00e1k, csaknem almanagys\u00e1g\u00fa lett. A diagn\u00f3zis: <strong>embrion\u00e1lis rapdomia sarcoma. Ez egy l\u00e1gysz\u00f6veti daganat<\/strong> \u2013 tette hozz\u00e1 Orsolya.<\/p>\n<p class=\"hyphenate\">Lencsit kemoter\u00e1pi\u00e1val kezelt\u00e9k, majd megm\u0171t\u00f6tt\u00e9k \u00e9s ism\u00e9t <a id=\"78d3267a-8217-404f-863b-72fb8bcc19d0\" href=\"http:\/\/www.blikk.hu\/aktualis\/kulfold\/elhunyt-a-kemo-tancot-eloado-rakos-no\/f42lw9d\">kem\u00f3t<\/a> kapott. \u2013 <strong>H\u0151sk\u00e9nt viselte a ter\u00e1pi\u00e1t, \u00e9s szerencs\u00e9re a keze ugyan\u00fagy mozog, mint a m\u0171t\u00e9t el\u0151tt <\/strong>\u2013 vette \u00e1t a sz\u00f3t Viktor, az apuka. \u2013 Novemberben volt az utols\u00f3 kemoter\u00e1pia. Az MR-eredm\u00e9nye szerint minden rendben van! <strong>Nem volt k\u00f6nny\u0171, de csak arra gondoltunk: ak\u00e1rmennyire neh\u00e9z most, a l\u00e9nyeg, hogy a kicsi l\u00e1nyunk itt van vel\u00fcnk.<\/strong><\/p>\n<p class=\"hyphenate\"><strong>\u00c9vente k\u00e9tsz\u00e1z daganatos gyerek<\/strong><\/p>\n<p class=\"hyphenate\">A 15 \u00e9ves kor alatti gyermeklakoss\u00e1gban a daganatos betegs\u00e9gek gyakoris\u00e1ga \u00e9vente 150 \u00faj megbeteged\u00e9s 1 milli\u00f3 gyermekre sz\u00e1m\u00edtva. Haz\u00e1nkban \u00e9vente 150-200 \u00faj gyermekkori daganatos megbeteged\u00e9s fordul el\u0151. Leggyakoribb a leuk\u00e9mia.<\/p>\n<p class=\"hyphenate\"><em>Forr\u00e1s, interj\u00fa: blikk.hu<br \/>\nFot\u00f3: <span class=\"caption\">Fuszek G\u00e1bor<\/span><\/em><\/p>\n","protected":false},"excerpt":{"rendered":"<p>Lampel Lencsi, b\u00e1r a szeme nevet\u0151s, kicsit r\u00f6videbb a haja, kevesebbet mozog \u00e9s t\u00f6bbet is \u00fccs\u00f6r\u00f6g, mint k\u00e9t\u00e9ves kort\u00e1rsai. De ez nem csoda: a t\u00fcnd\u00e9ri kisl\u00e1ny az elm\u00falt egy \u00e9vben heroikus k\u00fczdelmet folytatott az \u00e9let\u00e9\u00e9rt a gyilkos k\u00f3r, a r\u00e1k ellen &#8211; \u00edrja a Blikk. \u2013 Egy m\u00e1jusi d\u00e9lut\u00e1non kezd\u0151d\u00f6tt, amikor a nagymama \u00e9szrevett egy<\/p>\n","protected":false},"author":1,"featured_media":2210,"comment_status":"closed","ping_status":"closed","sticky":false,"template":"","format":"standard","meta":{"ngg_post_thumbnail":0,"footnotes":""},"categories":[38,3],"tags":[744,42,743,742],"class_list":{"0":"post-2209","1":"post","2":"type-post","3":"status-publish","4":"format-standard","5":"has-post-thumbnail","7":"category-esztergom","8":"category-hirek","9":"tag-betegseg","10":"tag-esztergom","11":"tag-gyerek","12":"tag-rak"},"yoast_head":"<!-- This site is optimized with the Yoast SEO plugin v27.4 - https:\/\/yoast.com\/product\/yoast-seo-wordpress\/ -->\n<title>Az \u00e9let\u00e9\u00e9rt k\u00fczd\u00f6tt, v\u00e9g\u00fcl legy\u0151zte a r\u00e1kot a 2 \u00e9ves esztergomi l\u00e1ny<\/title>\n<meta name=\"robots\" content=\"index, follow, max-snippet:-1, max-image-preview:large, max-video-preview:-1\" \/>\n<link rel=\"canonical\" href=\"https:\/\/dorogimedence.hu\/index.php\/2017\/04\/08\/az-eleteert-kuzdott-vegul-legyozte-a-rakot-a-2-eves-esztergomi-lany\/\" class=\"yoast-seo-meta-tag\" \/>\n<meta property=\"og:locale\" content=\"hu_HU\" class=\"yoast-seo-meta-tag\" \/>\n<meta property=\"og:type\" content=\"article\" class=\"yoast-seo-meta-tag\" \/>\n<meta property=\"og:title\" content=\"Az \u00e9let\u00e9\u00e9rt k\u00fczd\u00f6tt, v\u00e9g\u00fcl legy\u0151zte a r\u00e1kot a 2 \u00e9ves esztergomi l\u00e1ny\" class=\"yoast-seo-meta-tag\" \/>\n<meta property=\"og:description\" content=\"Lampel Lencsi, b\u00e1r a szeme nevet\u0151s, kicsit r\u00f6videbb a haja, kevesebbet mozog \u00e9s t\u00f6bbet is \u00fccs\u00f6r\u00f6g, mint k\u00e9t\u00e9ves kort\u00e1rsai. De ez nem csoda: a t\u00fcnd\u00e9ri kisl\u00e1ny az elm\u00falt egy \u00e9vben heroikus k\u00fczdelmet folytatott az \u00e9let\u00e9\u00e9rt a gyilkos k\u00f3r, a r\u00e1k ellen &#8211; \u00edrja a Blikk. \u2013 Egy m\u00e1jusi d\u00e9lut\u00e1non kezd\u0151d\u00f6tt, amikor a nagymama \u00e9szrevett egy\" class=\"yoast-seo-meta-tag\" \/>\n<meta property=\"og:url\" content=\"https:\/\/dorogimedence.hu\/index.php\/2017\/04\/08\/az-eleteert-kuzdott-vegul-legyozte-a-rakot-a-2-eves-esztergomi-lany\/\" class=\"yoast-seo-meta-tag\" \/>\n<meta property=\"og:site_name\" content=\"Dorogi-medence Region\u00e1lis H\u00edrport\u00e1l\" class=\"yoast-seo-meta-tag\" \/>\n<meta property=\"article:publisher\" content=\"https:\/\/www.facebook.com\/dorogimedence\/\" class=\"yoast-seo-meta-tag\" \/>\n<meta property=\"article:published_time\" content=\"2017-04-08T09:39:06+00:00\" class=\"yoast-seo-meta-tag\" \/>\n<meta property=\"og:image\" content=\"https:\/\/i0.wp.com\/dorogimedence.hu\/wp-content\/uploads\/2017\/04\/lencsi.jpg?fit=670%2C365&ssl=1\" class=\"yoast-seo-meta-tag\" \/>\n\t<meta property=\"og:image:width\" content=\"670\" class=\"yoast-seo-meta-tag\" \/>\n\t<meta property=\"og:image:height\" content=\"365\" class=\"yoast-seo-meta-tag\" \/>\n\t<meta property=\"og:image:type\" content=\"image\/jpeg\" class=\"yoast-seo-meta-tag\" \/>\n<meta name=\"author\" content=\"dorogimedence.hu\" class=\"yoast-seo-meta-tag\" \/>\n<meta name=\"twitter:card\" content=\"summary_large_image\" class=\"yoast-seo-meta-tag\" \/>\n<meta name=\"twitter:label1\" content=\"Szerz\u0151:\" class=\"yoast-seo-meta-tag\" \/>\n\t<meta name=\"twitter:data1\" content=\"dorogimedence.hu\" class=\"yoast-seo-meta-tag\" \/>\n\t<meta name=\"twitter:label2\" content=\"Becs\u00fclt olvas\u00e1si id\u0151\" class=\"yoast-seo-meta-tag\" \/>\n\t<meta name=\"twitter:data2\" content=\"2 perc\" class=\"yoast-seo-meta-tag\" \/>\n<script type=\"application\/ld+json\" class=\"yoast-schema-graph\">{\"@context\":\"https:\\\/\\\/schema.org\",\"@graph\":[{\"@type\":\"Article\",\"@id\":\"https:\\\/\\\/dorogimedence.hu\\\/index.php\\\/2017\\\/04\\\/08\\\/az-eleteert-kuzdott-vegul-legyozte-a-rakot-a-2-eves-esztergomi-lany\\\/#article\",\"isPartOf\":{\"@id\":\"https:\\\/\\\/dorogimedence.hu\\\/index.php\\\/2017\\\/04\\\/08\\\/az-eleteert-kuzdott-vegul-legyozte-a-rakot-a-2-eves-esztergomi-lany\\\/\"},\"author\":{\"name\":\"dorogimedence.hu\",\"@id\":\"https:\\\/\\\/dorogimedence.hu\\\/#\\\/schema\\\/person\\\/ce6091eeb7e95ecdc87890d6aa8e0fd4\"},\"headline\":\"Az \u00e9let\u00e9\u00e9rt k\u00fczd\u00f6tt, v\u00e9g\u00fcl legy\u0151zte a r\u00e1kot a 2 \u00e9ves esztergomi l\u00e1ny\",\"datePublished\":\"2017-04-08T09:39:06+00:00\",\"mainEntityOfPage\":{\"@id\":\"https:\\\/\\\/dorogimedence.hu\\\/index.php\\\/2017\\\/04\\\/08\\\/az-eleteert-kuzdott-vegul-legyozte-a-rakot-a-2-eves-esztergomi-lany\\\/\"},\"wordCount\":329,\"publisher\":{\"@id\":\"https:\\\/\\\/dorogimedence.hu\\\/#organization\"},\"image\":{\"@id\":\"https:\\\/\\\/dorogimedence.hu\\\/index.php\\\/2017\\\/04\\\/08\\\/az-eleteert-kuzdott-vegul-legyozte-a-rakot-a-2-eves-esztergomi-lany\\\/#primaryimage\"},\"thumbnailUrl\":\"https:\\\/\\\/dorogimedence.hu\\\/wp-content\\\/uploads\\\/2017\\\/04\\\/lencsi.jpg\",\"keywords\":[\"betegs\u00e9g\",\"esztergom\",\"gyerek\",\"r\u00e1k\"],\"articleSection\":[\"Esztergom\",\"H\u00edrek\"],\"inLanguage\":\"hu\"},{\"@type\":\"WebPage\",\"@id\":\"https:\\\/\\\/dorogimedence.hu\\\/index.php\\\/2017\\\/04\\\/08\\\/az-eleteert-kuzdott-vegul-legyozte-a-rakot-a-2-eves-esztergomi-lany\\\/\",\"url\":\"https:\\\/\\\/dorogimedence.hu\\\/index.php\\\/2017\\\/04\\\/08\\\/az-eleteert-kuzdott-vegul-legyozte-a-rakot-a-2-eves-esztergomi-lany\\\/\",\"name\":\"Az \u00e9let\u00e9\u00e9rt k\u00fczd\u00f6tt, v\u00e9g\u00fcl legy\u0151zte a r\u00e1kot a 2 \u00e9ves esztergomi l\u00e1ny\",\"isPartOf\":{\"@id\":\"https:\\\/\\\/dorogimedence.hu\\\/#website\"},\"primaryImageOfPage\":{\"@id\":\"https:\\\/\\\/dorogimedence.hu\\\/index.php\\\/2017\\\/04\\\/08\\\/az-eleteert-kuzdott-vegul-legyozte-a-rakot-a-2-eves-esztergomi-lany\\\/#primaryimage\"},\"image\":{\"@id\":\"https:\\\/\\\/dorogimedence.hu\\\/index.php\\\/2017\\\/04\\\/08\\\/az-eleteert-kuzdott-vegul-legyozte-a-rakot-a-2-eves-esztergomi-lany\\\/#primaryimage\"},\"thumbnailUrl\":\"https:\\\/\\\/dorogimedence.hu\\\/wp-content\\\/uploads\\\/2017\\\/04\\\/lencsi.jpg\",\"datePublished\":\"2017-04-08T09:39:06+00:00\",\"breadcrumb\":{\"@id\":\"https:\\\/\\\/dorogimedence.hu\\\/index.php\\\/2017\\\/04\\\/08\\\/az-eleteert-kuzdott-vegul-legyozte-a-rakot-a-2-eves-esztergomi-lany\\\/#breadcrumb\"},\"inLanguage\":\"hu\",\"potentialAction\":[{\"@type\":\"ReadAction\",\"target\":[\"https:\\\/\\\/dorogimedence.hu\\\/index.php\\\/2017\\\/04\\\/08\\\/az-eleteert-kuzdott-vegul-legyozte-a-rakot-a-2-eves-esztergomi-lany\\\/\"]}]},{\"@type\":\"ImageObject\",\"inLanguage\":\"hu\",\"@id\":\"https:\\\/\\\/dorogimedence.hu\\\/index.php\\\/2017\\\/04\\\/08\\\/az-eleteert-kuzdott-vegul-legyozte-a-rakot-a-2-eves-esztergomi-lany\\\/#primaryimage\",\"url\":\"https:\\\/\\\/dorogimedence.hu\\\/wp-content\\\/uploads\\\/2017\\\/04\\\/lencsi.jpg\",\"contentUrl\":\"https:\\\/\\\/dorogimedence.hu\\\/wp-content\\\/uploads\\\/2017\\\/04\\\/lencsi.jpg\",\"width\":670,\"height\":365},{\"@type\":\"BreadcrumbList\",\"@id\":\"https:\\\/\\\/dorogimedence.hu\\\/index.php\\\/2017\\\/04\\\/08\\\/az-eleteert-kuzdott-vegul-legyozte-a-rakot-a-2-eves-esztergomi-lany\\\/#breadcrumb\",\"itemListElement\":[{\"@type\":\"ListItem\",\"position\":1,\"name\":\"Kezd\u0151lap\",\"item\":\"https:\\\/\\\/dorogimedence.hu\\\/\"},{\"@type\":\"ListItem\",\"position\":2,\"name\":\"Az \u00e9let\u00e9\u00e9rt k\u00fczd\u00f6tt, v\u00e9g\u00fcl legy\u0151zte a r\u00e1kot a 2 \u00e9ves esztergomi l\u00e1ny\"}]},{\"@type\":\"WebSite\",\"@id\":\"https:\\\/\\\/dorogimedence.hu\\\/#website\",\"url\":\"https:\\\/\\\/dorogimedence.hu\\\/\",\"name\":\"Dorogi-medence Region\u00e1lis H\u00edrport\u00e1l\",\"description\":\"Dorog, Keszt\u00f6lc, Le\u00e1nyv\u00e1r, Piliscs\u00e9v, Tokod, Tokodalt\u00e1r\u00f3, Csolnok, Esztergom-kertv\u00e1ros: h\u00edrek, programok\",\"publisher\":{\"@id\":\"https:\\\/\\\/dorogimedence.hu\\\/#organization\"},\"potentialAction\":[{\"@type\":\"SearchAction\",\"target\":{\"@type\":\"EntryPoint\",\"urlTemplate\":\"https:\\\/\\\/dorogimedence.hu\\\/?s={search_term_string}\"},\"query-input\":{\"@type\":\"PropertyValueSpecification\",\"valueRequired\":true,\"valueName\":\"search_term_string\"}}],\"inLanguage\":\"hu\"},{\"@type\":\"Organization\",\"@id\":\"https:\\\/\\\/dorogimedence.hu\\\/#organization\",\"name\":\"Dorogi-medence Region\u00e1lis H\u00edrport\u00e1l\",\"url\":\"https:\\\/\\\/dorogimedence.hu\\\/\",\"logo\":{\"@type\":\"ImageObject\",\"inLanguage\":\"hu\",\"@id\":\"https:\\\/\\\/dorogimedence.hu\\\/#\\\/schema\\\/logo\\\/image\\\/\",\"url\":\"https:\\\/\\\/dorogimedence.hu\\\/wp-content\\\/uploads\\\/2021\\\/04\\\/logo-feher-600.png\",\"contentUrl\":\"https:\\\/\\\/dorogimedence.hu\\\/wp-content\\\/uploads\\\/2021\\\/04\\\/logo-feher-600.png\",\"width\":600,\"height\":100,\"caption\":\"Dorogi-medence Region\u00e1lis H\u00edrport\u00e1l\"},\"image\":{\"@id\":\"https:\\\/\\\/dorogimedence.hu\\\/#\\\/schema\\\/logo\\\/image\\\/\"},\"sameAs\":[\"https:\\\/\\\/www.facebook.com\\\/dorogimedence\\\/\"]},{\"@type\":\"Person\",\"@id\":\"https:\\\/\\\/dorogimedence.hu\\\/#\\\/schema\\\/person\\\/ce6091eeb7e95ecdc87890d6aa8e0fd4\",\"name\":\"dorogimedence.hu\",\"image\":{\"@type\":\"ImageObject\",\"inLanguage\":\"hu\",\"@id\":\"\\\/\\\/www.gravatar.com\\\/avatar\\\/d8d45f8901aadff40a4af72c0b826f1d?s=96&#038;r=g&#038;d=mm\",\"url\":\"\\\/\\\/www.gravatar.com\\\/avatar\\\/d8d45f8901aadff40a4af72c0b826f1d?s=96&#038;r=g&#038;d=mm\",\"contentUrl\":\"\\\/\\\/www.gravatar.com\\\/avatar\\\/d8d45f8901aadff40a4af72c0b826f1d?s=96&#038;r=g&#038;d=mm\",\"caption\":\"dorogimedence.hu\"}}]}<\/script>\n<!-- \/ Yoast SEO plugin. -->","yoast_head_json":{"title":"Az \u00e9let\u00e9\u00e9rt k\u00fczd\u00f6tt, v\u00e9g\u00fcl legy\u0151zte a r\u00e1kot a 2 \u00e9ves esztergomi l\u00e1ny","robots":{"index":"index","follow":"follow","max-snippet":"max-snippet:-1","max-image-preview":"max-image-preview:large","max-video-preview":"max-video-preview:-1"},"canonical":"https:\/\/dorogimedence.hu\/index.php\/2017\/04\/08\/az-eleteert-kuzdott-vegul-legyozte-a-rakot-a-2-eves-esztergomi-lany\/","og_locale":"hu_HU","og_type":"article","og_title":"Az \u00e9let\u00e9\u00e9rt k\u00fczd\u00f6tt, v\u00e9g\u00fcl legy\u0151zte a r\u00e1kot a 2 \u00e9ves esztergomi l\u00e1ny","og_description":"Lampel Lencsi, b\u00e1r a szeme nevet\u0151s, kicsit r\u00f6videbb a haja, kevesebbet mozog \u00e9s t\u00f6bbet is \u00fccs\u00f6r\u00f6g, mint k\u00e9t\u00e9ves kort\u00e1rsai. De ez nem csoda: a t\u00fcnd\u00e9ri kisl\u00e1ny az elm\u00falt egy \u00e9vben heroikus k\u00fczdelmet folytatott az \u00e9let\u00e9\u00e9rt a gyilkos k\u00f3r, a r\u00e1k ellen &#8211; \u00edrja a Blikk. \u2013 Egy m\u00e1jusi d\u00e9lut\u00e1non kezd\u0151d\u00f6tt, amikor a nagymama \u00e9szrevett egy","og_url":"https:\/\/dorogimedence.hu\/index.php\/2017\/04\/08\/az-eleteert-kuzdott-vegul-legyozte-a-rakot-a-2-eves-esztergomi-lany\/","og_site_name":"Dorogi-medence Region\u00e1lis H\u00edrport\u00e1l","article_publisher":"https:\/\/www.facebook.com\/dorogimedence\/","article_published_time":"2017-04-08T09:39:06+00:00","og_image":[{"width":670,"height":365,"url":"https:\/\/i0.wp.com\/dorogimedence.hu\/wp-content\/uploads\/2017\/04\/lencsi.jpg?fit=670%2C365&ssl=1","type":"image\/jpeg"}],"author":"dorogimedence.hu","twitter_card":"summary_large_image","twitter_misc":{"Szerz\u0151:":"dorogimedence.hu","Becs\u00fclt olvas\u00e1si id\u0151":"2 perc"},"schema":{"@context":"https:\/\/schema.org","@graph":[{"@type":"Article","@id":"https:\/\/dorogimedence.hu\/index.php\/2017\/04\/08\/az-eleteert-kuzdott-vegul-legyozte-a-rakot-a-2-eves-esztergomi-lany\/#article","isPartOf":{"@id":"https:\/\/dorogimedence.hu\/index.php\/2017\/04\/08\/az-eleteert-kuzdott-vegul-legyozte-a-rakot-a-2-eves-esztergomi-lany\/"},"author":{"name":"dorogimedence.hu","@id":"https:\/\/dorogimedence.hu\/#\/schema\/person\/ce6091eeb7e95ecdc87890d6aa8e0fd4"},"headline":"Az \u00e9let\u00e9\u00e9rt k\u00fczd\u00f6tt, v\u00e9g\u00fcl legy\u0151zte a r\u00e1kot a 2 \u00e9ves esztergomi l\u00e1ny","datePublished":"2017-04-08T09:39:06+00:00","mainEntityOfPage":{"@id":"https:\/\/dorogimedence.hu\/index.php\/2017\/04\/08\/az-eleteert-kuzdott-vegul-legyozte-a-rakot-a-2-eves-esztergomi-lany\/"},"wordCount":329,"publisher":{"@id":"https:\/\/dorogimedence.hu\/#organization"},"image":{"@id":"https:\/\/dorogimedence.hu\/index.php\/2017\/04\/08\/az-eleteert-kuzdott-vegul-legyozte-a-rakot-a-2-eves-esztergomi-lany\/#primaryimage"},"thumbnailUrl":"https:\/\/dorogimedence.hu\/wp-content\/uploads\/2017\/04\/lencsi.jpg","keywords":["betegs\u00e9g","esztergom","gyerek","r\u00e1k"],"articleSection":["Esztergom","H\u00edrek"],"inLanguage":"hu"},{"@type":"WebPage","@id":"https:\/\/dorogimedence.hu\/index.php\/2017\/04\/08\/az-eleteert-kuzdott-vegul-legyozte-a-rakot-a-2-eves-esztergomi-lany\/","url":"https:\/\/dorogimedence.hu\/index.php\/2017\/04\/08\/az-eleteert-kuzdott-vegul-legyozte-a-rakot-a-2-eves-esztergomi-lany\/","name":"Az \u00e9let\u00e9\u00e9rt k\u00fczd\u00f6tt, v\u00e9g\u00fcl legy\u0151zte a r\u00e1kot a 2 \u00e9ves esztergomi l\u00e1ny","isPartOf":{"@id":"https:\/\/dorogimedence.hu\/#website"},"primaryImageOfPage":{"@id":"https:\/\/dorogimedence.hu\/index.php\/2017\/04\/08\/az-eleteert-kuzdott-vegul-legyozte-a-rakot-a-2-eves-esztergomi-lany\/#primaryimage"},"image":{"@id":"https:\/\/dorogimedence.hu\/index.php\/2017\/04\/08\/az-eleteert-kuzdott-vegul-legyozte-a-rakot-a-2-eves-esztergomi-lany\/#primaryimage"},"thumbnailUrl":"https:\/\/dorogimedence.hu\/wp-content\/uploads\/2017\/04\/lencsi.jpg","datePublished":"2017-04-08T09:39:06+00:00","breadcrumb":{"@id":"https:\/\/dorogimedence.hu\/index.php\/2017\/04\/08\/az-eleteert-kuzdott-vegul-legyozte-a-rakot-a-2-eves-esztergomi-lany\/#breadcrumb"},"inLanguage":"hu","potentialAction":[{"@type":"ReadAction","target":["https:\/\/dorogimedence.hu\/index.php\/2017\/04\/08\/az-eleteert-kuzdott-vegul-legyozte-a-rakot-a-2-eves-esztergomi-lany\/"]}]},{"@type":"ImageObject","inLanguage":"hu","@id":"https:\/\/dorogimedence.hu\/index.php\/2017\/04\/08\/az-eleteert-kuzdott-vegul-legyozte-a-rakot-a-2-eves-esztergomi-lany\/#primaryimage","url":"https:\/\/dorogimedence.hu\/wp-content\/uploads\/2017\/04\/lencsi.jpg","contentUrl":"https:\/\/dorogimedence.hu\/wp-content\/uploads\/2017\/04\/lencsi.jpg","width":670,"height":365},{"@type":"BreadcrumbList","@id":"https:\/\/dorogimedence.hu\/index.php\/2017\/04\/08\/az-eleteert-kuzdott-vegul-legyozte-a-rakot-a-2-eves-esztergomi-lany\/#breadcrumb","itemListElement":[{"@type":"ListItem","position":1,"name":"Kezd\u0151lap","item":"https:\/\/dorogimedence.hu\/"},{"@type":"ListItem","position":2,"name":"Az \u00e9let\u00e9\u00e9rt k\u00fczd\u00f6tt, v\u00e9g\u00fcl legy\u0151zte a r\u00e1kot a 2 \u00e9ves esztergomi l\u00e1ny"}]},{"@type":"WebSite","@id":"https:\/\/dorogimedence.hu\/#website","url":"https:\/\/dorogimedence.hu\/","name":"Dorogi-medence Region\u00e1lis H\u00edrport\u00e1l","description":"Dorog, Keszt\u00f6lc, Le\u00e1nyv\u00e1r, Piliscs\u00e9v, Tokod, Tokodalt\u00e1r\u00f3, Csolnok, Esztergom-kertv\u00e1ros: h\u00edrek, programok","publisher":{"@id":"https:\/\/dorogimedence.hu\/#organization"},"potentialAction":[{"@type":"SearchAction","target":{"@type":"EntryPoint","urlTemplate":"https:\/\/dorogimedence.hu\/?s={search_term_string}"},"query-input":{"@type":"PropertyValueSpecification","valueRequired":true,"valueName":"search_term_string"}}],"inLanguage":"hu"},{"@type":"Organization","@id":"https:\/\/dorogimedence.hu\/#organization","name":"Dorogi-medence Region\u00e1lis H\u00edrport\u00e1l","url":"https:\/\/dorogimedence.hu\/","logo":{"@type":"ImageObject","inLanguage":"hu","@id":"https:\/\/dorogimedence.hu\/#\/schema\/logo\/image\/","url":"https:\/\/dorogimedence.hu\/wp-content\/uploads\/2021\/04\/logo-feher-600.png","contentUrl":"https:\/\/dorogimedence.hu\/wp-content\/uploads\/2021\/04\/logo-feher-600.png","width":600,"height":100,"caption":"Dorogi-medence Region\u00e1lis H\u00edrport\u00e1l"},"image":{"@id":"https:\/\/dorogimedence.hu\/#\/schema\/logo\/image\/"},"sameAs":["https:\/\/www.facebook.com\/dorogimedence\/"]},{"@type":"Person","@id":"https:\/\/dorogimedence.hu\/#\/schema\/person\/ce6091eeb7e95ecdc87890d6aa8e0fd4","name":"dorogimedence.hu","image":{"@type":"ImageObject","inLanguage":"hu","@id":"\/\/www.gravatar.com\/avatar\/d8d45f8901aadff40a4af72c0b826f1d?s=96&#038;r=g&#038;d=mm","url":"\/\/www.gravatar.com\/avatar\/d8d45f8901aadff40a4af72c0b826f1d?s=96&#038;r=g&#038;d=mm","contentUrl":"\/\/www.gravatar.com\/avatar\/d8d45f8901aadff40a4af72c0b826f1d?s=96&#038;r=g&#038;d=mm","caption":"dorogimedence.hu"}}]}},"_links":{"self":[{"href":"https:\/\/dorogimedence.hu\/index.php\/wp-json\/wp\/v2\/posts\/2209","targetHints":{"allow":["GET"]}}],"collection":[{"href":"https:\/\/dorogimedence.hu\/index.php\/wp-json\/wp\/v2\/posts"}],"about":[{"href":"https:\/\/dorogimedence.hu\/index.php\/wp-json\/wp\/v2\/types\/post"}],"author":[{"embeddable":true,"href":"https:\/\/dorogimedence.hu\/index.php\/wp-json\/wp\/v2\/users\/1"}],"replies":[{"embeddable":true,"href":"https:\/\/dorogimedence.hu\/index.php\/wp-json\/wp\/v2\/comments?post=2209"}],"version-history":[{"count":0,"href":"https:\/\/dorogimedence.hu\/index.php\/wp-json\/wp\/v2\/posts\/2209\/revisions"}],"wp:featuredmedia":[{"embeddable":true,"href":"https:\/\/dorogimedence.hu\/index.php\/wp-json\/wp\/v2\/media\/2210"}],"wp:attachment":[{"href":"https:\/\/dorogimedence.hu\/index.php\/wp-json\/wp\/v2\/media?parent=2209"}],"wp:term":[{"taxonomy":"category","embeddable":true,"href":"https:\/\/dorogimedence.hu\/index.php\/wp-json\/wp\/v2\/categories?post=2209"},{"taxonomy":"post_tag","embeddable":true,"href":"https:\/\/dorogimedence.hu\/index.php\/wp-json\/wp\/v2\/tags?post=2209"}],"curies":[{"name":"wp","href":"https:\/\/api.w.org\/{rel}","templated":true}]}}