{"id":22004,"date":"2020-01-04T11:46:13","date_gmt":"2020-01-04T10:46:13","guid":{"rendered":"http:\/\/dorogimedence.hu\/?p=22004"},"modified":"2020-01-04T11:46:43","modified_gmt":"2020-01-04T10:46:43","slug":"ujabb-sokkolo-reszletek-derultek-ki-az-esztergomi-keselesrol","status":"publish","type":"post","link":"https:\/\/dorogimedence.hu\/index.php\/2020\/01\/04\/ujabb-sokkolo-reszletek-derultek-ki-az-esztergomi-keselesrol\/","title":{"rendered":"\u00dajabb sokkol\u00f3 r\u00e9szletek der\u00fcltek ki az esztergomi k\u00e9sel\u00e9sr\u0151l"},"content":{"rendered":"<p><strong><a href=\"https:\/\/dorogimedence.hu\/index.php\/2020\/01\/03\/13-eves-lany-szurta-le-iskolatarsat-sulyos-seruleseket-szenvedett\/\" target=\"_blank\" rel=\"noopener noreferrer\"><span style=\"text-decoration: underline; color: #0000ff;\">Tegnap \u00edrtuk<\/span><\/a>, hogy elrendelt\u00e9k annak a 13 \u00e9ves l\u00e1nygyermeknek a letart\u00f3ztat\u00e1s\u00e1t, aki 2019. december 29. napj\u00e1n egy esztergomi gyermekotthonban h\u00e1tba sz\u00farta 15 \u00e9ves iskolat\u00e1rs\u00e1t. A <a href=\"https:\/\/www.blikk.hu\/aktualis\/belfold\/13-eves-tini-keselt-az-otthonban-esztergomi-gyermekotthonban-tortent-keseles\/\" target=\"_blank\" rel=\"noopener noreferrer\"><span style=\"text-decoration: underline; color: #0000ff;\">Blikk<\/span><\/a> \u00fajabb r\u00e9szleteket tudott meg az esetr\u0151l.<\/strong><\/p>\n<p>Egy 13 \u00e9ves l\u00e1ny az int\u00e9zet konyh\u00e1j\u00e1ban t\u00e1rsai \u00e9s a csoport nevel\u0151j\u00e9nek szeme l\u00e1tt\u00e1ra egy keny\u00e9rv\u00e1g\u00f3 k\u00e9ssel sz\u00farta h\u00e1tba k\u00e9t \u00e9vvel id\u0151sebb, gyan\u00fatlan t\u00e1rs\u00e1t. \u00c1ldozat\u00e1t \u2013 akinek jobb lapock\u00e1ja al\u00e1 hatolt a penge \u2013 \u00e9letvesz\u00e9lyes \u00e1llapotban sz\u00e1ll\u00edtott\u00e1k k\u00f3rh\u00e1zba.<\/p>\n<p>Annyira hirtelen t\u00f6rt\u00e9nt a t\u00e1mad\u00e1s, hogy a nevel\u0151nek es\u00e9lye sem volt azt megf\u00e9kezni. De az \u0151 k\u00f6zbel\u00e9p\u00e9se akad\u00e1lyozta meg a nagyobb bajt, miut\u00e1n kih\u00fazta a k\u00e9st a l\u00e1ny h\u00e1t\u00e1b\u00f3l, riasztotta a ment\u0151ket is. A tettes kiszaladt a konyh\u00e1b\u00f3l, akit a seg\u00e9lyki\u00e1lt\u00e1sokra felfigyel\u0151 nevel\u0151k elfogtak, majd a rend\u0151rs\u00e9g ki\u00e9rkez\u00e9s\u00e9ig egy szob\u00e1ba z\u00e1rtak.<\/p>\n<p>A k\u00e9sel\u0151 l\u00e1nyt a Tatab\u00e1nyai J\u00e1r\u00e1sb\u00edr\u00f3s\u00e1g letart\u00f3ztatta, de tekintettel arra, hogy csup\u00e1n 13 \u00e9ves, a R\u00e1kospalotai Jav\u00edt\u00f3int\u00e9zetbe ker\u00fclt. \u00c9letvesz\u00e9lyt okoz\u00f3 testi s\u00e9rt\u00e9s miatt 2\u20138 \u00e9vig terjed\u0151 b\u00f6rt\u00f6nb\u00fcntet\u00e9s szabhat\u00f3 ki, azonban a gyan\u00fas\u00edtott szabads\u00e1gveszt\u00e9ssel nem b\u00fcntethet\u0151, mert a b\u0171ncselekm\u00e9ny elk\u00f6vet\u00e9sekor m\u00e9g nem t\u00f6lt\u00f6tte be a 14. \u00e9let\u00e9v\u00e9t.<\/p>\n<p>A <a href=\"https:\/\/www.blikk.hu\/aktualis\/belfold\/13-eves-tini-keselt-az-otthonban-esztergomi-gyermekotthonban-tortent-keseles\/\" target=\"_blank\" rel=\"noopener noreferrer\"><span style=\"text-decoration: underline; color: #0000ff;\">Blikk<\/span><\/a> megtudta, hogy a k\u00e9sel\u0151 kamasz kilenc h\u00f3napja, tavaly m\u00e1rcius 3-\u00e1n az\u00e9rt ker\u00fclt az Esztergomi Gyermekotthonba, mert Cegl\u00e9den egy t\u00f6r\u00f6tt s\u00f6r\u00f6s\u00fcveggel pr\u00f3b\u00e1lt kirabolni egy f\u00e9rfit. Ellene felfegyverkezve elk\u00f6vetett rabl\u00e1s\u00e9rt indult b\u00fcntet\u0151elj\u00e1r\u00e1s, v\u00e9lhet\u0151en a b\u00edr\u00f3s\u00e1g \u00f6sszevonva t\u00e1rgyalja majd az \u00fcgy\u00e9t.<\/p>\n<p><em>Forr\u00e1s: blikk.hu<\/em><\/p>\n","protected":false},"excerpt":{"rendered":"<p>Tegnap \u00edrtuk, hogy elrendelt\u00e9k annak a 13 \u00e9ves l\u00e1nygyermeknek a letart\u00f3ztat\u00e1s\u00e1t, aki 2019. december 29. napj\u00e1n egy esztergomi gyermekotthonban h\u00e1tba sz\u00farta 15 \u00e9ves iskolat\u00e1rs\u00e1t. A Blikk \u00fajabb r\u00e9szleteket tudott meg az esetr\u0151l. Egy 13 \u00e9ves l\u00e1ny az int\u00e9zet konyh\u00e1j\u00e1ban t\u00e1rsai \u00e9s a csoport nevel\u0151j\u00e9nek szeme l\u00e1tt\u00e1ra egy keny\u00e9rv\u00e1g\u00f3 k\u00e9ssel sz\u00farta h\u00e1tba k\u00e9t \u00e9vvel id\u0151sebb, gyan\u00fatlan<\/p>\n","protected":false},"author":1,"featured_media":22005,"comment_status":"closed","ping_status":"closed","sticky":false,"template":"","format":"standard","meta":{"ngg_post_thumbnail":0,"footnotes":""},"categories":[38,3,39],"tags":[1042,63,42,1318,326],"class_list":{"0":"post-22004","1":"post","2":"type-post","3":"status-publish","4":"format-standard","5":"has-post-thumbnail","7":"category-esztergom","8":"category-hirek","9":"category-kek-hirek","10":"tag-birosag","11":"tag-buncselekmeny","12":"tag-esztergom","13":"tag-gyilkossagi-kiserlet","14":"tag-ugyeszseg"},"yoast_head":"<!-- This site is optimized with the Yoast SEO plugin v27.4 - https:\/\/yoast.com\/product\/yoast-seo-wordpress\/ -->\n<title>\u00dajabb sokkol\u00f3 r\u00e9szletek der\u00fcltek ki az esztergomi k\u00e9sel\u00e9sr\u0151l<\/title>\n<meta name=\"robots\" content=\"index, follow, max-snippet:-1, max-image-preview:large, max-video-preview:-1\" \/>\n<link rel=\"canonical\" href=\"https:\/\/dorogimedence.hu\/index.php\/2020\/01\/04\/ujabb-sokkolo-reszletek-derultek-ki-az-esztergomi-keselesrol\/\" class=\"yoast-seo-meta-tag\" \/>\n<meta property=\"og:locale\" content=\"hu_HU\" class=\"yoast-seo-meta-tag\" \/>\n<meta property=\"og:type\" content=\"article\" class=\"yoast-seo-meta-tag\" \/>\n<meta property=\"og:title\" content=\"\u00dajabb sokkol\u00f3 r\u00e9szletek der\u00fcltek ki az esztergomi k\u00e9sel\u00e9sr\u0151l\" class=\"yoast-seo-meta-tag\" \/>\n<meta property=\"og:description\" content=\"Tegnap \u00edrtuk, hogy elrendelt\u00e9k annak a 13 \u00e9ves l\u00e1nygyermeknek a letart\u00f3ztat\u00e1s\u00e1t, aki 2019. december 29. napj\u00e1n egy esztergomi gyermekotthonban h\u00e1tba sz\u00farta 15 \u00e9ves iskolat\u00e1rs\u00e1t. A Blikk \u00fajabb r\u00e9szleteket tudott meg az esetr\u0151l. Egy 13 \u00e9ves l\u00e1ny az int\u00e9zet konyh\u00e1j\u00e1ban t\u00e1rsai \u00e9s a csoport nevel\u0151j\u00e9nek szeme l\u00e1tt\u00e1ra egy keny\u00e9rv\u00e1g\u00f3 k\u00e9ssel sz\u00farta h\u00e1tba k\u00e9t \u00e9vvel id\u0151sebb, gyan\u00fatlan\" class=\"yoast-seo-meta-tag\" \/>\n<meta property=\"og:url\" content=\"https:\/\/dorogimedence.hu\/index.php\/2020\/01\/04\/ujabb-sokkolo-reszletek-derultek-ki-az-esztergomi-keselesrol\/\" class=\"yoast-seo-meta-tag\" \/>\n<meta property=\"og:site_name\" content=\"Dorogi-medence Region\u00e1lis H\u00edrport\u00e1l\" class=\"yoast-seo-meta-tag\" \/>\n<meta property=\"article:publisher\" content=\"https:\/\/www.facebook.com\/dorogimedence\/\" class=\"yoast-seo-meta-tag\" \/>\n<meta property=\"article:published_time\" content=\"2020-01-04T10:46:13+00:00\" class=\"yoast-seo-meta-tag\" \/>\n<meta property=\"article:modified_time\" content=\"2020-01-04T10:46:43+00:00\" class=\"yoast-seo-meta-tag\" \/>\n<meta property=\"og:image\" content=\"https:\/\/i0.wp.com\/dorogimedence.hu\/wp-content\/uploads\/2020\/01\/keseles.jpg?fit=670%2C365&ssl=1\" class=\"yoast-seo-meta-tag\" \/>\n\t<meta property=\"og:image:width\" content=\"670\" class=\"yoast-seo-meta-tag\" \/>\n\t<meta property=\"og:image:height\" content=\"365\" class=\"yoast-seo-meta-tag\" \/>\n\t<meta property=\"og:image:type\" content=\"image\/jpeg\" class=\"yoast-seo-meta-tag\" \/>\n<meta name=\"author\" content=\"dorogimedence.hu\" class=\"yoast-seo-meta-tag\" \/>\n<meta name=\"twitter:card\" content=\"summary_large_image\" class=\"yoast-seo-meta-tag\" \/>\n<meta name=\"twitter:label1\" content=\"Szerz\u0151:\" class=\"yoast-seo-meta-tag\" \/>\n\t<meta name=\"twitter:data1\" content=\"dorogimedence.hu\" class=\"yoast-seo-meta-tag\" \/>\n\t<meta name=\"twitter:label2\" content=\"Becs\u00fclt olvas\u00e1si id\u0151\" class=\"yoast-seo-meta-tag\" \/>\n\t<meta name=\"twitter:data2\" content=\"2 perc\" class=\"yoast-seo-meta-tag\" \/>\n<script type=\"application\/ld+json\" class=\"yoast-schema-graph\">{\"@context\":\"https:\\\/\\\/schema.org\",\"@graph\":[{\"@type\":\"Article\",\"@id\":\"https:\\\/\\\/dorogimedence.hu\\\/index.php\\\/2020\\\/01\\\/04\\\/ujabb-sokkolo-reszletek-derultek-ki-az-esztergomi-keselesrol\\\/#article\",\"isPartOf\":{\"@id\":\"https:\\\/\\\/dorogimedence.hu\\\/index.php\\\/2020\\\/01\\\/04\\\/ujabb-sokkolo-reszletek-derultek-ki-az-esztergomi-keselesrol\\\/\"},\"author\":{\"name\":\"dorogimedence.hu\",\"@id\":\"https:\\\/\\\/dorogimedence.hu\\\/#\\\/schema\\\/person\\\/ce6091eeb7e95ecdc87890d6aa8e0fd4\"},\"headline\":\"\u00dajabb sokkol\u00f3 r\u00e9szletek der\u00fcltek ki az esztergomi k\u00e9sel\u00e9sr\u0151l\",\"datePublished\":\"2020-01-04T10:46:13+00:00\",\"dateModified\":\"2020-01-04T10:46:43+00:00\",\"mainEntityOfPage\":{\"@id\":\"https:\\\/\\\/dorogimedence.hu\\\/index.php\\\/2020\\\/01\\\/04\\\/ujabb-sokkolo-reszletek-derultek-ki-az-esztergomi-keselesrol\\\/\"},\"wordCount\":349,\"publisher\":{\"@id\":\"https:\\\/\\\/dorogimedence.hu\\\/#organization\"},\"image\":{\"@id\":\"https:\\\/\\\/dorogimedence.hu\\\/index.php\\\/2020\\\/01\\\/04\\\/ujabb-sokkolo-reszletek-derultek-ki-az-esztergomi-keselesrol\\\/#primaryimage\"},\"thumbnailUrl\":\"https:\\\/\\\/dorogimedence.hu\\\/wp-content\\\/uploads\\\/2020\\\/01\\\/keseles.jpg\",\"keywords\":[\"b\u00edr\u00f3s\u00e1g\",\"b\u0171ncselekm\u00e9ny\",\"esztergom\",\"gyilkoss\u00e1gi k\u00eds\u00e9rlet\",\"\u00fcgy\u00e9szs\u00e9g\"],\"articleSection\":[\"Esztergom\",\"H\u00edrek\",\"K\u00e9k h\u00edrek\"],\"inLanguage\":\"hu\"},{\"@type\":\"WebPage\",\"@id\":\"https:\\\/\\\/dorogimedence.hu\\\/index.php\\\/2020\\\/01\\\/04\\\/ujabb-sokkolo-reszletek-derultek-ki-az-esztergomi-keselesrol\\\/\",\"url\":\"https:\\\/\\\/dorogimedence.hu\\\/index.php\\\/2020\\\/01\\\/04\\\/ujabb-sokkolo-reszletek-derultek-ki-az-esztergomi-keselesrol\\\/\",\"name\":\"\u00dajabb sokkol\u00f3 r\u00e9szletek der\u00fcltek ki az esztergomi k\u00e9sel\u00e9sr\u0151l\",\"isPartOf\":{\"@id\":\"https:\\\/\\\/dorogimedence.hu\\\/#website\"},\"primaryImageOfPage\":{\"@id\":\"https:\\\/\\\/dorogimedence.hu\\\/index.php\\\/2020\\\/01\\\/04\\\/ujabb-sokkolo-reszletek-derultek-ki-az-esztergomi-keselesrol\\\/#primaryimage\"},\"image\":{\"@id\":\"https:\\\/\\\/dorogimedence.hu\\\/index.php\\\/2020\\\/01\\\/04\\\/ujabb-sokkolo-reszletek-derultek-ki-az-esztergomi-keselesrol\\\/#primaryimage\"},\"thumbnailUrl\":\"https:\\\/\\\/dorogimedence.hu\\\/wp-content\\\/uploads\\\/2020\\\/01\\\/keseles.jpg\",\"datePublished\":\"2020-01-04T10:46:13+00:00\",\"dateModified\":\"2020-01-04T10:46:43+00:00\",\"breadcrumb\":{\"@id\":\"https:\\\/\\\/dorogimedence.hu\\\/index.php\\\/2020\\\/01\\\/04\\\/ujabb-sokkolo-reszletek-derultek-ki-az-esztergomi-keselesrol\\\/#breadcrumb\"},\"inLanguage\":\"hu\",\"potentialAction\":[{\"@type\":\"ReadAction\",\"target\":[\"https:\\\/\\\/dorogimedence.hu\\\/index.php\\\/2020\\\/01\\\/04\\\/ujabb-sokkolo-reszletek-derultek-ki-az-esztergomi-keselesrol\\\/\"]}]},{\"@type\":\"ImageObject\",\"inLanguage\":\"hu\",\"@id\":\"https:\\\/\\\/dorogimedence.hu\\\/index.php\\\/2020\\\/01\\\/04\\\/ujabb-sokkolo-reszletek-derultek-ki-az-esztergomi-keselesrol\\\/#primaryimage\",\"url\":\"https:\\\/\\\/dorogimedence.hu\\\/wp-content\\\/uploads\\\/2020\\\/01\\\/keseles.jpg\",\"contentUrl\":\"https:\\\/\\\/dorogimedence.hu\\\/wp-content\\\/uploads\\\/2020\\\/01\\\/keseles.jpg\",\"width\":670,\"height\":365},{\"@type\":\"BreadcrumbList\",\"@id\":\"https:\\\/\\\/dorogimedence.hu\\\/index.php\\\/2020\\\/01\\\/04\\\/ujabb-sokkolo-reszletek-derultek-ki-az-esztergomi-keselesrol\\\/#breadcrumb\",\"itemListElement\":[{\"@type\":\"ListItem\",\"position\":1,\"name\":\"Kezd\u0151lap\",\"item\":\"https:\\\/\\\/dorogimedence.hu\\\/\"},{\"@type\":\"ListItem\",\"position\":2,\"name\":\"\u00dajabb sokkol\u00f3 r\u00e9szletek der\u00fcltek ki az esztergomi k\u00e9sel\u00e9sr\u0151l\"}]},{\"@type\":\"WebSite\",\"@id\":\"https:\\\/\\\/dorogimedence.hu\\\/#website\",\"url\":\"https:\\\/\\\/dorogimedence.hu\\\/\",\"name\":\"Dorogi-medence Region\u00e1lis H\u00edrport\u00e1l\",\"description\":\"Dorog, Keszt\u00f6lc, Le\u00e1nyv\u00e1r, Piliscs\u00e9v, Tokod, Tokodalt\u00e1r\u00f3, Csolnok, Esztergom-kertv\u00e1ros: h\u00edrek, programok\",\"publisher\":{\"@id\":\"https:\\\/\\\/dorogimedence.hu\\\/#organization\"},\"potentialAction\":[{\"@type\":\"SearchAction\",\"target\":{\"@type\":\"EntryPoint\",\"urlTemplate\":\"https:\\\/\\\/dorogimedence.hu\\\/?s={search_term_string}\"},\"query-input\":{\"@type\":\"PropertyValueSpecification\",\"valueRequired\":true,\"valueName\":\"search_term_string\"}}],\"inLanguage\":\"hu\"},{\"@type\":\"Organization\",\"@id\":\"https:\\\/\\\/dorogimedence.hu\\\/#organization\",\"name\":\"Dorogi-medence Region\u00e1lis H\u00edrport\u00e1l\",\"url\":\"https:\\\/\\\/dorogimedence.hu\\\/\",\"logo\":{\"@type\":\"ImageObject\",\"inLanguage\":\"hu\",\"@id\":\"https:\\\/\\\/dorogimedence.hu\\\/#\\\/schema\\\/logo\\\/image\\\/\",\"url\":\"https:\\\/\\\/dorogimedence.hu\\\/wp-content\\\/uploads\\\/2021\\\/04\\\/logo-feher-600.png\",\"contentUrl\":\"https:\\\/\\\/dorogimedence.hu\\\/wp-content\\\/uploads\\\/2021\\\/04\\\/logo-feher-600.png\",\"width\":600,\"height\":100,\"caption\":\"Dorogi-medence Region\u00e1lis H\u00edrport\u00e1l\"},\"image\":{\"@id\":\"https:\\\/\\\/dorogimedence.hu\\\/#\\\/schema\\\/logo\\\/image\\\/\"},\"sameAs\":[\"https:\\\/\\\/www.facebook.com\\\/dorogimedence\\\/\"]},{\"@type\":\"Person\",\"@id\":\"https:\\\/\\\/dorogimedence.hu\\\/#\\\/schema\\\/person\\\/ce6091eeb7e95ecdc87890d6aa8e0fd4\",\"name\":\"dorogimedence.hu\",\"image\":{\"@type\":\"ImageObject\",\"inLanguage\":\"hu\",\"@id\":\"\\\/\\\/www.gravatar.com\\\/avatar\\\/d8d45f8901aadff40a4af72c0b826f1d?s=96&#038;r=g&#038;d=mm\",\"url\":\"\\\/\\\/www.gravatar.com\\\/avatar\\\/d8d45f8901aadff40a4af72c0b826f1d?s=96&#038;r=g&#038;d=mm\",\"contentUrl\":\"\\\/\\\/www.gravatar.com\\\/avatar\\\/d8d45f8901aadff40a4af72c0b826f1d?s=96&#038;r=g&#038;d=mm\",\"caption\":\"dorogimedence.hu\"}}]}<\/script>\n<!-- \/ Yoast SEO plugin. -->","yoast_head_json":{"title":"\u00dajabb sokkol\u00f3 r\u00e9szletek der\u00fcltek ki az esztergomi k\u00e9sel\u00e9sr\u0151l","robots":{"index":"index","follow":"follow","max-snippet":"max-snippet:-1","max-image-preview":"max-image-preview:large","max-video-preview":"max-video-preview:-1"},"canonical":"https:\/\/dorogimedence.hu\/index.php\/2020\/01\/04\/ujabb-sokkolo-reszletek-derultek-ki-az-esztergomi-keselesrol\/","og_locale":"hu_HU","og_type":"article","og_title":"\u00dajabb sokkol\u00f3 r\u00e9szletek der\u00fcltek ki az esztergomi k\u00e9sel\u00e9sr\u0151l","og_description":"Tegnap \u00edrtuk, hogy elrendelt\u00e9k annak a 13 \u00e9ves l\u00e1nygyermeknek a letart\u00f3ztat\u00e1s\u00e1t, aki 2019. december 29. napj\u00e1n egy esztergomi gyermekotthonban h\u00e1tba sz\u00farta 15 \u00e9ves iskolat\u00e1rs\u00e1t. A Blikk \u00fajabb r\u00e9szleteket tudott meg az esetr\u0151l. Egy 13 \u00e9ves l\u00e1ny az int\u00e9zet konyh\u00e1j\u00e1ban t\u00e1rsai \u00e9s a csoport nevel\u0151j\u00e9nek szeme l\u00e1tt\u00e1ra egy keny\u00e9rv\u00e1g\u00f3 k\u00e9ssel sz\u00farta h\u00e1tba k\u00e9t \u00e9vvel id\u0151sebb, gyan\u00fatlan","og_url":"https:\/\/dorogimedence.hu\/index.php\/2020\/01\/04\/ujabb-sokkolo-reszletek-derultek-ki-az-esztergomi-keselesrol\/","og_site_name":"Dorogi-medence Region\u00e1lis H\u00edrport\u00e1l","article_publisher":"https:\/\/www.facebook.com\/dorogimedence\/","article_published_time":"2020-01-04T10:46:13+00:00","article_modified_time":"2020-01-04T10:46:43+00:00","og_image":[{"width":670,"height":365,"url":"https:\/\/i0.wp.com\/dorogimedence.hu\/wp-content\/uploads\/2020\/01\/keseles.jpg?fit=670%2C365&ssl=1","type":"image\/jpeg"}],"author":"dorogimedence.hu","twitter_card":"summary_large_image","twitter_misc":{"Szerz\u0151:":"dorogimedence.hu","Becs\u00fclt olvas\u00e1si id\u0151":"2 perc"},"schema":{"@context":"https:\/\/schema.org","@graph":[{"@type":"Article","@id":"https:\/\/dorogimedence.hu\/index.php\/2020\/01\/04\/ujabb-sokkolo-reszletek-derultek-ki-az-esztergomi-keselesrol\/#article","isPartOf":{"@id":"https:\/\/dorogimedence.hu\/index.php\/2020\/01\/04\/ujabb-sokkolo-reszletek-derultek-ki-az-esztergomi-keselesrol\/"},"author":{"name":"dorogimedence.hu","@id":"https:\/\/dorogimedence.hu\/#\/schema\/person\/ce6091eeb7e95ecdc87890d6aa8e0fd4"},"headline":"\u00dajabb sokkol\u00f3 r\u00e9szletek der\u00fcltek ki az esztergomi k\u00e9sel\u00e9sr\u0151l","datePublished":"2020-01-04T10:46:13+00:00","dateModified":"2020-01-04T10:46:43+00:00","mainEntityOfPage":{"@id":"https:\/\/dorogimedence.hu\/index.php\/2020\/01\/04\/ujabb-sokkolo-reszletek-derultek-ki-az-esztergomi-keselesrol\/"},"wordCount":349,"publisher":{"@id":"https:\/\/dorogimedence.hu\/#organization"},"image":{"@id":"https:\/\/dorogimedence.hu\/index.php\/2020\/01\/04\/ujabb-sokkolo-reszletek-derultek-ki-az-esztergomi-keselesrol\/#primaryimage"},"thumbnailUrl":"https:\/\/dorogimedence.hu\/wp-content\/uploads\/2020\/01\/keseles.jpg","keywords":["b\u00edr\u00f3s\u00e1g","b\u0171ncselekm\u00e9ny","esztergom","gyilkoss\u00e1gi k\u00eds\u00e9rlet","\u00fcgy\u00e9szs\u00e9g"],"articleSection":["Esztergom","H\u00edrek","K\u00e9k h\u00edrek"],"inLanguage":"hu"},{"@type":"WebPage","@id":"https:\/\/dorogimedence.hu\/index.php\/2020\/01\/04\/ujabb-sokkolo-reszletek-derultek-ki-az-esztergomi-keselesrol\/","url":"https:\/\/dorogimedence.hu\/index.php\/2020\/01\/04\/ujabb-sokkolo-reszletek-derultek-ki-az-esztergomi-keselesrol\/","name":"\u00dajabb sokkol\u00f3 r\u00e9szletek der\u00fcltek ki az esztergomi k\u00e9sel\u00e9sr\u0151l","isPartOf":{"@id":"https:\/\/dorogimedence.hu\/#website"},"primaryImageOfPage":{"@id":"https:\/\/dorogimedence.hu\/index.php\/2020\/01\/04\/ujabb-sokkolo-reszletek-derultek-ki-az-esztergomi-keselesrol\/#primaryimage"},"image":{"@id":"https:\/\/dorogimedence.hu\/index.php\/2020\/01\/04\/ujabb-sokkolo-reszletek-derultek-ki-az-esztergomi-keselesrol\/#primaryimage"},"thumbnailUrl":"https:\/\/dorogimedence.hu\/wp-content\/uploads\/2020\/01\/keseles.jpg","datePublished":"2020-01-04T10:46:13+00:00","dateModified":"2020-01-04T10:46:43+00:00","breadcrumb":{"@id":"https:\/\/dorogimedence.hu\/index.php\/2020\/01\/04\/ujabb-sokkolo-reszletek-derultek-ki-az-esztergomi-keselesrol\/#breadcrumb"},"inLanguage":"hu","potentialAction":[{"@type":"ReadAction","target":["https:\/\/dorogimedence.hu\/index.php\/2020\/01\/04\/ujabb-sokkolo-reszletek-derultek-ki-az-esztergomi-keselesrol\/"]}]},{"@type":"ImageObject","inLanguage":"hu","@id":"https:\/\/dorogimedence.hu\/index.php\/2020\/01\/04\/ujabb-sokkolo-reszletek-derultek-ki-az-esztergomi-keselesrol\/#primaryimage","url":"https:\/\/dorogimedence.hu\/wp-content\/uploads\/2020\/01\/keseles.jpg","contentUrl":"https:\/\/dorogimedence.hu\/wp-content\/uploads\/2020\/01\/keseles.jpg","width":670,"height":365},{"@type":"BreadcrumbList","@id":"https:\/\/dorogimedence.hu\/index.php\/2020\/01\/04\/ujabb-sokkolo-reszletek-derultek-ki-az-esztergomi-keselesrol\/#breadcrumb","itemListElement":[{"@type":"ListItem","position":1,"name":"Kezd\u0151lap","item":"https:\/\/dorogimedence.hu\/"},{"@type":"ListItem","position":2,"name":"\u00dajabb sokkol\u00f3 r\u00e9szletek der\u00fcltek ki az esztergomi k\u00e9sel\u00e9sr\u0151l"}]},{"@type":"WebSite","@id":"https:\/\/dorogimedence.hu\/#website","url":"https:\/\/dorogimedence.hu\/","name":"Dorogi-medence Region\u00e1lis H\u00edrport\u00e1l","description":"Dorog, Keszt\u00f6lc, Le\u00e1nyv\u00e1r, Piliscs\u00e9v, Tokod, Tokodalt\u00e1r\u00f3, Csolnok, Esztergom-kertv\u00e1ros: h\u00edrek, programok","publisher":{"@id":"https:\/\/dorogimedence.hu\/#organization"},"potentialAction":[{"@type":"SearchAction","target":{"@type":"EntryPoint","urlTemplate":"https:\/\/dorogimedence.hu\/?s={search_term_string}"},"query-input":{"@type":"PropertyValueSpecification","valueRequired":true,"valueName":"search_term_string"}}],"inLanguage":"hu"},{"@type":"Organization","@id":"https:\/\/dorogimedence.hu\/#organization","name":"Dorogi-medence Region\u00e1lis H\u00edrport\u00e1l","url":"https:\/\/dorogimedence.hu\/","logo":{"@type":"ImageObject","inLanguage":"hu","@id":"https:\/\/dorogimedence.hu\/#\/schema\/logo\/image\/","url":"https:\/\/dorogimedence.hu\/wp-content\/uploads\/2021\/04\/logo-feher-600.png","contentUrl":"https:\/\/dorogimedence.hu\/wp-content\/uploads\/2021\/04\/logo-feher-600.png","width":600,"height":100,"caption":"Dorogi-medence Region\u00e1lis H\u00edrport\u00e1l"},"image":{"@id":"https:\/\/dorogimedence.hu\/#\/schema\/logo\/image\/"},"sameAs":["https:\/\/www.facebook.com\/dorogimedence\/"]},{"@type":"Person","@id":"https:\/\/dorogimedence.hu\/#\/schema\/person\/ce6091eeb7e95ecdc87890d6aa8e0fd4","name":"dorogimedence.hu","image":{"@type":"ImageObject","inLanguage":"hu","@id":"\/\/www.gravatar.com\/avatar\/d8d45f8901aadff40a4af72c0b826f1d?s=96&#038;r=g&#038;d=mm","url":"\/\/www.gravatar.com\/avatar\/d8d45f8901aadff40a4af72c0b826f1d?s=96&#038;r=g&#038;d=mm","contentUrl":"\/\/www.gravatar.com\/avatar\/d8d45f8901aadff40a4af72c0b826f1d?s=96&#038;r=g&#038;d=mm","caption":"dorogimedence.hu"}}]}},"_links":{"self":[{"href":"https:\/\/dorogimedence.hu\/index.php\/wp-json\/wp\/v2\/posts\/22004","targetHints":{"allow":["GET"]}}],"collection":[{"href":"https:\/\/dorogimedence.hu\/index.php\/wp-json\/wp\/v2\/posts"}],"about":[{"href":"https:\/\/dorogimedence.hu\/index.php\/wp-json\/wp\/v2\/types\/post"}],"author":[{"embeddable":true,"href":"https:\/\/dorogimedence.hu\/index.php\/wp-json\/wp\/v2\/users\/1"}],"replies":[{"embeddable":true,"href":"https:\/\/dorogimedence.hu\/index.php\/wp-json\/wp\/v2\/comments?post=22004"}],"version-history":[{"count":0,"href":"https:\/\/dorogimedence.hu\/index.php\/wp-json\/wp\/v2\/posts\/22004\/revisions"}],"wp:featuredmedia":[{"embeddable":true,"href":"https:\/\/dorogimedence.hu\/index.php\/wp-json\/wp\/v2\/media\/22005"}],"wp:attachment":[{"href":"https:\/\/dorogimedence.hu\/index.php\/wp-json\/wp\/v2\/media?parent=22004"}],"wp:term":[{"taxonomy":"category","embeddable":true,"href":"https:\/\/dorogimedence.hu\/index.php\/wp-json\/wp\/v2\/categories?post=22004"},{"taxonomy":"post_tag","embeddable":true,"href":"https:\/\/dorogimedence.hu\/index.php\/wp-json\/wp\/v2\/tags?post=22004"}],"curies":[{"name":"wp","href":"https:\/\/api.w.org\/{rel}","templated":true}]}}