{"id":21967,"date":"2020-01-02T14:48:57","date_gmt":"2020-01-02T13:48:57","guid":{"rendered":"http:\/\/dorogimedence.hu\/?p=21967"},"modified":"2020-01-03T11:12:24","modified_gmt":"2020-01-03T10:12:24","slug":"dorogi-birkozok-martoztak-meg-a-palaban","status":"publish","type":"post","link":"https:\/\/dorogimedence.hu\/index.php\/2020\/01\/02\/dorogi-birkozok-martoztak-meg-a-palaban\/","title":{"rendered":"Dorogi birk\u00f3z\u00f3k m\u00e1rt\u00f3ztak meg a Pal\u00e1ban"},"content":{"rendered":"<p><strong>2020-ban \u00fcnnepli a dorogi birk\u00f3z\u00e1s a 90. \u00e9vfordul\u00f3j\u00e1t. A programsorozat janu\u00e1r 2-\u00e1n, jeges f\u00fcrd\u0151z\u00e9ssel indult.<\/strong><\/p>\n<p>A f\u00fcrd\u0151z\u00e9sre az \u00d6b\u00f6l Music Beach-n\u00e9l ker\u00fclt sor, ahol t\u00f6bb mint 20 sportol\u00f3 \u00e9s sportbar\u00e1t birk\u00f3z\u00f3mezben m\u00e1rt\u00f3zott meg a n\u00e9h\u00e1ny fokos Palatinus-t\u00f3ban.<\/p>\n<p><img fetchpriority=\"high\" decoding=\"async\" class=\"alignnone size-full wp-image-21969\" src=\"https:\/\/dorogimedence.hu\/wp-content\/uploads\/2020\/01\/pala-furdes-03.jpg\" alt=\"\" width=\"670\" height=\"365\" srcset=\"https:\/\/dorogimedence.hu\/wp-content\/uploads\/2020\/01\/pala-furdes-03.jpg 670w, https:\/\/dorogimedence.hu\/wp-content\/uploads\/2020\/01\/pala-furdes-03-300x163.jpg 300w\" sizes=\"(max-width: 670px) 100vw, 670px\" \/><\/p>\n<p>Knyask\u00f3 M\u00e1t\u00e9 edz\u0151 elmondta, hogy a Dorogi Neh\u00e9zatl\u00e9tikai Club birk\u00f3z\u00f3i mellett az MMA, a kempo \u00e9s a grappling szakoszt\u00e1ly sportol\u00f3i is k\u00e9pviselt\u00e9k magukat. De Puksa Ferenc, a DNC eln\u00f6ke \u00e9s a p\u00e1lyafut\u00e1s\u00e1t Dorogon kezd\u0151 Aub\u00e9li Ott\u00f3 t\u00f6bbsz\u00f6r\u00f6s olimpikon, vil\u00e1g- \u00e9s Eur\u00f3pa bajnoki bronz\u00e9rmes birk\u00f3z\u00f3 is megm\u00e1rt\u00f3zott a szinte fagyosnak mondhat\u00f3 v\u00edzben. A sportol\u00f3kat a m\u00e1rt\u00f3z\u00e1s ut\u00e1n forr\u00f3 te\u00e1val v\u00e1rt\u00e1k!<\/p>\n<p>Az esem\u00e9nyen tov\u00e1bb\u00e1 r\u00e9szt vett a Magyar Birk\u00f3z\u00f3sz\u00f6vets\u00e9g aleln\u00f6ke, Bacsa P\u00e9ter is, aki szint\u00e9n Dorogon kezdte a p\u00e1lyafut\u00e1s\u00e1t.<\/p>\n<div class=\"video-container\"><iframe src=\"https:\/\/www.youtube.com\/embed\/3Tj798L7DlI\" allowfullscreen=\"allowfullscreen\" width=\"560\" height=\"315\" frameborder=\"0\"><\/iframe><\/div>\n<div>&nbsp;<\/div>\n<p><em><strong>Az RTVE felv\u00e9tele:<\/strong><\/em><\/p>\n<div class=\"video-container\"><iframe src=\"https:\/\/www.youtube.com\/embed\/c6s8smzf_ww\" allowfullscreen=\"allowfullscreen\" width=\"560\" height=\"315\" frameborder=\"0\"><\/iframe><\/div>\n<div>&nbsp;<\/div>\n<p><strong>Tov\u00e1bbi programok a jubileum jegy\u00e9ben:<\/strong><\/p>\n<p>JANU\u00c1R \u2013 \u00daj\u00e9vi f\u00fcrd\u0151z\u00e9s a dorogi bajnokok tisztelet\u00e9re (janu\u00e1r 2. 13.00 \u2013 Palatinus t\u00f3 \u2013 \u00d6b\u00f6l Music Beach) \u2013 szervez\u0151 DNC birk\u00f3z\u00f3 szakoszt\u00e1lya \u2013 partner: Sportint\u00e9zm\u00e9ny.<\/p>\n<p>M\u00c1RCIUS \u2013 Fekete Gy\u00e9m\u00e1nt Kupa nemzetk\u00f6zi junior birk\u00f3z\u00f3 verseny \u00e9s grundbirk\u00f3z\u00f3 csapatverseny, birk\u00f3z\u00f3 tal\u00e1lkoz\u00f3 \u00e9s ki\u00e1ll\u00edt\u00e1s.<\/p>\n<p>J\u00daNIUS \u2013 Birk\u00f3z\u00e1s \u00e9jszak\u00e1ja, orsz\u00e1gos strandbirk\u00f3z\u00f3 bajnoks\u00e1g els\u0151 fordul\u00f3 (16:00 \u2013 24:00, Nipl Stef\u00e1nia uszoda \u2013 Dorog).<\/p>\n<p>NOVEMBER \u2013 Serd\u00fcl\u0151 kf. csapatbajnoks\u00e1g \u2013 d\u00f6nt\u0151 (V\u00e1rosi Sportcsarnok \u2013 Dorog).<\/p>\n<p>DECEMBER \u2013 F\u00e1klyagy\u00fajt\u00e1s (18:00 \u2013 Otthon T\u00e9r vagy m\u00e1s helysz\u00edn Dorogon).<\/p>\n<p><img decoding=\"async\" class=\"alignnone size-full wp-image-21970\" src=\"https:\/\/dorogimedence.hu\/wp-content\/uploads\/2020\/01\/pala-furdes-02.jpg\" alt=\"\" width=\"670\" height=\"365\" srcset=\"https:\/\/dorogimedence.hu\/wp-content\/uploads\/2020\/01\/pala-furdes-02.jpg 670w, https:\/\/dorogimedence.hu\/wp-content\/uploads\/2020\/01\/pala-furdes-02-300x163.jpg 300w\" sizes=\"(max-width: 670px) 100vw, 670px\" \/><\/p>\n","protected":false},"excerpt":{"rendered":"<p>2020-ban \u00fcnnepli a dorogi birk\u00f3z\u00e1s a 90. \u00e9vfordul\u00f3j\u00e1t. A programsorozat janu\u00e1r 2-\u00e1n, jeges f\u00fcrd\u0151z\u00e9ssel indult. A f\u00fcrd\u0151z\u00e9sre az \u00d6b\u00f6l Music Beach-n\u00e9l ker\u00fclt sor, ahol t\u00f6bb mint 20 sportol\u00f3 \u00e9s sportbar\u00e1t birk\u00f3z\u00f3mezben m\u00e1rt\u00f3zott meg a n\u00e9h\u00e1ny fokos Palatinus-t\u00f3ban. Knyask\u00f3 M\u00e1t\u00e9 edz\u0151 elmondta, hogy a Dorogi Neh\u00e9zatl\u00e9tikai Club birk\u00f3z\u00f3i mellett az MMA, a kempo \u00e9s a grappling<\/p>\n","protected":false},"author":1,"featured_media":21968,"comment_status":"closed","ping_status":"closed","sticky":false,"template":"","format":"standard","meta":{"ngg_post_thumbnail":0,"footnotes":""},"categories":[2,3,5],"tags":[356,15,206,4596,2144,36,16],"class_list":{"0":"post-21967","1":"post","2":"type-post","3":"status-publish","4":"format-standard","5":"has-post-thumbnail","7":"category-dorog","8":"category-hirek","9":"category-sport","10":"tag-birkozas","11":"tag-dorog","12":"tag-dorogi-nehezatletikai-club","13":"tag-fagyos-furdozes","14":"tag-furdozes","15":"tag-palatinus-to","16":"tag-sport"},"yoast_head":"<!-- This site is optimized with the Yoast SEO plugin v27.4 - https:\/\/yoast.com\/product\/yoast-seo-wordpress\/ -->\n<title>Dorogi birk\u00f3z\u00f3k m\u00e1rt\u00f3ztak meg a Pal\u00e1ban<\/title>\n<meta name=\"robots\" content=\"index, follow, max-snippet:-1, max-image-preview:large, max-video-preview:-1\" \/>\n<link rel=\"canonical\" href=\"https:\/\/dorogimedence.hu\/index.php\/2020\/01\/02\/dorogi-birkozok-martoztak-meg-a-palaban\/\" class=\"yoast-seo-meta-tag\" \/>\n<meta property=\"og:locale\" content=\"hu_HU\" class=\"yoast-seo-meta-tag\" \/>\n<meta property=\"og:type\" content=\"article\" class=\"yoast-seo-meta-tag\" \/>\n<meta property=\"og:title\" content=\"Dorogi birk\u00f3z\u00f3k m\u00e1rt\u00f3ztak meg a Pal\u00e1ban\" class=\"yoast-seo-meta-tag\" \/>\n<meta property=\"og:description\" content=\"2020-ban \u00fcnnepli a dorogi birk\u00f3z\u00e1s a 90. \u00e9vfordul\u00f3j\u00e1t. A programsorozat janu\u00e1r 2-\u00e1n, jeges f\u00fcrd\u0151z\u00e9ssel indult. A f\u00fcrd\u0151z\u00e9sre az \u00d6b\u00f6l Music Beach-n\u00e9l ker\u00fclt sor, ahol t\u00f6bb mint 20 sportol\u00f3 \u00e9s sportbar\u00e1t birk\u00f3z\u00f3mezben m\u00e1rt\u00f3zott meg a n\u00e9h\u00e1ny fokos Palatinus-t\u00f3ban. Knyask\u00f3 M\u00e1t\u00e9 edz\u0151 elmondta, hogy a Dorogi Neh\u00e9zatl\u00e9tikai Club birk\u00f3z\u00f3i mellett az MMA, a kempo \u00e9s a grappling\" class=\"yoast-seo-meta-tag\" \/>\n<meta property=\"og:url\" content=\"https:\/\/dorogimedence.hu\/index.php\/2020\/01\/02\/dorogi-birkozok-martoztak-meg-a-palaban\/\" class=\"yoast-seo-meta-tag\" \/>\n<meta property=\"og:site_name\" content=\"Dorogi-medence Region\u00e1lis H\u00edrport\u00e1l\" class=\"yoast-seo-meta-tag\" \/>\n<meta property=\"article:publisher\" content=\"https:\/\/www.facebook.com\/dorogimedence\/\" class=\"yoast-seo-meta-tag\" \/>\n<meta property=\"article:published_time\" content=\"2020-01-02T13:48:57+00:00\" class=\"yoast-seo-meta-tag\" \/>\n<meta property=\"article:modified_time\" content=\"2020-01-03T10:12:24+00:00\" class=\"yoast-seo-meta-tag\" \/>\n<meta property=\"og:image\" content=\"https:\/\/i0.wp.com\/dorogimedence.hu\/wp-content\/uploads\/2020\/01\/pala-furdes-01.jpg?fit=670%2C365&ssl=1\" class=\"yoast-seo-meta-tag\" \/>\n\t<meta property=\"og:image:width\" content=\"670\" class=\"yoast-seo-meta-tag\" \/>\n\t<meta property=\"og:image:height\" content=\"365\" class=\"yoast-seo-meta-tag\" \/>\n\t<meta property=\"og:image:type\" content=\"image\/jpeg\" class=\"yoast-seo-meta-tag\" \/>\n<meta name=\"author\" content=\"dorogimedence.hu\" class=\"yoast-seo-meta-tag\" \/>\n<meta name=\"twitter:card\" content=\"summary_large_image\" class=\"yoast-seo-meta-tag\" \/>\n<meta name=\"twitter:label1\" content=\"Szerz\u0151:\" class=\"yoast-seo-meta-tag\" \/>\n\t<meta name=\"twitter:data1\" content=\"dorogimedence.hu\" class=\"yoast-seo-meta-tag\" \/>\n\t<meta name=\"twitter:label2\" content=\"Becs\u00fclt olvas\u00e1si id\u0151\" class=\"yoast-seo-meta-tag\" \/>\n\t<meta name=\"twitter:data2\" content=\"1 perc\" class=\"yoast-seo-meta-tag\" \/>\n<script type=\"application\/ld+json\" class=\"yoast-schema-graph\">{\"@context\":\"https:\\\/\\\/schema.org\",\"@graph\":[{\"@type\":\"Article\",\"@id\":\"https:\\\/\\\/dorogimedence.hu\\\/index.php\\\/2020\\\/01\\\/02\\\/dorogi-birkozok-martoztak-meg-a-palaban\\\/#article\",\"isPartOf\":{\"@id\":\"https:\\\/\\\/dorogimedence.hu\\\/index.php\\\/2020\\\/01\\\/02\\\/dorogi-birkozok-martoztak-meg-a-palaban\\\/\"},\"author\":{\"name\":\"dorogimedence.hu\",\"@id\":\"https:\\\/\\\/dorogimedence.hu\\\/#\\\/schema\\\/person\\\/ce6091eeb7e95ecdc87890d6aa8e0fd4\"},\"headline\":\"Dorogi birk\u00f3z\u00f3k m\u00e1rt\u00f3ztak meg a Pal\u00e1ban\",\"datePublished\":\"2020-01-02T13:48:57+00:00\",\"dateModified\":\"2020-01-03T10:12:24+00:00\",\"mainEntityOfPage\":{\"@id\":\"https:\\\/\\\/dorogimedence.hu\\\/index.php\\\/2020\\\/01\\\/02\\\/dorogi-birkozok-martoztak-meg-a-palaban\\\/\"},\"wordCount\":308,\"publisher\":{\"@id\":\"https:\\\/\\\/dorogimedence.hu\\\/#organization\"},\"image\":{\"@id\":\"https:\\\/\\\/dorogimedence.hu\\\/index.php\\\/2020\\\/01\\\/02\\\/dorogi-birkozok-martoztak-meg-a-palaban\\\/#primaryimage\"},\"thumbnailUrl\":\"https:\\\/\\\/dorogimedence.hu\\\/wp-content\\\/uploads\\\/2020\\\/01\\\/pala-furdes-01.jpg\",\"keywords\":[\"birk\u00f3z\u00e1s\",\"Dorog\",\"Dorogi Neh\u00e9zatl\u00e9tikai Club\",\"fagyos f\u00fcrd\u0151z\u00e9s\",\"f\u00fcrd\u0151z\u00e9s\",\"Palatinus-t\u00f3\",\"sport\"],\"articleSection\":[\"Dorog\",\"H\u00edrek\",\"Sport\"],\"inLanguage\":\"hu\"},{\"@type\":\"WebPage\",\"@id\":\"https:\\\/\\\/dorogimedence.hu\\\/index.php\\\/2020\\\/01\\\/02\\\/dorogi-birkozok-martoztak-meg-a-palaban\\\/\",\"url\":\"https:\\\/\\\/dorogimedence.hu\\\/index.php\\\/2020\\\/01\\\/02\\\/dorogi-birkozok-martoztak-meg-a-palaban\\\/\",\"name\":\"Dorogi birk\u00f3z\u00f3k m\u00e1rt\u00f3ztak meg a Pal\u00e1ban\",\"isPartOf\":{\"@id\":\"https:\\\/\\\/dorogimedence.hu\\\/#website\"},\"primaryImageOfPage\":{\"@id\":\"https:\\\/\\\/dorogimedence.hu\\\/index.php\\\/2020\\\/01\\\/02\\\/dorogi-birkozok-martoztak-meg-a-palaban\\\/#primaryimage\"},\"image\":{\"@id\":\"https:\\\/\\\/dorogimedence.hu\\\/index.php\\\/2020\\\/01\\\/02\\\/dorogi-birkozok-martoztak-meg-a-palaban\\\/#primaryimage\"},\"thumbnailUrl\":\"https:\\\/\\\/dorogimedence.hu\\\/wp-content\\\/uploads\\\/2020\\\/01\\\/pala-furdes-01.jpg\",\"datePublished\":\"2020-01-02T13:48:57+00:00\",\"dateModified\":\"2020-01-03T10:12:24+00:00\",\"breadcrumb\":{\"@id\":\"https:\\\/\\\/dorogimedence.hu\\\/index.php\\\/2020\\\/01\\\/02\\\/dorogi-birkozok-martoztak-meg-a-palaban\\\/#breadcrumb\"},\"inLanguage\":\"hu\",\"potentialAction\":[{\"@type\":\"ReadAction\",\"target\":[\"https:\\\/\\\/dorogimedence.hu\\\/index.php\\\/2020\\\/01\\\/02\\\/dorogi-birkozok-martoztak-meg-a-palaban\\\/\"]}]},{\"@type\":\"ImageObject\",\"inLanguage\":\"hu\",\"@id\":\"https:\\\/\\\/dorogimedence.hu\\\/index.php\\\/2020\\\/01\\\/02\\\/dorogi-birkozok-martoztak-meg-a-palaban\\\/#primaryimage\",\"url\":\"https:\\\/\\\/dorogimedence.hu\\\/wp-content\\\/uploads\\\/2020\\\/01\\\/pala-furdes-01.jpg\",\"contentUrl\":\"https:\\\/\\\/dorogimedence.hu\\\/wp-content\\\/uploads\\\/2020\\\/01\\\/pala-furdes-01.jpg\",\"width\":670,\"height\":365},{\"@type\":\"BreadcrumbList\",\"@id\":\"https:\\\/\\\/dorogimedence.hu\\\/index.php\\\/2020\\\/01\\\/02\\\/dorogi-birkozok-martoztak-meg-a-palaban\\\/#breadcrumb\",\"itemListElement\":[{\"@type\":\"ListItem\",\"position\":1,\"name\":\"Kezd\u0151lap\",\"item\":\"https:\\\/\\\/dorogimedence.hu\\\/\"},{\"@type\":\"ListItem\",\"position\":2,\"name\":\"Dorogi birk\u00f3z\u00f3k m\u00e1rt\u00f3ztak meg a Pal\u00e1ban\"}]},{\"@type\":\"WebSite\",\"@id\":\"https:\\\/\\\/dorogimedence.hu\\\/#website\",\"url\":\"https:\\\/\\\/dorogimedence.hu\\\/\",\"name\":\"Dorogi-medence Region\u00e1lis H\u00edrport\u00e1l\",\"description\":\"Dorog, Keszt\u00f6lc, Le\u00e1nyv\u00e1r, Piliscs\u00e9v, Tokod, Tokodalt\u00e1r\u00f3, Csolnok, Esztergom-kertv\u00e1ros: h\u00edrek, programok\",\"publisher\":{\"@id\":\"https:\\\/\\\/dorogimedence.hu\\\/#organization\"},\"potentialAction\":[{\"@type\":\"SearchAction\",\"target\":{\"@type\":\"EntryPoint\",\"urlTemplate\":\"https:\\\/\\\/dorogimedence.hu\\\/?s={search_term_string}\"},\"query-input\":{\"@type\":\"PropertyValueSpecification\",\"valueRequired\":true,\"valueName\":\"search_term_string\"}}],\"inLanguage\":\"hu\"},{\"@type\":\"Organization\",\"@id\":\"https:\\\/\\\/dorogimedence.hu\\\/#organization\",\"name\":\"Dorogi-medence Region\u00e1lis H\u00edrport\u00e1l\",\"url\":\"https:\\\/\\\/dorogimedence.hu\\\/\",\"logo\":{\"@type\":\"ImageObject\",\"inLanguage\":\"hu\",\"@id\":\"https:\\\/\\\/dorogimedence.hu\\\/#\\\/schema\\\/logo\\\/image\\\/\",\"url\":\"https:\\\/\\\/dorogimedence.hu\\\/wp-content\\\/uploads\\\/2021\\\/04\\\/logo-feher-600.png\",\"contentUrl\":\"https:\\\/\\\/dorogimedence.hu\\\/wp-content\\\/uploads\\\/2021\\\/04\\\/logo-feher-600.png\",\"width\":600,\"height\":100,\"caption\":\"Dorogi-medence Region\u00e1lis H\u00edrport\u00e1l\"},\"image\":{\"@id\":\"https:\\\/\\\/dorogimedence.hu\\\/#\\\/schema\\\/logo\\\/image\\\/\"},\"sameAs\":[\"https:\\\/\\\/www.facebook.com\\\/dorogimedence\\\/\"]},{\"@type\":\"Person\",\"@id\":\"https:\\\/\\\/dorogimedence.hu\\\/#\\\/schema\\\/person\\\/ce6091eeb7e95ecdc87890d6aa8e0fd4\",\"name\":\"dorogimedence.hu\",\"image\":{\"@type\":\"ImageObject\",\"inLanguage\":\"hu\",\"@id\":\"\\\/\\\/www.gravatar.com\\\/avatar\\\/d8d45f8901aadff40a4af72c0b826f1d?s=96&#038;r=g&#038;d=mm\",\"url\":\"\\\/\\\/www.gravatar.com\\\/avatar\\\/d8d45f8901aadff40a4af72c0b826f1d?s=96&#038;r=g&#038;d=mm\",\"contentUrl\":\"\\\/\\\/www.gravatar.com\\\/avatar\\\/d8d45f8901aadff40a4af72c0b826f1d?s=96&#038;r=g&#038;d=mm\",\"caption\":\"dorogimedence.hu\"}}]}<\/script>\n<!-- \/ Yoast SEO plugin. -->","yoast_head_json":{"title":"Dorogi birk\u00f3z\u00f3k m\u00e1rt\u00f3ztak meg a Pal\u00e1ban","robots":{"index":"index","follow":"follow","max-snippet":"max-snippet:-1","max-image-preview":"max-image-preview:large","max-video-preview":"max-video-preview:-1"},"canonical":"https:\/\/dorogimedence.hu\/index.php\/2020\/01\/02\/dorogi-birkozok-martoztak-meg-a-palaban\/","og_locale":"hu_HU","og_type":"article","og_title":"Dorogi birk\u00f3z\u00f3k m\u00e1rt\u00f3ztak meg a Pal\u00e1ban","og_description":"2020-ban \u00fcnnepli a dorogi birk\u00f3z\u00e1s a 90. \u00e9vfordul\u00f3j\u00e1t. A programsorozat janu\u00e1r 2-\u00e1n, jeges f\u00fcrd\u0151z\u00e9ssel indult. A f\u00fcrd\u0151z\u00e9sre az \u00d6b\u00f6l Music Beach-n\u00e9l ker\u00fclt sor, ahol t\u00f6bb mint 20 sportol\u00f3 \u00e9s sportbar\u00e1t birk\u00f3z\u00f3mezben m\u00e1rt\u00f3zott meg a n\u00e9h\u00e1ny fokos Palatinus-t\u00f3ban. Knyask\u00f3 M\u00e1t\u00e9 edz\u0151 elmondta, hogy a Dorogi Neh\u00e9zatl\u00e9tikai Club birk\u00f3z\u00f3i mellett az MMA, a kempo \u00e9s a grappling","og_url":"https:\/\/dorogimedence.hu\/index.php\/2020\/01\/02\/dorogi-birkozok-martoztak-meg-a-palaban\/","og_site_name":"Dorogi-medence Region\u00e1lis H\u00edrport\u00e1l","article_publisher":"https:\/\/www.facebook.com\/dorogimedence\/","article_published_time":"2020-01-02T13:48:57+00:00","article_modified_time":"2020-01-03T10:12:24+00:00","og_image":[{"width":670,"height":365,"url":"https:\/\/i0.wp.com\/dorogimedence.hu\/wp-content\/uploads\/2020\/01\/pala-furdes-01.jpg?fit=670%2C365&ssl=1","type":"image\/jpeg"}],"author":"dorogimedence.hu","twitter_card":"summary_large_image","twitter_misc":{"Szerz\u0151:":"dorogimedence.hu","Becs\u00fclt olvas\u00e1si id\u0151":"1 perc"},"schema":{"@context":"https:\/\/schema.org","@graph":[{"@type":"Article","@id":"https:\/\/dorogimedence.hu\/index.php\/2020\/01\/02\/dorogi-birkozok-martoztak-meg-a-palaban\/#article","isPartOf":{"@id":"https:\/\/dorogimedence.hu\/index.php\/2020\/01\/02\/dorogi-birkozok-martoztak-meg-a-palaban\/"},"author":{"name":"dorogimedence.hu","@id":"https:\/\/dorogimedence.hu\/#\/schema\/person\/ce6091eeb7e95ecdc87890d6aa8e0fd4"},"headline":"Dorogi birk\u00f3z\u00f3k m\u00e1rt\u00f3ztak meg a Pal\u00e1ban","datePublished":"2020-01-02T13:48:57+00:00","dateModified":"2020-01-03T10:12:24+00:00","mainEntityOfPage":{"@id":"https:\/\/dorogimedence.hu\/index.php\/2020\/01\/02\/dorogi-birkozok-martoztak-meg-a-palaban\/"},"wordCount":308,"publisher":{"@id":"https:\/\/dorogimedence.hu\/#organization"},"image":{"@id":"https:\/\/dorogimedence.hu\/index.php\/2020\/01\/02\/dorogi-birkozok-martoztak-meg-a-palaban\/#primaryimage"},"thumbnailUrl":"https:\/\/dorogimedence.hu\/wp-content\/uploads\/2020\/01\/pala-furdes-01.jpg","keywords":["birk\u00f3z\u00e1s","Dorog","Dorogi Neh\u00e9zatl\u00e9tikai Club","fagyos f\u00fcrd\u0151z\u00e9s","f\u00fcrd\u0151z\u00e9s","Palatinus-t\u00f3","sport"],"articleSection":["Dorog","H\u00edrek","Sport"],"inLanguage":"hu"},{"@type":"WebPage","@id":"https:\/\/dorogimedence.hu\/index.php\/2020\/01\/02\/dorogi-birkozok-martoztak-meg-a-palaban\/","url":"https:\/\/dorogimedence.hu\/index.php\/2020\/01\/02\/dorogi-birkozok-martoztak-meg-a-palaban\/","name":"Dorogi birk\u00f3z\u00f3k m\u00e1rt\u00f3ztak meg a Pal\u00e1ban","isPartOf":{"@id":"https:\/\/dorogimedence.hu\/#website"},"primaryImageOfPage":{"@id":"https:\/\/dorogimedence.hu\/index.php\/2020\/01\/02\/dorogi-birkozok-martoztak-meg-a-palaban\/#primaryimage"},"image":{"@id":"https:\/\/dorogimedence.hu\/index.php\/2020\/01\/02\/dorogi-birkozok-martoztak-meg-a-palaban\/#primaryimage"},"thumbnailUrl":"https:\/\/dorogimedence.hu\/wp-content\/uploads\/2020\/01\/pala-furdes-01.jpg","datePublished":"2020-01-02T13:48:57+00:00","dateModified":"2020-01-03T10:12:24+00:00","breadcrumb":{"@id":"https:\/\/dorogimedence.hu\/index.php\/2020\/01\/02\/dorogi-birkozok-martoztak-meg-a-palaban\/#breadcrumb"},"inLanguage":"hu","potentialAction":[{"@type":"ReadAction","target":["https:\/\/dorogimedence.hu\/index.php\/2020\/01\/02\/dorogi-birkozok-martoztak-meg-a-palaban\/"]}]},{"@type":"ImageObject","inLanguage":"hu","@id":"https:\/\/dorogimedence.hu\/index.php\/2020\/01\/02\/dorogi-birkozok-martoztak-meg-a-palaban\/#primaryimage","url":"https:\/\/dorogimedence.hu\/wp-content\/uploads\/2020\/01\/pala-furdes-01.jpg","contentUrl":"https:\/\/dorogimedence.hu\/wp-content\/uploads\/2020\/01\/pala-furdes-01.jpg","width":670,"height":365},{"@type":"BreadcrumbList","@id":"https:\/\/dorogimedence.hu\/index.php\/2020\/01\/02\/dorogi-birkozok-martoztak-meg-a-palaban\/#breadcrumb","itemListElement":[{"@type":"ListItem","position":1,"name":"Kezd\u0151lap","item":"https:\/\/dorogimedence.hu\/"},{"@type":"ListItem","position":2,"name":"Dorogi birk\u00f3z\u00f3k m\u00e1rt\u00f3ztak meg a Pal\u00e1ban"}]},{"@type":"WebSite","@id":"https:\/\/dorogimedence.hu\/#website","url":"https:\/\/dorogimedence.hu\/","name":"Dorogi-medence Region\u00e1lis H\u00edrport\u00e1l","description":"Dorog, Keszt\u00f6lc, Le\u00e1nyv\u00e1r, Piliscs\u00e9v, Tokod, Tokodalt\u00e1r\u00f3, Csolnok, Esztergom-kertv\u00e1ros: h\u00edrek, programok","publisher":{"@id":"https:\/\/dorogimedence.hu\/#organization"},"potentialAction":[{"@type":"SearchAction","target":{"@type":"EntryPoint","urlTemplate":"https:\/\/dorogimedence.hu\/?s={search_term_string}"},"query-input":{"@type":"PropertyValueSpecification","valueRequired":true,"valueName":"search_term_string"}}],"inLanguage":"hu"},{"@type":"Organization","@id":"https:\/\/dorogimedence.hu\/#organization","name":"Dorogi-medence Region\u00e1lis H\u00edrport\u00e1l","url":"https:\/\/dorogimedence.hu\/","logo":{"@type":"ImageObject","inLanguage":"hu","@id":"https:\/\/dorogimedence.hu\/#\/schema\/logo\/image\/","url":"https:\/\/dorogimedence.hu\/wp-content\/uploads\/2021\/04\/logo-feher-600.png","contentUrl":"https:\/\/dorogimedence.hu\/wp-content\/uploads\/2021\/04\/logo-feher-600.png","width":600,"height":100,"caption":"Dorogi-medence Region\u00e1lis H\u00edrport\u00e1l"},"image":{"@id":"https:\/\/dorogimedence.hu\/#\/schema\/logo\/image\/"},"sameAs":["https:\/\/www.facebook.com\/dorogimedence\/"]},{"@type":"Person","@id":"https:\/\/dorogimedence.hu\/#\/schema\/person\/ce6091eeb7e95ecdc87890d6aa8e0fd4","name":"dorogimedence.hu","image":{"@type":"ImageObject","inLanguage":"hu","@id":"\/\/www.gravatar.com\/avatar\/d8d45f8901aadff40a4af72c0b826f1d?s=96&#038;r=g&#038;d=mm","url":"\/\/www.gravatar.com\/avatar\/d8d45f8901aadff40a4af72c0b826f1d?s=96&#038;r=g&#038;d=mm","contentUrl":"\/\/www.gravatar.com\/avatar\/d8d45f8901aadff40a4af72c0b826f1d?s=96&#038;r=g&#038;d=mm","caption":"dorogimedence.hu"}}]}},"_links":{"self":[{"href":"https:\/\/dorogimedence.hu\/index.php\/wp-json\/wp\/v2\/posts\/21967","targetHints":{"allow":["GET"]}}],"collection":[{"href":"https:\/\/dorogimedence.hu\/index.php\/wp-json\/wp\/v2\/posts"}],"about":[{"href":"https:\/\/dorogimedence.hu\/index.php\/wp-json\/wp\/v2\/types\/post"}],"author":[{"embeddable":true,"href":"https:\/\/dorogimedence.hu\/index.php\/wp-json\/wp\/v2\/users\/1"}],"replies":[{"embeddable":true,"href":"https:\/\/dorogimedence.hu\/index.php\/wp-json\/wp\/v2\/comments?post=21967"}],"version-history":[{"count":0,"href":"https:\/\/dorogimedence.hu\/index.php\/wp-json\/wp\/v2\/posts\/21967\/revisions"}],"wp:featuredmedia":[{"embeddable":true,"href":"https:\/\/dorogimedence.hu\/index.php\/wp-json\/wp\/v2\/media\/21968"}],"wp:attachment":[{"href":"https:\/\/dorogimedence.hu\/index.php\/wp-json\/wp\/v2\/media?parent=21967"}],"wp:term":[{"taxonomy":"category","embeddable":true,"href":"https:\/\/dorogimedence.hu\/index.php\/wp-json\/wp\/v2\/categories?post=21967"},{"taxonomy":"post_tag","embeddable":true,"href":"https:\/\/dorogimedence.hu\/index.php\/wp-json\/wp\/v2\/tags?post=21967"}],"curies":[{"name":"wp","href":"https:\/\/api.w.org\/{rel}","templated":true}]}}