{"id":21948,"date":"2020-01-01T15:31:58","date_gmt":"2020-01-01T14:31:58","guid":{"rendered":"http:\/\/dorogimedence.hu\/?p=21948"},"modified":"2020-01-01T15:31:58","modified_gmt":"2020-01-01T14:31:58","slug":"halaado-szentmiset-celebralt-erdo-peter-biboros","status":"publish","type":"post","link":"https:\/\/dorogimedence.hu\/index.php\/2020\/01\/01\/halaado-szentmiset-celebralt-erdo-peter-biboros\/","title":{"rendered":"H\u00e1laad\u00f3 szentmis\u00e9t celebr\u00e1lt Erd\u0151 P\u00e9ter b\u00edboros"},"content":{"rendered":"<p><strong>Erd\u0151 P\u00e9ter b\u00edboros, esztergom-budapesti \u00e9rsek celebr\u00e1lta december 31-\u00e9n az \u00e9v v\u00e9gi h\u00e1laad\u00f3 szentmis\u00e9t az Esztergomi Bazilik\u00e1ban. Az Istentiszteleten dr. N\u00e9meth J\u00e1nos, a f\u0151sz\u00e9kesegyh\u00e1z pl\u00e9b\u00e1nosa id\u00e9zte fel az idei esztend\u0151 esem\u00e9nyeit \u00e9s eredm\u00e9nyeit<\/strong> <em>&#8211; \u00edrja a <a href=\"http:\/\/hidlap.hu\/2019\/12\/31\/halaado-szentmiset-celebralt-dr-erdo-peter-esztergomban\/\" target=\"_blank\" rel=\"noopener noreferrer\"><span style=\"text-decoration: underline; color: #0000ff;\">hidlap.hu<\/span><\/a>.<\/em><\/p>\n<p>\u2013 Sz\u0171z M\u00e1ria Istenanyas\u00e1ga \u00fcnnep\u00e9nek el\u0151esti szentmis\u00e9j\u00e9t mondjuk, egyben h\u00e1l\u00e1t adunk az el\u0151z\u0151 esztend\u0151 minden kegyelm\u00e9\u00e9rt \u00e9s aj\u00e1nd\u00e9k\u00e1\u00e9rt. H\u00e1l\u00e1t adunk, hogy meg\u00e9lhett\u00fck ezt a napot, tov\u00e1bb\u00e1 minden j\u00f3\u00e9rt, ami pl\u00e9b\u00e1ni\u00e1nk, egyh\u00e1zmegy\u00e9nk, magyar egyh\u00e1zunk \u00e9s a vil\u00e1g \u00e9let\u00e9ben t\u00f6rt\u00e9nt \u2013 ezekkel a szavakkal k\u00f6sz\u00f6nt\u00f6tte a h\u00edveket a f\u0151p\u00e1sztor.<\/p>\n<p>Az evang\u00e9lium ut\u00e1n dr. N\u00e9meth J\u00e1nos fejezte ki gondolatait a bazilika fel\u00faj\u00edt\u00e1s\u00e1val kapcsolatban. Felid\u00e9zte, hogy h\u00e1ny h\u00e1zass\u00e1gk\u00f6t\u00e9s volt id\u00e9n, tov\u00e1bb\u00e1 mennyien r\u00e9szes\u00fcltek a b\u00e9rm\u00e1l\u00e1s, az els\u0151\u00e1ldoz\u00e1s \u00e9s a keresztel\u00e9s szents\u00e9g\u00e9ben.<\/p>\n<p><img fetchpriority=\"high\" decoding=\"async\" class=\"alignnone size-full wp-image-21950\" src=\"https:\/\/dorogimedence.hu\/wp-content\/uploads\/2020\/01\/erdopeter02.jpg\" alt=\"\" width=\"670\" height=\"447\" srcset=\"https:\/\/dorogimedence.hu\/wp-content\/uploads\/2020\/01\/erdopeter02.jpg 670w, https:\/\/dorogimedence.hu\/wp-content\/uploads\/2020\/01\/erdopeter02-300x200.jpg 300w, https:\/\/dorogimedence.hu\/wp-content\/uploads\/2020\/01\/erdopeter02-589x392.jpg 589w, https:\/\/dorogimedence.hu\/wp-content\/uploads\/2020\/01\/erdopeter02-272x182.jpg 272w\" sizes=\"(max-width: 670px) 100vw, 670px\" \/><\/p>\n<p>Esztergomba el\u0151szeretettel \u00e9rkeznek zar\u00e1ndokok, kik leggyakrabban Lengyel- \u00e9s Olaszorsz\u00e1gb\u00f3l, valamint Felvid\u00e9kr\u0151l kelnek \u00fatnak, ugyanakkor szingap\u00fari, Puerto Ric\u00f3-i h\u00edveket is fogadott a f\u0151sz\u00e9kesegyh\u00e1z.<\/p>\n<p>\u2013 Eredm\u00e9nyes esztend\u0151t z\u00e1rtunk \u2013 mondta, majd hozz\u00e1tette, hogy 2020-as \u00e9v sok v\u00e1ltoz\u00e1st tartogat mag\u00e1ban, hiszen az \u00edg\u00e9retek szerint tavasszal megnyithatj\u00e1k a fel\u00faj\u00edtott kincst\u00e1rat. A Nemzetk\u00f6zi Eucharisztikus Kongresszusra elk\u00e9sz\u00fclhet a bej\u00e1rati homlokzat, de ny\u00e1r k\u00f6zep\u00e9n kezdik el k\u00edv\u00fclr\u0151l fel\u00e1llv\u00e1nyozni a kupol\u00e1t.<\/p>\n<p><img decoding=\"async\" class=\"alignnone size-full wp-image-21951\" src=\"https:\/\/dorogimedence.hu\/wp-content\/uploads\/2020\/01\/erdopeter03.jpg\" alt=\"\" width=\"670\" height=\"447\" srcset=\"https:\/\/dorogimedence.hu\/wp-content\/uploads\/2020\/01\/erdopeter03.jpg 670w, https:\/\/dorogimedence.hu\/wp-content\/uploads\/2020\/01\/erdopeter03-300x200.jpg 300w, https:\/\/dorogimedence.hu\/wp-content\/uploads\/2020\/01\/erdopeter03-589x392.jpg 589w, https:\/\/dorogimedence.hu\/wp-content\/uploads\/2020\/01\/erdopeter03-272x182.jpg 272w\" sizes=\"(max-width: 670px) 100vw, 670px\" \/><\/p>\n<p>\u2013 Amint ebben az \u00e9vben is megkaptunk minden \u00e9gi \u00e9s f\u00f6ldi seg\u00edts\u00e9get, \u00fagy bizakodva tekint\u00fcnk a k\u00f6vetkez\u0151 esztend\u0151re. K\u00e9rj\u00fck Istent, hogy minden helyzetben l\u00e1ssuk, hogy mi a feladatunk \u00e9s adjon er\u0151t, hogy a felismert tennival\u00f3kat meg is tudjuk val\u00f3s\u00edtani \u2013 z\u00e1rta besz\u00e9d\u00e9t.<\/p>\n<p>A z\u00e1r\u00f3 \u00e1ld\u00e1s el\u0151tt a h\u00edvekkel k\u00f6z\u00f6sen el\u00e9nekelt\u00e9k a Te Deumot, vagyis a h\u00e1laad\u00f3 \u00e9neket.<\/p>\n<p><em>Forr\u00e1s: hidlap.hu<\/em><\/p>\n","protected":false},"excerpt":{"rendered":"<p>Erd\u0151 P\u00e9ter b\u00edboros, esztergom-budapesti \u00e9rsek celebr\u00e1lta december 31-\u00e9n az \u00e9v v\u00e9gi h\u00e1laad\u00f3 szentmis\u00e9t az Esztergomi Bazilik\u00e1ban. Az Istentiszteleten dr. N\u00e9meth J\u00e1nos, a f\u0151sz\u00e9kesegyh\u00e1z pl\u00e9b\u00e1nosa id\u00e9zte fel az idei esztend\u0151 esem\u00e9nyeit \u00e9s eredm\u00e9nyeit &#8211; \u00edrja a hidlap.hu. \u2013 Sz\u0171z M\u00e1ria Istenanyas\u00e1ga \u00fcnnep\u00e9nek el\u0151esti szentmis\u00e9j\u00e9t mondjuk, egyben h\u00e1l\u00e1t adunk az el\u0151z\u0151 esztend\u0151 minden kegyelm\u00e9\u00e9rt \u00e9s aj\u00e1nd\u00e9k\u00e1\u00e9rt. H\u00e1l\u00e1t<\/p>\n","protected":false},"author":1,"featured_media":21949,"comment_status":"closed","ping_status":"closed","sticky":false,"template":"","format":"standard","meta":{"ngg_post_thumbnail":0,"footnotes":""},"categories":[38,3],"tags":[764,42,4594,1396,4593,2036],"class_list":{"0":"post-21948","1":"post","2":"type-post","3":"status-publish","4":"format-standard","5":"has-post-thumbnail","7":"category-esztergom","8":"category-hirek","9":"tag-erdo-peter","10":"tag-esztergom","11":"tag-halaado-mise","12":"tag-mise","13":"tag-szent-misa","14":"tag-ujev"},"yoast_head":"<!-- This site is optimized with the Yoast SEO plugin v27.5 - https:\/\/yoast.com\/product\/yoast-seo-wordpress\/ -->\n<title>H\u00e1laad\u00f3 szentmis\u00e9t celebr\u00e1lt Erd\u0151 P\u00e9ter b\u00edboros<\/title>\n<meta name=\"robots\" content=\"index, follow, max-snippet:-1, max-image-preview:large, max-video-preview:-1\" \/>\n<link rel=\"canonical\" href=\"https:\/\/dorogimedence.hu\/index.php\/2020\/01\/01\/halaado-szentmiset-celebralt-erdo-peter-biboros\/\" class=\"yoast-seo-meta-tag\" \/>\n<meta property=\"og:locale\" content=\"hu_HU\" class=\"yoast-seo-meta-tag\" \/>\n<meta property=\"og:type\" content=\"article\" class=\"yoast-seo-meta-tag\" \/>\n<meta property=\"og:title\" content=\"H\u00e1laad\u00f3 szentmis\u00e9t celebr\u00e1lt Erd\u0151 P\u00e9ter b\u00edboros\" class=\"yoast-seo-meta-tag\" \/>\n<meta property=\"og:description\" content=\"Erd\u0151 P\u00e9ter b\u00edboros, esztergom-budapesti \u00e9rsek celebr\u00e1lta december 31-\u00e9n az \u00e9v v\u00e9gi h\u00e1laad\u00f3 szentmis\u00e9t az Esztergomi Bazilik\u00e1ban. Az Istentiszteleten dr. N\u00e9meth J\u00e1nos, a f\u0151sz\u00e9kesegyh\u00e1z pl\u00e9b\u00e1nosa id\u00e9zte fel az idei esztend\u0151 esem\u00e9nyeit \u00e9s eredm\u00e9nyeit &#8211; \u00edrja a hidlap.hu. \u2013 Sz\u0171z M\u00e1ria Istenanyas\u00e1ga \u00fcnnep\u00e9nek el\u0151esti szentmis\u00e9j\u00e9t mondjuk, egyben h\u00e1l\u00e1t adunk az el\u0151z\u0151 esztend\u0151 minden kegyelm\u00e9\u00e9rt \u00e9s aj\u00e1nd\u00e9k\u00e1\u00e9rt. H\u00e1l\u00e1t\" class=\"yoast-seo-meta-tag\" \/>\n<meta property=\"og:url\" content=\"https:\/\/dorogimedence.hu\/index.php\/2020\/01\/01\/halaado-szentmiset-celebralt-erdo-peter-biboros\/\" class=\"yoast-seo-meta-tag\" \/>\n<meta property=\"og:site_name\" content=\"Dorogi-medence Region\u00e1lis H\u00edrport\u00e1l\" class=\"yoast-seo-meta-tag\" \/>\n<meta property=\"article:publisher\" content=\"https:\/\/www.facebook.com\/dorogimedence\/\" class=\"yoast-seo-meta-tag\" \/>\n<meta property=\"article:published_time\" content=\"2020-01-01T14:31:58+00:00\" class=\"yoast-seo-meta-tag\" \/>\n<meta property=\"og:image\" content=\"https:\/\/i0.wp.com\/dorogimedence.hu\/wp-content\/uploads\/2020\/01\/erdopeter01.jpg?fit=670%2C365&ssl=1\" class=\"yoast-seo-meta-tag\" \/>\n\t<meta property=\"og:image:width\" content=\"670\" class=\"yoast-seo-meta-tag\" \/>\n\t<meta property=\"og:image:height\" content=\"365\" class=\"yoast-seo-meta-tag\" \/>\n\t<meta property=\"og:image:type\" content=\"image\/jpeg\" class=\"yoast-seo-meta-tag\" \/>\n<meta name=\"author\" content=\"dorogimedence.hu\" class=\"yoast-seo-meta-tag\" \/>\n<meta name=\"twitter:card\" content=\"summary_large_image\" class=\"yoast-seo-meta-tag\" \/>\n<meta name=\"twitter:label1\" content=\"Szerz\u0151:\" class=\"yoast-seo-meta-tag\" \/>\n\t<meta name=\"twitter:data1\" content=\"dorogimedence.hu\" class=\"yoast-seo-meta-tag\" \/>\n\t<meta name=\"twitter:label2\" content=\"Becs\u00fclt olvas\u00e1si id\u0151\" class=\"yoast-seo-meta-tag\" \/>\n\t<meta name=\"twitter:data2\" content=\"2 perc\" class=\"yoast-seo-meta-tag\" \/>\n<script type=\"application\/ld+json\" class=\"yoast-schema-graph\">{\"@context\":\"https:\\\/\\\/schema.org\",\"@graph\":[{\"@type\":\"Article\",\"@id\":\"https:\\\/\\\/dorogimedence.hu\\\/index.php\\\/2020\\\/01\\\/01\\\/halaado-szentmiset-celebralt-erdo-peter-biboros\\\/#article\",\"isPartOf\":{\"@id\":\"https:\\\/\\\/dorogimedence.hu\\\/index.php\\\/2020\\\/01\\\/01\\\/halaado-szentmiset-celebralt-erdo-peter-biboros\\\/\"},\"author\":{\"name\":\"dorogimedence.hu\",\"@id\":\"https:\\\/\\\/dorogimedence.hu\\\/#\\\/schema\\\/person\\\/ce6091eeb7e95ecdc87890d6aa8e0fd4\"},\"headline\":\"H\u00e1laad\u00f3 szentmis\u00e9t celebr\u00e1lt Erd\u0151 P\u00e9ter b\u00edboros\",\"datePublished\":\"2020-01-01T14:31:58+00:00\",\"mainEntityOfPage\":{\"@id\":\"https:\\\/\\\/dorogimedence.hu\\\/index.php\\\/2020\\\/01\\\/01\\\/halaado-szentmiset-celebralt-erdo-peter-biboros\\\/\"},\"wordCount\":385,\"publisher\":{\"@id\":\"https:\\\/\\\/dorogimedence.hu\\\/#organization\"},\"image\":{\"@id\":\"https:\\\/\\\/dorogimedence.hu\\\/index.php\\\/2020\\\/01\\\/01\\\/halaado-szentmiset-celebralt-erdo-peter-biboros\\\/#primaryimage\"},\"thumbnailUrl\":\"https:\\\/\\\/dorogimedence.hu\\\/wp-content\\\/uploads\\\/2020\\\/01\\\/erdopeter01.jpg\",\"keywords\":[\"Erd\u0151 P\u00e9ter\",\"esztergom\",\"h\u00e1laad\u00f3 mise\",\"mise\",\"szent misa\",\"\u00faj\u00e9v\"],\"articleSection\":[\"Esztergom\",\"H\u00edrek\"],\"inLanguage\":\"hu\"},{\"@type\":\"WebPage\",\"@id\":\"https:\\\/\\\/dorogimedence.hu\\\/index.php\\\/2020\\\/01\\\/01\\\/halaado-szentmiset-celebralt-erdo-peter-biboros\\\/\",\"url\":\"https:\\\/\\\/dorogimedence.hu\\\/index.php\\\/2020\\\/01\\\/01\\\/halaado-szentmiset-celebralt-erdo-peter-biboros\\\/\",\"name\":\"H\u00e1laad\u00f3 szentmis\u00e9t celebr\u00e1lt Erd\u0151 P\u00e9ter b\u00edboros\",\"isPartOf\":{\"@id\":\"https:\\\/\\\/dorogimedence.hu\\\/#website\"},\"primaryImageOfPage\":{\"@id\":\"https:\\\/\\\/dorogimedence.hu\\\/index.php\\\/2020\\\/01\\\/01\\\/halaado-szentmiset-celebralt-erdo-peter-biboros\\\/#primaryimage\"},\"image\":{\"@id\":\"https:\\\/\\\/dorogimedence.hu\\\/index.php\\\/2020\\\/01\\\/01\\\/halaado-szentmiset-celebralt-erdo-peter-biboros\\\/#primaryimage\"},\"thumbnailUrl\":\"https:\\\/\\\/dorogimedence.hu\\\/wp-content\\\/uploads\\\/2020\\\/01\\\/erdopeter01.jpg\",\"datePublished\":\"2020-01-01T14:31:58+00:00\",\"breadcrumb\":{\"@id\":\"https:\\\/\\\/dorogimedence.hu\\\/index.php\\\/2020\\\/01\\\/01\\\/halaado-szentmiset-celebralt-erdo-peter-biboros\\\/#breadcrumb\"},\"inLanguage\":\"hu\",\"potentialAction\":[{\"@type\":\"ReadAction\",\"target\":[\"https:\\\/\\\/dorogimedence.hu\\\/index.php\\\/2020\\\/01\\\/01\\\/halaado-szentmiset-celebralt-erdo-peter-biboros\\\/\"]}]},{\"@type\":\"ImageObject\",\"inLanguage\":\"hu\",\"@id\":\"https:\\\/\\\/dorogimedence.hu\\\/index.php\\\/2020\\\/01\\\/01\\\/halaado-szentmiset-celebralt-erdo-peter-biboros\\\/#primaryimage\",\"url\":\"https:\\\/\\\/dorogimedence.hu\\\/wp-content\\\/uploads\\\/2020\\\/01\\\/erdopeter01.jpg\",\"contentUrl\":\"https:\\\/\\\/dorogimedence.hu\\\/wp-content\\\/uploads\\\/2020\\\/01\\\/erdopeter01.jpg\",\"width\":670,\"height\":365},{\"@type\":\"BreadcrumbList\",\"@id\":\"https:\\\/\\\/dorogimedence.hu\\\/index.php\\\/2020\\\/01\\\/01\\\/halaado-szentmiset-celebralt-erdo-peter-biboros\\\/#breadcrumb\",\"itemListElement\":[{\"@type\":\"ListItem\",\"position\":1,\"name\":\"Kezd\u0151lap\",\"item\":\"https:\\\/\\\/dorogimedence.hu\\\/\"},{\"@type\":\"ListItem\",\"position\":2,\"name\":\"H\u00e1laad\u00f3 szentmis\u00e9t celebr\u00e1lt Erd\u0151 P\u00e9ter b\u00edboros\"}]},{\"@type\":\"WebSite\",\"@id\":\"https:\\\/\\\/dorogimedence.hu\\\/#website\",\"url\":\"https:\\\/\\\/dorogimedence.hu\\\/\",\"name\":\"Dorogi-medence Region\u00e1lis H\u00edrport\u00e1l\",\"description\":\"Dorog, Keszt\u00f6lc, Le\u00e1nyv\u00e1r, Piliscs\u00e9v, Tokod, Tokodalt\u00e1r\u00f3, Csolnok, Esztergom-kertv\u00e1ros: h\u00edrek, programok\",\"publisher\":{\"@id\":\"https:\\\/\\\/dorogimedence.hu\\\/#organization\"},\"potentialAction\":[{\"@type\":\"SearchAction\",\"target\":{\"@type\":\"EntryPoint\",\"urlTemplate\":\"https:\\\/\\\/dorogimedence.hu\\\/?s={search_term_string}\"},\"query-input\":{\"@type\":\"PropertyValueSpecification\",\"valueRequired\":true,\"valueName\":\"search_term_string\"}}],\"inLanguage\":\"hu\"},{\"@type\":\"Organization\",\"@id\":\"https:\\\/\\\/dorogimedence.hu\\\/#organization\",\"name\":\"Dorogi-medence Region\u00e1lis H\u00edrport\u00e1l\",\"url\":\"https:\\\/\\\/dorogimedence.hu\\\/\",\"logo\":{\"@type\":\"ImageObject\",\"inLanguage\":\"hu\",\"@id\":\"https:\\\/\\\/dorogimedence.hu\\\/#\\\/schema\\\/logo\\\/image\\\/\",\"url\":\"https:\\\/\\\/dorogimedence.hu\\\/wp-content\\\/uploads\\\/2021\\\/04\\\/logo-feher-600.png\",\"contentUrl\":\"https:\\\/\\\/dorogimedence.hu\\\/wp-content\\\/uploads\\\/2021\\\/04\\\/logo-feher-600.png\",\"width\":600,\"height\":100,\"caption\":\"Dorogi-medence Region\u00e1lis H\u00edrport\u00e1l\"},\"image\":{\"@id\":\"https:\\\/\\\/dorogimedence.hu\\\/#\\\/schema\\\/logo\\\/image\\\/\"},\"sameAs\":[\"https:\\\/\\\/www.facebook.com\\\/dorogimedence\\\/\"]},{\"@type\":\"Person\",\"@id\":\"https:\\\/\\\/dorogimedence.hu\\\/#\\\/schema\\\/person\\\/ce6091eeb7e95ecdc87890d6aa8e0fd4\",\"name\":\"dorogimedence.hu\",\"image\":{\"@type\":\"ImageObject\",\"inLanguage\":\"hu\",\"@id\":\"\\\/\\\/www.gravatar.com\\\/avatar\\\/d8d45f8901aadff40a4af72c0b826f1d?s=96&#038;r=g&#038;d=mm\",\"url\":\"\\\/\\\/www.gravatar.com\\\/avatar\\\/d8d45f8901aadff40a4af72c0b826f1d?s=96&#038;r=g&#038;d=mm\",\"contentUrl\":\"\\\/\\\/www.gravatar.com\\\/avatar\\\/d8d45f8901aadff40a4af72c0b826f1d?s=96&#038;r=g&#038;d=mm\",\"caption\":\"dorogimedence.hu\"}}]}<\/script>\n<!-- \/ Yoast SEO plugin. -->","yoast_head_json":{"title":"H\u00e1laad\u00f3 szentmis\u00e9t celebr\u00e1lt Erd\u0151 P\u00e9ter b\u00edboros","robots":{"index":"index","follow":"follow","max-snippet":"max-snippet:-1","max-image-preview":"max-image-preview:large","max-video-preview":"max-video-preview:-1"},"canonical":"https:\/\/dorogimedence.hu\/index.php\/2020\/01\/01\/halaado-szentmiset-celebralt-erdo-peter-biboros\/","og_locale":"hu_HU","og_type":"article","og_title":"H\u00e1laad\u00f3 szentmis\u00e9t celebr\u00e1lt Erd\u0151 P\u00e9ter b\u00edboros","og_description":"Erd\u0151 P\u00e9ter b\u00edboros, esztergom-budapesti \u00e9rsek celebr\u00e1lta december 31-\u00e9n az \u00e9v v\u00e9gi h\u00e1laad\u00f3 szentmis\u00e9t az Esztergomi Bazilik\u00e1ban. Az Istentiszteleten dr. N\u00e9meth J\u00e1nos, a f\u0151sz\u00e9kesegyh\u00e1z pl\u00e9b\u00e1nosa id\u00e9zte fel az idei esztend\u0151 esem\u00e9nyeit \u00e9s eredm\u00e9nyeit &#8211; \u00edrja a hidlap.hu. \u2013 Sz\u0171z M\u00e1ria Istenanyas\u00e1ga \u00fcnnep\u00e9nek el\u0151esti szentmis\u00e9j\u00e9t mondjuk, egyben h\u00e1l\u00e1t adunk az el\u0151z\u0151 esztend\u0151 minden kegyelm\u00e9\u00e9rt \u00e9s aj\u00e1nd\u00e9k\u00e1\u00e9rt. H\u00e1l\u00e1t","og_url":"https:\/\/dorogimedence.hu\/index.php\/2020\/01\/01\/halaado-szentmiset-celebralt-erdo-peter-biboros\/","og_site_name":"Dorogi-medence Region\u00e1lis H\u00edrport\u00e1l","article_publisher":"https:\/\/www.facebook.com\/dorogimedence\/","article_published_time":"2020-01-01T14:31:58+00:00","og_image":[{"width":670,"height":365,"url":"https:\/\/i0.wp.com\/dorogimedence.hu\/wp-content\/uploads\/2020\/01\/erdopeter01.jpg?fit=670%2C365&ssl=1","type":"image\/jpeg"}],"author":"dorogimedence.hu","twitter_card":"summary_large_image","twitter_misc":{"Szerz\u0151:":"dorogimedence.hu","Becs\u00fclt olvas\u00e1si id\u0151":"2 perc"},"schema":{"@context":"https:\/\/schema.org","@graph":[{"@type":"Article","@id":"https:\/\/dorogimedence.hu\/index.php\/2020\/01\/01\/halaado-szentmiset-celebralt-erdo-peter-biboros\/#article","isPartOf":{"@id":"https:\/\/dorogimedence.hu\/index.php\/2020\/01\/01\/halaado-szentmiset-celebralt-erdo-peter-biboros\/"},"author":{"name":"dorogimedence.hu","@id":"https:\/\/dorogimedence.hu\/#\/schema\/person\/ce6091eeb7e95ecdc87890d6aa8e0fd4"},"headline":"H\u00e1laad\u00f3 szentmis\u00e9t celebr\u00e1lt Erd\u0151 P\u00e9ter b\u00edboros","datePublished":"2020-01-01T14:31:58+00:00","mainEntityOfPage":{"@id":"https:\/\/dorogimedence.hu\/index.php\/2020\/01\/01\/halaado-szentmiset-celebralt-erdo-peter-biboros\/"},"wordCount":385,"publisher":{"@id":"https:\/\/dorogimedence.hu\/#organization"},"image":{"@id":"https:\/\/dorogimedence.hu\/index.php\/2020\/01\/01\/halaado-szentmiset-celebralt-erdo-peter-biboros\/#primaryimage"},"thumbnailUrl":"https:\/\/dorogimedence.hu\/wp-content\/uploads\/2020\/01\/erdopeter01.jpg","keywords":["Erd\u0151 P\u00e9ter","esztergom","h\u00e1laad\u00f3 mise","mise","szent misa","\u00faj\u00e9v"],"articleSection":["Esztergom","H\u00edrek"],"inLanguage":"hu"},{"@type":"WebPage","@id":"https:\/\/dorogimedence.hu\/index.php\/2020\/01\/01\/halaado-szentmiset-celebralt-erdo-peter-biboros\/","url":"https:\/\/dorogimedence.hu\/index.php\/2020\/01\/01\/halaado-szentmiset-celebralt-erdo-peter-biboros\/","name":"H\u00e1laad\u00f3 szentmis\u00e9t celebr\u00e1lt Erd\u0151 P\u00e9ter b\u00edboros","isPartOf":{"@id":"https:\/\/dorogimedence.hu\/#website"},"primaryImageOfPage":{"@id":"https:\/\/dorogimedence.hu\/index.php\/2020\/01\/01\/halaado-szentmiset-celebralt-erdo-peter-biboros\/#primaryimage"},"image":{"@id":"https:\/\/dorogimedence.hu\/index.php\/2020\/01\/01\/halaado-szentmiset-celebralt-erdo-peter-biboros\/#primaryimage"},"thumbnailUrl":"https:\/\/dorogimedence.hu\/wp-content\/uploads\/2020\/01\/erdopeter01.jpg","datePublished":"2020-01-01T14:31:58+00:00","breadcrumb":{"@id":"https:\/\/dorogimedence.hu\/index.php\/2020\/01\/01\/halaado-szentmiset-celebralt-erdo-peter-biboros\/#breadcrumb"},"inLanguage":"hu","potentialAction":[{"@type":"ReadAction","target":["https:\/\/dorogimedence.hu\/index.php\/2020\/01\/01\/halaado-szentmiset-celebralt-erdo-peter-biboros\/"]}]},{"@type":"ImageObject","inLanguage":"hu","@id":"https:\/\/dorogimedence.hu\/index.php\/2020\/01\/01\/halaado-szentmiset-celebralt-erdo-peter-biboros\/#primaryimage","url":"https:\/\/dorogimedence.hu\/wp-content\/uploads\/2020\/01\/erdopeter01.jpg","contentUrl":"https:\/\/dorogimedence.hu\/wp-content\/uploads\/2020\/01\/erdopeter01.jpg","width":670,"height":365},{"@type":"BreadcrumbList","@id":"https:\/\/dorogimedence.hu\/index.php\/2020\/01\/01\/halaado-szentmiset-celebralt-erdo-peter-biboros\/#breadcrumb","itemListElement":[{"@type":"ListItem","position":1,"name":"Kezd\u0151lap","item":"https:\/\/dorogimedence.hu\/"},{"@type":"ListItem","position":2,"name":"H\u00e1laad\u00f3 szentmis\u00e9t celebr\u00e1lt Erd\u0151 P\u00e9ter b\u00edboros"}]},{"@type":"WebSite","@id":"https:\/\/dorogimedence.hu\/#website","url":"https:\/\/dorogimedence.hu\/","name":"Dorogi-medence Region\u00e1lis H\u00edrport\u00e1l","description":"Dorog, Keszt\u00f6lc, Le\u00e1nyv\u00e1r, Piliscs\u00e9v, Tokod, Tokodalt\u00e1r\u00f3, Csolnok, Esztergom-kertv\u00e1ros: h\u00edrek, programok","publisher":{"@id":"https:\/\/dorogimedence.hu\/#organization"},"potentialAction":[{"@type":"SearchAction","target":{"@type":"EntryPoint","urlTemplate":"https:\/\/dorogimedence.hu\/?s={search_term_string}"},"query-input":{"@type":"PropertyValueSpecification","valueRequired":true,"valueName":"search_term_string"}}],"inLanguage":"hu"},{"@type":"Organization","@id":"https:\/\/dorogimedence.hu\/#organization","name":"Dorogi-medence Region\u00e1lis H\u00edrport\u00e1l","url":"https:\/\/dorogimedence.hu\/","logo":{"@type":"ImageObject","inLanguage":"hu","@id":"https:\/\/dorogimedence.hu\/#\/schema\/logo\/image\/","url":"https:\/\/dorogimedence.hu\/wp-content\/uploads\/2021\/04\/logo-feher-600.png","contentUrl":"https:\/\/dorogimedence.hu\/wp-content\/uploads\/2021\/04\/logo-feher-600.png","width":600,"height":100,"caption":"Dorogi-medence Region\u00e1lis H\u00edrport\u00e1l"},"image":{"@id":"https:\/\/dorogimedence.hu\/#\/schema\/logo\/image\/"},"sameAs":["https:\/\/www.facebook.com\/dorogimedence\/"]},{"@type":"Person","@id":"https:\/\/dorogimedence.hu\/#\/schema\/person\/ce6091eeb7e95ecdc87890d6aa8e0fd4","name":"dorogimedence.hu","image":{"@type":"ImageObject","inLanguage":"hu","@id":"\/\/www.gravatar.com\/avatar\/d8d45f8901aadff40a4af72c0b826f1d?s=96&#038;r=g&#038;d=mm","url":"\/\/www.gravatar.com\/avatar\/d8d45f8901aadff40a4af72c0b826f1d?s=96&#038;r=g&#038;d=mm","contentUrl":"\/\/www.gravatar.com\/avatar\/d8d45f8901aadff40a4af72c0b826f1d?s=96&#038;r=g&#038;d=mm","caption":"dorogimedence.hu"}}]}},"_links":{"self":[{"href":"https:\/\/dorogimedence.hu\/index.php\/wp-json\/wp\/v2\/posts\/21948","targetHints":{"allow":["GET"]}}],"collection":[{"href":"https:\/\/dorogimedence.hu\/index.php\/wp-json\/wp\/v2\/posts"}],"about":[{"href":"https:\/\/dorogimedence.hu\/index.php\/wp-json\/wp\/v2\/types\/post"}],"author":[{"embeddable":true,"href":"https:\/\/dorogimedence.hu\/index.php\/wp-json\/wp\/v2\/users\/1"}],"replies":[{"embeddable":true,"href":"https:\/\/dorogimedence.hu\/index.php\/wp-json\/wp\/v2\/comments?post=21948"}],"version-history":[{"count":0,"href":"https:\/\/dorogimedence.hu\/index.php\/wp-json\/wp\/v2\/posts\/21948\/revisions"}],"wp:featuredmedia":[{"embeddable":true,"href":"https:\/\/dorogimedence.hu\/index.php\/wp-json\/wp\/v2\/media\/21949"}],"wp:attachment":[{"href":"https:\/\/dorogimedence.hu\/index.php\/wp-json\/wp\/v2\/media?parent=21948"}],"wp:term":[{"taxonomy":"category","embeddable":true,"href":"https:\/\/dorogimedence.hu\/index.php\/wp-json\/wp\/v2\/categories?post=21948"},{"taxonomy":"post_tag","embeddable":true,"href":"https:\/\/dorogimedence.hu\/index.php\/wp-json\/wp\/v2\/tags?post=21948"}],"curies":[{"name":"wp","href":"https:\/\/api.w.org\/{rel}","templated":true}]}}