{"id":21771,"date":"2019-12-19T15:54:53","date_gmt":"2019-12-19T14:54:53","guid":{"rendered":"http:\/\/dorogimedence.hu\/?p=21771"},"modified":"2019-12-19T15:54:58","modified_gmt":"2019-12-19T14:54:58","slug":"induljon-el-az-almai-utan-az-adriai-tengeren","status":"publish","type":"post","link":"https:\/\/dorogimedence.hu\/index.php\/2019\/12\/19\/induljon-el-az-almai-utan-az-adriai-tengeren\/","title":{"rendered":"Induljon el az \u00e1lmai ut\u00e1n az Adriai tengeren"},"content":{"rendered":"<p><strong>Vajon l\u00e9tezik olyan ember a vil\u00e1gon, akinek ne voln\u00e1nak \u00e1lmai, vagy nem v\u00e1gyna valamire? Biztos, hogy nincs. Hiszen az \u00e1lmaink \u00e9s v\u00e1gyaink azok, amelyek m\u00e9lyen benn\u00fcnk, az ember term\u00e9szet\u00e9ben vannak begy\u00f6kerezve \u00e9s a term\u00e9szet\u00fcnkh\u00f6z tartoznak. \u00c9ppen az \u00e1lmaink \u00e9s v\u00e1gyaink azok, amelyek k\u00e9pesek minket el\u0151bbre vinni \u00e9s nagyszer\u0171 lehet\u0151s\u00e9get k\u00edn\u00e1lnak nek\u00fcnk ahhoz, hogy megismerj\u00fck a sz\u00e1munkra ismeretlent, felfedezz\u00fck a m\u00e9g felfedezetlen helyeket \u00e9s valami \u00fajat, valami feledhetetlent \u00e9lj\u00fcnk \u00e1t.<\/strong><\/p>\n<p><strong>Ne \u00e1lmodjon csup\u00e1n, hanem \u00e9ljen teljes \u00e9letet!<\/strong><\/p>\n<p>Minden \u00e1lmunk addig sz\u00e9p, am\u00edg nem vagyunk abban a helyzetben, amikor elkezdhetj\u00fck val\u00f3ra v\u00e1ltani \u0151ket. Ha gyerekkorunkban v\u00e1gyunk valamire, nem mindig tudjuk azt val\u00f3ra v\u00e1ltani, feln\u0151tt korunkban pedig m\u00e1r m\u00e1s k\u00f6r\u00fclm\u00e9nyek akad\u00e1lyozhatnak benn\u00fcnket a val\u00f3ra v\u00e1lt\u00e1sban. A terveinket azonban ne adjuk fel sosem, hanem tegy\u00fcnk meg mindent a boldogs\u00e1gunk \u00e9rdek\u00e9ben.<\/p>\n<p>\u00c9s mindegyik\u00fcnk a saj\u00e1t maga m\u00f3dj\u00e1n k\u00e9pes boldog lenni. Mi el\u00e9g\u00edti ki \u00e9s tehet boldogg\u00e1 egy kalandos lelk\u00fclet\u0171 embert? Egy\u00e9rtelm\u0171en az \u00faj kalandok, \u00e9lm\u00e9nyek, \u00faj orsz\u00e1gok megismer\u00e9se \u00e9s n\u00e9peik kult\u00far\u00e1j\u00e1nak a megismer\u00e9se. Mindezt haj\u00f3val megteheti. A ny\u00edlt tengeren egy jachton a szeretteivel egy\u00fctt utazva \u00e9s \u00e9lvezve a k\u00f6rnyez\u0151 vil\u00e1g sz\u00e9ps\u00e9geit. Lehet, hogy ez sokunk \u00e1lma. \u00c9s ennek az \u00e1lomnak a megval\u00f3s\u00edt\u00e1sa egy\u00e1ltal\u00e1n nem kell, hogy neh\u00e9z legyen! Sz\u00e1mos tengermell\u00e9ki orsz\u00e1gban k\u00edn\u00e1lnak <span style=\"text-decoration: underline; color: #0000ff;\"><a style=\"color: #0000ff; text-decoration: underline;\" href=\"https:\/\/www.boataround.com\/hu\" target=\"_blank\" rel=\"noopener noreferrer\">jacht b\u00e9rl\u00e9st<\/a><\/span> el\u0151ny\u00f6s \u00e1ron \u00e9s megfelel\u0151 felt\u00e9telek mellett, csup\u00e1n el\u0151z\u0151leg \u00e9rdekl\u0151dj\u00fcnk \u00e9s t\u00e1j\u00e9koz\u00f3djunk a jachtb\u00e9rl\u00e9s felt\u00e9teleir\u0151l.<\/p>\n<p><strong>Ismerje meg a F\u00f6ldk\u00f6zi tenger vid\u00e9k\u00e9nek egy csod\u00e1latos orsz\u00e1g\u00e1t<\/strong><\/p>\n<p>Ki ne ismern\u00e9 az Adriai-tenger sz\u00e9ps\u00e9geit, \u00e9s a mellette elter\u00fcl\u0151 orsz\u00e1g term\u00e9szeti sz\u00e9ps\u00e9geit \u00e9s kult\u00far\u00e1j\u00e1t? Hiszen Horv\u00e1torsz\u00e1g minden ny\u00e1ron tele van turist\u00e1kkal \u00e9s csaknem eg\u00e9sz Eur\u00f3p\u00e1b\u00f3l \u00e9rkez\u0151 l\u00e1togat\u00f3kkal, akik \u00faj \u00e9lm\u00e9nyekre, akt\u00edv pihen\u00e9sre \u00e9s kellemes szabads\u00e1gra v\u00e1gynak.<\/p>\n<p>Van, aki a tengerpart \u00e9s tenger miatt \u00e9rkezik, az\u00e9rt hogy \u00e9lvezze a gy\u00f6ny\u00f6r\u0171 naplement\u00e9t, amely kellemes \u00e9s romantikus \u00e9rz\u00e9seket kelt benn\u00fcnk. Vannak olyanok is, akik az Adriai tenger olyan rejtett zugait szeretn\u00e9k bej\u00e1rni, ahov\u00e1 csak haj\u00f3val lehet el\u00e9rni. Szerencs\u00e9re Horv\u00e1torsz\u00e1gban a haj\u00f3utakb\u00f3l nincs hi\u00e1ny, \u00e9ppen ellenkez\u0151leg! Az \u00e9rdekl\u0151d\u00e9s ezir\u00e1nt rendk\u00edv\u00fcl nagy, ez\u00e9rt a haj\u00f3t el\u0151re le kell foglalnunk, ha ilyen m\u00f3don szeretn\u00e9nk elt\u00f6lteni a szabads\u00e1gunkat. Vagy egyszer\u0171en k\u00f6lcs\u00f6n\u00f6zz\u00fcnk egy haj\u00f3t. A <span style=\"text-decoration: underline; color: #0000ff;\"><a style=\"color: #0000ff; text-decoration: underline;\" href=\"https:\/\/www.boataround.com\/hu\/orszag\/horvatorszag\" target=\"_blank\" rel=\"noopener noreferrer\">haj\u00f3k\u00f6lcs\u00f6nz\u0151<\/a><\/span> az \u00e9rdekl\u0151d\u0151k sz\u00e1m\u00e1ra az eg\u00e9sz szezonban rendelkez\u00e9s\u00e9re \u00e1ll. Ez\u00e9rt ne v\u00e1rakozzon \u00e9s m\u00e1r most biztos\u00edtsa be a haj\u00f3j\u00e1t annak \u00e9rdek\u00e9ben, hogy teljes sz\u00e9ps\u00e9g\u00e9ben \u00e9lvezhesse az Adriai tengert, a csal\u00e1dja, vagy a bar\u00e1tai k\u00f6r\u00e9ben.<\/p>\n","protected":false},"excerpt":{"rendered":"<p>Vajon l\u00e9tezik olyan ember a vil\u00e1gon, akinek ne voln\u00e1nak \u00e1lmai, vagy nem v\u00e1gyna valamire? Biztos, hogy nincs. Hiszen az \u00e1lmaink \u00e9s v\u00e1gyaink azok, amelyek m\u00e9lyen benn\u00fcnk, az ember term\u00e9szet\u00e9ben vannak begy\u00f6kerezve \u00e9s a term\u00e9szet\u00fcnkh\u00f6z tartoznak. \u00c9ppen az \u00e1lmaink \u00e9s v\u00e1gyaink azok, amelyek k\u00e9pesek minket el\u0151bbre vinni \u00e9s nagyszer\u0171 lehet\u0151s\u00e9get k\u00edn\u00e1lnak nek\u00fcnk ahhoz, hogy megismerj\u00fck a<\/p>\n","protected":false},"author":1,"featured_media":21772,"comment_status":"closed","ping_status":"closed","sticky":false,"template":"","format":"standard","meta":{"ngg_post_thumbnail":0,"footnotes":""},"categories":[3],"tags":[4564,4565,747,4567,1339,4566,4568,4563,1169],"class_list":{"0":"post-21771","1":"post","2":"type-post","3":"status-publish","4":"format-standard","5":"has-post-thumbnail","7":"category-hirek","8":"tag-adria","9":"tag-adriai-tenger","10":"tag-hajo","11":"tag-hajoberles","12":"tag-horvatorszag","13":"tag-jacht","14":"tag-jacht-berles","15":"tag-travel","16":"tag-utazas"},"yoast_head":"<!-- This site is optimized with the Yoast SEO plugin v27.5 - https:\/\/yoast.com\/product\/yoast-seo-wordpress\/ -->\n<title>Induljon el az \u00e1lmai ut\u00e1n az Adriai tengeren<\/title>\n<meta name=\"robots\" content=\"index, follow, max-snippet:-1, max-image-preview:large, max-video-preview:-1\" \/>\n<link rel=\"canonical\" href=\"https:\/\/dorogimedence.hu\/index.php\/2019\/12\/19\/induljon-el-az-almai-utan-az-adriai-tengeren\/\" class=\"yoast-seo-meta-tag\" \/>\n<meta property=\"og:locale\" content=\"hu_HU\" class=\"yoast-seo-meta-tag\" \/>\n<meta property=\"og:type\" content=\"article\" class=\"yoast-seo-meta-tag\" \/>\n<meta property=\"og:title\" content=\"Induljon el az \u00e1lmai ut\u00e1n az Adriai tengeren\" class=\"yoast-seo-meta-tag\" \/>\n<meta property=\"og:description\" content=\"Vajon l\u00e9tezik olyan ember a vil\u00e1gon, akinek ne voln\u00e1nak \u00e1lmai, vagy nem v\u00e1gyna valamire? Biztos, hogy nincs. Hiszen az \u00e1lmaink \u00e9s v\u00e1gyaink azok, amelyek m\u00e9lyen benn\u00fcnk, az ember term\u00e9szet\u00e9ben vannak begy\u00f6kerezve \u00e9s a term\u00e9szet\u00fcnkh\u00f6z tartoznak. \u00c9ppen az \u00e1lmaink \u00e9s v\u00e1gyaink azok, amelyek k\u00e9pesek minket el\u0151bbre vinni \u00e9s nagyszer\u0171 lehet\u0151s\u00e9get k\u00edn\u00e1lnak nek\u00fcnk ahhoz, hogy megismerj\u00fck a\" class=\"yoast-seo-meta-tag\" \/>\n<meta property=\"og:url\" content=\"https:\/\/dorogimedence.hu\/index.php\/2019\/12\/19\/induljon-el-az-almai-utan-az-adriai-tengeren\/\" class=\"yoast-seo-meta-tag\" \/>\n<meta property=\"og:site_name\" content=\"Dorogi-medence Region\u00e1lis H\u00edrport\u00e1l\" class=\"yoast-seo-meta-tag\" \/>\n<meta property=\"article:publisher\" content=\"https:\/\/www.facebook.com\/dorogimedence\/\" class=\"yoast-seo-meta-tag\" \/>\n<meta property=\"article:published_time\" content=\"2019-12-19T14:54:53+00:00\" class=\"yoast-seo-meta-tag\" \/>\n<meta property=\"article:modified_time\" content=\"2019-12-19T14:54:58+00:00\" class=\"yoast-seo-meta-tag\" \/>\n<meta property=\"og:image\" content=\"https:\/\/i0.wp.com\/dorogimedence.hu\/wp-content\/uploads\/2019\/12\/adria-01.jpg?fit=670%2C365&ssl=1\" class=\"yoast-seo-meta-tag\" \/>\n\t<meta property=\"og:image:width\" content=\"670\" class=\"yoast-seo-meta-tag\" \/>\n\t<meta property=\"og:image:height\" content=\"365\" class=\"yoast-seo-meta-tag\" \/>\n\t<meta property=\"og:image:type\" content=\"image\/jpeg\" class=\"yoast-seo-meta-tag\" \/>\n<meta name=\"author\" content=\"dorogimedence.hu\" class=\"yoast-seo-meta-tag\" \/>\n<meta name=\"twitter:card\" content=\"summary_large_image\" class=\"yoast-seo-meta-tag\" \/>\n<meta name=\"twitter:label1\" content=\"Szerz\u0151:\" class=\"yoast-seo-meta-tag\" \/>\n\t<meta name=\"twitter:data1\" content=\"dorogimedence.hu\" class=\"yoast-seo-meta-tag\" \/>\n\t<meta name=\"twitter:label2\" content=\"Becs\u00fclt olvas\u00e1si id\u0151\" class=\"yoast-seo-meta-tag\" \/>\n\t<meta name=\"twitter:data2\" content=\"3 perc\" class=\"yoast-seo-meta-tag\" \/>\n<script type=\"application\/ld+json\" class=\"yoast-schema-graph\">{\"@context\":\"https:\\\/\\\/schema.org\",\"@graph\":[{\"@type\":\"Article\",\"@id\":\"https:\\\/\\\/dorogimedence.hu\\\/index.php\\\/2019\\\/12\\\/19\\\/induljon-el-az-almai-utan-az-adriai-tengeren\\\/#article\",\"isPartOf\":{\"@id\":\"https:\\\/\\\/dorogimedence.hu\\\/index.php\\\/2019\\\/12\\\/19\\\/induljon-el-az-almai-utan-az-adriai-tengeren\\\/\"},\"author\":{\"name\":\"dorogimedence.hu\",\"@id\":\"https:\\\/\\\/dorogimedence.hu\\\/#\\\/schema\\\/person\\\/ce6091eeb7e95ecdc87890d6aa8e0fd4\"},\"headline\":\"Induljon el az \u00e1lmai ut\u00e1n az Adriai tengeren\",\"datePublished\":\"2019-12-19T14:54:53+00:00\",\"dateModified\":\"2019-12-19T14:54:58+00:00\",\"mainEntityOfPage\":{\"@id\":\"https:\\\/\\\/dorogimedence.hu\\\/index.php\\\/2019\\\/12\\\/19\\\/induljon-el-az-almai-utan-az-adriai-tengeren\\\/\"},\"wordCount\":566,\"publisher\":{\"@id\":\"https:\\\/\\\/dorogimedence.hu\\\/#organization\"},\"image\":{\"@id\":\"https:\\\/\\\/dorogimedence.hu\\\/index.php\\\/2019\\\/12\\\/19\\\/induljon-el-az-almai-utan-az-adriai-tengeren\\\/#primaryimage\"},\"thumbnailUrl\":\"https:\\\/\\\/dorogimedence.hu\\\/wp-content\\\/uploads\\\/2019\\\/12\\\/adria-01.jpg\",\"keywords\":[\"Adria\",\"Adriai-tenger\",\"haj\u00f3\",\"haj\u00f3b\u00e9rl\u00e9s\",\"Horv\u00e1torsz\u00e1g\",\"jacht\",\"jacht b\u00e9rl\u00e9s\",\"travel\",\"utaz\u00e1s\"],\"articleSection\":[\"H\u00edrek\"],\"inLanguage\":\"hu\"},{\"@type\":\"WebPage\",\"@id\":\"https:\\\/\\\/dorogimedence.hu\\\/index.php\\\/2019\\\/12\\\/19\\\/induljon-el-az-almai-utan-az-adriai-tengeren\\\/\",\"url\":\"https:\\\/\\\/dorogimedence.hu\\\/index.php\\\/2019\\\/12\\\/19\\\/induljon-el-az-almai-utan-az-adriai-tengeren\\\/\",\"name\":\"Induljon el az \u00e1lmai ut\u00e1n az Adriai tengeren\",\"isPartOf\":{\"@id\":\"https:\\\/\\\/dorogimedence.hu\\\/#website\"},\"primaryImageOfPage\":{\"@id\":\"https:\\\/\\\/dorogimedence.hu\\\/index.php\\\/2019\\\/12\\\/19\\\/induljon-el-az-almai-utan-az-adriai-tengeren\\\/#primaryimage\"},\"image\":{\"@id\":\"https:\\\/\\\/dorogimedence.hu\\\/index.php\\\/2019\\\/12\\\/19\\\/induljon-el-az-almai-utan-az-adriai-tengeren\\\/#primaryimage\"},\"thumbnailUrl\":\"https:\\\/\\\/dorogimedence.hu\\\/wp-content\\\/uploads\\\/2019\\\/12\\\/adria-01.jpg\",\"datePublished\":\"2019-12-19T14:54:53+00:00\",\"dateModified\":\"2019-12-19T14:54:58+00:00\",\"breadcrumb\":{\"@id\":\"https:\\\/\\\/dorogimedence.hu\\\/index.php\\\/2019\\\/12\\\/19\\\/induljon-el-az-almai-utan-az-adriai-tengeren\\\/#breadcrumb\"},\"inLanguage\":\"hu\",\"potentialAction\":[{\"@type\":\"ReadAction\",\"target\":[\"https:\\\/\\\/dorogimedence.hu\\\/index.php\\\/2019\\\/12\\\/19\\\/induljon-el-az-almai-utan-az-adriai-tengeren\\\/\"]}]},{\"@type\":\"ImageObject\",\"inLanguage\":\"hu\",\"@id\":\"https:\\\/\\\/dorogimedence.hu\\\/index.php\\\/2019\\\/12\\\/19\\\/induljon-el-az-almai-utan-az-adriai-tengeren\\\/#primaryimage\",\"url\":\"https:\\\/\\\/dorogimedence.hu\\\/wp-content\\\/uploads\\\/2019\\\/12\\\/adria-01.jpg\",\"contentUrl\":\"https:\\\/\\\/dorogimedence.hu\\\/wp-content\\\/uploads\\\/2019\\\/12\\\/adria-01.jpg\",\"width\":670,\"height\":365},{\"@type\":\"BreadcrumbList\",\"@id\":\"https:\\\/\\\/dorogimedence.hu\\\/index.php\\\/2019\\\/12\\\/19\\\/induljon-el-az-almai-utan-az-adriai-tengeren\\\/#breadcrumb\",\"itemListElement\":[{\"@type\":\"ListItem\",\"position\":1,\"name\":\"Kezd\u0151lap\",\"item\":\"https:\\\/\\\/dorogimedence.hu\\\/\"},{\"@type\":\"ListItem\",\"position\":2,\"name\":\"Induljon el az \u00e1lmai ut\u00e1n az Adriai tengeren\"}]},{\"@type\":\"WebSite\",\"@id\":\"https:\\\/\\\/dorogimedence.hu\\\/#website\",\"url\":\"https:\\\/\\\/dorogimedence.hu\\\/\",\"name\":\"Dorogi-medence Region\u00e1lis H\u00edrport\u00e1l\",\"description\":\"Dorog, Keszt\u00f6lc, Le\u00e1nyv\u00e1r, Piliscs\u00e9v, Tokod, Tokodalt\u00e1r\u00f3, Csolnok, Esztergom-kertv\u00e1ros: h\u00edrek, programok\",\"publisher\":{\"@id\":\"https:\\\/\\\/dorogimedence.hu\\\/#organization\"},\"potentialAction\":[{\"@type\":\"SearchAction\",\"target\":{\"@type\":\"EntryPoint\",\"urlTemplate\":\"https:\\\/\\\/dorogimedence.hu\\\/?s={search_term_string}\"},\"query-input\":{\"@type\":\"PropertyValueSpecification\",\"valueRequired\":true,\"valueName\":\"search_term_string\"}}],\"inLanguage\":\"hu\"},{\"@type\":\"Organization\",\"@id\":\"https:\\\/\\\/dorogimedence.hu\\\/#organization\",\"name\":\"Dorogi-medence Region\u00e1lis H\u00edrport\u00e1l\",\"url\":\"https:\\\/\\\/dorogimedence.hu\\\/\",\"logo\":{\"@type\":\"ImageObject\",\"inLanguage\":\"hu\",\"@id\":\"https:\\\/\\\/dorogimedence.hu\\\/#\\\/schema\\\/logo\\\/image\\\/\",\"url\":\"https:\\\/\\\/dorogimedence.hu\\\/wp-content\\\/uploads\\\/2021\\\/04\\\/logo-feher-600.png\",\"contentUrl\":\"https:\\\/\\\/dorogimedence.hu\\\/wp-content\\\/uploads\\\/2021\\\/04\\\/logo-feher-600.png\",\"width\":600,\"height\":100,\"caption\":\"Dorogi-medence Region\u00e1lis H\u00edrport\u00e1l\"},\"image\":{\"@id\":\"https:\\\/\\\/dorogimedence.hu\\\/#\\\/schema\\\/logo\\\/image\\\/\"},\"sameAs\":[\"https:\\\/\\\/www.facebook.com\\\/dorogimedence\\\/\"]},{\"@type\":\"Person\",\"@id\":\"https:\\\/\\\/dorogimedence.hu\\\/#\\\/schema\\\/person\\\/ce6091eeb7e95ecdc87890d6aa8e0fd4\",\"name\":\"dorogimedence.hu\",\"image\":{\"@type\":\"ImageObject\",\"inLanguage\":\"hu\",\"@id\":\"\\\/\\\/www.gravatar.com\\\/avatar\\\/d8d45f8901aadff40a4af72c0b826f1d?s=96&#038;r=g&#038;d=mm\",\"url\":\"\\\/\\\/www.gravatar.com\\\/avatar\\\/d8d45f8901aadff40a4af72c0b826f1d?s=96&#038;r=g&#038;d=mm\",\"contentUrl\":\"\\\/\\\/www.gravatar.com\\\/avatar\\\/d8d45f8901aadff40a4af72c0b826f1d?s=96&#038;r=g&#038;d=mm\",\"caption\":\"dorogimedence.hu\"}}]}<\/script>\n<!-- \/ Yoast SEO plugin. -->","yoast_head_json":{"title":"Induljon el az \u00e1lmai ut\u00e1n az Adriai tengeren","robots":{"index":"index","follow":"follow","max-snippet":"max-snippet:-1","max-image-preview":"max-image-preview:large","max-video-preview":"max-video-preview:-1"},"canonical":"https:\/\/dorogimedence.hu\/index.php\/2019\/12\/19\/induljon-el-az-almai-utan-az-adriai-tengeren\/","og_locale":"hu_HU","og_type":"article","og_title":"Induljon el az \u00e1lmai ut\u00e1n az Adriai tengeren","og_description":"Vajon l\u00e9tezik olyan ember a vil\u00e1gon, akinek ne voln\u00e1nak \u00e1lmai, vagy nem v\u00e1gyna valamire? Biztos, hogy nincs. Hiszen az \u00e1lmaink \u00e9s v\u00e1gyaink azok, amelyek m\u00e9lyen benn\u00fcnk, az ember term\u00e9szet\u00e9ben vannak begy\u00f6kerezve \u00e9s a term\u00e9szet\u00fcnkh\u00f6z tartoznak. \u00c9ppen az \u00e1lmaink \u00e9s v\u00e1gyaink azok, amelyek k\u00e9pesek minket el\u0151bbre vinni \u00e9s nagyszer\u0171 lehet\u0151s\u00e9get k\u00edn\u00e1lnak nek\u00fcnk ahhoz, hogy megismerj\u00fck a","og_url":"https:\/\/dorogimedence.hu\/index.php\/2019\/12\/19\/induljon-el-az-almai-utan-az-adriai-tengeren\/","og_site_name":"Dorogi-medence Region\u00e1lis H\u00edrport\u00e1l","article_publisher":"https:\/\/www.facebook.com\/dorogimedence\/","article_published_time":"2019-12-19T14:54:53+00:00","article_modified_time":"2019-12-19T14:54:58+00:00","og_image":[{"width":670,"height":365,"url":"https:\/\/i0.wp.com\/dorogimedence.hu\/wp-content\/uploads\/2019\/12\/adria-01.jpg?fit=670%2C365&ssl=1","type":"image\/jpeg"}],"author":"dorogimedence.hu","twitter_card":"summary_large_image","twitter_misc":{"Szerz\u0151:":"dorogimedence.hu","Becs\u00fclt olvas\u00e1si id\u0151":"3 perc"},"schema":{"@context":"https:\/\/schema.org","@graph":[{"@type":"Article","@id":"https:\/\/dorogimedence.hu\/index.php\/2019\/12\/19\/induljon-el-az-almai-utan-az-adriai-tengeren\/#article","isPartOf":{"@id":"https:\/\/dorogimedence.hu\/index.php\/2019\/12\/19\/induljon-el-az-almai-utan-az-adriai-tengeren\/"},"author":{"name":"dorogimedence.hu","@id":"https:\/\/dorogimedence.hu\/#\/schema\/person\/ce6091eeb7e95ecdc87890d6aa8e0fd4"},"headline":"Induljon el az \u00e1lmai ut\u00e1n az Adriai tengeren","datePublished":"2019-12-19T14:54:53+00:00","dateModified":"2019-12-19T14:54:58+00:00","mainEntityOfPage":{"@id":"https:\/\/dorogimedence.hu\/index.php\/2019\/12\/19\/induljon-el-az-almai-utan-az-adriai-tengeren\/"},"wordCount":566,"publisher":{"@id":"https:\/\/dorogimedence.hu\/#organization"},"image":{"@id":"https:\/\/dorogimedence.hu\/index.php\/2019\/12\/19\/induljon-el-az-almai-utan-az-adriai-tengeren\/#primaryimage"},"thumbnailUrl":"https:\/\/dorogimedence.hu\/wp-content\/uploads\/2019\/12\/adria-01.jpg","keywords":["Adria","Adriai-tenger","haj\u00f3","haj\u00f3b\u00e9rl\u00e9s","Horv\u00e1torsz\u00e1g","jacht","jacht b\u00e9rl\u00e9s","travel","utaz\u00e1s"],"articleSection":["H\u00edrek"],"inLanguage":"hu"},{"@type":"WebPage","@id":"https:\/\/dorogimedence.hu\/index.php\/2019\/12\/19\/induljon-el-az-almai-utan-az-adriai-tengeren\/","url":"https:\/\/dorogimedence.hu\/index.php\/2019\/12\/19\/induljon-el-az-almai-utan-az-adriai-tengeren\/","name":"Induljon el az \u00e1lmai ut\u00e1n az Adriai tengeren","isPartOf":{"@id":"https:\/\/dorogimedence.hu\/#website"},"primaryImageOfPage":{"@id":"https:\/\/dorogimedence.hu\/index.php\/2019\/12\/19\/induljon-el-az-almai-utan-az-adriai-tengeren\/#primaryimage"},"image":{"@id":"https:\/\/dorogimedence.hu\/index.php\/2019\/12\/19\/induljon-el-az-almai-utan-az-adriai-tengeren\/#primaryimage"},"thumbnailUrl":"https:\/\/dorogimedence.hu\/wp-content\/uploads\/2019\/12\/adria-01.jpg","datePublished":"2019-12-19T14:54:53+00:00","dateModified":"2019-12-19T14:54:58+00:00","breadcrumb":{"@id":"https:\/\/dorogimedence.hu\/index.php\/2019\/12\/19\/induljon-el-az-almai-utan-az-adriai-tengeren\/#breadcrumb"},"inLanguage":"hu","potentialAction":[{"@type":"ReadAction","target":["https:\/\/dorogimedence.hu\/index.php\/2019\/12\/19\/induljon-el-az-almai-utan-az-adriai-tengeren\/"]}]},{"@type":"ImageObject","inLanguage":"hu","@id":"https:\/\/dorogimedence.hu\/index.php\/2019\/12\/19\/induljon-el-az-almai-utan-az-adriai-tengeren\/#primaryimage","url":"https:\/\/dorogimedence.hu\/wp-content\/uploads\/2019\/12\/adria-01.jpg","contentUrl":"https:\/\/dorogimedence.hu\/wp-content\/uploads\/2019\/12\/adria-01.jpg","width":670,"height":365},{"@type":"BreadcrumbList","@id":"https:\/\/dorogimedence.hu\/index.php\/2019\/12\/19\/induljon-el-az-almai-utan-az-adriai-tengeren\/#breadcrumb","itemListElement":[{"@type":"ListItem","position":1,"name":"Kezd\u0151lap","item":"https:\/\/dorogimedence.hu\/"},{"@type":"ListItem","position":2,"name":"Induljon el az \u00e1lmai ut\u00e1n az Adriai tengeren"}]},{"@type":"WebSite","@id":"https:\/\/dorogimedence.hu\/#website","url":"https:\/\/dorogimedence.hu\/","name":"Dorogi-medence Region\u00e1lis H\u00edrport\u00e1l","description":"Dorog, Keszt\u00f6lc, Le\u00e1nyv\u00e1r, Piliscs\u00e9v, Tokod, Tokodalt\u00e1r\u00f3, Csolnok, Esztergom-kertv\u00e1ros: h\u00edrek, programok","publisher":{"@id":"https:\/\/dorogimedence.hu\/#organization"},"potentialAction":[{"@type":"SearchAction","target":{"@type":"EntryPoint","urlTemplate":"https:\/\/dorogimedence.hu\/?s={search_term_string}"},"query-input":{"@type":"PropertyValueSpecification","valueRequired":true,"valueName":"search_term_string"}}],"inLanguage":"hu"},{"@type":"Organization","@id":"https:\/\/dorogimedence.hu\/#organization","name":"Dorogi-medence Region\u00e1lis H\u00edrport\u00e1l","url":"https:\/\/dorogimedence.hu\/","logo":{"@type":"ImageObject","inLanguage":"hu","@id":"https:\/\/dorogimedence.hu\/#\/schema\/logo\/image\/","url":"https:\/\/dorogimedence.hu\/wp-content\/uploads\/2021\/04\/logo-feher-600.png","contentUrl":"https:\/\/dorogimedence.hu\/wp-content\/uploads\/2021\/04\/logo-feher-600.png","width":600,"height":100,"caption":"Dorogi-medence Region\u00e1lis H\u00edrport\u00e1l"},"image":{"@id":"https:\/\/dorogimedence.hu\/#\/schema\/logo\/image\/"},"sameAs":["https:\/\/www.facebook.com\/dorogimedence\/"]},{"@type":"Person","@id":"https:\/\/dorogimedence.hu\/#\/schema\/person\/ce6091eeb7e95ecdc87890d6aa8e0fd4","name":"dorogimedence.hu","image":{"@type":"ImageObject","inLanguage":"hu","@id":"\/\/www.gravatar.com\/avatar\/d8d45f8901aadff40a4af72c0b826f1d?s=96&#038;r=g&#038;d=mm","url":"\/\/www.gravatar.com\/avatar\/d8d45f8901aadff40a4af72c0b826f1d?s=96&#038;r=g&#038;d=mm","contentUrl":"\/\/www.gravatar.com\/avatar\/d8d45f8901aadff40a4af72c0b826f1d?s=96&#038;r=g&#038;d=mm","caption":"dorogimedence.hu"}}]}},"_links":{"self":[{"href":"https:\/\/dorogimedence.hu\/index.php\/wp-json\/wp\/v2\/posts\/21771","targetHints":{"allow":["GET"]}}],"collection":[{"href":"https:\/\/dorogimedence.hu\/index.php\/wp-json\/wp\/v2\/posts"}],"about":[{"href":"https:\/\/dorogimedence.hu\/index.php\/wp-json\/wp\/v2\/types\/post"}],"author":[{"embeddable":true,"href":"https:\/\/dorogimedence.hu\/index.php\/wp-json\/wp\/v2\/users\/1"}],"replies":[{"embeddable":true,"href":"https:\/\/dorogimedence.hu\/index.php\/wp-json\/wp\/v2\/comments?post=21771"}],"version-history":[{"count":0,"href":"https:\/\/dorogimedence.hu\/index.php\/wp-json\/wp\/v2\/posts\/21771\/revisions"}],"wp:featuredmedia":[{"embeddable":true,"href":"https:\/\/dorogimedence.hu\/index.php\/wp-json\/wp\/v2\/media\/21772"}],"wp:attachment":[{"href":"https:\/\/dorogimedence.hu\/index.php\/wp-json\/wp\/v2\/media?parent=21771"}],"wp:term":[{"taxonomy":"category","embeddable":true,"href":"https:\/\/dorogimedence.hu\/index.php\/wp-json\/wp\/v2\/categories?post=21771"},{"taxonomy":"post_tag","embeddable":true,"href":"https:\/\/dorogimedence.hu\/index.php\/wp-json\/wp\/v2\/tags?post=21771"}],"curies":[{"name":"wp","href":"https:\/\/api.w.org\/{rel}","templated":true}]}}