{"id":21759,"date":"2019-12-19T10:42:31","date_gmt":"2019-12-19T09:42:31","guid":{"rendered":"http:\/\/dorogimedence.hu\/?p=21759"},"modified":"2019-12-19T10:42:39","modified_gmt":"2019-12-19T09:42:39","slug":"felavattak-a-roma-holokauszt-esztergomi-aldozatainak-emlekmuvet","status":"publish","type":"post","link":"https:\/\/dorogimedence.hu\/index.php\/2019\/12\/19\/felavattak-a-roma-holokauszt-esztergomi-aldozatainak-emlekmuvet\/","title":{"rendered":"Felavatt\u00e1k a roma holokauszt esztergomi \u00e1ldozatainak eml\u00e9km\u0171v\u00e9t"},"content":{"rendered":"<p><strong>Felavatt\u00e1k a m\u00e1sodik vil\u00e1gh\u00e1bor\u00faban elesett \u00e9s elhurcolt roma \u00e1ldozatok eml\u00e9km\u0171v\u00e9t, melyet az esztergom-kertv\u00e1rosi Szent Istv\u00e1n kir\u00e1ly templom udvar\u00e1n helyeztek el<\/strong> <em>&#8211; \u00edrja a <a href=\"http:\/\/hidlap.hu\/2019\/12\/19\/felavattak-a-roma-holokauszt-esztergomi-aldozatainak-emlekmuvet\/\" target=\"_blank\" rel=\"noopener noreferrer\"><span style=\"text-decoration: underline; color: #0000ff;\">hidlap.hu<\/span><\/a><\/em><\/p>\n<p>Az alkot\u00e1st G\u00f3man J\u00e1nos, az Esztergomi Cig\u00e1ny Nemzetis\u00e9gi \u00d6nkorm\u00e1nyzat eln\u00f6ke, Er\u0151s G\u00e1bor alpolg\u00e1rmester \u00e9s Sztojka Attila a BM T\u00e1rsadalmi Es\u00e9lyteremt\u00e9si F\u0151igazgat\u00f3s\u00e1g\u00e1nak f\u0151igazgat\u00f3ja leplezte le.<\/p>\n<p><img fetchpriority=\"high\" decoding=\"async\" class=\"alignnone size-full wp-image-21765\" src=\"https:\/\/dorogimedence.hu\/wp-content\/uploads\/2019\/12\/emlekmu-02.jpg\" alt=\"\" width=\"670\" height=\"447\" srcset=\"https:\/\/dorogimedence.hu\/wp-content\/uploads\/2019\/12\/emlekmu-02.jpg 670w, https:\/\/dorogimedence.hu\/wp-content\/uploads\/2019\/12\/emlekmu-02-300x200.jpg 300w, https:\/\/dorogimedence.hu\/wp-content\/uploads\/2019\/12\/emlekmu-02-589x392.jpg 589w, https:\/\/dorogimedence.hu\/wp-content\/uploads\/2019\/12\/emlekmu-02-272x182.jpg 272w\" sizes=\"(max-width: 670px) 100vw, 670px\" \/><\/p>\n<p>Az avat\u00f3\u00fcnneps\u00e9gen k\u00f6sz\u00f6nt\u00f6tt\u00e9k a megh\u00edvott vend\u00e9geket, k\u00f6zt\u00fck Er\u0151s G\u00e1bort, Schottner Norbert jegyz\u0151t, Sztojka Attil\u00e1t, Debreczeni Istv\u00e1n esztergomi rend\u0151rkapit\u00e1nyt, Horv\u00e1th-Szeder G\u00e1bort, az Esztergomi J\u00e1r\u00e1si Hivatal vezet\u0151j\u00e9t \u00e9s G\u00f3man J\u00e1nost.<\/p>\n<p>A roma himnusz el\u00e9nekl\u00e9se ut\u00e1n ifj. Sztojka Attila, az Esztergomi Cig\u00e1ny Nemzetis\u00e9gi \u00d6nkorm\u00e1nyzat k\u00e9pvisel\u0151je olyan szem\u00e9lyek visszaeml\u00e9kez\u00e9seit olvasta fel, akik \u00e1t\u00e9lt\u00e9k a borzalmakat. Elhangzott tov\u00e1bb\u00e1 az is, hogy az \u00e1ldozatok sz\u00e1m\u00e1r\u00f3l vitatkoznak a kutat\u00f3k, melyet 5 \u00e9s 50 ezer k\u00f6z\u00e9 tesznek.<\/p>\n<p><img decoding=\"async\" class=\"alignnone size-full wp-image-21760\" src=\"https:\/\/dorogimedence.hu\/wp-content\/uploads\/2019\/12\/sztojka-01.jpg\" alt=\"\" width=\"670\" height=\"447\" srcset=\"https:\/\/dorogimedence.hu\/wp-content\/uploads\/2019\/12\/sztojka-01.jpg 670w, https:\/\/dorogimedence.hu\/wp-content\/uploads\/2019\/12\/sztojka-01-300x200.jpg 300w, https:\/\/dorogimedence.hu\/wp-content\/uploads\/2019\/12\/sztojka-01-589x392.jpg 589w, https:\/\/dorogimedence.hu\/wp-content\/uploads\/2019\/12\/sztojka-01-272x182.jpg 272w\" sizes=\"(max-width: 670px) 100vw, 670px\" \/><\/p>\n<p>Er\u0151s G\u00e1bor arr\u00f3l besz\u00e9lt, hogy az eml\u00e9km\u0171 megval\u00f3s\u00edt\u00e1s\u00e1val \u00e9s felavat\u00e1s\u00e1val a v\u00e1ros egy nagyon r\u00e9gi elmarad\u00e1s\u00e1t teljes\u00edtette. Hangs\u00falyozta, hogy \u00e1rtatlanok az\u00e9rt vesztett\u00e9k \u00e9let\u00fcket a m\u00e1sodik vil\u00e1gh\u00e1bor\u00faban, hogy \u201emi ma b\u00e9k\u00e9ben \u00e9lhess\u00fcnk.\u201d Megk\u00f6sz\u00f6nte a cig\u00e1ny \u00f6nkorm\u00e1nyzatnak, hogy v\u00e9gigvitt\u00e9k ezt az \u00fcgyet.<\/p>\n<p><img decoding=\"async\" class=\"alignnone size-full wp-image-21761\" src=\"https:\/\/dorogimedence.hu\/wp-content\/uploads\/2019\/12\/eros-01.jpg\" alt=\"\" width=\"670\" height=\"447\" srcset=\"https:\/\/dorogimedence.hu\/wp-content\/uploads\/2019\/12\/eros-01.jpg 670w, https:\/\/dorogimedence.hu\/wp-content\/uploads\/2019\/12\/eros-01-300x200.jpg 300w, https:\/\/dorogimedence.hu\/wp-content\/uploads\/2019\/12\/eros-01-589x392.jpg 589w, https:\/\/dorogimedence.hu\/wp-content\/uploads\/2019\/12\/eros-01-272x182.jpg 272w\" sizes=\"(max-width: 670px) 100vw, 670px\" \/><\/p>\n<p>Sztojka Attila, a Bel\u00fcgyminiszt\u00e9rium T\u00e1rsadalmi Es\u00e9lyteremt\u00e9si F\u0151igazgat\u00f3s\u00e1g\u00e1nak f\u0151igazgat\u00f3ja elmondta, hogy a t\u00f6rt\u00e9ntekb\u0151l tanulnunk kell, az embertelens\u00e9get pedig nem felejthetj\u00fck el. Kit\u00e9rt arra is, hogy az avat\u00f3\u00fcnneps\u00e9g napja p\u00e9lda lehet sz\u00e1munkra, hiszen a m\u00faltra figyelve a j\u00f6v\u0151t \u00e9p\u00edtj\u00fck. Azt pedig nem engedhetj\u00fck meg, hogy megfeledkezz\u00fcnk ezekr\u0151l a roma holokausztr\u00f3l \u00e9s az \u00e1ldozatokr\u00f3l.<\/p>\n<p><img loading=\"lazy\" decoding=\"async\" class=\"alignnone size-full wp-image-21762\" src=\"https:\/\/dorogimedence.hu\/wp-content\/uploads\/2019\/12\/sztojka-02.jpg\" alt=\"\" width=\"670\" height=\"447\" srcset=\"https:\/\/dorogimedence.hu\/wp-content\/uploads\/2019\/12\/sztojka-02.jpg 670w, https:\/\/dorogimedence.hu\/wp-content\/uploads\/2019\/12\/sztojka-02-300x200.jpg 300w, https:\/\/dorogimedence.hu\/wp-content\/uploads\/2019\/12\/sztojka-02-589x392.jpg 589w, https:\/\/dorogimedence.hu\/wp-content\/uploads\/2019\/12\/sztojka-02-272x182.jpg 272w\" sizes=\"(max-width: 670px) 100vw, 670px\" \/><\/p>\n<p>G\u00f3man J\u00e1nos szerint tanulnunk kell a m\u00faltb\u00f3l \u00e9s fel kell h\u00edvni a figyelmet arra, hogy mire k\u00e9pes az emberis\u00e9g \u00e9s arra, hogy m\u00e9g egy ilyen esem\u00e9ny ne fordulhasson el\u0151. Besz\u00e9lt arr\u00f3l is, hogy a t\u00f6bb \u00e9vtizednyi k\u00fczdelem ut\u00e1n siker\u00fclt jav\u00edtani az esztergomi rom\u00e1k helyzet\u00e9n, hiszen felsz\u00e1molt\u00e1k a T\u00f6lt\u00e9s utcai \u00e9p\u00fcletsort, a j\u00f6v\u0151ben pedig a v\u00e1ros hozz\u00e1\u00e1ll\u00e1s\u00e1nak \u00e9s a megyei \u00f6nkorm\u00e1nyzat seg\u00edts\u00e9g\u00e9nek k\u00f6sz\u00f6nhet\u0151en a Ter\u00fclet- \u00e9s Telep\u00fcl\u00e9sfejleszt\u00e9si Operat\u00edv Programon kereszt\u00fcl javulhat a S\u00e1ndor-major helyzete is.<\/p>\n<p><img loading=\"lazy\" decoding=\"async\" class=\"alignnone size-full wp-image-21763\" src=\"https:\/\/dorogimedence.hu\/wp-content\/uploads\/2019\/12\/goman-01.jpg\" alt=\"\" width=\"670\" height=\"447\" srcset=\"https:\/\/dorogimedence.hu\/wp-content\/uploads\/2019\/12\/goman-01.jpg 670w, https:\/\/dorogimedence.hu\/wp-content\/uploads\/2019\/12\/goman-01-300x200.jpg 300w, https:\/\/dorogimedence.hu\/wp-content\/uploads\/2019\/12\/goman-01-589x392.jpg 589w, https:\/\/dorogimedence.hu\/wp-content\/uploads\/2019\/12\/goman-01-272x182.jpg 272w\" sizes=\"(max-width: 670px) 100vw, 670px\" \/><\/p>\n<p>A leleplez\u00e9s ut\u00e1n Szerencs\u00e9s Zsolt pl\u00e9b\u00e1nos meg\u00e1ldotta az eml\u00e9km\u0171vet, majd a jelenl\u00e9v\u0151k vir\u00e1gokat helyeztek el.<\/p>\n<p><em>Fot\u00f3k, forr\u00e1s: hidlap.hu<\/em><\/p>\n","protected":false},"excerpt":{"rendered":"<p>Felavatt\u00e1k a m\u00e1sodik vil\u00e1gh\u00e1bor\u00faban elesett \u00e9s elhurcolt roma \u00e1ldozatok eml\u00e9km\u0171v\u00e9t, melyet az esztergom-kertv\u00e1rosi Szent Istv\u00e1n kir\u00e1ly templom udvar\u00e1n helyeztek el &#8211; \u00edrja a hidlap.hu Az alkot\u00e1st G\u00f3man J\u00e1nos, az Esztergomi Cig\u00e1ny Nemzetis\u00e9gi \u00d6nkorm\u00e1nyzat eln\u00f6ke, Er\u0151s G\u00e1bor alpolg\u00e1rmester \u00e9s Sztojka Attila a BM T\u00e1rsadalmi Es\u00e9lyteremt\u00e9si F\u0151igazgat\u00f3s\u00e1g\u00e1nak f\u0151igazgat\u00f3ja leplezte le. Az avat\u00f3\u00fcnneps\u00e9gen k\u00f6sz\u00f6nt\u00f6tt\u00e9k a megh\u00edvott vend\u00e9geket, k\u00f6zt\u00fck<\/p>\n","protected":false},"author":1,"featured_media":21764,"comment_status":"closed","ping_status":"closed","sticky":false,"template":"","format":"standard","meta":{"ngg_post_thumbnail":0,"footnotes":""},"categories":[38,7,3],"tags":[1361,42,169,3715],"class_list":{"0":"post-21759","1":"post","2":"type-post","3":"status-publish","4":"format-standard","5":"has-post-thumbnail","7":"category-esztergom","8":"category-esztergom_kertvaros","9":"category-hirek","10":"tag-emlekmu","11":"tag-esztergom","12":"tag-esztergom-kertvaros","13":"tag-holokauszt"},"yoast_head":"<!-- This site is optimized with the Yoast SEO plugin v27.4 - https:\/\/yoast.com\/product\/yoast-seo-wordpress\/ -->\n<title>Felavatt\u00e1k a roma holokauszt esztergomi \u00e1ldozatainak eml\u00e9km\u0171v\u00e9t<\/title>\n<meta name=\"robots\" content=\"index, follow, max-snippet:-1, max-image-preview:large, max-video-preview:-1\" \/>\n<link rel=\"canonical\" href=\"https:\/\/dorogimedence.hu\/index.php\/2019\/12\/19\/felavattak-a-roma-holokauszt-esztergomi-aldozatainak-emlekmuvet\/\" class=\"yoast-seo-meta-tag\" \/>\n<meta property=\"og:locale\" content=\"hu_HU\" class=\"yoast-seo-meta-tag\" \/>\n<meta property=\"og:type\" content=\"article\" class=\"yoast-seo-meta-tag\" \/>\n<meta property=\"og:title\" content=\"Felavatt\u00e1k a roma holokauszt esztergomi \u00e1ldozatainak eml\u00e9km\u0171v\u00e9t\" class=\"yoast-seo-meta-tag\" \/>\n<meta property=\"og:description\" content=\"Felavatt\u00e1k a m\u00e1sodik vil\u00e1gh\u00e1bor\u00faban elesett \u00e9s elhurcolt roma \u00e1ldozatok eml\u00e9km\u0171v\u00e9t, melyet az esztergom-kertv\u00e1rosi Szent Istv\u00e1n kir\u00e1ly templom udvar\u00e1n helyeztek el &#8211; \u00edrja a hidlap.hu Az alkot\u00e1st G\u00f3man J\u00e1nos, az Esztergomi Cig\u00e1ny Nemzetis\u00e9gi \u00d6nkorm\u00e1nyzat eln\u00f6ke, Er\u0151s G\u00e1bor alpolg\u00e1rmester \u00e9s Sztojka Attila a BM T\u00e1rsadalmi Es\u00e9lyteremt\u00e9si F\u0151igazgat\u00f3s\u00e1g\u00e1nak f\u0151igazgat\u00f3ja leplezte le. Az avat\u00f3\u00fcnneps\u00e9gen k\u00f6sz\u00f6nt\u00f6tt\u00e9k a megh\u00edvott vend\u00e9geket, k\u00f6zt\u00fck\" class=\"yoast-seo-meta-tag\" \/>\n<meta property=\"og:url\" content=\"https:\/\/dorogimedence.hu\/index.php\/2019\/12\/19\/felavattak-a-roma-holokauszt-esztergomi-aldozatainak-emlekmuvet\/\" class=\"yoast-seo-meta-tag\" \/>\n<meta property=\"og:site_name\" content=\"Dorogi-medence Region\u00e1lis H\u00edrport\u00e1l\" class=\"yoast-seo-meta-tag\" \/>\n<meta property=\"article:publisher\" content=\"https:\/\/www.facebook.com\/dorogimedence\/\" class=\"yoast-seo-meta-tag\" \/>\n<meta property=\"article:published_time\" content=\"2019-12-19T09:42:31+00:00\" class=\"yoast-seo-meta-tag\" \/>\n<meta property=\"article:modified_time\" content=\"2019-12-19T09:42:39+00:00\" class=\"yoast-seo-meta-tag\" \/>\n<meta property=\"og:image\" content=\"https:\/\/i0.wp.com\/dorogimedence.hu\/wp-content\/uploads\/2019\/12\/emlekmu.jpg?fit=670%2C365&ssl=1\" class=\"yoast-seo-meta-tag\" \/>\n\t<meta property=\"og:image:width\" content=\"670\" class=\"yoast-seo-meta-tag\" \/>\n\t<meta property=\"og:image:height\" content=\"365\" class=\"yoast-seo-meta-tag\" \/>\n\t<meta property=\"og:image:type\" content=\"image\/jpeg\" class=\"yoast-seo-meta-tag\" \/>\n<meta name=\"author\" content=\"dorogimedence.hu\" class=\"yoast-seo-meta-tag\" \/>\n<meta name=\"twitter:card\" content=\"summary_large_image\" class=\"yoast-seo-meta-tag\" \/>\n<meta name=\"twitter:label1\" content=\"Szerz\u0151:\" class=\"yoast-seo-meta-tag\" \/>\n\t<meta name=\"twitter:data1\" content=\"dorogimedence.hu\" class=\"yoast-seo-meta-tag\" \/>\n\t<meta name=\"twitter:label2\" content=\"Becs\u00fclt olvas\u00e1si id\u0151\" class=\"yoast-seo-meta-tag\" \/>\n\t<meta name=\"twitter:data2\" content=\"2 perc\" class=\"yoast-seo-meta-tag\" \/>\n<script type=\"application\/ld+json\" class=\"yoast-schema-graph\">{\"@context\":\"https:\\\/\\\/schema.org\",\"@graph\":[{\"@type\":\"Article\",\"@id\":\"https:\\\/\\\/dorogimedence.hu\\\/index.php\\\/2019\\\/12\\\/19\\\/felavattak-a-roma-holokauszt-esztergomi-aldozatainak-emlekmuvet\\\/#article\",\"isPartOf\":{\"@id\":\"https:\\\/\\\/dorogimedence.hu\\\/index.php\\\/2019\\\/12\\\/19\\\/felavattak-a-roma-holokauszt-esztergomi-aldozatainak-emlekmuvet\\\/\"},\"author\":{\"name\":\"dorogimedence.hu\",\"@id\":\"https:\\\/\\\/dorogimedence.hu\\\/#\\\/schema\\\/person\\\/ce6091eeb7e95ecdc87890d6aa8e0fd4\"},\"headline\":\"Felavatt\u00e1k a roma holokauszt esztergomi \u00e1ldozatainak eml\u00e9km\u0171v\u00e9t\",\"datePublished\":\"2019-12-19T09:42:31+00:00\",\"dateModified\":\"2019-12-19T09:42:39+00:00\",\"mainEntityOfPage\":{\"@id\":\"https:\\\/\\\/dorogimedence.hu\\\/index.php\\\/2019\\\/12\\\/19\\\/felavattak-a-roma-holokauszt-esztergomi-aldozatainak-emlekmuvet\\\/\"},\"wordCount\":506,\"publisher\":{\"@id\":\"https:\\\/\\\/dorogimedence.hu\\\/#organization\"},\"image\":{\"@id\":\"https:\\\/\\\/dorogimedence.hu\\\/index.php\\\/2019\\\/12\\\/19\\\/felavattak-a-roma-holokauszt-esztergomi-aldozatainak-emlekmuvet\\\/#primaryimage\"},\"thumbnailUrl\":\"https:\\\/\\\/dorogimedence.hu\\\/wp-content\\\/uploads\\\/2019\\\/12\\\/emlekmu.jpg\",\"keywords\":[\"eml\u00e9km\u0171\",\"esztergom\",\"Esztergom-kertv\u00e1ros\",\"holokauszt\"],\"articleSection\":[\"Esztergom\",\"Esztergom-kertv\u00e1ros\",\"H\u00edrek\"],\"inLanguage\":\"hu\"},{\"@type\":\"WebPage\",\"@id\":\"https:\\\/\\\/dorogimedence.hu\\\/index.php\\\/2019\\\/12\\\/19\\\/felavattak-a-roma-holokauszt-esztergomi-aldozatainak-emlekmuvet\\\/\",\"url\":\"https:\\\/\\\/dorogimedence.hu\\\/index.php\\\/2019\\\/12\\\/19\\\/felavattak-a-roma-holokauszt-esztergomi-aldozatainak-emlekmuvet\\\/\",\"name\":\"Felavatt\u00e1k a roma holokauszt esztergomi \u00e1ldozatainak eml\u00e9km\u0171v\u00e9t\",\"isPartOf\":{\"@id\":\"https:\\\/\\\/dorogimedence.hu\\\/#website\"},\"primaryImageOfPage\":{\"@id\":\"https:\\\/\\\/dorogimedence.hu\\\/index.php\\\/2019\\\/12\\\/19\\\/felavattak-a-roma-holokauszt-esztergomi-aldozatainak-emlekmuvet\\\/#primaryimage\"},\"image\":{\"@id\":\"https:\\\/\\\/dorogimedence.hu\\\/index.php\\\/2019\\\/12\\\/19\\\/felavattak-a-roma-holokauszt-esztergomi-aldozatainak-emlekmuvet\\\/#primaryimage\"},\"thumbnailUrl\":\"https:\\\/\\\/dorogimedence.hu\\\/wp-content\\\/uploads\\\/2019\\\/12\\\/emlekmu.jpg\",\"datePublished\":\"2019-12-19T09:42:31+00:00\",\"dateModified\":\"2019-12-19T09:42:39+00:00\",\"breadcrumb\":{\"@id\":\"https:\\\/\\\/dorogimedence.hu\\\/index.php\\\/2019\\\/12\\\/19\\\/felavattak-a-roma-holokauszt-esztergomi-aldozatainak-emlekmuvet\\\/#breadcrumb\"},\"inLanguage\":\"hu\",\"potentialAction\":[{\"@type\":\"ReadAction\",\"target\":[\"https:\\\/\\\/dorogimedence.hu\\\/index.php\\\/2019\\\/12\\\/19\\\/felavattak-a-roma-holokauszt-esztergomi-aldozatainak-emlekmuvet\\\/\"]}]},{\"@type\":\"ImageObject\",\"inLanguage\":\"hu\",\"@id\":\"https:\\\/\\\/dorogimedence.hu\\\/index.php\\\/2019\\\/12\\\/19\\\/felavattak-a-roma-holokauszt-esztergomi-aldozatainak-emlekmuvet\\\/#primaryimage\",\"url\":\"https:\\\/\\\/dorogimedence.hu\\\/wp-content\\\/uploads\\\/2019\\\/12\\\/emlekmu.jpg\",\"contentUrl\":\"https:\\\/\\\/dorogimedence.hu\\\/wp-content\\\/uploads\\\/2019\\\/12\\\/emlekmu.jpg\",\"width\":670,\"height\":365},{\"@type\":\"BreadcrumbList\",\"@id\":\"https:\\\/\\\/dorogimedence.hu\\\/index.php\\\/2019\\\/12\\\/19\\\/felavattak-a-roma-holokauszt-esztergomi-aldozatainak-emlekmuvet\\\/#breadcrumb\",\"itemListElement\":[{\"@type\":\"ListItem\",\"position\":1,\"name\":\"Kezd\u0151lap\",\"item\":\"https:\\\/\\\/dorogimedence.hu\\\/\"},{\"@type\":\"ListItem\",\"position\":2,\"name\":\"Felavatt\u00e1k a roma holokauszt esztergomi \u00e1ldozatainak eml\u00e9km\u0171v\u00e9t\"}]},{\"@type\":\"WebSite\",\"@id\":\"https:\\\/\\\/dorogimedence.hu\\\/#website\",\"url\":\"https:\\\/\\\/dorogimedence.hu\\\/\",\"name\":\"Dorogi-medence Region\u00e1lis H\u00edrport\u00e1l\",\"description\":\"Dorog, Keszt\u00f6lc, Le\u00e1nyv\u00e1r, Piliscs\u00e9v, Tokod, Tokodalt\u00e1r\u00f3, Csolnok, Esztergom-kertv\u00e1ros: h\u00edrek, programok\",\"publisher\":{\"@id\":\"https:\\\/\\\/dorogimedence.hu\\\/#organization\"},\"potentialAction\":[{\"@type\":\"SearchAction\",\"target\":{\"@type\":\"EntryPoint\",\"urlTemplate\":\"https:\\\/\\\/dorogimedence.hu\\\/?s={search_term_string}\"},\"query-input\":{\"@type\":\"PropertyValueSpecification\",\"valueRequired\":true,\"valueName\":\"search_term_string\"}}],\"inLanguage\":\"hu\"},{\"@type\":\"Organization\",\"@id\":\"https:\\\/\\\/dorogimedence.hu\\\/#organization\",\"name\":\"Dorogi-medence Region\u00e1lis H\u00edrport\u00e1l\",\"url\":\"https:\\\/\\\/dorogimedence.hu\\\/\",\"logo\":{\"@type\":\"ImageObject\",\"inLanguage\":\"hu\",\"@id\":\"https:\\\/\\\/dorogimedence.hu\\\/#\\\/schema\\\/logo\\\/image\\\/\",\"url\":\"https:\\\/\\\/dorogimedence.hu\\\/wp-content\\\/uploads\\\/2021\\\/04\\\/logo-feher-600.png\",\"contentUrl\":\"https:\\\/\\\/dorogimedence.hu\\\/wp-content\\\/uploads\\\/2021\\\/04\\\/logo-feher-600.png\",\"width\":600,\"height\":100,\"caption\":\"Dorogi-medence Region\u00e1lis H\u00edrport\u00e1l\"},\"image\":{\"@id\":\"https:\\\/\\\/dorogimedence.hu\\\/#\\\/schema\\\/logo\\\/image\\\/\"},\"sameAs\":[\"https:\\\/\\\/www.facebook.com\\\/dorogimedence\\\/\"]},{\"@type\":\"Person\",\"@id\":\"https:\\\/\\\/dorogimedence.hu\\\/#\\\/schema\\\/person\\\/ce6091eeb7e95ecdc87890d6aa8e0fd4\",\"name\":\"dorogimedence.hu\",\"image\":{\"@type\":\"ImageObject\",\"inLanguage\":\"hu\",\"@id\":\"\\\/\\\/www.gravatar.com\\\/avatar\\\/d8d45f8901aadff40a4af72c0b826f1d?s=96&#038;r=g&#038;d=mm\",\"url\":\"\\\/\\\/www.gravatar.com\\\/avatar\\\/d8d45f8901aadff40a4af72c0b826f1d?s=96&#038;r=g&#038;d=mm\",\"contentUrl\":\"\\\/\\\/www.gravatar.com\\\/avatar\\\/d8d45f8901aadff40a4af72c0b826f1d?s=96&#038;r=g&#038;d=mm\",\"caption\":\"dorogimedence.hu\"}}]}<\/script>\n<!-- \/ Yoast SEO plugin. -->","yoast_head_json":{"title":"Felavatt\u00e1k a roma holokauszt esztergomi \u00e1ldozatainak eml\u00e9km\u0171v\u00e9t","robots":{"index":"index","follow":"follow","max-snippet":"max-snippet:-1","max-image-preview":"max-image-preview:large","max-video-preview":"max-video-preview:-1"},"canonical":"https:\/\/dorogimedence.hu\/index.php\/2019\/12\/19\/felavattak-a-roma-holokauszt-esztergomi-aldozatainak-emlekmuvet\/","og_locale":"hu_HU","og_type":"article","og_title":"Felavatt\u00e1k a roma holokauszt esztergomi \u00e1ldozatainak eml\u00e9km\u0171v\u00e9t","og_description":"Felavatt\u00e1k a m\u00e1sodik vil\u00e1gh\u00e1bor\u00faban elesett \u00e9s elhurcolt roma \u00e1ldozatok eml\u00e9km\u0171v\u00e9t, melyet az esztergom-kertv\u00e1rosi Szent Istv\u00e1n kir\u00e1ly templom udvar\u00e1n helyeztek el &#8211; \u00edrja a hidlap.hu Az alkot\u00e1st G\u00f3man J\u00e1nos, az Esztergomi Cig\u00e1ny Nemzetis\u00e9gi \u00d6nkorm\u00e1nyzat eln\u00f6ke, Er\u0151s G\u00e1bor alpolg\u00e1rmester \u00e9s Sztojka Attila a BM T\u00e1rsadalmi Es\u00e9lyteremt\u00e9si F\u0151igazgat\u00f3s\u00e1g\u00e1nak f\u0151igazgat\u00f3ja leplezte le. Az avat\u00f3\u00fcnneps\u00e9gen k\u00f6sz\u00f6nt\u00f6tt\u00e9k a megh\u00edvott vend\u00e9geket, k\u00f6zt\u00fck","og_url":"https:\/\/dorogimedence.hu\/index.php\/2019\/12\/19\/felavattak-a-roma-holokauszt-esztergomi-aldozatainak-emlekmuvet\/","og_site_name":"Dorogi-medence Region\u00e1lis H\u00edrport\u00e1l","article_publisher":"https:\/\/www.facebook.com\/dorogimedence\/","article_published_time":"2019-12-19T09:42:31+00:00","article_modified_time":"2019-12-19T09:42:39+00:00","og_image":[{"width":670,"height":365,"url":"https:\/\/i0.wp.com\/dorogimedence.hu\/wp-content\/uploads\/2019\/12\/emlekmu.jpg?fit=670%2C365&ssl=1","type":"image\/jpeg"}],"author":"dorogimedence.hu","twitter_card":"summary_large_image","twitter_misc":{"Szerz\u0151:":"dorogimedence.hu","Becs\u00fclt olvas\u00e1si id\u0151":"2 perc"},"schema":{"@context":"https:\/\/schema.org","@graph":[{"@type":"Article","@id":"https:\/\/dorogimedence.hu\/index.php\/2019\/12\/19\/felavattak-a-roma-holokauszt-esztergomi-aldozatainak-emlekmuvet\/#article","isPartOf":{"@id":"https:\/\/dorogimedence.hu\/index.php\/2019\/12\/19\/felavattak-a-roma-holokauszt-esztergomi-aldozatainak-emlekmuvet\/"},"author":{"name":"dorogimedence.hu","@id":"https:\/\/dorogimedence.hu\/#\/schema\/person\/ce6091eeb7e95ecdc87890d6aa8e0fd4"},"headline":"Felavatt\u00e1k a roma holokauszt esztergomi \u00e1ldozatainak eml\u00e9km\u0171v\u00e9t","datePublished":"2019-12-19T09:42:31+00:00","dateModified":"2019-12-19T09:42:39+00:00","mainEntityOfPage":{"@id":"https:\/\/dorogimedence.hu\/index.php\/2019\/12\/19\/felavattak-a-roma-holokauszt-esztergomi-aldozatainak-emlekmuvet\/"},"wordCount":506,"publisher":{"@id":"https:\/\/dorogimedence.hu\/#organization"},"image":{"@id":"https:\/\/dorogimedence.hu\/index.php\/2019\/12\/19\/felavattak-a-roma-holokauszt-esztergomi-aldozatainak-emlekmuvet\/#primaryimage"},"thumbnailUrl":"https:\/\/dorogimedence.hu\/wp-content\/uploads\/2019\/12\/emlekmu.jpg","keywords":["eml\u00e9km\u0171","esztergom","Esztergom-kertv\u00e1ros","holokauszt"],"articleSection":["Esztergom","Esztergom-kertv\u00e1ros","H\u00edrek"],"inLanguage":"hu"},{"@type":"WebPage","@id":"https:\/\/dorogimedence.hu\/index.php\/2019\/12\/19\/felavattak-a-roma-holokauszt-esztergomi-aldozatainak-emlekmuvet\/","url":"https:\/\/dorogimedence.hu\/index.php\/2019\/12\/19\/felavattak-a-roma-holokauszt-esztergomi-aldozatainak-emlekmuvet\/","name":"Felavatt\u00e1k a roma holokauszt esztergomi \u00e1ldozatainak eml\u00e9km\u0171v\u00e9t","isPartOf":{"@id":"https:\/\/dorogimedence.hu\/#website"},"primaryImageOfPage":{"@id":"https:\/\/dorogimedence.hu\/index.php\/2019\/12\/19\/felavattak-a-roma-holokauszt-esztergomi-aldozatainak-emlekmuvet\/#primaryimage"},"image":{"@id":"https:\/\/dorogimedence.hu\/index.php\/2019\/12\/19\/felavattak-a-roma-holokauszt-esztergomi-aldozatainak-emlekmuvet\/#primaryimage"},"thumbnailUrl":"https:\/\/dorogimedence.hu\/wp-content\/uploads\/2019\/12\/emlekmu.jpg","datePublished":"2019-12-19T09:42:31+00:00","dateModified":"2019-12-19T09:42:39+00:00","breadcrumb":{"@id":"https:\/\/dorogimedence.hu\/index.php\/2019\/12\/19\/felavattak-a-roma-holokauszt-esztergomi-aldozatainak-emlekmuvet\/#breadcrumb"},"inLanguage":"hu","potentialAction":[{"@type":"ReadAction","target":["https:\/\/dorogimedence.hu\/index.php\/2019\/12\/19\/felavattak-a-roma-holokauszt-esztergomi-aldozatainak-emlekmuvet\/"]}]},{"@type":"ImageObject","inLanguage":"hu","@id":"https:\/\/dorogimedence.hu\/index.php\/2019\/12\/19\/felavattak-a-roma-holokauszt-esztergomi-aldozatainak-emlekmuvet\/#primaryimage","url":"https:\/\/dorogimedence.hu\/wp-content\/uploads\/2019\/12\/emlekmu.jpg","contentUrl":"https:\/\/dorogimedence.hu\/wp-content\/uploads\/2019\/12\/emlekmu.jpg","width":670,"height":365},{"@type":"BreadcrumbList","@id":"https:\/\/dorogimedence.hu\/index.php\/2019\/12\/19\/felavattak-a-roma-holokauszt-esztergomi-aldozatainak-emlekmuvet\/#breadcrumb","itemListElement":[{"@type":"ListItem","position":1,"name":"Kezd\u0151lap","item":"https:\/\/dorogimedence.hu\/"},{"@type":"ListItem","position":2,"name":"Felavatt\u00e1k a roma holokauszt esztergomi \u00e1ldozatainak eml\u00e9km\u0171v\u00e9t"}]},{"@type":"WebSite","@id":"https:\/\/dorogimedence.hu\/#website","url":"https:\/\/dorogimedence.hu\/","name":"Dorogi-medence Region\u00e1lis H\u00edrport\u00e1l","description":"Dorog, Keszt\u00f6lc, Le\u00e1nyv\u00e1r, Piliscs\u00e9v, Tokod, Tokodalt\u00e1r\u00f3, Csolnok, Esztergom-kertv\u00e1ros: h\u00edrek, programok","publisher":{"@id":"https:\/\/dorogimedence.hu\/#organization"},"potentialAction":[{"@type":"SearchAction","target":{"@type":"EntryPoint","urlTemplate":"https:\/\/dorogimedence.hu\/?s={search_term_string}"},"query-input":{"@type":"PropertyValueSpecification","valueRequired":true,"valueName":"search_term_string"}}],"inLanguage":"hu"},{"@type":"Organization","@id":"https:\/\/dorogimedence.hu\/#organization","name":"Dorogi-medence Region\u00e1lis H\u00edrport\u00e1l","url":"https:\/\/dorogimedence.hu\/","logo":{"@type":"ImageObject","inLanguage":"hu","@id":"https:\/\/dorogimedence.hu\/#\/schema\/logo\/image\/","url":"https:\/\/dorogimedence.hu\/wp-content\/uploads\/2021\/04\/logo-feher-600.png","contentUrl":"https:\/\/dorogimedence.hu\/wp-content\/uploads\/2021\/04\/logo-feher-600.png","width":600,"height":100,"caption":"Dorogi-medence Region\u00e1lis H\u00edrport\u00e1l"},"image":{"@id":"https:\/\/dorogimedence.hu\/#\/schema\/logo\/image\/"},"sameAs":["https:\/\/www.facebook.com\/dorogimedence\/"]},{"@type":"Person","@id":"https:\/\/dorogimedence.hu\/#\/schema\/person\/ce6091eeb7e95ecdc87890d6aa8e0fd4","name":"dorogimedence.hu","image":{"@type":"ImageObject","inLanguage":"hu","@id":"\/\/www.gravatar.com\/avatar\/d8d45f8901aadff40a4af72c0b826f1d?s=96&#038;r=g&#038;d=mm","url":"\/\/www.gravatar.com\/avatar\/d8d45f8901aadff40a4af72c0b826f1d?s=96&#038;r=g&#038;d=mm","contentUrl":"\/\/www.gravatar.com\/avatar\/d8d45f8901aadff40a4af72c0b826f1d?s=96&#038;r=g&#038;d=mm","caption":"dorogimedence.hu"}}]}},"_links":{"self":[{"href":"https:\/\/dorogimedence.hu\/index.php\/wp-json\/wp\/v2\/posts\/21759","targetHints":{"allow":["GET"]}}],"collection":[{"href":"https:\/\/dorogimedence.hu\/index.php\/wp-json\/wp\/v2\/posts"}],"about":[{"href":"https:\/\/dorogimedence.hu\/index.php\/wp-json\/wp\/v2\/types\/post"}],"author":[{"embeddable":true,"href":"https:\/\/dorogimedence.hu\/index.php\/wp-json\/wp\/v2\/users\/1"}],"replies":[{"embeddable":true,"href":"https:\/\/dorogimedence.hu\/index.php\/wp-json\/wp\/v2\/comments?post=21759"}],"version-history":[{"count":0,"href":"https:\/\/dorogimedence.hu\/index.php\/wp-json\/wp\/v2\/posts\/21759\/revisions"}],"wp:featuredmedia":[{"embeddable":true,"href":"https:\/\/dorogimedence.hu\/index.php\/wp-json\/wp\/v2\/media\/21764"}],"wp:attachment":[{"href":"https:\/\/dorogimedence.hu\/index.php\/wp-json\/wp\/v2\/media?parent=21759"}],"wp:term":[{"taxonomy":"category","embeddable":true,"href":"https:\/\/dorogimedence.hu\/index.php\/wp-json\/wp\/v2\/categories?post=21759"},{"taxonomy":"post_tag","embeddable":true,"href":"https:\/\/dorogimedence.hu\/index.php\/wp-json\/wp\/v2\/tags?post=21759"}],"curies":[{"name":"wp","href":"https:\/\/api.w.org\/{rel}","templated":true}]}}