{"id":21692,"date":"2019-12-16T09:28:41","date_gmt":"2019-12-16T08:28:41","guid":{"rendered":"http:\/\/dorogimedence.hu\/?p=21692"},"modified":"2019-12-16T09:29:15","modified_gmt":"2019-12-16T08:29:15","slug":"allami-tamogatast-kap-az-esztergomi-korhaz-szuleszete","status":"publish","type":"post","link":"https:\/\/dorogimedence.hu\/index.php\/2019\/12\/16\/allami-tamogatast-kap-az-esztergomi-korhaz-szuleszete\/","title":{"rendered":"\u00c1llami t\u00e1mogat\u00e1st kap az esztergomi k\u00f3rh\u00e1z sz\u00fcl\u00e9szete"},"content":{"rendered":"<div class=\"item_introtext\">\n<p><strong>\u00d6tvenh\u00e1rom k\u00f6zfinansz\u00edrozott eg\u00e9szs\u00e9g\u00fcgyi int\u00e9zm\u00e9ny sz\u00fcl\u00e9szet\u00e9t fejlesztik 3,3 milli\u00e1rd forintb\u00f3l, k\u00f6zt\u00fck az esztergomi k\u00f3rh\u00e1z oszt\u00e1ly\u00e1t is &#8211; jelentette be az emberi er\u0151forr\u00e1sok minisztere december 12-\u00e9n, cs\u00fct\u00f6rt\u00f6k\u00f6n, Budapesten.<\/strong><\/p>\n<\/div>\n<div class=\"item_fulltext\">\n<p>K\u00e1sler Mikl\u00f3s a csal\u00e1d folytonoss\u00e1g\u00e1nak fontoss\u00e1g\u00e1t hangs\u00falyozva azt mondta: az emberi \u00e9let \u00e9rtelme a gyermek, hiszen benn\u00fck \u00e9l\u00fcnk tov\u00e1bb, ahogy nemzet\u00fcnk, kult\u00far\u00e1nk, trad\u00edci\u00f3ink, t\u00f6rt\u00e9nelm\u00fcnk is.<\/p>\n<p>K\u00e1sler Mikl\u00f3s kiemelte: a kellemes, csal\u00e1dias k\u00f6r\u00fclm\u00e9nyek k\u00f6z\u00f6tt lezajlott sz\u00fcl\u00e9s motiv\u00e1ci\u00f3t ad a tov\u00e1bbi gyermekek v\u00e1llal\u00e1s\u00e1hoz, el\u0151seg\u00edti az anya \u00e9s gyermek k\u00f6z\u00f6tti korai k\u00f6t\u0151d\u00e9s kialakul\u00e1s\u00e1t, tov\u00e1bb\u00e1 seg\u00edt biztos\u00edtani a kisgyermek \u00e9letkezdet\u00e9nek legoptim\u00e1lisabb felt\u00e9teleit.<\/p>\n<p>A miniszter k\u00f6zl\u00e9se szerint a korm\u00e1ny \u00f6sszesen 10 milli\u00e1rd forintot ford\u00edt csal\u00e1d- \u00e9s bababar\u00e1t sz\u00fcl\u00e9szetek kialak\u00edt\u00e1s\u00e1ra. Els\u0151 k\u00f6rben &#8211; 6,4 milli\u00e1rd forintb\u00f3l &#8211; 44 k\u00f3rh\u00e1zat fejlesztettek.<\/p>\n<p>A mostani m\u00e1sodik p\u00e1ly\u00e1zati k\u00f6rben 10 f\u0151v\u00e1rosi \u00e9s 43 vid\u00e9ki k\u00f3rh\u00e1z infrastruktur\u00e1lis fejleszt\u00e9seit, illetve eszk\u00f6zbeszerz\u00e9seit finansz\u00edrozz\u00e1k \u00e1llami forr\u00e1sb\u00f3l.<\/p>\n<p>Sz\u00f3lt arr\u00f3l, hogy a p\u00e1ly\u00e1zat egyetlen felt\u00e9tele volt, hogy a fejleszt\u00e9seket \u00f6ssze kell k\u00f6tni k\u00e9pz\u00e9sekkel is. Az anya- \u00e9s bababar\u00e1t sz\u00fcl\u00e9szeti ell\u00e1t\u00e1ssal kapcsolatos gradu\u00e1lis \u00e9s posztgradu\u00e1lis k\u00e9pz\u00e9si rendszer fejleszt\u00e9s\u00e9re 100 milli\u00f3 forintot k\u00fcl\u00f6n\u00edtettek el &#8211; k\u00f6z\u00f6lte a miniszter.<\/p>\n<p>A h\u00e1tt\u00e9ranyagban hangs\u00falyozz\u00e1k: a csal\u00e1dbar\u00e1t sz\u00fcl\u00e9szet koncepci\u00f3 keret\u00e9ben a kabinet \u00f6sszesen 10 milli\u00e1rd forintot ford\u00edt a magyarorsz\u00e1gi sz\u00fcl\u00e9szeti infrastrukt\u00fara fejleszt\u00e9s\u00e9re \u00e9s szakemberek tov\u00e1bbk\u00e9pz\u00e9s\u00e9re. Az els\u0151 \u00fctemben 44 k\u00f3rh\u00e1z 6,4 milli\u00e1rd forint t\u00e1mogat\u00e1sban r\u00e9szes\u00fclt. Ebb\u0151l t\u00f6bbek k\u00f6z\u00f6tt sz\u00fcl\u00e9szeti oszt\u00e1lyokat, sz\u00fcl\u0151szob\u00e1kat, k\u00f3rtermeket \u00faj\u00edtottak fel, komfortosabb, egy\u00e1gyas sz\u00fcl\u0151szob\u00e1kat alak\u00edtottak ki.<\/p>\n<p>A most megval\u00f3sul\u00f3 m\u00e1sodik \u00fctem c\u00e9ljai a sz\u00fcl\u00e9szeti ell\u00e1t\u00e1s elm\u00e9let\u00e9nek \u00e9s gyakorlat\u00e1nak megv\u00e1ltoztat\u00e1sa; k\u00e9pz\u00e9sek, belf\u00f6ldi \u00e9s k\u00fclf\u00f6ldi tapasztalatcsere, m\u00f3dszertani fejleszt\u00e9sek t\u00e1mogat\u00e1sa; a v\u00e1rand\u00f3sfelk\u00e9sz\u00edt\u00e9s meger\u0151s\u00edt\u00e9se; tov\u00e1bb\u00e1 az anyatejgy\u0171jt\u0151 \u00e1llom\u00e1sok fejleszt\u00e9se; \u00e9s a sz\u00fcl\u00e9s k\u00f6r\u00fcli id\u0151szak pszich\u00e9s meger\u0151s\u00edt\u00e9se.<\/p>\n<p>A m\u00e1sodik \u00fctemben 53 int\u00e9zm\u00e9ny 73 p\u00e1ly\u00e1zatot ny\u00fajtott be, ugyanis egy k\u00f3rh\u00e1z t\u00f6bb oszt\u00e1lya is p\u00e1ly\u00e1zhatott.<\/p>\n<p><strong>Az esztergomi Vaszary Kolos K\u00f3rh\u00e1z 33.119.000 Ft-ot kap fejleszt\u00e9sre.<\/strong><\/p>\n<p><em>Forr\u00e1s: mti.hu \/ kormany.hu<\/em><br \/>\n<em>Fot\u00f3: Google<\/em><\/p>\n<\/div>\n","protected":false},"excerpt":{"rendered":"<p>\u00d6tvenh\u00e1rom k\u00f6zfinansz\u00edrozott eg\u00e9szs\u00e9g\u00fcgyi int\u00e9zm\u00e9ny sz\u00fcl\u00e9szet\u00e9t fejlesztik 3,3 milli\u00e1rd forintb\u00f3l, k\u00f6zt\u00fck az esztergomi k\u00f3rh\u00e1z oszt\u00e1ly\u00e1t is &#8211; jelentette be az emberi er\u0151forr\u00e1sok minisztere december 12-\u00e9n, cs\u00fct\u00f6rt\u00f6k\u00f6n, Budapesten. K\u00e1sler Mikl\u00f3s a csal\u00e1d folytonoss\u00e1g\u00e1nak fontoss\u00e1g\u00e1t hangs\u00falyozva azt mondta: az emberi \u00e9let \u00e9rtelme a gyermek, hiszen benn\u00fck \u00e9l\u00fcnk tov\u00e1bb, ahogy nemzet\u00fcnk, kult\u00far\u00e1nk, trad\u00edci\u00f3ink, t\u00f6rt\u00e9nelm\u00fcnk is. K\u00e1sler Mikl\u00f3s kiemelte: a<\/p>\n","protected":false},"author":1,"featured_media":5083,"comment_status":"closed","ping_status":"closed","sticky":false,"template":"","format":"standard","meta":{"ngg_post_thumbnail":0,"footnotes":""},"categories":[38,3],"tags":[4553,42,157,282,4552],"class_list":{"0":"post-21692","1":"post","2":"type-post","3":"status-publish","4":"format-standard","5":"has-post-thumbnail","7":"category-esztergom","8":"category-hirek","9":"tag-allami-tamogatas","10":"tag-esztergom","11":"tag-fejlesztes","12":"tag-korhaz","13":"tag-szuleszeti-osztaly"},"yoast_head":"<!-- This site is optimized with the Yoast SEO plugin v27.5 - https:\/\/yoast.com\/product\/yoast-seo-wordpress\/ -->\n<title>\u00c1llami t\u00e1mogat\u00e1st kap az esztergomi k\u00f3rh\u00e1z sz\u00fcl\u00e9szete<\/title>\n<meta name=\"robots\" content=\"index, follow, max-snippet:-1, max-image-preview:large, max-video-preview:-1\" \/>\n<link rel=\"canonical\" href=\"https:\/\/dorogimedence.hu\/index.php\/2019\/12\/16\/allami-tamogatast-kap-az-esztergomi-korhaz-szuleszete\/\" class=\"yoast-seo-meta-tag\" \/>\n<meta property=\"og:locale\" content=\"hu_HU\" class=\"yoast-seo-meta-tag\" \/>\n<meta property=\"og:type\" content=\"article\" class=\"yoast-seo-meta-tag\" \/>\n<meta property=\"og:title\" content=\"\u00c1llami t\u00e1mogat\u00e1st kap az esztergomi k\u00f3rh\u00e1z sz\u00fcl\u00e9szete\" class=\"yoast-seo-meta-tag\" \/>\n<meta property=\"og:description\" content=\"\u00d6tvenh\u00e1rom k\u00f6zfinansz\u00edrozott eg\u00e9szs\u00e9g\u00fcgyi int\u00e9zm\u00e9ny sz\u00fcl\u00e9szet\u00e9t fejlesztik 3,3 milli\u00e1rd forintb\u00f3l, k\u00f6zt\u00fck az esztergomi k\u00f3rh\u00e1z oszt\u00e1ly\u00e1t is &#8211; jelentette be az emberi er\u0151forr\u00e1sok minisztere december 12-\u00e9n, cs\u00fct\u00f6rt\u00f6k\u00f6n, Budapesten. K\u00e1sler Mikl\u00f3s a csal\u00e1d folytonoss\u00e1g\u00e1nak fontoss\u00e1g\u00e1t hangs\u00falyozva azt mondta: az emberi \u00e9let \u00e9rtelme a gyermek, hiszen benn\u00fck \u00e9l\u00fcnk tov\u00e1bb, ahogy nemzet\u00fcnk, kult\u00far\u00e1nk, trad\u00edci\u00f3ink, t\u00f6rt\u00e9nelm\u00fcnk is. K\u00e1sler Mikl\u00f3s kiemelte: a\" class=\"yoast-seo-meta-tag\" \/>\n<meta property=\"og:url\" content=\"https:\/\/dorogimedence.hu\/index.php\/2019\/12\/16\/allami-tamogatast-kap-az-esztergomi-korhaz-szuleszete\/\" class=\"yoast-seo-meta-tag\" \/>\n<meta property=\"og:site_name\" content=\"Dorogi-medence Region\u00e1lis H\u00edrport\u00e1l\" class=\"yoast-seo-meta-tag\" \/>\n<meta property=\"article:publisher\" content=\"https:\/\/www.facebook.com\/dorogimedence\/\" class=\"yoast-seo-meta-tag\" \/>\n<meta property=\"article:published_time\" content=\"2019-12-16T08:28:41+00:00\" class=\"yoast-seo-meta-tag\" \/>\n<meta property=\"article:modified_time\" content=\"2019-12-16T08:29:15+00:00\" class=\"yoast-seo-meta-tag\" \/>\n<meta property=\"og:image\" content=\"https:\/\/i0.wp.com\/dorogimedence.hu\/wp-content\/uploads\/2017\/08\/egom-korhaz-01.jpg?fit=670%2C365&ssl=1\" class=\"yoast-seo-meta-tag\" \/>\n\t<meta property=\"og:image:width\" content=\"670\" class=\"yoast-seo-meta-tag\" \/>\n\t<meta property=\"og:image:height\" content=\"365\" class=\"yoast-seo-meta-tag\" \/>\n\t<meta property=\"og:image:type\" content=\"image\/jpeg\" class=\"yoast-seo-meta-tag\" \/>\n<meta name=\"author\" content=\"dorogimedence.hu\" class=\"yoast-seo-meta-tag\" \/>\n<meta name=\"twitter:card\" content=\"summary_large_image\" class=\"yoast-seo-meta-tag\" \/>\n<meta name=\"twitter:label1\" content=\"Szerz\u0151:\" class=\"yoast-seo-meta-tag\" \/>\n\t<meta name=\"twitter:data1\" content=\"dorogimedence.hu\" class=\"yoast-seo-meta-tag\" \/>\n\t<meta name=\"twitter:label2\" content=\"Becs\u00fclt olvas\u00e1si id\u0151\" class=\"yoast-seo-meta-tag\" \/>\n\t<meta name=\"twitter:data2\" content=\"3 perc\" class=\"yoast-seo-meta-tag\" \/>\n<script type=\"application\/ld+json\" class=\"yoast-schema-graph\">{\"@context\":\"https:\\\/\\\/schema.org\",\"@graph\":[{\"@type\":\"Article\",\"@id\":\"https:\\\/\\\/dorogimedence.hu\\\/index.php\\\/2019\\\/12\\\/16\\\/allami-tamogatast-kap-az-esztergomi-korhaz-szuleszete\\\/#article\",\"isPartOf\":{\"@id\":\"https:\\\/\\\/dorogimedence.hu\\\/index.php\\\/2019\\\/12\\\/16\\\/allami-tamogatast-kap-az-esztergomi-korhaz-szuleszete\\\/\"},\"author\":{\"name\":\"dorogimedence.hu\",\"@id\":\"https:\\\/\\\/dorogimedence.hu\\\/#\\\/schema\\\/person\\\/ce6091eeb7e95ecdc87890d6aa8e0fd4\"},\"headline\":\"\u00c1llami t\u00e1mogat\u00e1st kap az esztergomi k\u00f3rh\u00e1z sz\u00fcl\u00e9szete\",\"datePublished\":\"2019-12-16T08:28:41+00:00\",\"dateModified\":\"2019-12-16T08:29:15+00:00\",\"mainEntityOfPage\":{\"@id\":\"https:\\\/\\\/dorogimedence.hu\\\/index.php\\\/2019\\\/12\\\/16\\\/allami-tamogatast-kap-az-esztergomi-korhaz-szuleszete\\\/\"},\"wordCount\":519,\"publisher\":{\"@id\":\"https:\\\/\\\/dorogimedence.hu\\\/#organization\"},\"image\":{\"@id\":\"https:\\\/\\\/dorogimedence.hu\\\/index.php\\\/2019\\\/12\\\/16\\\/allami-tamogatast-kap-az-esztergomi-korhaz-szuleszete\\\/#primaryimage\"},\"thumbnailUrl\":\"https:\\\/\\\/dorogimedence.hu\\\/wp-content\\\/uploads\\\/2017\\\/08\\\/egom-korhaz-01.jpg\",\"keywords\":[\"\u00e1llami t\u00e1mogat\u00e1s\",\"esztergom\",\"fejleszt\u00e9s\",\"k\u00f3rh\u00e1z\",\"sz\u00fcl\u00e9szeti oszt\u00e1ly\"],\"articleSection\":[\"Esztergom\",\"H\u00edrek\"],\"inLanguage\":\"hu\"},{\"@type\":\"WebPage\",\"@id\":\"https:\\\/\\\/dorogimedence.hu\\\/index.php\\\/2019\\\/12\\\/16\\\/allami-tamogatast-kap-az-esztergomi-korhaz-szuleszete\\\/\",\"url\":\"https:\\\/\\\/dorogimedence.hu\\\/index.php\\\/2019\\\/12\\\/16\\\/allami-tamogatast-kap-az-esztergomi-korhaz-szuleszete\\\/\",\"name\":\"\u00c1llami t\u00e1mogat\u00e1st kap az esztergomi k\u00f3rh\u00e1z sz\u00fcl\u00e9szete\",\"isPartOf\":{\"@id\":\"https:\\\/\\\/dorogimedence.hu\\\/#website\"},\"primaryImageOfPage\":{\"@id\":\"https:\\\/\\\/dorogimedence.hu\\\/index.php\\\/2019\\\/12\\\/16\\\/allami-tamogatast-kap-az-esztergomi-korhaz-szuleszete\\\/#primaryimage\"},\"image\":{\"@id\":\"https:\\\/\\\/dorogimedence.hu\\\/index.php\\\/2019\\\/12\\\/16\\\/allami-tamogatast-kap-az-esztergomi-korhaz-szuleszete\\\/#primaryimage\"},\"thumbnailUrl\":\"https:\\\/\\\/dorogimedence.hu\\\/wp-content\\\/uploads\\\/2017\\\/08\\\/egom-korhaz-01.jpg\",\"datePublished\":\"2019-12-16T08:28:41+00:00\",\"dateModified\":\"2019-12-16T08:29:15+00:00\",\"breadcrumb\":{\"@id\":\"https:\\\/\\\/dorogimedence.hu\\\/index.php\\\/2019\\\/12\\\/16\\\/allami-tamogatast-kap-az-esztergomi-korhaz-szuleszete\\\/#breadcrumb\"},\"inLanguage\":\"hu\",\"potentialAction\":[{\"@type\":\"ReadAction\",\"target\":[\"https:\\\/\\\/dorogimedence.hu\\\/index.php\\\/2019\\\/12\\\/16\\\/allami-tamogatast-kap-az-esztergomi-korhaz-szuleszete\\\/\"]}]},{\"@type\":\"ImageObject\",\"inLanguage\":\"hu\",\"@id\":\"https:\\\/\\\/dorogimedence.hu\\\/index.php\\\/2019\\\/12\\\/16\\\/allami-tamogatast-kap-az-esztergomi-korhaz-szuleszete\\\/#primaryimage\",\"url\":\"https:\\\/\\\/dorogimedence.hu\\\/wp-content\\\/uploads\\\/2017\\\/08\\\/egom-korhaz-01.jpg\",\"contentUrl\":\"https:\\\/\\\/dorogimedence.hu\\\/wp-content\\\/uploads\\\/2017\\\/08\\\/egom-korhaz-01.jpg\",\"width\":670,\"height\":365},{\"@type\":\"BreadcrumbList\",\"@id\":\"https:\\\/\\\/dorogimedence.hu\\\/index.php\\\/2019\\\/12\\\/16\\\/allami-tamogatast-kap-az-esztergomi-korhaz-szuleszete\\\/#breadcrumb\",\"itemListElement\":[{\"@type\":\"ListItem\",\"position\":1,\"name\":\"Kezd\u0151lap\",\"item\":\"https:\\\/\\\/dorogimedence.hu\\\/\"},{\"@type\":\"ListItem\",\"position\":2,\"name\":\"\u00c1llami t\u00e1mogat\u00e1st kap az esztergomi k\u00f3rh\u00e1z sz\u00fcl\u00e9szete\"}]},{\"@type\":\"WebSite\",\"@id\":\"https:\\\/\\\/dorogimedence.hu\\\/#website\",\"url\":\"https:\\\/\\\/dorogimedence.hu\\\/\",\"name\":\"Dorogi-medence Region\u00e1lis H\u00edrport\u00e1l\",\"description\":\"Dorog, Keszt\u00f6lc, Le\u00e1nyv\u00e1r, Piliscs\u00e9v, Tokod, Tokodalt\u00e1r\u00f3, Csolnok, Esztergom-kertv\u00e1ros: h\u00edrek, programok\",\"publisher\":{\"@id\":\"https:\\\/\\\/dorogimedence.hu\\\/#organization\"},\"potentialAction\":[{\"@type\":\"SearchAction\",\"target\":{\"@type\":\"EntryPoint\",\"urlTemplate\":\"https:\\\/\\\/dorogimedence.hu\\\/?s={search_term_string}\"},\"query-input\":{\"@type\":\"PropertyValueSpecification\",\"valueRequired\":true,\"valueName\":\"search_term_string\"}}],\"inLanguage\":\"hu\"},{\"@type\":\"Organization\",\"@id\":\"https:\\\/\\\/dorogimedence.hu\\\/#organization\",\"name\":\"Dorogi-medence Region\u00e1lis H\u00edrport\u00e1l\",\"url\":\"https:\\\/\\\/dorogimedence.hu\\\/\",\"logo\":{\"@type\":\"ImageObject\",\"inLanguage\":\"hu\",\"@id\":\"https:\\\/\\\/dorogimedence.hu\\\/#\\\/schema\\\/logo\\\/image\\\/\",\"url\":\"https:\\\/\\\/dorogimedence.hu\\\/wp-content\\\/uploads\\\/2021\\\/04\\\/logo-feher-600.png\",\"contentUrl\":\"https:\\\/\\\/dorogimedence.hu\\\/wp-content\\\/uploads\\\/2021\\\/04\\\/logo-feher-600.png\",\"width\":600,\"height\":100,\"caption\":\"Dorogi-medence Region\u00e1lis H\u00edrport\u00e1l\"},\"image\":{\"@id\":\"https:\\\/\\\/dorogimedence.hu\\\/#\\\/schema\\\/logo\\\/image\\\/\"},\"sameAs\":[\"https:\\\/\\\/www.facebook.com\\\/dorogimedence\\\/\"]},{\"@type\":\"Person\",\"@id\":\"https:\\\/\\\/dorogimedence.hu\\\/#\\\/schema\\\/person\\\/ce6091eeb7e95ecdc87890d6aa8e0fd4\",\"name\":\"dorogimedence.hu\",\"image\":{\"@type\":\"ImageObject\",\"inLanguage\":\"hu\",\"@id\":\"\\\/\\\/www.gravatar.com\\\/avatar\\\/d8d45f8901aadff40a4af72c0b826f1d?s=96&#038;r=g&#038;d=mm\",\"url\":\"\\\/\\\/www.gravatar.com\\\/avatar\\\/d8d45f8901aadff40a4af72c0b826f1d?s=96&#038;r=g&#038;d=mm\",\"contentUrl\":\"\\\/\\\/www.gravatar.com\\\/avatar\\\/d8d45f8901aadff40a4af72c0b826f1d?s=96&#038;r=g&#038;d=mm\",\"caption\":\"dorogimedence.hu\"}}]}<\/script>\n<!-- \/ Yoast SEO plugin. -->","yoast_head_json":{"title":"\u00c1llami t\u00e1mogat\u00e1st kap az esztergomi k\u00f3rh\u00e1z sz\u00fcl\u00e9szete","robots":{"index":"index","follow":"follow","max-snippet":"max-snippet:-1","max-image-preview":"max-image-preview:large","max-video-preview":"max-video-preview:-1"},"canonical":"https:\/\/dorogimedence.hu\/index.php\/2019\/12\/16\/allami-tamogatast-kap-az-esztergomi-korhaz-szuleszete\/","og_locale":"hu_HU","og_type":"article","og_title":"\u00c1llami t\u00e1mogat\u00e1st kap az esztergomi k\u00f3rh\u00e1z sz\u00fcl\u00e9szete","og_description":"\u00d6tvenh\u00e1rom k\u00f6zfinansz\u00edrozott eg\u00e9szs\u00e9g\u00fcgyi int\u00e9zm\u00e9ny sz\u00fcl\u00e9szet\u00e9t fejlesztik 3,3 milli\u00e1rd forintb\u00f3l, k\u00f6zt\u00fck az esztergomi k\u00f3rh\u00e1z oszt\u00e1ly\u00e1t is &#8211; jelentette be az emberi er\u0151forr\u00e1sok minisztere december 12-\u00e9n, cs\u00fct\u00f6rt\u00f6k\u00f6n, Budapesten. K\u00e1sler Mikl\u00f3s a csal\u00e1d folytonoss\u00e1g\u00e1nak fontoss\u00e1g\u00e1t hangs\u00falyozva azt mondta: az emberi \u00e9let \u00e9rtelme a gyermek, hiszen benn\u00fck \u00e9l\u00fcnk tov\u00e1bb, ahogy nemzet\u00fcnk, kult\u00far\u00e1nk, trad\u00edci\u00f3ink, t\u00f6rt\u00e9nelm\u00fcnk is. K\u00e1sler Mikl\u00f3s kiemelte: a","og_url":"https:\/\/dorogimedence.hu\/index.php\/2019\/12\/16\/allami-tamogatast-kap-az-esztergomi-korhaz-szuleszete\/","og_site_name":"Dorogi-medence Region\u00e1lis H\u00edrport\u00e1l","article_publisher":"https:\/\/www.facebook.com\/dorogimedence\/","article_published_time":"2019-12-16T08:28:41+00:00","article_modified_time":"2019-12-16T08:29:15+00:00","og_image":[{"width":670,"height":365,"url":"https:\/\/i0.wp.com\/dorogimedence.hu\/wp-content\/uploads\/2017\/08\/egom-korhaz-01.jpg?fit=670%2C365&ssl=1","type":"image\/jpeg"}],"author":"dorogimedence.hu","twitter_card":"summary_large_image","twitter_misc":{"Szerz\u0151:":"dorogimedence.hu","Becs\u00fclt olvas\u00e1si id\u0151":"3 perc"},"schema":{"@context":"https:\/\/schema.org","@graph":[{"@type":"Article","@id":"https:\/\/dorogimedence.hu\/index.php\/2019\/12\/16\/allami-tamogatast-kap-az-esztergomi-korhaz-szuleszete\/#article","isPartOf":{"@id":"https:\/\/dorogimedence.hu\/index.php\/2019\/12\/16\/allami-tamogatast-kap-az-esztergomi-korhaz-szuleszete\/"},"author":{"name":"dorogimedence.hu","@id":"https:\/\/dorogimedence.hu\/#\/schema\/person\/ce6091eeb7e95ecdc87890d6aa8e0fd4"},"headline":"\u00c1llami t\u00e1mogat\u00e1st kap az esztergomi k\u00f3rh\u00e1z sz\u00fcl\u00e9szete","datePublished":"2019-12-16T08:28:41+00:00","dateModified":"2019-12-16T08:29:15+00:00","mainEntityOfPage":{"@id":"https:\/\/dorogimedence.hu\/index.php\/2019\/12\/16\/allami-tamogatast-kap-az-esztergomi-korhaz-szuleszete\/"},"wordCount":519,"publisher":{"@id":"https:\/\/dorogimedence.hu\/#organization"},"image":{"@id":"https:\/\/dorogimedence.hu\/index.php\/2019\/12\/16\/allami-tamogatast-kap-az-esztergomi-korhaz-szuleszete\/#primaryimage"},"thumbnailUrl":"https:\/\/dorogimedence.hu\/wp-content\/uploads\/2017\/08\/egom-korhaz-01.jpg","keywords":["\u00e1llami t\u00e1mogat\u00e1s","esztergom","fejleszt\u00e9s","k\u00f3rh\u00e1z","sz\u00fcl\u00e9szeti oszt\u00e1ly"],"articleSection":["Esztergom","H\u00edrek"],"inLanguage":"hu"},{"@type":"WebPage","@id":"https:\/\/dorogimedence.hu\/index.php\/2019\/12\/16\/allami-tamogatast-kap-az-esztergomi-korhaz-szuleszete\/","url":"https:\/\/dorogimedence.hu\/index.php\/2019\/12\/16\/allami-tamogatast-kap-az-esztergomi-korhaz-szuleszete\/","name":"\u00c1llami t\u00e1mogat\u00e1st kap az esztergomi k\u00f3rh\u00e1z sz\u00fcl\u00e9szete","isPartOf":{"@id":"https:\/\/dorogimedence.hu\/#website"},"primaryImageOfPage":{"@id":"https:\/\/dorogimedence.hu\/index.php\/2019\/12\/16\/allami-tamogatast-kap-az-esztergomi-korhaz-szuleszete\/#primaryimage"},"image":{"@id":"https:\/\/dorogimedence.hu\/index.php\/2019\/12\/16\/allami-tamogatast-kap-az-esztergomi-korhaz-szuleszete\/#primaryimage"},"thumbnailUrl":"https:\/\/dorogimedence.hu\/wp-content\/uploads\/2017\/08\/egom-korhaz-01.jpg","datePublished":"2019-12-16T08:28:41+00:00","dateModified":"2019-12-16T08:29:15+00:00","breadcrumb":{"@id":"https:\/\/dorogimedence.hu\/index.php\/2019\/12\/16\/allami-tamogatast-kap-az-esztergomi-korhaz-szuleszete\/#breadcrumb"},"inLanguage":"hu","potentialAction":[{"@type":"ReadAction","target":["https:\/\/dorogimedence.hu\/index.php\/2019\/12\/16\/allami-tamogatast-kap-az-esztergomi-korhaz-szuleszete\/"]}]},{"@type":"ImageObject","inLanguage":"hu","@id":"https:\/\/dorogimedence.hu\/index.php\/2019\/12\/16\/allami-tamogatast-kap-az-esztergomi-korhaz-szuleszete\/#primaryimage","url":"https:\/\/dorogimedence.hu\/wp-content\/uploads\/2017\/08\/egom-korhaz-01.jpg","contentUrl":"https:\/\/dorogimedence.hu\/wp-content\/uploads\/2017\/08\/egom-korhaz-01.jpg","width":670,"height":365},{"@type":"BreadcrumbList","@id":"https:\/\/dorogimedence.hu\/index.php\/2019\/12\/16\/allami-tamogatast-kap-az-esztergomi-korhaz-szuleszete\/#breadcrumb","itemListElement":[{"@type":"ListItem","position":1,"name":"Kezd\u0151lap","item":"https:\/\/dorogimedence.hu\/"},{"@type":"ListItem","position":2,"name":"\u00c1llami t\u00e1mogat\u00e1st kap az esztergomi k\u00f3rh\u00e1z sz\u00fcl\u00e9szete"}]},{"@type":"WebSite","@id":"https:\/\/dorogimedence.hu\/#website","url":"https:\/\/dorogimedence.hu\/","name":"Dorogi-medence Region\u00e1lis H\u00edrport\u00e1l","description":"Dorog, Keszt\u00f6lc, Le\u00e1nyv\u00e1r, Piliscs\u00e9v, Tokod, Tokodalt\u00e1r\u00f3, Csolnok, Esztergom-kertv\u00e1ros: h\u00edrek, programok","publisher":{"@id":"https:\/\/dorogimedence.hu\/#organization"},"potentialAction":[{"@type":"SearchAction","target":{"@type":"EntryPoint","urlTemplate":"https:\/\/dorogimedence.hu\/?s={search_term_string}"},"query-input":{"@type":"PropertyValueSpecification","valueRequired":true,"valueName":"search_term_string"}}],"inLanguage":"hu"},{"@type":"Organization","@id":"https:\/\/dorogimedence.hu\/#organization","name":"Dorogi-medence Region\u00e1lis H\u00edrport\u00e1l","url":"https:\/\/dorogimedence.hu\/","logo":{"@type":"ImageObject","inLanguage":"hu","@id":"https:\/\/dorogimedence.hu\/#\/schema\/logo\/image\/","url":"https:\/\/dorogimedence.hu\/wp-content\/uploads\/2021\/04\/logo-feher-600.png","contentUrl":"https:\/\/dorogimedence.hu\/wp-content\/uploads\/2021\/04\/logo-feher-600.png","width":600,"height":100,"caption":"Dorogi-medence Region\u00e1lis H\u00edrport\u00e1l"},"image":{"@id":"https:\/\/dorogimedence.hu\/#\/schema\/logo\/image\/"},"sameAs":["https:\/\/www.facebook.com\/dorogimedence\/"]},{"@type":"Person","@id":"https:\/\/dorogimedence.hu\/#\/schema\/person\/ce6091eeb7e95ecdc87890d6aa8e0fd4","name":"dorogimedence.hu","image":{"@type":"ImageObject","inLanguage":"hu","@id":"\/\/www.gravatar.com\/avatar\/d8d45f8901aadff40a4af72c0b826f1d?s=96&#038;r=g&#038;d=mm","url":"\/\/www.gravatar.com\/avatar\/d8d45f8901aadff40a4af72c0b826f1d?s=96&#038;r=g&#038;d=mm","contentUrl":"\/\/www.gravatar.com\/avatar\/d8d45f8901aadff40a4af72c0b826f1d?s=96&#038;r=g&#038;d=mm","caption":"dorogimedence.hu"}}]}},"_links":{"self":[{"href":"https:\/\/dorogimedence.hu\/index.php\/wp-json\/wp\/v2\/posts\/21692","targetHints":{"allow":["GET"]}}],"collection":[{"href":"https:\/\/dorogimedence.hu\/index.php\/wp-json\/wp\/v2\/posts"}],"about":[{"href":"https:\/\/dorogimedence.hu\/index.php\/wp-json\/wp\/v2\/types\/post"}],"author":[{"embeddable":true,"href":"https:\/\/dorogimedence.hu\/index.php\/wp-json\/wp\/v2\/users\/1"}],"replies":[{"embeddable":true,"href":"https:\/\/dorogimedence.hu\/index.php\/wp-json\/wp\/v2\/comments?post=21692"}],"version-history":[{"count":0,"href":"https:\/\/dorogimedence.hu\/index.php\/wp-json\/wp\/v2\/posts\/21692\/revisions"}],"wp:featuredmedia":[{"embeddable":true,"href":"https:\/\/dorogimedence.hu\/index.php\/wp-json\/wp\/v2\/media\/5083"}],"wp:attachment":[{"href":"https:\/\/dorogimedence.hu\/index.php\/wp-json\/wp\/v2\/media?parent=21692"}],"wp:term":[{"taxonomy":"category","embeddable":true,"href":"https:\/\/dorogimedence.hu\/index.php\/wp-json\/wp\/v2\/categories?post=21692"},{"taxonomy":"post_tag","embeddable":true,"href":"https:\/\/dorogimedence.hu\/index.php\/wp-json\/wp\/v2\/tags?post=21692"}],"curies":[{"name":"wp","href":"https:\/\/api.w.org\/{rel}","templated":true}]}}