{"id":2162,"date":"2017-04-08T09:00:08","date_gmt":"2017-04-08T07:00:08","guid":{"rendered":"http:\/\/dorogimedence.hu\/?p=2162"},"modified":"2017-04-06T20:34:30","modified_gmt":"2017-04-06T18:34:30","slug":"dorog-barangolasok-szenoltar","status":"publish","type":"post","link":"https:\/\/dorogimedence.hu\/index.php\/2017\/04\/08\/dorog-barangolasok-szenoltar\/","title":{"rendered":"Dorog Barangol\u00e1sok: Sz\u00e9nolt\u00e1r"},"content":{"rendered":"<p><strong>A Dorogi Barangol\u00e1sok c\u00edm\u0171 cikksorozatunk k\u00f6vetkez\u0151 r\u00e9sz\u00e9ben a ma m\u00e1r nem l\u00e9tez\u0151 Sz\u00e9nolt\u00e1rt \u00e9s a hely\u00e9n tal\u00e1lhat\u00f3 Jubileumi b\u00e1ny\u00e1szeml\u00e9km\u0171vet mutatjuk be.<\/strong><\/p>\n<p>1938 m\u00e1jus\u00e1ban a 34. Eucharisztikus Vil\u00e1gkongresszus keret\u00e9ben k\u00e9sz\u00fclt Dorogon a <strong>Sz\u00e9nolt\u00e1r, a Szent Borb\u00e1la templom el\u0151tti t\u00e9ren<\/strong>. A k\u00f6zel 15 m\u00e9ter magas \u00e9p\u00edtm\u00e9ny G\u00e1thy Zolt\u00e1n \u00e9p\u00edt\u00e9sz terve alapj\u00e1n k\u00e9sz\u00fclt. A magyar c\u00edmerb\u0151l ismert h\u00e1rmas halom fel\u00fclet\u00e9t teljes eg\u00e9sz\u00e9ben sz\u00e9nnel bor\u00edtott\u00e1k be. A vasb\u00f3l k\u00e9sz\u00fclt kett\u0151s kereszt k\u00e9t oldal\u00e1n egy-egy 3,6 m\u00e9ter magas, m\u0171k\u0151b\u0151l k\u00e9sz\u00fclt angyal t\u00e9rdelt. Az angyalokat ifjabb M\u00e1trai Lajos szobr\u00e1szm\u0171v\u00e9sz k\u00e9sz\u00edtette.<\/p>\n<p style=\"text-align: center;\"><img fetchpriority=\"high\" decoding=\"async\" class=\"alignnone size-full wp-image-2164\" src=\"https:\/\/dorogimedence.hu\/wp-content\/uploads\/2017\/04\/szenoltar-ejszaka.jpg\" alt=\"\" width=\"670\" height=\"400\" srcset=\"https:\/\/dorogimedence.hu\/wp-content\/uploads\/2017\/04\/szenoltar-ejszaka.jpg 670w, https:\/\/dorogimedence.hu\/wp-content\/uploads\/2017\/04\/szenoltar-ejszaka-300x179.jpg 300w\" sizes=\"(max-width: 670px) 100vw, 670px\" \/><br \/>\n<em>Az egykori sz\u00e9nolt\u00e1r \u00e9jszaka<\/em><\/p>\n<p>Az ideiglenes jelleggel \u00e9p\u00fclt alkot\u00e1s t\u00f6bb, mint 25 \u00e9ven kereszt\u00fcl \u00e1llt. T\u00fal\u00e9lte a II. vil\u00e1gh\u00e1bor\u00fat, s\u0151t m\u00e9g az egyh\u00e1z- \u00e9s vall\u00e1sellenes R\u00e1kosi-\u00e9r\u00e1t is. Furcsa m\u00f3don a k\u00e1d\u00e1ri konszolid\u00e1ci\u00f3 \u00e9veiben robbantott\u00e1k fel, az akkor m\u00e1r er\u0151sen lepusztult alkot\u00e1st. <strong>A sz\u00e9nolt\u00e1r kicsiny\u00edtett m\u00e1s\u00e1t Gonda Gy\u00f6rgy k\u0151szobr\u00e1szmester k\u00e9sz\u00edtette el, ami megtekinthet\u0151 a J\u00f3zsef Attila M\u0171vel\u0151d\u00e9si H\u00e1z f\u0151bej\u00e1rat\u00e1n\u00e1l.<\/strong><\/p>\n<p style=\"text-align: center;\"><img decoding=\"async\" class=\"alignnone size-full wp-image-2165\" src=\"https:\/\/dorogimedence.hu\/wp-content\/uploads\/2017\/04\/szenoltar-makett-eredeti.jpg\" alt=\"\" width=\"670\" height=\"386\" srcset=\"https:\/\/dorogimedence.hu\/wp-content\/uploads\/2017\/04\/szenoltar-makett-eredeti.jpg 670w, https:\/\/dorogimedence.hu\/wp-content\/uploads\/2017\/04\/szenoltar-makett-eredeti-300x173.jpg 300w\" sizes=\"(max-width: 670px) 100vw, 670px\" \/><br \/>\n<em>Balra: makett. Jobbra: eredeti<\/em><\/p>\n<p>A 60-as \u00e9vekben felrobbantott Sz\u00e9nolt\u00e1r hely\u00e9n, <strong>ma egy mesters\u00e9ges dombon \u00e1ll\u00f3 Jubileumi b\u00e1ny\u00e1szeml\u00e9km\u0171vet l\u00e1thatunk<\/strong>. A jelenlegi eml\u00e9km\u0171vet 1981-ben, Dorog fenn\u00e1ll\u00e1s\u00e1nak 800 \u00e9ves \u00e9s a dorogi sz\u00e9nb\u00e1ny\u00e1szat 200 \u00e9ves m\u0171k\u00f6d\u00e9s\u00e9nek \u00e9vfordul\u00f3j\u00e1ra k\u00e9sz\u00edtett\u00e9k. A b\u00e1ny\u00e1szeml\u00e9km\u0171 \u00c1rvai Ferenc szobr\u00e1szm\u0171v\u00e9sz, Bakos G\u00e9za \u00e9s Puchner Ferenc \u00e9p\u00edt\u00e9szek munk\u00e1ja.<\/p>\n<p>A Jubileumi b\u00e1ny\u00e1szeml\u00e9km\u0171nek h\u00e1rom k\u00fcl\u00f6nb\u00f6z\u0151 r\u00e9sze van, ezek: egy f\u00fcgg\u0151akn\u00e1t szimboliz\u00e1l\u00f3 betonszobor, egy kr\u00f3mac\u00e9lb\u00f3l k\u00e9sz\u00fclt Prom\u00e9theusz \u00e9s egy m\u00e1sik betonszobor, melyen egy eml\u00e9kt\u00e1bla van. <span style=\"text-decoration: underline;\"><span style=\"color: #0000ff;\"><a style=\"color: #0000ff; text-decoration: underline;\" href=\"http:\/\/bakoscad.hu\/jubileumi-emlekmu.htm\">A Jubileumi eml\u00e9km\u0171 terveir\u0151l a Bakos \u00c9p\u00edt\u00e9sziroda honlapj\u00e1n b\u0151vebb inform\u00e1ci\u00f3kat olvashatunk&gt;&gt;<\/a><\/span><\/span><\/p>\n<p style=\"text-align: center;\"><img decoding=\"async\" class=\"alignnone size-full wp-image-2166\" src=\"https:\/\/dorogimedence.hu\/wp-content\/uploads\/2017\/04\/jubileum-emlekmu-1981-napjainkban.jpg\" alt=\"\" width=\"670\" height=\"271\" srcset=\"https:\/\/dorogimedence.hu\/wp-content\/uploads\/2017\/04\/jubileum-emlekmu-1981-napjainkban.jpg 670w, https:\/\/dorogimedence.hu\/wp-content\/uploads\/2017\/04\/jubileum-emlekmu-1981-napjainkban-300x121.jpg 300w\" sizes=\"(max-width: 670px) 100vw, 670px\" \/><br \/>\n<em>Jubileumi b\u00e1ny\u00e1szeml\u00e9km\u0171. Balra: \u00e1tad\u00f3 \u00fcnneps\u00e9g 1981. Jobbra: napjainkban.<\/em><\/p>\n<p>Jelenleg is eml\u00e9keznek a dorogiak a helysz\u00ednen a b\u00e1ny\u00e1szokra, hiszen minden \u00e9vben itt tartj\u00e1k meg a v\u00e1ros legn\u00edv\u00f3sabb esem\u00e9ny\u00e9t, a <strong>B\u00e1ny\u00e1sznap<\/strong>ot, id\u00e9n m\u00e1r 67. alkalommal.<\/p>\n<p>A Jubileumi t\u00e9r t\u00faloldal\u00e1n, a templom szomsz\u00e9ds\u00e1g\u00e1ban egy <strong>Sz\u00e9nb\u00e1ny\u00e1sz eml\u00e9km\u0171<\/strong> is tal\u00e1lhat\u00f3. A Cs\u00edkszentmih\u00e1lyi R\u00f3bert k\u00e9sz\u00edtette eml\u00e9km\u0171vet 2004 szeptember\u00e9ben \u00e1ll\u00edtott\u00e1k, Dorog v\u00e1ross\u00e1 nyilv\u00e1n\u00edt\u00e1s\u00e1nak huszadik \u00e9vfordul\u00f3j\u00e1ra, egyben a sz\u00e9nb\u00e1ny\u00e1szok t\u00f6rt\u00e9nelmi \u00e9rdemeinek elismer\u00e9sek\u00e9nt. A szobor anyaga m\u00e9szk\u0151 \u00e9s gr\u00e1nit. A s\u00f6t\u00e9t gr\u00e1nit a szenet jelk\u00e9pezni. Ezen \u00fcl lehajtott fejjel egy angyal, aki szomor\u00fa a b\u00e1nyabez\u00e1r\u00e1s miatt.<\/p>\n<p style=\"text-align: center;\"><img loading=\"lazy\" decoding=\"async\" class=\"alignnone size-full wp-image-2171\" src=\"https:\/\/dorogimedence.hu\/wp-content\/uploads\/2017\/04\/banyaszemlekmu-angyal.jpg\" alt=\"\" width=\"1000\" height=\"614\" srcset=\"https:\/\/dorogimedence.hu\/wp-content\/uploads\/2017\/04\/banyaszemlekmu-angyal.jpg 1000w, https:\/\/dorogimedence.hu\/wp-content\/uploads\/2017\/04\/banyaszemlekmu-angyal-300x184.jpg 300w, https:\/\/dorogimedence.hu\/wp-content\/uploads\/2017\/04\/banyaszemlekmu-angyal-768x472.jpg 768w\" sizes=\"(max-width: 1000px) 100vw, 1000px\" \/><br \/>\n<em> Balra: Sz\u00e9nb\u00e1ny\u00e1sz eml\u00e9km\u0171. Jobbra: a Sz\u00e9nolt\u00e1r egyik angyala.<br \/>\n<\/em><\/p>\n<p><strong><em>Forr\u00e1s: wikipedia.org, bakoscad.hu, kozterkep.hu, dorog.hu<br \/>\nFot\u00f3k: Dorog Anno Facebook oldal, kozterkep.hu, wikipedia.org<\/em><\/strong><\/p>\n","protected":false},"excerpt":{"rendered":"<p>A Dorogi Barangol\u00e1sok c\u00edm\u0171 cikksorozatunk k\u00f6vetkez\u0151 r\u00e9sz\u00e9ben a ma m\u00e1r nem l\u00e9tez\u0151 Sz\u00e9nolt\u00e1rt \u00e9s a hely\u00e9n tal\u00e1lhat\u00f3 Jubileumi b\u00e1ny\u00e1szeml\u00e9km\u0171vet mutatjuk be. 1938 m\u00e1jus\u00e1ban a 34. Eucharisztikus Vil\u00e1gkongresszus keret\u00e9ben k\u00e9sz\u00fclt Dorogon a Sz\u00e9nolt\u00e1r, a Szent Borb\u00e1la templom el\u0151tti t\u00e9ren. A k\u00f6zel 15 m\u00e9ter magas \u00e9p\u00edtm\u00e9ny G\u00e1thy Zolt\u00e1n \u00e9p\u00edt\u00e9sz terve alapj\u00e1n k\u00e9sz\u00fclt. A magyar c\u00edmerb\u0151l ismert h\u00e1rmas<\/p>\n","protected":false},"author":1,"featured_media":2163,"comment_status":"closed","ping_status":"closed","sticky":false,"template":"","format":"standard","meta":{"ngg_post_thumbnail":0,"footnotes":""},"categories":[2,341,3],"tags":[729,15,265,728,727],"class_list":{"0":"post-2162","1":"post","2":"type-post","3":"status-publish","4":"format-standard","5":"has-post-thumbnail","7":"category-dorog","8":"category-dorogi-barangolasok","9":"category-hirek","10":"tag-banyaszat","11":"tag-dorog","12":"tag-dorogi-barangolasok","13":"tag-jubileumi-banyaszemlekmu","14":"tag-szenoltar"},"yoast_head":"<!-- This site is optimized with the Yoast SEO plugin v27.5 - https:\/\/yoast.com\/product\/yoast-seo-wordpress\/ -->\n<title>Dorog Barangol\u00e1sok: Sz\u00e9nolt\u00e1r<\/title>\n<meta name=\"robots\" content=\"index, follow, max-snippet:-1, max-image-preview:large, max-video-preview:-1\" \/>\n<link rel=\"canonical\" href=\"https:\/\/dorogimedence.hu\/index.php\/2017\/04\/08\/dorog-barangolasok-szenoltar\/\" class=\"yoast-seo-meta-tag\" \/>\n<meta property=\"og:locale\" content=\"hu_HU\" class=\"yoast-seo-meta-tag\" \/>\n<meta property=\"og:type\" content=\"article\" class=\"yoast-seo-meta-tag\" \/>\n<meta property=\"og:title\" content=\"Dorog Barangol\u00e1sok: Sz\u00e9nolt\u00e1r\" class=\"yoast-seo-meta-tag\" \/>\n<meta property=\"og:description\" content=\"A Dorogi Barangol\u00e1sok c\u00edm\u0171 cikksorozatunk k\u00f6vetkez\u0151 r\u00e9sz\u00e9ben a ma m\u00e1r nem l\u00e9tez\u0151 Sz\u00e9nolt\u00e1rt \u00e9s a hely\u00e9n tal\u00e1lhat\u00f3 Jubileumi b\u00e1ny\u00e1szeml\u00e9km\u0171vet mutatjuk be. 1938 m\u00e1jus\u00e1ban a 34. Eucharisztikus Vil\u00e1gkongresszus keret\u00e9ben k\u00e9sz\u00fclt Dorogon a Sz\u00e9nolt\u00e1r, a Szent Borb\u00e1la templom el\u0151tti t\u00e9ren. A k\u00f6zel 15 m\u00e9ter magas \u00e9p\u00edtm\u00e9ny G\u00e1thy Zolt\u00e1n \u00e9p\u00edt\u00e9sz terve alapj\u00e1n k\u00e9sz\u00fclt. A magyar c\u00edmerb\u0151l ismert h\u00e1rmas\" class=\"yoast-seo-meta-tag\" \/>\n<meta property=\"og:url\" content=\"https:\/\/dorogimedence.hu\/index.php\/2017\/04\/08\/dorog-barangolasok-szenoltar\/\" class=\"yoast-seo-meta-tag\" \/>\n<meta property=\"og:site_name\" content=\"Dorogi-medence Region\u00e1lis H\u00edrport\u00e1l\" class=\"yoast-seo-meta-tag\" \/>\n<meta property=\"article:publisher\" content=\"https:\/\/www.facebook.com\/dorogimedence\/\" class=\"yoast-seo-meta-tag\" \/>\n<meta property=\"article:published_time\" content=\"2017-04-08T07:00:08+00:00\" class=\"yoast-seo-meta-tag\" \/>\n<meta property=\"og:image\" content=\"https:\/\/i0.wp.com\/dorogimedence.hu\/wp-content\/uploads\/2017\/04\/szenoltar-kezdokep.jpg?fit=670%2C365&ssl=1\" class=\"yoast-seo-meta-tag\" \/>\n\t<meta property=\"og:image:width\" content=\"670\" class=\"yoast-seo-meta-tag\" \/>\n\t<meta property=\"og:image:height\" content=\"365\" class=\"yoast-seo-meta-tag\" \/>\n\t<meta property=\"og:image:type\" content=\"image\/jpeg\" class=\"yoast-seo-meta-tag\" \/>\n<meta name=\"author\" content=\"dorogimedence.hu\" class=\"yoast-seo-meta-tag\" \/>\n<meta name=\"twitter:card\" content=\"summary_large_image\" class=\"yoast-seo-meta-tag\" \/>\n<meta name=\"twitter:label1\" content=\"Szerz\u0151:\" class=\"yoast-seo-meta-tag\" \/>\n\t<meta name=\"twitter:data1\" content=\"dorogimedence.hu\" class=\"yoast-seo-meta-tag\" \/>\n\t<meta name=\"twitter:label2\" content=\"Becs\u00fclt olvas\u00e1si id\u0151\" class=\"yoast-seo-meta-tag\" \/>\n\t<meta name=\"twitter:data2\" content=\"3 perc\" class=\"yoast-seo-meta-tag\" \/>\n<script type=\"application\/ld+json\" class=\"yoast-schema-graph\">{\"@context\":\"https:\\\/\\\/schema.org\",\"@graph\":[{\"@type\":\"Article\",\"@id\":\"https:\\\/\\\/dorogimedence.hu\\\/index.php\\\/2017\\\/04\\\/08\\\/dorog-barangolasok-szenoltar\\\/#article\",\"isPartOf\":{\"@id\":\"https:\\\/\\\/dorogimedence.hu\\\/index.php\\\/2017\\\/04\\\/08\\\/dorog-barangolasok-szenoltar\\\/\"},\"author\":{\"name\":\"dorogimedence.hu\",\"@id\":\"https:\\\/\\\/dorogimedence.hu\\\/#\\\/schema\\\/person\\\/ce6091eeb7e95ecdc87890d6aa8e0fd4\"},\"headline\":\"Dorog Barangol\u00e1sok: Sz\u00e9nolt\u00e1r\",\"datePublished\":\"2017-04-08T07:00:08+00:00\",\"mainEntityOfPage\":{\"@id\":\"https:\\\/\\\/dorogimedence.hu\\\/index.php\\\/2017\\\/04\\\/08\\\/dorog-barangolasok-szenoltar\\\/\"},\"wordCount\":582,\"publisher\":{\"@id\":\"https:\\\/\\\/dorogimedence.hu\\\/#organization\"},\"image\":{\"@id\":\"https:\\\/\\\/dorogimedence.hu\\\/index.php\\\/2017\\\/04\\\/08\\\/dorog-barangolasok-szenoltar\\\/#primaryimage\"},\"thumbnailUrl\":\"https:\\\/\\\/dorogimedence.hu\\\/wp-content\\\/uploads\\\/2017\\\/04\\\/szenoltar-kezdokep.jpg\",\"keywords\":[\"b\u00e1ny\u00e1szat\",\"Dorog\",\"dorogi barangol\u00e1sok\",\"Jubileumi b\u00e1ny\u00e1szeml\u00e9km\u0171\",\"Sz\u00e9nolt\u00e1r\"],\"articleSection\":[\"Dorog\",\"Dorogi Barangol\u00e1sok\",\"H\u00edrek\"],\"inLanguage\":\"hu\"},{\"@type\":\"WebPage\",\"@id\":\"https:\\\/\\\/dorogimedence.hu\\\/index.php\\\/2017\\\/04\\\/08\\\/dorog-barangolasok-szenoltar\\\/\",\"url\":\"https:\\\/\\\/dorogimedence.hu\\\/index.php\\\/2017\\\/04\\\/08\\\/dorog-barangolasok-szenoltar\\\/\",\"name\":\"Dorog Barangol\u00e1sok: Sz\u00e9nolt\u00e1r\",\"isPartOf\":{\"@id\":\"https:\\\/\\\/dorogimedence.hu\\\/#website\"},\"primaryImageOfPage\":{\"@id\":\"https:\\\/\\\/dorogimedence.hu\\\/index.php\\\/2017\\\/04\\\/08\\\/dorog-barangolasok-szenoltar\\\/#primaryimage\"},\"image\":{\"@id\":\"https:\\\/\\\/dorogimedence.hu\\\/index.php\\\/2017\\\/04\\\/08\\\/dorog-barangolasok-szenoltar\\\/#primaryimage\"},\"thumbnailUrl\":\"https:\\\/\\\/dorogimedence.hu\\\/wp-content\\\/uploads\\\/2017\\\/04\\\/szenoltar-kezdokep.jpg\",\"datePublished\":\"2017-04-08T07:00:08+00:00\",\"breadcrumb\":{\"@id\":\"https:\\\/\\\/dorogimedence.hu\\\/index.php\\\/2017\\\/04\\\/08\\\/dorog-barangolasok-szenoltar\\\/#breadcrumb\"},\"inLanguage\":\"hu\",\"potentialAction\":[{\"@type\":\"ReadAction\",\"target\":[\"https:\\\/\\\/dorogimedence.hu\\\/index.php\\\/2017\\\/04\\\/08\\\/dorog-barangolasok-szenoltar\\\/\"]}]},{\"@type\":\"ImageObject\",\"inLanguage\":\"hu\",\"@id\":\"https:\\\/\\\/dorogimedence.hu\\\/index.php\\\/2017\\\/04\\\/08\\\/dorog-barangolasok-szenoltar\\\/#primaryimage\",\"url\":\"https:\\\/\\\/dorogimedence.hu\\\/wp-content\\\/uploads\\\/2017\\\/04\\\/szenoltar-kezdokep.jpg\",\"contentUrl\":\"https:\\\/\\\/dorogimedence.hu\\\/wp-content\\\/uploads\\\/2017\\\/04\\\/szenoltar-kezdokep.jpg\",\"width\":670,\"height\":365},{\"@type\":\"BreadcrumbList\",\"@id\":\"https:\\\/\\\/dorogimedence.hu\\\/index.php\\\/2017\\\/04\\\/08\\\/dorog-barangolasok-szenoltar\\\/#breadcrumb\",\"itemListElement\":[{\"@type\":\"ListItem\",\"position\":1,\"name\":\"Kezd\u0151lap\",\"item\":\"https:\\\/\\\/dorogimedence.hu\\\/\"},{\"@type\":\"ListItem\",\"position\":2,\"name\":\"Dorog Barangol\u00e1sok: Sz\u00e9nolt\u00e1r\"}]},{\"@type\":\"WebSite\",\"@id\":\"https:\\\/\\\/dorogimedence.hu\\\/#website\",\"url\":\"https:\\\/\\\/dorogimedence.hu\\\/\",\"name\":\"Dorogi-medence Region\u00e1lis H\u00edrport\u00e1l\",\"description\":\"Dorog, Keszt\u00f6lc, Le\u00e1nyv\u00e1r, Piliscs\u00e9v, Tokod, Tokodalt\u00e1r\u00f3, Csolnok, Esztergom-kertv\u00e1ros: h\u00edrek, programok\",\"publisher\":{\"@id\":\"https:\\\/\\\/dorogimedence.hu\\\/#organization\"},\"potentialAction\":[{\"@type\":\"SearchAction\",\"target\":{\"@type\":\"EntryPoint\",\"urlTemplate\":\"https:\\\/\\\/dorogimedence.hu\\\/?s={search_term_string}\"},\"query-input\":{\"@type\":\"PropertyValueSpecification\",\"valueRequired\":true,\"valueName\":\"search_term_string\"}}],\"inLanguage\":\"hu\"},{\"@type\":\"Organization\",\"@id\":\"https:\\\/\\\/dorogimedence.hu\\\/#organization\",\"name\":\"Dorogi-medence Region\u00e1lis H\u00edrport\u00e1l\",\"url\":\"https:\\\/\\\/dorogimedence.hu\\\/\",\"logo\":{\"@type\":\"ImageObject\",\"inLanguage\":\"hu\",\"@id\":\"https:\\\/\\\/dorogimedence.hu\\\/#\\\/schema\\\/logo\\\/image\\\/\",\"url\":\"https:\\\/\\\/dorogimedence.hu\\\/wp-content\\\/uploads\\\/2021\\\/04\\\/logo-feher-600.png\",\"contentUrl\":\"https:\\\/\\\/dorogimedence.hu\\\/wp-content\\\/uploads\\\/2021\\\/04\\\/logo-feher-600.png\",\"width\":600,\"height\":100,\"caption\":\"Dorogi-medence Region\u00e1lis H\u00edrport\u00e1l\"},\"image\":{\"@id\":\"https:\\\/\\\/dorogimedence.hu\\\/#\\\/schema\\\/logo\\\/image\\\/\"},\"sameAs\":[\"https:\\\/\\\/www.facebook.com\\\/dorogimedence\\\/\"]},{\"@type\":\"Person\",\"@id\":\"https:\\\/\\\/dorogimedence.hu\\\/#\\\/schema\\\/person\\\/ce6091eeb7e95ecdc87890d6aa8e0fd4\",\"name\":\"dorogimedence.hu\",\"image\":{\"@type\":\"ImageObject\",\"inLanguage\":\"hu\",\"@id\":\"\\\/\\\/www.gravatar.com\\\/avatar\\\/d8d45f8901aadff40a4af72c0b826f1d?s=96&#038;r=g&#038;d=mm\",\"url\":\"\\\/\\\/www.gravatar.com\\\/avatar\\\/d8d45f8901aadff40a4af72c0b826f1d?s=96&#038;r=g&#038;d=mm\",\"contentUrl\":\"\\\/\\\/www.gravatar.com\\\/avatar\\\/d8d45f8901aadff40a4af72c0b826f1d?s=96&#038;r=g&#038;d=mm\",\"caption\":\"dorogimedence.hu\"}}]}<\/script>\n<!-- \/ Yoast SEO plugin. -->","yoast_head_json":{"title":"Dorog Barangol\u00e1sok: Sz\u00e9nolt\u00e1r","robots":{"index":"index","follow":"follow","max-snippet":"max-snippet:-1","max-image-preview":"max-image-preview:large","max-video-preview":"max-video-preview:-1"},"canonical":"https:\/\/dorogimedence.hu\/index.php\/2017\/04\/08\/dorog-barangolasok-szenoltar\/","og_locale":"hu_HU","og_type":"article","og_title":"Dorog Barangol\u00e1sok: Sz\u00e9nolt\u00e1r","og_description":"A Dorogi Barangol\u00e1sok c\u00edm\u0171 cikksorozatunk k\u00f6vetkez\u0151 r\u00e9sz\u00e9ben a ma m\u00e1r nem l\u00e9tez\u0151 Sz\u00e9nolt\u00e1rt \u00e9s a hely\u00e9n tal\u00e1lhat\u00f3 Jubileumi b\u00e1ny\u00e1szeml\u00e9km\u0171vet mutatjuk be. 1938 m\u00e1jus\u00e1ban a 34. Eucharisztikus Vil\u00e1gkongresszus keret\u00e9ben k\u00e9sz\u00fclt Dorogon a Sz\u00e9nolt\u00e1r, a Szent Borb\u00e1la templom el\u0151tti t\u00e9ren. A k\u00f6zel 15 m\u00e9ter magas \u00e9p\u00edtm\u00e9ny G\u00e1thy Zolt\u00e1n \u00e9p\u00edt\u00e9sz terve alapj\u00e1n k\u00e9sz\u00fclt. A magyar c\u00edmerb\u0151l ismert h\u00e1rmas","og_url":"https:\/\/dorogimedence.hu\/index.php\/2017\/04\/08\/dorog-barangolasok-szenoltar\/","og_site_name":"Dorogi-medence Region\u00e1lis H\u00edrport\u00e1l","article_publisher":"https:\/\/www.facebook.com\/dorogimedence\/","article_published_time":"2017-04-08T07:00:08+00:00","og_image":[{"width":670,"height":365,"url":"https:\/\/i0.wp.com\/dorogimedence.hu\/wp-content\/uploads\/2017\/04\/szenoltar-kezdokep.jpg?fit=670%2C365&ssl=1","type":"image\/jpeg"}],"author":"dorogimedence.hu","twitter_card":"summary_large_image","twitter_misc":{"Szerz\u0151:":"dorogimedence.hu","Becs\u00fclt olvas\u00e1si id\u0151":"3 perc"},"schema":{"@context":"https:\/\/schema.org","@graph":[{"@type":"Article","@id":"https:\/\/dorogimedence.hu\/index.php\/2017\/04\/08\/dorog-barangolasok-szenoltar\/#article","isPartOf":{"@id":"https:\/\/dorogimedence.hu\/index.php\/2017\/04\/08\/dorog-barangolasok-szenoltar\/"},"author":{"name":"dorogimedence.hu","@id":"https:\/\/dorogimedence.hu\/#\/schema\/person\/ce6091eeb7e95ecdc87890d6aa8e0fd4"},"headline":"Dorog Barangol\u00e1sok: Sz\u00e9nolt\u00e1r","datePublished":"2017-04-08T07:00:08+00:00","mainEntityOfPage":{"@id":"https:\/\/dorogimedence.hu\/index.php\/2017\/04\/08\/dorog-barangolasok-szenoltar\/"},"wordCount":582,"publisher":{"@id":"https:\/\/dorogimedence.hu\/#organization"},"image":{"@id":"https:\/\/dorogimedence.hu\/index.php\/2017\/04\/08\/dorog-barangolasok-szenoltar\/#primaryimage"},"thumbnailUrl":"https:\/\/dorogimedence.hu\/wp-content\/uploads\/2017\/04\/szenoltar-kezdokep.jpg","keywords":["b\u00e1ny\u00e1szat","Dorog","dorogi barangol\u00e1sok","Jubileumi b\u00e1ny\u00e1szeml\u00e9km\u0171","Sz\u00e9nolt\u00e1r"],"articleSection":["Dorog","Dorogi Barangol\u00e1sok","H\u00edrek"],"inLanguage":"hu"},{"@type":"WebPage","@id":"https:\/\/dorogimedence.hu\/index.php\/2017\/04\/08\/dorog-barangolasok-szenoltar\/","url":"https:\/\/dorogimedence.hu\/index.php\/2017\/04\/08\/dorog-barangolasok-szenoltar\/","name":"Dorog Barangol\u00e1sok: Sz\u00e9nolt\u00e1r","isPartOf":{"@id":"https:\/\/dorogimedence.hu\/#website"},"primaryImageOfPage":{"@id":"https:\/\/dorogimedence.hu\/index.php\/2017\/04\/08\/dorog-barangolasok-szenoltar\/#primaryimage"},"image":{"@id":"https:\/\/dorogimedence.hu\/index.php\/2017\/04\/08\/dorog-barangolasok-szenoltar\/#primaryimage"},"thumbnailUrl":"https:\/\/dorogimedence.hu\/wp-content\/uploads\/2017\/04\/szenoltar-kezdokep.jpg","datePublished":"2017-04-08T07:00:08+00:00","breadcrumb":{"@id":"https:\/\/dorogimedence.hu\/index.php\/2017\/04\/08\/dorog-barangolasok-szenoltar\/#breadcrumb"},"inLanguage":"hu","potentialAction":[{"@type":"ReadAction","target":["https:\/\/dorogimedence.hu\/index.php\/2017\/04\/08\/dorog-barangolasok-szenoltar\/"]}]},{"@type":"ImageObject","inLanguage":"hu","@id":"https:\/\/dorogimedence.hu\/index.php\/2017\/04\/08\/dorog-barangolasok-szenoltar\/#primaryimage","url":"https:\/\/dorogimedence.hu\/wp-content\/uploads\/2017\/04\/szenoltar-kezdokep.jpg","contentUrl":"https:\/\/dorogimedence.hu\/wp-content\/uploads\/2017\/04\/szenoltar-kezdokep.jpg","width":670,"height":365},{"@type":"BreadcrumbList","@id":"https:\/\/dorogimedence.hu\/index.php\/2017\/04\/08\/dorog-barangolasok-szenoltar\/#breadcrumb","itemListElement":[{"@type":"ListItem","position":1,"name":"Kezd\u0151lap","item":"https:\/\/dorogimedence.hu\/"},{"@type":"ListItem","position":2,"name":"Dorog Barangol\u00e1sok: Sz\u00e9nolt\u00e1r"}]},{"@type":"WebSite","@id":"https:\/\/dorogimedence.hu\/#website","url":"https:\/\/dorogimedence.hu\/","name":"Dorogi-medence Region\u00e1lis H\u00edrport\u00e1l","description":"Dorog, Keszt\u00f6lc, Le\u00e1nyv\u00e1r, Piliscs\u00e9v, Tokod, Tokodalt\u00e1r\u00f3, Csolnok, Esztergom-kertv\u00e1ros: h\u00edrek, programok","publisher":{"@id":"https:\/\/dorogimedence.hu\/#organization"},"potentialAction":[{"@type":"SearchAction","target":{"@type":"EntryPoint","urlTemplate":"https:\/\/dorogimedence.hu\/?s={search_term_string}"},"query-input":{"@type":"PropertyValueSpecification","valueRequired":true,"valueName":"search_term_string"}}],"inLanguage":"hu"},{"@type":"Organization","@id":"https:\/\/dorogimedence.hu\/#organization","name":"Dorogi-medence Region\u00e1lis H\u00edrport\u00e1l","url":"https:\/\/dorogimedence.hu\/","logo":{"@type":"ImageObject","inLanguage":"hu","@id":"https:\/\/dorogimedence.hu\/#\/schema\/logo\/image\/","url":"https:\/\/dorogimedence.hu\/wp-content\/uploads\/2021\/04\/logo-feher-600.png","contentUrl":"https:\/\/dorogimedence.hu\/wp-content\/uploads\/2021\/04\/logo-feher-600.png","width":600,"height":100,"caption":"Dorogi-medence Region\u00e1lis H\u00edrport\u00e1l"},"image":{"@id":"https:\/\/dorogimedence.hu\/#\/schema\/logo\/image\/"},"sameAs":["https:\/\/www.facebook.com\/dorogimedence\/"]},{"@type":"Person","@id":"https:\/\/dorogimedence.hu\/#\/schema\/person\/ce6091eeb7e95ecdc87890d6aa8e0fd4","name":"dorogimedence.hu","image":{"@type":"ImageObject","inLanguage":"hu","@id":"\/\/www.gravatar.com\/avatar\/d8d45f8901aadff40a4af72c0b826f1d?s=96&#038;r=g&#038;d=mm","url":"\/\/www.gravatar.com\/avatar\/d8d45f8901aadff40a4af72c0b826f1d?s=96&#038;r=g&#038;d=mm","contentUrl":"\/\/www.gravatar.com\/avatar\/d8d45f8901aadff40a4af72c0b826f1d?s=96&#038;r=g&#038;d=mm","caption":"dorogimedence.hu"}}]}},"_links":{"self":[{"href":"https:\/\/dorogimedence.hu\/index.php\/wp-json\/wp\/v2\/posts\/2162","targetHints":{"allow":["GET"]}}],"collection":[{"href":"https:\/\/dorogimedence.hu\/index.php\/wp-json\/wp\/v2\/posts"}],"about":[{"href":"https:\/\/dorogimedence.hu\/index.php\/wp-json\/wp\/v2\/types\/post"}],"author":[{"embeddable":true,"href":"https:\/\/dorogimedence.hu\/index.php\/wp-json\/wp\/v2\/users\/1"}],"replies":[{"embeddable":true,"href":"https:\/\/dorogimedence.hu\/index.php\/wp-json\/wp\/v2\/comments?post=2162"}],"version-history":[{"count":0,"href":"https:\/\/dorogimedence.hu\/index.php\/wp-json\/wp\/v2\/posts\/2162\/revisions"}],"wp:featuredmedia":[{"embeddable":true,"href":"https:\/\/dorogimedence.hu\/index.php\/wp-json\/wp\/v2\/media\/2163"}],"wp:attachment":[{"href":"https:\/\/dorogimedence.hu\/index.php\/wp-json\/wp\/v2\/media?parent=2162"}],"wp:term":[{"taxonomy":"category","embeddable":true,"href":"https:\/\/dorogimedence.hu\/index.php\/wp-json\/wp\/v2\/categories?post=2162"},{"taxonomy":"post_tag","embeddable":true,"href":"https:\/\/dorogimedence.hu\/index.php\/wp-json\/wp\/v2\/tags?post=2162"}],"curies":[{"name":"wp","href":"https:\/\/api.w.org\/{rel}","templated":true}]}}