{"id":21608,"date":"2019-12-13T11:18:30","date_gmt":"2019-12-13T10:18:30","guid":{"rendered":"http:\/\/dorogimedence.hu\/?p=21608"},"modified":"2019-12-13T11:19:38","modified_gmt":"2019-12-13T10:19:38","slug":"orszagos-szinten-csokken-megyei-szinten-stagnal-a-vasuti-balesetek-szama","status":"publish","type":"post","link":"https:\/\/dorogimedence.hu\/index.php\/2019\/12\/13\/orszagos-szinten-csokken-megyei-szinten-stagnal-a-vasuti-balesetek-szama\/","title":{"rendered":"Orsz\u00e1gos szinten cs\u00f6kken, megyei szinten stagn\u00e1l a vas\u00fati balesetek sz\u00e1ma"},"content":{"rendered":"<p><strong>Az el\u0151z\u0151 \u00e9vhez k\u00e9pest id\u00e9n \u00f6sszess\u00e9g\u00e9ben kevesebb baleset t\u00f6rt\u00e9nt orsz\u00e1gos szinten a vas\u00fati \u00e1tj\u00e1r\u00f3kban, azonban t\u00f6bb v\u00e9gz\u0151d\u00f6tt trag\u00e9di\u00e1val. Kom\u00e1rom-Esztergom megy\u00e9ben viszont ugyanannyi volt a balesetek sz\u00e1ma 2019-ben, mint 2018-ban.<\/strong><\/p>\n<p>Orsz\u00e1gos szinten december elej\u00e9ig vas\u00fati \u00e1tj\u00e1r\u00f3ban 2018 hasonl\u00f3 id\u0151szak\u00e1hoz k\u00e9pest 16 sz\u00e1zal\u00e9kkal kevesebb, 69 baleset t\u00f6rt\u00e9nt, a k\u00f6vetkezm\u00e9nyeik azonban gy\u00e1szosabban alakultak: 21 hal\u00e1los kimenetel\u0171 volt, 12 s\u00falyos, 6 k\u00f6nny\u0171 szem\u00e9lyi s\u00e9r\u00fcl\u00e9ssel, 30 eset pedig anyagi k\u00e1rral v\u00e9gz\u0151d\u00f6tt, m\u00edg tavaly 82 esetb\u0151l 18 volt hal\u00e1los, 12 s\u00falyos, 13 k\u00f6nny\u0171 s\u00e9r\u00fcl\u00e9ssel, 39 pedig anyagi k\u00e1rral j\u00e1rt. Id\u00e9n eddig 8&nbsp;gyalogos l\u00e9pett figyelmetlen\u00fcl vonat el\u00e9, 5&nbsp;ker\u00e9kp\u00e1ros, 2&nbsp;motorker\u00e9kp\u00e1ros, 45 szem\u00e9lyg\u00e9pkocsi, 4 teherg\u00e9pkocsi \u00e9s 3&nbsp;munkag\u00e9p nem \u00e1llt meg id\u0151ben \u00e9s \u00fctk\u00f6z\u00f6tt ez\u00e9rt vas\u00fati j\u00e1rm\u0171vel.<\/p>\n<p>A M\u00c1V sajt\u00f3k\u00f6zlem\u00e9ny\u00e9re reag\u00e1lva megk\u00e9rdezt\u00fck, hogy ez a sz\u00e1m \u00e9rv\u00e9nyes-e <strong>Kom\u00e1rom-Esztergom megy\u00e9re<\/strong> is. Kider\u00fclt, hogy itt nem cs\u00f6kkent a balesetek sz\u00e1ma, hanem stagn\u00e1lt, <strong>a hal\u00e1los balesetek sz\u00e1ma pedig n\u0151tt<\/strong>. <strong>2018-ban<\/strong> <strong>n\u00e9gy baleset<\/strong> t\u00f6rt\u00e9nt \u00fat\u00e1tj\u00e1r\u00f3kban az \u00fat\u00e1tj\u00e1r\u00f3t haszn\u00e1l\u00f3k hib\u00e1j\u00e1b\u00f3l: egy teherg\u00e9pkocsi, egy mez\u0151gazdas\u00e1gi vontat\u00f3 \u00e9s k\u00e9t szem\u00e9lyg\u00e9pkocsival \u00fctk\u00f6z\u00f6tt vonat. Ezek k\u00f6z\u00fcl egy esetben a vonat oldal\u00e1nak \u00fctk\u00f6z\u00f6tt egy szem\u00e9lyg\u00e9pkocsi, <strong>egy pedig hal\u00e1los s\u00e9r\u00fcl\u00e9ssel<\/strong> v\u00e9gz\u0151d\u00f6tt. <strong>2019-ben<\/strong> <strong>szint\u00e9n n\u00e9gy baleset<\/strong> t\u00f6rt\u00e9nt az \u00fat\u00e1tj\u00e1r\u00f3kban, amik k\u00f6z\u00fcl egy s\u00falyos, <strong>kett\u0151 pedig hal\u00e1los szem\u00e9lyi s\u00e9r\u00fcl\u00e9ssel j\u00e1rt<\/strong>. Az esetek k\u00f6z\u00fcl egy munkag\u00e9p, k\u00e9t ker\u00e9kp\u00e1ros \u00e9s egy g\u00e1zol\u00e1s t\u00f6rt\u00e9nt. Valamennyi baleset f\u00e9ny-, vagy f\u00e9ny- \u00e9s f\u00e9lsoromp\u00f3val biztos\u00edtott \u00fat\u00e1tj\u00e1r\u00f3ban t\u00f6rt\u00e9nt.<\/p>\n<p>Az \u00fat\u00e1tj\u00e1r\u00f3s balesetek h\u00e1tter\u00e9ben minden esetben a k\u00f6zleked\u0151k figyelmetlens\u00e9ge, a KRESZ el\u0151\u00edr\u00e1sainak megszeg\u00e9se \u00e1ll.&nbsp; A baleseteket szinte kiv\u00e9tel n\u00e9lk\u00fcl az okozta, hogy az aut\u00f3sok, gyalogosok vagy ker\u00e9kp\u00e1rosok t\u00falbecs\u00fclt\u00e9k saj\u00e1t k\u00e9pess\u00e9geiket, megpr\u00f3b\u00e1ltak m\u00e9g a vonat el\u0151tt \u00e1t\u00e9rni, esetleg egy pillanatra kihagyott a figyelm\u00fck. Az okok k\u00f6z\u00f6tt szerepel m\u00e9g a gyorshajt\u00e1s, az agressz\u00edv vezet\u00e9si st\u00edlus, a vas\u00fati f\u00e9nyjelz\u0151 tilos jelz\u00e9s\u00e9nek figyelmen k\u00edv\u00fcl hagy\u00e1sa, a vezet\u00e9s k\u00f6zbeni telefon\u00e1l\u00e1s is. Gyakran tapasztalhat\u00f3, hogy a g\u00e9pkocsivezet\u0151k nem n\u00e9znek k\u00f6r\u00fcl a s\u00ednekre hajt\u00e1s el\u0151tt, nem t\u00f6r\u0151dnek azzal, hogy a szab\u00e1lyok az \u00e1tj\u00e1r\u00f3 \u201efokozott \u00f3vatoss\u00e1ggal\u201d t\u00f6rt\u00e9n\u0151 megk\u00f6zel\u00edt\u00e9s\u00e9re intik a k\u00f6zleked\u0151ket.<\/p>\n<p>A M\u00c1V az \u00fat\u00e1tj\u00e1r\u00f3k fejleszt\u00e9se mellett a rend\u0151rs\u00e9ggel k\u00f6z\u00f6sen minden \u00e9vben fokozott er\u0151fesz\u00edt\u00e9seket tesz, rendszeres akci\u00f3kkal h\u00edvja fel a figyelmet a k\u00f6r\u00fcltekint\u0151 vezet\u00e9sre \u00e9s a szab\u00e1lyok betart\u00e1s\u00e1ra. A vas\u00fatt\u00e1rsas\u00e1g ez\u00faton is arra k\u00e9ri a k\u00f6zleked\u0151ket, hogy vigy\u00e1zzanak jobban magukra, utasaikra.<\/p>\n<p><a href=\"https:\/\/dorogimedence.hu\/index.php\/2019\/09\/24\/dorogi-ferfi-szenvedett-halalos-balesetet-nyergesujfalunal\/\" target=\"_blank\" rel=\"noopener noreferrer\"><span style=\"text-decoration: underline; color: #0000ff;\"><strong>Hal\u00e1los vonatg\u00e1zol\u00e1s &#8211; 2019. szeptember&gt;&gt;<\/strong><\/span><\/a><\/p>\n<p><a href=\"https:\/\/dorogimedence.hu\/index.php\/2018\/04\/25\/halalos-vonatgazolas-esztergom-kertvarosban\/\" target=\"_blank\" rel=\"noopener noreferrer\"><span style=\"text-decoration: underline; color: #0000ff;\"><strong>Hal\u00e1los vonatg\u00e1zol\u00e1s &#8211; 2018. \u00e1prilis&gt;&gt;<\/strong><\/span><\/a><\/p>\n<p><em>Bor\u00edt\u00f3k\u00e9p: hal\u00e1los vonatg\u00e1zol\u00e1s 2019. szeptember\u00e9ben Nyerges\u00fajfalun\u00e1l<\/em><\/p>\n<p><em>Forr\u00e1s: M\u00c1V Zrt. Kommunik\u00e1ci\u00f3s Igazgat\u00f3s\u00e1g<\/em><\/p>\n","protected":false},"excerpt":{"rendered":"<p>Az el\u0151z\u0151 \u00e9vhez k\u00e9pest id\u00e9n \u00f6sszess\u00e9g\u00e9ben kevesebb baleset t\u00f6rt\u00e9nt orsz\u00e1gos szinten a vas\u00fati \u00e1tj\u00e1r\u00f3kban, azonban t\u00f6bb v\u00e9gz\u0151d\u00f6tt trag\u00e9di\u00e1val. Kom\u00e1rom-Esztergom megy\u00e9ben viszont ugyanannyi volt a balesetek sz\u00e1ma 2019-ben, mint 2018-ban. Orsz\u00e1gos szinten december elej\u00e9ig vas\u00fati \u00e1tj\u00e1r\u00f3ban 2018 hasonl\u00f3 id\u0151szak\u00e1hoz k\u00e9pest 16 sz\u00e1zal\u00e9kkal kevesebb, 69 baleset t\u00f6rt\u00e9nt, a k\u00f6vetkezm\u00e9nyeik azonban gy\u00e1szosabban alakultak: 21 hal\u00e1los kimenetel\u0171 volt, 12<\/p>\n","protected":false},"author":1,"featured_media":19710,"comment_status":"closed","ping_status":"closed","sticky":false,"template":"","format":"standard","meta":{"ngg_post_thumbnail":0,"footnotes":""},"categories":[3,56],"tags":[44,946,3799,292,381,291],"class_list":{"0":"post-21608","1":"post","2":"type-post","3":"status-publish","4":"format-standard","5":"has-post-thumbnail","7":"category-hirek","8":"category-komarom-esztergom","9":"tag-baleset","10":"tag-halalos-baleset","11":"tag-komarom-esztergom-megye","12":"tag-mav","13":"tag-vasut","14":"tag-vonat"},"yoast_head":"<!-- This site is optimized with the Yoast SEO plugin v27.4 - https:\/\/yoast.com\/product\/yoast-seo-wordpress\/ -->\n<title>Orsz\u00e1gos szinten cs\u00f6kken, megyei szinten stagn\u00e1l a vas\u00fati balesetek sz\u00e1ma<\/title>\n<meta name=\"robots\" content=\"index, follow, max-snippet:-1, max-image-preview:large, max-video-preview:-1\" \/>\n<link rel=\"canonical\" href=\"https:\/\/dorogimedence.hu\/index.php\/2019\/12\/13\/orszagos-szinten-csokken-megyei-szinten-stagnal-a-vasuti-balesetek-szama\/\" class=\"yoast-seo-meta-tag\" \/>\n<meta property=\"og:locale\" content=\"hu_HU\" class=\"yoast-seo-meta-tag\" \/>\n<meta property=\"og:type\" content=\"article\" class=\"yoast-seo-meta-tag\" \/>\n<meta property=\"og:title\" content=\"Orsz\u00e1gos szinten cs\u00f6kken, megyei szinten stagn\u00e1l a vas\u00fati balesetek sz\u00e1ma\" class=\"yoast-seo-meta-tag\" \/>\n<meta property=\"og:description\" content=\"Az el\u0151z\u0151 \u00e9vhez k\u00e9pest id\u00e9n \u00f6sszess\u00e9g\u00e9ben kevesebb baleset t\u00f6rt\u00e9nt orsz\u00e1gos szinten a vas\u00fati \u00e1tj\u00e1r\u00f3kban, azonban t\u00f6bb v\u00e9gz\u0151d\u00f6tt trag\u00e9di\u00e1val. Kom\u00e1rom-Esztergom megy\u00e9ben viszont ugyanannyi volt a balesetek sz\u00e1ma 2019-ben, mint 2018-ban. Orsz\u00e1gos szinten december elej\u00e9ig vas\u00fati \u00e1tj\u00e1r\u00f3ban 2018 hasonl\u00f3 id\u0151szak\u00e1hoz k\u00e9pest 16 sz\u00e1zal\u00e9kkal kevesebb, 69 baleset t\u00f6rt\u00e9nt, a k\u00f6vetkezm\u00e9nyeik azonban gy\u00e1szosabban alakultak: 21 hal\u00e1los kimenetel\u0171 volt, 12\" class=\"yoast-seo-meta-tag\" \/>\n<meta property=\"og:url\" content=\"https:\/\/dorogimedence.hu\/index.php\/2019\/12\/13\/orszagos-szinten-csokken-megyei-szinten-stagnal-a-vasuti-balesetek-szama\/\" class=\"yoast-seo-meta-tag\" \/>\n<meta property=\"og:site_name\" content=\"Dorogi-medence Region\u00e1lis H\u00edrport\u00e1l\" class=\"yoast-seo-meta-tag\" \/>\n<meta property=\"article:publisher\" content=\"https:\/\/www.facebook.com\/dorogimedence\/\" class=\"yoast-seo-meta-tag\" \/>\n<meta property=\"article:published_time\" content=\"2019-12-13T10:18:30+00:00\" class=\"yoast-seo-meta-tag\" \/>\n<meta property=\"article:modified_time\" content=\"2019-12-13T10:19:38+00:00\" class=\"yoast-seo-meta-tag\" \/>\n<meta property=\"og:image\" content=\"https:\/\/i0.wp.com\/dorogimedence.hu\/wp-content\/uploads\/2019\/09\/halalos-baleset.jpg?fit=670%2C365&ssl=1\" class=\"yoast-seo-meta-tag\" \/>\n\t<meta property=\"og:image:width\" content=\"670\" class=\"yoast-seo-meta-tag\" \/>\n\t<meta property=\"og:image:height\" content=\"365\" class=\"yoast-seo-meta-tag\" \/>\n\t<meta property=\"og:image:type\" content=\"image\/jpeg\" class=\"yoast-seo-meta-tag\" \/>\n<meta name=\"author\" content=\"dorogimedence.hu\" class=\"yoast-seo-meta-tag\" \/>\n<meta name=\"twitter:card\" content=\"summary_large_image\" class=\"yoast-seo-meta-tag\" \/>\n<meta name=\"twitter:label1\" content=\"Szerz\u0151:\" class=\"yoast-seo-meta-tag\" \/>\n\t<meta name=\"twitter:data1\" content=\"dorogimedence.hu\" class=\"yoast-seo-meta-tag\" \/>\n\t<meta name=\"twitter:label2\" content=\"Becs\u00fclt olvas\u00e1si id\u0151\" class=\"yoast-seo-meta-tag\" \/>\n\t<meta name=\"twitter:data2\" content=\"3 perc\" class=\"yoast-seo-meta-tag\" \/>\n<script type=\"application\/ld+json\" class=\"yoast-schema-graph\">{\"@context\":\"https:\\\/\\\/schema.org\",\"@graph\":[{\"@type\":\"Article\",\"@id\":\"https:\\\/\\\/dorogimedence.hu\\\/index.php\\\/2019\\\/12\\\/13\\\/orszagos-szinten-csokken-megyei-szinten-stagnal-a-vasuti-balesetek-szama\\\/#article\",\"isPartOf\":{\"@id\":\"https:\\\/\\\/dorogimedence.hu\\\/index.php\\\/2019\\\/12\\\/13\\\/orszagos-szinten-csokken-megyei-szinten-stagnal-a-vasuti-balesetek-szama\\\/\"},\"author\":{\"name\":\"dorogimedence.hu\",\"@id\":\"https:\\\/\\\/dorogimedence.hu\\\/#\\\/schema\\\/person\\\/ce6091eeb7e95ecdc87890d6aa8e0fd4\"},\"headline\":\"Orsz\u00e1gos szinten cs\u00f6kken, megyei szinten stagn\u00e1l a vas\u00fati balesetek sz\u00e1ma\",\"datePublished\":\"2019-12-13T10:18:30+00:00\",\"dateModified\":\"2019-12-13T10:19:38+00:00\",\"mainEntityOfPage\":{\"@id\":\"https:\\\/\\\/dorogimedence.hu\\\/index.php\\\/2019\\\/12\\\/13\\\/orszagos-szinten-csokken-megyei-szinten-stagnal-a-vasuti-balesetek-szama\\\/\"},\"wordCount\":651,\"publisher\":{\"@id\":\"https:\\\/\\\/dorogimedence.hu\\\/#organization\"},\"image\":{\"@id\":\"https:\\\/\\\/dorogimedence.hu\\\/index.php\\\/2019\\\/12\\\/13\\\/orszagos-szinten-csokken-megyei-szinten-stagnal-a-vasuti-balesetek-szama\\\/#primaryimage\"},\"thumbnailUrl\":\"https:\\\/\\\/dorogimedence.hu\\\/wp-content\\\/uploads\\\/2019\\\/09\\\/halalos-baleset.jpg\",\"keywords\":[\"baleset\",\"hal\u00e1los baleset\",\"Kom\u00e1rom-Esztergom megye\",\"m\u00e1v\",\"vas\u00fat\",\"vonat\"],\"articleSection\":[\"H\u00edrek\",\"Kom\u00e1rom-Esztergom\"],\"inLanguage\":\"hu\"},{\"@type\":\"WebPage\",\"@id\":\"https:\\\/\\\/dorogimedence.hu\\\/index.php\\\/2019\\\/12\\\/13\\\/orszagos-szinten-csokken-megyei-szinten-stagnal-a-vasuti-balesetek-szama\\\/\",\"url\":\"https:\\\/\\\/dorogimedence.hu\\\/index.php\\\/2019\\\/12\\\/13\\\/orszagos-szinten-csokken-megyei-szinten-stagnal-a-vasuti-balesetek-szama\\\/\",\"name\":\"Orsz\u00e1gos szinten cs\u00f6kken, megyei szinten stagn\u00e1l a vas\u00fati balesetek sz\u00e1ma\",\"isPartOf\":{\"@id\":\"https:\\\/\\\/dorogimedence.hu\\\/#website\"},\"primaryImageOfPage\":{\"@id\":\"https:\\\/\\\/dorogimedence.hu\\\/index.php\\\/2019\\\/12\\\/13\\\/orszagos-szinten-csokken-megyei-szinten-stagnal-a-vasuti-balesetek-szama\\\/#primaryimage\"},\"image\":{\"@id\":\"https:\\\/\\\/dorogimedence.hu\\\/index.php\\\/2019\\\/12\\\/13\\\/orszagos-szinten-csokken-megyei-szinten-stagnal-a-vasuti-balesetek-szama\\\/#primaryimage\"},\"thumbnailUrl\":\"https:\\\/\\\/dorogimedence.hu\\\/wp-content\\\/uploads\\\/2019\\\/09\\\/halalos-baleset.jpg\",\"datePublished\":\"2019-12-13T10:18:30+00:00\",\"dateModified\":\"2019-12-13T10:19:38+00:00\",\"breadcrumb\":{\"@id\":\"https:\\\/\\\/dorogimedence.hu\\\/index.php\\\/2019\\\/12\\\/13\\\/orszagos-szinten-csokken-megyei-szinten-stagnal-a-vasuti-balesetek-szama\\\/#breadcrumb\"},\"inLanguage\":\"hu\",\"potentialAction\":[{\"@type\":\"ReadAction\",\"target\":[\"https:\\\/\\\/dorogimedence.hu\\\/index.php\\\/2019\\\/12\\\/13\\\/orszagos-szinten-csokken-megyei-szinten-stagnal-a-vasuti-balesetek-szama\\\/\"]}]},{\"@type\":\"ImageObject\",\"inLanguage\":\"hu\",\"@id\":\"https:\\\/\\\/dorogimedence.hu\\\/index.php\\\/2019\\\/12\\\/13\\\/orszagos-szinten-csokken-megyei-szinten-stagnal-a-vasuti-balesetek-szama\\\/#primaryimage\",\"url\":\"https:\\\/\\\/dorogimedence.hu\\\/wp-content\\\/uploads\\\/2019\\\/09\\\/halalos-baleset.jpg\",\"contentUrl\":\"https:\\\/\\\/dorogimedence.hu\\\/wp-content\\\/uploads\\\/2019\\\/09\\\/halalos-baleset.jpg\",\"width\":670,\"height\":365},{\"@type\":\"BreadcrumbList\",\"@id\":\"https:\\\/\\\/dorogimedence.hu\\\/index.php\\\/2019\\\/12\\\/13\\\/orszagos-szinten-csokken-megyei-szinten-stagnal-a-vasuti-balesetek-szama\\\/#breadcrumb\",\"itemListElement\":[{\"@type\":\"ListItem\",\"position\":1,\"name\":\"Kezd\u0151lap\",\"item\":\"https:\\\/\\\/dorogimedence.hu\\\/\"},{\"@type\":\"ListItem\",\"position\":2,\"name\":\"Orsz\u00e1gos szinten cs\u00f6kken, megyei szinten stagn\u00e1l a vas\u00fati balesetek sz\u00e1ma\"}]},{\"@type\":\"WebSite\",\"@id\":\"https:\\\/\\\/dorogimedence.hu\\\/#website\",\"url\":\"https:\\\/\\\/dorogimedence.hu\\\/\",\"name\":\"Dorogi-medence Region\u00e1lis H\u00edrport\u00e1l\",\"description\":\"Dorog, Keszt\u00f6lc, Le\u00e1nyv\u00e1r, Piliscs\u00e9v, Tokod, Tokodalt\u00e1r\u00f3, Csolnok, Esztergom-kertv\u00e1ros: h\u00edrek, programok\",\"publisher\":{\"@id\":\"https:\\\/\\\/dorogimedence.hu\\\/#organization\"},\"potentialAction\":[{\"@type\":\"SearchAction\",\"target\":{\"@type\":\"EntryPoint\",\"urlTemplate\":\"https:\\\/\\\/dorogimedence.hu\\\/?s={search_term_string}\"},\"query-input\":{\"@type\":\"PropertyValueSpecification\",\"valueRequired\":true,\"valueName\":\"search_term_string\"}}],\"inLanguage\":\"hu\"},{\"@type\":\"Organization\",\"@id\":\"https:\\\/\\\/dorogimedence.hu\\\/#organization\",\"name\":\"Dorogi-medence Region\u00e1lis H\u00edrport\u00e1l\",\"url\":\"https:\\\/\\\/dorogimedence.hu\\\/\",\"logo\":{\"@type\":\"ImageObject\",\"inLanguage\":\"hu\",\"@id\":\"https:\\\/\\\/dorogimedence.hu\\\/#\\\/schema\\\/logo\\\/image\\\/\",\"url\":\"https:\\\/\\\/dorogimedence.hu\\\/wp-content\\\/uploads\\\/2021\\\/04\\\/logo-feher-600.png\",\"contentUrl\":\"https:\\\/\\\/dorogimedence.hu\\\/wp-content\\\/uploads\\\/2021\\\/04\\\/logo-feher-600.png\",\"width\":600,\"height\":100,\"caption\":\"Dorogi-medence Region\u00e1lis H\u00edrport\u00e1l\"},\"image\":{\"@id\":\"https:\\\/\\\/dorogimedence.hu\\\/#\\\/schema\\\/logo\\\/image\\\/\"},\"sameAs\":[\"https:\\\/\\\/www.facebook.com\\\/dorogimedence\\\/\"]},{\"@type\":\"Person\",\"@id\":\"https:\\\/\\\/dorogimedence.hu\\\/#\\\/schema\\\/person\\\/ce6091eeb7e95ecdc87890d6aa8e0fd4\",\"name\":\"dorogimedence.hu\",\"image\":{\"@type\":\"ImageObject\",\"inLanguage\":\"hu\",\"@id\":\"\\\/\\\/www.gravatar.com\\\/avatar\\\/d8d45f8901aadff40a4af72c0b826f1d?s=96&#038;r=g&#038;d=mm\",\"url\":\"\\\/\\\/www.gravatar.com\\\/avatar\\\/d8d45f8901aadff40a4af72c0b826f1d?s=96&#038;r=g&#038;d=mm\",\"contentUrl\":\"\\\/\\\/www.gravatar.com\\\/avatar\\\/d8d45f8901aadff40a4af72c0b826f1d?s=96&#038;r=g&#038;d=mm\",\"caption\":\"dorogimedence.hu\"}}]}<\/script>\n<!-- \/ Yoast SEO plugin. -->","yoast_head_json":{"title":"Orsz\u00e1gos szinten cs\u00f6kken, megyei szinten stagn\u00e1l a vas\u00fati balesetek sz\u00e1ma","robots":{"index":"index","follow":"follow","max-snippet":"max-snippet:-1","max-image-preview":"max-image-preview:large","max-video-preview":"max-video-preview:-1"},"canonical":"https:\/\/dorogimedence.hu\/index.php\/2019\/12\/13\/orszagos-szinten-csokken-megyei-szinten-stagnal-a-vasuti-balesetek-szama\/","og_locale":"hu_HU","og_type":"article","og_title":"Orsz\u00e1gos szinten cs\u00f6kken, megyei szinten stagn\u00e1l a vas\u00fati balesetek sz\u00e1ma","og_description":"Az el\u0151z\u0151 \u00e9vhez k\u00e9pest id\u00e9n \u00f6sszess\u00e9g\u00e9ben kevesebb baleset t\u00f6rt\u00e9nt orsz\u00e1gos szinten a vas\u00fati \u00e1tj\u00e1r\u00f3kban, azonban t\u00f6bb v\u00e9gz\u0151d\u00f6tt trag\u00e9di\u00e1val. Kom\u00e1rom-Esztergom megy\u00e9ben viszont ugyanannyi volt a balesetek sz\u00e1ma 2019-ben, mint 2018-ban. Orsz\u00e1gos szinten december elej\u00e9ig vas\u00fati \u00e1tj\u00e1r\u00f3ban 2018 hasonl\u00f3 id\u0151szak\u00e1hoz k\u00e9pest 16 sz\u00e1zal\u00e9kkal kevesebb, 69 baleset t\u00f6rt\u00e9nt, a k\u00f6vetkezm\u00e9nyeik azonban gy\u00e1szosabban alakultak: 21 hal\u00e1los kimenetel\u0171 volt, 12","og_url":"https:\/\/dorogimedence.hu\/index.php\/2019\/12\/13\/orszagos-szinten-csokken-megyei-szinten-stagnal-a-vasuti-balesetek-szama\/","og_site_name":"Dorogi-medence Region\u00e1lis H\u00edrport\u00e1l","article_publisher":"https:\/\/www.facebook.com\/dorogimedence\/","article_published_time":"2019-12-13T10:18:30+00:00","article_modified_time":"2019-12-13T10:19:38+00:00","og_image":[{"width":670,"height":365,"url":"https:\/\/i0.wp.com\/dorogimedence.hu\/wp-content\/uploads\/2019\/09\/halalos-baleset.jpg?fit=670%2C365&ssl=1","type":"image\/jpeg"}],"author":"dorogimedence.hu","twitter_card":"summary_large_image","twitter_misc":{"Szerz\u0151:":"dorogimedence.hu","Becs\u00fclt olvas\u00e1si id\u0151":"3 perc"},"schema":{"@context":"https:\/\/schema.org","@graph":[{"@type":"Article","@id":"https:\/\/dorogimedence.hu\/index.php\/2019\/12\/13\/orszagos-szinten-csokken-megyei-szinten-stagnal-a-vasuti-balesetek-szama\/#article","isPartOf":{"@id":"https:\/\/dorogimedence.hu\/index.php\/2019\/12\/13\/orszagos-szinten-csokken-megyei-szinten-stagnal-a-vasuti-balesetek-szama\/"},"author":{"name":"dorogimedence.hu","@id":"https:\/\/dorogimedence.hu\/#\/schema\/person\/ce6091eeb7e95ecdc87890d6aa8e0fd4"},"headline":"Orsz\u00e1gos szinten cs\u00f6kken, megyei szinten stagn\u00e1l a vas\u00fati balesetek sz\u00e1ma","datePublished":"2019-12-13T10:18:30+00:00","dateModified":"2019-12-13T10:19:38+00:00","mainEntityOfPage":{"@id":"https:\/\/dorogimedence.hu\/index.php\/2019\/12\/13\/orszagos-szinten-csokken-megyei-szinten-stagnal-a-vasuti-balesetek-szama\/"},"wordCount":651,"publisher":{"@id":"https:\/\/dorogimedence.hu\/#organization"},"image":{"@id":"https:\/\/dorogimedence.hu\/index.php\/2019\/12\/13\/orszagos-szinten-csokken-megyei-szinten-stagnal-a-vasuti-balesetek-szama\/#primaryimage"},"thumbnailUrl":"https:\/\/dorogimedence.hu\/wp-content\/uploads\/2019\/09\/halalos-baleset.jpg","keywords":["baleset","hal\u00e1los baleset","Kom\u00e1rom-Esztergom megye","m\u00e1v","vas\u00fat","vonat"],"articleSection":["H\u00edrek","Kom\u00e1rom-Esztergom"],"inLanguage":"hu"},{"@type":"WebPage","@id":"https:\/\/dorogimedence.hu\/index.php\/2019\/12\/13\/orszagos-szinten-csokken-megyei-szinten-stagnal-a-vasuti-balesetek-szama\/","url":"https:\/\/dorogimedence.hu\/index.php\/2019\/12\/13\/orszagos-szinten-csokken-megyei-szinten-stagnal-a-vasuti-balesetek-szama\/","name":"Orsz\u00e1gos szinten cs\u00f6kken, megyei szinten stagn\u00e1l a vas\u00fati balesetek sz\u00e1ma","isPartOf":{"@id":"https:\/\/dorogimedence.hu\/#website"},"primaryImageOfPage":{"@id":"https:\/\/dorogimedence.hu\/index.php\/2019\/12\/13\/orszagos-szinten-csokken-megyei-szinten-stagnal-a-vasuti-balesetek-szama\/#primaryimage"},"image":{"@id":"https:\/\/dorogimedence.hu\/index.php\/2019\/12\/13\/orszagos-szinten-csokken-megyei-szinten-stagnal-a-vasuti-balesetek-szama\/#primaryimage"},"thumbnailUrl":"https:\/\/dorogimedence.hu\/wp-content\/uploads\/2019\/09\/halalos-baleset.jpg","datePublished":"2019-12-13T10:18:30+00:00","dateModified":"2019-12-13T10:19:38+00:00","breadcrumb":{"@id":"https:\/\/dorogimedence.hu\/index.php\/2019\/12\/13\/orszagos-szinten-csokken-megyei-szinten-stagnal-a-vasuti-balesetek-szama\/#breadcrumb"},"inLanguage":"hu","potentialAction":[{"@type":"ReadAction","target":["https:\/\/dorogimedence.hu\/index.php\/2019\/12\/13\/orszagos-szinten-csokken-megyei-szinten-stagnal-a-vasuti-balesetek-szama\/"]}]},{"@type":"ImageObject","inLanguage":"hu","@id":"https:\/\/dorogimedence.hu\/index.php\/2019\/12\/13\/orszagos-szinten-csokken-megyei-szinten-stagnal-a-vasuti-balesetek-szama\/#primaryimage","url":"https:\/\/dorogimedence.hu\/wp-content\/uploads\/2019\/09\/halalos-baleset.jpg","contentUrl":"https:\/\/dorogimedence.hu\/wp-content\/uploads\/2019\/09\/halalos-baleset.jpg","width":670,"height":365},{"@type":"BreadcrumbList","@id":"https:\/\/dorogimedence.hu\/index.php\/2019\/12\/13\/orszagos-szinten-csokken-megyei-szinten-stagnal-a-vasuti-balesetek-szama\/#breadcrumb","itemListElement":[{"@type":"ListItem","position":1,"name":"Kezd\u0151lap","item":"https:\/\/dorogimedence.hu\/"},{"@type":"ListItem","position":2,"name":"Orsz\u00e1gos szinten cs\u00f6kken, megyei szinten stagn\u00e1l a vas\u00fati balesetek sz\u00e1ma"}]},{"@type":"WebSite","@id":"https:\/\/dorogimedence.hu\/#website","url":"https:\/\/dorogimedence.hu\/","name":"Dorogi-medence Region\u00e1lis H\u00edrport\u00e1l","description":"Dorog, Keszt\u00f6lc, Le\u00e1nyv\u00e1r, Piliscs\u00e9v, Tokod, Tokodalt\u00e1r\u00f3, Csolnok, Esztergom-kertv\u00e1ros: h\u00edrek, programok","publisher":{"@id":"https:\/\/dorogimedence.hu\/#organization"},"potentialAction":[{"@type":"SearchAction","target":{"@type":"EntryPoint","urlTemplate":"https:\/\/dorogimedence.hu\/?s={search_term_string}"},"query-input":{"@type":"PropertyValueSpecification","valueRequired":true,"valueName":"search_term_string"}}],"inLanguage":"hu"},{"@type":"Organization","@id":"https:\/\/dorogimedence.hu\/#organization","name":"Dorogi-medence Region\u00e1lis H\u00edrport\u00e1l","url":"https:\/\/dorogimedence.hu\/","logo":{"@type":"ImageObject","inLanguage":"hu","@id":"https:\/\/dorogimedence.hu\/#\/schema\/logo\/image\/","url":"https:\/\/dorogimedence.hu\/wp-content\/uploads\/2021\/04\/logo-feher-600.png","contentUrl":"https:\/\/dorogimedence.hu\/wp-content\/uploads\/2021\/04\/logo-feher-600.png","width":600,"height":100,"caption":"Dorogi-medence Region\u00e1lis H\u00edrport\u00e1l"},"image":{"@id":"https:\/\/dorogimedence.hu\/#\/schema\/logo\/image\/"},"sameAs":["https:\/\/www.facebook.com\/dorogimedence\/"]},{"@type":"Person","@id":"https:\/\/dorogimedence.hu\/#\/schema\/person\/ce6091eeb7e95ecdc87890d6aa8e0fd4","name":"dorogimedence.hu","image":{"@type":"ImageObject","inLanguage":"hu","@id":"\/\/www.gravatar.com\/avatar\/d8d45f8901aadff40a4af72c0b826f1d?s=96&#038;r=g&#038;d=mm","url":"\/\/www.gravatar.com\/avatar\/d8d45f8901aadff40a4af72c0b826f1d?s=96&#038;r=g&#038;d=mm","contentUrl":"\/\/www.gravatar.com\/avatar\/d8d45f8901aadff40a4af72c0b826f1d?s=96&#038;r=g&#038;d=mm","caption":"dorogimedence.hu"}}]}},"_links":{"self":[{"href":"https:\/\/dorogimedence.hu\/index.php\/wp-json\/wp\/v2\/posts\/21608","targetHints":{"allow":["GET"]}}],"collection":[{"href":"https:\/\/dorogimedence.hu\/index.php\/wp-json\/wp\/v2\/posts"}],"about":[{"href":"https:\/\/dorogimedence.hu\/index.php\/wp-json\/wp\/v2\/types\/post"}],"author":[{"embeddable":true,"href":"https:\/\/dorogimedence.hu\/index.php\/wp-json\/wp\/v2\/users\/1"}],"replies":[{"embeddable":true,"href":"https:\/\/dorogimedence.hu\/index.php\/wp-json\/wp\/v2\/comments?post=21608"}],"version-history":[{"count":0,"href":"https:\/\/dorogimedence.hu\/index.php\/wp-json\/wp\/v2\/posts\/21608\/revisions"}],"wp:featuredmedia":[{"embeddable":true,"href":"https:\/\/dorogimedence.hu\/index.php\/wp-json\/wp\/v2\/media\/19710"}],"wp:attachment":[{"href":"https:\/\/dorogimedence.hu\/index.php\/wp-json\/wp\/v2\/media?parent=21608"}],"wp:term":[{"taxonomy":"category","embeddable":true,"href":"https:\/\/dorogimedence.hu\/index.php\/wp-json\/wp\/v2\/categories?post=21608"},{"taxonomy":"post_tag","embeddable":true,"href":"https:\/\/dorogimedence.hu\/index.php\/wp-json\/wp\/v2\/tags?post=21608"}],"curies":[{"name":"wp","href":"https:\/\/api.w.org\/{rel}","templated":true}]}}