{"id":21565,"date":"2019-12-11T16:52:54","date_gmt":"2019-12-11T15:52:54","guid":{"rendered":"http:\/\/dorogimedence.hu\/?p=21565"},"modified":"2019-12-12T07:17:22","modified_gmt":"2019-12-12T06:17:22","slug":"mk-a-dorog-kiejtette-a-debrecent","status":"publish","type":"post","link":"https:\/\/dorogimedence.hu\/index.php\/2019\/12\/11\/mk-a-dorog-kiejtette-a-debrecent\/","title":{"rendered":"MK: a Dorog kiejtette a Debrecent"},"content":{"rendered":"<p><strong>December 11-\u00e9n, szerd\u00e1n ker\u00fclt megrendez\u00e9sre a Magyar Kupa elmaradt 8. fordul\u00f3ja. Hab\u00e1r a DVSC a hajr\u00e1ban kiegyenl\u00edtett Dorogon, a tizenegyesp\u00e1rbajban a hazaiak koncentr\u00e1ltak jobban, \u00edgy a Dorog a nyolcadd\u00f6nt\u0151ben folytathatja a tov\u00e1bbmenetel\u00e9st.<\/strong><\/p>\n<p>A m\u00e9rk\u0151z\u00e9s 45. perc\u00e9ben sz\u00fcletett az els\u0151 g\u00f3l, melyet Csillag \u00e9rt\u00e9kes\u00edtett. Majdnem a meccs v\u00e9g\u00e9ig \u00fagy n\u00e9zett ki, hogy sim\u00e1n tov\u00e1bbjut a Dorog, viszont a 87. percben Kinyik g\u00f3lj\u00e1val egyenl\u00edtett a Debrecen. A 90. percben le is f\u00fajt\u00e1k a j\u00e1t\u00e9kot, majd egy r\u00f6vid pihen\u0151 ut\u00e1n j\u00f6hetett az els\u0151 15 perc. Ekkora sem t\u00f6rt\u00e9nt el\u0151rel\u00e9p\u00e9s, ez\u00e9rt a m\u00e1sodik 15 percet is megkezt\u00e9k. A m\u00e9rk\u0151z\u00e9s v\u00e9g\u00fcl 1-1-re v\u00e9gz\u0151d\u00f6tt, ez\u00e9rt 11-esekkel d\u00f6nt\u00f6tt\u00e9k el a p\u00e1rharcot. A debreceniek \u00e1ltal sz\u00f3rt harmadik b\u00fcntet\u0151t a dorogi kapus kiv\u00e9dte, \u00edgy megpecs\u00e9del\u0151d\u00f6tt a vasutasok sorsa.<\/p>\n<p><img fetchpriority=\"high\" decoding=\"async\" class=\"alignnone size-full wp-image-21566\" src=\"https:\/\/dorogimedence.hu\/wp-content\/uploads\/2019\/12\/kapusvedes.jpg\" alt=\"\" width=\"670\" height=\"365\" srcset=\"https:\/\/dorogimedence.hu\/wp-content\/uploads\/2019\/12\/kapusvedes.jpg 670w, https:\/\/dorogimedence.hu\/wp-content\/uploads\/2019\/12\/kapusvedes-300x163.jpg 300w\" sizes=\"(max-width: 670px) 100vw, 670px\" \/><\/p>\n<p><strong><span style=\"color: #ff0000;\">DOROGI FC\u2013DEBRECENI VSC 1\u20131 (1\u20130, 1\u20131, 1\u20131) \u2013 11-esekkel: 5\u20134<\/span><br \/>\n<\/strong><\/p>\n<p><strong>Dorog, <\/strong>Buz\u00e1nszky Jen\u0151 Stadion, <strong>250 <\/strong>n\u00e9z\u0151. <strong>Vezette: <\/strong>Radv\u00e1nyi \u00c1d\u00e1m (Szert Bal\u00e1zs, Punyi Gyula)<strong><br \/>\nDOROG: <\/strong>Borsos \u2013 Nagyh\u00e1zi (Tak\u00e1cs P., 120.), L\u00e9n\u00e1rt, Lencs\u00e9s, Beke P. \u2013 Csillag (F\u00f6ldi B., 79.), Kitl M., M\u00e9sz\u00e1ros \u00c1., Barna G. (Girsik, 70.) \u2013 Albert \u00c1. \u2013 V\u00edgh \u00c1. (Sitku, 82.). <strong>Vezet\u0151edz\u0151:<\/strong> N\u00e9meth Szabolcs<strong><br \/>\nDEBRECEN:<\/strong> Kosicky \u2013 Kuti, Kinyik, P\u00e1vkovics, Barna Sz. \u2013 Bereczki (Varga K., 58.), Cs\u0151sz, Kusny\u00edr (Pint\u00e9r \u00c1., 65), Kundr\u00e1k (Haris, 115.) \u2013 Adeniji (Garba, 58.), Trujics. <strong>Vezet\u0151edz\u0151: <\/strong>Herczeg Andr\u00e1s<strong><br \/>\nG\u00f3lszerz\u0151:<\/strong> Csillag <strong>(1\u20130)<\/strong> a 45., Kinyik <strong>(1\u20131)<\/strong> a 87. percben<strong><br \/>\nKi\u00e1ll\u00edtva: <\/strong>Lencs\u00e9s (ler\u00e1ntotta a g\u00f3lhelyzetbe ker\u00fcl\u0151 Garb\u00e1t) a 119. percben<\/p>\n<p><strong>MESTERM\u00c9RLEG<\/strong><strong><br \/>\nN\u00e9meth Szabolcs:<\/strong> \u2013 A keret huszonh\u00e9t f\u0151b\u0151l \u00e1ll, a p\u00e1ly\u00e1ra l\u00e9p\u0151k \u00fajfent bizony\u00edtott\u00e1k, b\u00e1rmikor sz\u00e1m\u00edthatok r\u00e1juk. Elhitt\u00fck, hogy van keresnival\u00f3nk, j\u00f3l j\u00e1tszottunk, ez\u00e9rt gy\u0151zt\u00fcnk.<strong><br \/>\nHerczeg Andr\u00e1s: <\/strong>\u2013 Az els\u0151 f\u00e9lid\u0151 v\u00e9g\u00e9n n\u00e9gy null\u00e1ra kellett volna vezetn\u00fcnk, \u00e1m a labdar\u00fag\u00e1s t\u00f6rv\u00e9nyszer\u0171s\u00e9ge megb\u00fcntetett minket. Jobban kell s\u00e1f\u00e1rkodjunk a helyzeteinkkel.<\/p>\n<p><em><strong>A m\u00e9rk\u0151z\u00e9st \u00e9l\u0151ben k\u00f6zvet\u00edtett\u00e9k a YouTube-n, itt n\u00e9zhet\u0151 vissza:<\/strong><\/em><\/p>\n<div class=\"video-container\"><iframe src=\"https:\/\/www.youtube.com\/embed\/HJj0MOKdnUQ\" allowfullscreen=\"allowfullscreen\" width=\"560\" height=\"315\" frameborder=\"0\"><\/iframe><\/div>\n<div>&nbsp;<\/div>\n<div>\n<p><strong>9. FORDUL\u00d3 (F\u0150T\u00c1BLA, 4. FORDUL\u00d3), NYOLCADD\u00d6NT\u0150 <\/strong><br \/>\nBudapest Honv\u00e9d\u2013Szombathelyi Halad\u00e1s (NB II)<a href=\"http:\/\/www.nemzetisport.hu\/labdarugo_nb_i\/magyar-kupa-kiejtette-az-nb-iii-as-pecs-a-kisvardat-2736029\" target=\"_blank\" rel=\"noopener noreferrer\"><br \/>\n<\/a> Mez\u0151k\u00f6vesd\u2013\u00d3zdi Koh\u00e1sz (NB III)\/Kaposv\u00e1ri R\u00e1k\u00f3czi<br \/>\nLip\u00f3t P\u00e9ks\u00e9g SE (NB III)\u2013ZTE FC<br \/>\nP\u00e9csi MFC (NB III)\u2013Paksi FC<br \/>\nB\u00e9k\u00e9scsaba (NB II)\u2013Pusk\u00e1s Akad\u00e9mia<br \/>\nMTK Budapest (NB II)\u2013Duna\u00fajv\u00e1ros (NB III)<br \/>\n\u00dajpest FC\u2013Mol Feh\u00e9rv\u00e1r FC<br \/>\nDorogi FC (NB II)\u2013III. Ker\u00fcleti TVE (NB III)<em><br \/>\n<strong>A m\u00e9rk\u0151z\u00e9seket 2020. febru\u00e1r 12-\u00e9n \u00e9s febru\u00e1r 19-\u00e9n j\u00e1tssz\u00e1k le.<\/strong><br \/>\n<\/em><\/p>\n<p><em>Forr\u00e1s: nemzetisport.hu \/ dorogimedence.hu<br \/>\nBor\u00edt\u00f3k\u00e9p: Walczer Patrik. M\u00e1sodik k\u00e9p: YouTube<\/em><\/p>\n<\/div>\n<p>&nbsp;<\/p>\n","protected":false},"excerpt":{"rendered":"<p>December 11-\u00e9n, szerd\u00e1n ker\u00fclt megrendez\u00e9sre a Magyar Kupa elmaradt 8. fordul\u00f3ja. Hab\u00e1r a DVSC a hajr\u00e1ban kiegyenl\u00edtett Dorogon, a tizenegyesp\u00e1rbajban a hazaiak koncentr\u00e1ltak jobban, \u00edgy a Dorog a nyolcadd\u00f6nt\u0151ben folytathatja a tov\u00e1bbmenetel\u00e9st. A m\u00e9rk\u0151z\u00e9s 45. perc\u00e9ben sz\u00fcletett az els\u0151 g\u00f3l, melyet Csillag \u00e9rt\u00e9kes\u00edtett. Majdnem a meccs v\u00e9g\u00e9ig \u00fagy n\u00e9zett ki, hogy sim\u00e1n tov\u00e1bbjut a Dorog,<\/p>\n","protected":false},"author":1,"featured_media":21567,"comment_status":"closed","ping_status":"closed","sticky":false,"template":"","format":"standard","meta":{"ngg_post_thumbnail":0,"footnotes":""},"categories":[2,3,5],"tags":[1376,15,37,2240,70,69,72,71,16],"class_list":{"0":"post-21565","1":"post","2":"type-post","3":"status-publish","4":"format-standard","5":"has-post-thumbnail","7":"category-dorog","8":"category-hirek","9":"category-sport","10":"tag-debrecen","11":"tag-dorog","12":"tag-dorogi-fc","13":"tag-dvsc","14":"tag-foci","15":"tag-futball","16":"tag-labdarugas","17":"tag-magyar-kupa","18":"tag-sport"},"yoast_head":"<!-- This site is optimized with the Yoast SEO plugin v27.4 - https:\/\/yoast.com\/product\/yoast-seo-wordpress\/ -->\n<title>MK: a Dorog kiejtette a Debrecent<\/title>\n<meta name=\"robots\" content=\"index, follow, max-snippet:-1, max-image-preview:large, max-video-preview:-1\" \/>\n<link rel=\"canonical\" href=\"https:\/\/dorogimedence.hu\/index.php\/2019\/12\/11\/mk-a-dorog-kiejtette-a-debrecent\/\" class=\"yoast-seo-meta-tag\" \/>\n<meta property=\"og:locale\" content=\"hu_HU\" class=\"yoast-seo-meta-tag\" \/>\n<meta property=\"og:type\" content=\"article\" class=\"yoast-seo-meta-tag\" \/>\n<meta property=\"og:title\" content=\"MK: a Dorog kiejtette a Debrecent\" class=\"yoast-seo-meta-tag\" \/>\n<meta property=\"og:description\" content=\"December 11-\u00e9n, szerd\u00e1n ker\u00fclt megrendez\u00e9sre a Magyar Kupa elmaradt 8. fordul\u00f3ja. Hab\u00e1r a DVSC a hajr\u00e1ban kiegyenl\u00edtett Dorogon, a tizenegyesp\u00e1rbajban a hazaiak koncentr\u00e1ltak jobban, \u00edgy a Dorog a nyolcadd\u00f6nt\u0151ben folytathatja a tov\u00e1bbmenetel\u00e9st. A m\u00e9rk\u0151z\u00e9s 45. perc\u00e9ben sz\u00fcletett az els\u0151 g\u00f3l, melyet Csillag \u00e9rt\u00e9kes\u00edtett. Majdnem a meccs v\u00e9g\u00e9ig \u00fagy n\u00e9zett ki, hogy sim\u00e1n tov\u00e1bbjut a Dorog,\" class=\"yoast-seo-meta-tag\" \/>\n<meta property=\"og:url\" content=\"https:\/\/dorogimedence.hu\/index.php\/2019\/12\/11\/mk-a-dorog-kiejtette-a-debrecent\/\" class=\"yoast-seo-meta-tag\" \/>\n<meta property=\"og:site_name\" content=\"Dorogi-medence Region\u00e1lis H\u00edrport\u00e1l\" class=\"yoast-seo-meta-tag\" \/>\n<meta property=\"article:publisher\" content=\"https:\/\/www.facebook.com\/dorogimedence\/\" class=\"yoast-seo-meta-tag\" \/>\n<meta property=\"article:published_time\" content=\"2019-12-11T15:52:54+00:00\" class=\"yoast-seo-meta-tag\" \/>\n<meta property=\"article:modified_time\" content=\"2019-12-12T06:17:22+00:00\" class=\"yoast-seo-meta-tag\" \/>\n<meta property=\"og:image\" content=\"https:\/\/i0.wp.com\/dorogimedence.hu\/wp-content\/uploads\/2019\/12\/dorog-debrecen.jpg?fit=670%2C365&ssl=1\" class=\"yoast-seo-meta-tag\" \/>\n\t<meta property=\"og:image:width\" content=\"670\" class=\"yoast-seo-meta-tag\" \/>\n\t<meta property=\"og:image:height\" content=\"365\" class=\"yoast-seo-meta-tag\" \/>\n\t<meta property=\"og:image:type\" content=\"image\/jpeg\" class=\"yoast-seo-meta-tag\" \/>\n<meta name=\"author\" content=\"dorogimedence.hu\" class=\"yoast-seo-meta-tag\" \/>\n<meta name=\"twitter:card\" content=\"summary_large_image\" class=\"yoast-seo-meta-tag\" \/>\n<meta name=\"twitter:label1\" content=\"Szerz\u0151:\" class=\"yoast-seo-meta-tag\" \/>\n\t<meta name=\"twitter:data1\" content=\"dorogimedence.hu\" class=\"yoast-seo-meta-tag\" \/>\n\t<meta name=\"twitter:label2\" content=\"Becs\u00fclt olvas\u00e1si id\u0151\" class=\"yoast-seo-meta-tag\" \/>\n\t<meta name=\"twitter:data2\" content=\"3 perc\" class=\"yoast-seo-meta-tag\" \/>\n<script type=\"application\/ld+json\" class=\"yoast-schema-graph\">{\"@context\":\"https:\\\/\\\/schema.org\",\"@graph\":[{\"@type\":\"Article\",\"@id\":\"https:\\\/\\\/dorogimedence.hu\\\/index.php\\\/2019\\\/12\\\/11\\\/mk-a-dorog-kiejtette-a-debrecent\\\/#article\",\"isPartOf\":{\"@id\":\"https:\\\/\\\/dorogimedence.hu\\\/index.php\\\/2019\\\/12\\\/11\\\/mk-a-dorog-kiejtette-a-debrecent\\\/\"},\"author\":{\"name\":\"dorogimedence.hu\",\"@id\":\"https:\\\/\\\/dorogimedence.hu\\\/#\\\/schema\\\/person\\\/ce6091eeb7e95ecdc87890d6aa8e0fd4\"},\"headline\":\"MK: a Dorog kiejtette a Debrecent\",\"datePublished\":\"2019-12-11T15:52:54+00:00\",\"dateModified\":\"2019-12-12T06:17:22+00:00\",\"mainEntityOfPage\":{\"@id\":\"https:\\\/\\\/dorogimedence.hu\\\/index.php\\\/2019\\\/12\\\/11\\\/mk-a-dorog-kiejtette-a-debrecent\\\/\"},\"wordCount\":511,\"publisher\":{\"@id\":\"https:\\\/\\\/dorogimedence.hu\\\/#organization\"},\"image\":{\"@id\":\"https:\\\/\\\/dorogimedence.hu\\\/index.php\\\/2019\\\/12\\\/11\\\/mk-a-dorog-kiejtette-a-debrecent\\\/#primaryimage\"},\"thumbnailUrl\":\"https:\\\/\\\/dorogimedence.hu\\\/wp-content\\\/uploads\\\/2019\\\/12\\\/dorog-debrecen.jpg\",\"keywords\":[\"Debrecen\",\"Dorog\",\"Dorogi FC\",\"DVSC\",\"foci\",\"futball\",\"labdar\u00fag\u00e1s\",\"Magyar Kupa\",\"sport\"],\"articleSection\":[\"Dorog\",\"H\u00edrek\",\"Sport\"],\"inLanguage\":\"hu\"},{\"@type\":\"WebPage\",\"@id\":\"https:\\\/\\\/dorogimedence.hu\\\/index.php\\\/2019\\\/12\\\/11\\\/mk-a-dorog-kiejtette-a-debrecent\\\/\",\"url\":\"https:\\\/\\\/dorogimedence.hu\\\/index.php\\\/2019\\\/12\\\/11\\\/mk-a-dorog-kiejtette-a-debrecent\\\/\",\"name\":\"MK: a Dorog kiejtette a Debrecent\",\"isPartOf\":{\"@id\":\"https:\\\/\\\/dorogimedence.hu\\\/#website\"},\"primaryImageOfPage\":{\"@id\":\"https:\\\/\\\/dorogimedence.hu\\\/index.php\\\/2019\\\/12\\\/11\\\/mk-a-dorog-kiejtette-a-debrecent\\\/#primaryimage\"},\"image\":{\"@id\":\"https:\\\/\\\/dorogimedence.hu\\\/index.php\\\/2019\\\/12\\\/11\\\/mk-a-dorog-kiejtette-a-debrecent\\\/#primaryimage\"},\"thumbnailUrl\":\"https:\\\/\\\/dorogimedence.hu\\\/wp-content\\\/uploads\\\/2019\\\/12\\\/dorog-debrecen.jpg\",\"datePublished\":\"2019-12-11T15:52:54+00:00\",\"dateModified\":\"2019-12-12T06:17:22+00:00\",\"breadcrumb\":{\"@id\":\"https:\\\/\\\/dorogimedence.hu\\\/index.php\\\/2019\\\/12\\\/11\\\/mk-a-dorog-kiejtette-a-debrecent\\\/#breadcrumb\"},\"inLanguage\":\"hu\",\"potentialAction\":[{\"@type\":\"ReadAction\",\"target\":[\"https:\\\/\\\/dorogimedence.hu\\\/index.php\\\/2019\\\/12\\\/11\\\/mk-a-dorog-kiejtette-a-debrecent\\\/\"]}]},{\"@type\":\"ImageObject\",\"inLanguage\":\"hu\",\"@id\":\"https:\\\/\\\/dorogimedence.hu\\\/index.php\\\/2019\\\/12\\\/11\\\/mk-a-dorog-kiejtette-a-debrecent\\\/#primaryimage\",\"url\":\"https:\\\/\\\/dorogimedence.hu\\\/wp-content\\\/uploads\\\/2019\\\/12\\\/dorog-debrecen.jpg\",\"contentUrl\":\"https:\\\/\\\/dorogimedence.hu\\\/wp-content\\\/uploads\\\/2019\\\/12\\\/dorog-debrecen.jpg\",\"width\":670,\"height\":365},{\"@type\":\"BreadcrumbList\",\"@id\":\"https:\\\/\\\/dorogimedence.hu\\\/index.php\\\/2019\\\/12\\\/11\\\/mk-a-dorog-kiejtette-a-debrecent\\\/#breadcrumb\",\"itemListElement\":[{\"@type\":\"ListItem\",\"position\":1,\"name\":\"Kezd\u0151lap\",\"item\":\"https:\\\/\\\/dorogimedence.hu\\\/\"},{\"@type\":\"ListItem\",\"position\":2,\"name\":\"MK: a Dorog kiejtette a Debrecent\"}]},{\"@type\":\"WebSite\",\"@id\":\"https:\\\/\\\/dorogimedence.hu\\\/#website\",\"url\":\"https:\\\/\\\/dorogimedence.hu\\\/\",\"name\":\"Dorogi-medence Region\u00e1lis H\u00edrport\u00e1l\",\"description\":\"Dorog, Keszt\u00f6lc, Le\u00e1nyv\u00e1r, Piliscs\u00e9v, Tokod, Tokodalt\u00e1r\u00f3, Csolnok, Esztergom-kertv\u00e1ros: h\u00edrek, programok\",\"publisher\":{\"@id\":\"https:\\\/\\\/dorogimedence.hu\\\/#organization\"},\"potentialAction\":[{\"@type\":\"SearchAction\",\"target\":{\"@type\":\"EntryPoint\",\"urlTemplate\":\"https:\\\/\\\/dorogimedence.hu\\\/?s={search_term_string}\"},\"query-input\":{\"@type\":\"PropertyValueSpecification\",\"valueRequired\":true,\"valueName\":\"search_term_string\"}}],\"inLanguage\":\"hu\"},{\"@type\":\"Organization\",\"@id\":\"https:\\\/\\\/dorogimedence.hu\\\/#organization\",\"name\":\"Dorogi-medence Region\u00e1lis H\u00edrport\u00e1l\",\"url\":\"https:\\\/\\\/dorogimedence.hu\\\/\",\"logo\":{\"@type\":\"ImageObject\",\"inLanguage\":\"hu\",\"@id\":\"https:\\\/\\\/dorogimedence.hu\\\/#\\\/schema\\\/logo\\\/image\\\/\",\"url\":\"https:\\\/\\\/dorogimedence.hu\\\/wp-content\\\/uploads\\\/2021\\\/04\\\/logo-feher-600.png\",\"contentUrl\":\"https:\\\/\\\/dorogimedence.hu\\\/wp-content\\\/uploads\\\/2021\\\/04\\\/logo-feher-600.png\",\"width\":600,\"height\":100,\"caption\":\"Dorogi-medence Region\u00e1lis H\u00edrport\u00e1l\"},\"image\":{\"@id\":\"https:\\\/\\\/dorogimedence.hu\\\/#\\\/schema\\\/logo\\\/image\\\/\"},\"sameAs\":[\"https:\\\/\\\/www.facebook.com\\\/dorogimedence\\\/\"]},{\"@type\":\"Person\",\"@id\":\"https:\\\/\\\/dorogimedence.hu\\\/#\\\/schema\\\/person\\\/ce6091eeb7e95ecdc87890d6aa8e0fd4\",\"name\":\"dorogimedence.hu\",\"image\":{\"@type\":\"ImageObject\",\"inLanguage\":\"hu\",\"@id\":\"\\\/\\\/www.gravatar.com\\\/avatar\\\/d8d45f8901aadff40a4af72c0b826f1d?s=96&#038;r=g&#038;d=mm\",\"url\":\"\\\/\\\/www.gravatar.com\\\/avatar\\\/d8d45f8901aadff40a4af72c0b826f1d?s=96&#038;r=g&#038;d=mm\",\"contentUrl\":\"\\\/\\\/www.gravatar.com\\\/avatar\\\/d8d45f8901aadff40a4af72c0b826f1d?s=96&#038;r=g&#038;d=mm\",\"caption\":\"dorogimedence.hu\"}}]}<\/script>\n<!-- \/ Yoast SEO plugin. -->","yoast_head_json":{"title":"MK: a Dorog kiejtette a Debrecent","robots":{"index":"index","follow":"follow","max-snippet":"max-snippet:-1","max-image-preview":"max-image-preview:large","max-video-preview":"max-video-preview:-1"},"canonical":"https:\/\/dorogimedence.hu\/index.php\/2019\/12\/11\/mk-a-dorog-kiejtette-a-debrecent\/","og_locale":"hu_HU","og_type":"article","og_title":"MK: a Dorog kiejtette a Debrecent","og_description":"December 11-\u00e9n, szerd\u00e1n ker\u00fclt megrendez\u00e9sre a Magyar Kupa elmaradt 8. fordul\u00f3ja. Hab\u00e1r a DVSC a hajr\u00e1ban kiegyenl\u00edtett Dorogon, a tizenegyesp\u00e1rbajban a hazaiak koncentr\u00e1ltak jobban, \u00edgy a Dorog a nyolcadd\u00f6nt\u0151ben folytathatja a tov\u00e1bbmenetel\u00e9st. A m\u00e9rk\u0151z\u00e9s 45. perc\u00e9ben sz\u00fcletett az els\u0151 g\u00f3l, melyet Csillag \u00e9rt\u00e9kes\u00edtett. Majdnem a meccs v\u00e9g\u00e9ig \u00fagy n\u00e9zett ki, hogy sim\u00e1n tov\u00e1bbjut a Dorog,","og_url":"https:\/\/dorogimedence.hu\/index.php\/2019\/12\/11\/mk-a-dorog-kiejtette-a-debrecent\/","og_site_name":"Dorogi-medence Region\u00e1lis H\u00edrport\u00e1l","article_publisher":"https:\/\/www.facebook.com\/dorogimedence\/","article_published_time":"2019-12-11T15:52:54+00:00","article_modified_time":"2019-12-12T06:17:22+00:00","og_image":[{"width":670,"height":365,"url":"https:\/\/i0.wp.com\/dorogimedence.hu\/wp-content\/uploads\/2019\/12\/dorog-debrecen.jpg?fit=670%2C365&ssl=1","type":"image\/jpeg"}],"author":"dorogimedence.hu","twitter_card":"summary_large_image","twitter_misc":{"Szerz\u0151:":"dorogimedence.hu","Becs\u00fclt olvas\u00e1si id\u0151":"3 perc"},"schema":{"@context":"https:\/\/schema.org","@graph":[{"@type":"Article","@id":"https:\/\/dorogimedence.hu\/index.php\/2019\/12\/11\/mk-a-dorog-kiejtette-a-debrecent\/#article","isPartOf":{"@id":"https:\/\/dorogimedence.hu\/index.php\/2019\/12\/11\/mk-a-dorog-kiejtette-a-debrecent\/"},"author":{"name":"dorogimedence.hu","@id":"https:\/\/dorogimedence.hu\/#\/schema\/person\/ce6091eeb7e95ecdc87890d6aa8e0fd4"},"headline":"MK: a Dorog kiejtette a Debrecent","datePublished":"2019-12-11T15:52:54+00:00","dateModified":"2019-12-12T06:17:22+00:00","mainEntityOfPage":{"@id":"https:\/\/dorogimedence.hu\/index.php\/2019\/12\/11\/mk-a-dorog-kiejtette-a-debrecent\/"},"wordCount":511,"publisher":{"@id":"https:\/\/dorogimedence.hu\/#organization"},"image":{"@id":"https:\/\/dorogimedence.hu\/index.php\/2019\/12\/11\/mk-a-dorog-kiejtette-a-debrecent\/#primaryimage"},"thumbnailUrl":"https:\/\/dorogimedence.hu\/wp-content\/uploads\/2019\/12\/dorog-debrecen.jpg","keywords":["Debrecen","Dorog","Dorogi FC","DVSC","foci","futball","labdar\u00fag\u00e1s","Magyar Kupa","sport"],"articleSection":["Dorog","H\u00edrek","Sport"],"inLanguage":"hu"},{"@type":"WebPage","@id":"https:\/\/dorogimedence.hu\/index.php\/2019\/12\/11\/mk-a-dorog-kiejtette-a-debrecent\/","url":"https:\/\/dorogimedence.hu\/index.php\/2019\/12\/11\/mk-a-dorog-kiejtette-a-debrecent\/","name":"MK: a Dorog kiejtette a Debrecent","isPartOf":{"@id":"https:\/\/dorogimedence.hu\/#website"},"primaryImageOfPage":{"@id":"https:\/\/dorogimedence.hu\/index.php\/2019\/12\/11\/mk-a-dorog-kiejtette-a-debrecent\/#primaryimage"},"image":{"@id":"https:\/\/dorogimedence.hu\/index.php\/2019\/12\/11\/mk-a-dorog-kiejtette-a-debrecent\/#primaryimage"},"thumbnailUrl":"https:\/\/dorogimedence.hu\/wp-content\/uploads\/2019\/12\/dorog-debrecen.jpg","datePublished":"2019-12-11T15:52:54+00:00","dateModified":"2019-12-12T06:17:22+00:00","breadcrumb":{"@id":"https:\/\/dorogimedence.hu\/index.php\/2019\/12\/11\/mk-a-dorog-kiejtette-a-debrecent\/#breadcrumb"},"inLanguage":"hu","potentialAction":[{"@type":"ReadAction","target":["https:\/\/dorogimedence.hu\/index.php\/2019\/12\/11\/mk-a-dorog-kiejtette-a-debrecent\/"]}]},{"@type":"ImageObject","inLanguage":"hu","@id":"https:\/\/dorogimedence.hu\/index.php\/2019\/12\/11\/mk-a-dorog-kiejtette-a-debrecent\/#primaryimage","url":"https:\/\/dorogimedence.hu\/wp-content\/uploads\/2019\/12\/dorog-debrecen.jpg","contentUrl":"https:\/\/dorogimedence.hu\/wp-content\/uploads\/2019\/12\/dorog-debrecen.jpg","width":670,"height":365},{"@type":"BreadcrumbList","@id":"https:\/\/dorogimedence.hu\/index.php\/2019\/12\/11\/mk-a-dorog-kiejtette-a-debrecent\/#breadcrumb","itemListElement":[{"@type":"ListItem","position":1,"name":"Kezd\u0151lap","item":"https:\/\/dorogimedence.hu\/"},{"@type":"ListItem","position":2,"name":"MK: a Dorog kiejtette a Debrecent"}]},{"@type":"WebSite","@id":"https:\/\/dorogimedence.hu\/#website","url":"https:\/\/dorogimedence.hu\/","name":"Dorogi-medence Region\u00e1lis H\u00edrport\u00e1l","description":"Dorog, Keszt\u00f6lc, Le\u00e1nyv\u00e1r, Piliscs\u00e9v, Tokod, Tokodalt\u00e1r\u00f3, Csolnok, Esztergom-kertv\u00e1ros: h\u00edrek, programok","publisher":{"@id":"https:\/\/dorogimedence.hu\/#organization"},"potentialAction":[{"@type":"SearchAction","target":{"@type":"EntryPoint","urlTemplate":"https:\/\/dorogimedence.hu\/?s={search_term_string}"},"query-input":{"@type":"PropertyValueSpecification","valueRequired":true,"valueName":"search_term_string"}}],"inLanguage":"hu"},{"@type":"Organization","@id":"https:\/\/dorogimedence.hu\/#organization","name":"Dorogi-medence Region\u00e1lis H\u00edrport\u00e1l","url":"https:\/\/dorogimedence.hu\/","logo":{"@type":"ImageObject","inLanguage":"hu","@id":"https:\/\/dorogimedence.hu\/#\/schema\/logo\/image\/","url":"https:\/\/dorogimedence.hu\/wp-content\/uploads\/2021\/04\/logo-feher-600.png","contentUrl":"https:\/\/dorogimedence.hu\/wp-content\/uploads\/2021\/04\/logo-feher-600.png","width":600,"height":100,"caption":"Dorogi-medence Region\u00e1lis H\u00edrport\u00e1l"},"image":{"@id":"https:\/\/dorogimedence.hu\/#\/schema\/logo\/image\/"},"sameAs":["https:\/\/www.facebook.com\/dorogimedence\/"]},{"@type":"Person","@id":"https:\/\/dorogimedence.hu\/#\/schema\/person\/ce6091eeb7e95ecdc87890d6aa8e0fd4","name":"dorogimedence.hu","image":{"@type":"ImageObject","inLanguage":"hu","@id":"\/\/www.gravatar.com\/avatar\/d8d45f8901aadff40a4af72c0b826f1d?s=96&#038;r=g&#038;d=mm","url":"\/\/www.gravatar.com\/avatar\/d8d45f8901aadff40a4af72c0b826f1d?s=96&#038;r=g&#038;d=mm","contentUrl":"\/\/www.gravatar.com\/avatar\/d8d45f8901aadff40a4af72c0b826f1d?s=96&#038;r=g&#038;d=mm","caption":"dorogimedence.hu"}}]}},"_links":{"self":[{"href":"https:\/\/dorogimedence.hu\/index.php\/wp-json\/wp\/v2\/posts\/21565","targetHints":{"allow":["GET"]}}],"collection":[{"href":"https:\/\/dorogimedence.hu\/index.php\/wp-json\/wp\/v2\/posts"}],"about":[{"href":"https:\/\/dorogimedence.hu\/index.php\/wp-json\/wp\/v2\/types\/post"}],"author":[{"embeddable":true,"href":"https:\/\/dorogimedence.hu\/index.php\/wp-json\/wp\/v2\/users\/1"}],"replies":[{"embeddable":true,"href":"https:\/\/dorogimedence.hu\/index.php\/wp-json\/wp\/v2\/comments?post=21565"}],"version-history":[{"count":0,"href":"https:\/\/dorogimedence.hu\/index.php\/wp-json\/wp\/v2\/posts\/21565\/revisions"}],"wp:featuredmedia":[{"embeddable":true,"href":"https:\/\/dorogimedence.hu\/index.php\/wp-json\/wp\/v2\/media\/21567"}],"wp:attachment":[{"href":"https:\/\/dorogimedence.hu\/index.php\/wp-json\/wp\/v2\/media?parent=21565"}],"wp:term":[{"taxonomy":"category","embeddable":true,"href":"https:\/\/dorogimedence.hu\/index.php\/wp-json\/wp\/v2\/categories?post=21565"},{"taxonomy":"post_tag","embeddable":true,"href":"https:\/\/dorogimedence.hu\/index.php\/wp-json\/wp\/v2\/tags?post=21565"}],"curies":[{"name":"wp","href":"https:\/\/api.w.org\/{rel}","templated":true}]}}