{"id":21513,"date":"2019-12-10T09:56:58","date_gmt":"2019-12-10T08:56:58","guid":{"rendered":"http:\/\/dorogimedence.hu\/?p=21513"},"modified":"2019-12-10T10:08:24","modified_gmt":"2019-12-10T09:08:24","slug":"dorog-debrecen-ujratoltve","status":"publish","type":"post","link":"https:\/\/dorogimedence.hu\/index.php\/2019\/12\/10\/dorog-debrecen-ujratoltve\/","title":{"rendered":"Dorog \u2013 Debrecen \u00fajrat\u00f6ltve"},"content":{"rendered":"<p><strong>Az id\u0151j\u00e1r\u00e1si viszontags\u00e1gok miatt a december 4-re kit\u0171z\u00f6tt kupameccs\u00fcnk elmaradt, amely most szerd\u00e1n ker\u00fcl ism\u00e9tl\u00e9sre \u00e9s rem\u00e9lhet\u0151leg ez\u00fattal lej\u00e1tszhat\u00f3 lesz a tal\u00e1lkoz\u00f3. A h\u00e9tv\u00e9g\u00e9n lebonyol\u00edt\u00e1sra ker\u00fclt bajnokin a f\u0151pr\u00f3ba nem siker\u00fclt, miut\u00e1n csapatunk a Vasas ellen idegenben szenvedett veres\u00e9get <\/strong><em>&#8211; Szab\u00f3 Gyula cikke.<\/em><\/p>\n<p>Nem j\u00f6tt \u00f6ssze a mieinknek a sikeres bajnoki folytat\u00e1s, egyben a f\u0151pr\u00f3ba a Debrecen elleni kupam\u00e9rk\u0151z\u00e9sre. K\u00e9t g\u00f3llal maradtunk alul tabellaszomsz\u00e9dunk otthon\u00e1ban \u00e9s ezzel egy\u00fctt az \u00faj Illovszky stadionban j\u00e1tszott legels\u0151 tal\u00e1lkoz\u00f3nk is eredm\u00e9nytelen\u00fcl z\u00e1rult. Pedig a dorogiak mutatott j\u00e1t\u00e9ka \u00e9s a m\u00e9rk\u0151z\u00e9s \u00f6sszk\u00e9pe alapj\u00e1n, t\u00f6bb volt a meccsben \u00e9s a k\u00e9t csapat k\u00f6z\u00f6tti er\u0151viszonyok is hasonl\u00f3ak voltak. Azonban a futball alaparanyszab\u00e1lya \u00e9rv\u00e9nyes\u00fclt, miszerint a helyzeteit jobban kihaszn\u00e1l\u00f3 csapat viszi a p\u00e1lm\u00e1t. Az els\u0151 negyed\u00f3r\u00e1ban a mieink ir\u00e1ny\u00edtott\u00e1k a j\u00e1t\u00e9kot \u00e9s mez\u0151f\u00f6l\u00e9nyben j\u00e1tszottak. M\u00e1r az els\u0151 percekben nagy g\u00f3lhelyzet ad\u00f3dott Paudits Patrik el\u0151tt, \u00e1m v\u00e9g\u00fcl felszabadult a hazaiak kapuja. A Vasas minden el\u0151zm\u00e9ny n\u00e9lk\u00fcl ker\u00fclt el\u0151nybe a 17. percben. Addig gyakorlatilag m\u00e9g a kapunkig sem igen jutottak el, \u00e1m az els\u0151 helyzet\u00fcket egyb\u0151l g\u00f3lra v\u00e1ltott\u00e1k, amelyben a kapufa is beseg\u00edtett. A vezet\u00e9s magabiztosabb\u00e1 tette a vend\u00e9gl\u00e1t\u00f3inkat, de \u00f6sszess\u00e9g\u00e9ben maradt a kiegyenl\u00edtett felek k\u00fczdelme, amelyben akadt a hazaiak el\u0151tt is n\u00e9h\u00e1ny \u00edg\u00e9retes lehet\u0151s\u00e9g, de az els\u0151 j\u00e1t\u00e9kr\u00e9szt legnagyobb helyzete n\u00e1lunk volt. Berk\u00f3 l\u00e9v\u00e9n maradt ki a biztosnak l\u00e1tszott g\u00f3lszerz\u00e9si alkalom \u00e9s v\u00e9g\u00fcl \u00fagy tiszt\u00e1zott a hazaiak kapusa, hogy kapuf\u00e1t is \u00e9rt a labda. Fordul\u00e1s ut\u00e1n r\u00f6gt\u00f6n ki is egyenl\u00edthett\u00fcnk volna. Az angyalf\u00f6ldi v\u00e9delem \u00f6sszehozott egy 11-est. D\u00e9lczeg Gergely l\u00f6v\u00e9se azonban a kapuf\u00e1n csattan, mik\u00f6zben a port\u00e1s az ellenkez\u0151 oldalra vet\u0151d\u00f6tt. Sz\u00f3 szerint millim\u00e9tereken m\u00falott az \u00f6r\u00f6m\u00fcnk. Ahogy az lenni szokott, az ellenf\u00e9l b\u00fcntetett \u00e9s egy tetszet\u0151s t\u00e1mad\u00e1suk v\u00e9g\u00e9t k\u00f6vet\u0151en n\u00f6velt\u00e9k el\u0151ny\u00fcket. A biztos vezet\u00e9s felszabadultt\u00e1 tette a piros-k\u00e9keket, akik el\u0151tt voltak \u00fajabb \u00edg\u00e9retes lehet\u0151s\u00e9gek, azonban a t\u00faloldalon is t\u00f6bb kecsegtet\u0151 akci\u00f3 futott. K\u00f6z\u00fcl\u00fck is a legnagyobb Girsik \u00c1ron ajt\u00f3-ablak szitu\u00e1ci\u00f3ban a bal\u00f6sszek\u00f6t\u0151 hely\u00e9r\u0151l leadott l\u00f6v\u00e9se, amely a hossz\u00fa sarok helyett a jobb kapuf\u00e1t tal\u00e1lta el \u00e9s onnan v\u00e1g\u00f3dott vissza. Mindent egybevetve, a meccs k\u00e9pe alapj\u00e1n legal\u00e1bb egy d\u00f6ntetlenre j\u00f3k lehett\u00fcnk volna, azonban csapatunk \u00f6nmag\u00e1t verte meg. M\u00e9g a Vasas vezet\u0151 edz\u0151je, Szany\u00f3 K\u00e1roly is nyilatkozat\u00e1ban sportszer\u0171en elismerte, hogy voltak a m\u00e9rk\u0151z\u00e9snek fordul\u00f3 pontjai \u00e9s bizony alakulhatott volna sz\u00e1mukra kedvez\u0151tlenebb\u00fcl az eredm\u00e9ny. Tekintve, hogy szoros \u00e9s ennek megfelel\u0151en rettent\u0151en k\u00e9pl\u00e9keny a mez\u0151ny, \u00edgy egyetlen fordul\u00f3 teljesen \u00e1trendezheti a tabell\u00e1t. Magunkat hoztuk most neh\u00e9z helyzetbe, hiszen m\u00e1ris k\u00e9t hellyel h\u00e1tr\u00e1bb k\u00e9nyszer\u00fclt\u00fcnk \u00e9s j\u00f6v\u0151 vas\u00e1rnap nem csak k\u00e9nyszerhat\u00e1s alatt kellen jav\u00edtanunk, de benn\u00fcnk lesz a szerdai kupameccs is.<\/p>\n<p>A tavaszr\u00f3l el\u0151rehozott els\u0151 fordul\u00f3 a k\u00f6zvetlen \u00fcld\u00f6z\u0151ink siker\u00e9t hozta, akik valamennyien beel\u0151ztek minket. A B\u00e9k\u00e9scsaba Tiszak\u00e9csk\u00e9n nyert 1-0-ra, m\u00edg a val\u00f3s\u00e1ggal megt\u00e1ltosodott Ny\u00edregyh\u00e1za otthon\u00e1ban 4:0 ar\u00e1nyban lemosta a megtorpant Buda\u00f6rs\u00f6t \u00fagy, hogy g\u00f3ln\u00e9lk\u00fcli \u00e1ll\u00e1sn\u00e1l a vend\u00e9gek b\u00fcntet\u0151t hib\u00e1ztak. Az ut\u00f3bbi id\u0151szakban egyre jobban leeresztett Ajka \u00fagy kapott ki Gy\u0151rben az ETO ellen, hogy vezetett, de vend\u00e9gl\u00e1t\u00f3juk az utols\u00f3 negyed\u00f3r\u00e1ban 2-1-re ford\u00edtani tudott. A V\u00e1c ez\u00fattal pontosan hagyta el a j\u00e1t\u00e9kteret \u00e1tmeneti otthon\u00e1ban, Balassagyarmaton, miut\u00e1n 2-2-es d\u00f6ntetlent j\u00e1tszott a vesz\u00e9lyz\u00f3n\u00e1ba cs\u00faszott Szolnokkal szemben. &nbsp;A m\u00e1sik kies\u0151jel\u00f6lt, a Halad\u00e1s szint\u00e9n otthon pr\u00f3b\u00e1lkozott, de nem siker\u00fclt m\u00e9g pontot sem szereznie a Gyirm\u00f3t ellen. A vend\u00e9gek 1-0-\u00e1s gy\u0151zelm\u00fcnkkel vihett\u00e9k haza mindh\u00e1rom pontot. A Kazincbarcika megint p\u00e1lyav\u00e1laszt\u00f3k\u00e9nt kapott ki, m\u00e9gpedig 1-0-ra a Soroks\u00e1rt\u00f3l, m\u00edg az el\u0151kel\u0151 helyen \u00e1ll\u00f3 Budafok hazai k\u00f6rnyezetben ugyan ilyen ar\u00e1nyban kiizzadta a gy\u0151zelmet a Szeged ellen. A helyez\u00e9s alapj\u00e1n a fordul\u00f3 rangad\u00f3j\u00e1nak az MTK-Cs\u00e1kv\u00e1r p\u00e1ros\u00edt\u00e1s sz\u00e1m\u00edtott, azonban az \u00e9llovas hazaiak viszonylag k\u00f6nnyed\u00e9n rendezt\u00e9k le a 3. helyen \u00e1ll\u00f3 vend\u00e9geiket 3:0 ar\u00e1nyban. A Fej\u00e9r megyei alakulat a sereghajt\u00f3kat megsz\u00e9gyen\u00edt\u0151 veres\u00e9gsorozatot produk\u00e1l j\u00f3 ideje, de csak most j\u00f6tt el az ideje, hogy leszoruljanak a dobog\u00f3r\u00f3l, mindj\u00e1rt k\u00e9t helyet zuhanva, m\u00e1r csak az 5. helyen \u00e1llnak \u00e9s ugyan annyi veres\u00e9g\u00fck van, mint a tizedik helyezett mieinknek. A meglehet\u0151sen harmatos \u00e9s p\u00e1r fordul\u00f3val m\u00e9g m\u00f6g\u00f6tt\u00fcnk \u00e1llt Gy\u0151ri ETO a 4. helyre ugrott, m\u00edg a fordul\u00f3 nagy vesztese a pihen\u0151napos Si\u00f3fok volt, akik m\u00e1r csak a hetedikek, n\u00e1lunk csak h\u00e1rom ponttal t\u00f6bbet szerezve.<\/p>\n<p style=\"text-align: center;\"><img fetchpriority=\"high\" decoding=\"async\" class=\"alignnone size-full wp-image-21428\" src=\"https:\/\/dorogimedence.hu\/wp-content\/uploads\/2019\/12\/havas-palya.jpg\" alt=\"\" width=\"670\" height=\"365\" srcset=\"https:\/\/dorogimedence.hu\/wp-content\/uploads\/2019\/12\/havas-palya.jpg 670w, https:\/\/dorogimedence.hu\/wp-content\/uploads\/2019\/12\/havas-palya-300x163.jpg 300w\" sizes=\"(max-width: 670px) 100vw, 670px\" \/><em>A m\u00falt h\u00e9ten \u00edgy festett a Buz\u00e1nszky stadion. Rem\u00e9lhet\u0151en ez\u00fattal j\u00f3val ide\u00e1lis viszonyok v\u00e1rj\u00e1k a feleket majd<\/em><\/p>\n<p>A m\u00falt heti havaz\u00e1s \u00e9s er\u0151s fagy miatt elmaradt kupameccs\u00fcnket egy h\u00e9t cs\u00fasz\u00e1ssal p\u00f3tolj\u00e1k. Az eredeti id\u0151pontban j\u00e1tszott meccs el\u0151tt egy remek idegenbeli gy\u0151zelm\u00fcnk\u00f6n voltunk t\u00fal, most viszont k\u00e9tg\u00f3los veres\u00e9ggel a h\u00e1tunk m\u00f6g\u00f6tt k\u00e9sz\u00fclhet\u00fcnk. Ak\u00e1r fel is paprik\u00e1zhatja a g\u00e1rd\u00e1t mindez, azonban n\u00e9h\u00e1ny napra r\u00e1 el\u0151tt\u00fcnk a roppant fontos hazai Ny\u00edregyh\u00e1za elleni bajnokink is. Az alaphelyzet azonban nem v\u00e1ltozott, a mieinkt\u0151l a maxim\u00e1lis er\u0151bedob\u00e1st \u00e9s tisztes helyt\u00e1ll\u00e1st v\u00e1runk a debreceniek ellen. A k\u00e9t csapat egym\u00e1s elleni m\u00e9rleg\u00e9r\u0151l \u00e9s az eredeti meccsbeharangoz\u00f3 <a href=\"https:\/\/dorogimedence.hu\/index.php\/2019\/12\/03\/nagyszeru-szezonzarast-kovetoen-hetkozi-kupameccs-dorogon\/\" target=\"_blank\" rel=\"noopener noreferrer\"><span style=\"color: #0000ff;\"><strong><span style=\"text-decoration: underline;\">itt olvashat\u00f3<\/span><\/strong><\/span><\/a>. Ellenfel\u00fcnk legut\u00f3bb hazai p\u00e1ly\u00e1n, szombaton 1-1-es d\u00f6ntetlent \u00e9rt el a Kispest ellen. A f\u00e9lid\u0151 vend\u00e9g vezet\u00e9ssel z\u00e1rult, azonban a Loki nem csak egyenl\u00edtetett a folytat\u00e1sban, de v\u00e9g\u00e9n k\u00f6zelebb \u00e1llt a gy\u0151zelemhez. Az ezt megel\u0151z\u0151 fordul\u00f3ban pedig 2-0-ra nertek a hajd\u00fas\u00e1giak Zalaegerszegen. Jelenleg az NB I. 8. hely\u00e9n \u00e1llnak. A Debrecen az idei Magyar Kup\u00e1ban kor\u00e1bban el\u0151bb a S\u00e1rv\u00e1rt b\u00facs\u00faztatta 3:0 ar\u00e1nyban, majd az el\u0151z\u0151 fordul\u00f3ban a Tatab\u00e1ny\u00e1t 2-0-\u00e1s gy\u0151zelm\u00e9vel. K\u00e9nyelmesebb, vagy id\u0151hi\u00e1nyban szenved\u0151 olvas\u00f3inknak, akiknek nem \u00e1ll m\u00f3djukban b\u00f6ng\u00e9szni a fentebb linkelt r\u00e9szletes egym\u00e1s elleni m\u00e9rk\u0151z\u00e9seink \u00f6sszefoglal\u00f3j\u00e1t, k\u00f6nny\u00edt\u00e9sk\u00e9nt itt az \u00f6r\u00f6k m\u00e9rleg\u00fcnk kiemelten is summ\u00e1zva. Eddig 26 alkalommal ker\u00fclt sor t\u00e9tm\u00e9rk\u0151zre a Dorog \u00e9s a Debrecen k\u00f6z\u00f6tt, amely sor\u00e1n 12 dorogi gy\u0151zelem, 7 d\u00f6ntetlen, 7 veres\u00e9g sz\u00fcletett, 58:35-\u00f6s g\u00f3lar\u00e1nnyal. Hazai m\u00e9rleg\u00fcnk a Debrecen ellen: 12 meccsb\u0151l 8 gy\u0151zelem, 1 d\u00f6ntetlen, 3 veres\u00e9g, 37:15-\u00f6s g\u00f3lar\u00e1ny. Amennyiben csak a el\u0151z\u0151 meccsek m\u00e9rlege volna a m\u00e9rvad\u00f3, nem kellene t\u00fals\u00e1gosan agg\u00f3dnunk. Azonban szerd\u00e1n csak az itt, csak a most alapon fog minden eld\u00f6lni.<\/p>\n<p>Hab\u00e1r n\u00e9h\u00e1ny napja azt \u00edrt\u00e1k, hogy a III. ker\u00fcleti TVE p\u00e1ly\u00e1n lesz a m\u00e9rk\u0151z\u00e9s, a mai napon k\u00f6zlem\u00e9nyt adta ki, miszerint Dorogon lesz megtartva.<\/p>\n<p><span style=\"color: #ff0000;\"><strong>Magyar Kupa 3. fordul\u00f3<\/strong><\/span><br \/>\n<span style=\"color: #ff0000;\"><strong>Id\u0151pont:<\/strong> 2019. december 11. Szerda 12:00<\/span><br \/>\n<span style=\"color: #ff0000;\"><strong>Helysz\u00edn:<\/strong> Buz\u00e1nszky Jen\u0151 stadion<\/span><\/p>\n","protected":false},"excerpt":{"rendered":"<p>Az id\u0151j\u00e1r\u00e1si viszontags\u00e1gok miatt a december 4-re kit\u0171z\u00f6tt kupameccs\u00fcnk elmaradt, amely most szerd\u00e1n ker\u00fcl ism\u00e9tl\u00e9sre \u00e9s rem\u00e9lhet\u0151leg ez\u00fattal lej\u00e1tszhat\u00f3 lesz a tal\u00e1lkoz\u00f3. A h\u00e9tv\u00e9g\u00e9n lebonyol\u00edt\u00e1sra ker\u00fclt bajnokin a f\u0151pr\u00f3ba nem siker\u00fclt, miut\u00e1n csapatunk a Vasas ellen idegenben szenvedett veres\u00e9get &#8211; Szab\u00f3 Gyula cikke. Nem j\u00f6tt \u00f6ssze a mieinknek a sikeres bajnoki folytat\u00e1s, egyben a f\u0151pr\u00f3ba<\/p>\n","protected":false},"author":1,"featured_media":21323,"comment_status":"closed","ping_status":"closed","sticky":false,"template":"","format":"standard","meta":{"ngg_post_thumbnail":0,"footnotes":""},"categories":[2,3,5],"tags":[1376,15,37,70,69,72,71,16],"class_list":{"0":"post-21513","1":"post","2":"type-post","3":"status-publish","4":"format-standard","5":"has-post-thumbnail","7":"category-dorog","8":"category-hirek","9":"category-sport","10":"tag-debrecen","11":"tag-dorog","12":"tag-dorogi-fc","13":"tag-foci","14":"tag-futball","15":"tag-labdarugas","16":"tag-magyar-kupa","17":"tag-sport"},"yoast_head":"<!-- This site is optimized with the Yoast SEO plugin v27.5 - https:\/\/yoast.com\/product\/yoast-seo-wordpress\/ -->\n<title>Dorog \u2013 Debrecen \u00fajrat\u00f6ltve<\/title>\n<meta name=\"robots\" content=\"index, follow, max-snippet:-1, max-image-preview:large, max-video-preview:-1\" \/>\n<link rel=\"canonical\" href=\"https:\/\/dorogimedence.hu\/index.php\/2019\/12\/10\/dorog-debrecen-ujratoltve\/\" class=\"yoast-seo-meta-tag\" \/>\n<meta property=\"og:locale\" content=\"hu_HU\" class=\"yoast-seo-meta-tag\" \/>\n<meta property=\"og:type\" content=\"article\" class=\"yoast-seo-meta-tag\" \/>\n<meta property=\"og:title\" content=\"Dorog \u2013 Debrecen \u00fajrat\u00f6ltve\" class=\"yoast-seo-meta-tag\" \/>\n<meta property=\"og:description\" content=\"Az id\u0151j\u00e1r\u00e1si viszontags\u00e1gok miatt a december 4-re kit\u0171z\u00f6tt kupameccs\u00fcnk elmaradt, amely most szerd\u00e1n ker\u00fcl ism\u00e9tl\u00e9sre \u00e9s rem\u00e9lhet\u0151leg ez\u00fattal lej\u00e1tszhat\u00f3 lesz a tal\u00e1lkoz\u00f3. A h\u00e9tv\u00e9g\u00e9n lebonyol\u00edt\u00e1sra ker\u00fclt bajnokin a f\u0151pr\u00f3ba nem siker\u00fclt, miut\u00e1n csapatunk a Vasas ellen idegenben szenvedett veres\u00e9get &#8211; Szab\u00f3 Gyula cikke. Nem j\u00f6tt \u00f6ssze a mieinknek a sikeres bajnoki folytat\u00e1s, egyben a f\u0151pr\u00f3ba\" class=\"yoast-seo-meta-tag\" \/>\n<meta property=\"og:url\" content=\"https:\/\/dorogimedence.hu\/index.php\/2019\/12\/10\/dorog-debrecen-ujratoltve\/\" class=\"yoast-seo-meta-tag\" \/>\n<meta property=\"og:site_name\" content=\"Dorogi-medence Region\u00e1lis H\u00edrport\u00e1l\" class=\"yoast-seo-meta-tag\" \/>\n<meta property=\"article:publisher\" content=\"https:\/\/www.facebook.com\/dorogimedence\/\" class=\"yoast-seo-meta-tag\" \/>\n<meta property=\"article:published_time\" content=\"2019-12-10T08:56:58+00:00\" class=\"yoast-seo-meta-tag\" \/>\n<meta property=\"article:modified_time\" content=\"2019-12-10T09:08:24+00:00\" class=\"yoast-seo-meta-tag\" \/>\n<meta property=\"og:image\" content=\"https:\/\/i0.wp.com\/dorogimedence.hu\/wp-content\/uploads\/2019\/12\/dorog-debrecen-01.jpg?fit=670%2C365&ssl=1\" class=\"yoast-seo-meta-tag\" \/>\n\t<meta property=\"og:image:width\" content=\"670\" class=\"yoast-seo-meta-tag\" \/>\n\t<meta property=\"og:image:height\" content=\"365\" class=\"yoast-seo-meta-tag\" \/>\n\t<meta property=\"og:image:type\" content=\"image\/jpeg\" class=\"yoast-seo-meta-tag\" \/>\n<meta name=\"author\" content=\"dorogimedence.hu\" class=\"yoast-seo-meta-tag\" \/>\n<meta name=\"twitter:card\" content=\"summary_large_image\" class=\"yoast-seo-meta-tag\" \/>\n<meta name=\"twitter:label1\" content=\"Szerz\u0151:\" class=\"yoast-seo-meta-tag\" \/>\n\t<meta name=\"twitter:data1\" content=\"dorogimedence.hu\" class=\"yoast-seo-meta-tag\" \/>\n\t<meta name=\"twitter:label2\" content=\"Becs\u00fclt olvas\u00e1si id\u0151\" class=\"yoast-seo-meta-tag\" \/>\n\t<meta name=\"twitter:data2\" content=\"7 perc\" class=\"yoast-seo-meta-tag\" \/>\n<script type=\"application\/ld+json\" class=\"yoast-schema-graph\">{\"@context\":\"https:\\\/\\\/schema.org\",\"@graph\":[{\"@type\":\"Article\",\"@id\":\"https:\\\/\\\/dorogimedence.hu\\\/index.php\\\/2019\\\/12\\\/10\\\/dorog-debrecen-ujratoltve\\\/#article\",\"isPartOf\":{\"@id\":\"https:\\\/\\\/dorogimedence.hu\\\/index.php\\\/2019\\\/12\\\/10\\\/dorog-debrecen-ujratoltve\\\/\"},\"author\":{\"name\":\"dorogimedence.hu\",\"@id\":\"https:\\\/\\\/dorogimedence.hu\\\/#\\\/schema\\\/person\\\/ce6091eeb7e95ecdc87890d6aa8e0fd4\"},\"headline\":\"Dorog \u2013 Debrecen \u00fajrat\u00f6ltve\",\"datePublished\":\"2019-12-10T08:56:58+00:00\",\"dateModified\":\"2019-12-10T09:08:24+00:00\",\"mainEntityOfPage\":{\"@id\":\"https:\\\/\\\/dorogimedence.hu\\\/index.php\\\/2019\\\/12\\\/10\\\/dorog-debrecen-ujratoltve\\\/\"},\"wordCount\":1437,\"publisher\":{\"@id\":\"https:\\\/\\\/dorogimedence.hu\\\/#organization\"},\"image\":{\"@id\":\"https:\\\/\\\/dorogimedence.hu\\\/index.php\\\/2019\\\/12\\\/10\\\/dorog-debrecen-ujratoltve\\\/#primaryimage\"},\"thumbnailUrl\":\"https:\\\/\\\/dorogimedence.hu\\\/wp-content\\\/uploads\\\/2019\\\/12\\\/dorog-debrecen-01.jpg\",\"keywords\":[\"Debrecen\",\"Dorog\",\"Dorogi FC\",\"foci\",\"futball\",\"labdar\u00fag\u00e1s\",\"Magyar Kupa\",\"sport\"],\"articleSection\":[\"Dorog\",\"H\u00edrek\",\"Sport\"],\"inLanguage\":\"hu\"},{\"@type\":\"WebPage\",\"@id\":\"https:\\\/\\\/dorogimedence.hu\\\/index.php\\\/2019\\\/12\\\/10\\\/dorog-debrecen-ujratoltve\\\/\",\"url\":\"https:\\\/\\\/dorogimedence.hu\\\/index.php\\\/2019\\\/12\\\/10\\\/dorog-debrecen-ujratoltve\\\/\",\"name\":\"Dorog \u2013 Debrecen \u00fajrat\u00f6ltve\",\"isPartOf\":{\"@id\":\"https:\\\/\\\/dorogimedence.hu\\\/#website\"},\"primaryImageOfPage\":{\"@id\":\"https:\\\/\\\/dorogimedence.hu\\\/index.php\\\/2019\\\/12\\\/10\\\/dorog-debrecen-ujratoltve\\\/#primaryimage\"},\"image\":{\"@id\":\"https:\\\/\\\/dorogimedence.hu\\\/index.php\\\/2019\\\/12\\\/10\\\/dorog-debrecen-ujratoltve\\\/#primaryimage\"},\"thumbnailUrl\":\"https:\\\/\\\/dorogimedence.hu\\\/wp-content\\\/uploads\\\/2019\\\/12\\\/dorog-debrecen-01.jpg\",\"datePublished\":\"2019-12-10T08:56:58+00:00\",\"dateModified\":\"2019-12-10T09:08:24+00:00\",\"breadcrumb\":{\"@id\":\"https:\\\/\\\/dorogimedence.hu\\\/index.php\\\/2019\\\/12\\\/10\\\/dorog-debrecen-ujratoltve\\\/#breadcrumb\"},\"inLanguage\":\"hu\",\"potentialAction\":[{\"@type\":\"ReadAction\",\"target\":[\"https:\\\/\\\/dorogimedence.hu\\\/index.php\\\/2019\\\/12\\\/10\\\/dorog-debrecen-ujratoltve\\\/\"]}]},{\"@type\":\"ImageObject\",\"inLanguage\":\"hu\",\"@id\":\"https:\\\/\\\/dorogimedence.hu\\\/index.php\\\/2019\\\/12\\\/10\\\/dorog-debrecen-ujratoltve\\\/#primaryimage\",\"url\":\"https:\\\/\\\/dorogimedence.hu\\\/wp-content\\\/uploads\\\/2019\\\/12\\\/dorog-debrecen-01.jpg\",\"contentUrl\":\"https:\\\/\\\/dorogimedence.hu\\\/wp-content\\\/uploads\\\/2019\\\/12\\\/dorog-debrecen-01.jpg\",\"width\":670,\"height\":365},{\"@type\":\"BreadcrumbList\",\"@id\":\"https:\\\/\\\/dorogimedence.hu\\\/index.php\\\/2019\\\/12\\\/10\\\/dorog-debrecen-ujratoltve\\\/#breadcrumb\",\"itemListElement\":[{\"@type\":\"ListItem\",\"position\":1,\"name\":\"Kezd\u0151lap\",\"item\":\"https:\\\/\\\/dorogimedence.hu\\\/\"},{\"@type\":\"ListItem\",\"position\":2,\"name\":\"Dorog \u2013 Debrecen \u00fajrat\u00f6ltve\"}]},{\"@type\":\"WebSite\",\"@id\":\"https:\\\/\\\/dorogimedence.hu\\\/#website\",\"url\":\"https:\\\/\\\/dorogimedence.hu\\\/\",\"name\":\"Dorogi-medence Region\u00e1lis H\u00edrport\u00e1l\",\"description\":\"Dorog, Keszt\u00f6lc, Le\u00e1nyv\u00e1r, Piliscs\u00e9v, Tokod, Tokodalt\u00e1r\u00f3, Csolnok, Esztergom-kertv\u00e1ros: h\u00edrek, programok\",\"publisher\":{\"@id\":\"https:\\\/\\\/dorogimedence.hu\\\/#organization\"},\"potentialAction\":[{\"@type\":\"SearchAction\",\"target\":{\"@type\":\"EntryPoint\",\"urlTemplate\":\"https:\\\/\\\/dorogimedence.hu\\\/?s={search_term_string}\"},\"query-input\":{\"@type\":\"PropertyValueSpecification\",\"valueRequired\":true,\"valueName\":\"search_term_string\"}}],\"inLanguage\":\"hu\"},{\"@type\":\"Organization\",\"@id\":\"https:\\\/\\\/dorogimedence.hu\\\/#organization\",\"name\":\"Dorogi-medence Region\u00e1lis H\u00edrport\u00e1l\",\"url\":\"https:\\\/\\\/dorogimedence.hu\\\/\",\"logo\":{\"@type\":\"ImageObject\",\"inLanguage\":\"hu\",\"@id\":\"https:\\\/\\\/dorogimedence.hu\\\/#\\\/schema\\\/logo\\\/image\\\/\",\"url\":\"https:\\\/\\\/dorogimedence.hu\\\/wp-content\\\/uploads\\\/2021\\\/04\\\/logo-feher-600.png\",\"contentUrl\":\"https:\\\/\\\/dorogimedence.hu\\\/wp-content\\\/uploads\\\/2021\\\/04\\\/logo-feher-600.png\",\"width\":600,\"height\":100,\"caption\":\"Dorogi-medence Region\u00e1lis H\u00edrport\u00e1l\"},\"image\":{\"@id\":\"https:\\\/\\\/dorogimedence.hu\\\/#\\\/schema\\\/logo\\\/image\\\/\"},\"sameAs\":[\"https:\\\/\\\/www.facebook.com\\\/dorogimedence\\\/\"]},{\"@type\":\"Person\",\"@id\":\"https:\\\/\\\/dorogimedence.hu\\\/#\\\/schema\\\/person\\\/ce6091eeb7e95ecdc87890d6aa8e0fd4\",\"name\":\"dorogimedence.hu\",\"image\":{\"@type\":\"ImageObject\",\"inLanguage\":\"hu\",\"@id\":\"\\\/\\\/www.gravatar.com\\\/avatar\\\/d8d45f8901aadff40a4af72c0b826f1d?s=96&#038;r=g&#038;d=mm\",\"url\":\"\\\/\\\/www.gravatar.com\\\/avatar\\\/d8d45f8901aadff40a4af72c0b826f1d?s=96&#038;r=g&#038;d=mm\",\"contentUrl\":\"\\\/\\\/www.gravatar.com\\\/avatar\\\/d8d45f8901aadff40a4af72c0b826f1d?s=96&#038;r=g&#038;d=mm\",\"caption\":\"dorogimedence.hu\"}}]}<\/script>\n<!-- \/ Yoast SEO plugin. -->","yoast_head_json":{"title":"Dorog \u2013 Debrecen \u00fajrat\u00f6ltve","robots":{"index":"index","follow":"follow","max-snippet":"max-snippet:-1","max-image-preview":"max-image-preview:large","max-video-preview":"max-video-preview:-1"},"canonical":"https:\/\/dorogimedence.hu\/index.php\/2019\/12\/10\/dorog-debrecen-ujratoltve\/","og_locale":"hu_HU","og_type":"article","og_title":"Dorog \u2013 Debrecen \u00fajrat\u00f6ltve","og_description":"Az id\u0151j\u00e1r\u00e1si viszontags\u00e1gok miatt a december 4-re kit\u0171z\u00f6tt kupameccs\u00fcnk elmaradt, amely most szerd\u00e1n ker\u00fcl ism\u00e9tl\u00e9sre \u00e9s rem\u00e9lhet\u0151leg ez\u00fattal lej\u00e1tszhat\u00f3 lesz a tal\u00e1lkoz\u00f3. A h\u00e9tv\u00e9g\u00e9n lebonyol\u00edt\u00e1sra ker\u00fclt bajnokin a f\u0151pr\u00f3ba nem siker\u00fclt, miut\u00e1n csapatunk a Vasas ellen idegenben szenvedett veres\u00e9get &#8211; Szab\u00f3 Gyula cikke. Nem j\u00f6tt \u00f6ssze a mieinknek a sikeres bajnoki folytat\u00e1s, egyben a f\u0151pr\u00f3ba","og_url":"https:\/\/dorogimedence.hu\/index.php\/2019\/12\/10\/dorog-debrecen-ujratoltve\/","og_site_name":"Dorogi-medence Region\u00e1lis H\u00edrport\u00e1l","article_publisher":"https:\/\/www.facebook.com\/dorogimedence\/","article_published_time":"2019-12-10T08:56:58+00:00","article_modified_time":"2019-12-10T09:08:24+00:00","og_image":[{"width":670,"height":365,"url":"https:\/\/i0.wp.com\/dorogimedence.hu\/wp-content\/uploads\/2019\/12\/dorog-debrecen-01.jpg?fit=670%2C365&ssl=1","type":"image\/jpeg"}],"author":"dorogimedence.hu","twitter_card":"summary_large_image","twitter_misc":{"Szerz\u0151:":"dorogimedence.hu","Becs\u00fclt olvas\u00e1si id\u0151":"7 perc"},"schema":{"@context":"https:\/\/schema.org","@graph":[{"@type":"Article","@id":"https:\/\/dorogimedence.hu\/index.php\/2019\/12\/10\/dorog-debrecen-ujratoltve\/#article","isPartOf":{"@id":"https:\/\/dorogimedence.hu\/index.php\/2019\/12\/10\/dorog-debrecen-ujratoltve\/"},"author":{"name":"dorogimedence.hu","@id":"https:\/\/dorogimedence.hu\/#\/schema\/person\/ce6091eeb7e95ecdc87890d6aa8e0fd4"},"headline":"Dorog \u2013 Debrecen \u00fajrat\u00f6ltve","datePublished":"2019-12-10T08:56:58+00:00","dateModified":"2019-12-10T09:08:24+00:00","mainEntityOfPage":{"@id":"https:\/\/dorogimedence.hu\/index.php\/2019\/12\/10\/dorog-debrecen-ujratoltve\/"},"wordCount":1437,"publisher":{"@id":"https:\/\/dorogimedence.hu\/#organization"},"image":{"@id":"https:\/\/dorogimedence.hu\/index.php\/2019\/12\/10\/dorog-debrecen-ujratoltve\/#primaryimage"},"thumbnailUrl":"https:\/\/dorogimedence.hu\/wp-content\/uploads\/2019\/12\/dorog-debrecen-01.jpg","keywords":["Debrecen","Dorog","Dorogi FC","foci","futball","labdar\u00fag\u00e1s","Magyar Kupa","sport"],"articleSection":["Dorog","H\u00edrek","Sport"],"inLanguage":"hu"},{"@type":"WebPage","@id":"https:\/\/dorogimedence.hu\/index.php\/2019\/12\/10\/dorog-debrecen-ujratoltve\/","url":"https:\/\/dorogimedence.hu\/index.php\/2019\/12\/10\/dorog-debrecen-ujratoltve\/","name":"Dorog \u2013 Debrecen \u00fajrat\u00f6ltve","isPartOf":{"@id":"https:\/\/dorogimedence.hu\/#website"},"primaryImageOfPage":{"@id":"https:\/\/dorogimedence.hu\/index.php\/2019\/12\/10\/dorog-debrecen-ujratoltve\/#primaryimage"},"image":{"@id":"https:\/\/dorogimedence.hu\/index.php\/2019\/12\/10\/dorog-debrecen-ujratoltve\/#primaryimage"},"thumbnailUrl":"https:\/\/dorogimedence.hu\/wp-content\/uploads\/2019\/12\/dorog-debrecen-01.jpg","datePublished":"2019-12-10T08:56:58+00:00","dateModified":"2019-12-10T09:08:24+00:00","breadcrumb":{"@id":"https:\/\/dorogimedence.hu\/index.php\/2019\/12\/10\/dorog-debrecen-ujratoltve\/#breadcrumb"},"inLanguage":"hu","potentialAction":[{"@type":"ReadAction","target":["https:\/\/dorogimedence.hu\/index.php\/2019\/12\/10\/dorog-debrecen-ujratoltve\/"]}]},{"@type":"ImageObject","inLanguage":"hu","@id":"https:\/\/dorogimedence.hu\/index.php\/2019\/12\/10\/dorog-debrecen-ujratoltve\/#primaryimage","url":"https:\/\/dorogimedence.hu\/wp-content\/uploads\/2019\/12\/dorog-debrecen-01.jpg","contentUrl":"https:\/\/dorogimedence.hu\/wp-content\/uploads\/2019\/12\/dorog-debrecen-01.jpg","width":670,"height":365},{"@type":"BreadcrumbList","@id":"https:\/\/dorogimedence.hu\/index.php\/2019\/12\/10\/dorog-debrecen-ujratoltve\/#breadcrumb","itemListElement":[{"@type":"ListItem","position":1,"name":"Kezd\u0151lap","item":"https:\/\/dorogimedence.hu\/"},{"@type":"ListItem","position":2,"name":"Dorog \u2013 Debrecen \u00fajrat\u00f6ltve"}]},{"@type":"WebSite","@id":"https:\/\/dorogimedence.hu\/#website","url":"https:\/\/dorogimedence.hu\/","name":"Dorogi-medence Region\u00e1lis H\u00edrport\u00e1l","description":"Dorog, Keszt\u00f6lc, Le\u00e1nyv\u00e1r, Piliscs\u00e9v, Tokod, Tokodalt\u00e1r\u00f3, Csolnok, Esztergom-kertv\u00e1ros: h\u00edrek, programok","publisher":{"@id":"https:\/\/dorogimedence.hu\/#organization"},"potentialAction":[{"@type":"SearchAction","target":{"@type":"EntryPoint","urlTemplate":"https:\/\/dorogimedence.hu\/?s={search_term_string}"},"query-input":{"@type":"PropertyValueSpecification","valueRequired":true,"valueName":"search_term_string"}}],"inLanguage":"hu"},{"@type":"Organization","@id":"https:\/\/dorogimedence.hu\/#organization","name":"Dorogi-medence Region\u00e1lis H\u00edrport\u00e1l","url":"https:\/\/dorogimedence.hu\/","logo":{"@type":"ImageObject","inLanguage":"hu","@id":"https:\/\/dorogimedence.hu\/#\/schema\/logo\/image\/","url":"https:\/\/dorogimedence.hu\/wp-content\/uploads\/2021\/04\/logo-feher-600.png","contentUrl":"https:\/\/dorogimedence.hu\/wp-content\/uploads\/2021\/04\/logo-feher-600.png","width":600,"height":100,"caption":"Dorogi-medence Region\u00e1lis H\u00edrport\u00e1l"},"image":{"@id":"https:\/\/dorogimedence.hu\/#\/schema\/logo\/image\/"},"sameAs":["https:\/\/www.facebook.com\/dorogimedence\/"]},{"@type":"Person","@id":"https:\/\/dorogimedence.hu\/#\/schema\/person\/ce6091eeb7e95ecdc87890d6aa8e0fd4","name":"dorogimedence.hu","image":{"@type":"ImageObject","inLanguage":"hu","@id":"\/\/www.gravatar.com\/avatar\/d8d45f8901aadff40a4af72c0b826f1d?s=96&#038;r=g&#038;d=mm","url":"\/\/www.gravatar.com\/avatar\/d8d45f8901aadff40a4af72c0b826f1d?s=96&#038;r=g&#038;d=mm","contentUrl":"\/\/www.gravatar.com\/avatar\/d8d45f8901aadff40a4af72c0b826f1d?s=96&#038;r=g&#038;d=mm","caption":"dorogimedence.hu"}}]}},"_links":{"self":[{"href":"https:\/\/dorogimedence.hu\/index.php\/wp-json\/wp\/v2\/posts\/21513","targetHints":{"allow":["GET"]}}],"collection":[{"href":"https:\/\/dorogimedence.hu\/index.php\/wp-json\/wp\/v2\/posts"}],"about":[{"href":"https:\/\/dorogimedence.hu\/index.php\/wp-json\/wp\/v2\/types\/post"}],"author":[{"embeddable":true,"href":"https:\/\/dorogimedence.hu\/index.php\/wp-json\/wp\/v2\/users\/1"}],"replies":[{"embeddable":true,"href":"https:\/\/dorogimedence.hu\/index.php\/wp-json\/wp\/v2\/comments?post=21513"}],"version-history":[{"count":0,"href":"https:\/\/dorogimedence.hu\/index.php\/wp-json\/wp\/v2\/posts\/21513\/revisions"}],"wp:featuredmedia":[{"embeddable":true,"href":"https:\/\/dorogimedence.hu\/index.php\/wp-json\/wp\/v2\/media\/21323"}],"wp:attachment":[{"href":"https:\/\/dorogimedence.hu\/index.php\/wp-json\/wp\/v2\/media?parent=21513"}],"wp:term":[{"taxonomy":"category","embeddable":true,"href":"https:\/\/dorogimedence.hu\/index.php\/wp-json\/wp\/v2\/categories?post=21513"},{"taxonomy":"post_tag","embeddable":true,"href":"https:\/\/dorogimedence.hu\/index.php\/wp-json\/wp\/v2\/tags?post=21513"}],"curies":[{"name":"wp","href":"https:\/\/api.w.org\/{rel}","templated":true}]}}