{"id":21504,"date":"2019-12-10T07:31:23","date_gmt":"2019-12-10T06:31:23","guid":{"rendered":"http:\/\/dorogimedence.hu\/?p=21504"},"modified":"2019-12-10T07:31:30","modified_gmt":"2019-12-10T06:31:30","slug":"meg-mindig-sok-karorat-ajandekozunk-karacsonykor","status":"publish","type":"post","link":"https:\/\/dorogimedence.hu\/index.php\/2019\/12\/10\/meg-mindig-sok-karorat-ajandekozunk-karacsonykor\/","title":{"rendered":"M\u00e9g mindig sok kar\u00f3r\u00e1t aj\u00e1nd\u00e9kozunk kar\u00e1csonykor"},"content":{"rendered":"<p><strong>A kar\u00e1csony k\u00f6z\u00e9lett\u00e9vel sokak legnagyobb probl\u00e9m\u00e1ja a megfelel\u0151 aj\u00e1nd\u00e9kok kiv\u00e1laszt\u00e1sa. Mindenki a legt\u00f6k\u00e9letesebb meglepet\u00e9st szeretn\u00e9 szeretteinek \u00e9s ez\u00e9rt sokan k\u00e9pesek ak\u00e1r b\u00e1rmit megadni. A kar\u00e1csonyi forgatag k\u00f6zeledt\u00e9vel ez\u00e9rt tartj\u00e1k minden\u00e9vben a fekete p\u00e9ntek elnevez\u00e9s\u0171 akci\u00f3s napot, ahol kedvezm\u00e9nyekkel v\u00e1s\u00e1rolhatjuk a m\u00e1r j\u00f3 el\u0151re kin\u00e9zett aj\u00e1nd\u00e9kainkat.<\/strong><\/p>\n<p>De mit tehet az, akinek nincs \u00f6tlete, \u00e9s nem tudja, mit v\u00e1s\u00e1roljon? Az interneten rengeteg oldal v\u00e1r minket jobbn\u00e1l jobb \u00f6tletekkel. Sz\u00e1mos elektronikai eszk\u00f6z, haszn\u00e1lati t\u00e1rgyak, ruh\u00e1k vagy \u00e9pp aj\u00e1nd\u00e9kutalv\u00e1nyok, de tal\u00e1lhatunk \u00f6tleteket a saj\u00e1tk\u00e9zzel k\u00e9sz\u00edtett aj\u00e1nd\u00e9kt\u00e1rgyakhoz, amit mi magunk is eltudunk ak\u00e1r k\u00e9sz\u00edteni.<\/p>\n<p>A megfelel\u0151 aj\u00e1nd\u00e9kt\u00e1rgy kiv\u00e1laszt\u00e1sa nem egyszer\u0171 dolog, de ha egy igaz\u00e1n k\u00fcl\u00f6nleges meglepet\u00e9ssel szeretn\u00e9k a fa alatt \u00f6r\u00f6met szeretni, akkor \u00e9rdemes olyan aj\u00e1nd\u00e9kkal k\u00e9sz\u00fclni, amivel az ember nem tud mell\u00e9 ny\u00falni. A<span style=\"text-decoration: underline; color: #0000ff;\"><a style=\"color: #0000ff; text-decoration: underline;\" href=\"http:\/\/www.ora-store.hu\/\" target=\"_blank\" rel=\"noopener noreferrer\"> store kar\u00f3ra<\/a><\/span> weboldal ehhez k\u00edn\u00e1l nek\u00fcnk trendi, mutat\u00f3s kar\u00f3r\u00e1kat, d\u00edszdobozban csomagolt kark\u00f6t\u0151ket \u00e9s nyakl\u00e1ncokat, de tal\u00e1lhatunk f\u00fclbeval\u00f3kat \u00e9s zseb\u00f3r\u00e1kat is. Egy aj\u00e1nd\u00e9k ne csak sz\u00e9p legyen, de visel\u0151je tudja is haszn\u00e1lni. A weboldalon a legk\u00fcl\u00f6nlegesebb \u00f3r\u00e1k tal\u00e1lhat\u00f3ak meg, a f\u00e9rfi b\u0151rsz\u00edjas \u00f3r\u00e1kon kereszt\u00fcl, a f\u00e9msz\u00edjas \u00e9s a f\u00e1b\u00f3l k\u00e9sz\u00fclt sz\u00edjas \u00f3r\u00e1k is megtal\u00e1lhat\u00f3ak. Sz\u00e1mos okos \u00f3ra is tal\u00e1lhat\u00f3, amik ma m\u00e1r a l\u00e9p\u00e9st, a pulzust a sz\u00edvver\u00e9s\u00fcnket is tudj\u00e1k egy id\u0151ben m\u00e9rni, \u00fagy hogy k\u00f6zben a telefonunkkal is kompatibilis. N\u0151i kar\u00f3r\u00e1k tekintet\u00e9ben hasonl\u00f3 vagy m\u00e9g nagyobb k\u00edn\u00e1lattal v\u00e1rnak minket, az eleg\u00e1ns f\u00e9msz\u00edjason kereszt\u00fcl a b\u0151r \u00e9s a selyemk\u00f6t\u00e9s\u0171 kar\u00f3r\u00e1k is megtal\u00e1lhat\u00f3ak. Ezen k\u00edv\u00fcl hatalmas v\u00e1laszt\u00e9kban kereshet\u00fcnk a nyakl\u00e1ncok \u00e9s f\u00fclbeval\u00f3k k\u00edn\u00e1lat\u00e1ban. Az \u00f3r\u00e1kon \u00e9s \u00e9kszereken 30-50% kedvezm\u00e9nyeket is tal\u00e1lhatunk, amik csup\u00e1n a k\u00e9szlet erej\u00e9ig el\u00e9rhet\u0151ek. Ezek mellett gondoltak a gyermekekre is, hiszen a legkisebbnek tal\u00e1lhatunk \u00e1llatmint\u00e1s kar\u00f3r\u00e1kat.<\/p>\n<p>Az oldal majdnem a legt\u00f6bb term\u00e9k\u00e9re azonnali sz\u00e1ll\u00edt\u00e1st v\u00e1llal, teh\u00e1t a megrendel\u00e9s\u00fcnk lead\u00e1sa napj\u00e1n \u0150k a csomagunkat m\u00e1r aznap a post\u00e1snak vagy fut\u00e1rnak tov\u00e1bb\u00edtj\u00e1k, akit\u0151l \u00edgy ak\u00e1r 1-2 nap alatt k\u00e9zhez vehetj\u00fck csomagunkat. A fizet\u00e9s tekintet\u00e9ben is igen egyszer\u0171 dolgunk van, hiszen az oldalon ut\u00e1nv\u00e9tes fizet\u00e9s mellett el\u00e9rhet\u0151 a bankk\u00e1rty\u00e1s fizet\u00e9si lehet\u0151s\u00e9g is. A telefonos vagy email-es \u00fcgyint\u00e9z\u00e9s is igaz\u00e1n egyszer\u0171 \u00e9s gyors. B\u00e1rmilyen k\u00e9r\u00e9ssel \u00e9s k\u00e9rd\u00e9ssel fordulhatunk hozz\u00e1juk.<\/p>\n<p>A kar\u00e1csony mindig egy neh\u00e9z id\u0151szak aj\u00e1nd\u00e9kv\u00e1s\u00e1rl\u00e1s szempontj\u00e1b\u00f3l. A megfelel\u0151 aj\u00e1nd\u00e9k \u00e9s annak beszerz\u00e9se a lehet\u0151 legjobb helyr\u0151l, \u00fagy, hogy a rendel\u00e9s\u00fcnket id\u0151ben, m\u00e9g kar\u00e1csony el\u0151tt megkapjuk nem egyszer\u0171 dolog. Az Ora-store azonban ebben is pr\u00f3b\u00e1l Nek\u00fcnk seg\u00edteni \u00e9s szebb\u00e9 egyediv\u00e9 t\u00e9ve a kar\u00e1csonyi aj\u00e1nd\u00e9koz\u00e1sunkat.<\/p>\n","protected":false},"excerpt":{"rendered":"<p>A kar\u00e1csony k\u00f6z\u00e9lett\u00e9vel sokak legnagyobb probl\u00e9m\u00e1ja a megfelel\u0151 aj\u00e1nd\u00e9kok kiv\u00e1laszt\u00e1sa. Mindenki a legt\u00f6k\u00e9letesebb meglepet\u00e9st szeretn\u00e9 szeretteinek \u00e9s ez\u00e9rt sokan k\u00e9pesek ak\u00e1r b\u00e1rmit megadni. A kar\u00e1csonyi forgatag k\u00f6zeledt\u00e9vel ez\u00e9rt tartj\u00e1k minden\u00e9vben a fekete p\u00e9ntek elnevez\u00e9s\u0171 akci\u00f3s napot, ahol kedvezm\u00e9nyekkel v\u00e1s\u00e1rolhatjuk a m\u00e1r j\u00f3 el\u0151re kin\u00e9zett aj\u00e1nd\u00e9kainkat. De mit tehet az, akinek nincs \u00f6tlete, \u00e9s nem tudja,<\/p>\n","protected":false},"author":1,"featured_media":21505,"comment_status":"closed","ping_status":"closed","sticky":false,"template":"","format":"standard","meta":{"ngg_post_thumbnail":0,"footnotes":""},"categories":[3],"tags":[1787,1788,1789,4536,1885],"class_list":{"0":"post-21504","1":"post","2":"type-post","3":"status-publish","4":"format-standard","5":"has-post-thumbnail","7":"category-hirek","8":"tag-karacsony","9":"tag-karora","10":"tag-ora","11":"tag-store-karora","12":"tag-vasarlas"},"yoast_head":"<!-- This site is optimized with the Yoast SEO plugin v27.4 - https:\/\/yoast.com\/product\/yoast-seo-wordpress\/ -->\n<title>M\u00e9g mindig sok kar\u00f3r\u00e1t aj\u00e1nd\u00e9kozunk kar\u00e1csonykor<\/title>\n<meta name=\"robots\" content=\"index, follow, max-snippet:-1, max-image-preview:large, max-video-preview:-1\" \/>\n<link rel=\"canonical\" href=\"https:\/\/dorogimedence.hu\/index.php\/2019\/12\/10\/meg-mindig-sok-karorat-ajandekozunk-karacsonykor\/\" class=\"yoast-seo-meta-tag\" \/>\n<meta property=\"og:locale\" content=\"hu_HU\" class=\"yoast-seo-meta-tag\" \/>\n<meta property=\"og:type\" content=\"article\" class=\"yoast-seo-meta-tag\" \/>\n<meta property=\"og:title\" content=\"M\u00e9g mindig sok kar\u00f3r\u00e1t aj\u00e1nd\u00e9kozunk kar\u00e1csonykor\" class=\"yoast-seo-meta-tag\" \/>\n<meta property=\"og:description\" content=\"A kar\u00e1csony k\u00f6z\u00e9lett\u00e9vel sokak legnagyobb probl\u00e9m\u00e1ja a megfelel\u0151 aj\u00e1nd\u00e9kok kiv\u00e1laszt\u00e1sa. Mindenki a legt\u00f6k\u00e9letesebb meglepet\u00e9st szeretn\u00e9 szeretteinek \u00e9s ez\u00e9rt sokan k\u00e9pesek ak\u00e1r b\u00e1rmit megadni. A kar\u00e1csonyi forgatag k\u00f6zeledt\u00e9vel ez\u00e9rt tartj\u00e1k minden\u00e9vben a fekete p\u00e9ntek elnevez\u00e9s\u0171 akci\u00f3s napot, ahol kedvezm\u00e9nyekkel v\u00e1s\u00e1rolhatjuk a m\u00e1r j\u00f3 el\u0151re kin\u00e9zett aj\u00e1nd\u00e9kainkat. De mit tehet az, akinek nincs \u00f6tlete, \u00e9s nem tudja,\" class=\"yoast-seo-meta-tag\" \/>\n<meta property=\"og:url\" content=\"https:\/\/dorogimedence.hu\/index.php\/2019\/12\/10\/meg-mindig-sok-karorat-ajandekozunk-karacsonykor\/\" class=\"yoast-seo-meta-tag\" \/>\n<meta property=\"og:site_name\" content=\"Dorogi-medence Region\u00e1lis H\u00edrport\u00e1l\" class=\"yoast-seo-meta-tag\" \/>\n<meta property=\"article:publisher\" content=\"https:\/\/www.facebook.com\/dorogimedence\/\" class=\"yoast-seo-meta-tag\" \/>\n<meta property=\"article:published_time\" content=\"2019-12-10T06:31:23+00:00\" class=\"yoast-seo-meta-tag\" \/>\n<meta property=\"article:modified_time\" content=\"2019-12-10T06:31:30+00:00\" class=\"yoast-seo-meta-tag\" \/>\n<meta property=\"og:image\" content=\"https:\/\/i0.wp.com\/dorogimedence.hu\/wp-content\/uploads\/2019\/12\/store-karora.jpg?fit=670%2C365&ssl=1\" class=\"yoast-seo-meta-tag\" \/>\n\t<meta property=\"og:image:width\" content=\"670\" class=\"yoast-seo-meta-tag\" \/>\n\t<meta property=\"og:image:height\" content=\"365\" class=\"yoast-seo-meta-tag\" \/>\n\t<meta property=\"og:image:type\" content=\"image\/jpeg\" class=\"yoast-seo-meta-tag\" \/>\n<meta name=\"author\" content=\"dorogimedence.hu\" class=\"yoast-seo-meta-tag\" \/>\n<meta name=\"twitter:card\" content=\"summary_large_image\" class=\"yoast-seo-meta-tag\" \/>\n<meta name=\"twitter:label1\" content=\"Szerz\u0151:\" class=\"yoast-seo-meta-tag\" \/>\n\t<meta name=\"twitter:data1\" content=\"dorogimedence.hu\" class=\"yoast-seo-meta-tag\" \/>\n\t<meta name=\"twitter:label2\" content=\"Becs\u00fclt olvas\u00e1si id\u0151\" class=\"yoast-seo-meta-tag\" \/>\n\t<meta name=\"twitter:data2\" content=\"3 perc\" class=\"yoast-seo-meta-tag\" \/>\n<script type=\"application\/ld+json\" class=\"yoast-schema-graph\">{\"@context\":\"https:\\\/\\\/schema.org\",\"@graph\":[{\"@type\":\"Article\",\"@id\":\"https:\\\/\\\/dorogimedence.hu\\\/index.php\\\/2019\\\/12\\\/10\\\/meg-mindig-sok-karorat-ajandekozunk-karacsonykor\\\/#article\",\"isPartOf\":{\"@id\":\"https:\\\/\\\/dorogimedence.hu\\\/index.php\\\/2019\\\/12\\\/10\\\/meg-mindig-sok-karorat-ajandekozunk-karacsonykor\\\/\"},\"author\":{\"name\":\"dorogimedence.hu\",\"@id\":\"https:\\\/\\\/dorogimedence.hu\\\/#\\\/schema\\\/person\\\/ce6091eeb7e95ecdc87890d6aa8e0fd4\"},\"headline\":\"M\u00e9g mindig sok kar\u00f3r\u00e1t aj\u00e1nd\u00e9kozunk kar\u00e1csonykor\",\"datePublished\":\"2019-12-10T06:31:23+00:00\",\"dateModified\":\"2019-12-10T06:31:30+00:00\",\"mainEntityOfPage\":{\"@id\":\"https:\\\/\\\/dorogimedence.hu\\\/index.php\\\/2019\\\/12\\\/10\\\/meg-mindig-sok-karorat-ajandekozunk-karacsonykor\\\/\"},\"wordCount\":623,\"publisher\":{\"@id\":\"https:\\\/\\\/dorogimedence.hu\\\/#organization\"},\"image\":{\"@id\":\"https:\\\/\\\/dorogimedence.hu\\\/index.php\\\/2019\\\/12\\\/10\\\/meg-mindig-sok-karorat-ajandekozunk-karacsonykor\\\/#primaryimage\"},\"thumbnailUrl\":\"https:\\\/\\\/dorogimedence.hu\\\/wp-content\\\/uploads\\\/2019\\\/12\\\/store-karora.jpg\",\"keywords\":[\"kar\u00e1csony\",\"kar\u00f3ra\",\"\u00f3ra\",\"store kar\u00f3ra\",\"v\u00e1s\u00e1rl\u00e1s\"],\"articleSection\":[\"H\u00edrek\"],\"inLanguage\":\"hu\"},{\"@type\":\"WebPage\",\"@id\":\"https:\\\/\\\/dorogimedence.hu\\\/index.php\\\/2019\\\/12\\\/10\\\/meg-mindig-sok-karorat-ajandekozunk-karacsonykor\\\/\",\"url\":\"https:\\\/\\\/dorogimedence.hu\\\/index.php\\\/2019\\\/12\\\/10\\\/meg-mindig-sok-karorat-ajandekozunk-karacsonykor\\\/\",\"name\":\"M\u00e9g mindig sok kar\u00f3r\u00e1t aj\u00e1nd\u00e9kozunk kar\u00e1csonykor\",\"isPartOf\":{\"@id\":\"https:\\\/\\\/dorogimedence.hu\\\/#website\"},\"primaryImageOfPage\":{\"@id\":\"https:\\\/\\\/dorogimedence.hu\\\/index.php\\\/2019\\\/12\\\/10\\\/meg-mindig-sok-karorat-ajandekozunk-karacsonykor\\\/#primaryimage\"},\"image\":{\"@id\":\"https:\\\/\\\/dorogimedence.hu\\\/index.php\\\/2019\\\/12\\\/10\\\/meg-mindig-sok-karorat-ajandekozunk-karacsonykor\\\/#primaryimage\"},\"thumbnailUrl\":\"https:\\\/\\\/dorogimedence.hu\\\/wp-content\\\/uploads\\\/2019\\\/12\\\/store-karora.jpg\",\"datePublished\":\"2019-12-10T06:31:23+00:00\",\"dateModified\":\"2019-12-10T06:31:30+00:00\",\"breadcrumb\":{\"@id\":\"https:\\\/\\\/dorogimedence.hu\\\/index.php\\\/2019\\\/12\\\/10\\\/meg-mindig-sok-karorat-ajandekozunk-karacsonykor\\\/#breadcrumb\"},\"inLanguage\":\"hu\",\"potentialAction\":[{\"@type\":\"ReadAction\",\"target\":[\"https:\\\/\\\/dorogimedence.hu\\\/index.php\\\/2019\\\/12\\\/10\\\/meg-mindig-sok-karorat-ajandekozunk-karacsonykor\\\/\"]}]},{\"@type\":\"ImageObject\",\"inLanguage\":\"hu\",\"@id\":\"https:\\\/\\\/dorogimedence.hu\\\/index.php\\\/2019\\\/12\\\/10\\\/meg-mindig-sok-karorat-ajandekozunk-karacsonykor\\\/#primaryimage\",\"url\":\"https:\\\/\\\/dorogimedence.hu\\\/wp-content\\\/uploads\\\/2019\\\/12\\\/store-karora.jpg\",\"contentUrl\":\"https:\\\/\\\/dorogimedence.hu\\\/wp-content\\\/uploads\\\/2019\\\/12\\\/store-karora.jpg\",\"width\":670,\"height\":365},{\"@type\":\"BreadcrumbList\",\"@id\":\"https:\\\/\\\/dorogimedence.hu\\\/index.php\\\/2019\\\/12\\\/10\\\/meg-mindig-sok-karorat-ajandekozunk-karacsonykor\\\/#breadcrumb\",\"itemListElement\":[{\"@type\":\"ListItem\",\"position\":1,\"name\":\"Kezd\u0151lap\",\"item\":\"https:\\\/\\\/dorogimedence.hu\\\/\"},{\"@type\":\"ListItem\",\"position\":2,\"name\":\"M\u00e9g mindig sok kar\u00f3r\u00e1t aj\u00e1nd\u00e9kozunk kar\u00e1csonykor\"}]},{\"@type\":\"WebSite\",\"@id\":\"https:\\\/\\\/dorogimedence.hu\\\/#website\",\"url\":\"https:\\\/\\\/dorogimedence.hu\\\/\",\"name\":\"Dorogi-medence Region\u00e1lis H\u00edrport\u00e1l\",\"description\":\"Dorog, Keszt\u00f6lc, Le\u00e1nyv\u00e1r, Piliscs\u00e9v, Tokod, Tokodalt\u00e1r\u00f3, Csolnok, Esztergom-kertv\u00e1ros: h\u00edrek, programok\",\"publisher\":{\"@id\":\"https:\\\/\\\/dorogimedence.hu\\\/#organization\"},\"potentialAction\":[{\"@type\":\"SearchAction\",\"target\":{\"@type\":\"EntryPoint\",\"urlTemplate\":\"https:\\\/\\\/dorogimedence.hu\\\/?s={search_term_string}\"},\"query-input\":{\"@type\":\"PropertyValueSpecification\",\"valueRequired\":true,\"valueName\":\"search_term_string\"}}],\"inLanguage\":\"hu\"},{\"@type\":\"Organization\",\"@id\":\"https:\\\/\\\/dorogimedence.hu\\\/#organization\",\"name\":\"Dorogi-medence Region\u00e1lis H\u00edrport\u00e1l\",\"url\":\"https:\\\/\\\/dorogimedence.hu\\\/\",\"logo\":{\"@type\":\"ImageObject\",\"inLanguage\":\"hu\",\"@id\":\"https:\\\/\\\/dorogimedence.hu\\\/#\\\/schema\\\/logo\\\/image\\\/\",\"url\":\"https:\\\/\\\/dorogimedence.hu\\\/wp-content\\\/uploads\\\/2021\\\/04\\\/logo-feher-600.png\",\"contentUrl\":\"https:\\\/\\\/dorogimedence.hu\\\/wp-content\\\/uploads\\\/2021\\\/04\\\/logo-feher-600.png\",\"width\":600,\"height\":100,\"caption\":\"Dorogi-medence Region\u00e1lis H\u00edrport\u00e1l\"},\"image\":{\"@id\":\"https:\\\/\\\/dorogimedence.hu\\\/#\\\/schema\\\/logo\\\/image\\\/\"},\"sameAs\":[\"https:\\\/\\\/www.facebook.com\\\/dorogimedence\\\/\"]},{\"@type\":\"Person\",\"@id\":\"https:\\\/\\\/dorogimedence.hu\\\/#\\\/schema\\\/person\\\/ce6091eeb7e95ecdc87890d6aa8e0fd4\",\"name\":\"dorogimedence.hu\",\"image\":{\"@type\":\"ImageObject\",\"inLanguage\":\"hu\",\"@id\":\"\\\/\\\/www.gravatar.com\\\/avatar\\\/d8d45f8901aadff40a4af72c0b826f1d?s=96&#038;r=g&#038;d=mm\",\"url\":\"\\\/\\\/www.gravatar.com\\\/avatar\\\/d8d45f8901aadff40a4af72c0b826f1d?s=96&#038;r=g&#038;d=mm\",\"contentUrl\":\"\\\/\\\/www.gravatar.com\\\/avatar\\\/d8d45f8901aadff40a4af72c0b826f1d?s=96&#038;r=g&#038;d=mm\",\"caption\":\"dorogimedence.hu\"}}]}<\/script>\n<!-- \/ Yoast SEO plugin. -->","yoast_head_json":{"title":"M\u00e9g mindig sok kar\u00f3r\u00e1t aj\u00e1nd\u00e9kozunk kar\u00e1csonykor","robots":{"index":"index","follow":"follow","max-snippet":"max-snippet:-1","max-image-preview":"max-image-preview:large","max-video-preview":"max-video-preview:-1"},"canonical":"https:\/\/dorogimedence.hu\/index.php\/2019\/12\/10\/meg-mindig-sok-karorat-ajandekozunk-karacsonykor\/","og_locale":"hu_HU","og_type":"article","og_title":"M\u00e9g mindig sok kar\u00f3r\u00e1t aj\u00e1nd\u00e9kozunk kar\u00e1csonykor","og_description":"A kar\u00e1csony k\u00f6z\u00e9lett\u00e9vel sokak legnagyobb probl\u00e9m\u00e1ja a megfelel\u0151 aj\u00e1nd\u00e9kok kiv\u00e1laszt\u00e1sa. Mindenki a legt\u00f6k\u00e9letesebb meglepet\u00e9st szeretn\u00e9 szeretteinek \u00e9s ez\u00e9rt sokan k\u00e9pesek ak\u00e1r b\u00e1rmit megadni. A kar\u00e1csonyi forgatag k\u00f6zeledt\u00e9vel ez\u00e9rt tartj\u00e1k minden\u00e9vben a fekete p\u00e9ntek elnevez\u00e9s\u0171 akci\u00f3s napot, ahol kedvezm\u00e9nyekkel v\u00e1s\u00e1rolhatjuk a m\u00e1r j\u00f3 el\u0151re kin\u00e9zett aj\u00e1nd\u00e9kainkat. De mit tehet az, akinek nincs \u00f6tlete, \u00e9s nem tudja,","og_url":"https:\/\/dorogimedence.hu\/index.php\/2019\/12\/10\/meg-mindig-sok-karorat-ajandekozunk-karacsonykor\/","og_site_name":"Dorogi-medence Region\u00e1lis H\u00edrport\u00e1l","article_publisher":"https:\/\/www.facebook.com\/dorogimedence\/","article_published_time":"2019-12-10T06:31:23+00:00","article_modified_time":"2019-12-10T06:31:30+00:00","og_image":[{"width":670,"height":365,"url":"https:\/\/i0.wp.com\/dorogimedence.hu\/wp-content\/uploads\/2019\/12\/store-karora.jpg?fit=670%2C365&ssl=1","type":"image\/jpeg"}],"author":"dorogimedence.hu","twitter_card":"summary_large_image","twitter_misc":{"Szerz\u0151:":"dorogimedence.hu","Becs\u00fclt olvas\u00e1si id\u0151":"3 perc"},"schema":{"@context":"https:\/\/schema.org","@graph":[{"@type":"Article","@id":"https:\/\/dorogimedence.hu\/index.php\/2019\/12\/10\/meg-mindig-sok-karorat-ajandekozunk-karacsonykor\/#article","isPartOf":{"@id":"https:\/\/dorogimedence.hu\/index.php\/2019\/12\/10\/meg-mindig-sok-karorat-ajandekozunk-karacsonykor\/"},"author":{"name":"dorogimedence.hu","@id":"https:\/\/dorogimedence.hu\/#\/schema\/person\/ce6091eeb7e95ecdc87890d6aa8e0fd4"},"headline":"M\u00e9g mindig sok kar\u00f3r\u00e1t aj\u00e1nd\u00e9kozunk kar\u00e1csonykor","datePublished":"2019-12-10T06:31:23+00:00","dateModified":"2019-12-10T06:31:30+00:00","mainEntityOfPage":{"@id":"https:\/\/dorogimedence.hu\/index.php\/2019\/12\/10\/meg-mindig-sok-karorat-ajandekozunk-karacsonykor\/"},"wordCount":623,"publisher":{"@id":"https:\/\/dorogimedence.hu\/#organization"},"image":{"@id":"https:\/\/dorogimedence.hu\/index.php\/2019\/12\/10\/meg-mindig-sok-karorat-ajandekozunk-karacsonykor\/#primaryimage"},"thumbnailUrl":"https:\/\/dorogimedence.hu\/wp-content\/uploads\/2019\/12\/store-karora.jpg","keywords":["kar\u00e1csony","kar\u00f3ra","\u00f3ra","store kar\u00f3ra","v\u00e1s\u00e1rl\u00e1s"],"articleSection":["H\u00edrek"],"inLanguage":"hu"},{"@type":"WebPage","@id":"https:\/\/dorogimedence.hu\/index.php\/2019\/12\/10\/meg-mindig-sok-karorat-ajandekozunk-karacsonykor\/","url":"https:\/\/dorogimedence.hu\/index.php\/2019\/12\/10\/meg-mindig-sok-karorat-ajandekozunk-karacsonykor\/","name":"M\u00e9g mindig sok kar\u00f3r\u00e1t aj\u00e1nd\u00e9kozunk kar\u00e1csonykor","isPartOf":{"@id":"https:\/\/dorogimedence.hu\/#website"},"primaryImageOfPage":{"@id":"https:\/\/dorogimedence.hu\/index.php\/2019\/12\/10\/meg-mindig-sok-karorat-ajandekozunk-karacsonykor\/#primaryimage"},"image":{"@id":"https:\/\/dorogimedence.hu\/index.php\/2019\/12\/10\/meg-mindig-sok-karorat-ajandekozunk-karacsonykor\/#primaryimage"},"thumbnailUrl":"https:\/\/dorogimedence.hu\/wp-content\/uploads\/2019\/12\/store-karora.jpg","datePublished":"2019-12-10T06:31:23+00:00","dateModified":"2019-12-10T06:31:30+00:00","breadcrumb":{"@id":"https:\/\/dorogimedence.hu\/index.php\/2019\/12\/10\/meg-mindig-sok-karorat-ajandekozunk-karacsonykor\/#breadcrumb"},"inLanguage":"hu","potentialAction":[{"@type":"ReadAction","target":["https:\/\/dorogimedence.hu\/index.php\/2019\/12\/10\/meg-mindig-sok-karorat-ajandekozunk-karacsonykor\/"]}]},{"@type":"ImageObject","inLanguage":"hu","@id":"https:\/\/dorogimedence.hu\/index.php\/2019\/12\/10\/meg-mindig-sok-karorat-ajandekozunk-karacsonykor\/#primaryimage","url":"https:\/\/dorogimedence.hu\/wp-content\/uploads\/2019\/12\/store-karora.jpg","contentUrl":"https:\/\/dorogimedence.hu\/wp-content\/uploads\/2019\/12\/store-karora.jpg","width":670,"height":365},{"@type":"BreadcrumbList","@id":"https:\/\/dorogimedence.hu\/index.php\/2019\/12\/10\/meg-mindig-sok-karorat-ajandekozunk-karacsonykor\/#breadcrumb","itemListElement":[{"@type":"ListItem","position":1,"name":"Kezd\u0151lap","item":"https:\/\/dorogimedence.hu\/"},{"@type":"ListItem","position":2,"name":"M\u00e9g mindig sok kar\u00f3r\u00e1t aj\u00e1nd\u00e9kozunk kar\u00e1csonykor"}]},{"@type":"WebSite","@id":"https:\/\/dorogimedence.hu\/#website","url":"https:\/\/dorogimedence.hu\/","name":"Dorogi-medence Region\u00e1lis H\u00edrport\u00e1l","description":"Dorog, Keszt\u00f6lc, Le\u00e1nyv\u00e1r, Piliscs\u00e9v, Tokod, Tokodalt\u00e1r\u00f3, Csolnok, Esztergom-kertv\u00e1ros: h\u00edrek, programok","publisher":{"@id":"https:\/\/dorogimedence.hu\/#organization"},"potentialAction":[{"@type":"SearchAction","target":{"@type":"EntryPoint","urlTemplate":"https:\/\/dorogimedence.hu\/?s={search_term_string}"},"query-input":{"@type":"PropertyValueSpecification","valueRequired":true,"valueName":"search_term_string"}}],"inLanguage":"hu"},{"@type":"Organization","@id":"https:\/\/dorogimedence.hu\/#organization","name":"Dorogi-medence Region\u00e1lis H\u00edrport\u00e1l","url":"https:\/\/dorogimedence.hu\/","logo":{"@type":"ImageObject","inLanguage":"hu","@id":"https:\/\/dorogimedence.hu\/#\/schema\/logo\/image\/","url":"https:\/\/dorogimedence.hu\/wp-content\/uploads\/2021\/04\/logo-feher-600.png","contentUrl":"https:\/\/dorogimedence.hu\/wp-content\/uploads\/2021\/04\/logo-feher-600.png","width":600,"height":100,"caption":"Dorogi-medence Region\u00e1lis H\u00edrport\u00e1l"},"image":{"@id":"https:\/\/dorogimedence.hu\/#\/schema\/logo\/image\/"},"sameAs":["https:\/\/www.facebook.com\/dorogimedence\/"]},{"@type":"Person","@id":"https:\/\/dorogimedence.hu\/#\/schema\/person\/ce6091eeb7e95ecdc87890d6aa8e0fd4","name":"dorogimedence.hu","image":{"@type":"ImageObject","inLanguage":"hu","@id":"\/\/www.gravatar.com\/avatar\/d8d45f8901aadff40a4af72c0b826f1d?s=96&#038;r=g&#038;d=mm","url":"\/\/www.gravatar.com\/avatar\/d8d45f8901aadff40a4af72c0b826f1d?s=96&#038;r=g&#038;d=mm","contentUrl":"\/\/www.gravatar.com\/avatar\/d8d45f8901aadff40a4af72c0b826f1d?s=96&#038;r=g&#038;d=mm","caption":"dorogimedence.hu"}}]}},"_links":{"self":[{"href":"https:\/\/dorogimedence.hu\/index.php\/wp-json\/wp\/v2\/posts\/21504","targetHints":{"allow":["GET"]}}],"collection":[{"href":"https:\/\/dorogimedence.hu\/index.php\/wp-json\/wp\/v2\/posts"}],"about":[{"href":"https:\/\/dorogimedence.hu\/index.php\/wp-json\/wp\/v2\/types\/post"}],"author":[{"embeddable":true,"href":"https:\/\/dorogimedence.hu\/index.php\/wp-json\/wp\/v2\/users\/1"}],"replies":[{"embeddable":true,"href":"https:\/\/dorogimedence.hu\/index.php\/wp-json\/wp\/v2\/comments?post=21504"}],"version-history":[{"count":0,"href":"https:\/\/dorogimedence.hu\/index.php\/wp-json\/wp\/v2\/posts\/21504\/revisions"}],"wp:featuredmedia":[{"embeddable":true,"href":"https:\/\/dorogimedence.hu\/index.php\/wp-json\/wp\/v2\/media\/21505"}],"wp:attachment":[{"href":"https:\/\/dorogimedence.hu\/index.php\/wp-json\/wp\/v2\/media?parent=21504"}],"wp:term":[{"taxonomy":"category","embeddable":true,"href":"https:\/\/dorogimedence.hu\/index.php\/wp-json\/wp\/v2\/categories?post=21504"},{"taxonomy":"post_tag","embeddable":true,"href":"https:\/\/dorogimedence.hu\/index.php\/wp-json\/wp\/v2\/tags?post=21504"}],"curies":[{"name":"wp","href":"https:\/\/api.w.org\/{rel}","templated":true}]}}