{"id":21480,"date":"2019-12-09T07:22:30","date_gmt":"2019-12-09T06:22:30","guid":{"rendered":"http:\/\/dorogimedence.hu\/?p=21480"},"modified":"2019-12-09T07:22:36","modified_gmt":"2019-12-09T06:22:36","slug":"pont-nelkul-tertek-haza-a-dorogiak","status":"publish","type":"post","link":"https:\/\/dorogimedence.hu\/index.php\/2019\/12\/09\/pont-nelkul-tertek-haza-a-dorogiak\/","title":{"rendered":"Pont n\u00e9lk\u00fcl t\u00e9rtek haza a dorogiak"},"content":{"rendered":"<p><strong>Nyolc m\u00e9rk\u0151z\u00e9st rendeztek december 8-\u00e1n, vas\u00e1rnap a labdar\u00fag\u00f3 NB II el\u0151rehozott els\u0151 tavaszi, sorrendben 20. fordul\u00f3j\u00e1ban. A Vasas vend\u00e9ge a Dorog volt.<\/strong><\/p>\n<p>Sorrendben m\u00e1sodik NB II-es tal\u00e1lkoz\u00f3j\u00e1t hozta le kapott g\u00f3l n\u00e9lk\u00fcl a Vasas, amely ez\u00fattal a Dorogot verte meg 2\u20130-ra az Illovszky-stadionban. A piros-k\u00e9kekn\u00e9l Birtalan Botond \u00e9s K\u00f6b\u00f6l Kriszti\u00e1n volt a k\u00e9t kulcsszerepl\u0151, az els\u0151 g\u00f3lt az el\u0151bbi l\u0151tte az ut\u00f3bbi \u00e1tad\u00e1s\u00e1b\u00f3l, a m\u00e1sodikn\u00e1l ford\u00edtott volt a szereposzt\u00e1s. A kett\u0151 k\u00f6z\u00f6tt a Dorog kapott egy tizenegyest, \u00e1m D\u00e9lczeg Gergely a kapuf\u00e1t tal\u00e1lta el.<\/p>\n<p><span style=\"color: #ff0000;\"><strong>VASAS<\/strong><strong>\u2013<\/strong><strong>DOROGI FC 2\u20130 (1\u20130)<\/strong><\/span><\/p>\n<p><strong>Illovszky Rudolf Stadion, 600 <\/strong>n\u00e9z\u0151. <strong>Vezette:<\/strong> M\u00f3ri Tam\u00e1s (Aradi J\u00f3zsef, Mohos Mil\u00e1n)<br \/>\n<strong>VASAS:<\/strong> B\u0151sz \u2013 Szivacski, Viczi\u00e1n, G\u00e1l M., T\u00f3th B., Lakatos Cs. \u2013 Kov\u00e1cs M., K\u00f6b\u00f6l (Dar\u00f3czi, 82.), Hajd\u00fa \u00c1. (Hinora, 66.) \u2013 Birtalan, Balajti (Szedl\u00e1r, 66.). <strong>Vezet\u0151edz\u0151: <\/strong>Szany\u00f3 K\u00e1roly<br \/>\n<strong>DOROG: <\/strong>Mursits \u2013 Ny\u00edri, Berk\u00f3, Lencs\u00e9s, Forr\u00f3 \u2013 F\u00f6ldi (Girsik, 70.), L\u00e9n\u00e1rt, Tak\u00e1cs P. (M\u00e9sz\u00e1ros \u00c1., 61.), Papp M. \u2013 D\u00e9lczeg (Barna G., 77.), Paudits. <strong>Vezet\u0151edz\u0151:<\/strong> N\u00e9meth Szabolcs<br \/>\n<strong>G\u00f3lszerz\u0151: <\/strong>Birtalan (<strong>1\u20130<\/strong>) a 16., K\u00f6b\u00f6l (<strong>2\u20130<\/strong>) a 66. percben<\/p>\n<p><strong>MESTERM\u00c9RLEG<br \/>\nSzany\u00f3 K\u00e1roly: <\/strong>\u2013 A gy\u0151zelemnek \u00f6r\u00fcl\u00fcnk, de v\u00e9dekez\u00e9sben k\u00f6vett\u00fcnk el olyan hib\u00e1kat, amelyeket nem lett volna szabad. Szerencs\u00e9nk volt, hogy ez nem bosszulta meg mag\u00e1t.<br \/>\n<strong>N\u00e9meth Szabolcs:<\/strong> \u2013 Ki-ki m\u00e9rk\u0151z\u00e9st j\u00e1tszottunk. M\u00e9lt\u00f3 ellenfelei voltunk a Vasasnak, a fordul\u00f3pontokb\u00f3l viszont rosszul j\u00f6tt\u00fcnk ki.<\/p>\n<p><a href=\"https:\/\/youtu.be\/SjecMjpqksk\" target=\"_blank\" rel=\"noopener noreferrer\"><span style=\"text-decoration: underline; color: #0000ff;\"><strong>A m\u00e9rk\u0151z\u00e9s itt n\u00e9zhet\u0151 vissza&gt;&gt;<\/strong><\/span><\/a><\/p>\n<p><a href=\"http:\/\/www.nemzetisport.hu\/labdarugo_nb_ii\/nb-ii-a-20-fordulo-elo-eredmenykovetese-az-nso-n-2736581\" target=\"_blank\" rel=\"noopener noreferrer\"><span style=\"text-decoration: underline; color: #0000ff;\"><strong>A 20. fordul\u00f3 eredm\u00e9nyei&gt;&gt;<\/strong><\/span><\/a><\/p>\n<p>Dorog jelenleg a tabella 10. hely\u00e9t foglalja el 27 ponttal. A k\u00f6vetkez\u0151 m\u00e9rk\u0151z\u00e9sre december 15-\u00e9n, vas\u00e1rnap 13 \u00f3rakor ker\u00fcl sor, akkor a Dorog vend\u00e9ge a Ny\u00edregyh\u00e1za lesz.<\/p>\n<p><em>Forr\u00e1s: nemzetisport.hu \/ dorogimedence.hu<br \/>\nFot\u00f3: Vasas YouTube csatorn\u00e1ja<\/em><\/p>\n","protected":false},"excerpt":{"rendered":"<p>Nyolc m\u00e9rk\u0151z\u00e9st rendeztek december 8-\u00e1n, vas\u00e1rnap a labdar\u00fag\u00f3 NB II el\u0151rehozott els\u0151 tavaszi, sorrendben 20. fordul\u00f3j\u00e1ban. A Vasas vend\u00e9ge a Dorog volt. Sorrendben m\u00e1sodik NB II-es tal\u00e1lkoz\u00f3j\u00e1t hozta le kapott g\u00f3l n\u00e9lk\u00fcl a Vasas, amely ez\u00fattal a Dorogot verte meg 2\u20130-ra az Illovszky-stadionban. A piros-k\u00e9kekn\u00e9l Birtalan Botond \u00e9s K\u00f6b\u00f6l Kriszti\u00e1n volt a k\u00e9t kulcsszerepl\u0151, az<\/p>\n","protected":false},"author":1,"featured_media":21481,"comment_status":"closed","ping_status":"closed","sticky":false,"template":"","format":"standard","meta":{"ngg_post_thumbnail":0,"footnotes":""},"categories":[2,3,5],"tags":[15,37,70,69,72,263,16,187],"class_list":{"0":"post-21480","1":"post","2":"type-post","3":"status-publish","4":"format-standard","5":"has-post-thumbnail","7":"category-dorog","8":"category-hirek","9":"category-sport","10":"tag-dorog","11":"tag-dorogi-fc","12":"tag-foci","13":"tag-futball","14":"tag-labdarugas","15":"tag-nb-ii","16":"tag-sport","17":"tag-vasas"},"yoast_head":"<!-- This site is optimized with the Yoast SEO plugin v27.4 - https:\/\/yoast.com\/product\/yoast-seo-wordpress\/ -->\n<title>Pont n\u00e9lk\u00fcl t\u00e9rtek haza a dorogiak<\/title>\n<meta name=\"robots\" content=\"index, follow, max-snippet:-1, max-image-preview:large, max-video-preview:-1\" \/>\n<link rel=\"canonical\" href=\"https:\/\/dorogimedence.hu\/index.php\/2019\/12\/09\/pont-nelkul-tertek-haza-a-dorogiak\/\" class=\"yoast-seo-meta-tag\" \/>\n<meta property=\"og:locale\" content=\"hu_HU\" class=\"yoast-seo-meta-tag\" \/>\n<meta property=\"og:type\" content=\"article\" class=\"yoast-seo-meta-tag\" \/>\n<meta property=\"og:title\" content=\"Pont n\u00e9lk\u00fcl t\u00e9rtek haza a dorogiak\" class=\"yoast-seo-meta-tag\" \/>\n<meta property=\"og:description\" content=\"Nyolc m\u00e9rk\u0151z\u00e9st rendeztek december 8-\u00e1n, vas\u00e1rnap a labdar\u00fag\u00f3 NB II el\u0151rehozott els\u0151 tavaszi, sorrendben 20. fordul\u00f3j\u00e1ban. A Vasas vend\u00e9ge a Dorog volt. Sorrendben m\u00e1sodik NB II-es tal\u00e1lkoz\u00f3j\u00e1t hozta le kapott g\u00f3l n\u00e9lk\u00fcl a Vasas, amely ez\u00fattal a Dorogot verte meg 2\u20130-ra az Illovszky-stadionban. A piros-k\u00e9kekn\u00e9l Birtalan Botond \u00e9s K\u00f6b\u00f6l Kriszti\u00e1n volt a k\u00e9t kulcsszerepl\u0151, az\" class=\"yoast-seo-meta-tag\" \/>\n<meta property=\"og:url\" content=\"https:\/\/dorogimedence.hu\/index.php\/2019\/12\/09\/pont-nelkul-tertek-haza-a-dorogiak\/\" class=\"yoast-seo-meta-tag\" \/>\n<meta property=\"og:site_name\" content=\"Dorogi-medence Region\u00e1lis H\u00edrport\u00e1l\" class=\"yoast-seo-meta-tag\" \/>\n<meta property=\"article:publisher\" content=\"https:\/\/www.facebook.com\/dorogimedence\/\" class=\"yoast-seo-meta-tag\" \/>\n<meta property=\"article:published_time\" content=\"2019-12-09T06:22:30+00:00\" class=\"yoast-seo-meta-tag\" \/>\n<meta property=\"article:modified_time\" content=\"2019-12-09T06:22:36+00:00\" class=\"yoast-seo-meta-tag\" \/>\n<meta property=\"og:image\" content=\"https:\/\/i0.wp.com\/dorogimedence.hu\/wp-content\/uploads\/2019\/12\/vasas-dorog.jpg?fit=670%2C365&ssl=1\" class=\"yoast-seo-meta-tag\" \/>\n\t<meta property=\"og:image:width\" content=\"670\" class=\"yoast-seo-meta-tag\" \/>\n\t<meta property=\"og:image:height\" content=\"365\" class=\"yoast-seo-meta-tag\" \/>\n\t<meta property=\"og:image:type\" content=\"image\/jpeg\" class=\"yoast-seo-meta-tag\" \/>\n<meta name=\"author\" content=\"dorogimedence.hu\" class=\"yoast-seo-meta-tag\" \/>\n<meta name=\"twitter:card\" content=\"summary_large_image\" class=\"yoast-seo-meta-tag\" \/>\n<meta name=\"twitter:label1\" content=\"Szerz\u0151:\" class=\"yoast-seo-meta-tag\" \/>\n\t<meta name=\"twitter:data1\" content=\"dorogimedence.hu\" class=\"yoast-seo-meta-tag\" \/>\n\t<meta name=\"twitter:label2\" content=\"Becs\u00fclt olvas\u00e1si id\u0151\" class=\"yoast-seo-meta-tag\" \/>\n\t<meta name=\"twitter:data2\" content=\"2 perc\" class=\"yoast-seo-meta-tag\" \/>\n<script type=\"application\/ld+json\" class=\"yoast-schema-graph\">{\"@context\":\"https:\\\/\\\/schema.org\",\"@graph\":[{\"@type\":\"Article\",\"@id\":\"https:\\\/\\\/dorogimedence.hu\\\/index.php\\\/2019\\\/12\\\/09\\\/pont-nelkul-tertek-haza-a-dorogiak\\\/#article\",\"isPartOf\":{\"@id\":\"https:\\\/\\\/dorogimedence.hu\\\/index.php\\\/2019\\\/12\\\/09\\\/pont-nelkul-tertek-haza-a-dorogiak\\\/\"},\"author\":{\"name\":\"dorogimedence.hu\",\"@id\":\"https:\\\/\\\/dorogimedence.hu\\\/#\\\/schema\\\/person\\\/ce6091eeb7e95ecdc87890d6aa8e0fd4\"},\"headline\":\"Pont n\u00e9lk\u00fcl t\u00e9rtek haza a dorogiak\",\"datePublished\":\"2019-12-09T06:22:30+00:00\",\"dateModified\":\"2019-12-09T06:22:36+00:00\",\"mainEntityOfPage\":{\"@id\":\"https:\\\/\\\/dorogimedence.hu\\\/index.php\\\/2019\\\/12\\\/09\\\/pont-nelkul-tertek-haza-a-dorogiak\\\/\"},\"wordCount\":351,\"publisher\":{\"@id\":\"https:\\\/\\\/dorogimedence.hu\\\/#organization\"},\"image\":{\"@id\":\"https:\\\/\\\/dorogimedence.hu\\\/index.php\\\/2019\\\/12\\\/09\\\/pont-nelkul-tertek-haza-a-dorogiak\\\/#primaryimage\"},\"thumbnailUrl\":\"https:\\\/\\\/dorogimedence.hu\\\/wp-content\\\/uploads\\\/2019\\\/12\\\/vasas-dorog.jpg\",\"keywords\":[\"Dorog\",\"Dorogi FC\",\"foci\",\"futball\",\"labdar\u00fag\u00e1s\",\"NB II\",\"sport\",\"Vasas\"],\"articleSection\":[\"Dorog\",\"H\u00edrek\",\"Sport\"],\"inLanguage\":\"hu\"},{\"@type\":\"WebPage\",\"@id\":\"https:\\\/\\\/dorogimedence.hu\\\/index.php\\\/2019\\\/12\\\/09\\\/pont-nelkul-tertek-haza-a-dorogiak\\\/\",\"url\":\"https:\\\/\\\/dorogimedence.hu\\\/index.php\\\/2019\\\/12\\\/09\\\/pont-nelkul-tertek-haza-a-dorogiak\\\/\",\"name\":\"Pont n\u00e9lk\u00fcl t\u00e9rtek haza a dorogiak\",\"isPartOf\":{\"@id\":\"https:\\\/\\\/dorogimedence.hu\\\/#website\"},\"primaryImageOfPage\":{\"@id\":\"https:\\\/\\\/dorogimedence.hu\\\/index.php\\\/2019\\\/12\\\/09\\\/pont-nelkul-tertek-haza-a-dorogiak\\\/#primaryimage\"},\"image\":{\"@id\":\"https:\\\/\\\/dorogimedence.hu\\\/index.php\\\/2019\\\/12\\\/09\\\/pont-nelkul-tertek-haza-a-dorogiak\\\/#primaryimage\"},\"thumbnailUrl\":\"https:\\\/\\\/dorogimedence.hu\\\/wp-content\\\/uploads\\\/2019\\\/12\\\/vasas-dorog.jpg\",\"datePublished\":\"2019-12-09T06:22:30+00:00\",\"dateModified\":\"2019-12-09T06:22:36+00:00\",\"breadcrumb\":{\"@id\":\"https:\\\/\\\/dorogimedence.hu\\\/index.php\\\/2019\\\/12\\\/09\\\/pont-nelkul-tertek-haza-a-dorogiak\\\/#breadcrumb\"},\"inLanguage\":\"hu\",\"potentialAction\":[{\"@type\":\"ReadAction\",\"target\":[\"https:\\\/\\\/dorogimedence.hu\\\/index.php\\\/2019\\\/12\\\/09\\\/pont-nelkul-tertek-haza-a-dorogiak\\\/\"]}]},{\"@type\":\"ImageObject\",\"inLanguage\":\"hu\",\"@id\":\"https:\\\/\\\/dorogimedence.hu\\\/index.php\\\/2019\\\/12\\\/09\\\/pont-nelkul-tertek-haza-a-dorogiak\\\/#primaryimage\",\"url\":\"https:\\\/\\\/dorogimedence.hu\\\/wp-content\\\/uploads\\\/2019\\\/12\\\/vasas-dorog.jpg\",\"contentUrl\":\"https:\\\/\\\/dorogimedence.hu\\\/wp-content\\\/uploads\\\/2019\\\/12\\\/vasas-dorog.jpg\",\"width\":670,\"height\":365},{\"@type\":\"BreadcrumbList\",\"@id\":\"https:\\\/\\\/dorogimedence.hu\\\/index.php\\\/2019\\\/12\\\/09\\\/pont-nelkul-tertek-haza-a-dorogiak\\\/#breadcrumb\",\"itemListElement\":[{\"@type\":\"ListItem\",\"position\":1,\"name\":\"Kezd\u0151lap\",\"item\":\"https:\\\/\\\/dorogimedence.hu\\\/\"},{\"@type\":\"ListItem\",\"position\":2,\"name\":\"Pont n\u00e9lk\u00fcl t\u00e9rtek haza a dorogiak\"}]},{\"@type\":\"WebSite\",\"@id\":\"https:\\\/\\\/dorogimedence.hu\\\/#website\",\"url\":\"https:\\\/\\\/dorogimedence.hu\\\/\",\"name\":\"Dorogi-medence Region\u00e1lis H\u00edrport\u00e1l\",\"description\":\"Dorog, Keszt\u00f6lc, Le\u00e1nyv\u00e1r, Piliscs\u00e9v, Tokod, Tokodalt\u00e1r\u00f3, Csolnok, Esztergom-kertv\u00e1ros: h\u00edrek, programok\",\"publisher\":{\"@id\":\"https:\\\/\\\/dorogimedence.hu\\\/#organization\"},\"potentialAction\":[{\"@type\":\"SearchAction\",\"target\":{\"@type\":\"EntryPoint\",\"urlTemplate\":\"https:\\\/\\\/dorogimedence.hu\\\/?s={search_term_string}\"},\"query-input\":{\"@type\":\"PropertyValueSpecification\",\"valueRequired\":true,\"valueName\":\"search_term_string\"}}],\"inLanguage\":\"hu\"},{\"@type\":\"Organization\",\"@id\":\"https:\\\/\\\/dorogimedence.hu\\\/#organization\",\"name\":\"Dorogi-medence Region\u00e1lis H\u00edrport\u00e1l\",\"url\":\"https:\\\/\\\/dorogimedence.hu\\\/\",\"logo\":{\"@type\":\"ImageObject\",\"inLanguage\":\"hu\",\"@id\":\"https:\\\/\\\/dorogimedence.hu\\\/#\\\/schema\\\/logo\\\/image\\\/\",\"url\":\"https:\\\/\\\/dorogimedence.hu\\\/wp-content\\\/uploads\\\/2021\\\/04\\\/logo-feher-600.png\",\"contentUrl\":\"https:\\\/\\\/dorogimedence.hu\\\/wp-content\\\/uploads\\\/2021\\\/04\\\/logo-feher-600.png\",\"width\":600,\"height\":100,\"caption\":\"Dorogi-medence Region\u00e1lis H\u00edrport\u00e1l\"},\"image\":{\"@id\":\"https:\\\/\\\/dorogimedence.hu\\\/#\\\/schema\\\/logo\\\/image\\\/\"},\"sameAs\":[\"https:\\\/\\\/www.facebook.com\\\/dorogimedence\\\/\"]},{\"@type\":\"Person\",\"@id\":\"https:\\\/\\\/dorogimedence.hu\\\/#\\\/schema\\\/person\\\/ce6091eeb7e95ecdc87890d6aa8e0fd4\",\"name\":\"dorogimedence.hu\",\"image\":{\"@type\":\"ImageObject\",\"inLanguage\":\"hu\",\"@id\":\"\\\/\\\/www.gravatar.com\\\/avatar\\\/d8d45f8901aadff40a4af72c0b826f1d?s=96&#038;r=g&#038;d=mm\",\"url\":\"\\\/\\\/www.gravatar.com\\\/avatar\\\/d8d45f8901aadff40a4af72c0b826f1d?s=96&#038;r=g&#038;d=mm\",\"contentUrl\":\"\\\/\\\/www.gravatar.com\\\/avatar\\\/d8d45f8901aadff40a4af72c0b826f1d?s=96&#038;r=g&#038;d=mm\",\"caption\":\"dorogimedence.hu\"}}]}<\/script>\n<!-- \/ Yoast SEO plugin. -->","yoast_head_json":{"title":"Pont n\u00e9lk\u00fcl t\u00e9rtek haza a dorogiak","robots":{"index":"index","follow":"follow","max-snippet":"max-snippet:-1","max-image-preview":"max-image-preview:large","max-video-preview":"max-video-preview:-1"},"canonical":"https:\/\/dorogimedence.hu\/index.php\/2019\/12\/09\/pont-nelkul-tertek-haza-a-dorogiak\/","og_locale":"hu_HU","og_type":"article","og_title":"Pont n\u00e9lk\u00fcl t\u00e9rtek haza a dorogiak","og_description":"Nyolc m\u00e9rk\u0151z\u00e9st rendeztek december 8-\u00e1n, vas\u00e1rnap a labdar\u00fag\u00f3 NB II el\u0151rehozott els\u0151 tavaszi, sorrendben 20. fordul\u00f3j\u00e1ban. A Vasas vend\u00e9ge a Dorog volt. Sorrendben m\u00e1sodik NB II-es tal\u00e1lkoz\u00f3j\u00e1t hozta le kapott g\u00f3l n\u00e9lk\u00fcl a Vasas, amely ez\u00fattal a Dorogot verte meg 2\u20130-ra az Illovszky-stadionban. A piros-k\u00e9kekn\u00e9l Birtalan Botond \u00e9s K\u00f6b\u00f6l Kriszti\u00e1n volt a k\u00e9t kulcsszerepl\u0151, az","og_url":"https:\/\/dorogimedence.hu\/index.php\/2019\/12\/09\/pont-nelkul-tertek-haza-a-dorogiak\/","og_site_name":"Dorogi-medence Region\u00e1lis H\u00edrport\u00e1l","article_publisher":"https:\/\/www.facebook.com\/dorogimedence\/","article_published_time":"2019-12-09T06:22:30+00:00","article_modified_time":"2019-12-09T06:22:36+00:00","og_image":[{"width":670,"height":365,"url":"https:\/\/i0.wp.com\/dorogimedence.hu\/wp-content\/uploads\/2019\/12\/vasas-dorog.jpg?fit=670%2C365&ssl=1","type":"image\/jpeg"}],"author":"dorogimedence.hu","twitter_card":"summary_large_image","twitter_misc":{"Szerz\u0151:":"dorogimedence.hu","Becs\u00fclt olvas\u00e1si id\u0151":"2 perc"},"schema":{"@context":"https:\/\/schema.org","@graph":[{"@type":"Article","@id":"https:\/\/dorogimedence.hu\/index.php\/2019\/12\/09\/pont-nelkul-tertek-haza-a-dorogiak\/#article","isPartOf":{"@id":"https:\/\/dorogimedence.hu\/index.php\/2019\/12\/09\/pont-nelkul-tertek-haza-a-dorogiak\/"},"author":{"name":"dorogimedence.hu","@id":"https:\/\/dorogimedence.hu\/#\/schema\/person\/ce6091eeb7e95ecdc87890d6aa8e0fd4"},"headline":"Pont n\u00e9lk\u00fcl t\u00e9rtek haza a dorogiak","datePublished":"2019-12-09T06:22:30+00:00","dateModified":"2019-12-09T06:22:36+00:00","mainEntityOfPage":{"@id":"https:\/\/dorogimedence.hu\/index.php\/2019\/12\/09\/pont-nelkul-tertek-haza-a-dorogiak\/"},"wordCount":351,"publisher":{"@id":"https:\/\/dorogimedence.hu\/#organization"},"image":{"@id":"https:\/\/dorogimedence.hu\/index.php\/2019\/12\/09\/pont-nelkul-tertek-haza-a-dorogiak\/#primaryimage"},"thumbnailUrl":"https:\/\/dorogimedence.hu\/wp-content\/uploads\/2019\/12\/vasas-dorog.jpg","keywords":["Dorog","Dorogi FC","foci","futball","labdar\u00fag\u00e1s","NB II","sport","Vasas"],"articleSection":["Dorog","H\u00edrek","Sport"],"inLanguage":"hu"},{"@type":"WebPage","@id":"https:\/\/dorogimedence.hu\/index.php\/2019\/12\/09\/pont-nelkul-tertek-haza-a-dorogiak\/","url":"https:\/\/dorogimedence.hu\/index.php\/2019\/12\/09\/pont-nelkul-tertek-haza-a-dorogiak\/","name":"Pont n\u00e9lk\u00fcl t\u00e9rtek haza a dorogiak","isPartOf":{"@id":"https:\/\/dorogimedence.hu\/#website"},"primaryImageOfPage":{"@id":"https:\/\/dorogimedence.hu\/index.php\/2019\/12\/09\/pont-nelkul-tertek-haza-a-dorogiak\/#primaryimage"},"image":{"@id":"https:\/\/dorogimedence.hu\/index.php\/2019\/12\/09\/pont-nelkul-tertek-haza-a-dorogiak\/#primaryimage"},"thumbnailUrl":"https:\/\/dorogimedence.hu\/wp-content\/uploads\/2019\/12\/vasas-dorog.jpg","datePublished":"2019-12-09T06:22:30+00:00","dateModified":"2019-12-09T06:22:36+00:00","breadcrumb":{"@id":"https:\/\/dorogimedence.hu\/index.php\/2019\/12\/09\/pont-nelkul-tertek-haza-a-dorogiak\/#breadcrumb"},"inLanguage":"hu","potentialAction":[{"@type":"ReadAction","target":["https:\/\/dorogimedence.hu\/index.php\/2019\/12\/09\/pont-nelkul-tertek-haza-a-dorogiak\/"]}]},{"@type":"ImageObject","inLanguage":"hu","@id":"https:\/\/dorogimedence.hu\/index.php\/2019\/12\/09\/pont-nelkul-tertek-haza-a-dorogiak\/#primaryimage","url":"https:\/\/dorogimedence.hu\/wp-content\/uploads\/2019\/12\/vasas-dorog.jpg","contentUrl":"https:\/\/dorogimedence.hu\/wp-content\/uploads\/2019\/12\/vasas-dorog.jpg","width":670,"height":365},{"@type":"BreadcrumbList","@id":"https:\/\/dorogimedence.hu\/index.php\/2019\/12\/09\/pont-nelkul-tertek-haza-a-dorogiak\/#breadcrumb","itemListElement":[{"@type":"ListItem","position":1,"name":"Kezd\u0151lap","item":"https:\/\/dorogimedence.hu\/"},{"@type":"ListItem","position":2,"name":"Pont n\u00e9lk\u00fcl t\u00e9rtek haza a dorogiak"}]},{"@type":"WebSite","@id":"https:\/\/dorogimedence.hu\/#website","url":"https:\/\/dorogimedence.hu\/","name":"Dorogi-medence Region\u00e1lis H\u00edrport\u00e1l","description":"Dorog, Keszt\u00f6lc, Le\u00e1nyv\u00e1r, Piliscs\u00e9v, Tokod, Tokodalt\u00e1r\u00f3, Csolnok, Esztergom-kertv\u00e1ros: h\u00edrek, programok","publisher":{"@id":"https:\/\/dorogimedence.hu\/#organization"},"potentialAction":[{"@type":"SearchAction","target":{"@type":"EntryPoint","urlTemplate":"https:\/\/dorogimedence.hu\/?s={search_term_string}"},"query-input":{"@type":"PropertyValueSpecification","valueRequired":true,"valueName":"search_term_string"}}],"inLanguage":"hu"},{"@type":"Organization","@id":"https:\/\/dorogimedence.hu\/#organization","name":"Dorogi-medence Region\u00e1lis H\u00edrport\u00e1l","url":"https:\/\/dorogimedence.hu\/","logo":{"@type":"ImageObject","inLanguage":"hu","@id":"https:\/\/dorogimedence.hu\/#\/schema\/logo\/image\/","url":"https:\/\/dorogimedence.hu\/wp-content\/uploads\/2021\/04\/logo-feher-600.png","contentUrl":"https:\/\/dorogimedence.hu\/wp-content\/uploads\/2021\/04\/logo-feher-600.png","width":600,"height":100,"caption":"Dorogi-medence Region\u00e1lis H\u00edrport\u00e1l"},"image":{"@id":"https:\/\/dorogimedence.hu\/#\/schema\/logo\/image\/"},"sameAs":["https:\/\/www.facebook.com\/dorogimedence\/"]},{"@type":"Person","@id":"https:\/\/dorogimedence.hu\/#\/schema\/person\/ce6091eeb7e95ecdc87890d6aa8e0fd4","name":"dorogimedence.hu","image":{"@type":"ImageObject","inLanguage":"hu","@id":"\/\/www.gravatar.com\/avatar\/d8d45f8901aadff40a4af72c0b826f1d?s=96&#038;r=g&#038;d=mm","url":"\/\/www.gravatar.com\/avatar\/d8d45f8901aadff40a4af72c0b826f1d?s=96&#038;r=g&#038;d=mm","contentUrl":"\/\/www.gravatar.com\/avatar\/d8d45f8901aadff40a4af72c0b826f1d?s=96&#038;r=g&#038;d=mm","caption":"dorogimedence.hu"}}]}},"_links":{"self":[{"href":"https:\/\/dorogimedence.hu\/index.php\/wp-json\/wp\/v2\/posts\/21480","targetHints":{"allow":["GET"]}}],"collection":[{"href":"https:\/\/dorogimedence.hu\/index.php\/wp-json\/wp\/v2\/posts"}],"about":[{"href":"https:\/\/dorogimedence.hu\/index.php\/wp-json\/wp\/v2\/types\/post"}],"author":[{"embeddable":true,"href":"https:\/\/dorogimedence.hu\/index.php\/wp-json\/wp\/v2\/users\/1"}],"replies":[{"embeddable":true,"href":"https:\/\/dorogimedence.hu\/index.php\/wp-json\/wp\/v2\/comments?post=21480"}],"version-history":[{"count":0,"href":"https:\/\/dorogimedence.hu\/index.php\/wp-json\/wp\/v2\/posts\/21480\/revisions"}],"wp:featuredmedia":[{"embeddable":true,"href":"https:\/\/dorogimedence.hu\/index.php\/wp-json\/wp\/v2\/media\/21481"}],"wp:attachment":[{"href":"https:\/\/dorogimedence.hu\/index.php\/wp-json\/wp\/v2\/media?parent=21480"}],"wp:term":[{"taxonomy":"category","embeddable":true,"href":"https:\/\/dorogimedence.hu\/index.php\/wp-json\/wp\/v2\/categories?post=21480"},{"taxonomy":"post_tag","embeddable":true,"href":"https:\/\/dorogimedence.hu\/index.php\/wp-json\/wp\/v2\/tags?post=21480"}],"curies":[{"name":"wp","href":"https:\/\/api.w.org\/{rel}","templated":true}]}}