{"id":21457,"date":"2019-12-08T11:05:15","date_gmt":"2019-12-08T10:05:15","guid":{"rendered":"http:\/\/dorogimedence.hu\/?p=21457"},"modified":"2019-12-08T11:05:22","modified_gmt":"2019-12-08T10:05:22","slug":"jo-hangulatban-zajlott-a-teli-schmidt-piknik","status":"publish","type":"post","link":"https:\/\/dorogimedence.hu\/index.php\/2019\/12\/08\/jo-hangulatban-zajlott-a-teli-schmidt-piknik\/","title":{"rendered":"J\u00f3 hangulatban zajlott a T\u00e9li Schmidt Piknik"},"content":{"rendered":"<p><strong>December 7-\u00e9n, szombaton rendezte meg a Civilek a Fejl\u0151d\u0151 V\u00e1ros\u00e9rt Egyes\u00fclet a T\u00e9li Schmidt Pikniket, a dorogi Schmidt S\u00e1ndor-lak\u00f3telep 12. m\u00f6g\u00f6tti ter\u00fcleten.<\/strong><\/p>\n<p>A rendezv\u00e9nyre m\u00e1r 14 \u00f3rakor gy\u00fclekeztek az \u00e9rdekl\u0151d\u0151k, akik a helysz\u00ednen fel\u00e1ll\u00edtott s\u00e1torban Hainrichffy Kata alkot\u00e1saib\u00f3l \u00f6ssze\u00e1ll\u00edtott ki\u00e1ll\u00edt\u00e1st tekinthett\u00e9k meg. K\u00f6zben a gyerekek forr\u00f3 te\u00e1t, a feln\u0151ttek pedig forraltbort kortyolgattak. Aki pedig meg\u00e9hezett zs\u00edroskenyeret, vagy sajtos s\u00fctem\u00e9nyt ehetett.<\/p>\n<p><img fetchpriority=\"high\" decoding=\"async\" class=\"alignnone size-full wp-image-21461\" src=\"https:\/\/dorogimedence.hu\/wp-content\/uploads\/2019\/12\/schmidt-04.jpg\" alt=\"\" width=\"670\" height=\"447\" srcset=\"https:\/\/dorogimedence.hu\/wp-content\/uploads\/2019\/12\/schmidt-04.jpg 670w, https:\/\/dorogimedence.hu\/wp-content\/uploads\/2019\/12\/schmidt-04-300x200.jpg 300w, https:\/\/dorogimedence.hu\/wp-content\/uploads\/2019\/12\/schmidt-04-589x392.jpg 589w, https:\/\/dorogimedence.hu\/wp-content\/uploads\/2019\/12\/schmidt-04-272x182.jpg 272w\" sizes=\"(max-width: 670px) 100vw, 670px\" \/><\/p>\n<p>15 \u00f3rakor j\u00f6tt el a nap f\u00e9nypontja, hiszen meg\u00e9rkezett lappf\u00f6ldr\u0151l a v\u00e1rva v\u00e1rt Mikul\u00e1s. Zs\u00e1kj\u00e1ban csupa j\u00f3 dolog volt, melyekb\u0151l minden gyermek kapott. \u201e\u00c9n az oviban megh\u00faztam a Mikul\u00e1s szak\u00e1ll\u00e1t \u00e9s a kezembe maradt, de ennek a Mikul\u00e1snak igazi a szak\u00e1lla\u201d \u2013 hangzott el ez a humoros mondat az egyik gyermek sz\u00e1j\u00e1b\u00f3l. A Mikul\u00e1st a gyerekek mond\u00f3k\u00e1kkal \u00e9s \u00e9nekekkel k\u00e1pr\u00e1ztatt\u00e1k el, cser\u00e9be pedig minden csomagot kapott. De a legnagyobb sl\u00e1ger a Mikul\u00e1ssal val\u00f3 szelfiz\u00e9s volt.<\/p>\n<p><img decoding=\"async\" class=\"alignnone size-full wp-image-21460\" src=\"https:\/\/dorogimedence.hu\/wp-content\/uploads\/2019\/12\/schmidt-03.jpg\" alt=\"\" width=\"670\" height=\"447\" srcset=\"https:\/\/dorogimedence.hu\/wp-content\/uploads\/2019\/12\/schmidt-03.jpg 670w, https:\/\/dorogimedence.hu\/wp-content\/uploads\/2019\/12\/schmidt-03-300x200.jpg 300w, https:\/\/dorogimedence.hu\/wp-content\/uploads\/2019\/12\/schmidt-03-589x392.jpg 589w, https:\/\/dorogimedence.hu\/wp-content\/uploads\/2019\/12\/schmidt-03-272x182.jpg 272w\" sizes=\"(max-width: 670px) 100vw, 670px\" \/><\/p>\n<p>A rendezv\u00e9nyen egy n\u00e9v n\u00e9lk\u00fcli k\u00e9rd\u0151\u00edvet is kit\u00f6lthettek a r\u00e9sztvev\u0151k, akik a v\u00e9lem\u00e9ny\u00fck\u00e9rt tombolaszelv\u00e9nyt kaptak. A Mikul\u00e1sos program ut\u00e1n pedig a h\u00e1rom aj\u00e1nd\u00e9kot sorsoltak ki k\u00f6z\u00f6tt\u00fck.<\/p>\n<p>A nap h\u00e1tral\u00e9v\u0151 r\u00e9sz\u00e9ben az \u00f6sszegy\u0171ltek besz\u00e9lgettek, falatoztak, a gyermekek pedig j\u00f3t j\u00e1tszottak.<\/p>\n<p><img decoding=\"async\" class=\"alignnone size-full wp-image-21462\" src=\"https:\/\/dorogimedence.hu\/wp-content\/uploads\/2019\/12\/schmidt-05.jpg\" alt=\"\" width=\"670\" height=\"447\" srcset=\"https:\/\/dorogimedence.hu\/wp-content\/uploads\/2019\/12\/schmidt-05.jpg 670w, https:\/\/dorogimedence.hu\/wp-content\/uploads\/2019\/12\/schmidt-05-300x200.jpg 300w, https:\/\/dorogimedence.hu\/wp-content\/uploads\/2019\/12\/schmidt-05-589x392.jpg 589w, https:\/\/dorogimedence.hu\/wp-content\/uploads\/2019\/12\/schmidt-05-272x182.jpg 272w\" sizes=\"(max-width: 670px) 100vw, 670px\" \/><\/p>\n<p><strong>A rendezv\u00e9nyt t\u00e1mogatta:<\/strong> Hiper XL \u00fczlet, Julianus Bt., Kr\u00e9ber Kft., Mol-Ben Force Kft., Gy\u00f6rgy P\u00e9ks\u00e9g, Baranyi Gerg\u0151 EV., D\u00e1g K\u00f6zs\u00e9g \u00d6nkorm\u00e1nyzata.<\/p>\n","protected":false},"excerpt":{"rendered":"<p>December 7-\u00e9n, szombaton rendezte meg a Civilek a Fejl\u0151d\u0151 V\u00e1ros\u00e9rt Egyes\u00fclet a T\u00e9li Schmidt Pikniket, a dorogi Schmidt S\u00e1ndor-lak\u00f3telep 12. m\u00f6g\u00f6tti ter\u00fcleten. A rendezv\u00e9nyre m\u00e1r 14 \u00f3rakor gy\u00fclekeztek az \u00e9rdekl\u0151d\u0151k, akik a helysz\u00ednen fel\u00e1ll\u00edtott s\u00e1torban Hainrichffy Kata alkot\u00e1saib\u00f3l \u00f6ssze\u00e1ll\u00edtott ki\u00e1ll\u00edt\u00e1st tekinthett\u00e9k meg. K\u00f6zben a gyerekek forr\u00f3 te\u00e1t, a feln\u0151ttek pedig forraltbort kortyolgattak. Aki pedig meg\u00e9hezett<\/p>\n","protected":false},"author":1,"featured_media":21458,"comment_status":"closed","ping_status":"closed","sticky":false,"template":"","format":"standard","meta":{"ngg_post_thumbnail":0,"footnotes":""},"categories":[2,3],"tags":[15,1884,101,4522],"class_list":{"0":"post-21457","1":"post","2":"type-post","3":"status-publish","4":"format-standard","5":"has-post-thumbnail","7":"category-dorog","8":"category-hirek","9":"tag-dorog","10":"tag-mikulas","11":"tag-program","12":"tag-teli-schmidt-piknik"},"yoast_head":"<!-- This site is optimized with the Yoast SEO plugin v27.5 - https:\/\/yoast.com\/product\/yoast-seo-wordpress\/ -->\n<title>J\u00f3 hangulatban zajlott a T\u00e9li Schmidt Piknik<\/title>\n<meta name=\"robots\" content=\"index, follow, max-snippet:-1, max-image-preview:large, max-video-preview:-1\" \/>\n<link rel=\"canonical\" href=\"https:\/\/dorogimedence.hu\/index.php\/2019\/12\/08\/jo-hangulatban-zajlott-a-teli-schmidt-piknik\/\" class=\"yoast-seo-meta-tag\" \/>\n<meta property=\"og:locale\" content=\"hu_HU\" class=\"yoast-seo-meta-tag\" \/>\n<meta property=\"og:type\" content=\"article\" class=\"yoast-seo-meta-tag\" \/>\n<meta property=\"og:title\" content=\"J\u00f3 hangulatban zajlott a T\u00e9li Schmidt Piknik\" class=\"yoast-seo-meta-tag\" \/>\n<meta property=\"og:description\" content=\"December 7-\u00e9n, szombaton rendezte meg a Civilek a Fejl\u0151d\u0151 V\u00e1ros\u00e9rt Egyes\u00fclet a T\u00e9li Schmidt Pikniket, a dorogi Schmidt S\u00e1ndor-lak\u00f3telep 12. m\u00f6g\u00f6tti ter\u00fcleten. A rendezv\u00e9nyre m\u00e1r 14 \u00f3rakor gy\u00fclekeztek az \u00e9rdekl\u0151d\u0151k, akik a helysz\u00ednen fel\u00e1ll\u00edtott s\u00e1torban Hainrichffy Kata alkot\u00e1saib\u00f3l \u00f6ssze\u00e1ll\u00edtott ki\u00e1ll\u00edt\u00e1st tekinthett\u00e9k meg. K\u00f6zben a gyerekek forr\u00f3 te\u00e1t, a feln\u0151ttek pedig forraltbort kortyolgattak. Aki pedig meg\u00e9hezett\" class=\"yoast-seo-meta-tag\" \/>\n<meta property=\"og:url\" content=\"https:\/\/dorogimedence.hu\/index.php\/2019\/12\/08\/jo-hangulatban-zajlott-a-teli-schmidt-piknik\/\" class=\"yoast-seo-meta-tag\" \/>\n<meta property=\"og:site_name\" content=\"Dorogi-medence Region\u00e1lis H\u00edrport\u00e1l\" class=\"yoast-seo-meta-tag\" \/>\n<meta property=\"article:publisher\" content=\"https:\/\/www.facebook.com\/dorogimedence\/\" class=\"yoast-seo-meta-tag\" \/>\n<meta property=\"article:published_time\" content=\"2019-12-08T10:05:15+00:00\" class=\"yoast-seo-meta-tag\" \/>\n<meta property=\"article:modified_time\" content=\"2019-12-08T10:05:22+00:00\" class=\"yoast-seo-meta-tag\" \/>\n<meta property=\"og:image\" content=\"https:\/\/i0.wp.com\/dorogimedence.hu\/wp-content\/uploads\/2019\/12\/schmidt-01.jpg?fit=670%2C365&ssl=1\" class=\"yoast-seo-meta-tag\" \/>\n\t<meta property=\"og:image:width\" content=\"670\" class=\"yoast-seo-meta-tag\" \/>\n\t<meta property=\"og:image:height\" content=\"365\" class=\"yoast-seo-meta-tag\" \/>\n\t<meta property=\"og:image:type\" content=\"image\/jpeg\" class=\"yoast-seo-meta-tag\" \/>\n<meta name=\"author\" content=\"dorogimedence.hu\" class=\"yoast-seo-meta-tag\" \/>\n<meta name=\"twitter:card\" content=\"summary_large_image\" class=\"yoast-seo-meta-tag\" \/>\n<meta name=\"twitter:label1\" content=\"Szerz\u0151:\" class=\"yoast-seo-meta-tag\" \/>\n\t<meta name=\"twitter:data1\" content=\"dorogimedence.hu\" class=\"yoast-seo-meta-tag\" \/>\n\t<meta name=\"twitter:label2\" content=\"Becs\u00fclt olvas\u00e1si id\u0151\" class=\"yoast-seo-meta-tag\" \/>\n\t<meta name=\"twitter:data2\" content=\"1 perc\" class=\"yoast-seo-meta-tag\" \/>\n<script type=\"application\/ld+json\" class=\"yoast-schema-graph\">{\"@context\":\"https:\\\/\\\/schema.org\",\"@graph\":[{\"@type\":\"Article\",\"@id\":\"https:\\\/\\\/dorogimedence.hu\\\/index.php\\\/2019\\\/12\\\/08\\\/jo-hangulatban-zajlott-a-teli-schmidt-piknik\\\/#article\",\"isPartOf\":{\"@id\":\"https:\\\/\\\/dorogimedence.hu\\\/index.php\\\/2019\\\/12\\\/08\\\/jo-hangulatban-zajlott-a-teli-schmidt-piknik\\\/\"},\"author\":{\"name\":\"dorogimedence.hu\",\"@id\":\"https:\\\/\\\/dorogimedence.hu\\\/#\\\/schema\\\/person\\\/ce6091eeb7e95ecdc87890d6aa8e0fd4\"},\"headline\":\"J\u00f3 hangulatban zajlott a T\u00e9li Schmidt Piknik\",\"datePublished\":\"2019-12-08T10:05:15+00:00\",\"dateModified\":\"2019-12-08T10:05:22+00:00\",\"mainEntityOfPage\":{\"@id\":\"https:\\\/\\\/dorogimedence.hu\\\/index.php\\\/2019\\\/12\\\/08\\\/jo-hangulatban-zajlott-a-teli-schmidt-piknik\\\/\"},\"wordCount\":304,\"publisher\":{\"@id\":\"https:\\\/\\\/dorogimedence.hu\\\/#organization\"},\"image\":{\"@id\":\"https:\\\/\\\/dorogimedence.hu\\\/index.php\\\/2019\\\/12\\\/08\\\/jo-hangulatban-zajlott-a-teli-schmidt-piknik\\\/#primaryimage\"},\"thumbnailUrl\":\"https:\\\/\\\/dorogimedence.hu\\\/wp-content\\\/uploads\\\/2019\\\/12\\\/schmidt-01.jpg\",\"keywords\":[\"Dorog\",\"Mikul\u00e1s\",\"program\",\"T\u00e9li Schmidt Piknik\"],\"articleSection\":[\"Dorog\",\"H\u00edrek\"],\"inLanguage\":\"hu\"},{\"@type\":\"WebPage\",\"@id\":\"https:\\\/\\\/dorogimedence.hu\\\/index.php\\\/2019\\\/12\\\/08\\\/jo-hangulatban-zajlott-a-teli-schmidt-piknik\\\/\",\"url\":\"https:\\\/\\\/dorogimedence.hu\\\/index.php\\\/2019\\\/12\\\/08\\\/jo-hangulatban-zajlott-a-teli-schmidt-piknik\\\/\",\"name\":\"J\u00f3 hangulatban zajlott a T\u00e9li Schmidt Piknik\",\"isPartOf\":{\"@id\":\"https:\\\/\\\/dorogimedence.hu\\\/#website\"},\"primaryImageOfPage\":{\"@id\":\"https:\\\/\\\/dorogimedence.hu\\\/index.php\\\/2019\\\/12\\\/08\\\/jo-hangulatban-zajlott-a-teli-schmidt-piknik\\\/#primaryimage\"},\"image\":{\"@id\":\"https:\\\/\\\/dorogimedence.hu\\\/index.php\\\/2019\\\/12\\\/08\\\/jo-hangulatban-zajlott-a-teli-schmidt-piknik\\\/#primaryimage\"},\"thumbnailUrl\":\"https:\\\/\\\/dorogimedence.hu\\\/wp-content\\\/uploads\\\/2019\\\/12\\\/schmidt-01.jpg\",\"datePublished\":\"2019-12-08T10:05:15+00:00\",\"dateModified\":\"2019-12-08T10:05:22+00:00\",\"breadcrumb\":{\"@id\":\"https:\\\/\\\/dorogimedence.hu\\\/index.php\\\/2019\\\/12\\\/08\\\/jo-hangulatban-zajlott-a-teli-schmidt-piknik\\\/#breadcrumb\"},\"inLanguage\":\"hu\",\"potentialAction\":[{\"@type\":\"ReadAction\",\"target\":[\"https:\\\/\\\/dorogimedence.hu\\\/index.php\\\/2019\\\/12\\\/08\\\/jo-hangulatban-zajlott-a-teli-schmidt-piknik\\\/\"]}]},{\"@type\":\"ImageObject\",\"inLanguage\":\"hu\",\"@id\":\"https:\\\/\\\/dorogimedence.hu\\\/index.php\\\/2019\\\/12\\\/08\\\/jo-hangulatban-zajlott-a-teli-schmidt-piknik\\\/#primaryimage\",\"url\":\"https:\\\/\\\/dorogimedence.hu\\\/wp-content\\\/uploads\\\/2019\\\/12\\\/schmidt-01.jpg\",\"contentUrl\":\"https:\\\/\\\/dorogimedence.hu\\\/wp-content\\\/uploads\\\/2019\\\/12\\\/schmidt-01.jpg\",\"width\":670,\"height\":365},{\"@type\":\"BreadcrumbList\",\"@id\":\"https:\\\/\\\/dorogimedence.hu\\\/index.php\\\/2019\\\/12\\\/08\\\/jo-hangulatban-zajlott-a-teli-schmidt-piknik\\\/#breadcrumb\",\"itemListElement\":[{\"@type\":\"ListItem\",\"position\":1,\"name\":\"Kezd\u0151lap\",\"item\":\"https:\\\/\\\/dorogimedence.hu\\\/\"},{\"@type\":\"ListItem\",\"position\":2,\"name\":\"J\u00f3 hangulatban zajlott a T\u00e9li Schmidt Piknik\"}]},{\"@type\":\"WebSite\",\"@id\":\"https:\\\/\\\/dorogimedence.hu\\\/#website\",\"url\":\"https:\\\/\\\/dorogimedence.hu\\\/\",\"name\":\"Dorogi-medence Region\u00e1lis H\u00edrport\u00e1l\",\"description\":\"Dorog, Keszt\u00f6lc, Le\u00e1nyv\u00e1r, Piliscs\u00e9v, Tokod, Tokodalt\u00e1r\u00f3, Csolnok, Esztergom-kertv\u00e1ros: h\u00edrek, programok\",\"publisher\":{\"@id\":\"https:\\\/\\\/dorogimedence.hu\\\/#organization\"},\"potentialAction\":[{\"@type\":\"SearchAction\",\"target\":{\"@type\":\"EntryPoint\",\"urlTemplate\":\"https:\\\/\\\/dorogimedence.hu\\\/?s={search_term_string}\"},\"query-input\":{\"@type\":\"PropertyValueSpecification\",\"valueRequired\":true,\"valueName\":\"search_term_string\"}}],\"inLanguage\":\"hu\"},{\"@type\":\"Organization\",\"@id\":\"https:\\\/\\\/dorogimedence.hu\\\/#organization\",\"name\":\"Dorogi-medence Region\u00e1lis H\u00edrport\u00e1l\",\"url\":\"https:\\\/\\\/dorogimedence.hu\\\/\",\"logo\":{\"@type\":\"ImageObject\",\"inLanguage\":\"hu\",\"@id\":\"https:\\\/\\\/dorogimedence.hu\\\/#\\\/schema\\\/logo\\\/image\\\/\",\"url\":\"https:\\\/\\\/dorogimedence.hu\\\/wp-content\\\/uploads\\\/2021\\\/04\\\/logo-feher-600.png\",\"contentUrl\":\"https:\\\/\\\/dorogimedence.hu\\\/wp-content\\\/uploads\\\/2021\\\/04\\\/logo-feher-600.png\",\"width\":600,\"height\":100,\"caption\":\"Dorogi-medence Region\u00e1lis H\u00edrport\u00e1l\"},\"image\":{\"@id\":\"https:\\\/\\\/dorogimedence.hu\\\/#\\\/schema\\\/logo\\\/image\\\/\"},\"sameAs\":[\"https:\\\/\\\/www.facebook.com\\\/dorogimedence\\\/\"]},{\"@type\":\"Person\",\"@id\":\"https:\\\/\\\/dorogimedence.hu\\\/#\\\/schema\\\/person\\\/ce6091eeb7e95ecdc87890d6aa8e0fd4\",\"name\":\"dorogimedence.hu\",\"image\":{\"@type\":\"ImageObject\",\"inLanguage\":\"hu\",\"@id\":\"\\\/\\\/www.gravatar.com\\\/avatar\\\/d8d45f8901aadff40a4af72c0b826f1d?s=96&#038;r=g&#038;d=mm\",\"url\":\"\\\/\\\/www.gravatar.com\\\/avatar\\\/d8d45f8901aadff40a4af72c0b826f1d?s=96&#038;r=g&#038;d=mm\",\"contentUrl\":\"\\\/\\\/www.gravatar.com\\\/avatar\\\/d8d45f8901aadff40a4af72c0b826f1d?s=96&#038;r=g&#038;d=mm\",\"caption\":\"dorogimedence.hu\"}}]}<\/script>\n<!-- \/ Yoast SEO plugin. -->","yoast_head_json":{"title":"J\u00f3 hangulatban zajlott a T\u00e9li Schmidt Piknik","robots":{"index":"index","follow":"follow","max-snippet":"max-snippet:-1","max-image-preview":"max-image-preview:large","max-video-preview":"max-video-preview:-1"},"canonical":"https:\/\/dorogimedence.hu\/index.php\/2019\/12\/08\/jo-hangulatban-zajlott-a-teli-schmidt-piknik\/","og_locale":"hu_HU","og_type":"article","og_title":"J\u00f3 hangulatban zajlott a T\u00e9li Schmidt Piknik","og_description":"December 7-\u00e9n, szombaton rendezte meg a Civilek a Fejl\u0151d\u0151 V\u00e1ros\u00e9rt Egyes\u00fclet a T\u00e9li Schmidt Pikniket, a dorogi Schmidt S\u00e1ndor-lak\u00f3telep 12. m\u00f6g\u00f6tti ter\u00fcleten. A rendezv\u00e9nyre m\u00e1r 14 \u00f3rakor gy\u00fclekeztek az \u00e9rdekl\u0151d\u0151k, akik a helysz\u00ednen fel\u00e1ll\u00edtott s\u00e1torban Hainrichffy Kata alkot\u00e1saib\u00f3l \u00f6ssze\u00e1ll\u00edtott ki\u00e1ll\u00edt\u00e1st tekinthett\u00e9k meg. K\u00f6zben a gyerekek forr\u00f3 te\u00e1t, a feln\u0151ttek pedig forraltbort kortyolgattak. Aki pedig meg\u00e9hezett","og_url":"https:\/\/dorogimedence.hu\/index.php\/2019\/12\/08\/jo-hangulatban-zajlott-a-teli-schmidt-piknik\/","og_site_name":"Dorogi-medence Region\u00e1lis H\u00edrport\u00e1l","article_publisher":"https:\/\/www.facebook.com\/dorogimedence\/","article_published_time":"2019-12-08T10:05:15+00:00","article_modified_time":"2019-12-08T10:05:22+00:00","og_image":[{"width":670,"height":365,"url":"https:\/\/i0.wp.com\/dorogimedence.hu\/wp-content\/uploads\/2019\/12\/schmidt-01.jpg?fit=670%2C365&ssl=1","type":"image\/jpeg"}],"author":"dorogimedence.hu","twitter_card":"summary_large_image","twitter_misc":{"Szerz\u0151:":"dorogimedence.hu","Becs\u00fclt olvas\u00e1si id\u0151":"1 perc"},"schema":{"@context":"https:\/\/schema.org","@graph":[{"@type":"Article","@id":"https:\/\/dorogimedence.hu\/index.php\/2019\/12\/08\/jo-hangulatban-zajlott-a-teli-schmidt-piknik\/#article","isPartOf":{"@id":"https:\/\/dorogimedence.hu\/index.php\/2019\/12\/08\/jo-hangulatban-zajlott-a-teli-schmidt-piknik\/"},"author":{"name":"dorogimedence.hu","@id":"https:\/\/dorogimedence.hu\/#\/schema\/person\/ce6091eeb7e95ecdc87890d6aa8e0fd4"},"headline":"J\u00f3 hangulatban zajlott a T\u00e9li Schmidt Piknik","datePublished":"2019-12-08T10:05:15+00:00","dateModified":"2019-12-08T10:05:22+00:00","mainEntityOfPage":{"@id":"https:\/\/dorogimedence.hu\/index.php\/2019\/12\/08\/jo-hangulatban-zajlott-a-teli-schmidt-piknik\/"},"wordCount":304,"publisher":{"@id":"https:\/\/dorogimedence.hu\/#organization"},"image":{"@id":"https:\/\/dorogimedence.hu\/index.php\/2019\/12\/08\/jo-hangulatban-zajlott-a-teli-schmidt-piknik\/#primaryimage"},"thumbnailUrl":"https:\/\/dorogimedence.hu\/wp-content\/uploads\/2019\/12\/schmidt-01.jpg","keywords":["Dorog","Mikul\u00e1s","program","T\u00e9li Schmidt Piknik"],"articleSection":["Dorog","H\u00edrek"],"inLanguage":"hu"},{"@type":"WebPage","@id":"https:\/\/dorogimedence.hu\/index.php\/2019\/12\/08\/jo-hangulatban-zajlott-a-teli-schmidt-piknik\/","url":"https:\/\/dorogimedence.hu\/index.php\/2019\/12\/08\/jo-hangulatban-zajlott-a-teli-schmidt-piknik\/","name":"J\u00f3 hangulatban zajlott a T\u00e9li Schmidt Piknik","isPartOf":{"@id":"https:\/\/dorogimedence.hu\/#website"},"primaryImageOfPage":{"@id":"https:\/\/dorogimedence.hu\/index.php\/2019\/12\/08\/jo-hangulatban-zajlott-a-teli-schmidt-piknik\/#primaryimage"},"image":{"@id":"https:\/\/dorogimedence.hu\/index.php\/2019\/12\/08\/jo-hangulatban-zajlott-a-teli-schmidt-piknik\/#primaryimage"},"thumbnailUrl":"https:\/\/dorogimedence.hu\/wp-content\/uploads\/2019\/12\/schmidt-01.jpg","datePublished":"2019-12-08T10:05:15+00:00","dateModified":"2019-12-08T10:05:22+00:00","breadcrumb":{"@id":"https:\/\/dorogimedence.hu\/index.php\/2019\/12\/08\/jo-hangulatban-zajlott-a-teli-schmidt-piknik\/#breadcrumb"},"inLanguage":"hu","potentialAction":[{"@type":"ReadAction","target":["https:\/\/dorogimedence.hu\/index.php\/2019\/12\/08\/jo-hangulatban-zajlott-a-teli-schmidt-piknik\/"]}]},{"@type":"ImageObject","inLanguage":"hu","@id":"https:\/\/dorogimedence.hu\/index.php\/2019\/12\/08\/jo-hangulatban-zajlott-a-teli-schmidt-piknik\/#primaryimage","url":"https:\/\/dorogimedence.hu\/wp-content\/uploads\/2019\/12\/schmidt-01.jpg","contentUrl":"https:\/\/dorogimedence.hu\/wp-content\/uploads\/2019\/12\/schmidt-01.jpg","width":670,"height":365},{"@type":"BreadcrumbList","@id":"https:\/\/dorogimedence.hu\/index.php\/2019\/12\/08\/jo-hangulatban-zajlott-a-teli-schmidt-piknik\/#breadcrumb","itemListElement":[{"@type":"ListItem","position":1,"name":"Kezd\u0151lap","item":"https:\/\/dorogimedence.hu\/"},{"@type":"ListItem","position":2,"name":"J\u00f3 hangulatban zajlott a T\u00e9li Schmidt Piknik"}]},{"@type":"WebSite","@id":"https:\/\/dorogimedence.hu\/#website","url":"https:\/\/dorogimedence.hu\/","name":"Dorogi-medence Region\u00e1lis H\u00edrport\u00e1l","description":"Dorog, Keszt\u00f6lc, Le\u00e1nyv\u00e1r, Piliscs\u00e9v, Tokod, Tokodalt\u00e1r\u00f3, Csolnok, Esztergom-kertv\u00e1ros: h\u00edrek, programok","publisher":{"@id":"https:\/\/dorogimedence.hu\/#organization"},"potentialAction":[{"@type":"SearchAction","target":{"@type":"EntryPoint","urlTemplate":"https:\/\/dorogimedence.hu\/?s={search_term_string}"},"query-input":{"@type":"PropertyValueSpecification","valueRequired":true,"valueName":"search_term_string"}}],"inLanguage":"hu"},{"@type":"Organization","@id":"https:\/\/dorogimedence.hu\/#organization","name":"Dorogi-medence Region\u00e1lis H\u00edrport\u00e1l","url":"https:\/\/dorogimedence.hu\/","logo":{"@type":"ImageObject","inLanguage":"hu","@id":"https:\/\/dorogimedence.hu\/#\/schema\/logo\/image\/","url":"https:\/\/dorogimedence.hu\/wp-content\/uploads\/2021\/04\/logo-feher-600.png","contentUrl":"https:\/\/dorogimedence.hu\/wp-content\/uploads\/2021\/04\/logo-feher-600.png","width":600,"height":100,"caption":"Dorogi-medence Region\u00e1lis H\u00edrport\u00e1l"},"image":{"@id":"https:\/\/dorogimedence.hu\/#\/schema\/logo\/image\/"},"sameAs":["https:\/\/www.facebook.com\/dorogimedence\/"]},{"@type":"Person","@id":"https:\/\/dorogimedence.hu\/#\/schema\/person\/ce6091eeb7e95ecdc87890d6aa8e0fd4","name":"dorogimedence.hu","image":{"@type":"ImageObject","inLanguage":"hu","@id":"\/\/www.gravatar.com\/avatar\/d8d45f8901aadff40a4af72c0b826f1d?s=96&#038;r=g&#038;d=mm","url":"\/\/www.gravatar.com\/avatar\/d8d45f8901aadff40a4af72c0b826f1d?s=96&#038;r=g&#038;d=mm","contentUrl":"\/\/www.gravatar.com\/avatar\/d8d45f8901aadff40a4af72c0b826f1d?s=96&#038;r=g&#038;d=mm","caption":"dorogimedence.hu"}}]}},"_links":{"self":[{"href":"https:\/\/dorogimedence.hu\/index.php\/wp-json\/wp\/v2\/posts\/21457","targetHints":{"allow":["GET"]}}],"collection":[{"href":"https:\/\/dorogimedence.hu\/index.php\/wp-json\/wp\/v2\/posts"}],"about":[{"href":"https:\/\/dorogimedence.hu\/index.php\/wp-json\/wp\/v2\/types\/post"}],"author":[{"embeddable":true,"href":"https:\/\/dorogimedence.hu\/index.php\/wp-json\/wp\/v2\/users\/1"}],"replies":[{"embeddable":true,"href":"https:\/\/dorogimedence.hu\/index.php\/wp-json\/wp\/v2\/comments?post=21457"}],"version-history":[{"count":0,"href":"https:\/\/dorogimedence.hu\/index.php\/wp-json\/wp\/v2\/posts\/21457\/revisions"}],"wp:featuredmedia":[{"embeddable":true,"href":"https:\/\/dorogimedence.hu\/index.php\/wp-json\/wp\/v2\/media\/21458"}],"wp:attachment":[{"href":"https:\/\/dorogimedence.hu\/index.php\/wp-json\/wp\/v2\/media?parent=21457"}],"wp:term":[{"taxonomy":"category","embeddable":true,"href":"https:\/\/dorogimedence.hu\/index.php\/wp-json\/wp\/v2\/categories?post=21457"},{"taxonomy":"post_tag","embeddable":true,"href":"https:\/\/dorogimedence.hu\/index.php\/wp-json\/wp\/v2\/tags?post=21457"}],"curies":[{"name":"wp","href":"https:\/\/api.w.org\/{rel}","templated":true}]}}