{"id":21438,"date":"2019-12-06T14:49:52","date_gmt":"2019-12-06T13:49:52","guid":{"rendered":"http:\/\/dorogimedence.hu\/?p=21438"},"modified":"2019-12-06T14:50:18","modified_gmt":"2019-12-06T13:50:18","slug":"veradokat-koszontottek-dorogon","status":"publish","type":"post","link":"https:\/\/dorogimedence.hu\/index.php\/2019\/12\/06\/veradokat-koszontottek-dorogon\/","title":{"rendered":"V\u00e9rad\u00f3kat k\u00f6sz\u00f6nt\u00f6tt\u00e9k Dorogon"},"content":{"rendered":"<p><strong>December 3-\u00e1n, kedden a Dorog k\u00f6rny\u00e9ki v\u00e9rad\u00f3kat k\u00f6sz\u00f6nt\u00f6tt\u00e9k a Dorogi J\u00f3zsef Attila M\u0171vel\u0151d\u00e9si H\u00e1zban.<\/strong><\/p>\n<p>Az esem\u00e9nyen a v\u00e9rad\u00f3k mellett Hamburgern\u00e9 \u00dajv\u00e1ri Ir\u00e9n, a Magyar V\u00f6r\u00f6skereszt megyei igazgat\u00f3ja, Dr. Schmidt Ildik\u00f3 az Orsz\u00e1gos V\u00e9rell\u00e1t\u00f3 Sz\u00f6vets\u00e9g tatab\u00e1nyai vezet\u0151je, Dr. Bogn\u00e1r Ferenc, a Magyar V\u00f6r\u00f6skereszt megyei eln\u00f6ke, Dr. Radoncsics Gy\u00f6rgyn\u00e9, a Magyar V\u00f6r\u00f6skereszt megyei vezet\u0151s\u00e9g tagja \u00e9s Turi Lajos T\u00e1t v\u00e1ros polg\u00e1rmestere is megjelent.<\/p>\n<p>A Magyar V\u00f6r\u00f6skereszt Esztergom-Dorog ter\u00fcleti koordin\u00e1tora k\u00f6sz\u00f6nt\u00f6tte a vend\u00e9geket, majd elszavalta Aranyossy Ervin \u201eA v\u00e9r az \u00e9let\u201d c\u00edm\u0171 k\u00f6ltem\u00e9ny\u00e9t, ami a v\u00e9rad\u00f3k himnusza is egyben.<\/p>\n<p><img fetchpriority=\"high\" decoding=\"async\" class=\"alignnone size-full wp-image-21440\" src=\"https:\/\/dorogimedence.hu\/wp-content\/uploads\/2019\/12\/verado-02.jpg\" alt=\"\" width=\"670\" height=\"447\" srcset=\"https:\/\/dorogimedence.hu\/wp-content\/uploads\/2019\/12\/verado-02.jpg 670w, https:\/\/dorogimedence.hu\/wp-content\/uploads\/2019\/12\/verado-02-300x200.jpg 300w, https:\/\/dorogimedence.hu\/wp-content\/uploads\/2019\/12\/verado-02-589x392.jpg 589w, https:\/\/dorogimedence.hu\/wp-content\/uploads\/2019\/12\/verado-02-272x182.jpg 272w\" sizes=\"(max-width: 670px) 100vw, 670px\" \/><\/p>\n<p>Dr. Bogn\u00e1r Ferenc elmondta, hogy a v\u00e9rad\u00e1s rettenetesen fontos dolog a magyar eg\u00e9szs\u00e9g\u00fcgy fenntart\u00e1s\u00e1nak rendszerben, amely semmi m\u00e1ssal nem p\u00f3tolhat\u00f3. \u201eA v\u00e9rad\u00f3k csal\u00e1dja fogyatkozik, egyre kevesebben vagyunk, az id\u0151 az \u00e9let\u00fcnkben megfogyatkozott\u201d \u2013 tette hozz\u00e1. Az egyik oka az, hogy folyton rohanunk, ki kellene t\u00f6rni ebb\u0151l a titkos vil\u00e1gb\u00f3l, mert a v\u00e9rad\u00f3k d\u00f6nt\u0151 t\u00f6bbs\u00e9ge nem dicsekszik azzal, hogy v\u00e9rad\u00f3. Nem hirdeti, hogy \u0151 sokszoros v\u00e9rad\u00f3 \u00e9s ezen v\u00e1ltoztatni kell. Fontos az ember \u00e9let\u00e9ben a p\u00e9ldamutat\u00e1s minden vonatkoz\u00e1sban, a v\u00e9rad\u00e1sban pedig sokszorosan. V\u00e9gezet\u00fcl elmondta, hogy \u00f6r\u00f6mteli dolog, hogy a k\u00f6z\u00f6ss\u00e9gi oldalakon egyre t\u00f6bbsz\u00f6r jelennek meg az oklevelekr\u0151l, embl\u00e9m\u00e1r\u00f3l a fot\u00f3k, van olyan is aki m\u00e1r 113 v\u00e9rad\u00e1son van t\u00fal.<\/p>\n<p><img decoding=\"async\" class=\"alignnone size-full wp-image-21441\" src=\"https:\/\/dorogimedence.hu\/wp-content\/uploads\/2019\/12\/verado-03.jpg\" alt=\"\" width=\"670\" height=\"447\" srcset=\"https:\/\/dorogimedence.hu\/wp-content\/uploads\/2019\/12\/verado-03.jpg 670w, https:\/\/dorogimedence.hu\/wp-content\/uploads\/2019\/12\/verado-03-300x200.jpg 300w, https:\/\/dorogimedence.hu\/wp-content\/uploads\/2019\/12\/verado-03-589x392.jpg 589w, https:\/\/dorogimedence.hu\/wp-content\/uploads\/2019\/12\/verado-03-272x182.jpg 272w\" sizes=\"(max-width: 670px) 100vw, 670px\" \/><\/p>\n<p>Dr. Bogn\u00e1r Ferenc besz\u00e9de ut\u00e1n az \u00cdzisz Gy\u00f6ngyszemei t\u00e1ncst\u00fadi\u00f3 adta el a koreogr\u00e1fi\u00e1j\u00e1t, Kind\u00e1rn\u00e9 Gy\u0151ri M\u00e1rta vezet\u00e9s\u00e9vel. Ezut\u00e1n pedig \u00e1tadt\u00e1k a kit\u0171ntet\u00e9seket. A 25, 30, 40, 50 szeres v\u00e9rad\u00f3k oklev\u00e9lben, a 60, 70, 75 \u00e9s 80 szoros v\u00e9rad\u00f3k oklev\u00e9lben \u00e9s \u00e9remben r\u00e9szes\u00fcltek. A legid\u0151sebb v\u00e9rad\u00f3 a dorogi Ambrus Lajos volt, \u0151 80 alkalommal adott m\u00e1r v\u00e9rt.<\/p>\n<p><img decoding=\"async\" class=\"alignnone size-full wp-image-21442\" src=\"https:\/\/dorogimedence.hu\/wp-content\/uploads\/2019\/12\/verado-04.jpg\" alt=\"\" width=\"670\" height=\"447\" srcset=\"https:\/\/dorogimedence.hu\/wp-content\/uploads\/2019\/12\/verado-04.jpg 670w, https:\/\/dorogimedence.hu\/wp-content\/uploads\/2019\/12\/verado-04-300x200.jpg 300w, https:\/\/dorogimedence.hu\/wp-content\/uploads\/2019\/12\/verado-04-589x392.jpg 589w, https:\/\/dorogimedence.hu\/wp-content\/uploads\/2019\/12\/verado-04-272x182.jpg 272w\" sizes=\"(max-width: 670px) 100vw, 670px\" \/><\/p>\n<p>A kit\u0171ntet\u00e9sek \u00e1tad\u00e1sa v\u00e9g\u00e9n Bod\u00f3 Ildik\u00f3 megk\u00f6sz\u00f6nte a v\u00e9rad\u00f3k teljes\u00edtm\u00e9ny\u00e9t \u00e9s tov\u00e1bbra is szeretettel v\u00e1rj\u00e1k \u0151ket. Tov\u00e1bb\u00e1 megk\u00f6sz\u00f6nte a t\u00e1rsadalmi vezet\u0151k munk\u00e1j\u00e1t, akiknek aj\u00e1nd\u00e9kot adott \u00e1t.<\/p>\n<p><img loading=\"lazy\" decoding=\"async\" class=\"alignnone size-full wp-image-21443\" src=\"https:\/\/dorogimedence.hu\/wp-content\/uploads\/2019\/12\/verado-05.jpg\" alt=\"\" width=\"670\" height=\"447\" srcset=\"https:\/\/dorogimedence.hu\/wp-content\/uploads\/2019\/12\/verado-05.jpg 670w, https:\/\/dorogimedence.hu\/wp-content\/uploads\/2019\/12\/verado-05-300x200.jpg 300w, https:\/\/dorogimedence.hu\/wp-content\/uploads\/2019\/12\/verado-05-589x392.jpg 589w, https:\/\/dorogimedence.hu\/wp-content\/uploads\/2019\/12\/verado-05-272x182.jpg 272w\" sizes=\"(max-width: 670px) 100vw, 670px\" \/><\/p>\n<p>Turi Lajos ezut\u00e1n poh\u00e1rk\u00f6sz\u00f6nt\u0151t mondott, elmondta, hogy sz\u00e1mos gy\u00f3gykezel\u00e9s nagy mennyis\u00e9g\u0171 v\u00e9rt ig\u00e9nyel. A betegek nev\u00e9ben pedig megk\u00f6sz\u00f6nte a k\u00f6rny\u00e9kbeli v\u00e9rad\u00f3k \u00f6nzetlen \u00e9s nemes tett\u00e9t.<\/p>\n<p>A k\u00f6sz\u00f6nt\u00f6k ut\u00e1n az \u00f6sszegy\u0171lteket hidegt\u00e1llal vend\u00e9gelt\u00e9k meg.<\/p>\n","protected":false},"excerpt":{"rendered":"<p>December 3-\u00e1n, kedden a Dorog k\u00f6rny\u00e9ki v\u00e9rad\u00f3kat k\u00f6sz\u00f6nt\u00f6tt\u00e9k a Dorogi J\u00f3zsef Attila M\u0171vel\u0151d\u00e9si H\u00e1zban. Az esem\u00e9nyen a v\u00e9rad\u00f3k mellett Hamburgern\u00e9 \u00dajv\u00e1ri Ir\u00e9n, a Magyar V\u00f6r\u00f6skereszt megyei igazgat\u00f3ja, Dr. Schmidt Ildik\u00f3 az Orsz\u00e1gos V\u00e9rell\u00e1t\u00f3 Sz\u00f6vets\u00e9g tatab\u00e1nyai vezet\u0151je, Dr. Bogn\u00e1r Ferenc, a Magyar V\u00f6r\u00f6skereszt megyei eln\u00f6ke, Dr. Radoncsics Gy\u00f6rgyn\u00e9, a Magyar V\u00f6r\u00f6skereszt megyei vezet\u0151s\u00e9g tagja \u00e9s Turi<\/p>\n","protected":false},"author":1,"featured_media":21439,"comment_status":"closed","ping_status":"closed","sticky":false,"template":"","format":"standard","meta":{"ngg_post_thumbnail":0,"footnotes":""},"categories":[2,3],"tags":[15,904,177,4531],"class_list":{"0":"post-21438","1":"post","2":"type-post","3":"status-publish","4":"format-standard","5":"has-post-thumbnail","7":"category-dorog","8":"category-hirek","9":"tag-dorog","10":"tag-magyar-voroskereszt","11":"tag-veradas","12":"tag-verado-unnep"},"yoast_head":"<!-- This site is optimized with the Yoast SEO plugin v27.4 - https:\/\/yoast.com\/product\/yoast-seo-wordpress\/ -->\n<title>V\u00e9rad\u00f3kat k\u00f6sz\u00f6nt\u00f6tt\u00e9k Dorogon<\/title>\n<meta name=\"robots\" content=\"index, follow, max-snippet:-1, max-image-preview:large, max-video-preview:-1\" \/>\n<link rel=\"canonical\" href=\"https:\/\/dorogimedence.hu\/index.php\/2019\/12\/06\/veradokat-koszontottek-dorogon\/\" class=\"yoast-seo-meta-tag\" \/>\n<meta property=\"og:locale\" content=\"hu_HU\" class=\"yoast-seo-meta-tag\" \/>\n<meta property=\"og:type\" content=\"article\" class=\"yoast-seo-meta-tag\" \/>\n<meta property=\"og:title\" content=\"V\u00e9rad\u00f3kat k\u00f6sz\u00f6nt\u00f6tt\u00e9k Dorogon\" class=\"yoast-seo-meta-tag\" \/>\n<meta property=\"og:description\" content=\"December 3-\u00e1n, kedden a Dorog k\u00f6rny\u00e9ki v\u00e9rad\u00f3kat k\u00f6sz\u00f6nt\u00f6tt\u00e9k a Dorogi J\u00f3zsef Attila M\u0171vel\u0151d\u00e9si H\u00e1zban. Az esem\u00e9nyen a v\u00e9rad\u00f3k mellett Hamburgern\u00e9 \u00dajv\u00e1ri Ir\u00e9n, a Magyar V\u00f6r\u00f6skereszt megyei igazgat\u00f3ja, Dr. Schmidt Ildik\u00f3 az Orsz\u00e1gos V\u00e9rell\u00e1t\u00f3 Sz\u00f6vets\u00e9g tatab\u00e1nyai vezet\u0151je, Dr. Bogn\u00e1r Ferenc, a Magyar V\u00f6r\u00f6skereszt megyei eln\u00f6ke, Dr. Radoncsics Gy\u00f6rgyn\u00e9, a Magyar V\u00f6r\u00f6skereszt megyei vezet\u0151s\u00e9g tagja \u00e9s Turi\" class=\"yoast-seo-meta-tag\" \/>\n<meta property=\"og:url\" content=\"https:\/\/dorogimedence.hu\/index.php\/2019\/12\/06\/veradokat-koszontottek-dorogon\/\" class=\"yoast-seo-meta-tag\" \/>\n<meta property=\"og:site_name\" content=\"Dorogi-medence Region\u00e1lis H\u00edrport\u00e1l\" class=\"yoast-seo-meta-tag\" \/>\n<meta property=\"article:publisher\" content=\"https:\/\/www.facebook.com\/dorogimedence\/\" class=\"yoast-seo-meta-tag\" \/>\n<meta property=\"article:published_time\" content=\"2019-12-06T13:49:52+00:00\" class=\"yoast-seo-meta-tag\" \/>\n<meta property=\"article:modified_time\" content=\"2019-12-06T13:50:18+00:00\" class=\"yoast-seo-meta-tag\" \/>\n<meta property=\"og:image\" content=\"https:\/\/i0.wp.com\/dorogimedence.hu\/wp-content\/uploads\/2019\/12\/verado-01.jpg?fit=670%2C365&ssl=1\" class=\"yoast-seo-meta-tag\" \/>\n\t<meta property=\"og:image:width\" content=\"670\" class=\"yoast-seo-meta-tag\" \/>\n\t<meta property=\"og:image:height\" content=\"365\" class=\"yoast-seo-meta-tag\" \/>\n\t<meta property=\"og:image:type\" content=\"image\/jpeg\" class=\"yoast-seo-meta-tag\" \/>\n<meta name=\"author\" content=\"dorogimedence.hu\" class=\"yoast-seo-meta-tag\" \/>\n<meta name=\"twitter:card\" content=\"summary_large_image\" class=\"yoast-seo-meta-tag\" \/>\n<meta name=\"twitter:label1\" content=\"Szerz\u0151:\" class=\"yoast-seo-meta-tag\" \/>\n\t<meta name=\"twitter:data1\" content=\"dorogimedence.hu\" class=\"yoast-seo-meta-tag\" \/>\n\t<meta name=\"twitter:label2\" content=\"Becs\u00fclt olvas\u00e1si id\u0151\" class=\"yoast-seo-meta-tag\" \/>\n\t<meta name=\"twitter:data2\" content=\"2 perc\" class=\"yoast-seo-meta-tag\" \/>\n<script type=\"application\/ld+json\" class=\"yoast-schema-graph\">{\"@context\":\"https:\\\/\\\/schema.org\",\"@graph\":[{\"@type\":\"Article\",\"@id\":\"https:\\\/\\\/dorogimedence.hu\\\/index.php\\\/2019\\\/12\\\/06\\\/veradokat-koszontottek-dorogon\\\/#article\",\"isPartOf\":{\"@id\":\"https:\\\/\\\/dorogimedence.hu\\\/index.php\\\/2019\\\/12\\\/06\\\/veradokat-koszontottek-dorogon\\\/\"},\"author\":{\"name\":\"dorogimedence.hu\",\"@id\":\"https:\\\/\\\/dorogimedence.hu\\\/#\\\/schema\\\/person\\\/ce6091eeb7e95ecdc87890d6aa8e0fd4\"},\"headline\":\"V\u00e9rad\u00f3kat k\u00f6sz\u00f6nt\u00f6tt\u00e9k Dorogon\",\"datePublished\":\"2019-12-06T13:49:52+00:00\",\"dateModified\":\"2019-12-06T13:50:18+00:00\",\"mainEntityOfPage\":{\"@id\":\"https:\\\/\\\/dorogimedence.hu\\\/index.php\\\/2019\\\/12\\\/06\\\/veradokat-koszontottek-dorogon\\\/\"},\"wordCount\":491,\"publisher\":{\"@id\":\"https:\\\/\\\/dorogimedence.hu\\\/#organization\"},\"image\":{\"@id\":\"https:\\\/\\\/dorogimedence.hu\\\/index.php\\\/2019\\\/12\\\/06\\\/veradokat-koszontottek-dorogon\\\/#primaryimage\"},\"thumbnailUrl\":\"https:\\\/\\\/dorogimedence.hu\\\/wp-content\\\/uploads\\\/2019\\\/12\\\/verado-01.jpg\",\"keywords\":[\"Dorog\",\"Magyar V\u00f6r\u00f6skereszt\",\"v\u00e9rad\u00e1s\",\"v\u00e9rad\u00f3 \u00fcnnep\"],\"articleSection\":[\"Dorog\",\"H\u00edrek\"],\"inLanguage\":\"hu\"},{\"@type\":\"WebPage\",\"@id\":\"https:\\\/\\\/dorogimedence.hu\\\/index.php\\\/2019\\\/12\\\/06\\\/veradokat-koszontottek-dorogon\\\/\",\"url\":\"https:\\\/\\\/dorogimedence.hu\\\/index.php\\\/2019\\\/12\\\/06\\\/veradokat-koszontottek-dorogon\\\/\",\"name\":\"V\u00e9rad\u00f3kat k\u00f6sz\u00f6nt\u00f6tt\u00e9k Dorogon\",\"isPartOf\":{\"@id\":\"https:\\\/\\\/dorogimedence.hu\\\/#website\"},\"primaryImageOfPage\":{\"@id\":\"https:\\\/\\\/dorogimedence.hu\\\/index.php\\\/2019\\\/12\\\/06\\\/veradokat-koszontottek-dorogon\\\/#primaryimage\"},\"image\":{\"@id\":\"https:\\\/\\\/dorogimedence.hu\\\/index.php\\\/2019\\\/12\\\/06\\\/veradokat-koszontottek-dorogon\\\/#primaryimage\"},\"thumbnailUrl\":\"https:\\\/\\\/dorogimedence.hu\\\/wp-content\\\/uploads\\\/2019\\\/12\\\/verado-01.jpg\",\"datePublished\":\"2019-12-06T13:49:52+00:00\",\"dateModified\":\"2019-12-06T13:50:18+00:00\",\"breadcrumb\":{\"@id\":\"https:\\\/\\\/dorogimedence.hu\\\/index.php\\\/2019\\\/12\\\/06\\\/veradokat-koszontottek-dorogon\\\/#breadcrumb\"},\"inLanguage\":\"hu\",\"potentialAction\":[{\"@type\":\"ReadAction\",\"target\":[\"https:\\\/\\\/dorogimedence.hu\\\/index.php\\\/2019\\\/12\\\/06\\\/veradokat-koszontottek-dorogon\\\/\"]}]},{\"@type\":\"ImageObject\",\"inLanguage\":\"hu\",\"@id\":\"https:\\\/\\\/dorogimedence.hu\\\/index.php\\\/2019\\\/12\\\/06\\\/veradokat-koszontottek-dorogon\\\/#primaryimage\",\"url\":\"https:\\\/\\\/dorogimedence.hu\\\/wp-content\\\/uploads\\\/2019\\\/12\\\/verado-01.jpg\",\"contentUrl\":\"https:\\\/\\\/dorogimedence.hu\\\/wp-content\\\/uploads\\\/2019\\\/12\\\/verado-01.jpg\",\"width\":670,\"height\":365},{\"@type\":\"BreadcrumbList\",\"@id\":\"https:\\\/\\\/dorogimedence.hu\\\/index.php\\\/2019\\\/12\\\/06\\\/veradokat-koszontottek-dorogon\\\/#breadcrumb\",\"itemListElement\":[{\"@type\":\"ListItem\",\"position\":1,\"name\":\"Kezd\u0151lap\",\"item\":\"https:\\\/\\\/dorogimedence.hu\\\/\"},{\"@type\":\"ListItem\",\"position\":2,\"name\":\"V\u00e9rad\u00f3kat k\u00f6sz\u00f6nt\u00f6tt\u00e9k Dorogon\"}]},{\"@type\":\"WebSite\",\"@id\":\"https:\\\/\\\/dorogimedence.hu\\\/#website\",\"url\":\"https:\\\/\\\/dorogimedence.hu\\\/\",\"name\":\"Dorogi-medence Region\u00e1lis H\u00edrport\u00e1l\",\"description\":\"Dorog, Keszt\u00f6lc, Le\u00e1nyv\u00e1r, Piliscs\u00e9v, Tokod, Tokodalt\u00e1r\u00f3, Csolnok, Esztergom-kertv\u00e1ros: h\u00edrek, programok\",\"publisher\":{\"@id\":\"https:\\\/\\\/dorogimedence.hu\\\/#organization\"},\"potentialAction\":[{\"@type\":\"SearchAction\",\"target\":{\"@type\":\"EntryPoint\",\"urlTemplate\":\"https:\\\/\\\/dorogimedence.hu\\\/?s={search_term_string}\"},\"query-input\":{\"@type\":\"PropertyValueSpecification\",\"valueRequired\":true,\"valueName\":\"search_term_string\"}}],\"inLanguage\":\"hu\"},{\"@type\":\"Organization\",\"@id\":\"https:\\\/\\\/dorogimedence.hu\\\/#organization\",\"name\":\"Dorogi-medence Region\u00e1lis H\u00edrport\u00e1l\",\"url\":\"https:\\\/\\\/dorogimedence.hu\\\/\",\"logo\":{\"@type\":\"ImageObject\",\"inLanguage\":\"hu\",\"@id\":\"https:\\\/\\\/dorogimedence.hu\\\/#\\\/schema\\\/logo\\\/image\\\/\",\"url\":\"https:\\\/\\\/dorogimedence.hu\\\/wp-content\\\/uploads\\\/2021\\\/04\\\/logo-feher-600.png\",\"contentUrl\":\"https:\\\/\\\/dorogimedence.hu\\\/wp-content\\\/uploads\\\/2021\\\/04\\\/logo-feher-600.png\",\"width\":600,\"height\":100,\"caption\":\"Dorogi-medence Region\u00e1lis H\u00edrport\u00e1l\"},\"image\":{\"@id\":\"https:\\\/\\\/dorogimedence.hu\\\/#\\\/schema\\\/logo\\\/image\\\/\"},\"sameAs\":[\"https:\\\/\\\/www.facebook.com\\\/dorogimedence\\\/\"]},{\"@type\":\"Person\",\"@id\":\"https:\\\/\\\/dorogimedence.hu\\\/#\\\/schema\\\/person\\\/ce6091eeb7e95ecdc87890d6aa8e0fd4\",\"name\":\"dorogimedence.hu\",\"image\":{\"@type\":\"ImageObject\",\"inLanguage\":\"hu\",\"@id\":\"\\\/\\\/www.gravatar.com\\\/avatar\\\/d8d45f8901aadff40a4af72c0b826f1d?s=96&#038;r=g&#038;d=mm\",\"url\":\"\\\/\\\/www.gravatar.com\\\/avatar\\\/d8d45f8901aadff40a4af72c0b826f1d?s=96&#038;r=g&#038;d=mm\",\"contentUrl\":\"\\\/\\\/www.gravatar.com\\\/avatar\\\/d8d45f8901aadff40a4af72c0b826f1d?s=96&#038;r=g&#038;d=mm\",\"caption\":\"dorogimedence.hu\"}}]}<\/script>\n<!-- \/ Yoast SEO plugin. -->","yoast_head_json":{"title":"V\u00e9rad\u00f3kat k\u00f6sz\u00f6nt\u00f6tt\u00e9k Dorogon","robots":{"index":"index","follow":"follow","max-snippet":"max-snippet:-1","max-image-preview":"max-image-preview:large","max-video-preview":"max-video-preview:-1"},"canonical":"https:\/\/dorogimedence.hu\/index.php\/2019\/12\/06\/veradokat-koszontottek-dorogon\/","og_locale":"hu_HU","og_type":"article","og_title":"V\u00e9rad\u00f3kat k\u00f6sz\u00f6nt\u00f6tt\u00e9k Dorogon","og_description":"December 3-\u00e1n, kedden a Dorog k\u00f6rny\u00e9ki v\u00e9rad\u00f3kat k\u00f6sz\u00f6nt\u00f6tt\u00e9k a Dorogi J\u00f3zsef Attila M\u0171vel\u0151d\u00e9si H\u00e1zban. Az esem\u00e9nyen a v\u00e9rad\u00f3k mellett Hamburgern\u00e9 \u00dajv\u00e1ri Ir\u00e9n, a Magyar V\u00f6r\u00f6skereszt megyei igazgat\u00f3ja, Dr. Schmidt Ildik\u00f3 az Orsz\u00e1gos V\u00e9rell\u00e1t\u00f3 Sz\u00f6vets\u00e9g tatab\u00e1nyai vezet\u0151je, Dr. Bogn\u00e1r Ferenc, a Magyar V\u00f6r\u00f6skereszt megyei eln\u00f6ke, Dr. Radoncsics Gy\u00f6rgyn\u00e9, a Magyar V\u00f6r\u00f6skereszt megyei vezet\u0151s\u00e9g tagja \u00e9s Turi","og_url":"https:\/\/dorogimedence.hu\/index.php\/2019\/12\/06\/veradokat-koszontottek-dorogon\/","og_site_name":"Dorogi-medence Region\u00e1lis H\u00edrport\u00e1l","article_publisher":"https:\/\/www.facebook.com\/dorogimedence\/","article_published_time":"2019-12-06T13:49:52+00:00","article_modified_time":"2019-12-06T13:50:18+00:00","og_image":[{"width":670,"height":365,"url":"https:\/\/i0.wp.com\/dorogimedence.hu\/wp-content\/uploads\/2019\/12\/verado-01.jpg?fit=670%2C365&ssl=1","type":"image\/jpeg"}],"author":"dorogimedence.hu","twitter_card":"summary_large_image","twitter_misc":{"Szerz\u0151:":"dorogimedence.hu","Becs\u00fclt olvas\u00e1si id\u0151":"2 perc"},"schema":{"@context":"https:\/\/schema.org","@graph":[{"@type":"Article","@id":"https:\/\/dorogimedence.hu\/index.php\/2019\/12\/06\/veradokat-koszontottek-dorogon\/#article","isPartOf":{"@id":"https:\/\/dorogimedence.hu\/index.php\/2019\/12\/06\/veradokat-koszontottek-dorogon\/"},"author":{"name":"dorogimedence.hu","@id":"https:\/\/dorogimedence.hu\/#\/schema\/person\/ce6091eeb7e95ecdc87890d6aa8e0fd4"},"headline":"V\u00e9rad\u00f3kat k\u00f6sz\u00f6nt\u00f6tt\u00e9k Dorogon","datePublished":"2019-12-06T13:49:52+00:00","dateModified":"2019-12-06T13:50:18+00:00","mainEntityOfPage":{"@id":"https:\/\/dorogimedence.hu\/index.php\/2019\/12\/06\/veradokat-koszontottek-dorogon\/"},"wordCount":491,"publisher":{"@id":"https:\/\/dorogimedence.hu\/#organization"},"image":{"@id":"https:\/\/dorogimedence.hu\/index.php\/2019\/12\/06\/veradokat-koszontottek-dorogon\/#primaryimage"},"thumbnailUrl":"https:\/\/dorogimedence.hu\/wp-content\/uploads\/2019\/12\/verado-01.jpg","keywords":["Dorog","Magyar V\u00f6r\u00f6skereszt","v\u00e9rad\u00e1s","v\u00e9rad\u00f3 \u00fcnnep"],"articleSection":["Dorog","H\u00edrek"],"inLanguage":"hu"},{"@type":"WebPage","@id":"https:\/\/dorogimedence.hu\/index.php\/2019\/12\/06\/veradokat-koszontottek-dorogon\/","url":"https:\/\/dorogimedence.hu\/index.php\/2019\/12\/06\/veradokat-koszontottek-dorogon\/","name":"V\u00e9rad\u00f3kat k\u00f6sz\u00f6nt\u00f6tt\u00e9k Dorogon","isPartOf":{"@id":"https:\/\/dorogimedence.hu\/#website"},"primaryImageOfPage":{"@id":"https:\/\/dorogimedence.hu\/index.php\/2019\/12\/06\/veradokat-koszontottek-dorogon\/#primaryimage"},"image":{"@id":"https:\/\/dorogimedence.hu\/index.php\/2019\/12\/06\/veradokat-koszontottek-dorogon\/#primaryimage"},"thumbnailUrl":"https:\/\/dorogimedence.hu\/wp-content\/uploads\/2019\/12\/verado-01.jpg","datePublished":"2019-12-06T13:49:52+00:00","dateModified":"2019-12-06T13:50:18+00:00","breadcrumb":{"@id":"https:\/\/dorogimedence.hu\/index.php\/2019\/12\/06\/veradokat-koszontottek-dorogon\/#breadcrumb"},"inLanguage":"hu","potentialAction":[{"@type":"ReadAction","target":["https:\/\/dorogimedence.hu\/index.php\/2019\/12\/06\/veradokat-koszontottek-dorogon\/"]}]},{"@type":"ImageObject","inLanguage":"hu","@id":"https:\/\/dorogimedence.hu\/index.php\/2019\/12\/06\/veradokat-koszontottek-dorogon\/#primaryimage","url":"https:\/\/dorogimedence.hu\/wp-content\/uploads\/2019\/12\/verado-01.jpg","contentUrl":"https:\/\/dorogimedence.hu\/wp-content\/uploads\/2019\/12\/verado-01.jpg","width":670,"height":365},{"@type":"BreadcrumbList","@id":"https:\/\/dorogimedence.hu\/index.php\/2019\/12\/06\/veradokat-koszontottek-dorogon\/#breadcrumb","itemListElement":[{"@type":"ListItem","position":1,"name":"Kezd\u0151lap","item":"https:\/\/dorogimedence.hu\/"},{"@type":"ListItem","position":2,"name":"V\u00e9rad\u00f3kat k\u00f6sz\u00f6nt\u00f6tt\u00e9k Dorogon"}]},{"@type":"WebSite","@id":"https:\/\/dorogimedence.hu\/#website","url":"https:\/\/dorogimedence.hu\/","name":"Dorogi-medence Region\u00e1lis H\u00edrport\u00e1l","description":"Dorog, Keszt\u00f6lc, Le\u00e1nyv\u00e1r, Piliscs\u00e9v, Tokod, Tokodalt\u00e1r\u00f3, Csolnok, Esztergom-kertv\u00e1ros: h\u00edrek, programok","publisher":{"@id":"https:\/\/dorogimedence.hu\/#organization"},"potentialAction":[{"@type":"SearchAction","target":{"@type":"EntryPoint","urlTemplate":"https:\/\/dorogimedence.hu\/?s={search_term_string}"},"query-input":{"@type":"PropertyValueSpecification","valueRequired":true,"valueName":"search_term_string"}}],"inLanguage":"hu"},{"@type":"Organization","@id":"https:\/\/dorogimedence.hu\/#organization","name":"Dorogi-medence Region\u00e1lis H\u00edrport\u00e1l","url":"https:\/\/dorogimedence.hu\/","logo":{"@type":"ImageObject","inLanguage":"hu","@id":"https:\/\/dorogimedence.hu\/#\/schema\/logo\/image\/","url":"https:\/\/dorogimedence.hu\/wp-content\/uploads\/2021\/04\/logo-feher-600.png","contentUrl":"https:\/\/dorogimedence.hu\/wp-content\/uploads\/2021\/04\/logo-feher-600.png","width":600,"height":100,"caption":"Dorogi-medence Region\u00e1lis H\u00edrport\u00e1l"},"image":{"@id":"https:\/\/dorogimedence.hu\/#\/schema\/logo\/image\/"},"sameAs":["https:\/\/www.facebook.com\/dorogimedence\/"]},{"@type":"Person","@id":"https:\/\/dorogimedence.hu\/#\/schema\/person\/ce6091eeb7e95ecdc87890d6aa8e0fd4","name":"dorogimedence.hu","image":{"@type":"ImageObject","inLanguage":"hu","@id":"\/\/www.gravatar.com\/avatar\/d8d45f8901aadff40a4af72c0b826f1d?s=96&#038;r=g&#038;d=mm","url":"\/\/www.gravatar.com\/avatar\/d8d45f8901aadff40a4af72c0b826f1d?s=96&#038;r=g&#038;d=mm","contentUrl":"\/\/www.gravatar.com\/avatar\/d8d45f8901aadff40a4af72c0b826f1d?s=96&#038;r=g&#038;d=mm","caption":"dorogimedence.hu"}}]}},"_links":{"self":[{"href":"https:\/\/dorogimedence.hu\/index.php\/wp-json\/wp\/v2\/posts\/21438","targetHints":{"allow":["GET"]}}],"collection":[{"href":"https:\/\/dorogimedence.hu\/index.php\/wp-json\/wp\/v2\/posts"}],"about":[{"href":"https:\/\/dorogimedence.hu\/index.php\/wp-json\/wp\/v2\/types\/post"}],"author":[{"embeddable":true,"href":"https:\/\/dorogimedence.hu\/index.php\/wp-json\/wp\/v2\/users\/1"}],"replies":[{"embeddable":true,"href":"https:\/\/dorogimedence.hu\/index.php\/wp-json\/wp\/v2\/comments?post=21438"}],"version-history":[{"count":0,"href":"https:\/\/dorogimedence.hu\/index.php\/wp-json\/wp\/v2\/posts\/21438\/revisions"}],"wp:featuredmedia":[{"embeddable":true,"href":"https:\/\/dorogimedence.hu\/index.php\/wp-json\/wp\/v2\/media\/21439"}],"wp:attachment":[{"href":"https:\/\/dorogimedence.hu\/index.php\/wp-json\/wp\/v2\/media?parent=21438"}],"wp:term":[{"taxonomy":"category","embeddable":true,"href":"https:\/\/dorogimedence.hu\/index.php\/wp-json\/wp\/v2\/categories?post=21438"},{"taxonomy":"post_tag","embeddable":true,"href":"https:\/\/dorogimedence.hu\/index.php\/wp-json\/wp\/v2\/tags?post=21438"}],"curies":[{"name":"wp","href":"https:\/\/api.w.org\/{rel}","templated":true}]}}