{"id":21348,"date":"2019-12-04T07:37:04","date_gmt":"2019-12-04T06:37:04","guid":{"rendered":"http:\/\/dorogimedence.hu\/?p=21348"},"modified":"2019-12-04T07:37:04","modified_gmt":"2019-12-04T06:37:04","slug":"mar-berletet-is-lehet-vasarolni-a-mav-mobilalkalmazas-segitsegevel","status":"publish","type":"post","link":"https:\/\/dorogimedence.hu\/index.php\/2019\/12\/04\/mar-berletet-is-lehet-vasarolni-a-mav-mobilalkalmazas-segitsegevel\/","title":{"rendered":"M\u00e1r b\u00e9rletet is lehet v\u00e1s\u00e1rolni a M\u00c1V mobilalkalmaz\u00e1s seg\u00edts\u00e9g\u00e9vel"},"content":{"rendered":"<p><strong>A M\u00c1V-START \u00fajabb fejleszt\u00e9s\u00e9nek k\u00f6sz\u00f6nhet\u0151en a menetjegyeken k\u00edv\u00fcl m\u00e1r b\u00e9rletet is lehet v\u00e1ltani a M\u00c1V applik\u00e1ci\u00f3n kereszt\u00fcl. Az \u00faj funkci\u00f3 kezdetben azok sz\u00e1m\u00e1ra lesz el\u00e9rhet\u0151, akiknek Android oper\u00e1ci\u00f3s rendszert futtat okoseszk\u00f6ze; az iOS-t haszn\u00e1l\u00f3k pedig v\u00e1rhat\u00f3an febru\u00e1r 15-t\u0151l vehetik ig\u00e9nybe az \u00faj szolg\u00e1ltat\u00e1st.<\/strong><\/p>\n<p>A M\u00c1V app friss\u00edt\u00e9s el\u0151tti v\u00e1ltozata k\u00f6zel <strong>405 ezer k\u00e9sz\u00fcl\u00e9ken<\/strong> fut, a jegyv\u00e1s\u00e1rl\u00e1si funkci\u00f3t t\u00f6bb mint <strong>245 ezer<\/strong> regisztr\u00e1lt felhaszn\u00e1l\u00f3 alkalmazza a mindennapokban, amivel a p\u00e9nzt\u00e1ri jegy\u00e1rhoz k\u00e9pest <strong>10 sz\u00e1zal\u00e9kos<\/strong> kedvezm\u00e9ny is \u00e9rv\u00e9nyes\u00edthet\u0151. M\u00e1ra minden <strong>harmadik jegyet<\/strong> \u00f6nkiszolg\u00e1l\u00f3 csatorn\u00e1b\u00f3l v\u00e1ltanak az utasok, a M\u00c1V app r\u00e9szesed\u00e9se az online \u00e9rt\u00e9kes\u00edt\u00e9s bev\u00e9tel\u00e9b\u0151l <strong>30 sz\u00e1zal\u00e9k<\/strong>, az eladott jegyek darabsz\u00e1m\u00e1t tekintve k\u00f6zel <strong>39 sz\u00e1zal\u00e9k<\/strong>, \u00e9s ez a r\u00e9szesed\u00e9s folyamatosan n\u00f6vekszik: 2019-ben <strong>hetente \u00e1tlagosan 91&nbsp;500 jegy <\/strong>kelt el a M\u00c1V app seg\u00edts\u00e9g\u00e9vel, de okt\u00f3berben ez a darabsz\u00e1m m\u00e1r meghaladta a <strong>138 ezret.<\/strong><\/p>\n<p>A M\u00c1V applik\u00e1ci\u00f3ban megv\u00e1lthat\u00f3k a kiz\u00e1r\u00f3lag a <strong>M\u00c1V-START szolg\u00e1ltat\u00e1si ter\u00fclet\u00e9re \u00e9rv\u00e9nyes belf\u00f6ldi m\u00e1sodoszt\u00e1ly\u00fa, 30 napos b\u00e9rletek \u00e9s tanul\u00f3b\u00e9rletek <em>(orsz\u00e1gos, region\u00e1lis \u00e9s BKK csatlakoz\u00f3)<\/em>; <\/strong>a b\u00e9rletek viszonylata nem tartalmazhat GYSEV vonalszakaszt. A b\u00e9rletv\u00e1s\u00e1rl\u00e1si funkci\u00f3 haszn\u00e1lat\u00e1hoz a vas\u00fatt\u00e1rsas\u00e1g azt javasolja, hogy a kor\u00e1bbi verzi\u00f3j\u00fa alkalmaz\u00e1st t\u00f6r\u00f6lj\u00e9k \u00e9s telep\u00edts\u00e9k \u00fajra a felhaszn\u00e1l\u00f3k. Az eddig megv\u00e1s\u00e1rolt jegyek el\u00e9rhet\u0151k maradnak a bejelentkez\u00e9st k\u00f6vet\u0151en. A friss\u00edt\u00e9st k\u00f6vet\u0151en a <strong>b\u00e9rletv\u00e1s\u00e1rl\u00e1s<\/strong> k\u00f6nnyen, a jegyv\u00e1s\u00e1rl\u00e1s alatti k\u00fcl\u00f6n men\u00fcpontban \u00e9rhet\u0151 el. Ha az utas az applik\u00e1ci\u00f3ban v\u00e1ltott b\u00e9rlettel, fel\u00e1ras vonaton k\u00edv\u00e1nja ig\u00e9nybe venni a szolg\u00e1ltat\u00e1st, a fel\u00e1rat \u2013 a vas\u00fati b\u00e9rlet viszonylat\u00e1n bel\u00fcl a gyorsvonati p\u00f3tjegy kiv\u00e9tel\u00e9vel \u2013 k\u00fcl\u00f6n, alkalmank\u00e9nt kell megv\u00e1ltani.<\/p>\n<p>A <strong>tov\u00e1bbi fejleszt\u00e9seknek<\/strong> k\u00f6sz\u00f6nhet\u0151en, tervezetten <strong>2020 els\u0151 fel\u00e9t\u0151l<\/strong> lesz lehet\u0151s\u00e9g menetjegyet v\u00e1ltani a felsz\u00e1ll\u00e1si \u00e1llom\u00e1st\u00f3l a <strong>menetrend szerinti indul\u00e1si idej\u00e9n\u00e9l k\u00e9s\u0151bb indul\u00f3 (k\u00e9s\u0151) vonatra<\/strong> is az alkalmaz\u00e1son kereszt\u00fcl. A tervek szerint <strong>nem kell majd k\u00fcl\u00f6n regisztr\u00e1ci\u00f3<\/strong> az internetes jegyv\u00e1s\u00e1rl\u00e1si fel\u00fclethez \u00e9s a M\u00c1V applik\u00e1ci\u00f3hoz \u2013 ezeket egys\u00e9ges\u00edti a vas\u00fatt\u00e1rsas\u00e1g, valamint tov\u00e1bb fejl\u0151dnek <strong>az alkalmaz\u00e1son bel\u00fcli utast\u00e1j\u00e9koztat\u00e1si funkci\u00f3k <\/strong>is. Emellett v\u00e1rhat\u00f3an 2020 <strong>m\u00e1rcius\u00e1t\u00f3l<\/strong> a Budapest \u2013 B\u00e9cs viszonylatra <strong>nemzetk\u00f6zi menetjegy<\/strong> v\u00e1s\u00e1rl\u00e1s\u00e1ra is lehet\u0151s\u00e9g lesz.<\/p>\n<p>A <strong>kiemelt fejleszt\u00e9sek<\/strong> mellett jelenleg m\u00e1r lehets\u00e9ges a M\u00c1V-H\u00c9V H5, H6 \u00e9s H8-H9 vonal\u00e1ra a Budapest k\u00f6zigazgat\u00e1si hat\u00e1r\u00e1n k\u00edv\u00fcli szakaszra \u00e9rv\u00e9nyes kieg\u00e9sz\u00edt\u0151 jegyeket megv\u00e1s\u00e1rolni. Tov\u00e1bb\u00e1 tervben van a H\u00c9V-ek Budapesten k\u00f6zigazgat\u00e1si hat\u00e1r\u00e1n k\u00edv\u00fcli szakaszokra \u00e9rv\u00e9nyes b\u00e9rlet \u00e9s a budapesti szakaszokra v\u00e1ltand\u00f3 BKK vonaljegy \u00e9rt\u00e9kes\u00edt\u00e9s\u00e9nek lehet\u0151s\u00e9ge is. A <strong>k\u00f6zleked\u00e9si t\u00e1rsas\u00e1gok integr\u00e1ci\u00f3s t\u00f6rekv\u00e9sei<\/strong> ment\u00e9n a M\u00c1V appban k\u00fcl\u00f6n men\u00fcpontban helyi k\u00f6zleked\u00e9si t\u00e1rsas\u00e1gok jegyei is megv\u00e1s\u00e1rolhat\u00f3k lesznek.<\/p>\n<p><span style=\"text-decoration: underline;\">A b\u00e9rletv\u00e1s\u00e1rl\u00e1s l\u00e9p\u00e9sei:<\/span><\/p>\n<p>A v\u00e1s\u00e1rl\u00e1si folyamat <strong>els\u0151 l\u00e9p\u00e9sek\u00e9nt<\/strong> a <strong>k\u00edv\u00e1nt viszonylatot<\/strong>, \u00e9s az <strong>\u00e9rv\u00e9nyess\u00e9g kezdet\u00e9t<\/strong> kell megadni, tov\u00e1bb\u00e1 a <strong>kedvezm\u00e9nyt<\/strong> be\u00e1ll\u00edtani, a m\u00e1r megszokott m\u00f3don. A <strong>keres\u00e9s gombot<\/strong> meg\u00e9rintve, a megjelen\u0151 <strong>aj\u00e1nlatok<\/strong> k\u00f6z\u00fcl kell kiv\u00e1lasztani egyet <em>(nem kell vonatot v\u00e1lasztani)<\/em>. A kiv\u00e1laszt\u00e1s ut\u00e1n el kell d\u00f6nteni, hogy a b\u00e9rletet <strong>elektronikus szem\u00e9lyi igazolv\u00e1nyhoz<\/strong> vagy a rendszerben l\u00e9trehozott <strong>b\u00e9rletigazolv\u00e1nyhoz<\/strong> rendeli hozz\u00e1 az utas. Az <strong>elektronikus szem\u00e9lyigazolv\u00e1ny<\/strong> kiv\u00e1laszt\u00e1sa eset\u00e9n a \u201eQR\u201d ikon meg\u00e9rint\u00e9s\u00e9vel lehet az eSZIG-en l\u00e9v\u0151 k\u00f3dot beolvasni, sikeres beolvas\u00e1s alkalm\u00e1val megjelenik a fel\u00fcleten az igazolv\u00e1nysz\u00e1m. A <strong>b\u00e9rletigazolv\u00e1ny<\/strong> az alkalmaz\u00e1sban az utas \u00e1ltal l\u00e9trehozott \u201eigazolv\u00e1ny\u201d, ami az utas nev\u00e9t, sz\u00fclet\u00e9si d\u00e1tum\u00e1t szem\u00e9lyazonos\u00edt\u00e1sra alkalmas igazolv\u00e1nysz\u00e1m\u00e1t, tanul\u00f3k\/hallgat\u00f3k eset\u00e9n az OM azonos\u00edt\u00f3 sz\u00e1m\u00e1t is, \u00e9s az utas <em>(igazolv\u00e1nyk\u00e9p el\u0151\u00edr\u00e1sainak megfelel\u0151)<\/em> arck\u00e9p\u00e9t tartalmazza. Egy felhaszn\u00e1l\u00f3i fi\u00f3kban <strong>t\u00f6bb b\u00e9rletigazolv\u00e1ny<\/strong> is lehet, az \u00e9rv\u00e9nyess\u00e9gi idej\u00fck a ki\u00e1ll\u00edt\u00e1st\u00f3l sz\u00e1m\u00edtott 5 \u00e9v, azonban olyan b\u00e9rletigazolv\u00e1nyhoz m\u00e1r nem lehet b\u00e9rletet v\u00e1ltani, melynek az \u00e9rv\u00e9nyess\u00e9g\u00e9nek legk\u00e9s\u0151bbi id\u0151pontja kor\u00e1bbi, mint az ahhoz v\u00e1ltand\u00f3 b\u00e9rlet \u00e9rv\u00e9nyess\u00e9g\u00e9nek v\u00e9ge.<\/p>\n<p>Az utasok, a m\u00e1r megszokott m\u00f3don, v\u00e1s\u00e1rl\u00e1skor a felhaszn\u00e1l\u00f3i fi\u00f3khoz tartoz\u00f3 e-mail c\u00edmre kapnak egy, a megv\u00e1s\u00e1rolt term\u00e9k adatait tartalmaz\u00f3 f\u00e1jlt \u00e9s <strong>elektronikus, de let\u00f6lthet\u0151, kinyomtathat\u00f3 sz\u00e1ml\u00e1t<\/strong>. Pap\u00edralap\u00fa sz\u00e1mla ig\u00e9nyl\u00e9s\u00e9re nincs m\u00f3d. <strong>Az igazol\u00e1st c\u00e9lszer\u0171 nem kit\u00f6r\u00f6lni<\/strong> az okoseszk\u00f6zr\u0151l, az esetleges technikai probl\u00e9m\u00e1k eset\u00e9re, hogy el\u0151seg\u00edtse az \u00fcgyint\u00e9z\u00e9si folyamatot. <strong>\u00c1tal\u00e1ny-k\u00e1rt\u00e9r\u00edt\u00e9s<\/strong> ig\u00e9nyl\u00e9se eset\u00e9n, ha az utas az applik\u00e1ci\u00f3ban v\u00e1ltott <em>(eSZIG-hez vagy b\u00e9rletigazolv\u00e1ny hozz\u00e1rendelt)<\/em> b\u00e9rlet\u00e9vel fel\u00e1ras vonaton utazik, az \u00e1ltal\u00e1nos szab\u00e1lyok szerint jogosult a k\u00e1rt\u00e9r\u00edt\u00e9sre, melyet kiz\u00e1r\u00f3lag, az eset k\u00f6r\u00fclm\u00e9nyeinek teljes kivizsg\u00e1l\u00e1s\u00e1val, az \u00fcgyf\u00e9lszolg\u00e1lat b\u00edr\u00e1lhat el.<\/p>\n<p><strong>A b\u00e9rletek \u00e9rv\u00e9nytartama \u00e9s felhaszn\u00e1l\u00e1si felt\u00e9telei<\/strong> megegyeznek a pap\u00edralap\u00fa b\u00e9rletek \u00e9rv\u00e9nytartam\u00e1val \u00e9s a b\u00e9rlet ig\u00e9nybe v\u00e9teli felt\u00e9teleivel, az al\u00e1bbi elt\u00e9r\u00e9sekkel:<\/p>\n<ul>\n<li><strong>valamennyi, applik\u00e1ci\u00f3ban v\u00e1ltott b\u00e9rlet visszat\u00e9r\u00edt\u00e9s\u00e9t<\/strong> az \u00f6nkiszolg\u00e1l\u00f3 fel\u00fcleten \u00e9rv\u00e9nytartam kezdete el\u0151tt legk\u00e9s\u0151bb 60 perccel kor\u00e1bban <em>(mindig az \u00e9rv\u00e9nytartam els\u0151 napj\u00e1t megel\u0151z\u0151 nap 22:59-ig)<\/em> lehet kezdem\u00e9nyezni. A vas\u00fatt\u00e1rsas\u00e1g a b\u00e9rlet \u00e1r\u00e1nak 10 sz\u00e1zal\u00e9k\u00e1t sz\u00e1molja fel kezel\u00e9si k\u00f6lts\u00e9gk\u00e9nt.<\/li>\n<li>Ha az utas <strong>\u00e9rv\u00e9nytartam kezdete ut\u00e1n<\/strong> k\u00edv\u00e1nja visszat\u00e9r\u00edttetni a b\u00e9rletet, az \u00fcgyf\u00e9lszolg\u00e1lathoz kell fordulnia, ahol \u2013 egyedi m\u00e9lt\u00e1nyoss\u00e1g alapj\u00e1n, az eset \u00f6sszes k\u00f6r\u00fclm\u00e9nyeinek m\u00e9rlegel\u00e9se ut\u00e1n, pozit\u00edv elb\u00edr\u00e1l\u00e1s eset\u00e9n \u2013 a b\u00e9rlet \u00e1r\u00e1nak 10 sz\u00e1zal\u00e9kkal cs\u00f6kkentett \u00e1r\u00e1b\u00f3l a felhaszn\u00e1lt napok sz\u00e1m\u00e1nak megfelel\u0151 r\u00e9szt vonj\u00e1k le \u00e9s a marad\u00e9k \u00f6sszeget visszautalj\u00e1k.<\/li>\n<\/ul>\n<p><span style=\"text-decoration: underline; color: #0000ff;\"><a style=\"color: #0000ff;\" href=\"https:\/\/www.mavcsoport.hu\/mav-start\/belfoldi-utazas\/mav-applikacio-mindent-tudo-belfoldi-vasuti-utazastervezo\" target=\"_blank\" rel=\"noopener noreferrer\"><em>\u00datmutat\u00f3 a M\u00c1V applik\u00e1ci\u00f3 haszn\u00e1lat\u00e1hoz.<\/em><\/a><\/span><\/p>\n<p><img fetchpriority=\"high\" decoding=\"async\" class=\"alignnone size-large wp-image-21349\" src=\"https:\/\/dorogimedence.hu\/wp-content\/uploads\/2019\/12\/mav-berlet-473x1024.jpg\" alt=\"\" width=\"473\" height=\"1024\" srcset=\"https:\/\/dorogimedence.hu\/wp-content\/uploads\/2019\/12\/mav-berlet-473x1024.jpg 473w, https:\/\/dorogimedence.hu\/wp-content\/uploads\/2019\/12\/mav-berlet-138x300.jpg 138w, https:\/\/dorogimedence.hu\/wp-content\/uploads\/2019\/12\/mav-berlet.jpg 670w\" sizes=\"(max-width: 473px) 100vw, 473px\" \/><\/p>\n<p><em>M\u00e1v Zrt. Kommunik\u00e1ci\u00f3s Igazgat\u00f3s\u00e1g<\/em><\/p>\n","protected":false},"excerpt":{"rendered":"<p>A M\u00c1V-START \u00fajabb fejleszt\u00e9s\u00e9nek k\u00f6sz\u00f6nhet\u0151en a menetjegyeken k\u00edv\u00fcl m\u00e1r b\u00e9rletet is lehet v\u00e1ltani a M\u00c1V applik\u00e1ci\u00f3n kereszt\u00fcl. Az \u00faj funkci\u00f3 kezdetben azok sz\u00e1m\u00e1ra lesz el\u00e9rhet\u0151, akiknek Android oper\u00e1ci\u00f3s rendszert futtat okoseszk\u00f6ze; az iOS-t haszn\u00e1l\u00f3k pedig v\u00e1rhat\u00f3an febru\u00e1r 15-t\u0151l vehetik ig\u00e9nybe az \u00faj szolg\u00e1ltat\u00e1st. A M\u00c1V app friss\u00edt\u00e9s el\u0151tti v\u00e1ltozata k\u00f6zel 405 ezer k\u00e9sz\u00fcl\u00e9ken fut, a<\/p>\n","protected":false},"author":1,"featured_media":10598,"comment_status":"closed","ping_status":"closed","sticky":false,"template":"","format":"standard","meta":{"ngg_post_thumbnail":0,"footnotes":""},"categories":[3],"tags":[279,292,1088,381,291],"class_list":{"0":"post-21348","1":"post","2":"type-post","3":"status-publish","4":"format-standard","5":"has-post-thumbnail","7":"category-hirek","8":"tag-kozlekedes","9":"tag-mav","10":"tag-tomegkozlekedes","11":"tag-vasut","12":"tag-vonat"},"yoast_head":"<!-- This site is optimized with the Yoast SEO plugin v27.4 - https:\/\/yoast.com\/product\/yoast-seo-wordpress\/ -->\n<title>M\u00e1r b\u00e9rletet is lehet v\u00e1s\u00e1rolni a M\u00c1V mobilalkalmaz\u00e1s seg\u00edts\u00e9g\u00e9vel<\/title>\n<meta name=\"robots\" content=\"index, follow, max-snippet:-1, max-image-preview:large, max-video-preview:-1\" \/>\n<link rel=\"canonical\" href=\"https:\/\/dorogimedence.hu\/index.php\/2019\/12\/04\/mar-berletet-is-lehet-vasarolni-a-mav-mobilalkalmazas-segitsegevel\/\" class=\"yoast-seo-meta-tag\" \/>\n<meta property=\"og:locale\" content=\"hu_HU\" class=\"yoast-seo-meta-tag\" \/>\n<meta property=\"og:type\" content=\"article\" class=\"yoast-seo-meta-tag\" \/>\n<meta property=\"og:title\" content=\"M\u00e1r b\u00e9rletet is lehet v\u00e1s\u00e1rolni a M\u00c1V mobilalkalmaz\u00e1s seg\u00edts\u00e9g\u00e9vel\" class=\"yoast-seo-meta-tag\" \/>\n<meta property=\"og:description\" content=\"A M\u00c1V-START \u00fajabb fejleszt\u00e9s\u00e9nek k\u00f6sz\u00f6nhet\u0151en a menetjegyeken k\u00edv\u00fcl m\u00e1r b\u00e9rletet is lehet v\u00e1ltani a M\u00c1V applik\u00e1ci\u00f3n kereszt\u00fcl. Az \u00faj funkci\u00f3 kezdetben azok sz\u00e1m\u00e1ra lesz el\u00e9rhet\u0151, akiknek Android oper\u00e1ci\u00f3s rendszert futtat okoseszk\u00f6ze; az iOS-t haszn\u00e1l\u00f3k pedig v\u00e1rhat\u00f3an febru\u00e1r 15-t\u0151l vehetik ig\u00e9nybe az \u00faj szolg\u00e1ltat\u00e1st. A M\u00c1V app friss\u00edt\u00e9s el\u0151tti v\u00e1ltozata k\u00f6zel 405 ezer k\u00e9sz\u00fcl\u00e9ken fut, a\" class=\"yoast-seo-meta-tag\" \/>\n<meta property=\"og:url\" content=\"https:\/\/dorogimedence.hu\/index.php\/2019\/12\/04\/mar-berletet-is-lehet-vasarolni-a-mav-mobilalkalmazas-segitsegevel\/\" class=\"yoast-seo-meta-tag\" \/>\n<meta property=\"og:site_name\" content=\"Dorogi-medence Region\u00e1lis H\u00edrport\u00e1l\" class=\"yoast-seo-meta-tag\" \/>\n<meta property=\"article:publisher\" content=\"https:\/\/www.facebook.com\/dorogimedence\/\" class=\"yoast-seo-meta-tag\" \/>\n<meta property=\"article:published_time\" content=\"2019-12-04T06:37:04+00:00\" class=\"yoast-seo-meta-tag\" \/>\n<meta property=\"og:image\" content=\"https:\/\/i0.wp.com\/dorogimedence.hu\/wp-content\/uploads\/2018\/06\/kalauz-01.jpg?fit=670%2C365&ssl=1\" class=\"yoast-seo-meta-tag\" \/>\n\t<meta property=\"og:image:width\" content=\"670\" class=\"yoast-seo-meta-tag\" \/>\n\t<meta property=\"og:image:height\" content=\"365\" class=\"yoast-seo-meta-tag\" \/>\n\t<meta property=\"og:image:type\" content=\"image\/jpeg\" class=\"yoast-seo-meta-tag\" \/>\n<meta name=\"author\" content=\"dorogimedence.hu\" class=\"yoast-seo-meta-tag\" \/>\n<meta name=\"twitter:card\" content=\"summary_large_image\" class=\"yoast-seo-meta-tag\" \/>\n<meta name=\"twitter:label1\" content=\"Szerz\u0151:\" class=\"yoast-seo-meta-tag\" \/>\n\t<meta name=\"twitter:data1\" content=\"dorogimedence.hu\" class=\"yoast-seo-meta-tag\" \/>\n\t<meta name=\"twitter:label2\" content=\"Becs\u00fclt olvas\u00e1si id\u0151\" class=\"yoast-seo-meta-tag\" \/>\n\t<meta name=\"twitter:data2\" content=\"6 perc\" class=\"yoast-seo-meta-tag\" \/>\n<script type=\"application\/ld+json\" class=\"yoast-schema-graph\">{\"@context\":\"https:\\\/\\\/schema.org\",\"@graph\":[{\"@type\":\"Article\",\"@id\":\"https:\\\/\\\/dorogimedence.hu\\\/index.php\\\/2019\\\/12\\\/04\\\/mar-berletet-is-lehet-vasarolni-a-mav-mobilalkalmazas-segitsegevel\\\/#article\",\"isPartOf\":{\"@id\":\"https:\\\/\\\/dorogimedence.hu\\\/index.php\\\/2019\\\/12\\\/04\\\/mar-berletet-is-lehet-vasarolni-a-mav-mobilalkalmazas-segitsegevel\\\/\"},\"author\":{\"name\":\"dorogimedence.hu\",\"@id\":\"https:\\\/\\\/dorogimedence.hu\\\/#\\\/schema\\\/person\\\/ce6091eeb7e95ecdc87890d6aa8e0fd4\"},\"headline\":\"M\u00e1r b\u00e9rletet is lehet v\u00e1s\u00e1rolni a M\u00c1V mobilalkalmaz\u00e1s seg\u00edts\u00e9g\u00e9vel\",\"datePublished\":\"2019-12-04T06:37:04+00:00\",\"mainEntityOfPage\":{\"@id\":\"https:\\\/\\\/dorogimedence.hu\\\/index.php\\\/2019\\\/12\\\/04\\\/mar-berletet-is-lehet-vasarolni-a-mav-mobilalkalmazas-segitsegevel\\\/\"},\"wordCount\":1285,\"publisher\":{\"@id\":\"https:\\\/\\\/dorogimedence.hu\\\/#organization\"},\"image\":{\"@id\":\"https:\\\/\\\/dorogimedence.hu\\\/index.php\\\/2019\\\/12\\\/04\\\/mar-berletet-is-lehet-vasarolni-a-mav-mobilalkalmazas-segitsegevel\\\/#primaryimage\"},\"thumbnailUrl\":\"https:\\\/\\\/dorogimedence.hu\\\/wp-content\\\/uploads\\\/2018\\\/06\\\/kalauz-01.jpg\",\"keywords\":[\"k\u00f6zleked\u00e9s\",\"m\u00e1v\",\"t\u00f6megk\u00f6zleked\u00e9s\",\"vas\u00fat\",\"vonat\"],\"articleSection\":[\"H\u00edrek\"],\"inLanguage\":\"hu\"},{\"@type\":\"WebPage\",\"@id\":\"https:\\\/\\\/dorogimedence.hu\\\/index.php\\\/2019\\\/12\\\/04\\\/mar-berletet-is-lehet-vasarolni-a-mav-mobilalkalmazas-segitsegevel\\\/\",\"url\":\"https:\\\/\\\/dorogimedence.hu\\\/index.php\\\/2019\\\/12\\\/04\\\/mar-berletet-is-lehet-vasarolni-a-mav-mobilalkalmazas-segitsegevel\\\/\",\"name\":\"M\u00e1r b\u00e9rletet is lehet v\u00e1s\u00e1rolni a M\u00c1V mobilalkalmaz\u00e1s seg\u00edts\u00e9g\u00e9vel\",\"isPartOf\":{\"@id\":\"https:\\\/\\\/dorogimedence.hu\\\/#website\"},\"primaryImageOfPage\":{\"@id\":\"https:\\\/\\\/dorogimedence.hu\\\/index.php\\\/2019\\\/12\\\/04\\\/mar-berletet-is-lehet-vasarolni-a-mav-mobilalkalmazas-segitsegevel\\\/#primaryimage\"},\"image\":{\"@id\":\"https:\\\/\\\/dorogimedence.hu\\\/index.php\\\/2019\\\/12\\\/04\\\/mar-berletet-is-lehet-vasarolni-a-mav-mobilalkalmazas-segitsegevel\\\/#primaryimage\"},\"thumbnailUrl\":\"https:\\\/\\\/dorogimedence.hu\\\/wp-content\\\/uploads\\\/2018\\\/06\\\/kalauz-01.jpg\",\"datePublished\":\"2019-12-04T06:37:04+00:00\",\"breadcrumb\":{\"@id\":\"https:\\\/\\\/dorogimedence.hu\\\/index.php\\\/2019\\\/12\\\/04\\\/mar-berletet-is-lehet-vasarolni-a-mav-mobilalkalmazas-segitsegevel\\\/#breadcrumb\"},\"inLanguage\":\"hu\",\"potentialAction\":[{\"@type\":\"ReadAction\",\"target\":[\"https:\\\/\\\/dorogimedence.hu\\\/index.php\\\/2019\\\/12\\\/04\\\/mar-berletet-is-lehet-vasarolni-a-mav-mobilalkalmazas-segitsegevel\\\/\"]}]},{\"@type\":\"ImageObject\",\"inLanguage\":\"hu\",\"@id\":\"https:\\\/\\\/dorogimedence.hu\\\/index.php\\\/2019\\\/12\\\/04\\\/mar-berletet-is-lehet-vasarolni-a-mav-mobilalkalmazas-segitsegevel\\\/#primaryimage\",\"url\":\"https:\\\/\\\/dorogimedence.hu\\\/wp-content\\\/uploads\\\/2018\\\/06\\\/kalauz-01.jpg\",\"contentUrl\":\"https:\\\/\\\/dorogimedence.hu\\\/wp-content\\\/uploads\\\/2018\\\/06\\\/kalauz-01.jpg\",\"width\":670,\"height\":365},{\"@type\":\"BreadcrumbList\",\"@id\":\"https:\\\/\\\/dorogimedence.hu\\\/index.php\\\/2019\\\/12\\\/04\\\/mar-berletet-is-lehet-vasarolni-a-mav-mobilalkalmazas-segitsegevel\\\/#breadcrumb\",\"itemListElement\":[{\"@type\":\"ListItem\",\"position\":1,\"name\":\"Kezd\u0151lap\",\"item\":\"https:\\\/\\\/dorogimedence.hu\\\/\"},{\"@type\":\"ListItem\",\"position\":2,\"name\":\"M\u00e1r b\u00e9rletet is lehet v\u00e1s\u00e1rolni a M\u00c1V mobilalkalmaz\u00e1s seg\u00edts\u00e9g\u00e9vel\"}]},{\"@type\":\"WebSite\",\"@id\":\"https:\\\/\\\/dorogimedence.hu\\\/#website\",\"url\":\"https:\\\/\\\/dorogimedence.hu\\\/\",\"name\":\"Dorogi-medence Region\u00e1lis H\u00edrport\u00e1l\",\"description\":\"Dorog, Keszt\u00f6lc, Le\u00e1nyv\u00e1r, Piliscs\u00e9v, Tokod, Tokodalt\u00e1r\u00f3, Csolnok, Esztergom-kertv\u00e1ros: h\u00edrek, programok\",\"publisher\":{\"@id\":\"https:\\\/\\\/dorogimedence.hu\\\/#organization\"},\"potentialAction\":[{\"@type\":\"SearchAction\",\"target\":{\"@type\":\"EntryPoint\",\"urlTemplate\":\"https:\\\/\\\/dorogimedence.hu\\\/?s={search_term_string}\"},\"query-input\":{\"@type\":\"PropertyValueSpecification\",\"valueRequired\":true,\"valueName\":\"search_term_string\"}}],\"inLanguage\":\"hu\"},{\"@type\":\"Organization\",\"@id\":\"https:\\\/\\\/dorogimedence.hu\\\/#organization\",\"name\":\"Dorogi-medence Region\u00e1lis H\u00edrport\u00e1l\",\"url\":\"https:\\\/\\\/dorogimedence.hu\\\/\",\"logo\":{\"@type\":\"ImageObject\",\"inLanguage\":\"hu\",\"@id\":\"https:\\\/\\\/dorogimedence.hu\\\/#\\\/schema\\\/logo\\\/image\\\/\",\"url\":\"https:\\\/\\\/dorogimedence.hu\\\/wp-content\\\/uploads\\\/2021\\\/04\\\/logo-feher-600.png\",\"contentUrl\":\"https:\\\/\\\/dorogimedence.hu\\\/wp-content\\\/uploads\\\/2021\\\/04\\\/logo-feher-600.png\",\"width\":600,\"height\":100,\"caption\":\"Dorogi-medence Region\u00e1lis H\u00edrport\u00e1l\"},\"image\":{\"@id\":\"https:\\\/\\\/dorogimedence.hu\\\/#\\\/schema\\\/logo\\\/image\\\/\"},\"sameAs\":[\"https:\\\/\\\/www.facebook.com\\\/dorogimedence\\\/\"]},{\"@type\":\"Person\",\"@id\":\"https:\\\/\\\/dorogimedence.hu\\\/#\\\/schema\\\/person\\\/ce6091eeb7e95ecdc87890d6aa8e0fd4\",\"name\":\"dorogimedence.hu\",\"image\":{\"@type\":\"ImageObject\",\"inLanguage\":\"hu\",\"@id\":\"\\\/\\\/www.gravatar.com\\\/avatar\\\/d8d45f8901aadff40a4af72c0b826f1d?s=96&#038;r=g&#038;d=mm\",\"url\":\"\\\/\\\/www.gravatar.com\\\/avatar\\\/d8d45f8901aadff40a4af72c0b826f1d?s=96&#038;r=g&#038;d=mm\",\"contentUrl\":\"\\\/\\\/www.gravatar.com\\\/avatar\\\/d8d45f8901aadff40a4af72c0b826f1d?s=96&#038;r=g&#038;d=mm\",\"caption\":\"dorogimedence.hu\"}}]}<\/script>\n<!-- \/ Yoast SEO plugin. -->","yoast_head_json":{"title":"M\u00e1r b\u00e9rletet is lehet v\u00e1s\u00e1rolni a M\u00c1V mobilalkalmaz\u00e1s seg\u00edts\u00e9g\u00e9vel","robots":{"index":"index","follow":"follow","max-snippet":"max-snippet:-1","max-image-preview":"max-image-preview:large","max-video-preview":"max-video-preview:-1"},"canonical":"https:\/\/dorogimedence.hu\/index.php\/2019\/12\/04\/mar-berletet-is-lehet-vasarolni-a-mav-mobilalkalmazas-segitsegevel\/","og_locale":"hu_HU","og_type":"article","og_title":"M\u00e1r b\u00e9rletet is lehet v\u00e1s\u00e1rolni a M\u00c1V mobilalkalmaz\u00e1s seg\u00edts\u00e9g\u00e9vel","og_description":"A M\u00c1V-START \u00fajabb fejleszt\u00e9s\u00e9nek k\u00f6sz\u00f6nhet\u0151en a menetjegyeken k\u00edv\u00fcl m\u00e1r b\u00e9rletet is lehet v\u00e1ltani a M\u00c1V applik\u00e1ci\u00f3n kereszt\u00fcl. Az \u00faj funkci\u00f3 kezdetben azok sz\u00e1m\u00e1ra lesz el\u00e9rhet\u0151, akiknek Android oper\u00e1ci\u00f3s rendszert futtat okoseszk\u00f6ze; az iOS-t haszn\u00e1l\u00f3k pedig v\u00e1rhat\u00f3an febru\u00e1r 15-t\u0151l vehetik ig\u00e9nybe az \u00faj szolg\u00e1ltat\u00e1st. A M\u00c1V app friss\u00edt\u00e9s el\u0151tti v\u00e1ltozata k\u00f6zel 405 ezer k\u00e9sz\u00fcl\u00e9ken fut, a","og_url":"https:\/\/dorogimedence.hu\/index.php\/2019\/12\/04\/mar-berletet-is-lehet-vasarolni-a-mav-mobilalkalmazas-segitsegevel\/","og_site_name":"Dorogi-medence Region\u00e1lis H\u00edrport\u00e1l","article_publisher":"https:\/\/www.facebook.com\/dorogimedence\/","article_published_time":"2019-12-04T06:37:04+00:00","og_image":[{"width":670,"height":365,"url":"https:\/\/i0.wp.com\/dorogimedence.hu\/wp-content\/uploads\/2018\/06\/kalauz-01.jpg?fit=670%2C365&ssl=1","type":"image\/jpeg"}],"author":"dorogimedence.hu","twitter_card":"summary_large_image","twitter_misc":{"Szerz\u0151:":"dorogimedence.hu","Becs\u00fclt olvas\u00e1si id\u0151":"6 perc"},"schema":{"@context":"https:\/\/schema.org","@graph":[{"@type":"Article","@id":"https:\/\/dorogimedence.hu\/index.php\/2019\/12\/04\/mar-berletet-is-lehet-vasarolni-a-mav-mobilalkalmazas-segitsegevel\/#article","isPartOf":{"@id":"https:\/\/dorogimedence.hu\/index.php\/2019\/12\/04\/mar-berletet-is-lehet-vasarolni-a-mav-mobilalkalmazas-segitsegevel\/"},"author":{"name":"dorogimedence.hu","@id":"https:\/\/dorogimedence.hu\/#\/schema\/person\/ce6091eeb7e95ecdc87890d6aa8e0fd4"},"headline":"M\u00e1r b\u00e9rletet is lehet v\u00e1s\u00e1rolni a M\u00c1V mobilalkalmaz\u00e1s seg\u00edts\u00e9g\u00e9vel","datePublished":"2019-12-04T06:37:04+00:00","mainEntityOfPage":{"@id":"https:\/\/dorogimedence.hu\/index.php\/2019\/12\/04\/mar-berletet-is-lehet-vasarolni-a-mav-mobilalkalmazas-segitsegevel\/"},"wordCount":1285,"publisher":{"@id":"https:\/\/dorogimedence.hu\/#organization"},"image":{"@id":"https:\/\/dorogimedence.hu\/index.php\/2019\/12\/04\/mar-berletet-is-lehet-vasarolni-a-mav-mobilalkalmazas-segitsegevel\/#primaryimage"},"thumbnailUrl":"https:\/\/dorogimedence.hu\/wp-content\/uploads\/2018\/06\/kalauz-01.jpg","keywords":["k\u00f6zleked\u00e9s","m\u00e1v","t\u00f6megk\u00f6zleked\u00e9s","vas\u00fat","vonat"],"articleSection":["H\u00edrek"],"inLanguage":"hu"},{"@type":"WebPage","@id":"https:\/\/dorogimedence.hu\/index.php\/2019\/12\/04\/mar-berletet-is-lehet-vasarolni-a-mav-mobilalkalmazas-segitsegevel\/","url":"https:\/\/dorogimedence.hu\/index.php\/2019\/12\/04\/mar-berletet-is-lehet-vasarolni-a-mav-mobilalkalmazas-segitsegevel\/","name":"M\u00e1r b\u00e9rletet is lehet v\u00e1s\u00e1rolni a M\u00c1V mobilalkalmaz\u00e1s seg\u00edts\u00e9g\u00e9vel","isPartOf":{"@id":"https:\/\/dorogimedence.hu\/#website"},"primaryImageOfPage":{"@id":"https:\/\/dorogimedence.hu\/index.php\/2019\/12\/04\/mar-berletet-is-lehet-vasarolni-a-mav-mobilalkalmazas-segitsegevel\/#primaryimage"},"image":{"@id":"https:\/\/dorogimedence.hu\/index.php\/2019\/12\/04\/mar-berletet-is-lehet-vasarolni-a-mav-mobilalkalmazas-segitsegevel\/#primaryimage"},"thumbnailUrl":"https:\/\/dorogimedence.hu\/wp-content\/uploads\/2018\/06\/kalauz-01.jpg","datePublished":"2019-12-04T06:37:04+00:00","breadcrumb":{"@id":"https:\/\/dorogimedence.hu\/index.php\/2019\/12\/04\/mar-berletet-is-lehet-vasarolni-a-mav-mobilalkalmazas-segitsegevel\/#breadcrumb"},"inLanguage":"hu","potentialAction":[{"@type":"ReadAction","target":["https:\/\/dorogimedence.hu\/index.php\/2019\/12\/04\/mar-berletet-is-lehet-vasarolni-a-mav-mobilalkalmazas-segitsegevel\/"]}]},{"@type":"ImageObject","inLanguage":"hu","@id":"https:\/\/dorogimedence.hu\/index.php\/2019\/12\/04\/mar-berletet-is-lehet-vasarolni-a-mav-mobilalkalmazas-segitsegevel\/#primaryimage","url":"https:\/\/dorogimedence.hu\/wp-content\/uploads\/2018\/06\/kalauz-01.jpg","contentUrl":"https:\/\/dorogimedence.hu\/wp-content\/uploads\/2018\/06\/kalauz-01.jpg","width":670,"height":365},{"@type":"BreadcrumbList","@id":"https:\/\/dorogimedence.hu\/index.php\/2019\/12\/04\/mar-berletet-is-lehet-vasarolni-a-mav-mobilalkalmazas-segitsegevel\/#breadcrumb","itemListElement":[{"@type":"ListItem","position":1,"name":"Kezd\u0151lap","item":"https:\/\/dorogimedence.hu\/"},{"@type":"ListItem","position":2,"name":"M\u00e1r b\u00e9rletet is lehet v\u00e1s\u00e1rolni a M\u00c1V mobilalkalmaz\u00e1s seg\u00edts\u00e9g\u00e9vel"}]},{"@type":"WebSite","@id":"https:\/\/dorogimedence.hu\/#website","url":"https:\/\/dorogimedence.hu\/","name":"Dorogi-medence Region\u00e1lis H\u00edrport\u00e1l","description":"Dorog, Keszt\u00f6lc, Le\u00e1nyv\u00e1r, Piliscs\u00e9v, Tokod, Tokodalt\u00e1r\u00f3, Csolnok, Esztergom-kertv\u00e1ros: h\u00edrek, programok","publisher":{"@id":"https:\/\/dorogimedence.hu\/#organization"},"potentialAction":[{"@type":"SearchAction","target":{"@type":"EntryPoint","urlTemplate":"https:\/\/dorogimedence.hu\/?s={search_term_string}"},"query-input":{"@type":"PropertyValueSpecification","valueRequired":true,"valueName":"search_term_string"}}],"inLanguage":"hu"},{"@type":"Organization","@id":"https:\/\/dorogimedence.hu\/#organization","name":"Dorogi-medence Region\u00e1lis H\u00edrport\u00e1l","url":"https:\/\/dorogimedence.hu\/","logo":{"@type":"ImageObject","inLanguage":"hu","@id":"https:\/\/dorogimedence.hu\/#\/schema\/logo\/image\/","url":"https:\/\/dorogimedence.hu\/wp-content\/uploads\/2021\/04\/logo-feher-600.png","contentUrl":"https:\/\/dorogimedence.hu\/wp-content\/uploads\/2021\/04\/logo-feher-600.png","width":600,"height":100,"caption":"Dorogi-medence Region\u00e1lis H\u00edrport\u00e1l"},"image":{"@id":"https:\/\/dorogimedence.hu\/#\/schema\/logo\/image\/"},"sameAs":["https:\/\/www.facebook.com\/dorogimedence\/"]},{"@type":"Person","@id":"https:\/\/dorogimedence.hu\/#\/schema\/person\/ce6091eeb7e95ecdc87890d6aa8e0fd4","name":"dorogimedence.hu","image":{"@type":"ImageObject","inLanguage":"hu","@id":"\/\/www.gravatar.com\/avatar\/d8d45f8901aadff40a4af72c0b826f1d?s=96&#038;r=g&#038;d=mm","url":"\/\/www.gravatar.com\/avatar\/d8d45f8901aadff40a4af72c0b826f1d?s=96&#038;r=g&#038;d=mm","contentUrl":"\/\/www.gravatar.com\/avatar\/d8d45f8901aadff40a4af72c0b826f1d?s=96&#038;r=g&#038;d=mm","caption":"dorogimedence.hu"}}]}},"_links":{"self":[{"href":"https:\/\/dorogimedence.hu\/index.php\/wp-json\/wp\/v2\/posts\/21348","targetHints":{"allow":["GET"]}}],"collection":[{"href":"https:\/\/dorogimedence.hu\/index.php\/wp-json\/wp\/v2\/posts"}],"about":[{"href":"https:\/\/dorogimedence.hu\/index.php\/wp-json\/wp\/v2\/types\/post"}],"author":[{"embeddable":true,"href":"https:\/\/dorogimedence.hu\/index.php\/wp-json\/wp\/v2\/users\/1"}],"replies":[{"embeddable":true,"href":"https:\/\/dorogimedence.hu\/index.php\/wp-json\/wp\/v2\/comments?post=21348"}],"version-history":[{"count":0,"href":"https:\/\/dorogimedence.hu\/index.php\/wp-json\/wp\/v2\/posts\/21348\/revisions"}],"wp:featuredmedia":[{"embeddable":true,"href":"https:\/\/dorogimedence.hu\/index.php\/wp-json\/wp\/v2\/media\/10598"}],"wp:attachment":[{"href":"https:\/\/dorogimedence.hu\/index.php\/wp-json\/wp\/v2\/media?parent=21348"}],"wp:term":[{"taxonomy":"category","embeddable":true,"href":"https:\/\/dorogimedence.hu\/index.php\/wp-json\/wp\/v2\/categories?post=21348"},{"taxonomy":"post_tag","embeddable":true,"href":"https:\/\/dorogimedence.hu\/index.php\/wp-json\/wp\/v2\/tags?post=21348"}],"curies":[{"name":"wp","href":"https:\/\/api.w.org\/{rel}","templated":true}]}}