{"id":21319,"date":"2019-12-03T06:51:04","date_gmt":"2019-12-03T05:51:04","guid":{"rendered":"http:\/\/dorogimedence.hu\/?p=21319"},"modified":"2019-12-03T06:51:27","modified_gmt":"2019-12-03T05:51:27","slug":"nagyszeru-szezonzarast-kovetoen-hetkozi-kupameccs-dorogon","status":"publish","type":"post","link":"https:\/\/dorogimedence.hu\/index.php\/2019\/12\/03\/nagyszeru-szezonzarast-kovetoen-hetkozi-kupameccs-dorogon\/","title":{"rendered":"Nagyszer\u0171 szezonz\u00e1r\u00e1st k\u00f6vet\u0151en h\u00e9tk\u00f6zi kupameccs Dorogon"},"content":{"rendered":"<p><strong>Vas\u00e1rnap az \u0151szi szezon utols\u00f3 m\u00e9rk\u0151z\u00e9s\u00e9n h\u00e1romg\u00f3los gy\u0151zelmet aratott csapatunk idegenben a Kazincbarcika ellen, amelynek k\u00f6sz\u00f6nhet\u0151en a 8. helyen v\u00e9geztek. Azonban m\u00e9g ki sem \u00f6rvendhetj\u00fck magunkat, ugyanis szerd\u00e1n, Szent Borb\u00e1la napj\u00e1n kupak\u00fczdelem v\u00e1r a dorogiakra. A Magyar Kup\u00e1ban a legjobb 16-k\u00f6z\u00e9 jut\u00e1s\u00e9rt az \u00e9lvonalban szerepl\u0151 Debrecent fogadj\u00e1k a Buz\u00e1nszky stadionban<\/strong> <em>&#8211; Szab\u00f3 Gyula cikke.<\/em><\/p>\n<p>A h\u00e9tv\u00e9ge visszahozott valamit az el\u0151z\u0151 k\u00e9t hazai m\u00e9rk\u0151z\u00e9s visszafogott teljes\u00edtm\u00e9ny\u00e9b\u0151l. Csapatunk brav\u00farosnak mondhat\u00f3 gy\u0151zelmet aratott a p\u00e1lyav\u00e1laszt\u00f3k\u00e9nt meglehet\u0151sen j\u00f3l szerepl\u0151 Kazincbarcika ideiglenes otthon\u00e1ban, Putnokon. A f\u00e9lidei g\u00f3ln\u00e9lk\u00fcli \u00e1ll\u00e1st k\u00f6vet\u0151en Paudits Patrik, D\u00e9lczeg Gergely \u00e9s Ny\u00edri Vince g\u00f3ljaival meggy\u0151z\u0151 ar\u00e1nyban \u00e9s meg\u00e9rdemelten kerekedett fel\u00fcl. A mieink az elm\u00falt n\u00e9gy NB II-es \u00e9vad legeredm\u00e9nyesebb \u0151sz\u00e9t z\u00e1rt\u00e1k. Hat gy\u0151zelmen eddig nem siker\u00fclt t\u00faljutniuk, id\u00e9n viszont kilenc ellenfel\u00fckn\u00e9l bizonyultak jobbnak, b\u00e1r a v\u00e9gelsz\u00e1mol\u00e1sban csak nyolc gy\u0151ztes \u00f6sszecsap\u00e1st igazol a versenybizotts\u00e1g. \u00c9rtelemszer\u0171en a Balmaz\u00fajv\u00e1ros kiz\u00e1r\u00e1s\u00e1val valamennyi kor\u00e1bbi eredm\u00e9ny\u00fck t\u00f6rl\u00e9sre ker\u00fclt, azonban hivatalosan lej\u00e1tszott m\u00e9rk\u0151z\u00e9sk\u00e9nt a tal\u00e1lkoz\u00f3 t\u00e9nye \u00e9s eredm\u00e9nye nem sz\u0171nik meg, ak\u00e1rcsak Paudits k\u00e9t szerzett g\u00f3lj\u00e1t sem lehet elvenni csat\u00e1runkt\u00f3l, csak a hivatalos jelenlegi eredm\u00e9nylist\u00e1ban nem sz\u00e1m\u00edtand\u00f3. A kor\u00e1bbiakhoz k\u00e9pest messze t\u00f6bb pontot szereztek, s az eml\u00edtett 3 pont levon\u00e1s mellett is 27 pontot k\u00f6nyvelhet\u00fcnk el, amely a 8. helyhez bizonyult elegend\u0151nek. B\u00e1r sok fiask\u00f3 \u00e9rte a g\u00e1rd\u00e1t a szezon k\u00f6zben, m\u00e9gis az \u00f6sszes\u00edtett eredm\u00e9nnyel el\u00e9gedettek lehet\u00fcnk. G\u00f3lar\u00e1nyunk is plusz \u00f6t\u00f6s.<\/p>\n<p>Ugyan nem lehet\u00fcnk telhetetlenek, de kis szerencs\u00e9vel a 7. hely is el\u00e9rhet\u0151 lett volna, amennyiben a Vasas hazai p\u00e1ly\u00e1n nem gy\u0151zi le a hetek \u00f3ta kirobban\u00f3 form\u00e1ban l\u00e9v\u0151 Buda\u00f6rs\u00f6t. Az Angyalf\u00f6ldiek viszont meg\u00e1ll\u00edott\u00e1k Bogn\u00e1r Gy\u00f6rgy fiait \u00e9s hozz\u00e1nk hasonl\u00f3an 3-0-re nyertek \u00e9s \u00edgy \u0151k tany\u00e1znak k\u00f6zvetlen\u00fcl el\u0151tt\u00fcnk. N\u00e9pszer\u0171 volt a&nbsp;3-0 a z\u00e1r\u00f3fordul\u00f3ban, ugyanis ennyire nyert a Soroks\u00e1r is a Tiszak\u00e9cske otthon\u00e1ban. A B\u00e9k\u00e9scsaba idegenben \u00fct\u00f6tte ki az Ajk\u00e1t 4-1-re, m\u00edg a Szolnok \u00fagy vesz\u00edtett minim\u00e1lis egy g\u00f3llal az MTK vend\u00e9gek\u00e9nt, hogy legal\u00e1bb egy pont benne volt a j\u00e1t\u00e9kukban, azonban t\u00f6bb holtbiztos helyzetet sem siker\u00fclt \u00e9rt\u00e9kes\u00edteni\u00fck a meglehet\u0151sen enerv\u00e1ltan \u00e9s passz\u00edvan futballoz\u00f3 listavezet\u0151vel szemben. A k\u00e9t sereghajt\u00f3 nem tudott jav\u00edtani \u00e9s mondhatni, a pap\u00edrforma \u00e9rv\u00e9nyes\u00fclt. A Halad\u00e1s Gy\u0151rben az ETO ellen, m\u00edg a V\u00e1c Balassagyarmaton vesztett a Szegeddel szemben egyar\u00e1nt 2-1-re. Az \u00e9lboly k\u00e9t csapat\u00e1nak, a Budafok \u00e9s a Si\u00f3fok \u00f6sszecsap\u00e1s\u00e1n sz\u00fcletett egyed\u00fcl d\u00f6ntetlen, amely r\u00e1ad\u00e1sul m\u00e9g g\u00f3lt sem hozott. A Cs\u00e1kv\u00e1r a tabell\u00e1n elfoglalt harmadik helye egyre irre\u00e1lisabb, hiszen a Fej\u00e9r megyei alakulat sorrendben negyedszer is bukott. Ez\u00fattal az egyre egys\u00e9gesebb Ny\u00edregyh\u00e1za otthon\u00e1ban vesztett 2-0-ra, de a zsin\u00f3rban t\u00f6rt\u00e9n\u0151 12 pont elveszt\u00e9se ellen\u00e9re is a dobog\u00f3n v\u00e9gzett. Az \u0151szi z\u00e1r\u00e1s ut\u00e1n a MTK szerezte meg a szezon\u00e1lis bajnoki c\u00edmet, 4 ponttal megel\u0151zve a 2. helyen \u00e1ll\u00f3 Si\u00f3fokot. 5 ponttal leszakadva a Cs\u00e1kv\u00e1r m\u00e9g a dobog\u00f3 harmadik fok\u00e1n, de pontazonoss\u00e1gban a 4. helyezett Gyirm\u00f3ttal. H\u00e1tul a V\u00e1c helyzete szinte rem\u00e9nytelen. Egyetlen gy\u0151zelm\u00fcket \u00e9ppen ellen\u00fcnk szerezt\u00e9k \u00e9s tov\u00e1bbi h\u00e1rom d\u00f6ntetlennel gy\u0171jt\u00f6ttek 6 pontot. A szint\u00e9n kies\u0151 helyen v\u00e9gzett Halad\u00e1s is 9 ponttal el\u0151zi meg \u0151ket. Alapj\u00e1ban v\u00e9ve meglep\u0151nek is hathat e k\u00e9t csapat produkci\u00f3ja, \u00e1m az el\u0151zm\u00e9nyek ismeret\u00e9ben cseppet sem szenz\u00e1ci\u00f3. A Balmaz mellett ennek a k\u00e9t klubnak voltak licence probl\u00e9m\u00e1i, de a kiz\u00e1rt egy\u00fcttest\u0151l elt\u00e9r\u0151en, \u0151k az utols\u00f3 ut\u00e1ni pillanatban m\u00e9gis z\u00f6ldutat kaptak az MLSZ-t\u0151l. A megszor\u00edt\u00e1s anyagi okokra vezethet\u0151k vissza, \u00edgy tal\u00e1n jobban \u00e9rthet\u0151, hogy a gyenge l\u00e1bakon \u00e1ll\u00f3 k\u00e9t csapat mi\u00e9rt is tart ott, ahol. A szombathelyieknek r\u00e1ad\u00e1sul alaposan el lett rontva a centen\u00e1riumi \u00e9v\u00fck.<\/p>\n<p>Szusszan\u00e1snyi id\u0151 sem telik el \u00e9s szerd\u00e1n \u00fajra p\u00e1ly\u00e1ra l\u00e9pnek a mieink, akikre a Debrecen elleni kupam\u00e9rk\u0151z\u00e9s v\u00e1r hazai k\u00f6rnyezetben. Alapj\u00e1ban egy remek futballcsemeg\u00e9nek is beillene a tal\u00e1lkoz\u00f3, \u00e1m a lehetetlen id\u0151pont miatt sokat vesz\u00edt var\u00e1zs\u00e1b\u00f3l. Szerd\u00e1n d\u00e9lben indul \u00fatj\u00e1ra a labda, amely megtoldva a v\u00e1rhat\u00f3 t\u00e9lies, kellemetlen id\u0151j\u00e1r\u00e1ssal, abszol\u00fat nem nevezhet\u0151 szurkol\u00f3bar\u00e1t k\u00f6r\u00fclm\u00e9nynek. Ellenfel\u00fcnk h\u00e1tter\u00e9t \u00e9s kond\u00edci\u00f3it tekintve ak\u00e1r f\u00e9lelmetesnek is t\u0171nhetne, hiszen eleve az orsz\u00e1g m\u00e1sodik legnagyobb \u00e9s egyben messze a legnagyobb vid\u00e9ki v\u00e1rosa \u00e1ll a klub m\u00f6g\u00f6tt. Hajd\u00fa-Bihar megye sz\u00e9khelye, megyei jog\u00fa v\u00e1rosa, megannyi leggel, t\u00f6rt\u00e9nelmi \u00e9s kultur\u00e1lis \u00f6r\u00f6ks\u00e9ggel \u00e9s egy igaz\u00e1n sikeres klubbal rendelkezve, azonban amint l\u00e1tni fogjuk a k\u00e9t csapat egym\u00e1s elleni t\u00f6rt\u00e9net\u00e9t, bizony a debrecenieknek van b\u0151ven pironkodni val\u00f3ja. Debrecen sz\u00e1mos sportegyes\u00fclete k\u00f6z\u00fcl az els\u0151 sz\u00e1m\u00fa \u00e9s legsikeresebb klubja a dorogiakn\u00e1l 12 \u00e9vvel kor\u00e1bban alap\u00edtott DVSC. A hajd\u00fas\u00e1gi g\u00e1rda azonban csak j\u00f3val k\u00e9s\u0151bb indulhatott a bajnoks\u00e1gban, ugyanis a felt\u00e9telrendszer nem volt m\u00e9g megfelel\u0151 a klub h\u00e1zat\u00e1j\u00e1n. Az 1913-as bajnoki rajtt\u00f3l kezdve viszont eg\u00e9szen 1943-ig biztos m\u00e1sodoszt\u00e1ly\u00fa csapatk\u00e9nt vit\u00e9zkedett. Ezt k\u00f6vet\u0151en feljutottak az \u00e9lvonalban, ahol a h\u00e1bor\u00fa utols\u00f3 kaotikus \u00e9v\u00e9t\u0151l eltekintve 1948-ig szerepelt. Kies\u00e9s\u00fck ut\u00e1ni \u00e9vben azonnal visszak\u00fczd\u00f6tt\u00e9k magukat, azonban sok\u00e1ig nem tudtak gy\u00f6keretereszteni az NB I mez\u0151ny\u00e9ben \u00e9s csak 1960-ban jutottak fel \u00fajra. Viszont n\u00e9h\u00e1ny rem\u00e9nyteljesnek t\u0171n\u0151 \u00e9vad ut\u00e1n megint a m\u00e1sodoszt\u00e1lyba k\u00e9nyszer\u00fcltek, s\u0151t 1968-ban a harmadik oszt\u00e1lyig estek vissza, ahol k\u00e9t \u00e9vadot voltak k\u00e9nytelenek vesztegelni. Lassan kapaszkodtak felfel\u00e9, \u00e1m az els\u0151 oszt\u00e1ly csak 1979-re v\u00e1lt val\u00f3s\u00e1gg\u00e1. Voltak j\u00f3 \u00e9vei a legjobbak k\u00f6z\u00f6tt, de m\u00e9g v\u00e1ratott mag\u00e1ra a stabil tags\u00e1g, ugyanis menet k\u00f6zben n\u00e9h\u00e1nyszor m\u00e9g kiesni k\u00e9nyszer\u00fcltek, amire 1993-ban feljut\u00e1suk egy m\u00e1ig tart\u00f3 folyamatos NB I-es szerepl\u00e9s kezdete volt. Az igazi nagy korszakuk ekkora tehet\u0151, amelynek cs\u00facsa a bajnoki c\u00edm, amelyet folyamatosan meg tudtak ism\u00e9telni. 2003 \u00e9s 2010 k\u00f6z\u00f6tt v\u00e9gig dobog\u00f3s volt \u00fagy, hogy \u00f6t bajnoki c\u00edme mellett egy m\u00e1sodik \u00e9s k\u00e9t harmadik helyet szereztek. Ebben a peri\u00f3dusban az orsz\u00e1g legjobb csapat\u00e1v\u00e1 v\u00e1lt. A remek bajnoki szerepl\u00e9seknek k\u00f6sz\u00f6nhet\u0151en folyamatosan r\u00e9szese volt a nemzetk\u00f6zi kupak\u00fczdelmeknek, \u00e1m ott szer\u00e9nyebb szerep jutott csak oszt\u00e1lyr\u00e9sz\u00fcl. A harmadik k\u00f6rn\u00e9l tov\u00e1bb nem siker\u00fclt jutniuk, pedig k\u00f6zel sz\u00e1z nemzetk\u00f6zi kupameccset j\u00e1tszottak. Az elm\u00falt egy \u00e9vtized sor\u00e1n tov\u00e1bbi k\u00e9t alkalommal tudott bajnok lenni \u00e9s mellete ugyancsak k\u00e9t alkalomal bronz\u00e9rmes lett. P\u00e1rhuzamban a Magyar Kup\u00e1ban hatszoros kupagy\u0151zelemmel \u00e9s \u00f6tsz\u00f6r\u00f6s Szuper Kupagy\u0151zelemmel b\u00fcszk\u00e9lkedhet. Az elm\u00falt b\u0151 k\u00e9t \u00e9vtizedben sz\u00e1mos j\u00e1t\u00e9kost adott a v\u00e1logatottnak is. Elvitathatatlanul az orsz\u00e1g els\u0151 sz\u00e1m\u00fa futballfellegv\u00e1r\u00e1v\u00e1 v\u00e1lt.<\/p>\n<p style=\"text-align: center;\"><img fetchpriority=\"high\" decoding=\"async\" class=\"alignnone size-full wp-image-21320\" src=\"https:\/\/dorogimedence.hu\/wp-content\/uploads\/2019\/12\/dorog-debrecen-03.jpg\" alt=\"\" width=\"670\" height=\"446\" srcset=\"https:\/\/dorogimedence.hu\/wp-content\/uploads\/2019\/12\/dorog-debrecen-03.jpg 670w, https:\/\/dorogimedence.hu\/wp-content\/uploads\/2019\/12\/dorog-debrecen-03-300x200.jpg 300w, https:\/\/dorogimedence.hu\/wp-content\/uploads\/2019\/12\/dorog-debrecen-03-589x392.jpg 589w, https:\/\/dorogimedence.hu\/wp-content\/uploads\/2019\/12\/dorog-debrecen-03-272x182.jpg 272w\" sizes=\"(max-width: 670px) 100vw, 670px\" \/><em>Legut\u00f3bbi Dorog-Debrecen tal\u00e1lkoz\u00f3n k\u00e9sz\u00fclt felv\u00e9tel<\/em><\/p>\n<p>Legels\u0151 tal\u00e1lkoz\u00e1sunkra viszonylag k\u00e9s\u0151n, az 1946-47-es NB I-es \u00e9vadban&nbsp;ker\u00fclt sor. 1946. december 22-\u00e9n hazai p\u00e1ly\u00e1n 3-2-re a Debrecen nyert, m\u00edg a c\u00edviszv\u00e1rosi visszav\u00e1g\u00f3n 1947. \u00e1prilis 27-\u00e9n 1-1-es d\u00f6ntetlen sz\u00fcletett. A mieink az \u00e9vad v\u00e9g\u00e9n, ellenfel\u00fcnk pedig egy \u00e9vre r\u00e1 esett ki az els\u0151 oszt\u00e1lyb\u00f3l. 1949-ben mindketten saj\u00e1t NB II-es csoportjukban bajnokok lettek \u00e9s sikeresen vissszajutottak a NB I-be. A bajnoks\u00e1g v\u00e9g\u00e9n a n\u00e9gy m\u00e1sodoszt\u00e1ly\u00fa bajnoki k\u00f6rm\u00e9rk\u0151z\u00e9st j\u00e1tszot egym\u00e1s ellen a f\u0151v\u00e1rosban a Bajnokok bajnoka c\u00edm\u00e9rt. A dorogiak biztosan \u00e9s hib\u00e1tlanul nyert\u00e9k a bajnokok torn\u00e1j\u00e1t, ahol az utols\u00f3 k\u00f6rben a Debrecen elleni meccs\u00fck\u00f6n par\u00e1d\u00e9ztak. A hatalmas t\u00f6meget elvar\u00e1zsolta a produkci\u00f3juk \u00e9s m\u00e1r hat g\u00f3lt ber\u00e1moltak a Loki kapuj\u00e1ban, amikor Kinczel L\u00e1szl\u00f3 egyed\u00fcl vezette a labd\u00e1t a kapusra, akit kicselezve az \u00fcres kapuig nyargalt. A drukkerek bekiab\u00e1ltak neki, hogy fejelje be, amit csat\u00e1runk teljes\u00edtett. Lehasalt, majd a g\u00f3lvonalr\u00f3l bestukkolta a labd\u00e1t. A 7. dorogi g\u00f3lt azonban a j\u00e1t\u00e9kvezet\u0151 \u00e9rv\u00e9nytelen\u00edtette az ellenf\u00e9l megsz\u00e9gyen\u00edt\u00e9se miatt.&nbsp;<\/p>\n<p>A debreceniek visszav\u00e1gtak a bajnoks\u00e1g \u0151szi szezonj\u00e1ban \u00e9s 4-2-re gy\u0151ztek hazai p\u00e1ly\u00e1n, de tavasszal Dorogon fenn\u00e1ll\u00e1suk egyik legnagyobb, hanem a legnagyobb bajnoki veres\u00e9g\u00e9t szenvedt\u00e9k el, ahol a mieink 9:0 ar\u00e1nyban lemost\u00e1k \u0151ket. Kerek t\u00edz \u00e9vig nem tal\u00e1lkozott a k\u00e9t csapat egym\u00e1ssal, de amikor \u00fajra \u00f6sszecsaptak az NB I-ben, megintcsak alapos ver\u00e9sben r\u00e9szes\u00fcltek. Debrecenben 3-1-re, m\u00edg Dorogon 5-2-re kaptak ki. Az 1962-63-as \u00e9vadban sem \u00faszt\u00e1k meg \u00f6t alatt Dorogon, ahol a dorogiak 5-1-re p\u00e1holt\u00e1k el \u0151ket. Debrecenben viszont ez\u00fattal a hazaiak nyertek 2-1-re, amely viszont nagyon f\u00e1j\u00f3 veres\u00e9gk\u00e9nt hatott, ugyanis a Nagyerd\u0151n hagyott pontok nagyon hi\u00e1nyoztak a v\u00e9gelsz\u00e1mol\u00e1sn\u00e1l a m\u00e9gszebb bajnoki szerepl\u00e9shez, hiszen egyetlen plusz ponttal is ez\u00fcst\u00e9rmes lett volna csapatunk. A teljess\u00e9ghez az\u00e9rt hozz\u00e1tartozik, hogy Lakat Jen\u0151 ki\u00e1ll\u00edt\u00e1sa miatt emberh\u00e1tr\u00e1nyban j\u00e1tszottunk. A k\u00f6vetkez\u0151 \u00e9vadban, 1963-ban, az egyfordul\u00f3s bajnoks\u00e1gban a Debrecennek kedvezett a sorsol\u00e1s, mivel \u0151k lehettek a p\u00e1lyav\u00e1laszt\u00f3k. A tal\u00e1lkoz\u00f3 1-1-re v\u00e9gz\u0151d\u00f6tt. Utol\u00f3s\u00f3 NB I-es egym\u00e1s elleni \u00e9vadunkban oda-vissza vert\u00fck a piros-feh\u00e9reket. Otthon 2-1-re, idegenben pedig 3-2-re nyert\u00fcnk. 1967-ben az NB I\/B-ben j\u00f6tt a k\u00f6vetkez\u0151 megm\u00e9rettet\u00e9s. Mindk\u00e9t csapat a hazai meccs\u00e9t hozta. Debrecenben 1-0-ra kikaptunk, Dorogon viszont 4-1-re diadalmaskodtak a mieink. Szint\u00e9n ebben az oszt\u00e1lyban az 1971-72-es \u00e9vadban mind\u00f6ssze egy pontot szerezt\u00fcnk ellen\u00fck, r\u00e1ad\u00e1sul hazai p\u00e1ly\u00e1n kaptuk ki 3-2-re, Debrecenben pedig g\u00f3ln\u00e9lk\u00fcli d\u00f6ntetlen sz\u00fcletett. Egy \u00e9vvel k\u00e9s\u0151bb a debreceni meccs eredm\u00e9nye megism\u00e9tl\u0151d\u00f6tt a hajd\u00fas\u00e1gi sz\u00e9khelyen, \u00e1m Dorogon alapos veres\u00e9g v\u00e1rt a Lokira, ahol az ellen\u00e1llhatatlan dorogiak 4-1-re leg\u00e1zolt\u00e1k \u0151ket. A folytat\u00e1sban az 1974-75-\u00f6s \u00e9vadban testv\u00e9riesen osztoztak mindk\u00e9t meccsen a pontokon egy hazai g\u00f3ln\u00e9lk\u00fcli \u00e9s egy debreceni 1-1-es eredm\u00e9nnyel. Egy \u00e9vre r\u00e1 ez\u00fattal Debrecenben sz\u00fcletett g\u00f3ln\u00e9lk\u00fcli d\u00f6ntetlen, m\u00edg hazai p\u00e1ly\u00e1n 1-0-\u00e1s dorogi sikernek \u00f6rvendhetettek a szurkol\u00f3ink. Legutols\u00f3 bajnoki \u00e9vadunk az 1977-78 volt az NB II-ben. Odahaza 1-0-ra nyert\u00fcnk, m\u00edg a Nagyerdei stadionban 15 ezer n\u00e9z\u0151 el\u0151tt \u00fagy vesz\u00edtett\u00fcnk 2-1-re, hogy a mieink szereztek vezet\u00e9st.<\/p>\n<p>Kerek negyven \u00e9v telt el, mire \u00fajb\u00f3l tal\u00e1lkozott a k\u00e9t csapat, m\u00e9gpedig a Magyar Kupa nyolcadd\u00f6nt\u0151j\u00e9nek oda-visszav\u00e1g\u00f3s szakasz\u00e1ban. Az akkor 3. helyen \u00e1ll\u00f3 Loki \u00f3ri\u00e1si meglepet\u00e9sre alulmaradt a m\u00e1sodoszt\u00e1ly k\u00f6z\u00e9pmez\u0151ny\u00e9ben l\u00e9v\u0151 mieinkkel szemben. Ez\u00fattal pedig vend\u00e9gl\u00e1t\u00f3ink vezettek is, \u00e1m v\u00e9g\u00fcl a Dorog \u00f6r\u00fclhetett. A visszav\u00e1g\u00f3t ugyan 3-2-re megnyerte a Debrecen \u00e9s 4-4-es \u00f6sszes\u00edt\u00e9ssel az idegenben l\u0151tt eggyel t\u00f6bb g\u00f3lj\u00e1nak k\u00f6sz\u00f6nhette a tov\u00e1bbjut\u00e1st, \u00e1m teljes\u00edtm\u00e9ny\u00e9re aligha lehetett b\u00fcszke.<\/p>\n<p>A k\u00e9t csapat m\u00e9rlege er\u0151sen a dorogiak dominanci\u00e1j\u00e1t mutatja. Az eddig lej\u00e1tszott 26 t\u00e9tm\u00e9rk\u0151z\u00e9sen 12 dorogi gy\u0151zelem, 7 d\u00f6ntetlen, 7 veres\u00e9g sz\u00fcletett, 58:35-\u00f6s g\u00f3lar\u00e1nnyal. Hazai m\u00e9rleg\u00fcnk igaz\u00e1n impn\u00e1l\u00f3: 12 meccsb\u0151l 8 gy\u0151zelem, 1 d\u00f6ntetlen \u00e9s 3 veres\u00e9g, 37:15-\u00f6s g\u00f3lar\u00e1ny.<\/p>\n<p>Sz\u00e1mos j\u00e9t\u00e9kos \u00e9s szakvezet\u0151 k\u00f6t\u0151dik mindk\u00e9t csapathoz. A Dorogr\u00f3l indult Rozgonyi Mikl\u00f3s nem csak mindk\u00e9t f\u00e9l sz\u00edneiben szerepelt, de Debrecenb\u0151l \u00fajra a dorogiakhoz t\u00e9rt vissza. Hasonl\u00f3, csak ellent\u00e9tes el\u0151jellel, a debreceni Szatm\u00e1ri Csaba m\u00e9g ifistak\u00e9nt igazolt Dorogra a kilencvenes \u00e9vek elej\u00e9n, majd visszat\u00e9rt sz\u00fcl\u0151v\u00e1rosa csapat\u00e1hoz, ahol egyik meghat\u00e1roz\u00f3 j\u00e1t\u00e9koss\u00e1 v\u00e1lt az NB I-es csapatban. A hatvanas \u00e9vek kiv\u00e1l\u00f3s\u00e1ga, Makray Bal\u00e1zs el\u0151bb&nbsp; Dorogon j\u00e1t\u00e9kosk\u00e9nt szerepelt, k\u00e9s\u0151bb pedig&nbsp; Debrecenben vezet\u0151 edz\u0151 volt. A kiv\u00e1l\u00f3 Arany L\u00e1szl\u00f3 el\u0151sz\u00f6r Dorogon j\u00e1tszott, majd k\u00e9s\u0151bb a debreceniekn\u00e9l. Kor\u00e1bban a Lokit er\u0151s\u00edtette Dur\u00f3 J\u00f3zsef, Ivo Georgiev \u00e9s Sitku Ill\u00e9s, akik a k\u00e9s\u0151bbiekben lettek a Dorog j\u00e1t\u00e9kosai. Nagy Istv\u00e1n labdar\u00fag\u00f3k\u00e9nt Debrecenben j\u00e1tszott, Dorogon pedig vezet\u0151 edz\u0151 lett. W\u00e9ber Lajos, M\u00f3r\u00e9 J\u00e1nos \u00e9s Sz\u0171cs Gy\u00f6rgy mindk\u00e9t csapatn\u00e1l edz\u0151sk\u00f6d\u00f6tt az id\u0151k sor\u00e1n.<\/p>\n<p style=\"text-align: center;\"><img decoding=\"async\" class=\"alignnone size-full wp-image-21321\" src=\"https:\/\/dorogimedence.hu\/wp-content\/uploads\/2019\/12\/dorog-debrecen-02.jpg\" alt=\"\" width=\"670\" height=\"354\" srcset=\"https:\/\/dorogimedence.hu\/wp-content\/uploads\/2019\/12\/dorog-debrecen-02.jpg 670w, https:\/\/dorogimedence.hu\/wp-content\/uploads\/2019\/12\/dorog-debrecen-02-300x159.jpg 300w\" sizes=\"(max-width: 670px) 100vw, 670px\" \/><em>Az els\u0151 debreceni g\u00f3lt megel\u0151z\u0151 szitu\u00e1ci\u00f3. A labda elr\u00fag\u00e1sa el\u0151tti pillanat\u00e1ban is j\u00f3val el\u0151r\u00e9bb t\u0171nik a vend\u00e9g j\u00e1t\u00e9kos<\/em><\/p>\n<p>A szerdai m\u00e9rk\u0151z\u00e9s egy\u00e9rtelm\u0171 es\u00e9lyese a vend\u00e9g csapat, \u00e1m m\u00e9gsem vehet m\u00e9rget a tov\u00e1bbjut\u00e1sra, f\u0151leg, ha nem veszi el\u00e9g komolyan a dorogiakat. Legut\u00f3bb csakis a vakszerencse d\u00f6nt\u00f6tt, hiszen szemernyi k\u00fcl\u00f6nbs\u00e9g sem mutatkozott kett\u0151j\u00fck k\u00f6z\u00f6tt. S\u0151t, ha nagyon szigor\u00faan vessz\u00fck, a Dorogon sz\u00fcletett els\u0151 debreceni g\u00f3l egy jelent\u0151s les\u00e1ll\u00e1sb\u00f3l esett. M\u00e9gcsak nem is egyvonal volt, hanem m\u00e9terekben kifejezhet\u0151. A k\u00f6z\u00f6ns\u00e9g is jelezte, \u00e1m a j\u00e1t\u00e9kvezet\u0151 nagyvonal\u00faan tov\u00e1bbengedte a ziccerben kit\u00f6r\u0151 j\u00e1t\u00e9kost. A k\u00e9t m\u00e9rk\u0151z\u00e9s f\u0151h\u0151se egy\u00e9rtelm\u0171en M\u00e1sz\u00e1ros \u00c1ron volt, aki tripl\u00e1zott a k\u00e9t \u00f6sszecsap\u00e1s sor\u00e1n. Debrecenben mindk\u00e9t dorogi g\u00f3lt \u0150 szerezte, Dorogon pedig egy felejtehetetlen tal\u00e1lat\u00e1val vett n\u00e9mi el\u00e9gt\u00e9telt a kies\u00e9s\u00e9rt. Az eml\u00e9kezetes g\u00f3l, vagy 35 m\u00e9teres kap\u00e1sl\u00f6v\u00e9st k\u00f6vet\u0151en bombak\u00e9nt v\u00e1g\u00f3dva a l\u00e9c al\u00e1 esett. Igaz\u00e1b\u00f3l csak vend\u00e9geknek van vesz\u00edtenivl\u00f3juk.&nbsp; B\u00e1rhogy is alakul a m\u00e9rk\u0151z\u00e9s, a legfontosabb, hogy emelt f\u0151vel j\u00f6hessenek le a mieink a p\u00e1ly\u00e1r\u00f3l.<\/p>\n<p>V\u00e9gezet\u00fcl szok\u00e1s szerint j\u00f6jjenek az egym\u00e1s elleni m\u00e9rk\u0151z\u00e9sek dorogi g\u00f3lszerz\u0151i id\u0151rendi sorrendben. Sajnos a bajnokok kup\u00e1j\u00e1n sz\u00fcletett hat g\u00f3lunk szerz\u0151inek neve nem maradt fenn, \u00edgy az 58 helyett, csak 52 tal\u00e1latot tudok bemutatni: Moln\u00e1r J\u00f3zsef (4), Kert\u00e9sz L\u00e1szl\u00f3, K\u00e1ntor Gy\u00f6rgy, Aspir\u00e1ny Guszt\u00e1v, Kinczel L\u00e1szl\u00f3 (2), Hargitai N\u00e1ndor, Pozsonyi Ign\u00e1c (2), Bakonyi Istv\u00e1n, P\u00e1lmai S\u00e1ndor, Varga J\u00e1nos, Monostori Tivadar (6), Cs\u00f3ri L\u00e1szl\u00f3, Sur\u00e1nyi J\u00f3zsef, Kertes L\u00e1szl\u00f3 (2), Szuromi Antal (6), R\u00e1cz Jen\u0151, Vir\u00e1g P\u00e1l (2), Lakics Bal\u00e1zs (2), Peszeki Jen\u0151 (2), Lah\u00f3 Istv\u00e1n, T\u00f3th Gyula, Tak\u00e1cs Tibor (2), L\u00f3di L\u00e1szl\u00f3, Goschler L\u00e1szl\u00f3, Koll\u00e1r L\u00e1szl\u00f3, M\u00e9sz\u00e1ros \u00c1ron (3), Bora Gy\u00f6rgy; valamint h\u00e1rom debreceni j\u00e1t\u00e9kos, Szab\u00f3 Endre, Moln\u00e1r S\u00e1ndor \u00e9s Gaj\u00e1n G\u00e1bor \u00f6ng\u00f3lja.<\/p>\n","protected":false},"excerpt":{"rendered":"<p>Vas\u00e1rnap az \u0151szi szezon utols\u00f3 m\u00e9rk\u0151z\u00e9s\u00e9n h\u00e1romg\u00f3los gy\u0151zelmet aratott csapatunk idegenben a Kazincbarcika ellen, amelynek k\u00f6sz\u00f6nhet\u0151en a 8. helyen v\u00e9geztek. Azonban m\u00e9g ki sem \u00f6rvendhetj\u00fck magunkat, ugyanis szerd\u00e1n, Szent Borb\u00e1la napj\u00e1n kupak\u00fczdelem v\u00e1r a dorogiakra. A Magyar Kup\u00e1ban a legjobb 16-k\u00f6z\u00e9 jut\u00e1s\u00e9rt az \u00e9lvonalban szerepl\u0151 Debrecent fogadj\u00e1k a Buz\u00e1nszky stadionban &#8211; Szab\u00f3 Gyula cikke. A<\/p>\n","protected":false},"author":1,"featured_media":21323,"comment_status":"closed","ping_status":"closed","sticky":false,"template":"","format":"standard","meta":{"ngg_post_thumbnail":0,"footnotes":""},"categories":[2,3,5],"tags":[1376,15,37,2240,70,69,72,71,3764,16,3969],"class_list":{"0":"post-21319","1":"post","2":"type-post","3":"status-publish","4":"format-standard","5":"has-post-thumbnail","7":"category-dorog","8":"category-hirek","9":"category-sport","10":"tag-debrecen","11":"tag-dorog","12":"tag-dorogi-fc","13":"tag-dvsc","14":"tag-foci","15":"tag-futball","16":"tag-labdarugas","17":"tag-magyar-kupa","18":"tag-orok-merlegen","19":"tag-sport","20":"tag-szabo-gyula"},"yoast_head":"<!-- This site is optimized with the Yoast SEO plugin v27.4 - https:\/\/yoast.com\/product\/yoast-seo-wordpress\/ -->\n<title>Nagyszer\u0171 szezonz\u00e1r\u00e1st k\u00f6vet\u0151en h\u00e9tk\u00f6zi kupameccs Dorogon<\/title>\n<meta name=\"robots\" content=\"index, follow, max-snippet:-1, max-image-preview:large, max-video-preview:-1\" \/>\n<link rel=\"canonical\" href=\"https:\/\/dorogimedence.hu\/index.php\/2019\/12\/03\/nagyszeru-szezonzarast-kovetoen-hetkozi-kupameccs-dorogon\/\" class=\"yoast-seo-meta-tag\" \/>\n<meta property=\"og:locale\" content=\"hu_HU\" class=\"yoast-seo-meta-tag\" \/>\n<meta property=\"og:type\" content=\"article\" class=\"yoast-seo-meta-tag\" \/>\n<meta property=\"og:title\" content=\"Nagyszer\u0171 szezonz\u00e1r\u00e1st k\u00f6vet\u0151en h\u00e9tk\u00f6zi kupameccs Dorogon\" class=\"yoast-seo-meta-tag\" \/>\n<meta property=\"og:description\" content=\"Vas\u00e1rnap az \u0151szi szezon utols\u00f3 m\u00e9rk\u0151z\u00e9s\u00e9n h\u00e1romg\u00f3los gy\u0151zelmet aratott csapatunk idegenben a Kazincbarcika ellen, amelynek k\u00f6sz\u00f6nhet\u0151en a 8. helyen v\u00e9geztek. Azonban m\u00e9g ki sem \u00f6rvendhetj\u00fck magunkat, ugyanis szerd\u00e1n, Szent Borb\u00e1la napj\u00e1n kupak\u00fczdelem v\u00e1r a dorogiakra. A Magyar Kup\u00e1ban a legjobb 16-k\u00f6z\u00e9 jut\u00e1s\u00e9rt az \u00e9lvonalban szerepl\u0151 Debrecent fogadj\u00e1k a Buz\u00e1nszky stadionban &#8211; Szab\u00f3 Gyula cikke. A\" class=\"yoast-seo-meta-tag\" \/>\n<meta property=\"og:url\" content=\"https:\/\/dorogimedence.hu\/index.php\/2019\/12\/03\/nagyszeru-szezonzarast-kovetoen-hetkozi-kupameccs-dorogon\/\" class=\"yoast-seo-meta-tag\" \/>\n<meta property=\"og:site_name\" content=\"Dorogi-medence Region\u00e1lis H\u00edrport\u00e1l\" class=\"yoast-seo-meta-tag\" \/>\n<meta property=\"article:publisher\" content=\"https:\/\/www.facebook.com\/dorogimedence\/\" class=\"yoast-seo-meta-tag\" \/>\n<meta property=\"article:published_time\" content=\"2019-12-03T05:51:04+00:00\" class=\"yoast-seo-meta-tag\" \/>\n<meta property=\"article:modified_time\" content=\"2019-12-03T05:51:27+00:00\" class=\"yoast-seo-meta-tag\" \/>\n<meta property=\"og:image\" content=\"https:\/\/i0.wp.com\/dorogimedence.hu\/wp-content\/uploads\/2019\/12\/dorog-debrecen-01.jpg?fit=670%2C365&ssl=1\" class=\"yoast-seo-meta-tag\" \/>\n\t<meta property=\"og:image:width\" content=\"670\" class=\"yoast-seo-meta-tag\" \/>\n\t<meta property=\"og:image:height\" content=\"365\" class=\"yoast-seo-meta-tag\" \/>\n\t<meta property=\"og:image:type\" content=\"image\/jpeg\" class=\"yoast-seo-meta-tag\" \/>\n<meta name=\"author\" content=\"dorogimedence.hu\" class=\"yoast-seo-meta-tag\" \/>\n<meta name=\"twitter:card\" content=\"summary_large_image\" class=\"yoast-seo-meta-tag\" \/>\n<meta name=\"twitter:label1\" content=\"Szerz\u0151:\" class=\"yoast-seo-meta-tag\" \/>\n\t<meta name=\"twitter:data1\" content=\"dorogimedence.hu\" class=\"yoast-seo-meta-tag\" \/>\n\t<meta name=\"twitter:label2\" content=\"Becs\u00fclt olvas\u00e1si id\u0151\" class=\"yoast-seo-meta-tag\" \/>\n\t<meta name=\"twitter:data2\" content=\"14 perc\" class=\"yoast-seo-meta-tag\" \/>\n<script type=\"application\/ld+json\" class=\"yoast-schema-graph\">{\"@context\":\"https:\\\/\\\/schema.org\",\"@graph\":[{\"@type\":\"Article\",\"@id\":\"https:\\\/\\\/dorogimedence.hu\\\/index.php\\\/2019\\\/12\\\/03\\\/nagyszeru-szezonzarast-kovetoen-hetkozi-kupameccs-dorogon\\\/#article\",\"isPartOf\":{\"@id\":\"https:\\\/\\\/dorogimedence.hu\\\/index.php\\\/2019\\\/12\\\/03\\\/nagyszeru-szezonzarast-kovetoen-hetkozi-kupameccs-dorogon\\\/\"},\"author\":{\"name\":\"dorogimedence.hu\",\"@id\":\"https:\\\/\\\/dorogimedence.hu\\\/#\\\/schema\\\/person\\\/ce6091eeb7e95ecdc87890d6aa8e0fd4\"},\"headline\":\"Nagyszer\u0171 szezonz\u00e1r\u00e1st k\u00f6vet\u0151en h\u00e9tk\u00f6zi kupameccs Dorogon\",\"datePublished\":\"2019-12-03T05:51:04+00:00\",\"dateModified\":\"2019-12-03T05:51:27+00:00\",\"mainEntityOfPage\":{\"@id\":\"https:\\\/\\\/dorogimedence.hu\\\/index.php\\\/2019\\\/12\\\/03\\\/nagyszeru-szezonzarast-kovetoen-hetkozi-kupameccs-dorogon\\\/\"},\"wordCount\":2854,\"publisher\":{\"@id\":\"https:\\\/\\\/dorogimedence.hu\\\/#organization\"},\"image\":{\"@id\":\"https:\\\/\\\/dorogimedence.hu\\\/index.php\\\/2019\\\/12\\\/03\\\/nagyszeru-szezonzarast-kovetoen-hetkozi-kupameccs-dorogon\\\/#primaryimage\"},\"thumbnailUrl\":\"https:\\\/\\\/dorogimedence.hu\\\/wp-content\\\/uploads\\\/2019\\\/12\\\/dorog-debrecen-01.jpg\",\"keywords\":[\"Debrecen\",\"Dorog\",\"Dorogi FC\",\"DVSC\",\"foci\",\"futball\",\"labdar\u00fag\u00e1s\",\"Magyar Kupa\",\"\u00f6r\u00f6k m\u00e9rlegen\",\"sport\",\"Szab\u00f3 Gyula\"],\"articleSection\":[\"Dorog\",\"H\u00edrek\",\"Sport\"],\"inLanguage\":\"hu\"},{\"@type\":\"WebPage\",\"@id\":\"https:\\\/\\\/dorogimedence.hu\\\/index.php\\\/2019\\\/12\\\/03\\\/nagyszeru-szezonzarast-kovetoen-hetkozi-kupameccs-dorogon\\\/\",\"url\":\"https:\\\/\\\/dorogimedence.hu\\\/index.php\\\/2019\\\/12\\\/03\\\/nagyszeru-szezonzarast-kovetoen-hetkozi-kupameccs-dorogon\\\/\",\"name\":\"Nagyszer\u0171 szezonz\u00e1r\u00e1st k\u00f6vet\u0151en h\u00e9tk\u00f6zi kupameccs Dorogon\",\"isPartOf\":{\"@id\":\"https:\\\/\\\/dorogimedence.hu\\\/#website\"},\"primaryImageOfPage\":{\"@id\":\"https:\\\/\\\/dorogimedence.hu\\\/index.php\\\/2019\\\/12\\\/03\\\/nagyszeru-szezonzarast-kovetoen-hetkozi-kupameccs-dorogon\\\/#primaryimage\"},\"image\":{\"@id\":\"https:\\\/\\\/dorogimedence.hu\\\/index.php\\\/2019\\\/12\\\/03\\\/nagyszeru-szezonzarast-kovetoen-hetkozi-kupameccs-dorogon\\\/#primaryimage\"},\"thumbnailUrl\":\"https:\\\/\\\/dorogimedence.hu\\\/wp-content\\\/uploads\\\/2019\\\/12\\\/dorog-debrecen-01.jpg\",\"datePublished\":\"2019-12-03T05:51:04+00:00\",\"dateModified\":\"2019-12-03T05:51:27+00:00\",\"breadcrumb\":{\"@id\":\"https:\\\/\\\/dorogimedence.hu\\\/index.php\\\/2019\\\/12\\\/03\\\/nagyszeru-szezonzarast-kovetoen-hetkozi-kupameccs-dorogon\\\/#breadcrumb\"},\"inLanguage\":\"hu\",\"potentialAction\":[{\"@type\":\"ReadAction\",\"target\":[\"https:\\\/\\\/dorogimedence.hu\\\/index.php\\\/2019\\\/12\\\/03\\\/nagyszeru-szezonzarast-kovetoen-hetkozi-kupameccs-dorogon\\\/\"]}]},{\"@type\":\"ImageObject\",\"inLanguage\":\"hu\",\"@id\":\"https:\\\/\\\/dorogimedence.hu\\\/index.php\\\/2019\\\/12\\\/03\\\/nagyszeru-szezonzarast-kovetoen-hetkozi-kupameccs-dorogon\\\/#primaryimage\",\"url\":\"https:\\\/\\\/dorogimedence.hu\\\/wp-content\\\/uploads\\\/2019\\\/12\\\/dorog-debrecen-01.jpg\",\"contentUrl\":\"https:\\\/\\\/dorogimedence.hu\\\/wp-content\\\/uploads\\\/2019\\\/12\\\/dorog-debrecen-01.jpg\",\"width\":670,\"height\":365},{\"@type\":\"BreadcrumbList\",\"@id\":\"https:\\\/\\\/dorogimedence.hu\\\/index.php\\\/2019\\\/12\\\/03\\\/nagyszeru-szezonzarast-kovetoen-hetkozi-kupameccs-dorogon\\\/#breadcrumb\",\"itemListElement\":[{\"@type\":\"ListItem\",\"position\":1,\"name\":\"Kezd\u0151lap\",\"item\":\"https:\\\/\\\/dorogimedence.hu\\\/\"},{\"@type\":\"ListItem\",\"position\":2,\"name\":\"Nagyszer\u0171 szezonz\u00e1r\u00e1st k\u00f6vet\u0151en h\u00e9tk\u00f6zi kupameccs Dorogon\"}]},{\"@type\":\"WebSite\",\"@id\":\"https:\\\/\\\/dorogimedence.hu\\\/#website\",\"url\":\"https:\\\/\\\/dorogimedence.hu\\\/\",\"name\":\"Dorogi-medence Region\u00e1lis H\u00edrport\u00e1l\",\"description\":\"Dorog, Keszt\u00f6lc, Le\u00e1nyv\u00e1r, Piliscs\u00e9v, Tokod, Tokodalt\u00e1r\u00f3, Csolnok, Esztergom-kertv\u00e1ros: h\u00edrek, programok\",\"publisher\":{\"@id\":\"https:\\\/\\\/dorogimedence.hu\\\/#organization\"},\"potentialAction\":[{\"@type\":\"SearchAction\",\"target\":{\"@type\":\"EntryPoint\",\"urlTemplate\":\"https:\\\/\\\/dorogimedence.hu\\\/?s={search_term_string}\"},\"query-input\":{\"@type\":\"PropertyValueSpecification\",\"valueRequired\":true,\"valueName\":\"search_term_string\"}}],\"inLanguage\":\"hu\"},{\"@type\":\"Organization\",\"@id\":\"https:\\\/\\\/dorogimedence.hu\\\/#organization\",\"name\":\"Dorogi-medence Region\u00e1lis H\u00edrport\u00e1l\",\"url\":\"https:\\\/\\\/dorogimedence.hu\\\/\",\"logo\":{\"@type\":\"ImageObject\",\"inLanguage\":\"hu\",\"@id\":\"https:\\\/\\\/dorogimedence.hu\\\/#\\\/schema\\\/logo\\\/image\\\/\",\"url\":\"https:\\\/\\\/dorogimedence.hu\\\/wp-content\\\/uploads\\\/2021\\\/04\\\/logo-feher-600.png\",\"contentUrl\":\"https:\\\/\\\/dorogimedence.hu\\\/wp-content\\\/uploads\\\/2021\\\/04\\\/logo-feher-600.png\",\"width\":600,\"height\":100,\"caption\":\"Dorogi-medence Region\u00e1lis H\u00edrport\u00e1l\"},\"image\":{\"@id\":\"https:\\\/\\\/dorogimedence.hu\\\/#\\\/schema\\\/logo\\\/image\\\/\"},\"sameAs\":[\"https:\\\/\\\/www.facebook.com\\\/dorogimedence\\\/\"]},{\"@type\":\"Person\",\"@id\":\"https:\\\/\\\/dorogimedence.hu\\\/#\\\/schema\\\/person\\\/ce6091eeb7e95ecdc87890d6aa8e0fd4\",\"name\":\"dorogimedence.hu\",\"image\":{\"@type\":\"ImageObject\",\"inLanguage\":\"hu\",\"@id\":\"\\\/\\\/www.gravatar.com\\\/avatar\\\/d8d45f8901aadff40a4af72c0b826f1d?s=96&#038;r=g&#038;d=mm\",\"url\":\"\\\/\\\/www.gravatar.com\\\/avatar\\\/d8d45f8901aadff40a4af72c0b826f1d?s=96&#038;r=g&#038;d=mm\",\"contentUrl\":\"\\\/\\\/www.gravatar.com\\\/avatar\\\/d8d45f8901aadff40a4af72c0b826f1d?s=96&#038;r=g&#038;d=mm\",\"caption\":\"dorogimedence.hu\"}}]}<\/script>\n<!-- \/ Yoast SEO plugin. -->","yoast_head_json":{"title":"Nagyszer\u0171 szezonz\u00e1r\u00e1st k\u00f6vet\u0151en h\u00e9tk\u00f6zi kupameccs Dorogon","robots":{"index":"index","follow":"follow","max-snippet":"max-snippet:-1","max-image-preview":"max-image-preview:large","max-video-preview":"max-video-preview:-1"},"canonical":"https:\/\/dorogimedence.hu\/index.php\/2019\/12\/03\/nagyszeru-szezonzarast-kovetoen-hetkozi-kupameccs-dorogon\/","og_locale":"hu_HU","og_type":"article","og_title":"Nagyszer\u0171 szezonz\u00e1r\u00e1st k\u00f6vet\u0151en h\u00e9tk\u00f6zi kupameccs Dorogon","og_description":"Vas\u00e1rnap az \u0151szi szezon utols\u00f3 m\u00e9rk\u0151z\u00e9s\u00e9n h\u00e1romg\u00f3los gy\u0151zelmet aratott csapatunk idegenben a Kazincbarcika ellen, amelynek k\u00f6sz\u00f6nhet\u0151en a 8. helyen v\u00e9geztek. Azonban m\u00e9g ki sem \u00f6rvendhetj\u00fck magunkat, ugyanis szerd\u00e1n, Szent Borb\u00e1la napj\u00e1n kupak\u00fczdelem v\u00e1r a dorogiakra. A Magyar Kup\u00e1ban a legjobb 16-k\u00f6z\u00e9 jut\u00e1s\u00e9rt az \u00e9lvonalban szerepl\u0151 Debrecent fogadj\u00e1k a Buz\u00e1nszky stadionban &#8211; Szab\u00f3 Gyula cikke. A","og_url":"https:\/\/dorogimedence.hu\/index.php\/2019\/12\/03\/nagyszeru-szezonzarast-kovetoen-hetkozi-kupameccs-dorogon\/","og_site_name":"Dorogi-medence Region\u00e1lis H\u00edrport\u00e1l","article_publisher":"https:\/\/www.facebook.com\/dorogimedence\/","article_published_time":"2019-12-03T05:51:04+00:00","article_modified_time":"2019-12-03T05:51:27+00:00","og_image":[{"width":670,"height":365,"url":"https:\/\/i0.wp.com\/dorogimedence.hu\/wp-content\/uploads\/2019\/12\/dorog-debrecen-01.jpg?fit=670%2C365&ssl=1","type":"image\/jpeg"}],"author":"dorogimedence.hu","twitter_card":"summary_large_image","twitter_misc":{"Szerz\u0151:":"dorogimedence.hu","Becs\u00fclt olvas\u00e1si id\u0151":"14 perc"},"schema":{"@context":"https:\/\/schema.org","@graph":[{"@type":"Article","@id":"https:\/\/dorogimedence.hu\/index.php\/2019\/12\/03\/nagyszeru-szezonzarast-kovetoen-hetkozi-kupameccs-dorogon\/#article","isPartOf":{"@id":"https:\/\/dorogimedence.hu\/index.php\/2019\/12\/03\/nagyszeru-szezonzarast-kovetoen-hetkozi-kupameccs-dorogon\/"},"author":{"name":"dorogimedence.hu","@id":"https:\/\/dorogimedence.hu\/#\/schema\/person\/ce6091eeb7e95ecdc87890d6aa8e0fd4"},"headline":"Nagyszer\u0171 szezonz\u00e1r\u00e1st k\u00f6vet\u0151en h\u00e9tk\u00f6zi kupameccs Dorogon","datePublished":"2019-12-03T05:51:04+00:00","dateModified":"2019-12-03T05:51:27+00:00","mainEntityOfPage":{"@id":"https:\/\/dorogimedence.hu\/index.php\/2019\/12\/03\/nagyszeru-szezonzarast-kovetoen-hetkozi-kupameccs-dorogon\/"},"wordCount":2854,"publisher":{"@id":"https:\/\/dorogimedence.hu\/#organization"},"image":{"@id":"https:\/\/dorogimedence.hu\/index.php\/2019\/12\/03\/nagyszeru-szezonzarast-kovetoen-hetkozi-kupameccs-dorogon\/#primaryimage"},"thumbnailUrl":"https:\/\/dorogimedence.hu\/wp-content\/uploads\/2019\/12\/dorog-debrecen-01.jpg","keywords":["Debrecen","Dorog","Dorogi FC","DVSC","foci","futball","labdar\u00fag\u00e1s","Magyar Kupa","\u00f6r\u00f6k m\u00e9rlegen","sport","Szab\u00f3 Gyula"],"articleSection":["Dorog","H\u00edrek","Sport"],"inLanguage":"hu"},{"@type":"WebPage","@id":"https:\/\/dorogimedence.hu\/index.php\/2019\/12\/03\/nagyszeru-szezonzarast-kovetoen-hetkozi-kupameccs-dorogon\/","url":"https:\/\/dorogimedence.hu\/index.php\/2019\/12\/03\/nagyszeru-szezonzarast-kovetoen-hetkozi-kupameccs-dorogon\/","name":"Nagyszer\u0171 szezonz\u00e1r\u00e1st k\u00f6vet\u0151en h\u00e9tk\u00f6zi kupameccs Dorogon","isPartOf":{"@id":"https:\/\/dorogimedence.hu\/#website"},"primaryImageOfPage":{"@id":"https:\/\/dorogimedence.hu\/index.php\/2019\/12\/03\/nagyszeru-szezonzarast-kovetoen-hetkozi-kupameccs-dorogon\/#primaryimage"},"image":{"@id":"https:\/\/dorogimedence.hu\/index.php\/2019\/12\/03\/nagyszeru-szezonzarast-kovetoen-hetkozi-kupameccs-dorogon\/#primaryimage"},"thumbnailUrl":"https:\/\/dorogimedence.hu\/wp-content\/uploads\/2019\/12\/dorog-debrecen-01.jpg","datePublished":"2019-12-03T05:51:04+00:00","dateModified":"2019-12-03T05:51:27+00:00","breadcrumb":{"@id":"https:\/\/dorogimedence.hu\/index.php\/2019\/12\/03\/nagyszeru-szezonzarast-kovetoen-hetkozi-kupameccs-dorogon\/#breadcrumb"},"inLanguage":"hu","potentialAction":[{"@type":"ReadAction","target":["https:\/\/dorogimedence.hu\/index.php\/2019\/12\/03\/nagyszeru-szezonzarast-kovetoen-hetkozi-kupameccs-dorogon\/"]}]},{"@type":"ImageObject","inLanguage":"hu","@id":"https:\/\/dorogimedence.hu\/index.php\/2019\/12\/03\/nagyszeru-szezonzarast-kovetoen-hetkozi-kupameccs-dorogon\/#primaryimage","url":"https:\/\/dorogimedence.hu\/wp-content\/uploads\/2019\/12\/dorog-debrecen-01.jpg","contentUrl":"https:\/\/dorogimedence.hu\/wp-content\/uploads\/2019\/12\/dorog-debrecen-01.jpg","width":670,"height":365},{"@type":"BreadcrumbList","@id":"https:\/\/dorogimedence.hu\/index.php\/2019\/12\/03\/nagyszeru-szezonzarast-kovetoen-hetkozi-kupameccs-dorogon\/#breadcrumb","itemListElement":[{"@type":"ListItem","position":1,"name":"Kezd\u0151lap","item":"https:\/\/dorogimedence.hu\/"},{"@type":"ListItem","position":2,"name":"Nagyszer\u0171 szezonz\u00e1r\u00e1st k\u00f6vet\u0151en h\u00e9tk\u00f6zi kupameccs Dorogon"}]},{"@type":"WebSite","@id":"https:\/\/dorogimedence.hu\/#website","url":"https:\/\/dorogimedence.hu\/","name":"Dorogi-medence Region\u00e1lis H\u00edrport\u00e1l","description":"Dorog, Keszt\u00f6lc, Le\u00e1nyv\u00e1r, Piliscs\u00e9v, Tokod, Tokodalt\u00e1r\u00f3, Csolnok, Esztergom-kertv\u00e1ros: h\u00edrek, programok","publisher":{"@id":"https:\/\/dorogimedence.hu\/#organization"},"potentialAction":[{"@type":"SearchAction","target":{"@type":"EntryPoint","urlTemplate":"https:\/\/dorogimedence.hu\/?s={search_term_string}"},"query-input":{"@type":"PropertyValueSpecification","valueRequired":true,"valueName":"search_term_string"}}],"inLanguage":"hu"},{"@type":"Organization","@id":"https:\/\/dorogimedence.hu\/#organization","name":"Dorogi-medence Region\u00e1lis H\u00edrport\u00e1l","url":"https:\/\/dorogimedence.hu\/","logo":{"@type":"ImageObject","inLanguage":"hu","@id":"https:\/\/dorogimedence.hu\/#\/schema\/logo\/image\/","url":"https:\/\/dorogimedence.hu\/wp-content\/uploads\/2021\/04\/logo-feher-600.png","contentUrl":"https:\/\/dorogimedence.hu\/wp-content\/uploads\/2021\/04\/logo-feher-600.png","width":600,"height":100,"caption":"Dorogi-medence Region\u00e1lis H\u00edrport\u00e1l"},"image":{"@id":"https:\/\/dorogimedence.hu\/#\/schema\/logo\/image\/"},"sameAs":["https:\/\/www.facebook.com\/dorogimedence\/"]},{"@type":"Person","@id":"https:\/\/dorogimedence.hu\/#\/schema\/person\/ce6091eeb7e95ecdc87890d6aa8e0fd4","name":"dorogimedence.hu","image":{"@type":"ImageObject","inLanguage":"hu","@id":"\/\/www.gravatar.com\/avatar\/d8d45f8901aadff40a4af72c0b826f1d?s=96&#038;r=g&#038;d=mm","url":"\/\/www.gravatar.com\/avatar\/d8d45f8901aadff40a4af72c0b826f1d?s=96&#038;r=g&#038;d=mm","contentUrl":"\/\/www.gravatar.com\/avatar\/d8d45f8901aadff40a4af72c0b826f1d?s=96&#038;r=g&#038;d=mm","caption":"dorogimedence.hu"}}]}},"_links":{"self":[{"href":"https:\/\/dorogimedence.hu\/index.php\/wp-json\/wp\/v2\/posts\/21319","targetHints":{"allow":["GET"]}}],"collection":[{"href":"https:\/\/dorogimedence.hu\/index.php\/wp-json\/wp\/v2\/posts"}],"about":[{"href":"https:\/\/dorogimedence.hu\/index.php\/wp-json\/wp\/v2\/types\/post"}],"author":[{"embeddable":true,"href":"https:\/\/dorogimedence.hu\/index.php\/wp-json\/wp\/v2\/users\/1"}],"replies":[{"embeddable":true,"href":"https:\/\/dorogimedence.hu\/index.php\/wp-json\/wp\/v2\/comments?post=21319"}],"version-history":[{"count":0,"href":"https:\/\/dorogimedence.hu\/index.php\/wp-json\/wp\/v2\/posts\/21319\/revisions"}],"wp:featuredmedia":[{"embeddable":true,"href":"https:\/\/dorogimedence.hu\/index.php\/wp-json\/wp\/v2\/media\/21323"}],"wp:attachment":[{"href":"https:\/\/dorogimedence.hu\/index.php\/wp-json\/wp\/v2\/media?parent=21319"}],"wp:term":[{"taxonomy":"category","embeddable":true,"href":"https:\/\/dorogimedence.hu\/index.php\/wp-json\/wp\/v2\/categories?post=21319"},{"taxonomy":"post_tag","embeddable":true,"href":"https:\/\/dorogimedence.hu\/index.php\/wp-json\/wp\/v2\/tags?post=21319"}],"curies":[{"name":"wp","href":"https:\/\/api.w.org\/{rel}","templated":true}]}}