{"id":21284,"date":"2019-12-01T14:24:21","date_gmt":"2019-12-01T13:24:21","guid":{"rendered":"http:\/\/dorogimedence.hu\/?p=21284"},"modified":"2019-12-01T14:25:14","modified_gmt":"2019-12-01T13:25:14","slug":"kiderult-miert-rovid-a-vasutallomas-varotermenek-nyitvatartasi-ideje","status":"publish","type":"post","link":"https:\/\/dorogimedence.hu\/index.php\/2019\/12\/01\/kiderult-miert-rovid-a-vasutallomas-varotermenek-nyitvatartasi-ideje\/","title":{"rendered":"Kider\u00fclt mi\u00e9rt r\u00f6vid a vas\u00fat\u00e1llom\u00e1s v\u00e1r\u00f3term\u00e9nek nyitvatart\u00e1si ideje"},"content":{"rendered":"<p><strong>Megkerest\u00fck a M\u00c1V Zrt.-t, hogy munkanapokon mi\u00e9rt csak 7 \u00f3r\u00e1n kereszt\u00fcl van nyitva a dorogi vas\u00fat\u00e1llom\u00e1s v\u00e1r\u00f3terme.<\/strong><\/p>\n<p>Az utasok munkanapokon 6.05 \u00e9s 13.25 k\u00f6z\u00f6tt v\u00e1rakozhatnak a f\u0171t\u00f6tt l\u00e9tes\u00edtm\u00e9nyben, a t\u00f6bbi napszakban \u00e9s a h\u00e9tv\u00e9g\u00e9n ez a \u201eluxus\u201d m\u00e1r nem adatik meg. A M\u00c1V Zrt.-t megk\u00e9rdezt\u00fck, hogy mikor orvosolj\u00e1k ezt a probl\u00e9m\u00e1t \u00e9s nyitj\u00e1k ki a v\u00e1r\u00f3termet az utaz\u00f3k\u00f6z\u00f6ns\u00e9g r\u00e9sz\u00e9re. A M\u00c1V Zrt. a k\u00f6vetkez\u0151 v\u00e1laszt adta:<\/p>\n<p>\u201eAz \u00e1llom\u00e1s\u00e9p\u00fclet m\u0171szaki \u00e1tad\u00e1s-\u00e1tv\u00e9tele m\u00e9g nem t\u00f6rt\u00e9nt meg, \u00edgy az \u00fczemeltet\u00e9si feladatokat a NIF szerz\u0151d\u00f6tt v\u00e1llalkoz\u00f3ja l\u00e1tja el. A v\u00e1r\u00f3terem vonatk\u00f6zleked\u00e9shez igaz\u00edtott nyitva tart\u00e1s\u00e1nak lehet\u0151s\u00e9g\u00e9t jelenleg k\u00f6z\u00f6sen vizsg\u00e1ljuk.\u201d<\/p>\n","protected":false},"excerpt":{"rendered":"<p>Megkerest\u00fck a M\u00c1V Zrt.-t, hogy munkanapokon mi\u00e9rt csak 7 \u00f3r\u00e1n kereszt\u00fcl van nyitva a dorogi vas\u00fat\u00e1llom\u00e1s v\u00e1r\u00f3terme. Az utasok munkanapokon 6.05 \u00e9s 13.25 k\u00f6z\u00f6tt v\u00e1rakozhatnak a f\u0171t\u00f6tt l\u00e9tes\u00edtm\u00e9nyben, a t\u00f6bbi napszakban \u00e9s a h\u00e9tv\u00e9g\u00e9n ez a \u201eluxus\u201d m\u00e1r nem adatik meg. A M\u00c1V Zrt.-t megk\u00e9rdezt\u00fck, hogy mikor orvosolj\u00e1k ezt a probl\u00e9m\u00e1t \u00e9s nyitj\u00e1k ki a<\/p>\n","protected":false},"author":1,"featured_media":21285,"comment_status":"closed","ping_status":"closed","sticky":false,"template":"","format":"standard","meta":{"ngg_post_thumbnail":0,"footnotes":""},"categories":[2,3],"tags":[15,4508,4509,1227],"class_list":{"0":"post-21284","1":"post","2":"type-post","3":"status-publish","4":"format-standard","5":"has-post-thumbnail","7":"category-dorog","8":"category-hirek","9":"tag-dorog","10":"tag-nyitva-tartas","11":"tag-varoterem","12":"tag-vasutallomas"},"yoast_head":"<!-- This site is optimized with the Yoast SEO plugin v27.4 - https:\/\/yoast.com\/product\/yoast-seo-wordpress\/ -->\n<title>Kider\u00fclt mi\u00e9rt r\u00f6vid a vas\u00fat\u00e1llom\u00e1s v\u00e1r\u00f3term\u00e9nek nyitvatart\u00e1si ideje<\/title>\n<meta name=\"robots\" content=\"index, follow, max-snippet:-1, max-image-preview:large, max-video-preview:-1\" \/>\n<link rel=\"canonical\" href=\"https:\/\/dorogimedence.hu\/index.php\/2019\/12\/01\/kiderult-miert-rovid-a-vasutallomas-varotermenek-nyitvatartasi-ideje\/\" class=\"yoast-seo-meta-tag\" \/>\n<meta property=\"og:locale\" content=\"hu_HU\" class=\"yoast-seo-meta-tag\" \/>\n<meta property=\"og:type\" content=\"article\" class=\"yoast-seo-meta-tag\" \/>\n<meta property=\"og:title\" content=\"Kider\u00fclt mi\u00e9rt r\u00f6vid a vas\u00fat\u00e1llom\u00e1s v\u00e1r\u00f3term\u00e9nek nyitvatart\u00e1si ideje\" class=\"yoast-seo-meta-tag\" \/>\n<meta property=\"og:description\" content=\"Megkerest\u00fck a M\u00c1V Zrt.-t, hogy munkanapokon mi\u00e9rt csak 7 \u00f3r\u00e1n kereszt\u00fcl van nyitva a dorogi vas\u00fat\u00e1llom\u00e1s v\u00e1r\u00f3terme. Az utasok munkanapokon 6.05 \u00e9s 13.25 k\u00f6z\u00f6tt v\u00e1rakozhatnak a f\u0171t\u00f6tt l\u00e9tes\u00edtm\u00e9nyben, a t\u00f6bbi napszakban \u00e9s a h\u00e9tv\u00e9g\u00e9n ez a \u201eluxus\u201d m\u00e1r nem adatik meg. A M\u00c1V Zrt.-t megk\u00e9rdezt\u00fck, hogy mikor orvosolj\u00e1k ezt a probl\u00e9m\u00e1t \u00e9s nyitj\u00e1k ki a\" class=\"yoast-seo-meta-tag\" \/>\n<meta property=\"og:url\" content=\"https:\/\/dorogimedence.hu\/index.php\/2019\/12\/01\/kiderult-miert-rovid-a-vasutallomas-varotermenek-nyitvatartasi-ideje\/\" class=\"yoast-seo-meta-tag\" \/>\n<meta property=\"og:site_name\" content=\"Dorogi-medence Region\u00e1lis H\u00edrport\u00e1l\" class=\"yoast-seo-meta-tag\" \/>\n<meta property=\"article:publisher\" content=\"https:\/\/www.facebook.com\/dorogimedence\/\" class=\"yoast-seo-meta-tag\" \/>\n<meta property=\"article:published_time\" content=\"2019-12-01T13:24:21+00:00\" class=\"yoast-seo-meta-tag\" \/>\n<meta property=\"article:modified_time\" content=\"2019-12-01T13:25:14+00:00\" class=\"yoast-seo-meta-tag\" \/>\n<meta property=\"og:image\" content=\"https:\/\/i0.wp.com\/dorogimedence.hu\/wp-content\/uploads\/2019\/12\/varoterem-01.jpg?fit=670%2C365&ssl=1\" class=\"yoast-seo-meta-tag\" \/>\n\t<meta property=\"og:image:width\" content=\"670\" class=\"yoast-seo-meta-tag\" \/>\n\t<meta property=\"og:image:height\" content=\"365\" class=\"yoast-seo-meta-tag\" \/>\n\t<meta property=\"og:image:type\" content=\"image\/jpeg\" class=\"yoast-seo-meta-tag\" \/>\n<meta name=\"author\" content=\"dorogimedence.hu\" class=\"yoast-seo-meta-tag\" \/>\n<meta name=\"twitter:card\" content=\"summary_large_image\" class=\"yoast-seo-meta-tag\" \/>\n<meta name=\"twitter:label1\" content=\"Szerz\u0151:\" class=\"yoast-seo-meta-tag\" \/>\n\t<meta name=\"twitter:data1\" content=\"dorogimedence.hu\" class=\"yoast-seo-meta-tag\" \/>\n\t<meta name=\"twitter:label2\" content=\"Becs\u00fclt olvas\u00e1si id\u0151\" class=\"yoast-seo-meta-tag\" \/>\n\t<meta name=\"twitter:data2\" content=\"1 perc\" class=\"yoast-seo-meta-tag\" \/>\n<script type=\"application\/ld+json\" class=\"yoast-schema-graph\">{\"@context\":\"https:\\\/\\\/schema.org\",\"@graph\":[{\"@type\":\"Article\",\"@id\":\"https:\\\/\\\/dorogimedence.hu\\\/index.php\\\/2019\\\/12\\\/01\\\/kiderult-miert-rovid-a-vasutallomas-varotermenek-nyitvatartasi-ideje\\\/#article\",\"isPartOf\":{\"@id\":\"https:\\\/\\\/dorogimedence.hu\\\/index.php\\\/2019\\\/12\\\/01\\\/kiderult-miert-rovid-a-vasutallomas-varotermenek-nyitvatartasi-ideje\\\/\"},\"author\":{\"name\":\"dorogimedence.hu\",\"@id\":\"https:\\\/\\\/dorogimedence.hu\\\/#\\\/schema\\\/person\\\/ce6091eeb7e95ecdc87890d6aa8e0fd4\"},\"headline\":\"Kider\u00fclt mi\u00e9rt r\u00f6vid a vas\u00fat\u00e1llom\u00e1s v\u00e1r\u00f3term\u00e9nek nyitvatart\u00e1si ideje\",\"datePublished\":\"2019-12-01T13:24:21+00:00\",\"dateModified\":\"2019-12-01T13:25:14+00:00\",\"mainEntityOfPage\":{\"@id\":\"https:\\\/\\\/dorogimedence.hu\\\/index.php\\\/2019\\\/12\\\/01\\\/kiderult-miert-rovid-a-vasutallomas-varotermenek-nyitvatartasi-ideje\\\/\"},\"wordCount\":181,\"publisher\":{\"@id\":\"https:\\\/\\\/dorogimedence.hu\\\/#organization\"},\"image\":{\"@id\":\"https:\\\/\\\/dorogimedence.hu\\\/index.php\\\/2019\\\/12\\\/01\\\/kiderult-miert-rovid-a-vasutallomas-varotermenek-nyitvatartasi-ideje\\\/#primaryimage\"},\"thumbnailUrl\":\"https:\\\/\\\/dorogimedence.hu\\\/wp-content\\\/uploads\\\/2019\\\/12\\\/varoterem-01.jpg\",\"keywords\":[\"Dorog\",\"nyitva tart\u00e1s\",\"v\u00e1r\u00f3terem\",\"vas\u00fat\u00e1llom\u00e1s\"],\"articleSection\":[\"Dorog\",\"H\u00edrek\"],\"inLanguage\":\"hu\"},{\"@type\":\"WebPage\",\"@id\":\"https:\\\/\\\/dorogimedence.hu\\\/index.php\\\/2019\\\/12\\\/01\\\/kiderult-miert-rovid-a-vasutallomas-varotermenek-nyitvatartasi-ideje\\\/\",\"url\":\"https:\\\/\\\/dorogimedence.hu\\\/index.php\\\/2019\\\/12\\\/01\\\/kiderult-miert-rovid-a-vasutallomas-varotermenek-nyitvatartasi-ideje\\\/\",\"name\":\"Kider\u00fclt mi\u00e9rt r\u00f6vid a vas\u00fat\u00e1llom\u00e1s v\u00e1r\u00f3term\u00e9nek nyitvatart\u00e1si ideje\",\"isPartOf\":{\"@id\":\"https:\\\/\\\/dorogimedence.hu\\\/#website\"},\"primaryImageOfPage\":{\"@id\":\"https:\\\/\\\/dorogimedence.hu\\\/index.php\\\/2019\\\/12\\\/01\\\/kiderult-miert-rovid-a-vasutallomas-varotermenek-nyitvatartasi-ideje\\\/#primaryimage\"},\"image\":{\"@id\":\"https:\\\/\\\/dorogimedence.hu\\\/index.php\\\/2019\\\/12\\\/01\\\/kiderult-miert-rovid-a-vasutallomas-varotermenek-nyitvatartasi-ideje\\\/#primaryimage\"},\"thumbnailUrl\":\"https:\\\/\\\/dorogimedence.hu\\\/wp-content\\\/uploads\\\/2019\\\/12\\\/varoterem-01.jpg\",\"datePublished\":\"2019-12-01T13:24:21+00:00\",\"dateModified\":\"2019-12-01T13:25:14+00:00\",\"breadcrumb\":{\"@id\":\"https:\\\/\\\/dorogimedence.hu\\\/index.php\\\/2019\\\/12\\\/01\\\/kiderult-miert-rovid-a-vasutallomas-varotermenek-nyitvatartasi-ideje\\\/#breadcrumb\"},\"inLanguage\":\"hu\",\"potentialAction\":[{\"@type\":\"ReadAction\",\"target\":[\"https:\\\/\\\/dorogimedence.hu\\\/index.php\\\/2019\\\/12\\\/01\\\/kiderult-miert-rovid-a-vasutallomas-varotermenek-nyitvatartasi-ideje\\\/\"]}]},{\"@type\":\"ImageObject\",\"inLanguage\":\"hu\",\"@id\":\"https:\\\/\\\/dorogimedence.hu\\\/index.php\\\/2019\\\/12\\\/01\\\/kiderult-miert-rovid-a-vasutallomas-varotermenek-nyitvatartasi-ideje\\\/#primaryimage\",\"url\":\"https:\\\/\\\/dorogimedence.hu\\\/wp-content\\\/uploads\\\/2019\\\/12\\\/varoterem-01.jpg\",\"contentUrl\":\"https:\\\/\\\/dorogimedence.hu\\\/wp-content\\\/uploads\\\/2019\\\/12\\\/varoterem-01.jpg\",\"width\":670,\"height\":365},{\"@type\":\"BreadcrumbList\",\"@id\":\"https:\\\/\\\/dorogimedence.hu\\\/index.php\\\/2019\\\/12\\\/01\\\/kiderult-miert-rovid-a-vasutallomas-varotermenek-nyitvatartasi-ideje\\\/#breadcrumb\",\"itemListElement\":[{\"@type\":\"ListItem\",\"position\":1,\"name\":\"Kezd\u0151lap\",\"item\":\"https:\\\/\\\/dorogimedence.hu\\\/\"},{\"@type\":\"ListItem\",\"position\":2,\"name\":\"Kider\u00fclt mi\u00e9rt r\u00f6vid a vas\u00fat\u00e1llom\u00e1s v\u00e1r\u00f3term\u00e9nek nyitvatart\u00e1si ideje\"}]},{\"@type\":\"WebSite\",\"@id\":\"https:\\\/\\\/dorogimedence.hu\\\/#website\",\"url\":\"https:\\\/\\\/dorogimedence.hu\\\/\",\"name\":\"Dorogi-medence Region\u00e1lis H\u00edrport\u00e1l\",\"description\":\"Dorog, Keszt\u00f6lc, Le\u00e1nyv\u00e1r, Piliscs\u00e9v, Tokod, Tokodalt\u00e1r\u00f3, Csolnok, Esztergom-kertv\u00e1ros: h\u00edrek, programok\",\"publisher\":{\"@id\":\"https:\\\/\\\/dorogimedence.hu\\\/#organization\"},\"potentialAction\":[{\"@type\":\"SearchAction\",\"target\":{\"@type\":\"EntryPoint\",\"urlTemplate\":\"https:\\\/\\\/dorogimedence.hu\\\/?s={search_term_string}\"},\"query-input\":{\"@type\":\"PropertyValueSpecification\",\"valueRequired\":true,\"valueName\":\"search_term_string\"}}],\"inLanguage\":\"hu\"},{\"@type\":\"Organization\",\"@id\":\"https:\\\/\\\/dorogimedence.hu\\\/#organization\",\"name\":\"Dorogi-medence Region\u00e1lis H\u00edrport\u00e1l\",\"url\":\"https:\\\/\\\/dorogimedence.hu\\\/\",\"logo\":{\"@type\":\"ImageObject\",\"inLanguage\":\"hu\",\"@id\":\"https:\\\/\\\/dorogimedence.hu\\\/#\\\/schema\\\/logo\\\/image\\\/\",\"url\":\"https:\\\/\\\/dorogimedence.hu\\\/wp-content\\\/uploads\\\/2021\\\/04\\\/logo-feher-600.png\",\"contentUrl\":\"https:\\\/\\\/dorogimedence.hu\\\/wp-content\\\/uploads\\\/2021\\\/04\\\/logo-feher-600.png\",\"width\":600,\"height\":100,\"caption\":\"Dorogi-medence Region\u00e1lis H\u00edrport\u00e1l\"},\"image\":{\"@id\":\"https:\\\/\\\/dorogimedence.hu\\\/#\\\/schema\\\/logo\\\/image\\\/\"},\"sameAs\":[\"https:\\\/\\\/www.facebook.com\\\/dorogimedence\\\/\"]},{\"@type\":\"Person\",\"@id\":\"https:\\\/\\\/dorogimedence.hu\\\/#\\\/schema\\\/person\\\/ce6091eeb7e95ecdc87890d6aa8e0fd4\",\"name\":\"dorogimedence.hu\",\"image\":{\"@type\":\"ImageObject\",\"inLanguage\":\"hu\",\"@id\":\"\\\/\\\/www.gravatar.com\\\/avatar\\\/d8d45f8901aadff40a4af72c0b826f1d?s=96&#038;r=g&#038;d=mm\",\"url\":\"\\\/\\\/www.gravatar.com\\\/avatar\\\/d8d45f8901aadff40a4af72c0b826f1d?s=96&#038;r=g&#038;d=mm\",\"contentUrl\":\"\\\/\\\/www.gravatar.com\\\/avatar\\\/d8d45f8901aadff40a4af72c0b826f1d?s=96&#038;r=g&#038;d=mm\",\"caption\":\"dorogimedence.hu\"}}]}<\/script>\n<!-- \/ Yoast SEO plugin. -->","yoast_head_json":{"title":"Kider\u00fclt mi\u00e9rt r\u00f6vid a vas\u00fat\u00e1llom\u00e1s v\u00e1r\u00f3term\u00e9nek nyitvatart\u00e1si ideje","robots":{"index":"index","follow":"follow","max-snippet":"max-snippet:-1","max-image-preview":"max-image-preview:large","max-video-preview":"max-video-preview:-1"},"canonical":"https:\/\/dorogimedence.hu\/index.php\/2019\/12\/01\/kiderult-miert-rovid-a-vasutallomas-varotermenek-nyitvatartasi-ideje\/","og_locale":"hu_HU","og_type":"article","og_title":"Kider\u00fclt mi\u00e9rt r\u00f6vid a vas\u00fat\u00e1llom\u00e1s v\u00e1r\u00f3term\u00e9nek nyitvatart\u00e1si ideje","og_description":"Megkerest\u00fck a M\u00c1V Zrt.-t, hogy munkanapokon mi\u00e9rt csak 7 \u00f3r\u00e1n kereszt\u00fcl van nyitva a dorogi vas\u00fat\u00e1llom\u00e1s v\u00e1r\u00f3terme. Az utasok munkanapokon 6.05 \u00e9s 13.25 k\u00f6z\u00f6tt v\u00e1rakozhatnak a f\u0171t\u00f6tt l\u00e9tes\u00edtm\u00e9nyben, a t\u00f6bbi napszakban \u00e9s a h\u00e9tv\u00e9g\u00e9n ez a \u201eluxus\u201d m\u00e1r nem adatik meg. A M\u00c1V Zrt.-t megk\u00e9rdezt\u00fck, hogy mikor orvosolj\u00e1k ezt a probl\u00e9m\u00e1t \u00e9s nyitj\u00e1k ki a","og_url":"https:\/\/dorogimedence.hu\/index.php\/2019\/12\/01\/kiderult-miert-rovid-a-vasutallomas-varotermenek-nyitvatartasi-ideje\/","og_site_name":"Dorogi-medence Region\u00e1lis H\u00edrport\u00e1l","article_publisher":"https:\/\/www.facebook.com\/dorogimedence\/","article_published_time":"2019-12-01T13:24:21+00:00","article_modified_time":"2019-12-01T13:25:14+00:00","og_image":[{"width":670,"height":365,"url":"https:\/\/i0.wp.com\/dorogimedence.hu\/wp-content\/uploads\/2019\/12\/varoterem-01.jpg?fit=670%2C365&ssl=1","type":"image\/jpeg"}],"author":"dorogimedence.hu","twitter_card":"summary_large_image","twitter_misc":{"Szerz\u0151:":"dorogimedence.hu","Becs\u00fclt olvas\u00e1si id\u0151":"1 perc"},"schema":{"@context":"https:\/\/schema.org","@graph":[{"@type":"Article","@id":"https:\/\/dorogimedence.hu\/index.php\/2019\/12\/01\/kiderult-miert-rovid-a-vasutallomas-varotermenek-nyitvatartasi-ideje\/#article","isPartOf":{"@id":"https:\/\/dorogimedence.hu\/index.php\/2019\/12\/01\/kiderult-miert-rovid-a-vasutallomas-varotermenek-nyitvatartasi-ideje\/"},"author":{"name":"dorogimedence.hu","@id":"https:\/\/dorogimedence.hu\/#\/schema\/person\/ce6091eeb7e95ecdc87890d6aa8e0fd4"},"headline":"Kider\u00fclt mi\u00e9rt r\u00f6vid a vas\u00fat\u00e1llom\u00e1s v\u00e1r\u00f3term\u00e9nek nyitvatart\u00e1si ideje","datePublished":"2019-12-01T13:24:21+00:00","dateModified":"2019-12-01T13:25:14+00:00","mainEntityOfPage":{"@id":"https:\/\/dorogimedence.hu\/index.php\/2019\/12\/01\/kiderult-miert-rovid-a-vasutallomas-varotermenek-nyitvatartasi-ideje\/"},"wordCount":181,"publisher":{"@id":"https:\/\/dorogimedence.hu\/#organization"},"image":{"@id":"https:\/\/dorogimedence.hu\/index.php\/2019\/12\/01\/kiderult-miert-rovid-a-vasutallomas-varotermenek-nyitvatartasi-ideje\/#primaryimage"},"thumbnailUrl":"https:\/\/dorogimedence.hu\/wp-content\/uploads\/2019\/12\/varoterem-01.jpg","keywords":["Dorog","nyitva tart\u00e1s","v\u00e1r\u00f3terem","vas\u00fat\u00e1llom\u00e1s"],"articleSection":["Dorog","H\u00edrek"],"inLanguage":"hu"},{"@type":"WebPage","@id":"https:\/\/dorogimedence.hu\/index.php\/2019\/12\/01\/kiderult-miert-rovid-a-vasutallomas-varotermenek-nyitvatartasi-ideje\/","url":"https:\/\/dorogimedence.hu\/index.php\/2019\/12\/01\/kiderult-miert-rovid-a-vasutallomas-varotermenek-nyitvatartasi-ideje\/","name":"Kider\u00fclt mi\u00e9rt r\u00f6vid a vas\u00fat\u00e1llom\u00e1s v\u00e1r\u00f3term\u00e9nek nyitvatart\u00e1si ideje","isPartOf":{"@id":"https:\/\/dorogimedence.hu\/#website"},"primaryImageOfPage":{"@id":"https:\/\/dorogimedence.hu\/index.php\/2019\/12\/01\/kiderult-miert-rovid-a-vasutallomas-varotermenek-nyitvatartasi-ideje\/#primaryimage"},"image":{"@id":"https:\/\/dorogimedence.hu\/index.php\/2019\/12\/01\/kiderult-miert-rovid-a-vasutallomas-varotermenek-nyitvatartasi-ideje\/#primaryimage"},"thumbnailUrl":"https:\/\/dorogimedence.hu\/wp-content\/uploads\/2019\/12\/varoterem-01.jpg","datePublished":"2019-12-01T13:24:21+00:00","dateModified":"2019-12-01T13:25:14+00:00","breadcrumb":{"@id":"https:\/\/dorogimedence.hu\/index.php\/2019\/12\/01\/kiderult-miert-rovid-a-vasutallomas-varotermenek-nyitvatartasi-ideje\/#breadcrumb"},"inLanguage":"hu","potentialAction":[{"@type":"ReadAction","target":["https:\/\/dorogimedence.hu\/index.php\/2019\/12\/01\/kiderult-miert-rovid-a-vasutallomas-varotermenek-nyitvatartasi-ideje\/"]}]},{"@type":"ImageObject","inLanguage":"hu","@id":"https:\/\/dorogimedence.hu\/index.php\/2019\/12\/01\/kiderult-miert-rovid-a-vasutallomas-varotermenek-nyitvatartasi-ideje\/#primaryimage","url":"https:\/\/dorogimedence.hu\/wp-content\/uploads\/2019\/12\/varoterem-01.jpg","contentUrl":"https:\/\/dorogimedence.hu\/wp-content\/uploads\/2019\/12\/varoterem-01.jpg","width":670,"height":365},{"@type":"BreadcrumbList","@id":"https:\/\/dorogimedence.hu\/index.php\/2019\/12\/01\/kiderult-miert-rovid-a-vasutallomas-varotermenek-nyitvatartasi-ideje\/#breadcrumb","itemListElement":[{"@type":"ListItem","position":1,"name":"Kezd\u0151lap","item":"https:\/\/dorogimedence.hu\/"},{"@type":"ListItem","position":2,"name":"Kider\u00fclt mi\u00e9rt r\u00f6vid a vas\u00fat\u00e1llom\u00e1s v\u00e1r\u00f3term\u00e9nek nyitvatart\u00e1si ideje"}]},{"@type":"WebSite","@id":"https:\/\/dorogimedence.hu\/#website","url":"https:\/\/dorogimedence.hu\/","name":"Dorogi-medence Region\u00e1lis H\u00edrport\u00e1l","description":"Dorog, Keszt\u00f6lc, Le\u00e1nyv\u00e1r, Piliscs\u00e9v, Tokod, Tokodalt\u00e1r\u00f3, Csolnok, Esztergom-kertv\u00e1ros: h\u00edrek, programok","publisher":{"@id":"https:\/\/dorogimedence.hu\/#organization"},"potentialAction":[{"@type":"SearchAction","target":{"@type":"EntryPoint","urlTemplate":"https:\/\/dorogimedence.hu\/?s={search_term_string}"},"query-input":{"@type":"PropertyValueSpecification","valueRequired":true,"valueName":"search_term_string"}}],"inLanguage":"hu"},{"@type":"Organization","@id":"https:\/\/dorogimedence.hu\/#organization","name":"Dorogi-medence Region\u00e1lis H\u00edrport\u00e1l","url":"https:\/\/dorogimedence.hu\/","logo":{"@type":"ImageObject","inLanguage":"hu","@id":"https:\/\/dorogimedence.hu\/#\/schema\/logo\/image\/","url":"https:\/\/dorogimedence.hu\/wp-content\/uploads\/2021\/04\/logo-feher-600.png","contentUrl":"https:\/\/dorogimedence.hu\/wp-content\/uploads\/2021\/04\/logo-feher-600.png","width":600,"height":100,"caption":"Dorogi-medence Region\u00e1lis H\u00edrport\u00e1l"},"image":{"@id":"https:\/\/dorogimedence.hu\/#\/schema\/logo\/image\/"},"sameAs":["https:\/\/www.facebook.com\/dorogimedence\/"]},{"@type":"Person","@id":"https:\/\/dorogimedence.hu\/#\/schema\/person\/ce6091eeb7e95ecdc87890d6aa8e0fd4","name":"dorogimedence.hu","image":{"@type":"ImageObject","inLanguage":"hu","@id":"\/\/www.gravatar.com\/avatar\/d8d45f8901aadff40a4af72c0b826f1d?s=96&#038;r=g&#038;d=mm","url":"\/\/www.gravatar.com\/avatar\/d8d45f8901aadff40a4af72c0b826f1d?s=96&#038;r=g&#038;d=mm","contentUrl":"\/\/www.gravatar.com\/avatar\/d8d45f8901aadff40a4af72c0b826f1d?s=96&#038;r=g&#038;d=mm","caption":"dorogimedence.hu"}}]}},"_links":{"self":[{"href":"https:\/\/dorogimedence.hu\/index.php\/wp-json\/wp\/v2\/posts\/21284","targetHints":{"allow":["GET"]}}],"collection":[{"href":"https:\/\/dorogimedence.hu\/index.php\/wp-json\/wp\/v2\/posts"}],"about":[{"href":"https:\/\/dorogimedence.hu\/index.php\/wp-json\/wp\/v2\/types\/post"}],"author":[{"embeddable":true,"href":"https:\/\/dorogimedence.hu\/index.php\/wp-json\/wp\/v2\/users\/1"}],"replies":[{"embeddable":true,"href":"https:\/\/dorogimedence.hu\/index.php\/wp-json\/wp\/v2\/comments?post=21284"}],"version-history":[{"count":0,"href":"https:\/\/dorogimedence.hu\/index.php\/wp-json\/wp\/v2\/posts\/21284\/revisions"}],"wp:featuredmedia":[{"embeddable":true,"href":"https:\/\/dorogimedence.hu\/index.php\/wp-json\/wp\/v2\/media\/21285"}],"wp:attachment":[{"href":"https:\/\/dorogimedence.hu\/index.php\/wp-json\/wp\/v2\/media?parent=21284"}],"wp:term":[{"taxonomy":"category","embeddable":true,"href":"https:\/\/dorogimedence.hu\/index.php\/wp-json\/wp\/v2\/categories?post=21284"},{"taxonomy":"post_tag","embeddable":true,"href":"https:\/\/dorogimedence.hu\/index.php\/wp-json\/wp\/v2\/tags?post=21284"}],"curies":[{"name":"wp","href":"https:\/\/api.w.org\/{rel}","templated":true}]}}