{"id":21151,"date":"2019-11-23T17:30:30","date_gmt":"2019-11-23T16:30:30","guid":{"rendered":"http:\/\/dorogimedence.hu\/?p=21151"},"modified":"2019-11-23T17:30:41","modified_gmt":"2019-11-23T16:30:41","slug":"viola-szandra-aki-testere-irja-a-verseket","status":"publish","type":"post","link":"https:\/\/dorogimedence.hu\/index.php\/2019\/11\/23\/viola-szandra-aki-testere-irja-a-verseket\/","title":{"rendered":"Viola Szandra, aki test\u00e9re \u00edrja a verseket"},"content":{"rendered":"<p><strong>10. alkalommal rendezt\u00e9k meg a BOR\u00cdR c\u00edm\u0171 irodalmi estet november 22-\u00e9n, p\u00e9nteken a Dorogi J\u00f3zsef Attila M\u0171vel\u0151d\u00e9si H\u00e1zban. Az est vend\u00e9ge ez\u00fattal Viola Szandra k\u00f6lt\u0151, testversel\u0151 volt.<\/strong><\/p>\n<p>A BOR\u00cdR hagyom\u00e1nyosan arr\u00f3l sz\u00f3l, hogy az idei bort kortyolgatva az irodalom term\u00e9sei is asztalra ker\u00fclnek. A finom ned\u0171ket \u00c1br\u00f3k S\u00e1ndor, Bohner Ferenc \u00e9s Sz\u0151ke J\u00e1nos boros gazd\u00e1k hozt\u00e1k el nek\u00fcnk, majd a borkorcsoly\u00e1kr\u00f3l is leker\u00fcltek a ter\u00edt\u0151k.<\/p>\n<p><img fetchpriority=\"high\" decoding=\"async\" class=\"alignnone size-full wp-image-21154\" src=\"https:\/\/dorogimedence.hu\/wp-content\/uploads\/2019\/11\/borir-02-2.jpg\" alt=\"\" width=\"670\" height=\"435\" srcset=\"https:\/\/dorogimedence.hu\/wp-content\/uploads\/2019\/11\/borir-02-2.jpg 670w, https:\/\/dorogimedence.hu\/wp-content\/uploads\/2019\/11\/borir-02-2-300x195.jpg 300w\" sizes=\"(max-width: 670px) 100vw, 670px\" \/><\/p>\n<p>Miut\u00e1n mindenki elfoglalta a hely\u00e9t, az est els\u0151 r\u00e9sz\u00e9ben Cseleny\u00e1k Imre \u00edr\u00f3 Viola Szandra k\u00f6lt\u0151vel besz\u00e9lgetett. Sz\u00f3 esett a k\u00f6lt\u0151n\u0151 gyermekkori intu\u00edci\u00f3ir\u00f3l, rajong\u00e1sokr\u00f3l, f\u00e9lelmekr\u0151l, hogyan sz\u0151tte \u00e1t \u00e9let\u00e9t az irodalom, milyen kor\u00e1n alakult ki benne a k\u00f6lt\u0151is\u00e9g, hogyan lett r\u00e1di\u00f3s szem\u00e9lyis\u00e9g. Azt\u00e1n a testversel\u00e9s, mint Viola Szandra v\u00e9djegye ker\u00fclt ter\u00edt\u00e9kre. A meztelens\u00e9g lehet egyfajta koszt\u00fcm, \u00fczenet, amit azzal \u201e\u00f6lt\u00fcnk\u201d magunkra, hogy kib\u00fajunk a ruh\u00e1nkb\u00f3l, Ebben az esetben a meztelens\u00e9g, \u00e9s a r\u00e1\u00edrt szavak, versek a m\u0171v\u00e9szet, de cs\u00fanya sz\u00f3val a propaganda eszk\u00f6z\u00e9v\u00e9 is v\u00e1lhat. Viola Szandra egy mikro kult\u00far\u00e1t alak\u00edtott olyan m\u0171v\u00e9szt\u00e1rsakkal, akik err\u0151l a testkultuszr\u00f3l hasonl\u00f3k\u00e9pp gondolkodnak. A k\u00f6z\u00f6ns\u00e9g nagy \u00e9rdekl\u0151d\u00e9ssel hallgatta az el\u0151ad\u00e1st, figyelte a k\u00e9pi illusztr\u00e1ci\u00f3kat.<\/p>\n<p><img decoding=\"async\" class=\"alignnone size-full wp-image-21155\" src=\"https:\/\/dorogimedence.hu\/wp-content\/uploads\/2019\/11\/borir-03.jpg\" alt=\"\" width=\"670\" height=\"447\" srcset=\"https:\/\/dorogimedence.hu\/wp-content\/uploads\/2019\/11\/borir-03.jpg 670w, https:\/\/dorogimedence.hu\/wp-content\/uploads\/2019\/11\/borir-03-300x200.jpg 300w, https:\/\/dorogimedence.hu\/wp-content\/uploads\/2019\/11\/borir-03-589x392.jpg 589w, https:\/\/dorogimedence.hu\/wp-content\/uploads\/2019\/11\/borir-03-272x182.jpg 272w\" sizes=\"(max-width: 670px) 100vw, 670px\" \/><\/p>\n<p>Az est m\u00e1sodik fel\u00e9ben a r\u00e9sztvev\u0151 \u00edr\u00f3k \u00e9s k\u00f6lt\u0151k olvastak fel saj\u00e1t szerzem\u00e9nyeikb\u0151l. Kezd\u00e9sk\u00e9nt Sz\u00e9lesi S\u00e1ndor, sokszoros Zsoldos P\u00e9ter d\u00edjas \u00edr\u00f3 az eredeti Kincsem c\u00edm\u0171 k\u00f6nyv szerz\u0151je, egy novell\u00e1j\u00e1t \u00e9s egy vers\u00e9t olvasta fel. A j\u00f6v\u0151 \u00e9vi BOR\u00cdR sor\u00e1n vele besz\u00e9lget majd Cseleny\u00e1k Imre.<\/p>\n<p><img decoding=\"async\" class=\"alignnone size-full wp-image-21156\" src=\"https:\/\/dorogimedence.hu\/wp-content\/uploads\/2019\/11\/borir-04.jpg\" alt=\"\" width=\"670\" height=\"447\" srcset=\"https:\/\/dorogimedence.hu\/wp-content\/uploads\/2019\/11\/borir-04.jpg 670w, https:\/\/dorogimedence.hu\/wp-content\/uploads\/2019\/11\/borir-04-300x200.jpg 300w, https:\/\/dorogimedence.hu\/wp-content\/uploads\/2019\/11\/borir-04-589x392.jpg 589w, https:\/\/dorogimedence.hu\/wp-content\/uploads\/2019\/11\/borir-04-272x182.jpg 272w\" sizes=\"(max-width: 670px) 100vw, 670px\" \/><\/p>\n<p>Sz\u00e9lesit Imre Tibor versmond\u00f3 k\u00f6vette, aki egy Romh\u00e1nyi verset adott el\u0151 sz\u00edn\u00e9szien. Majd Vir\u00e1g Albert, esztergomi \u00edr\u00f3 egy mes\u00e9t olvasott fel.<\/p>\n<p>Negyedikk\u00e9nt Forg\u00e1cs P\u00e9ter, p\u00e1rk\u00e1nyi \u00edr\u00f3 a Szuperhold k\u00f6tet\u00e9tb\u0151l olvasott fel egy vicces novell\u00e1t, amely annyira sz\u00f3rakoztat\u00f3 volt, hogy a k\u00f6z\u00f6ns\u00e9g k\u00f6nnyes szemmel nevetett.<\/p>\n<p><img loading=\"lazy\" decoding=\"async\" class=\"alignnone size-full wp-image-21157\" src=\"https:\/\/dorogimedence.hu\/wp-content\/uploads\/2019\/11\/borir-05.jpg\" alt=\"\" width=\"670\" height=\"447\" srcset=\"https:\/\/dorogimedence.hu\/wp-content\/uploads\/2019\/11\/borir-05.jpg 670w, https:\/\/dorogimedence.hu\/wp-content\/uploads\/2019\/11\/borir-05-300x200.jpg 300w, https:\/\/dorogimedence.hu\/wp-content\/uploads\/2019\/11\/borir-05-589x392.jpg 589w, https:\/\/dorogimedence.hu\/wp-content\/uploads\/2019\/11\/borir-05-272x182.jpg 272w\" sizes=\"(max-width: 670px) 100vw, 670px\" \/><\/p>\n<p>Forg\u00e1cs P\u00e9tert Schm\u00f6ltz Margit, esztergomi \u00edr\u00f3 k\u00f6vette, aki egy novell\u00e1j\u00e1t olvasta fel, azt\u00e1n a csolnoki Cs. Szab\u00f3 S\u00e1ndor \u00edr\u00f3, m\u0171ford\u00edt\u00f3 Kopp\u00e1ny c\u00edm\u0171 reg\u00e9ny\u00e9b\u0151l ismerhett\u00fcnk meg egy r\u00e9szletet. Majd G\u00e1sp\u00e1r Ferenc \u00edr\u00f3, kiad\u00f3vezet\u0151 a Magyar Kult\u00fara Lovagja egy abszurd novell\u00e1j\u00e1val ismertetett meg benn\u00fcnket.<\/p>\n<p><img loading=\"lazy\" decoding=\"async\" class=\"alignnone size-full wp-image-21158\" src=\"https:\/\/dorogimedence.hu\/wp-content\/uploads\/2019\/11\/borir-06.jpg\" alt=\"\" width=\"670\" height=\"447\" srcset=\"https:\/\/dorogimedence.hu\/wp-content\/uploads\/2019\/11\/borir-06.jpg 670w, https:\/\/dorogimedence.hu\/wp-content\/uploads\/2019\/11\/borir-06-300x200.jpg 300w, https:\/\/dorogimedence.hu\/wp-content\/uploads\/2019\/11\/borir-06-589x392.jpg 589w, https:\/\/dorogimedence.hu\/wp-content\/uploads\/2019\/11\/borir-06-272x182.jpg 272w\" sizes=\"(max-width: 670px) 100vw, 670px\" \/><\/p>\n<p>Az est v\u00e9g\u00e9n Cseleny\u00e1k Imre saj\u00e1t megzen\u00e9s\u00edt\u00e9s\u00e9ben adta el\u0151 Pet\u0151cz Andr\u00e1s \u201eVelem van az Isten\u201d c\u00edm\u0171 vers\u00e9t. Az est h\u00e1tral\u00e9v\u0151 r\u00e9sz\u00e9ben pedig az \u00edr\u00f3k \u00e9s az olvasok egy\u00fctt besz\u00e9lgettek a finom dorogi \u00e9s csolnoki borok mellett.<\/p>\n<p><img loading=\"lazy\" decoding=\"async\" class=\"alignnone size-full wp-image-21159\" src=\"https:\/\/dorogimedence.hu\/wp-content\/uploads\/2019\/11\/borir-07.jpg\" alt=\"\" width=\"670\" height=\"437\" srcset=\"https:\/\/dorogimedence.hu\/wp-content\/uploads\/2019\/11\/borir-07.jpg 670w, https:\/\/dorogimedence.hu\/wp-content\/uploads\/2019\/11\/borir-07-300x196.jpg 300w\" sizes=\"(max-width: 670px) 100vw, 670px\" \/><\/p>\n","protected":false},"excerpt":{"rendered":"<p>10. alkalommal rendezt\u00e9k meg a BOR\u00cdR c\u00edm\u0171 irodalmi estet november 22-\u00e9n, p\u00e9nteken a Dorogi J\u00f3zsef Attila M\u0171vel\u0151d\u00e9si H\u00e1zban. Az est vend\u00e9ge ez\u00fattal Viola Szandra k\u00f6lt\u0151, testversel\u0151 volt. A BOR\u00cdR hagyom\u00e1nyosan arr\u00f3l sz\u00f3l, hogy az idei bort kortyolgatva az irodalom term\u00e9sei is asztalra ker\u00fclnek. A finom ned\u0171ket \u00c1br\u00f3k S\u00e1ndor, Bohner Ferenc \u00e9s Sz\u0151ke J\u00e1nos boros gazd\u00e1k<\/p>\n","protected":false},"author":1,"featured_media":21153,"comment_status":"closed","ping_status":"closed","sticky":false,"template":"","format":"standard","meta":{"ngg_post_thumbnail":0,"footnotes":""},"categories":[2,3],"tags":[1820,1970,15,4485,101,4486],"class_list":{"0":"post-21151","1":"post","2":"type-post","3":"status-publish","4":"format-standard","5":"has-post-thumbnail","7":"category-dorog","8":"category-hirek","9":"tag-borir","10":"tag-cselenyak-imre","11":"tag-dorog","12":"tag-irodalmi-est","13":"tag-program","14":"tag-viola-szandra"},"yoast_head":"<!-- This site is optimized with the Yoast SEO plugin v27.4 - https:\/\/yoast.com\/product\/yoast-seo-wordpress\/ -->\n<title>Viola Szandra, aki test\u00e9re \u00edrja a verseket<\/title>\n<meta name=\"robots\" content=\"index, follow, max-snippet:-1, max-image-preview:large, max-video-preview:-1\" \/>\n<link rel=\"canonical\" href=\"https:\/\/dorogimedence.hu\/index.php\/2019\/11\/23\/viola-szandra-aki-testere-irja-a-verseket\/\" class=\"yoast-seo-meta-tag\" \/>\n<meta property=\"og:locale\" content=\"hu_HU\" class=\"yoast-seo-meta-tag\" \/>\n<meta property=\"og:type\" content=\"article\" class=\"yoast-seo-meta-tag\" \/>\n<meta property=\"og:title\" content=\"Viola Szandra, aki test\u00e9re \u00edrja a verseket\" class=\"yoast-seo-meta-tag\" \/>\n<meta property=\"og:description\" content=\"10. alkalommal rendezt\u00e9k meg a BOR\u00cdR c\u00edm\u0171 irodalmi estet november 22-\u00e9n, p\u00e9nteken a Dorogi J\u00f3zsef Attila M\u0171vel\u0151d\u00e9si H\u00e1zban. Az est vend\u00e9ge ez\u00fattal Viola Szandra k\u00f6lt\u0151, testversel\u0151 volt. A BOR\u00cdR hagyom\u00e1nyosan arr\u00f3l sz\u00f3l, hogy az idei bort kortyolgatva az irodalom term\u00e9sei is asztalra ker\u00fclnek. A finom ned\u0171ket \u00c1br\u00f3k S\u00e1ndor, Bohner Ferenc \u00e9s Sz\u0151ke J\u00e1nos boros gazd\u00e1k\" class=\"yoast-seo-meta-tag\" \/>\n<meta property=\"og:url\" content=\"https:\/\/dorogimedence.hu\/index.php\/2019\/11\/23\/viola-szandra-aki-testere-irja-a-verseket\/\" class=\"yoast-seo-meta-tag\" \/>\n<meta property=\"og:site_name\" content=\"Dorogi-medence Region\u00e1lis H\u00edrport\u00e1l\" class=\"yoast-seo-meta-tag\" \/>\n<meta property=\"article:publisher\" content=\"https:\/\/www.facebook.com\/dorogimedence\/\" class=\"yoast-seo-meta-tag\" \/>\n<meta property=\"article:published_time\" content=\"2019-11-23T16:30:30+00:00\" class=\"yoast-seo-meta-tag\" \/>\n<meta property=\"article:modified_time\" content=\"2019-11-23T16:30:41+00:00\" class=\"yoast-seo-meta-tag\" \/>\n<meta property=\"og:image\" content=\"https:\/\/i0.wp.com\/dorogimedence.hu\/wp-content\/uploads\/2019\/11\/borir-01-1.jpg?fit=670%2C365&ssl=1\" class=\"yoast-seo-meta-tag\" \/>\n\t<meta property=\"og:image:width\" content=\"670\" class=\"yoast-seo-meta-tag\" \/>\n\t<meta property=\"og:image:height\" content=\"365\" class=\"yoast-seo-meta-tag\" \/>\n\t<meta property=\"og:image:type\" content=\"image\/jpeg\" class=\"yoast-seo-meta-tag\" \/>\n<meta name=\"author\" content=\"dorogimedence.hu\" class=\"yoast-seo-meta-tag\" \/>\n<meta name=\"twitter:card\" content=\"summary_large_image\" class=\"yoast-seo-meta-tag\" \/>\n<meta name=\"twitter:label1\" content=\"Szerz\u0151:\" class=\"yoast-seo-meta-tag\" \/>\n\t<meta name=\"twitter:data1\" content=\"dorogimedence.hu\" class=\"yoast-seo-meta-tag\" \/>\n\t<meta name=\"twitter:label2\" content=\"Becs\u00fclt olvas\u00e1si id\u0151\" class=\"yoast-seo-meta-tag\" \/>\n\t<meta name=\"twitter:data2\" content=\"3 perc\" class=\"yoast-seo-meta-tag\" \/>\n<script type=\"application\/ld+json\" class=\"yoast-schema-graph\">{\"@context\":\"https:\\\/\\\/schema.org\",\"@graph\":[{\"@type\":\"Article\",\"@id\":\"https:\\\/\\\/dorogimedence.hu\\\/index.php\\\/2019\\\/11\\\/23\\\/viola-szandra-aki-testere-irja-a-verseket\\\/#article\",\"isPartOf\":{\"@id\":\"https:\\\/\\\/dorogimedence.hu\\\/index.php\\\/2019\\\/11\\\/23\\\/viola-szandra-aki-testere-irja-a-verseket\\\/\"},\"author\":{\"name\":\"dorogimedence.hu\",\"@id\":\"https:\\\/\\\/dorogimedence.hu\\\/#\\\/schema\\\/person\\\/ce6091eeb7e95ecdc87890d6aa8e0fd4\"},\"headline\":\"Viola Szandra, aki test\u00e9re \u00edrja a verseket\",\"datePublished\":\"2019-11-23T16:30:30+00:00\",\"dateModified\":\"2019-11-23T16:30:41+00:00\",\"mainEntityOfPage\":{\"@id\":\"https:\\\/\\\/dorogimedence.hu\\\/index.php\\\/2019\\\/11\\\/23\\\/viola-szandra-aki-testere-irja-a-verseket\\\/\"},\"wordCount\":537,\"publisher\":{\"@id\":\"https:\\\/\\\/dorogimedence.hu\\\/#organization\"},\"image\":{\"@id\":\"https:\\\/\\\/dorogimedence.hu\\\/index.php\\\/2019\\\/11\\\/23\\\/viola-szandra-aki-testere-irja-a-verseket\\\/#primaryimage\"},\"thumbnailUrl\":\"https:\\\/\\\/dorogimedence.hu\\\/wp-content\\\/uploads\\\/2019\\\/11\\\/borir-01-1.jpg\",\"keywords\":[\"BOR\u00edr\",\"Cseleny\u00e1k Imre\",\"Dorog\",\"irodalmi est\",\"program\",\"Viola Szandra\"],\"articleSection\":[\"Dorog\",\"H\u00edrek\"],\"inLanguage\":\"hu\"},{\"@type\":\"WebPage\",\"@id\":\"https:\\\/\\\/dorogimedence.hu\\\/index.php\\\/2019\\\/11\\\/23\\\/viola-szandra-aki-testere-irja-a-verseket\\\/\",\"url\":\"https:\\\/\\\/dorogimedence.hu\\\/index.php\\\/2019\\\/11\\\/23\\\/viola-szandra-aki-testere-irja-a-verseket\\\/\",\"name\":\"Viola Szandra, aki test\u00e9re \u00edrja a verseket\",\"isPartOf\":{\"@id\":\"https:\\\/\\\/dorogimedence.hu\\\/#website\"},\"primaryImageOfPage\":{\"@id\":\"https:\\\/\\\/dorogimedence.hu\\\/index.php\\\/2019\\\/11\\\/23\\\/viola-szandra-aki-testere-irja-a-verseket\\\/#primaryimage\"},\"image\":{\"@id\":\"https:\\\/\\\/dorogimedence.hu\\\/index.php\\\/2019\\\/11\\\/23\\\/viola-szandra-aki-testere-irja-a-verseket\\\/#primaryimage\"},\"thumbnailUrl\":\"https:\\\/\\\/dorogimedence.hu\\\/wp-content\\\/uploads\\\/2019\\\/11\\\/borir-01-1.jpg\",\"datePublished\":\"2019-11-23T16:30:30+00:00\",\"dateModified\":\"2019-11-23T16:30:41+00:00\",\"breadcrumb\":{\"@id\":\"https:\\\/\\\/dorogimedence.hu\\\/index.php\\\/2019\\\/11\\\/23\\\/viola-szandra-aki-testere-irja-a-verseket\\\/#breadcrumb\"},\"inLanguage\":\"hu\",\"potentialAction\":[{\"@type\":\"ReadAction\",\"target\":[\"https:\\\/\\\/dorogimedence.hu\\\/index.php\\\/2019\\\/11\\\/23\\\/viola-szandra-aki-testere-irja-a-verseket\\\/\"]}]},{\"@type\":\"ImageObject\",\"inLanguage\":\"hu\",\"@id\":\"https:\\\/\\\/dorogimedence.hu\\\/index.php\\\/2019\\\/11\\\/23\\\/viola-szandra-aki-testere-irja-a-verseket\\\/#primaryimage\",\"url\":\"https:\\\/\\\/dorogimedence.hu\\\/wp-content\\\/uploads\\\/2019\\\/11\\\/borir-01-1.jpg\",\"contentUrl\":\"https:\\\/\\\/dorogimedence.hu\\\/wp-content\\\/uploads\\\/2019\\\/11\\\/borir-01-1.jpg\",\"width\":670,\"height\":365},{\"@type\":\"BreadcrumbList\",\"@id\":\"https:\\\/\\\/dorogimedence.hu\\\/index.php\\\/2019\\\/11\\\/23\\\/viola-szandra-aki-testere-irja-a-verseket\\\/#breadcrumb\",\"itemListElement\":[{\"@type\":\"ListItem\",\"position\":1,\"name\":\"Kezd\u0151lap\",\"item\":\"https:\\\/\\\/dorogimedence.hu\\\/\"},{\"@type\":\"ListItem\",\"position\":2,\"name\":\"Viola Szandra, aki test\u00e9re \u00edrja a verseket\"}]},{\"@type\":\"WebSite\",\"@id\":\"https:\\\/\\\/dorogimedence.hu\\\/#website\",\"url\":\"https:\\\/\\\/dorogimedence.hu\\\/\",\"name\":\"Dorogi-medence Region\u00e1lis H\u00edrport\u00e1l\",\"description\":\"Dorog, Keszt\u00f6lc, Le\u00e1nyv\u00e1r, Piliscs\u00e9v, Tokod, Tokodalt\u00e1r\u00f3, Csolnok, Esztergom-kertv\u00e1ros: h\u00edrek, programok\",\"publisher\":{\"@id\":\"https:\\\/\\\/dorogimedence.hu\\\/#organization\"},\"potentialAction\":[{\"@type\":\"SearchAction\",\"target\":{\"@type\":\"EntryPoint\",\"urlTemplate\":\"https:\\\/\\\/dorogimedence.hu\\\/?s={search_term_string}\"},\"query-input\":{\"@type\":\"PropertyValueSpecification\",\"valueRequired\":true,\"valueName\":\"search_term_string\"}}],\"inLanguage\":\"hu\"},{\"@type\":\"Organization\",\"@id\":\"https:\\\/\\\/dorogimedence.hu\\\/#organization\",\"name\":\"Dorogi-medence Region\u00e1lis H\u00edrport\u00e1l\",\"url\":\"https:\\\/\\\/dorogimedence.hu\\\/\",\"logo\":{\"@type\":\"ImageObject\",\"inLanguage\":\"hu\",\"@id\":\"https:\\\/\\\/dorogimedence.hu\\\/#\\\/schema\\\/logo\\\/image\\\/\",\"url\":\"https:\\\/\\\/dorogimedence.hu\\\/wp-content\\\/uploads\\\/2021\\\/04\\\/logo-feher-600.png\",\"contentUrl\":\"https:\\\/\\\/dorogimedence.hu\\\/wp-content\\\/uploads\\\/2021\\\/04\\\/logo-feher-600.png\",\"width\":600,\"height\":100,\"caption\":\"Dorogi-medence Region\u00e1lis H\u00edrport\u00e1l\"},\"image\":{\"@id\":\"https:\\\/\\\/dorogimedence.hu\\\/#\\\/schema\\\/logo\\\/image\\\/\"},\"sameAs\":[\"https:\\\/\\\/www.facebook.com\\\/dorogimedence\\\/\"]},{\"@type\":\"Person\",\"@id\":\"https:\\\/\\\/dorogimedence.hu\\\/#\\\/schema\\\/person\\\/ce6091eeb7e95ecdc87890d6aa8e0fd4\",\"name\":\"dorogimedence.hu\",\"image\":{\"@type\":\"ImageObject\",\"inLanguage\":\"hu\",\"@id\":\"\\\/\\\/www.gravatar.com\\\/avatar\\\/d8d45f8901aadff40a4af72c0b826f1d?s=96&#038;r=g&#038;d=mm\",\"url\":\"\\\/\\\/www.gravatar.com\\\/avatar\\\/d8d45f8901aadff40a4af72c0b826f1d?s=96&#038;r=g&#038;d=mm\",\"contentUrl\":\"\\\/\\\/www.gravatar.com\\\/avatar\\\/d8d45f8901aadff40a4af72c0b826f1d?s=96&#038;r=g&#038;d=mm\",\"caption\":\"dorogimedence.hu\"}}]}<\/script>\n<!-- \/ Yoast SEO plugin. -->","yoast_head_json":{"title":"Viola Szandra, aki test\u00e9re \u00edrja a verseket","robots":{"index":"index","follow":"follow","max-snippet":"max-snippet:-1","max-image-preview":"max-image-preview:large","max-video-preview":"max-video-preview:-1"},"canonical":"https:\/\/dorogimedence.hu\/index.php\/2019\/11\/23\/viola-szandra-aki-testere-irja-a-verseket\/","og_locale":"hu_HU","og_type":"article","og_title":"Viola Szandra, aki test\u00e9re \u00edrja a verseket","og_description":"10. alkalommal rendezt\u00e9k meg a BOR\u00cdR c\u00edm\u0171 irodalmi estet november 22-\u00e9n, p\u00e9nteken a Dorogi J\u00f3zsef Attila M\u0171vel\u0151d\u00e9si H\u00e1zban. Az est vend\u00e9ge ez\u00fattal Viola Szandra k\u00f6lt\u0151, testversel\u0151 volt. A BOR\u00cdR hagyom\u00e1nyosan arr\u00f3l sz\u00f3l, hogy az idei bort kortyolgatva az irodalom term\u00e9sei is asztalra ker\u00fclnek. A finom ned\u0171ket \u00c1br\u00f3k S\u00e1ndor, Bohner Ferenc \u00e9s Sz\u0151ke J\u00e1nos boros gazd\u00e1k","og_url":"https:\/\/dorogimedence.hu\/index.php\/2019\/11\/23\/viola-szandra-aki-testere-irja-a-verseket\/","og_site_name":"Dorogi-medence Region\u00e1lis H\u00edrport\u00e1l","article_publisher":"https:\/\/www.facebook.com\/dorogimedence\/","article_published_time":"2019-11-23T16:30:30+00:00","article_modified_time":"2019-11-23T16:30:41+00:00","og_image":[{"width":670,"height":365,"url":"https:\/\/i0.wp.com\/dorogimedence.hu\/wp-content\/uploads\/2019\/11\/borir-01-1.jpg?fit=670%2C365&ssl=1","type":"image\/jpeg"}],"author":"dorogimedence.hu","twitter_card":"summary_large_image","twitter_misc":{"Szerz\u0151:":"dorogimedence.hu","Becs\u00fclt olvas\u00e1si id\u0151":"3 perc"},"schema":{"@context":"https:\/\/schema.org","@graph":[{"@type":"Article","@id":"https:\/\/dorogimedence.hu\/index.php\/2019\/11\/23\/viola-szandra-aki-testere-irja-a-verseket\/#article","isPartOf":{"@id":"https:\/\/dorogimedence.hu\/index.php\/2019\/11\/23\/viola-szandra-aki-testere-irja-a-verseket\/"},"author":{"name":"dorogimedence.hu","@id":"https:\/\/dorogimedence.hu\/#\/schema\/person\/ce6091eeb7e95ecdc87890d6aa8e0fd4"},"headline":"Viola Szandra, aki test\u00e9re \u00edrja a verseket","datePublished":"2019-11-23T16:30:30+00:00","dateModified":"2019-11-23T16:30:41+00:00","mainEntityOfPage":{"@id":"https:\/\/dorogimedence.hu\/index.php\/2019\/11\/23\/viola-szandra-aki-testere-irja-a-verseket\/"},"wordCount":537,"publisher":{"@id":"https:\/\/dorogimedence.hu\/#organization"},"image":{"@id":"https:\/\/dorogimedence.hu\/index.php\/2019\/11\/23\/viola-szandra-aki-testere-irja-a-verseket\/#primaryimage"},"thumbnailUrl":"https:\/\/dorogimedence.hu\/wp-content\/uploads\/2019\/11\/borir-01-1.jpg","keywords":["BOR\u00edr","Cseleny\u00e1k Imre","Dorog","irodalmi est","program","Viola Szandra"],"articleSection":["Dorog","H\u00edrek"],"inLanguage":"hu"},{"@type":"WebPage","@id":"https:\/\/dorogimedence.hu\/index.php\/2019\/11\/23\/viola-szandra-aki-testere-irja-a-verseket\/","url":"https:\/\/dorogimedence.hu\/index.php\/2019\/11\/23\/viola-szandra-aki-testere-irja-a-verseket\/","name":"Viola Szandra, aki test\u00e9re \u00edrja a verseket","isPartOf":{"@id":"https:\/\/dorogimedence.hu\/#website"},"primaryImageOfPage":{"@id":"https:\/\/dorogimedence.hu\/index.php\/2019\/11\/23\/viola-szandra-aki-testere-irja-a-verseket\/#primaryimage"},"image":{"@id":"https:\/\/dorogimedence.hu\/index.php\/2019\/11\/23\/viola-szandra-aki-testere-irja-a-verseket\/#primaryimage"},"thumbnailUrl":"https:\/\/dorogimedence.hu\/wp-content\/uploads\/2019\/11\/borir-01-1.jpg","datePublished":"2019-11-23T16:30:30+00:00","dateModified":"2019-11-23T16:30:41+00:00","breadcrumb":{"@id":"https:\/\/dorogimedence.hu\/index.php\/2019\/11\/23\/viola-szandra-aki-testere-irja-a-verseket\/#breadcrumb"},"inLanguage":"hu","potentialAction":[{"@type":"ReadAction","target":["https:\/\/dorogimedence.hu\/index.php\/2019\/11\/23\/viola-szandra-aki-testere-irja-a-verseket\/"]}]},{"@type":"ImageObject","inLanguage":"hu","@id":"https:\/\/dorogimedence.hu\/index.php\/2019\/11\/23\/viola-szandra-aki-testere-irja-a-verseket\/#primaryimage","url":"https:\/\/dorogimedence.hu\/wp-content\/uploads\/2019\/11\/borir-01-1.jpg","contentUrl":"https:\/\/dorogimedence.hu\/wp-content\/uploads\/2019\/11\/borir-01-1.jpg","width":670,"height":365},{"@type":"BreadcrumbList","@id":"https:\/\/dorogimedence.hu\/index.php\/2019\/11\/23\/viola-szandra-aki-testere-irja-a-verseket\/#breadcrumb","itemListElement":[{"@type":"ListItem","position":1,"name":"Kezd\u0151lap","item":"https:\/\/dorogimedence.hu\/"},{"@type":"ListItem","position":2,"name":"Viola Szandra, aki test\u00e9re \u00edrja a verseket"}]},{"@type":"WebSite","@id":"https:\/\/dorogimedence.hu\/#website","url":"https:\/\/dorogimedence.hu\/","name":"Dorogi-medence Region\u00e1lis H\u00edrport\u00e1l","description":"Dorog, Keszt\u00f6lc, Le\u00e1nyv\u00e1r, Piliscs\u00e9v, Tokod, Tokodalt\u00e1r\u00f3, Csolnok, Esztergom-kertv\u00e1ros: h\u00edrek, programok","publisher":{"@id":"https:\/\/dorogimedence.hu\/#organization"},"potentialAction":[{"@type":"SearchAction","target":{"@type":"EntryPoint","urlTemplate":"https:\/\/dorogimedence.hu\/?s={search_term_string}"},"query-input":{"@type":"PropertyValueSpecification","valueRequired":true,"valueName":"search_term_string"}}],"inLanguage":"hu"},{"@type":"Organization","@id":"https:\/\/dorogimedence.hu\/#organization","name":"Dorogi-medence Region\u00e1lis H\u00edrport\u00e1l","url":"https:\/\/dorogimedence.hu\/","logo":{"@type":"ImageObject","inLanguage":"hu","@id":"https:\/\/dorogimedence.hu\/#\/schema\/logo\/image\/","url":"https:\/\/dorogimedence.hu\/wp-content\/uploads\/2021\/04\/logo-feher-600.png","contentUrl":"https:\/\/dorogimedence.hu\/wp-content\/uploads\/2021\/04\/logo-feher-600.png","width":600,"height":100,"caption":"Dorogi-medence Region\u00e1lis H\u00edrport\u00e1l"},"image":{"@id":"https:\/\/dorogimedence.hu\/#\/schema\/logo\/image\/"},"sameAs":["https:\/\/www.facebook.com\/dorogimedence\/"]},{"@type":"Person","@id":"https:\/\/dorogimedence.hu\/#\/schema\/person\/ce6091eeb7e95ecdc87890d6aa8e0fd4","name":"dorogimedence.hu","image":{"@type":"ImageObject","inLanguage":"hu","@id":"\/\/www.gravatar.com\/avatar\/d8d45f8901aadff40a4af72c0b826f1d?s=96&#038;r=g&#038;d=mm","url":"\/\/www.gravatar.com\/avatar\/d8d45f8901aadff40a4af72c0b826f1d?s=96&#038;r=g&#038;d=mm","contentUrl":"\/\/www.gravatar.com\/avatar\/d8d45f8901aadff40a4af72c0b826f1d?s=96&#038;r=g&#038;d=mm","caption":"dorogimedence.hu"}}]}},"_links":{"self":[{"href":"https:\/\/dorogimedence.hu\/index.php\/wp-json\/wp\/v2\/posts\/21151","targetHints":{"allow":["GET"]}}],"collection":[{"href":"https:\/\/dorogimedence.hu\/index.php\/wp-json\/wp\/v2\/posts"}],"about":[{"href":"https:\/\/dorogimedence.hu\/index.php\/wp-json\/wp\/v2\/types\/post"}],"author":[{"embeddable":true,"href":"https:\/\/dorogimedence.hu\/index.php\/wp-json\/wp\/v2\/users\/1"}],"replies":[{"embeddable":true,"href":"https:\/\/dorogimedence.hu\/index.php\/wp-json\/wp\/v2\/comments?post=21151"}],"version-history":[{"count":0,"href":"https:\/\/dorogimedence.hu\/index.php\/wp-json\/wp\/v2\/posts\/21151\/revisions"}],"wp:featuredmedia":[{"embeddable":true,"href":"https:\/\/dorogimedence.hu\/index.php\/wp-json\/wp\/v2\/media\/21153"}],"wp:attachment":[{"href":"https:\/\/dorogimedence.hu\/index.php\/wp-json\/wp\/v2\/media?parent=21151"}],"wp:term":[{"taxonomy":"category","embeddable":true,"href":"https:\/\/dorogimedence.hu\/index.php\/wp-json\/wp\/v2\/categories?post=21151"},{"taxonomy":"post_tag","embeddable":true,"href":"https:\/\/dorogimedence.hu\/index.php\/wp-json\/wp\/v2\/tags?post=21151"}],"curies":[{"name":"wp","href":"https:\/\/api.w.org\/{rel}","templated":true}]}}