{"id":21032,"date":"2019-11-19T14:39:28","date_gmt":"2019-11-19T13:39:28","guid":{"rendered":"http:\/\/dorogimedence.hu\/?p=21032"},"modified":"2019-11-19T14:39:28","modified_gmt":"2019-11-19T13:39:28","slug":"utcan-esett-ossze-eletet-mar-nem-tudtak-megmenteni","status":"publish","type":"post","link":"https:\/\/dorogimedence.hu\/index.php\/2019\/11\/19\/utcan-esett-ossze-eletet-mar-nem-tudtak-megmenteni\/","title":{"rendered":"Utc\u00e1n esett \u00f6ssze, \u00e9let\u00e9t m\u00e1r nem tudt\u00e1k megmenteni"},"content":{"rendered":"<p><strong>November 19-\u00e9n, kedden d\u00e9lel\u0151tt a j\u00e1r\u00f3kel\u0151k egy f\u00e9rfire lettek figyelmesek, aki eszm\u00e9letlen\u00fcl fek\u00fcdt Dorogon, a Jubileum t\u00e9rn\u00e9l.<\/strong><\/p>\n<p>A rend\u0151rs\u00e9g sz\u00f3viv\u0151je elmondta, hogy a dorogi j\u00e1r\u0151r\u00f6ket is leintett\u00e9k az arra j\u00e1r\u00f3k, viszont k\u00f6zben m\u00e1r a ment\u0151k is meg\u00e9rkeztek. A ment\u0151szolg\u00e1lat munkat\u00e1rsai a helysz\u00ednen megkezdt\u00e9k az \u00fajra \u00e9leszt\u00e9st, de a f\u00e9rfin ez m\u00e1r nem seg\u00edtett, \u00e9let\u00e9t vesztette.<\/p>\n<p>A rend\u0151rs\u00e9g sz\u00f3viv\u0151je elmondta azt is, hogy az eset sor\u00e1n rendk\u00edv\u00fcli k\u00f6r\u00fclm\u00e9ny nem mer\u00fclt fel, idegenkez\u0171s\u00e9g nem t\u00f6rt\u00e9nt.<\/p>\n","protected":false},"excerpt":{"rendered":"<p>November 19-\u00e9n, kedden d\u00e9lel\u0151tt a j\u00e1r\u00f3kel\u0151k egy f\u00e9rfire lettek figyelmesek, aki eszm\u00e9letlen\u00fcl fek\u00fcdt Dorogon, a Jubileum t\u00e9rn\u00e9l. A rend\u0151rs\u00e9g sz\u00f3viv\u0151je elmondta, hogy a dorogi j\u00e1r\u0151r\u00f6ket is leintett\u00e9k az arra j\u00e1r\u00f3k, viszont k\u00f6zben m\u00e1r a ment\u0151k is meg\u00e9rkeztek. A ment\u0151szolg\u00e1lat munkat\u00e1rsai a helysz\u00ednen megkezdt\u00e9k az \u00fajra \u00e9leszt\u00e9st, de a f\u00e9rfin ez m\u00e1r nem seg\u00edtett, \u00e9let\u00e9t vesztette.<\/p>\n","protected":false},"author":1,"featured_media":8602,"comment_status":"closed","ping_status":"closed","sticky":false,"template":"","format":"standard","meta":{"ngg_post_thumbnail":0,"footnotes":""},"categories":[2,3,39],"tags":[15,1599,612,61],"class_list":{"0":"post-21032","1":"post","2":"type-post","3":"status-publish","4":"format-standard","5":"has-post-thumbnail","7":"category-dorog","8":"category-hirek","9":"category-kek-hirek","10":"tag-dorog","11":"tag-halaleset","12":"tag-mentok","13":"tag-rendorsegi-hirek"},"yoast_head":"<!-- This site is optimized with the Yoast SEO plugin v27.4 - https:\/\/yoast.com\/product\/yoast-seo-wordpress\/ -->\n<title>Utc\u00e1n esett \u00f6ssze, \u00e9let\u00e9t m\u00e1r nem tudt\u00e1k megmenteni<\/title>\n<meta name=\"robots\" content=\"index, follow, max-snippet:-1, max-image-preview:large, max-video-preview:-1\" \/>\n<link rel=\"canonical\" href=\"https:\/\/dorogimedence.hu\/index.php\/2019\/11\/19\/utcan-esett-ossze-eletet-mar-nem-tudtak-megmenteni\/\" class=\"yoast-seo-meta-tag\" \/>\n<meta property=\"og:locale\" content=\"hu_HU\" class=\"yoast-seo-meta-tag\" \/>\n<meta property=\"og:type\" content=\"article\" class=\"yoast-seo-meta-tag\" \/>\n<meta property=\"og:title\" content=\"Utc\u00e1n esett \u00f6ssze, \u00e9let\u00e9t m\u00e1r nem tudt\u00e1k megmenteni\" class=\"yoast-seo-meta-tag\" \/>\n<meta property=\"og:description\" content=\"November 19-\u00e9n, kedden d\u00e9lel\u0151tt a j\u00e1r\u00f3kel\u0151k egy f\u00e9rfire lettek figyelmesek, aki eszm\u00e9letlen\u00fcl fek\u00fcdt Dorogon, a Jubileum t\u00e9rn\u00e9l. A rend\u0151rs\u00e9g sz\u00f3viv\u0151je elmondta, hogy a dorogi j\u00e1r\u0151r\u00f6ket is leintett\u00e9k az arra j\u00e1r\u00f3k, viszont k\u00f6zben m\u00e1r a ment\u0151k is meg\u00e9rkeztek. A ment\u0151szolg\u00e1lat munkat\u00e1rsai a helysz\u00ednen megkezdt\u00e9k az \u00fajra \u00e9leszt\u00e9st, de a f\u00e9rfin ez m\u00e1r nem seg\u00edtett, \u00e9let\u00e9t vesztette.\" class=\"yoast-seo-meta-tag\" \/>\n<meta property=\"og:url\" content=\"https:\/\/dorogimedence.hu\/index.php\/2019\/11\/19\/utcan-esett-ossze-eletet-mar-nem-tudtak-megmenteni\/\" class=\"yoast-seo-meta-tag\" \/>\n<meta property=\"og:site_name\" content=\"Dorogi-medence Region\u00e1lis H\u00edrport\u00e1l\" class=\"yoast-seo-meta-tag\" \/>\n<meta property=\"article:publisher\" content=\"https:\/\/www.facebook.com\/dorogimedence\/\" class=\"yoast-seo-meta-tag\" \/>\n<meta property=\"article:published_time\" content=\"2019-11-19T13:39:28+00:00\" class=\"yoast-seo-meta-tag\" \/>\n<meta property=\"og:image\" content=\"https:\/\/i0.wp.com\/dorogimedence.hu\/wp-content\/uploads\/2018\/02\/mento-01.jpg?fit=670%2C365&ssl=1\" class=\"yoast-seo-meta-tag\" \/>\n\t<meta property=\"og:image:width\" content=\"670\" class=\"yoast-seo-meta-tag\" \/>\n\t<meta property=\"og:image:height\" content=\"365\" class=\"yoast-seo-meta-tag\" \/>\n\t<meta property=\"og:image:type\" content=\"image\/jpeg\" class=\"yoast-seo-meta-tag\" \/>\n<meta name=\"author\" content=\"dorogimedence.hu\" class=\"yoast-seo-meta-tag\" \/>\n<meta name=\"twitter:card\" content=\"summary_large_image\" class=\"yoast-seo-meta-tag\" \/>\n<meta name=\"twitter:label1\" content=\"Szerz\u0151:\" class=\"yoast-seo-meta-tag\" \/>\n\t<meta name=\"twitter:data1\" content=\"dorogimedence.hu\" class=\"yoast-seo-meta-tag\" \/>\n\t<meta name=\"twitter:label2\" content=\"Becs\u00fclt olvas\u00e1si id\u0151\" class=\"yoast-seo-meta-tag\" \/>\n\t<meta name=\"twitter:data2\" content=\"1 perc\" class=\"yoast-seo-meta-tag\" \/>\n<script type=\"application\/ld+json\" class=\"yoast-schema-graph\">{\"@context\":\"https:\\\/\\\/schema.org\",\"@graph\":[{\"@type\":\"Article\",\"@id\":\"https:\\\/\\\/dorogimedence.hu\\\/index.php\\\/2019\\\/11\\\/19\\\/utcan-esett-ossze-eletet-mar-nem-tudtak-megmenteni\\\/#article\",\"isPartOf\":{\"@id\":\"https:\\\/\\\/dorogimedence.hu\\\/index.php\\\/2019\\\/11\\\/19\\\/utcan-esett-ossze-eletet-mar-nem-tudtak-megmenteni\\\/\"},\"author\":{\"name\":\"dorogimedence.hu\",\"@id\":\"https:\\\/\\\/dorogimedence.hu\\\/#\\\/schema\\\/person\\\/ce6091eeb7e95ecdc87890d6aa8e0fd4\"},\"headline\":\"Utc\u00e1n esett \u00f6ssze, \u00e9let\u00e9t m\u00e1r nem tudt\u00e1k megmenteni\",\"datePublished\":\"2019-11-19T13:39:28+00:00\",\"mainEntityOfPage\":{\"@id\":\"https:\\\/\\\/dorogimedence.hu\\\/index.php\\\/2019\\\/11\\\/19\\\/utcan-esett-ossze-eletet-mar-nem-tudtak-megmenteni\\\/\"},\"wordCount\":136,\"publisher\":{\"@id\":\"https:\\\/\\\/dorogimedence.hu\\\/#organization\"},\"image\":{\"@id\":\"https:\\\/\\\/dorogimedence.hu\\\/index.php\\\/2019\\\/11\\\/19\\\/utcan-esett-ossze-eletet-mar-nem-tudtak-megmenteni\\\/#primaryimage\"},\"thumbnailUrl\":\"https:\\\/\\\/dorogimedence.hu\\\/wp-content\\\/uploads\\\/2018\\\/02\\\/mento-01.jpg\",\"keywords\":[\"Dorog\",\"hal\u00e1leset\",\"ment\u0151k\",\"rend\u0151rs\u00e9gi h\u00edrek\"],\"articleSection\":[\"Dorog\",\"H\u00edrek\",\"K\u00e9k h\u00edrek\"],\"inLanguage\":\"hu\"},{\"@type\":\"WebPage\",\"@id\":\"https:\\\/\\\/dorogimedence.hu\\\/index.php\\\/2019\\\/11\\\/19\\\/utcan-esett-ossze-eletet-mar-nem-tudtak-megmenteni\\\/\",\"url\":\"https:\\\/\\\/dorogimedence.hu\\\/index.php\\\/2019\\\/11\\\/19\\\/utcan-esett-ossze-eletet-mar-nem-tudtak-megmenteni\\\/\",\"name\":\"Utc\u00e1n esett \u00f6ssze, \u00e9let\u00e9t m\u00e1r nem tudt\u00e1k megmenteni\",\"isPartOf\":{\"@id\":\"https:\\\/\\\/dorogimedence.hu\\\/#website\"},\"primaryImageOfPage\":{\"@id\":\"https:\\\/\\\/dorogimedence.hu\\\/index.php\\\/2019\\\/11\\\/19\\\/utcan-esett-ossze-eletet-mar-nem-tudtak-megmenteni\\\/#primaryimage\"},\"image\":{\"@id\":\"https:\\\/\\\/dorogimedence.hu\\\/index.php\\\/2019\\\/11\\\/19\\\/utcan-esett-ossze-eletet-mar-nem-tudtak-megmenteni\\\/#primaryimage\"},\"thumbnailUrl\":\"https:\\\/\\\/dorogimedence.hu\\\/wp-content\\\/uploads\\\/2018\\\/02\\\/mento-01.jpg\",\"datePublished\":\"2019-11-19T13:39:28+00:00\",\"breadcrumb\":{\"@id\":\"https:\\\/\\\/dorogimedence.hu\\\/index.php\\\/2019\\\/11\\\/19\\\/utcan-esett-ossze-eletet-mar-nem-tudtak-megmenteni\\\/#breadcrumb\"},\"inLanguage\":\"hu\",\"potentialAction\":[{\"@type\":\"ReadAction\",\"target\":[\"https:\\\/\\\/dorogimedence.hu\\\/index.php\\\/2019\\\/11\\\/19\\\/utcan-esett-ossze-eletet-mar-nem-tudtak-megmenteni\\\/\"]}]},{\"@type\":\"ImageObject\",\"inLanguage\":\"hu\",\"@id\":\"https:\\\/\\\/dorogimedence.hu\\\/index.php\\\/2019\\\/11\\\/19\\\/utcan-esett-ossze-eletet-mar-nem-tudtak-megmenteni\\\/#primaryimage\",\"url\":\"https:\\\/\\\/dorogimedence.hu\\\/wp-content\\\/uploads\\\/2018\\\/02\\\/mento-01.jpg\",\"contentUrl\":\"https:\\\/\\\/dorogimedence.hu\\\/wp-content\\\/uploads\\\/2018\\\/02\\\/mento-01.jpg\",\"width\":670,\"height\":365},{\"@type\":\"BreadcrumbList\",\"@id\":\"https:\\\/\\\/dorogimedence.hu\\\/index.php\\\/2019\\\/11\\\/19\\\/utcan-esett-ossze-eletet-mar-nem-tudtak-megmenteni\\\/#breadcrumb\",\"itemListElement\":[{\"@type\":\"ListItem\",\"position\":1,\"name\":\"Kezd\u0151lap\",\"item\":\"https:\\\/\\\/dorogimedence.hu\\\/\"},{\"@type\":\"ListItem\",\"position\":2,\"name\":\"Utc\u00e1n esett \u00f6ssze, \u00e9let\u00e9t m\u00e1r nem tudt\u00e1k megmenteni\"}]},{\"@type\":\"WebSite\",\"@id\":\"https:\\\/\\\/dorogimedence.hu\\\/#website\",\"url\":\"https:\\\/\\\/dorogimedence.hu\\\/\",\"name\":\"Dorogi-medence Region\u00e1lis H\u00edrport\u00e1l\",\"description\":\"Dorog, Keszt\u00f6lc, Le\u00e1nyv\u00e1r, Piliscs\u00e9v, Tokod, Tokodalt\u00e1r\u00f3, Csolnok, Esztergom-kertv\u00e1ros: h\u00edrek, programok\",\"publisher\":{\"@id\":\"https:\\\/\\\/dorogimedence.hu\\\/#organization\"},\"potentialAction\":[{\"@type\":\"SearchAction\",\"target\":{\"@type\":\"EntryPoint\",\"urlTemplate\":\"https:\\\/\\\/dorogimedence.hu\\\/?s={search_term_string}\"},\"query-input\":{\"@type\":\"PropertyValueSpecification\",\"valueRequired\":true,\"valueName\":\"search_term_string\"}}],\"inLanguage\":\"hu\"},{\"@type\":\"Organization\",\"@id\":\"https:\\\/\\\/dorogimedence.hu\\\/#organization\",\"name\":\"Dorogi-medence Region\u00e1lis H\u00edrport\u00e1l\",\"url\":\"https:\\\/\\\/dorogimedence.hu\\\/\",\"logo\":{\"@type\":\"ImageObject\",\"inLanguage\":\"hu\",\"@id\":\"https:\\\/\\\/dorogimedence.hu\\\/#\\\/schema\\\/logo\\\/image\\\/\",\"url\":\"https:\\\/\\\/dorogimedence.hu\\\/wp-content\\\/uploads\\\/2021\\\/04\\\/logo-feher-600.png\",\"contentUrl\":\"https:\\\/\\\/dorogimedence.hu\\\/wp-content\\\/uploads\\\/2021\\\/04\\\/logo-feher-600.png\",\"width\":600,\"height\":100,\"caption\":\"Dorogi-medence Region\u00e1lis H\u00edrport\u00e1l\"},\"image\":{\"@id\":\"https:\\\/\\\/dorogimedence.hu\\\/#\\\/schema\\\/logo\\\/image\\\/\"},\"sameAs\":[\"https:\\\/\\\/www.facebook.com\\\/dorogimedence\\\/\"]},{\"@type\":\"Person\",\"@id\":\"https:\\\/\\\/dorogimedence.hu\\\/#\\\/schema\\\/person\\\/ce6091eeb7e95ecdc87890d6aa8e0fd4\",\"name\":\"dorogimedence.hu\",\"image\":{\"@type\":\"ImageObject\",\"inLanguage\":\"hu\",\"@id\":\"\\\/\\\/www.gravatar.com\\\/avatar\\\/d8d45f8901aadff40a4af72c0b826f1d?s=96&#038;r=g&#038;d=mm\",\"url\":\"\\\/\\\/www.gravatar.com\\\/avatar\\\/d8d45f8901aadff40a4af72c0b826f1d?s=96&#038;r=g&#038;d=mm\",\"contentUrl\":\"\\\/\\\/www.gravatar.com\\\/avatar\\\/d8d45f8901aadff40a4af72c0b826f1d?s=96&#038;r=g&#038;d=mm\",\"caption\":\"dorogimedence.hu\"}}]}<\/script>\n<!-- \/ Yoast SEO plugin. -->","yoast_head_json":{"title":"Utc\u00e1n esett \u00f6ssze, \u00e9let\u00e9t m\u00e1r nem tudt\u00e1k megmenteni","robots":{"index":"index","follow":"follow","max-snippet":"max-snippet:-1","max-image-preview":"max-image-preview:large","max-video-preview":"max-video-preview:-1"},"canonical":"https:\/\/dorogimedence.hu\/index.php\/2019\/11\/19\/utcan-esett-ossze-eletet-mar-nem-tudtak-megmenteni\/","og_locale":"hu_HU","og_type":"article","og_title":"Utc\u00e1n esett \u00f6ssze, \u00e9let\u00e9t m\u00e1r nem tudt\u00e1k megmenteni","og_description":"November 19-\u00e9n, kedden d\u00e9lel\u0151tt a j\u00e1r\u00f3kel\u0151k egy f\u00e9rfire lettek figyelmesek, aki eszm\u00e9letlen\u00fcl fek\u00fcdt Dorogon, a Jubileum t\u00e9rn\u00e9l. A rend\u0151rs\u00e9g sz\u00f3viv\u0151je elmondta, hogy a dorogi j\u00e1r\u0151r\u00f6ket is leintett\u00e9k az arra j\u00e1r\u00f3k, viszont k\u00f6zben m\u00e1r a ment\u0151k is meg\u00e9rkeztek. A ment\u0151szolg\u00e1lat munkat\u00e1rsai a helysz\u00ednen megkezdt\u00e9k az \u00fajra \u00e9leszt\u00e9st, de a f\u00e9rfin ez m\u00e1r nem seg\u00edtett, \u00e9let\u00e9t vesztette.","og_url":"https:\/\/dorogimedence.hu\/index.php\/2019\/11\/19\/utcan-esett-ossze-eletet-mar-nem-tudtak-megmenteni\/","og_site_name":"Dorogi-medence Region\u00e1lis H\u00edrport\u00e1l","article_publisher":"https:\/\/www.facebook.com\/dorogimedence\/","article_published_time":"2019-11-19T13:39:28+00:00","og_image":[{"width":670,"height":365,"url":"https:\/\/i0.wp.com\/dorogimedence.hu\/wp-content\/uploads\/2018\/02\/mento-01.jpg?fit=670%2C365&ssl=1","type":"image\/jpeg"}],"author":"dorogimedence.hu","twitter_card":"summary_large_image","twitter_misc":{"Szerz\u0151:":"dorogimedence.hu","Becs\u00fclt olvas\u00e1si id\u0151":"1 perc"},"schema":{"@context":"https:\/\/schema.org","@graph":[{"@type":"Article","@id":"https:\/\/dorogimedence.hu\/index.php\/2019\/11\/19\/utcan-esett-ossze-eletet-mar-nem-tudtak-megmenteni\/#article","isPartOf":{"@id":"https:\/\/dorogimedence.hu\/index.php\/2019\/11\/19\/utcan-esett-ossze-eletet-mar-nem-tudtak-megmenteni\/"},"author":{"name":"dorogimedence.hu","@id":"https:\/\/dorogimedence.hu\/#\/schema\/person\/ce6091eeb7e95ecdc87890d6aa8e0fd4"},"headline":"Utc\u00e1n esett \u00f6ssze, \u00e9let\u00e9t m\u00e1r nem tudt\u00e1k megmenteni","datePublished":"2019-11-19T13:39:28+00:00","mainEntityOfPage":{"@id":"https:\/\/dorogimedence.hu\/index.php\/2019\/11\/19\/utcan-esett-ossze-eletet-mar-nem-tudtak-megmenteni\/"},"wordCount":136,"publisher":{"@id":"https:\/\/dorogimedence.hu\/#organization"},"image":{"@id":"https:\/\/dorogimedence.hu\/index.php\/2019\/11\/19\/utcan-esett-ossze-eletet-mar-nem-tudtak-megmenteni\/#primaryimage"},"thumbnailUrl":"https:\/\/dorogimedence.hu\/wp-content\/uploads\/2018\/02\/mento-01.jpg","keywords":["Dorog","hal\u00e1leset","ment\u0151k","rend\u0151rs\u00e9gi h\u00edrek"],"articleSection":["Dorog","H\u00edrek","K\u00e9k h\u00edrek"],"inLanguage":"hu"},{"@type":"WebPage","@id":"https:\/\/dorogimedence.hu\/index.php\/2019\/11\/19\/utcan-esett-ossze-eletet-mar-nem-tudtak-megmenteni\/","url":"https:\/\/dorogimedence.hu\/index.php\/2019\/11\/19\/utcan-esett-ossze-eletet-mar-nem-tudtak-megmenteni\/","name":"Utc\u00e1n esett \u00f6ssze, \u00e9let\u00e9t m\u00e1r nem tudt\u00e1k megmenteni","isPartOf":{"@id":"https:\/\/dorogimedence.hu\/#website"},"primaryImageOfPage":{"@id":"https:\/\/dorogimedence.hu\/index.php\/2019\/11\/19\/utcan-esett-ossze-eletet-mar-nem-tudtak-megmenteni\/#primaryimage"},"image":{"@id":"https:\/\/dorogimedence.hu\/index.php\/2019\/11\/19\/utcan-esett-ossze-eletet-mar-nem-tudtak-megmenteni\/#primaryimage"},"thumbnailUrl":"https:\/\/dorogimedence.hu\/wp-content\/uploads\/2018\/02\/mento-01.jpg","datePublished":"2019-11-19T13:39:28+00:00","breadcrumb":{"@id":"https:\/\/dorogimedence.hu\/index.php\/2019\/11\/19\/utcan-esett-ossze-eletet-mar-nem-tudtak-megmenteni\/#breadcrumb"},"inLanguage":"hu","potentialAction":[{"@type":"ReadAction","target":["https:\/\/dorogimedence.hu\/index.php\/2019\/11\/19\/utcan-esett-ossze-eletet-mar-nem-tudtak-megmenteni\/"]}]},{"@type":"ImageObject","inLanguage":"hu","@id":"https:\/\/dorogimedence.hu\/index.php\/2019\/11\/19\/utcan-esett-ossze-eletet-mar-nem-tudtak-megmenteni\/#primaryimage","url":"https:\/\/dorogimedence.hu\/wp-content\/uploads\/2018\/02\/mento-01.jpg","contentUrl":"https:\/\/dorogimedence.hu\/wp-content\/uploads\/2018\/02\/mento-01.jpg","width":670,"height":365},{"@type":"BreadcrumbList","@id":"https:\/\/dorogimedence.hu\/index.php\/2019\/11\/19\/utcan-esett-ossze-eletet-mar-nem-tudtak-megmenteni\/#breadcrumb","itemListElement":[{"@type":"ListItem","position":1,"name":"Kezd\u0151lap","item":"https:\/\/dorogimedence.hu\/"},{"@type":"ListItem","position":2,"name":"Utc\u00e1n esett \u00f6ssze, \u00e9let\u00e9t m\u00e1r nem tudt\u00e1k megmenteni"}]},{"@type":"WebSite","@id":"https:\/\/dorogimedence.hu\/#website","url":"https:\/\/dorogimedence.hu\/","name":"Dorogi-medence Region\u00e1lis H\u00edrport\u00e1l","description":"Dorog, Keszt\u00f6lc, Le\u00e1nyv\u00e1r, Piliscs\u00e9v, Tokod, Tokodalt\u00e1r\u00f3, Csolnok, Esztergom-kertv\u00e1ros: h\u00edrek, programok","publisher":{"@id":"https:\/\/dorogimedence.hu\/#organization"},"potentialAction":[{"@type":"SearchAction","target":{"@type":"EntryPoint","urlTemplate":"https:\/\/dorogimedence.hu\/?s={search_term_string}"},"query-input":{"@type":"PropertyValueSpecification","valueRequired":true,"valueName":"search_term_string"}}],"inLanguage":"hu"},{"@type":"Organization","@id":"https:\/\/dorogimedence.hu\/#organization","name":"Dorogi-medence Region\u00e1lis H\u00edrport\u00e1l","url":"https:\/\/dorogimedence.hu\/","logo":{"@type":"ImageObject","inLanguage":"hu","@id":"https:\/\/dorogimedence.hu\/#\/schema\/logo\/image\/","url":"https:\/\/dorogimedence.hu\/wp-content\/uploads\/2021\/04\/logo-feher-600.png","contentUrl":"https:\/\/dorogimedence.hu\/wp-content\/uploads\/2021\/04\/logo-feher-600.png","width":600,"height":100,"caption":"Dorogi-medence Region\u00e1lis H\u00edrport\u00e1l"},"image":{"@id":"https:\/\/dorogimedence.hu\/#\/schema\/logo\/image\/"},"sameAs":["https:\/\/www.facebook.com\/dorogimedence\/"]},{"@type":"Person","@id":"https:\/\/dorogimedence.hu\/#\/schema\/person\/ce6091eeb7e95ecdc87890d6aa8e0fd4","name":"dorogimedence.hu","image":{"@type":"ImageObject","inLanguage":"hu","@id":"\/\/www.gravatar.com\/avatar\/d8d45f8901aadff40a4af72c0b826f1d?s=96&#038;r=g&#038;d=mm","url":"\/\/www.gravatar.com\/avatar\/d8d45f8901aadff40a4af72c0b826f1d?s=96&#038;r=g&#038;d=mm","contentUrl":"\/\/www.gravatar.com\/avatar\/d8d45f8901aadff40a4af72c0b826f1d?s=96&#038;r=g&#038;d=mm","caption":"dorogimedence.hu"}}]}},"_links":{"self":[{"href":"https:\/\/dorogimedence.hu\/index.php\/wp-json\/wp\/v2\/posts\/21032","targetHints":{"allow":["GET"]}}],"collection":[{"href":"https:\/\/dorogimedence.hu\/index.php\/wp-json\/wp\/v2\/posts"}],"about":[{"href":"https:\/\/dorogimedence.hu\/index.php\/wp-json\/wp\/v2\/types\/post"}],"author":[{"embeddable":true,"href":"https:\/\/dorogimedence.hu\/index.php\/wp-json\/wp\/v2\/users\/1"}],"replies":[{"embeddable":true,"href":"https:\/\/dorogimedence.hu\/index.php\/wp-json\/wp\/v2\/comments?post=21032"}],"version-history":[{"count":0,"href":"https:\/\/dorogimedence.hu\/index.php\/wp-json\/wp\/v2\/posts\/21032\/revisions"}],"wp:featuredmedia":[{"embeddable":true,"href":"https:\/\/dorogimedence.hu\/index.php\/wp-json\/wp\/v2\/media\/8602"}],"wp:attachment":[{"href":"https:\/\/dorogimedence.hu\/index.php\/wp-json\/wp\/v2\/media?parent=21032"}],"wp:term":[{"taxonomy":"category","embeddable":true,"href":"https:\/\/dorogimedence.hu\/index.php\/wp-json\/wp\/v2\/categories?post=21032"},{"taxonomy":"post_tag","embeddable":true,"href":"https:\/\/dorogimedence.hu\/index.php\/wp-json\/wp\/v2\/tags?post=21032"}],"curies":[{"name":"wp","href":"https:\/\/api.w.org\/{rel}","templated":true}]}}