{"id":21028,"date":"2019-11-19T14:15:32","date_gmt":"2019-11-19T13:15:32","guid":{"rendered":"http:\/\/dorogimedence.hu\/?p=21028"},"modified":"2019-11-19T14:23:47","modified_gmt":"2019-11-19T13:23:47","slug":"adomanygyujtest-szerveznek-a-dorogi-es-az-esztergomi-tescoban","status":"publish","type":"post","link":"https:\/\/dorogimedence.hu\/index.php\/2019\/11\/19\/adomanygyujtest-szerveznek-a-dorogi-es-az-esztergomi-tescoban\/","title":{"rendered":"Adom\u00e1nygy\u0171jt\u00e9st szerveznek a dorogi \u00e9s az esztergomi Tescoban"},"content":{"rendered":"<p><strong>2019-ben ism\u00e9t megszervezi hagyom\u00e1nyos Kar\u00e1csonyi Adom\u00e1nygy\u0171jt\u00e9s\u00e9t a Magyar \u00c9lelmiszerbank Egyes\u00fclet. H\u00e1rom napon kereszt\u00fcl, november 22-\u00e9n, 23-\u00e1n \u00e9s 24-\u00e9n orsz\u00e1gszerte k\u00f6zel 120 telep\u00fcl\u00e9s t\u00f6bb mint 200 \u00e1ruh\u00e1z\u00e1ban v\u00e1rj\u00e1k a lakoss\u00e1g \u00e9lelmiszeradom\u00e1nyait, k\u00f6zt\u00fck a dorogi \u00e9s az esztergomi Tescoban is. <\/strong><\/p>\n<p>Az \u00c9lelmiszerbank akci\u00f3j\u00e1nak c\u00e9lja, hogy az \u00fcnnepek alatt min\u00e9l t\u00f6bb n\u00e9lk\u00fcl\u00f6z\u0151 asztal\u00e1ra \u00e9tel ker\u00fclhessen. Az id\u00e9n november 22-\u00e9n, p\u00e9nteken 15 \u00e9s 20 \u00f3ra k\u00f6z\u00f6tt, november 23-\u00e1n, szombaton 8 \u00e9s 19 \u00f3ra k\u00f6z\u00f6tt, valamint november 24-\u00e9n vas\u00e1rnap 8 \u00f3r\u00e1t\u00f3l 18 \u00f3r\u00e1ig v\u00e1rja az \u00c9lelmiszerbank a lakoss\u00e1g \u00e9lelmiszer adom\u00e1nyait orsz\u00e1gszerte k\u00f6zel 207 \u00e1ruh\u00e1zban. Az akci\u00f3nak az ALDI 10, az AUCHAN 23, a METRO 13, tov\u00e1bb\u00e1 a TESCO 161 \u00e1ruh\u00e1za ad helysz\u00ednt orsz\u00e1gszerte.<\/p>\n<p>A TESCO a v\u00e1s\u00e1rl\u00f3k \u00e1ltal a 3 nap sor\u00e1n adom\u00e1nyozott term\u00e9kek \u00e9rt\u00e9k\u00e9nek 20%-\u00e1val megegyez\u0151 p\u00e9nzbeli adom\u00e1nyt is ny\u00fajt az \u00c9lelmiszerbanknak, az ALDI pedig fix \u00f6sszeg\u0171 t\u00e1mogat\u00e1ssal j\u00e1rul hozz\u00e1 az Egyes\u00fclet \u00e9lelmiszerment\u00e9si tev\u00e9kenys\u00e9g\u00e9nek t\u00e1mogat\u00e1shoz.<\/p>\n<p>A kar\u00e1csonyi id\u0151szakban k\u00fcl\u00f6n\u00f6sen fontos, hogy a v\u00e1llalatok, \u00f6nk\u00e9ntesek \u00e9s a v\u00e1s\u00e1rl\u00f3k akt\u00edv r\u00e9szv\u00e9tel\u00e9vel sz\u00e9lesk\u00f6r\u0171 t\u00e1rsadalmi \u00f6sszefog\u00e1s val\u00f3suljon meg a n\u00e9lk\u00fcl\u00f6z\u0151k seg\u00edt\u00e9se \u00e9rdek\u00e9ben.<\/p>\n<p>Az \u00e1ruh\u00e1zakban kijel\u00f6lt gy\u0171jt\u0151pontokon az \u00c9lelmiszerbank k\u00f6r\u00fclbel\u00fcl 5.000 \u00f6nk\u00e9ntese v\u00e1rja az \u00e9lelmiszeradom\u00e1nyokat, els\u0151sorban alapvet\u0151 tart\u00f3s \u00e9lelmiszereket \u2013 mint p\u00e9ld\u00e1ul: cukor, rizs, olaj, t\u00e9szta, konzerv, \u00e9dess\u00e9gek, b\u00e9bi \u00e9telek.<\/p>\n<p>Az akci\u00f3kban \u00f6sszegy\u0171jt\u00f6tt adom\u00e1nyokat az \u00c9lelmiszerbank \u00f6nk\u00e9nteseivel a gy\u0171jt\u00e9sek hely\u00e9nek k\u00f6zel\u00e9ben \u00e9l\u0151 r\u00e1szorul\u00f3 csal\u00e1doknak juttatja el m\u00e9g kar\u00e1csony el\u0151tt.<\/p>\n<p><strong>A Kar\u00e1csonyi Adom\u00e1nygy\u0171jt\u00e9sben r\u00e9sztvev\u0151 \u00e1ruh\u00e1zak list\u00e1j\u00e1t <span style=\"text-decoration: underline; color: #0000ff;\"><a style=\"color: #0000ff; text-decoration: underline;\" href=\"https:\/\/www.elelmiszerbank.hu\/CMS\/GetFile.php?tk=Documents___file&amp;id=140\" target=\"_blank\" rel=\"noopener noreferrer\">ITT<\/a><\/span> tal\u00e1lhatja meg.<\/strong><\/p>\n<p><strong>Kontakt: <\/strong>Scz\u00edgel Andrea, k\u00fcls\u0151 kapcsolatok igazgat\u00f3<br \/>\nMagyar&nbsp;\u00c9lelmiszerbank Egyes\u00fclet<br \/>\n+36 30 400 9328<br \/>\nsczigel.andrea@elelmiszerbank.hu<\/p>\n<p><em><strong>Magyar \u00c9lelmiszerbank Egyes\u00fcletr\u0151l: <\/strong>Magyarorsz\u00e1gon minden \u00e9vben 1,8 milli\u00f3 tonna \u00e9lelmiszer megy veszend\u0151be. A Magyar \u00c9lelmiszerbank Egyes\u00fclet c\u00e9lja, hogy kapcsolatot teremtsen az orsz\u00e1gunkban felhalmoz\u00f3d\u00f3 \u00e9lelmiszerfeleslegek \u00e9s a r\u00e1szorul\u00f3k k\u00f6z\u00f6tt, ezzel el\u0151seg\u00edts\u00fck a n\u00e9lk\u00fcl\u00f6z\u00e9s \u00e9s az \u00e9lelmiszerpazarl\u00e1s cs\u00f6kken\u00e9s\u00e9t Magyarorsz\u00e1gon. Az \u00c9lelmiszerbank m\u0171k\u00f6d\u00e9s\u00e9vel egyszerre szolg\u00e1l k\u00f6rnyezetv\u00e9delmi \u00e9s szoci\u00e1lis c\u00e9lokat. Az \u00c9lelmiszerbank t\u00f6bb mint 14 \u00e9ves fenn\u00e1ll\u00e1sa \u00f3ta gy\u00e1rt\u00f3kt\u00f3l, kereskedelmi h\u00e1l\u00f3zatokt\u00f3l gy\u0171jti be a feleslegess\u00e9 v\u00e1lt \u00e9lelmiszereket, melyek k\u00f6z\u00f6tt vannak k\u00f6zeli lej\u00e1rat\u00fa vagy csomagol\u00e1s hib\u00e1s term\u00e9kek, de ak\u00e1r szezon\u00e1lisan m\u00e1r nem eladhat\u00f3, kiv\u00e1l\u00f3 min\u0151s\u00e9g\u0171&nbsp;\u00e9lelmiszerek is. 2018-ban&nbsp;11.000 tonna mentett \u00e9lelmiszerrel t\u00f6bb mint 300.000 n\u00e9lk\u00fcl\u00f6z\u0151t seg\u00edtett\u00fcnk rendszeresen, akik k\u00f6z\u00fcl 180.000 f\u0151 rendszeres &#8211; napi, heti szint\u0171 &#8211; seg\u00edts\u00e9get tud kapni. <\/em><span style=\"text-decoration: underline; color: #0000ff;\"><a style=\"color: #0000ff;\" href=\"http:\/\/www.elelmiszerbank.hu\/\" target=\"_blank\" rel=\"noopener noreferrer\"><em>www.elelmiszerbank.hu<\/em><\/a><\/span><\/p>\n","protected":false},"excerpt":{"rendered":"<p>2019-ben ism\u00e9t megszervezi hagyom\u00e1nyos Kar\u00e1csonyi Adom\u00e1nygy\u0171jt\u00e9s\u00e9t a Magyar \u00c9lelmiszerbank Egyes\u00fclet. H\u00e1rom napon kereszt\u00fcl, november 22-\u00e9n, 23-\u00e1n \u00e9s 24-\u00e9n orsz\u00e1gszerte k\u00f6zel 120 telep\u00fcl\u00e9s t\u00f6bb mint 200 \u00e1ruh\u00e1z\u00e1ban v\u00e1rj\u00e1k a lakoss\u00e1g \u00e9lelmiszeradom\u00e1nyait, k\u00f6zt\u00fck a dorogi \u00e9s az esztergomi Tescoban is. Az \u00c9lelmiszerbank akci\u00f3j\u00e1nak c\u00e9lja, hogy az \u00fcnnepek alatt min\u00e9l t\u00f6bb n\u00e9lk\u00fcl\u00f6z\u0151 asztal\u00e1ra \u00e9tel ker\u00fclhessen. Az id\u00e9n november<\/p>\n","protected":false},"author":1,"featured_media":21029,"comment_status":"closed","ping_status":"closed","sticky":false,"template":"","format":"standard","meta":{"ngg_post_thumbnail":0,"footnotes":""},"categories":[2,38,3],"tags":[1847,15,4468,42,2557],"class_list":{"0":"post-21028","1":"post","2":"type-post","3":"status-publish","4":"format-standard","5":"has-post-thumbnail","7":"category-dorog","8":"category-esztergom","9":"category-hirek","10":"tag-adomanygyujtes","11":"tag-dorog","12":"tag-elelmiszerbank","13":"tag-esztergom","14":"tag-tesco"},"yoast_head":"<!-- This site is optimized with the Yoast SEO plugin v27.4 - https:\/\/yoast.com\/product\/yoast-seo-wordpress\/ -->\n<title>Adom\u00e1nygy\u0171jt\u00e9st szerveznek a dorogi \u00e9s az esztergomi Tescoban<\/title>\n<meta name=\"robots\" content=\"index, follow, max-snippet:-1, max-image-preview:large, max-video-preview:-1\" \/>\n<link rel=\"canonical\" href=\"https:\/\/dorogimedence.hu\/index.php\/2019\/11\/19\/adomanygyujtest-szerveznek-a-dorogi-es-az-esztergomi-tescoban\/\" class=\"yoast-seo-meta-tag\" \/>\n<meta property=\"og:locale\" content=\"hu_HU\" class=\"yoast-seo-meta-tag\" \/>\n<meta property=\"og:type\" content=\"article\" class=\"yoast-seo-meta-tag\" \/>\n<meta property=\"og:title\" content=\"Adom\u00e1nygy\u0171jt\u00e9st szerveznek a dorogi \u00e9s az esztergomi Tescoban\" class=\"yoast-seo-meta-tag\" \/>\n<meta property=\"og:description\" content=\"2019-ben ism\u00e9t megszervezi hagyom\u00e1nyos Kar\u00e1csonyi Adom\u00e1nygy\u0171jt\u00e9s\u00e9t a Magyar \u00c9lelmiszerbank Egyes\u00fclet. H\u00e1rom napon kereszt\u00fcl, november 22-\u00e9n, 23-\u00e1n \u00e9s 24-\u00e9n orsz\u00e1gszerte k\u00f6zel 120 telep\u00fcl\u00e9s t\u00f6bb mint 200 \u00e1ruh\u00e1z\u00e1ban v\u00e1rj\u00e1k a lakoss\u00e1g \u00e9lelmiszeradom\u00e1nyait, k\u00f6zt\u00fck a dorogi \u00e9s az esztergomi Tescoban is. Az \u00c9lelmiszerbank akci\u00f3j\u00e1nak c\u00e9lja, hogy az \u00fcnnepek alatt min\u00e9l t\u00f6bb n\u00e9lk\u00fcl\u00f6z\u0151 asztal\u00e1ra \u00e9tel ker\u00fclhessen. Az id\u00e9n november\" class=\"yoast-seo-meta-tag\" \/>\n<meta property=\"og:url\" content=\"https:\/\/dorogimedence.hu\/index.php\/2019\/11\/19\/adomanygyujtest-szerveznek-a-dorogi-es-az-esztergomi-tescoban\/\" class=\"yoast-seo-meta-tag\" \/>\n<meta property=\"og:site_name\" content=\"Dorogi-medence Region\u00e1lis H\u00edrport\u00e1l\" class=\"yoast-seo-meta-tag\" \/>\n<meta property=\"article:publisher\" content=\"https:\/\/www.facebook.com\/dorogimedence\/\" class=\"yoast-seo-meta-tag\" \/>\n<meta property=\"article:published_time\" content=\"2019-11-19T13:15:32+00:00\" class=\"yoast-seo-meta-tag\" \/>\n<meta property=\"article:modified_time\" content=\"2019-11-19T13:23:47+00:00\" class=\"yoast-seo-meta-tag\" \/>\n<meta property=\"og:image\" content=\"https:\/\/i0.wp.com\/dorogimedence.hu\/wp-content\/uploads\/2019\/11\/elelmiszerbank.jpg?fit=670%2C365&ssl=1\" class=\"yoast-seo-meta-tag\" \/>\n\t<meta property=\"og:image:width\" content=\"670\" class=\"yoast-seo-meta-tag\" \/>\n\t<meta property=\"og:image:height\" content=\"365\" class=\"yoast-seo-meta-tag\" \/>\n\t<meta property=\"og:image:type\" content=\"image\/jpeg\" class=\"yoast-seo-meta-tag\" \/>\n<meta name=\"author\" content=\"dorogimedence.hu\" class=\"yoast-seo-meta-tag\" \/>\n<meta name=\"twitter:card\" content=\"summary_large_image\" class=\"yoast-seo-meta-tag\" \/>\n<meta name=\"twitter:label1\" content=\"Szerz\u0151:\" class=\"yoast-seo-meta-tag\" \/>\n\t<meta name=\"twitter:data1\" content=\"dorogimedence.hu\" class=\"yoast-seo-meta-tag\" \/>\n\t<meta name=\"twitter:label2\" content=\"Becs\u00fclt olvas\u00e1si id\u0151\" class=\"yoast-seo-meta-tag\" \/>\n\t<meta name=\"twitter:data2\" content=\"3 perc\" class=\"yoast-seo-meta-tag\" \/>\n<script type=\"application\/ld+json\" class=\"yoast-schema-graph\">{\"@context\":\"https:\\\/\\\/schema.org\",\"@graph\":[{\"@type\":\"Article\",\"@id\":\"https:\\\/\\\/dorogimedence.hu\\\/index.php\\\/2019\\\/11\\\/19\\\/adomanygyujtest-szerveznek-a-dorogi-es-az-esztergomi-tescoban\\\/#article\",\"isPartOf\":{\"@id\":\"https:\\\/\\\/dorogimedence.hu\\\/index.php\\\/2019\\\/11\\\/19\\\/adomanygyujtest-szerveznek-a-dorogi-es-az-esztergomi-tescoban\\\/\"},\"author\":{\"name\":\"dorogimedence.hu\",\"@id\":\"https:\\\/\\\/dorogimedence.hu\\\/#\\\/schema\\\/person\\\/ce6091eeb7e95ecdc87890d6aa8e0fd4\"},\"headline\":\"Adom\u00e1nygy\u0171jt\u00e9st szerveznek a dorogi \u00e9s az esztergomi Tescoban\",\"datePublished\":\"2019-11-19T13:15:32+00:00\",\"dateModified\":\"2019-11-19T13:23:47+00:00\",\"mainEntityOfPage\":{\"@id\":\"https:\\\/\\\/dorogimedence.hu\\\/index.php\\\/2019\\\/11\\\/19\\\/adomanygyujtest-szerveznek-a-dorogi-es-az-esztergomi-tescoban\\\/\"},\"wordCount\":554,\"publisher\":{\"@id\":\"https:\\\/\\\/dorogimedence.hu\\\/#organization\"},\"image\":{\"@id\":\"https:\\\/\\\/dorogimedence.hu\\\/index.php\\\/2019\\\/11\\\/19\\\/adomanygyujtest-szerveznek-a-dorogi-es-az-esztergomi-tescoban\\\/#primaryimage\"},\"thumbnailUrl\":\"https:\\\/\\\/dorogimedence.hu\\\/wp-content\\\/uploads\\\/2019\\\/11\\\/elelmiszerbank.jpg\",\"keywords\":[\"adom\u00e1nygy\u0171jt\u00e9s\",\"Dorog\",\"\u00c9lelmiszerbank\",\"esztergom\",\"TESCO\"],\"articleSection\":[\"Dorog\",\"Esztergom\",\"H\u00edrek\"],\"inLanguage\":\"hu\"},{\"@type\":\"WebPage\",\"@id\":\"https:\\\/\\\/dorogimedence.hu\\\/index.php\\\/2019\\\/11\\\/19\\\/adomanygyujtest-szerveznek-a-dorogi-es-az-esztergomi-tescoban\\\/\",\"url\":\"https:\\\/\\\/dorogimedence.hu\\\/index.php\\\/2019\\\/11\\\/19\\\/adomanygyujtest-szerveznek-a-dorogi-es-az-esztergomi-tescoban\\\/\",\"name\":\"Adom\u00e1nygy\u0171jt\u00e9st szerveznek a dorogi \u00e9s az esztergomi Tescoban\",\"isPartOf\":{\"@id\":\"https:\\\/\\\/dorogimedence.hu\\\/#website\"},\"primaryImageOfPage\":{\"@id\":\"https:\\\/\\\/dorogimedence.hu\\\/index.php\\\/2019\\\/11\\\/19\\\/adomanygyujtest-szerveznek-a-dorogi-es-az-esztergomi-tescoban\\\/#primaryimage\"},\"image\":{\"@id\":\"https:\\\/\\\/dorogimedence.hu\\\/index.php\\\/2019\\\/11\\\/19\\\/adomanygyujtest-szerveznek-a-dorogi-es-az-esztergomi-tescoban\\\/#primaryimage\"},\"thumbnailUrl\":\"https:\\\/\\\/dorogimedence.hu\\\/wp-content\\\/uploads\\\/2019\\\/11\\\/elelmiszerbank.jpg\",\"datePublished\":\"2019-11-19T13:15:32+00:00\",\"dateModified\":\"2019-11-19T13:23:47+00:00\",\"breadcrumb\":{\"@id\":\"https:\\\/\\\/dorogimedence.hu\\\/index.php\\\/2019\\\/11\\\/19\\\/adomanygyujtest-szerveznek-a-dorogi-es-az-esztergomi-tescoban\\\/#breadcrumb\"},\"inLanguage\":\"hu\",\"potentialAction\":[{\"@type\":\"ReadAction\",\"target\":[\"https:\\\/\\\/dorogimedence.hu\\\/index.php\\\/2019\\\/11\\\/19\\\/adomanygyujtest-szerveznek-a-dorogi-es-az-esztergomi-tescoban\\\/\"]}]},{\"@type\":\"ImageObject\",\"inLanguage\":\"hu\",\"@id\":\"https:\\\/\\\/dorogimedence.hu\\\/index.php\\\/2019\\\/11\\\/19\\\/adomanygyujtest-szerveznek-a-dorogi-es-az-esztergomi-tescoban\\\/#primaryimage\",\"url\":\"https:\\\/\\\/dorogimedence.hu\\\/wp-content\\\/uploads\\\/2019\\\/11\\\/elelmiszerbank.jpg\",\"contentUrl\":\"https:\\\/\\\/dorogimedence.hu\\\/wp-content\\\/uploads\\\/2019\\\/11\\\/elelmiszerbank.jpg\",\"width\":670,\"height\":365},{\"@type\":\"BreadcrumbList\",\"@id\":\"https:\\\/\\\/dorogimedence.hu\\\/index.php\\\/2019\\\/11\\\/19\\\/adomanygyujtest-szerveznek-a-dorogi-es-az-esztergomi-tescoban\\\/#breadcrumb\",\"itemListElement\":[{\"@type\":\"ListItem\",\"position\":1,\"name\":\"Kezd\u0151lap\",\"item\":\"https:\\\/\\\/dorogimedence.hu\\\/\"},{\"@type\":\"ListItem\",\"position\":2,\"name\":\"Adom\u00e1nygy\u0171jt\u00e9st szerveznek a dorogi \u00e9s az esztergomi Tescoban\"}]},{\"@type\":\"WebSite\",\"@id\":\"https:\\\/\\\/dorogimedence.hu\\\/#website\",\"url\":\"https:\\\/\\\/dorogimedence.hu\\\/\",\"name\":\"Dorogi-medence Region\u00e1lis H\u00edrport\u00e1l\",\"description\":\"Dorog, Keszt\u00f6lc, Le\u00e1nyv\u00e1r, Piliscs\u00e9v, Tokod, Tokodalt\u00e1r\u00f3, Csolnok, Esztergom-kertv\u00e1ros: h\u00edrek, programok\",\"publisher\":{\"@id\":\"https:\\\/\\\/dorogimedence.hu\\\/#organization\"},\"potentialAction\":[{\"@type\":\"SearchAction\",\"target\":{\"@type\":\"EntryPoint\",\"urlTemplate\":\"https:\\\/\\\/dorogimedence.hu\\\/?s={search_term_string}\"},\"query-input\":{\"@type\":\"PropertyValueSpecification\",\"valueRequired\":true,\"valueName\":\"search_term_string\"}}],\"inLanguage\":\"hu\"},{\"@type\":\"Organization\",\"@id\":\"https:\\\/\\\/dorogimedence.hu\\\/#organization\",\"name\":\"Dorogi-medence Region\u00e1lis H\u00edrport\u00e1l\",\"url\":\"https:\\\/\\\/dorogimedence.hu\\\/\",\"logo\":{\"@type\":\"ImageObject\",\"inLanguage\":\"hu\",\"@id\":\"https:\\\/\\\/dorogimedence.hu\\\/#\\\/schema\\\/logo\\\/image\\\/\",\"url\":\"https:\\\/\\\/dorogimedence.hu\\\/wp-content\\\/uploads\\\/2021\\\/04\\\/logo-feher-600.png\",\"contentUrl\":\"https:\\\/\\\/dorogimedence.hu\\\/wp-content\\\/uploads\\\/2021\\\/04\\\/logo-feher-600.png\",\"width\":600,\"height\":100,\"caption\":\"Dorogi-medence Region\u00e1lis H\u00edrport\u00e1l\"},\"image\":{\"@id\":\"https:\\\/\\\/dorogimedence.hu\\\/#\\\/schema\\\/logo\\\/image\\\/\"},\"sameAs\":[\"https:\\\/\\\/www.facebook.com\\\/dorogimedence\\\/\"]},{\"@type\":\"Person\",\"@id\":\"https:\\\/\\\/dorogimedence.hu\\\/#\\\/schema\\\/person\\\/ce6091eeb7e95ecdc87890d6aa8e0fd4\",\"name\":\"dorogimedence.hu\",\"image\":{\"@type\":\"ImageObject\",\"inLanguage\":\"hu\",\"@id\":\"\\\/\\\/www.gravatar.com\\\/avatar\\\/d8d45f8901aadff40a4af72c0b826f1d?s=96&#038;r=g&#038;d=mm\",\"url\":\"\\\/\\\/www.gravatar.com\\\/avatar\\\/d8d45f8901aadff40a4af72c0b826f1d?s=96&#038;r=g&#038;d=mm\",\"contentUrl\":\"\\\/\\\/www.gravatar.com\\\/avatar\\\/d8d45f8901aadff40a4af72c0b826f1d?s=96&#038;r=g&#038;d=mm\",\"caption\":\"dorogimedence.hu\"}}]}<\/script>\n<!-- \/ Yoast SEO plugin. -->","yoast_head_json":{"title":"Adom\u00e1nygy\u0171jt\u00e9st szerveznek a dorogi \u00e9s az esztergomi Tescoban","robots":{"index":"index","follow":"follow","max-snippet":"max-snippet:-1","max-image-preview":"max-image-preview:large","max-video-preview":"max-video-preview:-1"},"canonical":"https:\/\/dorogimedence.hu\/index.php\/2019\/11\/19\/adomanygyujtest-szerveznek-a-dorogi-es-az-esztergomi-tescoban\/","og_locale":"hu_HU","og_type":"article","og_title":"Adom\u00e1nygy\u0171jt\u00e9st szerveznek a dorogi \u00e9s az esztergomi Tescoban","og_description":"2019-ben ism\u00e9t megszervezi hagyom\u00e1nyos Kar\u00e1csonyi Adom\u00e1nygy\u0171jt\u00e9s\u00e9t a Magyar \u00c9lelmiszerbank Egyes\u00fclet. H\u00e1rom napon kereszt\u00fcl, november 22-\u00e9n, 23-\u00e1n \u00e9s 24-\u00e9n orsz\u00e1gszerte k\u00f6zel 120 telep\u00fcl\u00e9s t\u00f6bb mint 200 \u00e1ruh\u00e1z\u00e1ban v\u00e1rj\u00e1k a lakoss\u00e1g \u00e9lelmiszeradom\u00e1nyait, k\u00f6zt\u00fck a dorogi \u00e9s az esztergomi Tescoban is. Az \u00c9lelmiszerbank akci\u00f3j\u00e1nak c\u00e9lja, hogy az \u00fcnnepek alatt min\u00e9l t\u00f6bb n\u00e9lk\u00fcl\u00f6z\u0151 asztal\u00e1ra \u00e9tel ker\u00fclhessen. Az id\u00e9n november","og_url":"https:\/\/dorogimedence.hu\/index.php\/2019\/11\/19\/adomanygyujtest-szerveznek-a-dorogi-es-az-esztergomi-tescoban\/","og_site_name":"Dorogi-medence Region\u00e1lis H\u00edrport\u00e1l","article_publisher":"https:\/\/www.facebook.com\/dorogimedence\/","article_published_time":"2019-11-19T13:15:32+00:00","article_modified_time":"2019-11-19T13:23:47+00:00","og_image":[{"width":670,"height":365,"url":"https:\/\/i0.wp.com\/dorogimedence.hu\/wp-content\/uploads\/2019\/11\/elelmiszerbank.jpg?fit=670%2C365&ssl=1","type":"image\/jpeg"}],"author":"dorogimedence.hu","twitter_card":"summary_large_image","twitter_misc":{"Szerz\u0151:":"dorogimedence.hu","Becs\u00fclt olvas\u00e1si id\u0151":"3 perc"},"schema":{"@context":"https:\/\/schema.org","@graph":[{"@type":"Article","@id":"https:\/\/dorogimedence.hu\/index.php\/2019\/11\/19\/adomanygyujtest-szerveznek-a-dorogi-es-az-esztergomi-tescoban\/#article","isPartOf":{"@id":"https:\/\/dorogimedence.hu\/index.php\/2019\/11\/19\/adomanygyujtest-szerveznek-a-dorogi-es-az-esztergomi-tescoban\/"},"author":{"name":"dorogimedence.hu","@id":"https:\/\/dorogimedence.hu\/#\/schema\/person\/ce6091eeb7e95ecdc87890d6aa8e0fd4"},"headline":"Adom\u00e1nygy\u0171jt\u00e9st szerveznek a dorogi \u00e9s az esztergomi Tescoban","datePublished":"2019-11-19T13:15:32+00:00","dateModified":"2019-11-19T13:23:47+00:00","mainEntityOfPage":{"@id":"https:\/\/dorogimedence.hu\/index.php\/2019\/11\/19\/adomanygyujtest-szerveznek-a-dorogi-es-az-esztergomi-tescoban\/"},"wordCount":554,"publisher":{"@id":"https:\/\/dorogimedence.hu\/#organization"},"image":{"@id":"https:\/\/dorogimedence.hu\/index.php\/2019\/11\/19\/adomanygyujtest-szerveznek-a-dorogi-es-az-esztergomi-tescoban\/#primaryimage"},"thumbnailUrl":"https:\/\/dorogimedence.hu\/wp-content\/uploads\/2019\/11\/elelmiszerbank.jpg","keywords":["adom\u00e1nygy\u0171jt\u00e9s","Dorog","\u00c9lelmiszerbank","esztergom","TESCO"],"articleSection":["Dorog","Esztergom","H\u00edrek"],"inLanguage":"hu"},{"@type":"WebPage","@id":"https:\/\/dorogimedence.hu\/index.php\/2019\/11\/19\/adomanygyujtest-szerveznek-a-dorogi-es-az-esztergomi-tescoban\/","url":"https:\/\/dorogimedence.hu\/index.php\/2019\/11\/19\/adomanygyujtest-szerveznek-a-dorogi-es-az-esztergomi-tescoban\/","name":"Adom\u00e1nygy\u0171jt\u00e9st szerveznek a dorogi \u00e9s az esztergomi Tescoban","isPartOf":{"@id":"https:\/\/dorogimedence.hu\/#website"},"primaryImageOfPage":{"@id":"https:\/\/dorogimedence.hu\/index.php\/2019\/11\/19\/adomanygyujtest-szerveznek-a-dorogi-es-az-esztergomi-tescoban\/#primaryimage"},"image":{"@id":"https:\/\/dorogimedence.hu\/index.php\/2019\/11\/19\/adomanygyujtest-szerveznek-a-dorogi-es-az-esztergomi-tescoban\/#primaryimage"},"thumbnailUrl":"https:\/\/dorogimedence.hu\/wp-content\/uploads\/2019\/11\/elelmiszerbank.jpg","datePublished":"2019-11-19T13:15:32+00:00","dateModified":"2019-11-19T13:23:47+00:00","breadcrumb":{"@id":"https:\/\/dorogimedence.hu\/index.php\/2019\/11\/19\/adomanygyujtest-szerveznek-a-dorogi-es-az-esztergomi-tescoban\/#breadcrumb"},"inLanguage":"hu","potentialAction":[{"@type":"ReadAction","target":["https:\/\/dorogimedence.hu\/index.php\/2019\/11\/19\/adomanygyujtest-szerveznek-a-dorogi-es-az-esztergomi-tescoban\/"]}]},{"@type":"ImageObject","inLanguage":"hu","@id":"https:\/\/dorogimedence.hu\/index.php\/2019\/11\/19\/adomanygyujtest-szerveznek-a-dorogi-es-az-esztergomi-tescoban\/#primaryimage","url":"https:\/\/dorogimedence.hu\/wp-content\/uploads\/2019\/11\/elelmiszerbank.jpg","contentUrl":"https:\/\/dorogimedence.hu\/wp-content\/uploads\/2019\/11\/elelmiszerbank.jpg","width":670,"height":365},{"@type":"BreadcrumbList","@id":"https:\/\/dorogimedence.hu\/index.php\/2019\/11\/19\/adomanygyujtest-szerveznek-a-dorogi-es-az-esztergomi-tescoban\/#breadcrumb","itemListElement":[{"@type":"ListItem","position":1,"name":"Kezd\u0151lap","item":"https:\/\/dorogimedence.hu\/"},{"@type":"ListItem","position":2,"name":"Adom\u00e1nygy\u0171jt\u00e9st szerveznek a dorogi \u00e9s az esztergomi Tescoban"}]},{"@type":"WebSite","@id":"https:\/\/dorogimedence.hu\/#website","url":"https:\/\/dorogimedence.hu\/","name":"Dorogi-medence Region\u00e1lis H\u00edrport\u00e1l","description":"Dorog, Keszt\u00f6lc, Le\u00e1nyv\u00e1r, Piliscs\u00e9v, Tokod, Tokodalt\u00e1r\u00f3, Csolnok, Esztergom-kertv\u00e1ros: h\u00edrek, programok","publisher":{"@id":"https:\/\/dorogimedence.hu\/#organization"},"potentialAction":[{"@type":"SearchAction","target":{"@type":"EntryPoint","urlTemplate":"https:\/\/dorogimedence.hu\/?s={search_term_string}"},"query-input":{"@type":"PropertyValueSpecification","valueRequired":true,"valueName":"search_term_string"}}],"inLanguage":"hu"},{"@type":"Organization","@id":"https:\/\/dorogimedence.hu\/#organization","name":"Dorogi-medence Region\u00e1lis H\u00edrport\u00e1l","url":"https:\/\/dorogimedence.hu\/","logo":{"@type":"ImageObject","inLanguage":"hu","@id":"https:\/\/dorogimedence.hu\/#\/schema\/logo\/image\/","url":"https:\/\/dorogimedence.hu\/wp-content\/uploads\/2021\/04\/logo-feher-600.png","contentUrl":"https:\/\/dorogimedence.hu\/wp-content\/uploads\/2021\/04\/logo-feher-600.png","width":600,"height":100,"caption":"Dorogi-medence Region\u00e1lis H\u00edrport\u00e1l"},"image":{"@id":"https:\/\/dorogimedence.hu\/#\/schema\/logo\/image\/"},"sameAs":["https:\/\/www.facebook.com\/dorogimedence\/"]},{"@type":"Person","@id":"https:\/\/dorogimedence.hu\/#\/schema\/person\/ce6091eeb7e95ecdc87890d6aa8e0fd4","name":"dorogimedence.hu","image":{"@type":"ImageObject","inLanguage":"hu","@id":"\/\/www.gravatar.com\/avatar\/d8d45f8901aadff40a4af72c0b826f1d?s=96&#038;r=g&#038;d=mm","url":"\/\/www.gravatar.com\/avatar\/d8d45f8901aadff40a4af72c0b826f1d?s=96&#038;r=g&#038;d=mm","contentUrl":"\/\/www.gravatar.com\/avatar\/d8d45f8901aadff40a4af72c0b826f1d?s=96&#038;r=g&#038;d=mm","caption":"dorogimedence.hu"}}]}},"_links":{"self":[{"href":"https:\/\/dorogimedence.hu\/index.php\/wp-json\/wp\/v2\/posts\/21028","targetHints":{"allow":["GET"]}}],"collection":[{"href":"https:\/\/dorogimedence.hu\/index.php\/wp-json\/wp\/v2\/posts"}],"about":[{"href":"https:\/\/dorogimedence.hu\/index.php\/wp-json\/wp\/v2\/types\/post"}],"author":[{"embeddable":true,"href":"https:\/\/dorogimedence.hu\/index.php\/wp-json\/wp\/v2\/users\/1"}],"replies":[{"embeddable":true,"href":"https:\/\/dorogimedence.hu\/index.php\/wp-json\/wp\/v2\/comments?post=21028"}],"version-history":[{"count":0,"href":"https:\/\/dorogimedence.hu\/index.php\/wp-json\/wp\/v2\/posts\/21028\/revisions"}],"wp:featuredmedia":[{"embeddable":true,"href":"https:\/\/dorogimedence.hu\/index.php\/wp-json\/wp\/v2\/media\/21029"}],"wp:attachment":[{"href":"https:\/\/dorogimedence.hu\/index.php\/wp-json\/wp\/v2\/media?parent=21028"}],"wp:term":[{"taxonomy":"category","embeddable":true,"href":"https:\/\/dorogimedence.hu\/index.php\/wp-json\/wp\/v2\/categories?post=21028"},{"taxonomy":"post_tag","embeddable":true,"href":"https:\/\/dorogimedence.hu\/index.php\/wp-json\/wp\/v2\/tags?post=21028"}],"curies":[{"name":"wp","href":"https:\/\/api.w.org\/{rel}","templated":true}]}}