{"id":21008,"date":"2019-11-19T07:39:44","date_gmt":"2019-11-19T06:39:44","guid":{"rendered":"http:\/\/dorogimedence.hu\/?p=21008"},"modified":"2019-11-19T07:42:56","modified_gmt":"2019-11-19T06:42:56","slug":"megszereztek-elso-gyozelmukat-a-dorogi-kezilabdas-lanyok","status":"publish","type":"post","link":"https:\/\/dorogimedence.hu\/index.php\/2019\/11\/19\/megszereztek-elso-gyozelmukat-a-dorogi-kezilabdas-lanyok\/","title":{"rendered":"Megszerezt\u00e9k els\u0151 gy\u0151zelm\u00fcket a dorogi k\u00e9zilabd\u00e1s l\u00e1nyok"},"content":{"rendered":"<p><strong>Megt\u00f6rt a j\u00e9g a dorogi k\u00e9zilabd\u00e1s l\u00e1nyokn\u00e1l, hiszen a szezon kezdete \u00f3ta most el\u0151sz\u00f6r siker\u00fclt nyerni\u00fck az NB I\/B nyugati csoportban.<\/strong><\/p>\n<p>Igazi als\u00f3 h\u00e1zi rangad\u00f3ra ker\u00fclt sor a bajnoks\u00e1g nyolcadik fordul\u00f3j\u00e1ban. A dorogiak Szombathelyre utaztak, ahol a Szombathelyi KKA U19-es csapattal m\u00e9rk\u0151ztek meg. Mindk\u00e9t csapat sz\u00e1m\u00e1ra nagy fontoss\u00e1ggal b\u00edrt a tal\u00e1lkoz\u00f3, hiszen a gy\u0151ztes, ha a h\u00e1tral\u00e9v\u0151 fordul\u00f3kban sikeresen szerepel, ak\u00e1r a k\u00f6z\u00e9pmez\u0151nyh\u00f6z is csatlakozhat az \u0151szi szezon v\u00e9g\u00e9re.<\/p>\n<p>P\u00f6d\u00f6r Blanka \u00e9s P\u00f6d\u00f6r Rebeka g\u00f3ljaival indult a m\u00e9rk\u0151z\u00e9s, de nem cs\u00fcggedtek, egy sz\u00e9pen kidolgozott akci\u00f3 ut\u00e1n Forg\u00e1cs Klaudia tal\u00e1lt a vasi kapuba. K\u00f6vetkezett egy \u00fajabb hazai b\u00fcntet\u0151 \u00edgy 3 percnyi j\u00e1t\u00e9k ut\u00e1n 2 g\u00f3los h\u00e1tr\u00e1nyba ker\u00fcltek (3-1). Szerencs\u00e9re elkapt\u00e1k a fonalat \u00e9s 3 dorogi tal\u00e1lat k\u00f6vetkezett, a dorogiak \u00e1tvett\u00e9k a vezet\u00e9st, k\u00f6sz\u00f6nhet\u0151en Pompor Anik\u00f3nak, aki ek\u00f6zben k\u00e9tszer is tudott h\u00e1r\u00edtani (3-4).<\/p>\n<p>A Szombathely \u00fajabb b\u00fcntet\u0151h\u00f6z jutott, melyet kihaszn\u00e1lt, de siker\u00fclt Kaposv\u00e1ri Anit\u00e1nak \u00e9s Forg\u00e1cs Klaudi\u00e1nak is g\u00f3lt szereznie (4-6). Ami ezut\u00e1n k\u00f6vetkezett az igazi r\u00e9m\u00e1lom volt, t\u00f6bb mint 9 percig nem szereztek a dorogiak \u00fajabb tal\u00e1latot, 5 rossz l\u00f6v\u00e9s\u00fck is volt ebben a szakaszban, a hazaiak mindek\u00f6zben n\u00e9gyszer tal\u00e1ltak be Anik\u00f3 kapuj\u00e1ba (8-6).<\/p>\n<p>S\u00e1rosi Nanetta t\u00f6rte meg a dorogi g\u00f3lcsendet, Pompor Anik\u00f3 pedig a k\u00f6vetkez\u0151 h\u00e1rom percben n\u00e9gy labd\u00e1t is h\u00e1r\u00edtott. \u00cdgy nyolc perccel az els\u0151 f\u00e9lid\u0151 v\u00e9ge el\u0151tt d\u00f6ntetlen \u00e1ll\u00e1st (9-9) mutatott az eredm\u00e9nyjelz\u0151.<\/p>\n<p>A h\u00e1tral\u00e9v\u0151 percek kiegyenl\u00edtett j\u00e1t\u00e9kot hoztak, \u00e1m ki kell emelni, hogy a Szombathely emberh\u00e1tr\u00e1nyban k\u00e9tszer is \u00fcres kapuval t\u00e1madott, amit mindk\u00e9tszer g\u00f3llal b\u00fcntett\u00fcnk meg. El\u0151sz\u00f6r Pompor Anik\u00f3 \u00e9rt el eg\u00e9sz p\u00e1ly\u00e1s tal\u00e1latot, ut\u00e1na pedig Balogh Vivien szerzett 20 m\u00e9terr\u0151l g\u00f3lt. A pihen\u0151re v\u00e9g\u00fcl egy g\u00f3los h\u00e1tr\u00e1nyban vonulhattak a dorogiak (14-13).<\/p>\n<p>A m\u00e1sodik 30 perc hihetetlen szoros k\u00fczdelmet hozott, egyik csapat sem tudott 2 g\u00f3los k\u00fcl\u00f6nbs\u00e9gn\u00e9l nagyobb el\u0151nyt szerezni. Az igazs\u00e1ghoz az\u00e9rt hozz\u00e1 tartozik, hogy a Szombathely utolj\u00e1ra a tal\u00e1lkoz\u00f3 37. perc\u00e9ben vezetett, teh\u00e1t ut\u00e1na ink\u00e1bb m\u00e1r a dorogiaknak \u00e1llt a m\u00e9rk\u0151z\u00e9s.<\/p>\n<p>A v\u00e9dekez\u00e9st ezut\u00e1n n\u00e9mileg \u00e1talak\u00edtott\u00e1k, mert a m\u00e1sodik 30 percben 8 g\u00f3lt kaptak a dorogiak. \u00d3ri\u00e1si energi\u00e1kat mozg\u00f3s\u00edtott a csapat, j\u00f3l v\u00e9dekeztek, Imrei N\u00f3ri pedig k\u00e9tszer is megl\u00f3gott \u00e9s k\u00f6nny\u0171 g\u00f3lt szerzett.<\/p>\n<p>Az edz\u0151 folyamatosan forgatta a csapatot, Stadler Merc\u00e9desz \u00e9rkezett a kapuba \u00e9s egyb\u0151l v\u00e9d\u00e9ssel kezdett, de p\u00e1ly\u00e1ra l\u00e9pett Uresch D\u00f3ra \u00e9s Balogh Vikt\u00f3ria is. Viszont az ellenfelet ennek ellen\u00e9re sem tudt\u00e1k ler\u00e1zni.<\/p>\n<p>15 perccel a v\u00e9ge el\u0151tt 19-19 volt az eredm\u00e9ny, 10 perccel a v\u00e9ge el\u0151tt 21-21. Elk\u00e9peszt\u0151 harc bontakozott ki. Kaposv\u00e1ri Anita okos g\u00f3lt szerzett, Klaudia pedig bel\u0151tte a jogosan meg\u00edt\u00e9lt b\u00fcntet\u0151t (21-23). A vasi csapat ezut\u00e1n n\u00e9gy perccel a v\u00e9ge el\u0151tt betal\u00e1lt 22-23, s\u0151t az egyenl\u00edt\u00e9s\u00e9rt t\u00e1madott, de Merci h\u00e1r\u00edtott! 3 perc volt h\u00e1tra, Szab\u00f3 Dorina \u00e1tl\u00f6v\u00e9sb\u0151l csodasz\u00e9p g\u00f3lt szerzett 22-24. A dorogiak mindent beleadtak a v\u00e9dekez\u00e9sbe, \u00e9s ennek k\u00f6sz\u00f6nhet\u0151en igazi helyzetet m\u00e1r nem tudott kialak\u00edtani a fiatal szombathelyi g\u00e1rda, \u00edgy siker\u00fclt megnyerni a tal\u00e1lkoz\u00f3t!<\/p>\n<p>V\u00e9geredm\u00e9ny<br \/>\n<span style=\"color: #ff0000;\"><strong>Szombathelyi KKA U19 \u2013 Dorogi ESE 22-24 (14-13)<\/strong><\/span><br \/>\nSzombathely, Egyetemi csarnok 150 n\u00e9z\u0151<br \/>\nVezette: Feh\u00e9r &#8211; K\u00e9kesi<\/p>\n<p><strong>\u00d6ssze\u00e1ll\u00edt\u00e1s:<\/strong> POMPOR Anik\u00f3 1 g\u00f3l (kapus) \u2013 IMREI N\u00f3ra 3 g\u00f3l, BALOGH Vivien 2 g\u00f3l, Sz\u0171cs Rita, Szab\u00f3 Dorina 2 g\u00f3l, FORG\u00c1CS Klaudia 9(2) g\u00f3l, Forg\u00e1cs Vikt\u00f3ria 1 g\u00f3l.<br \/>\nCser\u00e9k: STADLER Merc\u00e9desz \u00e9s Dob\u00e1ny Kitti (kapusok) &#8211; KAPOSV\u00c1RI Anita 3 g\u00f3l, S\u00c1ROSI Nanetta 3 g\u00f3l, URESCH D\u00f3ra, Rideg Ren\u00e1ta, S\u00fct\u0151 S\u00e1ra, Kiss Vir\u00e1g, Balogh Vikt\u00f3ria.<\/p>\n<p><strong>Bona Gerg\u0151:<\/strong> \u201eMa semmi m\u00e1s nem sz\u00e1m\u00edt, csak az, hogy megszerezt\u00fck a k\u00e9t pontot. B\u00fcszke vagyok a csapatra, hogy megbirk\u00f3zott a feladattal. Holnap meg m\u00e1r a k\u00f6vetkez\u0151 fordul\u00f3ra k\u00e9sz\u00fcl\u00fcnk.\u201d<\/p>\n<p><a href=\"https:\/\/www.keziszovetseg.hu\/v2h\/013\/004\/p_004.asp?p_merkozes_kod=2712&amp;p_merkozes_kod_evad=7&amp;p_kezilabda__evad_kod=7\" target=\"_blank\" rel=\"noopener noreferrer\"><span style=\"text-decoration: underline; color: #0000ff;\"><strong>Jegyz\u0151k\u00f6nyv&gt;&gt;<\/strong><\/span><\/a><\/p>\n<p><em>Fot\u00f3, forr\u00e1s: Dorogi ESE k\u00e9zilabda szakoszt\u00e1ly Facebook oldala<\/em><\/p>\n","protected":false},"excerpt":{"rendered":"<p>Megt\u00f6rt a j\u00e9g a dorogi k\u00e9zilabd\u00e1s l\u00e1nyokn\u00e1l, hiszen a szezon kezdete \u00f3ta most el\u0151sz\u00f6r siker\u00fclt nyerni\u00fck az NB I\/B nyugati csoportban. Igazi als\u00f3 h\u00e1zi rangad\u00f3ra ker\u00fclt sor a bajnoks\u00e1g nyolcadik fordul\u00f3j\u00e1ban. A dorogiak Szombathelyre utaztak, ahol a Szombathelyi KKA U19-es csapattal m\u00e9rk\u0151ztek meg. Mindk\u00e9t csapat sz\u00e1m\u00e1ra nagy fontoss\u00e1ggal b\u00edrt a tal\u00e1lkoz\u00f3, hiszen a gy\u0151ztes, ha<\/p>\n","protected":false},"author":1,"featured_media":21009,"comment_status":"closed","ping_status":"closed","sticky":false,"template":"","format":"standard","meta":{"ngg_post_thumbnail":0,"footnotes":""},"categories":[2,3,5],"tags":[15,424,355,3001,16],"class_list":{"0":"post-21008","1":"post","2":"type-post","3":"status-publish","4":"format-standard","5":"has-post-thumbnail","7":"category-dorog","8":"category-hirek","9":"category-sport","10":"tag-dorog","11":"tag-dorogi-ese","12":"tag-kezilabda","13":"tag-noi-kezilabda","14":"tag-sport"},"yoast_head":"<!-- This site is optimized with the Yoast SEO plugin v27.5 - https:\/\/yoast.com\/product\/yoast-seo-wordpress\/ -->\n<title>Megszerezt\u00e9k els\u0151 gy\u0151zelm\u00fcket a dorogi k\u00e9zilabd\u00e1s l\u00e1nyok<\/title>\n<meta name=\"robots\" content=\"index, follow, max-snippet:-1, max-image-preview:large, max-video-preview:-1\" \/>\n<link rel=\"canonical\" href=\"https:\/\/dorogimedence.hu\/index.php\/2019\/11\/19\/megszereztek-elso-gyozelmukat-a-dorogi-kezilabdas-lanyok\/\" class=\"yoast-seo-meta-tag\" \/>\n<meta property=\"og:locale\" content=\"hu_HU\" class=\"yoast-seo-meta-tag\" \/>\n<meta property=\"og:type\" content=\"article\" class=\"yoast-seo-meta-tag\" \/>\n<meta property=\"og:title\" content=\"Megszerezt\u00e9k els\u0151 gy\u0151zelm\u00fcket a dorogi k\u00e9zilabd\u00e1s l\u00e1nyok\" class=\"yoast-seo-meta-tag\" \/>\n<meta property=\"og:description\" content=\"Megt\u00f6rt a j\u00e9g a dorogi k\u00e9zilabd\u00e1s l\u00e1nyokn\u00e1l, hiszen a szezon kezdete \u00f3ta most el\u0151sz\u00f6r siker\u00fclt nyerni\u00fck az NB I\/B nyugati csoportban. Igazi als\u00f3 h\u00e1zi rangad\u00f3ra ker\u00fclt sor a bajnoks\u00e1g nyolcadik fordul\u00f3j\u00e1ban. A dorogiak Szombathelyre utaztak, ahol a Szombathelyi KKA U19-es csapattal m\u00e9rk\u0151ztek meg. Mindk\u00e9t csapat sz\u00e1m\u00e1ra nagy fontoss\u00e1ggal b\u00edrt a tal\u00e1lkoz\u00f3, hiszen a gy\u0151ztes, ha\" class=\"yoast-seo-meta-tag\" \/>\n<meta property=\"og:url\" content=\"https:\/\/dorogimedence.hu\/index.php\/2019\/11\/19\/megszereztek-elso-gyozelmukat-a-dorogi-kezilabdas-lanyok\/\" class=\"yoast-seo-meta-tag\" \/>\n<meta property=\"og:site_name\" content=\"Dorogi-medence Region\u00e1lis H\u00edrport\u00e1l\" class=\"yoast-seo-meta-tag\" \/>\n<meta property=\"article:publisher\" content=\"https:\/\/www.facebook.com\/dorogimedence\/\" class=\"yoast-seo-meta-tag\" \/>\n<meta property=\"article:published_time\" content=\"2019-11-19T06:39:44+00:00\" class=\"yoast-seo-meta-tag\" \/>\n<meta property=\"article:modified_time\" content=\"2019-11-19T06:42:56+00:00\" class=\"yoast-seo-meta-tag\" \/>\n<meta property=\"og:image\" content=\"https:\/\/i0.wp.com\/dorogimedence.hu\/wp-content\/uploads\/2019\/11\/dorog-kezilabda.jpg?fit=670%2C365&ssl=1\" class=\"yoast-seo-meta-tag\" \/>\n\t<meta property=\"og:image:width\" content=\"670\" class=\"yoast-seo-meta-tag\" \/>\n\t<meta property=\"og:image:height\" content=\"365\" class=\"yoast-seo-meta-tag\" \/>\n\t<meta property=\"og:image:type\" content=\"image\/jpeg\" class=\"yoast-seo-meta-tag\" \/>\n<meta name=\"author\" content=\"dorogimedence.hu\" class=\"yoast-seo-meta-tag\" \/>\n<meta name=\"twitter:card\" content=\"summary_large_image\" class=\"yoast-seo-meta-tag\" \/>\n<meta name=\"twitter:label1\" content=\"Szerz\u0151:\" class=\"yoast-seo-meta-tag\" \/>\n\t<meta name=\"twitter:data1\" content=\"dorogimedence.hu\" class=\"yoast-seo-meta-tag\" \/>\n\t<meta name=\"twitter:label2\" content=\"Becs\u00fclt olvas\u00e1si id\u0151\" class=\"yoast-seo-meta-tag\" \/>\n\t<meta name=\"twitter:data2\" content=\"4 perc\" class=\"yoast-seo-meta-tag\" \/>\n<script type=\"application\/ld+json\" class=\"yoast-schema-graph\">{\"@context\":\"https:\\\/\\\/schema.org\",\"@graph\":[{\"@type\":\"Article\",\"@id\":\"https:\\\/\\\/dorogimedence.hu\\\/index.php\\\/2019\\\/11\\\/19\\\/megszereztek-elso-gyozelmukat-a-dorogi-kezilabdas-lanyok\\\/#article\",\"isPartOf\":{\"@id\":\"https:\\\/\\\/dorogimedence.hu\\\/index.php\\\/2019\\\/11\\\/19\\\/megszereztek-elso-gyozelmukat-a-dorogi-kezilabdas-lanyok\\\/\"},\"author\":{\"name\":\"dorogimedence.hu\",\"@id\":\"https:\\\/\\\/dorogimedence.hu\\\/#\\\/schema\\\/person\\\/ce6091eeb7e95ecdc87890d6aa8e0fd4\"},\"headline\":\"Megszerezt\u00e9k els\u0151 gy\u0151zelm\u00fcket a dorogi k\u00e9zilabd\u00e1s l\u00e1nyok\",\"datePublished\":\"2019-11-19T06:39:44+00:00\",\"dateModified\":\"2019-11-19T06:42:56+00:00\",\"mainEntityOfPage\":{\"@id\":\"https:\\\/\\\/dorogimedence.hu\\\/index.php\\\/2019\\\/11\\\/19\\\/megszereztek-elso-gyozelmukat-a-dorogi-kezilabdas-lanyok\\\/\"},\"wordCount\":839,\"publisher\":{\"@id\":\"https:\\\/\\\/dorogimedence.hu\\\/#organization\"},\"image\":{\"@id\":\"https:\\\/\\\/dorogimedence.hu\\\/index.php\\\/2019\\\/11\\\/19\\\/megszereztek-elso-gyozelmukat-a-dorogi-kezilabdas-lanyok\\\/#primaryimage\"},\"thumbnailUrl\":\"https:\\\/\\\/dorogimedence.hu\\\/wp-content\\\/uploads\\\/2019\\\/11\\\/dorog-kezilabda.jpg\",\"keywords\":[\"Dorog\",\"Dorogi ESE\",\"k\u00e9zilabda\",\"n\u0151i k\u00e9zilabda\",\"sport\"],\"articleSection\":[\"Dorog\",\"H\u00edrek\",\"Sport\"],\"inLanguage\":\"hu\"},{\"@type\":\"WebPage\",\"@id\":\"https:\\\/\\\/dorogimedence.hu\\\/index.php\\\/2019\\\/11\\\/19\\\/megszereztek-elso-gyozelmukat-a-dorogi-kezilabdas-lanyok\\\/\",\"url\":\"https:\\\/\\\/dorogimedence.hu\\\/index.php\\\/2019\\\/11\\\/19\\\/megszereztek-elso-gyozelmukat-a-dorogi-kezilabdas-lanyok\\\/\",\"name\":\"Megszerezt\u00e9k els\u0151 gy\u0151zelm\u00fcket a dorogi k\u00e9zilabd\u00e1s l\u00e1nyok\",\"isPartOf\":{\"@id\":\"https:\\\/\\\/dorogimedence.hu\\\/#website\"},\"primaryImageOfPage\":{\"@id\":\"https:\\\/\\\/dorogimedence.hu\\\/index.php\\\/2019\\\/11\\\/19\\\/megszereztek-elso-gyozelmukat-a-dorogi-kezilabdas-lanyok\\\/#primaryimage\"},\"image\":{\"@id\":\"https:\\\/\\\/dorogimedence.hu\\\/index.php\\\/2019\\\/11\\\/19\\\/megszereztek-elso-gyozelmukat-a-dorogi-kezilabdas-lanyok\\\/#primaryimage\"},\"thumbnailUrl\":\"https:\\\/\\\/dorogimedence.hu\\\/wp-content\\\/uploads\\\/2019\\\/11\\\/dorog-kezilabda.jpg\",\"datePublished\":\"2019-11-19T06:39:44+00:00\",\"dateModified\":\"2019-11-19T06:42:56+00:00\",\"breadcrumb\":{\"@id\":\"https:\\\/\\\/dorogimedence.hu\\\/index.php\\\/2019\\\/11\\\/19\\\/megszereztek-elso-gyozelmukat-a-dorogi-kezilabdas-lanyok\\\/#breadcrumb\"},\"inLanguage\":\"hu\",\"potentialAction\":[{\"@type\":\"ReadAction\",\"target\":[\"https:\\\/\\\/dorogimedence.hu\\\/index.php\\\/2019\\\/11\\\/19\\\/megszereztek-elso-gyozelmukat-a-dorogi-kezilabdas-lanyok\\\/\"]}]},{\"@type\":\"ImageObject\",\"inLanguage\":\"hu\",\"@id\":\"https:\\\/\\\/dorogimedence.hu\\\/index.php\\\/2019\\\/11\\\/19\\\/megszereztek-elso-gyozelmukat-a-dorogi-kezilabdas-lanyok\\\/#primaryimage\",\"url\":\"https:\\\/\\\/dorogimedence.hu\\\/wp-content\\\/uploads\\\/2019\\\/11\\\/dorog-kezilabda.jpg\",\"contentUrl\":\"https:\\\/\\\/dorogimedence.hu\\\/wp-content\\\/uploads\\\/2019\\\/11\\\/dorog-kezilabda.jpg\",\"width\":670,\"height\":365},{\"@type\":\"BreadcrumbList\",\"@id\":\"https:\\\/\\\/dorogimedence.hu\\\/index.php\\\/2019\\\/11\\\/19\\\/megszereztek-elso-gyozelmukat-a-dorogi-kezilabdas-lanyok\\\/#breadcrumb\",\"itemListElement\":[{\"@type\":\"ListItem\",\"position\":1,\"name\":\"Kezd\u0151lap\",\"item\":\"https:\\\/\\\/dorogimedence.hu\\\/\"},{\"@type\":\"ListItem\",\"position\":2,\"name\":\"Megszerezt\u00e9k els\u0151 gy\u0151zelm\u00fcket a dorogi k\u00e9zilabd\u00e1s l\u00e1nyok\"}]},{\"@type\":\"WebSite\",\"@id\":\"https:\\\/\\\/dorogimedence.hu\\\/#website\",\"url\":\"https:\\\/\\\/dorogimedence.hu\\\/\",\"name\":\"Dorogi-medence Region\u00e1lis H\u00edrport\u00e1l\",\"description\":\"Dorog, Keszt\u00f6lc, Le\u00e1nyv\u00e1r, Piliscs\u00e9v, Tokod, Tokodalt\u00e1r\u00f3, Csolnok, Esztergom-kertv\u00e1ros: h\u00edrek, programok\",\"publisher\":{\"@id\":\"https:\\\/\\\/dorogimedence.hu\\\/#organization\"},\"potentialAction\":[{\"@type\":\"SearchAction\",\"target\":{\"@type\":\"EntryPoint\",\"urlTemplate\":\"https:\\\/\\\/dorogimedence.hu\\\/?s={search_term_string}\"},\"query-input\":{\"@type\":\"PropertyValueSpecification\",\"valueRequired\":true,\"valueName\":\"search_term_string\"}}],\"inLanguage\":\"hu\"},{\"@type\":\"Organization\",\"@id\":\"https:\\\/\\\/dorogimedence.hu\\\/#organization\",\"name\":\"Dorogi-medence Region\u00e1lis H\u00edrport\u00e1l\",\"url\":\"https:\\\/\\\/dorogimedence.hu\\\/\",\"logo\":{\"@type\":\"ImageObject\",\"inLanguage\":\"hu\",\"@id\":\"https:\\\/\\\/dorogimedence.hu\\\/#\\\/schema\\\/logo\\\/image\\\/\",\"url\":\"https:\\\/\\\/dorogimedence.hu\\\/wp-content\\\/uploads\\\/2021\\\/04\\\/logo-feher-600.png\",\"contentUrl\":\"https:\\\/\\\/dorogimedence.hu\\\/wp-content\\\/uploads\\\/2021\\\/04\\\/logo-feher-600.png\",\"width\":600,\"height\":100,\"caption\":\"Dorogi-medence Region\u00e1lis H\u00edrport\u00e1l\"},\"image\":{\"@id\":\"https:\\\/\\\/dorogimedence.hu\\\/#\\\/schema\\\/logo\\\/image\\\/\"},\"sameAs\":[\"https:\\\/\\\/www.facebook.com\\\/dorogimedence\\\/\"]},{\"@type\":\"Person\",\"@id\":\"https:\\\/\\\/dorogimedence.hu\\\/#\\\/schema\\\/person\\\/ce6091eeb7e95ecdc87890d6aa8e0fd4\",\"name\":\"dorogimedence.hu\",\"image\":{\"@type\":\"ImageObject\",\"inLanguage\":\"hu\",\"@id\":\"\\\/\\\/www.gravatar.com\\\/avatar\\\/d8d45f8901aadff40a4af72c0b826f1d?s=96&#038;r=g&#038;d=mm\",\"url\":\"\\\/\\\/www.gravatar.com\\\/avatar\\\/d8d45f8901aadff40a4af72c0b826f1d?s=96&#038;r=g&#038;d=mm\",\"contentUrl\":\"\\\/\\\/www.gravatar.com\\\/avatar\\\/d8d45f8901aadff40a4af72c0b826f1d?s=96&#038;r=g&#038;d=mm\",\"caption\":\"dorogimedence.hu\"}}]}<\/script>\n<!-- \/ Yoast SEO plugin. -->","yoast_head_json":{"title":"Megszerezt\u00e9k els\u0151 gy\u0151zelm\u00fcket a dorogi k\u00e9zilabd\u00e1s l\u00e1nyok","robots":{"index":"index","follow":"follow","max-snippet":"max-snippet:-1","max-image-preview":"max-image-preview:large","max-video-preview":"max-video-preview:-1"},"canonical":"https:\/\/dorogimedence.hu\/index.php\/2019\/11\/19\/megszereztek-elso-gyozelmukat-a-dorogi-kezilabdas-lanyok\/","og_locale":"hu_HU","og_type":"article","og_title":"Megszerezt\u00e9k els\u0151 gy\u0151zelm\u00fcket a dorogi k\u00e9zilabd\u00e1s l\u00e1nyok","og_description":"Megt\u00f6rt a j\u00e9g a dorogi k\u00e9zilabd\u00e1s l\u00e1nyokn\u00e1l, hiszen a szezon kezdete \u00f3ta most el\u0151sz\u00f6r siker\u00fclt nyerni\u00fck az NB I\/B nyugati csoportban. Igazi als\u00f3 h\u00e1zi rangad\u00f3ra ker\u00fclt sor a bajnoks\u00e1g nyolcadik fordul\u00f3j\u00e1ban. A dorogiak Szombathelyre utaztak, ahol a Szombathelyi KKA U19-es csapattal m\u00e9rk\u0151ztek meg. Mindk\u00e9t csapat sz\u00e1m\u00e1ra nagy fontoss\u00e1ggal b\u00edrt a tal\u00e1lkoz\u00f3, hiszen a gy\u0151ztes, ha","og_url":"https:\/\/dorogimedence.hu\/index.php\/2019\/11\/19\/megszereztek-elso-gyozelmukat-a-dorogi-kezilabdas-lanyok\/","og_site_name":"Dorogi-medence Region\u00e1lis H\u00edrport\u00e1l","article_publisher":"https:\/\/www.facebook.com\/dorogimedence\/","article_published_time":"2019-11-19T06:39:44+00:00","article_modified_time":"2019-11-19T06:42:56+00:00","og_image":[{"width":670,"height":365,"url":"https:\/\/i0.wp.com\/dorogimedence.hu\/wp-content\/uploads\/2019\/11\/dorog-kezilabda.jpg?fit=670%2C365&ssl=1","type":"image\/jpeg"}],"author":"dorogimedence.hu","twitter_card":"summary_large_image","twitter_misc":{"Szerz\u0151:":"dorogimedence.hu","Becs\u00fclt olvas\u00e1si id\u0151":"4 perc"},"schema":{"@context":"https:\/\/schema.org","@graph":[{"@type":"Article","@id":"https:\/\/dorogimedence.hu\/index.php\/2019\/11\/19\/megszereztek-elso-gyozelmukat-a-dorogi-kezilabdas-lanyok\/#article","isPartOf":{"@id":"https:\/\/dorogimedence.hu\/index.php\/2019\/11\/19\/megszereztek-elso-gyozelmukat-a-dorogi-kezilabdas-lanyok\/"},"author":{"name":"dorogimedence.hu","@id":"https:\/\/dorogimedence.hu\/#\/schema\/person\/ce6091eeb7e95ecdc87890d6aa8e0fd4"},"headline":"Megszerezt\u00e9k els\u0151 gy\u0151zelm\u00fcket a dorogi k\u00e9zilabd\u00e1s l\u00e1nyok","datePublished":"2019-11-19T06:39:44+00:00","dateModified":"2019-11-19T06:42:56+00:00","mainEntityOfPage":{"@id":"https:\/\/dorogimedence.hu\/index.php\/2019\/11\/19\/megszereztek-elso-gyozelmukat-a-dorogi-kezilabdas-lanyok\/"},"wordCount":839,"publisher":{"@id":"https:\/\/dorogimedence.hu\/#organization"},"image":{"@id":"https:\/\/dorogimedence.hu\/index.php\/2019\/11\/19\/megszereztek-elso-gyozelmukat-a-dorogi-kezilabdas-lanyok\/#primaryimage"},"thumbnailUrl":"https:\/\/dorogimedence.hu\/wp-content\/uploads\/2019\/11\/dorog-kezilabda.jpg","keywords":["Dorog","Dorogi ESE","k\u00e9zilabda","n\u0151i k\u00e9zilabda","sport"],"articleSection":["Dorog","H\u00edrek","Sport"],"inLanguage":"hu"},{"@type":"WebPage","@id":"https:\/\/dorogimedence.hu\/index.php\/2019\/11\/19\/megszereztek-elso-gyozelmukat-a-dorogi-kezilabdas-lanyok\/","url":"https:\/\/dorogimedence.hu\/index.php\/2019\/11\/19\/megszereztek-elso-gyozelmukat-a-dorogi-kezilabdas-lanyok\/","name":"Megszerezt\u00e9k els\u0151 gy\u0151zelm\u00fcket a dorogi k\u00e9zilabd\u00e1s l\u00e1nyok","isPartOf":{"@id":"https:\/\/dorogimedence.hu\/#website"},"primaryImageOfPage":{"@id":"https:\/\/dorogimedence.hu\/index.php\/2019\/11\/19\/megszereztek-elso-gyozelmukat-a-dorogi-kezilabdas-lanyok\/#primaryimage"},"image":{"@id":"https:\/\/dorogimedence.hu\/index.php\/2019\/11\/19\/megszereztek-elso-gyozelmukat-a-dorogi-kezilabdas-lanyok\/#primaryimage"},"thumbnailUrl":"https:\/\/dorogimedence.hu\/wp-content\/uploads\/2019\/11\/dorog-kezilabda.jpg","datePublished":"2019-11-19T06:39:44+00:00","dateModified":"2019-11-19T06:42:56+00:00","breadcrumb":{"@id":"https:\/\/dorogimedence.hu\/index.php\/2019\/11\/19\/megszereztek-elso-gyozelmukat-a-dorogi-kezilabdas-lanyok\/#breadcrumb"},"inLanguage":"hu","potentialAction":[{"@type":"ReadAction","target":["https:\/\/dorogimedence.hu\/index.php\/2019\/11\/19\/megszereztek-elso-gyozelmukat-a-dorogi-kezilabdas-lanyok\/"]}]},{"@type":"ImageObject","inLanguage":"hu","@id":"https:\/\/dorogimedence.hu\/index.php\/2019\/11\/19\/megszereztek-elso-gyozelmukat-a-dorogi-kezilabdas-lanyok\/#primaryimage","url":"https:\/\/dorogimedence.hu\/wp-content\/uploads\/2019\/11\/dorog-kezilabda.jpg","contentUrl":"https:\/\/dorogimedence.hu\/wp-content\/uploads\/2019\/11\/dorog-kezilabda.jpg","width":670,"height":365},{"@type":"BreadcrumbList","@id":"https:\/\/dorogimedence.hu\/index.php\/2019\/11\/19\/megszereztek-elso-gyozelmukat-a-dorogi-kezilabdas-lanyok\/#breadcrumb","itemListElement":[{"@type":"ListItem","position":1,"name":"Kezd\u0151lap","item":"https:\/\/dorogimedence.hu\/"},{"@type":"ListItem","position":2,"name":"Megszerezt\u00e9k els\u0151 gy\u0151zelm\u00fcket a dorogi k\u00e9zilabd\u00e1s l\u00e1nyok"}]},{"@type":"WebSite","@id":"https:\/\/dorogimedence.hu\/#website","url":"https:\/\/dorogimedence.hu\/","name":"Dorogi-medence Region\u00e1lis H\u00edrport\u00e1l","description":"Dorog, Keszt\u00f6lc, Le\u00e1nyv\u00e1r, Piliscs\u00e9v, Tokod, Tokodalt\u00e1r\u00f3, Csolnok, Esztergom-kertv\u00e1ros: h\u00edrek, programok","publisher":{"@id":"https:\/\/dorogimedence.hu\/#organization"},"potentialAction":[{"@type":"SearchAction","target":{"@type":"EntryPoint","urlTemplate":"https:\/\/dorogimedence.hu\/?s={search_term_string}"},"query-input":{"@type":"PropertyValueSpecification","valueRequired":true,"valueName":"search_term_string"}}],"inLanguage":"hu"},{"@type":"Organization","@id":"https:\/\/dorogimedence.hu\/#organization","name":"Dorogi-medence Region\u00e1lis H\u00edrport\u00e1l","url":"https:\/\/dorogimedence.hu\/","logo":{"@type":"ImageObject","inLanguage":"hu","@id":"https:\/\/dorogimedence.hu\/#\/schema\/logo\/image\/","url":"https:\/\/dorogimedence.hu\/wp-content\/uploads\/2021\/04\/logo-feher-600.png","contentUrl":"https:\/\/dorogimedence.hu\/wp-content\/uploads\/2021\/04\/logo-feher-600.png","width":600,"height":100,"caption":"Dorogi-medence Region\u00e1lis H\u00edrport\u00e1l"},"image":{"@id":"https:\/\/dorogimedence.hu\/#\/schema\/logo\/image\/"},"sameAs":["https:\/\/www.facebook.com\/dorogimedence\/"]},{"@type":"Person","@id":"https:\/\/dorogimedence.hu\/#\/schema\/person\/ce6091eeb7e95ecdc87890d6aa8e0fd4","name":"dorogimedence.hu","image":{"@type":"ImageObject","inLanguage":"hu","@id":"\/\/www.gravatar.com\/avatar\/d8d45f8901aadff40a4af72c0b826f1d?s=96&#038;r=g&#038;d=mm","url":"\/\/www.gravatar.com\/avatar\/d8d45f8901aadff40a4af72c0b826f1d?s=96&#038;r=g&#038;d=mm","contentUrl":"\/\/www.gravatar.com\/avatar\/d8d45f8901aadff40a4af72c0b826f1d?s=96&#038;r=g&#038;d=mm","caption":"dorogimedence.hu"}}]}},"_links":{"self":[{"href":"https:\/\/dorogimedence.hu\/index.php\/wp-json\/wp\/v2\/posts\/21008","targetHints":{"allow":["GET"]}}],"collection":[{"href":"https:\/\/dorogimedence.hu\/index.php\/wp-json\/wp\/v2\/posts"}],"about":[{"href":"https:\/\/dorogimedence.hu\/index.php\/wp-json\/wp\/v2\/types\/post"}],"author":[{"embeddable":true,"href":"https:\/\/dorogimedence.hu\/index.php\/wp-json\/wp\/v2\/users\/1"}],"replies":[{"embeddable":true,"href":"https:\/\/dorogimedence.hu\/index.php\/wp-json\/wp\/v2\/comments?post=21008"}],"version-history":[{"count":0,"href":"https:\/\/dorogimedence.hu\/index.php\/wp-json\/wp\/v2\/posts\/21008\/revisions"}],"wp:featuredmedia":[{"embeddable":true,"href":"https:\/\/dorogimedence.hu\/index.php\/wp-json\/wp\/v2\/media\/21009"}],"wp:attachment":[{"href":"https:\/\/dorogimedence.hu\/index.php\/wp-json\/wp\/v2\/media?parent=21008"}],"wp:term":[{"taxonomy":"category","embeddable":true,"href":"https:\/\/dorogimedence.hu\/index.php\/wp-json\/wp\/v2\/categories?post=21008"},{"taxonomy":"post_tag","embeddable":true,"href":"https:\/\/dorogimedence.hu\/index.php\/wp-json\/wp\/v2\/tags?post=21008"}],"curies":[{"name":"wp","href":"https:\/\/api.w.org\/{rel}","templated":true}]}}