{"id":20997,"date":"2019-11-18T16:37:01","date_gmt":"2019-11-18T15:37:01","guid":{"rendered":"http:\/\/dorogimedence.hu\/?p=20997"},"modified":"2019-11-18T16:37:47","modified_gmt":"2019-11-18T15:37:47","slug":"kovacs-lajosra-emlekeztek-dorogon","status":"publish","type":"post","link":"https:\/\/dorogimedence.hu\/index.php\/2019\/11\/18\/kovacs-lajosra-emlekeztek-dorogon\/","title":{"rendered":"Kov\u00e1cs Lajosra eml\u00e9keztek Dorogon"},"content":{"rendered":"<p><strong>November 15-\u00e9n, p\u00e9nteken a Dorogi J\u00f3zsef Attila M\u0171vel\u0151d\u00e9si H\u00e1zban mutatt\u00e1k be a Kov\u00e1cs Lajos Eml\u00e9kk\u00f6nyvet, mellyel a v\u00e1ros egykori d\u00edszpolg\u00e1r\u00e1nak munk\u00e1ss\u00e1ga el\u0151tt tisztelegnek.<\/strong><\/p>\n<p>A Dorog V\u00e1ros Bar\u00e1tainak Egyes\u00fclete (DVBE) \u00e9s az \u00f6nkorm\u00e1nyzat k\u00f6z\u00f6s rendezv\u00e9ny\u00e9n dr. Tittmann J\u00e1nos polg\u00e1rmester mondott k\u00f6sz\u00f6nt\u0151t, melyben kit\u00e9rt arra is, hogy a mi feladatunk az, hogy a m\u00faltban \u00e9s a jelenben is halmoz\u00f3d\u00f3 apr\u00f3 \u00e9rt\u00e9keink felkutat\u00e1s\u00e1ra \u00e9s bemutat\u00e1sa is megfelel\u0151 szellemi m\u0171helyt hozzunk l\u00e9tre.<\/p>\n<p><img fetchpriority=\"high\" decoding=\"async\" class=\"alignnone size-full wp-image-21004\" src=\"https:\/\/dorogimedence.hu\/wp-content\/uploads\/2019\/11\/kovacs-07.jpg\" alt=\"\" width=\"670\" height=\"365\" srcset=\"https:\/\/dorogimedence.hu\/wp-content\/uploads\/2019\/11\/kovacs-07.jpg 670w, https:\/\/dorogimedence.hu\/wp-content\/uploads\/2019\/11\/kovacs-07-300x163.jpg 300w\" sizes=\"(max-width: 670px) 100vw, 670px\" \/><\/p>\n<p>A k\u00f6tetr\u0151l r\u00e9szletesen Bombitz Attila szerkeszt\u0151, irodalomt\u00f6rt\u00e9n\u00e9sz besz\u00e9lt. Aki felid\u00e9zte a Kov\u00e1cs Lajoshoz f\u0171z\u0151d\u0151 kapcsolat\u00e1t, illetve felolvasta azoknak a nev\u00e9t, akik k\u00f6zrem\u0171k\u00f6dtek a k\u00f6nyv megsz\u00fclet\u00e9s\u00e9ben. Rajtuk kereszt\u00fcl pr\u00f3b\u00e1lta meg ugyanis felt\u00e9rk\u00e9pezni a jeles lok\u00e1lpatri\u00f3ta munkater\u00fclet\u00e9t, hobbij\u00e1t, \u00e9rdekl\u0151d\u00e9s\u00e9t \u00e9s szem\u00e9lyes kapcsolatait. 70. sz\u00fclet\u00e9snapja alkalm\u00e1b\u00f3l ebben a h\u00f3napban n\u00e9gy foly\u00f3irat is k\u00f6z\u00f6lt n\u00e9h\u00e1nyat Kov\u00e1cs Lajos \u00edr\u00e1saib\u00f3l: ezzel kapcsolatban Bombitz Attila \u00fagy fogalmazott, rem\u00e9li, lesznek m\u00e9g olyan irodalmi m\u0171helyek, melyek fontosnak tal\u00e1lj\u00e1k az \u0151 munk\u00e1ss\u00e1g\u00e1nak meg\u0151rz\u00e9s\u00e9t.<\/p>\n<p><img decoding=\"async\" class=\"alignnone size-full wp-image-20999\" src=\"https:\/\/dorogimedence.hu\/wp-content\/uploads\/2019\/11\/kovacs-02.jpg\" alt=\"\" width=\"670\" height=\"365\" srcset=\"https:\/\/dorogimedence.hu\/wp-content\/uploads\/2019\/11\/kovacs-02.jpg 670w, https:\/\/dorogimedence.hu\/wp-content\/uploads\/2019\/11\/kovacs-02-300x163.jpg 300w\" sizes=\"(max-width: 670px) 100vw, 670px\" \/><\/p>\n<p>Dr. Monostori Imre irodalomt\u00f6rt\u00e9n\u00e9sz az \u00edr\u00f3i oldal\u00e1t mutatta be. Felolvasta Kov\u00e1cs Lajos \u201eBart\u00f3k sz\u00e9kelyein\u00e9l\u201d c\u00edm\u0171 vers\u00e9t is, mely az \u00daj Forr\u00e1s foly\u00f3iratban jelent meg. Megjegyezte, hogy az id\u0151k sor\u00e1n egyre elm\u00e9ly\u00fcltebbek lettek az \u00edr\u00e1sai, melyekb\u0151l megismerhetj\u00fck az \u0151 jellegzetes szem\u00e9lyis\u00e9g\u00e9t is.<\/p>\n<p><img decoding=\"async\" class=\"alignnone size-full wp-image-21000\" src=\"https:\/\/dorogimedence.hu\/wp-content\/uploads\/2019\/11\/kovacs-03.jpg\" alt=\"\" width=\"670\" height=\"365\" srcset=\"https:\/\/dorogimedence.hu\/wp-content\/uploads\/2019\/11\/kovacs-03.jpg 670w, https:\/\/dorogimedence.hu\/wp-content\/uploads\/2019\/11\/kovacs-03-300x163.jpg 300w\" sizes=\"(max-width: 670px) 100vw, 670px\" \/><\/p>\n<p>Vitathatatlan Kov\u00e1cs Lajos pedag\u00f3gia ter\u00fclet\u00e9n el\u00e9rt eredm\u00e9nyei, melyekr\u0151l J\u00e1szber\u00e9nyi K\u00e1roly alpolg\u00e1rmester besz\u00e9lt. Elmondta, hogy sz\u00e1m\u00e1ra \u0151 egyszerre volt a tan\u00edt\u00f3ja, a tan\u00e1ra \u00e9s a koll\u00e9g\u00e1ja. Mindig nyitott volt az \u00faj\u00edt\u00e1sokra, a tapasztalatokat \u00e9rt\u00e9kelve pedig kereste a legjobb megold\u00e1sokat \u2013 tette hozz\u00e1.<\/p>\n<p><img loading=\"lazy\" decoding=\"async\" class=\"alignnone size-full wp-image-21001\" src=\"https:\/\/dorogimedence.hu\/wp-content\/uploads\/2019\/11\/kovacs-04.jpg\" alt=\"\" width=\"670\" height=\"365\" srcset=\"https:\/\/dorogimedence.hu\/wp-content\/uploads\/2019\/11\/kovacs-04.jpg 670w, https:\/\/dorogimedence.hu\/wp-content\/uploads\/2019\/11\/kovacs-04-300x163.jpg 300w\" sizes=\"(max-width: 670px) 100vw, 670px\" \/><\/p>\n<p>V\u00e9g\u00fcl a helyt\u00f6rt\u00e9neti munk\u00e1ss\u00e1g\u00e1r\u00f3l is hallhatott a k\u00f6z\u00f6ns\u00e9g, melyet Dank\u00f3 J\u00f3zsef, a DVBE eln\u00f6ke mutatott be. Mint mondta, Kov\u00e1cs Lajos a dorogi \u00e9rt\u00e9keket alapos kutat\u00e1ssal t\u00e1rta fel. Az iskola falain t\u00fal is k\u00f6z\u00f6ss\u00e9geket teremtett, publik\u00e1lt, kutatott, n\u00e9pszer\u0171s\u00edtette a helyt\u00f6rt\u00e9nelmet. Neki k\u00f6sz\u00f6nhet\u0151en arra is f\u00e9ny der\u00fclt, hogy Koszkol Jen\u0151 k\u00e9t h\u00edres festm\u00e9nye, melyen Dorog 1905-\u00f6s, illetve 1929-es l\u00e1tk\u00e9pe l\u00e1that\u00f3 val\u00f3j\u00e1ban egyid\u0151ben k\u00e9sz\u00fclt.<\/p>\n<p><img loading=\"lazy\" decoding=\"async\" class=\"alignnone size-full wp-image-21002\" src=\"https:\/\/dorogimedence.hu\/wp-content\/uploads\/2019\/11\/kovacs-05.jpg\" alt=\"\" width=\"670\" height=\"365\" srcset=\"https:\/\/dorogimedence.hu\/wp-content\/uploads\/2019\/11\/kovacs-05.jpg 670w, https:\/\/dorogimedence.hu\/wp-content\/uploads\/2019\/11\/kovacs-05-300x163.jpg 300w\" sizes=\"(max-width: 670px) 100vw, 670px\" \/><\/p>\n<p>Az el\u0151ad\u00e1sok ut\u00e1n Kapa Melinda m\u0171v\u00e9sztan\u00e1r \u00e1tny\u00fajtotta a festm\u00e9ny\u00e9t a csal\u00e1dnak, mellyel Kov\u00e1cs Lajos munk\u00e1ss\u00e1ga el\u0151tt k\u00edv\u00e1nt tisztelegni.<\/p>\n<p><img loading=\"lazy\" decoding=\"async\" class=\"alignnone size-full wp-image-21003\" src=\"https:\/\/dorogimedence.hu\/wp-content\/uploads\/2019\/11\/kovacs-06.jpg\" alt=\"\" width=\"670\" height=\"365\" srcset=\"https:\/\/dorogimedence.hu\/wp-content\/uploads\/2019\/11\/kovacs-06.jpg 670w, https:\/\/dorogimedence.hu\/wp-content\/uploads\/2019\/11\/kovacs-06-300x163.jpg 300w\" sizes=\"(max-width: 670px) 100vw, 670px\" \/><\/p>\n","protected":false},"excerpt":{"rendered":"<p>November 15-\u00e9n, p\u00e9nteken a Dorogi J\u00f3zsef Attila M\u0171vel\u0151d\u00e9si H\u00e1zban mutatt\u00e1k be a Kov\u00e1cs Lajos Eml\u00e9kk\u00f6nyvet, mellyel a v\u00e1ros egykori d\u00edszpolg\u00e1r\u00e1nak munk\u00e1ss\u00e1ga el\u0151tt tisztelegnek. A Dorog V\u00e1ros Bar\u00e1tainak Egyes\u00fclete (DVBE) \u00e9s az \u00f6nkorm\u00e1nyzat k\u00f6z\u00f6s rendezv\u00e9ny\u00e9n dr. Tittmann J\u00e1nos polg\u00e1rmester mondott k\u00f6sz\u00f6nt\u0151t, melyben kit\u00e9rt arra is, hogy a mi feladatunk az, hogy a m\u00faltban \u00e9s a jelenben<\/p>\n","protected":false},"author":1,"featured_media":20998,"comment_status":"closed","ping_status":"closed","sticky":false,"template":"","format":"standard","meta":{"ngg_post_thumbnail":0,"footnotes":""},"categories":[2,3],"tags":[15,673,1249,192],"class_list":{"0":"post-20997","1":"post","2":"type-post","3":"status-publish","4":"format-standard","5":"has-post-thumbnail","7":"category-dorog","8":"category-hirek","9":"tag-dorog","10":"tag-konyvbemutato","11":"tag-kovacs-lajos","12":"tag-megemlekezes"},"yoast_head":"<!-- This site is optimized with the Yoast SEO plugin v27.5 - https:\/\/yoast.com\/product\/yoast-seo-wordpress\/ -->\n<title>Kov\u00e1cs Lajosra eml\u00e9keztek Dorogon<\/title>\n<meta name=\"robots\" content=\"index, follow, max-snippet:-1, max-image-preview:large, max-video-preview:-1\" \/>\n<link rel=\"canonical\" href=\"https:\/\/dorogimedence.hu\/index.php\/2019\/11\/18\/kovacs-lajosra-emlekeztek-dorogon\/\" class=\"yoast-seo-meta-tag\" \/>\n<meta property=\"og:locale\" content=\"hu_HU\" class=\"yoast-seo-meta-tag\" \/>\n<meta property=\"og:type\" content=\"article\" class=\"yoast-seo-meta-tag\" \/>\n<meta property=\"og:title\" content=\"Kov\u00e1cs Lajosra eml\u00e9keztek Dorogon\" class=\"yoast-seo-meta-tag\" \/>\n<meta property=\"og:description\" content=\"November 15-\u00e9n, p\u00e9nteken a Dorogi J\u00f3zsef Attila M\u0171vel\u0151d\u00e9si H\u00e1zban mutatt\u00e1k be a Kov\u00e1cs Lajos Eml\u00e9kk\u00f6nyvet, mellyel a v\u00e1ros egykori d\u00edszpolg\u00e1r\u00e1nak munk\u00e1ss\u00e1ga el\u0151tt tisztelegnek. A Dorog V\u00e1ros Bar\u00e1tainak Egyes\u00fclete (DVBE) \u00e9s az \u00f6nkorm\u00e1nyzat k\u00f6z\u00f6s rendezv\u00e9ny\u00e9n dr. Tittmann J\u00e1nos polg\u00e1rmester mondott k\u00f6sz\u00f6nt\u0151t, melyben kit\u00e9rt arra is, hogy a mi feladatunk az, hogy a m\u00faltban \u00e9s a jelenben\" class=\"yoast-seo-meta-tag\" \/>\n<meta property=\"og:url\" content=\"https:\/\/dorogimedence.hu\/index.php\/2019\/11\/18\/kovacs-lajosra-emlekeztek-dorogon\/\" class=\"yoast-seo-meta-tag\" \/>\n<meta property=\"og:site_name\" content=\"Dorogi-medence Region\u00e1lis H\u00edrport\u00e1l\" class=\"yoast-seo-meta-tag\" \/>\n<meta property=\"article:publisher\" content=\"https:\/\/www.facebook.com\/dorogimedence\/\" class=\"yoast-seo-meta-tag\" \/>\n<meta property=\"article:published_time\" content=\"2019-11-18T15:37:01+00:00\" class=\"yoast-seo-meta-tag\" \/>\n<meta property=\"article:modified_time\" content=\"2019-11-18T15:37:47+00:00\" class=\"yoast-seo-meta-tag\" \/>\n<meta property=\"og:image\" content=\"https:\/\/i0.wp.com\/dorogimedence.hu\/wp-content\/uploads\/2019\/11\/kovacs-01.jpg?fit=670%2C365&ssl=1\" class=\"yoast-seo-meta-tag\" \/>\n\t<meta property=\"og:image:width\" content=\"670\" class=\"yoast-seo-meta-tag\" \/>\n\t<meta property=\"og:image:height\" content=\"365\" class=\"yoast-seo-meta-tag\" \/>\n\t<meta property=\"og:image:type\" content=\"image\/jpeg\" class=\"yoast-seo-meta-tag\" \/>\n<meta name=\"author\" content=\"dorogimedence.hu\" class=\"yoast-seo-meta-tag\" \/>\n<meta name=\"twitter:card\" content=\"summary_large_image\" class=\"yoast-seo-meta-tag\" \/>\n<meta name=\"twitter:label1\" content=\"Szerz\u0151:\" class=\"yoast-seo-meta-tag\" \/>\n\t<meta name=\"twitter:data1\" content=\"dorogimedence.hu\" class=\"yoast-seo-meta-tag\" \/>\n\t<meta name=\"twitter:label2\" content=\"Becs\u00fclt olvas\u00e1si id\u0151\" class=\"yoast-seo-meta-tag\" \/>\n\t<meta name=\"twitter:data2\" content=\"3 perc\" class=\"yoast-seo-meta-tag\" \/>\n<script type=\"application\/ld+json\" class=\"yoast-schema-graph\">{\"@context\":\"https:\\\/\\\/schema.org\",\"@graph\":[{\"@type\":\"Article\",\"@id\":\"https:\\\/\\\/dorogimedence.hu\\\/index.php\\\/2019\\\/11\\\/18\\\/kovacs-lajosra-emlekeztek-dorogon\\\/#article\",\"isPartOf\":{\"@id\":\"https:\\\/\\\/dorogimedence.hu\\\/index.php\\\/2019\\\/11\\\/18\\\/kovacs-lajosra-emlekeztek-dorogon\\\/\"},\"author\":{\"name\":\"dorogimedence.hu\",\"@id\":\"https:\\\/\\\/dorogimedence.hu\\\/#\\\/schema\\\/person\\\/ce6091eeb7e95ecdc87890d6aa8e0fd4\"},\"headline\":\"Kov\u00e1cs Lajosra eml\u00e9keztek Dorogon\",\"datePublished\":\"2019-11-18T15:37:01+00:00\",\"dateModified\":\"2019-11-18T15:37:47+00:00\",\"mainEntityOfPage\":{\"@id\":\"https:\\\/\\\/dorogimedence.hu\\\/index.php\\\/2019\\\/11\\\/18\\\/kovacs-lajosra-emlekeztek-dorogon\\\/\"},\"wordCount\":508,\"publisher\":{\"@id\":\"https:\\\/\\\/dorogimedence.hu\\\/#organization\"},\"image\":{\"@id\":\"https:\\\/\\\/dorogimedence.hu\\\/index.php\\\/2019\\\/11\\\/18\\\/kovacs-lajosra-emlekeztek-dorogon\\\/#primaryimage\"},\"thumbnailUrl\":\"https:\\\/\\\/dorogimedence.hu\\\/wp-content\\\/uploads\\\/2019\\\/11\\\/kovacs-01.jpg\",\"keywords\":[\"Dorog\",\"k\u00f6nyvbemutat\u00f3\",\"Kov\u00e1cs Lajos\",\"megeml\u00e9kez\u00e9s\"],\"articleSection\":[\"Dorog\",\"H\u00edrek\"],\"inLanguage\":\"hu\"},{\"@type\":\"WebPage\",\"@id\":\"https:\\\/\\\/dorogimedence.hu\\\/index.php\\\/2019\\\/11\\\/18\\\/kovacs-lajosra-emlekeztek-dorogon\\\/\",\"url\":\"https:\\\/\\\/dorogimedence.hu\\\/index.php\\\/2019\\\/11\\\/18\\\/kovacs-lajosra-emlekeztek-dorogon\\\/\",\"name\":\"Kov\u00e1cs Lajosra eml\u00e9keztek Dorogon\",\"isPartOf\":{\"@id\":\"https:\\\/\\\/dorogimedence.hu\\\/#website\"},\"primaryImageOfPage\":{\"@id\":\"https:\\\/\\\/dorogimedence.hu\\\/index.php\\\/2019\\\/11\\\/18\\\/kovacs-lajosra-emlekeztek-dorogon\\\/#primaryimage\"},\"image\":{\"@id\":\"https:\\\/\\\/dorogimedence.hu\\\/index.php\\\/2019\\\/11\\\/18\\\/kovacs-lajosra-emlekeztek-dorogon\\\/#primaryimage\"},\"thumbnailUrl\":\"https:\\\/\\\/dorogimedence.hu\\\/wp-content\\\/uploads\\\/2019\\\/11\\\/kovacs-01.jpg\",\"datePublished\":\"2019-11-18T15:37:01+00:00\",\"dateModified\":\"2019-11-18T15:37:47+00:00\",\"breadcrumb\":{\"@id\":\"https:\\\/\\\/dorogimedence.hu\\\/index.php\\\/2019\\\/11\\\/18\\\/kovacs-lajosra-emlekeztek-dorogon\\\/#breadcrumb\"},\"inLanguage\":\"hu\",\"potentialAction\":[{\"@type\":\"ReadAction\",\"target\":[\"https:\\\/\\\/dorogimedence.hu\\\/index.php\\\/2019\\\/11\\\/18\\\/kovacs-lajosra-emlekeztek-dorogon\\\/\"]}]},{\"@type\":\"ImageObject\",\"inLanguage\":\"hu\",\"@id\":\"https:\\\/\\\/dorogimedence.hu\\\/index.php\\\/2019\\\/11\\\/18\\\/kovacs-lajosra-emlekeztek-dorogon\\\/#primaryimage\",\"url\":\"https:\\\/\\\/dorogimedence.hu\\\/wp-content\\\/uploads\\\/2019\\\/11\\\/kovacs-01.jpg\",\"contentUrl\":\"https:\\\/\\\/dorogimedence.hu\\\/wp-content\\\/uploads\\\/2019\\\/11\\\/kovacs-01.jpg\",\"width\":670,\"height\":365},{\"@type\":\"BreadcrumbList\",\"@id\":\"https:\\\/\\\/dorogimedence.hu\\\/index.php\\\/2019\\\/11\\\/18\\\/kovacs-lajosra-emlekeztek-dorogon\\\/#breadcrumb\",\"itemListElement\":[{\"@type\":\"ListItem\",\"position\":1,\"name\":\"Kezd\u0151lap\",\"item\":\"https:\\\/\\\/dorogimedence.hu\\\/\"},{\"@type\":\"ListItem\",\"position\":2,\"name\":\"Kov\u00e1cs Lajosra eml\u00e9keztek Dorogon\"}]},{\"@type\":\"WebSite\",\"@id\":\"https:\\\/\\\/dorogimedence.hu\\\/#website\",\"url\":\"https:\\\/\\\/dorogimedence.hu\\\/\",\"name\":\"Dorogi-medence Region\u00e1lis H\u00edrport\u00e1l\",\"description\":\"Dorog, Keszt\u00f6lc, Le\u00e1nyv\u00e1r, Piliscs\u00e9v, Tokod, Tokodalt\u00e1r\u00f3, Csolnok, Esztergom-kertv\u00e1ros: h\u00edrek, programok\",\"publisher\":{\"@id\":\"https:\\\/\\\/dorogimedence.hu\\\/#organization\"},\"potentialAction\":[{\"@type\":\"SearchAction\",\"target\":{\"@type\":\"EntryPoint\",\"urlTemplate\":\"https:\\\/\\\/dorogimedence.hu\\\/?s={search_term_string}\"},\"query-input\":{\"@type\":\"PropertyValueSpecification\",\"valueRequired\":true,\"valueName\":\"search_term_string\"}}],\"inLanguage\":\"hu\"},{\"@type\":\"Organization\",\"@id\":\"https:\\\/\\\/dorogimedence.hu\\\/#organization\",\"name\":\"Dorogi-medence Region\u00e1lis H\u00edrport\u00e1l\",\"url\":\"https:\\\/\\\/dorogimedence.hu\\\/\",\"logo\":{\"@type\":\"ImageObject\",\"inLanguage\":\"hu\",\"@id\":\"https:\\\/\\\/dorogimedence.hu\\\/#\\\/schema\\\/logo\\\/image\\\/\",\"url\":\"https:\\\/\\\/dorogimedence.hu\\\/wp-content\\\/uploads\\\/2021\\\/04\\\/logo-feher-600.png\",\"contentUrl\":\"https:\\\/\\\/dorogimedence.hu\\\/wp-content\\\/uploads\\\/2021\\\/04\\\/logo-feher-600.png\",\"width\":600,\"height\":100,\"caption\":\"Dorogi-medence Region\u00e1lis H\u00edrport\u00e1l\"},\"image\":{\"@id\":\"https:\\\/\\\/dorogimedence.hu\\\/#\\\/schema\\\/logo\\\/image\\\/\"},\"sameAs\":[\"https:\\\/\\\/www.facebook.com\\\/dorogimedence\\\/\"]},{\"@type\":\"Person\",\"@id\":\"https:\\\/\\\/dorogimedence.hu\\\/#\\\/schema\\\/person\\\/ce6091eeb7e95ecdc87890d6aa8e0fd4\",\"name\":\"dorogimedence.hu\",\"image\":{\"@type\":\"ImageObject\",\"inLanguage\":\"hu\",\"@id\":\"\\\/\\\/www.gravatar.com\\\/avatar\\\/d8d45f8901aadff40a4af72c0b826f1d?s=96&#038;r=g&#038;d=mm\",\"url\":\"\\\/\\\/www.gravatar.com\\\/avatar\\\/d8d45f8901aadff40a4af72c0b826f1d?s=96&#038;r=g&#038;d=mm\",\"contentUrl\":\"\\\/\\\/www.gravatar.com\\\/avatar\\\/d8d45f8901aadff40a4af72c0b826f1d?s=96&#038;r=g&#038;d=mm\",\"caption\":\"dorogimedence.hu\"}}]}<\/script>\n<!-- \/ Yoast SEO plugin. -->","yoast_head_json":{"title":"Kov\u00e1cs Lajosra eml\u00e9keztek Dorogon","robots":{"index":"index","follow":"follow","max-snippet":"max-snippet:-1","max-image-preview":"max-image-preview:large","max-video-preview":"max-video-preview:-1"},"canonical":"https:\/\/dorogimedence.hu\/index.php\/2019\/11\/18\/kovacs-lajosra-emlekeztek-dorogon\/","og_locale":"hu_HU","og_type":"article","og_title":"Kov\u00e1cs Lajosra eml\u00e9keztek Dorogon","og_description":"November 15-\u00e9n, p\u00e9nteken a Dorogi J\u00f3zsef Attila M\u0171vel\u0151d\u00e9si H\u00e1zban mutatt\u00e1k be a Kov\u00e1cs Lajos Eml\u00e9kk\u00f6nyvet, mellyel a v\u00e1ros egykori d\u00edszpolg\u00e1r\u00e1nak munk\u00e1ss\u00e1ga el\u0151tt tisztelegnek. A Dorog V\u00e1ros Bar\u00e1tainak Egyes\u00fclete (DVBE) \u00e9s az \u00f6nkorm\u00e1nyzat k\u00f6z\u00f6s rendezv\u00e9ny\u00e9n dr. Tittmann J\u00e1nos polg\u00e1rmester mondott k\u00f6sz\u00f6nt\u0151t, melyben kit\u00e9rt arra is, hogy a mi feladatunk az, hogy a m\u00faltban \u00e9s a jelenben","og_url":"https:\/\/dorogimedence.hu\/index.php\/2019\/11\/18\/kovacs-lajosra-emlekeztek-dorogon\/","og_site_name":"Dorogi-medence Region\u00e1lis H\u00edrport\u00e1l","article_publisher":"https:\/\/www.facebook.com\/dorogimedence\/","article_published_time":"2019-11-18T15:37:01+00:00","article_modified_time":"2019-11-18T15:37:47+00:00","og_image":[{"width":670,"height":365,"url":"https:\/\/i0.wp.com\/dorogimedence.hu\/wp-content\/uploads\/2019\/11\/kovacs-01.jpg?fit=670%2C365&ssl=1","type":"image\/jpeg"}],"author":"dorogimedence.hu","twitter_card":"summary_large_image","twitter_misc":{"Szerz\u0151:":"dorogimedence.hu","Becs\u00fclt olvas\u00e1si id\u0151":"3 perc"},"schema":{"@context":"https:\/\/schema.org","@graph":[{"@type":"Article","@id":"https:\/\/dorogimedence.hu\/index.php\/2019\/11\/18\/kovacs-lajosra-emlekeztek-dorogon\/#article","isPartOf":{"@id":"https:\/\/dorogimedence.hu\/index.php\/2019\/11\/18\/kovacs-lajosra-emlekeztek-dorogon\/"},"author":{"name":"dorogimedence.hu","@id":"https:\/\/dorogimedence.hu\/#\/schema\/person\/ce6091eeb7e95ecdc87890d6aa8e0fd4"},"headline":"Kov\u00e1cs Lajosra eml\u00e9keztek Dorogon","datePublished":"2019-11-18T15:37:01+00:00","dateModified":"2019-11-18T15:37:47+00:00","mainEntityOfPage":{"@id":"https:\/\/dorogimedence.hu\/index.php\/2019\/11\/18\/kovacs-lajosra-emlekeztek-dorogon\/"},"wordCount":508,"publisher":{"@id":"https:\/\/dorogimedence.hu\/#organization"},"image":{"@id":"https:\/\/dorogimedence.hu\/index.php\/2019\/11\/18\/kovacs-lajosra-emlekeztek-dorogon\/#primaryimage"},"thumbnailUrl":"https:\/\/dorogimedence.hu\/wp-content\/uploads\/2019\/11\/kovacs-01.jpg","keywords":["Dorog","k\u00f6nyvbemutat\u00f3","Kov\u00e1cs Lajos","megeml\u00e9kez\u00e9s"],"articleSection":["Dorog","H\u00edrek"],"inLanguage":"hu"},{"@type":"WebPage","@id":"https:\/\/dorogimedence.hu\/index.php\/2019\/11\/18\/kovacs-lajosra-emlekeztek-dorogon\/","url":"https:\/\/dorogimedence.hu\/index.php\/2019\/11\/18\/kovacs-lajosra-emlekeztek-dorogon\/","name":"Kov\u00e1cs Lajosra eml\u00e9keztek Dorogon","isPartOf":{"@id":"https:\/\/dorogimedence.hu\/#website"},"primaryImageOfPage":{"@id":"https:\/\/dorogimedence.hu\/index.php\/2019\/11\/18\/kovacs-lajosra-emlekeztek-dorogon\/#primaryimage"},"image":{"@id":"https:\/\/dorogimedence.hu\/index.php\/2019\/11\/18\/kovacs-lajosra-emlekeztek-dorogon\/#primaryimage"},"thumbnailUrl":"https:\/\/dorogimedence.hu\/wp-content\/uploads\/2019\/11\/kovacs-01.jpg","datePublished":"2019-11-18T15:37:01+00:00","dateModified":"2019-11-18T15:37:47+00:00","breadcrumb":{"@id":"https:\/\/dorogimedence.hu\/index.php\/2019\/11\/18\/kovacs-lajosra-emlekeztek-dorogon\/#breadcrumb"},"inLanguage":"hu","potentialAction":[{"@type":"ReadAction","target":["https:\/\/dorogimedence.hu\/index.php\/2019\/11\/18\/kovacs-lajosra-emlekeztek-dorogon\/"]}]},{"@type":"ImageObject","inLanguage":"hu","@id":"https:\/\/dorogimedence.hu\/index.php\/2019\/11\/18\/kovacs-lajosra-emlekeztek-dorogon\/#primaryimage","url":"https:\/\/dorogimedence.hu\/wp-content\/uploads\/2019\/11\/kovacs-01.jpg","contentUrl":"https:\/\/dorogimedence.hu\/wp-content\/uploads\/2019\/11\/kovacs-01.jpg","width":670,"height":365},{"@type":"BreadcrumbList","@id":"https:\/\/dorogimedence.hu\/index.php\/2019\/11\/18\/kovacs-lajosra-emlekeztek-dorogon\/#breadcrumb","itemListElement":[{"@type":"ListItem","position":1,"name":"Kezd\u0151lap","item":"https:\/\/dorogimedence.hu\/"},{"@type":"ListItem","position":2,"name":"Kov\u00e1cs Lajosra eml\u00e9keztek Dorogon"}]},{"@type":"WebSite","@id":"https:\/\/dorogimedence.hu\/#website","url":"https:\/\/dorogimedence.hu\/","name":"Dorogi-medence Region\u00e1lis H\u00edrport\u00e1l","description":"Dorog, Keszt\u00f6lc, Le\u00e1nyv\u00e1r, Piliscs\u00e9v, Tokod, Tokodalt\u00e1r\u00f3, Csolnok, Esztergom-kertv\u00e1ros: h\u00edrek, programok","publisher":{"@id":"https:\/\/dorogimedence.hu\/#organization"},"potentialAction":[{"@type":"SearchAction","target":{"@type":"EntryPoint","urlTemplate":"https:\/\/dorogimedence.hu\/?s={search_term_string}"},"query-input":{"@type":"PropertyValueSpecification","valueRequired":true,"valueName":"search_term_string"}}],"inLanguage":"hu"},{"@type":"Organization","@id":"https:\/\/dorogimedence.hu\/#organization","name":"Dorogi-medence Region\u00e1lis H\u00edrport\u00e1l","url":"https:\/\/dorogimedence.hu\/","logo":{"@type":"ImageObject","inLanguage":"hu","@id":"https:\/\/dorogimedence.hu\/#\/schema\/logo\/image\/","url":"https:\/\/dorogimedence.hu\/wp-content\/uploads\/2021\/04\/logo-feher-600.png","contentUrl":"https:\/\/dorogimedence.hu\/wp-content\/uploads\/2021\/04\/logo-feher-600.png","width":600,"height":100,"caption":"Dorogi-medence Region\u00e1lis H\u00edrport\u00e1l"},"image":{"@id":"https:\/\/dorogimedence.hu\/#\/schema\/logo\/image\/"},"sameAs":["https:\/\/www.facebook.com\/dorogimedence\/"]},{"@type":"Person","@id":"https:\/\/dorogimedence.hu\/#\/schema\/person\/ce6091eeb7e95ecdc87890d6aa8e0fd4","name":"dorogimedence.hu","image":{"@type":"ImageObject","inLanguage":"hu","@id":"\/\/www.gravatar.com\/avatar\/d8d45f8901aadff40a4af72c0b826f1d?s=96&#038;r=g&#038;d=mm","url":"\/\/www.gravatar.com\/avatar\/d8d45f8901aadff40a4af72c0b826f1d?s=96&#038;r=g&#038;d=mm","contentUrl":"\/\/www.gravatar.com\/avatar\/d8d45f8901aadff40a4af72c0b826f1d?s=96&#038;r=g&#038;d=mm","caption":"dorogimedence.hu"}}]}},"_links":{"self":[{"href":"https:\/\/dorogimedence.hu\/index.php\/wp-json\/wp\/v2\/posts\/20997","targetHints":{"allow":["GET"]}}],"collection":[{"href":"https:\/\/dorogimedence.hu\/index.php\/wp-json\/wp\/v2\/posts"}],"about":[{"href":"https:\/\/dorogimedence.hu\/index.php\/wp-json\/wp\/v2\/types\/post"}],"author":[{"embeddable":true,"href":"https:\/\/dorogimedence.hu\/index.php\/wp-json\/wp\/v2\/users\/1"}],"replies":[{"embeddable":true,"href":"https:\/\/dorogimedence.hu\/index.php\/wp-json\/wp\/v2\/comments?post=20997"}],"version-history":[{"count":0,"href":"https:\/\/dorogimedence.hu\/index.php\/wp-json\/wp\/v2\/posts\/20997\/revisions"}],"wp:featuredmedia":[{"embeddable":true,"href":"https:\/\/dorogimedence.hu\/index.php\/wp-json\/wp\/v2\/media\/20998"}],"wp:attachment":[{"href":"https:\/\/dorogimedence.hu\/index.php\/wp-json\/wp\/v2\/media?parent=20997"}],"wp:term":[{"taxonomy":"category","embeddable":true,"href":"https:\/\/dorogimedence.hu\/index.php\/wp-json\/wp\/v2\/categories?post=20997"},{"taxonomy":"post_tag","embeddable":true,"href":"https:\/\/dorogimedence.hu\/index.php\/wp-json\/wp\/v2\/tags?post=20997"}],"curies":[{"name":"wp","href":"https:\/\/api.w.org\/{rel}","templated":true}]}}