{"id":20924,"date":"2019-11-14T07:45:40","date_gmt":"2019-11-14T06:45:40","guid":{"rendered":"http:\/\/dorogimedence.hu\/?p=20924"},"modified":"2019-11-14T07:47:25","modified_gmt":"2019-11-14T06:47:25","slug":"banyamanok-leptek-el-a-dorogi-otthon-teret","status":"publish","type":"post","link":"https:\/\/dorogimedence.hu\/index.php\/2019\/11\/14\/banyamanok-leptek-el-a-dorogi-otthon-teret\/","title":{"rendered":"B\u00e1nyaman\u00f3k lept\u00e9k el a dorogi Otthon teret"},"content":{"rendered":"<p><strong>Az OMBKE Dorogi Helyi Szervezete november 8-\u00e1n, p\u00e9nteken rendezte meg a Dorogi J\u00f3zsef Attila M\u0171vel\u0151d\u00e9si H\u00e1zban a \u201eTympanaotonus hantkeni\u201d nev\u0171 szakest\u00e9ly\u00e9t.<\/strong><\/p>\n<p><img fetchpriority=\"high\" decoding=\"async\" class=\"alignnone size-full wp-image-20926\" src=\"https:\/\/dorogimedence.hu\/wp-content\/uploads\/2019\/11\/banyamanok-02.jpg\" alt=\"\" width=\"670\" height=\"365\" srcset=\"https:\/\/dorogimedence.hu\/wp-content\/uploads\/2019\/11\/banyamanok-02.jpg 670w, https:\/\/dorogimedence.hu\/wp-content\/uploads\/2019\/11\/banyamanok-02-300x163.jpg 300w\" sizes=\"(max-width: 670px) 100vw, 670px\" \/><\/p>\n<p>A rendezv\u00e9ny el\u0151tt a \u201eHelles\u201d hagyom\u00e1nyoknak megfelel\u0151en imm\u00e1r m\u00e1sodik alkalommal tartottak f\u00e1kly\u00e1s felvonul\u00e1st. A menetet a b\u00e1nyaman\u00f3k, vagyis a be\u00f6lt\u00f6z\u00f6tt \u00e9s l\u00e1mp\u00e1val felszerelkez\u0151 H\u00e9tsz\u00ednvir\u00e1g \u00d3voda \u00f3vodapedag\u00f3gusai \u00e9s gyermei vezett\u00e9k. A f\u00e1kly\u00e1sokkal szeg\u00e9lyezett \u00faton a Zsigmondy Vilmos Gimn\u00e1zium bej\u00e1rat\u00e1hoz vonultak a r\u00e9sztvev\u0151k, majd onnan a Dorogi Sz\u00e9nmedence B\u00e1ny\u00e1szat\u00e1nak eml\u00e9km\u0171v\u00e9hez \u00e9rkeztek, ahol el\u00e9nekelt\u00e9k a B\u00e1ny\u00e1szhimnuszt.<\/p>\n<p><img decoding=\"async\" class=\"alignnone size-full wp-image-20927\" src=\"https:\/\/dorogimedence.hu\/wp-content\/uploads\/2019\/11\/banyamanok-03.jpg\" alt=\"\" width=\"670\" height=\"365\" srcset=\"https:\/\/dorogimedence.hu\/wp-content\/uploads\/2019\/11\/banyamanok-03.jpg 670w, https:\/\/dorogimedence.hu\/wp-content\/uploads\/2019\/11\/banyamanok-03-300x163.jpg 300w\" sizes=\"(max-width: 670px) 100vw, 670px\" \/><\/p>\n<p>A m\u0171vel\u0151d\u00e9si h\u00e1z f\u00f6ldszinti nagyterm\u00e9ben a szakest\u00e9ly a selmeci hagyom\u00e1nyoknak megfelel\u0151en zajlott: el\u0151ker\u00fcltek a kors\u00f3k, a jelenl\u00e9v\u0151k eln\u00f6k\u00f6t \u00e9s balekcs\u0151sz\u00f6ket v\u00e1lasztottak, majd k\u00fcl\u00f6nb\u00f6z\u0151 humoros \u00e9s kev\u00e9sb\u00e9 humoros felsz\u00f3lal\u00e1sok k\u00f6vetkeztek.<\/p>\n<p><img decoding=\"async\" class=\"alignnone size-full wp-image-20928\" src=\"https:\/\/dorogimedence.hu\/wp-content\/uploads\/2019\/11\/banyamanok-04.jpg\" alt=\"\" width=\"670\" height=\"365\" srcset=\"https:\/\/dorogimedence.hu\/wp-content\/uploads\/2019\/11\/banyamanok-04.jpg 670w, https:\/\/dorogimedence.hu\/wp-content\/uploads\/2019\/11\/banyamanok-04-300x163.jpg 300w\" sizes=\"(max-width: 670px) 100vw, 670px\" \/><\/p>\n","protected":false},"excerpt":{"rendered":"<p>Az OMBKE Dorogi Helyi Szervezete november 8-\u00e1n, p\u00e9nteken rendezte meg a Dorogi J\u00f3zsef Attila M\u0171vel\u0151d\u00e9si H\u00e1zban a \u201eTympanaotonus hantkeni\u201d nev\u0171 szakest\u00e9ly\u00e9t. A rendezv\u00e9ny el\u0151tt a \u201eHelles\u201d hagyom\u00e1nyoknak megfelel\u0151en imm\u00e1r m\u00e1sodik alkalommal tartottak f\u00e1kly\u00e1s felvonul\u00e1st. A menetet a b\u00e1nyaman\u00f3k, vagyis a be\u00f6lt\u00f6z\u00f6tt \u00e9s l\u00e1mp\u00e1val felszerelkez\u0151 H\u00e9tsz\u00ednvir\u00e1g \u00d3voda \u00f3vodapedag\u00f3gusai \u00e9s gyermei vezett\u00e9k. A f\u00e1kly\u00e1sokkal szeg\u00e9lyezett \u00faton a<\/p>\n","protected":false},"author":1,"featured_media":20925,"comment_status":"closed","ping_status":"closed","sticky":false,"template":"","format":"standard","meta":{"ngg_post_thumbnail":0,"footnotes":""},"categories":[2,3],"tags":[4452,729,15,4454,4453,4455],"class_list":{"0":"post-20924","1":"post","2":"type-post","3":"status-publish","4":"format-standard","5":"has-post-thumbnail","7":"category-dorog","8":"category-hirek","9":"tag-banyamanok","10":"tag-banyaszat","11":"tag-dorog","12":"tag-ombke","13":"tag-szakestely","14":"tag-tympanaotonus-hantkeni"},"yoast_head":"<!-- This site is optimized with the Yoast SEO plugin v27.5 - https:\/\/yoast.com\/product\/yoast-seo-wordpress\/ -->\n<title>B\u00e1nyaman\u00f3k lept\u00e9k el a dorogi Otthon teret<\/title>\n<meta name=\"robots\" content=\"index, follow, max-snippet:-1, max-image-preview:large, max-video-preview:-1\" \/>\n<link rel=\"canonical\" href=\"https:\/\/dorogimedence.hu\/index.php\/2019\/11\/14\/banyamanok-leptek-el-a-dorogi-otthon-teret\/\" class=\"yoast-seo-meta-tag\" \/>\n<meta property=\"og:locale\" content=\"hu_HU\" class=\"yoast-seo-meta-tag\" \/>\n<meta property=\"og:type\" content=\"article\" class=\"yoast-seo-meta-tag\" \/>\n<meta property=\"og:title\" content=\"B\u00e1nyaman\u00f3k lept\u00e9k el a dorogi Otthon teret\" class=\"yoast-seo-meta-tag\" \/>\n<meta property=\"og:description\" content=\"Az OMBKE Dorogi Helyi Szervezete november 8-\u00e1n, p\u00e9nteken rendezte meg a Dorogi J\u00f3zsef Attila M\u0171vel\u0151d\u00e9si H\u00e1zban a \u201eTympanaotonus hantkeni\u201d nev\u0171 szakest\u00e9ly\u00e9t. A rendezv\u00e9ny el\u0151tt a \u201eHelles\u201d hagyom\u00e1nyoknak megfelel\u0151en imm\u00e1r m\u00e1sodik alkalommal tartottak f\u00e1kly\u00e1s felvonul\u00e1st. A menetet a b\u00e1nyaman\u00f3k, vagyis a be\u00f6lt\u00f6z\u00f6tt \u00e9s l\u00e1mp\u00e1val felszerelkez\u0151 H\u00e9tsz\u00ednvir\u00e1g \u00d3voda \u00f3vodapedag\u00f3gusai \u00e9s gyermei vezett\u00e9k. A f\u00e1kly\u00e1sokkal szeg\u00e9lyezett \u00faton a\" class=\"yoast-seo-meta-tag\" \/>\n<meta property=\"og:url\" content=\"https:\/\/dorogimedence.hu\/index.php\/2019\/11\/14\/banyamanok-leptek-el-a-dorogi-otthon-teret\/\" class=\"yoast-seo-meta-tag\" \/>\n<meta property=\"og:site_name\" content=\"Dorogi-medence Region\u00e1lis H\u00edrport\u00e1l\" class=\"yoast-seo-meta-tag\" \/>\n<meta property=\"article:publisher\" content=\"https:\/\/www.facebook.com\/dorogimedence\/\" class=\"yoast-seo-meta-tag\" \/>\n<meta property=\"article:published_time\" content=\"2019-11-14T06:45:40+00:00\" class=\"yoast-seo-meta-tag\" \/>\n<meta property=\"article:modified_time\" content=\"2019-11-14T06:47:25+00:00\" class=\"yoast-seo-meta-tag\" \/>\n<meta property=\"og:image\" content=\"https:\/\/i0.wp.com\/dorogimedence.hu\/wp-content\/uploads\/2019\/11\/banyamanok-01.jpg?fit=670%2C365&ssl=1\" class=\"yoast-seo-meta-tag\" \/>\n\t<meta property=\"og:image:width\" content=\"670\" class=\"yoast-seo-meta-tag\" \/>\n\t<meta property=\"og:image:height\" content=\"365\" class=\"yoast-seo-meta-tag\" \/>\n\t<meta property=\"og:image:type\" content=\"image\/jpeg\" class=\"yoast-seo-meta-tag\" \/>\n<meta name=\"author\" content=\"dorogimedence.hu\" class=\"yoast-seo-meta-tag\" \/>\n<meta name=\"twitter:card\" content=\"summary_large_image\" class=\"yoast-seo-meta-tag\" \/>\n<meta name=\"twitter:label1\" content=\"Szerz\u0151:\" class=\"yoast-seo-meta-tag\" \/>\n\t<meta name=\"twitter:data1\" content=\"dorogimedence.hu\" class=\"yoast-seo-meta-tag\" \/>\n\t<meta name=\"twitter:label2\" content=\"Becs\u00fclt olvas\u00e1si id\u0151\" class=\"yoast-seo-meta-tag\" \/>\n\t<meta name=\"twitter:data2\" content=\"1 perc\" class=\"yoast-seo-meta-tag\" \/>\n<script type=\"application\/ld+json\" class=\"yoast-schema-graph\">{\"@context\":\"https:\\\/\\\/schema.org\",\"@graph\":[{\"@type\":\"Article\",\"@id\":\"https:\\\/\\\/dorogimedence.hu\\\/index.php\\\/2019\\\/11\\\/14\\\/banyamanok-leptek-el-a-dorogi-otthon-teret\\\/#article\",\"isPartOf\":{\"@id\":\"https:\\\/\\\/dorogimedence.hu\\\/index.php\\\/2019\\\/11\\\/14\\\/banyamanok-leptek-el-a-dorogi-otthon-teret\\\/\"},\"author\":{\"name\":\"dorogimedence.hu\",\"@id\":\"https:\\\/\\\/dorogimedence.hu\\\/#\\\/schema\\\/person\\\/ce6091eeb7e95ecdc87890d6aa8e0fd4\"},\"headline\":\"B\u00e1nyaman\u00f3k lept\u00e9k el a dorogi Otthon teret\",\"datePublished\":\"2019-11-14T06:45:40+00:00\",\"dateModified\":\"2019-11-14T06:47:25+00:00\",\"mainEntityOfPage\":{\"@id\":\"https:\\\/\\\/dorogimedence.hu\\\/index.php\\\/2019\\\/11\\\/14\\\/banyamanok-leptek-el-a-dorogi-otthon-teret\\\/\"},\"wordCount\":188,\"publisher\":{\"@id\":\"https:\\\/\\\/dorogimedence.hu\\\/#organization\"},\"image\":{\"@id\":\"https:\\\/\\\/dorogimedence.hu\\\/index.php\\\/2019\\\/11\\\/14\\\/banyamanok-leptek-el-a-dorogi-otthon-teret\\\/#primaryimage\"},\"thumbnailUrl\":\"https:\\\/\\\/dorogimedence.hu\\\/wp-content\\\/uploads\\\/2019\\\/11\\\/banyamanok-01.jpg\",\"keywords\":[\"b\u00e1nyaman\u00f3k\",\"b\u00e1ny\u00e1szat\",\"Dorog\",\"OMBKE\",\"szakest\u00e9ly\",\"Tympanaotonus hantkeni\"],\"articleSection\":[\"Dorog\",\"H\u00edrek\"],\"inLanguage\":\"hu\"},{\"@type\":\"WebPage\",\"@id\":\"https:\\\/\\\/dorogimedence.hu\\\/index.php\\\/2019\\\/11\\\/14\\\/banyamanok-leptek-el-a-dorogi-otthon-teret\\\/\",\"url\":\"https:\\\/\\\/dorogimedence.hu\\\/index.php\\\/2019\\\/11\\\/14\\\/banyamanok-leptek-el-a-dorogi-otthon-teret\\\/\",\"name\":\"B\u00e1nyaman\u00f3k lept\u00e9k el a dorogi Otthon teret\",\"isPartOf\":{\"@id\":\"https:\\\/\\\/dorogimedence.hu\\\/#website\"},\"primaryImageOfPage\":{\"@id\":\"https:\\\/\\\/dorogimedence.hu\\\/index.php\\\/2019\\\/11\\\/14\\\/banyamanok-leptek-el-a-dorogi-otthon-teret\\\/#primaryimage\"},\"image\":{\"@id\":\"https:\\\/\\\/dorogimedence.hu\\\/index.php\\\/2019\\\/11\\\/14\\\/banyamanok-leptek-el-a-dorogi-otthon-teret\\\/#primaryimage\"},\"thumbnailUrl\":\"https:\\\/\\\/dorogimedence.hu\\\/wp-content\\\/uploads\\\/2019\\\/11\\\/banyamanok-01.jpg\",\"datePublished\":\"2019-11-14T06:45:40+00:00\",\"dateModified\":\"2019-11-14T06:47:25+00:00\",\"breadcrumb\":{\"@id\":\"https:\\\/\\\/dorogimedence.hu\\\/index.php\\\/2019\\\/11\\\/14\\\/banyamanok-leptek-el-a-dorogi-otthon-teret\\\/#breadcrumb\"},\"inLanguage\":\"hu\",\"potentialAction\":[{\"@type\":\"ReadAction\",\"target\":[\"https:\\\/\\\/dorogimedence.hu\\\/index.php\\\/2019\\\/11\\\/14\\\/banyamanok-leptek-el-a-dorogi-otthon-teret\\\/\"]}]},{\"@type\":\"ImageObject\",\"inLanguage\":\"hu\",\"@id\":\"https:\\\/\\\/dorogimedence.hu\\\/index.php\\\/2019\\\/11\\\/14\\\/banyamanok-leptek-el-a-dorogi-otthon-teret\\\/#primaryimage\",\"url\":\"https:\\\/\\\/dorogimedence.hu\\\/wp-content\\\/uploads\\\/2019\\\/11\\\/banyamanok-01.jpg\",\"contentUrl\":\"https:\\\/\\\/dorogimedence.hu\\\/wp-content\\\/uploads\\\/2019\\\/11\\\/banyamanok-01.jpg\",\"width\":670,\"height\":365},{\"@type\":\"BreadcrumbList\",\"@id\":\"https:\\\/\\\/dorogimedence.hu\\\/index.php\\\/2019\\\/11\\\/14\\\/banyamanok-leptek-el-a-dorogi-otthon-teret\\\/#breadcrumb\",\"itemListElement\":[{\"@type\":\"ListItem\",\"position\":1,\"name\":\"Kezd\u0151lap\",\"item\":\"https:\\\/\\\/dorogimedence.hu\\\/\"},{\"@type\":\"ListItem\",\"position\":2,\"name\":\"B\u00e1nyaman\u00f3k lept\u00e9k el a dorogi Otthon teret\"}]},{\"@type\":\"WebSite\",\"@id\":\"https:\\\/\\\/dorogimedence.hu\\\/#website\",\"url\":\"https:\\\/\\\/dorogimedence.hu\\\/\",\"name\":\"Dorogi-medence Region\u00e1lis H\u00edrport\u00e1l\",\"description\":\"Dorog, Keszt\u00f6lc, Le\u00e1nyv\u00e1r, Piliscs\u00e9v, Tokod, Tokodalt\u00e1r\u00f3, Csolnok, Esztergom-kertv\u00e1ros: h\u00edrek, programok\",\"publisher\":{\"@id\":\"https:\\\/\\\/dorogimedence.hu\\\/#organization\"},\"potentialAction\":[{\"@type\":\"SearchAction\",\"target\":{\"@type\":\"EntryPoint\",\"urlTemplate\":\"https:\\\/\\\/dorogimedence.hu\\\/?s={search_term_string}\"},\"query-input\":{\"@type\":\"PropertyValueSpecification\",\"valueRequired\":true,\"valueName\":\"search_term_string\"}}],\"inLanguage\":\"hu\"},{\"@type\":\"Organization\",\"@id\":\"https:\\\/\\\/dorogimedence.hu\\\/#organization\",\"name\":\"Dorogi-medence Region\u00e1lis H\u00edrport\u00e1l\",\"url\":\"https:\\\/\\\/dorogimedence.hu\\\/\",\"logo\":{\"@type\":\"ImageObject\",\"inLanguage\":\"hu\",\"@id\":\"https:\\\/\\\/dorogimedence.hu\\\/#\\\/schema\\\/logo\\\/image\\\/\",\"url\":\"https:\\\/\\\/dorogimedence.hu\\\/wp-content\\\/uploads\\\/2021\\\/04\\\/logo-feher-600.png\",\"contentUrl\":\"https:\\\/\\\/dorogimedence.hu\\\/wp-content\\\/uploads\\\/2021\\\/04\\\/logo-feher-600.png\",\"width\":600,\"height\":100,\"caption\":\"Dorogi-medence Region\u00e1lis H\u00edrport\u00e1l\"},\"image\":{\"@id\":\"https:\\\/\\\/dorogimedence.hu\\\/#\\\/schema\\\/logo\\\/image\\\/\"},\"sameAs\":[\"https:\\\/\\\/www.facebook.com\\\/dorogimedence\\\/\"]},{\"@type\":\"Person\",\"@id\":\"https:\\\/\\\/dorogimedence.hu\\\/#\\\/schema\\\/person\\\/ce6091eeb7e95ecdc87890d6aa8e0fd4\",\"name\":\"dorogimedence.hu\",\"image\":{\"@type\":\"ImageObject\",\"inLanguage\":\"hu\",\"@id\":\"\\\/\\\/www.gravatar.com\\\/avatar\\\/d8d45f8901aadff40a4af72c0b826f1d?s=96&#038;r=g&#038;d=mm\",\"url\":\"\\\/\\\/www.gravatar.com\\\/avatar\\\/d8d45f8901aadff40a4af72c0b826f1d?s=96&#038;r=g&#038;d=mm\",\"contentUrl\":\"\\\/\\\/www.gravatar.com\\\/avatar\\\/d8d45f8901aadff40a4af72c0b826f1d?s=96&#038;r=g&#038;d=mm\",\"caption\":\"dorogimedence.hu\"}}]}<\/script>\n<!-- \/ Yoast SEO plugin. -->","yoast_head_json":{"title":"B\u00e1nyaman\u00f3k lept\u00e9k el a dorogi Otthon teret","robots":{"index":"index","follow":"follow","max-snippet":"max-snippet:-1","max-image-preview":"max-image-preview:large","max-video-preview":"max-video-preview:-1"},"canonical":"https:\/\/dorogimedence.hu\/index.php\/2019\/11\/14\/banyamanok-leptek-el-a-dorogi-otthon-teret\/","og_locale":"hu_HU","og_type":"article","og_title":"B\u00e1nyaman\u00f3k lept\u00e9k el a dorogi Otthon teret","og_description":"Az OMBKE Dorogi Helyi Szervezete november 8-\u00e1n, p\u00e9nteken rendezte meg a Dorogi J\u00f3zsef Attila M\u0171vel\u0151d\u00e9si H\u00e1zban a \u201eTympanaotonus hantkeni\u201d nev\u0171 szakest\u00e9ly\u00e9t. A rendezv\u00e9ny el\u0151tt a \u201eHelles\u201d hagyom\u00e1nyoknak megfelel\u0151en imm\u00e1r m\u00e1sodik alkalommal tartottak f\u00e1kly\u00e1s felvonul\u00e1st. A menetet a b\u00e1nyaman\u00f3k, vagyis a be\u00f6lt\u00f6z\u00f6tt \u00e9s l\u00e1mp\u00e1val felszerelkez\u0151 H\u00e9tsz\u00ednvir\u00e1g \u00d3voda \u00f3vodapedag\u00f3gusai \u00e9s gyermei vezett\u00e9k. A f\u00e1kly\u00e1sokkal szeg\u00e9lyezett \u00faton a","og_url":"https:\/\/dorogimedence.hu\/index.php\/2019\/11\/14\/banyamanok-leptek-el-a-dorogi-otthon-teret\/","og_site_name":"Dorogi-medence Region\u00e1lis H\u00edrport\u00e1l","article_publisher":"https:\/\/www.facebook.com\/dorogimedence\/","article_published_time":"2019-11-14T06:45:40+00:00","article_modified_time":"2019-11-14T06:47:25+00:00","og_image":[{"width":670,"height":365,"url":"https:\/\/i0.wp.com\/dorogimedence.hu\/wp-content\/uploads\/2019\/11\/banyamanok-01.jpg?fit=670%2C365&ssl=1","type":"image\/jpeg"}],"author":"dorogimedence.hu","twitter_card":"summary_large_image","twitter_misc":{"Szerz\u0151:":"dorogimedence.hu","Becs\u00fclt olvas\u00e1si id\u0151":"1 perc"},"schema":{"@context":"https:\/\/schema.org","@graph":[{"@type":"Article","@id":"https:\/\/dorogimedence.hu\/index.php\/2019\/11\/14\/banyamanok-leptek-el-a-dorogi-otthon-teret\/#article","isPartOf":{"@id":"https:\/\/dorogimedence.hu\/index.php\/2019\/11\/14\/banyamanok-leptek-el-a-dorogi-otthon-teret\/"},"author":{"name":"dorogimedence.hu","@id":"https:\/\/dorogimedence.hu\/#\/schema\/person\/ce6091eeb7e95ecdc87890d6aa8e0fd4"},"headline":"B\u00e1nyaman\u00f3k lept\u00e9k el a dorogi Otthon teret","datePublished":"2019-11-14T06:45:40+00:00","dateModified":"2019-11-14T06:47:25+00:00","mainEntityOfPage":{"@id":"https:\/\/dorogimedence.hu\/index.php\/2019\/11\/14\/banyamanok-leptek-el-a-dorogi-otthon-teret\/"},"wordCount":188,"publisher":{"@id":"https:\/\/dorogimedence.hu\/#organization"},"image":{"@id":"https:\/\/dorogimedence.hu\/index.php\/2019\/11\/14\/banyamanok-leptek-el-a-dorogi-otthon-teret\/#primaryimage"},"thumbnailUrl":"https:\/\/dorogimedence.hu\/wp-content\/uploads\/2019\/11\/banyamanok-01.jpg","keywords":["b\u00e1nyaman\u00f3k","b\u00e1ny\u00e1szat","Dorog","OMBKE","szakest\u00e9ly","Tympanaotonus hantkeni"],"articleSection":["Dorog","H\u00edrek"],"inLanguage":"hu"},{"@type":"WebPage","@id":"https:\/\/dorogimedence.hu\/index.php\/2019\/11\/14\/banyamanok-leptek-el-a-dorogi-otthon-teret\/","url":"https:\/\/dorogimedence.hu\/index.php\/2019\/11\/14\/banyamanok-leptek-el-a-dorogi-otthon-teret\/","name":"B\u00e1nyaman\u00f3k lept\u00e9k el a dorogi Otthon teret","isPartOf":{"@id":"https:\/\/dorogimedence.hu\/#website"},"primaryImageOfPage":{"@id":"https:\/\/dorogimedence.hu\/index.php\/2019\/11\/14\/banyamanok-leptek-el-a-dorogi-otthon-teret\/#primaryimage"},"image":{"@id":"https:\/\/dorogimedence.hu\/index.php\/2019\/11\/14\/banyamanok-leptek-el-a-dorogi-otthon-teret\/#primaryimage"},"thumbnailUrl":"https:\/\/dorogimedence.hu\/wp-content\/uploads\/2019\/11\/banyamanok-01.jpg","datePublished":"2019-11-14T06:45:40+00:00","dateModified":"2019-11-14T06:47:25+00:00","breadcrumb":{"@id":"https:\/\/dorogimedence.hu\/index.php\/2019\/11\/14\/banyamanok-leptek-el-a-dorogi-otthon-teret\/#breadcrumb"},"inLanguage":"hu","potentialAction":[{"@type":"ReadAction","target":["https:\/\/dorogimedence.hu\/index.php\/2019\/11\/14\/banyamanok-leptek-el-a-dorogi-otthon-teret\/"]}]},{"@type":"ImageObject","inLanguage":"hu","@id":"https:\/\/dorogimedence.hu\/index.php\/2019\/11\/14\/banyamanok-leptek-el-a-dorogi-otthon-teret\/#primaryimage","url":"https:\/\/dorogimedence.hu\/wp-content\/uploads\/2019\/11\/banyamanok-01.jpg","contentUrl":"https:\/\/dorogimedence.hu\/wp-content\/uploads\/2019\/11\/banyamanok-01.jpg","width":670,"height":365},{"@type":"BreadcrumbList","@id":"https:\/\/dorogimedence.hu\/index.php\/2019\/11\/14\/banyamanok-leptek-el-a-dorogi-otthon-teret\/#breadcrumb","itemListElement":[{"@type":"ListItem","position":1,"name":"Kezd\u0151lap","item":"https:\/\/dorogimedence.hu\/"},{"@type":"ListItem","position":2,"name":"B\u00e1nyaman\u00f3k lept\u00e9k el a dorogi Otthon teret"}]},{"@type":"WebSite","@id":"https:\/\/dorogimedence.hu\/#website","url":"https:\/\/dorogimedence.hu\/","name":"Dorogi-medence Region\u00e1lis H\u00edrport\u00e1l","description":"Dorog, Keszt\u00f6lc, Le\u00e1nyv\u00e1r, Piliscs\u00e9v, Tokod, Tokodalt\u00e1r\u00f3, Csolnok, Esztergom-kertv\u00e1ros: h\u00edrek, programok","publisher":{"@id":"https:\/\/dorogimedence.hu\/#organization"},"potentialAction":[{"@type":"SearchAction","target":{"@type":"EntryPoint","urlTemplate":"https:\/\/dorogimedence.hu\/?s={search_term_string}"},"query-input":{"@type":"PropertyValueSpecification","valueRequired":true,"valueName":"search_term_string"}}],"inLanguage":"hu"},{"@type":"Organization","@id":"https:\/\/dorogimedence.hu\/#organization","name":"Dorogi-medence Region\u00e1lis H\u00edrport\u00e1l","url":"https:\/\/dorogimedence.hu\/","logo":{"@type":"ImageObject","inLanguage":"hu","@id":"https:\/\/dorogimedence.hu\/#\/schema\/logo\/image\/","url":"https:\/\/dorogimedence.hu\/wp-content\/uploads\/2021\/04\/logo-feher-600.png","contentUrl":"https:\/\/dorogimedence.hu\/wp-content\/uploads\/2021\/04\/logo-feher-600.png","width":600,"height":100,"caption":"Dorogi-medence Region\u00e1lis H\u00edrport\u00e1l"},"image":{"@id":"https:\/\/dorogimedence.hu\/#\/schema\/logo\/image\/"},"sameAs":["https:\/\/www.facebook.com\/dorogimedence\/"]},{"@type":"Person","@id":"https:\/\/dorogimedence.hu\/#\/schema\/person\/ce6091eeb7e95ecdc87890d6aa8e0fd4","name":"dorogimedence.hu","image":{"@type":"ImageObject","inLanguage":"hu","@id":"\/\/www.gravatar.com\/avatar\/d8d45f8901aadff40a4af72c0b826f1d?s=96&#038;r=g&#038;d=mm","url":"\/\/www.gravatar.com\/avatar\/d8d45f8901aadff40a4af72c0b826f1d?s=96&#038;r=g&#038;d=mm","contentUrl":"\/\/www.gravatar.com\/avatar\/d8d45f8901aadff40a4af72c0b826f1d?s=96&#038;r=g&#038;d=mm","caption":"dorogimedence.hu"}}]}},"_links":{"self":[{"href":"https:\/\/dorogimedence.hu\/index.php\/wp-json\/wp\/v2\/posts\/20924","targetHints":{"allow":["GET"]}}],"collection":[{"href":"https:\/\/dorogimedence.hu\/index.php\/wp-json\/wp\/v2\/posts"}],"about":[{"href":"https:\/\/dorogimedence.hu\/index.php\/wp-json\/wp\/v2\/types\/post"}],"author":[{"embeddable":true,"href":"https:\/\/dorogimedence.hu\/index.php\/wp-json\/wp\/v2\/users\/1"}],"replies":[{"embeddable":true,"href":"https:\/\/dorogimedence.hu\/index.php\/wp-json\/wp\/v2\/comments?post=20924"}],"version-history":[{"count":0,"href":"https:\/\/dorogimedence.hu\/index.php\/wp-json\/wp\/v2\/posts\/20924\/revisions"}],"wp:featuredmedia":[{"embeddable":true,"href":"https:\/\/dorogimedence.hu\/index.php\/wp-json\/wp\/v2\/media\/20925"}],"wp:attachment":[{"href":"https:\/\/dorogimedence.hu\/index.php\/wp-json\/wp\/v2\/media?parent=20924"}],"wp:term":[{"taxonomy":"category","embeddable":true,"href":"https:\/\/dorogimedence.hu\/index.php\/wp-json\/wp\/v2\/categories?post=20924"},{"taxonomy":"post_tag","embeddable":true,"href":"https:\/\/dorogimedence.hu\/index.php\/wp-json\/wp\/v2\/tags?post=20924"}],"curies":[{"name":"wp","href":"https:\/\/api.w.org\/{rel}","templated":true}]}}