{"id":20919,"date":"2019-11-14T08:10:49","date_gmt":"2019-11-14T06:10:49","guid":{"rendered":"http:\/\/dorogimedence.hu\/?p=20919"},"modified":"2019-11-14T08:13:29","modified_gmt":"2019-11-14T07:13:29","slug":"esztergomi-sikerek-a-krimit-tud-vetelkedon","status":"publish","type":"post","link":"https:\/\/dorogimedence.hu\/index.php\/2019\/11\/14\/esztergomi-sikerek-a-krimit-tud-vetelkedon\/","title":{"rendered":"Esztergomi sikerek a \u201eKrimit Tud?\u201d vet\u00e9lked\u0151n"},"content":{"rendered":"<p><strong>November 12-\u00e9n, kilencedik alkalommal rendezt\u00e9k meg a Pest Megyei Rend\u0151r-f\u0151kapit\u00e1nys\u00e1g B\u0171nmegel\u0151z\u00e9si Oszt\u00e1ly\u00e1nak prevenci\u00f3s c\u00e9l\u00fa vet\u00e9lked\u0151j\u00e9t, amelynek a F\u0151v\u00e1rosi B\u00fcntet\u00e9s-v\u00e9grehajt\u00e1si Int\u00e9zet adott otthont. A dobog\u00f3 harmadik fok\u00e1ra a G\u00e9za Fejedelem Szakk\u00f6z\u00e9piskola di\u00e1kjai \u00e1llhattak fel.<\/strong><\/p>\n<p>Az idei versenyre orsz\u00e1gos szinten lehetett nevezni, \u00edgy 7 k\u00f6z\u00e9piskol\u00e1s csapatnak ad\u00f3dott lehet\u0151s\u00e9g arra, hogy b\u0171nmegel\u0151z\u00e9ssel kapcsolatos szitu\u00e1ci\u00f3kban m\u00e9rj\u00e9k \u00f6ssze tud\u00e1sukat, a m\u00e9di\u00e1b\u00f3l m\u00e1r j\u00f3l ismert \u201eBeugr\u00f3\u201d c\u00edm\u0171 telev\u00edzi\u00f3s m\u0171sor j\u00e1t\u00e9kszab\u00e1lyainak megfelel\u0151en.<\/p>\n<p><img fetchpriority=\"high\" decoding=\"async\" class=\"alignnone size-full wp-image-20921\" src=\"https:\/\/dorogimedence.hu\/wp-content\/uploads\/2019\/11\/mth-02.jpg\" alt=\"\" width=\"670\" height=\"365\" srcset=\"https:\/\/dorogimedence.hu\/wp-content\/uploads\/2019\/11\/mth-02.jpg 670w, https:\/\/dorogimedence.hu\/wp-content\/uploads\/2019\/11\/mth-02-300x163.jpg 300w\" sizes=\"(max-width: 670px) 100vw, 670px\" \/><\/p>\n<p>A vet\u00e9lked\u0151 h\u00e1zigazd\u00e1ja \u00e9s moder\u00e1tora a kor\u00e1bbi \u00e9vekhez hasonl\u00f3an Nov\u00e1k P\u00e9ter sz\u00edn\u00e9sz, \u00e9nekes, zeneszerz\u0151 volt. A szakmai \u00e9s m\u0171v\u00e9szeti zs\u0171riben m\u00e1sok mellett helyet foglalt Heged\u0171s D. G\u00e9za Kossuth \u00e9s J\u00e1szai Mari-d\u00edjas sz\u00edn\u00e9sz, rendez\u0151, egyetemi docens, Kiss Ern\u0151 Zsolt, a Mad\u00e1ch Sz\u00ednh\u00e1z m\u0171v\u00e9sze, valamint a Nemzeti B\u0171nmegel\u0151z\u00e9si Tan\u00e1cs eln\u00f6ke, Dr. Hatala J\u00f3zsef nyug\u00e1llom\u00e1ny\u00fa r. alt\u00e1bornagy is. A rendezv\u00e9nyen r\u00e9szt vett \u00e9s besz\u00e9det mondott Dr. Bozs\u00f3 Zolt\u00e1n bv. dand\u00e1rt\u00e1bornok, a F\u0151v\u00e1rosi B\u00fcntet\u00e9s-v\u00e9grehajt\u00e1si Int\u00e9zet parancsnoka. <\/p>\n<p>A rendezv\u00e9nyt a Pest Megyei Rend\u0151r-f\u0151kapit\u00e1nys\u00e1g gazdas\u00e1gi rend\u0151rf\u0151kapit\u00e1ny-helyettes, Dr. N\u00e9meth Gyula r. ezredes nyitotta meg, besz\u00e9d\u00e9t k\u00f6vet\u0151en a csapatok \u00fcgyesen improviz\u00e1ltak, a helyzetgyakorlatokat kit\u0171n\u0151en oldott\u00e1k meg a vid\u00e1m hangulat\u00fa esem\u00e9nyen.<\/p>\n<p><img decoding=\"async\" class=\"alignnone size-full wp-image-20922\" src=\"https:\/\/dorogimedence.hu\/wp-content\/uploads\/2019\/11\/mth-03.jpg\" alt=\"\" width=\"670\" height=\"365\" srcset=\"https:\/\/dorogimedence.hu\/wp-content\/uploads\/2019\/11\/mth-03.jpg 670w, https:\/\/dorogimedence.hu\/wp-content\/uploads\/2019\/11\/mth-03-300x163.jpg 300w\" sizes=\"(max-width: 670px) 100vw, 670px\" \/><\/p>\n<p>A vet\u00e9lked\u0151n I. helyez\u00e9st \u00e9rt el a Debreceni Ady Endre Gimn\u00e1zium csapata. A II. helyen a nagykanizsai Batthy\u00e1ny Lajos Gimn\u00e1zium di\u00e1kjai v\u00e9geztek,  <strong>a dobog\u00f3 III. fok\u00e1ra pedig a Tatab\u00e1nyai SZC G\u00e9za Fejedelem Ipari Szakgimn\u00e1zium \u00e9s Szakk\u00f6z\u00e9piskola csapata \u00e1llhatott fe<\/strong>l.<\/p>\n<p><strong>Az esztergomi csapat tagjai:<\/strong> Hideg Bogl\u00e1rka, Ster Martin, R\u00f3zsa \u00c1d\u00e1m \u00e9s Bozs\u00e1k Botond (k\u00fcl\u00f6nd\u00edjat is kapott) volt. <strong>K\u00eds\u00e9r\u0151j\u00fck \u00e9s egyben felk\u00e9sz\u00edt\u0151j\u00fck<\/strong>: N\u00e9veri P\u00e9ter Edv\u00e1rdn\u00e9 rend\u0151r sz\u00e1zados, az Esztergomi Rend\u0151rkapit\u00e1nys\u00e1g iskolai b\u0171nmegel\u0151z\u00e9si tan\u00e1csad\u00f3ja volt.<\/p>\n<p>Gratul\u00e1lunk a csapatoknak!<\/p>\n<p><em>Forr\u00e1s: Kom\u00e1rom-Esztergom Megyei Rend\u0151r-f\u0151kapit\u00e1nys\u00e1g Sajt\u00f3<\/em><\/p>\n","protected":false},"excerpt":{"rendered":"<p>November 12-\u00e9n, kilencedik alkalommal rendezt\u00e9k meg a Pest Megyei Rend\u0151r-f\u0151kapit\u00e1nys\u00e1g B\u0171nmegel\u0151z\u00e9si Oszt\u00e1ly\u00e1nak prevenci\u00f3s c\u00e9l\u00fa vet\u00e9lked\u0151j\u00e9t, amelynek a F\u0151v\u00e1rosi B\u00fcntet\u00e9s-v\u00e9grehajt\u00e1si Int\u00e9zet adott otthont. A dobog\u00f3 harmadik fok\u00e1ra a G\u00e9za Fejedelem Szakk\u00f6z\u00e9piskola di\u00e1kjai \u00e1llhattak fel. Az idei versenyre orsz\u00e1gos szinten lehetett nevezni, \u00edgy 7 k\u00f6z\u00e9piskol\u00e1s csapatnak ad\u00f3dott lehet\u0151s\u00e9g arra, hogy b\u0171nmegel\u0151z\u00e9ssel kapcsolatos szitu\u00e1ci\u00f3kban m\u00e9rj\u00e9k \u00f6ssze tud\u00e1sukat, a<\/p>\n","protected":false},"author":1,"featured_media":20920,"comment_status":"closed","ping_status":"closed","sticky":false,"template":"","format":"standard","meta":{"ngg_post_thumbnail":0,"footnotes":""},"categories":[38,3],"tags":[42,4326,4451,507],"class_list":{"0":"post-20919","1":"post","2":"type-post","3":"status-publish","4":"format-standard","5":"has-post-thumbnail","7":"category-esztergom","8":"category-hirek","9":"tag-esztergom","10":"tag-geza-fejedelem-ipari-szakgimnazium-es-szakkozepiskola","11":"tag-krimit-tud","12":"tag-vetelkedo"},"yoast_head":"<!-- This site is optimized with the Yoast SEO plugin v27.5 - https:\/\/yoast.com\/product\/yoast-seo-wordpress\/ -->\n<title>Esztergomi sikerek a \u201eKrimit Tud?\u201d vet\u00e9lked\u0151n<\/title>\n<meta name=\"robots\" content=\"index, follow, max-snippet:-1, max-image-preview:large, max-video-preview:-1\" \/>\n<link rel=\"canonical\" href=\"https:\/\/dorogimedence.hu\/index.php\/2019\/11\/14\/esztergomi-sikerek-a-krimit-tud-vetelkedon\/\" class=\"yoast-seo-meta-tag\" \/>\n<meta property=\"og:locale\" content=\"hu_HU\" class=\"yoast-seo-meta-tag\" \/>\n<meta property=\"og:type\" content=\"article\" class=\"yoast-seo-meta-tag\" \/>\n<meta property=\"og:title\" content=\"Esztergomi sikerek a \u201eKrimit Tud?\u201d vet\u00e9lked\u0151n\" class=\"yoast-seo-meta-tag\" \/>\n<meta property=\"og:description\" content=\"November 12-\u00e9n, kilencedik alkalommal rendezt\u00e9k meg a Pest Megyei Rend\u0151r-f\u0151kapit\u00e1nys\u00e1g B\u0171nmegel\u0151z\u00e9si Oszt\u00e1ly\u00e1nak prevenci\u00f3s c\u00e9l\u00fa vet\u00e9lked\u0151j\u00e9t, amelynek a F\u0151v\u00e1rosi B\u00fcntet\u00e9s-v\u00e9grehajt\u00e1si Int\u00e9zet adott otthont. A dobog\u00f3 harmadik fok\u00e1ra a G\u00e9za Fejedelem Szakk\u00f6z\u00e9piskola di\u00e1kjai \u00e1llhattak fel. Az idei versenyre orsz\u00e1gos szinten lehetett nevezni, \u00edgy 7 k\u00f6z\u00e9piskol\u00e1s csapatnak ad\u00f3dott lehet\u0151s\u00e9g arra, hogy b\u0171nmegel\u0151z\u00e9ssel kapcsolatos szitu\u00e1ci\u00f3kban m\u00e9rj\u00e9k \u00f6ssze tud\u00e1sukat, a\" class=\"yoast-seo-meta-tag\" \/>\n<meta property=\"og:url\" content=\"https:\/\/dorogimedence.hu\/index.php\/2019\/11\/14\/esztergomi-sikerek-a-krimit-tud-vetelkedon\/\" class=\"yoast-seo-meta-tag\" \/>\n<meta property=\"og:site_name\" content=\"Dorogi-medence Region\u00e1lis H\u00edrport\u00e1l\" class=\"yoast-seo-meta-tag\" \/>\n<meta property=\"article:publisher\" content=\"https:\/\/www.facebook.com\/dorogimedence\/\" class=\"yoast-seo-meta-tag\" \/>\n<meta property=\"article:published_time\" content=\"2019-11-14T06:10:49+00:00\" class=\"yoast-seo-meta-tag\" \/>\n<meta property=\"article:modified_time\" content=\"2019-11-14T07:13:29+00:00\" class=\"yoast-seo-meta-tag\" \/>\n<meta property=\"og:image\" content=\"https:\/\/i0.wp.com\/dorogimedence.hu\/wp-content\/uploads\/2019\/11\/mth-01.jpg?fit=670%2C365&ssl=1\" class=\"yoast-seo-meta-tag\" \/>\n\t<meta property=\"og:image:width\" content=\"670\" class=\"yoast-seo-meta-tag\" \/>\n\t<meta property=\"og:image:height\" content=\"365\" class=\"yoast-seo-meta-tag\" \/>\n\t<meta property=\"og:image:type\" content=\"image\/jpeg\" class=\"yoast-seo-meta-tag\" \/>\n<meta name=\"author\" content=\"dorogimedence.hu\" class=\"yoast-seo-meta-tag\" \/>\n<meta name=\"twitter:card\" content=\"summary_large_image\" class=\"yoast-seo-meta-tag\" \/>\n<meta name=\"twitter:label1\" content=\"Szerz\u0151:\" class=\"yoast-seo-meta-tag\" \/>\n\t<meta name=\"twitter:data1\" content=\"dorogimedence.hu\" class=\"yoast-seo-meta-tag\" \/>\n\t<meta name=\"twitter:label2\" content=\"Becs\u00fclt olvas\u00e1si id\u0151\" class=\"yoast-seo-meta-tag\" \/>\n\t<meta name=\"twitter:data2\" content=\"2 perc\" class=\"yoast-seo-meta-tag\" \/>\n<script type=\"application\/ld+json\" class=\"yoast-schema-graph\">{\"@context\":\"https:\\\/\\\/schema.org\",\"@graph\":[{\"@type\":\"Article\",\"@id\":\"https:\\\/\\\/dorogimedence.hu\\\/index.php\\\/2019\\\/11\\\/14\\\/esztergomi-sikerek-a-krimit-tud-vetelkedon\\\/#article\",\"isPartOf\":{\"@id\":\"https:\\\/\\\/dorogimedence.hu\\\/index.php\\\/2019\\\/11\\\/14\\\/esztergomi-sikerek-a-krimit-tud-vetelkedon\\\/\"},\"author\":{\"name\":\"dorogimedence.hu\",\"@id\":\"https:\\\/\\\/dorogimedence.hu\\\/#\\\/schema\\\/person\\\/ce6091eeb7e95ecdc87890d6aa8e0fd4\"},\"headline\":\"Esztergomi sikerek a \u201eKrimit Tud?\u201d vet\u00e9lked\u0151n\",\"datePublished\":\"2019-11-14T06:10:49+00:00\",\"dateModified\":\"2019-11-14T07:13:29+00:00\",\"mainEntityOfPage\":{\"@id\":\"https:\\\/\\\/dorogimedence.hu\\\/index.php\\\/2019\\\/11\\\/14\\\/esztergomi-sikerek-a-krimit-tud-vetelkedon\\\/\"},\"wordCount\":426,\"publisher\":{\"@id\":\"https:\\\/\\\/dorogimedence.hu\\\/#organization\"},\"image\":{\"@id\":\"https:\\\/\\\/dorogimedence.hu\\\/index.php\\\/2019\\\/11\\\/14\\\/esztergomi-sikerek-a-krimit-tud-vetelkedon\\\/#primaryimage\"},\"thumbnailUrl\":\"https:\\\/\\\/dorogimedence.hu\\\/wp-content\\\/uploads\\\/2019\\\/11\\\/mth-01.jpg\",\"keywords\":[\"esztergom\",\"G\u00e9za Fejedelem Ipari Szakgimn\u00e1zium \u00e9s Szakk\u00f6z\u00e9piskola\",\"Krimit tud?\",\"vet\u00e9lked\u0151\"],\"articleSection\":[\"Esztergom\",\"H\u00edrek\"],\"inLanguage\":\"hu\"},{\"@type\":\"WebPage\",\"@id\":\"https:\\\/\\\/dorogimedence.hu\\\/index.php\\\/2019\\\/11\\\/14\\\/esztergomi-sikerek-a-krimit-tud-vetelkedon\\\/\",\"url\":\"https:\\\/\\\/dorogimedence.hu\\\/index.php\\\/2019\\\/11\\\/14\\\/esztergomi-sikerek-a-krimit-tud-vetelkedon\\\/\",\"name\":\"Esztergomi sikerek a \u201eKrimit Tud?\u201d vet\u00e9lked\u0151n\",\"isPartOf\":{\"@id\":\"https:\\\/\\\/dorogimedence.hu\\\/#website\"},\"primaryImageOfPage\":{\"@id\":\"https:\\\/\\\/dorogimedence.hu\\\/index.php\\\/2019\\\/11\\\/14\\\/esztergomi-sikerek-a-krimit-tud-vetelkedon\\\/#primaryimage\"},\"image\":{\"@id\":\"https:\\\/\\\/dorogimedence.hu\\\/index.php\\\/2019\\\/11\\\/14\\\/esztergomi-sikerek-a-krimit-tud-vetelkedon\\\/#primaryimage\"},\"thumbnailUrl\":\"https:\\\/\\\/dorogimedence.hu\\\/wp-content\\\/uploads\\\/2019\\\/11\\\/mth-01.jpg\",\"datePublished\":\"2019-11-14T06:10:49+00:00\",\"dateModified\":\"2019-11-14T07:13:29+00:00\",\"breadcrumb\":{\"@id\":\"https:\\\/\\\/dorogimedence.hu\\\/index.php\\\/2019\\\/11\\\/14\\\/esztergomi-sikerek-a-krimit-tud-vetelkedon\\\/#breadcrumb\"},\"inLanguage\":\"hu\",\"potentialAction\":[{\"@type\":\"ReadAction\",\"target\":[\"https:\\\/\\\/dorogimedence.hu\\\/index.php\\\/2019\\\/11\\\/14\\\/esztergomi-sikerek-a-krimit-tud-vetelkedon\\\/\"]}]},{\"@type\":\"ImageObject\",\"inLanguage\":\"hu\",\"@id\":\"https:\\\/\\\/dorogimedence.hu\\\/index.php\\\/2019\\\/11\\\/14\\\/esztergomi-sikerek-a-krimit-tud-vetelkedon\\\/#primaryimage\",\"url\":\"https:\\\/\\\/dorogimedence.hu\\\/wp-content\\\/uploads\\\/2019\\\/11\\\/mth-01.jpg\",\"contentUrl\":\"https:\\\/\\\/dorogimedence.hu\\\/wp-content\\\/uploads\\\/2019\\\/11\\\/mth-01.jpg\",\"width\":670,\"height\":365},{\"@type\":\"BreadcrumbList\",\"@id\":\"https:\\\/\\\/dorogimedence.hu\\\/index.php\\\/2019\\\/11\\\/14\\\/esztergomi-sikerek-a-krimit-tud-vetelkedon\\\/#breadcrumb\",\"itemListElement\":[{\"@type\":\"ListItem\",\"position\":1,\"name\":\"Kezd\u0151lap\",\"item\":\"https:\\\/\\\/dorogimedence.hu\\\/\"},{\"@type\":\"ListItem\",\"position\":2,\"name\":\"Esztergomi sikerek a \u201eKrimit Tud?\u201d vet\u00e9lked\u0151n\"}]},{\"@type\":\"WebSite\",\"@id\":\"https:\\\/\\\/dorogimedence.hu\\\/#website\",\"url\":\"https:\\\/\\\/dorogimedence.hu\\\/\",\"name\":\"Dorogi-medence Region\u00e1lis H\u00edrport\u00e1l\",\"description\":\"Dorog, Keszt\u00f6lc, Le\u00e1nyv\u00e1r, Piliscs\u00e9v, Tokod, Tokodalt\u00e1r\u00f3, Csolnok, Esztergom-kertv\u00e1ros: h\u00edrek, programok\",\"publisher\":{\"@id\":\"https:\\\/\\\/dorogimedence.hu\\\/#organization\"},\"potentialAction\":[{\"@type\":\"SearchAction\",\"target\":{\"@type\":\"EntryPoint\",\"urlTemplate\":\"https:\\\/\\\/dorogimedence.hu\\\/?s={search_term_string}\"},\"query-input\":{\"@type\":\"PropertyValueSpecification\",\"valueRequired\":true,\"valueName\":\"search_term_string\"}}],\"inLanguage\":\"hu\"},{\"@type\":\"Organization\",\"@id\":\"https:\\\/\\\/dorogimedence.hu\\\/#organization\",\"name\":\"Dorogi-medence Region\u00e1lis H\u00edrport\u00e1l\",\"url\":\"https:\\\/\\\/dorogimedence.hu\\\/\",\"logo\":{\"@type\":\"ImageObject\",\"inLanguage\":\"hu\",\"@id\":\"https:\\\/\\\/dorogimedence.hu\\\/#\\\/schema\\\/logo\\\/image\\\/\",\"url\":\"https:\\\/\\\/dorogimedence.hu\\\/wp-content\\\/uploads\\\/2021\\\/04\\\/logo-feher-600.png\",\"contentUrl\":\"https:\\\/\\\/dorogimedence.hu\\\/wp-content\\\/uploads\\\/2021\\\/04\\\/logo-feher-600.png\",\"width\":600,\"height\":100,\"caption\":\"Dorogi-medence Region\u00e1lis H\u00edrport\u00e1l\"},\"image\":{\"@id\":\"https:\\\/\\\/dorogimedence.hu\\\/#\\\/schema\\\/logo\\\/image\\\/\"},\"sameAs\":[\"https:\\\/\\\/www.facebook.com\\\/dorogimedence\\\/\"]},{\"@type\":\"Person\",\"@id\":\"https:\\\/\\\/dorogimedence.hu\\\/#\\\/schema\\\/person\\\/ce6091eeb7e95ecdc87890d6aa8e0fd4\",\"name\":\"dorogimedence.hu\",\"image\":{\"@type\":\"ImageObject\",\"inLanguage\":\"hu\",\"@id\":\"\\\/\\\/www.gravatar.com\\\/avatar\\\/d8d45f8901aadff40a4af72c0b826f1d?s=96&#038;r=g&#038;d=mm\",\"url\":\"\\\/\\\/www.gravatar.com\\\/avatar\\\/d8d45f8901aadff40a4af72c0b826f1d?s=96&#038;r=g&#038;d=mm\",\"contentUrl\":\"\\\/\\\/www.gravatar.com\\\/avatar\\\/d8d45f8901aadff40a4af72c0b826f1d?s=96&#038;r=g&#038;d=mm\",\"caption\":\"dorogimedence.hu\"}}]}<\/script>\n<!-- \/ Yoast SEO plugin. -->","yoast_head_json":{"title":"Esztergomi sikerek a \u201eKrimit Tud?\u201d vet\u00e9lked\u0151n","robots":{"index":"index","follow":"follow","max-snippet":"max-snippet:-1","max-image-preview":"max-image-preview:large","max-video-preview":"max-video-preview:-1"},"canonical":"https:\/\/dorogimedence.hu\/index.php\/2019\/11\/14\/esztergomi-sikerek-a-krimit-tud-vetelkedon\/","og_locale":"hu_HU","og_type":"article","og_title":"Esztergomi sikerek a \u201eKrimit Tud?\u201d vet\u00e9lked\u0151n","og_description":"November 12-\u00e9n, kilencedik alkalommal rendezt\u00e9k meg a Pest Megyei Rend\u0151r-f\u0151kapit\u00e1nys\u00e1g B\u0171nmegel\u0151z\u00e9si Oszt\u00e1ly\u00e1nak prevenci\u00f3s c\u00e9l\u00fa vet\u00e9lked\u0151j\u00e9t, amelynek a F\u0151v\u00e1rosi B\u00fcntet\u00e9s-v\u00e9grehajt\u00e1si Int\u00e9zet adott otthont. A dobog\u00f3 harmadik fok\u00e1ra a G\u00e9za Fejedelem Szakk\u00f6z\u00e9piskola di\u00e1kjai \u00e1llhattak fel. Az idei versenyre orsz\u00e1gos szinten lehetett nevezni, \u00edgy 7 k\u00f6z\u00e9piskol\u00e1s csapatnak ad\u00f3dott lehet\u0151s\u00e9g arra, hogy b\u0171nmegel\u0151z\u00e9ssel kapcsolatos szitu\u00e1ci\u00f3kban m\u00e9rj\u00e9k \u00f6ssze tud\u00e1sukat, a","og_url":"https:\/\/dorogimedence.hu\/index.php\/2019\/11\/14\/esztergomi-sikerek-a-krimit-tud-vetelkedon\/","og_site_name":"Dorogi-medence Region\u00e1lis H\u00edrport\u00e1l","article_publisher":"https:\/\/www.facebook.com\/dorogimedence\/","article_published_time":"2019-11-14T06:10:49+00:00","article_modified_time":"2019-11-14T07:13:29+00:00","og_image":[{"width":670,"height":365,"url":"https:\/\/i0.wp.com\/dorogimedence.hu\/wp-content\/uploads\/2019\/11\/mth-01.jpg?fit=670%2C365&ssl=1","type":"image\/jpeg"}],"author":"dorogimedence.hu","twitter_card":"summary_large_image","twitter_misc":{"Szerz\u0151:":"dorogimedence.hu","Becs\u00fclt olvas\u00e1si id\u0151":"2 perc"},"schema":{"@context":"https:\/\/schema.org","@graph":[{"@type":"Article","@id":"https:\/\/dorogimedence.hu\/index.php\/2019\/11\/14\/esztergomi-sikerek-a-krimit-tud-vetelkedon\/#article","isPartOf":{"@id":"https:\/\/dorogimedence.hu\/index.php\/2019\/11\/14\/esztergomi-sikerek-a-krimit-tud-vetelkedon\/"},"author":{"name":"dorogimedence.hu","@id":"https:\/\/dorogimedence.hu\/#\/schema\/person\/ce6091eeb7e95ecdc87890d6aa8e0fd4"},"headline":"Esztergomi sikerek a \u201eKrimit Tud?\u201d vet\u00e9lked\u0151n","datePublished":"2019-11-14T06:10:49+00:00","dateModified":"2019-11-14T07:13:29+00:00","mainEntityOfPage":{"@id":"https:\/\/dorogimedence.hu\/index.php\/2019\/11\/14\/esztergomi-sikerek-a-krimit-tud-vetelkedon\/"},"wordCount":426,"publisher":{"@id":"https:\/\/dorogimedence.hu\/#organization"},"image":{"@id":"https:\/\/dorogimedence.hu\/index.php\/2019\/11\/14\/esztergomi-sikerek-a-krimit-tud-vetelkedon\/#primaryimage"},"thumbnailUrl":"https:\/\/dorogimedence.hu\/wp-content\/uploads\/2019\/11\/mth-01.jpg","keywords":["esztergom","G\u00e9za Fejedelem Ipari Szakgimn\u00e1zium \u00e9s Szakk\u00f6z\u00e9piskola","Krimit tud?","vet\u00e9lked\u0151"],"articleSection":["Esztergom","H\u00edrek"],"inLanguage":"hu"},{"@type":"WebPage","@id":"https:\/\/dorogimedence.hu\/index.php\/2019\/11\/14\/esztergomi-sikerek-a-krimit-tud-vetelkedon\/","url":"https:\/\/dorogimedence.hu\/index.php\/2019\/11\/14\/esztergomi-sikerek-a-krimit-tud-vetelkedon\/","name":"Esztergomi sikerek a \u201eKrimit Tud?\u201d vet\u00e9lked\u0151n","isPartOf":{"@id":"https:\/\/dorogimedence.hu\/#website"},"primaryImageOfPage":{"@id":"https:\/\/dorogimedence.hu\/index.php\/2019\/11\/14\/esztergomi-sikerek-a-krimit-tud-vetelkedon\/#primaryimage"},"image":{"@id":"https:\/\/dorogimedence.hu\/index.php\/2019\/11\/14\/esztergomi-sikerek-a-krimit-tud-vetelkedon\/#primaryimage"},"thumbnailUrl":"https:\/\/dorogimedence.hu\/wp-content\/uploads\/2019\/11\/mth-01.jpg","datePublished":"2019-11-14T06:10:49+00:00","dateModified":"2019-11-14T07:13:29+00:00","breadcrumb":{"@id":"https:\/\/dorogimedence.hu\/index.php\/2019\/11\/14\/esztergomi-sikerek-a-krimit-tud-vetelkedon\/#breadcrumb"},"inLanguage":"hu","potentialAction":[{"@type":"ReadAction","target":["https:\/\/dorogimedence.hu\/index.php\/2019\/11\/14\/esztergomi-sikerek-a-krimit-tud-vetelkedon\/"]}]},{"@type":"ImageObject","inLanguage":"hu","@id":"https:\/\/dorogimedence.hu\/index.php\/2019\/11\/14\/esztergomi-sikerek-a-krimit-tud-vetelkedon\/#primaryimage","url":"https:\/\/dorogimedence.hu\/wp-content\/uploads\/2019\/11\/mth-01.jpg","contentUrl":"https:\/\/dorogimedence.hu\/wp-content\/uploads\/2019\/11\/mth-01.jpg","width":670,"height":365},{"@type":"BreadcrumbList","@id":"https:\/\/dorogimedence.hu\/index.php\/2019\/11\/14\/esztergomi-sikerek-a-krimit-tud-vetelkedon\/#breadcrumb","itemListElement":[{"@type":"ListItem","position":1,"name":"Kezd\u0151lap","item":"https:\/\/dorogimedence.hu\/"},{"@type":"ListItem","position":2,"name":"Esztergomi sikerek a \u201eKrimit Tud?\u201d vet\u00e9lked\u0151n"}]},{"@type":"WebSite","@id":"https:\/\/dorogimedence.hu\/#website","url":"https:\/\/dorogimedence.hu\/","name":"Dorogi-medence Region\u00e1lis H\u00edrport\u00e1l","description":"Dorog, Keszt\u00f6lc, Le\u00e1nyv\u00e1r, Piliscs\u00e9v, Tokod, Tokodalt\u00e1r\u00f3, Csolnok, Esztergom-kertv\u00e1ros: h\u00edrek, programok","publisher":{"@id":"https:\/\/dorogimedence.hu\/#organization"},"potentialAction":[{"@type":"SearchAction","target":{"@type":"EntryPoint","urlTemplate":"https:\/\/dorogimedence.hu\/?s={search_term_string}"},"query-input":{"@type":"PropertyValueSpecification","valueRequired":true,"valueName":"search_term_string"}}],"inLanguage":"hu"},{"@type":"Organization","@id":"https:\/\/dorogimedence.hu\/#organization","name":"Dorogi-medence Region\u00e1lis H\u00edrport\u00e1l","url":"https:\/\/dorogimedence.hu\/","logo":{"@type":"ImageObject","inLanguage":"hu","@id":"https:\/\/dorogimedence.hu\/#\/schema\/logo\/image\/","url":"https:\/\/dorogimedence.hu\/wp-content\/uploads\/2021\/04\/logo-feher-600.png","contentUrl":"https:\/\/dorogimedence.hu\/wp-content\/uploads\/2021\/04\/logo-feher-600.png","width":600,"height":100,"caption":"Dorogi-medence Region\u00e1lis H\u00edrport\u00e1l"},"image":{"@id":"https:\/\/dorogimedence.hu\/#\/schema\/logo\/image\/"},"sameAs":["https:\/\/www.facebook.com\/dorogimedence\/"]},{"@type":"Person","@id":"https:\/\/dorogimedence.hu\/#\/schema\/person\/ce6091eeb7e95ecdc87890d6aa8e0fd4","name":"dorogimedence.hu","image":{"@type":"ImageObject","inLanguage":"hu","@id":"\/\/www.gravatar.com\/avatar\/d8d45f8901aadff40a4af72c0b826f1d?s=96&#038;r=g&#038;d=mm","url":"\/\/www.gravatar.com\/avatar\/d8d45f8901aadff40a4af72c0b826f1d?s=96&#038;r=g&#038;d=mm","contentUrl":"\/\/www.gravatar.com\/avatar\/d8d45f8901aadff40a4af72c0b826f1d?s=96&#038;r=g&#038;d=mm","caption":"dorogimedence.hu"}}]}},"_links":{"self":[{"href":"https:\/\/dorogimedence.hu\/index.php\/wp-json\/wp\/v2\/posts\/20919","targetHints":{"allow":["GET"]}}],"collection":[{"href":"https:\/\/dorogimedence.hu\/index.php\/wp-json\/wp\/v2\/posts"}],"about":[{"href":"https:\/\/dorogimedence.hu\/index.php\/wp-json\/wp\/v2\/types\/post"}],"author":[{"embeddable":true,"href":"https:\/\/dorogimedence.hu\/index.php\/wp-json\/wp\/v2\/users\/1"}],"replies":[{"embeddable":true,"href":"https:\/\/dorogimedence.hu\/index.php\/wp-json\/wp\/v2\/comments?post=20919"}],"version-history":[{"count":0,"href":"https:\/\/dorogimedence.hu\/index.php\/wp-json\/wp\/v2\/posts\/20919\/revisions"}],"wp:featuredmedia":[{"embeddable":true,"href":"https:\/\/dorogimedence.hu\/index.php\/wp-json\/wp\/v2\/media\/20920"}],"wp:attachment":[{"href":"https:\/\/dorogimedence.hu\/index.php\/wp-json\/wp\/v2\/media?parent=20919"}],"wp:term":[{"taxonomy":"category","embeddable":true,"href":"https:\/\/dorogimedence.hu\/index.php\/wp-json\/wp\/v2\/categories?post=20919"},{"taxonomy":"post_tag","embeddable":true,"href":"https:\/\/dorogimedence.hu\/index.php\/wp-json\/wp\/v2\/tags?post=20919"}],"curies":[{"name":"wp","href":"https:\/\/api.w.org\/{rel}","templated":true}]}}