{"id":20901,"date":"2019-11-13T12:19:39","date_gmt":"2019-11-13T11:19:39","guid":{"rendered":"http:\/\/dorogimedence.hu\/?p=20901"},"modified":"2019-11-13T12:20:05","modified_gmt":"2019-11-13T11:20:05","slug":"szarka-gyula-a-ghymes-zenekar-vezetoje-az-esztergomi-konyvtarban","status":"publish","type":"post","link":"https:\/\/dorogimedence.hu\/index.php\/2019\/11\/13\/szarka-gyula-a-ghymes-zenekar-vezetoje-az-esztergomi-konyvtarban\/","title":{"rendered":"Szarka Gyula a Ghymes zenekar vezet\u0151je az esztergomi k\u00f6nyvt\u00e1rban"},"content":{"rendered":"<p><strong>Ha h\u00e9tf\u0151, akkor K\u00f6nyvt\u00e1ri Besz\u00e9lget\u00e9sek. B\u00e1nhidy Vajk Szarka Gyula Kossuth-d\u00edjas \u00e9nekessel, a Ghymes zenekar vezet\u0151j\u00e9vel besz\u00e9lgetett november 11-\u00e9n d\u00e9lut\u00e1n a Helischer J\u00f3zsef V\u00e1rosi K\u00f6nyvt\u00e1rban.<\/strong><\/p>\n<p>R\u00e9gi id\u0151kb\u0151l anekdot\u00e1kat mes\u00e9lt a m\u0171v\u00e9sz \u00far, amikor m\u00e9g a hat\u00e1rokon val\u00f3 \u00e1tj\u00e1r\u00e1s nem volt ilyen egyszer\u0171, mint ma. A v\u00e1mosok \u00e9s hat\u00e1r\u0151r\u00f6k nem egyszer \u00e1ll\u00edtott\u00e1k meg \u00e9s ford\u00edtott\u00e1k vissza a koncertre igyekv\u0151 zenekart mondvacsin\u00e1lt \u00fcr\u00fcggyel. Egyszer \u00e1llateg\u00e9szs\u00e9g\u00fcgyi okokra hivatkozva nem engedtek \u00e1t egy dobot, mert \u2013 a v\u00e1mos szerint \u2013 ismeretlen eredet\u0171 \u00e1llatb\u0151rb\u0151l k\u00e9sz\u00fclt az illet\u0151 hangszer, m\u00e1skor pedig nem hitt\u00e9k el egy-egy hangszerr\u0151l, hogy az bizony hangszer, m\u00edg Gyula meg nem sz\u00f3laltatta<em>.&nbsp; \u201eSzerintem ugratni is akart, sz\u00edvatni is, \u00e9s r\u00f6h\u00f6g\u00f6tt is rajtam, \u00edgy h\u00e1t elj\u00e1tszottam a hat\u00e1r\u0151rnek egy Dun\u00e1nt\u00fali ugr\u00f3st. Neh\u00e9z volt ezekkel a hangszerekkel a hat\u00e1rokon \u00e1tjutni.\u201d<\/em><\/p>\n<p>Szarka Gyul\u00e1t m\u00e1r nagyon fiatalon elvar\u00e1zsolta az erd\u00e9lyi n\u00e9pzene, melyet csod\u00e1nak, a legt\u00f6k\u00e9letesebb, legarchaikusabb n\u00e9pzen\u00e9nek tart. Amikor Magyarorsz\u00e1gon elindult a t\u00e1nch\u00e1z mozgalom, s a nagyk\u00f6z\u00f6ns\u00e9g el\u0151tt megjelent a csall\u00f3k\u00f6zi, g\u00f6m\u00f6ri, zoboralji n\u00e9pzene, akkor figyelt fel r\u00e1, hogy itthon is itt van az archaikus, csod\u00e1latos n\u00e9pzene, s ezt meg kell sz\u00f3laltatni, meg kell mutatni, ismertetni mindenkivel.<\/p>\n<p>Nyitr\u00e1n j\u00e1rt f\u0151iskol\u00e1ra, ahol a zoboralji n\u00e9pzen\u00e9r\u0151l \u00edrta a szakdolgozat\u00e1t, s komolyan belem\u00e9ly\u00fclt a n\u00e9pzene kutat\u00e1s\u00e1ba, mely, elmond\u00e1sa szerint addigra m\u00e1r Kod\u00e1ly \u00e9s Bart\u00f3k \u00e1ltal felkutatott, le\u00edrt t\u00e9ma volt \u2013 ennek ellen\u00e9re nagyszer\u0171 \u00e9rz\u00e9st jelentett sz\u00e1m\u00e1ra olyan id\u0151s emberekkel besz\u00e9lgetni, hangfelv\u00e9teleket k\u00e9szteni, akik annak idej\u00e9n kisgyermekk\u00e9nt m\u00e9g \u00e9nekeltek Kod\u00e1lynak, Bart\u00f3knak. Olyan \u00e9lm\u00e9nyk\u00e9nt hatott r\u00e1 a szakdolgozat\u00e1hoz val\u00f3 anyaggy\u0171jt\u00e9s, ami eg\u00e9sz \u00e9let\u00e9re meghat\u00e1rozta ir\u00e1nyults\u00e1g\u00e1t, \u00e9rdekl\u0151d\u00e9si k\u00f6r\u00e9t.<\/p>\n<p><img fetchpriority=\"high\" decoding=\"async\" class=\"alignnone size-full wp-image-20903\" src=\"https:\/\/dorogimedence.hu\/wp-content\/uploads\/2019\/11\/szarka-02.jpg\" alt=\"\" width=\"670\" height=\"365\" srcset=\"https:\/\/dorogimedence.hu\/wp-content\/uploads\/2019\/11\/szarka-02.jpg 670w, https:\/\/dorogimedence.hu\/wp-content\/uploads\/2019\/11\/szarka-02-300x163.jpg 300w\" sizes=\"(max-width: 670px) 100vw, 670px\" \/><\/p>\n<p>Nagyon kor\u00e1n zenekart alap\u00edtott. N\u00e9pzen\u00e9ket kezdtek j\u00e1tszani. <em>\u201eAkkoriban m\u00e9g csak bontogattuk sz\u00e1rnyainkat, volt olyan mini koncert\u00fcnk, ahol a sz\u00fcleim voltak jelen, s m\u00e9g 5-6 ember<\/em> \u2013 mes\u00e9lte egykori eml\u00e9keit mosolyogva <em>\u2013, de biztattak minket, hogy lesz ebb\u0151l m\u00e9g valami. &nbsp;K\u00f6zben m\u00e1r a saj\u00e1t st\u00edlusunkat is belevitt\u00fck a zen\u00e9be, hisz&nbsp; a saj\u00e1t zen\u00e9nket is szerett\u00fck volna j\u00e1tszani, n\u00e9ha ugyan r\u00e1nk fogt\u00e1k, hogy folkfasiszt\u00e1k vagyunk, de mi tudtuk, hogy a n\u00e9pzen\u00e9t be kell vinni az emberek h\u00e9tk\u00f6znapjaiba.&nbsp; A n\u00e9pzen\u00e9t, a hagyom\u00e1nyokat nem eldugni kell egy m\u00fazeum m\u00e9ly\u00e9n, hanem haszn\u00e1lni kell, \u00edgy tud terjedni, k\u00fcl\u00f6nben nem ismerik meg az emberek.\u201d<\/em><\/p>\n<p>A Ghymes egy\u00fcttes modern zen\u00e9t alkotott \u00fagy, hogy az autentikus magyar n\u00e9pzen\u00e9t haszn\u00e1lta fel hozz\u00e1. Magyar vil\u00e1gzen\u00e9t hoztak l\u00e9tre, melyet a vil\u00e1gba minden fel\u00e9 kisug\u00e1roznak.<\/p>\n<p>Szarka Gyula \u00e9leteleme a koncertez\u00e9s, a fesztiv\u00e1lokon val\u00f3 zen\u00e9l\u00e9s, k\u00f6zel 4-5ezer fell\u00e9p\u00e9sen vettek r\u00e9szt az elm\u00falt 35 \u00e9vben. Jelenleg is k\u00e9sz\u00fcl a zenekar \u00faj CD-je. Kar\u00e1csonyi turn\u00e9ra k\u00e9sz\u00fclnek. S b\u00e1r rendk\u00edv\u00fcl akt\u00edv \u00e9letet \u00e9l Gyula, m\u00e1r megjelent \u00e9let\u00e9ben a nyugalom szigete is: Balaton-felvid\u00e9ken, Szentgy\u00f6rgyhegyen v\u00e1s\u00e1rolt sz\u0151l\u0151birtok\u00e1n bor\u00e1szkodik, mert a zene, az irodalom \u00e9s a bor sz\u00e9tv\u00e1laszthatatlan egys\u00e9get k\u00e9pez n\u00e1la.<\/p>\n<p><em><strong>Kuglern\u00e9 Szurovi\u00e1k Szilvia<\/strong><\/em><\/p>\n<p><em>Fot\u00f3k: Ny\u00e1ri Andrea<\/em><\/p>\n","protected":false},"excerpt":{"rendered":"<p>Ha h\u00e9tf\u0151, akkor K\u00f6nyvt\u00e1ri Besz\u00e9lget\u00e9sek. B\u00e1nhidy Vajk Szarka Gyula Kossuth-d\u00edjas \u00e9nekessel, a Ghymes zenekar vezet\u0151j\u00e9vel besz\u00e9lgetett november 11-\u00e9n d\u00e9lut\u00e1n a Helischer J\u00f3zsef V\u00e1rosi K\u00f6nyvt\u00e1rban. R\u00e9gi id\u0151kb\u0151l anekdot\u00e1kat mes\u00e9lt a m\u0171v\u00e9sz \u00far, amikor m\u00e9g a hat\u00e1rokon val\u00f3 \u00e1tj\u00e1r\u00e1s nem volt ilyen egyszer\u0171, mint ma. A v\u00e1mosok \u00e9s hat\u00e1r\u0151r\u00f6k nem egyszer \u00e1ll\u00edtott\u00e1k meg \u00e9s ford\u00edtott\u00e1k vissza a<\/p>\n","protected":false},"author":1,"featured_media":20902,"comment_status":"closed","ping_status":"closed","sticky":false,"template":"","format":"standard","meta":{"ngg_post_thumbnail":0,"footnotes":""},"categories":[38,3],"tags":[42,1609,4448,144,1074,4447],"class_list":{"0":"post-20901","1":"post","2":"type-post","3":"status-publish","4":"format-standard","5":"has-post-thumbnail","7":"category-esztergom","8":"category-hirek","9":"tag-esztergom","10":"tag-esztergomi-konyvtar","11":"tag-ghymes-zenekar","12":"tag-konyvtar","13":"tag-konyvtari-beszelgetesek","14":"tag-szarka-gyula"},"yoast_head":"<!-- This site is optimized with the Yoast SEO plugin v27.4 - https:\/\/yoast.com\/product\/yoast-seo-wordpress\/ -->\n<title>Szarka Gyula a Ghymes zenekar vezet\u0151je az esztergomi k\u00f6nyvt\u00e1rban<\/title>\n<meta name=\"robots\" content=\"index, follow, max-snippet:-1, max-image-preview:large, max-video-preview:-1\" \/>\n<link rel=\"canonical\" href=\"https:\/\/dorogimedence.hu\/index.php\/2019\/11\/13\/szarka-gyula-a-ghymes-zenekar-vezetoje-az-esztergomi-konyvtarban\/\" class=\"yoast-seo-meta-tag\" \/>\n<meta property=\"og:locale\" content=\"hu_HU\" class=\"yoast-seo-meta-tag\" \/>\n<meta property=\"og:type\" content=\"article\" class=\"yoast-seo-meta-tag\" \/>\n<meta property=\"og:title\" content=\"Szarka Gyula a Ghymes zenekar vezet\u0151je az esztergomi k\u00f6nyvt\u00e1rban\" class=\"yoast-seo-meta-tag\" \/>\n<meta property=\"og:description\" content=\"Ha h\u00e9tf\u0151, akkor K\u00f6nyvt\u00e1ri Besz\u00e9lget\u00e9sek. B\u00e1nhidy Vajk Szarka Gyula Kossuth-d\u00edjas \u00e9nekessel, a Ghymes zenekar vezet\u0151j\u00e9vel besz\u00e9lgetett november 11-\u00e9n d\u00e9lut\u00e1n a Helischer J\u00f3zsef V\u00e1rosi K\u00f6nyvt\u00e1rban. R\u00e9gi id\u0151kb\u0151l anekdot\u00e1kat mes\u00e9lt a m\u0171v\u00e9sz \u00far, amikor m\u00e9g a hat\u00e1rokon val\u00f3 \u00e1tj\u00e1r\u00e1s nem volt ilyen egyszer\u0171, mint ma. A v\u00e1mosok \u00e9s hat\u00e1r\u0151r\u00f6k nem egyszer \u00e1ll\u00edtott\u00e1k meg \u00e9s ford\u00edtott\u00e1k vissza a\" class=\"yoast-seo-meta-tag\" \/>\n<meta property=\"og:url\" content=\"https:\/\/dorogimedence.hu\/index.php\/2019\/11\/13\/szarka-gyula-a-ghymes-zenekar-vezetoje-az-esztergomi-konyvtarban\/\" class=\"yoast-seo-meta-tag\" \/>\n<meta property=\"og:site_name\" content=\"Dorogi-medence Region\u00e1lis H\u00edrport\u00e1l\" class=\"yoast-seo-meta-tag\" \/>\n<meta property=\"article:publisher\" content=\"https:\/\/www.facebook.com\/dorogimedence\/\" class=\"yoast-seo-meta-tag\" \/>\n<meta property=\"article:published_time\" content=\"2019-11-13T11:19:39+00:00\" class=\"yoast-seo-meta-tag\" \/>\n<meta property=\"article:modified_time\" content=\"2019-11-13T11:20:05+00:00\" class=\"yoast-seo-meta-tag\" \/>\n<meta property=\"og:image\" content=\"https:\/\/i0.wp.com\/dorogimedence.hu\/wp-content\/uploads\/2019\/11\/szarka-01.jpg?fit=670%2C365&ssl=1\" class=\"yoast-seo-meta-tag\" \/>\n\t<meta property=\"og:image:width\" content=\"670\" class=\"yoast-seo-meta-tag\" \/>\n\t<meta property=\"og:image:height\" content=\"365\" class=\"yoast-seo-meta-tag\" \/>\n\t<meta property=\"og:image:type\" content=\"image\/jpeg\" class=\"yoast-seo-meta-tag\" \/>\n<meta name=\"author\" content=\"dorogimedence.hu\" class=\"yoast-seo-meta-tag\" \/>\n<meta name=\"twitter:card\" content=\"summary_large_image\" class=\"yoast-seo-meta-tag\" \/>\n<meta name=\"twitter:label1\" content=\"Szerz\u0151:\" class=\"yoast-seo-meta-tag\" \/>\n\t<meta name=\"twitter:data1\" content=\"dorogimedence.hu\" class=\"yoast-seo-meta-tag\" \/>\n\t<meta name=\"twitter:label2\" content=\"Becs\u00fclt olvas\u00e1si id\u0151\" class=\"yoast-seo-meta-tag\" \/>\n\t<meta name=\"twitter:data2\" content=\"3 perc\" class=\"yoast-seo-meta-tag\" \/>\n<script type=\"application\/ld+json\" class=\"yoast-schema-graph\">{\"@context\":\"https:\\\/\\\/schema.org\",\"@graph\":[{\"@type\":\"Article\",\"@id\":\"https:\\\/\\\/dorogimedence.hu\\\/index.php\\\/2019\\\/11\\\/13\\\/szarka-gyula-a-ghymes-zenekar-vezetoje-az-esztergomi-konyvtarban\\\/#article\",\"isPartOf\":{\"@id\":\"https:\\\/\\\/dorogimedence.hu\\\/index.php\\\/2019\\\/11\\\/13\\\/szarka-gyula-a-ghymes-zenekar-vezetoje-az-esztergomi-konyvtarban\\\/\"},\"author\":{\"name\":\"dorogimedence.hu\",\"@id\":\"https:\\\/\\\/dorogimedence.hu\\\/#\\\/schema\\\/person\\\/ce6091eeb7e95ecdc87890d6aa8e0fd4\"},\"headline\":\"Szarka Gyula a Ghymes zenekar vezet\u0151je az esztergomi k\u00f6nyvt\u00e1rban\",\"datePublished\":\"2019-11-13T11:19:39+00:00\",\"dateModified\":\"2019-11-13T11:20:05+00:00\",\"mainEntityOfPage\":{\"@id\":\"https:\\\/\\\/dorogimedence.hu\\\/index.php\\\/2019\\\/11\\\/13\\\/szarka-gyula-a-ghymes-zenekar-vezetoje-az-esztergomi-konyvtarban\\\/\"},\"wordCount\":666,\"publisher\":{\"@id\":\"https:\\\/\\\/dorogimedence.hu\\\/#organization\"},\"image\":{\"@id\":\"https:\\\/\\\/dorogimedence.hu\\\/index.php\\\/2019\\\/11\\\/13\\\/szarka-gyula-a-ghymes-zenekar-vezetoje-az-esztergomi-konyvtarban\\\/#primaryimage\"},\"thumbnailUrl\":\"https:\\\/\\\/dorogimedence.hu\\\/wp-content\\\/uploads\\\/2019\\\/11\\\/szarka-01.jpg\",\"keywords\":[\"esztergom\",\"esztergomi k\u00f6nyvt\u00e1r\",\"Ghymes zenekar\",\"k\u00f6nyvt\u00e1r\",\"k\u00f6nyvt\u00e1ri besz\u00e9lget\u00e9sek\",\"Szarka Gyula\"],\"articleSection\":[\"Esztergom\",\"H\u00edrek\"],\"inLanguage\":\"hu\"},{\"@type\":\"WebPage\",\"@id\":\"https:\\\/\\\/dorogimedence.hu\\\/index.php\\\/2019\\\/11\\\/13\\\/szarka-gyula-a-ghymes-zenekar-vezetoje-az-esztergomi-konyvtarban\\\/\",\"url\":\"https:\\\/\\\/dorogimedence.hu\\\/index.php\\\/2019\\\/11\\\/13\\\/szarka-gyula-a-ghymes-zenekar-vezetoje-az-esztergomi-konyvtarban\\\/\",\"name\":\"Szarka Gyula a Ghymes zenekar vezet\u0151je az esztergomi k\u00f6nyvt\u00e1rban\",\"isPartOf\":{\"@id\":\"https:\\\/\\\/dorogimedence.hu\\\/#website\"},\"primaryImageOfPage\":{\"@id\":\"https:\\\/\\\/dorogimedence.hu\\\/index.php\\\/2019\\\/11\\\/13\\\/szarka-gyula-a-ghymes-zenekar-vezetoje-az-esztergomi-konyvtarban\\\/#primaryimage\"},\"image\":{\"@id\":\"https:\\\/\\\/dorogimedence.hu\\\/index.php\\\/2019\\\/11\\\/13\\\/szarka-gyula-a-ghymes-zenekar-vezetoje-az-esztergomi-konyvtarban\\\/#primaryimage\"},\"thumbnailUrl\":\"https:\\\/\\\/dorogimedence.hu\\\/wp-content\\\/uploads\\\/2019\\\/11\\\/szarka-01.jpg\",\"datePublished\":\"2019-11-13T11:19:39+00:00\",\"dateModified\":\"2019-11-13T11:20:05+00:00\",\"breadcrumb\":{\"@id\":\"https:\\\/\\\/dorogimedence.hu\\\/index.php\\\/2019\\\/11\\\/13\\\/szarka-gyula-a-ghymes-zenekar-vezetoje-az-esztergomi-konyvtarban\\\/#breadcrumb\"},\"inLanguage\":\"hu\",\"potentialAction\":[{\"@type\":\"ReadAction\",\"target\":[\"https:\\\/\\\/dorogimedence.hu\\\/index.php\\\/2019\\\/11\\\/13\\\/szarka-gyula-a-ghymes-zenekar-vezetoje-az-esztergomi-konyvtarban\\\/\"]}]},{\"@type\":\"ImageObject\",\"inLanguage\":\"hu\",\"@id\":\"https:\\\/\\\/dorogimedence.hu\\\/index.php\\\/2019\\\/11\\\/13\\\/szarka-gyula-a-ghymes-zenekar-vezetoje-az-esztergomi-konyvtarban\\\/#primaryimage\",\"url\":\"https:\\\/\\\/dorogimedence.hu\\\/wp-content\\\/uploads\\\/2019\\\/11\\\/szarka-01.jpg\",\"contentUrl\":\"https:\\\/\\\/dorogimedence.hu\\\/wp-content\\\/uploads\\\/2019\\\/11\\\/szarka-01.jpg\",\"width\":670,\"height\":365},{\"@type\":\"BreadcrumbList\",\"@id\":\"https:\\\/\\\/dorogimedence.hu\\\/index.php\\\/2019\\\/11\\\/13\\\/szarka-gyula-a-ghymes-zenekar-vezetoje-az-esztergomi-konyvtarban\\\/#breadcrumb\",\"itemListElement\":[{\"@type\":\"ListItem\",\"position\":1,\"name\":\"Kezd\u0151lap\",\"item\":\"https:\\\/\\\/dorogimedence.hu\\\/\"},{\"@type\":\"ListItem\",\"position\":2,\"name\":\"Szarka Gyula a Ghymes zenekar vezet\u0151je az esztergomi k\u00f6nyvt\u00e1rban\"}]},{\"@type\":\"WebSite\",\"@id\":\"https:\\\/\\\/dorogimedence.hu\\\/#website\",\"url\":\"https:\\\/\\\/dorogimedence.hu\\\/\",\"name\":\"Dorogi-medence Region\u00e1lis H\u00edrport\u00e1l\",\"description\":\"Dorog, Keszt\u00f6lc, Le\u00e1nyv\u00e1r, Piliscs\u00e9v, Tokod, Tokodalt\u00e1r\u00f3, Csolnok, Esztergom-kertv\u00e1ros: h\u00edrek, programok\",\"publisher\":{\"@id\":\"https:\\\/\\\/dorogimedence.hu\\\/#organization\"},\"potentialAction\":[{\"@type\":\"SearchAction\",\"target\":{\"@type\":\"EntryPoint\",\"urlTemplate\":\"https:\\\/\\\/dorogimedence.hu\\\/?s={search_term_string}\"},\"query-input\":{\"@type\":\"PropertyValueSpecification\",\"valueRequired\":true,\"valueName\":\"search_term_string\"}}],\"inLanguage\":\"hu\"},{\"@type\":\"Organization\",\"@id\":\"https:\\\/\\\/dorogimedence.hu\\\/#organization\",\"name\":\"Dorogi-medence Region\u00e1lis H\u00edrport\u00e1l\",\"url\":\"https:\\\/\\\/dorogimedence.hu\\\/\",\"logo\":{\"@type\":\"ImageObject\",\"inLanguage\":\"hu\",\"@id\":\"https:\\\/\\\/dorogimedence.hu\\\/#\\\/schema\\\/logo\\\/image\\\/\",\"url\":\"https:\\\/\\\/dorogimedence.hu\\\/wp-content\\\/uploads\\\/2021\\\/04\\\/logo-feher-600.png\",\"contentUrl\":\"https:\\\/\\\/dorogimedence.hu\\\/wp-content\\\/uploads\\\/2021\\\/04\\\/logo-feher-600.png\",\"width\":600,\"height\":100,\"caption\":\"Dorogi-medence Region\u00e1lis H\u00edrport\u00e1l\"},\"image\":{\"@id\":\"https:\\\/\\\/dorogimedence.hu\\\/#\\\/schema\\\/logo\\\/image\\\/\"},\"sameAs\":[\"https:\\\/\\\/www.facebook.com\\\/dorogimedence\\\/\"]},{\"@type\":\"Person\",\"@id\":\"https:\\\/\\\/dorogimedence.hu\\\/#\\\/schema\\\/person\\\/ce6091eeb7e95ecdc87890d6aa8e0fd4\",\"name\":\"dorogimedence.hu\",\"image\":{\"@type\":\"ImageObject\",\"inLanguage\":\"hu\",\"@id\":\"\\\/\\\/www.gravatar.com\\\/avatar\\\/d8d45f8901aadff40a4af72c0b826f1d?s=96&#038;r=g&#038;d=mm\",\"url\":\"\\\/\\\/www.gravatar.com\\\/avatar\\\/d8d45f8901aadff40a4af72c0b826f1d?s=96&#038;r=g&#038;d=mm\",\"contentUrl\":\"\\\/\\\/www.gravatar.com\\\/avatar\\\/d8d45f8901aadff40a4af72c0b826f1d?s=96&#038;r=g&#038;d=mm\",\"caption\":\"dorogimedence.hu\"}}]}<\/script>\n<!-- \/ Yoast SEO plugin. -->","yoast_head_json":{"title":"Szarka Gyula a Ghymes zenekar vezet\u0151je az esztergomi k\u00f6nyvt\u00e1rban","robots":{"index":"index","follow":"follow","max-snippet":"max-snippet:-1","max-image-preview":"max-image-preview:large","max-video-preview":"max-video-preview:-1"},"canonical":"https:\/\/dorogimedence.hu\/index.php\/2019\/11\/13\/szarka-gyula-a-ghymes-zenekar-vezetoje-az-esztergomi-konyvtarban\/","og_locale":"hu_HU","og_type":"article","og_title":"Szarka Gyula a Ghymes zenekar vezet\u0151je az esztergomi k\u00f6nyvt\u00e1rban","og_description":"Ha h\u00e9tf\u0151, akkor K\u00f6nyvt\u00e1ri Besz\u00e9lget\u00e9sek. B\u00e1nhidy Vajk Szarka Gyula Kossuth-d\u00edjas \u00e9nekessel, a Ghymes zenekar vezet\u0151j\u00e9vel besz\u00e9lgetett november 11-\u00e9n d\u00e9lut\u00e1n a Helischer J\u00f3zsef V\u00e1rosi K\u00f6nyvt\u00e1rban. R\u00e9gi id\u0151kb\u0151l anekdot\u00e1kat mes\u00e9lt a m\u0171v\u00e9sz \u00far, amikor m\u00e9g a hat\u00e1rokon val\u00f3 \u00e1tj\u00e1r\u00e1s nem volt ilyen egyszer\u0171, mint ma. A v\u00e1mosok \u00e9s hat\u00e1r\u0151r\u00f6k nem egyszer \u00e1ll\u00edtott\u00e1k meg \u00e9s ford\u00edtott\u00e1k vissza a","og_url":"https:\/\/dorogimedence.hu\/index.php\/2019\/11\/13\/szarka-gyula-a-ghymes-zenekar-vezetoje-az-esztergomi-konyvtarban\/","og_site_name":"Dorogi-medence Region\u00e1lis H\u00edrport\u00e1l","article_publisher":"https:\/\/www.facebook.com\/dorogimedence\/","article_published_time":"2019-11-13T11:19:39+00:00","article_modified_time":"2019-11-13T11:20:05+00:00","og_image":[{"width":670,"height":365,"url":"https:\/\/i0.wp.com\/dorogimedence.hu\/wp-content\/uploads\/2019\/11\/szarka-01.jpg?fit=670%2C365&ssl=1","type":"image\/jpeg"}],"author":"dorogimedence.hu","twitter_card":"summary_large_image","twitter_misc":{"Szerz\u0151:":"dorogimedence.hu","Becs\u00fclt olvas\u00e1si id\u0151":"3 perc"},"schema":{"@context":"https:\/\/schema.org","@graph":[{"@type":"Article","@id":"https:\/\/dorogimedence.hu\/index.php\/2019\/11\/13\/szarka-gyula-a-ghymes-zenekar-vezetoje-az-esztergomi-konyvtarban\/#article","isPartOf":{"@id":"https:\/\/dorogimedence.hu\/index.php\/2019\/11\/13\/szarka-gyula-a-ghymes-zenekar-vezetoje-az-esztergomi-konyvtarban\/"},"author":{"name":"dorogimedence.hu","@id":"https:\/\/dorogimedence.hu\/#\/schema\/person\/ce6091eeb7e95ecdc87890d6aa8e0fd4"},"headline":"Szarka Gyula a Ghymes zenekar vezet\u0151je az esztergomi k\u00f6nyvt\u00e1rban","datePublished":"2019-11-13T11:19:39+00:00","dateModified":"2019-11-13T11:20:05+00:00","mainEntityOfPage":{"@id":"https:\/\/dorogimedence.hu\/index.php\/2019\/11\/13\/szarka-gyula-a-ghymes-zenekar-vezetoje-az-esztergomi-konyvtarban\/"},"wordCount":666,"publisher":{"@id":"https:\/\/dorogimedence.hu\/#organization"},"image":{"@id":"https:\/\/dorogimedence.hu\/index.php\/2019\/11\/13\/szarka-gyula-a-ghymes-zenekar-vezetoje-az-esztergomi-konyvtarban\/#primaryimage"},"thumbnailUrl":"https:\/\/dorogimedence.hu\/wp-content\/uploads\/2019\/11\/szarka-01.jpg","keywords":["esztergom","esztergomi k\u00f6nyvt\u00e1r","Ghymes zenekar","k\u00f6nyvt\u00e1r","k\u00f6nyvt\u00e1ri besz\u00e9lget\u00e9sek","Szarka Gyula"],"articleSection":["Esztergom","H\u00edrek"],"inLanguage":"hu"},{"@type":"WebPage","@id":"https:\/\/dorogimedence.hu\/index.php\/2019\/11\/13\/szarka-gyula-a-ghymes-zenekar-vezetoje-az-esztergomi-konyvtarban\/","url":"https:\/\/dorogimedence.hu\/index.php\/2019\/11\/13\/szarka-gyula-a-ghymes-zenekar-vezetoje-az-esztergomi-konyvtarban\/","name":"Szarka Gyula a Ghymes zenekar vezet\u0151je az esztergomi k\u00f6nyvt\u00e1rban","isPartOf":{"@id":"https:\/\/dorogimedence.hu\/#website"},"primaryImageOfPage":{"@id":"https:\/\/dorogimedence.hu\/index.php\/2019\/11\/13\/szarka-gyula-a-ghymes-zenekar-vezetoje-az-esztergomi-konyvtarban\/#primaryimage"},"image":{"@id":"https:\/\/dorogimedence.hu\/index.php\/2019\/11\/13\/szarka-gyula-a-ghymes-zenekar-vezetoje-az-esztergomi-konyvtarban\/#primaryimage"},"thumbnailUrl":"https:\/\/dorogimedence.hu\/wp-content\/uploads\/2019\/11\/szarka-01.jpg","datePublished":"2019-11-13T11:19:39+00:00","dateModified":"2019-11-13T11:20:05+00:00","breadcrumb":{"@id":"https:\/\/dorogimedence.hu\/index.php\/2019\/11\/13\/szarka-gyula-a-ghymes-zenekar-vezetoje-az-esztergomi-konyvtarban\/#breadcrumb"},"inLanguage":"hu","potentialAction":[{"@type":"ReadAction","target":["https:\/\/dorogimedence.hu\/index.php\/2019\/11\/13\/szarka-gyula-a-ghymes-zenekar-vezetoje-az-esztergomi-konyvtarban\/"]}]},{"@type":"ImageObject","inLanguage":"hu","@id":"https:\/\/dorogimedence.hu\/index.php\/2019\/11\/13\/szarka-gyula-a-ghymes-zenekar-vezetoje-az-esztergomi-konyvtarban\/#primaryimage","url":"https:\/\/dorogimedence.hu\/wp-content\/uploads\/2019\/11\/szarka-01.jpg","contentUrl":"https:\/\/dorogimedence.hu\/wp-content\/uploads\/2019\/11\/szarka-01.jpg","width":670,"height":365},{"@type":"BreadcrumbList","@id":"https:\/\/dorogimedence.hu\/index.php\/2019\/11\/13\/szarka-gyula-a-ghymes-zenekar-vezetoje-az-esztergomi-konyvtarban\/#breadcrumb","itemListElement":[{"@type":"ListItem","position":1,"name":"Kezd\u0151lap","item":"https:\/\/dorogimedence.hu\/"},{"@type":"ListItem","position":2,"name":"Szarka Gyula a Ghymes zenekar vezet\u0151je az esztergomi k\u00f6nyvt\u00e1rban"}]},{"@type":"WebSite","@id":"https:\/\/dorogimedence.hu\/#website","url":"https:\/\/dorogimedence.hu\/","name":"Dorogi-medence Region\u00e1lis H\u00edrport\u00e1l","description":"Dorog, Keszt\u00f6lc, Le\u00e1nyv\u00e1r, Piliscs\u00e9v, Tokod, Tokodalt\u00e1r\u00f3, Csolnok, Esztergom-kertv\u00e1ros: h\u00edrek, programok","publisher":{"@id":"https:\/\/dorogimedence.hu\/#organization"},"potentialAction":[{"@type":"SearchAction","target":{"@type":"EntryPoint","urlTemplate":"https:\/\/dorogimedence.hu\/?s={search_term_string}"},"query-input":{"@type":"PropertyValueSpecification","valueRequired":true,"valueName":"search_term_string"}}],"inLanguage":"hu"},{"@type":"Organization","@id":"https:\/\/dorogimedence.hu\/#organization","name":"Dorogi-medence Region\u00e1lis H\u00edrport\u00e1l","url":"https:\/\/dorogimedence.hu\/","logo":{"@type":"ImageObject","inLanguage":"hu","@id":"https:\/\/dorogimedence.hu\/#\/schema\/logo\/image\/","url":"https:\/\/dorogimedence.hu\/wp-content\/uploads\/2021\/04\/logo-feher-600.png","contentUrl":"https:\/\/dorogimedence.hu\/wp-content\/uploads\/2021\/04\/logo-feher-600.png","width":600,"height":100,"caption":"Dorogi-medence Region\u00e1lis H\u00edrport\u00e1l"},"image":{"@id":"https:\/\/dorogimedence.hu\/#\/schema\/logo\/image\/"},"sameAs":["https:\/\/www.facebook.com\/dorogimedence\/"]},{"@type":"Person","@id":"https:\/\/dorogimedence.hu\/#\/schema\/person\/ce6091eeb7e95ecdc87890d6aa8e0fd4","name":"dorogimedence.hu","image":{"@type":"ImageObject","inLanguage":"hu","@id":"\/\/www.gravatar.com\/avatar\/d8d45f8901aadff40a4af72c0b826f1d?s=96&#038;r=g&#038;d=mm","url":"\/\/www.gravatar.com\/avatar\/d8d45f8901aadff40a4af72c0b826f1d?s=96&#038;r=g&#038;d=mm","contentUrl":"\/\/www.gravatar.com\/avatar\/d8d45f8901aadff40a4af72c0b826f1d?s=96&#038;r=g&#038;d=mm","caption":"dorogimedence.hu"}}]}},"_links":{"self":[{"href":"https:\/\/dorogimedence.hu\/index.php\/wp-json\/wp\/v2\/posts\/20901","targetHints":{"allow":["GET"]}}],"collection":[{"href":"https:\/\/dorogimedence.hu\/index.php\/wp-json\/wp\/v2\/posts"}],"about":[{"href":"https:\/\/dorogimedence.hu\/index.php\/wp-json\/wp\/v2\/types\/post"}],"author":[{"embeddable":true,"href":"https:\/\/dorogimedence.hu\/index.php\/wp-json\/wp\/v2\/users\/1"}],"replies":[{"embeddable":true,"href":"https:\/\/dorogimedence.hu\/index.php\/wp-json\/wp\/v2\/comments?post=20901"}],"version-history":[{"count":0,"href":"https:\/\/dorogimedence.hu\/index.php\/wp-json\/wp\/v2\/posts\/20901\/revisions"}],"wp:featuredmedia":[{"embeddable":true,"href":"https:\/\/dorogimedence.hu\/index.php\/wp-json\/wp\/v2\/media\/20902"}],"wp:attachment":[{"href":"https:\/\/dorogimedence.hu\/index.php\/wp-json\/wp\/v2\/media?parent=20901"}],"wp:term":[{"taxonomy":"category","embeddable":true,"href":"https:\/\/dorogimedence.hu\/index.php\/wp-json\/wp\/v2\/categories?post=20901"},{"taxonomy":"post_tag","embeddable":true,"href":"https:\/\/dorogimedence.hu\/index.php\/wp-json\/wp\/v2\/tags?post=20901"}],"curies":[{"name":"wp","href":"https:\/\/api.w.org\/{rel}","templated":true}]}}