{"id":20871,"date":"2019-11-12T15:38:59","date_gmt":"2019-11-12T14:38:59","guid":{"rendered":"http:\/\/dorogimedence.hu\/?p=20871"},"modified":"2019-11-12T15:38:59","modified_gmt":"2019-11-12T14:38:59","slug":"ev-vegeig-fizethetunk-a-regi-tizezressel","status":"publish","type":"post","link":"https:\/\/dorogimedence.hu\/index.php\/2019\/11\/12\/ev-vegeig-fizethetunk-a-regi-tizezressel\/","title":{"rendered":"\u00c9v v\u00e9g\u00e9ig fizethet\u00fcnk a r\u00e9gi t\u00edzezressel"},"content":{"rendered":"<p><strong>Lez\u00e1rul a forint bankjegyek cser\u00e9je \u2013 \u00e9v v\u00e9g\u00e9n az MNB bevonja a r\u00e9gi 10 000 forintos bankjegyeket is.<\/strong><\/p>\n<p>A Magyar Nemzeti bank 2019. december 31-\u00e9n bevonja a forgalomb\u00f3l a r\u00e9gi 10 000 forintos bankjegyeket, ezzel az idei \u00e9v v\u00e9g\u00e9n befejez\u0151dik a forint bankjegyek korszer\u0171s\u00edt\u00e9s\u00e9t c\u00e9lz\u00f3, 2014-ben kezd\u0151d\u00f6tt cserefolyamat.<\/p>\n<p>A r\u00e9gi c\u00edmletv\u00e1ltozat bevon\u00e1s\u00e1t k\u00f6vet\u0151en a j\u00f6v\u0151 \u00e9vt\u0151l, azaz 2020. janu\u00e1r 1-t\u0151l m\u00e1r csak a meg\u00faj\u00edtott 10 000 forintos bankjegyek lesznek haszn\u00e1lhat\u00f3k. Fontos tudni, hogy a bevon\u00e1si hat\u00e1rnapig be nem cser\u00e9lt bankjegyek nem vesz\u00edtik el \u00e9rt\u00e9k\u00fcket, mert minden <strong>bank- \u00e9s postafi\u00f3kban h\u00e1rom \u00e9vig, a jegybankban pedig h\u00fasz \u00e9vig d\u00edjmentesen bev\u00e1lthat\u00f3k<\/strong> \u2013 azonos c\u00edmlet\u0171 \u00ad\u2013 t\u00f6rv\u00e9nyes fizet\u0151eszk\u00f6zre.<\/p>\n<p><img fetchpriority=\"high\" decoding=\"async\" class=\"alignnone size-full wp-image-20873\" src=\"https:\/\/dorogimedence.hu\/wp-content\/uploads\/2019\/11\/190214-10000-uj.jpg\" alt=\"\" width=\"670\" height=\"306\" srcset=\"https:\/\/dorogimedence.hu\/wp-content\/uploads\/2019\/11\/190214-10000-uj.jpg 670w, https:\/\/dorogimedence.hu\/wp-content\/uploads\/2019\/11\/190214-10000-uj-300x137.jpg 300w\" sizes=\"(max-width: 670px) 100vw, 670px\" \/><\/p>\n<p>K\u00e9t hete ker\u00fclt visszavon\u00e1sra a kor\u00e1bbi 500 forintos bankjegy\u00fcnk is. Ezzel 2019. okt\u00f3ber 31-ig fizethett\u00fcnk utolj\u00e1ra, de a bankok, a post\u00e1k m\u00e9g h\u00e1rom \u00e9vig elfogadj\u00e1k, a jegybank pedig 20 \u00e9vig v\u00e1ltja be.<\/p>\n<p><strong><em>\u00c9rdekess\u00e9g:<\/em><\/strong><em> eml\u00e9kszik m\u00e9g a barna \u00f6tezresre, a \u201eBart\u00f3k\u201d ezresre vagy a lila \u00f6tsz\u00e1zasra? Ezeknek a bankjegyeknek a <span style=\"text-decoration: underline;\"><span style=\"color: #0000ff; text-decoration: underline;\"><a style=\"color: #0000ff; text-decoration: underline;\" href=\"https:\/\/www.mnb.hu\/sajtoszoba\/sajtokozlemenyek\/2019-evi-sajtokozlemenyek\/lejaratahoz-kozeledik-a-20-eve-bevont-forintbankjegyek-atvaltasi-hatarideje\" target=\"_blank\" rel=\"noopener noreferrer\">20 \u00e9ves bev\u00e1lt\u00e1si hat\u00e1rideje<\/a><\/span><\/span> id\u00e9n ny\u00e1r v\u00e9g\u00e9n j\u00e1rt le. \u00cdgy ha egy lak\u00e1sfel\u00faj\u00edt\u00e1s sor\u00e1n a falban tal\u00e1ln\u00e1nk bel\u0151l\u00fck egy k\u00f6teggel, akkor m\u00e1r csak numizmatikai \u00e9rt\u00e9ke lenne.<br \/>\n<\/em><\/p>\n<p><em>Forr\u00e1s: Magyar Nemzeti Bank \/ dorogimedence.hu<br \/>\nFot\u00f3k: Magyar Nemzeti Bank<br \/>\n<\/em><\/p>\n","protected":false},"excerpt":{"rendered":"<p>Lez\u00e1rul a forint bankjegyek cser\u00e9je \u2013 \u00e9v v\u00e9g\u00e9n az MNB bevonja a r\u00e9gi 10 000 forintos bankjegyeket is. A Magyar Nemzeti bank 2019. december 31-\u00e9n bevonja a forgalomb\u00f3l a r\u00e9gi 10 000 forintos bankjegyeket, ezzel az idei \u00e9v v\u00e9g\u00e9n befejez\u0151dik a forint bankjegyek korszer\u0171s\u00edt\u00e9s\u00e9t c\u00e9lz\u00f3, 2014-ben kezd\u0151d\u00f6tt cserefolyamat. A r\u00e9gi c\u00edmletv\u00e1ltozat bevon\u00e1s\u00e1t k\u00f6vet\u0151en a j\u00f6v\u0151<\/p>\n","protected":false},"author":1,"featured_media":20872,"comment_status":"closed","ping_status":"closed","sticky":false,"template":"","format":"standard","meta":{"ngg_post_thumbnail":0,"footnotes":""},"categories":[3],"tags":[4441,4442,4439,4440],"class_list":{"0":"post-20871","1":"post","2":"type-post","3":"status-publish","4":"format-standard","5":"has-post-thumbnail","7":"category-hirek","8":"tag-fizetoeszkoz","9":"tag-lejaro-bankjegy","10":"tag-penz","11":"tag-penzugy"},"yoast_head":"<!-- This site is optimized with the Yoast SEO plugin v27.4 - https:\/\/yoast.com\/product\/yoast-seo-wordpress\/ -->\n<title>\u00c9v v\u00e9g\u00e9ig fizethet\u00fcnk a r\u00e9gi t\u00edzezressel<\/title>\n<meta name=\"robots\" content=\"index, follow, max-snippet:-1, max-image-preview:large, max-video-preview:-1\" \/>\n<link rel=\"canonical\" href=\"https:\/\/dorogimedence.hu\/index.php\/2019\/11\/12\/ev-vegeig-fizethetunk-a-regi-tizezressel\/\" class=\"yoast-seo-meta-tag\" \/>\n<meta property=\"og:locale\" content=\"hu_HU\" class=\"yoast-seo-meta-tag\" \/>\n<meta property=\"og:type\" content=\"article\" class=\"yoast-seo-meta-tag\" \/>\n<meta property=\"og:title\" content=\"\u00c9v v\u00e9g\u00e9ig fizethet\u00fcnk a r\u00e9gi t\u00edzezressel\" class=\"yoast-seo-meta-tag\" \/>\n<meta property=\"og:description\" content=\"Lez\u00e1rul a forint bankjegyek cser\u00e9je \u2013 \u00e9v v\u00e9g\u00e9n az MNB bevonja a r\u00e9gi 10 000 forintos bankjegyeket is. A Magyar Nemzeti bank 2019. december 31-\u00e9n bevonja a forgalomb\u00f3l a r\u00e9gi 10 000 forintos bankjegyeket, ezzel az idei \u00e9v v\u00e9g\u00e9n befejez\u0151dik a forint bankjegyek korszer\u0171s\u00edt\u00e9s\u00e9t c\u00e9lz\u00f3, 2014-ben kezd\u0151d\u00f6tt cserefolyamat. A r\u00e9gi c\u00edmletv\u00e1ltozat bevon\u00e1s\u00e1t k\u00f6vet\u0151en a j\u00f6v\u0151\" class=\"yoast-seo-meta-tag\" \/>\n<meta property=\"og:url\" content=\"https:\/\/dorogimedence.hu\/index.php\/2019\/11\/12\/ev-vegeig-fizethetunk-a-regi-tizezressel\/\" class=\"yoast-seo-meta-tag\" \/>\n<meta property=\"og:site_name\" content=\"Dorogi-medence Region\u00e1lis H\u00edrport\u00e1l\" class=\"yoast-seo-meta-tag\" \/>\n<meta property=\"article:publisher\" content=\"https:\/\/www.facebook.com\/dorogimedence\/\" class=\"yoast-seo-meta-tag\" \/>\n<meta property=\"article:published_time\" content=\"2019-11-12T14:38:59+00:00\" class=\"yoast-seo-meta-tag\" \/>\n<meta property=\"og:image\" content=\"https:\/\/i0.wp.com\/dorogimedence.hu\/wp-content\/uploads\/2019\/11\/190214-10000-regi.jpg?fit=670%2C308&ssl=1\" class=\"yoast-seo-meta-tag\" \/>\n\t<meta property=\"og:image:width\" content=\"670\" class=\"yoast-seo-meta-tag\" \/>\n\t<meta property=\"og:image:height\" content=\"308\" class=\"yoast-seo-meta-tag\" \/>\n\t<meta property=\"og:image:type\" content=\"image\/jpeg\" class=\"yoast-seo-meta-tag\" \/>\n<meta name=\"author\" content=\"dorogimedence.hu\" class=\"yoast-seo-meta-tag\" \/>\n<meta name=\"twitter:card\" content=\"summary_large_image\" class=\"yoast-seo-meta-tag\" \/>\n<meta name=\"twitter:label1\" content=\"Szerz\u0151:\" class=\"yoast-seo-meta-tag\" \/>\n\t<meta name=\"twitter:data1\" content=\"dorogimedence.hu\" class=\"yoast-seo-meta-tag\" \/>\n\t<meta name=\"twitter:label2\" content=\"Becs\u00fclt olvas\u00e1si id\u0151\" class=\"yoast-seo-meta-tag\" \/>\n\t<meta name=\"twitter:data2\" content=\"1 perc\" class=\"yoast-seo-meta-tag\" \/>\n<script type=\"application\/ld+json\" class=\"yoast-schema-graph\">{\"@context\":\"https:\\\/\\\/schema.org\",\"@graph\":[{\"@type\":\"Article\",\"@id\":\"https:\\\/\\\/dorogimedence.hu\\\/index.php\\\/2019\\\/11\\\/12\\\/ev-vegeig-fizethetunk-a-regi-tizezressel\\\/#article\",\"isPartOf\":{\"@id\":\"https:\\\/\\\/dorogimedence.hu\\\/index.php\\\/2019\\\/11\\\/12\\\/ev-vegeig-fizethetunk-a-regi-tizezressel\\\/\"},\"author\":{\"name\":\"dorogimedence.hu\",\"@id\":\"https:\\\/\\\/dorogimedence.hu\\\/#\\\/schema\\\/person\\\/ce6091eeb7e95ecdc87890d6aa8e0fd4\"},\"headline\":\"\u00c9v v\u00e9g\u00e9ig fizethet\u00fcnk a r\u00e9gi t\u00edzezressel\",\"datePublished\":\"2019-11-12T14:38:59+00:00\",\"mainEntityOfPage\":{\"@id\":\"https:\\\/\\\/dorogimedence.hu\\\/index.php\\\/2019\\\/11\\\/12\\\/ev-vegeig-fizethetunk-a-regi-tizezressel\\\/\"},\"wordCount\":276,\"publisher\":{\"@id\":\"https:\\\/\\\/dorogimedence.hu\\\/#organization\"},\"image\":{\"@id\":\"https:\\\/\\\/dorogimedence.hu\\\/index.php\\\/2019\\\/11\\\/12\\\/ev-vegeig-fizethetunk-a-regi-tizezressel\\\/#primaryimage\"},\"thumbnailUrl\":\"https:\\\/\\\/dorogimedence.hu\\\/wp-content\\\/uploads\\\/2019\\\/11\\\/190214-10000-regi.jpg\",\"keywords\":[\"fizet\u0151eszk\u00f6z\",\"lej\u00e1r\u00f3 bankjegy\",\"p\u00e9nz\",\"p\u00e9nz\u00fcgy\"],\"articleSection\":[\"H\u00edrek\"],\"inLanguage\":\"hu\"},{\"@type\":\"WebPage\",\"@id\":\"https:\\\/\\\/dorogimedence.hu\\\/index.php\\\/2019\\\/11\\\/12\\\/ev-vegeig-fizethetunk-a-regi-tizezressel\\\/\",\"url\":\"https:\\\/\\\/dorogimedence.hu\\\/index.php\\\/2019\\\/11\\\/12\\\/ev-vegeig-fizethetunk-a-regi-tizezressel\\\/\",\"name\":\"\u00c9v v\u00e9g\u00e9ig fizethet\u00fcnk a r\u00e9gi t\u00edzezressel\",\"isPartOf\":{\"@id\":\"https:\\\/\\\/dorogimedence.hu\\\/#website\"},\"primaryImageOfPage\":{\"@id\":\"https:\\\/\\\/dorogimedence.hu\\\/index.php\\\/2019\\\/11\\\/12\\\/ev-vegeig-fizethetunk-a-regi-tizezressel\\\/#primaryimage\"},\"image\":{\"@id\":\"https:\\\/\\\/dorogimedence.hu\\\/index.php\\\/2019\\\/11\\\/12\\\/ev-vegeig-fizethetunk-a-regi-tizezressel\\\/#primaryimage\"},\"thumbnailUrl\":\"https:\\\/\\\/dorogimedence.hu\\\/wp-content\\\/uploads\\\/2019\\\/11\\\/190214-10000-regi.jpg\",\"datePublished\":\"2019-11-12T14:38:59+00:00\",\"breadcrumb\":{\"@id\":\"https:\\\/\\\/dorogimedence.hu\\\/index.php\\\/2019\\\/11\\\/12\\\/ev-vegeig-fizethetunk-a-regi-tizezressel\\\/#breadcrumb\"},\"inLanguage\":\"hu\",\"potentialAction\":[{\"@type\":\"ReadAction\",\"target\":[\"https:\\\/\\\/dorogimedence.hu\\\/index.php\\\/2019\\\/11\\\/12\\\/ev-vegeig-fizethetunk-a-regi-tizezressel\\\/\"]}]},{\"@type\":\"ImageObject\",\"inLanguage\":\"hu\",\"@id\":\"https:\\\/\\\/dorogimedence.hu\\\/index.php\\\/2019\\\/11\\\/12\\\/ev-vegeig-fizethetunk-a-regi-tizezressel\\\/#primaryimage\",\"url\":\"https:\\\/\\\/dorogimedence.hu\\\/wp-content\\\/uploads\\\/2019\\\/11\\\/190214-10000-regi.jpg\",\"contentUrl\":\"https:\\\/\\\/dorogimedence.hu\\\/wp-content\\\/uploads\\\/2019\\\/11\\\/190214-10000-regi.jpg\",\"width\":670,\"height\":308},{\"@type\":\"BreadcrumbList\",\"@id\":\"https:\\\/\\\/dorogimedence.hu\\\/index.php\\\/2019\\\/11\\\/12\\\/ev-vegeig-fizethetunk-a-regi-tizezressel\\\/#breadcrumb\",\"itemListElement\":[{\"@type\":\"ListItem\",\"position\":1,\"name\":\"Kezd\u0151lap\",\"item\":\"https:\\\/\\\/dorogimedence.hu\\\/\"},{\"@type\":\"ListItem\",\"position\":2,\"name\":\"\u00c9v v\u00e9g\u00e9ig fizethet\u00fcnk a r\u00e9gi t\u00edzezressel\"}]},{\"@type\":\"WebSite\",\"@id\":\"https:\\\/\\\/dorogimedence.hu\\\/#website\",\"url\":\"https:\\\/\\\/dorogimedence.hu\\\/\",\"name\":\"Dorogi-medence Region\u00e1lis H\u00edrport\u00e1l\",\"description\":\"Dorog, Keszt\u00f6lc, Le\u00e1nyv\u00e1r, Piliscs\u00e9v, Tokod, Tokodalt\u00e1r\u00f3, Csolnok, Esztergom-kertv\u00e1ros: h\u00edrek, programok\",\"publisher\":{\"@id\":\"https:\\\/\\\/dorogimedence.hu\\\/#organization\"},\"potentialAction\":[{\"@type\":\"SearchAction\",\"target\":{\"@type\":\"EntryPoint\",\"urlTemplate\":\"https:\\\/\\\/dorogimedence.hu\\\/?s={search_term_string}\"},\"query-input\":{\"@type\":\"PropertyValueSpecification\",\"valueRequired\":true,\"valueName\":\"search_term_string\"}}],\"inLanguage\":\"hu\"},{\"@type\":\"Organization\",\"@id\":\"https:\\\/\\\/dorogimedence.hu\\\/#organization\",\"name\":\"Dorogi-medence Region\u00e1lis H\u00edrport\u00e1l\",\"url\":\"https:\\\/\\\/dorogimedence.hu\\\/\",\"logo\":{\"@type\":\"ImageObject\",\"inLanguage\":\"hu\",\"@id\":\"https:\\\/\\\/dorogimedence.hu\\\/#\\\/schema\\\/logo\\\/image\\\/\",\"url\":\"https:\\\/\\\/dorogimedence.hu\\\/wp-content\\\/uploads\\\/2021\\\/04\\\/logo-feher-600.png\",\"contentUrl\":\"https:\\\/\\\/dorogimedence.hu\\\/wp-content\\\/uploads\\\/2021\\\/04\\\/logo-feher-600.png\",\"width\":600,\"height\":100,\"caption\":\"Dorogi-medence Region\u00e1lis H\u00edrport\u00e1l\"},\"image\":{\"@id\":\"https:\\\/\\\/dorogimedence.hu\\\/#\\\/schema\\\/logo\\\/image\\\/\"},\"sameAs\":[\"https:\\\/\\\/www.facebook.com\\\/dorogimedence\\\/\"]},{\"@type\":\"Person\",\"@id\":\"https:\\\/\\\/dorogimedence.hu\\\/#\\\/schema\\\/person\\\/ce6091eeb7e95ecdc87890d6aa8e0fd4\",\"name\":\"dorogimedence.hu\",\"image\":{\"@type\":\"ImageObject\",\"inLanguage\":\"hu\",\"@id\":\"\\\/\\\/www.gravatar.com\\\/avatar\\\/d8d45f8901aadff40a4af72c0b826f1d?s=96&#038;r=g&#038;d=mm\",\"url\":\"\\\/\\\/www.gravatar.com\\\/avatar\\\/d8d45f8901aadff40a4af72c0b826f1d?s=96&#038;r=g&#038;d=mm\",\"contentUrl\":\"\\\/\\\/www.gravatar.com\\\/avatar\\\/d8d45f8901aadff40a4af72c0b826f1d?s=96&#038;r=g&#038;d=mm\",\"caption\":\"dorogimedence.hu\"}}]}<\/script>\n<!-- \/ Yoast SEO plugin. -->","yoast_head_json":{"title":"\u00c9v v\u00e9g\u00e9ig fizethet\u00fcnk a r\u00e9gi t\u00edzezressel","robots":{"index":"index","follow":"follow","max-snippet":"max-snippet:-1","max-image-preview":"max-image-preview:large","max-video-preview":"max-video-preview:-1"},"canonical":"https:\/\/dorogimedence.hu\/index.php\/2019\/11\/12\/ev-vegeig-fizethetunk-a-regi-tizezressel\/","og_locale":"hu_HU","og_type":"article","og_title":"\u00c9v v\u00e9g\u00e9ig fizethet\u00fcnk a r\u00e9gi t\u00edzezressel","og_description":"Lez\u00e1rul a forint bankjegyek cser\u00e9je \u2013 \u00e9v v\u00e9g\u00e9n az MNB bevonja a r\u00e9gi 10 000 forintos bankjegyeket is. A Magyar Nemzeti bank 2019. december 31-\u00e9n bevonja a forgalomb\u00f3l a r\u00e9gi 10 000 forintos bankjegyeket, ezzel az idei \u00e9v v\u00e9g\u00e9n befejez\u0151dik a forint bankjegyek korszer\u0171s\u00edt\u00e9s\u00e9t c\u00e9lz\u00f3, 2014-ben kezd\u0151d\u00f6tt cserefolyamat. A r\u00e9gi c\u00edmletv\u00e1ltozat bevon\u00e1s\u00e1t k\u00f6vet\u0151en a j\u00f6v\u0151","og_url":"https:\/\/dorogimedence.hu\/index.php\/2019\/11\/12\/ev-vegeig-fizethetunk-a-regi-tizezressel\/","og_site_name":"Dorogi-medence Region\u00e1lis H\u00edrport\u00e1l","article_publisher":"https:\/\/www.facebook.com\/dorogimedence\/","article_published_time":"2019-11-12T14:38:59+00:00","og_image":[{"width":670,"height":308,"url":"https:\/\/i0.wp.com\/dorogimedence.hu\/wp-content\/uploads\/2019\/11\/190214-10000-regi.jpg?fit=670%2C308&ssl=1","type":"image\/jpeg"}],"author":"dorogimedence.hu","twitter_card":"summary_large_image","twitter_misc":{"Szerz\u0151:":"dorogimedence.hu","Becs\u00fclt olvas\u00e1si id\u0151":"1 perc"},"schema":{"@context":"https:\/\/schema.org","@graph":[{"@type":"Article","@id":"https:\/\/dorogimedence.hu\/index.php\/2019\/11\/12\/ev-vegeig-fizethetunk-a-regi-tizezressel\/#article","isPartOf":{"@id":"https:\/\/dorogimedence.hu\/index.php\/2019\/11\/12\/ev-vegeig-fizethetunk-a-regi-tizezressel\/"},"author":{"name":"dorogimedence.hu","@id":"https:\/\/dorogimedence.hu\/#\/schema\/person\/ce6091eeb7e95ecdc87890d6aa8e0fd4"},"headline":"\u00c9v v\u00e9g\u00e9ig fizethet\u00fcnk a r\u00e9gi t\u00edzezressel","datePublished":"2019-11-12T14:38:59+00:00","mainEntityOfPage":{"@id":"https:\/\/dorogimedence.hu\/index.php\/2019\/11\/12\/ev-vegeig-fizethetunk-a-regi-tizezressel\/"},"wordCount":276,"publisher":{"@id":"https:\/\/dorogimedence.hu\/#organization"},"image":{"@id":"https:\/\/dorogimedence.hu\/index.php\/2019\/11\/12\/ev-vegeig-fizethetunk-a-regi-tizezressel\/#primaryimage"},"thumbnailUrl":"https:\/\/dorogimedence.hu\/wp-content\/uploads\/2019\/11\/190214-10000-regi.jpg","keywords":["fizet\u0151eszk\u00f6z","lej\u00e1r\u00f3 bankjegy","p\u00e9nz","p\u00e9nz\u00fcgy"],"articleSection":["H\u00edrek"],"inLanguage":"hu"},{"@type":"WebPage","@id":"https:\/\/dorogimedence.hu\/index.php\/2019\/11\/12\/ev-vegeig-fizethetunk-a-regi-tizezressel\/","url":"https:\/\/dorogimedence.hu\/index.php\/2019\/11\/12\/ev-vegeig-fizethetunk-a-regi-tizezressel\/","name":"\u00c9v v\u00e9g\u00e9ig fizethet\u00fcnk a r\u00e9gi t\u00edzezressel","isPartOf":{"@id":"https:\/\/dorogimedence.hu\/#website"},"primaryImageOfPage":{"@id":"https:\/\/dorogimedence.hu\/index.php\/2019\/11\/12\/ev-vegeig-fizethetunk-a-regi-tizezressel\/#primaryimage"},"image":{"@id":"https:\/\/dorogimedence.hu\/index.php\/2019\/11\/12\/ev-vegeig-fizethetunk-a-regi-tizezressel\/#primaryimage"},"thumbnailUrl":"https:\/\/dorogimedence.hu\/wp-content\/uploads\/2019\/11\/190214-10000-regi.jpg","datePublished":"2019-11-12T14:38:59+00:00","breadcrumb":{"@id":"https:\/\/dorogimedence.hu\/index.php\/2019\/11\/12\/ev-vegeig-fizethetunk-a-regi-tizezressel\/#breadcrumb"},"inLanguage":"hu","potentialAction":[{"@type":"ReadAction","target":["https:\/\/dorogimedence.hu\/index.php\/2019\/11\/12\/ev-vegeig-fizethetunk-a-regi-tizezressel\/"]}]},{"@type":"ImageObject","inLanguage":"hu","@id":"https:\/\/dorogimedence.hu\/index.php\/2019\/11\/12\/ev-vegeig-fizethetunk-a-regi-tizezressel\/#primaryimage","url":"https:\/\/dorogimedence.hu\/wp-content\/uploads\/2019\/11\/190214-10000-regi.jpg","contentUrl":"https:\/\/dorogimedence.hu\/wp-content\/uploads\/2019\/11\/190214-10000-regi.jpg","width":670,"height":308},{"@type":"BreadcrumbList","@id":"https:\/\/dorogimedence.hu\/index.php\/2019\/11\/12\/ev-vegeig-fizethetunk-a-regi-tizezressel\/#breadcrumb","itemListElement":[{"@type":"ListItem","position":1,"name":"Kezd\u0151lap","item":"https:\/\/dorogimedence.hu\/"},{"@type":"ListItem","position":2,"name":"\u00c9v v\u00e9g\u00e9ig fizethet\u00fcnk a r\u00e9gi t\u00edzezressel"}]},{"@type":"WebSite","@id":"https:\/\/dorogimedence.hu\/#website","url":"https:\/\/dorogimedence.hu\/","name":"Dorogi-medence Region\u00e1lis H\u00edrport\u00e1l","description":"Dorog, Keszt\u00f6lc, Le\u00e1nyv\u00e1r, Piliscs\u00e9v, Tokod, Tokodalt\u00e1r\u00f3, Csolnok, Esztergom-kertv\u00e1ros: h\u00edrek, programok","publisher":{"@id":"https:\/\/dorogimedence.hu\/#organization"},"potentialAction":[{"@type":"SearchAction","target":{"@type":"EntryPoint","urlTemplate":"https:\/\/dorogimedence.hu\/?s={search_term_string}"},"query-input":{"@type":"PropertyValueSpecification","valueRequired":true,"valueName":"search_term_string"}}],"inLanguage":"hu"},{"@type":"Organization","@id":"https:\/\/dorogimedence.hu\/#organization","name":"Dorogi-medence Region\u00e1lis H\u00edrport\u00e1l","url":"https:\/\/dorogimedence.hu\/","logo":{"@type":"ImageObject","inLanguage":"hu","@id":"https:\/\/dorogimedence.hu\/#\/schema\/logo\/image\/","url":"https:\/\/dorogimedence.hu\/wp-content\/uploads\/2021\/04\/logo-feher-600.png","contentUrl":"https:\/\/dorogimedence.hu\/wp-content\/uploads\/2021\/04\/logo-feher-600.png","width":600,"height":100,"caption":"Dorogi-medence Region\u00e1lis H\u00edrport\u00e1l"},"image":{"@id":"https:\/\/dorogimedence.hu\/#\/schema\/logo\/image\/"},"sameAs":["https:\/\/www.facebook.com\/dorogimedence\/"]},{"@type":"Person","@id":"https:\/\/dorogimedence.hu\/#\/schema\/person\/ce6091eeb7e95ecdc87890d6aa8e0fd4","name":"dorogimedence.hu","image":{"@type":"ImageObject","inLanguage":"hu","@id":"\/\/www.gravatar.com\/avatar\/d8d45f8901aadff40a4af72c0b826f1d?s=96&#038;r=g&#038;d=mm","url":"\/\/www.gravatar.com\/avatar\/d8d45f8901aadff40a4af72c0b826f1d?s=96&#038;r=g&#038;d=mm","contentUrl":"\/\/www.gravatar.com\/avatar\/d8d45f8901aadff40a4af72c0b826f1d?s=96&#038;r=g&#038;d=mm","caption":"dorogimedence.hu"}}]}},"_links":{"self":[{"href":"https:\/\/dorogimedence.hu\/index.php\/wp-json\/wp\/v2\/posts\/20871","targetHints":{"allow":["GET"]}}],"collection":[{"href":"https:\/\/dorogimedence.hu\/index.php\/wp-json\/wp\/v2\/posts"}],"about":[{"href":"https:\/\/dorogimedence.hu\/index.php\/wp-json\/wp\/v2\/types\/post"}],"author":[{"embeddable":true,"href":"https:\/\/dorogimedence.hu\/index.php\/wp-json\/wp\/v2\/users\/1"}],"replies":[{"embeddable":true,"href":"https:\/\/dorogimedence.hu\/index.php\/wp-json\/wp\/v2\/comments?post=20871"}],"version-history":[{"count":0,"href":"https:\/\/dorogimedence.hu\/index.php\/wp-json\/wp\/v2\/posts\/20871\/revisions"}],"wp:featuredmedia":[{"embeddable":true,"href":"https:\/\/dorogimedence.hu\/index.php\/wp-json\/wp\/v2\/media\/20872"}],"wp:attachment":[{"href":"https:\/\/dorogimedence.hu\/index.php\/wp-json\/wp\/v2\/media?parent=20871"}],"wp:term":[{"taxonomy":"category","embeddable":true,"href":"https:\/\/dorogimedence.hu\/index.php\/wp-json\/wp\/v2\/categories?post=20871"},{"taxonomy":"post_tag","embeddable":true,"href":"https:\/\/dorogimedence.hu\/index.php\/wp-json\/wp\/v2\/tags?post=20871"}],"curies":[{"name":"wp","href":"https:\/\/api.w.org\/{rel}","templated":true}]}}