{"id":20640,"date":"2019-11-02T08:22:25","date_gmt":"2019-11-02T07:22:25","guid":{"rendered":"http:\/\/dorogimedence.hu\/?p=20640"},"modified":"2019-11-02T08:25:00","modified_gmt":"2019-11-02T07:25:00","slug":"a-szentekkel-talalkozva-meglatjuk-magat-krisztust-is","status":"publish","type":"post","link":"https:\/\/dorogimedence.hu\/index.php\/2019\/11\/02\/a-szentekkel-talalkozva-meglatjuk-magat-krisztust-is\/","title":{"rendered":"A szentekkel tal\u00e1lkozva megl\u00e1tjuk mag\u00e1t Krisztust is!"},"content":{"rendered":"<p><strong>November 1-j\u00e9n, mindenszentek f\u0151\u00fcnnep\u00e9n Erd\u0151 P\u00e9ter b\u00edboros, pr\u00edm\u00e1s mutatott be szentmis\u00e9t az esztergomi bazilik\u00e1ban.<\/strong><\/p>\n<p>\u201eA szentekr\u0151l azt valljuk, hogy m\u00e1r az \u00f6r\u00f6k boldogs\u00e1gba jutottak. Nekik teh\u00e1t nincs sz\u00fcks\u00e9g\u00fck arra, hogy mi \u00fcnnepelj\u00fck \u0151ket. Persze lehet az\u00e9rt, hogy \u00f6r\u00fclnek neki, amikor megeml\u00e9kez\u00fcnk r\u00f3luk, hiszen a szentek k\u00f6z\u00f6ss\u00e9g\u00e9nek hitigazs\u00e1ga, amit a hiszekegyben mindig megvallunk, azt jelenti, hogy kapcsolat, kommunik\u00e1ci\u00f3 van k\u00f6zt\u00fcnk, hogy k\u00e9rhetj\u00fck k\u00f6zbenj\u00e1r\u00e1sukat \u00e9s tudnak is seg\u00edteni rajtunk. Teh\u00e1t valamilyen m\u00f3don \u00e9rz\u00e9kelik, amikor im\u00e1dkozunk hozz\u00e1juk, amikor gondolunk r\u00e1juk\u201d \u2013 \u00edgy kezdte szentmis\u00e9j\u00e9t Erd\u0151 P\u00e9ter. Majd hozz\u00e1tette, hogy az \u00fcnnepre nem nekik, hanem nek\u00fcnk van sz\u00fcks\u00e9g\u00fcnk, hiszen nem csak az\u00e9rt fontos ez sz\u00e1munka, mert seg\u00edts\u00e9get k\u00e9rhet\u00fcnk a szentekt\u0151l, hanem ink\u00e1bb az\u00e9rt, mert l\u00e1tni akarjuk \u0151ket.<\/p>\n<p><img fetchpriority=\"high\" decoding=\"async\" class=\"alignnone size-full wp-image-20642\" src=\"https:\/\/dorogimedence.hu\/wp-content\/uploads\/2019\/11\/mindenszentek-01.jpg\" alt=\"\" width=\"670\" height=\"365\" srcset=\"https:\/\/dorogimedence.hu\/wp-content\/uploads\/2019\/11\/mindenszentek-01.jpg 670w, https:\/\/dorogimedence.hu\/wp-content\/uploads\/2019\/11\/mindenszentek-01-300x163.jpg 300w\" sizes=\"(max-width: 670px) 100vw, 670px\" \/><\/p>\n<p>Erd\u0151 P\u00e9ter elmondta azt is, hogy egyszer j\u00e1rt II. J\u00e1nos P\u00e1l p\u00e1p\u00e1n\u00e1l \u00e9s sokak javaslat\u00e1ra el\u0151re megfogalmazta mit fog t\u0151le k\u00e9rni, viszont miel\u0151tt m\u00e9g el\u0151adhatta volna k\u00e9r\u00e9s\u00e9t, \u0151 hozta sz\u00f3ba a szentekkel kapcsolatos t\u00e9m\u00e1t \u00e9s olyan t\u00e1vlatot nyitott, amely megnyugv\u00e1st, bizalmat, \u00f6r\u00f6met adott neki hossz\u00fa \u00e9vekre.<\/p>\n<p>\u201eA szenteket tisztelve, a szentekkel tal\u00e1lkozva megl\u00e1tjuk mag\u00e1t Krisztust is.\u201d \u2013 jelentette ki, majd Avilai Nagy Szent Ter\u00e9z k\u00f6lt\u0151t\u0151l id\u00e9zett.<\/p>\n<p><img decoding=\"async\" class=\"alignnone size-full wp-image-20643\" src=\"https:\/\/dorogimedence.hu\/wp-content\/uploads\/2019\/11\/mindenszentek-02.jpg\" alt=\"\" width=\"670\" height=\"365\" srcset=\"https:\/\/dorogimedence.hu\/wp-content\/uploads\/2019\/11\/mindenszentek-02.jpg 670w, https:\/\/dorogimedence.hu\/wp-content\/uploads\/2019\/11\/mindenszentek-02-300x163.jpg 300w\" sizes=\"(max-width: 670px) 100vw, 670px\" \/><\/p>\n<p>Erd\u0151 P\u00e9ter a szentmise v\u00e9g\u00e9n elv\u00e9gezte a lucern\u00e1rium szertart\u00e1s\u00e1t, amelynek sor\u00e1n a halottakra eml\u00e9kezve meggy\u00fajtj\u00e1k a felt\u00e1madott J\u00e9zust jelk\u00e9pez\u0151 h\u00fasv\u00e9ti gyerty\u00e1t.<\/p>\n<p><strong>Erd\u0151 P\u00e9ter teljes szentbesz\u00e9d\u00e9t <a href=\"https:\/\/www.magyarkurir.hu\/hirek\/erdo-peter-mutatott-be-szentmiset-esztergomban-mindenszentek-unnepen-101092\" target=\"_blank\" rel=\"noopener noreferrer\"><span style=\"text-decoration: underline; color: #0000ff;\">ide kattintva<\/span><\/a> olvashatjuk el.<\/strong><\/p>\n<p><em>Forr\u00e1s: Esztergom-Budapesti F\u0151egyh\u00e1zmegye<\/em><\/p>\n","protected":false},"excerpt":{"rendered":"<p>November 1-j\u00e9n, mindenszentek f\u0151\u00fcnnep\u00e9n Erd\u0151 P\u00e9ter b\u00edboros, pr\u00edm\u00e1s mutatott be szentmis\u00e9t az esztergomi bazilik\u00e1ban. \u201eA szentekr\u0151l azt valljuk, hogy m\u00e1r az \u00f6r\u00f6k boldogs\u00e1gba jutottak. Nekik teh\u00e1t nincs sz\u00fcks\u00e9g\u00fck arra, hogy mi \u00fcnnepelj\u00fck \u0151ket. Persze lehet az\u00e9rt, hogy \u00f6r\u00fclnek neki, amikor megeml\u00e9kez\u00fcnk r\u00f3luk, hiszen a szentek k\u00f6z\u00f6ss\u00e9g\u00e9nek hitigazs\u00e1ga, amit a hiszekegyben mindig megvallunk, azt jelenti, hogy<\/p>\n","protected":false},"author":1,"featured_media":20641,"comment_status":"closed","ping_status":"closed","sticky":false,"template":"","format":"standard","meta":{"ngg_post_thumbnail":0,"footnotes":""},"categories":[38,3],"tags":[798,764,42,1755,1396,1784],"class_list":{"0":"post-20640","1":"post","2":"type-post","3":"status-publish","4":"format-standard","5":"has-post-thumbnail","7":"category-esztergom","8":"category-hirek","9":"tag-bazilika","10":"tag-erdo-peter","11":"tag-esztergom","12":"tag-mindenszentek","13":"tag-mise","14":"tag-szentmise"},"yoast_head":"<!-- This site is optimized with the Yoast SEO plugin v27.5 - https:\/\/yoast.com\/product\/yoast-seo-wordpress\/ -->\n<title>A szentekkel tal\u00e1lkozva megl\u00e1tjuk mag\u00e1t Krisztust is!<\/title>\n<meta name=\"robots\" content=\"index, follow, max-snippet:-1, max-image-preview:large, max-video-preview:-1\" \/>\n<link rel=\"canonical\" href=\"https:\/\/dorogimedence.hu\/index.php\/2019\/11\/02\/a-szentekkel-talalkozva-meglatjuk-magat-krisztust-is\/\" class=\"yoast-seo-meta-tag\" \/>\n<meta property=\"og:locale\" content=\"hu_HU\" class=\"yoast-seo-meta-tag\" \/>\n<meta property=\"og:type\" content=\"article\" class=\"yoast-seo-meta-tag\" \/>\n<meta property=\"og:title\" content=\"A szentekkel tal\u00e1lkozva megl\u00e1tjuk mag\u00e1t Krisztust is!\" class=\"yoast-seo-meta-tag\" \/>\n<meta property=\"og:description\" content=\"November 1-j\u00e9n, mindenszentek f\u0151\u00fcnnep\u00e9n Erd\u0151 P\u00e9ter b\u00edboros, pr\u00edm\u00e1s mutatott be szentmis\u00e9t az esztergomi bazilik\u00e1ban. \u201eA szentekr\u0151l azt valljuk, hogy m\u00e1r az \u00f6r\u00f6k boldogs\u00e1gba jutottak. Nekik teh\u00e1t nincs sz\u00fcks\u00e9g\u00fck arra, hogy mi \u00fcnnepelj\u00fck \u0151ket. Persze lehet az\u00e9rt, hogy \u00f6r\u00fclnek neki, amikor megeml\u00e9kez\u00fcnk r\u00f3luk, hiszen a szentek k\u00f6z\u00f6ss\u00e9g\u00e9nek hitigazs\u00e1ga, amit a hiszekegyben mindig megvallunk, azt jelenti, hogy\" class=\"yoast-seo-meta-tag\" \/>\n<meta property=\"og:url\" content=\"https:\/\/dorogimedence.hu\/index.php\/2019\/11\/02\/a-szentekkel-talalkozva-meglatjuk-magat-krisztust-is\/\" class=\"yoast-seo-meta-tag\" \/>\n<meta property=\"og:site_name\" content=\"Dorogi-medence Region\u00e1lis H\u00edrport\u00e1l\" class=\"yoast-seo-meta-tag\" \/>\n<meta property=\"article:publisher\" content=\"https:\/\/www.facebook.com\/dorogimedence\/\" class=\"yoast-seo-meta-tag\" \/>\n<meta property=\"article:published_time\" content=\"2019-11-02T07:22:25+00:00\" class=\"yoast-seo-meta-tag\" \/>\n<meta property=\"article:modified_time\" content=\"2019-11-02T07:25:00+00:00\" class=\"yoast-seo-meta-tag\" \/>\n<meta property=\"og:image\" content=\"https:\/\/i0.wp.com\/dorogimedence.hu\/wp-content\/uploads\/2019\/11\/erdopeter01.jpg?fit=670%2C365&ssl=1\" class=\"yoast-seo-meta-tag\" \/>\n\t<meta property=\"og:image:width\" content=\"670\" class=\"yoast-seo-meta-tag\" \/>\n\t<meta property=\"og:image:height\" content=\"365\" class=\"yoast-seo-meta-tag\" \/>\n\t<meta property=\"og:image:type\" content=\"image\/jpeg\" class=\"yoast-seo-meta-tag\" \/>\n<meta name=\"author\" content=\"dorogimedence.hu\" class=\"yoast-seo-meta-tag\" \/>\n<meta name=\"twitter:card\" content=\"summary_large_image\" class=\"yoast-seo-meta-tag\" \/>\n<meta name=\"twitter:label1\" content=\"Szerz\u0151:\" class=\"yoast-seo-meta-tag\" \/>\n\t<meta name=\"twitter:data1\" content=\"dorogimedence.hu\" class=\"yoast-seo-meta-tag\" \/>\n\t<meta name=\"twitter:label2\" content=\"Becs\u00fclt olvas\u00e1si id\u0151\" class=\"yoast-seo-meta-tag\" \/>\n\t<meta name=\"twitter:data2\" content=\"2 perc\" class=\"yoast-seo-meta-tag\" \/>\n<script type=\"application\/ld+json\" class=\"yoast-schema-graph\">{\"@context\":\"https:\\\/\\\/schema.org\",\"@graph\":[{\"@type\":\"Article\",\"@id\":\"https:\\\/\\\/dorogimedence.hu\\\/index.php\\\/2019\\\/11\\\/02\\\/a-szentekkel-talalkozva-meglatjuk-magat-krisztust-is\\\/#article\",\"isPartOf\":{\"@id\":\"https:\\\/\\\/dorogimedence.hu\\\/index.php\\\/2019\\\/11\\\/02\\\/a-szentekkel-talalkozva-meglatjuk-magat-krisztust-is\\\/\"},\"author\":{\"name\":\"dorogimedence.hu\",\"@id\":\"https:\\\/\\\/dorogimedence.hu\\\/#\\\/schema\\\/person\\\/ce6091eeb7e95ecdc87890d6aa8e0fd4\"},\"headline\":\"A szentekkel tal\u00e1lkozva megl\u00e1tjuk mag\u00e1t Krisztust is!\",\"datePublished\":\"2019-11-02T07:22:25+00:00\",\"dateModified\":\"2019-11-02T07:25:00+00:00\",\"mainEntityOfPage\":{\"@id\":\"https:\\\/\\\/dorogimedence.hu\\\/index.php\\\/2019\\\/11\\\/02\\\/a-szentekkel-talalkozva-meglatjuk-magat-krisztust-is\\\/\"},\"wordCount\":333,\"publisher\":{\"@id\":\"https:\\\/\\\/dorogimedence.hu\\\/#organization\"},\"image\":{\"@id\":\"https:\\\/\\\/dorogimedence.hu\\\/index.php\\\/2019\\\/11\\\/02\\\/a-szentekkel-talalkozva-meglatjuk-magat-krisztust-is\\\/#primaryimage\"},\"thumbnailUrl\":\"https:\\\/\\\/dorogimedence.hu\\\/wp-content\\\/uploads\\\/2019\\\/11\\\/erdopeter01.jpg\",\"keywords\":[\"Bazilika\",\"Erd\u0151 P\u00e9ter\",\"esztergom\",\"mindenszentek\",\"mise\",\"szentmise\"],\"articleSection\":[\"Esztergom\",\"H\u00edrek\"],\"inLanguage\":\"hu\"},{\"@type\":\"WebPage\",\"@id\":\"https:\\\/\\\/dorogimedence.hu\\\/index.php\\\/2019\\\/11\\\/02\\\/a-szentekkel-talalkozva-meglatjuk-magat-krisztust-is\\\/\",\"url\":\"https:\\\/\\\/dorogimedence.hu\\\/index.php\\\/2019\\\/11\\\/02\\\/a-szentekkel-talalkozva-meglatjuk-magat-krisztust-is\\\/\",\"name\":\"A szentekkel tal\u00e1lkozva megl\u00e1tjuk mag\u00e1t Krisztust is!\",\"isPartOf\":{\"@id\":\"https:\\\/\\\/dorogimedence.hu\\\/#website\"},\"primaryImageOfPage\":{\"@id\":\"https:\\\/\\\/dorogimedence.hu\\\/index.php\\\/2019\\\/11\\\/02\\\/a-szentekkel-talalkozva-meglatjuk-magat-krisztust-is\\\/#primaryimage\"},\"image\":{\"@id\":\"https:\\\/\\\/dorogimedence.hu\\\/index.php\\\/2019\\\/11\\\/02\\\/a-szentekkel-talalkozva-meglatjuk-magat-krisztust-is\\\/#primaryimage\"},\"thumbnailUrl\":\"https:\\\/\\\/dorogimedence.hu\\\/wp-content\\\/uploads\\\/2019\\\/11\\\/erdopeter01.jpg\",\"datePublished\":\"2019-11-02T07:22:25+00:00\",\"dateModified\":\"2019-11-02T07:25:00+00:00\",\"breadcrumb\":{\"@id\":\"https:\\\/\\\/dorogimedence.hu\\\/index.php\\\/2019\\\/11\\\/02\\\/a-szentekkel-talalkozva-meglatjuk-magat-krisztust-is\\\/#breadcrumb\"},\"inLanguage\":\"hu\",\"potentialAction\":[{\"@type\":\"ReadAction\",\"target\":[\"https:\\\/\\\/dorogimedence.hu\\\/index.php\\\/2019\\\/11\\\/02\\\/a-szentekkel-talalkozva-meglatjuk-magat-krisztust-is\\\/\"]}]},{\"@type\":\"ImageObject\",\"inLanguage\":\"hu\",\"@id\":\"https:\\\/\\\/dorogimedence.hu\\\/index.php\\\/2019\\\/11\\\/02\\\/a-szentekkel-talalkozva-meglatjuk-magat-krisztust-is\\\/#primaryimage\",\"url\":\"https:\\\/\\\/dorogimedence.hu\\\/wp-content\\\/uploads\\\/2019\\\/11\\\/erdopeter01.jpg\",\"contentUrl\":\"https:\\\/\\\/dorogimedence.hu\\\/wp-content\\\/uploads\\\/2019\\\/11\\\/erdopeter01.jpg\",\"width\":670,\"height\":365},{\"@type\":\"BreadcrumbList\",\"@id\":\"https:\\\/\\\/dorogimedence.hu\\\/index.php\\\/2019\\\/11\\\/02\\\/a-szentekkel-talalkozva-meglatjuk-magat-krisztust-is\\\/#breadcrumb\",\"itemListElement\":[{\"@type\":\"ListItem\",\"position\":1,\"name\":\"Kezd\u0151lap\",\"item\":\"https:\\\/\\\/dorogimedence.hu\\\/\"},{\"@type\":\"ListItem\",\"position\":2,\"name\":\"A szentekkel tal\u00e1lkozva megl\u00e1tjuk mag\u00e1t Krisztust is!\"}]},{\"@type\":\"WebSite\",\"@id\":\"https:\\\/\\\/dorogimedence.hu\\\/#website\",\"url\":\"https:\\\/\\\/dorogimedence.hu\\\/\",\"name\":\"Dorogi-medence Region\u00e1lis H\u00edrport\u00e1l\",\"description\":\"Dorog, Keszt\u00f6lc, Le\u00e1nyv\u00e1r, Piliscs\u00e9v, Tokod, Tokodalt\u00e1r\u00f3, Csolnok, Esztergom-kertv\u00e1ros: h\u00edrek, programok\",\"publisher\":{\"@id\":\"https:\\\/\\\/dorogimedence.hu\\\/#organization\"},\"potentialAction\":[{\"@type\":\"SearchAction\",\"target\":{\"@type\":\"EntryPoint\",\"urlTemplate\":\"https:\\\/\\\/dorogimedence.hu\\\/?s={search_term_string}\"},\"query-input\":{\"@type\":\"PropertyValueSpecification\",\"valueRequired\":true,\"valueName\":\"search_term_string\"}}],\"inLanguage\":\"hu\"},{\"@type\":\"Organization\",\"@id\":\"https:\\\/\\\/dorogimedence.hu\\\/#organization\",\"name\":\"Dorogi-medence Region\u00e1lis H\u00edrport\u00e1l\",\"url\":\"https:\\\/\\\/dorogimedence.hu\\\/\",\"logo\":{\"@type\":\"ImageObject\",\"inLanguage\":\"hu\",\"@id\":\"https:\\\/\\\/dorogimedence.hu\\\/#\\\/schema\\\/logo\\\/image\\\/\",\"url\":\"https:\\\/\\\/dorogimedence.hu\\\/wp-content\\\/uploads\\\/2021\\\/04\\\/logo-feher-600.png\",\"contentUrl\":\"https:\\\/\\\/dorogimedence.hu\\\/wp-content\\\/uploads\\\/2021\\\/04\\\/logo-feher-600.png\",\"width\":600,\"height\":100,\"caption\":\"Dorogi-medence Region\u00e1lis H\u00edrport\u00e1l\"},\"image\":{\"@id\":\"https:\\\/\\\/dorogimedence.hu\\\/#\\\/schema\\\/logo\\\/image\\\/\"},\"sameAs\":[\"https:\\\/\\\/www.facebook.com\\\/dorogimedence\\\/\"]},{\"@type\":\"Person\",\"@id\":\"https:\\\/\\\/dorogimedence.hu\\\/#\\\/schema\\\/person\\\/ce6091eeb7e95ecdc87890d6aa8e0fd4\",\"name\":\"dorogimedence.hu\",\"image\":{\"@type\":\"ImageObject\",\"inLanguage\":\"hu\",\"@id\":\"\\\/\\\/www.gravatar.com\\\/avatar\\\/d8d45f8901aadff40a4af72c0b826f1d?s=96&#038;r=g&#038;d=mm\",\"url\":\"\\\/\\\/www.gravatar.com\\\/avatar\\\/d8d45f8901aadff40a4af72c0b826f1d?s=96&#038;r=g&#038;d=mm\",\"contentUrl\":\"\\\/\\\/www.gravatar.com\\\/avatar\\\/d8d45f8901aadff40a4af72c0b826f1d?s=96&#038;r=g&#038;d=mm\",\"caption\":\"dorogimedence.hu\"}}]}<\/script>\n<!-- \/ Yoast SEO plugin. -->","yoast_head_json":{"title":"A szentekkel tal\u00e1lkozva megl\u00e1tjuk mag\u00e1t Krisztust is!","robots":{"index":"index","follow":"follow","max-snippet":"max-snippet:-1","max-image-preview":"max-image-preview:large","max-video-preview":"max-video-preview:-1"},"canonical":"https:\/\/dorogimedence.hu\/index.php\/2019\/11\/02\/a-szentekkel-talalkozva-meglatjuk-magat-krisztust-is\/","og_locale":"hu_HU","og_type":"article","og_title":"A szentekkel tal\u00e1lkozva megl\u00e1tjuk mag\u00e1t Krisztust is!","og_description":"November 1-j\u00e9n, mindenszentek f\u0151\u00fcnnep\u00e9n Erd\u0151 P\u00e9ter b\u00edboros, pr\u00edm\u00e1s mutatott be szentmis\u00e9t az esztergomi bazilik\u00e1ban. \u201eA szentekr\u0151l azt valljuk, hogy m\u00e1r az \u00f6r\u00f6k boldogs\u00e1gba jutottak. Nekik teh\u00e1t nincs sz\u00fcks\u00e9g\u00fck arra, hogy mi \u00fcnnepelj\u00fck \u0151ket. Persze lehet az\u00e9rt, hogy \u00f6r\u00fclnek neki, amikor megeml\u00e9kez\u00fcnk r\u00f3luk, hiszen a szentek k\u00f6z\u00f6ss\u00e9g\u00e9nek hitigazs\u00e1ga, amit a hiszekegyben mindig megvallunk, azt jelenti, hogy","og_url":"https:\/\/dorogimedence.hu\/index.php\/2019\/11\/02\/a-szentekkel-talalkozva-meglatjuk-magat-krisztust-is\/","og_site_name":"Dorogi-medence Region\u00e1lis H\u00edrport\u00e1l","article_publisher":"https:\/\/www.facebook.com\/dorogimedence\/","article_published_time":"2019-11-02T07:22:25+00:00","article_modified_time":"2019-11-02T07:25:00+00:00","og_image":[{"width":670,"height":365,"url":"https:\/\/i0.wp.com\/dorogimedence.hu\/wp-content\/uploads\/2019\/11\/erdopeter01.jpg?fit=670%2C365&ssl=1","type":"image\/jpeg"}],"author":"dorogimedence.hu","twitter_card":"summary_large_image","twitter_misc":{"Szerz\u0151:":"dorogimedence.hu","Becs\u00fclt olvas\u00e1si id\u0151":"2 perc"},"schema":{"@context":"https:\/\/schema.org","@graph":[{"@type":"Article","@id":"https:\/\/dorogimedence.hu\/index.php\/2019\/11\/02\/a-szentekkel-talalkozva-meglatjuk-magat-krisztust-is\/#article","isPartOf":{"@id":"https:\/\/dorogimedence.hu\/index.php\/2019\/11\/02\/a-szentekkel-talalkozva-meglatjuk-magat-krisztust-is\/"},"author":{"name":"dorogimedence.hu","@id":"https:\/\/dorogimedence.hu\/#\/schema\/person\/ce6091eeb7e95ecdc87890d6aa8e0fd4"},"headline":"A szentekkel tal\u00e1lkozva megl\u00e1tjuk mag\u00e1t Krisztust is!","datePublished":"2019-11-02T07:22:25+00:00","dateModified":"2019-11-02T07:25:00+00:00","mainEntityOfPage":{"@id":"https:\/\/dorogimedence.hu\/index.php\/2019\/11\/02\/a-szentekkel-talalkozva-meglatjuk-magat-krisztust-is\/"},"wordCount":333,"publisher":{"@id":"https:\/\/dorogimedence.hu\/#organization"},"image":{"@id":"https:\/\/dorogimedence.hu\/index.php\/2019\/11\/02\/a-szentekkel-talalkozva-meglatjuk-magat-krisztust-is\/#primaryimage"},"thumbnailUrl":"https:\/\/dorogimedence.hu\/wp-content\/uploads\/2019\/11\/erdopeter01.jpg","keywords":["Bazilika","Erd\u0151 P\u00e9ter","esztergom","mindenszentek","mise","szentmise"],"articleSection":["Esztergom","H\u00edrek"],"inLanguage":"hu"},{"@type":"WebPage","@id":"https:\/\/dorogimedence.hu\/index.php\/2019\/11\/02\/a-szentekkel-talalkozva-meglatjuk-magat-krisztust-is\/","url":"https:\/\/dorogimedence.hu\/index.php\/2019\/11\/02\/a-szentekkel-talalkozva-meglatjuk-magat-krisztust-is\/","name":"A szentekkel tal\u00e1lkozva megl\u00e1tjuk mag\u00e1t Krisztust is!","isPartOf":{"@id":"https:\/\/dorogimedence.hu\/#website"},"primaryImageOfPage":{"@id":"https:\/\/dorogimedence.hu\/index.php\/2019\/11\/02\/a-szentekkel-talalkozva-meglatjuk-magat-krisztust-is\/#primaryimage"},"image":{"@id":"https:\/\/dorogimedence.hu\/index.php\/2019\/11\/02\/a-szentekkel-talalkozva-meglatjuk-magat-krisztust-is\/#primaryimage"},"thumbnailUrl":"https:\/\/dorogimedence.hu\/wp-content\/uploads\/2019\/11\/erdopeter01.jpg","datePublished":"2019-11-02T07:22:25+00:00","dateModified":"2019-11-02T07:25:00+00:00","breadcrumb":{"@id":"https:\/\/dorogimedence.hu\/index.php\/2019\/11\/02\/a-szentekkel-talalkozva-meglatjuk-magat-krisztust-is\/#breadcrumb"},"inLanguage":"hu","potentialAction":[{"@type":"ReadAction","target":["https:\/\/dorogimedence.hu\/index.php\/2019\/11\/02\/a-szentekkel-talalkozva-meglatjuk-magat-krisztust-is\/"]}]},{"@type":"ImageObject","inLanguage":"hu","@id":"https:\/\/dorogimedence.hu\/index.php\/2019\/11\/02\/a-szentekkel-talalkozva-meglatjuk-magat-krisztust-is\/#primaryimage","url":"https:\/\/dorogimedence.hu\/wp-content\/uploads\/2019\/11\/erdopeter01.jpg","contentUrl":"https:\/\/dorogimedence.hu\/wp-content\/uploads\/2019\/11\/erdopeter01.jpg","width":670,"height":365},{"@type":"BreadcrumbList","@id":"https:\/\/dorogimedence.hu\/index.php\/2019\/11\/02\/a-szentekkel-talalkozva-meglatjuk-magat-krisztust-is\/#breadcrumb","itemListElement":[{"@type":"ListItem","position":1,"name":"Kezd\u0151lap","item":"https:\/\/dorogimedence.hu\/"},{"@type":"ListItem","position":2,"name":"A szentekkel tal\u00e1lkozva megl\u00e1tjuk mag\u00e1t Krisztust is!"}]},{"@type":"WebSite","@id":"https:\/\/dorogimedence.hu\/#website","url":"https:\/\/dorogimedence.hu\/","name":"Dorogi-medence Region\u00e1lis H\u00edrport\u00e1l","description":"Dorog, Keszt\u00f6lc, Le\u00e1nyv\u00e1r, Piliscs\u00e9v, Tokod, Tokodalt\u00e1r\u00f3, Csolnok, Esztergom-kertv\u00e1ros: h\u00edrek, programok","publisher":{"@id":"https:\/\/dorogimedence.hu\/#organization"},"potentialAction":[{"@type":"SearchAction","target":{"@type":"EntryPoint","urlTemplate":"https:\/\/dorogimedence.hu\/?s={search_term_string}"},"query-input":{"@type":"PropertyValueSpecification","valueRequired":true,"valueName":"search_term_string"}}],"inLanguage":"hu"},{"@type":"Organization","@id":"https:\/\/dorogimedence.hu\/#organization","name":"Dorogi-medence Region\u00e1lis H\u00edrport\u00e1l","url":"https:\/\/dorogimedence.hu\/","logo":{"@type":"ImageObject","inLanguage":"hu","@id":"https:\/\/dorogimedence.hu\/#\/schema\/logo\/image\/","url":"https:\/\/dorogimedence.hu\/wp-content\/uploads\/2021\/04\/logo-feher-600.png","contentUrl":"https:\/\/dorogimedence.hu\/wp-content\/uploads\/2021\/04\/logo-feher-600.png","width":600,"height":100,"caption":"Dorogi-medence Region\u00e1lis H\u00edrport\u00e1l"},"image":{"@id":"https:\/\/dorogimedence.hu\/#\/schema\/logo\/image\/"},"sameAs":["https:\/\/www.facebook.com\/dorogimedence\/"]},{"@type":"Person","@id":"https:\/\/dorogimedence.hu\/#\/schema\/person\/ce6091eeb7e95ecdc87890d6aa8e0fd4","name":"dorogimedence.hu","image":{"@type":"ImageObject","inLanguage":"hu","@id":"\/\/www.gravatar.com\/avatar\/d8d45f8901aadff40a4af72c0b826f1d?s=96&#038;r=g&#038;d=mm","url":"\/\/www.gravatar.com\/avatar\/d8d45f8901aadff40a4af72c0b826f1d?s=96&#038;r=g&#038;d=mm","contentUrl":"\/\/www.gravatar.com\/avatar\/d8d45f8901aadff40a4af72c0b826f1d?s=96&#038;r=g&#038;d=mm","caption":"dorogimedence.hu"}}]}},"_links":{"self":[{"href":"https:\/\/dorogimedence.hu\/index.php\/wp-json\/wp\/v2\/posts\/20640","targetHints":{"allow":["GET"]}}],"collection":[{"href":"https:\/\/dorogimedence.hu\/index.php\/wp-json\/wp\/v2\/posts"}],"about":[{"href":"https:\/\/dorogimedence.hu\/index.php\/wp-json\/wp\/v2\/types\/post"}],"author":[{"embeddable":true,"href":"https:\/\/dorogimedence.hu\/index.php\/wp-json\/wp\/v2\/users\/1"}],"replies":[{"embeddable":true,"href":"https:\/\/dorogimedence.hu\/index.php\/wp-json\/wp\/v2\/comments?post=20640"}],"version-history":[{"count":0,"href":"https:\/\/dorogimedence.hu\/index.php\/wp-json\/wp\/v2\/posts\/20640\/revisions"}],"wp:featuredmedia":[{"embeddable":true,"href":"https:\/\/dorogimedence.hu\/index.php\/wp-json\/wp\/v2\/media\/20641"}],"wp:attachment":[{"href":"https:\/\/dorogimedence.hu\/index.php\/wp-json\/wp\/v2\/media?parent=20640"}],"wp:term":[{"taxonomy":"category","embeddable":true,"href":"https:\/\/dorogimedence.hu\/index.php\/wp-json\/wp\/v2\/categories?post=20640"},{"taxonomy":"post_tag","embeddable":true,"href":"https:\/\/dorogimedence.hu\/index.php\/wp-json\/wp\/v2\/tags?post=20640"}],"curies":[{"name":"wp","href":"https:\/\/api.w.org\/{rel}","templated":true}]}}