{"id":20631,"date":"2019-10-31T17:11:01","date_gmt":"2019-10-31T16:11:01","guid":{"rendered":"http:\/\/dorogimedence.hu\/?p=20631"},"modified":"2019-10-31T17:11:43","modified_gmt":"2019-10-31T16:11:43","slug":"mit-csinaljak-a-kerti-hulladekkal-ha-nem-egethetem-el","status":"publish","type":"post","link":"https:\/\/dorogimedence.hu\/index.php\/2019\/10\/31\/mit-csinaljak-a-kerti-hulladekkal-ha-nem-egethetem-el\/","title":{"rendered":"Mit csin\u00e1ljak a kerti hullad\u00e9kkal, ha nem \u00e9gethetem el?"},"content":{"rendered":"<p><strong>Az \u0151sz bek\u00f6sz\u00f6nt\u00e9vel Magyarorsz\u00e1gon elker\u00fclhetetlen\u00fcl beindul az avar\u00e9get\u00e9si szezon \u00e9s vele sok helyen \u00e9rezhet\u0151 a sz\u00e1ll\u00f3 f\u00fcst. A n\u00f6v\u00e9nyi hullad\u00e9k elt\u00fczel\u00e9se nemcsak k\u00e1ros, hanem jogszab\u00e1lyban tiltott is \u00e9s ak\u00e1r 3 milli\u00f3 forintos b\u00edrs\u00e1ggal is b\u00fcntethet\u0151.<\/strong><\/p>\n<p><strong>Mikor \u00e9gethetek z\u00f6ldhullad\u00e9kot?<\/strong><\/p>\n<p>A kertekben felhalmoz\u00f3d\u00f3 z\u00f6ldhullad\u00e9k (\u00e1g, gally, lomb, fa, gy\u00f6k\u00e9r, sz\u00e1r, lev\u00e9l \u00e9s egy\u00e9b n\u00f6v\u00e9nyi maradv\u00e1ny) \u00e9get\u00e9se szabadt\u00e9ren csak a telep\u00fcl\u00e9sek \u00f6nkorm\u00e1nyzati rendelet\u00e9ben kijel\u00f6lt id\u0151szakban \u00e9s m\u00f3don lehets\u00e9ges, szigor\u00fa szab\u00e1lyoz\u00e1s mellett. H\u00e1ztart\u00e1si hullad\u00e9kot \u00e9s m\u0171anyagot szigor\u00faan tilos el\u00e9getni. <strong>Viszont vannak olyan telep\u00fcl\u00e9sek ahol tilos az avar \u00e9get\u00e9se, mint p\u00e9ld\u00e1ul Dorogon (a 16\/2015 XI.27. \u00f6nkorm\u00e1nyzati rendelet szerint).<\/strong><\/p>\n<p><strong>Mi t\u00f6rt\u00e9nik, ha ennek ellen\u00e9re avart \u00e9getek?<\/strong><\/p>\n<p>Ha valaki nem tartja be a rendeletet, \u00e9s a tilalom ellen\u00e9re z\u00f6ldhullad\u00e9kot vagy avart \u00e9get, 30 ezer forintig terjed\u0151 b\u00edrs\u00e1got kaphat. De, ha&nbsp;k\u00f6zter\u00fcleten id\u00e9z el\u0151 t\u00fczet, vagy okoz robban\u00e1svesz\u00e9lyt, 10 ezer forint \u00e9s 1 milli\u00f3 forint k\u00f6z\u00f6tti b\u00edrs\u00e1g szabhat\u00f3 ki r\u00e1. Ha pedig olyan komoly t\u00fczet okoz, hogy az olt\u00e1shoz ki kell h\u00edvni a t\u0171zolt\u00f3kat, ak\u00e1r 3 milli\u00f3 forintra is b\u00fcntethetik.<\/p>\n<p><strong>Mit tegyek a kerti hullad\u00e9kommal?<\/strong><\/p>\n<p>Dorog \u00e9s t\u00e9rs\u00e9g\u00e9ben a legegyszer\u0171bb m\u00f3dja a z\u00f6ldhullad\u00e9k elt\u0171ntet\u00e9s\u00e9nek, ha az \u00f6nkorm\u00e1nyzatn\u00e1l ig\u00e9nyel\u00fcnk z\u00f6ldhullad\u00e9k zs\u00e1kot. \u00c9ves szinten minden ingatlantulajdonosnak 8 darab zs\u00e1kot biztos\u00edtanak, amit havi szinten (december kiv\u00e9tel\u00e9vel) d\u00edjmentesen el is sz\u00e1ll\u00edtanak az ingatlanok el\u0151l. 2019-ben az utols\u00f3 z\u00f6ldhullad\u00e9k sz\u00e1ll\u00edt\u00e1si nap Dorogon november 5-e, a t\u00f6bbi telep\u00fcl\u00e9sen elt\u00e9r\u0151 (<span style=\"text-decoration: underline; color: #0000ff;\"><a style=\"color: #0000ff; text-decoration: underline;\" href=\"https:\/\/dorogimedence.hu\/index.php\/2019\/10\/28\/zold-es-szelektiv-hulladekgyujtes-novemberben\/\" target=\"_blank\" rel=\"noopener noreferrer\">ide kattintva<\/a><\/span> tekinthetj\u00fck meg az id\u0151pontokat). Tov\u00e1bb\u00e1 a z\u00f6ldhullad\u00e9kokat komposzt\u00e1lhatjuk is, melyet k\u00e9s\u0151bb tr\u00e1gyak\u00e9nt felhaszn\u00e1lhatunk.<\/p>\n<p><strong>Mit tegyek, ha elfelejtettem kitenni a z\u00f6ldhullad\u00e9kot az ingatlan el\u00e9?<\/strong><\/p>\n<p>Azok a dorogi lakosok, akik nagyobb mennyis\u00e9g\u0171 kerti hullad\u00e9kot szeretn\u00e9nek elsz\u00e1ll\u00edtani, vagy lek\u00e9stek a hullad\u00e9ksz\u00e1ll\u00edt\u00e1sr\u00f3l, a dorogi temet\u0151 m\u00f6g\u00f6tti hullad\u00e9kudvarba h\u00e9tf\u0151nk\u00e9nt \u00e9s cs\u00fct\u00f6rt\u00f6k\u00f6nk\u00e9nt 07.00-09.00 \u00e9s 15.00-18.00 k\u00f6z\u00f6tt leadhatj\u00e1k hullad\u00e9kaikat. R\u00e9szletes inform\u00e1ci\u00f3k a hullad\u00e9kudvarr\u00f3l <span style=\"text-decoration: underline; color: #0000ff;\"><a style=\"color: #0000ff; text-decoration: underline;\" href=\"http:\/\/www.dorog.hu\/index.php?oldal=8&amp;hir=1562\" target=\"_blank\" rel=\"noopener noreferrer\">ide kattintva<\/a><\/span> olvashat\u00f3k!<\/p>\n<p><em>Forr\u00e1s: dorogimedence.hu \/ magro.hu<\/em><\/p>\n","protected":false},"excerpt":{"rendered":"<p>Az \u0151sz bek\u00f6sz\u00f6nt\u00e9vel Magyarorsz\u00e1gon elker\u00fclhetetlen\u00fcl beindul az avar\u00e9get\u00e9si szezon \u00e9s vele sok helyen \u00e9rezhet\u0151 a sz\u00e1ll\u00f3 f\u00fcst. A n\u00f6v\u00e9nyi hullad\u00e9k elt\u00fczel\u00e9se nemcsak k\u00e1ros, hanem jogszab\u00e1lyban tiltott is \u00e9s ak\u00e1r 3 milli\u00f3 forintos b\u00edrs\u00e1ggal is b\u00fcntethet\u0151. Mikor \u00e9gethetek z\u00f6ldhullad\u00e9kot? A kertekben felhalmoz\u00f3d\u00f3 z\u00f6ldhullad\u00e9k (\u00e1g, gally, lomb, fa, gy\u00f6k\u00e9r, sz\u00e1r, lev\u00e9l \u00e9s egy\u00e9b n\u00f6v\u00e9nyi maradv\u00e1ny) \u00e9get\u00e9se szabadt\u00e9ren<\/p>\n","protected":false},"author":1,"featured_media":1060,"comment_status":"closed","ping_status":"closed","sticky":false,"template":"","format":"standard","meta":{"ngg_post_thumbnail":0,"footnotes":""},"categories":[2,3],"tags":[15,370,713,369,566],"class_list":{"0":"post-20631","1":"post","2":"type-post","3":"status-publish","4":"format-standard","5":"has-post-thumbnail","7":"category-dorog","8":"category-hirek","9":"tag-dorog","10":"tag-egetes","11":"tag-hulladekszallitas","12":"tag-kerti-hulladek","13":"tag-zoldhulladek"},"yoast_head":"<!-- This site is optimized with the Yoast SEO plugin v27.5 - https:\/\/yoast.com\/product\/yoast-seo-wordpress\/ -->\n<title>Mit csin\u00e1ljak a kerti hullad\u00e9kkal, ha nem \u00e9gethetem el?<\/title>\n<meta name=\"robots\" content=\"index, follow, max-snippet:-1, max-image-preview:large, max-video-preview:-1\" \/>\n<link rel=\"canonical\" href=\"https:\/\/dorogimedence.hu\/index.php\/2019\/10\/31\/mit-csinaljak-a-kerti-hulladekkal-ha-nem-egethetem-el\/\" class=\"yoast-seo-meta-tag\" \/>\n<meta property=\"og:locale\" content=\"hu_HU\" class=\"yoast-seo-meta-tag\" \/>\n<meta property=\"og:type\" content=\"article\" class=\"yoast-seo-meta-tag\" \/>\n<meta property=\"og:title\" content=\"Mit csin\u00e1ljak a kerti hullad\u00e9kkal, ha nem \u00e9gethetem el?\" class=\"yoast-seo-meta-tag\" \/>\n<meta property=\"og:description\" content=\"Az \u0151sz bek\u00f6sz\u00f6nt\u00e9vel Magyarorsz\u00e1gon elker\u00fclhetetlen\u00fcl beindul az avar\u00e9get\u00e9si szezon \u00e9s vele sok helyen \u00e9rezhet\u0151 a sz\u00e1ll\u00f3 f\u00fcst. A n\u00f6v\u00e9nyi hullad\u00e9k elt\u00fczel\u00e9se nemcsak k\u00e1ros, hanem jogszab\u00e1lyban tiltott is \u00e9s ak\u00e1r 3 milli\u00f3 forintos b\u00edrs\u00e1ggal is b\u00fcntethet\u0151. Mikor \u00e9gethetek z\u00f6ldhullad\u00e9kot? A kertekben felhalmoz\u00f3d\u00f3 z\u00f6ldhullad\u00e9k (\u00e1g, gally, lomb, fa, gy\u00f6k\u00e9r, sz\u00e1r, lev\u00e9l \u00e9s egy\u00e9b n\u00f6v\u00e9nyi maradv\u00e1ny) \u00e9get\u00e9se szabadt\u00e9ren\" class=\"yoast-seo-meta-tag\" \/>\n<meta property=\"og:url\" content=\"https:\/\/dorogimedence.hu\/index.php\/2019\/10\/31\/mit-csinaljak-a-kerti-hulladekkal-ha-nem-egethetem-el\/\" class=\"yoast-seo-meta-tag\" \/>\n<meta property=\"og:site_name\" content=\"Dorogi-medence Region\u00e1lis H\u00edrport\u00e1l\" class=\"yoast-seo-meta-tag\" \/>\n<meta property=\"article:publisher\" content=\"https:\/\/www.facebook.com\/dorogimedence\/\" class=\"yoast-seo-meta-tag\" \/>\n<meta property=\"article:published_time\" content=\"2019-10-31T16:11:01+00:00\" class=\"yoast-seo-meta-tag\" \/>\n<meta property=\"article:modified_time\" content=\"2019-10-31T16:11:43+00:00\" class=\"yoast-seo-meta-tag\" \/>\n<meta property=\"og:image\" content=\"https:\/\/i0.wp.com\/dorogimedence.hu\/wp-content\/uploads\/2017\/03\/kerti-hulladek-tilos-egetes.jpg?fit=670%2C365&ssl=1\" class=\"yoast-seo-meta-tag\" \/>\n\t<meta property=\"og:image:width\" content=\"670\" class=\"yoast-seo-meta-tag\" \/>\n\t<meta property=\"og:image:height\" content=\"365\" class=\"yoast-seo-meta-tag\" \/>\n\t<meta property=\"og:image:type\" content=\"image\/jpeg\" class=\"yoast-seo-meta-tag\" \/>\n<meta name=\"author\" content=\"dorogimedence.hu\" class=\"yoast-seo-meta-tag\" \/>\n<meta name=\"twitter:card\" content=\"summary_large_image\" class=\"yoast-seo-meta-tag\" \/>\n<meta name=\"twitter:label1\" content=\"Szerz\u0151:\" class=\"yoast-seo-meta-tag\" \/>\n\t<meta name=\"twitter:data1\" content=\"dorogimedence.hu\" class=\"yoast-seo-meta-tag\" \/>\n\t<meta name=\"twitter:label2\" content=\"Becs\u00fclt olvas\u00e1si id\u0151\" class=\"yoast-seo-meta-tag\" \/>\n\t<meta name=\"twitter:data2\" content=\"2 perc\" class=\"yoast-seo-meta-tag\" \/>\n<script type=\"application\/ld+json\" class=\"yoast-schema-graph\">{\"@context\":\"https:\\\/\\\/schema.org\",\"@graph\":[{\"@type\":\"Article\",\"@id\":\"https:\\\/\\\/dorogimedence.hu\\\/index.php\\\/2019\\\/10\\\/31\\\/mit-csinaljak-a-kerti-hulladekkal-ha-nem-egethetem-el\\\/#article\",\"isPartOf\":{\"@id\":\"https:\\\/\\\/dorogimedence.hu\\\/index.php\\\/2019\\\/10\\\/31\\\/mit-csinaljak-a-kerti-hulladekkal-ha-nem-egethetem-el\\\/\"},\"author\":{\"name\":\"dorogimedence.hu\",\"@id\":\"https:\\\/\\\/dorogimedence.hu\\\/#\\\/schema\\\/person\\\/ce6091eeb7e95ecdc87890d6aa8e0fd4\"},\"headline\":\"Mit csin\u00e1ljak a kerti hullad\u00e9kkal, ha nem \u00e9gethetem el?\",\"datePublished\":\"2019-10-31T16:11:01+00:00\",\"dateModified\":\"2019-10-31T16:11:43+00:00\",\"mainEntityOfPage\":{\"@id\":\"https:\\\/\\\/dorogimedence.hu\\\/index.php\\\/2019\\\/10\\\/31\\\/mit-csinaljak-a-kerti-hulladekkal-ha-nem-egethetem-el\\\/\"},\"wordCount\":450,\"publisher\":{\"@id\":\"https:\\\/\\\/dorogimedence.hu\\\/#organization\"},\"image\":{\"@id\":\"https:\\\/\\\/dorogimedence.hu\\\/index.php\\\/2019\\\/10\\\/31\\\/mit-csinaljak-a-kerti-hulladekkal-ha-nem-egethetem-el\\\/#primaryimage\"},\"thumbnailUrl\":\"https:\\\/\\\/dorogimedence.hu\\\/wp-content\\\/uploads\\\/2017\\\/03\\\/kerti-hulladek-tilos-egetes.jpg\",\"keywords\":[\"Dorog\",\"\u00e9get\u00e9s\",\"hullad\u00e9ksz\u00e1ll\u00edt\u00e1s\",\"kerti hullad\u00e9k\",\"z\u00f6ldhullad\u00e9k\"],\"articleSection\":[\"Dorog\",\"H\u00edrek\"],\"inLanguage\":\"hu\"},{\"@type\":\"WebPage\",\"@id\":\"https:\\\/\\\/dorogimedence.hu\\\/index.php\\\/2019\\\/10\\\/31\\\/mit-csinaljak-a-kerti-hulladekkal-ha-nem-egethetem-el\\\/\",\"url\":\"https:\\\/\\\/dorogimedence.hu\\\/index.php\\\/2019\\\/10\\\/31\\\/mit-csinaljak-a-kerti-hulladekkal-ha-nem-egethetem-el\\\/\",\"name\":\"Mit csin\u00e1ljak a kerti hullad\u00e9kkal, ha nem \u00e9gethetem el?\",\"isPartOf\":{\"@id\":\"https:\\\/\\\/dorogimedence.hu\\\/#website\"},\"primaryImageOfPage\":{\"@id\":\"https:\\\/\\\/dorogimedence.hu\\\/index.php\\\/2019\\\/10\\\/31\\\/mit-csinaljak-a-kerti-hulladekkal-ha-nem-egethetem-el\\\/#primaryimage\"},\"image\":{\"@id\":\"https:\\\/\\\/dorogimedence.hu\\\/index.php\\\/2019\\\/10\\\/31\\\/mit-csinaljak-a-kerti-hulladekkal-ha-nem-egethetem-el\\\/#primaryimage\"},\"thumbnailUrl\":\"https:\\\/\\\/dorogimedence.hu\\\/wp-content\\\/uploads\\\/2017\\\/03\\\/kerti-hulladek-tilos-egetes.jpg\",\"datePublished\":\"2019-10-31T16:11:01+00:00\",\"dateModified\":\"2019-10-31T16:11:43+00:00\",\"breadcrumb\":{\"@id\":\"https:\\\/\\\/dorogimedence.hu\\\/index.php\\\/2019\\\/10\\\/31\\\/mit-csinaljak-a-kerti-hulladekkal-ha-nem-egethetem-el\\\/#breadcrumb\"},\"inLanguage\":\"hu\",\"potentialAction\":[{\"@type\":\"ReadAction\",\"target\":[\"https:\\\/\\\/dorogimedence.hu\\\/index.php\\\/2019\\\/10\\\/31\\\/mit-csinaljak-a-kerti-hulladekkal-ha-nem-egethetem-el\\\/\"]}]},{\"@type\":\"ImageObject\",\"inLanguage\":\"hu\",\"@id\":\"https:\\\/\\\/dorogimedence.hu\\\/index.php\\\/2019\\\/10\\\/31\\\/mit-csinaljak-a-kerti-hulladekkal-ha-nem-egethetem-el\\\/#primaryimage\",\"url\":\"https:\\\/\\\/dorogimedence.hu\\\/wp-content\\\/uploads\\\/2017\\\/03\\\/kerti-hulladek-tilos-egetes.jpg\",\"contentUrl\":\"https:\\\/\\\/dorogimedence.hu\\\/wp-content\\\/uploads\\\/2017\\\/03\\\/kerti-hulladek-tilos-egetes.jpg\",\"width\":670,\"height\":365},{\"@type\":\"BreadcrumbList\",\"@id\":\"https:\\\/\\\/dorogimedence.hu\\\/index.php\\\/2019\\\/10\\\/31\\\/mit-csinaljak-a-kerti-hulladekkal-ha-nem-egethetem-el\\\/#breadcrumb\",\"itemListElement\":[{\"@type\":\"ListItem\",\"position\":1,\"name\":\"Kezd\u0151lap\",\"item\":\"https:\\\/\\\/dorogimedence.hu\\\/\"},{\"@type\":\"ListItem\",\"position\":2,\"name\":\"Mit csin\u00e1ljak a kerti hullad\u00e9kkal, ha nem \u00e9gethetem el?\"}]},{\"@type\":\"WebSite\",\"@id\":\"https:\\\/\\\/dorogimedence.hu\\\/#website\",\"url\":\"https:\\\/\\\/dorogimedence.hu\\\/\",\"name\":\"Dorogi-medence Region\u00e1lis H\u00edrport\u00e1l\",\"description\":\"Dorog, Keszt\u00f6lc, Le\u00e1nyv\u00e1r, Piliscs\u00e9v, Tokod, Tokodalt\u00e1r\u00f3, Csolnok, Esztergom-kertv\u00e1ros: h\u00edrek, programok\",\"publisher\":{\"@id\":\"https:\\\/\\\/dorogimedence.hu\\\/#organization\"},\"potentialAction\":[{\"@type\":\"SearchAction\",\"target\":{\"@type\":\"EntryPoint\",\"urlTemplate\":\"https:\\\/\\\/dorogimedence.hu\\\/?s={search_term_string}\"},\"query-input\":{\"@type\":\"PropertyValueSpecification\",\"valueRequired\":true,\"valueName\":\"search_term_string\"}}],\"inLanguage\":\"hu\"},{\"@type\":\"Organization\",\"@id\":\"https:\\\/\\\/dorogimedence.hu\\\/#organization\",\"name\":\"Dorogi-medence Region\u00e1lis H\u00edrport\u00e1l\",\"url\":\"https:\\\/\\\/dorogimedence.hu\\\/\",\"logo\":{\"@type\":\"ImageObject\",\"inLanguage\":\"hu\",\"@id\":\"https:\\\/\\\/dorogimedence.hu\\\/#\\\/schema\\\/logo\\\/image\\\/\",\"url\":\"https:\\\/\\\/dorogimedence.hu\\\/wp-content\\\/uploads\\\/2021\\\/04\\\/logo-feher-600.png\",\"contentUrl\":\"https:\\\/\\\/dorogimedence.hu\\\/wp-content\\\/uploads\\\/2021\\\/04\\\/logo-feher-600.png\",\"width\":600,\"height\":100,\"caption\":\"Dorogi-medence Region\u00e1lis H\u00edrport\u00e1l\"},\"image\":{\"@id\":\"https:\\\/\\\/dorogimedence.hu\\\/#\\\/schema\\\/logo\\\/image\\\/\"},\"sameAs\":[\"https:\\\/\\\/www.facebook.com\\\/dorogimedence\\\/\"]},{\"@type\":\"Person\",\"@id\":\"https:\\\/\\\/dorogimedence.hu\\\/#\\\/schema\\\/person\\\/ce6091eeb7e95ecdc87890d6aa8e0fd4\",\"name\":\"dorogimedence.hu\",\"image\":{\"@type\":\"ImageObject\",\"inLanguage\":\"hu\",\"@id\":\"\\\/\\\/www.gravatar.com\\\/avatar\\\/d8d45f8901aadff40a4af72c0b826f1d?s=96&#038;r=g&#038;d=mm\",\"url\":\"\\\/\\\/www.gravatar.com\\\/avatar\\\/d8d45f8901aadff40a4af72c0b826f1d?s=96&#038;r=g&#038;d=mm\",\"contentUrl\":\"\\\/\\\/www.gravatar.com\\\/avatar\\\/d8d45f8901aadff40a4af72c0b826f1d?s=96&#038;r=g&#038;d=mm\",\"caption\":\"dorogimedence.hu\"}}]}<\/script>\n<!-- \/ Yoast SEO plugin. -->","yoast_head_json":{"title":"Mit csin\u00e1ljak a kerti hullad\u00e9kkal, ha nem \u00e9gethetem el?","robots":{"index":"index","follow":"follow","max-snippet":"max-snippet:-1","max-image-preview":"max-image-preview:large","max-video-preview":"max-video-preview:-1"},"canonical":"https:\/\/dorogimedence.hu\/index.php\/2019\/10\/31\/mit-csinaljak-a-kerti-hulladekkal-ha-nem-egethetem-el\/","og_locale":"hu_HU","og_type":"article","og_title":"Mit csin\u00e1ljak a kerti hullad\u00e9kkal, ha nem \u00e9gethetem el?","og_description":"Az \u0151sz bek\u00f6sz\u00f6nt\u00e9vel Magyarorsz\u00e1gon elker\u00fclhetetlen\u00fcl beindul az avar\u00e9get\u00e9si szezon \u00e9s vele sok helyen \u00e9rezhet\u0151 a sz\u00e1ll\u00f3 f\u00fcst. A n\u00f6v\u00e9nyi hullad\u00e9k elt\u00fczel\u00e9se nemcsak k\u00e1ros, hanem jogszab\u00e1lyban tiltott is \u00e9s ak\u00e1r 3 milli\u00f3 forintos b\u00edrs\u00e1ggal is b\u00fcntethet\u0151. Mikor \u00e9gethetek z\u00f6ldhullad\u00e9kot? A kertekben felhalmoz\u00f3d\u00f3 z\u00f6ldhullad\u00e9k (\u00e1g, gally, lomb, fa, gy\u00f6k\u00e9r, sz\u00e1r, lev\u00e9l \u00e9s egy\u00e9b n\u00f6v\u00e9nyi maradv\u00e1ny) \u00e9get\u00e9se szabadt\u00e9ren","og_url":"https:\/\/dorogimedence.hu\/index.php\/2019\/10\/31\/mit-csinaljak-a-kerti-hulladekkal-ha-nem-egethetem-el\/","og_site_name":"Dorogi-medence Region\u00e1lis H\u00edrport\u00e1l","article_publisher":"https:\/\/www.facebook.com\/dorogimedence\/","article_published_time":"2019-10-31T16:11:01+00:00","article_modified_time":"2019-10-31T16:11:43+00:00","og_image":[{"width":670,"height":365,"url":"https:\/\/i0.wp.com\/dorogimedence.hu\/wp-content\/uploads\/2017\/03\/kerti-hulladek-tilos-egetes.jpg?fit=670%2C365&ssl=1","type":"image\/jpeg"}],"author":"dorogimedence.hu","twitter_card":"summary_large_image","twitter_misc":{"Szerz\u0151:":"dorogimedence.hu","Becs\u00fclt olvas\u00e1si id\u0151":"2 perc"},"schema":{"@context":"https:\/\/schema.org","@graph":[{"@type":"Article","@id":"https:\/\/dorogimedence.hu\/index.php\/2019\/10\/31\/mit-csinaljak-a-kerti-hulladekkal-ha-nem-egethetem-el\/#article","isPartOf":{"@id":"https:\/\/dorogimedence.hu\/index.php\/2019\/10\/31\/mit-csinaljak-a-kerti-hulladekkal-ha-nem-egethetem-el\/"},"author":{"name":"dorogimedence.hu","@id":"https:\/\/dorogimedence.hu\/#\/schema\/person\/ce6091eeb7e95ecdc87890d6aa8e0fd4"},"headline":"Mit csin\u00e1ljak a kerti hullad\u00e9kkal, ha nem \u00e9gethetem el?","datePublished":"2019-10-31T16:11:01+00:00","dateModified":"2019-10-31T16:11:43+00:00","mainEntityOfPage":{"@id":"https:\/\/dorogimedence.hu\/index.php\/2019\/10\/31\/mit-csinaljak-a-kerti-hulladekkal-ha-nem-egethetem-el\/"},"wordCount":450,"publisher":{"@id":"https:\/\/dorogimedence.hu\/#organization"},"image":{"@id":"https:\/\/dorogimedence.hu\/index.php\/2019\/10\/31\/mit-csinaljak-a-kerti-hulladekkal-ha-nem-egethetem-el\/#primaryimage"},"thumbnailUrl":"https:\/\/dorogimedence.hu\/wp-content\/uploads\/2017\/03\/kerti-hulladek-tilos-egetes.jpg","keywords":["Dorog","\u00e9get\u00e9s","hullad\u00e9ksz\u00e1ll\u00edt\u00e1s","kerti hullad\u00e9k","z\u00f6ldhullad\u00e9k"],"articleSection":["Dorog","H\u00edrek"],"inLanguage":"hu"},{"@type":"WebPage","@id":"https:\/\/dorogimedence.hu\/index.php\/2019\/10\/31\/mit-csinaljak-a-kerti-hulladekkal-ha-nem-egethetem-el\/","url":"https:\/\/dorogimedence.hu\/index.php\/2019\/10\/31\/mit-csinaljak-a-kerti-hulladekkal-ha-nem-egethetem-el\/","name":"Mit csin\u00e1ljak a kerti hullad\u00e9kkal, ha nem \u00e9gethetem el?","isPartOf":{"@id":"https:\/\/dorogimedence.hu\/#website"},"primaryImageOfPage":{"@id":"https:\/\/dorogimedence.hu\/index.php\/2019\/10\/31\/mit-csinaljak-a-kerti-hulladekkal-ha-nem-egethetem-el\/#primaryimage"},"image":{"@id":"https:\/\/dorogimedence.hu\/index.php\/2019\/10\/31\/mit-csinaljak-a-kerti-hulladekkal-ha-nem-egethetem-el\/#primaryimage"},"thumbnailUrl":"https:\/\/dorogimedence.hu\/wp-content\/uploads\/2017\/03\/kerti-hulladek-tilos-egetes.jpg","datePublished":"2019-10-31T16:11:01+00:00","dateModified":"2019-10-31T16:11:43+00:00","breadcrumb":{"@id":"https:\/\/dorogimedence.hu\/index.php\/2019\/10\/31\/mit-csinaljak-a-kerti-hulladekkal-ha-nem-egethetem-el\/#breadcrumb"},"inLanguage":"hu","potentialAction":[{"@type":"ReadAction","target":["https:\/\/dorogimedence.hu\/index.php\/2019\/10\/31\/mit-csinaljak-a-kerti-hulladekkal-ha-nem-egethetem-el\/"]}]},{"@type":"ImageObject","inLanguage":"hu","@id":"https:\/\/dorogimedence.hu\/index.php\/2019\/10\/31\/mit-csinaljak-a-kerti-hulladekkal-ha-nem-egethetem-el\/#primaryimage","url":"https:\/\/dorogimedence.hu\/wp-content\/uploads\/2017\/03\/kerti-hulladek-tilos-egetes.jpg","contentUrl":"https:\/\/dorogimedence.hu\/wp-content\/uploads\/2017\/03\/kerti-hulladek-tilos-egetes.jpg","width":670,"height":365},{"@type":"BreadcrumbList","@id":"https:\/\/dorogimedence.hu\/index.php\/2019\/10\/31\/mit-csinaljak-a-kerti-hulladekkal-ha-nem-egethetem-el\/#breadcrumb","itemListElement":[{"@type":"ListItem","position":1,"name":"Kezd\u0151lap","item":"https:\/\/dorogimedence.hu\/"},{"@type":"ListItem","position":2,"name":"Mit csin\u00e1ljak a kerti hullad\u00e9kkal, ha nem \u00e9gethetem el?"}]},{"@type":"WebSite","@id":"https:\/\/dorogimedence.hu\/#website","url":"https:\/\/dorogimedence.hu\/","name":"Dorogi-medence Region\u00e1lis H\u00edrport\u00e1l","description":"Dorog, Keszt\u00f6lc, Le\u00e1nyv\u00e1r, Piliscs\u00e9v, Tokod, Tokodalt\u00e1r\u00f3, Csolnok, Esztergom-kertv\u00e1ros: h\u00edrek, programok","publisher":{"@id":"https:\/\/dorogimedence.hu\/#organization"},"potentialAction":[{"@type":"SearchAction","target":{"@type":"EntryPoint","urlTemplate":"https:\/\/dorogimedence.hu\/?s={search_term_string}"},"query-input":{"@type":"PropertyValueSpecification","valueRequired":true,"valueName":"search_term_string"}}],"inLanguage":"hu"},{"@type":"Organization","@id":"https:\/\/dorogimedence.hu\/#organization","name":"Dorogi-medence Region\u00e1lis H\u00edrport\u00e1l","url":"https:\/\/dorogimedence.hu\/","logo":{"@type":"ImageObject","inLanguage":"hu","@id":"https:\/\/dorogimedence.hu\/#\/schema\/logo\/image\/","url":"https:\/\/dorogimedence.hu\/wp-content\/uploads\/2021\/04\/logo-feher-600.png","contentUrl":"https:\/\/dorogimedence.hu\/wp-content\/uploads\/2021\/04\/logo-feher-600.png","width":600,"height":100,"caption":"Dorogi-medence Region\u00e1lis H\u00edrport\u00e1l"},"image":{"@id":"https:\/\/dorogimedence.hu\/#\/schema\/logo\/image\/"},"sameAs":["https:\/\/www.facebook.com\/dorogimedence\/"]},{"@type":"Person","@id":"https:\/\/dorogimedence.hu\/#\/schema\/person\/ce6091eeb7e95ecdc87890d6aa8e0fd4","name":"dorogimedence.hu","image":{"@type":"ImageObject","inLanguage":"hu","@id":"\/\/www.gravatar.com\/avatar\/d8d45f8901aadff40a4af72c0b826f1d?s=96&#038;r=g&#038;d=mm","url":"\/\/www.gravatar.com\/avatar\/d8d45f8901aadff40a4af72c0b826f1d?s=96&#038;r=g&#038;d=mm","contentUrl":"\/\/www.gravatar.com\/avatar\/d8d45f8901aadff40a4af72c0b826f1d?s=96&#038;r=g&#038;d=mm","caption":"dorogimedence.hu"}}]}},"_links":{"self":[{"href":"https:\/\/dorogimedence.hu\/index.php\/wp-json\/wp\/v2\/posts\/20631","targetHints":{"allow":["GET"]}}],"collection":[{"href":"https:\/\/dorogimedence.hu\/index.php\/wp-json\/wp\/v2\/posts"}],"about":[{"href":"https:\/\/dorogimedence.hu\/index.php\/wp-json\/wp\/v2\/types\/post"}],"author":[{"embeddable":true,"href":"https:\/\/dorogimedence.hu\/index.php\/wp-json\/wp\/v2\/users\/1"}],"replies":[{"embeddable":true,"href":"https:\/\/dorogimedence.hu\/index.php\/wp-json\/wp\/v2\/comments?post=20631"}],"version-history":[{"count":0,"href":"https:\/\/dorogimedence.hu\/index.php\/wp-json\/wp\/v2\/posts\/20631\/revisions"}],"wp:featuredmedia":[{"embeddable":true,"href":"https:\/\/dorogimedence.hu\/index.php\/wp-json\/wp\/v2\/media\/1060"}],"wp:attachment":[{"href":"https:\/\/dorogimedence.hu\/index.php\/wp-json\/wp\/v2\/media?parent=20631"}],"wp:term":[{"taxonomy":"category","embeddable":true,"href":"https:\/\/dorogimedence.hu\/index.php\/wp-json\/wp\/v2\/categories?post=20631"},{"taxonomy":"post_tag","embeddable":true,"href":"https:\/\/dorogimedence.hu\/index.php\/wp-json\/wp\/v2\/tags?post=20631"}],"curies":[{"name":"wp","href":"https:\/\/api.w.org\/{rel}","templated":true}]}}