{"id":20604,"date":"2019-10-30T16:14:55","date_gmt":"2019-10-30T15:14:55","guid":{"rendered":"http:\/\/dorogimedence.hu\/?p=20604"},"modified":"2019-10-31T15:50:53","modified_gmt":"2019-10-31T14:50:53","slug":"oszi-fasitas-dorogon","status":"publish","type":"post","link":"https:\/\/dorogimedence.hu\/index.php\/2019\/10\/30\/oszi-fasitas-dorogon\/","title":{"rendered":"\u0150szi f\u00e1s\u00edt\u00e1s Dorogon"},"content":{"rendered":"<p><strong>November 9-\u00e9n, szombaton \u0151szi f\u00e1s\u00edt\u00e1st szerveznek Dorogon, a Borb\u00e1la-lak\u00f3telepen \u00e9s a hozz\u00e1 tartoz\u00f3 j\u00e1tsz\u00f3t\u00e9r k\u00f6rnyezet\u00e9ben. A f\u00e1s\u00edt\u00e1shoz v\u00e1rj\u00e1k m\u00e9g a t\u00e1mogat\u00f3kat!<br \/>\n<\/strong><\/p>\n<p>Lieber Tam\u00e1s, a BEBTE eln\u00f6ke elmondta, hogy a f\u00e1s\u00edt\u00e1shoz november 3-\u00e1ig v\u00e1rj\u00e1k m\u00e9g a t\u00e1mogat\u00f3kat. A felaj\u00e1nl\u00e1sokat a BEBTE sz\u00e1ml\u00e1j\u00e1ra (10700361-24479200-51100005) lehet elutalni. Min\u00e9l t\u00f6bb p\u00e9nz gy\u0171lik \u00f6ssze, ann\u00e1l t\u00f6bb f\u00e1t tudnak el\u00fclteni az \u00f6nk\u00e9ntesek.<\/p>\n<p>A terv 25-30 fa el\u00fcltet\u00e9se. A v\u00e1roslak\u00f3knak ezzel \u00fajabb z\u00f6ld o\u00e1zist hoznak l\u00e9tre, valamint sz\u00e1mos \u00e1llatfajnak biztos\u00edtanak \u00e9letteret.<\/p>\n<p>A BEBTE \u00e9s a Szem\u00e9tirt\u00f3k csoport kezdem\u00e9nyez\u00e9shez a dorogi Civilek a Fejl\u0151d\u0151 V\u00e1ros\u00e9rt Egyes\u00fclet is csatlakozott, \u0151k p\u00e9ld\u00e1ul 6 f\u00e1t biztos\u00edtanak az \u00fcltet\u00e9shez, mindemellett m\u00e1r t\u00f6bb mag\u00e1nszem\u00e9ly is t\u00e1mogatta a beruh\u00e1z\u00e1st.<\/p>\n<p>Aki nem tud anyagiakkal hozz\u00e1j\u00e1rulni a projekthez, de szeretne r\u00e9szt venni a kezdem\u00e9nyez\u00e9sben, szeretettel v\u00e1rj\u00e1k november 9-\u00e9n, szombaton 9 \u00f3rakor a Borb\u00e1la-lak\u00f3telepi j\u00e1tsz\u00f3t\u00e9rhez, ahol seg\u00e9dkezhetnek a fa\u00fcltet\u00e9sben.<\/p>\n<p>A terep el\u0151k\u00e9sz\u00edt\u00e9s\u00e9t, illetve a fa\u00fcltet\u00e9shez sz\u00fcks\u00e9ges eszk\u00f6z\u00f6ket a dorogi \u00f6nkorm\u00e1nyzat biztos\u00edtja. A tervek szerint az ut\u00f3munk\u00e1kat \u2013 a tavaszt\u0151l \u0151szig tart\u00f3 \u00f6nt\u00f6z\u00e9st \u2013 pedig a j\u00e1tsz\u00f3t\u00e9rrel szemben tal\u00e1lhat\u00f3 E\u00f6tv\u00f6s iskola v\u00e1llalja majd, \u00edgy az iskol\u00e1s gyerekek is r\u00e9szt vehetnek a k\u00f6rnyezet\u00fcnk v\u00e9delm\u00e9ben.<\/p>\n<p><span style=\"text-decoration: underline; color: #0000ff;\"><strong><a style=\"color: #0000ff; text-decoration: underline;\" href=\"http:\/\/bebte.hu\/meg-tobb-fat-dorogra-ultess-velunk\/\" target=\"_blank\" rel=\"noopener noreferrer\">R\u00e9szletek \u00e9s a t\u00e1mogat\u00f3k list\u00e1ja&gt;&gt;<\/a><\/strong><\/span><\/p>\n<p><a href=\"https:\/\/www.facebook.com\/events\/393961844844778\/\" target=\"_blank\" rel=\"noopener noreferrer\"><span style=\"text-decoration: underline; color: #0000ff;\"><strong>Facebook esem\u00e9ny&gt;&gt;<\/strong><\/span><\/a><\/p>\n","protected":false},"excerpt":{"rendered":"<p>November 9-\u00e9n, szombaton \u0151szi f\u00e1s\u00edt\u00e1st szerveznek Dorogon, a Borb\u00e1la-lak\u00f3telepen \u00e9s a hozz\u00e1 tartoz\u00f3 j\u00e1tsz\u00f3t\u00e9r k\u00f6rnyezet\u00e9ben. A f\u00e1s\u00edt\u00e1shoz v\u00e1rj\u00e1k m\u00e9g a t\u00e1mogat\u00f3kat! Lieber Tam\u00e1s, a BEBTE eln\u00f6ke elmondta, hogy a f\u00e1s\u00edt\u00e1shoz november 3-\u00e1ig v\u00e1rj\u00e1k m\u00e9g a t\u00e1mogat\u00f3kat. A felaj\u00e1nl\u00e1sokat a BEBTE sz\u00e1ml\u00e1j\u00e1ra (10700361-24479200-51100005) lehet elutalni. Min\u00e9l t\u00f6bb p\u00e9nz gy\u0171lik \u00f6ssze, ann\u00e1l t\u00f6bb f\u00e1t tudnak el\u00fclteni az<\/p>\n","protected":false},"author":1,"featured_media":20605,"comment_status":"closed","ping_status":"closed","sticky":false,"template":"","format":"standard","meta":{"ngg_post_thumbnail":0,"footnotes":""},"categories":[2,3],"tags":[4105,15,4395,4394,597,4396],"class_list":{"0":"post-20604","1":"post","2":"type-post","3":"status-publish","4":"format-standard","5":"has-post-thumbnail","7":"category-dorog","8":"category-hirek","9":"tag-borbala-lakotelep","10":"tag-dorog","11":"tag-fasitas","12":"tag-faultetes","13":"tag-jatszoter","14":"tag-oszi-fasitas"},"yoast_head":"<!-- This site is optimized with the Yoast SEO plugin v27.5 - https:\/\/yoast.com\/product\/yoast-seo-wordpress\/ -->\n<title>\u0150szi f\u00e1s\u00edt\u00e1s Dorogon<\/title>\n<meta name=\"robots\" content=\"index, follow, max-snippet:-1, max-image-preview:large, max-video-preview:-1\" \/>\n<link rel=\"canonical\" href=\"https:\/\/dorogimedence.hu\/index.php\/2019\/10\/30\/oszi-fasitas-dorogon\/\" class=\"yoast-seo-meta-tag\" \/>\n<meta property=\"og:locale\" content=\"hu_HU\" class=\"yoast-seo-meta-tag\" \/>\n<meta property=\"og:type\" content=\"article\" class=\"yoast-seo-meta-tag\" \/>\n<meta property=\"og:title\" content=\"\u0150szi f\u00e1s\u00edt\u00e1s Dorogon\" class=\"yoast-seo-meta-tag\" \/>\n<meta property=\"og:description\" content=\"November 9-\u00e9n, szombaton \u0151szi f\u00e1s\u00edt\u00e1st szerveznek Dorogon, a Borb\u00e1la-lak\u00f3telepen \u00e9s a hozz\u00e1 tartoz\u00f3 j\u00e1tsz\u00f3t\u00e9r k\u00f6rnyezet\u00e9ben. A f\u00e1s\u00edt\u00e1shoz v\u00e1rj\u00e1k m\u00e9g a t\u00e1mogat\u00f3kat! Lieber Tam\u00e1s, a BEBTE eln\u00f6ke elmondta, hogy a f\u00e1s\u00edt\u00e1shoz november 3-\u00e1ig v\u00e1rj\u00e1k m\u00e9g a t\u00e1mogat\u00f3kat. A felaj\u00e1nl\u00e1sokat a BEBTE sz\u00e1ml\u00e1j\u00e1ra (10700361-24479200-51100005) lehet elutalni. Min\u00e9l t\u00f6bb p\u00e9nz gy\u0171lik \u00f6ssze, ann\u00e1l t\u00f6bb f\u00e1t tudnak el\u00fclteni az\" class=\"yoast-seo-meta-tag\" \/>\n<meta property=\"og:url\" content=\"https:\/\/dorogimedence.hu\/index.php\/2019\/10\/30\/oszi-fasitas-dorogon\/\" class=\"yoast-seo-meta-tag\" \/>\n<meta property=\"og:site_name\" content=\"Dorogi-medence Region\u00e1lis H\u00edrport\u00e1l\" class=\"yoast-seo-meta-tag\" \/>\n<meta property=\"article:publisher\" content=\"https:\/\/www.facebook.com\/dorogimedence\/\" class=\"yoast-seo-meta-tag\" \/>\n<meta property=\"article:published_time\" content=\"2019-10-30T15:14:55+00:00\" class=\"yoast-seo-meta-tag\" \/>\n<meta property=\"article:modified_time\" content=\"2019-10-31T14:50:53+00:00\" class=\"yoast-seo-meta-tag\" \/>\n<meta property=\"og:image\" content=\"https:\/\/i0.wp.com\/dorogimedence.hu\/wp-content\/uploads\/2019\/10\/fasitas.jpg?fit=670%2C365&ssl=1\" class=\"yoast-seo-meta-tag\" \/>\n\t<meta property=\"og:image:width\" content=\"670\" class=\"yoast-seo-meta-tag\" \/>\n\t<meta property=\"og:image:height\" content=\"365\" class=\"yoast-seo-meta-tag\" \/>\n\t<meta property=\"og:image:type\" content=\"image\/jpeg\" class=\"yoast-seo-meta-tag\" \/>\n<meta name=\"author\" content=\"dorogimedence.hu\" class=\"yoast-seo-meta-tag\" \/>\n<meta name=\"twitter:card\" content=\"summary_large_image\" class=\"yoast-seo-meta-tag\" \/>\n<meta name=\"twitter:label1\" content=\"Szerz\u0151:\" class=\"yoast-seo-meta-tag\" \/>\n\t<meta name=\"twitter:data1\" content=\"dorogimedence.hu\" class=\"yoast-seo-meta-tag\" \/>\n\t<meta name=\"twitter:label2\" content=\"Becs\u00fclt olvas\u00e1si id\u0151\" class=\"yoast-seo-meta-tag\" \/>\n\t<meta name=\"twitter:data2\" content=\"2 perc\" class=\"yoast-seo-meta-tag\" \/>\n<script type=\"application\/ld+json\" class=\"yoast-schema-graph\">{\"@context\":\"https:\\\/\\\/schema.org\",\"@graph\":[{\"@type\":\"Article\",\"@id\":\"https:\\\/\\\/dorogimedence.hu\\\/index.php\\\/2019\\\/10\\\/30\\\/oszi-fasitas-dorogon\\\/#article\",\"isPartOf\":{\"@id\":\"https:\\\/\\\/dorogimedence.hu\\\/index.php\\\/2019\\\/10\\\/30\\\/oszi-fasitas-dorogon\\\/\"},\"author\":{\"name\":\"dorogimedence.hu\",\"@id\":\"https:\\\/\\\/dorogimedence.hu\\\/#\\\/schema\\\/person\\\/ce6091eeb7e95ecdc87890d6aa8e0fd4\"},\"headline\":\"\u0150szi f\u00e1s\u00edt\u00e1s Dorogon\",\"datePublished\":\"2019-10-30T15:14:55+00:00\",\"dateModified\":\"2019-10-31T14:50:53+00:00\",\"mainEntityOfPage\":{\"@id\":\"https:\\\/\\\/dorogimedence.hu\\\/index.php\\\/2019\\\/10\\\/30\\\/oszi-fasitas-dorogon\\\/\"},\"wordCount\":314,\"publisher\":{\"@id\":\"https:\\\/\\\/dorogimedence.hu\\\/#organization\"},\"image\":{\"@id\":\"https:\\\/\\\/dorogimedence.hu\\\/index.php\\\/2019\\\/10\\\/30\\\/oszi-fasitas-dorogon\\\/#primaryimage\"},\"thumbnailUrl\":\"https:\\\/\\\/dorogimedence.hu\\\/wp-content\\\/uploads\\\/2019\\\/10\\\/fasitas.jpg\",\"keywords\":[\"Borb\u00e1la lak\u00f3telep\",\"Dorog\",\"f\u00e1s\u00edt\u00e1s\",\"fa\u00fcltet\u00e9s\",\"j\u00e1tsz\u00f3t\u00e9r\",\"\u0151szi f\u00e1s\u00edt\u00e1s\"],\"articleSection\":[\"Dorog\",\"H\u00edrek\"],\"inLanguage\":\"hu\"},{\"@type\":\"WebPage\",\"@id\":\"https:\\\/\\\/dorogimedence.hu\\\/index.php\\\/2019\\\/10\\\/30\\\/oszi-fasitas-dorogon\\\/\",\"url\":\"https:\\\/\\\/dorogimedence.hu\\\/index.php\\\/2019\\\/10\\\/30\\\/oszi-fasitas-dorogon\\\/\",\"name\":\"\u0150szi f\u00e1s\u00edt\u00e1s Dorogon\",\"isPartOf\":{\"@id\":\"https:\\\/\\\/dorogimedence.hu\\\/#website\"},\"primaryImageOfPage\":{\"@id\":\"https:\\\/\\\/dorogimedence.hu\\\/index.php\\\/2019\\\/10\\\/30\\\/oszi-fasitas-dorogon\\\/#primaryimage\"},\"image\":{\"@id\":\"https:\\\/\\\/dorogimedence.hu\\\/index.php\\\/2019\\\/10\\\/30\\\/oszi-fasitas-dorogon\\\/#primaryimage\"},\"thumbnailUrl\":\"https:\\\/\\\/dorogimedence.hu\\\/wp-content\\\/uploads\\\/2019\\\/10\\\/fasitas.jpg\",\"datePublished\":\"2019-10-30T15:14:55+00:00\",\"dateModified\":\"2019-10-31T14:50:53+00:00\",\"breadcrumb\":{\"@id\":\"https:\\\/\\\/dorogimedence.hu\\\/index.php\\\/2019\\\/10\\\/30\\\/oszi-fasitas-dorogon\\\/#breadcrumb\"},\"inLanguage\":\"hu\",\"potentialAction\":[{\"@type\":\"ReadAction\",\"target\":[\"https:\\\/\\\/dorogimedence.hu\\\/index.php\\\/2019\\\/10\\\/30\\\/oszi-fasitas-dorogon\\\/\"]}]},{\"@type\":\"ImageObject\",\"inLanguage\":\"hu\",\"@id\":\"https:\\\/\\\/dorogimedence.hu\\\/index.php\\\/2019\\\/10\\\/30\\\/oszi-fasitas-dorogon\\\/#primaryimage\",\"url\":\"https:\\\/\\\/dorogimedence.hu\\\/wp-content\\\/uploads\\\/2019\\\/10\\\/fasitas.jpg\",\"contentUrl\":\"https:\\\/\\\/dorogimedence.hu\\\/wp-content\\\/uploads\\\/2019\\\/10\\\/fasitas.jpg\",\"width\":670,\"height\":365},{\"@type\":\"BreadcrumbList\",\"@id\":\"https:\\\/\\\/dorogimedence.hu\\\/index.php\\\/2019\\\/10\\\/30\\\/oszi-fasitas-dorogon\\\/#breadcrumb\",\"itemListElement\":[{\"@type\":\"ListItem\",\"position\":1,\"name\":\"Kezd\u0151lap\",\"item\":\"https:\\\/\\\/dorogimedence.hu\\\/\"},{\"@type\":\"ListItem\",\"position\":2,\"name\":\"\u0150szi f\u00e1s\u00edt\u00e1s Dorogon\"}]},{\"@type\":\"WebSite\",\"@id\":\"https:\\\/\\\/dorogimedence.hu\\\/#website\",\"url\":\"https:\\\/\\\/dorogimedence.hu\\\/\",\"name\":\"Dorogi-medence Region\u00e1lis H\u00edrport\u00e1l\",\"description\":\"Dorog, Keszt\u00f6lc, Le\u00e1nyv\u00e1r, Piliscs\u00e9v, Tokod, Tokodalt\u00e1r\u00f3, Csolnok, Esztergom-kertv\u00e1ros: h\u00edrek, programok\",\"publisher\":{\"@id\":\"https:\\\/\\\/dorogimedence.hu\\\/#organization\"},\"potentialAction\":[{\"@type\":\"SearchAction\",\"target\":{\"@type\":\"EntryPoint\",\"urlTemplate\":\"https:\\\/\\\/dorogimedence.hu\\\/?s={search_term_string}\"},\"query-input\":{\"@type\":\"PropertyValueSpecification\",\"valueRequired\":true,\"valueName\":\"search_term_string\"}}],\"inLanguage\":\"hu\"},{\"@type\":\"Organization\",\"@id\":\"https:\\\/\\\/dorogimedence.hu\\\/#organization\",\"name\":\"Dorogi-medence Region\u00e1lis H\u00edrport\u00e1l\",\"url\":\"https:\\\/\\\/dorogimedence.hu\\\/\",\"logo\":{\"@type\":\"ImageObject\",\"inLanguage\":\"hu\",\"@id\":\"https:\\\/\\\/dorogimedence.hu\\\/#\\\/schema\\\/logo\\\/image\\\/\",\"url\":\"https:\\\/\\\/dorogimedence.hu\\\/wp-content\\\/uploads\\\/2021\\\/04\\\/logo-feher-600.png\",\"contentUrl\":\"https:\\\/\\\/dorogimedence.hu\\\/wp-content\\\/uploads\\\/2021\\\/04\\\/logo-feher-600.png\",\"width\":600,\"height\":100,\"caption\":\"Dorogi-medence Region\u00e1lis H\u00edrport\u00e1l\"},\"image\":{\"@id\":\"https:\\\/\\\/dorogimedence.hu\\\/#\\\/schema\\\/logo\\\/image\\\/\"},\"sameAs\":[\"https:\\\/\\\/www.facebook.com\\\/dorogimedence\\\/\"]},{\"@type\":\"Person\",\"@id\":\"https:\\\/\\\/dorogimedence.hu\\\/#\\\/schema\\\/person\\\/ce6091eeb7e95ecdc87890d6aa8e0fd4\",\"name\":\"dorogimedence.hu\",\"image\":{\"@type\":\"ImageObject\",\"inLanguage\":\"hu\",\"@id\":\"\\\/\\\/www.gravatar.com\\\/avatar\\\/d8d45f8901aadff40a4af72c0b826f1d?s=96&#038;r=g&#038;d=mm\",\"url\":\"\\\/\\\/www.gravatar.com\\\/avatar\\\/d8d45f8901aadff40a4af72c0b826f1d?s=96&#038;r=g&#038;d=mm\",\"contentUrl\":\"\\\/\\\/www.gravatar.com\\\/avatar\\\/d8d45f8901aadff40a4af72c0b826f1d?s=96&#038;r=g&#038;d=mm\",\"caption\":\"dorogimedence.hu\"}}]}<\/script>\n<!-- \/ Yoast SEO plugin. -->","yoast_head_json":{"title":"\u0150szi f\u00e1s\u00edt\u00e1s Dorogon","robots":{"index":"index","follow":"follow","max-snippet":"max-snippet:-1","max-image-preview":"max-image-preview:large","max-video-preview":"max-video-preview:-1"},"canonical":"https:\/\/dorogimedence.hu\/index.php\/2019\/10\/30\/oszi-fasitas-dorogon\/","og_locale":"hu_HU","og_type":"article","og_title":"\u0150szi f\u00e1s\u00edt\u00e1s Dorogon","og_description":"November 9-\u00e9n, szombaton \u0151szi f\u00e1s\u00edt\u00e1st szerveznek Dorogon, a Borb\u00e1la-lak\u00f3telepen \u00e9s a hozz\u00e1 tartoz\u00f3 j\u00e1tsz\u00f3t\u00e9r k\u00f6rnyezet\u00e9ben. A f\u00e1s\u00edt\u00e1shoz v\u00e1rj\u00e1k m\u00e9g a t\u00e1mogat\u00f3kat! Lieber Tam\u00e1s, a BEBTE eln\u00f6ke elmondta, hogy a f\u00e1s\u00edt\u00e1shoz november 3-\u00e1ig v\u00e1rj\u00e1k m\u00e9g a t\u00e1mogat\u00f3kat. A felaj\u00e1nl\u00e1sokat a BEBTE sz\u00e1ml\u00e1j\u00e1ra (10700361-24479200-51100005) lehet elutalni. Min\u00e9l t\u00f6bb p\u00e9nz gy\u0171lik \u00f6ssze, ann\u00e1l t\u00f6bb f\u00e1t tudnak el\u00fclteni az","og_url":"https:\/\/dorogimedence.hu\/index.php\/2019\/10\/30\/oszi-fasitas-dorogon\/","og_site_name":"Dorogi-medence Region\u00e1lis H\u00edrport\u00e1l","article_publisher":"https:\/\/www.facebook.com\/dorogimedence\/","article_published_time":"2019-10-30T15:14:55+00:00","article_modified_time":"2019-10-31T14:50:53+00:00","og_image":[{"width":670,"height":365,"url":"https:\/\/i0.wp.com\/dorogimedence.hu\/wp-content\/uploads\/2019\/10\/fasitas.jpg?fit=670%2C365&ssl=1","type":"image\/jpeg"}],"author":"dorogimedence.hu","twitter_card":"summary_large_image","twitter_misc":{"Szerz\u0151:":"dorogimedence.hu","Becs\u00fclt olvas\u00e1si id\u0151":"2 perc"},"schema":{"@context":"https:\/\/schema.org","@graph":[{"@type":"Article","@id":"https:\/\/dorogimedence.hu\/index.php\/2019\/10\/30\/oszi-fasitas-dorogon\/#article","isPartOf":{"@id":"https:\/\/dorogimedence.hu\/index.php\/2019\/10\/30\/oszi-fasitas-dorogon\/"},"author":{"name":"dorogimedence.hu","@id":"https:\/\/dorogimedence.hu\/#\/schema\/person\/ce6091eeb7e95ecdc87890d6aa8e0fd4"},"headline":"\u0150szi f\u00e1s\u00edt\u00e1s Dorogon","datePublished":"2019-10-30T15:14:55+00:00","dateModified":"2019-10-31T14:50:53+00:00","mainEntityOfPage":{"@id":"https:\/\/dorogimedence.hu\/index.php\/2019\/10\/30\/oszi-fasitas-dorogon\/"},"wordCount":314,"publisher":{"@id":"https:\/\/dorogimedence.hu\/#organization"},"image":{"@id":"https:\/\/dorogimedence.hu\/index.php\/2019\/10\/30\/oszi-fasitas-dorogon\/#primaryimage"},"thumbnailUrl":"https:\/\/dorogimedence.hu\/wp-content\/uploads\/2019\/10\/fasitas.jpg","keywords":["Borb\u00e1la lak\u00f3telep","Dorog","f\u00e1s\u00edt\u00e1s","fa\u00fcltet\u00e9s","j\u00e1tsz\u00f3t\u00e9r","\u0151szi f\u00e1s\u00edt\u00e1s"],"articleSection":["Dorog","H\u00edrek"],"inLanguage":"hu"},{"@type":"WebPage","@id":"https:\/\/dorogimedence.hu\/index.php\/2019\/10\/30\/oszi-fasitas-dorogon\/","url":"https:\/\/dorogimedence.hu\/index.php\/2019\/10\/30\/oszi-fasitas-dorogon\/","name":"\u0150szi f\u00e1s\u00edt\u00e1s Dorogon","isPartOf":{"@id":"https:\/\/dorogimedence.hu\/#website"},"primaryImageOfPage":{"@id":"https:\/\/dorogimedence.hu\/index.php\/2019\/10\/30\/oszi-fasitas-dorogon\/#primaryimage"},"image":{"@id":"https:\/\/dorogimedence.hu\/index.php\/2019\/10\/30\/oszi-fasitas-dorogon\/#primaryimage"},"thumbnailUrl":"https:\/\/dorogimedence.hu\/wp-content\/uploads\/2019\/10\/fasitas.jpg","datePublished":"2019-10-30T15:14:55+00:00","dateModified":"2019-10-31T14:50:53+00:00","breadcrumb":{"@id":"https:\/\/dorogimedence.hu\/index.php\/2019\/10\/30\/oszi-fasitas-dorogon\/#breadcrumb"},"inLanguage":"hu","potentialAction":[{"@type":"ReadAction","target":["https:\/\/dorogimedence.hu\/index.php\/2019\/10\/30\/oszi-fasitas-dorogon\/"]}]},{"@type":"ImageObject","inLanguage":"hu","@id":"https:\/\/dorogimedence.hu\/index.php\/2019\/10\/30\/oszi-fasitas-dorogon\/#primaryimage","url":"https:\/\/dorogimedence.hu\/wp-content\/uploads\/2019\/10\/fasitas.jpg","contentUrl":"https:\/\/dorogimedence.hu\/wp-content\/uploads\/2019\/10\/fasitas.jpg","width":670,"height":365},{"@type":"BreadcrumbList","@id":"https:\/\/dorogimedence.hu\/index.php\/2019\/10\/30\/oszi-fasitas-dorogon\/#breadcrumb","itemListElement":[{"@type":"ListItem","position":1,"name":"Kezd\u0151lap","item":"https:\/\/dorogimedence.hu\/"},{"@type":"ListItem","position":2,"name":"\u0150szi f\u00e1s\u00edt\u00e1s Dorogon"}]},{"@type":"WebSite","@id":"https:\/\/dorogimedence.hu\/#website","url":"https:\/\/dorogimedence.hu\/","name":"Dorogi-medence Region\u00e1lis H\u00edrport\u00e1l","description":"Dorog, Keszt\u00f6lc, Le\u00e1nyv\u00e1r, Piliscs\u00e9v, Tokod, Tokodalt\u00e1r\u00f3, Csolnok, Esztergom-kertv\u00e1ros: h\u00edrek, programok","publisher":{"@id":"https:\/\/dorogimedence.hu\/#organization"},"potentialAction":[{"@type":"SearchAction","target":{"@type":"EntryPoint","urlTemplate":"https:\/\/dorogimedence.hu\/?s={search_term_string}"},"query-input":{"@type":"PropertyValueSpecification","valueRequired":true,"valueName":"search_term_string"}}],"inLanguage":"hu"},{"@type":"Organization","@id":"https:\/\/dorogimedence.hu\/#organization","name":"Dorogi-medence Region\u00e1lis H\u00edrport\u00e1l","url":"https:\/\/dorogimedence.hu\/","logo":{"@type":"ImageObject","inLanguage":"hu","@id":"https:\/\/dorogimedence.hu\/#\/schema\/logo\/image\/","url":"https:\/\/dorogimedence.hu\/wp-content\/uploads\/2021\/04\/logo-feher-600.png","contentUrl":"https:\/\/dorogimedence.hu\/wp-content\/uploads\/2021\/04\/logo-feher-600.png","width":600,"height":100,"caption":"Dorogi-medence Region\u00e1lis H\u00edrport\u00e1l"},"image":{"@id":"https:\/\/dorogimedence.hu\/#\/schema\/logo\/image\/"},"sameAs":["https:\/\/www.facebook.com\/dorogimedence\/"]},{"@type":"Person","@id":"https:\/\/dorogimedence.hu\/#\/schema\/person\/ce6091eeb7e95ecdc87890d6aa8e0fd4","name":"dorogimedence.hu","image":{"@type":"ImageObject","inLanguage":"hu","@id":"\/\/www.gravatar.com\/avatar\/d8d45f8901aadff40a4af72c0b826f1d?s=96&#038;r=g&#038;d=mm","url":"\/\/www.gravatar.com\/avatar\/d8d45f8901aadff40a4af72c0b826f1d?s=96&#038;r=g&#038;d=mm","contentUrl":"\/\/www.gravatar.com\/avatar\/d8d45f8901aadff40a4af72c0b826f1d?s=96&#038;r=g&#038;d=mm","caption":"dorogimedence.hu"}}]}},"_links":{"self":[{"href":"https:\/\/dorogimedence.hu\/index.php\/wp-json\/wp\/v2\/posts\/20604","targetHints":{"allow":["GET"]}}],"collection":[{"href":"https:\/\/dorogimedence.hu\/index.php\/wp-json\/wp\/v2\/posts"}],"about":[{"href":"https:\/\/dorogimedence.hu\/index.php\/wp-json\/wp\/v2\/types\/post"}],"author":[{"embeddable":true,"href":"https:\/\/dorogimedence.hu\/index.php\/wp-json\/wp\/v2\/users\/1"}],"replies":[{"embeddable":true,"href":"https:\/\/dorogimedence.hu\/index.php\/wp-json\/wp\/v2\/comments?post=20604"}],"version-history":[{"count":0,"href":"https:\/\/dorogimedence.hu\/index.php\/wp-json\/wp\/v2\/posts\/20604\/revisions"}],"wp:featuredmedia":[{"embeddable":true,"href":"https:\/\/dorogimedence.hu\/index.php\/wp-json\/wp\/v2\/media\/20605"}],"wp:attachment":[{"href":"https:\/\/dorogimedence.hu\/index.php\/wp-json\/wp\/v2\/media?parent=20604"}],"wp:term":[{"taxonomy":"category","embeddable":true,"href":"https:\/\/dorogimedence.hu\/index.php\/wp-json\/wp\/v2\/categories?post=20604"},{"taxonomy":"post_tag","embeddable":true,"href":"https:\/\/dorogimedence.hu\/index.php\/wp-json\/wp\/v2\/tags?post=20604"}],"curies":[{"name":"wp","href":"https:\/\/api.w.org\/{rel}","templated":true}]}}