{"id":20566,"date":"2019-10-29T09:15:05","date_gmt":"2019-10-29T08:15:05","guid":{"rendered":"http:\/\/dorogimedence.hu\/?p=20566"},"modified":"2019-10-29T09:15:15","modified_gmt":"2019-10-29T08:15:15","slug":"maradando-fogyatekossagot-okozott","status":"publish","type":"post","link":"https:\/\/dorogimedence.hu\/index.php\/2019\/10\/29\/maradando-fogyatekossagot-okozott\/","title":{"rendered":"Maradand\u00f3 fogyat\u00e9koss\u00e1got okozott"},"content":{"rendered":"<div class=\"item_introtext\">\n<p><strong>Egy nasz\u00e1lyi f\u00e9rfi nem adta meg az els\u0151bbs\u00e9get a 10-es \u00fat nyerges\u00fajfalui szakasz\u00e1n, ez\u00e1ltal balesetet okozott. A gondatlan sof\u0151r maradand\u00f3 fogyat\u00e9koss\u00e1got okozott \u00e1ldozat\u00e1nak. Az \u00fcgy\u00e9szs\u00e9g felf\u00fcggesztett fogh\u00e1zb\u00fcntet\u00e9st javasol.<\/strong><\/p>\n<\/div>\n<div class=\"item_fulltext\">\n<p>A Tatab\u00e1nyai J\u00e1r\u00e1si \u00dcgy\u00e9szs\u00e9g maradand\u00f3 fogyat\u00e9koss\u00e1got eredm\u00e9nyez\u0151 k\u00f6z\u00fati baleset gondatlan okoz\u00e1s\u00e1nak v\u00e9ts\u00e9ge miatt ny\u00fajtott be v\u00e1diratot azzal a f\u00e9rfival szemben, aki kanyarod\u00e1sa sor\u00e1n nem biztos\u00edtott els\u0151bbs\u00e9get egy m\u00e1sik szem\u00e9lyg\u00e9pkocsinak, emiatt k\u00e9t v\u00e9tlen g\u00e9pj\u00e1rm\u0171 \u00fctk\u00f6z\u00f6tt \u00f6ssze.<\/p>\n<p>A nasz\u00e1lyi f\u00e9rfi egy szem\u00e9lyg\u00e9pkocsival 2017. okt\u00f3ber 12. napj\u00e1n a reggeli \u00f3r\u00e1kban Nyerges\u00fajfalu lakott ter\u00fclet\u00e9n k\u00edv\u00fcl T\u00e1t ir\u00e1ny\u00e1ba haladt, a 10. sz\u00e1m\u00fa f\u0151\u00fatr\u00f3l egy al\u00e1rendelt \u00fatra kanyarodott, azonban nem adott els\u0151bbs\u00e9get a m\u00e1sik forgalmi s\u00e1vban T\u00e1t fel\u0151l \u00e9rkez\u0151 m\u00e1sik szem\u00e9lyg\u00e9pkocsi r\u00e9sz\u00e9re, mert a kanyarod\u00e1st f\u00e9kt\u00e1vols\u00e1gon bel\u00fcl kezdte meg. Az \u00e9rkez\u0151 szem\u00e9lyg\u00e9pkocsi vezet\u0151je,&nbsp; az\u00e9rt, hogy az \u00fctk\u00f6z\u00e9st elker\u00fclje, balra korm\u00e1nyzott, \u00e9s er\u0151teljesen f\u00e9kezett, majd \u00e1tt\u00e9rt a m\u00e1sik forgalmi s\u00e1vba, ahol neki\u00fctk\u00f6z\u00f6tt, a v\u00e1dlott \u00e1ltal vezetett szem\u00e9lyg\u00e9pkocsi m\u00f6g\u00f6tt \u00e9rkez\u0151 harmadik szem\u00e9lyg\u00e9pkocsinak. Az egyik szem\u00e9lyg\u00e9pkocsi az \u00fattesten keresztbe \u00e1llt meg, m\u00edg a m\u00e1sik az \u00fat melletti f\u00fcves ter\u00fcletre gurult.<\/p>\n<p>Az \u00fctk\u00f6z\u00e9s k\u00f6vetkezt\u00e9ben a k\u00e9t v\u00e9tlen szem\u00e9lyg\u00e9pkocsi vezet\u0151i s\u00e9r\u00fcltek meg, az egyik n\u0151nek a jobb oldali s\u00edpcsont, boka\u00edz\u00fclet v\u00e9g darabos, 1 cm-es r\u00f6vid\u00fcl\u00e9ssel j\u00e1r\u00f3, maradand\u00f3 fogyat\u00e9koss\u00e1gk\u00e9nt \u00e9rt\u00e9kelend\u0151 s\u00e9r\u00fcl\u00e9se keletkezett. A m\u00e1sik s\u00e9rtett n\u0151nek nyolc napon t\u00fal gy\u00f3gyul\u00f3 ors\u00f3csont t\u00f6r\u00e9se keletkezett.<\/p>\n<p>Az \u00fcgy\u00e9szs\u00e9g a v\u00e1diratban arra tett ind\u00edtv\u00e1nyt, hogy a b\u00edr\u00f3s\u00e1g a v\u00e1dlottat v\u00e9grehajt\u00e1s\u00e1ban felf\u00fcggesztett fogh\u00e1zb\u00fcntet\u00e9sre, a k\u00f6z\u00fati j\u00e1rm\u0171vek vezet\u00e9s\u00e9t\u0151l eltilt\u00e1sra \u00edt\u00e9lje, tov\u00e1bb\u00e1 k\u00f6telezze 250.695,- Ft. b\u0171n\u00fcgyi k\u00f6lts\u00e9g visel\u00e9s\u00e9re.<\/p>\n<p><em>Kom\u00e1rom-Esztergom Megyei F\u0151\u00fcgy\u00e9szs\u00e9g Sajt\u00f3<\/em><\/p>\n<\/div>\n","protected":false},"excerpt":{"rendered":"<p>Egy nasz\u00e1lyi f\u00e9rfi nem adta meg az els\u0151bbs\u00e9get a 10-es \u00fat nyerges\u00fajfalui szakasz\u00e1n, ez\u00e1ltal balesetet okozott. A gondatlan sof\u0151r maradand\u00f3 fogyat\u00e9koss\u00e1got okozott \u00e1ldozat\u00e1nak. Az \u00fcgy\u00e9szs\u00e9g felf\u00fcggesztett fogh\u00e1zb\u00fcntet\u00e9st javasol. A Tatab\u00e1nyai J\u00e1r\u00e1si \u00dcgy\u00e9szs\u00e9g maradand\u00f3 fogyat\u00e9koss\u00e1got eredm\u00e9nyez\u0151 k\u00f6z\u00fati baleset gondatlan okoz\u00e1s\u00e1nak v\u00e9ts\u00e9ge miatt ny\u00fajtott be v\u00e1diratot azzal a f\u00e9rfival szemben, aki kanyarod\u00e1sa sor\u00e1n nem biztos\u00edtott els\u0151bbs\u00e9get egy<\/p>\n","protected":false},"author":1,"featured_media":0,"comment_status":"closed","ping_status":"closed","sticky":false,"template":"","format":"standard","meta":{"ngg_post_thumbnail":0,"footnotes":""},"categories":[3,39,1390],"tags":[45,44,1042,140,326],"class_list":{"0":"post-20566","1":"post","2":"type-post","3":"status-publish","4":"format-standard","6":"category-hirek","7":"category-kek-hirek","8":"category-nyergesujfalu","9":"tag-autobaleset","10":"tag-baleset","11":"tag-birosag","12":"tag-nyergesujfalu","13":"tag-ugyeszseg"},"yoast_head":"<!-- This site is optimized with the Yoast SEO plugin v27.5 - https:\/\/yoast.com\/product\/yoast-seo-wordpress\/ -->\n<title>Maradand\u00f3 fogyat\u00e9koss\u00e1got okozott<\/title>\n<meta name=\"robots\" content=\"index, follow, max-snippet:-1, max-image-preview:large, max-video-preview:-1\" \/>\n<link rel=\"canonical\" href=\"https:\/\/dorogimedence.hu\/index.php\/2019\/10\/29\/maradando-fogyatekossagot-okozott\/\" class=\"yoast-seo-meta-tag\" \/>\n<meta property=\"og:locale\" content=\"hu_HU\" class=\"yoast-seo-meta-tag\" \/>\n<meta property=\"og:type\" content=\"article\" class=\"yoast-seo-meta-tag\" \/>\n<meta property=\"og:title\" content=\"Maradand\u00f3 fogyat\u00e9koss\u00e1got okozott\" class=\"yoast-seo-meta-tag\" \/>\n<meta property=\"og:description\" content=\"Egy nasz\u00e1lyi f\u00e9rfi nem adta meg az els\u0151bbs\u00e9get a 10-es \u00fat nyerges\u00fajfalui szakasz\u00e1n, ez\u00e1ltal balesetet okozott. A gondatlan sof\u0151r maradand\u00f3 fogyat\u00e9koss\u00e1got okozott \u00e1ldozat\u00e1nak. Az \u00fcgy\u00e9szs\u00e9g felf\u00fcggesztett fogh\u00e1zb\u00fcntet\u00e9st javasol. A Tatab\u00e1nyai J\u00e1r\u00e1si \u00dcgy\u00e9szs\u00e9g maradand\u00f3 fogyat\u00e9koss\u00e1got eredm\u00e9nyez\u0151 k\u00f6z\u00fati baleset gondatlan okoz\u00e1s\u00e1nak v\u00e9ts\u00e9ge miatt ny\u00fajtott be v\u00e1diratot azzal a f\u00e9rfival szemben, aki kanyarod\u00e1sa sor\u00e1n nem biztos\u00edtott els\u0151bbs\u00e9get egy\" class=\"yoast-seo-meta-tag\" \/>\n<meta property=\"og:url\" content=\"https:\/\/dorogimedence.hu\/index.php\/2019\/10\/29\/maradando-fogyatekossagot-okozott\/\" class=\"yoast-seo-meta-tag\" \/>\n<meta property=\"og:site_name\" content=\"Dorogi-medence Region\u00e1lis H\u00edrport\u00e1l\" class=\"yoast-seo-meta-tag\" \/>\n<meta property=\"article:publisher\" content=\"https:\/\/www.facebook.com\/dorogimedence\/\" class=\"yoast-seo-meta-tag\" \/>\n<meta property=\"article:published_time\" content=\"2019-10-29T08:15:05+00:00\" class=\"yoast-seo-meta-tag\" \/>\n<meta property=\"article:modified_time\" content=\"2019-10-29T08:15:15+00:00\" class=\"yoast-seo-meta-tag\" \/>\n<meta property=\"og:image\" content=\"https:\/\/i0.wp.com\/dorogimedence.hu\/wp-content\/uploads\/2019\/10\/birosag.jpg?fit=670%2C365&ssl=1\" class=\"yoast-seo-meta-tag\" \/>\n\t<meta property=\"og:image:width\" content=\"670\" class=\"yoast-seo-meta-tag\" \/>\n\t<meta property=\"og:image:height\" content=\"365\" class=\"yoast-seo-meta-tag\" \/>\n\t<meta property=\"og:image:type\" content=\"image\/jpeg\" class=\"yoast-seo-meta-tag\" \/>\n<meta name=\"author\" content=\"dorogimedence.hu\" class=\"yoast-seo-meta-tag\" \/>\n<meta name=\"twitter:card\" content=\"summary_large_image\" class=\"yoast-seo-meta-tag\" \/>\n<meta name=\"twitter:label1\" content=\"Szerz\u0151:\" class=\"yoast-seo-meta-tag\" \/>\n\t<meta name=\"twitter:data1\" content=\"dorogimedence.hu\" class=\"yoast-seo-meta-tag\" \/>\n\t<meta name=\"twitter:label2\" content=\"Becs\u00fclt olvas\u00e1si id\u0151\" class=\"yoast-seo-meta-tag\" \/>\n\t<meta name=\"twitter:data2\" content=\"2 perc\" class=\"yoast-seo-meta-tag\" \/>\n<script type=\"application\/ld+json\" class=\"yoast-schema-graph\">{\"@context\":\"https:\\\/\\\/schema.org\",\"@graph\":[{\"@type\":\"Article\",\"@id\":\"https:\\\/\\\/dorogimedence.hu\\\/index.php\\\/2019\\\/10\\\/29\\\/maradando-fogyatekossagot-okozott\\\/#article\",\"isPartOf\":{\"@id\":\"https:\\\/\\\/dorogimedence.hu\\\/index.php\\\/2019\\\/10\\\/29\\\/maradando-fogyatekossagot-okozott\\\/\"},\"author\":{\"name\":\"dorogimedence.hu\",\"@id\":\"https:\\\/\\\/dorogimedence.hu\\\/#\\\/schema\\\/person\\\/ce6091eeb7e95ecdc87890d6aa8e0fd4\"},\"headline\":\"Maradand\u00f3 fogyat\u00e9koss\u00e1got okozott\",\"datePublished\":\"2019-10-29T08:15:05+00:00\",\"dateModified\":\"2019-10-29T08:15:15+00:00\",\"mainEntityOfPage\":{\"@id\":\"https:\\\/\\\/dorogimedence.hu\\\/index.php\\\/2019\\\/10\\\/29\\\/maradando-fogyatekossagot-okozott\\\/\"},\"wordCount\":417,\"publisher\":{\"@id\":\"https:\\\/\\\/dorogimedence.hu\\\/#organization\"},\"keywords\":[\"aut\u00f3baleset\",\"baleset\",\"b\u00edr\u00f3s\u00e1g\",\"Nyerges\u00fajfalu\",\"\u00fcgy\u00e9szs\u00e9g\"],\"articleSection\":[\"H\u00edrek\",\"K\u00e9k h\u00edrek\",\"Nyerges\u00fajfalu\"],\"inLanguage\":\"hu\"},{\"@type\":\"WebPage\",\"@id\":\"https:\\\/\\\/dorogimedence.hu\\\/index.php\\\/2019\\\/10\\\/29\\\/maradando-fogyatekossagot-okozott\\\/\",\"url\":\"https:\\\/\\\/dorogimedence.hu\\\/index.php\\\/2019\\\/10\\\/29\\\/maradando-fogyatekossagot-okozott\\\/\",\"name\":\"Maradand\u00f3 fogyat\u00e9koss\u00e1got okozott\",\"isPartOf\":{\"@id\":\"https:\\\/\\\/dorogimedence.hu\\\/#website\"},\"datePublished\":\"2019-10-29T08:15:05+00:00\",\"dateModified\":\"2019-10-29T08:15:15+00:00\",\"breadcrumb\":{\"@id\":\"https:\\\/\\\/dorogimedence.hu\\\/index.php\\\/2019\\\/10\\\/29\\\/maradando-fogyatekossagot-okozott\\\/#breadcrumb\"},\"inLanguage\":\"hu\",\"potentialAction\":[{\"@type\":\"ReadAction\",\"target\":[\"https:\\\/\\\/dorogimedence.hu\\\/index.php\\\/2019\\\/10\\\/29\\\/maradando-fogyatekossagot-okozott\\\/\"]}]},{\"@type\":\"BreadcrumbList\",\"@id\":\"https:\\\/\\\/dorogimedence.hu\\\/index.php\\\/2019\\\/10\\\/29\\\/maradando-fogyatekossagot-okozott\\\/#breadcrumb\",\"itemListElement\":[{\"@type\":\"ListItem\",\"position\":1,\"name\":\"Kezd\u0151lap\",\"item\":\"https:\\\/\\\/dorogimedence.hu\\\/\"},{\"@type\":\"ListItem\",\"position\":2,\"name\":\"Maradand\u00f3 fogyat\u00e9koss\u00e1got okozott\"}]},{\"@type\":\"WebSite\",\"@id\":\"https:\\\/\\\/dorogimedence.hu\\\/#website\",\"url\":\"https:\\\/\\\/dorogimedence.hu\\\/\",\"name\":\"Dorogi-medence Region\u00e1lis H\u00edrport\u00e1l\",\"description\":\"Dorog, Keszt\u00f6lc, Le\u00e1nyv\u00e1r, Piliscs\u00e9v, Tokod, Tokodalt\u00e1r\u00f3, Csolnok, Esztergom-kertv\u00e1ros: h\u00edrek, programok\",\"publisher\":{\"@id\":\"https:\\\/\\\/dorogimedence.hu\\\/#organization\"},\"potentialAction\":[{\"@type\":\"SearchAction\",\"target\":{\"@type\":\"EntryPoint\",\"urlTemplate\":\"https:\\\/\\\/dorogimedence.hu\\\/?s={search_term_string}\"},\"query-input\":{\"@type\":\"PropertyValueSpecification\",\"valueRequired\":true,\"valueName\":\"search_term_string\"}}],\"inLanguage\":\"hu\"},{\"@type\":\"Organization\",\"@id\":\"https:\\\/\\\/dorogimedence.hu\\\/#organization\",\"name\":\"Dorogi-medence Region\u00e1lis H\u00edrport\u00e1l\",\"url\":\"https:\\\/\\\/dorogimedence.hu\\\/\",\"logo\":{\"@type\":\"ImageObject\",\"inLanguage\":\"hu\",\"@id\":\"https:\\\/\\\/dorogimedence.hu\\\/#\\\/schema\\\/logo\\\/image\\\/\",\"url\":\"https:\\\/\\\/dorogimedence.hu\\\/wp-content\\\/uploads\\\/2021\\\/04\\\/logo-feher-600.png\",\"contentUrl\":\"https:\\\/\\\/dorogimedence.hu\\\/wp-content\\\/uploads\\\/2021\\\/04\\\/logo-feher-600.png\",\"width\":600,\"height\":100,\"caption\":\"Dorogi-medence Region\u00e1lis H\u00edrport\u00e1l\"},\"image\":{\"@id\":\"https:\\\/\\\/dorogimedence.hu\\\/#\\\/schema\\\/logo\\\/image\\\/\"},\"sameAs\":[\"https:\\\/\\\/www.facebook.com\\\/dorogimedence\\\/\"]},{\"@type\":\"Person\",\"@id\":\"https:\\\/\\\/dorogimedence.hu\\\/#\\\/schema\\\/person\\\/ce6091eeb7e95ecdc87890d6aa8e0fd4\",\"name\":\"dorogimedence.hu\",\"image\":{\"@type\":\"ImageObject\",\"inLanguage\":\"hu\",\"@id\":\"\\\/\\\/www.gravatar.com\\\/avatar\\\/d8d45f8901aadff40a4af72c0b826f1d?s=96&#038;r=g&#038;d=mm\",\"url\":\"\\\/\\\/www.gravatar.com\\\/avatar\\\/d8d45f8901aadff40a4af72c0b826f1d?s=96&#038;r=g&#038;d=mm\",\"contentUrl\":\"\\\/\\\/www.gravatar.com\\\/avatar\\\/d8d45f8901aadff40a4af72c0b826f1d?s=96&#038;r=g&#038;d=mm\",\"caption\":\"dorogimedence.hu\"}}]}<\/script>\n<!-- \/ Yoast SEO plugin. -->","yoast_head_json":{"title":"Maradand\u00f3 fogyat\u00e9koss\u00e1got okozott","robots":{"index":"index","follow":"follow","max-snippet":"max-snippet:-1","max-image-preview":"max-image-preview:large","max-video-preview":"max-video-preview:-1"},"canonical":"https:\/\/dorogimedence.hu\/index.php\/2019\/10\/29\/maradando-fogyatekossagot-okozott\/","og_locale":"hu_HU","og_type":"article","og_title":"Maradand\u00f3 fogyat\u00e9koss\u00e1got okozott","og_description":"Egy nasz\u00e1lyi f\u00e9rfi nem adta meg az els\u0151bbs\u00e9get a 10-es \u00fat nyerges\u00fajfalui szakasz\u00e1n, ez\u00e1ltal balesetet okozott. A gondatlan sof\u0151r maradand\u00f3 fogyat\u00e9koss\u00e1got okozott \u00e1ldozat\u00e1nak. Az \u00fcgy\u00e9szs\u00e9g felf\u00fcggesztett fogh\u00e1zb\u00fcntet\u00e9st javasol. A Tatab\u00e1nyai J\u00e1r\u00e1si \u00dcgy\u00e9szs\u00e9g maradand\u00f3 fogyat\u00e9koss\u00e1got eredm\u00e9nyez\u0151 k\u00f6z\u00fati baleset gondatlan okoz\u00e1s\u00e1nak v\u00e9ts\u00e9ge miatt ny\u00fajtott be v\u00e1diratot azzal a f\u00e9rfival szemben, aki kanyarod\u00e1sa sor\u00e1n nem biztos\u00edtott els\u0151bbs\u00e9get egy","og_url":"https:\/\/dorogimedence.hu\/index.php\/2019\/10\/29\/maradando-fogyatekossagot-okozott\/","og_site_name":"Dorogi-medence Region\u00e1lis H\u00edrport\u00e1l","article_publisher":"https:\/\/www.facebook.com\/dorogimedence\/","article_published_time":"2019-10-29T08:15:05+00:00","article_modified_time":"2019-10-29T08:15:15+00:00","og_image":[{"width":670,"height":365,"url":"https:\/\/i0.wp.com\/dorogimedence.hu\/wp-content\/uploads\/2019\/10\/birosag.jpg?fit=670%2C365&ssl=1","type":"image\/jpeg"}],"author":"dorogimedence.hu","twitter_card":"summary_large_image","twitter_misc":{"Szerz\u0151:":"dorogimedence.hu","Becs\u00fclt olvas\u00e1si id\u0151":"2 perc"},"schema":{"@context":"https:\/\/schema.org","@graph":[{"@type":"Article","@id":"https:\/\/dorogimedence.hu\/index.php\/2019\/10\/29\/maradando-fogyatekossagot-okozott\/#article","isPartOf":{"@id":"https:\/\/dorogimedence.hu\/index.php\/2019\/10\/29\/maradando-fogyatekossagot-okozott\/"},"author":{"name":"dorogimedence.hu","@id":"https:\/\/dorogimedence.hu\/#\/schema\/person\/ce6091eeb7e95ecdc87890d6aa8e0fd4"},"headline":"Maradand\u00f3 fogyat\u00e9koss\u00e1got okozott","datePublished":"2019-10-29T08:15:05+00:00","dateModified":"2019-10-29T08:15:15+00:00","mainEntityOfPage":{"@id":"https:\/\/dorogimedence.hu\/index.php\/2019\/10\/29\/maradando-fogyatekossagot-okozott\/"},"wordCount":417,"publisher":{"@id":"https:\/\/dorogimedence.hu\/#organization"},"keywords":["aut\u00f3baleset","baleset","b\u00edr\u00f3s\u00e1g","Nyerges\u00fajfalu","\u00fcgy\u00e9szs\u00e9g"],"articleSection":["H\u00edrek","K\u00e9k h\u00edrek","Nyerges\u00fajfalu"],"inLanguage":"hu"},{"@type":"WebPage","@id":"https:\/\/dorogimedence.hu\/index.php\/2019\/10\/29\/maradando-fogyatekossagot-okozott\/","url":"https:\/\/dorogimedence.hu\/index.php\/2019\/10\/29\/maradando-fogyatekossagot-okozott\/","name":"Maradand\u00f3 fogyat\u00e9koss\u00e1got okozott","isPartOf":{"@id":"https:\/\/dorogimedence.hu\/#website"},"datePublished":"2019-10-29T08:15:05+00:00","dateModified":"2019-10-29T08:15:15+00:00","breadcrumb":{"@id":"https:\/\/dorogimedence.hu\/index.php\/2019\/10\/29\/maradando-fogyatekossagot-okozott\/#breadcrumb"},"inLanguage":"hu","potentialAction":[{"@type":"ReadAction","target":["https:\/\/dorogimedence.hu\/index.php\/2019\/10\/29\/maradando-fogyatekossagot-okozott\/"]}]},{"@type":"BreadcrumbList","@id":"https:\/\/dorogimedence.hu\/index.php\/2019\/10\/29\/maradando-fogyatekossagot-okozott\/#breadcrumb","itemListElement":[{"@type":"ListItem","position":1,"name":"Kezd\u0151lap","item":"https:\/\/dorogimedence.hu\/"},{"@type":"ListItem","position":2,"name":"Maradand\u00f3 fogyat\u00e9koss\u00e1got okozott"}]},{"@type":"WebSite","@id":"https:\/\/dorogimedence.hu\/#website","url":"https:\/\/dorogimedence.hu\/","name":"Dorogi-medence Region\u00e1lis H\u00edrport\u00e1l","description":"Dorog, Keszt\u00f6lc, Le\u00e1nyv\u00e1r, Piliscs\u00e9v, Tokod, Tokodalt\u00e1r\u00f3, Csolnok, Esztergom-kertv\u00e1ros: h\u00edrek, programok","publisher":{"@id":"https:\/\/dorogimedence.hu\/#organization"},"potentialAction":[{"@type":"SearchAction","target":{"@type":"EntryPoint","urlTemplate":"https:\/\/dorogimedence.hu\/?s={search_term_string}"},"query-input":{"@type":"PropertyValueSpecification","valueRequired":true,"valueName":"search_term_string"}}],"inLanguage":"hu"},{"@type":"Organization","@id":"https:\/\/dorogimedence.hu\/#organization","name":"Dorogi-medence Region\u00e1lis H\u00edrport\u00e1l","url":"https:\/\/dorogimedence.hu\/","logo":{"@type":"ImageObject","inLanguage":"hu","@id":"https:\/\/dorogimedence.hu\/#\/schema\/logo\/image\/","url":"https:\/\/dorogimedence.hu\/wp-content\/uploads\/2021\/04\/logo-feher-600.png","contentUrl":"https:\/\/dorogimedence.hu\/wp-content\/uploads\/2021\/04\/logo-feher-600.png","width":600,"height":100,"caption":"Dorogi-medence Region\u00e1lis H\u00edrport\u00e1l"},"image":{"@id":"https:\/\/dorogimedence.hu\/#\/schema\/logo\/image\/"},"sameAs":["https:\/\/www.facebook.com\/dorogimedence\/"]},{"@type":"Person","@id":"https:\/\/dorogimedence.hu\/#\/schema\/person\/ce6091eeb7e95ecdc87890d6aa8e0fd4","name":"dorogimedence.hu","image":{"@type":"ImageObject","inLanguage":"hu","@id":"\/\/www.gravatar.com\/avatar\/d8d45f8901aadff40a4af72c0b826f1d?s=96&#038;r=g&#038;d=mm","url":"\/\/www.gravatar.com\/avatar\/d8d45f8901aadff40a4af72c0b826f1d?s=96&#038;r=g&#038;d=mm","contentUrl":"\/\/www.gravatar.com\/avatar\/d8d45f8901aadff40a4af72c0b826f1d?s=96&#038;r=g&#038;d=mm","caption":"dorogimedence.hu"}}]}},"_links":{"self":[{"href":"https:\/\/dorogimedence.hu\/index.php\/wp-json\/wp\/v2\/posts\/20566","targetHints":{"allow":["GET"]}}],"collection":[{"href":"https:\/\/dorogimedence.hu\/index.php\/wp-json\/wp\/v2\/posts"}],"about":[{"href":"https:\/\/dorogimedence.hu\/index.php\/wp-json\/wp\/v2\/types\/post"}],"author":[{"embeddable":true,"href":"https:\/\/dorogimedence.hu\/index.php\/wp-json\/wp\/v2\/users\/1"}],"replies":[{"embeddable":true,"href":"https:\/\/dorogimedence.hu\/index.php\/wp-json\/wp\/v2\/comments?post=20566"}],"version-history":[{"count":0,"href":"https:\/\/dorogimedence.hu\/index.php\/wp-json\/wp\/v2\/posts\/20566\/revisions"}],"wp:attachment":[{"href":"https:\/\/dorogimedence.hu\/index.php\/wp-json\/wp\/v2\/media?parent=20566"}],"wp:term":[{"taxonomy":"category","embeddable":true,"href":"https:\/\/dorogimedence.hu\/index.php\/wp-json\/wp\/v2\/categories?post=20566"},{"taxonomy":"post_tag","embeddable":true,"href":"https:\/\/dorogimedence.hu\/index.php\/wp-json\/wp\/v2\/tags?post=20566"}],"curies":[{"name":"wp","href":"https:\/\/api.w.org\/{rel}","templated":true}]}}