{"id":20504,"date":"2019-10-26T13:43:39","date_gmt":"2019-10-26T11:43:39","guid":{"rendered":"http:\/\/dorogimedence.hu\/?p=20504"},"modified":"2019-10-26T13:44:38","modified_gmt":"2019-10-26T11:44:38","slug":"nagyszeru-fordulot-kovetoen-meg-mindig-itthon","status":"publish","type":"post","link":"https:\/\/dorogimedence.hu\/index.php\/2019\/10\/26\/nagyszeru-fordulot-kovetoen-meg-mindig-itthon\/","title":{"rendered":"Nagyszer\u0171 fordul\u00f3t k\u00f6vet\u0151en m\u00e9g mindig itthon"},"content":{"rendered":"<p><strong>R\u00e9gen volt m\u00e1r ennyire kerek egy bajnoki h\u00e9tv\u00e9ge, mint a legut\u00f3bbi. Egyr\u00e9szt csapatunk h\u00e1rom sikertelen tal\u00e1lkoz\u00f3t k\u00f6vet\u0151en v\u00e9gre nyerni tudott, r\u00e1ad\u00e1sul kiad\u00f3s form\u00e1ban, amellyel az id\u00e9ny eddigi legnagyobb ar\u00e1ny\u00fa gy\u0151zelm\u00e9t aratta. Egyben ez volt a 13. fordul\u00f3 legnagyobb k\u00fcl\u00f6nbs\u00e9g\u0171 nyert m\u00e9rk\u0151z\u00e9se az eg\u00e9sz mez\u0151nyben. V\u00e9gre ez\u00fattal g\u00f3lt sem kaptak \u00e9s h\u00e1rom helyet ugrottak el\u0151re a tabell\u00e1n. A h\u00e9tv\u00e9ge \u00f6r\u00f6m\u00e9t M\u00e9sz\u00e1ros \u00c1ron visszat\u00e9r\u00e9se tette teljess\u00e9, aki h\u00e9t h\u00f3napos k\u00e9nyszerpihen\u0151t k\u00f6vet\u0151en l\u00e9phetett \u00fajra p\u00e1ly\u00e1ra. Vas\u00e1rnap r\u00e9gi sz\u00e9p eml\u00e9keket id\u00e9z\u0151 m\u00e9rk\u0151z\u00e9ssel folytat\u00f3dik a bajnoki pontvad\u00e1szat, ugyanis a Gy\u0151ri ETO csapat\u00e1t fogadj\u00e1k a mieink, r\u00e1a\u00e1dsul ez lesz a k\u00e9t csapat 50. t\u00e9tm\u00e9rk\u0151z\u00e9se egym\u00e1s ellen<\/strong> &#8211; Szab\u00f3 Gyula cikke.<\/p>\n<p>Hossz\u00fa id\u0151 ut\u00e1n megint j\u00f3 \u00e9rz\u00e9s volt Dorog-szurkol\u00f3nak lenni. A gy\u0151zelem mindig \u00f6r\u00f6mteli, de ez\u00fattal mondhatni a legjobbkor j\u00f6tt. H\u00e1rom egym\u00e1s ut\u00e1ni vesztes m\u00e9rk\u0151z\u00e9st k\u00f6vet\u0151en csapatunk eg\u00e9szen a 16. helyre cs\u00faszott h\u00e1tra \u00e9s a sereghajt\u00f3t\u00f3l is mind\u00f6ssze 6 pontnyi volt az el\u0151nye, a marad\u00e9k k\u00e9t \u00fcld\u00f6z\u0151 pedig ott lihegett a nyak\u00e1n. A Szolnok pontazonos\u00e1ggal, m\u00edg a Buda\u00f6rs is csak egy ponttal lemaradva. Ilyen k\u00f6r\u00fclm\u00e9nyek k\u00f6z\u00f6tt nagyon kellett v\u00e9gre a siker, r\u00e1ad\u00e1sul \u00e9ppen a Buda\u00f6rs \u00e9rkezett Dorogra. Fiaink \u00e1t\u00e9rezt\u00e9k a m\u00e9rk\u0151z\u00e9s fontoss\u00e1g\u00e1t \u00e9s gyakorlatilag m\u00e1r az els\u0151 j\u00e1t\u00e9kr\u00e9szben eld\u00f6nt\u00f6tt\u00e9k a tal\u00e1lkoz\u00f3 sors\u00e1t. Szerencs\u00e9re a folytat\u00e1s is j\u00f3l alakult, hiszen a m\u00e1sodik j\u00e1t\u00e9kr\u00e9szben is er\u0151ltett\u00e9k a t\u00e1mad\u00e1sokat, s nem volt vesz\u00e9lyben a gy\u0151zelem. Nem csak hogy g\u00f3lt nem kaptak, de&nbsp; a legv\u00e9g\u00e9n siker\u00fclt \u00fajabb tal\u00e1lattal a fordul\u00f3 legnagyobb ar\u00e1ny\u00fa gy\u0151zelm\u00e9t aratniuk. Az ilyenkor m\u00e1r el\u00e9g szokatan gy\u00f6ny\u00f6r\u0171 napos, meleg id\u0151 is kedvez\u0151 h\u00e1tteret adott a m\u00e9rk\u0151z\u00e9shez, amelyhez a gy\u0151zelem melletti f\u00e9nypontj\u00e1nak M\u00e9sz\u00e1ros \u00c1ron visszat\u00e9r\u00e9se bizonyult. Csapatkapit\u00e1nyuk, egyben j\u00e1t\u00e9kmester\u00fcnk hossz\u00fa k\u00e9nyszerpihen\u0151t k\u00f6vet\u0151en tudott v\u00e9gre csatasorba \u00e1llni. Utolj\u00e1ra m\u00e1rcius 10-\u00e9n, a Cegl\u00e9d elleni idegenbeli m\u00e9rk\u0151z\u00e9sen szerepelt, majd sajn\u00e1latos s\u00e9r\u00fcl\u00e9s miatt ki kellett hagynia a tavaszi szezon nagyr\u00e9sz\u00e9t. S\u00e9r\u00fcl\u00e9se csak m\u0171t\u00e9ttel volt helyrehozhat\u00f3, ez\u00e9rt bor\u00edt\u00e9kolhat\u00f3 volt, hogy huzamos ideig nem sz\u00e1m\u00edthatnak a j\u00e1t\u00e9k\u00e1ra. Kiees\u00e9s\u00e9t k\u00f6vet\u0151en Tom\u00e1s L\u00e9n\u00e1rth viselhette a kapit\u00e1nyi karszalagot, aki addigi j\u00f3 teljes\u00edtm\u00e9ny\u00e9vel \u00e9s lelkes hozz\u00e1\u00e1ll\u00e1s\u00e1val m\u00e9lt\u00e1n v\u00edvta ki csapatt\u00e1rsai, a szakvezet\u00e9s \u00e9s a szurkol\u00f3k bizalm\u00e1t. A csapatkapit\u00e1nyi c\u00edmhez is m\u00e9lt\u00f3 tudott lenni \u00e9s felt\u00e9tlen k\u00f6sz\u00f6n\u00f6netet \u00e9rdemel.&nbsp; Az elm\u00falt fordul\u00f3 azt\u00e1n meghozta M\u00e9szi v\u00e1rva v\u00e1rt visszat\u00e9r\u00e9st \u00e9s a m\u00e9rk\u0151z\u00e9s 72. perc\u00e9ben cserek\u00e9nt l\u00e9pett p\u00e1ly\u00e1ra vezet\u0151 g\u00f3lunk szerz\u0151je, D\u00e9lczeg Gergely helyett. Csak b\u00edzhatunk abban, hogy miel\u0151bb visszanyeri eredeti kond\u00edci\u00f3j\u00e1t \u00e9s j\u00e1t\u00e9kerej\u00e9t. Meghat\u00e1roz\u00f3 j\u00e1t\u00e9ka mellett nagy sz\u00fcks\u00e9g van g\u00f3ljaira, g\u00f3lpasszaira is. A visszat\u00e9r\u00e9s nem csak gy\u0151ztes meccsen siker\u00fclt, de m\u00e9g g\u00f3l\u00f6r\u00f6mben is lehetett r\u00e9sze. Az eml\u00edtett els\u0151 g\u00f3lunkb\u00f3l szerzett el\u0151ny\u00fcnket Dlusztus Andr\u00e1s fejesg\u00f3llal n\u00f6velte, m\u00edg Forr\u00f3 Gyula \u00e9s Tak\u00e1cs P\u00e9ter a tal\u00e1lkoz\u00f3 v\u00e9g\u00e9n sz\u00e9p kombin\u00e1ci\u00f3jukat k\u00f6vet\u0151en, ut\u00f3bbi l\u0151tte harmadik g\u00f3lunkat. Ekkor pedig m\u00e1r \u00c1ron is a p\u00e1ly\u00e1n volt, ak\u00e1rcsak a szint\u00e9n cserek\u00e9nt sz\u00f3hoz jutott Sitku Ill\u00e9s, aki k\u00f6zel\u00edt a f\u00e9lsz\u00e1zadik jubileum\u00e1hoz, ugyanis ez volt a 142. m\u00e9rk\u0151z\u00e9se a Dorog sz\u00edneiben.<\/p>\n<p>A sz\u00e9p kerek gy\u0151zelm\u00fcnk h\u00e1rom hely el\u0151re ugr\u00e1s\u00e1t is hozta \u00fagy, hogy kis h\u00edj\u00e1n ak\u00e1r n\u00e9ggyel is siker\u00fclhetett volna feljebb kapaszkodi. Jelenleg \u00fagy \u00e1ll a Dorog a 13. helyen, hogy a 12. helyezett Tiszak\u00e9csk\u00e9vel a pontazonoss\u00e1g mellett az egy\u00e9b mutat\u00f3kban egyar\u00e1nt eg\u00e1lban van. A minim\u00e1lis k\u00fcl\u00f6nbs\u00e9g azonos g\u00f3lar\u00e1nyunk ellen\u00e9re, hogy vet\u00e9lyt\u00e1rsunk egyetlen g\u00f3llal t\u00f6bbet r\u00fagott n\u00e1lunk, mi pedig eggyel kevesebb g\u00f3lt kaptuk t\u0151l\u00fck. Az er\u0151nyer\u0151 ilyenkor a t\u00f6bb r\u00fagott g\u00f3l. Gy\u0151zelm\u00fcnknek k\u00f6sz\u00f6nhet\u0151en n\u00e9gy ponttal elh\u00faztunk a Buda\u00f6rst\u0151l, nyolcra a V\u00e1ct\u00f3l, a Szolnokkal szemben pedig k\u00e9t pontnyi el\u0151nyre tett\u00fcnk szert. Egy sor j\u00f3nev\u0171 csapat m\u00f6g\u00e9nk ker\u00fclt, mint a B\u00e9k\u00e9scsaba, a Halad\u00e1s \u00e9s a Ny\u00edregyh\u00e1za, r\u00e1ad\u00e1sul valamennyivel szemben ponttal, pontokkal vezet\u00fcnk.<\/p>\n<p style=\"text-align: center;\"><img fetchpriority=\"high\" decoding=\"async\" class=\"alignnone size-full wp-image-20505\" src=\"https:\/\/dorogimedence.hu\/wp-content\/uploads\/2019\/10\/foci01.jpg\" alt=\"\" width=\"670\" height=\"447\" srcset=\"https:\/\/dorogimedence.hu\/wp-content\/uploads\/2019\/10\/foci01.jpg 670w, https:\/\/dorogimedence.hu\/wp-content\/uploads\/2019\/10\/foci01-300x200.jpg 300w, https:\/\/dorogimedence.hu\/wp-content\/uploads\/2019\/10\/foci01-589x392.jpg 589w, https:\/\/dorogimedence.hu\/wp-content\/uploads\/2019\/10\/foci01-272x182.jpg 272w\" sizes=\"(max-width: 670px) 100vw, 670px\" \/><em>A legut\u00f3bbi hazai m\u00e9rk\u0151z\u00e9sen a gy\u0151riek ellen, 2018. november 4-\u00e9n.<\/em><\/p>\n<p>A fordul\u00f3 rangad\u00f3ja a k\u00e9t \u00e9llovas \u00f6sszecsap\u00e1sa volt a Hidegkuti stadionban, ahol az MTK fogadta a Budafokot. A vend\u00e9gek szereztek vezet\u00e9st a m\u00e9rk\u0151z\u00e9s elej\u00e9n, nem is ak\u00e1rmilyen g\u00f3llal, \u00e1m a hazaiak 2-1-re ford\u00edtani tudtak, igaz, a m\u00e9rk\u0151z\u00e9s hajr\u00e1j\u00e1ban szorongatott a Budafok, de m\u00e1r egyenl\u00edteni nem tudott. Nev\u00e9ben szint\u00e9n rangad\u00f3nak sz\u00e1m\u00edtott a Vasas \u00e9s a Halad\u00e1s p\u00e1rharca Angyalf\u00f6ld\u00f6n, amely igaz\u00e1n v\u00e1ltozatosra \u00e9s \u00e9lvezetesre sikeredett. A hazaiak v\u00e9g\u00fcl 3:2 ar\u00e1nyban bizonyultak jobbnak \u00fagy, hogy m\u00e9g 11-est is hib\u00e1ztak. A Cs\u00e1kv\u00e1r kezd visszatal\u00e1lni arra a sikeres \u00fatra, amely az id\u00e9ny elej\u00e9n jellemezte m\u00e9rk\u0151z\u00e9seiket \u00e9s harmadik egym\u00e1s ut\u00e1ni gy\u0151zelem\u00e9t aratta. Ez\u00fattal a Soroks\u00e1r otthon\u00e1ban nyert&nbsp; 1-0-ra, \u00edgy a budafokiak veres\u00e9g\u00e9vel a 2. helyre j\u00f6tt fel. N\u00e9gy gy\u0151zelm\u00e9t k\u00f6vet\u0151en megszakadt kit\u0171n\u0151 sorozata a Szegednek, akik a m\u00e1sik sikeres \u00fajonc, az Ajka vend\u00e9gek\u00e9nt kaptak ki hossz\u00fa id\u0151 ut\u00e1n 1-0-ra. Igen j\u00f3 sz\u00e9ri\u00e1ban van tov\u00e1bbra is Gyirm\u00f3t, amely 2-1-re nyert a Kazincbarcika putnoki \u00e1tmeneti otthon\u00e1ban. A benn\u00fcnket \u00e9ppen csak megel\u0151z\u0151 Tiszak\u00e9cske 2-1-re gy\u0151z\u00f6tt az \u00e9lbolyhoz tartoz\u00f3 Si\u00f3fok ellen \u00e9s ennek a siker\u00e9nek k\u00f6sz\u00f6nheti, hogy el\u0151tt\u00fcnk maradt. Nem b\u00edrt a B\u00e9k\u00e9scsaba a Szolnokkal, mi t\u00f6bb, mondhatni pontot mentett otthon a viharsarki g\u00e1rda, ugyanis a f\u00e9lid\u0151ben m\u00e9g a vend\u00e9gekn\u00e9l volt az el\u0151ny.&nbsp;<\/p>\n<p>A fordul\u00f3 legnagyobb meglepet\u00e9s\u00e9t az els\u0151 oszt\u00e1ly fel\u00e9 \u00e1csing\u00f3z\u00f3 Gy\u0151ri ETO&nbsp; az utols\u00f3 helyezett V\u00e1c elleni hazai g\u00f3ln\u00e9lk\u00fcli d\u00f6ntetlenje jelentette. A vas\u00e1rnapi derbin \u00e9ppen a gy\u0151rieket fogadjuk, s k\u00e9rd\u00e9s, hogy \u00e1tmeneti botl\u00e1s volt-e csak a r\u00e9sz\u00fckr\u0151l, vagy a v\u00e1ciak fogtak ki nem v\u00e1rt j\u00f3 napot. Ugyanis hasonl\u00f3 j\u00e1t\u00e9k mellett nem lenne sok es\u00e9lye a R\u00e1ba-menti z\u00f6ld-feh\u00e9reknek Dorogon, f\u0151leg, ha csapatunk er\u0151t mer\u00edtve a legut\u00f3bbi meccs\u00e9b\u0151l \u00e9s ez\u00fattal is hasonl\u00f3 felfog\u00e1sban j\u00e1tszana, mint tette azt az elm\u00falt h\u00e9ten. A k\u00e9t csapat id\u00e9n \u00e1prilis utols\u00f3 vas\u00e1rnapj\u00e1n tal\u00e1lkozott egym\u00e1ssal, m\u00e9gpedig Gy\u0151rben, ahol 1-1-re v\u00e9geztek \u00fagy, hogy a mieink vezettek. Idehaza egy h\u00e9t h\u00edj\u00e1n pontosan egy \u00e9ve ker\u00fclt sor az egym\u00e1s elleni \u00f6sszecsap\u00e1sra, amely g\u00f3lgazdag, fordulatos m\u00e9rk\u0151z\u00e9sen, L\u00e9n\u00e1rth, M\u00e9sz\u00e1ros, Szedl\u00e1r \u00e9s Vigh g\u00f3ljaival 4:3 ar\u00e1ny\u00fa dorogi gy\u0151zelemmel z\u00e1rult. Az elm\u00falt h\u00e1rom hazai bajnokit megnyert\u00fck ellen\u00fck, s mindannyiszor egy g\u00f3llal. Most sem b\u00e1nn\u00e1nk ha egyetlen g\u00f3locska d\u00f6ntene a mi javunkra ann\u00e1l is ink\u00e1bb, mert a tal\u00e1lkoz\u00f3 egyfajta v\u00edzv\u00e1laszt\u00f3 is lehet. Amennyiben nyern\u00e9nk, \u00fagy m\u00e1r a k\u00f6z\u00e9pmez\u0151ny fel\u00e9 tekinthetn\u00e9nk el\u0151re \u00e9s nem magunk m\u00f6g\u00e9, m\u00edg ebben az esetben a gy\u0151riek viszont leszakadn\u00e1nak az \u00e9lmez\u0151nyt\u0151l.<\/p>\n<p>A k\u00e9t csapat eddig 49 alkalommal j\u00e1tszott egy\u00e1s ellen, amelyen 17 dorogi gy\u0151zelem, 14 d\u00f6ntetlen, 18 veres\u00e9g, 78:78-as g\u00f3lar\u00e1ny sz\u00fcletett. Hazai m\u00e9rleg\u00fcnk: 26 m\u00e9rk\u0151z\u00e9sen 11 gy\u0151zelem, 8 d\u00f6ntetlen, 7 veres\u00e9g, 45:38-as g\u00f3lar\u00e1ny. A r\u00e9szletes m\u00e9rleg pedig&nbsp; itt olvashat\u00f3:&nbsp;<span style=\"text-decoration: underline; color: #0000ff;\"><a style=\"color: #0000ff; text-decoration: underline;\" href=\"https:\/\/dorogimedence.hu\/index.php\/2019\/04\/27\/orok-merlegen-dorog-gyori-eto\/\" target=\"_blank\" rel=\"noopener noreferrer\">https:\/\/dorogimedence.hu\/index.php\/2019\/04\/27\/orok-merlegen-dorog-gyori-eto\/<\/a><\/span>.<\/p>\n<p>\u00c1ltal\u00e1ban j\u00f3 m\u00e9rk\u0151z\u00e9seket hoztak az egym\u00e1s elleni tal\u00e1lkoz\u00f3ink, \u00edgy viszont eg\u00e9szen biztosan ez\u00fattal is j\u00f3nak \u00e9s izgalmasnak \u00edg\u00e9rkezik az \u00f3ra\u00e1t\u00e1ll\u00edt\u00e1s miatt kora d\u00e9lut\u00e1n (13:30-kor kezd\u0151dik a meccs) \u00f6sszecsap\u00e1s, amelyre feltehet\u0151en megint sz\u00e9p sz\u00e1mmal j\u00f6nnek majd Gy\u0151rb\u0151l is szurkol\u00f3k. Egyben jubileumi tal\u00e1lkoz\u00f3 is, hiszen ez lesz a k\u00e9t csapat \u00f6tvenedik egym\u00e1s elleni t\u00e9tm\u00e9rk\u0151z\u00e9se.<\/p>\n","protected":false},"excerpt":{"rendered":"<p>R\u00e9gen volt m\u00e1r ennyire kerek egy bajnoki h\u00e9tv\u00e9ge, mint a legut\u00f3bbi. Egyr\u00e9szt csapatunk h\u00e1rom sikertelen tal\u00e1lkoz\u00f3t k\u00f6vet\u0151en v\u00e9gre nyerni tudott, r\u00e1ad\u00e1sul kiad\u00f3s form\u00e1ban, amellyel az id\u00e9ny eddigi legnagyobb ar\u00e1ny\u00fa gy\u0151zelm\u00e9t aratta. Egyben ez volt a 13. fordul\u00f3 legnagyobb k\u00fcl\u00f6nbs\u00e9g\u0171 nyert m\u00e9rk\u0151z\u00e9se az eg\u00e9sz mez\u0151nyben. V\u00e9gre ez\u00fattal g\u00f3lt sem kaptak \u00e9s h\u00e1rom helyet ugrottak el\u0151re a<\/p>\n","protected":false},"author":1,"featured_media":20506,"comment_status":"closed","ping_status":"closed","sticky":false,"template":"","format":"standard","meta":{"ngg_post_thumbnail":0,"footnotes":""},"categories":[2,3,5],"tags":[37,70,69,3169,72,263,16,3563],"class_list":{"0":"post-20504","1":"post","2":"type-post","3":"status-publish","4":"format-standard","5":"has-post-thumbnail","7":"category-dorog","8":"category-hirek","9":"category-sport","10":"tag-dorogi-fc","11":"tag-foci","12":"tag-futball","13":"tag-gyori-eto","14":"tag-labdarugas","15":"tag-nb-ii","16":"tag-sport","17":"tag-sporttortenelem"},"yoast_head":"<!-- This site is optimized with the Yoast SEO plugin v27.5 - https:\/\/yoast.com\/product\/yoast-seo-wordpress\/ -->\n<title>Nagyszer\u0171 fordul\u00f3t k\u00f6vet\u0151en m\u00e9g mindig itthon<\/title>\n<meta name=\"robots\" content=\"index, follow, max-snippet:-1, max-image-preview:large, max-video-preview:-1\" \/>\n<link rel=\"canonical\" href=\"https:\/\/dorogimedence.hu\/index.php\/2019\/10\/26\/nagyszeru-fordulot-kovetoen-meg-mindig-itthon\/\" class=\"yoast-seo-meta-tag\" \/>\n<meta property=\"og:locale\" content=\"hu_HU\" class=\"yoast-seo-meta-tag\" \/>\n<meta property=\"og:type\" content=\"article\" class=\"yoast-seo-meta-tag\" \/>\n<meta property=\"og:title\" content=\"Nagyszer\u0171 fordul\u00f3t k\u00f6vet\u0151en m\u00e9g mindig itthon\" class=\"yoast-seo-meta-tag\" \/>\n<meta property=\"og:description\" content=\"R\u00e9gen volt m\u00e1r ennyire kerek egy bajnoki h\u00e9tv\u00e9ge, mint a legut\u00f3bbi. Egyr\u00e9szt csapatunk h\u00e1rom sikertelen tal\u00e1lkoz\u00f3t k\u00f6vet\u0151en v\u00e9gre nyerni tudott, r\u00e1ad\u00e1sul kiad\u00f3s form\u00e1ban, amellyel az id\u00e9ny eddigi legnagyobb ar\u00e1ny\u00fa gy\u0151zelm\u00e9t aratta. Egyben ez volt a 13. fordul\u00f3 legnagyobb k\u00fcl\u00f6nbs\u00e9g\u0171 nyert m\u00e9rk\u0151z\u00e9se az eg\u00e9sz mez\u0151nyben. V\u00e9gre ez\u00fattal g\u00f3lt sem kaptak \u00e9s h\u00e1rom helyet ugrottak el\u0151re a\" class=\"yoast-seo-meta-tag\" \/>\n<meta property=\"og:url\" content=\"https:\/\/dorogimedence.hu\/index.php\/2019\/10\/26\/nagyszeru-fordulot-kovetoen-meg-mindig-itthon\/\" class=\"yoast-seo-meta-tag\" \/>\n<meta property=\"og:site_name\" content=\"Dorogi-medence Region\u00e1lis H\u00edrport\u00e1l\" class=\"yoast-seo-meta-tag\" \/>\n<meta property=\"article:publisher\" content=\"https:\/\/www.facebook.com\/dorogimedence\/\" class=\"yoast-seo-meta-tag\" \/>\n<meta property=\"article:published_time\" content=\"2019-10-26T11:43:39+00:00\" class=\"yoast-seo-meta-tag\" \/>\n<meta property=\"article:modified_time\" content=\"2019-10-26T11:44:38+00:00\" class=\"yoast-seo-meta-tag\" \/>\n<meta property=\"og:image\" content=\"https:\/\/i0.wp.com\/dorogimedence.hu\/wp-content\/uploads\/2019\/10\/dorog-gyor.jpg?fit=670%2C365&ssl=1\" class=\"yoast-seo-meta-tag\" \/>\n\t<meta property=\"og:image:width\" content=\"670\" class=\"yoast-seo-meta-tag\" \/>\n\t<meta property=\"og:image:height\" content=\"365\" class=\"yoast-seo-meta-tag\" \/>\n\t<meta property=\"og:image:type\" content=\"image\/jpeg\" class=\"yoast-seo-meta-tag\" \/>\n<meta name=\"author\" content=\"dorogimedence.hu\" class=\"yoast-seo-meta-tag\" \/>\n<meta name=\"twitter:card\" content=\"summary_large_image\" class=\"yoast-seo-meta-tag\" \/>\n<meta name=\"twitter:label1\" content=\"Szerz\u0151:\" class=\"yoast-seo-meta-tag\" \/>\n\t<meta name=\"twitter:data1\" content=\"dorogimedence.hu\" class=\"yoast-seo-meta-tag\" \/>\n\t<meta name=\"twitter:label2\" content=\"Becs\u00fclt olvas\u00e1si id\u0151\" class=\"yoast-seo-meta-tag\" \/>\n\t<meta name=\"twitter:data2\" content=\"8 perc\" class=\"yoast-seo-meta-tag\" \/>\n<script type=\"application\/ld+json\" class=\"yoast-schema-graph\">{\"@context\":\"https:\\\/\\\/schema.org\",\"@graph\":[{\"@type\":\"Article\",\"@id\":\"https:\\\/\\\/dorogimedence.hu\\\/index.php\\\/2019\\\/10\\\/26\\\/nagyszeru-fordulot-kovetoen-meg-mindig-itthon\\\/#article\",\"isPartOf\":{\"@id\":\"https:\\\/\\\/dorogimedence.hu\\\/index.php\\\/2019\\\/10\\\/26\\\/nagyszeru-fordulot-kovetoen-meg-mindig-itthon\\\/\"},\"author\":{\"name\":\"dorogimedence.hu\",\"@id\":\"https:\\\/\\\/dorogimedence.hu\\\/#\\\/schema\\\/person\\\/ce6091eeb7e95ecdc87890d6aa8e0fd4\"},\"headline\":\"Nagyszer\u0171 fordul\u00f3t k\u00f6vet\u0151en m\u00e9g mindig itthon\",\"datePublished\":\"2019-10-26T11:43:39+00:00\",\"dateModified\":\"2019-10-26T11:44:38+00:00\",\"mainEntityOfPage\":{\"@id\":\"https:\\\/\\\/dorogimedence.hu\\\/index.php\\\/2019\\\/10\\\/26\\\/nagyszeru-fordulot-kovetoen-meg-mindig-itthon\\\/\"},\"wordCount\":1651,\"publisher\":{\"@id\":\"https:\\\/\\\/dorogimedence.hu\\\/#organization\"},\"image\":{\"@id\":\"https:\\\/\\\/dorogimedence.hu\\\/index.php\\\/2019\\\/10\\\/26\\\/nagyszeru-fordulot-kovetoen-meg-mindig-itthon\\\/#primaryimage\"},\"thumbnailUrl\":\"https:\\\/\\\/dorogimedence.hu\\\/wp-content\\\/uploads\\\/2019\\\/10\\\/dorog-gyor.jpg\",\"keywords\":[\"Dorogi FC\",\"foci\",\"futball\",\"Gy\u0151ri ETO\",\"labdar\u00fag\u00e1s\",\"NB II\",\"sport\",\"sportt\u00f6rt\u00e9nelem\"],\"articleSection\":[\"Dorog\",\"H\u00edrek\",\"Sport\"],\"inLanguage\":\"hu\"},{\"@type\":\"WebPage\",\"@id\":\"https:\\\/\\\/dorogimedence.hu\\\/index.php\\\/2019\\\/10\\\/26\\\/nagyszeru-fordulot-kovetoen-meg-mindig-itthon\\\/\",\"url\":\"https:\\\/\\\/dorogimedence.hu\\\/index.php\\\/2019\\\/10\\\/26\\\/nagyszeru-fordulot-kovetoen-meg-mindig-itthon\\\/\",\"name\":\"Nagyszer\u0171 fordul\u00f3t k\u00f6vet\u0151en m\u00e9g mindig itthon\",\"isPartOf\":{\"@id\":\"https:\\\/\\\/dorogimedence.hu\\\/#website\"},\"primaryImageOfPage\":{\"@id\":\"https:\\\/\\\/dorogimedence.hu\\\/index.php\\\/2019\\\/10\\\/26\\\/nagyszeru-fordulot-kovetoen-meg-mindig-itthon\\\/#primaryimage\"},\"image\":{\"@id\":\"https:\\\/\\\/dorogimedence.hu\\\/index.php\\\/2019\\\/10\\\/26\\\/nagyszeru-fordulot-kovetoen-meg-mindig-itthon\\\/#primaryimage\"},\"thumbnailUrl\":\"https:\\\/\\\/dorogimedence.hu\\\/wp-content\\\/uploads\\\/2019\\\/10\\\/dorog-gyor.jpg\",\"datePublished\":\"2019-10-26T11:43:39+00:00\",\"dateModified\":\"2019-10-26T11:44:38+00:00\",\"breadcrumb\":{\"@id\":\"https:\\\/\\\/dorogimedence.hu\\\/index.php\\\/2019\\\/10\\\/26\\\/nagyszeru-fordulot-kovetoen-meg-mindig-itthon\\\/#breadcrumb\"},\"inLanguage\":\"hu\",\"potentialAction\":[{\"@type\":\"ReadAction\",\"target\":[\"https:\\\/\\\/dorogimedence.hu\\\/index.php\\\/2019\\\/10\\\/26\\\/nagyszeru-fordulot-kovetoen-meg-mindig-itthon\\\/\"]}]},{\"@type\":\"ImageObject\",\"inLanguage\":\"hu\",\"@id\":\"https:\\\/\\\/dorogimedence.hu\\\/index.php\\\/2019\\\/10\\\/26\\\/nagyszeru-fordulot-kovetoen-meg-mindig-itthon\\\/#primaryimage\",\"url\":\"https:\\\/\\\/dorogimedence.hu\\\/wp-content\\\/uploads\\\/2019\\\/10\\\/dorog-gyor.jpg\",\"contentUrl\":\"https:\\\/\\\/dorogimedence.hu\\\/wp-content\\\/uploads\\\/2019\\\/10\\\/dorog-gyor.jpg\",\"width\":670,\"height\":365},{\"@type\":\"BreadcrumbList\",\"@id\":\"https:\\\/\\\/dorogimedence.hu\\\/index.php\\\/2019\\\/10\\\/26\\\/nagyszeru-fordulot-kovetoen-meg-mindig-itthon\\\/#breadcrumb\",\"itemListElement\":[{\"@type\":\"ListItem\",\"position\":1,\"name\":\"Kezd\u0151lap\",\"item\":\"https:\\\/\\\/dorogimedence.hu\\\/\"},{\"@type\":\"ListItem\",\"position\":2,\"name\":\"Nagyszer\u0171 fordul\u00f3t k\u00f6vet\u0151en m\u00e9g mindig itthon\"}]},{\"@type\":\"WebSite\",\"@id\":\"https:\\\/\\\/dorogimedence.hu\\\/#website\",\"url\":\"https:\\\/\\\/dorogimedence.hu\\\/\",\"name\":\"Dorogi-medence Region\u00e1lis H\u00edrport\u00e1l\",\"description\":\"Dorog, Keszt\u00f6lc, Le\u00e1nyv\u00e1r, Piliscs\u00e9v, Tokod, Tokodalt\u00e1r\u00f3, Csolnok, Esztergom-kertv\u00e1ros: h\u00edrek, programok\",\"publisher\":{\"@id\":\"https:\\\/\\\/dorogimedence.hu\\\/#organization\"},\"potentialAction\":[{\"@type\":\"SearchAction\",\"target\":{\"@type\":\"EntryPoint\",\"urlTemplate\":\"https:\\\/\\\/dorogimedence.hu\\\/?s={search_term_string}\"},\"query-input\":{\"@type\":\"PropertyValueSpecification\",\"valueRequired\":true,\"valueName\":\"search_term_string\"}}],\"inLanguage\":\"hu\"},{\"@type\":\"Organization\",\"@id\":\"https:\\\/\\\/dorogimedence.hu\\\/#organization\",\"name\":\"Dorogi-medence Region\u00e1lis H\u00edrport\u00e1l\",\"url\":\"https:\\\/\\\/dorogimedence.hu\\\/\",\"logo\":{\"@type\":\"ImageObject\",\"inLanguage\":\"hu\",\"@id\":\"https:\\\/\\\/dorogimedence.hu\\\/#\\\/schema\\\/logo\\\/image\\\/\",\"url\":\"https:\\\/\\\/dorogimedence.hu\\\/wp-content\\\/uploads\\\/2021\\\/04\\\/logo-feher-600.png\",\"contentUrl\":\"https:\\\/\\\/dorogimedence.hu\\\/wp-content\\\/uploads\\\/2021\\\/04\\\/logo-feher-600.png\",\"width\":600,\"height\":100,\"caption\":\"Dorogi-medence Region\u00e1lis H\u00edrport\u00e1l\"},\"image\":{\"@id\":\"https:\\\/\\\/dorogimedence.hu\\\/#\\\/schema\\\/logo\\\/image\\\/\"},\"sameAs\":[\"https:\\\/\\\/www.facebook.com\\\/dorogimedence\\\/\"]},{\"@type\":\"Person\",\"@id\":\"https:\\\/\\\/dorogimedence.hu\\\/#\\\/schema\\\/person\\\/ce6091eeb7e95ecdc87890d6aa8e0fd4\",\"name\":\"dorogimedence.hu\",\"image\":{\"@type\":\"ImageObject\",\"inLanguage\":\"hu\",\"@id\":\"\\\/\\\/www.gravatar.com\\\/avatar\\\/d8d45f8901aadff40a4af72c0b826f1d?s=96&#038;r=g&#038;d=mm\",\"url\":\"\\\/\\\/www.gravatar.com\\\/avatar\\\/d8d45f8901aadff40a4af72c0b826f1d?s=96&#038;r=g&#038;d=mm\",\"contentUrl\":\"\\\/\\\/www.gravatar.com\\\/avatar\\\/d8d45f8901aadff40a4af72c0b826f1d?s=96&#038;r=g&#038;d=mm\",\"caption\":\"dorogimedence.hu\"}}]}<\/script>\n<!-- \/ Yoast SEO plugin. -->","yoast_head_json":{"title":"Nagyszer\u0171 fordul\u00f3t k\u00f6vet\u0151en m\u00e9g mindig itthon","robots":{"index":"index","follow":"follow","max-snippet":"max-snippet:-1","max-image-preview":"max-image-preview:large","max-video-preview":"max-video-preview:-1"},"canonical":"https:\/\/dorogimedence.hu\/index.php\/2019\/10\/26\/nagyszeru-fordulot-kovetoen-meg-mindig-itthon\/","og_locale":"hu_HU","og_type":"article","og_title":"Nagyszer\u0171 fordul\u00f3t k\u00f6vet\u0151en m\u00e9g mindig itthon","og_description":"R\u00e9gen volt m\u00e1r ennyire kerek egy bajnoki h\u00e9tv\u00e9ge, mint a legut\u00f3bbi. Egyr\u00e9szt csapatunk h\u00e1rom sikertelen tal\u00e1lkoz\u00f3t k\u00f6vet\u0151en v\u00e9gre nyerni tudott, r\u00e1ad\u00e1sul kiad\u00f3s form\u00e1ban, amellyel az id\u00e9ny eddigi legnagyobb ar\u00e1ny\u00fa gy\u0151zelm\u00e9t aratta. Egyben ez volt a 13. fordul\u00f3 legnagyobb k\u00fcl\u00f6nbs\u00e9g\u0171 nyert m\u00e9rk\u0151z\u00e9se az eg\u00e9sz mez\u0151nyben. V\u00e9gre ez\u00fattal g\u00f3lt sem kaptak \u00e9s h\u00e1rom helyet ugrottak el\u0151re a","og_url":"https:\/\/dorogimedence.hu\/index.php\/2019\/10\/26\/nagyszeru-fordulot-kovetoen-meg-mindig-itthon\/","og_site_name":"Dorogi-medence Region\u00e1lis H\u00edrport\u00e1l","article_publisher":"https:\/\/www.facebook.com\/dorogimedence\/","article_published_time":"2019-10-26T11:43:39+00:00","article_modified_time":"2019-10-26T11:44:38+00:00","og_image":[{"width":670,"height":365,"url":"https:\/\/i0.wp.com\/dorogimedence.hu\/wp-content\/uploads\/2019\/10\/dorog-gyor.jpg?fit=670%2C365&ssl=1","type":"image\/jpeg"}],"author":"dorogimedence.hu","twitter_card":"summary_large_image","twitter_misc":{"Szerz\u0151:":"dorogimedence.hu","Becs\u00fclt olvas\u00e1si id\u0151":"8 perc"},"schema":{"@context":"https:\/\/schema.org","@graph":[{"@type":"Article","@id":"https:\/\/dorogimedence.hu\/index.php\/2019\/10\/26\/nagyszeru-fordulot-kovetoen-meg-mindig-itthon\/#article","isPartOf":{"@id":"https:\/\/dorogimedence.hu\/index.php\/2019\/10\/26\/nagyszeru-fordulot-kovetoen-meg-mindig-itthon\/"},"author":{"name":"dorogimedence.hu","@id":"https:\/\/dorogimedence.hu\/#\/schema\/person\/ce6091eeb7e95ecdc87890d6aa8e0fd4"},"headline":"Nagyszer\u0171 fordul\u00f3t k\u00f6vet\u0151en m\u00e9g mindig itthon","datePublished":"2019-10-26T11:43:39+00:00","dateModified":"2019-10-26T11:44:38+00:00","mainEntityOfPage":{"@id":"https:\/\/dorogimedence.hu\/index.php\/2019\/10\/26\/nagyszeru-fordulot-kovetoen-meg-mindig-itthon\/"},"wordCount":1651,"publisher":{"@id":"https:\/\/dorogimedence.hu\/#organization"},"image":{"@id":"https:\/\/dorogimedence.hu\/index.php\/2019\/10\/26\/nagyszeru-fordulot-kovetoen-meg-mindig-itthon\/#primaryimage"},"thumbnailUrl":"https:\/\/dorogimedence.hu\/wp-content\/uploads\/2019\/10\/dorog-gyor.jpg","keywords":["Dorogi FC","foci","futball","Gy\u0151ri ETO","labdar\u00fag\u00e1s","NB II","sport","sportt\u00f6rt\u00e9nelem"],"articleSection":["Dorog","H\u00edrek","Sport"],"inLanguage":"hu"},{"@type":"WebPage","@id":"https:\/\/dorogimedence.hu\/index.php\/2019\/10\/26\/nagyszeru-fordulot-kovetoen-meg-mindig-itthon\/","url":"https:\/\/dorogimedence.hu\/index.php\/2019\/10\/26\/nagyszeru-fordulot-kovetoen-meg-mindig-itthon\/","name":"Nagyszer\u0171 fordul\u00f3t k\u00f6vet\u0151en m\u00e9g mindig itthon","isPartOf":{"@id":"https:\/\/dorogimedence.hu\/#website"},"primaryImageOfPage":{"@id":"https:\/\/dorogimedence.hu\/index.php\/2019\/10\/26\/nagyszeru-fordulot-kovetoen-meg-mindig-itthon\/#primaryimage"},"image":{"@id":"https:\/\/dorogimedence.hu\/index.php\/2019\/10\/26\/nagyszeru-fordulot-kovetoen-meg-mindig-itthon\/#primaryimage"},"thumbnailUrl":"https:\/\/dorogimedence.hu\/wp-content\/uploads\/2019\/10\/dorog-gyor.jpg","datePublished":"2019-10-26T11:43:39+00:00","dateModified":"2019-10-26T11:44:38+00:00","breadcrumb":{"@id":"https:\/\/dorogimedence.hu\/index.php\/2019\/10\/26\/nagyszeru-fordulot-kovetoen-meg-mindig-itthon\/#breadcrumb"},"inLanguage":"hu","potentialAction":[{"@type":"ReadAction","target":["https:\/\/dorogimedence.hu\/index.php\/2019\/10\/26\/nagyszeru-fordulot-kovetoen-meg-mindig-itthon\/"]}]},{"@type":"ImageObject","inLanguage":"hu","@id":"https:\/\/dorogimedence.hu\/index.php\/2019\/10\/26\/nagyszeru-fordulot-kovetoen-meg-mindig-itthon\/#primaryimage","url":"https:\/\/dorogimedence.hu\/wp-content\/uploads\/2019\/10\/dorog-gyor.jpg","contentUrl":"https:\/\/dorogimedence.hu\/wp-content\/uploads\/2019\/10\/dorog-gyor.jpg","width":670,"height":365},{"@type":"BreadcrumbList","@id":"https:\/\/dorogimedence.hu\/index.php\/2019\/10\/26\/nagyszeru-fordulot-kovetoen-meg-mindig-itthon\/#breadcrumb","itemListElement":[{"@type":"ListItem","position":1,"name":"Kezd\u0151lap","item":"https:\/\/dorogimedence.hu\/"},{"@type":"ListItem","position":2,"name":"Nagyszer\u0171 fordul\u00f3t k\u00f6vet\u0151en m\u00e9g mindig itthon"}]},{"@type":"WebSite","@id":"https:\/\/dorogimedence.hu\/#website","url":"https:\/\/dorogimedence.hu\/","name":"Dorogi-medence Region\u00e1lis H\u00edrport\u00e1l","description":"Dorog, Keszt\u00f6lc, Le\u00e1nyv\u00e1r, Piliscs\u00e9v, Tokod, Tokodalt\u00e1r\u00f3, Csolnok, Esztergom-kertv\u00e1ros: h\u00edrek, programok","publisher":{"@id":"https:\/\/dorogimedence.hu\/#organization"},"potentialAction":[{"@type":"SearchAction","target":{"@type":"EntryPoint","urlTemplate":"https:\/\/dorogimedence.hu\/?s={search_term_string}"},"query-input":{"@type":"PropertyValueSpecification","valueRequired":true,"valueName":"search_term_string"}}],"inLanguage":"hu"},{"@type":"Organization","@id":"https:\/\/dorogimedence.hu\/#organization","name":"Dorogi-medence Region\u00e1lis H\u00edrport\u00e1l","url":"https:\/\/dorogimedence.hu\/","logo":{"@type":"ImageObject","inLanguage":"hu","@id":"https:\/\/dorogimedence.hu\/#\/schema\/logo\/image\/","url":"https:\/\/dorogimedence.hu\/wp-content\/uploads\/2021\/04\/logo-feher-600.png","contentUrl":"https:\/\/dorogimedence.hu\/wp-content\/uploads\/2021\/04\/logo-feher-600.png","width":600,"height":100,"caption":"Dorogi-medence Region\u00e1lis H\u00edrport\u00e1l"},"image":{"@id":"https:\/\/dorogimedence.hu\/#\/schema\/logo\/image\/"},"sameAs":["https:\/\/www.facebook.com\/dorogimedence\/"]},{"@type":"Person","@id":"https:\/\/dorogimedence.hu\/#\/schema\/person\/ce6091eeb7e95ecdc87890d6aa8e0fd4","name":"dorogimedence.hu","image":{"@type":"ImageObject","inLanguage":"hu","@id":"\/\/www.gravatar.com\/avatar\/d8d45f8901aadff40a4af72c0b826f1d?s=96&#038;r=g&#038;d=mm","url":"\/\/www.gravatar.com\/avatar\/d8d45f8901aadff40a4af72c0b826f1d?s=96&#038;r=g&#038;d=mm","contentUrl":"\/\/www.gravatar.com\/avatar\/d8d45f8901aadff40a4af72c0b826f1d?s=96&#038;r=g&#038;d=mm","caption":"dorogimedence.hu"}}]}},"_links":{"self":[{"href":"https:\/\/dorogimedence.hu\/index.php\/wp-json\/wp\/v2\/posts\/20504","targetHints":{"allow":["GET"]}}],"collection":[{"href":"https:\/\/dorogimedence.hu\/index.php\/wp-json\/wp\/v2\/posts"}],"about":[{"href":"https:\/\/dorogimedence.hu\/index.php\/wp-json\/wp\/v2\/types\/post"}],"author":[{"embeddable":true,"href":"https:\/\/dorogimedence.hu\/index.php\/wp-json\/wp\/v2\/users\/1"}],"replies":[{"embeddable":true,"href":"https:\/\/dorogimedence.hu\/index.php\/wp-json\/wp\/v2\/comments?post=20504"}],"version-history":[{"count":0,"href":"https:\/\/dorogimedence.hu\/index.php\/wp-json\/wp\/v2\/posts\/20504\/revisions"}],"wp:featuredmedia":[{"embeddable":true,"href":"https:\/\/dorogimedence.hu\/index.php\/wp-json\/wp\/v2\/media\/20506"}],"wp:attachment":[{"href":"https:\/\/dorogimedence.hu\/index.php\/wp-json\/wp\/v2\/media?parent=20504"}],"wp:term":[{"taxonomy":"category","embeddable":true,"href":"https:\/\/dorogimedence.hu\/index.php\/wp-json\/wp\/v2\/categories?post=20504"},{"taxonomy":"post_tag","embeddable":true,"href":"https:\/\/dorogimedence.hu\/index.php\/wp-json\/wp\/v2\/tags?post=20504"}],"curies":[{"name":"wp","href":"https:\/\/api.w.org\/{rel}","templated":true}]}}