{"id":20396,"date":"2019-10-21T16:02:30","date_gmt":"2019-10-21T14:02:30","guid":{"rendered":"http:\/\/dorogimedence.hu\/?p=20396"},"modified":"2019-10-21T16:02:30","modified_gmt":"2019-10-21T14:02:30","slug":"unnepi-menetrendek-a-tomegkozlekedesben","status":"publish","type":"post","link":"https:\/\/dorogimedence.hu\/index.php\/2019\/10\/21\/unnepi-menetrendek-a-tomegkozlekedesben\/","title":{"rendered":"\u00dcnnepi menetrendek a t\u00f6megk\u00f6zleked\u00e9sben"},"content":{"rendered":"<div class=\"item_introtext\">\n<p><strong>M\u00f3dos\u00edtott mentrend szerint k\u00f6zlekednek az aut\u00f3buszok \u00e9s a vonatok az \u00fcnnepnapokon \u00e9s az \u0151szi sz\u00fcnet ideje alatt.<\/strong><\/p>\n<\/div>\n<div class=\"item_fulltext\">\n<p>Az okt\u00f3ber 23-i \u00e9s a november 1-jei \u00fcnnepnapokon, valamint az \u0151szi sz\u00fcnet ideje alatt v\u00e1ltozik a helyk\u00f6zi \u00e9s a Vol\u00e1nbusz \u00fczemeltet\u00e9s\u00e9ben l\u00e9v\u0151 helyi j\u00e1ratok k\u00f6zleked\u00e9si rendje. Okt\u00f3ber 23-\u00e1n, a munkasz\u00fcneti napnak megfelel\u0151 menetrend lesz \u00e9rv\u00e9nyben. Okt\u00f3ber 28. \u00e9s 31. k\u00f6z\u00f6tt a tan\u00edt\u00e1si sz\u00fcnetben \u00e9rv\u00e9nyes menetrend szerint k\u00f6zlekednek az aut\u00f3buszok. November 1-\u00e9n, p\u00e9nteken a munkasz\u00fcneti napnak megfelel\u0151en indulnak a j\u00e1ratok, m\u00edg 2-\u00e1n, a szabadnap, 3-\u00e1n, vas\u00e1rnap pedig a munkasz\u00fcneti nap szerinti aut\u00f3busz-k\u00f6zleked\u00e9s lesz \u00e9rv\u00e9nyben.&nbsp; Ezeken a napokon az \u00e1tlagos h\u00e9tv\u00e9gin\u00e9l nagyobb utasforgalom v\u00e1rhat\u00f3. A Vol\u00e1nbusz a hossz\u00fa h\u00e9tv\u00e9g\u00e9n is fokozott figyelemmel k\u00eds\u00e9ri a j\u00e1ratok tel\u00edtetts\u00e9g\u00e9t, \u00e9s mindent megtesz a k\u00e9nyelmes utaz\u00e1s biztos\u00edt\u00e1sa \u00e9rdek\u00e9ben. November 4-\u00e9n, h\u00e9tf\u0151n m\u00e1r a tan\u00edt\u00e1si napokon megszokott menetrend szerint indulnak a j\u00e1ratok.<\/p>\n<p>Az \u00fcnnepnaphoz igazodik a vonatk\u00f6zleked\u00e9s rendje is: okt\u00f3ber 22-\u00e9n a munkanapi, 23-\u00e1n az \u00fcnnepnapi, 24-\u00e9n a munkanapi, november 1-j\u00e9n, p\u00e9nteken pedig a munkasz\u00fcneti napnak megfelel\u0151en menetrend szerint k\u00f6zlekednek a vonatok.<\/p>\n<p><strong>Vol\u00e1nbusz menetrendje:<\/strong><\/p>\n<p><img fetchpriority=\"high\" decoding=\"async\" class=\"alignnone size-large wp-image-20397\" src=\"https:\/\/dorogimedence.hu\/wp-content\/uploads\/2019\/10\/menetrendek-436x1024.jpg\" alt=\"\" width=\"436\" height=\"1024\" srcset=\"https:\/\/dorogimedence.hu\/wp-content\/uploads\/2019\/10\/menetrendek-436x1024.jpg 436w, https:\/\/dorogimedence.hu\/wp-content\/uploads\/2019\/10\/menetrendek-128x300.jpg 128w, https:\/\/dorogimedence.hu\/wp-content\/uploads\/2019\/10\/menetrendek.jpg 670w\" sizes=\"(max-width: 436px) 100vw, 436px\" \/><\/p>\n<\/div>\n","protected":false},"excerpt":{"rendered":"<p>M\u00f3dos\u00edtott mentrend szerint k\u00f6zlekednek az aut\u00f3buszok \u00e9s a vonatok az \u00fcnnepnapokon \u00e9s az \u0151szi sz\u00fcnet ideje alatt. Az okt\u00f3ber 23-i \u00e9s a november 1-jei \u00fcnnepnapokon, valamint az \u0151szi sz\u00fcnet ideje alatt v\u00e1ltozik a helyk\u00f6zi \u00e9s a Vol\u00e1nbusz \u00fczemeltet\u00e9s\u00e9ben l\u00e9v\u0151 helyi j\u00e1ratok k\u00f6zleked\u00e9si rendje. Okt\u00f3ber 23-\u00e1n, a munkasz\u00fcneti napnak megfelel\u0151 menetrend lesz \u00e9rv\u00e9nyben. Okt\u00f3ber 28. \u00e9s<\/p>\n","protected":false},"author":1,"featured_media":20398,"comment_status":"closed","ping_status":"closed","sticky":false,"template":"","format":"standard","meta":{"ngg_post_thumbnail":0,"footnotes":""},"categories":[3],"tags":[458,1043,279,292,293,1015,291],"class_list":{"0":"post-20396","1":"post","2":"type-post","3":"status-publish","4":"format-standard","5":"has-post-thumbnail","7":"category-hirek","8":"tag-autobusz","9":"tag-busz","10":"tag-kozlekedes","11":"tag-mav","12":"tag-menetrend","13":"tag-volanbusz","14":"tag-vonat"},"yoast_head":"<!-- This site is optimized with the Yoast SEO plugin v27.4 - https:\/\/yoast.com\/product\/yoast-seo-wordpress\/ -->\n<title>\u00dcnnepi menetrendek a t\u00f6megk\u00f6zleked\u00e9sben<\/title>\n<meta name=\"robots\" content=\"index, follow, max-snippet:-1, max-image-preview:large, max-video-preview:-1\" \/>\n<link rel=\"canonical\" href=\"https:\/\/dorogimedence.hu\/index.php\/2019\/10\/21\/unnepi-menetrendek-a-tomegkozlekedesben\/\" class=\"yoast-seo-meta-tag\" \/>\n<meta property=\"og:locale\" content=\"hu_HU\" class=\"yoast-seo-meta-tag\" \/>\n<meta property=\"og:type\" content=\"article\" class=\"yoast-seo-meta-tag\" \/>\n<meta property=\"og:title\" content=\"\u00dcnnepi menetrendek a t\u00f6megk\u00f6zleked\u00e9sben\" class=\"yoast-seo-meta-tag\" \/>\n<meta property=\"og:description\" content=\"M\u00f3dos\u00edtott mentrend szerint k\u00f6zlekednek az aut\u00f3buszok \u00e9s a vonatok az \u00fcnnepnapokon \u00e9s az \u0151szi sz\u00fcnet ideje alatt. Az okt\u00f3ber 23-i \u00e9s a november 1-jei \u00fcnnepnapokon, valamint az \u0151szi sz\u00fcnet ideje alatt v\u00e1ltozik a helyk\u00f6zi \u00e9s a Vol\u00e1nbusz \u00fczemeltet\u00e9s\u00e9ben l\u00e9v\u0151 helyi j\u00e1ratok k\u00f6zleked\u00e9si rendje. Okt\u00f3ber 23-\u00e1n, a munkasz\u00fcneti napnak megfelel\u0151 menetrend lesz \u00e9rv\u00e9nyben. Okt\u00f3ber 28. \u00e9s\" class=\"yoast-seo-meta-tag\" \/>\n<meta property=\"og:url\" content=\"https:\/\/dorogimedence.hu\/index.php\/2019\/10\/21\/unnepi-menetrendek-a-tomegkozlekedesben\/\" class=\"yoast-seo-meta-tag\" \/>\n<meta property=\"og:site_name\" content=\"Dorogi-medence Region\u00e1lis H\u00edrport\u00e1l\" class=\"yoast-seo-meta-tag\" \/>\n<meta property=\"article:publisher\" content=\"https:\/\/www.facebook.com\/dorogimedence\/\" class=\"yoast-seo-meta-tag\" \/>\n<meta property=\"article:published_time\" content=\"2019-10-21T14:02:30+00:00\" class=\"yoast-seo-meta-tag\" \/>\n<meta property=\"og:image\" content=\"https:\/\/i0.wp.com\/dorogimedence.hu\/wp-content\/uploads\/2019\/10\/volanbusz.jpg?fit=670%2C365&ssl=1\" class=\"yoast-seo-meta-tag\" \/>\n\t<meta property=\"og:image:width\" content=\"670\" class=\"yoast-seo-meta-tag\" \/>\n\t<meta property=\"og:image:height\" content=\"365\" class=\"yoast-seo-meta-tag\" \/>\n\t<meta property=\"og:image:type\" content=\"image\/jpeg\" class=\"yoast-seo-meta-tag\" \/>\n<meta name=\"author\" content=\"dorogimedence.hu\" class=\"yoast-seo-meta-tag\" \/>\n<meta name=\"twitter:card\" content=\"summary_large_image\" class=\"yoast-seo-meta-tag\" \/>\n<meta name=\"twitter:label1\" content=\"Szerz\u0151:\" class=\"yoast-seo-meta-tag\" \/>\n\t<meta name=\"twitter:data1\" content=\"dorogimedence.hu\" class=\"yoast-seo-meta-tag\" \/>\n\t<meta name=\"twitter:label2\" content=\"Becs\u00fclt olvas\u00e1si id\u0151\" class=\"yoast-seo-meta-tag\" \/>\n\t<meta name=\"twitter:data2\" content=\"1 perc\" class=\"yoast-seo-meta-tag\" \/>\n<script type=\"application\/ld+json\" class=\"yoast-schema-graph\">{\"@context\":\"https:\\\/\\\/schema.org\",\"@graph\":[{\"@type\":\"Article\",\"@id\":\"https:\\\/\\\/dorogimedence.hu\\\/index.php\\\/2019\\\/10\\\/21\\\/unnepi-menetrendek-a-tomegkozlekedesben\\\/#article\",\"isPartOf\":{\"@id\":\"https:\\\/\\\/dorogimedence.hu\\\/index.php\\\/2019\\\/10\\\/21\\\/unnepi-menetrendek-a-tomegkozlekedesben\\\/\"},\"author\":{\"name\":\"dorogimedence.hu\",\"@id\":\"https:\\\/\\\/dorogimedence.hu\\\/#\\\/schema\\\/person\\\/ce6091eeb7e95ecdc87890d6aa8e0fd4\"},\"headline\":\"\u00dcnnepi menetrendek a t\u00f6megk\u00f6zleked\u00e9sben\",\"datePublished\":\"2019-10-21T14:02:30+00:00\",\"mainEntityOfPage\":{\"@id\":\"https:\\\/\\\/dorogimedence.hu\\\/index.php\\\/2019\\\/10\\\/21\\\/unnepi-menetrendek-a-tomegkozlekedesben\\\/\"},\"wordCount\":251,\"publisher\":{\"@id\":\"https:\\\/\\\/dorogimedence.hu\\\/#organization\"},\"image\":{\"@id\":\"https:\\\/\\\/dorogimedence.hu\\\/index.php\\\/2019\\\/10\\\/21\\\/unnepi-menetrendek-a-tomegkozlekedesben\\\/#primaryimage\"},\"thumbnailUrl\":\"https:\\\/\\\/dorogimedence.hu\\\/wp-content\\\/uploads\\\/2019\\\/10\\\/volanbusz.jpg\",\"keywords\":[\"aut\u00f3busz\",\"busz\",\"k\u00f6zleked\u00e9s\",\"m\u00e1v\",\"menetrend\",\"vol\u00e1nbusz\",\"vonat\"],\"articleSection\":[\"H\u00edrek\"],\"inLanguage\":\"hu\"},{\"@type\":\"WebPage\",\"@id\":\"https:\\\/\\\/dorogimedence.hu\\\/index.php\\\/2019\\\/10\\\/21\\\/unnepi-menetrendek-a-tomegkozlekedesben\\\/\",\"url\":\"https:\\\/\\\/dorogimedence.hu\\\/index.php\\\/2019\\\/10\\\/21\\\/unnepi-menetrendek-a-tomegkozlekedesben\\\/\",\"name\":\"\u00dcnnepi menetrendek a t\u00f6megk\u00f6zleked\u00e9sben\",\"isPartOf\":{\"@id\":\"https:\\\/\\\/dorogimedence.hu\\\/#website\"},\"primaryImageOfPage\":{\"@id\":\"https:\\\/\\\/dorogimedence.hu\\\/index.php\\\/2019\\\/10\\\/21\\\/unnepi-menetrendek-a-tomegkozlekedesben\\\/#primaryimage\"},\"image\":{\"@id\":\"https:\\\/\\\/dorogimedence.hu\\\/index.php\\\/2019\\\/10\\\/21\\\/unnepi-menetrendek-a-tomegkozlekedesben\\\/#primaryimage\"},\"thumbnailUrl\":\"https:\\\/\\\/dorogimedence.hu\\\/wp-content\\\/uploads\\\/2019\\\/10\\\/volanbusz.jpg\",\"datePublished\":\"2019-10-21T14:02:30+00:00\",\"breadcrumb\":{\"@id\":\"https:\\\/\\\/dorogimedence.hu\\\/index.php\\\/2019\\\/10\\\/21\\\/unnepi-menetrendek-a-tomegkozlekedesben\\\/#breadcrumb\"},\"inLanguage\":\"hu\",\"potentialAction\":[{\"@type\":\"ReadAction\",\"target\":[\"https:\\\/\\\/dorogimedence.hu\\\/index.php\\\/2019\\\/10\\\/21\\\/unnepi-menetrendek-a-tomegkozlekedesben\\\/\"]}]},{\"@type\":\"ImageObject\",\"inLanguage\":\"hu\",\"@id\":\"https:\\\/\\\/dorogimedence.hu\\\/index.php\\\/2019\\\/10\\\/21\\\/unnepi-menetrendek-a-tomegkozlekedesben\\\/#primaryimage\",\"url\":\"https:\\\/\\\/dorogimedence.hu\\\/wp-content\\\/uploads\\\/2019\\\/10\\\/volanbusz.jpg\",\"contentUrl\":\"https:\\\/\\\/dorogimedence.hu\\\/wp-content\\\/uploads\\\/2019\\\/10\\\/volanbusz.jpg\",\"width\":670,\"height\":365},{\"@type\":\"BreadcrumbList\",\"@id\":\"https:\\\/\\\/dorogimedence.hu\\\/index.php\\\/2019\\\/10\\\/21\\\/unnepi-menetrendek-a-tomegkozlekedesben\\\/#breadcrumb\",\"itemListElement\":[{\"@type\":\"ListItem\",\"position\":1,\"name\":\"Kezd\u0151lap\",\"item\":\"https:\\\/\\\/dorogimedence.hu\\\/\"},{\"@type\":\"ListItem\",\"position\":2,\"name\":\"\u00dcnnepi menetrendek a t\u00f6megk\u00f6zleked\u00e9sben\"}]},{\"@type\":\"WebSite\",\"@id\":\"https:\\\/\\\/dorogimedence.hu\\\/#website\",\"url\":\"https:\\\/\\\/dorogimedence.hu\\\/\",\"name\":\"Dorogi-medence Region\u00e1lis H\u00edrport\u00e1l\",\"description\":\"Dorog, Keszt\u00f6lc, Le\u00e1nyv\u00e1r, Piliscs\u00e9v, Tokod, Tokodalt\u00e1r\u00f3, Csolnok, Esztergom-kertv\u00e1ros: h\u00edrek, programok\",\"publisher\":{\"@id\":\"https:\\\/\\\/dorogimedence.hu\\\/#organization\"},\"potentialAction\":[{\"@type\":\"SearchAction\",\"target\":{\"@type\":\"EntryPoint\",\"urlTemplate\":\"https:\\\/\\\/dorogimedence.hu\\\/?s={search_term_string}\"},\"query-input\":{\"@type\":\"PropertyValueSpecification\",\"valueRequired\":true,\"valueName\":\"search_term_string\"}}],\"inLanguage\":\"hu\"},{\"@type\":\"Organization\",\"@id\":\"https:\\\/\\\/dorogimedence.hu\\\/#organization\",\"name\":\"Dorogi-medence Region\u00e1lis H\u00edrport\u00e1l\",\"url\":\"https:\\\/\\\/dorogimedence.hu\\\/\",\"logo\":{\"@type\":\"ImageObject\",\"inLanguage\":\"hu\",\"@id\":\"https:\\\/\\\/dorogimedence.hu\\\/#\\\/schema\\\/logo\\\/image\\\/\",\"url\":\"https:\\\/\\\/dorogimedence.hu\\\/wp-content\\\/uploads\\\/2021\\\/04\\\/logo-feher-600.png\",\"contentUrl\":\"https:\\\/\\\/dorogimedence.hu\\\/wp-content\\\/uploads\\\/2021\\\/04\\\/logo-feher-600.png\",\"width\":600,\"height\":100,\"caption\":\"Dorogi-medence Region\u00e1lis H\u00edrport\u00e1l\"},\"image\":{\"@id\":\"https:\\\/\\\/dorogimedence.hu\\\/#\\\/schema\\\/logo\\\/image\\\/\"},\"sameAs\":[\"https:\\\/\\\/www.facebook.com\\\/dorogimedence\\\/\"]},{\"@type\":\"Person\",\"@id\":\"https:\\\/\\\/dorogimedence.hu\\\/#\\\/schema\\\/person\\\/ce6091eeb7e95ecdc87890d6aa8e0fd4\",\"name\":\"dorogimedence.hu\",\"image\":{\"@type\":\"ImageObject\",\"inLanguage\":\"hu\",\"@id\":\"\\\/\\\/www.gravatar.com\\\/avatar\\\/d8d45f8901aadff40a4af72c0b826f1d?s=96&#038;r=g&#038;d=mm\",\"url\":\"\\\/\\\/www.gravatar.com\\\/avatar\\\/d8d45f8901aadff40a4af72c0b826f1d?s=96&#038;r=g&#038;d=mm\",\"contentUrl\":\"\\\/\\\/www.gravatar.com\\\/avatar\\\/d8d45f8901aadff40a4af72c0b826f1d?s=96&#038;r=g&#038;d=mm\",\"caption\":\"dorogimedence.hu\"}}]}<\/script>\n<!-- \/ Yoast SEO plugin. -->","yoast_head_json":{"title":"\u00dcnnepi menetrendek a t\u00f6megk\u00f6zleked\u00e9sben","robots":{"index":"index","follow":"follow","max-snippet":"max-snippet:-1","max-image-preview":"max-image-preview:large","max-video-preview":"max-video-preview:-1"},"canonical":"https:\/\/dorogimedence.hu\/index.php\/2019\/10\/21\/unnepi-menetrendek-a-tomegkozlekedesben\/","og_locale":"hu_HU","og_type":"article","og_title":"\u00dcnnepi menetrendek a t\u00f6megk\u00f6zleked\u00e9sben","og_description":"M\u00f3dos\u00edtott mentrend szerint k\u00f6zlekednek az aut\u00f3buszok \u00e9s a vonatok az \u00fcnnepnapokon \u00e9s az \u0151szi sz\u00fcnet ideje alatt. Az okt\u00f3ber 23-i \u00e9s a november 1-jei \u00fcnnepnapokon, valamint az \u0151szi sz\u00fcnet ideje alatt v\u00e1ltozik a helyk\u00f6zi \u00e9s a Vol\u00e1nbusz \u00fczemeltet\u00e9s\u00e9ben l\u00e9v\u0151 helyi j\u00e1ratok k\u00f6zleked\u00e9si rendje. Okt\u00f3ber 23-\u00e1n, a munkasz\u00fcneti napnak megfelel\u0151 menetrend lesz \u00e9rv\u00e9nyben. Okt\u00f3ber 28. \u00e9s","og_url":"https:\/\/dorogimedence.hu\/index.php\/2019\/10\/21\/unnepi-menetrendek-a-tomegkozlekedesben\/","og_site_name":"Dorogi-medence Region\u00e1lis H\u00edrport\u00e1l","article_publisher":"https:\/\/www.facebook.com\/dorogimedence\/","article_published_time":"2019-10-21T14:02:30+00:00","og_image":[{"width":670,"height":365,"url":"https:\/\/i0.wp.com\/dorogimedence.hu\/wp-content\/uploads\/2019\/10\/volanbusz.jpg?fit=670%2C365&ssl=1","type":"image\/jpeg"}],"author":"dorogimedence.hu","twitter_card":"summary_large_image","twitter_misc":{"Szerz\u0151:":"dorogimedence.hu","Becs\u00fclt olvas\u00e1si id\u0151":"1 perc"},"schema":{"@context":"https:\/\/schema.org","@graph":[{"@type":"Article","@id":"https:\/\/dorogimedence.hu\/index.php\/2019\/10\/21\/unnepi-menetrendek-a-tomegkozlekedesben\/#article","isPartOf":{"@id":"https:\/\/dorogimedence.hu\/index.php\/2019\/10\/21\/unnepi-menetrendek-a-tomegkozlekedesben\/"},"author":{"name":"dorogimedence.hu","@id":"https:\/\/dorogimedence.hu\/#\/schema\/person\/ce6091eeb7e95ecdc87890d6aa8e0fd4"},"headline":"\u00dcnnepi menetrendek a t\u00f6megk\u00f6zleked\u00e9sben","datePublished":"2019-10-21T14:02:30+00:00","mainEntityOfPage":{"@id":"https:\/\/dorogimedence.hu\/index.php\/2019\/10\/21\/unnepi-menetrendek-a-tomegkozlekedesben\/"},"wordCount":251,"publisher":{"@id":"https:\/\/dorogimedence.hu\/#organization"},"image":{"@id":"https:\/\/dorogimedence.hu\/index.php\/2019\/10\/21\/unnepi-menetrendek-a-tomegkozlekedesben\/#primaryimage"},"thumbnailUrl":"https:\/\/dorogimedence.hu\/wp-content\/uploads\/2019\/10\/volanbusz.jpg","keywords":["aut\u00f3busz","busz","k\u00f6zleked\u00e9s","m\u00e1v","menetrend","vol\u00e1nbusz","vonat"],"articleSection":["H\u00edrek"],"inLanguage":"hu"},{"@type":"WebPage","@id":"https:\/\/dorogimedence.hu\/index.php\/2019\/10\/21\/unnepi-menetrendek-a-tomegkozlekedesben\/","url":"https:\/\/dorogimedence.hu\/index.php\/2019\/10\/21\/unnepi-menetrendek-a-tomegkozlekedesben\/","name":"\u00dcnnepi menetrendek a t\u00f6megk\u00f6zleked\u00e9sben","isPartOf":{"@id":"https:\/\/dorogimedence.hu\/#website"},"primaryImageOfPage":{"@id":"https:\/\/dorogimedence.hu\/index.php\/2019\/10\/21\/unnepi-menetrendek-a-tomegkozlekedesben\/#primaryimage"},"image":{"@id":"https:\/\/dorogimedence.hu\/index.php\/2019\/10\/21\/unnepi-menetrendek-a-tomegkozlekedesben\/#primaryimage"},"thumbnailUrl":"https:\/\/dorogimedence.hu\/wp-content\/uploads\/2019\/10\/volanbusz.jpg","datePublished":"2019-10-21T14:02:30+00:00","breadcrumb":{"@id":"https:\/\/dorogimedence.hu\/index.php\/2019\/10\/21\/unnepi-menetrendek-a-tomegkozlekedesben\/#breadcrumb"},"inLanguage":"hu","potentialAction":[{"@type":"ReadAction","target":["https:\/\/dorogimedence.hu\/index.php\/2019\/10\/21\/unnepi-menetrendek-a-tomegkozlekedesben\/"]}]},{"@type":"ImageObject","inLanguage":"hu","@id":"https:\/\/dorogimedence.hu\/index.php\/2019\/10\/21\/unnepi-menetrendek-a-tomegkozlekedesben\/#primaryimage","url":"https:\/\/dorogimedence.hu\/wp-content\/uploads\/2019\/10\/volanbusz.jpg","contentUrl":"https:\/\/dorogimedence.hu\/wp-content\/uploads\/2019\/10\/volanbusz.jpg","width":670,"height":365},{"@type":"BreadcrumbList","@id":"https:\/\/dorogimedence.hu\/index.php\/2019\/10\/21\/unnepi-menetrendek-a-tomegkozlekedesben\/#breadcrumb","itemListElement":[{"@type":"ListItem","position":1,"name":"Kezd\u0151lap","item":"https:\/\/dorogimedence.hu\/"},{"@type":"ListItem","position":2,"name":"\u00dcnnepi menetrendek a t\u00f6megk\u00f6zleked\u00e9sben"}]},{"@type":"WebSite","@id":"https:\/\/dorogimedence.hu\/#website","url":"https:\/\/dorogimedence.hu\/","name":"Dorogi-medence Region\u00e1lis H\u00edrport\u00e1l","description":"Dorog, Keszt\u00f6lc, Le\u00e1nyv\u00e1r, Piliscs\u00e9v, Tokod, Tokodalt\u00e1r\u00f3, Csolnok, Esztergom-kertv\u00e1ros: h\u00edrek, programok","publisher":{"@id":"https:\/\/dorogimedence.hu\/#organization"},"potentialAction":[{"@type":"SearchAction","target":{"@type":"EntryPoint","urlTemplate":"https:\/\/dorogimedence.hu\/?s={search_term_string}"},"query-input":{"@type":"PropertyValueSpecification","valueRequired":true,"valueName":"search_term_string"}}],"inLanguage":"hu"},{"@type":"Organization","@id":"https:\/\/dorogimedence.hu\/#organization","name":"Dorogi-medence Region\u00e1lis H\u00edrport\u00e1l","url":"https:\/\/dorogimedence.hu\/","logo":{"@type":"ImageObject","inLanguage":"hu","@id":"https:\/\/dorogimedence.hu\/#\/schema\/logo\/image\/","url":"https:\/\/dorogimedence.hu\/wp-content\/uploads\/2021\/04\/logo-feher-600.png","contentUrl":"https:\/\/dorogimedence.hu\/wp-content\/uploads\/2021\/04\/logo-feher-600.png","width":600,"height":100,"caption":"Dorogi-medence Region\u00e1lis H\u00edrport\u00e1l"},"image":{"@id":"https:\/\/dorogimedence.hu\/#\/schema\/logo\/image\/"},"sameAs":["https:\/\/www.facebook.com\/dorogimedence\/"]},{"@type":"Person","@id":"https:\/\/dorogimedence.hu\/#\/schema\/person\/ce6091eeb7e95ecdc87890d6aa8e0fd4","name":"dorogimedence.hu","image":{"@type":"ImageObject","inLanguage":"hu","@id":"\/\/www.gravatar.com\/avatar\/d8d45f8901aadff40a4af72c0b826f1d?s=96&#038;r=g&#038;d=mm","url":"\/\/www.gravatar.com\/avatar\/d8d45f8901aadff40a4af72c0b826f1d?s=96&#038;r=g&#038;d=mm","contentUrl":"\/\/www.gravatar.com\/avatar\/d8d45f8901aadff40a4af72c0b826f1d?s=96&#038;r=g&#038;d=mm","caption":"dorogimedence.hu"}}]}},"_links":{"self":[{"href":"https:\/\/dorogimedence.hu\/index.php\/wp-json\/wp\/v2\/posts\/20396","targetHints":{"allow":["GET"]}}],"collection":[{"href":"https:\/\/dorogimedence.hu\/index.php\/wp-json\/wp\/v2\/posts"}],"about":[{"href":"https:\/\/dorogimedence.hu\/index.php\/wp-json\/wp\/v2\/types\/post"}],"author":[{"embeddable":true,"href":"https:\/\/dorogimedence.hu\/index.php\/wp-json\/wp\/v2\/users\/1"}],"replies":[{"embeddable":true,"href":"https:\/\/dorogimedence.hu\/index.php\/wp-json\/wp\/v2\/comments?post=20396"}],"version-history":[{"count":0,"href":"https:\/\/dorogimedence.hu\/index.php\/wp-json\/wp\/v2\/posts\/20396\/revisions"}],"wp:featuredmedia":[{"embeddable":true,"href":"https:\/\/dorogimedence.hu\/index.php\/wp-json\/wp\/v2\/media\/20398"}],"wp:attachment":[{"href":"https:\/\/dorogimedence.hu\/index.php\/wp-json\/wp\/v2\/media?parent=20396"}],"wp:term":[{"taxonomy":"category","embeddable":true,"href":"https:\/\/dorogimedence.hu\/index.php\/wp-json\/wp\/v2\/categories?post=20396"},{"taxonomy":"post_tag","embeddable":true,"href":"https:\/\/dorogimedence.hu\/index.php\/wp-json\/wp\/v2\/tags?post=20396"}],"curies":[{"name":"wp","href":"https:\/\/api.w.org\/{rel}","templated":true}]}}