{"id":20289,"date":"2019-10-16T10:43:59","date_gmt":"2019-10-16T08:43:59","guid":{"rendered":"http:\/\/dorogimedence.hu\/?p=20289"},"modified":"2019-10-16T10:43:59","modified_gmt":"2019-10-16T08:43:59","slug":"megzavarta-a-focimeccset-vadat-emeltek-ellene","status":"publish","type":"post","link":"https:\/\/dorogimedence.hu\/index.php\/2019\/10\/16\/megzavarta-a-focimeccset-vadat-emeltek-ellene\/","title":{"rendered":"Megzavarta a focimeccset, v\u00e1dat emeltek ellene"},"content":{"rendered":"<div class=\"item_body\">\n<div class=\"item_introtext\">\n<p><strong>Az Esztergomi J\u00e1r\u00e1si \u00dcgy\u00e9szs\u00e9g rendbont\u00e1s v\u00e9ts\u00e9ge miatt ny\u00fajtott be v\u00e1diratot egy dorogi f\u00e9rfival szemben, aki egy focimeccsen enged\u00e9ly n\u00e9lk\u00fcl ment be a p\u00e1ly\u00e1ra.<\/strong><\/p>\n<\/div>\n<div class=\"item_fulltext\">\n<p>A v\u00e1dlott 2019. m\u00e1jus 01. napj\u00e1n 17.00 \u00f3r\u00e1t\u00f3l Dorogon a K\u00f6zt\u00e1rsas\u00e1g \u00fat 3. sz\u00e1m alatti Buz\u00e1nszky Jen\u0151 Labdar\u00fag\u00f3 Stadionban n\u00e9z\u0151k\u00e9nt r\u00e9szt vett a labdar\u00fag\u00f3m\u00e9rk\u0151z\u00e9sen. A m\u00e9rk\u0151z\u00e9s 89. perc\u00e9ben a v\u00e1dlott \u00e1tm\u00e1szott a n\u00e9z\u0151teret \u00e9s a j\u00e1t\u00e9kosr\u00e9szt elv\u00e1laszt\u00f3 kordonon \u00e9s \u00e1tment a p\u00e1ly\u00e1t k\u00f6r\u00fclvev\u0151 salakos r\u00e9szen eg\u00e9szen a f\u00fcves r\u00e9sz sz\u00e9l\u00e9ig, r\u00f6vid ideig ott tart\u00f3zkodott, majd onnan a rendezv\u00e9nybiztos\u00edt\u00f3 szem\u00e9lyzet kik\u00eds\u00e9rte. A v\u00e1dlott a kik\u00eds\u00e9r\u00e9s sor\u00e1n ellen\u00e1ll\u00e1st, er\u0151szakot nem tan\u00fas\u00edtott.<\/p>\n<p>A v\u00e1dlott b\u00fcntetett el\u0151\u00e9let\u0171, \u0151t a b\u00edr\u00f3s\u00e1g 2013-ban nyilv\u00e1nos rendezv\u00e9nyen elk\u00f6vetett gar\u00e1zdas\u00e1g b\u0171ntette miatt 156.000,- Ft p\u00e9nzb\u00fcntet\u00e9sre \u00e9s 1 \u00e9v sportrendezv\u00e9nyek l\u00e1togat\u00e1s\u00e1t\u00f3l&nbsp; val\u00f3 eltilt\u00e1sra \u00edt\u00e9lte.<\/p>\n<p>Az \u00fcgy\u00e9szs\u00e9g a v\u00e1diratban arra tett ind\u00edtv\u00e1nyt, hogy a b\u00edr\u00f3s\u00e1g b\u00fcntet\u0151v\u00e9gz\u00e9sben, t\u00e1rgyal\u00e1s mell\u0151z\u00e9s\u00e9vel a v\u00e1dlottat v\u00e9grehajt\u00e1s\u00e1ban felf\u00fcggesztett fogh\u00e1zb\u00fcntet\u00e9sre, \u00e9s hosszabb id\u0151re a dorogi stadionba, valamint a Magyar Labdar\u00fag\u00f3 Sz\u00f6vets\u00e9g versenyrendszer\u00e9be tartoz\u00f3 sportesem\u00e9ny helysz\u00edn\u00e9re t\u00f6rt\u00e9n\u0151 bel\u00e9p\u00e9st\u0151l eltilt\u00e1sra \u00edt\u00e9lje.<\/p>\n<p><em>Kom\u00e1rom-Esztergom Megyei F\u0151\u00fcgy\u00e9szs\u00e9g Sajt\u00f3<\/em><\/p>\n<\/div>\n<\/div>\n","protected":false},"excerpt":{"rendered":"<p>Az Esztergomi J\u00e1r\u00e1si \u00dcgy\u00e9szs\u00e9g rendbont\u00e1s v\u00e9ts\u00e9ge miatt ny\u00fajtott be v\u00e1diratot egy dorogi f\u00e9rfival szemben, aki egy focimeccsen enged\u00e9ly n\u00e9lk\u00fcl ment be a p\u00e1ly\u00e1ra. A v\u00e1dlott 2019. m\u00e1jus 01. napj\u00e1n 17.00 \u00f3r\u00e1t\u00f3l Dorogon a K\u00f6zt\u00e1rsas\u00e1g \u00fat 3. sz\u00e1m alatti Buz\u00e1nszky Jen\u0151 Labdar\u00fag\u00f3 Stadionban n\u00e9z\u0151k\u00e9nt r\u00e9szt vett a labdar\u00fag\u00f3m\u00e9rk\u0151z\u00e9sen. A m\u00e9rk\u0151z\u00e9s 89. perc\u00e9ben a v\u00e1dlott \u00e1tm\u00e1szott a<\/p>\n","protected":false},"author":1,"featured_media":20290,"comment_status":"closed","ping_status":"closed","sticky":false,"template":"","format":"standard","meta":{"ngg_post_thumbnail":0,"footnotes":""},"categories":[2,3,39],"tags":[1042,15,4366,326,252],"class_list":{"0":"post-20289","1":"post","2":"type-post","3":"status-publish","4":"format-standard","5":"has-post-thumbnail","7":"category-dorog","8":"category-hirek","9":"category-kek-hirek","10":"tag-birosag","11":"tag-dorog","12":"tag-focimeccs","13":"tag-ugyeszseg","14":"tag-vademeles"},"yoast_head":"<!-- This site is optimized with the Yoast SEO plugin v27.5 - https:\/\/yoast.com\/product\/yoast-seo-wordpress\/ -->\n<title>Megzavarta a focimeccset, v\u00e1dat emeltek ellene<\/title>\n<meta name=\"robots\" content=\"index, follow, max-snippet:-1, max-image-preview:large, max-video-preview:-1\" \/>\n<link rel=\"canonical\" href=\"https:\/\/dorogimedence.hu\/index.php\/2019\/10\/16\/megzavarta-a-focimeccset-vadat-emeltek-ellene\/\" class=\"yoast-seo-meta-tag\" \/>\n<meta property=\"og:locale\" content=\"hu_HU\" class=\"yoast-seo-meta-tag\" \/>\n<meta property=\"og:type\" content=\"article\" class=\"yoast-seo-meta-tag\" \/>\n<meta property=\"og:title\" content=\"Megzavarta a focimeccset, v\u00e1dat emeltek ellene\" class=\"yoast-seo-meta-tag\" \/>\n<meta property=\"og:description\" content=\"Az Esztergomi J\u00e1r\u00e1si \u00dcgy\u00e9szs\u00e9g rendbont\u00e1s v\u00e9ts\u00e9ge miatt ny\u00fajtott be v\u00e1diratot egy dorogi f\u00e9rfival szemben, aki egy focimeccsen enged\u00e9ly n\u00e9lk\u00fcl ment be a p\u00e1ly\u00e1ra. A v\u00e1dlott 2019. m\u00e1jus 01. napj\u00e1n 17.00 \u00f3r\u00e1t\u00f3l Dorogon a K\u00f6zt\u00e1rsas\u00e1g \u00fat 3. sz\u00e1m alatti Buz\u00e1nszky Jen\u0151 Labdar\u00fag\u00f3 Stadionban n\u00e9z\u0151k\u00e9nt r\u00e9szt vett a labdar\u00fag\u00f3m\u00e9rk\u0151z\u00e9sen. A m\u00e9rk\u0151z\u00e9s 89. perc\u00e9ben a v\u00e1dlott \u00e1tm\u00e1szott a\" class=\"yoast-seo-meta-tag\" \/>\n<meta property=\"og:url\" content=\"https:\/\/dorogimedence.hu\/index.php\/2019\/10\/16\/megzavarta-a-focimeccset-vadat-emeltek-ellene\/\" class=\"yoast-seo-meta-tag\" \/>\n<meta property=\"og:site_name\" content=\"Dorogi-medence Region\u00e1lis H\u00edrport\u00e1l\" class=\"yoast-seo-meta-tag\" \/>\n<meta property=\"article:publisher\" content=\"https:\/\/www.facebook.com\/dorogimedence\/\" class=\"yoast-seo-meta-tag\" \/>\n<meta property=\"article:published_time\" content=\"2019-10-16T08:43:59+00:00\" class=\"yoast-seo-meta-tag\" \/>\n<meta property=\"og:image\" content=\"https:\/\/i0.wp.com\/dorogimedence.hu\/wp-content\/uploads\/2019\/10\/foci.jpg?fit=670%2C365&ssl=1\" class=\"yoast-seo-meta-tag\" \/>\n\t<meta property=\"og:image:width\" content=\"670\" class=\"yoast-seo-meta-tag\" \/>\n\t<meta property=\"og:image:height\" content=\"365\" class=\"yoast-seo-meta-tag\" \/>\n\t<meta property=\"og:image:type\" content=\"image\/jpeg\" class=\"yoast-seo-meta-tag\" \/>\n<meta name=\"author\" content=\"dorogimedence.hu\" class=\"yoast-seo-meta-tag\" \/>\n<meta name=\"twitter:card\" content=\"summary_large_image\" class=\"yoast-seo-meta-tag\" \/>\n<meta name=\"twitter:label1\" content=\"Szerz\u0151:\" class=\"yoast-seo-meta-tag\" \/>\n\t<meta name=\"twitter:data1\" content=\"dorogimedence.hu\" class=\"yoast-seo-meta-tag\" \/>\n\t<meta name=\"twitter:label2\" content=\"Becs\u00fclt olvas\u00e1si id\u0151\" class=\"yoast-seo-meta-tag\" \/>\n\t<meta name=\"twitter:data2\" content=\"1 perc\" class=\"yoast-seo-meta-tag\" \/>\n<script type=\"application\/ld+json\" class=\"yoast-schema-graph\">{\"@context\":\"https:\\\/\\\/schema.org\",\"@graph\":[{\"@type\":\"Article\",\"@id\":\"https:\\\/\\\/dorogimedence.hu\\\/index.php\\\/2019\\\/10\\\/16\\\/megzavarta-a-focimeccset-vadat-emeltek-ellene\\\/#article\",\"isPartOf\":{\"@id\":\"https:\\\/\\\/dorogimedence.hu\\\/index.php\\\/2019\\\/10\\\/16\\\/megzavarta-a-focimeccset-vadat-emeltek-ellene\\\/\"},\"author\":{\"name\":\"dorogimedence.hu\",\"@id\":\"https:\\\/\\\/dorogimedence.hu\\\/#\\\/schema\\\/person\\\/ce6091eeb7e95ecdc87890d6aa8e0fd4\"},\"headline\":\"Megzavarta a focimeccset, v\u00e1dat emeltek ellene\",\"datePublished\":\"2019-10-16T08:43:59+00:00\",\"mainEntityOfPage\":{\"@id\":\"https:\\\/\\\/dorogimedence.hu\\\/index.php\\\/2019\\\/10\\\/16\\\/megzavarta-a-focimeccset-vadat-emeltek-ellene\\\/\"},\"wordCount\":300,\"publisher\":{\"@id\":\"https:\\\/\\\/dorogimedence.hu\\\/#organization\"},\"image\":{\"@id\":\"https:\\\/\\\/dorogimedence.hu\\\/index.php\\\/2019\\\/10\\\/16\\\/megzavarta-a-focimeccset-vadat-emeltek-ellene\\\/#primaryimage\"},\"thumbnailUrl\":\"https:\\\/\\\/dorogimedence.hu\\\/wp-content\\\/uploads\\\/2019\\\/10\\\/foci.jpg\",\"keywords\":[\"b\u00edr\u00f3s\u00e1g\",\"Dorog\",\"focimeccs\",\"\u00fcgy\u00e9szs\u00e9g\",\"v\u00e1demel\u00e9s\"],\"articleSection\":[\"Dorog\",\"H\u00edrek\",\"K\u00e9k h\u00edrek\"],\"inLanguage\":\"hu\"},{\"@type\":\"WebPage\",\"@id\":\"https:\\\/\\\/dorogimedence.hu\\\/index.php\\\/2019\\\/10\\\/16\\\/megzavarta-a-focimeccset-vadat-emeltek-ellene\\\/\",\"url\":\"https:\\\/\\\/dorogimedence.hu\\\/index.php\\\/2019\\\/10\\\/16\\\/megzavarta-a-focimeccset-vadat-emeltek-ellene\\\/\",\"name\":\"Megzavarta a focimeccset, v\u00e1dat emeltek ellene\",\"isPartOf\":{\"@id\":\"https:\\\/\\\/dorogimedence.hu\\\/#website\"},\"primaryImageOfPage\":{\"@id\":\"https:\\\/\\\/dorogimedence.hu\\\/index.php\\\/2019\\\/10\\\/16\\\/megzavarta-a-focimeccset-vadat-emeltek-ellene\\\/#primaryimage\"},\"image\":{\"@id\":\"https:\\\/\\\/dorogimedence.hu\\\/index.php\\\/2019\\\/10\\\/16\\\/megzavarta-a-focimeccset-vadat-emeltek-ellene\\\/#primaryimage\"},\"thumbnailUrl\":\"https:\\\/\\\/dorogimedence.hu\\\/wp-content\\\/uploads\\\/2019\\\/10\\\/foci.jpg\",\"datePublished\":\"2019-10-16T08:43:59+00:00\",\"breadcrumb\":{\"@id\":\"https:\\\/\\\/dorogimedence.hu\\\/index.php\\\/2019\\\/10\\\/16\\\/megzavarta-a-focimeccset-vadat-emeltek-ellene\\\/#breadcrumb\"},\"inLanguage\":\"hu\",\"potentialAction\":[{\"@type\":\"ReadAction\",\"target\":[\"https:\\\/\\\/dorogimedence.hu\\\/index.php\\\/2019\\\/10\\\/16\\\/megzavarta-a-focimeccset-vadat-emeltek-ellene\\\/\"]}]},{\"@type\":\"ImageObject\",\"inLanguage\":\"hu\",\"@id\":\"https:\\\/\\\/dorogimedence.hu\\\/index.php\\\/2019\\\/10\\\/16\\\/megzavarta-a-focimeccset-vadat-emeltek-ellene\\\/#primaryimage\",\"url\":\"https:\\\/\\\/dorogimedence.hu\\\/wp-content\\\/uploads\\\/2019\\\/10\\\/foci.jpg\",\"contentUrl\":\"https:\\\/\\\/dorogimedence.hu\\\/wp-content\\\/uploads\\\/2019\\\/10\\\/foci.jpg\",\"width\":670,\"height\":365},{\"@type\":\"BreadcrumbList\",\"@id\":\"https:\\\/\\\/dorogimedence.hu\\\/index.php\\\/2019\\\/10\\\/16\\\/megzavarta-a-focimeccset-vadat-emeltek-ellene\\\/#breadcrumb\",\"itemListElement\":[{\"@type\":\"ListItem\",\"position\":1,\"name\":\"Kezd\u0151lap\",\"item\":\"https:\\\/\\\/dorogimedence.hu\\\/\"},{\"@type\":\"ListItem\",\"position\":2,\"name\":\"Megzavarta a focimeccset, v\u00e1dat emeltek ellene\"}]},{\"@type\":\"WebSite\",\"@id\":\"https:\\\/\\\/dorogimedence.hu\\\/#website\",\"url\":\"https:\\\/\\\/dorogimedence.hu\\\/\",\"name\":\"Dorogi-medence Region\u00e1lis H\u00edrport\u00e1l\",\"description\":\"Dorog, Keszt\u00f6lc, Le\u00e1nyv\u00e1r, Piliscs\u00e9v, Tokod, Tokodalt\u00e1r\u00f3, Csolnok, Esztergom-kertv\u00e1ros: h\u00edrek, programok\",\"publisher\":{\"@id\":\"https:\\\/\\\/dorogimedence.hu\\\/#organization\"},\"potentialAction\":[{\"@type\":\"SearchAction\",\"target\":{\"@type\":\"EntryPoint\",\"urlTemplate\":\"https:\\\/\\\/dorogimedence.hu\\\/?s={search_term_string}\"},\"query-input\":{\"@type\":\"PropertyValueSpecification\",\"valueRequired\":true,\"valueName\":\"search_term_string\"}}],\"inLanguage\":\"hu\"},{\"@type\":\"Organization\",\"@id\":\"https:\\\/\\\/dorogimedence.hu\\\/#organization\",\"name\":\"Dorogi-medence Region\u00e1lis H\u00edrport\u00e1l\",\"url\":\"https:\\\/\\\/dorogimedence.hu\\\/\",\"logo\":{\"@type\":\"ImageObject\",\"inLanguage\":\"hu\",\"@id\":\"https:\\\/\\\/dorogimedence.hu\\\/#\\\/schema\\\/logo\\\/image\\\/\",\"url\":\"https:\\\/\\\/dorogimedence.hu\\\/wp-content\\\/uploads\\\/2021\\\/04\\\/logo-feher-600.png\",\"contentUrl\":\"https:\\\/\\\/dorogimedence.hu\\\/wp-content\\\/uploads\\\/2021\\\/04\\\/logo-feher-600.png\",\"width\":600,\"height\":100,\"caption\":\"Dorogi-medence Region\u00e1lis H\u00edrport\u00e1l\"},\"image\":{\"@id\":\"https:\\\/\\\/dorogimedence.hu\\\/#\\\/schema\\\/logo\\\/image\\\/\"},\"sameAs\":[\"https:\\\/\\\/www.facebook.com\\\/dorogimedence\\\/\"]},{\"@type\":\"Person\",\"@id\":\"https:\\\/\\\/dorogimedence.hu\\\/#\\\/schema\\\/person\\\/ce6091eeb7e95ecdc87890d6aa8e0fd4\",\"name\":\"dorogimedence.hu\",\"image\":{\"@type\":\"ImageObject\",\"inLanguage\":\"hu\",\"@id\":\"\\\/\\\/www.gravatar.com\\\/avatar\\\/d8d45f8901aadff40a4af72c0b826f1d?s=96&#038;r=g&#038;d=mm\",\"url\":\"\\\/\\\/www.gravatar.com\\\/avatar\\\/d8d45f8901aadff40a4af72c0b826f1d?s=96&#038;r=g&#038;d=mm\",\"contentUrl\":\"\\\/\\\/www.gravatar.com\\\/avatar\\\/d8d45f8901aadff40a4af72c0b826f1d?s=96&#038;r=g&#038;d=mm\",\"caption\":\"dorogimedence.hu\"}}]}<\/script>\n<!-- \/ Yoast SEO plugin. -->","yoast_head_json":{"title":"Megzavarta a focimeccset, v\u00e1dat emeltek ellene","robots":{"index":"index","follow":"follow","max-snippet":"max-snippet:-1","max-image-preview":"max-image-preview:large","max-video-preview":"max-video-preview:-1"},"canonical":"https:\/\/dorogimedence.hu\/index.php\/2019\/10\/16\/megzavarta-a-focimeccset-vadat-emeltek-ellene\/","og_locale":"hu_HU","og_type":"article","og_title":"Megzavarta a focimeccset, v\u00e1dat emeltek ellene","og_description":"Az Esztergomi J\u00e1r\u00e1si \u00dcgy\u00e9szs\u00e9g rendbont\u00e1s v\u00e9ts\u00e9ge miatt ny\u00fajtott be v\u00e1diratot egy dorogi f\u00e9rfival szemben, aki egy focimeccsen enged\u00e9ly n\u00e9lk\u00fcl ment be a p\u00e1ly\u00e1ra. A v\u00e1dlott 2019. m\u00e1jus 01. napj\u00e1n 17.00 \u00f3r\u00e1t\u00f3l Dorogon a K\u00f6zt\u00e1rsas\u00e1g \u00fat 3. sz\u00e1m alatti Buz\u00e1nszky Jen\u0151 Labdar\u00fag\u00f3 Stadionban n\u00e9z\u0151k\u00e9nt r\u00e9szt vett a labdar\u00fag\u00f3m\u00e9rk\u0151z\u00e9sen. A m\u00e9rk\u0151z\u00e9s 89. perc\u00e9ben a v\u00e1dlott \u00e1tm\u00e1szott a","og_url":"https:\/\/dorogimedence.hu\/index.php\/2019\/10\/16\/megzavarta-a-focimeccset-vadat-emeltek-ellene\/","og_site_name":"Dorogi-medence Region\u00e1lis H\u00edrport\u00e1l","article_publisher":"https:\/\/www.facebook.com\/dorogimedence\/","article_published_time":"2019-10-16T08:43:59+00:00","og_image":[{"width":670,"height":365,"url":"https:\/\/i0.wp.com\/dorogimedence.hu\/wp-content\/uploads\/2019\/10\/foci.jpg?fit=670%2C365&ssl=1","type":"image\/jpeg"}],"author":"dorogimedence.hu","twitter_card":"summary_large_image","twitter_misc":{"Szerz\u0151:":"dorogimedence.hu","Becs\u00fclt olvas\u00e1si id\u0151":"1 perc"},"schema":{"@context":"https:\/\/schema.org","@graph":[{"@type":"Article","@id":"https:\/\/dorogimedence.hu\/index.php\/2019\/10\/16\/megzavarta-a-focimeccset-vadat-emeltek-ellene\/#article","isPartOf":{"@id":"https:\/\/dorogimedence.hu\/index.php\/2019\/10\/16\/megzavarta-a-focimeccset-vadat-emeltek-ellene\/"},"author":{"name":"dorogimedence.hu","@id":"https:\/\/dorogimedence.hu\/#\/schema\/person\/ce6091eeb7e95ecdc87890d6aa8e0fd4"},"headline":"Megzavarta a focimeccset, v\u00e1dat emeltek ellene","datePublished":"2019-10-16T08:43:59+00:00","mainEntityOfPage":{"@id":"https:\/\/dorogimedence.hu\/index.php\/2019\/10\/16\/megzavarta-a-focimeccset-vadat-emeltek-ellene\/"},"wordCount":300,"publisher":{"@id":"https:\/\/dorogimedence.hu\/#organization"},"image":{"@id":"https:\/\/dorogimedence.hu\/index.php\/2019\/10\/16\/megzavarta-a-focimeccset-vadat-emeltek-ellene\/#primaryimage"},"thumbnailUrl":"https:\/\/dorogimedence.hu\/wp-content\/uploads\/2019\/10\/foci.jpg","keywords":["b\u00edr\u00f3s\u00e1g","Dorog","focimeccs","\u00fcgy\u00e9szs\u00e9g","v\u00e1demel\u00e9s"],"articleSection":["Dorog","H\u00edrek","K\u00e9k h\u00edrek"],"inLanguage":"hu"},{"@type":"WebPage","@id":"https:\/\/dorogimedence.hu\/index.php\/2019\/10\/16\/megzavarta-a-focimeccset-vadat-emeltek-ellene\/","url":"https:\/\/dorogimedence.hu\/index.php\/2019\/10\/16\/megzavarta-a-focimeccset-vadat-emeltek-ellene\/","name":"Megzavarta a focimeccset, v\u00e1dat emeltek ellene","isPartOf":{"@id":"https:\/\/dorogimedence.hu\/#website"},"primaryImageOfPage":{"@id":"https:\/\/dorogimedence.hu\/index.php\/2019\/10\/16\/megzavarta-a-focimeccset-vadat-emeltek-ellene\/#primaryimage"},"image":{"@id":"https:\/\/dorogimedence.hu\/index.php\/2019\/10\/16\/megzavarta-a-focimeccset-vadat-emeltek-ellene\/#primaryimage"},"thumbnailUrl":"https:\/\/dorogimedence.hu\/wp-content\/uploads\/2019\/10\/foci.jpg","datePublished":"2019-10-16T08:43:59+00:00","breadcrumb":{"@id":"https:\/\/dorogimedence.hu\/index.php\/2019\/10\/16\/megzavarta-a-focimeccset-vadat-emeltek-ellene\/#breadcrumb"},"inLanguage":"hu","potentialAction":[{"@type":"ReadAction","target":["https:\/\/dorogimedence.hu\/index.php\/2019\/10\/16\/megzavarta-a-focimeccset-vadat-emeltek-ellene\/"]}]},{"@type":"ImageObject","inLanguage":"hu","@id":"https:\/\/dorogimedence.hu\/index.php\/2019\/10\/16\/megzavarta-a-focimeccset-vadat-emeltek-ellene\/#primaryimage","url":"https:\/\/dorogimedence.hu\/wp-content\/uploads\/2019\/10\/foci.jpg","contentUrl":"https:\/\/dorogimedence.hu\/wp-content\/uploads\/2019\/10\/foci.jpg","width":670,"height":365},{"@type":"BreadcrumbList","@id":"https:\/\/dorogimedence.hu\/index.php\/2019\/10\/16\/megzavarta-a-focimeccset-vadat-emeltek-ellene\/#breadcrumb","itemListElement":[{"@type":"ListItem","position":1,"name":"Kezd\u0151lap","item":"https:\/\/dorogimedence.hu\/"},{"@type":"ListItem","position":2,"name":"Megzavarta a focimeccset, v\u00e1dat emeltek ellene"}]},{"@type":"WebSite","@id":"https:\/\/dorogimedence.hu\/#website","url":"https:\/\/dorogimedence.hu\/","name":"Dorogi-medence Region\u00e1lis H\u00edrport\u00e1l","description":"Dorog, Keszt\u00f6lc, Le\u00e1nyv\u00e1r, Piliscs\u00e9v, Tokod, Tokodalt\u00e1r\u00f3, Csolnok, Esztergom-kertv\u00e1ros: h\u00edrek, programok","publisher":{"@id":"https:\/\/dorogimedence.hu\/#organization"},"potentialAction":[{"@type":"SearchAction","target":{"@type":"EntryPoint","urlTemplate":"https:\/\/dorogimedence.hu\/?s={search_term_string}"},"query-input":{"@type":"PropertyValueSpecification","valueRequired":true,"valueName":"search_term_string"}}],"inLanguage":"hu"},{"@type":"Organization","@id":"https:\/\/dorogimedence.hu\/#organization","name":"Dorogi-medence Region\u00e1lis H\u00edrport\u00e1l","url":"https:\/\/dorogimedence.hu\/","logo":{"@type":"ImageObject","inLanguage":"hu","@id":"https:\/\/dorogimedence.hu\/#\/schema\/logo\/image\/","url":"https:\/\/dorogimedence.hu\/wp-content\/uploads\/2021\/04\/logo-feher-600.png","contentUrl":"https:\/\/dorogimedence.hu\/wp-content\/uploads\/2021\/04\/logo-feher-600.png","width":600,"height":100,"caption":"Dorogi-medence Region\u00e1lis H\u00edrport\u00e1l"},"image":{"@id":"https:\/\/dorogimedence.hu\/#\/schema\/logo\/image\/"},"sameAs":["https:\/\/www.facebook.com\/dorogimedence\/"]},{"@type":"Person","@id":"https:\/\/dorogimedence.hu\/#\/schema\/person\/ce6091eeb7e95ecdc87890d6aa8e0fd4","name":"dorogimedence.hu","image":{"@type":"ImageObject","inLanguage":"hu","@id":"\/\/www.gravatar.com\/avatar\/d8d45f8901aadff40a4af72c0b826f1d?s=96&#038;r=g&#038;d=mm","url":"\/\/www.gravatar.com\/avatar\/d8d45f8901aadff40a4af72c0b826f1d?s=96&#038;r=g&#038;d=mm","contentUrl":"\/\/www.gravatar.com\/avatar\/d8d45f8901aadff40a4af72c0b826f1d?s=96&#038;r=g&#038;d=mm","caption":"dorogimedence.hu"}}]}},"_links":{"self":[{"href":"https:\/\/dorogimedence.hu\/index.php\/wp-json\/wp\/v2\/posts\/20289","targetHints":{"allow":["GET"]}}],"collection":[{"href":"https:\/\/dorogimedence.hu\/index.php\/wp-json\/wp\/v2\/posts"}],"about":[{"href":"https:\/\/dorogimedence.hu\/index.php\/wp-json\/wp\/v2\/types\/post"}],"author":[{"embeddable":true,"href":"https:\/\/dorogimedence.hu\/index.php\/wp-json\/wp\/v2\/users\/1"}],"replies":[{"embeddable":true,"href":"https:\/\/dorogimedence.hu\/index.php\/wp-json\/wp\/v2\/comments?post=20289"}],"version-history":[{"count":0,"href":"https:\/\/dorogimedence.hu\/index.php\/wp-json\/wp\/v2\/posts\/20289\/revisions"}],"wp:featuredmedia":[{"embeddable":true,"href":"https:\/\/dorogimedence.hu\/index.php\/wp-json\/wp\/v2\/media\/20290"}],"wp:attachment":[{"href":"https:\/\/dorogimedence.hu\/index.php\/wp-json\/wp\/v2\/media?parent=20289"}],"wp:term":[{"taxonomy":"category","embeddable":true,"href":"https:\/\/dorogimedence.hu\/index.php\/wp-json\/wp\/v2\/categories?post=20289"},{"taxonomy":"post_tag","embeddable":true,"href":"https:\/\/dorogimedence.hu\/index.php\/wp-json\/wp\/v2\/tags?post=20289"}],"curies":[{"name":"wp","href":"https:\/\/api.w.org\/{rel}","templated":true}]}}