{"id":20127,"date":"2019-10-10T11:32:29","date_gmt":"2019-10-10T09:32:29","guid":{"rendered":"http:\/\/dorogimedence.hu\/?p=20127"},"modified":"2019-10-10T11:32:29","modified_gmt":"2019-10-10T09:32:29","slug":"hidegrekord-dolt-meg-tersegunkben-kedden","status":"publish","type":"post","link":"https:\/\/dorogimedence.hu\/index.php\/2019\/10\/10\/hidegrekord-dolt-meg-tersegunkben-kedden\/","title":{"rendered":"Hidegrekord d\u0151lt meg t\u00e9rs\u00e9g\u00fcnkben kedden"},"content":{"rendered":"<p><strong>Fagyos reggelre \u00e9bredhett\u00fcnk okt\u00f3ber 8-\u00e1n, ugyanis kedden hajnalban t\u00e9rs\u00e9g\u00fcnk t\u00f6bb pontj\u00e1n is fagypont al\u00e1 s\u00fcllyedt a h\u0151m\u00e9rs\u00e9klet, s\u0151t m\u00e9g a hidegrekord is megd\u0151lt &#8211; \u00edrja a <a href=\"https:\/\/dorog-esztergom-idojarasa.hu\/hirek\/csipos-reggelen-dolt-meg-a-hidegrekord-tersegunkben\/\" target=\"_blank\" rel=\"noopener noreferrer\"><span style=\"text-decoration: underline; color: #0000ff;\">Dorog-Esztergom t\u00e9rs\u00e9g\u00e9nek id\u0151j\u00e1r\u00e1s oldala<\/span><\/a>.<br \/>\n<\/strong><\/p>\n<p>Az el\u0151rejelz\u00e9snek megfelel\u0151en o<strong>kt\u00f3ber 8-\u00e1n cs\u00edp\u0151s reggelre \u00e9bredhett\u00fcnk<\/strong>, mely\u00e9rt t\u00f6bbek k\u00f6z\u00f6tt a sz\u00e9lcsendes id\u0151 \u00e9s a der\u00fclt \u00e9gbolt okolhat\u00f3.<strong> A dorogi m\u00e9r\u0151m\u0171szer<\/strong> szerint a v\u00e1rosban <strong>-1 fokig<\/strong> s\u00fcllyedt a h\u0151m\u00e9rs\u00e9klet, de <strong>S\u00e1ris\u00e1pon<\/strong> m\u00e9g enn\u00e9l is hidegebb volt, hiszen ott <strong>-2,4 fokot m\u00e9rt\u00fcnk.<\/strong><\/p>\n<p>Az id\u0151j\u00e1r\u00e1s oldal egy kedves<strong> d\u00e1gi olvas\u00f3ja<\/strong> nyerte a versenyt: az \u0151 eszk\u00f6ze <strong>-2,6 fokot m\u00e9rt<\/strong>, \u00e1ll\u00edt\u00e1s\u00e1t pedig a bek\u00fcld\u00f6tt f\u00e9nyk\u00e9ppel igazolta. Ezt megel\u0151z\u0151en \u00e1prilis 16-\u00e1n volt fagy t\u00e9rs\u00e9g\u00fcnkben (ugyan szeptemberben volt egy talajmenti fagy, de az annyira nem volt jelent\u0151s, hogy sz\u00f3ra sem \u00e9rdemes).<\/p>\n<p>A helyi amat\u0151r meteorol\u00f3gus csapat 2006 \u00f3ta vezet nyilv\u00e1ntart\u00e1st a napi legmagasabb \u00e9s legalacsonyabb h\u0151m\u00e9rs\u00e9kletekr\u0151l. Ennek f\u00e9ny\u00e9ben kijelenthetj\u00fck, hogy megd\u0151lt a hidegrekord is: a kor\u00e1bbi -0,2 \u00b0C, helyett -2,4 \u00b0C \u00e9rt\u00e9k ker\u00fclt be a t\u00e1bl\u00e1zatukba.<\/p>\n<p>A fagyos id\u0151 amilyen gyorsan j\u00f6tt, olyan hirtelen t\u00e1vozott is, hiszen<strong> okt\u00f3ber 9-\u00e9n, vagyis m\u00e1snap reggel 10 fokra \u00e9bredhett\u00fcnk!<\/strong><\/p>\n<p>Tov\u00e1bbi inform\u00e1ci\u00f3k\u00e9rt k\u00f6vess\u00e9k a <a href=\"https:\/\/www.facebook.com\/weatherdorog\/\" target=\"_blank\" rel=\"noopener noreferrer\"><span style=\"text-decoration: underline; color: #0000ff;\">Dorog-Esztergom t\u00e9rs\u00e9g\u00e9nek id\u0151j\u00e1r\u00e1sa<\/span><\/a> Facebook oldalt!<\/p>\n<p><em>Fot\u00f3, forr\u00e1s: Dorog-Esztergom t\u00e9rs\u00e9g\u00e9nek id\u0151j\u00e1r\u00e1s oldala<\/em><\/p>\n","protected":false},"excerpt":{"rendered":"<p>Fagyos reggelre \u00e9bredhett\u00fcnk okt\u00f3ber 8-\u00e1n, ugyanis kedden hajnalban t\u00e9rs\u00e9g\u00fcnk t\u00f6bb pontj\u00e1n is fagypont al\u00e1 s\u00fcllyedt a h\u0151m\u00e9rs\u00e9klet, s\u0151t m\u00e9g a hidegrekord is megd\u0151lt &#8211; \u00edrja a Dorog-Esztergom t\u00e9rs\u00e9g\u00e9nek id\u0151j\u00e1r\u00e1s oldala. Az el\u0151rejelz\u00e9snek megfelel\u0151en okt\u00f3ber 8-\u00e1n cs\u00edp\u0151s reggelre \u00e9bredhett\u00fcnk, mely\u00e9rt t\u00f6bbek k\u00f6z\u00f6tt a sz\u00e9lcsendes id\u0151 \u00e9s a der\u00fclt \u00e9gbolt okolhat\u00f3. A dorogi m\u00e9r\u0151m\u0171szer szerint a v\u00e1rosban<\/p>\n","protected":false},"author":1,"featured_media":20128,"comment_status":"closed","ping_status":"closed","sticky":false,"template":"","format":"standard","meta":{"ngg_post_thumbnail":0,"footnotes":""},"categories":[2,38,3],"tags":[15,42,58,1203],"class_list":{"0":"post-20127","1":"post","2":"type-post","3":"status-publish","4":"format-standard","5":"has-post-thumbnail","7":"category-dorog","8":"category-esztergom","9":"category-hirek","10":"tag-dorog","11":"tag-esztergom","12":"tag-idojaras","13":"tag-meteorologia"},"yoast_head":"<!-- This site is optimized with the Yoast SEO plugin v27.5 - https:\/\/yoast.com\/product\/yoast-seo-wordpress\/ -->\n<title>Hidegrekord d\u0151lt meg t\u00e9rs\u00e9g\u00fcnkben kedden<\/title>\n<meta name=\"robots\" content=\"index, follow, max-snippet:-1, max-image-preview:large, max-video-preview:-1\" \/>\n<link rel=\"canonical\" href=\"https:\/\/dorogimedence.hu\/index.php\/2019\/10\/10\/hidegrekord-dolt-meg-tersegunkben-kedden\/\" class=\"yoast-seo-meta-tag\" \/>\n<meta property=\"og:locale\" content=\"hu_HU\" class=\"yoast-seo-meta-tag\" \/>\n<meta property=\"og:type\" content=\"article\" class=\"yoast-seo-meta-tag\" \/>\n<meta property=\"og:title\" content=\"Hidegrekord d\u0151lt meg t\u00e9rs\u00e9g\u00fcnkben kedden\" class=\"yoast-seo-meta-tag\" \/>\n<meta property=\"og:description\" content=\"Fagyos reggelre \u00e9bredhett\u00fcnk okt\u00f3ber 8-\u00e1n, ugyanis kedden hajnalban t\u00e9rs\u00e9g\u00fcnk t\u00f6bb pontj\u00e1n is fagypont al\u00e1 s\u00fcllyedt a h\u0151m\u00e9rs\u00e9klet, s\u0151t m\u00e9g a hidegrekord is megd\u0151lt &#8211; \u00edrja a Dorog-Esztergom t\u00e9rs\u00e9g\u00e9nek id\u0151j\u00e1r\u00e1s oldala. Az el\u0151rejelz\u00e9snek megfelel\u0151en okt\u00f3ber 8-\u00e1n cs\u00edp\u0151s reggelre \u00e9bredhett\u00fcnk, mely\u00e9rt t\u00f6bbek k\u00f6z\u00f6tt a sz\u00e9lcsendes id\u0151 \u00e9s a der\u00fclt \u00e9gbolt okolhat\u00f3. A dorogi m\u00e9r\u0151m\u0171szer szerint a v\u00e1rosban\" class=\"yoast-seo-meta-tag\" \/>\n<meta property=\"og:url\" content=\"https:\/\/dorogimedence.hu\/index.php\/2019\/10\/10\/hidegrekord-dolt-meg-tersegunkben-kedden\/\" class=\"yoast-seo-meta-tag\" \/>\n<meta property=\"og:site_name\" content=\"Dorogi-medence Region\u00e1lis H\u00edrport\u00e1l\" class=\"yoast-seo-meta-tag\" \/>\n<meta property=\"article:publisher\" content=\"https:\/\/www.facebook.com\/dorogimedence\/\" class=\"yoast-seo-meta-tag\" \/>\n<meta property=\"article:published_time\" content=\"2019-10-10T09:32:29+00:00\" class=\"yoast-seo-meta-tag\" \/>\n<meta property=\"og:image\" content=\"https:\/\/i0.wp.com\/dorogimedence.hu\/wp-content\/uploads\/2019\/10\/hideg.jpg?fit=670%2C365&ssl=1\" class=\"yoast-seo-meta-tag\" \/>\n\t<meta property=\"og:image:width\" content=\"670\" class=\"yoast-seo-meta-tag\" \/>\n\t<meta property=\"og:image:height\" content=\"365\" class=\"yoast-seo-meta-tag\" \/>\n\t<meta property=\"og:image:type\" content=\"image\/jpeg\" class=\"yoast-seo-meta-tag\" \/>\n<meta name=\"author\" content=\"dorogimedence.hu\" class=\"yoast-seo-meta-tag\" \/>\n<meta name=\"twitter:card\" content=\"summary_large_image\" class=\"yoast-seo-meta-tag\" \/>\n<meta name=\"twitter:label1\" content=\"Szerz\u0151:\" class=\"yoast-seo-meta-tag\" \/>\n\t<meta name=\"twitter:data1\" content=\"dorogimedence.hu\" class=\"yoast-seo-meta-tag\" \/>\n\t<meta name=\"twitter:label2\" content=\"Becs\u00fclt olvas\u00e1si id\u0151\" class=\"yoast-seo-meta-tag\" \/>\n\t<meta name=\"twitter:data2\" content=\"1 perc\" class=\"yoast-seo-meta-tag\" \/>\n<script type=\"application\/ld+json\" class=\"yoast-schema-graph\">{\"@context\":\"https:\\\/\\\/schema.org\",\"@graph\":[{\"@type\":\"Article\",\"@id\":\"https:\\\/\\\/dorogimedence.hu\\\/index.php\\\/2019\\\/10\\\/10\\\/hidegrekord-dolt-meg-tersegunkben-kedden\\\/#article\",\"isPartOf\":{\"@id\":\"https:\\\/\\\/dorogimedence.hu\\\/index.php\\\/2019\\\/10\\\/10\\\/hidegrekord-dolt-meg-tersegunkben-kedden\\\/\"},\"author\":{\"name\":\"dorogimedence.hu\",\"@id\":\"https:\\\/\\\/dorogimedence.hu\\\/#\\\/schema\\\/person\\\/ce6091eeb7e95ecdc87890d6aa8e0fd4\"},\"headline\":\"Hidegrekord d\u0151lt meg t\u00e9rs\u00e9g\u00fcnkben kedden\",\"datePublished\":\"2019-10-10T09:32:29+00:00\",\"mainEntityOfPage\":{\"@id\":\"https:\\\/\\\/dorogimedence.hu\\\/index.php\\\/2019\\\/10\\\/10\\\/hidegrekord-dolt-meg-tersegunkben-kedden\\\/\"},\"wordCount\":305,\"publisher\":{\"@id\":\"https:\\\/\\\/dorogimedence.hu\\\/#organization\"},\"image\":{\"@id\":\"https:\\\/\\\/dorogimedence.hu\\\/index.php\\\/2019\\\/10\\\/10\\\/hidegrekord-dolt-meg-tersegunkben-kedden\\\/#primaryimage\"},\"thumbnailUrl\":\"https:\\\/\\\/dorogimedence.hu\\\/wp-content\\\/uploads\\\/2019\\\/10\\\/hideg.jpg\",\"keywords\":[\"Dorog\",\"esztergom\",\"id\u0151j\u00e1r\u00e1s\",\"meteorol\u00f3gia\"],\"articleSection\":[\"Dorog\",\"Esztergom\",\"H\u00edrek\"],\"inLanguage\":\"hu\"},{\"@type\":\"WebPage\",\"@id\":\"https:\\\/\\\/dorogimedence.hu\\\/index.php\\\/2019\\\/10\\\/10\\\/hidegrekord-dolt-meg-tersegunkben-kedden\\\/\",\"url\":\"https:\\\/\\\/dorogimedence.hu\\\/index.php\\\/2019\\\/10\\\/10\\\/hidegrekord-dolt-meg-tersegunkben-kedden\\\/\",\"name\":\"Hidegrekord d\u0151lt meg t\u00e9rs\u00e9g\u00fcnkben kedden\",\"isPartOf\":{\"@id\":\"https:\\\/\\\/dorogimedence.hu\\\/#website\"},\"primaryImageOfPage\":{\"@id\":\"https:\\\/\\\/dorogimedence.hu\\\/index.php\\\/2019\\\/10\\\/10\\\/hidegrekord-dolt-meg-tersegunkben-kedden\\\/#primaryimage\"},\"image\":{\"@id\":\"https:\\\/\\\/dorogimedence.hu\\\/index.php\\\/2019\\\/10\\\/10\\\/hidegrekord-dolt-meg-tersegunkben-kedden\\\/#primaryimage\"},\"thumbnailUrl\":\"https:\\\/\\\/dorogimedence.hu\\\/wp-content\\\/uploads\\\/2019\\\/10\\\/hideg.jpg\",\"datePublished\":\"2019-10-10T09:32:29+00:00\",\"breadcrumb\":{\"@id\":\"https:\\\/\\\/dorogimedence.hu\\\/index.php\\\/2019\\\/10\\\/10\\\/hidegrekord-dolt-meg-tersegunkben-kedden\\\/#breadcrumb\"},\"inLanguage\":\"hu\",\"potentialAction\":[{\"@type\":\"ReadAction\",\"target\":[\"https:\\\/\\\/dorogimedence.hu\\\/index.php\\\/2019\\\/10\\\/10\\\/hidegrekord-dolt-meg-tersegunkben-kedden\\\/\"]}]},{\"@type\":\"ImageObject\",\"inLanguage\":\"hu\",\"@id\":\"https:\\\/\\\/dorogimedence.hu\\\/index.php\\\/2019\\\/10\\\/10\\\/hidegrekord-dolt-meg-tersegunkben-kedden\\\/#primaryimage\",\"url\":\"https:\\\/\\\/dorogimedence.hu\\\/wp-content\\\/uploads\\\/2019\\\/10\\\/hideg.jpg\",\"contentUrl\":\"https:\\\/\\\/dorogimedence.hu\\\/wp-content\\\/uploads\\\/2019\\\/10\\\/hideg.jpg\",\"width\":670,\"height\":365},{\"@type\":\"BreadcrumbList\",\"@id\":\"https:\\\/\\\/dorogimedence.hu\\\/index.php\\\/2019\\\/10\\\/10\\\/hidegrekord-dolt-meg-tersegunkben-kedden\\\/#breadcrumb\",\"itemListElement\":[{\"@type\":\"ListItem\",\"position\":1,\"name\":\"Kezd\u0151lap\",\"item\":\"https:\\\/\\\/dorogimedence.hu\\\/\"},{\"@type\":\"ListItem\",\"position\":2,\"name\":\"Hidegrekord d\u0151lt meg t\u00e9rs\u00e9g\u00fcnkben kedden\"}]},{\"@type\":\"WebSite\",\"@id\":\"https:\\\/\\\/dorogimedence.hu\\\/#website\",\"url\":\"https:\\\/\\\/dorogimedence.hu\\\/\",\"name\":\"Dorogi-medence Region\u00e1lis H\u00edrport\u00e1l\",\"description\":\"Dorog, Keszt\u00f6lc, Le\u00e1nyv\u00e1r, Piliscs\u00e9v, Tokod, Tokodalt\u00e1r\u00f3, Csolnok, Esztergom-kertv\u00e1ros: h\u00edrek, programok\",\"publisher\":{\"@id\":\"https:\\\/\\\/dorogimedence.hu\\\/#organization\"},\"potentialAction\":[{\"@type\":\"SearchAction\",\"target\":{\"@type\":\"EntryPoint\",\"urlTemplate\":\"https:\\\/\\\/dorogimedence.hu\\\/?s={search_term_string}\"},\"query-input\":{\"@type\":\"PropertyValueSpecification\",\"valueRequired\":true,\"valueName\":\"search_term_string\"}}],\"inLanguage\":\"hu\"},{\"@type\":\"Organization\",\"@id\":\"https:\\\/\\\/dorogimedence.hu\\\/#organization\",\"name\":\"Dorogi-medence Region\u00e1lis H\u00edrport\u00e1l\",\"url\":\"https:\\\/\\\/dorogimedence.hu\\\/\",\"logo\":{\"@type\":\"ImageObject\",\"inLanguage\":\"hu\",\"@id\":\"https:\\\/\\\/dorogimedence.hu\\\/#\\\/schema\\\/logo\\\/image\\\/\",\"url\":\"https:\\\/\\\/dorogimedence.hu\\\/wp-content\\\/uploads\\\/2021\\\/04\\\/logo-feher-600.png\",\"contentUrl\":\"https:\\\/\\\/dorogimedence.hu\\\/wp-content\\\/uploads\\\/2021\\\/04\\\/logo-feher-600.png\",\"width\":600,\"height\":100,\"caption\":\"Dorogi-medence Region\u00e1lis H\u00edrport\u00e1l\"},\"image\":{\"@id\":\"https:\\\/\\\/dorogimedence.hu\\\/#\\\/schema\\\/logo\\\/image\\\/\"},\"sameAs\":[\"https:\\\/\\\/www.facebook.com\\\/dorogimedence\\\/\"]},{\"@type\":\"Person\",\"@id\":\"https:\\\/\\\/dorogimedence.hu\\\/#\\\/schema\\\/person\\\/ce6091eeb7e95ecdc87890d6aa8e0fd4\",\"name\":\"dorogimedence.hu\",\"image\":{\"@type\":\"ImageObject\",\"inLanguage\":\"hu\",\"@id\":\"\\\/\\\/www.gravatar.com\\\/avatar\\\/d8d45f8901aadff40a4af72c0b826f1d?s=96&#038;r=g&#038;d=mm\",\"url\":\"\\\/\\\/www.gravatar.com\\\/avatar\\\/d8d45f8901aadff40a4af72c0b826f1d?s=96&#038;r=g&#038;d=mm\",\"contentUrl\":\"\\\/\\\/www.gravatar.com\\\/avatar\\\/d8d45f8901aadff40a4af72c0b826f1d?s=96&#038;r=g&#038;d=mm\",\"caption\":\"dorogimedence.hu\"}}]}<\/script>\n<!-- \/ Yoast SEO plugin. -->","yoast_head_json":{"title":"Hidegrekord d\u0151lt meg t\u00e9rs\u00e9g\u00fcnkben kedden","robots":{"index":"index","follow":"follow","max-snippet":"max-snippet:-1","max-image-preview":"max-image-preview:large","max-video-preview":"max-video-preview:-1"},"canonical":"https:\/\/dorogimedence.hu\/index.php\/2019\/10\/10\/hidegrekord-dolt-meg-tersegunkben-kedden\/","og_locale":"hu_HU","og_type":"article","og_title":"Hidegrekord d\u0151lt meg t\u00e9rs\u00e9g\u00fcnkben kedden","og_description":"Fagyos reggelre \u00e9bredhett\u00fcnk okt\u00f3ber 8-\u00e1n, ugyanis kedden hajnalban t\u00e9rs\u00e9g\u00fcnk t\u00f6bb pontj\u00e1n is fagypont al\u00e1 s\u00fcllyedt a h\u0151m\u00e9rs\u00e9klet, s\u0151t m\u00e9g a hidegrekord is megd\u0151lt &#8211; \u00edrja a Dorog-Esztergom t\u00e9rs\u00e9g\u00e9nek id\u0151j\u00e1r\u00e1s oldala. Az el\u0151rejelz\u00e9snek megfelel\u0151en okt\u00f3ber 8-\u00e1n cs\u00edp\u0151s reggelre \u00e9bredhett\u00fcnk, mely\u00e9rt t\u00f6bbek k\u00f6z\u00f6tt a sz\u00e9lcsendes id\u0151 \u00e9s a der\u00fclt \u00e9gbolt okolhat\u00f3. A dorogi m\u00e9r\u0151m\u0171szer szerint a v\u00e1rosban","og_url":"https:\/\/dorogimedence.hu\/index.php\/2019\/10\/10\/hidegrekord-dolt-meg-tersegunkben-kedden\/","og_site_name":"Dorogi-medence Region\u00e1lis H\u00edrport\u00e1l","article_publisher":"https:\/\/www.facebook.com\/dorogimedence\/","article_published_time":"2019-10-10T09:32:29+00:00","og_image":[{"width":670,"height":365,"url":"https:\/\/i0.wp.com\/dorogimedence.hu\/wp-content\/uploads\/2019\/10\/hideg.jpg?fit=670%2C365&ssl=1","type":"image\/jpeg"}],"author":"dorogimedence.hu","twitter_card":"summary_large_image","twitter_misc":{"Szerz\u0151:":"dorogimedence.hu","Becs\u00fclt olvas\u00e1si id\u0151":"1 perc"},"schema":{"@context":"https:\/\/schema.org","@graph":[{"@type":"Article","@id":"https:\/\/dorogimedence.hu\/index.php\/2019\/10\/10\/hidegrekord-dolt-meg-tersegunkben-kedden\/#article","isPartOf":{"@id":"https:\/\/dorogimedence.hu\/index.php\/2019\/10\/10\/hidegrekord-dolt-meg-tersegunkben-kedden\/"},"author":{"name":"dorogimedence.hu","@id":"https:\/\/dorogimedence.hu\/#\/schema\/person\/ce6091eeb7e95ecdc87890d6aa8e0fd4"},"headline":"Hidegrekord d\u0151lt meg t\u00e9rs\u00e9g\u00fcnkben kedden","datePublished":"2019-10-10T09:32:29+00:00","mainEntityOfPage":{"@id":"https:\/\/dorogimedence.hu\/index.php\/2019\/10\/10\/hidegrekord-dolt-meg-tersegunkben-kedden\/"},"wordCount":305,"publisher":{"@id":"https:\/\/dorogimedence.hu\/#organization"},"image":{"@id":"https:\/\/dorogimedence.hu\/index.php\/2019\/10\/10\/hidegrekord-dolt-meg-tersegunkben-kedden\/#primaryimage"},"thumbnailUrl":"https:\/\/dorogimedence.hu\/wp-content\/uploads\/2019\/10\/hideg.jpg","keywords":["Dorog","esztergom","id\u0151j\u00e1r\u00e1s","meteorol\u00f3gia"],"articleSection":["Dorog","Esztergom","H\u00edrek"],"inLanguage":"hu"},{"@type":"WebPage","@id":"https:\/\/dorogimedence.hu\/index.php\/2019\/10\/10\/hidegrekord-dolt-meg-tersegunkben-kedden\/","url":"https:\/\/dorogimedence.hu\/index.php\/2019\/10\/10\/hidegrekord-dolt-meg-tersegunkben-kedden\/","name":"Hidegrekord d\u0151lt meg t\u00e9rs\u00e9g\u00fcnkben kedden","isPartOf":{"@id":"https:\/\/dorogimedence.hu\/#website"},"primaryImageOfPage":{"@id":"https:\/\/dorogimedence.hu\/index.php\/2019\/10\/10\/hidegrekord-dolt-meg-tersegunkben-kedden\/#primaryimage"},"image":{"@id":"https:\/\/dorogimedence.hu\/index.php\/2019\/10\/10\/hidegrekord-dolt-meg-tersegunkben-kedden\/#primaryimage"},"thumbnailUrl":"https:\/\/dorogimedence.hu\/wp-content\/uploads\/2019\/10\/hideg.jpg","datePublished":"2019-10-10T09:32:29+00:00","breadcrumb":{"@id":"https:\/\/dorogimedence.hu\/index.php\/2019\/10\/10\/hidegrekord-dolt-meg-tersegunkben-kedden\/#breadcrumb"},"inLanguage":"hu","potentialAction":[{"@type":"ReadAction","target":["https:\/\/dorogimedence.hu\/index.php\/2019\/10\/10\/hidegrekord-dolt-meg-tersegunkben-kedden\/"]}]},{"@type":"ImageObject","inLanguage":"hu","@id":"https:\/\/dorogimedence.hu\/index.php\/2019\/10\/10\/hidegrekord-dolt-meg-tersegunkben-kedden\/#primaryimage","url":"https:\/\/dorogimedence.hu\/wp-content\/uploads\/2019\/10\/hideg.jpg","contentUrl":"https:\/\/dorogimedence.hu\/wp-content\/uploads\/2019\/10\/hideg.jpg","width":670,"height":365},{"@type":"BreadcrumbList","@id":"https:\/\/dorogimedence.hu\/index.php\/2019\/10\/10\/hidegrekord-dolt-meg-tersegunkben-kedden\/#breadcrumb","itemListElement":[{"@type":"ListItem","position":1,"name":"Kezd\u0151lap","item":"https:\/\/dorogimedence.hu\/"},{"@type":"ListItem","position":2,"name":"Hidegrekord d\u0151lt meg t\u00e9rs\u00e9g\u00fcnkben kedden"}]},{"@type":"WebSite","@id":"https:\/\/dorogimedence.hu\/#website","url":"https:\/\/dorogimedence.hu\/","name":"Dorogi-medence Region\u00e1lis H\u00edrport\u00e1l","description":"Dorog, Keszt\u00f6lc, Le\u00e1nyv\u00e1r, Piliscs\u00e9v, Tokod, Tokodalt\u00e1r\u00f3, Csolnok, Esztergom-kertv\u00e1ros: h\u00edrek, programok","publisher":{"@id":"https:\/\/dorogimedence.hu\/#organization"},"potentialAction":[{"@type":"SearchAction","target":{"@type":"EntryPoint","urlTemplate":"https:\/\/dorogimedence.hu\/?s={search_term_string}"},"query-input":{"@type":"PropertyValueSpecification","valueRequired":true,"valueName":"search_term_string"}}],"inLanguage":"hu"},{"@type":"Organization","@id":"https:\/\/dorogimedence.hu\/#organization","name":"Dorogi-medence Region\u00e1lis H\u00edrport\u00e1l","url":"https:\/\/dorogimedence.hu\/","logo":{"@type":"ImageObject","inLanguage":"hu","@id":"https:\/\/dorogimedence.hu\/#\/schema\/logo\/image\/","url":"https:\/\/dorogimedence.hu\/wp-content\/uploads\/2021\/04\/logo-feher-600.png","contentUrl":"https:\/\/dorogimedence.hu\/wp-content\/uploads\/2021\/04\/logo-feher-600.png","width":600,"height":100,"caption":"Dorogi-medence Region\u00e1lis H\u00edrport\u00e1l"},"image":{"@id":"https:\/\/dorogimedence.hu\/#\/schema\/logo\/image\/"},"sameAs":["https:\/\/www.facebook.com\/dorogimedence\/"]},{"@type":"Person","@id":"https:\/\/dorogimedence.hu\/#\/schema\/person\/ce6091eeb7e95ecdc87890d6aa8e0fd4","name":"dorogimedence.hu","image":{"@type":"ImageObject","inLanguage":"hu","@id":"\/\/www.gravatar.com\/avatar\/d8d45f8901aadff40a4af72c0b826f1d?s=96&#038;r=g&#038;d=mm","url":"\/\/www.gravatar.com\/avatar\/d8d45f8901aadff40a4af72c0b826f1d?s=96&#038;r=g&#038;d=mm","contentUrl":"\/\/www.gravatar.com\/avatar\/d8d45f8901aadff40a4af72c0b826f1d?s=96&#038;r=g&#038;d=mm","caption":"dorogimedence.hu"}}]}},"_links":{"self":[{"href":"https:\/\/dorogimedence.hu\/index.php\/wp-json\/wp\/v2\/posts\/20127","targetHints":{"allow":["GET"]}}],"collection":[{"href":"https:\/\/dorogimedence.hu\/index.php\/wp-json\/wp\/v2\/posts"}],"about":[{"href":"https:\/\/dorogimedence.hu\/index.php\/wp-json\/wp\/v2\/types\/post"}],"author":[{"embeddable":true,"href":"https:\/\/dorogimedence.hu\/index.php\/wp-json\/wp\/v2\/users\/1"}],"replies":[{"embeddable":true,"href":"https:\/\/dorogimedence.hu\/index.php\/wp-json\/wp\/v2\/comments?post=20127"}],"version-history":[{"count":0,"href":"https:\/\/dorogimedence.hu\/index.php\/wp-json\/wp\/v2\/posts\/20127\/revisions"}],"wp:featuredmedia":[{"embeddable":true,"href":"https:\/\/dorogimedence.hu\/index.php\/wp-json\/wp\/v2\/media\/20128"}],"wp:attachment":[{"href":"https:\/\/dorogimedence.hu\/index.php\/wp-json\/wp\/v2\/media?parent=20127"}],"wp:term":[{"taxonomy":"category","embeddable":true,"href":"https:\/\/dorogimedence.hu\/index.php\/wp-json\/wp\/v2\/categories?post=20127"},{"taxonomy":"post_tag","embeddable":true,"href":"https:\/\/dorogimedence.hu\/index.php\/wp-json\/wp\/v2\/tags?post=20127"}],"curies":[{"name":"wp","href":"https:\/\/api.w.org\/{rel}","templated":true}]}}