{"id":2009,"date":"2017-04-02T10:02:52","date_gmt":"2017-04-02T08:02:52","guid":{"rendered":"http:\/\/dorogimedence.hu\/?p=2009"},"modified":"2017-04-02T10:02:52","modified_gmt":"2017-04-02T08:02:52","slug":"petras-maria-kiallitasa","status":"publish","type":"post","link":"https:\/\/dorogimedence.hu\/index.php\/2017\/04\/02\/petras-maria-kiallitasa\/","title":{"rendered":"Petr\u00e1s M\u00e1ria ki\u00e1ll\u00edt\u00e1sa"},"content":{"rendered":"<p><strong>2017. \u00e1prilis 4-\u00e9n, kedden, 17 \u00f3rai kezdettel ny\u00edlik Petr\u00e1s M\u00e1ria n\u00e9pdal\u00e9nekes, keramikusm\u0171v\u00e9sz, az MMA rendes tagja biblikus t\u00e9m\u00e1j\u00fa ki\u00e1ll\u00edt\u00e1sa az esztergomi K\u00e1konyi Asztrik Kort\u00e1rs Gal\u00e9ri\u00e1ban.<br \/>\n<\/strong><\/p>\n<p>A ki\u00e1ll\u00edt\u00e1smegnyit\u00f3n k\u00f6zrem\u0171k\u00f6dik az iskola fi\u00fa k\u00f3rusa P\u00e1lmai \u00c1rp\u00e1d karnagy, egyh\u00e1zzen\u00e9sz vezet\u00e9s\u00e9vel, akik egy n\u00e9pdal erej\u00e9ig egy\u00fctt \u00e9nekelnek a m\u0171v\u00e9szn\u0151vel. A ki\u00e1ll\u00edt\u00e1st D\u00f6brentei Korn\u00e9l \u00edr\u00f3, k\u00f6lt\u0151 nyitja meg, egyik legemblematikusabb verse, az \u00dat menti Krisztusok, szavalat form\u00e1j\u00e1ban hangzik majd el a megnyit\u00f3 sor\u00e1n.<\/p>\n<p>Biblikus t\u00e9m\u00e1j\u00fa ki\u00e1ll\u00edt\u00e1s ny\u00edlik Petr\u00e1s M\u00e1ria keramikusm\u0171v\u00e9sz alkot\u00e1saib\u00f3l az esztergomi ferences gimn\u00e1ziumban m\u0171k\u00f6d\u0151 K\u00e1konyi Gal\u00e9ri\u00e1ban. A h\u00e1rom teremet fel\u00f6lel\u0151 t\u00e1rlat hit\u00fcnk foglalat\u00e1t adja: kezdve az angyali \u00fcdv\u00f6zlett\u0151l, a Szent Csal\u00e1d t\u00e9m\u00e1j\u00e1n \u00e1t, a kereszthal\u00e1l, ill. a felt\u00e1mad\u00e1s esem\u00e9ny\u00e9ig. A cs\u00e1ng\u00f3 hagyom\u00e1nyoknak megfelel\u0151en kiemelten hangs\u00falyos szerepet kap a Sz\u0171z Anya \u00e1br\u00e1zol\u00e1sa is, els\u0151sorban a Babba M\u00e1ria-vari\u00e1ci\u00f3kban.<\/p>\n<p>A ki\u00e1ll\u00edt\u00e1st a m\u0171v\u00e9szn\u0151 f\u00e9rje, D\u00f6brentei Korn\u00e9l nyitja meg, akinek egyik legh\u00edresebb verse, az <em>\u00dat menti Krisztusok<\/em> is hallhat\u00f3 lesz.<\/p>\n<p>A ki\u00e1ll\u00edt\u00e1s t\u00e9m\u00e1ja kiv\u00e1l\u00f3 lehet\u0151s\u00e9get ad a k\u00f6zelg\u0151 nagyh\u00e9t titkainak \u00e1telm\u00e9lked\u00e9s\u00e9re, a megnyit\u00f3 pedig nagyon j\u00f3 alkalom a h\u00fasv\u00e9t el\u0151tti \u00e1h\u00edtat megteremt\u00e9s\u00e9re. P\u00e1lmai \u00c1rp\u00e1d \u00e9nekkara mellett maga a n\u00e9pdal\u00e9nekes m\u0171v\u00e9szn\u0151 is k\u00f6z\u00f6s, ill. sz\u00f3l\u00f3\u00e9nekkel \u00f6rvendezteti meg a hallgat\u00f3s\u00e1got, akik, ha az id\u0151 engedi, a kolostor kvadrum\u00e1nak idilli k\u00f6rnyezet\u00e9ben vehetnek r\u00e9szt a megnyit\u00f3n, rossz id\u0151 eset\u00e9n a rendh\u00e1z barokk eb\u00e9dl\u0151j\u00e9ben, Szent Ferenc dev\u00f3ci\u00f3j\u00e1t felvonultat\u00f3 t\u00e1blak\u00e9pek h\u00e1tter\u00e9ben.<\/p>\n<p><strong>Petr\u00e1s M\u00e1ria ki\u00e1ll\u00edt\u00e1sa m\u00e1jus 5-ig tekinthet\u0151 meg a h\u00e9t minden napj\u00e1n 8-t\u00f3l 21 \u00f3r\u00e1ig. A gal\u00e9ria c\u00edme: K\u00e1konyi Asztrik Kort\u00e1rs Gal\u00e9ria, 2500 Esztergom, Botty\u00e1n J\u00e1nos u. 10.<\/strong><\/p>\n<p><em>Forr\u00e1s: Keppel D\u00e1niel (helloesztergom.hu)<br \/>\nFot\u00f3: helloesztergom.hu<\/em><\/p>\n<p><img fetchpriority=\"high\" decoding=\"async\" class=\"alignnone size-large wp-image-2010\" src=\"https:\/\/dorogimedence.hu\/wp-content\/uploads\/2017\/04\/petras-02-728x1024.jpg\" alt=\"\" width=\"665\" height=\"935\" srcset=\"https:\/\/dorogimedence.hu\/wp-content\/uploads\/2017\/04\/petras-02-728x1024.jpg 728w, https:\/\/dorogimedence.hu\/wp-content\/uploads\/2017\/04\/petras-02-213x300.jpg 213w, https:\/\/dorogimedence.hu\/wp-content\/uploads\/2017\/04\/petras-02-768x1081.jpg 768w, https:\/\/dorogimedence.hu\/wp-content\/uploads\/2017\/04\/petras-02.jpg 800w\" sizes=\"(max-width: 665px) 100vw, 665px\" \/><\/p>\n","protected":false},"excerpt":{"rendered":"<p>2017. \u00e1prilis 4-\u00e9n, kedden, 17 \u00f3rai kezdettel ny\u00edlik Petr\u00e1s M\u00e1ria n\u00e9pdal\u00e9nekes, keramikusm\u0171v\u00e9sz, az MMA rendes tagja biblikus t\u00e9m\u00e1j\u00fa ki\u00e1ll\u00edt\u00e1sa az esztergomi K\u00e1konyi Asztrik Kort\u00e1rs Gal\u00e9ri\u00e1ban. A ki\u00e1ll\u00edt\u00e1smegnyit\u00f3n k\u00f6zrem\u0171k\u00f6dik az iskola fi\u00fa k\u00f3rusa P\u00e1lmai \u00c1rp\u00e1d karnagy, egyh\u00e1zzen\u00e9sz vezet\u00e9s\u00e9vel, akik egy n\u00e9pdal erej\u00e9ig egy\u00fctt \u00e9nekelnek a m\u0171v\u00e9szn\u0151vel. A ki\u00e1ll\u00edt\u00e1st D\u00f6brentei Korn\u00e9l \u00edr\u00f3, k\u00f6lt\u0151 nyitja meg, egyik legemblematikusabb<\/p>\n","protected":false},"author":1,"featured_media":2011,"comment_status":"closed","ping_status":"closed","sticky":false,"template":"","format":"standard","meta":{"ngg_post_thumbnail":0,"footnotes":""},"categories":[38,3],"tags":[42,194,299,690],"class_list":{"0":"post-2009","1":"post","2":"type-post","3":"status-publish","4":"format-standard","5":"has-post-thumbnail","7":"category-esztergom","8":"category-hirek","9":"tag-esztergom","10":"tag-kiallitas","11":"tag-muveszet","12":"tag-petras-maria"},"yoast_head":"<!-- This site is optimized with the Yoast SEO plugin v27.4 - https:\/\/yoast.com\/product\/yoast-seo-wordpress\/ -->\n<title>Petr\u00e1s M\u00e1ria ki\u00e1ll\u00edt\u00e1sa<\/title>\n<meta name=\"robots\" content=\"index, follow, max-snippet:-1, max-image-preview:large, max-video-preview:-1\" \/>\n<link rel=\"canonical\" href=\"https:\/\/dorogimedence.hu\/index.php\/2017\/04\/02\/petras-maria-kiallitasa\/\" class=\"yoast-seo-meta-tag\" \/>\n<meta property=\"og:locale\" content=\"hu_HU\" class=\"yoast-seo-meta-tag\" \/>\n<meta property=\"og:type\" content=\"article\" class=\"yoast-seo-meta-tag\" \/>\n<meta property=\"og:title\" content=\"Petr\u00e1s M\u00e1ria ki\u00e1ll\u00edt\u00e1sa\" class=\"yoast-seo-meta-tag\" \/>\n<meta property=\"og:description\" content=\"2017. \u00e1prilis 4-\u00e9n, kedden, 17 \u00f3rai kezdettel ny\u00edlik Petr\u00e1s M\u00e1ria n\u00e9pdal\u00e9nekes, keramikusm\u0171v\u00e9sz, az MMA rendes tagja biblikus t\u00e9m\u00e1j\u00fa ki\u00e1ll\u00edt\u00e1sa az esztergomi K\u00e1konyi Asztrik Kort\u00e1rs Gal\u00e9ri\u00e1ban. A ki\u00e1ll\u00edt\u00e1smegnyit\u00f3n k\u00f6zrem\u0171k\u00f6dik az iskola fi\u00fa k\u00f3rusa P\u00e1lmai \u00c1rp\u00e1d karnagy, egyh\u00e1zzen\u00e9sz vezet\u00e9s\u00e9vel, akik egy n\u00e9pdal erej\u00e9ig egy\u00fctt \u00e9nekelnek a m\u0171v\u00e9szn\u0151vel. A ki\u00e1ll\u00edt\u00e1st D\u00f6brentei Korn\u00e9l \u00edr\u00f3, k\u00f6lt\u0151 nyitja meg, egyik legemblematikusabb\" class=\"yoast-seo-meta-tag\" \/>\n<meta property=\"og:url\" content=\"https:\/\/dorogimedence.hu\/index.php\/2017\/04\/02\/petras-maria-kiallitasa\/\" class=\"yoast-seo-meta-tag\" \/>\n<meta property=\"og:site_name\" content=\"Dorogi-medence Region\u00e1lis H\u00edrport\u00e1l\" class=\"yoast-seo-meta-tag\" \/>\n<meta property=\"article:publisher\" content=\"https:\/\/www.facebook.com\/dorogimedence\/\" class=\"yoast-seo-meta-tag\" \/>\n<meta property=\"article:published_time\" content=\"2017-04-02T08:02:52+00:00\" class=\"yoast-seo-meta-tag\" \/>\n<meta property=\"og:image\" content=\"https:\/\/i0.wp.com\/dorogimedence.hu\/wp-content\/uploads\/2017\/04\/petras-01.jpg?fit=800%2C531&ssl=1\" class=\"yoast-seo-meta-tag\" \/>\n\t<meta property=\"og:image:width\" content=\"800\" class=\"yoast-seo-meta-tag\" \/>\n\t<meta property=\"og:image:height\" content=\"531\" class=\"yoast-seo-meta-tag\" \/>\n\t<meta property=\"og:image:type\" content=\"image\/jpeg\" class=\"yoast-seo-meta-tag\" \/>\n<meta name=\"author\" content=\"dorogimedence.hu\" class=\"yoast-seo-meta-tag\" \/>\n<meta name=\"twitter:card\" content=\"summary_large_image\" class=\"yoast-seo-meta-tag\" \/>\n<meta name=\"twitter:label1\" content=\"Szerz\u0151:\" class=\"yoast-seo-meta-tag\" \/>\n\t<meta name=\"twitter:data1\" content=\"dorogimedence.hu\" class=\"yoast-seo-meta-tag\" \/>\n\t<meta name=\"twitter:label2\" content=\"Becs\u00fclt olvas\u00e1si id\u0151\" class=\"yoast-seo-meta-tag\" \/>\n\t<meta name=\"twitter:data2\" content=\"2 perc\" class=\"yoast-seo-meta-tag\" \/>\n<script type=\"application\/ld+json\" class=\"yoast-schema-graph\">{\"@context\":\"https:\\\/\\\/schema.org\",\"@graph\":[{\"@type\":\"Article\",\"@id\":\"https:\\\/\\\/dorogimedence.hu\\\/index.php\\\/2017\\\/04\\\/02\\\/petras-maria-kiallitasa\\\/#article\",\"isPartOf\":{\"@id\":\"https:\\\/\\\/dorogimedence.hu\\\/index.php\\\/2017\\\/04\\\/02\\\/petras-maria-kiallitasa\\\/\"},\"author\":{\"name\":\"dorogimedence.hu\",\"@id\":\"https:\\\/\\\/dorogimedence.hu\\\/#\\\/schema\\\/person\\\/ce6091eeb7e95ecdc87890d6aa8e0fd4\"},\"headline\":\"Petr\u00e1s M\u00e1ria ki\u00e1ll\u00edt\u00e1sa\",\"datePublished\":\"2017-04-02T08:02:52+00:00\",\"mainEntityOfPage\":{\"@id\":\"https:\\\/\\\/dorogimedence.hu\\\/index.php\\\/2017\\\/04\\\/02\\\/petras-maria-kiallitasa\\\/\"},\"wordCount\":413,\"publisher\":{\"@id\":\"https:\\\/\\\/dorogimedence.hu\\\/#organization\"},\"image\":{\"@id\":\"https:\\\/\\\/dorogimedence.hu\\\/index.php\\\/2017\\\/04\\\/02\\\/petras-maria-kiallitasa\\\/#primaryimage\"},\"thumbnailUrl\":\"https:\\\/\\\/dorogimedence.hu\\\/wp-content\\\/uploads\\\/2017\\\/04\\\/petras-01.jpg\",\"keywords\":[\"esztergom\",\"ki\u00e1ll\u00edt\u00e1s\",\"m\u0171v\u00e9szet\",\"Petr\u00e1s M\u00e1ria\"],\"articleSection\":[\"Esztergom\",\"H\u00edrek\"],\"inLanguage\":\"hu\"},{\"@type\":\"WebPage\",\"@id\":\"https:\\\/\\\/dorogimedence.hu\\\/index.php\\\/2017\\\/04\\\/02\\\/petras-maria-kiallitasa\\\/\",\"url\":\"https:\\\/\\\/dorogimedence.hu\\\/index.php\\\/2017\\\/04\\\/02\\\/petras-maria-kiallitasa\\\/\",\"name\":\"Petr\u00e1s M\u00e1ria ki\u00e1ll\u00edt\u00e1sa\",\"isPartOf\":{\"@id\":\"https:\\\/\\\/dorogimedence.hu\\\/#website\"},\"primaryImageOfPage\":{\"@id\":\"https:\\\/\\\/dorogimedence.hu\\\/index.php\\\/2017\\\/04\\\/02\\\/petras-maria-kiallitasa\\\/#primaryimage\"},\"image\":{\"@id\":\"https:\\\/\\\/dorogimedence.hu\\\/index.php\\\/2017\\\/04\\\/02\\\/petras-maria-kiallitasa\\\/#primaryimage\"},\"thumbnailUrl\":\"https:\\\/\\\/dorogimedence.hu\\\/wp-content\\\/uploads\\\/2017\\\/04\\\/petras-01.jpg\",\"datePublished\":\"2017-04-02T08:02:52+00:00\",\"breadcrumb\":{\"@id\":\"https:\\\/\\\/dorogimedence.hu\\\/index.php\\\/2017\\\/04\\\/02\\\/petras-maria-kiallitasa\\\/#breadcrumb\"},\"inLanguage\":\"hu\",\"potentialAction\":[{\"@type\":\"ReadAction\",\"target\":[\"https:\\\/\\\/dorogimedence.hu\\\/index.php\\\/2017\\\/04\\\/02\\\/petras-maria-kiallitasa\\\/\"]}]},{\"@type\":\"ImageObject\",\"inLanguage\":\"hu\",\"@id\":\"https:\\\/\\\/dorogimedence.hu\\\/index.php\\\/2017\\\/04\\\/02\\\/petras-maria-kiallitasa\\\/#primaryimage\",\"url\":\"https:\\\/\\\/dorogimedence.hu\\\/wp-content\\\/uploads\\\/2017\\\/04\\\/petras-01.jpg\",\"contentUrl\":\"https:\\\/\\\/dorogimedence.hu\\\/wp-content\\\/uploads\\\/2017\\\/04\\\/petras-01.jpg\",\"width\":800,\"height\":531},{\"@type\":\"BreadcrumbList\",\"@id\":\"https:\\\/\\\/dorogimedence.hu\\\/index.php\\\/2017\\\/04\\\/02\\\/petras-maria-kiallitasa\\\/#breadcrumb\",\"itemListElement\":[{\"@type\":\"ListItem\",\"position\":1,\"name\":\"Kezd\u0151lap\",\"item\":\"https:\\\/\\\/dorogimedence.hu\\\/\"},{\"@type\":\"ListItem\",\"position\":2,\"name\":\"Petr\u00e1s M\u00e1ria ki\u00e1ll\u00edt\u00e1sa\"}]},{\"@type\":\"WebSite\",\"@id\":\"https:\\\/\\\/dorogimedence.hu\\\/#website\",\"url\":\"https:\\\/\\\/dorogimedence.hu\\\/\",\"name\":\"Dorogi-medence Region\u00e1lis H\u00edrport\u00e1l\",\"description\":\"Dorog, Keszt\u00f6lc, Le\u00e1nyv\u00e1r, Piliscs\u00e9v, Tokod, Tokodalt\u00e1r\u00f3, Csolnok, Esztergom-kertv\u00e1ros: h\u00edrek, programok\",\"publisher\":{\"@id\":\"https:\\\/\\\/dorogimedence.hu\\\/#organization\"},\"potentialAction\":[{\"@type\":\"SearchAction\",\"target\":{\"@type\":\"EntryPoint\",\"urlTemplate\":\"https:\\\/\\\/dorogimedence.hu\\\/?s={search_term_string}\"},\"query-input\":{\"@type\":\"PropertyValueSpecification\",\"valueRequired\":true,\"valueName\":\"search_term_string\"}}],\"inLanguage\":\"hu\"},{\"@type\":\"Organization\",\"@id\":\"https:\\\/\\\/dorogimedence.hu\\\/#organization\",\"name\":\"Dorogi-medence Region\u00e1lis H\u00edrport\u00e1l\",\"url\":\"https:\\\/\\\/dorogimedence.hu\\\/\",\"logo\":{\"@type\":\"ImageObject\",\"inLanguage\":\"hu\",\"@id\":\"https:\\\/\\\/dorogimedence.hu\\\/#\\\/schema\\\/logo\\\/image\\\/\",\"url\":\"https:\\\/\\\/dorogimedence.hu\\\/wp-content\\\/uploads\\\/2021\\\/04\\\/logo-feher-600.png\",\"contentUrl\":\"https:\\\/\\\/dorogimedence.hu\\\/wp-content\\\/uploads\\\/2021\\\/04\\\/logo-feher-600.png\",\"width\":600,\"height\":100,\"caption\":\"Dorogi-medence Region\u00e1lis H\u00edrport\u00e1l\"},\"image\":{\"@id\":\"https:\\\/\\\/dorogimedence.hu\\\/#\\\/schema\\\/logo\\\/image\\\/\"},\"sameAs\":[\"https:\\\/\\\/www.facebook.com\\\/dorogimedence\\\/\"]},{\"@type\":\"Person\",\"@id\":\"https:\\\/\\\/dorogimedence.hu\\\/#\\\/schema\\\/person\\\/ce6091eeb7e95ecdc87890d6aa8e0fd4\",\"name\":\"dorogimedence.hu\",\"image\":{\"@type\":\"ImageObject\",\"inLanguage\":\"hu\",\"@id\":\"\\\/\\\/www.gravatar.com\\\/avatar\\\/d8d45f8901aadff40a4af72c0b826f1d?s=96&#038;r=g&#038;d=mm\",\"url\":\"\\\/\\\/www.gravatar.com\\\/avatar\\\/d8d45f8901aadff40a4af72c0b826f1d?s=96&#038;r=g&#038;d=mm\",\"contentUrl\":\"\\\/\\\/www.gravatar.com\\\/avatar\\\/d8d45f8901aadff40a4af72c0b826f1d?s=96&#038;r=g&#038;d=mm\",\"caption\":\"dorogimedence.hu\"}}]}<\/script>\n<!-- \/ Yoast SEO plugin. -->","yoast_head_json":{"title":"Petr\u00e1s M\u00e1ria ki\u00e1ll\u00edt\u00e1sa","robots":{"index":"index","follow":"follow","max-snippet":"max-snippet:-1","max-image-preview":"max-image-preview:large","max-video-preview":"max-video-preview:-1"},"canonical":"https:\/\/dorogimedence.hu\/index.php\/2017\/04\/02\/petras-maria-kiallitasa\/","og_locale":"hu_HU","og_type":"article","og_title":"Petr\u00e1s M\u00e1ria ki\u00e1ll\u00edt\u00e1sa","og_description":"2017. \u00e1prilis 4-\u00e9n, kedden, 17 \u00f3rai kezdettel ny\u00edlik Petr\u00e1s M\u00e1ria n\u00e9pdal\u00e9nekes, keramikusm\u0171v\u00e9sz, az MMA rendes tagja biblikus t\u00e9m\u00e1j\u00fa ki\u00e1ll\u00edt\u00e1sa az esztergomi K\u00e1konyi Asztrik Kort\u00e1rs Gal\u00e9ri\u00e1ban. A ki\u00e1ll\u00edt\u00e1smegnyit\u00f3n k\u00f6zrem\u0171k\u00f6dik az iskola fi\u00fa k\u00f3rusa P\u00e1lmai \u00c1rp\u00e1d karnagy, egyh\u00e1zzen\u00e9sz vezet\u00e9s\u00e9vel, akik egy n\u00e9pdal erej\u00e9ig egy\u00fctt \u00e9nekelnek a m\u0171v\u00e9szn\u0151vel. A ki\u00e1ll\u00edt\u00e1st D\u00f6brentei Korn\u00e9l \u00edr\u00f3, k\u00f6lt\u0151 nyitja meg, egyik legemblematikusabb","og_url":"https:\/\/dorogimedence.hu\/index.php\/2017\/04\/02\/petras-maria-kiallitasa\/","og_site_name":"Dorogi-medence Region\u00e1lis H\u00edrport\u00e1l","article_publisher":"https:\/\/www.facebook.com\/dorogimedence\/","article_published_time":"2017-04-02T08:02:52+00:00","og_image":[{"width":800,"height":531,"url":"https:\/\/i0.wp.com\/dorogimedence.hu\/wp-content\/uploads\/2017\/04\/petras-01.jpg?fit=800%2C531&ssl=1","type":"image\/jpeg"}],"author":"dorogimedence.hu","twitter_card":"summary_large_image","twitter_misc":{"Szerz\u0151:":"dorogimedence.hu","Becs\u00fclt olvas\u00e1si id\u0151":"2 perc"},"schema":{"@context":"https:\/\/schema.org","@graph":[{"@type":"Article","@id":"https:\/\/dorogimedence.hu\/index.php\/2017\/04\/02\/petras-maria-kiallitasa\/#article","isPartOf":{"@id":"https:\/\/dorogimedence.hu\/index.php\/2017\/04\/02\/petras-maria-kiallitasa\/"},"author":{"name":"dorogimedence.hu","@id":"https:\/\/dorogimedence.hu\/#\/schema\/person\/ce6091eeb7e95ecdc87890d6aa8e0fd4"},"headline":"Petr\u00e1s M\u00e1ria ki\u00e1ll\u00edt\u00e1sa","datePublished":"2017-04-02T08:02:52+00:00","mainEntityOfPage":{"@id":"https:\/\/dorogimedence.hu\/index.php\/2017\/04\/02\/petras-maria-kiallitasa\/"},"wordCount":413,"publisher":{"@id":"https:\/\/dorogimedence.hu\/#organization"},"image":{"@id":"https:\/\/dorogimedence.hu\/index.php\/2017\/04\/02\/petras-maria-kiallitasa\/#primaryimage"},"thumbnailUrl":"https:\/\/dorogimedence.hu\/wp-content\/uploads\/2017\/04\/petras-01.jpg","keywords":["esztergom","ki\u00e1ll\u00edt\u00e1s","m\u0171v\u00e9szet","Petr\u00e1s M\u00e1ria"],"articleSection":["Esztergom","H\u00edrek"],"inLanguage":"hu"},{"@type":"WebPage","@id":"https:\/\/dorogimedence.hu\/index.php\/2017\/04\/02\/petras-maria-kiallitasa\/","url":"https:\/\/dorogimedence.hu\/index.php\/2017\/04\/02\/petras-maria-kiallitasa\/","name":"Petr\u00e1s M\u00e1ria ki\u00e1ll\u00edt\u00e1sa","isPartOf":{"@id":"https:\/\/dorogimedence.hu\/#website"},"primaryImageOfPage":{"@id":"https:\/\/dorogimedence.hu\/index.php\/2017\/04\/02\/petras-maria-kiallitasa\/#primaryimage"},"image":{"@id":"https:\/\/dorogimedence.hu\/index.php\/2017\/04\/02\/petras-maria-kiallitasa\/#primaryimage"},"thumbnailUrl":"https:\/\/dorogimedence.hu\/wp-content\/uploads\/2017\/04\/petras-01.jpg","datePublished":"2017-04-02T08:02:52+00:00","breadcrumb":{"@id":"https:\/\/dorogimedence.hu\/index.php\/2017\/04\/02\/petras-maria-kiallitasa\/#breadcrumb"},"inLanguage":"hu","potentialAction":[{"@type":"ReadAction","target":["https:\/\/dorogimedence.hu\/index.php\/2017\/04\/02\/petras-maria-kiallitasa\/"]}]},{"@type":"ImageObject","inLanguage":"hu","@id":"https:\/\/dorogimedence.hu\/index.php\/2017\/04\/02\/petras-maria-kiallitasa\/#primaryimage","url":"https:\/\/dorogimedence.hu\/wp-content\/uploads\/2017\/04\/petras-01.jpg","contentUrl":"https:\/\/dorogimedence.hu\/wp-content\/uploads\/2017\/04\/petras-01.jpg","width":800,"height":531},{"@type":"BreadcrumbList","@id":"https:\/\/dorogimedence.hu\/index.php\/2017\/04\/02\/petras-maria-kiallitasa\/#breadcrumb","itemListElement":[{"@type":"ListItem","position":1,"name":"Kezd\u0151lap","item":"https:\/\/dorogimedence.hu\/"},{"@type":"ListItem","position":2,"name":"Petr\u00e1s M\u00e1ria ki\u00e1ll\u00edt\u00e1sa"}]},{"@type":"WebSite","@id":"https:\/\/dorogimedence.hu\/#website","url":"https:\/\/dorogimedence.hu\/","name":"Dorogi-medence Region\u00e1lis H\u00edrport\u00e1l","description":"Dorog, Keszt\u00f6lc, Le\u00e1nyv\u00e1r, Piliscs\u00e9v, Tokod, Tokodalt\u00e1r\u00f3, Csolnok, Esztergom-kertv\u00e1ros: h\u00edrek, programok","publisher":{"@id":"https:\/\/dorogimedence.hu\/#organization"},"potentialAction":[{"@type":"SearchAction","target":{"@type":"EntryPoint","urlTemplate":"https:\/\/dorogimedence.hu\/?s={search_term_string}"},"query-input":{"@type":"PropertyValueSpecification","valueRequired":true,"valueName":"search_term_string"}}],"inLanguage":"hu"},{"@type":"Organization","@id":"https:\/\/dorogimedence.hu\/#organization","name":"Dorogi-medence Region\u00e1lis H\u00edrport\u00e1l","url":"https:\/\/dorogimedence.hu\/","logo":{"@type":"ImageObject","inLanguage":"hu","@id":"https:\/\/dorogimedence.hu\/#\/schema\/logo\/image\/","url":"https:\/\/dorogimedence.hu\/wp-content\/uploads\/2021\/04\/logo-feher-600.png","contentUrl":"https:\/\/dorogimedence.hu\/wp-content\/uploads\/2021\/04\/logo-feher-600.png","width":600,"height":100,"caption":"Dorogi-medence Region\u00e1lis H\u00edrport\u00e1l"},"image":{"@id":"https:\/\/dorogimedence.hu\/#\/schema\/logo\/image\/"},"sameAs":["https:\/\/www.facebook.com\/dorogimedence\/"]},{"@type":"Person","@id":"https:\/\/dorogimedence.hu\/#\/schema\/person\/ce6091eeb7e95ecdc87890d6aa8e0fd4","name":"dorogimedence.hu","image":{"@type":"ImageObject","inLanguage":"hu","@id":"\/\/www.gravatar.com\/avatar\/d8d45f8901aadff40a4af72c0b826f1d?s=96&#038;r=g&#038;d=mm","url":"\/\/www.gravatar.com\/avatar\/d8d45f8901aadff40a4af72c0b826f1d?s=96&#038;r=g&#038;d=mm","contentUrl":"\/\/www.gravatar.com\/avatar\/d8d45f8901aadff40a4af72c0b826f1d?s=96&#038;r=g&#038;d=mm","caption":"dorogimedence.hu"}}]}},"_links":{"self":[{"href":"https:\/\/dorogimedence.hu\/index.php\/wp-json\/wp\/v2\/posts\/2009","targetHints":{"allow":["GET"]}}],"collection":[{"href":"https:\/\/dorogimedence.hu\/index.php\/wp-json\/wp\/v2\/posts"}],"about":[{"href":"https:\/\/dorogimedence.hu\/index.php\/wp-json\/wp\/v2\/types\/post"}],"author":[{"embeddable":true,"href":"https:\/\/dorogimedence.hu\/index.php\/wp-json\/wp\/v2\/users\/1"}],"replies":[{"embeddable":true,"href":"https:\/\/dorogimedence.hu\/index.php\/wp-json\/wp\/v2\/comments?post=2009"}],"version-history":[{"count":0,"href":"https:\/\/dorogimedence.hu\/index.php\/wp-json\/wp\/v2\/posts\/2009\/revisions"}],"wp:featuredmedia":[{"embeddable":true,"href":"https:\/\/dorogimedence.hu\/index.php\/wp-json\/wp\/v2\/media\/2011"}],"wp:attachment":[{"href":"https:\/\/dorogimedence.hu\/index.php\/wp-json\/wp\/v2\/media?parent=2009"}],"wp:term":[{"taxonomy":"category","embeddable":true,"href":"https:\/\/dorogimedence.hu\/index.php\/wp-json\/wp\/v2\/categories?post=2009"},{"taxonomy":"post_tag","embeddable":true,"href":"https:\/\/dorogimedence.hu\/index.php\/wp-json\/wp\/v2\/tags?post=2009"}],"curies":[{"name":"wp","href":"https:\/\/api.w.org\/{rel}","templated":true}]}}