{"id":19940,"date":"2019-10-03T16:07:55","date_gmt":"2019-10-03T14:07:55","guid":{"rendered":"http:\/\/dorogimedence.hu\/?p=19940"},"modified":"2019-10-03T16:08:14","modified_gmt":"2019-10-03T14:08:14","slug":"eskuvo-kiallitas-a-logatonal","status":"publish","type":"post","link":"https:\/\/dorogimedence.hu\/index.php\/2019\/10\/03\/eskuvo-kiallitas-a-logatonal\/","title":{"rendered":"Esk\u00fcv\u0151 ki\u00e1ll\u00edt\u00e1s a L\u00f3gaT\u00f3n\u00e1l"},"content":{"rendered":"<p><strong>A L\u00f3gT\u00f3n\u00e1l els\u0151 alkalommal rendeznek esk\u00fcv\u0151 ki\u00e1ll\u00edt\u00e1st okt\u00f3ber 6-\u00e1n, vas\u00e1rnap 13 \u00e9s 18 \u00f3ra k\u00f6z\u00f6tt.<\/strong><\/p>\n<p>Mint az m\u00e1r sokan tudj\u00e1k 2018. okt\u00f3ber\u00e9ben egy \u00faj rendezv\u00e9nyterem \u00e9p\u00edt\u00e9se vette kezdet\u00e9t a L\u00f3gaT\u00f3 ter\u00fclet\u00e9n. Az \u00fczemeltet\u0151k \u00fagy gondolj\u00e1k, hogy a t\u00f6k\u00e9letes helysz\u00edn megteremt\u00e9s\u00e9hez id\u0151 kell, m\u00edg a sok tapasztalatot, amit az \u00e9vek &#8211; esk\u00fcv\u0151k \u00e9s rendezv\u00e9nyek &#8211; sor\u00e1n gy\u0171jt\u00f6ttek, most egy rendezv\u00e9nyteremben \u00e9s szolg\u00e1ltat\u00e1saikban megval\u00f3sulni l\u00e1tszanak!<\/p>\n<p>2020-2021 vagy ak\u00e1r idei \u00e9vben h\u00e1zasodni v\u00e1gy\u00f3 p\u00e1rokat egyar\u00e1nt v\u00e1rj\u00e1k erre a v\u00e1ltozatos, programokban gazdag napra, hogy megismerj\u00e9k a helyet \u00e9s a vel\u00fck hossz\u00fa \u00e9vek \u00f3ta k\u00f6zrem\u0171k\u00f6d\u0151 szolg\u00e1ltat\u00f3kat, akik igen fontos szerepet j\u00e1tszanak a t\u00f6k\u00e9letes esk\u00fcv\u0151 megval\u00f3s\u00edt\u00e1s\u00e1ban!<\/p>\n<p><strong>Ki\u00e1ll\u00edt\u00f3k:<\/strong> dekor\u00e1ci\u00f3, zene, cerem\u00f3niamester, cukr\u00e1szda, sminkes, gy\u00fcm\u00f6lcsfarag\u00f3, fot\u00f3\/vide\u00f3\/dr\u00f3n, helysz\u00edn, esk\u00fcv\u0151szervez\u0151 \u00e9s m\u00e9g sokan m\u00e1sok.<\/p>\n<p><strong>A r\u00e9szv\u00e9teleteket a <a href=\"https:\/\/www.facebook.com\/events\/393154648034461\/\" target=\"_blank\" rel=\"noopener noreferrer\"><span style=\"text-decoration: underline; color: #0000ff;\">facebook esem\u00e9nyen<\/span><\/a> val\u00f3 visszajelz\u00e9ssel tudj\u00e1tok jelezni!<\/strong> Jegyeket pedig a helysz\u00ednen lehet megv\u00e1ltani! \u00c9rkez\u00e9skor egy kis aj\u00e1nd\u00e9kkal is kedveskednek a r\u00e9sztvev\u0151knek.<\/p>\n<p><strong>Bel\u00e9p\u0151jegy:<\/strong> 1.000 Ft, amely lefogyaszthat\u00f3!<\/p>\n<p><strong>Tov\u00e1bbi inform\u00e1ci\u00f3:<\/strong> +36 70 2457200, <a href=\"mailto:logatoinfo@gmail.com\" target=\"_blank\" rel=\"noopener noreferrer\"><span style=\"text-decoration: underline;\"><span style=\"color: #0000ff; text-decoration: underline;\">logatoinfo@gmail.com<\/span><\/span><\/a><\/p>\n<p><a href=\"https:\/\/www.facebook.com\/events\/393154648034461\/\" target=\"_blank\" rel=\"noopener noreferrer\"><span style=\"text-decoration: underline; color: #0000ff;\"><strong>Facebook esem\u00e9ny&gt;&gt;<\/strong><\/span><\/a><\/p>\n","protected":false},"excerpt":{"rendered":"<p>A L\u00f3gT\u00f3n\u00e1l els\u0151 alkalommal rendeznek esk\u00fcv\u0151 ki\u00e1ll\u00edt\u00e1st okt\u00f3ber 6-\u00e1n, vas\u00e1rnap 13 \u00e9s 18 \u00f3ra k\u00f6z\u00f6tt. Mint az m\u00e1r sokan tudj\u00e1k 2018. okt\u00f3ber\u00e9ben egy \u00faj rendezv\u00e9nyterem \u00e9p\u00edt\u00e9se vette kezdet\u00e9t a L\u00f3gaT\u00f3 ter\u00fclet\u00e9n. Az \u00fczemeltet\u0151k \u00fagy gondolj\u00e1k, hogy a t\u00f6k\u00e9letes helysz\u00edn megteremt\u00e9s\u00e9hez id\u0151 kell, m\u00edg a sok tapasztalatot, amit az \u00e9vek &#8211; esk\u00fcv\u0151k \u00e9s rendezv\u00e9nyek &#8211; sor\u00e1n<\/p>\n","protected":false},"author":1,"featured_media":19941,"comment_status":"closed","ping_status":"closed","sticky":false,"template":"","format":"standard","meta":{"ngg_post_thumbnail":0,"footnotes":""},"categories":[2,3,3561],"tags":[15,2137,2138,4348,101],"class_list":{"0":"post-19940","1":"post","2":"type-post","3":"status-publish","4":"format-standard","5":"has-post-thumbnail","7":"category-dorog","8":"category-hirek","9":"category-programok","10":"tag-dorog","11":"tag-eskuvo","12":"tag-eskuvo-kiallitas","13":"tag-logato","14":"tag-program"},"yoast_head":"<!-- This site is optimized with the Yoast SEO plugin v27.4 - https:\/\/yoast.com\/product\/yoast-seo-wordpress\/ -->\n<title>Esk\u00fcv\u0151 ki\u00e1ll\u00edt\u00e1s a L\u00f3gaT\u00f3n\u00e1l<\/title>\n<meta name=\"robots\" content=\"index, follow, max-snippet:-1, max-image-preview:large, max-video-preview:-1\" \/>\n<link rel=\"canonical\" href=\"https:\/\/dorogimedence.hu\/index.php\/2019\/10\/03\/eskuvo-kiallitas-a-logatonal\/\" class=\"yoast-seo-meta-tag\" \/>\n<meta property=\"og:locale\" content=\"hu_HU\" class=\"yoast-seo-meta-tag\" \/>\n<meta property=\"og:type\" content=\"article\" class=\"yoast-seo-meta-tag\" \/>\n<meta property=\"og:title\" content=\"Esk\u00fcv\u0151 ki\u00e1ll\u00edt\u00e1s a L\u00f3gaT\u00f3n\u00e1l\" class=\"yoast-seo-meta-tag\" \/>\n<meta property=\"og:description\" content=\"A L\u00f3gT\u00f3n\u00e1l els\u0151 alkalommal rendeznek esk\u00fcv\u0151 ki\u00e1ll\u00edt\u00e1st okt\u00f3ber 6-\u00e1n, vas\u00e1rnap 13 \u00e9s 18 \u00f3ra k\u00f6z\u00f6tt. Mint az m\u00e1r sokan tudj\u00e1k 2018. okt\u00f3ber\u00e9ben egy \u00faj rendezv\u00e9nyterem \u00e9p\u00edt\u00e9se vette kezdet\u00e9t a L\u00f3gaT\u00f3 ter\u00fclet\u00e9n. Az \u00fczemeltet\u0151k \u00fagy gondolj\u00e1k, hogy a t\u00f6k\u00e9letes helysz\u00edn megteremt\u00e9s\u00e9hez id\u0151 kell, m\u00edg a sok tapasztalatot, amit az \u00e9vek &#8211; esk\u00fcv\u0151k \u00e9s rendezv\u00e9nyek &#8211; sor\u00e1n\" class=\"yoast-seo-meta-tag\" \/>\n<meta property=\"og:url\" content=\"https:\/\/dorogimedence.hu\/index.php\/2019\/10\/03\/eskuvo-kiallitas-a-logatonal\/\" class=\"yoast-seo-meta-tag\" \/>\n<meta property=\"og:site_name\" content=\"Dorogi-medence Region\u00e1lis H\u00edrport\u00e1l\" class=\"yoast-seo-meta-tag\" \/>\n<meta property=\"article:publisher\" content=\"https:\/\/www.facebook.com\/dorogimedence\/\" class=\"yoast-seo-meta-tag\" \/>\n<meta property=\"article:published_time\" content=\"2019-10-03T14:07:55+00:00\" class=\"yoast-seo-meta-tag\" \/>\n<meta property=\"article:modified_time\" content=\"2019-10-03T14:08:14+00:00\" class=\"yoast-seo-meta-tag\" \/>\n<meta property=\"og:image\" content=\"https:\/\/i0.wp.com\/dorogimedence.hu\/wp-content\/uploads\/2019\/10\/eskuvo-kiallitas.jpg?fit=670%2C365&ssl=1\" class=\"yoast-seo-meta-tag\" \/>\n\t<meta property=\"og:image:width\" content=\"670\" class=\"yoast-seo-meta-tag\" \/>\n\t<meta property=\"og:image:height\" content=\"365\" class=\"yoast-seo-meta-tag\" \/>\n\t<meta property=\"og:image:type\" content=\"image\/jpeg\" class=\"yoast-seo-meta-tag\" \/>\n<meta name=\"author\" content=\"dorogimedence.hu\" class=\"yoast-seo-meta-tag\" \/>\n<meta name=\"twitter:card\" content=\"summary_large_image\" class=\"yoast-seo-meta-tag\" \/>\n<meta name=\"twitter:label1\" content=\"Szerz\u0151:\" class=\"yoast-seo-meta-tag\" \/>\n\t<meta name=\"twitter:data1\" content=\"dorogimedence.hu\" class=\"yoast-seo-meta-tag\" \/>\n\t<meta name=\"twitter:label2\" content=\"Becs\u00fclt olvas\u00e1si id\u0151\" class=\"yoast-seo-meta-tag\" \/>\n\t<meta name=\"twitter:data2\" content=\"1 perc\" class=\"yoast-seo-meta-tag\" \/>\n<script type=\"application\/ld+json\" class=\"yoast-schema-graph\">{\"@context\":\"https:\\\/\\\/schema.org\",\"@graph\":[{\"@type\":\"Article\",\"@id\":\"https:\\\/\\\/dorogimedence.hu\\\/index.php\\\/2019\\\/10\\\/03\\\/eskuvo-kiallitas-a-logatonal\\\/#article\",\"isPartOf\":{\"@id\":\"https:\\\/\\\/dorogimedence.hu\\\/index.php\\\/2019\\\/10\\\/03\\\/eskuvo-kiallitas-a-logatonal\\\/\"},\"author\":{\"name\":\"dorogimedence.hu\",\"@id\":\"https:\\\/\\\/dorogimedence.hu\\\/#\\\/schema\\\/person\\\/ce6091eeb7e95ecdc87890d6aa8e0fd4\"},\"headline\":\"Esk\u00fcv\u0151 ki\u00e1ll\u00edt\u00e1s a L\u00f3gaT\u00f3n\u00e1l\",\"datePublished\":\"2019-10-03T14:07:55+00:00\",\"dateModified\":\"2019-10-03T14:08:14+00:00\",\"mainEntityOfPage\":{\"@id\":\"https:\\\/\\\/dorogimedence.hu\\\/index.php\\\/2019\\\/10\\\/03\\\/eskuvo-kiallitas-a-logatonal\\\/\"},\"wordCount\":256,\"publisher\":{\"@id\":\"https:\\\/\\\/dorogimedence.hu\\\/#organization\"},\"image\":{\"@id\":\"https:\\\/\\\/dorogimedence.hu\\\/index.php\\\/2019\\\/10\\\/03\\\/eskuvo-kiallitas-a-logatonal\\\/#primaryimage\"},\"thumbnailUrl\":\"https:\\\/\\\/dorogimedence.hu\\\/wp-content\\\/uploads\\\/2019\\\/10\\\/eskuvo-kiallitas.jpg\",\"keywords\":[\"Dorog\",\"esk\u00fcv\u0151\",\"esk\u00fcv\u0151 ki\u00e1ll\u00edt\u00e1s\",\"L\u00f3gaT\u00f3\",\"program\"],\"articleSection\":[\"Dorog\",\"H\u00edrek\",\"Programok\"],\"inLanguage\":\"hu\"},{\"@type\":\"WebPage\",\"@id\":\"https:\\\/\\\/dorogimedence.hu\\\/index.php\\\/2019\\\/10\\\/03\\\/eskuvo-kiallitas-a-logatonal\\\/\",\"url\":\"https:\\\/\\\/dorogimedence.hu\\\/index.php\\\/2019\\\/10\\\/03\\\/eskuvo-kiallitas-a-logatonal\\\/\",\"name\":\"Esk\u00fcv\u0151 ki\u00e1ll\u00edt\u00e1s a L\u00f3gaT\u00f3n\u00e1l\",\"isPartOf\":{\"@id\":\"https:\\\/\\\/dorogimedence.hu\\\/#website\"},\"primaryImageOfPage\":{\"@id\":\"https:\\\/\\\/dorogimedence.hu\\\/index.php\\\/2019\\\/10\\\/03\\\/eskuvo-kiallitas-a-logatonal\\\/#primaryimage\"},\"image\":{\"@id\":\"https:\\\/\\\/dorogimedence.hu\\\/index.php\\\/2019\\\/10\\\/03\\\/eskuvo-kiallitas-a-logatonal\\\/#primaryimage\"},\"thumbnailUrl\":\"https:\\\/\\\/dorogimedence.hu\\\/wp-content\\\/uploads\\\/2019\\\/10\\\/eskuvo-kiallitas.jpg\",\"datePublished\":\"2019-10-03T14:07:55+00:00\",\"dateModified\":\"2019-10-03T14:08:14+00:00\",\"breadcrumb\":{\"@id\":\"https:\\\/\\\/dorogimedence.hu\\\/index.php\\\/2019\\\/10\\\/03\\\/eskuvo-kiallitas-a-logatonal\\\/#breadcrumb\"},\"inLanguage\":\"hu\",\"potentialAction\":[{\"@type\":\"ReadAction\",\"target\":[\"https:\\\/\\\/dorogimedence.hu\\\/index.php\\\/2019\\\/10\\\/03\\\/eskuvo-kiallitas-a-logatonal\\\/\"]}]},{\"@type\":\"ImageObject\",\"inLanguage\":\"hu\",\"@id\":\"https:\\\/\\\/dorogimedence.hu\\\/index.php\\\/2019\\\/10\\\/03\\\/eskuvo-kiallitas-a-logatonal\\\/#primaryimage\",\"url\":\"https:\\\/\\\/dorogimedence.hu\\\/wp-content\\\/uploads\\\/2019\\\/10\\\/eskuvo-kiallitas.jpg\",\"contentUrl\":\"https:\\\/\\\/dorogimedence.hu\\\/wp-content\\\/uploads\\\/2019\\\/10\\\/eskuvo-kiallitas.jpg\",\"width\":670,\"height\":365},{\"@type\":\"BreadcrumbList\",\"@id\":\"https:\\\/\\\/dorogimedence.hu\\\/index.php\\\/2019\\\/10\\\/03\\\/eskuvo-kiallitas-a-logatonal\\\/#breadcrumb\",\"itemListElement\":[{\"@type\":\"ListItem\",\"position\":1,\"name\":\"Kezd\u0151lap\",\"item\":\"https:\\\/\\\/dorogimedence.hu\\\/\"},{\"@type\":\"ListItem\",\"position\":2,\"name\":\"Esk\u00fcv\u0151 ki\u00e1ll\u00edt\u00e1s a L\u00f3gaT\u00f3n\u00e1l\"}]},{\"@type\":\"WebSite\",\"@id\":\"https:\\\/\\\/dorogimedence.hu\\\/#website\",\"url\":\"https:\\\/\\\/dorogimedence.hu\\\/\",\"name\":\"Dorogi-medence Region\u00e1lis H\u00edrport\u00e1l\",\"description\":\"Dorog, Keszt\u00f6lc, Le\u00e1nyv\u00e1r, Piliscs\u00e9v, Tokod, Tokodalt\u00e1r\u00f3, Csolnok, Esztergom-kertv\u00e1ros: h\u00edrek, programok\",\"publisher\":{\"@id\":\"https:\\\/\\\/dorogimedence.hu\\\/#organization\"},\"potentialAction\":[{\"@type\":\"SearchAction\",\"target\":{\"@type\":\"EntryPoint\",\"urlTemplate\":\"https:\\\/\\\/dorogimedence.hu\\\/?s={search_term_string}\"},\"query-input\":{\"@type\":\"PropertyValueSpecification\",\"valueRequired\":true,\"valueName\":\"search_term_string\"}}],\"inLanguage\":\"hu\"},{\"@type\":\"Organization\",\"@id\":\"https:\\\/\\\/dorogimedence.hu\\\/#organization\",\"name\":\"Dorogi-medence Region\u00e1lis H\u00edrport\u00e1l\",\"url\":\"https:\\\/\\\/dorogimedence.hu\\\/\",\"logo\":{\"@type\":\"ImageObject\",\"inLanguage\":\"hu\",\"@id\":\"https:\\\/\\\/dorogimedence.hu\\\/#\\\/schema\\\/logo\\\/image\\\/\",\"url\":\"https:\\\/\\\/dorogimedence.hu\\\/wp-content\\\/uploads\\\/2021\\\/04\\\/logo-feher-600.png\",\"contentUrl\":\"https:\\\/\\\/dorogimedence.hu\\\/wp-content\\\/uploads\\\/2021\\\/04\\\/logo-feher-600.png\",\"width\":600,\"height\":100,\"caption\":\"Dorogi-medence Region\u00e1lis H\u00edrport\u00e1l\"},\"image\":{\"@id\":\"https:\\\/\\\/dorogimedence.hu\\\/#\\\/schema\\\/logo\\\/image\\\/\"},\"sameAs\":[\"https:\\\/\\\/www.facebook.com\\\/dorogimedence\\\/\"]},{\"@type\":\"Person\",\"@id\":\"https:\\\/\\\/dorogimedence.hu\\\/#\\\/schema\\\/person\\\/ce6091eeb7e95ecdc87890d6aa8e0fd4\",\"name\":\"dorogimedence.hu\",\"image\":{\"@type\":\"ImageObject\",\"inLanguage\":\"hu\",\"@id\":\"\\\/\\\/www.gravatar.com\\\/avatar\\\/d8d45f8901aadff40a4af72c0b826f1d?s=96&#038;r=g&#038;d=mm\",\"url\":\"\\\/\\\/www.gravatar.com\\\/avatar\\\/d8d45f8901aadff40a4af72c0b826f1d?s=96&#038;r=g&#038;d=mm\",\"contentUrl\":\"\\\/\\\/www.gravatar.com\\\/avatar\\\/d8d45f8901aadff40a4af72c0b826f1d?s=96&#038;r=g&#038;d=mm\",\"caption\":\"dorogimedence.hu\"}}]}<\/script>\n<!-- \/ Yoast SEO plugin. -->","yoast_head_json":{"title":"Esk\u00fcv\u0151 ki\u00e1ll\u00edt\u00e1s a L\u00f3gaT\u00f3n\u00e1l","robots":{"index":"index","follow":"follow","max-snippet":"max-snippet:-1","max-image-preview":"max-image-preview:large","max-video-preview":"max-video-preview:-1"},"canonical":"https:\/\/dorogimedence.hu\/index.php\/2019\/10\/03\/eskuvo-kiallitas-a-logatonal\/","og_locale":"hu_HU","og_type":"article","og_title":"Esk\u00fcv\u0151 ki\u00e1ll\u00edt\u00e1s a L\u00f3gaT\u00f3n\u00e1l","og_description":"A L\u00f3gT\u00f3n\u00e1l els\u0151 alkalommal rendeznek esk\u00fcv\u0151 ki\u00e1ll\u00edt\u00e1st okt\u00f3ber 6-\u00e1n, vas\u00e1rnap 13 \u00e9s 18 \u00f3ra k\u00f6z\u00f6tt. Mint az m\u00e1r sokan tudj\u00e1k 2018. okt\u00f3ber\u00e9ben egy \u00faj rendezv\u00e9nyterem \u00e9p\u00edt\u00e9se vette kezdet\u00e9t a L\u00f3gaT\u00f3 ter\u00fclet\u00e9n. Az \u00fczemeltet\u0151k \u00fagy gondolj\u00e1k, hogy a t\u00f6k\u00e9letes helysz\u00edn megteremt\u00e9s\u00e9hez id\u0151 kell, m\u00edg a sok tapasztalatot, amit az \u00e9vek &#8211; esk\u00fcv\u0151k \u00e9s rendezv\u00e9nyek &#8211; sor\u00e1n","og_url":"https:\/\/dorogimedence.hu\/index.php\/2019\/10\/03\/eskuvo-kiallitas-a-logatonal\/","og_site_name":"Dorogi-medence Region\u00e1lis H\u00edrport\u00e1l","article_publisher":"https:\/\/www.facebook.com\/dorogimedence\/","article_published_time":"2019-10-03T14:07:55+00:00","article_modified_time":"2019-10-03T14:08:14+00:00","og_image":[{"width":670,"height":365,"url":"https:\/\/i0.wp.com\/dorogimedence.hu\/wp-content\/uploads\/2019\/10\/eskuvo-kiallitas.jpg?fit=670%2C365&ssl=1","type":"image\/jpeg"}],"author":"dorogimedence.hu","twitter_card":"summary_large_image","twitter_misc":{"Szerz\u0151:":"dorogimedence.hu","Becs\u00fclt olvas\u00e1si id\u0151":"1 perc"},"schema":{"@context":"https:\/\/schema.org","@graph":[{"@type":"Article","@id":"https:\/\/dorogimedence.hu\/index.php\/2019\/10\/03\/eskuvo-kiallitas-a-logatonal\/#article","isPartOf":{"@id":"https:\/\/dorogimedence.hu\/index.php\/2019\/10\/03\/eskuvo-kiallitas-a-logatonal\/"},"author":{"name":"dorogimedence.hu","@id":"https:\/\/dorogimedence.hu\/#\/schema\/person\/ce6091eeb7e95ecdc87890d6aa8e0fd4"},"headline":"Esk\u00fcv\u0151 ki\u00e1ll\u00edt\u00e1s a L\u00f3gaT\u00f3n\u00e1l","datePublished":"2019-10-03T14:07:55+00:00","dateModified":"2019-10-03T14:08:14+00:00","mainEntityOfPage":{"@id":"https:\/\/dorogimedence.hu\/index.php\/2019\/10\/03\/eskuvo-kiallitas-a-logatonal\/"},"wordCount":256,"publisher":{"@id":"https:\/\/dorogimedence.hu\/#organization"},"image":{"@id":"https:\/\/dorogimedence.hu\/index.php\/2019\/10\/03\/eskuvo-kiallitas-a-logatonal\/#primaryimage"},"thumbnailUrl":"https:\/\/dorogimedence.hu\/wp-content\/uploads\/2019\/10\/eskuvo-kiallitas.jpg","keywords":["Dorog","esk\u00fcv\u0151","esk\u00fcv\u0151 ki\u00e1ll\u00edt\u00e1s","L\u00f3gaT\u00f3","program"],"articleSection":["Dorog","H\u00edrek","Programok"],"inLanguage":"hu"},{"@type":"WebPage","@id":"https:\/\/dorogimedence.hu\/index.php\/2019\/10\/03\/eskuvo-kiallitas-a-logatonal\/","url":"https:\/\/dorogimedence.hu\/index.php\/2019\/10\/03\/eskuvo-kiallitas-a-logatonal\/","name":"Esk\u00fcv\u0151 ki\u00e1ll\u00edt\u00e1s a L\u00f3gaT\u00f3n\u00e1l","isPartOf":{"@id":"https:\/\/dorogimedence.hu\/#website"},"primaryImageOfPage":{"@id":"https:\/\/dorogimedence.hu\/index.php\/2019\/10\/03\/eskuvo-kiallitas-a-logatonal\/#primaryimage"},"image":{"@id":"https:\/\/dorogimedence.hu\/index.php\/2019\/10\/03\/eskuvo-kiallitas-a-logatonal\/#primaryimage"},"thumbnailUrl":"https:\/\/dorogimedence.hu\/wp-content\/uploads\/2019\/10\/eskuvo-kiallitas.jpg","datePublished":"2019-10-03T14:07:55+00:00","dateModified":"2019-10-03T14:08:14+00:00","breadcrumb":{"@id":"https:\/\/dorogimedence.hu\/index.php\/2019\/10\/03\/eskuvo-kiallitas-a-logatonal\/#breadcrumb"},"inLanguage":"hu","potentialAction":[{"@type":"ReadAction","target":["https:\/\/dorogimedence.hu\/index.php\/2019\/10\/03\/eskuvo-kiallitas-a-logatonal\/"]}]},{"@type":"ImageObject","inLanguage":"hu","@id":"https:\/\/dorogimedence.hu\/index.php\/2019\/10\/03\/eskuvo-kiallitas-a-logatonal\/#primaryimage","url":"https:\/\/dorogimedence.hu\/wp-content\/uploads\/2019\/10\/eskuvo-kiallitas.jpg","contentUrl":"https:\/\/dorogimedence.hu\/wp-content\/uploads\/2019\/10\/eskuvo-kiallitas.jpg","width":670,"height":365},{"@type":"BreadcrumbList","@id":"https:\/\/dorogimedence.hu\/index.php\/2019\/10\/03\/eskuvo-kiallitas-a-logatonal\/#breadcrumb","itemListElement":[{"@type":"ListItem","position":1,"name":"Kezd\u0151lap","item":"https:\/\/dorogimedence.hu\/"},{"@type":"ListItem","position":2,"name":"Esk\u00fcv\u0151 ki\u00e1ll\u00edt\u00e1s a L\u00f3gaT\u00f3n\u00e1l"}]},{"@type":"WebSite","@id":"https:\/\/dorogimedence.hu\/#website","url":"https:\/\/dorogimedence.hu\/","name":"Dorogi-medence Region\u00e1lis H\u00edrport\u00e1l","description":"Dorog, Keszt\u00f6lc, Le\u00e1nyv\u00e1r, Piliscs\u00e9v, Tokod, Tokodalt\u00e1r\u00f3, Csolnok, Esztergom-kertv\u00e1ros: h\u00edrek, programok","publisher":{"@id":"https:\/\/dorogimedence.hu\/#organization"},"potentialAction":[{"@type":"SearchAction","target":{"@type":"EntryPoint","urlTemplate":"https:\/\/dorogimedence.hu\/?s={search_term_string}"},"query-input":{"@type":"PropertyValueSpecification","valueRequired":true,"valueName":"search_term_string"}}],"inLanguage":"hu"},{"@type":"Organization","@id":"https:\/\/dorogimedence.hu\/#organization","name":"Dorogi-medence Region\u00e1lis H\u00edrport\u00e1l","url":"https:\/\/dorogimedence.hu\/","logo":{"@type":"ImageObject","inLanguage":"hu","@id":"https:\/\/dorogimedence.hu\/#\/schema\/logo\/image\/","url":"https:\/\/dorogimedence.hu\/wp-content\/uploads\/2021\/04\/logo-feher-600.png","contentUrl":"https:\/\/dorogimedence.hu\/wp-content\/uploads\/2021\/04\/logo-feher-600.png","width":600,"height":100,"caption":"Dorogi-medence Region\u00e1lis H\u00edrport\u00e1l"},"image":{"@id":"https:\/\/dorogimedence.hu\/#\/schema\/logo\/image\/"},"sameAs":["https:\/\/www.facebook.com\/dorogimedence\/"]},{"@type":"Person","@id":"https:\/\/dorogimedence.hu\/#\/schema\/person\/ce6091eeb7e95ecdc87890d6aa8e0fd4","name":"dorogimedence.hu","image":{"@type":"ImageObject","inLanguage":"hu","@id":"\/\/www.gravatar.com\/avatar\/d8d45f8901aadff40a4af72c0b826f1d?s=96&#038;r=g&#038;d=mm","url":"\/\/www.gravatar.com\/avatar\/d8d45f8901aadff40a4af72c0b826f1d?s=96&#038;r=g&#038;d=mm","contentUrl":"\/\/www.gravatar.com\/avatar\/d8d45f8901aadff40a4af72c0b826f1d?s=96&#038;r=g&#038;d=mm","caption":"dorogimedence.hu"}}]}},"_links":{"self":[{"href":"https:\/\/dorogimedence.hu\/index.php\/wp-json\/wp\/v2\/posts\/19940","targetHints":{"allow":["GET"]}}],"collection":[{"href":"https:\/\/dorogimedence.hu\/index.php\/wp-json\/wp\/v2\/posts"}],"about":[{"href":"https:\/\/dorogimedence.hu\/index.php\/wp-json\/wp\/v2\/types\/post"}],"author":[{"embeddable":true,"href":"https:\/\/dorogimedence.hu\/index.php\/wp-json\/wp\/v2\/users\/1"}],"replies":[{"embeddable":true,"href":"https:\/\/dorogimedence.hu\/index.php\/wp-json\/wp\/v2\/comments?post=19940"}],"version-history":[{"count":0,"href":"https:\/\/dorogimedence.hu\/index.php\/wp-json\/wp\/v2\/posts\/19940\/revisions"}],"wp:featuredmedia":[{"embeddable":true,"href":"https:\/\/dorogimedence.hu\/index.php\/wp-json\/wp\/v2\/media\/19941"}],"wp:attachment":[{"href":"https:\/\/dorogimedence.hu\/index.php\/wp-json\/wp\/v2\/media?parent=19940"}],"wp:term":[{"taxonomy":"category","embeddable":true,"href":"https:\/\/dorogimedence.hu\/index.php\/wp-json\/wp\/v2\/categories?post=19940"},{"taxonomy":"post_tag","embeddable":true,"href":"https:\/\/dorogimedence.hu\/index.php\/wp-json\/wp\/v2\/tags?post=19940"}],"curies":[{"name":"wp","href":"https:\/\/api.w.org\/{rel}","templated":true}]}}