{"id":19875,"date":"2019-10-01T09:26:23","date_gmt":"2019-10-01T07:26:23","guid":{"rendered":"http:\/\/dorogimedence.hu\/?p=19875"},"modified":"2019-10-01T16:15:03","modified_gmt":"2019-10-01T14:15:03","slug":"varosunk-legfrissebb-aranydiplomasa","status":"publish","type":"post","link":"https:\/\/dorogimedence.hu\/index.php\/2019\/10\/01\/varosunk-legfrissebb-aranydiplomasa\/","title":{"rendered":"V\u00e1rosunk legfrissebb Aranydiplom\u00e1sa"},"content":{"rendered":"<p><strong>Szeptember utols\u00f3 el\u0151tti h\u00e9tv\u00e9g\u00e9j\u00e9n vehette \u00e1t Szab\u00f3 Gyul\u00e1n\u00e9 a gy\u00f3gytorn\u00e1sz diplom\u00e1j\u00e1nak arany fokozat\u00e1t. A cerem\u00f3ni\u00e1ra a leg\u00fcnnep\u00e9lyesebb keretek k\u00f6z\u00f6tt, a <\/strong><strong>Magyar Gy\u00f3gytorn\u00e1sz-Fizioterapeut\u00e1k T\u00e1rsas\u00e1g\u00e1nak \u00e9ves kongreusszus\u00e1n, Egerben ker\u00fclt sor. Rendhagy\u00f3 m\u00f3don a cikk alanya t\u00f6rt\u00e9netesen az \u00e9desany\u00e1m, azonban a&nbsp;v\u00e9letlen k\u00e9nyszer is \u00fagy hozta, hogy ez\u00fattal r\u00e1m maradt ennek a besz\u00e1mol\u00f3nak a meg\u00edr\u00e1sa, amelyben a szem\u00e9lyes k\u00f6t\u0151d\u00e9s \u00e9s b\u00fcszkes\u00e9g ellen\u00e9re az elfogults\u00e1g legkisebb sz\u00e1nd\u00e9ka sem vez\u00e9relt <\/strong><em>&#8211; Szab\u00f3 Gyula cikke.&nbsp;<\/em><\/p>\n<p>Azok a fels\u0151fok\u00fa v\u00e9gzetts\u00e9get szerzett diplom\u00e1s szem\u00e9lyek, akik v\u00e9gzetts\u00e9g\u00fcket 50 \u00e9vvel kor\u00e1bban szerezt\u00e9k a megfelel\u0151 fels\u0151fok\u00fa int\u00e9zm\u00e9ny\u00e9ben, tov\u00e1bb\u00e1 k\u00f6zmegbecs\u00fcl\u00e9sre m\u00e9lt\u00f3, \u00e9s szakmai munk\u00e1j\u00e1val, eg\u00e9sz \u00e9let\u00fatj\u00e1val a diplom\u00e1t ki\u00e1ll\u00edt\u00f3 int\u00e9zm\u00e9ny h\u00edrnev\u00e9t \u00f6regb\u00edtette,&nbsp; d\u00edszoklev\u00e9lre jogosultak.&nbsp; Ebben a megtisztel\u0151 c\u00edmben r\u00e9szes\u00fclt Szab\u00f3 Gyul\u00e1n\u00e9 R\u00f3zsika gy\u00f3gytorn\u00e1sz, a Dorogi Szent Borb\u00e1la K\u00f3rh\u00e1z \u00e9s Rendel\u0151int\u00e9zet dolgoz\u00f3ja, aki p\u00e1rhuzamosan kett\u0151s jubileumot is jegyez, ugyanis a dorogi eg\u00e9szs\u00e9g\u00fcgyi int\u00e9zm\u00e9nyben is \u00f6tven \u00e9ve dolgozik. Igaz, 2016 \u00f3ta nyugd\u00edjask\u00e9nt, r\u00e9szmunkaid\u0151ben \u00e1ll int\u00e9zm\u00e9nye \u00e9s a betegek rendelkez\u00e9s\u00e9re. A f\u00e9l \u00e9vsz\u00e1zadot fel\u00f6lel\u0151 akt\u00edv munk\u00e1ss\u00e1ga sor\u00e1n m\u00e1s int\u00e9zm\u00e9nyekben is v\u00e1llalt munk\u00e1t, \u00e1m mindv\u00e9gi a dorogi k\u00f3rh\u00e1z \u00e9s rendel\u0151 mellett. 1976 \u00e9s 1982 k\u00f6z\u00f6tt az addigra az esztergomi k\u00f3rh\u00e1zzal egyes\u00fclt k\u00f6z\u00f6s int\u00e9zm\u00e9ny szakszervezeti bizalmi titk\u00e1ra is volt.<\/p>\n<p><img fetchpriority=\"high\" decoding=\"async\" class=\"alignnone size-full wp-image-19877\" src=\"https:\/\/dorogimedence.hu\/wp-content\/uploads\/2019\/10\/szabo-gyulane-02.jpg\" alt=\"\" width=\"670\" height=\"895\" srcset=\"https:\/\/dorogimedence.hu\/wp-content\/uploads\/2019\/10\/szabo-gyulane-02.jpg 670w, https:\/\/dorogimedence.hu\/wp-content\/uploads\/2019\/10\/szabo-gyulane-02-225x300.jpg 225w\" sizes=\"(max-width: 670px) 100vw, 670px\" \/><\/p>\n<p>A gy\u00f3gytorna a rehabilit\u00e1ci\u00f3 egyik meghat\u00e1roz\u00f3 szakter\u00fclete, egyben betegs\u00e9gmegel\u0151z\u0151 szerepe is meglehet\u0151sen jelent\u0151s. Ezen fel\u00fcl a gy\u00f3gytorn\u00e1sz egyfajta lelki t\u00e1masza is a kezelteknek \u00e9s a bens\u0151s\u00e9ges pszich\u00e9s kapcsolat legal\u00e1bb akkora j\u00f3t\u00e9kony hat\u00e1ssal t\u00e1rsul a beteg gy\u00f3gyul\u00e1s\u00e1hoz, mint a legjobban siker\u00fclt m\u0171t\u00e9t.&nbsp; Az \u00e1ltal\u00e1nos gy\u00f3gytorna mellett sorra alakultak ki a speci\u00e1lis v\u00e1llfajai, amellyel k\u00fcl\u00f6n szakosodott is az egyes ter\u00fcleteknek megfelel\u0151en. R\u00f3zsika hivat\u00e1sa sor\u00e1n szinte a legt\u00f6bb ter\u00fcleten dolgozott, \u00edgy t\u00f6bbsz\u00f6r\u00f6sen is nagy \u00e9s sokoldal\u00fa gyakorlatra tett szert. Hossz\u00fa \u00e9veken kereszt\u00fcl gy\u00f3gytorn\u00e1sza volt a Leel-\u0150ssy L\u00f3r\u00e1nt professzor \u00e1ltal vezetett pszichit\u00e1triai r\u00e9szlegnek Esztergomban, a Dobozi \u00faton, majd az 1985-ben \u00e1tadott \u00faj Idegoszt\u00e1ly pavilonj\u00e1ban. A legnagyobb kih\u00edv\u00e1sok \u00e9s sikerek is itt \u00e9rt\u00e9k, ahol nem egy teljes b\u00e9nult beteget kezelt sikeresen. K\u00f6zben p\u00e1rhuzamosan \u00e9s t\u00e1rsadalmi munk\u00e1ban v\u00e9gezte a dorogi k\u00f3rh\u00e1z \u00e9s rendel\u0151 betegeinek ell\u00e1t\u00e1s\u00e1t is. Ezen fel\u00fcl m\u00e1sod\u00e1ll\u00e1sban hossz\u00fa \u00e9vekig dolgozott a pilisv\u00f6r\u00f6sv\u00e1ri id\u0151sek otthon\u00e1ban is. Az eg\u00e9szs\u00e9g\u00fcgyi int\u00e9zm\u00e9nyeken k\u00edv\u00fcl a dorogi iskol\u00e1k r\u00e9sz\u00e9re is jelent\u0151s szakmai seg\u00edts\u00e9get ny\u00fajtott. Hivat\u00e1s\u00e1nak \u00e1lland\u00f3 fejl\u0151d\u00e9s\u00e9vel mindv\u00e9gig l\u00e9p\u00e9st tartott. Folyamatosan vett r\u00e9szt tov\u00e1bbk\u00e9pz\u00e9seken \u00e9s konferenci\u00e1kon.<\/p>\n<p>Szab\u00f3 Gyul\u00e1n\u00e9 Vigh R\u00f3za n\u00e9ven h\u00e1romgyermekes csal\u00e1d els\u0151 sz\u00fcl\u00f6tt gyermekek\u00e9nt a Szolnokhoz&nbsp;k\u00f6zeli Cibakh\u00e1z\u00e1n sz\u00fcletett. \u00c9desapja rend\u0151rtisztk\u00e9nt dolgozva t\u00f6bb kik\u00fcldet\u00e9ssel sz\u00e1mos helyen teljes\u00edtett szolg\u00e1latot, s vele egy\u00fctt a csal\u00e1d is k\u00f6lt\u00f6z\u00f6tt minden egyes \u00e1llom\u00e1shely alkalm\u00e1n, m\u00edg v\u00e9g\u00fcl 1957-ben Dorogon telepedtek le, ahol csal\u00e1df\u0151t el\u0151bb a helyi, majd a Dorogi j\u00e1r\u00e1s rend\u0151rkapit\u00e1ny\u00e1v\u00e1 nevezt\u00e9k ki. A csal\u00e1d minden egyes tagja elk\u00f6telezett dorogi lok\u00e1lpatri\u00f3t\u00e1v\u00e1 v\u00e1lt, s b\u00e1r sz\u00fclet\u00e9si \u00e9s sz\u00e1rmaz\u00e1si hely\u00fcket nem feledve, de b\u00fcszke doroginak vallott\u00e1k magukat. R\u00f3zsika iskolai tanulm\u00e1nyait a dorogi D\u00f3zsa Gy\u00f6rgy \u00e1ltal\u00e1nos iskol\u00e1ban v\u00e9gezte testv\u00e9reivel egy\u00fctt, majd az I. Istv\u00e1n gimn\u00e1ziumban \u00e9retts\u00e9gizett. Tagja volt a dorogi n\u00e9pt\u00e1nccsoportnak, valamint j\u00e1t\u00e9kosa, egyben az egyik alap\u00edt\u00f3 tagja a dorogi n\u0151i k\u00e9zilabda csapatnak. 1968-ban k\u00f6t\u00f6tt h\u00e1zass\u00e1got f\u00e9rj\u00e9vel. 1969-ben szerzett szakk\u00e9pes\u00edt\u00e9st a Madzsar Aliz Gy\u00f3gytorn\u00e1szk\u00e9pz\u0151ben \u00e9s ugyan ebben az \u00e9vben indult szakmai karrierje is a dorogi k\u00f3rh\u00e1zn\u00e1l, amelynek kibontakoz\u00e1s\u00e1ra egy kicsit k\u00e9s\u0151bb ker\u00fclt sor, ugyanis arra az id\u0151re esett sz\u00e1m\u00e1ra a gyermek\u00e1ld\u00e1s is. A gy\u00f3gytorn\u00e1sz szakot 1975-ben f\u0151iskolai szint\u0171re emelt\u00e9k, \u00edgy nem sokkal k\u00e9s\u0151bb a f\u0151iskol\u00e1t is elv\u00e9gezte, m\u00e9gpedig kit\u0171n\u0151 eredm\u00e9nnyel.<\/p>\n<p>Munkamor\u00e1lja \u00e9s erk\u00f6lcsi tart\u00e1sa p\u00e9ld\u00e1s volt, k\u00f6zvetlen \u00e9s emp\u00e1ti\u00e1s term\u00e9szet\u00e9vel egyetemben. Rangra \u00e9s beoszt\u00e1sra val\u00f3 tekintet n\u00e9lk\u00fcl minden munkat\u00e1rs\u00e1hoz egyform\u00e1n viszonyult. Sz\u00e1mtalan munkahelyi kit\u00fcntet\u00e9sben \u00e9s jutalomban r\u00e9szes\u00fclt, k\u00e9t \u00edzben pedig a legmagasabb elismer\u00e9sben, az Eg\u00e9szs\u00e9g\u00fcgyi Miniszt\u00e9riumi kit\u00fcntet\u00e9sben is, az eg\u00e9szs\u00e9g\u00fcgy kiv\u00e1l\u00f3 dolgoz\u00f3ja megtisztel\u0151 c\u00edmben. K\u00e9t h\u00f3nappal 71. sz\u00fclet\u00e9snapja el\u0151tt is v\u00e1ltozatlan rendszeress\u00e9ggel torn\u00e1zik, gimnasztik\u00e1zik \u00e9s t\u00far\u00e1zik. A szakmai tev\u00e9kenys\u00e9g\u00e9n t\u00fal Dorog k\u00f6z\u00e9let\u00e9nek akt\u00edv \u00e9s \u00f6nzetlen t\u00e1mogat\u00f3ja, r\u00e9sztvev\u0151je. Testv\u00e9rei k\u00f6z\u00fcl \u00f6ccse, Jancsi a dorogi Fet\u00e1z Bt buszsof\u0151rje, m\u00edg h\u00faga, Dr. Nagyn\u00e9 Vigh Ilona szint\u00e9n gy\u00f3gytorn\u00e1sz, aki hossz\u00fa \u00e9vekig ugyancsak a dorogi k\u00f3rh\u00e1z gy\u00f3gytorn\u00e1sza volt \u00e9s erre az eml\u00e9kezetes alkalomra is elk\u00eds\u00e9rte n\u0151v\u00e9r\u00e9t.<\/p>\n<p style=\"text-align: center;\"><img decoding=\"async\" class=\"alignnone size-full wp-image-19878\" src=\"https:\/\/dorogimedence.hu\/wp-content\/uploads\/2019\/10\/szabo-gyulane-03.jpg\" alt=\"\" width=\"670\" height=\"503\" srcset=\"https:\/\/dorogimedence.hu\/wp-content\/uploads\/2019\/10\/szabo-gyulane-03.jpg 670w, https:\/\/dorogimedence.hu\/wp-content\/uploads\/2019\/10\/szabo-gyulane-03-300x225.jpg 300w\" sizes=\"(max-width: 670px) 100vw, 670px\" \/><em>A kongresszus \u00e9s diploma \u00e1tad\u00f3 sz\u00ednhely\u00e9n, a Hotel Egerben<\/em><\/p>\n","protected":false},"excerpt":{"rendered":"<p>Szeptember utols\u00f3 el\u0151tti h\u00e9tv\u00e9g\u00e9j\u00e9n vehette \u00e1t Szab\u00f3 Gyul\u00e1n\u00e9 a gy\u00f3gytorn\u00e1sz diplom\u00e1j\u00e1nak arany fokozat\u00e1t. A cerem\u00f3ni\u00e1ra a leg\u00fcnnep\u00e9lyesebb keretek k\u00f6z\u00f6tt, a Magyar Gy\u00f3gytorn\u00e1sz-Fizioterapeut\u00e1k T\u00e1rsas\u00e1g\u00e1nak \u00e9ves kongreusszus\u00e1n, Egerben ker\u00fclt sor. Rendhagy\u00f3 m\u00f3don a cikk alanya t\u00f6rt\u00e9netesen az \u00e9desany\u00e1m, azonban a&nbsp;v\u00e9letlen k\u00e9nyszer is \u00fagy hozta, hogy ez\u00fattal r\u00e1m maradt ennek a besz\u00e1mol\u00f3nak a meg\u00edr\u00e1sa, amelyben a szem\u00e9lyes k\u00f6t\u0151d\u00e9s<\/p>\n","protected":false},"author":1,"featured_media":19876,"comment_status":"closed","ping_status":"closed","sticky":false,"template":"","format":"standard","meta":{"ngg_post_thumbnail":0,"footnotes":""},"categories":[2,3],"tags":[15,4331,4330,4329],"class_list":{"0":"post-19875","1":"post","2":"type-post","3":"status-publish","4":"format-standard","5":"has-post-thumbnail","7":"category-dorog","8":"category-hirek","9":"tag-dorog","10":"tag-gyogytornasz","11":"tag-szabo-gyulane","12":"tag-vigh-roza"},"yoast_head":"<!-- This site is optimized with the Yoast SEO plugin v27.5 - https:\/\/yoast.com\/product\/yoast-seo-wordpress\/ -->\n<title>V\u00e1rosunk legfrissebb Aranydiplom\u00e1sa<\/title>\n<meta name=\"robots\" content=\"index, follow, max-snippet:-1, max-image-preview:large, max-video-preview:-1\" \/>\n<link rel=\"canonical\" href=\"https:\/\/dorogimedence.hu\/index.php\/2019\/10\/01\/varosunk-legfrissebb-aranydiplomasa\/\" class=\"yoast-seo-meta-tag\" \/>\n<meta property=\"og:locale\" content=\"hu_HU\" class=\"yoast-seo-meta-tag\" \/>\n<meta property=\"og:type\" content=\"article\" class=\"yoast-seo-meta-tag\" \/>\n<meta property=\"og:title\" content=\"V\u00e1rosunk legfrissebb Aranydiplom\u00e1sa\" class=\"yoast-seo-meta-tag\" \/>\n<meta property=\"og:description\" content=\"Szeptember utols\u00f3 el\u0151tti h\u00e9tv\u00e9g\u00e9j\u00e9n vehette \u00e1t Szab\u00f3 Gyul\u00e1n\u00e9 a gy\u00f3gytorn\u00e1sz diplom\u00e1j\u00e1nak arany fokozat\u00e1t. A cerem\u00f3ni\u00e1ra a leg\u00fcnnep\u00e9lyesebb keretek k\u00f6z\u00f6tt, a Magyar Gy\u00f3gytorn\u00e1sz-Fizioterapeut\u00e1k T\u00e1rsas\u00e1g\u00e1nak \u00e9ves kongreusszus\u00e1n, Egerben ker\u00fclt sor. Rendhagy\u00f3 m\u00f3don a cikk alanya t\u00f6rt\u00e9netesen az \u00e9desany\u00e1m, azonban a&nbsp;v\u00e9letlen k\u00e9nyszer is \u00fagy hozta, hogy ez\u00fattal r\u00e1m maradt ennek a besz\u00e1mol\u00f3nak a meg\u00edr\u00e1sa, amelyben a szem\u00e9lyes k\u00f6t\u0151d\u00e9s\" class=\"yoast-seo-meta-tag\" \/>\n<meta property=\"og:url\" content=\"https:\/\/dorogimedence.hu\/index.php\/2019\/10\/01\/varosunk-legfrissebb-aranydiplomasa\/\" class=\"yoast-seo-meta-tag\" \/>\n<meta property=\"og:site_name\" content=\"Dorogi-medence Region\u00e1lis H\u00edrport\u00e1l\" class=\"yoast-seo-meta-tag\" \/>\n<meta property=\"article:publisher\" content=\"https:\/\/www.facebook.com\/dorogimedence\/\" class=\"yoast-seo-meta-tag\" \/>\n<meta property=\"article:published_time\" content=\"2019-10-01T07:26:23+00:00\" class=\"yoast-seo-meta-tag\" \/>\n<meta property=\"article:modified_time\" content=\"2019-10-01T14:15:03+00:00\" class=\"yoast-seo-meta-tag\" \/>\n<meta property=\"og:image\" content=\"https:\/\/i0.wp.com\/dorogimedence.hu\/wp-content\/uploads\/2019\/10\/szabo-gyulane-01.jpg?fit=670%2C365&ssl=1\" class=\"yoast-seo-meta-tag\" \/>\n\t<meta property=\"og:image:width\" content=\"670\" class=\"yoast-seo-meta-tag\" \/>\n\t<meta property=\"og:image:height\" content=\"365\" class=\"yoast-seo-meta-tag\" \/>\n\t<meta property=\"og:image:type\" content=\"image\/jpeg\" class=\"yoast-seo-meta-tag\" \/>\n<meta name=\"author\" content=\"dorogimedence.hu\" class=\"yoast-seo-meta-tag\" \/>\n<meta name=\"twitter:card\" content=\"summary_large_image\" class=\"yoast-seo-meta-tag\" \/>\n<meta name=\"twitter:label1\" content=\"Szerz\u0151:\" class=\"yoast-seo-meta-tag\" \/>\n\t<meta name=\"twitter:data1\" content=\"dorogimedence.hu\" class=\"yoast-seo-meta-tag\" \/>\n\t<meta name=\"twitter:label2\" content=\"Becs\u00fclt olvas\u00e1si id\u0151\" class=\"yoast-seo-meta-tag\" \/>\n\t<meta name=\"twitter:data2\" content=\"5 perc\" class=\"yoast-seo-meta-tag\" \/>\n<script type=\"application\/ld+json\" class=\"yoast-schema-graph\">{\"@context\":\"https:\\\/\\\/schema.org\",\"@graph\":[{\"@type\":\"Article\",\"@id\":\"https:\\\/\\\/dorogimedence.hu\\\/index.php\\\/2019\\\/10\\\/01\\\/varosunk-legfrissebb-aranydiplomasa\\\/#article\",\"isPartOf\":{\"@id\":\"https:\\\/\\\/dorogimedence.hu\\\/index.php\\\/2019\\\/10\\\/01\\\/varosunk-legfrissebb-aranydiplomasa\\\/\"},\"author\":{\"name\":\"dorogimedence.hu\",\"@id\":\"https:\\\/\\\/dorogimedence.hu\\\/#\\\/schema\\\/person\\\/ce6091eeb7e95ecdc87890d6aa8e0fd4\"},\"headline\":\"V\u00e1rosunk legfrissebb Aranydiplom\u00e1sa\",\"datePublished\":\"2019-10-01T07:26:23+00:00\",\"dateModified\":\"2019-10-01T14:15:03+00:00\",\"mainEntityOfPage\":{\"@id\":\"https:\\\/\\\/dorogimedence.hu\\\/index.php\\\/2019\\\/10\\\/01\\\/varosunk-legfrissebb-aranydiplomasa\\\/\"},\"wordCount\":1059,\"publisher\":{\"@id\":\"https:\\\/\\\/dorogimedence.hu\\\/#organization\"},\"image\":{\"@id\":\"https:\\\/\\\/dorogimedence.hu\\\/index.php\\\/2019\\\/10\\\/01\\\/varosunk-legfrissebb-aranydiplomasa\\\/#primaryimage\"},\"thumbnailUrl\":\"https:\\\/\\\/dorogimedence.hu\\\/wp-content\\\/uploads\\\/2019\\\/10\\\/szabo-gyulane-01.jpg\",\"keywords\":[\"Dorog\",\"gy\u00f3gytorn\u00e1sz\",\"Szab\u00f3 Gyul\u00e1n\u00e9\",\"Vigh R\u00f3za\"],\"articleSection\":[\"Dorog\",\"H\u00edrek\"],\"inLanguage\":\"hu\"},{\"@type\":\"WebPage\",\"@id\":\"https:\\\/\\\/dorogimedence.hu\\\/index.php\\\/2019\\\/10\\\/01\\\/varosunk-legfrissebb-aranydiplomasa\\\/\",\"url\":\"https:\\\/\\\/dorogimedence.hu\\\/index.php\\\/2019\\\/10\\\/01\\\/varosunk-legfrissebb-aranydiplomasa\\\/\",\"name\":\"V\u00e1rosunk legfrissebb Aranydiplom\u00e1sa\",\"isPartOf\":{\"@id\":\"https:\\\/\\\/dorogimedence.hu\\\/#website\"},\"primaryImageOfPage\":{\"@id\":\"https:\\\/\\\/dorogimedence.hu\\\/index.php\\\/2019\\\/10\\\/01\\\/varosunk-legfrissebb-aranydiplomasa\\\/#primaryimage\"},\"image\":{\"@id\":\"https:\\\/\\\/dorogimedence.hu\\\/index.php\\\/2019\\\/10\\\/01\\\/varosunk-legfrissebb-aranydiplomasa\\\/#primaryimage\"},\"thumbnailUrl\":\"https:\\\/\\\/dorogimedence.hu\\\/wp-content\\\/uploads\\\/2019\\\/10\\\/szabo-gyulane-01.jpg\",\"datePublished\":\"2019-10-01T07:26:23+00:00\",\"dateModified\":\"2019-10-01T14:15:03+00:00\",\"breadcrumb\":{\"@id\":\"https:\\\/\\\/dorogimedence.hu\\\/index.php\\\/2019\\\/10\\\/01\\\/varosunk-legfrissebb-aranydiplomasa\\\/#breadcrumb\"},\"inLanguage\":\"hu\",\"potentialAction\":[{\"@type\":\"ReadAction\",\"target\":[\"https:\\\/\\\/dorogimedence.hu\\\/index.php\\\/2019\\\/10\\\/01\\\/varosunk-legfrissebb-aranydiplomasa\\\/\"]}]},{\"@type\":\"ImageObject\",\"inLanguage\":\"hu\",\"@id\":\"https:\\\/\\\/dorogimedence.hu\\\/index.php\\\/2019\\\/10\\\/01\\\/varosunk-legfrissebb-aranydiplomasa\\\/#primaryimage\",\"url\":\"https:\\\/\\\/dorogimedence.hu\\\/wp-content\\\/uploads\\\/2019\\\/10\\\/szabo-gyulane-01.jpg\",\"contentUrl\":\"https:\\\/\\\/dorogimedence.hu\\\/wp-content\\\/uploads\\\/2019\\\/10\\\/szabo-gyulane-01.jpg\",\"width\":670,\"height\":365},{\"@type\":\"BreadcrumbList\",\"@id\":\"https:\\\/\\\/dorogimedence.hu\\\/index.php\\\/2019\\\/10\\\/01\\\/varosunk-legfrissebb-aranydiplomasa\\\/#breadcrumb\",\"itemListElement\":[{\"@type\":\"ListItem\",\"position\":1,\"name\":\"Kezd\u0151lap\",\"item\":\"https:\\\/\\\/dorogimedence.hu\\\/\"},{\"@type\":\"ListItem\",\"position\":2,\"name\":\"V\u00e1rosunk legfrissebb Aranydiplom\u00e1sa\"}]},{\"@type\":\"WebSite\",\"@id\":\"https:\\\/\\\/dorogimedence.hu\\\/#website\",\"url\":\"https:\\\/\\\/dorogimedence.hu\\\/\",\"name\":\"Dorogi-medence Region\u00e1lis H\u00edrport\u00e1l\",\"description\":\"Dorog, Keszt\u00f6lc, Le\u00e1nyv\u00e1r, Piliscs\u00e9v, Tokod, Tokodalt\u00e1r\u00f3, Csolnok, Esztergom-kertv\u00e1ros: h\u00edrek, programok\",\"publisher\":{\"@id\":\"https:\\\/\\\/dorogimedence.hu\\\/#organization\"},\"potentialAction\":[{\"@type\":\"SearchAction\",\"target\":{\"@type\":\"EntryPoint\",\"urlTemplate\":\"https:\\\/\\\/dorogimedence.hu\\\/?s={search_term_string}\"},\"query-input\":{\"@type\":\"PropertyValueSpecification\",\"valueRequired\":true,\"valueName\":\"search_term_string\"}}],\"inLanguage\":\"hu\"},{\"@type\":\"Organization\",\"@id\":\"https:\\\/\\\/dorogimedence.hu\\\/#organization\",\"name\":\"Dorogi-medence Region\u00e1lis H\u00edrport\u00e1l\",\"url\":\"https:\\\/\\\/dorogimedence.hu\\\/\",\"logo\":{\"@type\":\"ImageObject\",\"inLanguage\":\"hu\",\"@id\":\"https:\\\/\\\/dorogimedence.hu\\\/#\\\/schema\\\/logo\\\/image\\\/\",\"url\":\"https:\\\/\\\/dorogimedence.hu\\\/wp-content\\\/uploads\\\/2021\\\/04\\\/logo-feher-600.png\",\"contentUrl\":\"https:\\\/\\\/dorogimedence.hu\\\/wp-content\\\/uploads\\\/2021\\\/04\\\/logo-feher-600.png\",\"width\":600,\"height\":100,\"caption\":\"Dorogi-medence Region\u00e1lis H\u00edrport\u00e1l\"},\"image\":{\"@id\":\"https:\\\/\\\/dorogimedence.hu\\\/#\\\/schema\\\/logo\\\/image\\\/\"},\"sameAs\":[\"https:\\\/\\\/www.facebook.com\\\/dorogimedence\\\/\"]},{\"@type\":\"Person\",\"@id\":\"https:\\\/\\\/dorogimedence.hu\\\/#\\\/schema\\\/person\\\/ce6091eeb7e95ecdc87890d6aa8e0fd4\",\"name\":\"dorogimedence.hu\",\"image\":{\"@type\":\"ImageObject\",\"inLanguage\":\"hu\",\"@id\":\"\\\/\\\/www.gravatar.com\\\/avatar\\\/d8d45f8901aadff40a4af72c0b826f1d?s=96&#038;r=g&#038;d=mm\",\"url\":\"\\\/\\\/www.gravatar.com\\\/avatar\\\/d8d45f8901aadff40a4af72c0b826f1d?s=96&#038;r=g&#038;d=mm\",\"contentUrl\":\"\\\/\\\/www.gravatar.com\\\/avatar\\\/d8d45f8901aadff40a4af72c0b826f1d?s=96&#038;r=g&#038;d=mm\",\"caption\":\"dorogimedence.hu\"}}]}<\/script>\n<!-- \/ Yoast SEO plugin. -->","yoast_head_json":{"title":"V\u00e1rosunk legfrissebb Aranydiplom\u00e1sa","robots":{"index":"index","follow":"follow","max-snippet":"max-snippet:-1","max-image-preview":"max-image-preview:large","max-video-preview":"max-video-preview:-1"},"canonical":"https:\/\/dorogimedence.hu\/index.php\/2019\/10\/01\/varosunk-legfrissebb-aranydiplomasa\/","og_locale":"hu_HU","og_type":"article","og_title":"V\u00e1rosunk legfrissebb Aranydiplom\u00e1sa","og_description":"Szeptember utols\u00f3 el\u0151tti h\u00e9tv\u00e9g\u00e9j\u00e9n vehette \u00e1t Szab\u00f3 Gyul\u00e1n\u00e9 a gy\u00f3gytorn\u00e1sz diplom\u00e1j\u00e1nak arany fokozat\u00e1t. A cerem\u00f3ni\u00e1ra a leg\u00fcnnep\u00e9lyesebb keretek k\u00f6z\u00f6tt, a Magyar Gy\u00f3gytorn\u00e1sz-Fizioterapeut\u00e1k T\u00e1rsas\u00e1g\u00e1nak \u00e9ves kongreusszus\u00e1n, Egerben ker\u00fclt sor. Rendhagy\u00f3 m\u00f3don a cikk alanya t\u00f6rt\u00e9netesen az \u00e9desany\u00e1m, azonban a&nbsp;v\u00e9letlen k\u00e9nyszer is \u00fagy hozta, hogy ez\u00fattal r\u00e1m maradt ennek a besz\u00e1mol\u00f3nak a meg\u00edr\u00e1sa, amelyben a szem\u00e9lyes k\u00f6t\u0151d\u00e9s","og_url":"https:\/\/dorogimedence.hu\/index.php\/2019\/10\/01\/varosunk-legfrissebb-aranydiplomasa\/","og_site_name":"Dorogi-medence Region\u00e1lis H\u00edrport\u00e1l","article_publisher":"https:\/\/www.facebook.com\/dorogimedence\/","article_published_time":"2019-10-01T07:26:23+00:00","article_modified_time":"2019-10-01T14:15:03+00:00","og_image":[{"width":670,"height":365,"url":"https:\/\/i0.wp.com\/dorogimedence.hu\/wp-content\/uploads\/2019\/10\/szabo-gyulane-01.jpg?fit=670%2C365&ssl=1","type":"image\/jpeg"}],"author":"dorogimedence.hu","twitter_card":"summary_large_image","twitter_misc":{"Szerz\u0151:":"dorogimedence.hu","Becs\u00fclt olvas\u00e1si id\u0151":"5 perc"},"schema":{"@context":"https:\/\/schema.org","@graph":[{"@type":"Article","@id":"https:\/\/dorogimedence.hu\/index.php\/2019\/10\/01\/varosunk-legfrissebb-aranydiplomasa\/#article","isPartOf":{"@id":"https:\/\/dorogimedence.hu\/index.php\/2019\/10\/01\/varosunk-legfrissebb-aranydiplomasa\/"},"author":{"name":"dorogimedence.hu","@id":"https:\/\/dorogimedence.hu\/#\/schema\/person\/ce6091eeb7e95ecdc87890d6aa8e0fd4"},"headline":"V\u00e1rosunk legfrissebb Aranydiplom\u00e1sa","datePublished":"2019-10-01T07:26:23+00:00","dateModified":"2019-10-01T14:15:03+00:00","mainEntityOfPage":{"@id":"https:\/\/dorogimedence.hu\/index.php\/2019\/10\/01\/varosunk-legfrissebb-aranydiplomasa\/"},"wordCount":1059,"publisher":{"@id":"https:\/\/dorogimedence.hu\/#organization"},"image":{"@id":"https:\/\/dorogimedence.hu\/index.php\/2019\/10\/01\/varosunk-legfrissebb-aranydiplomasa\/#primaryimage"},"thumbnailUrl":"https:\/\/dorogimedence.hu\/wp-content\/uploads\/2019\/10\/szabo-gyulane-01.jpg","keywords":["Dorog","gy\u00f3gytorn\u00e1sz","Szab\u00f3 Gyul\u00e1n\u00e9","Vigh R\u00f3za"],"articleSection":["Dorog","H\u00edrek"],"inLanguage":"hu"},{"@type":"WebPage","@id":"https:\/\/dorogimedence.hu\/index.php\/2019\/10\/01\/varosunk-legfrissebb-aranydiplomasa\/","url":"https:\/\/dorogimedence.hu\/index.php\/2019\/10\/01\/varosunk-legfrissebb-aranydiplomasa\/","name":"V\u00e1rosunk legfrissebb Aranydiplom\u00e1sa","isPartOf":{"@id":"https:\/\/dorogimedence.hu\/#website"},"primaryImageOfPage":{"@id":"https:\/\/dorogimedence.hu\/index.php\/2019\/10\/01\/varosunk-legfrissebb-aranydiplomasa\/#primaryimage"},"image":{"@id":"https:\/\/dorogimedence.hu\/index.php\/2019\/10\/01\/varosunk-legfrissebb-aranydiplomasa\/#primaryimage"},"thumbnailUrl":"https:\/\/dorogimedence.hu\/wp-content\/uploads\/2019\/10\/szabo-gyulane-01.jpg","datePublished":"2019-10-01T07:26:23+00:00","dateModified":"2019-10-01T14:15:03+00:00","breadcrumb":{"@id":"https:\/\/dorogimedence.hu\/index.php\/2019\/10\/01\/varosunk-legfrissebb-aranydiplomasa\/#breadcrumb"},"inLanguage":"hu","potentialAction":[{"@type":"ReadAction","target":["https:\/\/dorogimedence.hu\/index.php\/2019\/10\/01\/varosunk-legfrissebb-aranydiplomasa\/"]}]},{"@type":"ImageObject","inLanguage":"hu","@id":"https:\/\/dorogimedence.hu\/index.php\/2019\/10\/01\/varosunk-legfrissebb-aranydiplomasa\/#primaryimage","url":"https:\/\/dorogimedence.hu\/wp-content\/uploads\/2019\/10\/szabo-gyulane-01.jpg","contentUrl":"https:\/\/dorogimedence.hu\/wp-content\/uploads\/2019\/10\/szabo-gyulane-01.jpg","width":670,"height":365},{"@type":"BreadcrumbList","@id":"https:\/\/dorogimedence.hu\/index.php\/2019\/10\/01\/varosunk-legfrissebb-aranydiplomasa\/#breadcrumb","itemListElement":[{"@type":"ListItem","position":1,"name":"Kezd\u0151lap","item":"https:\/\/dorogimedence.hu\/"},{"@type":"ListItem","position":2,"name":"V\u00e1rosunk legfrissebb Aranydiplom\u00e1sa"}]},{"@type":"WebSite","@id":"https:\/\/dorogimedence.hu\/#website","url":"https:\/\/dorogimedence.hu\/","name":"Dorogi-medence Region\u00e1lis H\u00edrport\u00e1l","description":"Dorog, Keszt\u00f6lc, Le\u00e1nyv\u00e1r, Piliscs\u00e9v, Tokod, Tokodalt\u00e1r\u00f3, Csolnok, Esztergom-kertv\u00e1ros: h\u00edrek, programok","publisher":{"@id":"https:\/\/dorogimedence.hu\/#organization"},"potentialAction":[{"@type":"SearchAction","target":{"@type":"EntryPoint","urlTemplate":"https:\/\/dorogimedence.hu\/?s={search_term_string}"},"query-input":{"@type":"PropertyValueSpecification","valueRequired":true,"valueName":"search_term_string"}}],"inLanguage":"hu"},{"@type":"Organization","@id":"https:\/\/dorogimedence.hu\/#organization","name":"Dorogi-medence Region\u00e1lis H\u00edrport\u00e1l","url":"https:\/\/dorogimedence.hu\/","logo":{"@type":"ImageObject","inLanguage":"hu","@id":"https:\/\/dorogimedence.hu\/#\/schema\/logo\/image\/","url":"https:\/\/dorogimedence.hu\/wp-content\/uploads\/2021\/04\/logo-feher-600.png","contentUrl":"https:\/\/dorogimedence.hu\/wp-content\/uploads\/2021\/04\/logo-feher-600.png","width":600,"height":100,"caption":"Dorogi-medence Region\u00e1lis H\u00edrport\u00e1l"},"image":{"@id":"https:\/\/dorogimedence.hu\/#\/schema\/logo\/image\/"},"sameAs":["https:\/\/www.facebook.com\/dorogimedence\/"]},{"@type":"Person","@id":"https:\/\/dorogimedence.hu\/#\/schema\/person\/ce6091eeb7e95ecdc87890d6aa8e0fd4","name":"dorogimedence.hu","image":{"@type":"ImageObject","inLanguage":"hu","@id":"\/\/www.gravatar.com\/avatar\/d8d45f8901aadff40a4af72c0b826f1d?s=96&#038;r=g&#038;d=mm","url":"\/\/www.gravatar.com\/avatar\/d8d45f8901aadff40a4af72c0b826f1d?s=96&#038;r=g&#038;d=mm","contentUrl":"\/\/www.gravatar.com\/avatar\/d8d45f8901aadff40a4af72c0b826f1d?s=96&#038;r=g&#038;d=mm","caption":"dorogimedence.hu"}}]}},"_links":{"self":[{"href":"https:\/\/dorogimedence.hu\/index.php\/wp-json\/wp\/v2\/posts\/19875","targetHints":{"allow":["GET"]}}],"collection":[{"href":"https:\/\/dorogimedence.hu\/index.php\/wp-json\/wp\/v2\/posts"}],"about":[{"href":"https:\/\/dorogimedence.hu\/index.php\/wp-json\/wp\/v2\/types\/post"}],"author":[{"embeddable":true,"href":"https:\/\/dorogimedence.hu\/index.php\/wp-json\/wp\/v2\/users\/1"}],"replies":[{"embeddable":true,"href":"https:\/\/dorogimedence.hu\/index.php\/wp-json\/wp\/v2\/comments?post=19875"}],"version-history":[{"count":0,"href":"https:\/\/dorogimedence.hu\/index.php\/wp-json\/wp\/v2\/posts\/19875\/revisions"}],"wp:featuredmedia":[{"embeddable":true,"href":"https:\/\/dorogimedence.hu\/index.php\/wp-json\/wp\/v2\/media\/19876"}],"wp:attachment":[{"href":"https:\/\/dorogimedence.hu\/index.php\/wp-json\/wp\/v2\/media?parent=19875"}],"wp:term":[{"taxonomy":"category","embeddable":true,"href":"https:\/\/dorogimedence.hu\/index.php\/wp-json\/wp\/v2\/categories?post=19875"},{"taxonomy":"post_tag","embeddable":true,"href":"https:\/\/dorogimedence.hu\/index.php\/wp-json\/wp\/v2\/tags?post=19875"}],"curies":[{"name":"wp","href":"https:\/\/api.w.org\/{rel}","templated":true}]}}