{"id":19857,"date":"2019-09-30T18:38:41","date_gmt":"2019-09-30T16:38:41","guid":{"rendered":"http:\/\/dorogimedence.hu\/?p=19857"},"modified":"2019-09-30T18:38:41","modified_gmt":"2019-09-30T16:38:41","slug":"palyaorientacios-napot-tartottak-esztergomban","status":"publish","type":"post","link":"https:\/\/dorogimedence.hu\/index.php\/2019\/09\/30\/palyaorientacios-napot-tartottak-esztergomban\/","title":{"rendered":"P\u00e1lyaorient\u00e1ci\u00f3s napot tartottak Esztergomban"},"content":{"rendered":"<p><strong>Szeptember 27-\u00e9n, p\u00e9nteken az esztergomi G\u00e9za Fejedelem Ipari Szakgimn\u00e1zium \u00e9s Szakk\u00f6z\u00e9piskol\u00e1ban p\u00e1lyaorient\u00e1ci\u00f3s napot tartottak \u00e9s megk\u00f6sz\u00f6nt\u00e9k a partnerc\u00e9gek \u00e1ltal fel\u00faj\u00edtott tantermeket.<\/strong><\/p>\n<p>Az esem\u00e9nyen besz\u00e9det mondott Dr. Szerencs\u00e9s L\u00e1szl\u00f3, a Kom\u00e1rom-Esztergom Megyei Kereskedelmi \u00e9s Iparkamara eln\u00f6ke. El\u0151ad\u00e1s\u00e1ban a Szakk\u00e9pz\u00e9s 4.0 strat\u00e9giai programot ismertette, amely a szakk\u00e9pz\u00e9s \u00e9s a feln\u0151ttk\u00e9pz\u00e9s rendszerszint\u0171 meg\u00faj\u00edt\u00e1s\u00e1r\u00f3l \u00e9s tov\u00e1bb fejleszt\u00e9s\u00e9r\u0151l sz\u00f3l. \u201eNem k\u00f6nny\u0171 a kih\u00edv\u00e1s, aminek meg kell feleln\u00fcnk: ma kell oktatnunk a j\u00f6v\u0151t\u201d \u2013 tette hozz\u00e1.<\/p>\n<p><img fetchpriority=\"high\" decoding=\"async\" class=\"alignnone size-full wp-image-19858\" src=\"https:\/\/dorogimedence.hu\/wp-content\/uploads\/2019\/09\/mth-01.jpg\" alt=\"\" width=\"670\" height=\"365\" srcset=\"https:\/\/dorogimedence.hu\/wp-content\/uploads\/2019\/09\/mth-01.jpg 670w, https:\/\/dorogimedence.hu\/wp-content\/uploads\/2019\/09\/mth-01-300x163.jpg 300w\" sizes=\"(max-width: 670px) 100vw, 670px\" \/><\/p>\n<p>Kov\u00e1cs Tam\u00e1s, a G\u00e9za Fejedelem iskola igazgat\u00f3ja Darwint\u00f3l id\u00e9zett, miszerint a t\u00fal\u00e9l\u00e9sben nem felt\u00e9tlen a legokosabbak \u00e9s a leger\u0151sebbek maradnak majd fenn, hanem azok, akik a legjobban tudnak alkalmazkodni az adott helyzethez. Hozz\u00e1tette, hogy ez az\u00e9rt is fontos most, mert az Ipar 4.0 \u00e9s a Szakk\u00e9pz\u00e9s 4.0 programok mindent meg fognak v\u00e1ltoztatni, ami a szakk\u00e9pz\u00e9seket illeti.<\/p>\n<p><img decoding=\"async\" class=\"alignnone size-full wp-image-19859\" src=\"https:\/\/dorogimedence.hu\/wp-content\/uploads\/2019\/09\/mth-02.jpg\" alt=\"\" width=\"670\" height=\"365\" srcset=\"https:\/\/dorogimedence.hu\/wp-content\/uploads\/2019\/09\/mth-02.jpg 670w, https:\/\/dorogimedence.hu\/wp-content\/uploads\/2019\/09\/mth-02-300x163.jpg 300w\" sizes=\"(max-width: 670px) 100vw, 670px\" \/><\/p>\n<p>Dr. V\u00f6lner P\u00e1l, a t\u00e9rs\u00e9g orsz\u00e1ggy\u0171l\u00e9si k\u00e9pvisel\u0151je is \u00fcdv\u00f6z\u00f6lte a programot, kit\u00e9rt arra, hogy nagyon fontos a munkaer\u0151k\u00e9pz\u00e9s \u00e9s a szakoktat\u00e1s, hiszen a t\u00e9rs\u00e9gben az egyre b\u0151v\u00fcl\u0151 \u00e9s fejl\u0151d\u0151 gy\u00e1rak t\u00f6bb szakember munk\u00e1j\u00e1t k\u00edv\u00e1nj\u00e1k meg. Fontosnak tartja tov\u00e1bb\u00e1 azt is, hogy ehhez hasonl\u00f3 rendezv\u00e9nyeket tartsanak, ahol a v\u00e1llalatok \u00e9s a tanul\u00f3k tal\u00e1lkozhatnak egym\u00e1ssal.<\/p>\n<p><img decoding=\"async\" class=\"alignnone size-full wp-image-19860\" src=\"https:\/\/dorogimedence.hu\/wp-content\/uploads\/2019\/09\/mth-03.jpg\" alt=\"\" width=\"670\" height=\"365\" srcset=\"https:\/\/dorogimedence.hu\/wp-content\/uploads\/2019\/09\/mth-03.jpg 670w, https:\/\/dorogimedence.hu\/wp-content\/uploads\/2019\/09\/mth-03-300x163.jpg 300w\" sizes=\"(max-width: 670px) 100vw, 670px\" \/><\/p>\n<p>A besz\u00e9dek ut\u00e1n a t\u00e9rs\u00e9g v\u00e1llalatai mutatt\u00e1k be kisfilmeken \u00fczemeiket, illetve a gy\u00e1rt\u00e1si technol\u00f3gi\u00e1kat. A k\u00e9rd\u00e9seket k\u00f6vet\u0151en pedig k\u00f6z\u00f6s tantereml\u00e1togat\u00e1son vehettek r\u00e9szt az \u00e9rdekl\u0151d\u0151k. Kov\u00e1cs Tam\u00e1s elmondta, hogy 10 \u00e9ve indult el az a folyamat, amelynek keret\u00e9ben az egyes c\u00e9gek tantermeket \u00faj\u00edtanak fel az int\u00e9zm\u00e9nyben. Els\u0151k\u00e9nt a Suzuki terem k\u00e9sz\u00fclt el, majd ezt n\u00e9gy m\u00e1sik terem k\u00f6vette. Az iskol\u00e1ban a TE Connectivity, a Kirchhoff, a MegaWatt \u00e9s a Baumit is tanteremmel b\u00fcszk\u00e9lkedhet. Kov\u00e1cs Tam\u00e1s tov\u00e1bb\u00e1 elmondta azt is, hogy m\u00e1r van k\u00e9t \u00faj jelentkez\u0151, aki sz\u00edvesen t\u00e1mogatn\u00e1 az int\u00e9zm\u00e9nyt, az egyik a Zoltek, a m\u00e1sik pedig a solym\u00e1ri PEM\u00dc.<\/p>\n<p><img loading=\"lazy\" decoding=\"async\" class=\"alignnone size-full wp-image-19861\" src=\"https:\/\/dorogimedence.hu\/wp-content\/uploads\/2019\/09\/mth-04.jpg\" alt=\"\" width=\"670\" height=\"365\" srcset=\"https:\/\/dorogimedence.hu\/wp-content\/uploads\/2019\/09\/mth-04.jpg 670w, https:\/\/dorogimedence.hu\/wp-content\/uploads\/2019\/09\/mth-04-300x163.jpg 300w\" sizes=\"(max-width: 670px) 100vw, 670px\" \/><\/p>\n<p>A tantereml\u00e1togat\u00e1sok sor\u00e1n az int\u00e9zm\u00e9nyvezet\u0151 h\u00e1l\u00e1j\u00e1t fejezte ki a partnerc\u00e9geknek \u00e9s megk\u00f6sz\u00f6nte a figyelemre m\u00e9lt\u00f3 t\u00e1mogat\u00e1sukat.<\/p>\n<p><img loading=\"lazy\" decoding=\"async\" class=\"alignnone size-full wp-image-19863\" src=\"https:\/\/dorogimedence.hu\/wp-content\/uploads\/2019\/09\/mth-06.jpg\" alt=\"\" width=\"670\" height=\"365\" srcset=\"https:\/\/dorogimedence.hu\/wp-content\/uploads\/2019\/09\/mth-06.jpg 670w, https:\/\/dorogimedence.hu\/wp-content\/uploads\/2019\/09\/mth-06-300x163.jpg 300w\" sizes=\"(max-width: 670px) 100vw, 670px\" \/><\/p>\n","protected":false},"excerpt":{"rendered":"<p>Szeptember 27-\u00e9n, p\u00e9nteken az esztergomi G\u00e9za Fejedelem Ipari Szakgimn\u00e1zium \u00e9s Szakk\u00f6z\u00e9piskol\u00e1ban p\u00e1lyaorient\u00e1ci\u00f3s napot tartottak \u00e9s megk\u00f6sz\u00f6nt\u00e9k a partnerc\u00e9gek \u00e1ltal fel\u00faj\u00edtott tantermeket. Az esem\u00e9nyen besz\u00e9det mondott Dr. Szerencs\u00e9s L\u00e1szl\u00f3, a Kom\u00e1rom-Esztergom Megyei Kereskedelmi \u00e9s Iparkamara eln\u00f6ke. El\u0151ad\u00e1s\u00e1ban a Szakk\u00e9pz\u00e9s 4.0 strat\u00e9giai programot ismertette, amely a szakk\u00e9pz\u00e9s \u00e9s a feln\u0151ttk\u00e9pz\u00e9s rendszerszint\u0171 meg\u00faj\u00edt\u00e1s\u00e1r\u00f3l \u00e9s tov\u00e1bb fejleszt\u00e9s\u00e9r\u0151l sz\u00f3l. \u201eNem<\/p>\n","protected":false},"author":1,"featured_media":19862,"comment_status":"closed","ping_status":"closed","sticky":false,"template":"","format":"standard","meta":{"ngg_post_thumbnail":0,"footnotes":""},"categories":[38,3],"tags":[42,4326,703,142,4328,4327],"class_list":{"0":"post-19857","1":"post","2":"type-post","3":"status-publish","4":"format-standard","5":"has-post-thumbnail","7":"category-esztergom","8":"category-hirek","9":"tag-esztergom","10":"tag-geza-fejedelem-ipari-szakgimnazium-es-szakkozepiskola","11":"tag-mth","12":"tag-oktatas","13":"tag-palyaorientacio","14":"tag-szakkepzes"},"yoast_head":"<!-- This site is optimized with the Yoast SEO plugin v27.5 - https:\/\/yoast.com\/product\/yoast-seo-wordpress\/ -->\n<title>P\u00e1lyaorient\u00e1ci\u00f3s napot tartottak Esztergomban<\/title>\n<meta name=\"robots\" content=\"index, follow, max-snippet:-1, max-image-preview:large, max-video-preview:-1\" \/>\n<link rel=\"canonical\" href=\"https:\/\/dorogimedence.hu\/index.php\/2019\/09\/30\/palyaorientacios-napot-tartottak-esztergomban\/\" class=\"yoast-seo-meta-tag\" \/>\n<meta property=\"og:locale\" content=\"hu_HU\" class=\"yoast-seo-meta-tag\" \/>\n<meta property=\"og:type\" content=\"article\" class=\"yoast-seo-meta-tag\" \/>\n<meta property=\"og:title\" content=\"P\u00e1lyaorient\u00e1ci\u00f3s napot tartottak Esztergomban\" class=\"yoast-seo-meta-tag\" \/>\n<meta property=\"og:description\" content=\"Szeptember 27-\u00e9n, p\u00e9nteken az esztergomi G\u00e9za Fejedelem Ipari Szakgimn\u00e1zium \u00e9s Szakk\u00f6z\u00e9piskol\u00e1ban p\u00e1lyaorient\u00e1ci\u00f3s napot tartottak \u00e9s megk\u00f6sz\u00f6nt\u00e9k a partnerc\u00e9gek \u00e1ltal fel\u00faj\u00edtott tantermeket. Az esem\u00e9nyen besz\u00e9det mondott Dr. Szerencs\u00e9s L\u00e1szl\u00f3, a Kom\u00e1rom-Esztergom Megyei Kereskedelmi \u00e9s Iparkamara eln\u00f6ke. El\u0151ad\u00e1s\u00e1ban a Szakk\u00e9pz\u00e9s 4.0 strat\u00e9giai programot ismertette, amely a szakk\u00e9pz\u00e9s \u00e9s a feln\u0151ttk\u00e9pz\u00e9s rendszerszint\u0171 meg\u00faj\u00edt\u00e1s\u00e1r\u00f3l \u00e9s tov\u00e1bb fejleszt\u00e9s\u00e9r\u0151l sz\u00f3l. \u201eNem\" class=\"yoast-seo-meta-tag\" \/>\n<meta property=\"og:url\" content=\"https:\/\/dorogimedence.hu\/index.php\/2019\/09\/30\/palyaorientacios-napot-tartottak-esztergomban\/\" class=\"yoast-seo-meta-tag\" \/>\n<meta property=\"og:site_name\" content=\"Dorogi-medence Region\u00e1lis H\u00edrport\u00e1l\" class=\"yoast-seo-meta-tag\" \/>\n<meta property=\"article:publisher\" content=\"https:\/\/www.facebook.com\/dorogimedence\/\" class=\"yoast-seo-meta-tag\" \/>\n<meta property=\"article:published_time\" content=\"2019-09-30T16:38:41+00:00\" class=\"yoast-seo-meta-tag\" \/>\n<meta property=\"og:image\" content=\"https:\/\/i0.wp.com\/dorogimedence.hu\/wp-content\/uploads\/2019\/09\/mth-05.jpg?fit=670%2C365&ssl=1\" class=\"yoast-seo-meta-tag\" \/>\n\t<meta property=\"og:image:width\" content=\"670\" class=\"yoast-seo-meta-tag\" \/>\n\t<meta property=\"og:image:height\" content=\"365\" class=\"yoast-seo-meta-tag\" \/>\n\t<meta property=\"og:image:type\" content=\"image\/jpeg\" class=\"yoast-seo-meta-tag\" \/>\n<meta name=\"author\" content=\"dorogimedence.hu\" class=\"yoast-seo-meta-tag\" \/>\n<meta name=\"twitter:card\" content=\"summary_large_image\" class=\"yoast-seo-meta-tag\" \/>\n<meta name=\"twitter:label1\" content=\"Szerz\u0151:\" class=\"yoast-seo-meta-tag\" \/>\n\t<meta name=\"twitter:data1\" content=\"dorogimedence.hu\" class=\"yoast-seo-meta-tag\" \/>\n\t<meta name=\"twitter:label2\" content=\"Becs\u00fclt olvas\u00e1si id\u0151\" class=\"yoast-seo-meta-tag\" \/>\n\t<meta name=\"twitter:data2\" content=\"2 perc\" class=\"yoast-seo-meta-tag\" \/>\n<script type=\"application\/ld+json\" class=\"yoast-schema-graph\">{\"@context\":\"https:\\\/\\\/schema.org\",\"@graph\":[{\"@type\":\"Article\",\"@id\":\"https:\\\/\\\/dorogimedence.hu\\\/index.php\\\/2019\\\/09\\\/30\\\/palyaorientacios-napot-tartottak-esztergomban\\\/#article\",\"isPartOf\":{\"@id\":\"https:\\\/\\\/dorogimedence.hu\\\/index.php\\\/2019\\\/09\\\/30\\\/palyaorientacios-napot-tartottak-esztergomban\\\/\"},\"author\":{\"name\":\"dorogimedence.hu\",\"@id\":\"https:\\\/\\\/dorogimedence.hu\\\/#\\\/schema\\\/person\\\/ce6091eeb7e95ecdc87890d6aa8e0fd4\"},\"headline\":\"P\u00e1lyaorient\u00e1ci\u00f3s napot tartottak Esztergomban\",\"datePublished\":\"2019-09-30T16:38:41+00:00\",\"mainEntityOfPage\":{\"@id\":\"https:\\\/\\\/dorogimedence.hu\\\/index.php\\\/2019\\\/09\\\/30\\\/palyaorientacios-napot-tartottak-esztergomban\\\/\"},\"wordCount\":460,\"publisher\":{\"@id\":\"https:\\\/\\\/dorogimedence.hu\\\/#organization\"},\"image\":{\"@id\":\"https:\\\/\\\/dorogimedence.hu\\\/index.php\\\/2019\\\/09\\\/30\\\/palyaorientacios-napot-tartottak-esztergomban\\\/#primaryimage\"},\"thumbnailUrl\":\"https:\\\/\\\/dorogimedence.hu\\\/wp-content\\\/uploads\\\/2019\\\/09\\\/mth-05.jpg\",\"keywords\":[\"esztergom\",\"G\u00e9za Fejedelem Ipari Szakgimn\u00e1zium \u00e9s Szakk\u00f6z\u00e9piskola\",\"MTH\",\"oktat\u00e1s\",\"p\u00e1lyaorient\u00e1ci\u00f3\",\"szakk\u00e9pz\u00e9s\"],\"articleSection\":[\"Esztergom\",\"H\u00edrek\"],\"inLanguage\":\"hu\"},{\"@type\":\"WebPage\",\"@id\":\"https:\\\/\\\/dorogimedence.hu\\\/index.php\\\/2019\\\/09\\\/30\\\/palyaorientacios-napot-tartottak-esztergomban\\\/\",\"url\":\"https:\\\/\\\/dorogimedence.hu\\\/index.php\\\/2019\\\/09\\\/30\\\/palyaorientacios-napot-tartottak-esztergomban\\\/\",\"name\":\"P\u00e1lyaorient\u00e1ci\u00f3s napot tartottak Esztergomban\",\"isPartOf\":{\"@id\":\"https:\\\/\\\/dorogimedence.hu\\\/#website\"},\"primaryImageOfPage\":{\"@id\":\"https:\\\/\\\/dorogimedence.hu\\\/index.php\\\/2019\\\/09\\\/30\\\/palyaorientacios-napot-tartottak-esztergomban\\\/#primaryimage\"},\"image\":{\"@id\":\"https:\\\/\\\/dorogimedence.hu\\\/index.php\\\/2019\\\/09\\\/30\\\/palyaorientacios-napot-tartottak-esztergomban\\\/#primaryimage\"},\"thumbnailUrl\":\"https:\\\/\\\/dorogimedence.hu\\\/wp-content\\\/uploads\\\/2019\\\/09\\\/mth-05.jpg\",\"datePublished\":\"2019-09-30T16:38:41+00:00\",\"breadcrumb\":{\"@id\":\"https:\\\/\\\/dorogimedence.hu\\\/index.php\\\/2019\\\/09\\\/30\\\/palyaorientacios-napot-tartottak-esztergomban\\\/#breadcrumb\"},\"inLanguage\":\"hu\",\"potentialAction\":[{\"@type\":\"ReadAction\",\"target\":[\"https:\\\/\\\/dorogimedence.hu\\\/index.php\\\/2019\\\/09\\\/30\\\/palyaorientacios-napot-tartottak-esztergomban\\\/\"]}]},{\"@type\":\"ImageObject\",\"inLanguage\":\"hu\",\"@id\":\"https:\\\/\\\/dorogimedence.hu\\\/index.php\\\/2019\\\/09\\\/30\\\/palyaorientacios-napot-tartottak-esztergomban\\\/#primaryimage\",\"url\":\"https:\\\/\\\/dorogimedence.hu\\\/wp-content\\\/uploads\\\/2019\\\/09\\\/mth-05.jpg\",\"contentUrl\":\"https:\\\/\\\/dorogimedence.hu\\\/wp-content\\\/uploads\\\/2019\\\/09\\\/mth-05.jpg\",\"width\":670,\"height\":365},{\"@type\":\"BreadcrumbList\",\"@id\":\"https:\\\/\\\/dorogimedence.hu\\\/index.php\\\/2019\\\/09\\\/30\\\/palyaorientacios-napot-tartottak-esztergomban\\\/#breadcrumb\",\"itemListElement\":[{\"@type\":\"ListItem\",\"position\":1,\"name\":\"Kezd\u0151lap\",\"item\":\"https:\\\/\\\/dorogimedence.hu\\\/\"},{\"@type\":\"ListItem\",\"position\":2,\"name\":\"P\u00e1lyaorient\u00e1ci\u00f3s napot tartottak Esztergomban\"}]},{\"@type\":\"WebSite\",\"@id\":\"https:\\\/\\\/dorogimedence.hu\\\/#website\",\"url\":\"https:\\\/\\\/dorogimedence.hu\\\/\",\"name\":\"Dorogi-medence Region\u00e1lis H\u00edrport\u00e1l\",\"description\":\"Dorog, Keszt\u00f6lc, Le\u00e1nyv\u00e1r, Piliscs\u00e9v, Tokod, Tokodalt\u00e1r\u00f3, Csolnok, Esztergom-kertv\u00e1ros: h\u00edrek, programok\",\"publisher\":{\"@id\":\"https:\\\/\\\/dorogimedence.hu\\\/#organization\"},\"potentialAction\":[{\"@type\":\"SearchAction\",\"target\":{\"@type\":\"EntryPoint\",\"urlTemplate\":\"https:\\\/\\\/dorogimedence.hu\\\/?s={search_term_string}\"},\"query-input\":{\"@type\":\"PropertyValueSpecification\",\"valueRequired\":true,\"valueName\":\"search_term_string\"}}],\"inLanguage\":\"hu\"},{\"@type\":\"Organization\",\"@id\":\"https:\\\/\\\/dorogimedence.hu\\\/#organization\",\"name\":\"Dorogi-medence Region\u00e1lis H\u00edrport\u00e1l\",\"url\":\"https:\\\/\\\/dorogimedence.hu\\\/\",\"logo\":{\"@type\":\"ImageObject\",\"inLanguage\":\"hu\",\"@id\":\"https:\\\/\\\/dorogimedence.hu\\\/#\\\/schema\\\/logo\\\/image\\\/\",\"url\":\"https:\\\/\\\/dorogimedence.hu\\\/wp-content\\\/uploads\\\/2021\\\/04\\\/logo-feher-600.png\",\"contentUrl\":\"https:\\\/\\\/dorogimedence.hu\\\/wp-content\\\/uploads\\\/2021\\\/04\\\/logo-feher-600.png\",\"width\":600,\"height\":100,\"caption\":\"Dorogi-medence Region\u00e1lis H\u00edrport\u00e1l\"},\"image\":{\"@id\":\"https:\\\/\\\/dorogimedence.hu\\\/#\\\/schema\\\/logo\\\/image\\\/\"},\"sameAs\":[\"https:\\\/\\\/www.facebook.com\\\/dorogimedence\\\/\"]},{\"@type\":\"Person\",\"@id\":\"https:\\\/\\\/dorogimedence.hu\\\/#\\\/schema\\\/person\\\/ce6091eeb7e95ecdc87890d6aa8e0fd4\",\"name\":\"dorogimedence.hu\",\"image\":{\"@type\":\"ImageObject\",\"inLanguage\":\"hu\",\"@id\":\"\\\/\\\/www.gravatar.com\\\/avatar\\\/d8d45f8901aadff40a4af72c0b826f1d?s=96&#038;r=g&#038;d=mm\",\"url\":\"\\\/\\\/www.gravatar.com\\\/avatar\\\/d8d45f8901aadff40a4af72c0b826f1d?s=96&#038;r=g&#038;d=mm\",\"contentUrl\":\"\\\/\\\/www.gravatar.com\\\/avatar\\\/d8d45f8901aadff40a4af72c0b826f1d?s=96&#038;r=g&#038;d=mm\",\"caption\":\"dorogimedence.hu\"}}]}<\/script>\n<!-- \/ Yoast SEO plugin. -->","yoast_head_json":{"title":"P\u00e1lyaorient\u00e1ci\u00f3s napot tartottak Esztergomban","robots":{"index":"index","follow":"follow","max-snippet":"max-snippet:-1","max-image-preview":"max-image-preview:large","max-video-preview":"max-video-preview:-1"},"canonical":"https:\/\/dorogimedence.hu\/index.php\/2019\/09\/30\/palyaorientacios-napot-tartottak-esztergomban\/","og_locale":"hu_HU","og_type":"article","og_title":"P\u00e1lyaorient\u00e1ci\u00f3s napot tartottak Esztergomban","og_description":"Szeptember 27-\u00e9n, p\u00e9nteken az esztergomi G\u00e9za Fejedelem Ipari Szakgimn\u00e1zium \u00e9s Szakk\u00f6z\u00e9piskol\u00e1ban p\u00e1lyaorient\u00e1ci\u00f3s napot tartottak \u00e9s megk\u00f6sz\u00f6nt\u00e9k a partnerc\u00e9gek \u00e1ltal fel\u00faj\u00edtott tantermeket. Az esem\u00e9nyen besz\u00e9det mondott Dr. Szerencs\u00e9s L\u00e1szl\u00f3, a Kom\u00e1rom-Esztergom Megyei Kereskedelmi \u00e9s Iparkamara eln\u00f6ke. El\u0151ad\u00e1s\u00e1ban a Szakk\u00e9pz\u00e9s 4.0 strat\u00e9giai programot ismertette, amely a szakk\u00e9pz\u00e9s \u00e9s a feln\u0151ttk\u00e9pz\u00e9s rendszerszint\u0171 meg\u00faj\u00edt\u00e1s\u00e1r\u00f3l \u00e9s tov\u00e1bb fejleszt\u00e9s\u00e9r\u0151l sz\u00f3l. \u201eNem","og_url":"https:\/\/dorogimedence.hu\/index.php\/2019\/09\/30\/palyaorientacios-napot-tartottak-esztergomban\/","og_site_name":"Dorogi-medence Region\u00e1lis H\u00edrport\u00e1l","article_publisher":"https:\/\/www.facebook.com\/dorogimedence\/","article_published_time":"2019-09-30T16:38:41+00:00","og_image":[{"width":670,"height":365,"url":"https:\/\/i0.wp.com\/dorogimedence.hu\/wp-content\/uploads\/2019\/09\/mth-05.jpg?fit=670%2C365&ssl=1","type":"image\/jpeg"}],"author":"dorogimedence.hu","twitter_card":"summary_large_image","twitter_misc":{"Szerz\u0151:":"dorogimedence.hu","Becs\u00fclt olvas\u00e1si id\u0151":"2 perc"},"schema":{"@context":"https:\/\/schema.org","@graph":[{"@type":"Article","@id":"https:\/\/dorogimedence.hu\/index.php\/2019\/09\/30\/palyaorientacios-napot-tartottak-esztergomban\/#article","isPartOf":{"@id":"https:\/\/dorogimedence.hu\/index.php\/2019\/09\/30\/palyaorientacios-napot-tartottak-esztergomban\/"},"author":{"name":"dorogimedence.hu","@id":"https:\/\/dorogimedence.hu\/#\/schema\/person\/ce6091eeb7e95ecdc87890d6aa8e0fd4"},"headline":"P\u00e1lyaorient\u00e1ci\u00f3s napot tartottak Esztergomban","datePublished":"2019-09-30T16:38:41+00:00","mainEntityOfPage":{"@id":"https:\/\/dorogimedence.hu\/index.php\/2019\/09\/30\/palyaorientacios-napot-tartottak-esztergomban\/"},"wordCount":460,"publisher":{"@id":"https:\/\/dorogimedence.hu\/#organization"},"image":{"@id":"https:\/\/dorogimedence.hu\/index.php\/2019\/09\/30\/palyaorientacios-napot-tartottak-esztergomban\/#primaryimage"},"thumbnailUrl":"https:\/\/dorogimedence.hu\/wp-content\/uploads\/2019\/09\/mth-05.jpg","keywords":["esztergom","G\u00e9za Fejedelem Ipari Szakgimn\u00e1zium \u00e9s Szakk\u00f6z\u00e9piskola","MTH","oktat\u00e1s","p\u00e1lyaorient\u00e1ci\u00f3","szakk\u00e9pz\u00e9s"],"articleSection":["Esztergom","H\u00edrek"],"inLanguage":"hu"},{"@type":"WebPage","@id":"https:\/\/dorogimedence.hu\/index.php\/2019\/09\/30\/palyaorientacios-napot-tartottak-esztergomban\/","url":"https:\/\/dorogimedence.hu\/index.php\/2019\/09\/30\/palyaorientacios-napot-tartottak-esztergomban\/","name":"P\u00e1lyaorient\u00e1ci\u00f3s napot tartottak Esztergomban","isPartOf":{"@id":"https:\/\/dorogimedence.hu\/#website"},"primaryImageOfPage":{"@id":"https:\/\/dorogimedence.hu\/index.php\/2019\/09\/30\/palyaorientacios-napot-tartottak-esztergomban\/#primaryimage"},"image":{"@id":"https:\/\/dorogimedence.hu\/index.php\/2019\/09\/30\/palyaorientacios-napot-tartottak-esztergomban\/#primaryimage"},"thumbnailUrl":"https:\/\/dorogimedence.hu\/wp-content\/uploads\/2019\/09\/mth-05.jpg","datePublished":"2019-09-30T16:38:41+00:00","breadcrumb":{"@id":"https:\/\/dorogimedence.hu\/index.php\/2019\/09\/30\/palyaorientacios-napot-tartottak-esztergomban\/#breadcrumb"},"inLanguage":"hu","potentialAction":[{"@type":"ReadAction","target":["https:\/\/dorogimedence.hu\/index.php\/2019\/09\/30\/palyaorientacios-napot-tartottak-esztergomban\/"]}]},{"@type":"ImageObject","inLanguage":"hu","@id":"https:\/\/dorogimedence.hu\/index.php\/2019\/09\/30\/palyaorientacios-napot-tartottak-esztergomban\/#primaryimage","url":"https:\/\/dorogimedence.hu\/wp-content\/uploads\/2019\/09\/mth-05.jpg","contentUrl":"https:\/\/dorogimedence.hu\/wp-content\/uploads\/2019\/09\/mth-05.jpg","width":670,"height":365},{"@type":"BreadcrumbList","@id":"https:\/\/dorogimedence.hu\/index.php\/2019\/09\/30\/palyaorientacios-napot-tartottak-esztergomban\/#breadcrumb","itemListElement":[{"@type":"ListItem","position":1,"name":"Kezd\u0151lap","item":"https:\/\/dorogimedence.hu\/"},{"@type":"ListItem","position":2,"name":"P\u00e1lyaorient\u00e1ci\u00f3s napot tartottak Esztergomban"}]},{"@type":"WebSite","@id":"https:\/\/dorogimedence.hu\/#website","url":"https:\/\/dorogimedence.hu\/","name":"Dorogi-medence Region\u00e1lis H\u00edrport\u00e1l","description":"Dorog, Keszt\u00f6lc, Le\u00e1nyv\u00e1r, Piliscs\u00e9v, Tokod, Tokodalt\u00e1r\u00f3, Csolnok, Esztergom-kertv\u00e1ros: h\u00edrek, programok","publisher":{"@id":"https:\/\/dorogimedence.hu\/#organization"},"potentialAction":[{"@type":"SearchAction","target":{"@type":"EntryPoint","urlTemplate":"https:\/\/dorogimedence.hu\/?s={search_term_string}"},"query-input":{"@type":"PropertyValueSpecification","valueRequired":true,"valueName":"search_term_string"}}],"inLanguage":"hu"},{"@type":"Organization","@id":"https:\/\/dorogimedence.hu\/#organization","name":"Dorogi-medence Region\u00e1lis H\u00edrport\u00e1l","url":"https:\/\/dorogimedence.hu\/","logo":{"@type":"ImageObject","inLanguage":"hu","@id":"https:\/\/dorogimedence.hu\/#\/schema\/logo\/image\/","url":"https:\/\/dorogimedence.hu\/wp-content\/uploads\/2021\/04\/logo-feher-600.png","contentUrl":"https:\/\/dorogimedence.hu\/wp-content\/uploads\/2021\/04\/logo-feher-600.png","width":600,"height":100,"caption":"Dorogi-medence Region\u00e1lis H\u00edrport\u00e1l"},"image":{"@id":"https:\/\/dorogimedence.hu\/#\/schema\/logo\/image\/"},"sameAs":["https:\/\/www.facebook.com\/dorogimedence\/"]},{"@type":"Person","@id":"https:\/\/dorogimedence.hu\/#\/schema\/person\/ce6091eeb7e95ecdc87890d6aa8e0fd4","name":"dorogimedence.hu","image":{"@type":"ImageObject","inLanguage":"hu","@id":"\/\/www.gravatar.com\/avatar\/d8d45f8901aadff40a4af72c0b826f1d?s=96&#038;r=g&#038;d=mm","url":"\/\/www.gravatar.com\/avatar\/d8d45f8901aadff40a4af72c0b826f1d?s=96&#038;r=g&#038;d=mm","contentUrl":"\/\/www.gravatar.com\/avatar\/d8d45f8901aadff40a4af72c0b826f1d?s=96&#038;r=g&#038;d=mm","caption":"dorogimedence.hu"}}]}},"_links":{"self":[{"href":"https:\/\/dorogimedence.hu\/index.php\/wp-json\/wp\/v2\/posts\/19857","targetHints":{"allow":["GET"]}}],"collection":[{"href":"https:\/\/dorogimedence.hu\/index.php\/wp-json\/wp\/v2\/posts"}],"about":[{"href":"https:\/\/dorogimedence.hu\/index.php\/wp-json\/wp\/v2\/types\/post"}],"author":[{"embeddable":true,"href":"https:\/\/dorogimedence.hu\/index.php\/wp-json\/wp\/v2\/users\/1"}],"replies":[{"embeddable":true,"href":"https:\/\/dorogimedence.hu\/index.php\/wp-json\/wp\/v2\/comments?post=19857"}],"version-history":[{"count":0,"href":"https:\/\/dorogimedence.hu\/index.php\/wp-json\/wp\/v2\/posts\/19857\/revisions"}],"wp:featuredmedia":[{"embeddable":true,"href":"https:\/\/dorogimedence.hu\/index.php\/wp-json\/wp\/v2\/media\/19862"}],"wp:attachment":[{"href":"https:\/\/dorogimedence.hu\/index.php\/wp-json\/wp\/v2\/media?parent=19857"}],"wp:term":[{"taxonomy":"category","embeddable":true,"href":"https:\/\/dorogimedence.hu\/index.php\/wp-json\/wp\/v2\/categories?post=19857"},{"taxonomy":"post_tag","embeddable":true,"href":"https:\/\/dorogimedence.hu\/index.php\/wp-json\/wp\/v2\/tags?post=19857"}],"curies":[{"name":"wp","href":"https:\/\/api.w.org\/{rel}","templated":true}]}}