{"id":19804,"date":"2019-09-27T08:06:18","date_gmt":"2019-09-27T06:06:18","guid":{"rendered":"http:\/\/dorogimedence.hu\/?p=19804"},"modified":"2019-09-27T08:06:18","modified_gmt":"2019-09-27T06:06:18","slug":"20-30-perces-kesesekre-kell-szamitani-az-esztergomi-vasutvonalon","status":"publish","type":"post","link":"https:\/\/dorogimedence.hu\/index.php\/2019\/09\/27\/20-30-perces-kesesekre-kell-szamitani-az-esztergomi-vasutvonalon\/","title":{"rendered":"20-30 perces k\u00e9s\u00e9sekre kell sz\u00e1m\u00edtani az esztergomi vas\u00fatvonalon"},"content":{"rendered":"<p><strong>Az esztergomi vonal \u00d3buda-Solym\u00e1r k\u00f6z\u00f6tti&nbsp;szakasz\u00e1n meghib\u00e1sodtak a soromp\u00f3 berendez\u00e9sek. Emiatt 20-30 perccel megn\u0151 a menetid\u0151, mert a biztons\u00e1g \u00e9rdek\u00e9ben a vas\u00fati \u00e1tj\u00e1r\u00f3k el\u0151tt lass\u00edtaniuk kell a vonatoknak.<br \/>\n<\/strong><\/p>\n<p>A Nyugati p\u00e1lyaudvarr\u00f3l 5:09-kor elindult 2040-es sz\u00e1m\u00fa vonat Dorogig k\u00f6zlekedik, onnan indul vissza Budapestre, 2027-es sz\u00e1m\u00fa vonatk\u00e9nt <em>&#8211; \u00edrja a <a href=\"https:\/\/www.mavcsoport.hu\/mavinform\/esztergomi-vonalon-20-30-perccel-megno-menetido\" target=\"_blank\" rel=\"noopener noreferrer\"><span style=\"text-decoration: underline; color: #0000ff;\">M\u00c1VINFORM<\/span><\/a>.<\/em><\/p>\n<p>A Vonatinf\u00f3 t\u00e9rk\u00e9pe szerint a ny\u00edlt p\u00e1ly\u00e1n l\u00e9v\u0151 szerelv\u00e9nyek 21-40 perc k\u00e9s\u00e9ssel k\u00f6zlekednek, m\u00edg a rekordot a Piliscsaba-Angyalf\u00f6ld viszonylaton k\u00f6zleked\u0151 2217-es vonat tartja, amelynek menetideje mintegy 58 perccel n\u0151tt meg <em>&#8211; de\u00edtette ki a <a href=\"http:\/\/hidlap.hu\/2019\/09\/27\/kesesekre-kell-szamitani-az-esztergomi-vasutvonalon\/\" target=\"_blank\" rel=\"noopener noreferrer\"><span style=\"text-decoration: underline; color: #0000ff;\">hidlap.hu<\/span><\/a><\/em><\/p>\n<p><strong> A menetrend v\u00e1rhat\u00f3an a k\u00e9s\u0151 d\u00e9lut\u00e1ni \u00f3r\u00e1kra \u00e1llhat helyre.<\/strong><\/p>\n","protected":false},"excerpt":{"rendered":"<p>Az esztergomi vonal \u00d3buda-Solym\u00e1r k\u00f6z\u00f6tti&nbsp;szakasz\u00e1n meghib\u00e1sodtak a soromp\u00f3 berendez\u00e9sek. Emiatt 20-30 perccel megn\u0151 a menetid\u0151, mert a biztons\u00e1g \u00e9rdek\u00e9ben a vas\u00fati \u00e1tj\u00e1r\u00f3k el\u0151tt lass\u00edtaniuk kell a vonatoknak. A Nyugati p\u00e1lyaudvarr\u00f3l 5:09-kor elindult 2040-es sz\u00e1m\u00fa vonat Dorogig k\u00f6zlekedik, onnan indul vissza Budapestre, 2027-es sz\u00e1m\u00fa vonatk\u00e9nt &#8211; \u00edrja a M\u00c1VINFORM. A Vonatinf\u00f3 t\u00e9rk\u00e9pe szerint a ny\u00edlt p\u00e1ly\u00e1n<\/p>\n","protected":false},"author":1,"featured_media":6727,"comment_status":"closed","ping_status":"closed","sticky":false,"template":"","format":"standard","meta":{"ngg_post_thumbnail":0,"footnotes":""},"categories":[3],"tags":[42,292,381,1246,291],"class_list":{"0":"post-19804","1":"post","2":"type-post","3":"status-publish","4":"format-standard","5":"has-post-thumbnail","7":"category-hirek","8":"tag-esztergom","9":"tag-mav","10":"tag-vasut","11":"tag-vasutvonal","12":"tag-vonat"},"yoast_head":"<!-- This site is optimized with the Yoast SEO plugin v27.5 - https:\/\/yoast.com\/product\/yoast-seo-wordpress\/ -->\n<title>20-30 perces k\u00e9s\u00e9sekre kell sz\u00e1m\u00edtani az esztergomi vas\u00fatvonalon<\/title>\n<meta name=\"robots\" content=\"index, follow, max-snippet:-1, max-image-preview:large, max-video-preview:-1\" \/>\n<link rel=\"canonical\" href=\"https:\/\/dorogimedence.hu\/index.php\/2019\/09\/27\/20-30-perces-kesesekre-kell-szamitani-az-esztergomi-vasutvonalon\/\" class=\"yoast-seo-meta-tag\" \/>\n<meta property=\"og:locale\" content=\"hu_HU\" class=\"yoast-seo-meta-tag\" \/>\n<meta property=\"og:type\" content=\"article\" class=\"yoast-seo-meta-tag\" \/>\n<meta property=\"og:title\" content=\"20-30 perces k\u00e9s\u00e9sekre kell sz\u00e1m\u00edtani az esztergomi vas\u00fatvonalon\" class=\"yoast-seo-meta-tag\" \/>\n<meta property=\"og:description\" content=\"Az esztergomi vonal \u00d3buda-Solym\u00e1r k\u00f6z\u00f6tti&nbsp;szakasz\u00e1n meghib\u00e1sodtak a soromp\u00f3 berendez\u00e9sek. Emiatt 20-30 perccel megn\u0151 a menetid\u0151, mert a biztons\u00e1g \u00e9rdek\u00e9ben a vas\u00fati \u00e1tj\u00e1r\u00f3k el\u0151tt lass\u00edtaniuk kell a vonatoknak. A Nyugati p\u00e1lyaudvarr\u00f3l 5:09-kor elindult 2040-es sz\u00e1m\u00fa vonat Dorogig k\u00f6zlekedik, onnan indul vissza Budapestre, 2027-es sz\u00e1m\u00fa vonatk\u00e9nt &#8211; \u00edrja a M\u00c1VINFORM. A Vonatinf\u00f3 t\u00e9rk\u00e9pe szerint a ny\u00edlt p\u00e1ly\u00e1n\" class=\"yoast-seo-meta-tag\" \/>\n<meta property=\"og:url\" content=\"https:\/\/dorogimedence.hu\/index.php\/2019\/09\/27\/20-30-perces-kesesekre-kell-szamitani-az-esztergomi-vasutvonalon\/\" class=\"yoast-seo-meta-tag\" \/>\n<meta property=\"og:site_name\" content=\"Dorogi-medence Region\u00e1lis H\u00edrport\u00e1l\" class=\"yoast-seo-meta-tag\" \/>\n<meta property=\"article:publisher\" content=\"https:\/\/www.facebook.com\/dorogimedence\/\" class=\"yoast-seo-meta-tag\" \/>\n<meta property=\"article:published_time\" content=\"2019-09-27T06:06:18+00:00\" class=\"yoast-seo-meta-tag\" \/>\n<meta property=\"og:image\" content=\"https:\/\/i0.wp.com\/dorogimedence.hu\/wp-content\/uploads\/2017\/11\/flirt-01.jpg?fit=670%2C365&ssl=1\" class=\"yoast-seo-meta-tag\" \/>\n\t<meta property=\"og:image:width\" content=\"670\" class=\"yoast-seo-meta-tag\" \/>\n\t<meta property=\"og:image:height\" content=\"365\" class=\"yoast-seo-meta-tag\" \/>\n\t<meta property=\"og:image:type\" content=\"image\/jpeg\" class=\"yoast-seo-meta-tag\" \/>\n<meta name=\"author\" content=\"dorogimedence.hu\" class=\"yoast-seo-meta-tag\" \/>\n<meta name=\"twitter:card\" content=\"summary_large_image\" class=\"yoast-seo-meta-tag\" \/>\n<meta name=\"twitter:label1\" content=\"Szerz\u0151:\" class=\"yoast-seo-meta-tag\" \/>\n\t<meta name=\"twitter:data1\" content=\"dorogimedence.hu\" class=\"yoast-seo-meta-tag\" \/>\n\t<meta name=\"twitter:label2\" content=\"Becs\u00fclt olvas\u00e1si id\u0151\" class=\"yoast-seo-meta-tag\" \/>\n\t<meta name=\"twitter:data2\" content=\"1 perc\" class=\"yoast-seo-meta-tag\" \/>\n<script type=\"application\/ld+json\" class=\"yoast-schema-graph\">{\"@context\":\"https:\\\/\\\/schema.org\",\"@graph\":[{\"@type\":\"Article\",\"@id\":\"https:\\\/\\\/dorogimedence.hu\\\/index.php\\\/2019\\\/09\\\/27\\\/20-30-perces-kesesekre-kell-szamitani-az-esztergomi-vasutvonalon\\\/#article\",\"isPartOf\":{\"@id\":\"https:\\\/\\\/dorogimedence.hu\\\/index.php\\\/2019\\\/09\\\/27\\\/20-30-perces-kesesekre-kell-szamitani-az-esztergomi-vasutvonalon\\\/\"},\"author\":{\"name\":\"dorogimedence.hu\",\"@id\":\"https:\\\/\\\/dorogimedence.hu\\\/#\\\/schema\\\/person\\\/ce6091eeb7e95ecdc87890d6aa8e0fd4\"},\"headline\":\"20-30 perces k\u00e9s\u00e9sekre kell sz\u00e1m\u00edtani az esztergomi vas\u00fatvonalon\",\"datePublished\":\"2019-09-27T06:06:18+00:00\",\"mainEntityOfPage\":{\"@id\":\"https:\\\/\\\/dorogimedence.hu\\\/index.php\\\/2019\\\/09\\\/27\\\/20-30-perces-kesesekre-kell-szamitani-az-esztergomi-vasutvonalon\\\/\"},\"wordCount\":148,\"publisher\":{\"@id\":\"https:\\\/\\\/dorogimedence.hu\\\/#organization\"},\"image\":{\"@id\":\"https:\\\/\\\/dorogimedence.hu\\\/index.php\\\/2019\\\/09\\\/27\\\/20-30-perces-kesesekre-kell-szamitani-az-esztergomi-vasutvonalon\\\/#primaryimage\"},\"thumbnailUrl\":\"https:\\\/\\\/dorogimedence.hu\\\/wp-content\\\/uploads\\\/2017\\\/11\\\/flirt-01.jpg\",\"keywords\":[\"esztergom\",\"m\u00e1v\",\"vas\u00fat\",\"vas\u00fatvonal\",\"vonat\"],\"articleSection\":[\"H\u00edrek\"],\"inLanguage\":\"hu\"},{\"@type\":\"WebPage\",\"@id\":\"https:\\\/\\\/dorogimedence.hu\\\/index.php\\\/2019\\\/09\\\/27\\\/20-30-perces-kesesekre-kell-szamitani-az-esztergomi-vasutvonalon\\\/\",\"url\":\"https:\\\/\\\/dorogimedence.hu\\\/index.php\\\/2019\\\/09\\\/27\\\/20-30-perces-kesesekre-kell-szamitani-az-esztergomi-vasutvonalon\\\/\",\"name\":\"20-30 perces k\u00e9s\u00e9sekre kell sz\u00e1m\u00edtani az esztergomi vas\u00fatvonalon\",\"isPartOf\":{\"@id\":\"https:\\\/\\\/dorogimedence.hu\\\/#website\"},\"primaryImageOfPage\":{\"@id\":\"https:\\\/\\\/dorogimedence.hu\\\/index.php\\\/2019\\\/09\\\/27\\\/20-30-perces-kesesekre-kell-szamitani-az-esztergomi-vasutvonalon\\\/#primaryimage\"},\"image\":{\"@id\":\"https:\\\/\\\/dorogimedence.hu\\\/index.php\\\/2019\\\/09\\\/27\\\/20-30-perces-kesesekre-kell-szamitani-az-esztergomi-vasutvonalon\\\/#primaryimage\"},\"thumbnailUrl\":\"https:\\\/\\\/dorogimedence.hu\\\/wp-content\\\/uploads\\\/2017\\\/11\\\/flirt-01.jpg\",\"datePublished\":\"2019-09-27T06:06:18+00:00\",\"breadcrumb\":{\"@id\":\"https:\\\/\\\/dorogimedence.hu\\\/index.php\\\/2019\\\/09\\\/27\\\/20-30-perces-kesesekre-kell-szamitani-az-esztergomi-vasutvonalon\\\/#breadcrumb\"},\"inLanguage\":\"hu\",\"potentialAction\":[{\"@type\":\"ReadAction\",\"target\":[\"https:\\\/\\\/dorogimedence.hu\\\/index.php\\\/2019\\\/09\\\/27\\\/20-30-perces-kesesekre-kell-szamitani-az-esztergomi-vasutvonalon\\\/\"]}]},{\"@type\":\"ImageObject\",\"inLanguage\":\"hu\",\"@id\":\"https:\\\/\\\/dorogimedence.hu\\\/index.php\\\/2019\\\/09\\\/27\\\/20-30-perces-kesesekre-kell-szamitani-az-esztergomi-vasutvonalon\\\/#primaryimage\",\"url\":\"https:\\\/\\\/dorogimedence.hu\\\/wp-content\\\/uploads\\\/2017\\\/11\\\/flirt-01.jpg\",\"contentUrl\":\"https:\\\/\\\/dorogimedence.hu\\\/wp-content\\\/uploads\\\/2017\\\/11\\\/flirt-01.jpg\",\"width\":670,\"height\":365},{\"@type\":\"BreadcrumbList\",\"@id\":\"https:\\\/\\\/dorogimedence.hu\\\/index.php\\\/2019\\\/09\\\/27\\\/20-30-perces-kesesekre-kell-szamitani-az-esztergomi-vasutvonalon\\\/#breadcrumb\",\"itemListElement\":[{\"@type\":\"ListItem\",\"position\":1,\"name\":\"Kezd\u0151lap\",\"item\":\"https:\\\/\\\/dorogimedence.hu\\\/\"},{\"@type\":\"ListItem\",\"position\":2,\"name\":\"20-30 perces k\u00e9s\u00e9sekre kell sz\u00e1m\u00edtani az esztergomi vas\u00fatvonalon\"}]},{\"@type\":\"WebSite\",\"@id\":\"https:\\\/\\\/dorogimedence.hu\\\/#website\",\"url\":\"https:\\\/\\\/dorogimedence.hu\\\/\",\"name\":\"Dorogi-medence Region\u00e1lis H\u00edrport\u00e1l\",\"description\":\"Dorog, Keszt\u00f6lc, Le\u00e1nyv\u00e1r, Piliscs\u00e9v, Tokod, Tokodalt\u00e1r\u00f3, Csolnok, Esztergom-kertv\u00e1ros: h\u00edrek, programok\",\"publisher\":{\"@id\":\"https:\\\/\\\/dorogimedence.hu\\\/#organization\"},\"potentialAction\":[{\"@type\":\"SearchAction\",\"target\":{\"@type\":\"EntryPoint\",\"urlTemplate\":\"https:\\\/\\\/dorogimedence.hu\\\/?s={search_term_string}\"},\"query-input\":{\"@type\":\"PropertyValueSpecification\",\"valueRequired\":true,\"valueName\":\"search_term_string\"}}],\"inLanguage\":\"hu\"},{\"@type\":\"Organization\",\"@id\":\"https:\\\/\\\/dorogimedence.hu\\\/#organization\",\"name\":\"Dorogi-medence Region\u00e1lis H\u00edrport\u00e1l\",\"url\":\"https:\\\/\\\/dorogimedence.hu\\\/\",\"logo\":{\"@type\":\"ImageObject\",\"inLanguage\":\"hu\",\"@id\":\"https:\\\/\\\/dorogimedence.hu\\\/#\\\/schema\\\/logo\\\/image\\\/\",\"url\":\"https:\\\/\\\/dorogimedence.hu\\\/wp-content\\\/uploads\\\/2021\\\/04\\\/logo-feher-600.png\",\"contentUrl\":\"https:\\\/\\\/dorogimedence.hu\\\/wp-content\\\/uploads\\\/2021\\\/04\\\/logo-feher-600.png\",\"width\":600,\"height\":100,\"caption\":\"Dorogi-medence Region\u00e1lis H\u00edrport\u00e1l\"},\"image\":{\"@id\":\"https:\\\/\\\/dorogimedence.hu\\\/#\\\/schema\\\/logo\\\/image\\\/\"},\"sameAs\":[\"https:\\\/\\\/www.facebook.com\\\/dorogimedence\\\/\"]},{\"@type\":\"Person\",\"@id\":\"https:\\\/\\\/dorogimedence.hu\\\/#\\\/schema\\\/person\\\/ce6091eeb7e95ecdc87890d6aa8e0fd4\",\"name\":\"dorogimedence.hu\",\"image\":{\"@type\":\"ImageObject\",\"inLanguage\":\"hu\",\"@id\":\"\\\/\\\/www.gravatar.com\\\/avatar\\\/d8d45f8901aadff40a4af72c0b826f1d?s=96&#038;r=g&#038;d=mm\",\"url\":\"\\\/\\\/www.gravatar.com\\\/avatar\\\/d8d45f8901aadff40a4af72c0b826f1d?s=96&#038;r=g&#038;d=mm\",\"contentUrl\":\"\\\/\\\/www.gravatar.com\\\/avatar\\\/d8d45f8901aadff40a4af72c0b826f1d?s=96&#038;r=g&#038;d=mm\",\"caption\":\"dorogimedence.hu\"}}]}<\/script>\n<!-- \/ Yoast SEO plugin. -->","yoast_head_json":{"title":"20-30 perces k\u00e9s\u00e9sekre kell sz\u00e1m\u00edtani az esztergomi vas\u00fatvonalon","robots":{"index":"index","follow":"follow","max-snippet":"max-snippet:-1","max-image-preview":"max-image-preview:large","max-video-preview":"max-video-preview:-1"},"canonical":"https:\/\/dorogimedence.hu\/index.php\/2019\/09\/27\/20-30-perces-kesesekre-kell-szamitani-az-esztergomi-vasutvonalon\/","og_locale":"hu_HU","og_type":"article","og_title":"20-30 perces k\u00e9s\u00e9sekre kell sz\u00e1m\u00edtani az esztergomi vas\u00fatvonalon","og_description":"Az esztergomi vonal \u00d3buda-Solym\u00e1r k\u00f6z\u00f6tti&nbsp;szakasz\u00e1n meghib\u00e1sodtak a soromp\u00f3 berendez\u00e9sek. Emiatt 20-30 perccel megn\u0151 a menetid\u0151, mert a biztons\u00e1g \u00e9rdek\u00e9ben a vas\u00fati \u00e1tj\u00e1r\u00f3k el\u0151tt lass\u00edtaniuk kell a vonatoknak. A Nyugati p\u00e1lyaudvarr\u00f3l 5:09-kor elindult 2040-es sz\u00e1m\u00fa vonat Dorogig k\u00f6zlekedik, onnan indul vissza Budapestre, 2027-es sz\u00e1m\u00fa vonatk\u00e9nt &#8211; \u00edrja a M\u00c1VINFORM. A Vonatinf\u00f3 t\u00e9rk\u00e9pe szerint a ny\u00edlt p\u00e1ly\u00e1n","og_url":"https:\/\/dorogimedence.hu\/index.php\/2019\/09\/27\/20-30-perces-kesesekre-kell-szamitani-az-esztergomi-vasutvonalon\/","og_site_name":"Dorogi-medence Region\u00e1lis H\u00edrport\u00e1l","article_publisher":"https:\/\/www.facebook.com\/dorogimedence\/","article_published_time":"2019-09-27T06:06:18+00:00","og_image":[{"width":670,"height":365,"url":"https:\/\/i0.wp.com\/dorogimedence.hu\/wp-content\/uploads\/2017\/11\/flirt-01.jpg?fit=670%2C365&ssl=1","type":"image\/jpeg"}],"author":"dorogimedence.hu","twitter_card":"summary_large_image","twitter_misc":{"Szerz\u0151:":"dorogimedence.hu","Becs\u00fclt olvas\u00e1si id\u0151":"1 perc"},"schema":{"@context":"https:\/\/schema.org","@graph":[{"@type":"Article","@id":"https:\/\/dorogimedence.hu\/index.php\/2019\/09\/27\/20-30-perces-kesesekre-kell-szamitani-az-esztergomi-vasutvonalon\/#article","isPartOf":{"@id":"https:\/\/dorogimedence.hu\/index.php\/2019\/09\/27\/20-30-perces-kesesekre-kell-szamitani-az-esztergomi-vasutvonalon\/"},"author":{"name":"dorogimedence.hu","@id":"https:\/\/dorogimedence.hu\/#\/schema\/person\/ce6091eeb7e95ecdc87890d6aa8e0fd4"},"headline":"20-30 perces k\u00e9s\u00e9sekre kell sz\u00e1m\u00edtani az esztergomi vas\u00fatvonalon","datePublished":"2019-09-27T06:06:18+00:00","mainEntityOfPage":{"@id":"https:\/\/dorogimedence.hu\/index.php\/2019\/09\/27\/20-30-perces-kesesekre-kell-szamitani-az-esztergomi-vasutvonalon\/"},"wordCount":148,"publisher":{"@id":"https:\/\/dorogimedence.hu\/#organization"},"image":{"@id":"https:\/\/dorogimedence.hu\/index.php\/2019\/09\/27\/20-30-perces-kesesekre-kell-szamitani-az-esztergomi-vasutvonalon\/#primaryimage"},"thumbnailUrl":"https:\/\/dorogimedence.hu\/wp-content\/uploads\/2017\/11\/flirt-01.jpg","keywords":["esztergom","m\u00e1v","vas\u00fat","vas\u00fatvonal","vonat"],"articleSection":["H\u00edrek"],"inLanguage":"hu"},{"@type":"WebPage","@id":"https:\/\/dorogimedence.hu\/index.php\/2019\/09\/27\/20-30-perces-kesesekre-kell-szamitani-az-esztergomi-vasutvonalon\/","url":"https:\/\/dorogimedence.hu\/index.php\/2019\/09\/27\/20-30-perces-kesesekre-kell-szamitani-az-esztergomi-vasutvonalon\/","name":"20-30 perces k\u00e9s\u00e9sekre kell sz\u00e1m\u00edtani az esztergomi vas\u00fatvonalon","isPartOf":{"@id":"https:\/\/dorogimedence.hu\/#website"},"primaryImageOfPage":{"@id":"https:\/\/dorogimedence.hu\/index.php\/2019\/09\/27\/20-30-perces-kesesekre-kell-szamitani-az-esztergomi-vasutvonalon\/#primaryimage"},"image":{"@id":"https:\/\/dorogimedence.hu\/index.php\/2019\/09\/27\/20-30-perces-kesesekre-kell-szamitani-az-esztergomi-vasutvonalon\/#primaryimage"},"thumbnailUrl":"https:\/\/dorogimedence.hu\/wp-content\/uploads\/2017\/11\/flirt-01.jpg","datePublished":"2019-09-27T06:06:18+00:00","breadcrumb":{"@id":"https:\/\/dorogimedence.hu\/index.php\/2019\/09\/27\/20-30-perces-kesesekre-kell-szamitani-az-esztergomi-vasutvonalon\/#breadcrumb"},"inLanguage":"hu","potentialAction":[{"@type":"ReadAction","target":["https:\/\/dorogimedence.hu\/index.php\/2019\/09\/27\/20-30-perces-kesesekre-kell-szamitani-az-esztergomi-vasutvonalon\/"]}]},{"@type":"ImageObject","inLanguage":"hu","@id":"https:\/\/dorogimedence.hu\/index.php\/2019\/09\/27\/20-30-perces-kesesekre-kell-szamitani-az-esztergomi-vasutvonalon\/#primaryimage","url":"https:\/\/dorogimedence.hu\/wp-content\/uploads\/2017\/11\/flirt-01.jpg","contentUrl":"https:\/\/dorogimedence.hu\/wp-content\/uploads\/2017\/11\/flirt-01.jpg","width":670,"height":365},{"@type":"BreadcrumbList","@id":"https:\/\/dorogimedence.hu\/index.php\/2019\/09\/27\/20-30-perces-kesesekre-kell-szamitani-az-esztergomi-vasutvonalon\/#breadcrumb","itemListElement":[{"@type":"ListItem","position":1,"name":"Kezd\u0151lap","item":"https:\/\/dorogimedence.hu\/"},{"@type":"ListItem","position":2,"name":"20-30 perces k\u00e9s\u00e9sekre kell sz\u00e1m\u00edtani az esztergomi vas\u00fatvonalon"}]},{"@type":"WebSite","@id":"https:\/\/dorogimedence.hu\/#website","url":"https:\/\/dorogimedence.hu\/","name":"Dorogi-medence Region\u00e1lis H\u00edrport\u00e1l","description":"Dorog, Keszt\u00f6lc, Le\u00e1nyv\u00e1r, Piliscs\u00e9v, Tokod, Tokodalt\u00e1r\u00f3, Csolnok, Esztergom-kertv\u00e1ros: h\u00edrek, programok","publisher":{"@id":"https:\/\/dorogimedence.hu\/#organization"},"potentialAction":[{"@type":"SearchAction","target":{"@type":"EntryPoint","urlTemplate":"https:\/\/dorogimedence.hu\/?s={search_term_string}"},"query-input":{"@type":"PropertyValueSpecification","valueRequired":true,"valueName":"search_term_string"}}],"inLanguage":"hu"},{"@type":"Organization","@id":"https:\/\/dorogimedence.hu\/#organization","name":"Dorogi-medence Region\u00e1lis H\u00edrport\u00e1l","url":"https:\/\/dorogimedence.hu\/","logo":{"@type":"ImageObject","inLanguage":"hu","@id":"https:\/\/dorogimedence.hu\/#\/schema\/logo\/image\/","url":"https:\/\/dorogimedence.hu\/wp-content\/uploads\/2021\/04\/logo-feher-600.png","contentUrl":"https:\/\/dorogimedence.hu\/wp-content\/uploads\/2021\/04\/logo-feher-600.png","width":600,"height":100,"caption":"Dorogi-medence Region\u00e1lis H\u00edrport\u00e1l"},"image":{"@id":"https:\/\/dorogimedence.hu\/#\/schema\/logo\/image\/"},"sameAs":["https:\/\/www.facebook.com\/dorogimedence\/"]},{"@type":"Person","@id":"https:\/\/dorogimedence.hu\/#\/schema\/person\/ce6091eeb7e95ecdc87890d6aa8e0fd4","name":"dorogimedence.hu","image":{"@type":"ImageObject","inLanguage":"hu","@id":"\/\/www.gravatar.com\/avatar\/d8d45f8901aadff40a4af72c0b826f1d?s=96&#038;r=g&#038;d=mm","url":"\/\/www.gravatar.com\/avatar\/d8d45f8901aadff40a4af72c0b826f1d?s=96&#038;r=g&#038;d=mm","contentUrl":"\/\/www.gravatar.com\/avatar\/d8d45f8901aadff40a4af72c0b826f1d?s=96&#038;r=g&#038;d=mm","caption":"dorogimedence.hu"}}]}},"_links":{"self":[{"href":"https:\/\/dorogimedence.hu\/index.php\/wp-json\/wp\/v2\/posts\/19804","targetHints":{"allow":["GET"]}}],"collection":[{"href":"https:\/\/dorogimedence.hu\/index.php\/wp-json\/wp\/v2\/posts"}],"about":[{"href":"https:\/\/dorogimedence.hu\/index.php\/wp-json\/wp\/v2\/types\/post"}],"author":[{"embeddable":true,"href":"https:\/\/dorogimedence.hu\/index.php\/wp-json\/wp\/v2\/users\/1"}],"replies":[{"embeddable":true,"href":"https:\/\/dorogimedence.hu\/index.php\/wp-json\/wp\/v2\/comments?post=19804"}],"version-history":[{"count":0,"href":"https:\/\/dorogimedence.hu\/index.php\/wp-json\/wp\/v2\/posts\/19804\/revisions"}],"wp:featuredmedia":[{"embeddable":true,"href":"https:\/\/dorogimedence.hu\/index.php\/wp-json\/wp\/v2\/media\/6727"}],"wp:attachment":[{"href":"https:\/\/dorogimedence.hu\/index.php\/wp-json\/wp\/v2\/media?parent=19804"}],"wp:term":[{"taxonomy":"category","embeddable":true,"href":"https:\/\/dorogimedence.hu\/index.php\/wp-json\/wp\/v2\/categories?post=19804"},{"taxonomy":"post_tag","embeddable":true,"href":"https:\/\/dorogimedence.hu\/index.php\/wp-json\/wp\/v2\/tags?post=19804"}],"curies":[{"name":"wp","href":"https:\/\/api.w.org\/{rel}","templated":true}]}}