{"id":19724,"date":"2019-09-24T16:10:25","date_gmt":"2019-09-24T14:10:25","guid":{"rendered":"http:\/\/dorogimedence.hu\/?p=19724"},"modified":"2019-09-24T16:37:43","modified_gmt":"2019-09-24T14:37:43","slug":"7-buktato-gyerekagy-es-gyerekbutor-vasarlasnal-kerulje-el-ezeket","status":"publish","type":"post","link":"https:\/\/dorogimedence.hu\/index.php\/2019\/09\/24\/7-buktato-gyerekagy-es-gyerekbutor-vasarlasnal-kerulje-el-ezeket\/","title":{"rendered":"7 buktat\u00f3 gyerek\u00e1gy \u00e9s gyerekb\u00fator v\u00e1s\u00e1rl\u00e1sn\u00e1l! &#8211; Ker\u00fclje el ezeket!"},"content":{"rendered":"<div class=\"articleBody 7-buktato-gyerekagy-vasarlasnal-kerulje-el-ezeket- idxImgContainer\">\n<p><strong>Mire kell figyelni webes <a href=\"https:\/\/alomszuszek.hu\/gyerekagyak\" target=\"_blank\" rel=\"noopener noreferrer\"><span style=\"text-decoration: underline; color: #0000ff;\">gyerek\u00e1gy<\/span><\/a> vagy <span style=\"text-decoration: underline; color: #0000ff;\"><a style=\"color: #0000ff; text-decoration: underline;\" href=\"https:\/\/alomszuszek.hu\/butor\" target=\"_blank\" rel=\"noopener noreferrer\">gyerekb\u00fator<\/a><\/span> v\u00e1s\u00e1rl\u00e1sn\u00e1l?<\/strong><\/p>\n<p>Akinek van gyermeke, annak el\u0151bb-ut\u00f3bb gyerek\u00e1gyat, gyerekb\u00fatort is kell v\u00e1s\u00e1rolnia. Az \u00f3ri\u00e1si v\u00e1laszt\u00e9k \u00e9s a l\u00e1tsz\u00f3lag hasonl\u00f3 aj\u00e1nlatok k\u00f6z\u00f6tt &#8222;\u00e1tlag&#8221; szeml\u00e9l\u0151k\u00e9nt nem k\u00f6nny\u0171 k\u00fcl\u00f6nbs\u00e9get tenni,&nbsp;hiszen fontos, hogy a gyerek\u00e1gy els\u0151sorban biztons\u00e1gos, ezen k\u00edv\u00fcl&nbsp;tart\u00f3s legyen, a gyermek\u00fcnk k\u00e9nyelmesen tudjon pihenni benne,&nbsp;lehet\u0151s\u00e9g szerint j\u00f3l n\u00e9zzen ki, illetve&nbsp;m\u00e9g kedvez\u0151 \u00e1ron tudjuk is megv\u00e1s\u00e1rolni. Egy rossz d\u00f6nt\u00e9ssel nemcsak nem megfelel\u0151 gyerek\u00e1gyat rendelhet\u00fcnk, hanem ak\u00e1r az olcs\u00f3bbnak hitt gyerek\u00e1gy sokkal dr\u00e1g\u00e1bb lesz mire a gyerekszob\u00e1ba ker\u00fcl.<\/p>\n<p>R\u00f3bert az \u00c1lomszuszek.hu <span style=\"text-decoration: underline; color: #0000ff;\"><a style=\"color: #0000ff; text-decoration: underline;\" href=\"https:\/\/alomszuszek.hu\/gyerekagyak\" target=\"_blank\" rel=\"noopener noreferrer\">gyerek\u00e1gy<\/a><\/span> szak\u00e9rt\u0151je m\u00e1r t\u00f6bb mint 10.000 gyerek\u00e1gyat \u00e9rt\u00e9kes\u00edtett a magyar piacon, \u00edgy \u00f3ri\u00e1si tapasztalata a term\u00e9kekkel \u00e9s a v\u00e1s\u00e1rl\u00e1si szok\u00e1sokkal kapcsolatban. A v\u00e1s\u00e1rl\u00f3i visszajelz\u00e9sek alapj\u00e1n \u00f6ssze\u00e1ll\u00edtott&nbsp;egy 7 pontos list\u00e1t, melyet felt\u00e9tlen ellen\u0151rizzen \u00e9s olvasson miel\u0151tt gyerek\u00e1gyat, emeletes \u00e1gyat, <a href=\"https:\/\/alomszuszek.hu\/butor\" target=\"_blank\" rel=\"noopener noreferrer\"><span style=\"text-decoration: underline; color: #0000ff;\">gyerekb\u00fator<\/span><\/a>t rendel a neten!<\/p>\n<p>B\u00e1r azonos term\u00e9ket tal\u00e1lhatunk t\u00f6bb web\u00e1ruh\u00e1zban is, \u00e9rdemes alaposan \u00e1ttanulm\u00e1nyozni, hogy milyen felt\u00e9telekkel \u00e9rt\u00e9kes\u00edtik ugyanazt a term\u00e9ket az egyes keresked\u0151k. <strong>V\u00e1s\u00e1rl\u00f3k\u00e9nt fontos, hogy ne t\u00e9vesszen meg minket egy alacsonyabb \u00e1r, mert a t\u00f6bb esetben az lehet ak\u00e1r a legdr\u00e1g\u00e1bb is!&nbsp;<\/strong><\/p>\n<p><img fetchpriority=\"high\" decoding=\"async\" class=\"alignnone size-full wp-image-19725\" src=\"https:\/\/dorogimedence.hu\/wp-content\/uploads\/2019\/09\/alomszusek-02.jpg\" alt=\"\" width=\"670\" height=\"365\" srcset=\"https:\/\/dorogimedence.hu\/wp-content\/uploads\/2019\/09\/alomszusek-02.jpg 670w, https:\/\/dorogimedence.hu\/wp-content\/uploads\/2019\/09\/alomszusek-02-300x163.jpg 300w\" sizes=\"(max-width: 670px) 100vw, 670px\" \/><\/p>\n<p><u><strong>Az al\u00e1bbi szempontok figyelembe v\u00e9tele mindenk\u00e9pp aj\u00e1nlott:<\/strong><\/u><\/p>\n<p><strong>1. Mit tartalmaz az \u00e1r?&nbsp;<\/strong><\/p>\n<p>Sok esetben b\u00e1r a mintak\u00e9pen l\u00e1that\u00f3, hogy mindennel el van l\u00e1tva a term\u00e9k, azonban az \u00e1gy felt\u00fcntetett \u00e1ra nem tartalmaz p\u00e9ld\u00e1ul matracot, \u00e1gyr\u00e1csot, \u00e1gynem\u0171tart\u00f3t, lees\u00e9sg\u00e1tl\u00f3t, esetleg a b\u00fator bizonyos kieg\u00e9sz\u00edt\u0151ket, mint polcok, akaszt\u00f3k. Ezeket a dolgokat esetleg fel\u00e1r ellen\u00e9ben lehet megrendelni, ami m\u00e1ris az olcs\u00f3bb\u00f3l dr\u00e1g\u00e1bbat eredm\u00e9nyez.<\/p>\n<p><strong>2. Mennyi a sz\u00e1ll\u00edt\u00e1si k\u00f6lts\u00e9g?<\/strong><\/p>\n<p>El\u0151fordul, hogy b\u00e1r egy term\u00e9k olcs\u00f3bb egy adott web\u00e1ruh\u00e1zban, azonban sz\u00e1ll\u00edt\u00e1si d\u00edjat sz\u00e1molnak fel, ami m\u00e1ris oly m\u00e9rt\u00e9kben megn\u00f6veli az \u00e1r\u00e1t, hogy az ingyenes sz\u00e1ll\u00edt\u00e1ssal hirdetett dr\u00e1g\u00e1bb term\u00e9kn\u00e9l is magasabb fizetend\u0151 v\u00e9g\u00f6sszeget eredm\u00e9nyez. A sz\u00e1ll\u00edt\u00e1sn\u00e1l tov\u00e1bbi szempont lehet a lakhely is, mivel egyes web\u00e1ruh\u00e1zak a kisz\u00e1ll\u00edt\u00e1sn\u00e1l az emeletre t\u00f6rt\u00e9n\u0151 felvitel\u00e9rt tov\u00e1bbi fel\u00e1rakat is alkalmaznak (jellemz\u0151en 1.000,- Ft\/emelet vagy egyszeri 4.500,- Ft) \u00fajabb terheket r\u00f3va a V\u00e1s\u00e1rl\u00f3ra. \u00c1ltal\u00e1ban a gyerekb\u00fatorokat az anyuka v\u00e1rja otthon, \u00edgy mindenk\u00e9ppen \u00e9rdemes tiszt\u00e1zni, hogy a h\u00e1zhoz sz\u00e1ll\u00edt\u00e1s tartalmazza-e a lak\u00e1sba t\u00f6rt\u00e9n\u0151 bevitelt vagy csak a h\u00e1zig viszik a sz\u00e1ll\u00edt\u00f3k.<\/p>\n<p><strong>3. Mennyi a fizet\u00e9si m\u00f3dozat fel\u00e1ra?<\/strong><\/p>\n<p>Ahol nem ingyenes az ut\u00e1nv\u00e9t d\u00edja, ami egy\u00e9bk\u00e9nt a legelterjedtebb \u00e9s a V\u00e1s\u00e1rl\u00f3k sz\u00e1m\u00e1ra legbiztons\u00e1gosabb m\u00f3dja a fizet\u00e9snek, ugyan nem nagym\u00e9rt\u00e9k\u0171, de tov\u00e1bbi k\u00f6lts\u00e9gn\u00f6veked\u00e9st eredm\u00e9nyez.<\/p>\n<p>Mivel haz\u00e1nkban t\u00f6bb k\u00fclf\u00f6ldi c\u00e9g is \u00e9rt\u00e9kes\u00edt gyerek- \u00e9s egy\u00e9b b\u00fatorokat, az el\u0151re utal\u00e1sos fizet\u00e9si m\u00f3dnak a kock\u00e1zatain t\u00fal a k\u00f6lts\u00e9ge is j\u00f3val magasabb, mivel egy k\u00fclf\u00f6ldi banksz\u00e1ml\u00e1ra t\u00f6rt\u00e9n\u0151 \u00e1tutal\u00e1s jelent\u0151sen dr\u00e1g\u00e1bb, mint egy belf\u00f6ldi tranzakci\u00f3 \u00e9s ez ugyancsak t\u00f6bb ezer forintos \u00e1rn\u00f6veked\u00e9st eredm\u00e9nyez.<\/p>\n<p><img decoding=\"async\" class=\"alignnone size-full wp-image-19727\" src=\"https:\/\/dorogimedence.hu\/wp-content\/uploads\/2019\/09\/alomszuszek-03.jpg\" alt=\"\" width=\"670\" height=\"365\" srcset=\"https:\/\/dorogimedence.hu\/wp-content\/uploads\/2019\/09\/alomszuszek-03.jpg 670w, https:\/\/dorogimedence.hu\/wp-content\/uploads\/2019\/09\/alomszuszek-03-300x163.jpg 300w\" sizes=\"(max-width: 670px) 100vw, 670px\" \/><\/p>\n<p><strong>4. Milyen k\u00f6lts\u00e9ge van a V\u00e1s\u00e1rl\u00f3ra n\u00e9zve egy esetleges el\u00e1ll\u00e1si jog gyakorl\u00e1snak?<\/strong><\/p>\n<p>A V\u00e1s\u00e1rl\u00f3knak jogszab\u00e1lyban biztos\u00edtott joga,&nbsp;hogy amennyiben sz\u00e1mukra nem megfelel\u0151 a v\u00e1s\u00e1rolt term\u00e9k, \u00fagy az \u00e1tv\u00e9telt\u0151l sz\u00e1m\u00edtott 14 napon bel\u00fcl el\u00e1lljanak a v\u00e1s\u00e1rl\u00e1st\u00f3l. Ebben az esetben a keresked\u0151 k\u00f6teles visszat\u00e9r\u00edteni a v\u00e9tel\u00e1rat, azonban egyes keresked\u0151kn\u00e9l a visszasz\u00e1ll\u00edt\u00e1s k\u00f6lts\u00e9ge a V\u00e1s\u00e1rl\u00f3t terheli. A csomagk\u00fcld\u0151 szolg\u00e1latok a nagym\u00e9ret\u0171 csomagokn\u00e1l jelent\u0151s fel\u00e1rakkal sz\u00e1molnak, \u00edgy egy emeletes \u00e1gy csomagk\u00f6lts\u00e9ge ak\u00e1r 50.000,- Ft is lehet belf\u00f6ld\u00f6n!!! Vannak keresked\u0151k, akik hazai telephellyel nem rendelkeznek, \u00edgy a visszasz\u00e1ll\u00edt\u00e1st Szlov\u00e1ki\u00e1ba vagy Csehorsz\u00e1gba kell teljes\u00edteni, ennek k\u00f6lts\u00e9gei pedig ak\u00e1r a term\u00e9k \u00e1r\u00e1t meg is haladhatj\u00e1k!<\/p>\n<p>\u00c9rdemes teh\u00e1t olyan helyen v\u00e1s\u00e1rolni, hol a keresked\u0151 oldja meg a visszasz\u00e1ll\u00edt\u00e1st \u00e9s lehet\u0151leg ennek k\u00f6lts\u00e9geit is mag\u00e1ra v\u00e1llalja, mert \u00edgy nem \u00e9r semmilyen vesztes\u00e9g egy esetleges el\u00e1ll\u00e1sn\u00e1l.<\/p>\n<p><strong>5. Mely esetekben \u00e9lhet el\u00e1ll\u00e1si jog\u00e1val?<\/strong><\/p>\n<p>Vannak keresked\u0151k, ahol kik\u00f6t\u00e9s, hogy el\u00e1ll\u00e1si jog gyakorl\u00e1sa csak bontatlan csomagol\u00e1s\u00fa term\u00e9k eset\u00e9n lehets\u00e9ges. Ez a kik\u00f6t\u00e9s egy\u00e9bk\u00e9nt a fogyaszt\u00f3v\u00e9delem&nbsp;\u00e1ll\u00e1spontja szerint jogellenes, mivel \u00e9ppen az volt a jogalkot\u00f3 c\u00e9lja, hogy ellen\u0151rz\u00e9st, haszn\u00e1latot k\u00f6vet\u0151en is vissza tudjuk k\u00fcldeni a sz\u00e1munkra nem megfelel\u0151 term\u00e9ket. <a href=\"https:\/\/alomszuszek.hu\/butor\" target=\"_blank\" rel=\"noopener noreferrer\"><span style=\"text-decoration: underline; color: #0000ff;\">Gyerekb\u00fator<\/span><\/a>, <span style=\"text-decoration: underline;\"><a href=\"https:\/\/alomszuszek.hu\/gyerekagyak\" target=\"_blank\" rel=\"noopener noreferrer\"><span style=\"color: #0000ff; text-decoration: underline;\">gyerek\u00e1gy<\/span><\/a><\/span> \u00e9s emeletes \u00e1gy v\u00e1s\u00e1rl\u00e1s\u00e1n\u00e1l az eszt\u00e9tikum csak m\u00e1sodlagos szempont, az els\u0151dleges a biztons\u00e1g, a gyermek\u00fcnk v\u00e9delme. Ezt csak \u00fagy lehet ellen\u0151rizni, ha a term\u00e9ket \u00f6sszeszerelik \u00e9s megkezdik a haszn\u00e1lat\u00e1t. Egy \u00e1ltalunk nem biztons\u00e1gosnak, massz\u00edvnak tartott term\u00e9ket bizony\u00e1ra nem szeretn\u00e9nk megtartani, mivel ezeket hossz\u00fa \u00e9vekre v\u00e1s\u00e1roljuk, nem p\u00e1r h\u00f3napra.<\/p>\n<p>Ennek k\u00f6zvetlen\u00fcl nincs hat\u00e1sa a fizetend\u0151 v\u00e9g\u00f6sszegre, azonban, ha a keresked\u0151 nem veszi vissza a rossz min\u0151s\u00e9g\u0171 term\u00e9ket \u00e9s k\u00e9nytelenek vagyunk \u00faj term\u00e9ket v\u00e1s\u00e1rolni helyette, \u00fagy a kor\u00e1bbi v\u00e1s\u00e1rl\u00e1s \u00e1r\u00e1t ak\u00e1r kis is dobhattuk volna az ablakon. Mindenk\u00e9ppen jobb ezt a vesz\u00e9lyt m\u00e1r el\u0151re elker\u00fclni, \u00edgy fontos, hogy csak olyan helyr\u0151l v\u00e1s\u00e1roljunk, ahol a kibont\u00e1son t\u00fal a term\u00e9k \u00f6sszeszerel\u00e9se is megengedett az el\u00e1ll\u00e1si jog kik\u00f6t\u00e9s\u00e9n\u00e9l, mert az el\u00e1ll\u00e1s eset\u00e9n csak vita v\u00e1r r\u00e1nk a keresked\u0151vel.<\/p>\n<p><img decoding=\"async\" class=\"alignnone size-full wp-image-19728\" src=\"https:\/\/dorogimedence.hu\/wp-content\/uploads\/2019\/09\/alomszuszek-04.jpg\" alt=\"\" width=\"670\" height=\"365\" srcset=\"https:\/\/dorogimedence.hu\/wp-content\/uploads\/2019\/09\/alomszuszek-04.jpg 670w, https:\/\/dorogimedence.hu\/wp-content\/uploads\/2019\/09\/alomszuszek-04-300x163.jpg 300w\" sizes=\"(max-width: 670px) 100vw, 670px\" \/><\/p>\n<p><strong>6. Hov\u00e1 fordulhatunk panasz eset\u00e9n?<\/strong><\/p>\n<p>Ennek a k\u00e9rd\u00e9snek sincsen k\u00f6zvetlen hat\u00e1sa egy adott term\u00e9k\u00e9rt kifizetett \u00f6sszegre, azonban szinte ugyanaz a helyzet, mint az el\u0151z\u0151 k\u00e9rd\u00e9sn\u00e9l. Magyar keresked\u0151n\u00e9l nincs gond, mert fogyaszt\u00f3v\u00e9delmi panaszunkat m\u00e1r szinte b\u00e1rmelyik korm\u00e1nyablakn\u00e1l, okm\u00e1nyirod\u00e1n el tudjuk int\u00e9zni. Ha egy k\u00fclf\u00f6ldi keresked\u0151t\u0151l v\u00e1s\u00e1rolunk \u00e9s &#8222;neadjisten&#8221; nem siker\u00fcl vele rendezni a panaszunkat, csak az Eur\u00f3pai Fogyaszt\u00f3i K\u00f6zponthoz fordulhatunk, ami m\u00e1r-m\u00e1r annyi id\u0151t vesz ig\u00e9nybe, hogy szinte nem is \u00e9rdemes vele foglalkozni. Hasonl\u00f3an teh\u00e1t a m\u00e1r az el\u0151z\u0151ekben le\u00edrtakhoz, van egy rossz, ak\u00e1r haszn\u00e1lhatatlan kifizetett term\u00e9k\u00fcnk \u00e9s vehet\u00fcnk helyette egy m\u00e1sikat.&nbsp;<\/p>\n<p><strong>7. Sz\u00e1ml\u00e1t kapunk-e a v\u00e1s\u00e1rl\u00e1sr\u00f3l?<\/strong><\/p>\n<p>Az esetleges probl\u00e9m\u00e1k el\u0151fordul\u00e1skor el\u0151felt\u00e9tel a jog\u00e9rv\u00e9nyes\u00edt\u00e9sn\u00e9l, hogy sz\u00e1ml\u00e1val igazoljuk a v\u00e1s\u00e1rl\u00e1st. A magyar keresked\u0151 k\u00f6teles sz\u00e1ml\u00e1t adni, de ha k\u00fclf\u00f6ldr\u0151l v\u00e1s\u00e1rolunk egy\u00e1ltal\u00e1n nem biztos, hogy magyar nyelv\u0171 sz\u00e1ml\u00e1t kapunk, hanem egy idegen nyelv\u0171, j\u00f3 esetben val\u00f3ban sz\u00e1mviteli bizonylatot. Az is el\u0151fordul, hogy olyan iratot mell\u00e9kelnek, ami alapj\u00e1n kiz\u00e1rt a jogaink \u00e9rv\u00e9nyes\u00edt\u00e9se, \u00edgy ugyanoda jutottunk ism\u00e9t, mint a fentiekben m\u00e1r le\u00edrtuk.<\/p>\n<p>A fentiekben le\u00edrt tan\u00e1csokat egy\u00e9bk\u00e9nt \u00e9rdemes nemcsak gyerekb\u00fator v\u00e1s\u00e1rl\u00e1s\u00e1n\u00e1l, de szinte minden egy\u00e9b term\u00e9k internetes megrendel\u00e9s\u00e9n\u00e9l megfogadni.<\/p>\n<p><span style=\"text-decoration: underline; color: #0000ff;\"><a style=\"color: #0000ff;\" href=\"https:\/\/alomszuszek.hu\/kapcsolat.html\" target=\"_blank\" rel=\"noopener noreferrer\"><strong>Ha tov\u00e1bbi k\u00e9rd\u00e9se mer\u00fclt fel b\u00e1tran tegye fel az \u00c1lomszusz\u00e9k szak\u00e9rt\u0151inek az el\u00e9rhet\u0151s\u00e9geik egyik\u00e9n!<\/strong><\/a><\/span><\/p>\n<\/div>\n","protected":false},"excerpt":{"rendered":"<p>Mire kell figyelni webes gyerek\u00e1gy vagy gyerekb\u00fator v\u00e1s\u00e1rl\u00e1sn\u00e1l? Akinek van gyermeke, annak el\u0151bb-ut\u00f3bb gyerek\u00e1gyat, gyerekb\u00fatort is kell v\u00e1s\u00e1rolnia. Az \u00f3ri\u00e1si v\u00e1laszt\u00e9k \u00e9s a l\u00e1tsz\u00f3lag hasonl\u00f3 aj\u00e1nlatok k\u00f6z\u00f6tt &#8222;\u00e1tlag&#8221; szeml\u00e9l\u0151k\u00e9nt nem k\u00f6nny\u0171 k\u00fcl\u00f6nbs\u00e9get tenni,&nbsp;hiszen fontos, hogy a gyerek\u00e1gy els\u0151sorban biztons\u00e1gos, ezen k\u00edv\u00fcl&nbsp;tart\u00f3s legyen, a gyermek\u00fcnk k\u00e9nyelmesen tudjon pihenni benne,&nbsp;lehet\u0151s\u00e9g szerint j\u00f3l n\u00e9zzen ki, illetve&nbsp;m\u00e9g kedvez\u0151 \u00e1ron<\/p>\n","protected":false},"author":1,"featured_media":19726,"comment_status":"closed","ping_status":"closed","sticky":false,"template":"","format":"standard","meta":{"ngg_post_thumbnail":0,"footnotes":""},"categories":[38,7,3],"tags":[4300,4301,42,4299,4298,4302],"class_list":{"0":"post-19724","1":"post","2":"type-post","3":"status-publish","4":"format-standard","5":"has-post-thumbnail","7":"category-esztergom","8":"category-esztergom_kertvaros","9":"category-hirek","10":"tag-alomszuszek","11":"tag-butor","12":"tag-esztergom","13":"tag-gyerekagy","14":"tag-gyerekbutor","15":"tag-lakberendezes"},"yoast_head":"<!-- This site is optimized with the Yoast SEO plugin v27.4 - https:\/\/yoast.com\/product\/yoast-seo-wordpress\/ -->\n<title>7 buktat\u00f3 gyerek\u00e1gy \u00e9s gyerekb\u00fator v\u00e1s\u00e1rl\u00e1sn\u00e1l! - Ker\u00fclje el ezeket!<\/title>\n<meta name=\"robots\" content=\"index, follow, max-snippet:-1, max-image-preview:large, max-video-preview:-1\" \/>\n<link rel=\"canonical\" href=\"https:\/\/dorogimedence.hu\/index.php\/2019\/09\/24\/7-buktato-gyerekagy-es-gyerekbutor-vasarlasnal-kerulje-el-ezeket\/\" class=\"yoast-seo-meta-tag\" \/>\n<meta property=\"og:locale\" content=\"hu_HU\" class=\"yoast-seo-meta-tag\" \/>\n<meta property=\"og:type\" content=\"article\" class=\"yoast-seo-meta-tag\" \/>\n<meta property=\"og:title\" content=\"7 buktat\u00f3 gyerek\u00e1gy \u00e9s gyerekb\u00fator v\u00e1s\u00e1rl\u00e1sn\u00e1l! - Ker\u00fclje el ezeket!\" class=\"yoast-seo-meta-tag\" \/>\n<meta property=\"og:description\" content=\"Mire kell figyelni webes gyerek\u00e1gy vagy gyerekb\u00fator v\u00e1s\u00e1rl\u00e1sn\u00e1l? Akinek van gyermeke, annak el\u0151bb-ut\u00f3bb gyerek\u00e1gyat, gyerekb\u00fatort is kell v\u00e1s\u00e1rolnia. Az \u00f3ri\u00e1si v\u00e1laszt\u00e9k \u00e9s a l\u00e1tsz\u00f3lag hasonl\u00f3 aj\u00e1nlatok k\u00f6z\u00f6tt &#8222;\u00e1tlag&#8221; szeml\u00e9l\u0151k\u00e9nt nem k\u00f6nny\u0171 k\u00fcl\u00f6nbs\u00e9get tenni,&nbsp;hiszen fontos, hogy a gyerek\u00e1gy els\u0151sorban biztons\u00e1gos, ezen k\u00edv\u00fcl&nbsp;tart\u00f3s legyen, a gyermek\u00fcnk k\u00e9nyelmesen tudjon pihenni benne,&nbsp;lehet\u0151s\u00e9g szerint j\u00f3l n\u00e9zzen ki, illetve&nbsp;m\u00e9g kedvez\u0151 \u00e1ron\" class=\"yoast-seo-meta-tag\" \/>\n<meta property=\"og:url\" content=\"https:\/\/dorogimedence.hu\/index.php\/2019\/09\/24\/7-buktato-gyerekagy-es-gyerekbutor-vasarlasnal-kerulje-el-ezeket\/\" class=\"yoast-seo-meta-tag\" \/>\n<meta property=\"og:site_name\" content=\"Dorogi-medence Region\u00e1lis H\u00edrport\u00e1l\" class=\"yoast-seo-meta-tag\" \/>\n<meta property=\"article:publisher\" content=\"https:\/\/www.facebook.com\/dorogimedence\/\" class=\"yoast-seo-meta-tag\" \/>\n<meta property=\"article:published_time\" content=\"2019-09-24T14:10:25+00:00\" class=\"yoast-seo-meta-tag\" \/>\n<meta property=\"article:modified_time\" content=\"2019-09-24T14:37:43+00:00\" class=\"yoast-seo-meta-tag\" \/>\n<meta property=\"og:image\" content=\"https:\/\/i0.wp.com\/dorogimedence.hu\/wp-content\/uploads\/2019\/09\/alomszuszek-01.jpg?fit=670%2C365&ssl=1\" class=\"yoast-seo-meta-tag\" \/>\n\t<meta property=\"og:image:width\" content=\"670\" class=\"yoast-seo-meta-tag\" \/>\n\t<meta property=\"og:image:height\" content=\"365\" class=\"yoast-seo-meta-tag\" \/>\n\t<meta property=\"og:image:type\" content=\"image\/jpeg\" class=\"yoast-seo-meta-tag\" \/>\n<meta name=\"author\" content=\"dorogimedence.hu\" class=\"yoast-seo-meta-tag\" \/>\n<meta name=\"twitter:card\" content=\"summary_large_image\" class=\"yoast-seo-meta-tag\" \/>\n<meta name=\"twitter:label1\" content=\"Szerz\u0151:\" class=\"yoast-seo-meta-tag\" \/>\n\t<meta name=\"twitter:data1\" content=\"dorogimedence.hu\" class=\"yoast-seo-meta-tag\" \/>\n\t<meta name=\"twitter:label2\" content=\"Becs\u00fclt olvas\u00e1si id\u0151\" class=\"yoast-seo-meta-tag\" \/>\n\t<meta name=\"twitter:data2\" content=\"7 perc\" class=\"yoast-seo-meta-tag\" \/>\n<script type=\"application\/ld+json\" class=\"yoast-schema-graph\">{\"@context\":\"https:\\\/\\\/schema.org\",\"@graph\":[{\"@type\":\"Article\",\"@id\":\"https:\\\/\\\/dorogimedence.hu\\\/index.php\\\/2019\\\/09\\\/24\\\/7-buktato-gyerekagy-es-gyerekbutor-vasarlasnal-kerulje-el-ezeket\\\/#article\",\"isPartOf\":{\"@id\":\"https:\\\/\\\/dorogimedence.hu\\\/index.php\\\/2019\\\/09\\\/24\\\/7-buktato-gyerekagy-es-gyerekbutor-vasarlasnal-kerulje-el-ezeket\\\/\"},\"author\":{\"name\":\"dorogimedence.hu\",\"@id\":\"https:\\\/\\\/dorogimedence.hu\\\/#\\\/schema\\\/person\\\/ce6091eeb7e95ecdc87890d6aa8e0fd4\"},\"headline\":\"7 buktat\u00f3 gyerek\u00e1gy \u00e9s gyerekb\u00fator v\u00e1s\u00e1rl\u00e1sn\u00e1l! &#8211; Ker\u00fclje el ezeket!\",\"datePublished\":\"2019-09-24T14:10:25+00:00\",\"dateModified\":\"2019-09-24T14:37:43+00:00\",\"mainEntityOfPage\":{\"@id\":\"https:\\\/\\\/dorogimedence.hu\\\/index.php\\\/2019\\\/09\\\/24\\\/7-buktato-gyerekagy-es-gyerekbutor-vasarlasnal-kerulje-el-ezeket\\\/\"},\"wordCount\":1468,\"publisher\":{\"@id\":\"https:\\\/\\\/dorogimedence.hu\\\/#organization\"},\"image\":{\"@id\":\"https:\\\/\\\/dorogimedence.hu\\\/index.php\\\/2019\\\/09\\\/24\\\/7-buktato-gyerekagy-es-gyerekbutor-vasarlasnal-kerulje-el-ezeket\\\/#primaryimage\"},\"thumbnailUrl\":\"https:\\\/\\\/dorogimedence.hu\\\/wp-content\\\/uploads\\\/2019\\\/09\\\/alomszuszek-01.jpg\",\"keywords\":[\"\u00c1lomszusz\u00e9k\",\"b\u00fator\",\"esztergom\",\"gyerek\u00e1gy\",\"gyerekb\u00fator\",\"lakberendez\u00e9s\"],\"articleSection\":[\"Esztergom\",\"Esztergom-kertv\u00e1ros\",\"H\u00edrek\"],\"inLanguage\":\"hu\"},{\"@type\":\"WebPage\",\"@id\":\"https:\\\/\\\/dorogimedence.hu\\\/index.php\\\/2019\\\/09\\\/24\\\/7-buktato-gyerekagy-es-gyerekbutor-vasarlasnal-kerulje-el-ezeket\\\/\",\"url\":\"https:\\\/\\\/dorogimedence.hu\\\/index.php\\\/2019\\\/09\\\/24\\\/7-buktato-gyerekagy-es-gyerekbutor-vasarlasnal-kerulje-el-ezeket\\\/\",\"name\":\"7 buktat\u00f3 gyerek\u00e1gy \u00e9s gyerekb\u00fator v\u00e1s\u00e1rl\u00e1sn\u00e1l! - Ker\u00fclje el ezeket!\",\"isPartOf\":{\"@id\":\"https:\\\/\\\/dorogimedence.hu\\\/#website\"},\"primaryImageOfPage\":{\"@id\":\"https:\\\/\\\/dorogimedence.hu\\\/index.php\\\/2019\\\/09\\\/24\\\/7-buktato-gyerekagy-es-gyerekbutor-vasarlasnal-kerulje-el-ezeket\\\/#primaryimage\"},\"image\":{\"@id\":\"https:\\\/\\\/dorogimedence.hu\\\/index.php\\\/2019\\\/09\\\/24\\\/7-buktato-gyerekagy-es-gyerekbutor-vasarlasnal-kerulje-el-ezeket\\\/#primaryimage\"},\"thumbnailUrl\":\"https:\\\/\\\/dorogimedence.hu\\\/wp-content\\\/uploads\\\/2019\\\/09\\\/alomszuszek-01.jpg\",\"datePublished\":\"2019-09-24T14:10:25+00:00\",\"dateModified\":\"2019-09-24T14:37:43+00:00\",\"breadcrumb\":{\"@id\":\"https:\\\/\\\/dorogimedence.hu\\\/index.php\\\/2019\\\/09\\\/24\\\/7-buktato-gyerekagy-es-gyerekbutor-vasarlasnal-kerulje-el-ezeket\\\/#breadcrumb\"},\"inLanguage\":\"hu\",\"potentialAction\":[{\"@type\":\"ReadAction\",\"target\":[\"https:\\\/\\\/dorogimedence.hu\\\/index.php\\\/2019\\\/09\\\/24\\\/7-buktato-gyerekagy-es-gyerekbutor-vasarlasnal-kerulje-el-ezeket\\\/\"]}]},{\"@type\":\"ImageObject\",\"inLanguage\":\"hu\",\"@id\":\"https:\\\/\\\/dorogimedence.hu\\\/index.php\\\/2019\\\/09\\\/24\\\/7-buktato-gyerekagy-es-gyerekbutor-vasarlasnal-kerulje-el-ezeket\\\/#primaryimage\",\"url\":\"https:\\\/\\\/dorogimedence.hu\\\/wp-content\\\/uploads\\\/2019\\\/09\\\/alomszuszek-01.jpg\",\"contentUrl\":\"https:\\\/\\\/dorogimedence.hu\\\/wp-content\\\/uploads\\\/2019\\\/09\\\/alomszuszek-01.jpg\",\"width\":670,\"height\":365},{\"@type\":\"BreadcrumbList\",\"@id\":\"https:\\\/\\\/dorogimedence.hu\\\/index.php\\\/2019\\\/09\\\/24\\\/7-buktato-gyerekagy-es-gyerekbutor-vasarlasnal-kerulje-el-ezeket\\\/#breadcrumb\",\"itemListElement\":[{\"@type\":\"ListItem\",\"position\":1,\"name\":\"Kezd\u0151lap\",\"item\":\"https:\\\/\\\/dorogimedence.hu\\\/\"},{\"@type\":\"ListItem\",\"position\":2,\"name\":\"7 buktat\u00f3 gyerek\u00e1gy \u00e9s gyerekb\u00fator v\u00e1s\u00e1rl\u00e1sn\u00e1l! &#8211; Ker\u00fclje el ezeket!\"}]},{\"@type\":\"WebSite\",\"@id\":\"https:\\\/\\\/dorogimedence.hu\\\/#website\",\"url\":\"https:\\\/\\\/dorogimedence.hu\\\/\",\"name\":\"Dorogi-medence Region\u00e1lis H\u00edrport\u00e1l\",\"description\":\"Dorog, Keszt\u00f6lc, Le\u00e1nyv\u00e1r, Piliscs\u00e9v, Tokod, Tokodalt\u00e1r\u00f3, Csolnok, Esztergom-kertv\u00e1ros: h\u00edrek, programok\",\"publisher\":{\"@id\":\"https:\\\/\\\/dorogimedence.hu\\\/#organization\"},\"potentialAction\":[{\"@type\":\"SearchAction\",\"target\":{\"@type\":\"EntryPoint\",\"urlTemplate\":\"https:\\\/\\\/dorogimedence.hu\\\/?s={search_term_string}\"},\"query-input\":{\"@type\":\"PropertyValueSpecification\",\"valueRequired\":true,\"valueName\":\"search_term_string\"}}],\"inLanguage\":\"hu\"},{\"@type\":\"Organization\",\"@id\":\"https:\\\/\\\/dorogimedence.hu\\\/#organization\",\"name\":\"Dorogi-medence Region\u00e1lis H\u00edrport\u00e1l\",\"url\":\"https:\\\/\\\/dorogimedence.hu\\\/\",\"logo\":{\"@type\":\"ImageObject\",\"inLanguage\":\"hu\",\"@id\":\"https:\\\/\\\/dorogimedence.hu\\\/#\\\/schema\\\/logo\\\/image\\\/\",\"url\":\"https:\\\/\\\/dorogimedence.hu\\\/wp-content\\\/uploads\\\/2021\\\/04\\\/logo-feher-600.png\",\"contentUrl\":\"https:\\\/\\\/dorogimedence.hu\\\/wp-content\\\/uploads\\\/2021\\\/04\\\/logo-feher-600.png\",\"width\":600,\"height\":100,\"caption\":\"Dorogi-medence Region\u00e1lis H\u00edrport\u00e1l\"},\"image\":{\"@id\":\"https:\\\/\\\/dorogimedence.hu\\\/#\\\/schema\\\/logo\\\/image\\\/\"},\"sameAs\":[\"https:\\\/\\\/www.facebook.com\\\/dorogimedence\\\/\"]},{\"@type\":\"Person\",\"@id\":\"https:\\\/\\\/dorogimedence.hu\\\/#\\\/schema\\\/person\\\/ce6091eeb7e95ecdc87890d6aa8e0fd4\",\"name\":\"dorogimedence.hu\",\"image\":{\"@type\":\"ImageObject\",\"inLanguage\":\"hu\",\"@id\":\"\\\/\\\/www.gravatar.com\\\/avatar\\\/d8d45f8901aadff40a4af72c0b826f1d?s=96&#038;r=g&#038;d=mm\",\"url\":\"\\\/\\\/www.gravatar.com\\\/avatar\\\/d8d45f8901aadff40a4af72c0b826f1d?s=96&#038;r=g&#038;d=mm\",\"contentUrl\":\"\\\/\\\/www.gravatar.com\\\/avatar\\\/d8d45f8901aadff40a4af72c0b826f1d?s=96&#038;r=g&#038;d=mm\",\"caption\":\"dorogimedence.hu\"}}]}<\/script>\n<!-- \/ Yoast SEO plugin. -->","yoast_head_json":{"title":"7 buktat\u00f3 gyerek\u00e1gy \u00e9s gyerekb\u00fator v\u00e1s\u00e1rl\u00e1sn\u00e1l! - Ker\u00fclje el ezeket!","robots":{"index":"index","follow":"follow","max-snippet":"max-snippet:-1","max-image-preview":"max-image-preview:large","max-video-preview":"max-video-preview:-1"},"canonical":"https:\/\/dorogimedence.hu\/index.php\/2019\/09\/24\/7-buktato-gyerekagy-es-gyerekbutor-vasarlasnal-kerulje-el-ezeket\/","og_locale":"hu_HU","og_type":"article","og_title":"7 buktat\u00f3 gyerek\u00e1gy \u00e9s gyerekb\u00fator v\u00e1s\u00e1rl\u00e1sn\u00e1l! - Ker\u00fclje el ezeket!","og_description":"Mire kell figyelni webes gyerek\u00e1gy vagy gyerekb\u00fator v\u00e1s\u00e1rl\u00e1sn\u00e1l? Akinek van gyermeke, annak el\u0151bb-ut\u00f3bb gyerek\u00e1gyat, gyerekb\u00fatort is kell v\u00e1s\u00e1rolnia. Az \u00f3ri\u00e1si v\u00e1laszt\u00e9k \u00e9s a l\u00e1tsz\u00f3lag hasonl\u00f3 aj\u00e1nlatok k\u00f6z\u00f6tt &#8222;\u00e1tlag&#8221; szeml\u00e9l\u0151k\u00e9nt nem k\u00f6nny\u0171 k\u00fcl\u00f6nbs\u00e9get tenni,&nbsp;hiszen fontos, hogy a gyerek\u00e1gy els\u0151sorban biztons\u00e1gos, ezen k\u00edv\u00fcl&nbsp;tart\u00f3s legyen, a gyermek\u00fcnk k\u00e9nyelmesen tudjon pihenni benne,&nbsp;lehet\u0151s\u00e9g szerint j\u00f3l n\u00e9zzen ki, illetve&nbsp;m\u00e9g kedvez\u0151 \u00e1ron","og_url":"https:\/\/dorogimedence.hu\/index.php\/2019\/09\/24\/7-buktato-gyerekagy-es-gyerekbutor-vasarlasnal-kerulje-el-ezeket\/","og_site_name":"Dorogi-medence Region\u00e1lis H\u00edrport\u00e1l","article_publisher":"https:\/\/www.facebook.com\/dorogimedence\/","article_published_time":"2019-09-24T14:10:25+00:00","article_modified_time":"2019-09-24T14:37:43+00:00","og_image":[{"width":670,"height":365,"url":"https:\/\/i0.wp.com\/dorogimedence.hu\/wp-content\/uploads\/2019\/09\/alomszuszek-01.jpg?fit=670%2C365&ssl=1","type":"image\/jpeg"}],"author":"dorogimedence.hu","twitter_card":"summary_large_image","twitter_misc":{"Szerz\u0151:":"dorogimedence.hu","Becs\u00fclt olvas\u00e1si id\u0151":"7 perc"},"schema":{"@context":"https:\/\/schema.org","@graph":[{"@type":"Article","@id":"https:\/\/dorogimedence.hu\/index.php\/2019\/09\/24\/7-buktato-gyerekagy-es-gyerekbutor-vasarlasnal-kerulje-el-ezeket\/#article","isPartOf":{"@id":"https:\/\/dorogimedence.hu\/index.php\/2019\/09\/24\/7-buktato-gyerekagy-es-gyerekbutor-vasarlasnal-kerulje-el-ezeket\/"},"author":{"name":"dorogimedence.hu","@id":"https:\/\/dorogimedence.hu\/#\/schema\/person\/ce6091eeb7e95ecdc87890d6aa8e0fd4"},"headline":"7 buktat\u00f3 gyerek\u00e1gy \u00e9s gyerekb\u00fator v\u00e1s\u00e1rl\u00e1sn\u00e1l! &#8211; Ker\u00fclje el ezeket!","datePublished":"2019-09-24T14:10:25+00:00","dateModified":"2019-09-24T14:37:43+00:00","mainEntityOfPage":{"@id":"https:\/\/dorogimedence.hu\/index.php\/2019\/09\/24\/7-buktato-gyerekagy-es-gyerekbutor-vasarlasnal-kerulje-el-ezeket\/"},"wordCount":1468,"publisher":{"@id":"https:\/\/dorogimedence.hu\/#organization"},"image":{"@id":"https:\/\/dorogimedence.hu\/index.php\/2019\/09\/24\/7-buktato-gyerekagy-es-gyerekbutor-vasarlasnal-kerulje-el-ezeket\/#primaryimage"},"thumbnailUrl":"https:\/\/dorogimedence.hu\/wp-content\/uploads\/2019\/09\/alomszuszek-01.jpg","keywords":["\u00c1lomszusz\u00e9k","b\u00fator","esztergom","gyerek\u00e1gy","gyerekb\u00fator","lakberendez\u00e9s"],"articleSection":["Esztergom","Esztergom-kertv\u00e1ros","H\u00edrek"],"inLanguage":"hu"},{"@type":"WebPage","@id":"https:\/\/dorogimedence.hu\/index.php\/2019\/09\/24\/7-buktato-gyerekagy-es-gyerekbutor-vasarlasnal-kerulje-el-ezeket\/","url":"https:\/\/dorogimedence.hu\/index.php\/2019\/09\/24\/7-buktato-gyerekagy-es-gyerekbutor-vasarlasnal-kerulje-el-ezeket\/","name":"7 buktat\u00f3 gyerek\u00e1gy \u00e9s gyerekb\u00fator v\u00e1s\u00e1rl\u00e1sn\u00e1l! - Ker\u00fclje el ezeket!","isPartOf":{"@id":"https:\/\/dorogimedence.hu\/#website"},"primaryImageOfPage":{"@id":"https:\/\/dorogimedence.hu\/index.php\/2019\/09\/24\/7-buktato-gyerekagy-es-gyerekbutor-vasarlasnal-kerulje-el-ezeket\/#primaryimage"},"image":{"@id":"https:\/\/dorogimedence.hu\/index.php\/2019\/09\/24\/7-buktato-gyerekagy-es-gyerekbutor-vasarlasnal-kerulje-el-ezeket\/#primaryimage"},"thumbnailUrl":"https:\/\/dorogimedence.hu\/wp-content\/uploads\/2019\/09\/alomszuszek-01.jpg","datePublished":"2019-09-24T14:10:25+00:00","dateModified":"2019-09-24T14:37:43+00:00","breadcrumb":{"@id":"https:\/\/dorogimedence.hu\/index.php\/2019\/09\/24\/7-buktato-gyerekagy-es-gyerekbutor-vasarlasnal-kerulje-el-ezeket\/#breadcrumb"},"inLanguage":"hu","potentialAction":[{"@type":"ReadAction","target":["https:\/\/dorogimedence.hu\/index.php\/2019\/09\/24\/7-buktato-gyerekagy-es-gyerekbutor-vasarlasnal-kerulje-el-ezeket\/"]}]},{"@type":"ImageObject","inLanguage":"hu","@id":"https:\/\/dorogimedence.hu\/index.php\/2019\/09\/24\/7-buktato-gyerekagy-es-gyerekbutor-vasarlasnal-kerulje-el-ezeket\/#primaryimage","url":"https:\/\/dorogimedence.hu\/wp-content\/uploads\/2019\/09\/alomszuszek-01.jpg","contentUrl":"https:\/\/dorogimedence.hu\/wp-content\/uploads\/2019\/09\/alomszuszek-01.jpg","width":670,"height":365},{"@type":"BreadcrumbList","@id":"https:\/\/dorogimedence.hu\/index.php\/2019\/09\/24\/7-buktato-gyerekagy-es-gyerekbutor-vasarlasnal-kerulje-el-ezeket\/#breadcrumb","itemListElement":[{"@type":"ListItem","position":1,"name":"Kezd\u0151lap","item":"https:\/\/dorogimedence.hu\/"},{"@type":"ListItem","position":2,"name":"7 buktat\u00f3 gyerek\u00e1gy \u00e9s gyerekb\u00fator v\u00e1s\u00e1rl\u00e1sn\u00e1l! &#8211; Ker\u00fclje el ezeket!"}]},{"@type":"WebSite","@id":"https:\/\/dorogimedence.hu\/#website","url":"https:\/\/dorogimedence.hu\/","name":"Dorogi-medence Region\u00e1lis H\u00edrport\u00e1l","description":"Dorog, Keszt\u00f6lc, Le\u00e1nyv\u00e1r, Piliscs\u00e9v, Tokod, Tokodalt\u00e1r\u00f3, Csolnok, Esztergom-kertv\u00e1ros: h\u00edrek, programok","publisher":{"@id":"https:\/\/dorogimedence.hu\/#organization"},"potentialAction":[{"@type":"SearchAction","target":{"@type":"EntryPoint","urlTemplate":"https:\/\/dorogimedence.hu\/?s={search_term_string}"},"query-input":{"@type":"PropertyValueSpecification","valueRequired":true,"valueName":"search_term_string"}}],"inLanguage":"hu"},{"@type":"Organization","@id":"https:\/\/dorogimedence.hu\/#organization","name":"Dorogi-medence Region\u00e1lis H\u00edrport\u00e1l","url":"https:\/\/dorogimedence.hu\/","logo":{"@type":"ImageObject","inLanguage":"hu","@id":"https:\/\/dorogimedence.hu\/#\/schema\/logo\/image\/","url":"https:\/\/dorogimedence.hu\/wp-content\/uploads\/2021\/04\/logo-feher-600.png","contentUrl":"https:\/\/dorogimedence.hu\/wp-content\/uploads\/2021\/04\/logo-feher-600.png","width":600,"height":100,"caption":"Dorogi-medence Region\u00e1lis H\u00edrport\u00e1l"},"image":{"@id":"https:\/\/dorogimedence.hu\/#\/schema\/logo\/image\/"},"sameAs":["https:\/\/www.facebook.com\/dorogimedence\/"]},{"@type":"Person","@id":"https:\/\/dorogimedence.hu\/#\/schema\/person\/ce6091eeb7e95ecdc87890d6aa8e0fd4","name":"dorogimedence.hu","image":{"@type":"ImageObject","inLanguage":"hu","@id":"\/\/www.gravatar.com\/avatar\/d8d45f8901aadff40a4af72c0b826f1d?s=96&#038;r=g&#038;d=mm","url":"\/\/www.gravatar.com\/avatar\/d8d45f8901aadff40a4af72c0b826f1d?s=96&#038;r=g&#038;d=mm","contentUrl":"\/\/www.gravatar.com\/avatar\/d8d45f8901aadff40a4af72c0b826f1d?s=96&#038;r=g&#038;d=mm","caption":"dorogimedence.hu"}}]}},"_links":{"self":[{"href":"https:\/\/dorogimedence.hu\/index.php\/wp-json\/wp\/v2\/posts\/19724","targetHints":{"allow":["GET"]}}],"collection":[{"href":"https:\/\/dorogimedence.hu\/index.php\/wp-json\/wp\/v2\/posts"}],"about":[{"href":"https:\/\/dorogimedence.hu\/index.php\/wp-json\/wp\/v2\/types\/post"}],"author":[{"embeddable":true,"href":"https:\/\/dorogimedence.hu\/index.php\/wp-json\/wp\/v2\/users\/1"}],"replies":[{"embeddable":true,"href":"https:\/\/dorogimedence.hu\/index.php\/wp-json\/wp\/v2\/comments?post=19724"}],"version-history":[{"count":0,"href":"https:\/\/dorogimedence.hu\/index.php\/wp-json\/wp\/v2\/posts\/19724\/revisions"}],"wp:featuredmedia":[{"embeddable":true,"href":"https:\/\/dorogimedence.hu\/index.php\/wp-json\/wp\/v2\/media\/19726"}],"wp:attachment":[{"href":"https:\/\/dorogimedence.hu\/index.php\/wp-json\/wp\/v2\/media?parent=19724"}],"wp:term":[{"taxonomy":"category","embeddable":true,"href":"https:\/\/dorogimedence.hu\/index.php\/wp-json\/wp\/v2\/categories?post=19724"},{"taxonomy":"post_tag","embeddable":true,"href":"https:\/\/dorogimedence.hu\/index.php\/wp-json\/wp\/v2\/tags?post=19724"}],"curies":[{"name":"wp","href":"https:\/\/api.w.org\/{rel}","templated":true}]}}