{"id":19667,"date":"2019-09-22T16:21:47","date_gmt":"2019-09-22T14:21:47","guid":{"rendered":"http:\/\/dorogimedence.hu\/?p=19667"},"modified":"2019-09-23T14:50:18","modified_gmt":"2019-09-23T12:50:18","slug":"kulturalis-szeanszot-tartottak-a-dorogi-sorkertben","status":"publish","type":"post","link":"https:\/\/dorogimedence.hu\/index.php\/2019\/09\/22\/kulturalis-szeanszot-tartottak-a-dorogi-sorkertben\/","title":{"rendered":"Kultur\u00e1lis sze\u00e1nszot tartottak a dorogi s\u00f6rkertben"},"content":{"rendered":"<p><strong>Szeptember 21-\u00e9n, szombaton az Eur\u00f3pai Kult\u00fara Napja alkalm\u00e1b\u00f3l kultur\u00e1lis fesztiv\u00e1lra v\u00e1rt\u00e1k a dorogiakat az \u00fajra\u00e9lesztett m\u0171vel\u0151d\u00e9si h\u00e1z melletti s\u00f6rkertben.<\/strong><\/p>\n<p>A K\u00f6z\u00f6sen Dorog\u00e9rt Egyes\u00fclet (K\u00f6z\u00f6d) \u00e1ltal szervezett esem\u00e9nyt k\u00f6nyvbemutat\u00f3val nyitott\u00e1k meg. Cseleny\u00e1k Imre \u00e9s Dank\u00f3 J\u00f3zsef mutatta be a dorogi k\u00f6nyvt\u00e1r igazgat\u00f3ja, Szab\u00f3-Berghauer Zolt\u00e1n \u00e1ltal \u00edrt H\u00e1m K\u00e1lm\u00e1n \u00e9let\u00e9r\u0151l sz\u00f3l\u00f3, \u201eAz \u00c9jszak\u00e1ban mi hordozzuk a F\u00e9nyt\u201d c\u00edm\u0171 reg\u00e9nyt. Szab\u00f3-Berghauer Zolt\u00e1n elmondta, hogy \u0151 nem Dorogon sz\u00fcletett, de amikor ide k\u00f6lt\u00f6ztek fokozatosan elkezdte a telep\u00fcl\u00e9s m\u00faltj\u00e1t \u00e9s jelen\u00e9t megismerni. Erre pedig akkori \u00e9s mostani munkahelye, a k\u00f6nyvt\u00e1r bizonyult a legalkalmasabbnak. Kor\u00e1bbi f\u0151n\u00f6ke, Mucha Ildik\u00f3 is nagyszer\u0171 seg\u00edt\u0151-\u00fatit\u00e1rs volt \u2013 gondolatban sok helyre elkalauzolta. Amikor a helyt\u00f6rt\u00e9neti anyagok k\u00f6z\u00fcl kez\u00e9be ker\u00fclt H\u00e1m K\u00e1lm\u00e1n \u201edosszi\u00e9ja\u201d \u2013 \u00e9s kider\u00fclt, hogy Ildik\u00f3 rokona is volt \u2013, felkeltette az \u00e9rdekl\u0151d\u00e9s\u00e9t. R\u00f6gt\u00f6n azt \u00e9rezte, hogy egy vele kapcsolatos reg\u00e9ny hi\u00e1nyp\u00f3tl\u00f3 lehetne a helyt\u00f6rt\u00e9neti palett\u00e1n.<\/p>\n<p><img fetchpriority=\"high\" decoding=\"async\" class=\"alignnone size-full wp-image-19674\" src=\"https:\/\/dorogimedence.hu\/wp-content\/uploads\/2019\/09\/kozod-05.jpg\" alt=\"\" width=\"670\" height=\"447\" srcset=\"https:\/\/dorogimedence.hu\/wp-content\/uploads\/2019\/09\/kozod-05.jpg 670w, https:\/\/dorogimedence.hu\/wp-content\/uploads\/2019\/09\/kozod-05-300x200.jpg 300w, https:\/\/dorogimedence.hu\/wp-content\/uploads\/2019\/09\/kozod-05-589x392.jpg 589w, https:\/\/dorogimedence.hu\/wp-content\/uploads\/2019\/09\/kozod-05-272x182.jpg 272w\" sizes=\"(max-width: 670px) 100vw, 670px\" \/><\/p>\n<p>A k\u00f6nyvbemutat\u00f3 ut\u00e1n a K\u00f6z\u00f6d \u00e1ltal szervezett fot\u00f3p\u00e1ly\u00e1zat eredm\u00e9nyhirdet\u00e9se k\u00f6vetkezett. A p\u00e1ly\u00e1zatra dorogi vagy helyi k\u00f6t\u0151d\u00e9s\u0171 amat\u0151r \u00e9s profi fot\u00f3s\u00f3k m\u0171veit v\u00e1rt\u00e1k. A be\u00e9rkezett m\u0171veket V\u00e9gh \u00c9va, Kapa Melinda \u00e9s Kolonics P\u00e9ter fest\u0151m\u0171v\u00e9szek, m\u0171v\u00e9sztan\u00e1rok zs\u0171rizt\u00e9k. Az \u00c9let-jel kateg\u00f3ria d\u00edjnyertes alkot\u00e1sa Alm\u00e1si Edit \u201eForg\u00f3\u201d c\u00edm\u0171 m\u0171ve lett, a dorogi hangulatok kateg\u00f3ri\u00e1t pedig Sz\u00e1vai Lili \u201eRejtett jelenl\u00e9t\u201d c\u00edm\u0171 fot\u00f3mont\u00e1zsa nyerte meg. A k\u00e9t els\u0151 helyezett 50. ezer forint \u00e9rt\u00e9k\u0171 utalv\u00e1nyt vehetett \u00e1t.<\/p>\n<p><img decoding=\"async\" class=\"alignnone size-full wp-image-19670\" src=\"https:\/\/dorogimedence.hu\/wp-content\/uploads\/2019\/09\/kozod-03.jpg\" alt=\"\" width=\"670\" height=\"476\" srcset=\"https:\/\/dorogimedence.hu\/wp-content\/uploads\/2019\/09\/kozod-03.jpg 670w, https:\/\/dorogimedence.hu\/wp-content\/uploads\/2019\/09\/kozod-03-300x213.jpg 300w, https:\/\/dorogimedence.hu\/wp-content\/uploads\/2019\/09\/kozod-03-307x219.jpg 307w\" sizes=\"(max-width: 670px) 100vw, 670px\" \/><\/p>\n<p>Az eredm\u00e9nyhirdet\u00e9s ut\u00e1n a vend\u00e9gek megn\u00e9zhett\u00e9k az alkot\u00e1sokat, melyekb\u0151l r\u00f6gt\u00f6nz\u00f6tt ki\u00e1ll\u00edt\u00e1st k\u00e9sz\u00edtettek a s\u00f6rkert falain, majd Szab\u00f3-Berghauer Zolt\u00e1n k\u00f6nyvdedik\u00e1l\u00e1sa k\u00f6vetkezett, majd a m\u0171vel\u0151d\u00e9si h\u00e1z konferenciaterm\u00e9ben F\u00e1bri Zolt\u00e1n \u00c9letjel (1954) c\u00edm\u0171, H\u00e1m K\u00e1lm\u00e1nr\u00f3l k\u00e9sz\u00fclt film bemutat\u00f3j\u00e1t tekinthett\u00e9k meg az \u00e9rdekl\u0151d\u0151k. A rendezv\u00e9ny z\u00e1r\u00e1sak\u00e9nt filmsl\u00e1gereket hallgathattak a r\u00e9sztvev\u0151k, a j\u00f3 hangulatr\u00f3l a Menthol egy\u00fcttes gondoskodott.<\/p>\n<p>A K\u00f6z\u00f6sen Dorog\u00e9rt Egyes\u00fclet a F\u00d3KUSZ \u2013 Fiatalok Kultur\u00e1lis Sze\u00e1nsza (Legyen K\u00d6Z\u00d6D hozz\u00e1!) c\u00edm\u0171 program megval\u00f3s\u00edt\u00e1s\u00e1ra 3,94 milli\u00f3 forintos vissza nem t\u00e9r\u00edtend\u0151 eur\u00f3pai uni\u00f3s t\u00e1mogat\u00e1st nyert (p\u00e1ly\u00e1zat azonos\u00edt\u00f3ja: TOP-7.1.1-16-H-ESZA-2019-00270).<\/p>\n<p><img decoding=\"async\" class=\"alignnone size-full wp-image-19671\" src=\"https:\/\/dorogimedence.hu\/wp-content\/uploads\/2019\/09\/kozod-04.jpg\" alt=\"\" width=\"670\" height=\"365\" srcset=\"https:\/\/dorogimedence.hu\/wp-content\/uploads\/2019\/09\/kozod-04.jpg 670w, https:\/\/dorogimedence.hu\/wp-content\/uploads\/2019\/09\/kozod-04-300x163.jpg 300w\" sizes=\"(max-width: 670px) 100vw, 670px\" \/><\/p>\n<p><strong><em>H\u00e1m K\u00e1lm\u00e1n:<\/em><\/strong><em> 1923. szeptember 17-\u00e9n sz\u00fcletett Dorogon, b\u00e1nyament\u0151k\u00e9nt \u00e9s v\u00e1j\u00e1rk\u00e9nt dolgozott a dorogi b\u00e1nyav\u00e1llalat szolg\u00e1lat\u00e1ban. 1952-ben, a borsodi Szukh\u00e1ll\u00f3n t\u00f6rt\u00e9nt a magyar b\u00e1ny\u00e1szat egyik legs\u00falyosabb balesete: v\u00edzbet\u00f6r\u00e9s miatt t\u00f6bben a f\u00f6ld alatt rekedtek. A helysz\u00ednre Dorogr\u00f3l \u00e9s Tatab\u00e1ny\u00e1r\u00f3l is \u00e9rkeztek b\u00e1nyament\u0151k. H\u00e1m K\u00e1lm\u00e1n a ment\u00e9si munk\u00e1latok k\u00f6zben lelte hal\u00e1l\u00e1t, akit k\u00e9s\u0151bb Dorogon temettek el. Dorogon lak\u00f3telepet is elneveztek r\u00f3la.<\/em> <em>1951-ben, majd 1953-ban posztumusz \u201eA Munka \u00c9rdemrend\u201d arany fokozat\u00e1ban r\u00e9szesz\u00fclt.<\/em><\/p>\n","protected":false},"excerpt":{"rendered":"<p>Szeptember 21-\u00e9n, szombaton az Eur\u00f3pai Kult\u00fara Napja alkalm\u00e1b\u00f3l kultur\u00e1lis fesztiv\u00e1lra v\u00e1rt\u00e1k a dorogiakat az \u00fajra\u00e9lesztett m\u0171vel\u0151d\u00e9si h\u00e1z melletti s\u00f6rkertben. A K\u00f6z\u00f6sen Dorog\u00e9rt Egyes\u00fclet (K\u00f6z\u00f6d) \u00e1ltal szervezett esem\u00e9nyt k\u00f6nyvbemutat\u00f3val nyitott\u00e1k meg. Cseleny\u00e1k Imre \u00e9s Dank\u00f3 J\u00f3zsef mutatta be a dorogi k\u00f6nyvt\u00e1r igazgat\u00f3ja, Szab\u00f3-Berghauer Zolt\u00e1n \u00e1ltal \u00edrt H\u00e1m K\u00e1lm\u00e1n \u00e9let\u00e9r\u0151l sz\u00f3l\u00f3, \u201eAz \u00c9jszak\u00e1ban mi hordozzuk a F\u00e9nyt\u201d<\/p>\n","protected":false},"author":1,"featured_media":19668,"comment_status":"closed","ping_status":"closed","sticky":false,"template":"","format":"standard","meta":{"ngg_post_thumbnail":0,"footnotes":""},"categories":[2,3],"tags":[15,4289,4288,4286,4287,388,101],"class_list":{"0":"post-19667","1":"post","2":"type-post","3":"status-publish","4":"format-standard","5":"has-post-thumbnail","7":"category-dorog","8":"category-hirek","9":"tag-dorog","10":"tag-fokusz","11":"tag-ham-kalman","12":"tag-kozod","13":"tag-kozosen-dorogert-egyesulet","14":"tag-kultura","15":"tag-program"},"yoast_head":"<!-- This site is optimized with the Yoast SEO plugin v27.5 - https:\/\/yoast.com\/product\/yoast-seo-wordpress\/ -->\n<title>Kultur\u00e1lis sze\u00e1nszot tartottak a dorogi s\u00f6rkertben<\/title>\n<meta name=\"robots\" content=\"index, follow, max-snippet:-1, max-image-preview:large, max-video-preview:-1\" \/>\n<link rel=\"canonical\" href=\"https:\/\/dorogimedence.hu\/index.php\/2019\/09\/22\/kulturalis-szeanszot-tartottak-a-dorogi-sorkertben\/\" class=\"yoast-seo-meta-tag\" \/>\n<meta property=\"og:locale\" content=\"hu_HU\" class=\"yoast-seo-meta-tag\" \/>\n<meta property=\"og:type\" content=\"article\" class=\"yoast-seo-meta-tag\" \/>\n<meta property=\"og:title\" content=\"Kultur\u00e1lis sze\u00e1nszot tartottak a dorogi s\u00f6rkertben\" class=\"yoast-seo-meta-tag\" \/>\n<meta property=\"og:description\" content=\"Szeptember 21-\u00e9n, szombaton az Eur\u00f3pai Kult\u00fara Napja alkalm\u00e1b\u00f3l kultur\u00e1lis fesztiv\u00e1lra v\u00e1rt\u00e1k a dorogiakat az \u00fajra\u00e9lesztett m\u0171vel\u0151d\u00e9si h\u00e1z melletti s\u00f6rkertben. A K\u00f6z\u00f6sen Dorog\u00e9rt Egyes\u00fclet (K\u00f6z\u00f6d) \u00e1ltal szervezett esem\u00e9nyt k\u00f6nyvbemutat\u00f3val nyitott\u00e1k meg. Cseleny\u00e1k Imre \u00e9s Dank\u00f3 J\u00f3zsef mutatta be a dorogi k\u00f6nyvt\u00e1r igazgat\u00f3ja, Szab\u00f3-Berghauer Zolt\u00e1n \u00e1ltal \u00edrt H\u00e1m K\u00e1lm\u00e1n \u00e9let\u00e9r\u0151l sz\u00f3l\u00f3, \u201eAz \u00c9jszak\u00e1ban mi hordozzuk a F\u00e9nyt\u201d\" class=\"yoast-seo-meta-tag\" \/>\n<meta property=\"og:url\" content=\"https:\/\/dorogimedence.hu\/index.php\/2019\/09\/22\/kulturalis-szeanszot-tartottak-a-dorogi-sorkertben\/\" class=\"yoast-seo-meta-tag\" \/>\n<meta property=\"og:site_name\" content=\"Dorogi-medence Region\u00e1lis H\u00edrport\u00e1l\" class=\"yoast-seo-meta-tag\" \/>\n<meta property=\"article:publisher\" content=\"https:\/\/www.facebook.com\/dorogimedence\/\" class=\"yoast-seo-meta-tag\" \/>\n<meta property=\"article:published_time\" content=\"2019-09-22T14:21:47+00:00\" class=\"yoast-seo-meta-tag\" \/>\n<meta property=\"article:modified_time\" content=\"2019-09-23T12:50:18+00:00\" class=\"yoast-seo-meta-tag\" \/>\n<meta property=\"og:image\" content=\"https:\/\/i0.wp.com\/dorogimedence.hu\/wp-content\/uploads\/2019\/09\/kozod-01.jpg?fit=670%2C365&ssl=1\" class=\"yoast-seo-meta-tag\" \/>\n\t<meta property=\"og:image:width\" content=\"670\" class=\"yoast-seo-meta-tag\" \/>\n\t<meta property=\"og:image:height\" content=\"365\" class=\"yoast-seo-meta-tag\" \/>\n\t<meta property=\"og:image:type\" content=\"image\/jpeg\" class=\"yoast-seo-meta-tag\" \/>\n<meta name=\"author\" content=\"dorogimedence.hu\" class=\"yoast-seo-meta-tag\" \/>\n<meta name=\"twitter:card\" content=\"summary_large_image\" class=\"yoast-seo-meta-tag\" \/>\n<meta name=\"twitter:label1\" content=\"Szerz\u0151:\" class=\"yoast-seo-meta-tag\" \/>\n\t<meta name=\"twitter:data1\" content=\"dorogimedence.hu\" class=\"yoast-seo-meta-tag\" \/>\n\t<meta name=\"twitter:label2\" content=\"Becs\u00fclt olvas\u00e1si id\u0151\" class=\"yoast-seo-meta-tag\" \/>\n\t<meta name=\"twitter:data2\" content=\"3 perc\" class=\"yoast-seo-meta-tag\" \/>\n<script type=\"application\/ld+json\" class=\"yoast-schema-graph\">{\"@context\":\"https:\\\/\\\/schema.org\",\"@graph\":[{\"@type\":\"Article\",\"@id\":\"https:\\\/\\\/dorogimedence.hu\\\/index.php\\\/2019\\\/09\\\/22\\\/kulturalis-szeanszot-tartottak-a-dorogi-sorkertben\\\/#article\",\"isPartOf\":{\"@id\":\"https:\\\/\\\/dorogimedence.hu\\\/index.php\\\/2019\\\/09\\\/22\\\/kulturalis-szeanszot-tartottak-a-dorogi-sorkertben\\\/\"},\"author\":{\"name\":\"dorogimedence.hu\",\"@id\":\"https:\\\/\\\/dorogimedence.hu\\\/#\\\/schema\\\/person\\\/ce6091eeb7e95ecdc87890d6aa8e0fd4\"},\"headline\":\"Kultur\u00e1lis sze\u00e1nszot tartottak a dorogi s\u00f6rkertben\",\"datePublished\":\"2019-09-22T14:21:47+00:00\",\"dateModified\":\"2019-09-23T12:50:18+00:00\",\"mainEntityOfPage\":{\"@id\":\"https:\\\/\\\/dorogimedence.hu\\\/index.php\\\/2019\\\/09\\\/22\\\/kulturalis-szeanszot-tartottak-a-dorogi-sorkertben\\\/\"},\"wordCount\":616,\"publisher\":{\"@id\":\"https:\\\/\\\/dorogimedence.hu\\\/#organization\"},\"image\":{\"@id\":\"https:\\\/\\\/dorogimedence.hu\\\/index.php\\\/2019\\\/09\\\/22\\\/kulturalis-szeanszot-tartottak-a-dorogi-sorkertben\\\/#primaryimage\"},\"thumbnailUrl\":\"https:\\\/\\\/dorogimedence.hu\\\/wp-content\\\/uploads\\\/2019\\\/09\\\/kozod-01.jpg\",\"keywords\":[\"Dorog\",\"f\u00f3kusz\",\"H\u00e1m K\u00e1lm\u00e1n\",\"K\u00f6z\u00f6d\",\"K\u00f6z\u00f6sen Dorog\u00e9rt Egyes\u00fclet\",\"kult\u00fara\",\"program\"],\"articleSection\":[\"Dorog\",\"H\u00edrek\"],\"inLanguage\":\"hu\"},{\"@type\":\"WebPage\",\"@id\":\"https:\\\/\\\/dorogimedence.hu\\\/index.php\\\/2019\\\/09\\\/22\\\/kulturalis-szeanszot-tartottak-a-dorogi-sorkertben\\\/\",\"url\":\"https:\\\/\\\/dorogimedence.hu\\\/index.php\\\/2019\\\/09\\\/22\\\/kulturalis-szeanszot-tartottak-a-dorogi-sorkertben\\\/\",\"name\":\"Kultur\u00e1lis sze\u00e1nszot tartottak a dorogi s\u00f6rkertben\",\"isPartOf\":{\"@id\":\"https:\\\/\\\/dorogimedence.hu\\\/#website\"},\"primaryImageOfPage\":{\"@id\":\"https:\\\/\\\/dorogimedence.hu\\\/index.php\\\/2019\\\/09\\\/22\\\/kulturalis-szeanszot-tartottak-a-dorogi-sorkertben\\\/#primaryimage\"},\"image\":{\"@id\":\"https:\\\/\\\/dorogimedence.hu\\\/index.php\\\/2019\\\/09\\\/22\\\/kulturalis-szeanszot-tartottak-a-dorogi-sorkertben\\\/#primaryimage\"},\"thumbnailUrl\":\"https:\\\/\\\/dorogimedence.hu\\\/wp-content\\\/uploads\\\/2019\\\/09\\\/kozod-01.jpg\",\"datePublished\":\"2019-09-22T14:21:47+00:00\",\"dateModified\":\"2019-09-23T12:50:18+00:00\",\"breadcrumb\":{\"@id\":\"https:\\\/\\\/dorogimedence.hu\\\/index.php\\\/2019\\\/09\\\/22\\\/kulturalis-szeanszot-tartottak-a-dorogi-sorkertben\\\/#breadcrumb\"},\"inLanguage\":\"hu\",\"potentialAction\":[{\"@type\":\"ReadAction\",\"target\":[\"https:\\\/\\\/dorogimedence.hu\\\/index.php\\\/2019\\\/09\\\/22\\\/kulturalis-szeanszot-tartottak-a-dorogi-sorkertben\\\/\"]}]},{\"@type\":\"ImageObject\",\"inLanguage\":\"hu\",\"@id\":\"https:\\\/\\\/dorogimedence.hu\\\/index.php\\\/2019\\\/09\\\/22\\\/kulturalis-szeanszot-tartottak-a-dorogi-sorkertben\\\/#primaryimage\",\"url\":\"https:\\\/\\\/dorogimedence.hu\\\/wp-content\\\/uploads\\\/2019\\\/09\\\/kozod-01.jpg\",\"contentUrl\":\"https:\\\/\\\/dorogimedence.hu\\\/wp-content\\\/uploads\\\/2019\\\/09\\\/kozod-01.jpg\",\"width\":670,\"height\":365},{\"@type\":\"BreadcrumbList\",\"@id\":\"https:\\\/\\\/dorogimedence.hu\\\/index.php\\\/2019\\\/09\\\/22\\\/kulturalis-szeanszot-tartottak-a-dorogi-sorkertben\\\/#breadcrumb\",\"itemListElement\":[{\"@type\":\"ListItem\",\"position\":1,\"name\":\"Kezd\u0151lap\",\"item\":\"https:\\\/\\\/dorogimedence.hu\\\/\"},{\"@type\":\"ListItem\",\"position\":2,\"name\":\"Kultur\u00e1lis sze\u00e1nszot tartottak a dorogi s\u00f6rkertben\"}]},{\"@type\":\"WebSite\",\"@id\":\"https:\\\/\\\/dorogimedence.hu\\\/#website\",\"url\":\"https:\\\/\\\/dorogimedence.hu\\\/\",\"name\":\"Dorogi-medence Region\u00e1lis H\u00edrport\u00e1l\",\"description\":\"Dorog, Keszt\u00f6lc, Le\u00e1nyv\u00e1r, Piliscs\u00e9v, Tokod, Tokodalt\u00e1r\u00f3, Csolnok, Esztergom-kertv\u00e1ros: h\u00edrek, programok\",\"publisher\":{\"@id\":\"https:\\\/\\\/dorogimedence.hu\\\/#organization\"},\"potentialAction\":[{\"@type\":\"SearchAction\",\"target\":{\"@type\":\"EntryPoint\",\"urlTemplate\":\"https:\\\/\\\/dorogimedence.hu\\\/?s={search_term_string}\"},\"query-input\":{\"@type\":\"PropertyValueSpecification\",\"valueRequired\":true,\"valueName\":\"search_term_string\"}}],\"inLanguage\":\"hu\"},{\"@type\":\"Organization\",\"@id\":\"https:\\\/\\\/dorogimedence.hu\\\/#organization\",\"name\":\"Dorogi-medence Region\u00e1lis H\u00edrport\u00e1l\",\"url\":\"https:\\\/\\\/dorogimedence.hu\\\/\",\"logo\":{\"@type\":\"ImageObject\",\"inLanguage\":\"hu\",\"@id\":\"https:\\\/\\\/dorogimedence.hu\\\/#\\\/schema\\\/logo\\\/image\\\/\",\"url\":\"https:\\\/\\\/dorogimedence.hu\\\/wp-content\\\/uploads\\\/2021\\\/04\\\/logo-feher-600.png\",\"contentUrl\":\"https:\\\/\\\/dorogimedence.hu\\\/wp-content\\\/uploads\\\/2021\\\/04\\\/logo-feher-600.png\",\"width\":600,\"height\":100,\"caption\":\"Dorogi-medence Region\u00e1lis H\u00edrport\u00e1l\"},\"image\":{\"@id\":\"https:\\\/\\\/dorogimedence.hu\\\/#\\\/schema\\\/logo\\\/image\\\/\"},\"sameAs\":[\"https:\\\/\\\/www.facebook.com\\\/dorogimedence\\\/\"]},{\"@type\":\"Person\",\"@id\":\"https:\\\/\\\/dorogimedence.hu\\\/#\\\/schema\\\/person\\\/ce6091eeb7e95ecdc87890d6aa8e0fd4\",\"name\":\"dorogimedence.hu\",\"image\":{\"@type\":\"ImageObject\",\"inLanguage\":\"hu\",\"@id\":\"\\\/\\\/www.gravatar.com\\\/avatar\\\/d8d45f8901aadff40a4af72c0b826f1d?s=96&#038;r=g&#038;d=mm\",\"url\":\"\\\/\\\/www.gravatar.com\\\/avatar\\\/d8d45f8901aadff40a4af72c0b826f1d?s=96&#038;r=g&#038;d=mm\",\"contentUrl\":\"\\\/\\\/www.gravatar.com\\\/avatar\\\/d8d45f8901aadff40a4af72c0b826f1d?s=96&#038;r=g&#038;d=mm\",\"caption\":\"dorogimedence.hu\"}}]}<\/script>\n<!-- \/ Yoast SEO plugin. -->","yoast_head_json":{"title":"Kultur\u00e1lis sze\u00e1nszot tartottak a dorogi s\u00f6rkertben","robots":{"index":"index","follow":"follow","max-snippet":"max-snippet:-1","max-image-preview":"max-image-preview:large","max-video-preview":"max-video-preview:-1"},"canonical":"https:\/\/dorogimedence.hu\/index.php\/2019\/09\/22\/kulturalis-szeanszot-tartottak-a-dorogi-sorkertben\/","og_locale":"hu_HU","og_type":"article","og_title":"Kultur\u00e1lis sze\u00e1nszot tartottak a dorogi s\u00f6rkertben","og_description":"Szeptember 21-\u00e9n, szombaton az Eur\u00f3pai Kult\u00fara Napja alkalm\u00e1b\u00f3l kultur\u00e1lis fesztiv\u00e1lra v\u00e1rt\u00e1k a dorogiakat az \u00fajra\u00e9lesztett m\u0171vel\u0151d\u00e9si h\u00e1z melletti s\u00f6rkertben. A K\u00f6z\u00f6sen Dorog\u00e9rt Egyes\u00fclet (K\u00f6z\u00f6d) \u00e1ltal szervezett esem\u00e9nyt k\u00f6nyvbemutat\u00f3val nyitott\u00e1k meg. Cseleny\u00e1k Imre \u00e9s Dank\u00f3 J\u00f3zsef mutatta be a dorogi k\u00f6nyvt\u00e1r igazgat\u00f3ja, Szab\u00f3-Berghauer Zolt\u00e1n \u00e1ltal \u00edrt H\u00e1m K\u00e1lm\u00e1n \u00e9let\u00e9r\u0151l sz\u00f3l\u00f3, \u201eAz \u00c9jszak\u00e1ban mi hordozzuk a F\u00e9nyt\u201d","og_url":"https:\/\/dorogimedence.hu\/index.php\/2019\/09\/22\/kulturalis-szeanszot-tartottak-a-dorogi-sorkertben\/","og_site_name":"Dorogi-medence Region\u00e1lis H\u00edrport\u00e1l","article_publisher":"https:\/\/www.facebook.com\/dorogimedence\/","article_published_time":"2019-09-22T14:21:47+00:00","article_modified_time":"2019-09-23T12:50:18+00:00","og_image":[{"width":670,"height":365,"url":"https:\/\/i0.wp.com\/dorogimedence.hu\/wp-content\/uploads\/2019\/09\/kozod-01.jpg?fit=670%2C365&ssl=1","type":"image\/jpeg"}],"author":"dorogimedence.hu","twitter_card":"summary_large_image","twitter_misc":{"Szerz\u0151:":"dorogimedence.hu","Becs\u00fclt olvas\u00e1si id\u0151":"3 perc"},"schema":{"@context":"https:\/\/schema.org","@graph":[{"@type":"Article","@id":"https:\/\/dorogimedence.hu\/index.php\/2019\/09\/22\/kulturalis-szeanszot-tartottak-a-dorogi-sorkertben\/#article","isPartOf":{"@id":"https:\/\/dorogimedence.hu\/index.php\/2019\/09\/22\/kulturalis-szeanszot-tartottak-a-dorogi-sorkertben\/"},"author":{"name":"dorogimedence.hu","@id":"https:\/\/dorogimedence.hu\/#\/schema\/person\/ce6091eeb7e95ecdc87890d6aa8e0fd4"},"headline":"Kultur\u00e1lis sze\u00e1nszot tartottak a dorogi s\u00f6rkertben","datePublished":"2019-09-22T14:21:47+00:00","dateModified":"2019-09-23T12:50:18+00:00","mainEntityOfPage":{"@id":"https:\/\/dorogimedence.hu\/index.php\/2019\/09\/22\/kulturalis-szeanszot-tartottak-a-dorogi-sorkertben\/"},"wordCount":616,"publisher":{"@id":"https:\/\/dorogimedence.hu\/#organization"},"image":{"@id":"https:\/\/dorogimedence.hu\/index.php\/2019\/09\/22\/kulturalis-szeanszot-tartottak-a-dorogi-sorkertben\/#primaryimage"},"thumbnailUrl":"https:\/\/dorogimedence.hu\/wp-content\/uploads\/2019\/09\/kozod-01.jpg","keywords":["Dorog","f\u00f3kusz","H\u00e1m K\u00e1lm\u00e1n","K\u00f6z\u00f6d","K\u00f6z\u00f6sen Dorog\u00e9rt Egyes\u00fclet","kult\u00fara","program"],"articleSection":["Dorog","H\u00edrek"],"inLanguage":"hu"},{"@type":"WebPage","@id":"https:\/\/dorogimedence.hu\/index.php\/2019\/09\/22\/kulturalis-szeanszot-tartottak-a-dorogi-sorkertben\/","url":"https:\/\/dorogimedence.hu\/index.php\/2019\/09\/22\/kulturalis-szeanszot-tartottak-a-dorogi-sorkertben\/","name":"Kultur\u00e1lis sze\u00e1nszot tartottak a dorogi s\u00f6rkertben","isPartOf":{"@id":"https:\/\/dorogimedence.hu\/#website"},"primaryImageOfPage":{"@id":"https:\/\/dorogimedence.hu\/index.php\/2019\/09\/22\/kulturalis-szeanszot-tartottak-a-dorogi-sorkertben\/#primaryimage"},"image":{"@id":"https:\/\/dorogimedence.hu\/index.php\/2019\/09\/22\/kulturalis-szeanszot-tartottak-a-dorogi-sorkertben\/#primaryimage"},"thumbnailUrl":"https:\/\/dorogimedence.hu\/wp-content\/uploads\/2019\/09\/kozod-01.jpg","datePublished":"2019-09-22T14:21:47+00:00","dateModified":"2019-09-23T12:50:18+00:00","breadcrumb":{"@id":"https:\/\/dorogimedence.hu\/index.php\/2019\/09\/22\/kulturalis-szeanszot-tartottak-a-dorogi-sorkertben\/#breadcrumb"},"inLanguage":"hu","potentialAction":[{"@type":"ReadAction","target":["https:\/\/dorogimedence.hu\/index.php\/2019\/09\/22\/kulturalis-szeanszot-tartottak-a-dorogi-sorkertben\/"]}]},{"@type":"ImageObject","inLanguage":"hu","@id":"https:\/\/dorogimedence.hu\/index.php\/2019\/09\/22\/kulturalis-szeanszot-tartottak-a-dorogi-sorkertben\/#primaryimage","url":"https:\/\/dorogimedence.hu\/wp-content\/uploads\/2019\/09\/kozod-01.jpg","contentUrl":"https:\/\/dorogimedence.hu\/wp-content\/uploads\/2019\/09\/kozod-01.jpg","width":670,"height":365},{"@type":"BreadcrumbList","@id":"https:\/\/dorogimedence.hu\/index.php\/2019\/09\/22\/kulturalis-szeanszot-tartottak-a-dorogi-sorkertben\/#breadcrumb","itemListElement":[{"@type":"ListItem","position":1,"name":"Kezd\u0151lap","item":"https:\/\/dorogimedence.hu\/"},{"@type":"ListItem","position":2,"name":"Kultur\u00e1lis sze\u00e1nszot tartottak a dorogi s\u00f6rkertben"}]},{"@type":"WebSite","@id":"https:\/\/dorogimedence.hu\/#website","url":"https:\/\/dorogimedence.hu\/","name":"Dorogi-medence Region\u00e1lis H\u00edrport\u00e1l","description":"Dorog, Keszt\u00f6lc, Le\u00e1nyv\u00e1r, Piliscs\u00e9v, Tokod, Tokodalt\u00e1r\u00f3, Csolnok, Esztergom-kertv\u00e1ros: h\u00edrek, programok","publisher":{"@id":"https:\/\/dorogimedence.hu\/#organization"},"potentialAction":[{"@type":"SearchAction","target":{"@type":"EntryPoint","urlTemplate":"https:\/\/dorogimedence.hu\/?s={search_term_string}"},"query-input":{"@type":"PropertyValueSpecification","valueRequired":true,"valueName":"search_term_string"}}],"inLanguage":"hu"},{"@type":"Organization","@id":"https:\/\/dorogimedence.hu\/#organization","name":"Dorogi-medence Region\u00e1lis H\u00edrport\u00e1l","url":"https:\/\/dorogimedence.hu\/","logo":{"@type":"ImageObject","inLanguage":"hu","@id":"https:\/\/dorogimedence.hu\/#\/schema\/logo\/image\/","url":"https:\/\/dorogimedence.hu\/wp-content\/uploads\/2021\/04\/logo-feher-600.png","contentUrl":"https:\/\/dorogimedence.hu\/wp-content\/uploads\/2021\/04\/logo-feher-600.png","width":600,"height":100,"caption":"Dorogi-medence Region\u00e1lis H\u00edrport\u00e1l"},"image":{"@id":"https:\/\/dorogimedence.hu\/#\/schema\/logo\/image\/"},"sameAs":["https:\/\/www.facebook.com\/dorogimedence\/"]},{"@type":"Person","@id":"https:\/\/dorogimedence.hu\/#\/schema\/person\/ce6091eeb7e95ecdc87890d6aa8e0fd4","name":"dorogimedence.hu","image":{"@type":"ImageObject","inLanguage":"hu","@id":"\/\/www.gravatar.com\/avatar\/d8d45f8901aadff40a4af72c0b826f1d?s=96&#038;r=g&#038;d=mm","url":"\/\/www.gravatar.com\/avatar\/d8d45f8901aadff40a4af72c0b826f1d?s=96&#038;r=g&#038;d=mm","contentUrl":"\/\/www.gravatar.com\/avatar\/d8d45f8901aadff40a4af72c0b826f1d?s=96&#038;r=g&#038;d=mm","caption":"dorogimedence.hu"}}]}},"_links":{"self":[{"href":"https:\/\/dorogimedence.hu\/index.php\/wp-json\/wp\/v2\/posts\/19667","targetHints":{"allow":["GET"]}}],"collection":[{"href":"https:\/\/dorogimedence.hu\/index.php\/wp-json\/wp\/v2\/posts"}],"about":[{"href":"https:\/\/dorogimedence.hu\/index.php\/wp-json\/wp\/v2\/types\/post"}],"author":[{"embeddable":true,"href":"https:\/\/dorogimedence.hu\/index.php\/wp-json\/wp\/v2\/users\/1"}],"replies":[{"embeddable":true,"href":"https:\/\/dorogimedence.hu\/index.php\/wp-json\/wp\/v2\/comments?post=19667"}],"version-history":[{"count":0,"href":"https:\/\/dorogimedence.hu\/index.php\/wp-json\/wp\/v2\/posts\/19667\/revisions"}],"wp:featuredmedia":[{"embeddable":true,"href":"https:\/\/dorogimedence.hu\/index.php\/wp-json\/wp\/v2\/media\/19668"}],"wp:attachment":[{"href":"https:\/\/dorogimedence.hu\/index.php\/wp-json\/wp\/v2\/media?parent=19667"}],"wp:term":[{"taxonomy":"category","embeddable":true,"href":"https:\/\/dorogimedence.hu\/index.php\/wp-json\/wp\/v2\/categories?post=19667"},{"taxonomy":"post_tag","embeddable":true,"href":"https:\/\/dorogimedence.hu\/index.php\/wp-json\/wp\/v2\/tags?post=19667"}],"curies":[{"name":"wp","href":"https:\/\/api.w.org\/{rel}","templated":true}]}}