{"id":19631,"date":"2019-09-20T12:55:57","date_gmt":"2019-09-20T10:55:57","guid":{"rendered":"http:\/\/dorogimedence.hu\/?p=19631"},"modified":"2019-09-20T12:59:52","modified_gmt":"2019-09-20T10:59:52","slug":"megyenk-buszkesegei-gazdara-talaltak-a-megyei-kozgyules-dijai-2","status":"publish","type":"post","link":"https:\/\/dorogimedence.hu\/index.php\/2019\/09\/20\/megyenk-buszkesegei-gazdara-talaltak-a-megyei-kozgyules-dijai-2\/","title":{"rendered":"Megy\u00e9nk b\u00fcszkes\u00e9gei &#8211; gazd\u00e1ra tal\u00e1ltak a megyei k\u00f6zgy\u0171l\u00e9s d\u00edjai"},"content":{"rendered":"<p><strong>Keszt\u00f6lci, t\u00e1ti, esztergomi, tokodi \u00e9s d\u00f6m\u00f6si embereket is d\u00edjaztak kiv\u00e1l\u00f3 munk\u00e1juk\u00e9rt a megy\u00e9nkben.<\/strong><\/p>\n<p>A tatab\u00e1nyai V\u00e9rtes Agor\u00e1j\u00e1ban tartotta \u00fcnnepi k\u00f6zgy\u0171l\u00e9s\u00e9t a megyei \u00f6nkorm\u00e1nyzat \u2013 a nagyszab\u00e1s\u00fa g\u00e1l\u00e1n dr. R\u00e1kossy Bal\u00e1zs \u00e1llamtitk\u00e1r k\u00f6zrem\u0171k\u00f6d\u00e9s\u00e9vel 23 kit\u00fcntet\u00e9st adtak \u00e1t, k\u00f6zt\u00fck a gazdas\u00e1gi d\u00edjakat \u00e9s kit\u00fcntet\u0151 c\u00edmeket, a Kom\u00e1rom-Esztergom Megy\u00e9\u00e9rt, a Kom\u00e1rom-Esztergom Megy\u00e9\u00e9rt Szakmai D\u00edjat \u00e9s a V\u00e1lyi D\u00edjat is.<\/p>\n<p>H\u00e1zigazdak\u00e9nt Schmidt Csaba, Tatab\u00e1nya polg\u00e1rmestere k\u00f6sz\u00f6nt\u00f6tte az \u00fcnneps\u00e9g r\u00e9sztvev\u0151it, majd dr. R\u00e1kossy Bal\u00e1zs, a Nemzetgazdas\u00e1gi Miniszt\u00e9rium eur\u00f3pai uni\u00f3s forr\u00e1sok felhaszn\u00e1l\u00e1s\u00e9rt felel\u0151s \u00e1llamtitk\u00e1r tolm\u00e1csolta \u00fcnnepi gondolatait. \u201eKom\u00e1rom-Esztergom megye neh\u00e9z \u00f6r\u00f6ks\u00e9get kapott, ebb\u0151l kellett kihozni a legt\u00f6bbet. M\u00e1ra kimondhatjuk, hogy mindez siker\u00fclt, ez az itt \u00e9l\u0151 emberek szorgalm\u00e1t \u00e9s munk\u00e1j\u00e1t d\u00edcs\u00e9ri\u201e- emelte ki. Popovics Gy\u00f6rgy, a megye k\u00f6zgy\u0171l\u00e9s eln\u00f6ke \u00fcnnepi besz\u00e9d\u00e9ben hangs\u00falyozta, minden \u00e9vben olyan szem\u00e9lyek kapj\u00e1k az elismer\u00e9st, akik val\u00f3ban nagyon sokat tesznek sz\u0171kebb vagy t\u00e1gabb k\u00f6rnyezet\u00fck\u00e9rt, embert\u00e1rsaik\u00e9rt, k\u00f6z\u00f6ss\u00e9g\u00fck\u00e9rt. \u201eMegtiszteltet\u00e9s, hogy itt \u00e9lnek, alkotnak, munk\u00e1lkodnak Kom\u00e1rom-Esztergom megy\u00e9ben. Ezt a folyamatos alkot\u00e1st, teremt\u00e9st szeretn\u00e9nk \u00d6n\u00f6kkel egy\u00fctt folytatni a megye fejl\u0151d\u00e9se \u00e9rdek\u00e9ben a j\u00f6v\u0151ben is\u201d- mondta.<\/p>\n<p>A g\u00e1l\u00e1n rajtuk k\u00edv\u00fcl jelen volt \u00e9s d\u00edjat adott \u00e1t Czunyin\u00e9 Dr. Bertalan Judit \u00e9s Bencsik J\u00e1nos orsz\u00e1ggy\u0171l\u00e9si k\u00e9pvisel\u0151, dr. Kancz Csaba korm\u00e1nymegb\u00edzott, valamint a d\u00edjazottakkal egy\u00fctt \u00fcnnepeltek az egy\u00fcttm\u0171k\u00f6d\u0151 gazdas\u00e1gi \u00e9rdekk\u00e9pviseleti szervezetek k\u00e9pvisel\u0151i, a megyei k\u00f6zgy\u0171l\u00e9s \u00e9s sz\u00e1mos telep\u00fcl\u00e9s k\u00e9pvisel\u0151je, polg\u00e1rmestere is.<\/p>\n<p>Az \u00fcnneps\u00e9g folytat\u00e1s\u00e1ban a 2019-ben felvett megyei \u00e9rt\u00e9kek eml\u00e9klapjainak \u00e1tad\u00e1sa k\u00f6vetkezett \u2013 ebben az \u00e9vben 19 \u00e9rt\u00e9k ker\u00fclt lajstromba, k\u00f6zt\u00fck t\u00f6bb dorogi, esztergomi, tatai \u00e9s b\u00e1bolnai is. Ezt k\u00f6vet\u0151en a megyei k\u00f6zgy\u0171l\u00e9s \u00e1ltal alap\u00edtott d\u00edjak \u00e1tad\u00e1s\u00e1ra ker\u00fclt sor. Az idei \u00e9vben is 8 gazdas\u00e1gi d\u00edj tal\u00e1lt gazd\u00e1ra \u2013 azokat a v\u00e1llalkoz\u00e1sokat ismert\u00e9k el, akik az elm\u00falt \u00e9vben \u00e1tlagos fel\u00fcli teljes\u00edtm\u00e9nyt ny\u00fajtottak. A d\u00edjazottak a kor\u00e1bb \u00e9vekhez hasonl\u00f3an dr. Szunyogh L\u00e1szl\u00f3 szobr\u00e1szm\u0171v\u00e9sz \u00e1ltal k\u00e9sz\u00edtett bronz eml\u00e9kplakettel \u00e9s oklev\u00e9llel lettek gazdagabbak.<\/p>\n<p>A rendezv\u00e9ny h\u00e1tral\u00e9v\u0151 r\u00e9sz\u00e9ben a megyei \u00f6nkorm\u00e1nyzat olyan szem\u00e9lyeket \u00e9s csoportokat r\u00e9szes\u00edtett elismer\u00e9sben, akik tev\u00e9kenys\u00e9g\u00fck sor\u00e1n kiemelked\u0151 szakmai munk\u00e1t v\u00e9geztek \u00e9s maradand\u00f3 \u00e9rt\u00e9ket alkottak. A g\u00e1la \u00fcnnepi m\u0171sor\u00e1t ek\u00f6zben a N\u00e9ph\u00e1z Show Form\u00e1ci\u00f3s T\u00e1ncegy\u00fcttes \u00e9s Demeniv Mih\u00e1ly harmonikam\u0171v\u00e9sz biztos\u00edtott\u00e1k. Az \u00fcnneps\u00e9get a d\u00edjak kioszt\u00e1sa ut\u00e1n v\u00e9g\u00fcl egy bar\u00e1ti hangulat\u00fa \u00e1ll\u00f3fogad\u00e1s z\u00e1rta.<\/p>\n<p><img fetchpriority=\"high\" decoding=\"async\" class=\"alignnone size-full wp-image-19633\" src=\"https:\/\/dorogimedence.hu\/wp-content\/uploads\/2019\/09\/megyedij-02.jpg\" alt=\"\" width=\"670\" height=\"365\" srcset=\"https:\/\/dorogimedence.hu\/wp-content\/uploads\/2019\/09\/megyedij-02.jpg 670w, https:\/\/dorogimedence.hu\/wp-content\/uploads\/2019\/09\/megyedij-02-300x163.jpg 300w\" sizes=\"(max-width: 670px) 100vw, 670px\" \/><\/p>\n<p><u>T\u00e9rs\u00e9g\u00fcnk d\u00edjazottjai:<\/u><\/p>\n<p><strong>Kom\u00e1rom-Esztergom Megye k\u00e9zm\u0171vese<\/strong><strong><br \/>\n<\/strong><em>Mihov-P\u00e1ncz\u00e9l Marianna \u00e9kszerk\u00e9sz\u00edt\u0151 <\/em><\/p>\n<p>Mihov-P\u00e1ncz\u00e9l Marianna \u00e9vek-\u00f3ta k\u00e9sz\u00edti Keszt\u00f6lc\u00f6n a \u201eMary-N&#8221; l\u00f3g\u00f3val f\u00e9mjelzett \u00e9kszereket. Minden \u00e9kszer szem\u00e9lyre szabott, egyedi tiszta sz\u00edvvel, szeretettel \u00e9s 100%-ban k\u00e9zzel k\u00e9sz\u00fcl. Term\u00e9kei m\u00e1ra m\u00e1r bej\u00e1rt\u00e1k a vil\u00e1got. 2018-ban Mihov-P\u00e1ncz\u00e9l Marianna a Praktika Kreat\u00edv Kih\u00edv\u00e1s \u00e9kszer kateg\u00f3ria nyertese lett.<\/p>\n<p><strong>Kom\u00e1rom-Esztergom Megye k\u00f6z\u00e9pv\u00e1llalkoz\u00e1sa<\/strong><strong><br \/>\n<\/strong><em>Botlik-Trans Kft.- Botlik Roland<\/em><\/p>\n<p>A Botlik-Trans Kft. 1986-ban indult csal\u00e1di v\u00e1llalkoz\u00e1sk\u00e9nt k\u00f6z\u00fati teherfuvaroz\u00e1ssal \u00e9s v\u00e1lt m\u00e1ra T\u00e1t v\u00e1ros egyik meghat\u00e1roz\u00f3 v\u00e1llalkoz\u00e1s\u00e1v\u00e1. Legf\u0151k\u00e9ppen aut\u00f3 besz\u00e1ll\u00edt\u00f3kkal \u00e1ll szerz\u0151d\u00e9ses viszonyban \u00e9s ny\u00fajt sz\u00e1mukra logisztikai szolg\u00e1ltat\u00e1st, rakt\u00e1roz\u00e1st tov\u00e1bb\u00e1 belf\u00f6ldi, nemzetk\u00f6zi, sz\u00e1ll\u00edtm\u00e1nyoz\u00e1st v\u00e9gez Angli\u00e1t\u00f3l eg\u00e9szen T\u00f6r\u00f6korsz\u00e1gig. Jelenleg 120 munkat\u00e1rssal dolgozik egy\u00fctt, a t\u00f6bb mint 100 aut\u00f3 m\u0171k\u00f6dtet\u00e9s\u00e9n.<\/p>\n<p><strong>Kom\u00e1rom-Esztergom Megye szakk\u00e9pz\u0151je<\/strong><strong><br \/>\n<\/strong><em>Dobos Kriszti\u00e1n, egy\u00e9ni v\u00e1llalkoz\u00f3<\/em><\/p>\n<p>Dobos Kriszti\u00e1n esztergomi egy\u00e9ni v\u00e1llalkoz\u00f3 2010. janu\u00e1r 4-e \u00f3ta foglalkozik \u00e9ttermi mozg\u00f3 vend\u00e9gl\u00e1t\u00e1ssal. \u00dczlet\u00e9t szakmai odaad\u00e1s, sz\u00ednvonalas vend\u00e9gl\u00e1t\u00f3 tev\u00e9kenys\u00e9g jellemzi. 2014-ben kapcsol\u00f3dott be a tanul\u00f3szerz\u0151d\u00e9ses rendszer gyakorlati k\u00e9pz\u0151helyeinek sor\u00e1ba. Az\u00f3ta folyamatosan foglalkoztat szak\u00e1cs tanul\u00f3kat. Szakmai teljes\u00edtm\u00e9ny\u00e9t, lelkiismeretes gyakorlati oktat\u00f3i munk\u00e1j\u00e1t a n\u00e1la gyakorlatukat t\u00f6lt\u0151 tanul\u00f3k szakmai z\u00e1r\u00f3vizsg\u00e1n ny\u00fajtott teljes\u00edtm\u00e9nye is igazolja.<\/p>\n<p><strong>K\u00dcL\u00d6ND\u00cdJ<\/strong><strong><br \/>\n<\/strong><em>Babits Ipari, Kereskedelmi \u00e9s Szolg\u00e1ltat\u00f3 Kft.- Babits Mih\u00e1ly<\/em><\/p>\n<p>A v\u00e1llalkoz\u00e1st, mely f\u00e9mmegmunk\u00e1l\u00e1s, CNC forg\u00e1csol\u00e1ssal foglakozik, 1995-ben alap\u00edtotta meg Babits Mih\u00e1ly Babits Bt. n\u00e9ven, csal\u00e1di v\u00e1llalkoz\u00e1sk\u00e9nt, mely az elm\u00falt \u00e9vtizedekben jelent\u0151s fejl\u0151d\u00e9sen ment kereszt\u00fcl. 2004-ben Kft.-v\u00e9 alakultak \u00e9s 2011-t\u0151l tev\u00e9kenykednek jelenlegi telephely\u00fck\u00f6n, egy korszer\u0171 kisipari m\u0171helyben az Esztergomi Ipari Parkban. Jelenleg 20 f\u0151vel dolgoznak, a hazai \u00e9s az eur\u00f3pai munkamegoszt\u00e1sban is r\u00e9szt vesz v\u00e1llalkoz\u00e1suk.<\/p>\n<p><strong>Kom\u00e1rom-Esztergom Megye Sportj\u00e1\u00e9rt <\/strong><strong><br \/>\n<\/strong><em>Korp\u00e1si B\u00e1lint, k\u00f6t\u00f6ttfog\u00e1s\u00fa birk\u00f3z\u00f3<\/em><\/p>\n<p>Korp\u00e1si B\u00e1lint 1987-ben sz\u00fcletett Esztergomban. Sportol\u00f3i p\u00e1lyafut\u00e1s\u00e1t Tokodon kezdte. Korp\u00e1si B\u00e1lint nem csak a sport ter\u00fclet\u00e9n, hanem a civil \u00e9letben is p\u00e9ldak\u00e9pnek tekinthet\u0151. Kiemelked\u0151 teljes\u00edtm\u00e9nyeinek k\u00f6sz\u00f6nhet\u0151en 2008-ban Tokod \u00d6nkorm\u00e1nyzata D\u00edszpolg\u00e1ri C\u00edmet adom\u00e1nyozott neki, 2017-ben pedig a&nbsp;Magyar Birk\u00f3z\u00f3-sz\u00f6vets\u00e9g az \u00e9v magyar birk\u00f3z\u00f3ja&nbsp;c\u00edmet \u00edt\u00e9lte oda a kiv\u00e1l\u00f3 sportol\u00f3nak.<\/p>\n<p><strong>Kom\u00e1rom-Esztergom Megy\u00e9\u00e9rt D\u00edj<\/strong><strong><br \/>\n<\/strong><em>P\u00e1lmai J\u00f3zsef pedag\u00f3gus<\/em><\/p>\n<p>\u201e\u0150seidnek vall\u00e1s\u00e1hoz, nemzets\u00e9ged gy\u00f6ker\u00e9hez, \u00f3, testv\u00e9r, l\u00e9gy h\u0171, mind\u00f6r\u00f6kk\u00e9!\u201dhangzik P\u00e1lmai J\u00f3zsef pedag\u00f3gus hitvall\u00e1sa, mely elk\u00eds\u00e9rte eg\u00e9sz \u00e9let\u00e9ben. Pedag\u00f3gusi p\u00e1ly\u00e1ja sor\u00e1n sohasem csak a tananyagot adta \u00e1t a re\u00e1b\u00edzottaknak. Hitre, a magyars\u00e1g \u00e9s a haza szeretet\u00e9re is tan\u00edtott. Felh\u00edvta a figyelmet a k\u00e9tkezi munka \u00e9s az \u00f6r\u00f6k emberi \u00e9rt\u00e9kek megbecs\u00fcl\u00e9s\u00e9re tette mindezt, kifogyhatatlan energi\u00e1val, t\u00fcrelemmel \u00e9s elsz\u00e1nts\u00e1ggal. Tan\u00edtott az egy\u00e9n, a b\u00f6lcsess\u00e9g \u00e9s a szellem felel\u0151ss\u00e9g\u00e9re, \u00e9s tette ezt nem csak a katedr\u00e1n, hanem az \u00e9let sz\u00e1mos ter\u00fclet\u00e9n: a Kom\u00e1rom-Esztergom Megyei K\u00f6zgy\u0171l\u00e9s k\u00e9pvisel\u0151jek\u00e9nt, k\u00f6zs\u00e9gi \u00f6nkorm\u00e1nyzati k\u00e9pvisel\u0151k\u00e9nt \u00e9vtizedeken \u00e1t, gazdak\u00f6ri eln\u00f6kk\u00e9nt, a rendszerv\u00e1ltoztat\u00e1s szellemi k\u00fczdelmei \u00e9s a k\u00f6z\u00e9let sz\u00e1mos neh\u00e9zs\u00e9ge k\u00f6zepette is.<\/p>\n<p><strong>Kom\u00e1rom-Esztergom Megy\u00e9\u00e9rt D\u00edj<br \/>\n<\/strong><em>Kom\u00e1rom-Esztergom Megyei Horg\u00e1szegyes\u00fcletek Sz\u00f6vets\u00e9ge<br \/>\nA d\u00edjat Zoltai D\u00e1niel a horg\u00e1szegyes\u00fclet eln\u00f6ke vette \u00e1t<\/em><\/p>\n<p>1993 m\u00e1rcius\u00e1ban 38 egyes\u00fclet 8700 horg\u00e1sza r\u00e1\u00e9rezve az \u00faj id\u0151k kih\u00edv\u00e1saira, megalap\u00edtotta a megyei horg\u00e1szsz\u00f6vets\u00e9get. A kezdeti id\u0151k nem voltak egyszer\u0171ek, hiszen a puszta l\u00e9t\u00e9rt is kem\u00e9nyen k\u00fczdeni kellett, bizony\u00edtani a sz\u00fcks\u00e9gess\u00e9get, az \u00e9letk\u00e9pess\u00e9get \u00e9s fejl\u0151d\u0151 p\u00e1ly\u00e1ra \u00e1ll\u00edtani a horg\u00e1szsportot. Ez siker\u00fclt, hiszen a sz\u00f6vets\u00e9g kitart\u00f3 \u00e9s c\u00e9ltudatos munk\u00e1ja azt eredm\u00e9nyezte, hogy az egyes\u00fcletek, valamint a horg\u00e1szok l\u00e9tsz\u00e1ma folyamatosan emelkedett. Jelenleg a sz\u00f6vets\u00e9gnek 19 ezer tagja van, mintegy 58 egyes\u00fcletben. Ez a szervezet j\u00f3val megel\u0151zve kor\u00e1t felismerte a term\u00e9szetes vizek jelent\u0151s\u00e9g\u00e9t \u00e9s azok horg\u00e1szkezel\u00e9sbe v\u00e9tel\u00e9nek fontoss\u00e1g\u00e1t. Hossz\u00fa t\u00e1rgyal\u00e1sok \u00e9s kem\u00e9ny munka ut\u00e1n ker\u00fclt a horg\u00e1szsport kez\u00e9be az akkor m\u00e9g csak 100 ha Pilismar\u00f3ti Fels\u0151-\u00f6b\u00f6l 1993-ban, majd 1995-ben a megyei Duna szakasz 2000 ha-os ter\u00fclete. A sz\u00f6vets\u00e9g vezet\u0151i felt\u00e9telek n\u00e9lk\u00fcl, megalkuv\u00e1st nem t\u0171r\u0151en szolg\u00e1lt\u00e1k a horg\u00e1szok \u00e9rdekeit, ez\u00e1ltal siker\u00fclt ezeket az igen \u00e9rt\u00e9kes term\u00e9szetes vizeket, horg\u00e1szvizekk\u00e9 tenni. Ez az akkori l\u00e9p\u00e9s t\u00f6bb \u00e9vtizedre meghat\u00e1rozta megy\u00e9nk horg\u00e1szsportj\u00e1t, fejl\u0151d\u0151 p\u00e1ly\u00e1ra \u00e1ll\u00edtotta azt. A megyei sz\u00f6vets\u00e9g j\u00f3 kapcsolatot \u00e1pol t\u00f6bb megyei civil szervezettel, \u00f6nkorm\u00e1nyzattal, int\u00e9zm\u00e9nnyel, valamint a korm\u00e1nyhivatallal \u00e9s a k\u00f6zelj\u00f6v\u0151ben tervezik ezen egy\u00fcttm\u0171k\u00f6d\u00e9seket meg\u00faj\u00edtani \u00e9s m\u00e9g szorosabb\u00e1 tenni. Kiemelt feladat\u00e1nak tekinti az ifj\u00fas\u00e1g nevel\u00e9s\u00e9t, az ut\u00e1np\u00f3tl\u00e1s k\u00e9rd\u00e9s\u00e9t, valamint a versenysportot. Ezt az \u00e9vente el\u00e9rt sz\u00e1mtalan sz\u00e9p eredm\u00e9ny \u00e9s elismer\u00e9s bizony\u00edtja. \u00c9len j\u00e1r a k\u00f6rnyezet- \u00e9s term\u00e9szetv\u00e9delemben, rendezv\u00e9nyek sokas\u00e1ga mutatja elhivatotts\u00e1g\u00e1t. A Kom\u00e1rom-Esztergom Megyei Horg\u00e1szegyes\u00fcletek Sz\u00f6vets\u00e9ge, mint a megye egyik legnagyobb civil szervezete s\u00faly\u00e1nak \u00e9s jelent\u0151s\u00e9g\u00e9nek megfelel\u0151en pulz\u00e1l a megye kering\u00e9s\u00e9ben, k\u00e9rlelhetetlen\u00fcl k\u00e9pviselve az egyes\u00fcletek, a horg\u00e1szok, valamint a term\u00e9szetv\u00e9delem \u00e9rdekeit, teszi mindezt \u00fagy, hogy eredm\u00e9nyesen \u00e9lt az el\u0151z\u0151 n\u00e9h\u00e1ny \u00e9vben, a horg\u00e1szt\u00e1rsadalom \u00e9rdek\u00e9ben \u00fajonnan meghozott t\u00f6rv\u00e9nyek adta sz\u00e1mtalan lehet\u0151s\u00e9ggel \u00e9s k\u00f6nny\u00edt\u00e9ssel.<\/p>\n<p><em>Fot\u00f3k, forr\u00e1s: Kom\u00e1rom-Esztergom Megyei \u00d6nkorm\u00e1nyzat<\/em><\/p>\n","protected":false},"excerpt":{"rendered":"<p>Keszt\u00f6lci, t\u00e1ti, esztergomi, tokodi \u00e9s d\u00f6m\u00f6si embereket is d\u00edjaztak kiv\u00e1l\u00f3 munk\u00e1juk\u00e9rt a megy\u00e9nkben. A tatab\u00e1nyai V\u00e9rtes Agor\u00e1j\u00e1ban tartotta \u00fcnnepi k\u00f6zgy\u0171l\u00e9s\u00e9t a megyei \u00f6nkorm\u00e1nyzat \u2013 a nagyszab\u00e1s\u00fa g\u00e1l\u00e1n dr. R\u00e1kossy Bal\u00e1zs \u00e1llamtitk\u00e1r k\u00f6zrem\u0171k\u00f6d\u00e9s\u00e9vel 23 kit\u00fcntet\u00e9st adtak \u00e1t, k\u00f6zt\u00fck a gazdas\u00e1gi d\u00edjakat \u00e9s kit\u00fcntet\u0151 c\u00edmeket, a Kom\u00e1rom-Esztergom Megy\u00e9\u00e9rt, a Kom\u00e1rom-Esztergom Megy\u00e9\u00e9rt Szakmai D\u00edjat \u00e9s a V\u00e1lyi D\u00edjat<\/p>\n","protected":false},"author":1,"featured_media":19632,"comment_status":"closed","ping_status":"closed","sticky":false,"template":"","format":"standard","meta":{"ngg_post_thumbnail":0,"footnotes":""},"categories":[38,3,8,56,110,6],"tags":[594,59,2704],"class_list":{"0":"post-19631","1":"post","2":"type-post","3":"status-publish","4":"format-standard","5":"has-post-thumbnail","7":"category-esztergom","8":"category-hirek","9":"category-kesztolc","10":"category-komarom-esztergom","11":"category-tat","12":"category-tokod","13":"tag-dijatado","14":"tag-komarom-esztergom","15":"tag-megyei-dij"},"yoast_head":"<!-- This site is optimized with the Yoast SEO plugin v27.5 - https:\/\/yoast.com\/product\/yoast-seo-wordpress\/ -->\n<title>Megy\u00e9nk b\u00fcszkes\u00e9gei - gazd\u00e1ra tal\u00e1ltak a megyei k\u00f6zgy\u0171l\u00e9s d\u00edjai<\/title>\n<meta name=\"robots\" content=\"index, follow, max-snippet:-1, max-image-preview:large, max-video-preview:-1\" \/>\n<link rel=\"canonical\" href=\"https:\/\/dorogimedence.hu\/index.php\/2019\/09\/20\/megyenk-buszkesegei-gazdara-talaltak-a-megyei-kozgyules-dijai-2\/\" class=\"yoast-seo-meta-tag\" \/>\n<meta property=\"og:locale\" content=\"hu_HU\" class=\"yoast-seo-meta-tag\" \/>\n<meta property=\"og:type\" content=\"article\" class=\"yoast-seo-meta-tag\" \/>\n<meta property=\"og:title\" content=\"Megy\u00e9nk b\u00fcszkes\u00e9gei - gazd\u00e1ra tal\u00e1ltak a megyei k\u00f6zgy\u0171l\u00e9s d\u00edjai\" class=\"yoast-seo-meta-tag\" \/>\n<meta property=\"og:description\" content=\"Keszt\u00f6lci, t\u00e1ti, esztergomi, tokodi \u00e9s d\u00f6m\u00f6si embereket is d\u00edjaztak kiv\u00e1l\u00f3 munk\u00e1juk\u00e9rt a megy\u00e9nkben. A tatab\u00e1nyai V\u00e9rtes Agor\u00e1j\u00e1ban tartotta \u00fcnnepi k\u00f6zgy\u0171l\u00e9s\u00e9t a megyei \u00f6nkorm\u00e1nyzat \u2013 a nagyszab\u00e1s\u00fa g\u00e1l\u00e1n dr. R\u00e1kossy Bal\u00e1zs \u00e1llamtitk\u00e1r k\u00f6zrem\u0171k\u00f6d\u00e9s\u00e9vel 23 kit\u00fcntet\u00e9st adtak \u00e1t, k\u00f6zt\u00fck a gazdas\u00e1gi d\u00edjakat \u00e9s kit\u00fcntet\u0151 c\u00edmeket, a Kom\u00e1rom-Esztergom Megy\u00e9\u00e9rt, a Kom\u00e1rom-Esztergom Megy\u00e9\u00e9rt Szakmai D\u00edjat \u00e9s a V\u00e1lyi D\u00edjat\" class=\"yoast-seo-meta-tag\" \/>\n<meta property=\"og:url\" content=\"https:\/\/dorogimedence.hu\/index.php\/2019\/09\/20\/megyenk-buszkesegei-gazdara-talaltak-a-megyei-kozgyules-dijai-2\/\" class=\"yoast-seo-meta-tag\" \/>\n<meta property=\"og:site_name\" content=\"Dorogi-medence Region\u00e1lis H\u00edrport\u00e1l\" class=\"yoast-seo-meta-tag\" \/>\n<meta property=\"article:publisher\" content=\"https:\/\/www.facebook.com\/dorogimedence\/\" class=\"yoast-seo-meta-tag\" \/>\n<meta property=\"article:published_time\" content=\"2019-09-20T10:55:57+00:00\" class=\"yoast-seo-meta-tag\" \/>\n<meta property=\"article:modified_time\" content=\"2019-09-20T10:59:52+00:00\" class=\"yoast-seo-meta-tag\" \/>\n<meta property=\"og:image\" content=\"https:\/\/i0.wp.com\/dorogimedence.hu\/wp-content\/uploads\/2019\/09\/megyedij-01.jpg?fit=670%2C365&ssl=1\" class=\"yoast-seo-meta-tag\" \/>\n\t<meta property=\"og:image:width\" content=\"670\" class=\"yoast-seo-meta-tag\" \/>\n\t<meta property=\"og:image:height\" content=\"365\" class=\"yoast-seo-meta-tag\" \/>\n\t<meta property=\"og:image:type\" content=\"image\/jpeg\" class=\"yoast-seo-meta-tag\" \/>\n<meta name=\"author\" content=\"dorogimedence.hu\" class=\"yoast-seo-meta-tag\" \/>\n<meta name=\"twitter:card\" content=\"summary_large_image\" class=\"yoast-seo-meta-tag\" \/>\n<meta name=\"twitter:label1\" content=\"Szerz\u0151:\" class=\"yoast-seo-meta-tag\" \/>\n\t<meta name=\"twitter:data1\" content=\"dorogimedence.hu\" class=\"yoast-seo-meta-tag\" \/>\n\t<meta name=\"twitter:label2\" content=\"Becs\u00fclt olvas\u00e1si id\u0151\" class=\"yoast-seo-meta-tag\" \/>\n\t<meta name=\"twitter:data2\" content=\"9 perc\" class=\"yoast-seo-meta-tag\" \/>\n<script type=\"application\/ld+json\" class=\"yoast-schema-graph\">{\"@context\":\"https:\\\/\\\/schema.org\",\"@graph\":[{\"@type\":\"Article\",\"@id\":\"https:\\\/\\\/dorogimedence.hu\\\/index.php\\\/2019\\\/09\\\/20\\\/megyenk-buszkesegei-gazdara-talaltak-a-megyei-kozgyules-dijai-2\\\/#article\",\"isPartOf\":{\"@id\":\"https:\\\/\\\/dorogimedence.hu\\\/index.php\\\/2019\\\/09\\\/20\\\/megyenk-buszkesegei-gazdara-talaltak-a-megyei-kozgyules-dijai-2\\\/\"},\"author\":{\"name\":\"dorogimedence.hu\",\"@id\":\"https:\\\/\\\/dorogimedence.hu\\\/#\\\/schema\\\/person\\\/ce6091eeb7e95ecdc87890d6aa8e0fd4\"},\"headline\":\"Megy\u00e9nk b\u00fcszkes\u00e9gei &#8211; gazd\u00e1ra tal\u00e1ltak a megyei k\u00f6zgy\u0171l\u00e9s d\u00edjai\",\"datePublished\":\"2019-09-20T10:55:57+00:00\",\"dateModified\":\"2019-09-20T10:59:52+00:00\",\"mainEntityOfPage\":{\"@id\":\"https:\\\/\\\/dorogimedence.hu\\\/index.php\\\/2019\\\/09\\\/20\\\/megyenk-buszkesegei-gazdara-talaltak-a-megyei-kozgyules-dijai-2\\\/\"},\"wordCount\":1723,\"publisher\":{\"@id\":\"https:\\\/\\\/dorogimedence.hu\\\/#organization\"},\"image\":{\"@id\":\"https:\\\/\\\/dorogimedence.hu\\\/index.php\\\/2019\\\/09\\\/20\\\/megyenk-buszkesegei-gazdara-talaltak-a-megyei-kozgyules-dijai-2\\\/#primaryimage\"},\"thumbnailUrl\":\"https:\\\/\\\/dorogimedence.hu\\\/wp-content\\\/uploads\\\/2019\\\/09\\\/megyedij-01.jpg\",\"keywords\":[\"d\u00edj\u00e1tad\u00f3\",\"Kom\u00e1rom-Esztergom\",\"megyei d\u00edj\"],\"articleSection\":[\"Esztergom\",\"H\u00edrek\",\"Keszt\u00f6lc\",\"Kom\u00e1rom-Esztergom\",\"T\u00e1t\",\"Tokod\"],\"inLanguage\":\"hu\"},{\"@type\":\"WebPage\",\"@id\":\"https:\\\/\\\/dorogimedence.hu\\\/index.php\\\/2019\\\/09\\\/20\\\/megyenk-buszkesegei-gazdara-talaltak-a-megyei-kozgyules-dijai-2\\\/\",\"url\":\"https:\\\/\\\/dorogimedence.hu\\\/index.php\\\/2019\\\/09\\\/20\\\/megyenk-buszkesegei-gazdara-talaltak-a-megyei-kozgyules-dijai-2\\\/\",\"name\":\"Megy\u00e9nk b\u00fcszkes\u00e9gei - gazd\u00e1ra tal\u00e1ltak a megyei k\u00f6zgy\u0171l\u00e9s d\u00edjai\",\"isPartOf\":{\"@id\":\"https:\\\/\\\/dorogimedence.hu\\\/#website\"},\"primaryImageOfPage\":{\"@id\":\"https:\\\/\\\/dorogimedence.hu\\\/index.php\\\/2019\\\/09\\\/20\\\/megyenk-buszkesegei-gazdara-talaltak-a-megyei-kozgyules-dijai-2\\\/#primaryimage\"},\"image\":{\"@id\":\"https:\\\/\\\/dorogimedence.hu\\\/index.php\\\/2019\\\/09\\\/20\\\/megyenk-buszkesegei-gazdara-talaltak-a-megyei-kozgyules-dijai-2\\\/#primaryimage\"},\"thumbnailUrl\":\"https:\\\/\\\/dorogimedence.hu\\\/wp-content\\\/uploads\\\/2019\\\/09\\\/megyedij-01.jpg\",\"datePublished\":\"2019-09-20T10:55:57+00:00\",\"dateModified\":\"2019-09-20T10:59:52+00:00\",\"breadcrumb\":{\"@id\":\"https:\\\/\\\/dorogimedence.hu\\\/index.php\\\/2019\\\/09\\\/20\\\/megyenk-buszkesegei-gazdara-talaltak-a-megyei-kozgyules-dijai-2\\\/#breadcrumb\"},\"inLanguage\":\"hu\",\"potentialAction\":[{\"@type\":\"ReadAction\",\"target\":[\"https:\\\/\\\/dorogimedence.hu\\\/index.php\\\/2019\\\/09\\\/20\\\/megyenk-buszkesegei-gazdara-talaltak-a-megyei-kozgyules-dijai-2\\\/\"]}]},{\"@type\":\"ImageObject\",\"inLanguage\":\"hu\",\"@id\":\"https:\\\/\\\/dorogimedence.hu\\\/index.php\\\/2019\\\/09\\\/20\\\/megyenk-buszkesegei-gazdara-talaltak-a-megyei-kozgyules-dijai-2\\\/#primaryimage\",\"url\":\"https:\\\/\\\/dorogimedence.hu\\\/wp-content\\\/uploads\\\/2019\\\/09\\\/megyedij-01.jpg\",\"contentUrl\":\"https:\\\/\\\/dorogimedence.hu\\\/wp-content\\\/uploads\\\/2019\\\/09\\\/megyedij-01.jpg\",\"width\":670,\"height\":365},{\"@type\":\"BreadcrumbList\",\"@id\":\"https:\\\/\\\/dorogimedence.hu\\\/index.php\\\/2019\\\/09\\\/20\\\/megyenk-buszkesegei-gazdara-talaltak-a-megyei-kozgyules-dijai-2\\\/#breadcrumb\",\"itemListElement\":[{\"@type\":\"ListItem\",\"position\":1,\"name\":\"Kezd\u0151lap\",\"item\":\"https:\\\/\\\/dorogimedence.hu\\\/\"},{\"@type\":\"ListItem\",\"position\":2,\"name\":\"Megy\u00e9nk b\u00fcszkes\u00e9gei &#8211; gazd\u00e1ra tal\u00e1ltak a megyei k\u00f6zgy\u0171l\u00e9s d\u00edjai\"}]},{\"@type\":\"WebSite\",\"@id\":\"https:\\\/\\\/dorogimedence.hu\\\/#website\",\"url\":\"https:\\\/\\\/dorogimedence.hu\\\/\",\"name\":\"Dorogi-medence Region\u00e1lis H\u00edrport\u00e1l\",\"description\":\"Dorog, Keszt\u00f6lc, Le\u00e1nyv\u00e1r, Piliscs\u00e9v, Tokod, Tokodalt\u00e1r\u00f3, Csolnok, Esztergom-kertv\u00e1ros: h\u00edrek, programok\",\"publisher\":{\"@id\":\"https:\\\/\\\/dorogimedence.hu\\\/#organization\"},\"potentialAction\":[{\"@type\":\"SearchAction\",\"target\":{\"@type\":\"EntryPoint\",\"urlTemplate\":\"https:\\\/\\\/dorogimedence.hu\\\/?s={search_term_string}\"},\"query-input\":{\"@type\":\"PropertyValueSpecification\",\"valueRequired\":true,\"valueName\":\"search_term_string\"}}],\"inLanguage\":\"hu\"},{\"@type\":\"Organization\",\"@id\":\"https:\\\/\\\/dorogimedence.hu\\\/#organization\",\"name\":\"Dorogi-medence Region\u00e1lis H\u00edrport\u00e1l\",\"url\":\"https:\\\/\\\/dorogimedence.hu\\\/\",\"logo\":{\"@type\":\"ImageObject\",\"inLanguage\":\"hu\",\"@id\":\"https:\\\/\\\/dorogimedence.hu\\\/#\\\/schema\\\/logo\\\/image\\\/\",\"url\":\"https:\\\/\\\/dorogimedence.hu\\\/wp-content\\\/uploads\\\/2021\\\/04\\\/logo-feher-600.png\",\"contentUrl\":\"https:\\\/\\\/dorogimedence.hu\\\/wp-content\\\/uploads\\\/2021\\\/04\\\/logo-feher-600.png\",\"width\":600,\"height\":100,\"caption\":\"Dorogi-medence Region\u00e1lis H\u00edrport\u00e1l\"},\"image\":{\"@id\":\"https:\\\/\\\/dorogimedence.hu\\\/#\\\/schema\\\/logo\\\/image\\\/\"},\"sameAs\":[\"https:\\\/\\\/www.facebook.com\\\/dorogimedence\\\/\"]},{\"@type\":\"Person\",\"@id\":\"https:\\\/\\\/dorogimedence.hu\\\/#\\\/schema\\\/person\\\/ce6091eeb7e95ecdc87890d6aa8e0fd4\",\"name\":\"dorogimedence.hu\",\"image\":{\"@type\":\"ImageObject\",\"inLanguage\":\"hu\",\"@id\":\"\\\/\\\/www.gravatar.com\\\/avatar\\\/d8d45f8901aadff40a4af72c0b826f1d?s=96&#038;r=g&#038;d=mm\",\"url\":\"\\\/\\\/www.gravatar.com\\\/avatar\\\/d8d45f8901aadff40a4af72c0b826f1d?s=96&#038;r=g&#038;d=mm\",\"contentUrl\":\"\\\/\\\/www.gravatar.com\\\/avatar\\\/d8d45f8901aadff40a4af72c0b826f1d?s=96&#038;r=g&#038;d=mm\",\"caption\":\"dorogimedence.hu\"}}]}<\/script>\n<!-- \/ Yoast SEO plugin. -->","yoast_head_json":{"title":"Megy\u00e9nk b\u00fcszkes\u00e9gei - gazd\u00e1ra tal\u00e1ltak a megyei k\u00f6zgy\u0171l\u00e9s d\u00edjai","robots":{"index":"index","follow":"follow","max-snippet":"max-snippet:-1","max-image-preview":"max-image-preview:large","max-video-preview":"max-video-preview:-1"},"canonical":"https:\/\/dorogimedence.hu\/index.php\/2019\/09\/20\/megyenk-buszkesegei-gazdara-talaltak-a-megyei-kozgyules-dijai-2\/","og_locale":"hu_HU","og_type":"article","og_title":"Megy\u00e9nk b\u00fcszkes\u00e9gei - gazd\u00e1ra tal\u00e1ltak a megyei k\u00f6zgy\u0171l\u00e9s d\u00edjai","og_description":"Keszt\u00f6lci, t\u00e1ti, esztergomi, tokodi \u00e9s d\u00f6m\u00f6si embereket is d\u00edjaztak kiv\u00e1l\u00f3 munk\u00e1juk\u00e9rt a megy\u00e9nkben. A tatab\u00e1nyai V\u00e9rtes Agor\u00e1j\u00e1ban tartotta \u00fcnnepi k\u00f6zgy\u0171l\u00e9s\u00e9t a megyei \u00f6nkorm\u00e1nyzat \u2013 a nagyszab\u00e1s\u00fa g\u00e1l\u00e1n dr. R\u00e1kossy Bal\u00e1zs \u00e1llamtitk\u00e1r k\u00f6zrem\u0171k\u00f6d\u00e9s\u00e9vel 23 kit\u00fcntet\u00e9st adtak \u00e1t, k\u00f6zt\u00fck a gazdas\u00e1gi d\u00edjakat \u00e9s kit\u00fcntet\u0151 c\u00edmeket, a Kom\u00e1rom-Esztergom Megy\u00e9\u00e9rt, a Kom\u00e1rom-Esztergom Megy\u00e9\u00e9rt Szakmai D\u00edjat \u00e9s a V\u00e1lyi D\u00edjat","og_url":"https:\/\/dorogimedence.hu\/index.php\/2019\/09\/20\/megyenk-buszkesegei-gazdara-talaltak-a-megyei-kozgyules-dijai-2\/","og_site_name":"Dorogi-medence Region\u00e1lis H\u00edrport\u00e1l","article_publisher":"https:\/\/www.facebook.com\/dorogimedence\/","article_published_time":"2019-09-20T10:55:57+00:00","article_modified_time":"2019-09-20T10:59:52+00:00","og_image":[{"width":670,"height":365,"url":"https:\/\/i0.wp.com\/dorogimedence.hu\/wp-content\/uploads\/2019\/09\/megyedij-01.jpg?fit=670%2C365&ssl=1","type":"image\/jpeg"}],"author":"dorogimedence.hu","twitter_card":"summary_large_image","twitter_misc":{"Szerz\u0151:":"dorogimedence.hu","Becs\u00fclt olvas\u00e1si id\u0151":"9 perc"},"schema":{"@context":"https:\/\/schema.org","@graph":[{"@type":"Article","@id":"https:\/\/dorogimedence.hu\/index.php\/2019\/09\/20\/megyenk-buszkesegei-gazdara-talaltak-a-megyei-kozgyules-dijai-2\/#article","isPartOf":{"@id":"https:\/\/dorogimedence.hu\/index.php\/2019\/09\/20\/megyenk-buszkesegei-gazdara-talaltak-a-megyei-kozgyules-dijai-2\/"},"author":{"name":"dorogimedence.hu","@id":"https:\/\/dorogimedence.hu\/#\/schema\/person\/ce6091eeb7e95ecdc87890d6aa8e0fd4"},"headline":"Megy\u00e9nk b\u00fcszkes\u00e9gei &#8211; gazd\u00e1ra tal\u00e1ltak a megyei k\u00f6zgy\u0171l\u00e9s d\u00edjai","datePublished":"2019-09-20T10:55:57+00:00","dateModified":"2019-09-20T10:59:52+00:00","mainEntityOfPage":{"@id":"https:\/\/dorogimedence.hu\/index.php\/2019\/09\/20\/megyenk-buszkesegei-gazdara-talaltak-a-megyei-kozgyules-dijai-2\/"},"wordCount":1723,"publisher":{"@id":"https:\/\/dorogimedence.hu\/#organization"},"image":{"@id":"https:\/\/dorogimedence.hu\/index.php\/2019\/09\/20\/megyenk-buszkesegei-gazdara-talaltak-a-megyei-kozgyules-dijai-2\/#primaryimage"},"thumbnailUrl":"https:\/\/dorogimedence.hu\/wp-content\/uploads\/2019\/09\/megyedij-01.jpg","keywords":["d\u00edj\u00e1tad\u00f3","Kom\u00e1rom-Esztergom","megyei d\u00edj"],"articleSection":["Esztergom","H\u00edrek","Keszt\u00f6lc","Kom\u00e1rom-Esztergom","T\u00e1t","Tokod"],"inLanguage":"hu"},{"@type":"WebPage","@id":"https:\/\/dorogimedence.hu\/index.php\/2019\/09\/20\/megyenk-buszkesegei-gazdara-talaltak-a-megyei-kozgyules-dijai-2\/","url":"https:\/\/dorogimedence.hu\/index.php\/2019\/09\/20\/megyenk-buszkesegei-gazdara-talaltak-a-megyei-kozgyules-dijai-2\/","name":"Megy\u00e9nk b\u00fcszkes\u00e9gei - gazd\u00e1ra tal\u00e1ltak a megyei k\u00f6zgy\u0171l\u00e9s d\u00edjai","isPartOf":{"@id":"https:\/\/dorogimedence.hu\/#website"},"primaryImageOfPage":{"@id":"https:\/\/dorogimedence.hu\/index.php\/2019\/09\/20\/megyenk-buszkesegei-gazdara-talaltak-a-megyei-kozgyules-dijai-2\/#primaryimage"},"image":{"@id":"https:\/\/dorogimedence.hu\/index.php\/2019\/09\/20\/megyenk-buszkesegei-gazdara-talaltak-a-megyei-kozgyules-dijai-2\/#primaryimage"},"thumbnailUrl":"https:\/\/dorogimedence.hu\/wp-content\/uploads\/2019\/09\/megyedij-01.jpg","datePublished":"2019-09-20T10:55:57+00:00","dateModified":"2019-09-20T10:59:52+00:00","breadcrumb":{"@id":"https:\/\/dorogimedence.hu\/index.php\/2019\/09\/20\/megyenk-buszkesegei-gazdara-talaltak-a-megyei-kozgyules-dijai-2\/#breadcrumb"},"inLanguage":"hu","potentialAction":[{"@type":"ReadAction","target":["https:\/\/dorogimedence.hu\/index.php\/2019\/09\/20\/megyenk-buszkesegei-gazdara-talaltak-a-megyei-kozgyules-dijai-2\/"]}]},{"@type":"ImageObject","inLanguage":"hu","@id":"https:\/\/dorogimedence.hu\/index.php\/2019\/09\/20\/megyenk-buszkesegei-gazdara-talaltak-a-megyei-kozgyules-dijai-2\/#primaryimage","url":"https:\/\/dorogimedence.hu\/wp-content\/uploads\/2019\/09\/megyedij-01.jpg","contentUrl":"https:\/\/dorogimedence.hu\/wp-content\/uploads\/2019\/09\/megyedij-01.jpg","width":670,"height":365},{"@type":"BreadcrumbList","@id":"https:\/\/dorogimedence.hu\/index.php\/2019\/09\/20\/megyenk-buszkesegei-gazdara-talaltak-a-megyei-kozgyules-dijai-2\/#breadcrumb","itemListElement":[{"@type":"ListItem","position":1,"name":"Kezd\u0151lap","item":"https:\/\/dorogimedence.hu\/"},{"@type":"ListItem","position":2,"name":"Megy\u00e9nk b\u00fcszkes\u00e9gei &#8211; gazd\u00e1ra tal\u00e1ltak a megyei k\u00f6zgy\u0171l\u00e9s d\u00edjai"}]},{"@type":"WebSite","@id":"https:\/\/dorogimedence.hu\/#website","url":"https:\/\/dorogimedence.hu\/","name":"Dorogi-medence Region\u00e1lis H\u00edrport\u00e1l","description":"Dorog, Keszt\u00f6lc, Le\u00e1nyv\u00e1r, Piliscs\u00e9v, Tokod, Tokodalt\u00e1r\u00f3, Csolnok, Esztergom-kertv\u00e1ros: h\u00edrek, programok","publisher":{"@id":"https:\/\/dorogimedence.hu\/#organization"},"potentialAction":[{"@type":"SearchAction","target":{"@type":"EntryPoint","urlTemplate":"https:\/\/dorogimedence.hu\/?s={search_term_string}"},"query-input":{"@type":"PropertyValueSpecification","valueRequired":true,"valueName":"search_term_string"}}],"inLanguage":"hu"},{"@type":"Organization","@id":"https:\/\/dorogimedence.hu\/#organization","name":"Dorogi-medence Region\u00e1lis H\u00edrport\u00e1l","url":"https:\/\/dorogimedence.hu\/","logo":{"@type":"ImageObject","inLanguage":"hu","@id":"https:\/\/dorogimedence.hu\/#\/schema\/logo\/image\/","url":"https:\/\/dorogimedence.hu\/wp-content\/uploads\/2021\/04\/logo-feher-600.png","contentUrl":"https:\/\/dorogimedence.hu\/wp-content\/uploads\/2021\/04\/logo-feher-600.png","width":600,"height":100,"caption":"Dorogi-medence Region\u00e1lis H\u00edrport\u00e1l"},"image":{"@id":"https:\/\/dorogimedence.hu\/#\/schema\/logo\/image\/"},"sameAs":["https:\/\/www.facebook.com\/dorogimedence\/"]},{"@type":"Person","@id":"https:\/\/dorogimedence.hu\/#\/schema\/person\/ce6091eeb7e95ecdc87890d6aa8e0fd4","name":"dorogimedence.hu","image":{"@type":"ImageObject","inLanguage":"hu","@id":"\/\/www.gravatar.com\/avatar\/d8d45f8901aadff40a4af72c0b826f1d?s=96&#038;r=g&#038;d=mm","url":"\/\/www.gravatar.com\/avatar\/d8d45f8901aadff40a4af72c0b826f1d?s=96&#038;r=g&#038;d=mm","contentUrl":"\/\/www.gravatar.com\/avatar\/d8d45f8901aadff40a4af72c0b826f1d?s=96&#038;r=g&#038;d=mm","caption":"dorogimedence.hu"}}]}},"_links":{"self":[{"href":"https:\/\/dorogimedence.hu\/index.php\/wp-json\/wp\/v2\/posts\/19631","targetHints":{"allow":["GET"]}}],"collection":[{"href":"https:\/\/dorogimedence.hu\/index.php\/wp-json\/wp\/v2\/posts"}],"about":[{"href":"https:\/\/dorogimedence.hu\/index.php\/wp-json\/wp\/v2\/types\/post"}],"author":[{"embeddable":true,"href":"https:\/\/dorogimedence.hu\/index.php\/wp-json\/wp\/v2\/users\/1"}],"replies":[{"embeddable":true,"href":"https:\/\/dorogimedence.hu\/index.php\/wp-json\/wp\/v2\/comments?post=19631"}],"version-history":[{"count":0,"href":"https:\/\/dorogimedence.hu\/index.php\/wp-json\/wp\/v2\/posts\/19631\/revisions"}],"wp:featuredmedia":[{"embeddable":true,"href":"https:\/\/dorogimedence.hu\/index.php\/wp-json\/wp\/v2\/media\/19632"}],"wp:attachment":[{"href":"https:\/\/dorogimedence.hu\/index.php\/wp-json\/wp\/v2\/media?parent=19631"}],"wp:term":[{"taxonomy":"category","embeddable":true,"href":"https:\/\/dorogimedence.hu\/index.php\/wp-json\/wp\/v2\/categories?post=19631"},{"taxonomy":"post_tag","embeddable":true,"href":"https:\/\/dorogimedence.hu\/index.php\/wp-json\/wp\/v2\/tags?post=19631"}],"curies":[{"name":"wp","href":"https:\/\/api.w.org\/{rel}","templated":true}]}}